{"id":55476,"date":"2024-09-30T18:30:20","date_gmt":"2024-09-30T16:30:20","guid":{"rendered":"https:\/\/mula.es\/web\/?p=55476"},"modified":"2024-09-30T15:34:50","modified_gmt":"2024-09-30T13:34:50","slug":"juventud-la-concejalia-de-juventud-de-mula-presenta-sus-candidaturas-para-los-premios-de-juventud-2024-2","status":"publish","type":"post","link":"https:\/\/mula.es\/web\/juventud-la-concejalia-de-juventud-de-mula-presenta-sus-candidaturas-para-los-premios-de-juventud-2024-2\/","title":{"rendered":"JUVENTUD | La concejal\u00eda de Juventud de Mula presenta sus candidaturas para los Premios de Juventud 2024 ("},"content":{"rendered":"<p><strong>La concejal\u00eda de Juventud de Mula presenta sus candidaturas para los Premios de Juventud 2024<\/strong><\/p>\n<p>&nbsp;<\/p>\n<p>Mula, 30 de septiembre de 2024 \u2013 La concejal\u00eda de Juventud del Ayuntamiento de Mula ha propuesto una serie de candidaturas para los Premios de Juventud 2024, organizados por la Direcci\u00f3n General de Juventud, con el objetivo de reconocer la labor de j\u00f3venes, colectivos y entidades que han destacado por su compromiso social, deportivo, cultural y ambiental en el municipio. A continuaci\u00f3n, se detallan las propuestas en cada una de las modalidades:<\/p>\n<p>&nbsp;<\/p>\n<ol>\n<li><strong>Modalidad Igualdad: Club Voleibol Mula<\/strong><br \/>\nEl <strong>Club Voleibol Mula<\/strong> ha sido nominado por su encomiable trabajo en la promoci\u00f3n de la igualdad en el deporte. Han demostrado un fuerte compromiso con la inclusi\u00f3n y la equidad, fomentando la participaci\u00f3n de ni\u00f1as y j\u00f3venes en el voleibol, abriendo las puertas a una mayor igualdad de oportunidades en el \u00e1mbito deportivo.<\/li>\n<li><strong>Modalidad Sostenibilidad: Grupo Scouts Balate de Mula<\/strong><br \/>\nEl <strong>Grupo Scouts Balate de Mula<\/strong> se presenta como candidato por su destacada labor en la preservaci\u00f3n del medio ambiente y la promoci\u00f3n de valores sostenibles entre los j\u00f3venes. Con diversas actividades de concienciaci\u00f3n y acci\u00f3n ecol\u00f3gica, han trabajado incansablemente en la conservaci\u00f3n de la naturaleza local, involucrando a la ciudadan\u00eda en proyectos medioambientales.<\/li>\n<li><strong>Modalidad Participaci\u00f3n: Consejo Local de la Juventud de Mula<\/strong><br \/>\nEl <strong>Consejo Local de la Juventud de Mula<\/strong> es propuesto en esta modalidad por su constante labor en la participaci\u00f3n activa de los j\u00f3venes en la vida p\u00fablica y social del municipio. A trav\u00e9s de su involucraci\u00f3n en la planificaci\u00f3n y ejecuci\u00f3n de actividades juveniles, han logrado ser una plataforma clave para que la juventud mule\u00f1a tenga voz y visibilidad en el \u00e1mbito local.<\/li>\n<li><strong>Modalidad Solidaridad: \u00c1lvaro Gabarr\u00f3n Lucas<\/strong><br \/>\n<strong>\u00c1lvaro Gabarr\u00f3n Lucas<\/strong>, joven cineasta mule\u00f1o, es nominado por su labor social a trav\u00e9s de su productora independiente <strong>Alga Films<\/strong>. Desde su creaci\u00f3n en 2019, \u00c1lvaro ha brindado oportunidades a j\u00f3venes sin experiencia para trabajar en sus proyectos cinematogr\u00e1ficos, contribuyendo a su formaci\u00f3n y visibilidad. Adem\u00e1s, ha abordado temas sociales como el Alzheimer en su obra \u00abZheimer\u00bb, concienciando al p\u00fablico sobre esta enfermedad.<\/li>\n<li><strong>Modalidad Inclusi\u00f3n Social: INTEDIS<\/strong><br \/>\nLa entidad <strong>INTEDIS<\/strong> es propuesta por su compromiso con la mejora de la calidad de vida de las personas con discapacidad en el municipio. A trav\u00e9s de su labor incansable, han contribuido a la integraci\u00f3n social, ofreciendo servicios de apoyo y programas que promueven la igualdad de oportunidades para las personas con discapacidad.<\/li>\n<li><strong>Modalidad Joven del A\u00f1o: Pepe Siscar Mart\u00ednez<\/strong><br \/>\n<strong>Pepe Siscar Mart\u00ednez<\/strong>, joven director de cine mule\u00f1o, ha sido nominado por su destacada trayectoria en el \u00e1mbito cinematogr\u00e1fico. Con tan solo 17 a\u00f1os, se estren\u00f3 como director con el cortometraje \u00abMUTE\u00bb, protagonizado por Gin\u00e9s Garc\u00eda Mill\u00e1n. Desde entonces, ha continuado creando y dirigiendo cortos que abordan temas como el poder, el duelo y la soledad, logrando reconocimiento en festivales como el SOMBRA. Pepe es un ejemplo de perseverancia y talento, representando a la juventud mule\u00f1a en el \u00e1mbito cultural a nivel nacional.<\/li>\n<\/ol>\n<p>&nbsp;<\/p>\n<p>\u201cEstas candidaturas subrayan el compromiso del Ayuntamiento de Mula con el reconocimiento del talento juvenil, la participaci\u00f3n social, y el fomento de valores que construyen una sociedad m\u00e1s inclusiva, igualitaria y sostenible\u201d, afirma Toni Ruiz, concejal de Juventud.<\/p>\n<p><a href=\"https:\/\/mula.es\/web\/wp-content\/uploads\/2024\/09\/c1-1.jpg\"><img decoding=\"async\" data-attachment-id=\"55478\" data-permalink=\"https:\/\/mula.es\/web\/juventud-la-concejalia-de-juventud-de-mula-presenta-sus-candidaturas-para-los-premios-de-juventud-2024-2\/c1-1\/\" data-orig-file=\"https:\/\/mula.es\/web\/wp-content\/uploads\/2024\/09\/c1-1.jpg\" data-orig-size=\"1080,1080\" data-comments-opened=\"0\" data-image-meta=\"{&quot;aperture&quot;:&quot;0&quot;,&quot;credit&quot;:&quot;&quot;,&quot;camera&quot;:&quot;&quot;,&quot;caption&quot;:&quot;&quot;,&quot;created_timestamp&quot;:&quot;0&quot;,&quot;copyright&quot;:&quot;&quot;,&quot;focal_length&quot;:&quot;0&quot;,&quot;iso&quot;:&quot;0&quot;,&quot;shutter_speed&quot;:&quot;0&quot;,&quot;title&quot;:&quot;&quot;,&quot;orientation&quot;:&quot;1&quot;}\" data-image-title=\"c1 (1)\" data-image-description=\"\" data-image-caption=\"\" data-large-file=\"https:\/\/mula.es\/web\/wp-content\/uploads\/2024\/09\/c1-1-1024x1024.jpg\" class=\"size-medium wp-image-55478 aligncenter\" src=\"https:\/\/mula.es\/web\/wp-content\/uploads\/2024\/09\/c1-1-300x300.jpg\" alt=\"\" width=\"300\" height=\"300\" srcset=\"https:\/\/mula.es\/web\/wp-content\/uploads\/2024\/09\/c1-1-66x66.jpg 66w, https:\/\/mula.es\/web\/wp-content\/uploads\/2024\/09\/c1-1-150x150.jpg 150w, https:\/\/mula.es\/web\/wp-content\/uploads\/2024\/09\/c1-1-200x200.jpg 200w, https:\/\/mula.es\/web\/wp-content\/uploads\/2024\/09\/c1-1-300x300.jpg 300w, https:\/\/mula.es\/web\/wp-content\/uploads\/2024\/09\/c1-1-400x400.jpg 400w, https:\/\/mula.es\/web\/wp-content\/uploads\/2024\/09\/c1-1-600x600.jpg 600w, https:\/\/mula.es\/web\/wp-content\/uploads\/2024\/09\/c1-1-768x768.jpg 768w, https:\/\/mula.es\/web\/wp-content\/uploads\/2024\/09\/c1-1-800x800.jpg 800w, https:\/\/mula.es\/web\/wp-content\/uploads\/2024\/09\/c1-1-1024x1024.jpg 1024w, https:\/\/mula.es\/web\/wp-content\/uploads\/2024\/09\/c1-1.jpg 1080w\" sizes=\"(max-width: 300px) 100vw, 300px\" \/><\/a><\/p>\n","protected":false},"excerpt":{"rendered":"<p>La concejal\u00eda de Juventud de Mula presenta sus candidaturas para los Premios de Juventud 2024 &nbsp; Mula, 30 de septiembre de 2024 \u2013 La concejal\u00eda de Juventud del Ayuntamiento de Mula ha propuesto una serie de candidaturas para los Premios de Juventud 2024, organizados por la Direcci\u00f3n General de Juventud, con el objetivo de reconocer  [&#8230;]<\/p>\n","protected":false},"author":13,"featured_media":33512,"comment_status":"closed","ping_status":"closed","sticky":false,"template":"","format":"standard","meta":{"jetpack_post_was_ever_published":false,"_jetpack_newsletter_access":"","_jetpack_dont_email_post_to_subs":false,"_jetpack_newsletter_tier_id":0,"_jetpack_memberships_contains_paywalled_content":false,"_jetpack_memberships_contains_paid_content":false,"footnotes":"","jetpack_publicize_message":"","jetpack_publicize_feature_enabled":true,"jetpack_social_post_already_shared":false,"jetpack_social_options":{"image_generator_settings":{"template":"highway","default_image_id":0,"font":"","enabled":false},"version":2}},"categories":[87],"tags":[],"class_list":["post-55476","post","type-post","status-publish","format-standard","has-post-thumbnail","hentry","category-juventud-y-adolescencia"],"yoast_head":"<!-- This site is optimized with the Yoast SEO plugin v27.4 - https:\/\/yoast.com\/product\/yoast-seo-wordpress\/ -->\n<title>JUVENTUD | La concejal\u00eda de Juventud de Mula presenta sus candidaturas para los Premios de Juventud 2024 ( - Ayuntamiento de Mula<\/title>\n<meta name=\"robots\" content=\"index, follow, max-snippet:-1, max-image-preview:large, max-video-preview:-1\" \/>\n<link rel=\"canonical\" href=\"https:\/\/mula.es\/web\/juventud-la-concejalia-de-juventud-de-mula-presenta-sus-candidaturas-para-los-premios-de-juventud-2024-2\/\" \/>\n<meta property=\"og:locale\" content=\"es_ES\" \/>\n<meta property=\"og:type\" content=\"article\" \/>\n<meta property=\"og:title\" content=\"JUVENTUD | La concejal\u00eda de Juventud de Mula presenta sus candidaturas para los Premios de Juventud 2024 ( - Ayuntamiento de Mula\" \/>\n<meta property=\"og:description\" content=\"La concejal\u00eda de Juventud de Mula presenta sus candidaturas para los Premios de Juventud 2024 &nbsp; Mula, 30 de septiembre de 2024 \u2013 La concejal\u00eda de Juventud del Ayuntamiento de Mula ha propuesto una serie de candidaturas para los Premios de Juventud 2024, organizados por la Direcci\u00f3n General de Juventud, con el objetivo de reconocer [...]\" \/>\n<meta property=\"og:url\" content=\"https:\/\/mula.es\/web\/juventud-la-concejalia-de-juventud-de-mula-presenta-sus-candidaturas-para-los-premios-de-juventud-2024-2\/\" \/>\n<meta property=\"og:site_name\" content=\"Ayuntamiento de Mula\" \/>\n<meta property=\"article:published_time\" content=\"2024-09-30T16:30:20+00:00\" \/>\n<meta property=\"og:image\" content=\"https:\/\/i0.wp.com\/mula.es\/web\/wp-content\/uploads\/2020\/06\/escudo-cuadrado-e1591045058235.jpg?fit=200%2C218&ssl=1\" \/>\n\t<meta property=\"og:image:width\" content=\"200\" \/>\n\t<meta property=\"og:image:height\" content=\"218\" \/>\n\t<meta property=\"og:image:type\" content=\"image\/jpeg\" \/>\n<meta name=\"author\" content=\"Laura Salas Orcajada\" \/>\n<meta name=\"twitter:card\" content=\"summary_large_image\" \/>\n<meta name=\"twitter:creator\" content=\"@AyuntamientMula\" \/>\n<meta name=\"twitter:site\" content=\"@AyuntamientMula\" \/>\n<meta name=\"twitter:label1\" content=\"Escrito por\" \/>\n\t<meta name=\"twitter:data1\" content=\"Laura Salas Orcajada\" \/>\n\t<meta name=\"twitter:label2\" content=\"Tiempo de lectura\" \/>\n\t<meta name=\"twitter:data2\" content=\"3 minutos\" \/>\n<script type=\"application\/ld+json\" class=\"yoast-schema-graph\">{\"@context\":\"https:\\\/\\\/schema.org\",\"@graph\":[{\"@type\":\"Article\",\"@id\":\"https:\\\/\\\/mula.es\\\/web\\\/juventud-la-concejalia-de-juventud-de-mula-presenta-sus-candidaturas-para-los-premios-de-juventud-2024-2\\\/#article\",\"isPartOf\":{\"@id\":\"https:\\\/\\\/mula.es\\\/web\\\/juventud-la-concejalia-de-juventud-de-mula-presenta-sus-candidaturas-para-los-premios-de-juventud-2024-2\\\/\"},\"author\":{\"name\":\"Laura Salas Orcajada\",\"@id\":\"https:\\\/\\\/mula.es\\\/web\\\/#\\\/schema\\\/person\\\/4f10179bd364f40dceed361e61e4033f\"},\"headline\":\"JUVENTUD | La concejal\u00eda de Juventud de Mula presenta sus candidaturas para los Premios de Juventud 2024 (\",\"datePublished\":\"2024-09-30T16:30:20+00:00\",\"mainEntityOfPage\":{\"@id\":\"https:\\\/\\\/mula.es\\\/web\\\/juventud-la-concejalia-de-juventud-de-mula-presenta-sus-candidaturas-para-los-premios-de-juventud-2024-2\\\/\"},\"wordCount\":597,\"image\":{\"@id\":\"https:\\\/\\\/mula.es\\\/web\\\/juventud-la-concejalia-de-juventud-de-mula-presenta-sus-candidaturas-para-los-premios-de-juventud-2024-2\\\/#primaryimage\"},\"thumbnailUrl\":\"https:\\\/\\\/mula.es\\\/web\\\/wp-content\\\/uploads\\\/2020\\\/06\\\/escudo-cuadrado-e1591045058235.jpg\",\"articleSection\":[\"juventud y adolescencia\"],\"inLanguage\":\"es\"},{\"@type\":\"WebPage\",\"@id\":\"https:\\\/\\\/mula.es\\\/web\\\/juventud-la-concejalia-de-juventud-de-mula-presenta-sus-candidaturas-para-los-premios-de-juventud-2024-2\\\/\",\"url\":\"https:\\\/\\\/mula.es\\\/web\\\/juventud-la-concejalia-de-juventud-de-mula-presenta-sus-candidaturas-para-los-premios-de-juventud-2024-2\\\/\",\"name\":\"JUVENTUD | La concejal\u00eda de Juventud de Mula presenta sus candidaturas para los Premios de Juventud 2024 ( - Ayuntamiento de Mula\",\"isPartOf\":{\"@id\":\"https:\\\/\\\/mula.es\\\/web\\\/#website\"},\"primaryImageOfPage\":{\"@id\":\"https:\\\/\\\/mula.es\\\/web\\\/juventud-la-concejalia-de-juventud-de-mula-presenta-sus-candidaturas-para-los-premios-de-juventud-2024-2\\\/#primaryimage\"},\"image\":{\"@id\":\"https:\\\/\\\/mula.es\\\/web\\\/juventud-la-concejalia-de-juventud-de-mula-presenta-sus-candidaturas-para-los-premios-de-juventud-2024-2\\\/#primaryimage\"},\"thumbnailUrl\":\"https:\\\/\\\/mula.es\\\/web\\\/wp-content\\\/uploads\\\/2020\\\/06\\\/escudo-cuadrado-e1591045058235.jpg\",\"datePublished\":\"2024-09-30T16:30:20+00:00\",\"author\":{\"@id\":\"https:\\\/\\\/mula.es\\\/web\\\/#\\\/schema\\\/person\\\/4f10179bd364f40dceed361e61e4033f\"},\"breadcrumb\":{\"@id\":\"https:\\\/\\\/mula.es\\\/web\\\/juventud-la-concejalia-de-juventud-de-mula-presenta-sus-candidaturas-para-los-premios-de-juventud-2024-2\\\/#breadcrumb\"},\"inLanguage\":\"es\",\"potentialAction\":[{\"@type\":\"ReadAction\",\"target\":[\"https:\\\/\\\/mula.es\\\/web\\\/juventud-la-concejalia-de-juventud-de-mula-presenta-sus-candidaturas-para-los-premios-de-juventud-2024-2\\\/\"]}]},{\"@type\":\"ImageObject\",\"inLanguage\":\"es\",\"@id\":\"https:\\\/\\\/mula.es\\\/web\\\/juventud-la-concejalia-de-juventud-de-mula-presenta-sus-candidaturas-para-los-premios-de-juventud-2024-2\\\/#primaryimage\",\"url\":\"https:\\\/\\\/mula.es\\\/web\\\/wp-content\\\/uploads\\\/2020\\\/06\\\/escudo-cuadrado-e1591045058235.jpg\",\"contentUrl\":\"https:\\\/\\\/mula.es\\\/web\\\/wp-content\\\/uploads\\\/2020\\\/06\\\/escudo-cuadrado-e1591045058235.jpg\",\"width\":200,\"height\":218},{\"@type\":\"BreadcrumbList\",\"@id\":\"https:\\\/\\\/mula.es\\\/web\\\/juventud-la-concejalia-de-juventud-de-mula-presenta-sus-candidaturas-para-los-premios-de-juventud-2024-2\\\/#breadcrumb\",\"itemListElement\":[{\"@type\":\"ListItem\",\"position\":1,\"name\":\"Portada\",\"item\":\"https:\\\/\\\/mula.es\\\/web\\\/\"},{\"@type\":\"ListItem\",\"position\":2,\"name\":\"JUVENTUD | La concejal\u00eda de Juventud de Mula presenta sus candidaturas para los Premios de Juventud 2024 (\"}]},{\"@type\":\"WebSite\",\"@id\":\"https:\\\/\\\/mula.es\\\/web\\\/#website\",\"url\":\"https:\\\/\\\/mula.es\\\/web\\\/\",\"name\":\"Ayuntamiento de Mula\",\"description\":\"P\u00e1gina web del Ayuntamiento de Mula (Regi\u00f3n de Murcia)\",\"potentialAction\":[{\"@type\":\"SearchAction\",\"target\":{\"@type\":\"EntryPoint\",\"urlTemplate\":\"https:\\\/\\\/mula.es\\\/web\\\/?s={search_term_string}\"},\"query-input\":{\"@type\":\"PropertyValueSpecification\",\"valueRequired\":true,\"valueName\":\"search_term_string\"}}],\"inLanguage\":\"es\"},{\"@type\":\"Person\",\"@id\":\"https:\\\/\\\/mula.es\\\/web\\\/#\\\/schema\\\/person\\\/4f10179bd364f40dceed361e61e4033f\",\"name\":\"Laura Salas Orcajada\",\"image\":{\"@type\":\"ImageObject\",\"inLanguage\":\"es\",\"@id\":\"https:\\\/\\\/secure.gravatar.com\\\/avatar\\\/786f2a223d9a455e2a448f78b5dcc1117207ef56ef3d9a04df338c0f775cd403?s=96&d=mm&r=g\",\"url\":\"https:\\\/\\\/secure.gravatar.com\\\/avatar\\\/786f2a223d9a455e2a448f78b5dcc1117207ef56ef3d9a04df338c0f775cd403?s=96&d=mm&r=g\",\"contentUrl\":\"https:\\\/\\\/secure.gravatar.com\\\/avatar\\\/786f2a223d9a455e2a448f78b5dcc1117207ef56ef3d9a04df338c0f775cd403?s=96&d=mm&r=g\",\"caption\":\"Laura Salas Orcajada\"},\"url\":\"https:\\\/\\\/mula.es\\\/web\\\/author\\\/lsalas\\\/\"}]}<\/script>\n<!-- \/ Yoast SEO plugin. -->","yoast_head_json":{"title":"JUVENTUD | La concejal\u00eda de Juventud de Mula presenta sus candidaturas para los Premios de Juventud 2024 ( - Ayuntamiento de Mula","robots":{"index":"index","follow":"follow","max-snippet":"max-snippet:-1","max-image-preview":"max-image-preview:large","max-video-preview":"max-video-preview:-1"},"canonical":"https:\/\/mula.es\/web\/juventud-la-concejalia-de-juventud-de-mula-presenta-sus-candidaturas-para-los-premios-de-juventud-2024-2\/","og_locale":"es_ES","og_type":"article","og_title":"JUVENTUD | La concejal\u00eda de Juventud de Mula presenta sus candidaturas para los Premios de Juventud 2024 ( - Ayuntamiento de Mula","og_description":"La concejal\u00eda de Juventud de Mula presenta sus candidaturas para los Premios de Juventud 2024 &nbsp; Mula, 30 de septiembre de 2024 \u2013 La concejal\u00eda de Juventud del Ayuntamiento de Mula ha propuesto una serie de candidaturas para los Premios de Juventud 2024, organizados por la Direcci\u00f3n General de Juventud, con el objetivo de reconocer [...]","og_url":"https:\/\/mula.es\/web\/juventud-la-concejalia-de-juventud-de-mula-presenta-sus-candidaturas-para-los-premios-de-juventud-2024-2\/","og_site_name":"Ayuntamiento de Mula","article_published_time":"2024-09-30T16:30:20+00:00","og_image":[{"width":200,"height":218,"url":"https:\/\/i0.wp.com\/mula.es\/web\/wp-content\/uploads\/2020\/06\/escudo-cuadrado-e1591045058235.jpg?fit=200%2C218&ssl=1","type":"image\/jpeg"}],"author":"Laura Salas Orcajada","twitter_card":"summary_large_image","twitter_creator":"@AyuntamientMula","twitter_site":"@AyuntamientMula","twitter_misc":{"Escrito por":"Laura Salas Orcajada","Tiempo de lectura":"3 minutos"},"schema":{"@context":"https:\/\/schema.org","@graph":[{"@type":"Article","@id":"https:\/\/mula.es\/web\/juventud-la-concejalia-de-juventud-de-mula-presenta-sus-candidaturas-para-los-premios-de-juventud-2024-2\/#article","isPartOf":{"@id":"https:\/\/mula.es\/web\/juventud-la-concejalia-de-juventud-de-mula-presenta-sus-candidaturas-para-los-premios-de-juventud-2024-2\/"},"author":{"name":"Laura Salas Orcajada","@id":"https:\/\/mula.es\/web\/#\/schema\/person\/4f10179bd364f40dceed361e61e4033f"},"headline":"JUVENTUD | La concejal\u00eda de Juventud de Mula presenta sus candidaturas para los Premios de Juventud 2024 (","datePublished":"2024-09-30T16:30:20+00:00","mainEntityOfPage":{"@id":"https:\/\/mula.es\/web\/juventud-la-concejalia-de-juventud-de-mula-presenta-sus-candidaturas-para-los-premios-de-juventud-2024-2\/"},"wordCount":597,"image":{"@id":"https:\/\/mula.es\/web\/juventud-la-concejalia-de-juventud-de-mula-presenta-sus-candidaturas-para-los-premios-de-juventud-2024-2\/#primaryimage"},"thumbnailUrl":"https:\/\/mula.es\/web\/wp-content\/uploads\/2020\/06\/escudo-cuadrado-e1591045058235.jpg","articleSection":["juventud y adolescencia"],"inLanguage":"es"},{"@type":"WebPage","@id":"https:\/\/mula.es\/web\/juventud-la-concejalia-de-juventud-de-mula-presenta-sus-candidaturas-para-los-premios-de-juventud-2024-2\/","url":"https:\/\/mula.es\/web\/juventud-la-concejalia-de-juventud-de-mula-presenta-sus-candidaturas-para-los-premios-de-juventud-2024-2\/","name":"JUVENTUD | La concejal\u00eda de Juventud de Mula presenta sus candidaturas para los Premios de Juventud 2024 ( - Ayuntamiento de Mula","isPartOf":{"@id":"https:\/\/mula.es\/web\/#website"},"primaryImageOfPage":{"@id":"https:\/\/mula.es\/web\/juventud-la-concejalia-de-juventud-de-mula-presenta-sus-candidaturas-para-los-premios-de-juventud-2024-2\/#primaryimage"},"image":{"@id":"https:\/\/mula.es\/web\/juventud-la-concejalia-de-juventud-de-mula-presenta-sus-candidaturas-para-los-premios-de-juventud-2024-2\/#primaryimage"},"thumbnailUrl":"https:\/\/mula.es\/web\/wp-content\/uploads\/2020\/06\/escudo-cuadrado-e1591045058235.jpg","datePublished":"2024-09-30T16:30:20+00:00","author":{"@id":"https:\/\/mula.es\/web\/#\/schema\/person\/4f10179bd364f40dceed361e61e4033f"},"breadcrumb":{"@id":"https:\/\/mula.es\/web\/juventud-la-concejalia-de-juventud-de-mula-presenta-sus-candidaturas-para-los-premios-de-juventud-2024-2\/#breadcrumb"},"inLanguage":"es","potentialAction":[{"@type":"ReadAction","target":["https:\/\/mula.es\/web\/juventud-la-concejalia-de-juventud-de-mula-presenta-sus-candidaturas-para-los-premios-de-juventud-2024-2\/"]}]},{"@type":"ImageObject","inLanguage":"es","@id":"https:\/\/mula.es\/web\/juventud-la-concejalia-de-juventud-de-mula-presenta-sus-candidaturas-para-los-premios-de-juventud-2024-2\/#primaryimage","url":"https:\/\/mula.es\/web\/wp-content\/uploads\/2020\/06\/escudo-cuadrado-e1591045058235.jpg","contentUrl":"https:\/\/mula.es\/web\/wp-content\/uploads\/2020\/06\/escudo-cuadrado-e1591045058235.jpg","width":200,"height":218},{"@type":"BreadcrumbList","@id":"https:\/\/mula.es\/web\/juventud-la-concejalia-de-juventud-de-mula-presenta-sus-candidaturas-para-los-premios-de-juventud-2024-2\/#breadcrumb","itemListElement":[{"@type":"ListItem","position":1,"name":"Portada","item":"https:\/\/mula.es\/web\/"},{"@type":"ListItem","position":2,"name":"JUVENTUD | La concejal\u00eda de Juventud de Mula presenta sus candidaturas para los Premios de Juventud 2024 ("}]},{"@type":"WebSite","@id":"https:\/\/mula.es\/web\/#website","url":"https:\/\/mula.es\/web\/","name":"Ayuntamiento de Mula","description":"P\u00e1gina web del Ayuntamiento de Mula (Regi\u00f3n de Murcia)","potentialAction":[{"@type":"SearchAction","target":{"@type":"EntryPoint","urlTemplate":"https:\/\/mula.es\/web\/?s={search_term_string}"},"query-input":{"@type":"PropertyValueSpecification","valueRequired":true,"valueName":"search_term_string"}}],"inLanguage":"es"},{"@type":"Person","@id":"https:\/\/mula.es\/web\/#\/schema\/person\/4f10179bd364f40dceed361e61e4033f","name":"Laura Salas Orcajada","image":{"@type":"ImageObject","inLanguage":"es","@id":"https:\/\/secure.gravatar.com\/avatar\/786f2a223d9a455e2a448f78b5dcc1117207ef56ef3d9a04df338c0f775cd403?s=96&d=mm&r=g","url":"https:\/\/secure.gravatar.com\/avatar\/786f2a223d9a455e2a448f78b5dcc1117207ef56ef3d9a04df338c0f775cd403?s=96&d=mm&r=g","contentUrl":"https:\/\/secure.gravatar.com\/avatar\/786f2a223d9a455e2a448f78b5dcc1117207ef56ef3d9a04df338c0f775cd403?s=96&d=mm&r=g","caption":"Laura Salas Orcajada"},"url":"https:\/\/mula.es\/web\/author\/lsalas\/"}]}},"jetpack_publicize_connections":[],"jetpack_featured_media_url":"https:\/\/mula.es\/web\/wp-content\/uploads\/2020\/06\/escudo-cuadrado-e1591045058235.jpg","jetpack_sharing_enabled":true,"jetpack_shortlink":"https:\/\/wp.me\/pa9DMY-eqM","jetpack-related-posts":[],"_links":{"self":[{"href":"https:\/\/mula.es\/web\/wp-json\/wp\/v2\/posts\/55476","targetHints":{"allow":["GET"]}}],"collection":[{"href":"https:\/\/mula.es\/web\/wp-json\/wp\/v2\/posts"}],"about":[{"href":"https:\/\/mula.es\/web\/wp-json\/wp\/v2\/types\/post"}],"author":[{"embeddable":true,"href":"https:\/\/mula.es\/web\/wp-json\/wp\/v2\/users\/13"}],"replies":[{"embeddable":true,"href":"https:\/\/mula.es\/web\/wp-json\/wp\/v2\/comments?post=55476"}],"version-history":[{"count":3,"href":"https:\/\/mula.es\/web\/wp-json\/wp\/v2\/posts\/55476\/revisions"}],"predecessor-version":[{"id":55480,"href":"https:\/\/mula.es\/web\/wp-json\/wp\/v2\/posts\/55476\/revisions\/55480"}],"wp:featuredmedia":[{"embeddable":true,"href":"https:\/\/mula.es\/web\/wp-json\/wp\/v2\/media\/33512"}],"wp:attachment":[{"href":"https:\/\/mula.es\/web\/wp-json\/wp\/v2\/media?parent=55476"}],"wp:term":[{"taxonomy":"category","embeddable":true,"href":"https:\/\/mula.es\/web\/wp-json\/wp\/v2\/categories?post=55476"},{"taxonomy":"post_tag","embeddable":true,"href":"https:\/\/mula.es\/web\/wp-json\/wp\/v2\/tags?post=55476"}],"curies":[{"name":"wp","href":"https:\/\/api.w.org\/{rel}","templated":true}]}}