{"id":55518,"date":"2024-10-01T15:06:56","date_gmt":"2024-10-01T13:06:56","guid":{"rendered":"https:\/\/mula.es\/web\/?p=55518"},"modified":"2024-10-01T15:06:56","modified_gmt":"2024-10-01T13:06:56","slug":"servicios-sociales-el-ayuntamiento-de-mula-se-prepara-para-la-entrega-de-la-donacion-de-alimentos-de-la-fuerza-naval-en-diciembre-2","status":"publish","type":"post","link":"https:\/\/mula.es\/web\/servicios-sociales-el-ayuntamiento-de-mula-se-prepara-para-la-entrega-de-la-donacion-de-alimentos-de-la-fuerza-naval-en-diciembre-2\/","title":{"rendered":"SERVICIOS SOCIALES | El Ayuntamiento de Mula se prepara para la entrega de la donaci\u00f3n de alimentos de la Fuerza Naval en diciembre"},"content":{"rendered":"<p><strong>El Ayuntamiento de Mula se prepara para la entrega de la donaci\u00f3n de alimentos de la Fuerza Naval en diciembre<\/strong><\/p>\n<p>&nbsp;<\/p>\n<p>Mula, 1 de octubre de 2024 \u2013 Hoy, el alcalde de Mula, Juan Jes\u00fas Moreno, junto a la concejala de Servicios Sociales, Antonia Gabarr\u00f3n, y al concejal de Servicios Municipales, Vicente L\u00f3pez, han recibido a los militares representantes de la Fuerza Naval con el fin de coordinar la entrega de la donaci\u00f3n de alimentos que tendr\u00e1 lugar en el mes de diciembre. Este encuentro ha permitido establecer los detalles log\u00edsticos para asegurar que la ayuda llegue a las familias m\u00e1s necesitadas del municipio durante las pr\u00f3ximas fechas navide\u00f1as.<\/p>\n<p>&nbsp;<\/p>\n<p>Como cada a\u00f1o, donar\u00e1n una parte al programa de alimentos de Mula y otra parte a C\u00e1ritas.<\/p>\n<p>El alcalde ha querido expresar su agradecimiento a la Fuerza Naval por su generosidad y compromiso social: \u00abEsta colaboraci\u00f3n con la Fuerza Naval es fundamental para apoyar a las familias de nuestro municipio que m\u00e1s lo necesitan, especialmente en una \u00e9poca tan importante como la Navidad. Agradecemos profundamente su trabajo y disposici\u00f3n a contribuir al bienestar de los mule\u00f1os y mule\u00f1as.\u00bb<\/p>\n<p><a href=\"https:\/\/mula.es\/web\/wp-content\/uploads\/2024\/10\/1.jpg\"><img decoding=\"async\" data-attachment-id=\"55515\" data-permalink=\"https:\/\/mula.es\/web\/1-100\/\" data-orig-file=\"https:\/\/mula.es\/web\/wp-content\/uploads\/2024\/10\/1.jpg\" data-orig-size=\"1080,1080\" data-comments-opened=\"0\" data-image-meta=\"{&quot;aperture&quot;:&quot;0&quot;,&quot;credit&quot;:&quot;&quot;,&quot;camera&quot;:&quot;&quot;,&quot;caption&quot;:&quot;&quot;,&quot;created_timestamp&quot;:&quot;0&quot;,&quot;copyright&quot;:&quot;&quot;,&quot;focal_length&quot;:&quot;0&quot;,&quot;iso&quot;:&quot;0&quot;,&quot;shutter_speed&quot;:&quot;0&quot;,&quot;title&quot;:&quot;&quot;,&quot;orientation&quot;:&quot;1&quot;}\" data-image-title=\"1\" data-image-description=\"\" data-image-caption=\"\" data-large-file=\"https:\/\/mula.es\/web\/wp-content\/uploads\/2024\/10\/1-1024x1024.jpg\" class=\"alignnone size-medium wp-image-55515\" src=\"https:\/\/mula.es\/web\/wp-content\/uploads\/2024\/10\/1-300x300.jpg\" alt=\"\" width=\"300\" height=\"300\" srcset=\"https:\/\/mula.es\/web\/wp-content\/uploads\/2024\/10\/1-66x66.jpg 66w, https:\/\/mula.es\/web\/wp-content\/uploads\/2024\/10\/1-150x150.jpg 150w, https:\/\/mula.es\/web\/wp-content\/uploads\/2024\/10\/1-200x200.jpg 200w, https:\/\/mula.es\/web\/wp-content\/uploads\/2024\/10\/1-300x300.jpg 300w, https:\/\/mula.es\/web\/wp-content\/uploads\/2024\/10\/1-400x400.jpg 400w, https:\/\/mula.es\/web\/wp-content\/uploads\/2024\/10\/1-600x600.jpg 600w, https:\/\/mula.es\/web\/wp-content\/uploads\/2024\/10\/1-768x768.jpg 768w, https:\/\/mula.es\/web\/wp-content\/uploads\/2024\/10\/1-800x800.jpg 800w, https:\/\/mula.es\/web\/wp-content\/uploads\/2024\/10\/1-1024x1024.jpg 1024w, https:\/\/mula.es\/web\/wp-content\/uploads\/2024\/10\/1.jpg 1080w\" sizes=\"(max-width: 300px) 100vw, 300px\" \/><\/a> <a href=\"https:\/\/mula.es\/web\/wp-content\/uploads\/2024\/10\/2.jpg\"><img decoding=\"async\" data-attachment-id=\"55516\" data-permalink=\"https:\/\/mula.es\/web\/2-94\/\" data-orig-file=\"https:\/\/mula.es\/web\/wp-content\/uploads\/2024\/10\/2.jpg\" data-orig-size=\"1080,1080\" data-comments-opened=\"0\" data-image-meta=\"{&quot;aperture&quot;:&quot;0&quot;,&quot;credit&quot;:&quot;&quot;,&quot;camera&quot;:&quot;&quot;,&quot;caption&quot;:&quot;&quot;,&quot;created_timestamp&quot;:&quot;0&quot;,&quot;copyright&quot;:&quot;&quot;,&quot;focal_length&quot;:&quot;0&quot;,&quot;iso&quot;:&quot;0&quot;,&quot;shutter_speed&quot;:&quot;0&quot;,&quot;title&quot;:&quot;&quot;,&quot;orientation&quot;:&quot;1&quot;}\" data-image-title=\"2\" data-image-description=\"\" data-image-caption=\"\" data-large-file=\"https:\/\/mula.es\/web\/wp-content\/uploads\/2024\/10\/2-1024x1024.jpg\" class=\"alignnone size-medium wp-image-55516\" src=\"https:\/\/mula.es\/web\/wp-content\/uploads\/2024\/10\/2-300x300.jpg\" alt=\"\" width=\"300\" height=\"300\" srcset=\"https:\/\/mula.es\/web\/wp-content\/uploads\/2024\/10\/2-66x66.jpg 66w, https:\/\/mula.es\/web\/wp-content\/uploads\/2024\/10\/2-150x150.jpg 150w, https:\/\/mula.es\/web\/wp-content\/uploads\/2024\/10\/2-200x200.jpg 200w, https:\/\/mula.es\/web\/wp-content\/uploads\/2024\/10\/2-300x300.jpg 300w, https:\/\/mula.es\/web\/wp-content\/uploads\/2024\/10\/2-400x400.jpg 400w, https:\/\/mula.es\/web\/wp-content\/uploads\/2024\/10\/2-600x600.jpg 600w, https:\/\/mula.es\/web\/wp-content\/uploads\/2024\/10\/2-768x768.jpg 768w, https:\/\/mula.es\/web\/wp-content\/uploads\/2024\/10\/2-800x800.jpg 800w, https:\/\/mula.es\/web\/wp-content\/uploads\/2024\/10\/2-1024x1024.jpg 1024w, https:\/\/mula.es\/web\/wp-content\/uploads\/2024\/10\/2.jpg 1080w\" sizes=\"(max-width: 300px) 100vw, 300px\" \/><\/a><\/p>\n","protected":false},"excerpt":{"rendered":"<p>El Ayuntamiento de Mula se prepara para la entrega de la donaci\u00f3n de alimentos de la Fuerza Naval en diciembre &nbsp; Mula, 1 de octubre de 2024 \u2013 Hoy, el alcalde de Mula, Juan Jes\u00fas Moreno, junto a la concejala de Servicios Sociales, Antonia Gabarr\u00f3n, y al concejal de Servicios Municipales, Vicente L\u00f3pez, han recibido  [&#8230;]<\/p>\n","protected":false},"author":13,"featured_media":33512,"comment_status":"closed","ping_status":"closed","sticky":false,"template":"","format":"standard","meta":{"jetpack_post_was_ever_published":false,"_jetpack_newsletter_access":"","_jetpack_dont_email_post_to_subs":false,"_jetpack_newsletter_tier_id":0,"_jetpack_memberships_contains_paywalled_content":false,"_jetpack_memberships_contains_paid_content":false,"footnotes":"","jetpack_publicize_message":"","jetpack_publicize_feature_enabled":true,"jetpack_social_post_already_shared":false,"jetpack_social_options":{"image_generator_settings":{"template":"highway","default_image_id":0,"font":"","enabled":false},"version":2}},"categories":[93],"tags":[],"class_list":["post-55518","post","type-post","status-publish","format-standard","has-post-thumbnail","hentry","category-servicios-sociales"],"yoast_head":"<!-- This site is optimized with the Yoast SEO plugin v27.5 - https:\/\/yoast.com\/product\/yoast-seo-wordpress\/ -->\n<title>SERVICIOS SOCIALES | El Ayuntamiento de Mula se prepara para la entrega de la donaci\u00f3n de alimentos de la Fuerza Naval en diciembre - Ayuntamiento de Mula<\/title>\n<meta name=\"robots\" content=\"index, follow, max-snippet:-1, max-image-preview:large, max-video-preview:-1\" \/>\n<link rel=\"canonical\" href=\"https:\/\/mula.es\/web\/servicios-sociales-el-ayuntamiento-de-mula-se-prepara-para-la-entrega-de-la-donacion-de-alimentos-de-la-fuerza-naval-en-diciembre-2\/\" \/>\n<meta property=\"og:locale\" content=\"es_ES\" \/>\n<meta property=\"og:type\" content=\"article\" \/>\n<meta property=\"og:title\" content=\"SERVICIOS SOCIALES | El Ayuntamiento de Mula se prepara para la entrega de la donaci\u00f3n de alimentos de la Fuerza Naval en diciembre - Ayuntamiento de Mula\" \/>\n<meta property=\"og:description\" content=\"El Ayuntamiento de Mula se prepara para la entrega de la donaci\u00f3n de alimentos de la Fuerza Naval en diciembre &nbsp; Mula, 1 de octubre de 2024 \u2013 Hoy, el alcalde de Mula, Juan Jes\u00fas Moreno, junto a la concejala de Servicios Sociales, Antonia Gabarr\u00f3n, y al concejal de Servicios Municipales, Vicente L\u00f3pez, han recibido [...]\" \/>\n<meta property=\"og:url\" content=\"https:\/\/mula.es\/web\/servicios-sociales-el-ayuntamiento-de-mula-se-prepara-para-la-entrega-de-la-donacion-de-alimentos-de-la-fuerza-naval-en-diciembre-2\/\" \/>\n<meta property=\"og:site_name\" content=\"Ayuntamiento de Mula\" \/>\n<meta property=\"article:published_time\" content=\"2024-10-01T13:06:56+00:00\" \/>\n<meta property=\"og:image\" content=\"https:\/\/mula.es\/web\/wp-content\/uploads\/2020\/06\/escudo-cuadrado-e1591045058235.jpg\" \/>\n\t<meta property=\"og:image:width\" content=\"200\" \/>\n\t<meta property=\"og:image:height\" content=\"218\" \/>\n\t<meta property=\"og:image:type\" content=\"image\/jpeg\" \/>\n<meta name=\"author\" content=\"Laura Salas Orcajada\" \/>\n<meta name=\"twitter:card\" content=\"summary_large_image\" \/>\n<meta name=\"twitter:creator\" content=\"@AyuntamientMula\" \/>\n<meta name=\"twitter:site\" content=\"@AyuntamientMula\" \/>\n<meta name=\"twitter:label1\" content=\"Escrito por\" \/>\n\t<meta name=\"twitter:data1\" content=\"Laura Salas Orcajada\" \/>\n\t<meta name=\"twitter:label2\" content=\"Tiempo de lectura\" \/>\n\t<meta name=\"twitter:data2\" content=\"2 minutos\" \/>\n<script type=\"application\/ld+json\" class=\"yoast-schema-graph\">{\"@context\":\"https:\\\/\\\/schema.org\",\"@graph\":[{\"@type\":\"Article\",\"@id\":\"https:\\\/\\\/mula.es\\\/web\\\/servicios-sociales-el-ayuntamiento-de-mula-se-prepara-para-la-entrega-de-la-donacion-de-alimentos-de-la-fuerza-naval-en-diciembre-2\\\/#article\",\"isPartOf\":{\"@id\":\"https:\\\/\\\/mula.es\\\/web\\\/servicios-sociales-el-ayuntamiento-de-mula-se-prepara-para-la-entrega-de-la-donacion-de-alimentos-de-la-fuerza-naval-en-diciembre-2\\\/\"},\"author\":{\"name\":\"Laura Salas Orcajada\",\"@id\":\"https:\\\/\\\/mula.es\\\/web\\\/#\\\/schema\\\/person\\\/4f10179bd364f40dceed361e61e4033f\"},\"headline\":\"SERVICIOS SOCIALES | El Ayuntamiento de Mula se prepara para la entrega de la donaci\u00f3n de alimentos de la Fuerza Naval en diciembre\",\"datePublished\":\"2024-10-01T13:06:56+00:00\",\"mainEntityOfPage\":{\"@id\":\"https:\\\/\\\/mula.es\\\/web\\\/servicios-sociales-el-ayuntamiento-de-mula-se-prepara-para-la-entrega-de-la-donacion-de-alimentos-de-la-fuerza-naval-en-diciembre-2\\\/\"},\"wordCount\":225,\"image\":{\"@id\":\"https:\\\/\\\/mula.es\\\/web\\\/servicios-sociales-el-ayuntamiento-de-mula-se-prepara-para-la-entrega-de-la-donacion-de-alimentos-de-la-fuerza-naval-en-diciembre-2\\\/#primaryimage\"},\"thumbnailUrl\":\"https:\\\/\\\/mula.es\\\/web\\\/wp-content\\\/uploads\\\/2020\\\/06\\\/escudo-cuadrado-e1591045058235.jpg\",\"articleSection\":[\"servicios sociales\"],\"inLanguage\":\"es\"},{\"@type\":\"WebPage\",\"@id\":\"https:\\\/\\\/mula.es\\\/web\\\/servicios-sociales-el-ayuntamiento-de-mula-se-prepara-para-la-entrega-de-la-donacion-de-alimentos-de-la-fuerza-naval-en-diciembre-2\\\/\",\"url\":\"https:\\\/\\\/mula.es\\\/web\\\/servicios-sociales-el-ayuntamiento-de-mula-se-prepara-para-la-entrega-de-la-donacion-de-alimentos-de-la-fuerza-naval-en-diciembre-2\\\/\",\"name\":\"SERVICIOS SOCIALES | El Ayuntamiento de Mula se prepara para la entrega de la donaci\u00f3n de alimentos de la Fuerza Naval en diciembre - Ayuntamiento de Mula\",\"isPartOf\":{\"@id\":\"https:\\\/\\\/mula.es\\\/web\\\/#website\"},\"primaryImageOfPage\":{\"@id\":\"https:\\\/\\\/mula.es\\\/web\\\/servicios-sociales-el-ayuntamiento-de-mula-se-prepara-para-la-entrega-de-la-donacion-de-alimentos-de-la-fuerza-naval-en-diciembre-2\\\/#primaryimage\"},\"image\":{\"@id\":\"https:\\\/\\\/mula.es\\\/web\\\/servicios-sociales-el-ayuntamiento-de-mula-se-prepara-para-la-entrega-de-la-donacion-de-alimentos-de-la-fuerza-naval-en-diciembre-2\\\/#primaryimage\"},\"thumbnailUrl\":\"https:\\\/\\\/mula.es\\\/web\\\/wp-content\\\/uploads\\\/2020\\\/06\\\/escudo-cuadrado-e1591045058235.jpg\",\"datePublished\":\"2024-10-01T13:06:56+00:00\",\"author\":{\"@id\":\"https:\\\/\\\/mula.es\\\/web\\\/#\\\/schema\\\/person\\\/4f10179bd364f40dceed361e61e4033f\"},\"breadcrumb\":{\"@id\":\"https:\\\/\\\/mula.es\\\/web\\\/servicios-sociales-el-ayuntamiento-de-mula-se-prepara-para-la-entrega-de-la-donacion-de-alimentos-de-la-fuerza-naval-en-diciembre-2\\\/#breadcrumb\"},\"inLanguage\":\"es\",\"potentialAction\":[{\"@type\":\"ReadAction\",\"target\":[\"https:\\\/\\\/mula.es\\\/web\\\/servicios-sociales-el-ayuntamiento-de-mula-se-prepara-para-la-entrega-de-la-donacion-de-alimentos-de-la-fuerza-naval-en-diciembre-2\\\/\"]}]},{\"@type\":\"ImageObject\",\"inLanguage\":\"es\",\"@id\":\"https:\\\/\\\/mula.es\\\/web\\\/servicios-sociales-el-ayuntamiento-de-mula-se-prepara-para-la-entrega-de-la-donacion-de-alimentos-de-la-fuerza-naval-en-diciembre-2\\\/#primaryimage\",\"url\":\"https:\\\/\\\/mula.es\\\/web\\\/wp-content\\\/uploads\\\/2020\\\/06\\\/escudo-cuadrado-e1591045058235.jpg\",\"contentUrl\":\"https:\\\/\\\/mula.es\\\/web\\\/wp-content\\\/uploads\\\/2020\\\/06\\\/escudo-cuadrado-e1591045058235.jpg\",\"width\":200,\"height\":218},{\"@type\":\"BreadcrumbList\",\"@id\":\"https:\\\/\\\/mula.es\\\/web\\\/servicios-sociales-el-ayuntamiento-de-mula-se-prepara-para-la-entrega-de-la-donacion-de-alimentos-de-la-fuerza-naval-en-diciembre-2\\\/#breadcrumb\",\"itemListElement\":[{\"@type\":\"ListItem\",\"position\":1,\"name\":\"Portada\",\"item\":\"https:\\\/\\\/mula.es\\\/web\\\/\"},{\"@type\":\"ListItem\",\"position\":2,\"name\":\"SERVICIOS SOCIALES | El Ayuntamiento de Mula se prepara para la entrega de la donaci\u00f3n de alimentos de la Fuerza Naval en diciembre\"}]},{\"@type\":\"WebSite\",\"@id\":\"https:\\\/\\\/mula.es\\\/web\\\/#website\",\"url\":\"https:\\\/\\\/mula.es\\\/web\\\/\",\"name\":\"Ayuntamiento de Mula\",\"description\":\"P\u00e1gina web del Ayuntamiento de Mula (Regi\u00f3n de Murcia)\",\"potentialAction\":[{\"@type\":\"SearchAction\",\"target\":{\"@type\":\"EntryPoint\",\"urlTemplate\":\"https:\\\/\\\/mula.es\\\/web\\\/?s={search_term_string}\"},\"query-input\":{\"@type\":\"PropertyValueSpecification\",\"valueRequired\":true,\"valueName\":\"search_term_string\"}}],\"inLanguage\":\"es\"},{\"@type\":\"Person\",\"@id\":\"https:\\\/\\\/mula.es\\\/web\\\/#\\\/schema\\\/person\\\/4f10179bd364f40dceed361e61e4033f\",\"name\":\"Laura Salas Orcajada\",\"image\":{\"@type\":\"ImageObject\",\"inLanguage\":\"es\",\"@id\":\"https:\\\/\\\/secure.gravatar.com\\\/avatar\\\/786f2a223d9a455e2a448f78b5dcc1117207ef56ef3d9a04df338c0f775cd403?s=96&d=mm&r=g\",\"url\":\"https:\\\/\\\/secure.gravatar.com\\\/avatar\\\/786f2a223d9a455e2a448f78b5dcc1117207ef56ef3d9a04df338c0f775cd403?s=96&d=mm&r=g\",\"contentUrl\":\"https:\\\/\\\/secure.gravatar.com\\\/avatar\\\/786f2a223d9a455e2a448f78b5dcc1117207ef56ef3d9a04df338c0f775cd403?s=96&d=mm&r=g\",\"caption\":\"Laura Salas Orcajada\"},\"url\":\"https:\\\/\\\/mula.es\\\/web\\\/author\\\/lsalas\\\/\"}]}<\/script>\n<!-- \/ Yoast SEO plugin. -->","yoast_head_json":{"title":"SERVICIOS SOCIALES | El Ayuntamiento de Mula se prepara para la entrega de la donaci\u00f3n de alimentos de la Fuerza Naval en diciembre - Ayuntamiento de Mula","robots":{"index":"index","follow":"follow","max-snippet":"max-snippet:-1","max-image-preview":"max-image-preview:large","max-video-preview":"max-video-preview:-1"},"canonical":"https:\/\/mula.es\/web\/servicios-sociales-el-ayuntamiento-de-mula-se-prepara-para-la-entrega-de-la-donacion-de-alimentos-de-la-fuerza-naval-en-diciembre-2\/","og_locale":"es_ES","og_type":"article","og_title":"SERVICIOS SOCIALES | El Ayuntamiento de Mula se prepara para la entrega de la donaci\u00f3n de alimentos de la Fuerza Naval en diciembre - Ayuntamiento de Mula","og_description":"El Ayuntamiento de Mula se prepara para la entrega de la donaci\u00f3n de alimentos de la Fuerza Naval en diciembre &nbsp; Mula, 1 de octubre de 2024 \u2013 Hoy, el alcalde de Mula, Juan Jes\u00fas Moreno, junto a la concejala de Servicios Sociales, Antonia Gabarr\u00f3n, y al concejal de Servicios Municipales, Vicente L\u00f3pez, han recibido [...]","og_url":"https:\/\/mula.es\/web\/servicios-sociales-el-ayuntamiento-de-mula-se-prepara-para-la-entrega-de-la-donacion-de-alimentos-de-la-fuerza-naval-en-diciembre-2\/","og_site_name":"Ayuntamiento de Mula","article_published_time":"2024-10-01T13:06:56+00:00","og_image":[{"width":200,"height":218,"url":"https:\/\/mula.es\/web\/wp-content\/uploads\/2020\/06\/escudo-cuadrado-e1591045058235.jpg","type":"image\/jpeg"}],"author":"Laura Salas Orcajada","twitter_card":"summary_large_image","twitter_creator":"@AyuntamientMula","twitter_site":"@AyuntamientMula","twitter_misc":{"Escrito por":"Laura Salas Orcajada","Tiempo de lectura":"2 minutos"},"schema":{"@context":"https:\/\/schema.org","@graph":[{"@type":"Article","@id":"https:\/\/mula.es\/web\/servicios-sociales-el-ayuntamiento-de-mula-se-prepara-para-la-entrega-de-la-donacion-de-alimentos-de-la-fuerza-naval-en-diciembre-2\/#article","isPartOf":{"@id":"https:\/\/mula.es\/web\/servicios-sociales-el-ayuntamiento-de-mula-se-prepara-para-la-entrega-de-la-donacion-de-alimentos-de-la-fuerza-naval-en-diciembre-2\/"},"author":{"name":"Laura Salas Orcajada","@id":"https:\/\/mula.es\/web\/#\/schema\/person\/4f10179bd364f40dceed361e61e4033f"},"headline":"SERVICIOS SOCIALES | El Ayuntamiento de Mula se prepara para la entrega de la donaci\u00f3n de alimentos de la Fuerza Naval en diciembre","datePublished":"2024-10-01T13:06:56+00:00","mainEntityOfPage":{"@id":"https:\/\/mula.es\/web\/servicios-sociales-el-ayuntamiento-de-mula-se-prepara-para-la-entrega-de-la-donacion-de-alimentos-de-la-fuerza-naval-en-diciembre-2\/"},"wordCount":225,"image":{"@id":"https:\/\/mula.es\/web\/servicios-sociales-el-ayuntamiento-de-mula-se-prepara-para-la-entrega-de-la-donacion-de-alimentos-de-la-fuerza-naval-en-diciembre-2\/#primaryimage"},"thumbnailUrl":"https:\/\/mula.es\/web\/wp-content\/uploads\/2020\/06\/escudo-cuadrado-e1591045058235.jpg","articleSection":["servicios sociales"],"inLanguage":"es"},{"@type":"WebPage","@id":"https:\/\/mula.es\/web\/servicios-sociales-el-ayuntamiento-de-mula-se-prepara-para-la-entrega-de-la-donacion-de-alimentos-de-la-fuerza-naval-en-diciembre-2\/","url":"https:\/\/mula.es\/web\/servicios-sociales-el-ayuntamiento-de-mula-se-prepara-para-la-entrega-de-la-donacion-de-alimentos-de-la-fuerza-naval-en-diciembre-2\/","name":"SERVICIOS SOCIALES | El Ayuntamiento de Mula se prepara para la entrega de la donaci\u00f3n de alimentos de la Fuerza Naval en diciembre - Ayuntamiento de Mula","isPartOf":{"@id":"https:\/\/mula.es\/web\/#website"},"primaryImageOfPage":{"@id":"https:\/\/mula.es\/web\/servicios-sociales-el-ayuntamiento-de-mula-se-prepara-para-la-entrega-de-la-donacion-de-alimentos-de-la-fuerza-naval-en-diciembre-2\/#primaryimage"},"image":{"@id":"https:\/\/mula.es\/web\/servicios-sociales-el-ayuntamiento-de-mula-se-prepara-para-la-entrega-de-la-donacion-de-alimentos-de-la-fuerza-naval-en-diciembre-2\/#primaryimage"},"thumbnailUrl":"https:\/\/mula.es\/web\/wp-content\/uploads\/2020\/06\/escudo-cuadrado-e1591045058235.jpg","datePublished":"2024-10-01T13:06:56+00:00","author":{"@id":"https:\/\/mula.es\/web\/#\/schema\/person\/4f10179bd364f40dceed361e61e4033f"},"breadcrumb":{"@id":"https:\/\/mula.es\/web\/servicios-sociales-el-ayuntamiento-de-mula-se-prepara-para-la-entrega-de-la-donacion-de-alimentos-de-la-fuerza-naval-en-diciembre-2\/#breadcrumb"},"inLanguage":"es","potentialAction":[{"@type":"ReadAction","target":["https:\/\/mula.es\/web\/servicios-sociales-el-ayuntamiento-de-mula-se-prepara-para-la-entrega-de-la-donacion-de-alimentos-de-la-fuerza-naval-en-diciembre-2\/"]}]},{"@type":"ImageObject","inLanguage":"es","@id":"https:\/\/mula.es\/web\/servicios-sociales-el-ayuntamiento-de-mula-se-prepara-para-la-entrega-de-la-donacion-de-alimentos-de-la-fuerza-naval-en-diciembre-2\/#primaryimage","url":"https:\/\/mula.es\/web\/wp-content\/uploads\/2020\/06\/escudo-cuadrado-e1591045058235.jpg","contentUrl":"https:\/\/mula.es\/web\/wp-content\/uploads\/2020\/06\/escudo-cuadrado-e1591045058235.jpg","width":200,"height":218},{"@type":"BreadcrumbList","@id":"https:\/\/mula.es\/web\/servicios-sociales-el-ayuntamiento-de-mula-se-prepara-para-la-entrega-de-la-donacion-de-alimentos-de-la-fuerza-naval-en-diciembre-2\/#breadcrumb","itemListElement":[{"@type":"ListItem","position":1,"name":"Portada","item":"https:\/\/mula.es\/web\/"},{"@type":"ListItem","position":2,"name":"SERVICIOS SOCIALES | El Ayuntamiento de Mula se prepara para la entrega de la donaci\u00f3n de alimentos de la Fuerza Naval en diciembre"}]},{"@type":"WebSite","@id":"https:\/\/mula.es\/web\/#website","url":"https:\/\/mula.es\/web\/","name":"Ayuntamiento de Mula","description":"P\u00e1gina web del Ayuntamiento de Mula (Regi\u00f3n de Murcia)","potentialAction":[{"@type":"SearchAction","target":{"@type":"EntryPoint","urlTemplate":"https:\/\/mula.es\/web\/?s={search_term_string}"},"query-input":{"@type":"PropertyValueSpecification","valueRequired":true,"valueName":"search_term_string"}}],"inLanguage":"es"},{"@type":"Person","@id":"https:\/\/mula.es\/web\/#\/schema\/person\/4f10179bd364f40dceed361e61e4033f","name":"Laura Salas Orcajada","image":{"@type":"ImageObject","inLanguage":"es","@id":"https:\/\/secure.gravatar.com\/avatar\/786f2a223d9a455e2a448f78b5dcc1117207ef56ef3d9a04df338c0f775cd403?s=96&d=mm&r=g","url":"https:\/\/secure.gravatar.com\/avatar\/786f2a223d9a455e2a448f78b5dcc1117207ef56ef3d9a04df338c0f775cd403?s=96&d=mm&r=g","contentUrl":"https:\/\/secure.gravatar.com\/avatar\/786f2a223d9a455e2a448f78b5dcc1117207ef56ef3d9a04df338c0f775cd403?s=96&d=mm&r=g","caption":"Laura Salas Orcajada"},"url":"https:\/\/mula.es\/web\/author\/lsalas\/"}]}},"jetpack_publicize_connections":[],"jetpack_featured_media_url":"https:\/\/mula.es\/web\/wp-content\/uploads\/2020\/06\/escudo-cuadrado-e1591045058235.jpg","jetpack_sharing_enabled":true,"jetpack_shortlink":"https:\/\/wp.me\/pa9DMY-ers","jetpack-related-posts":[],"_links":{"self":[{"href":"https:\/\/mula.es\/web\/wp-json\/wp\/v2\/posts\/55518","targetHints":{"allow":["GET"]}}],"collection":[{"href":"https:\/\/mula.es\/web\/wp-json\/wp\/v2\/posts"}],"about":[{"href":"https:\/\/mula.es\/web\/wp-json\/wp\/v2\/types\/post"}],"author":[{"embeddable":true,"href":"https:\/\/mula.es\/web\/wp-json\/wp\/v2\/users\/13"}],"replies":[{"embeddable":true,"href":"https:\/\/mula.es\/web\/wp-json\/wp\/v2\/comments?post=55518"}],"version-history":[{"count":1,"href":"https:\/\/mula.es\/web\/wp-json\/wp\/v2\/posts\/55518\/revisions"}],"predecessor-version":[{"id":55519,"href":"https:\/\/mula.es\/web\/wp-json\/wp\/v2\/posts\/55518\/revisions\/55519"}],"wp:featuredmedia":[{"embeddable":true,"href":"https:\/\/mula.es\/web\/wp-json\/wp\/v2\/media\/33512"}],"wp:attachment":[{"href":"https:\/\/mula.es\/web\/wp-json\/wp\/v2\/media?parent=55518"}],"wp:term":[{"taxonomy":"category","embeddable":true,"href":"https:\/\/mula.es\/web\/wp-json\/wp\/v2\/categories?post=55518"},{"taxonomy":"post_tag","embeddable":true,"href":"https:\/\/mula.es\/web\/wp-json\/wp\/v2\/tags?post=55518"}],"curies":[{"name":"wp","href":"https:\/\/api.w.org\/{rel}","templated":true}]}}