{"id":55663,"date":"2024-10-09T09:45:18","date_gmt":"2024-10-09T07:45:18","guid":{"rendered":"https:\/\/mula.es\/web\/?p=55663"},"modified":"2024-10-09T09:45:18","modified_gmt":"2024-10-09T07:45:18","slug":"festejos-celebracion-de-las-fiestas-patronales-en-los-banos-de-mula","status":"publish","type":"post","link":"https:\/\/mula.es\/web\/festejos-celebracion-de-las-fiestas-patronales-en-los-banos-de-mula\/","title":{"rendered":"FESTEJOS | Celebraci\u00f3n de las Fiestas Patronales en Los Ba\u00f1os de Mula"},"content":{"rendered":"<p><strong>Celebraci\u00f3n de las Fiestas Patronales en Los Ba\u00f1os de Mula<\/strong><\/p>\n<p>&nbsp;<\/p>\n<p>Mula, 9 de octubre de 2024 &#8211; El Ayuntamiento de Mula felicita todos los vecinos y vecinas de Los Ba\u00f1os de Mula por el inicio de sus Fiestas Patronales 2024.<\/p>\n<p>&nbsp;<\/p>\n<p>Las fiestas comienzan este viernes 11 de octubre con la inauguraci\u00f3n oficial y la coronaci\u00f3n de los Reyes y Reinas de las fiestas a las 21h. Seguidamente, todos los asistentes podr\u00e1n disfrutar de una degustaci\u00f3n de productos t\u00edpicos, amenizada por el grupo Los Caballeros de la Tabla de Lavar con su variado repertorio musical.<\/p>\n<p>A las 23h Tributo a Alejandro Sanz de la mano de Juan Pedro Bonet. La noche continuar\u00e1 con Discom\u00f3vil, para dar comienzo a estas esperadas celebraciones.<\/p>\n<p>&nbsp;<\/p>\n<p>El s\u00e1bado 12 de octubre, desde las 12h los m\u00e1s peque\u00f1os podr\u00e1n disfrutar de juegos infantiles y la tradicional carrera de cintas a las 16h, tambi\u00e9n se dispondr\u00e1 de un <strong>Espacio Infantil Gratuito<\/strong> con hinchables y juegos supervisados, pensado para que disfruten en un entorno seguro. A las 17h comenzar\u00e1 el Tardeo acompa\u00f1ado de Discom\u00f3vil.<\/p>\n<p>A las 21h tendr\u00e1 lugar el III Concurso de Migas con premios que incluyen:<\/p>\n<ul>\n<li>1\u00ba Premio: 100 \u20ac.<\/li>\n<li>2\u00ba Premio: 50 \u20ac.<\/li>\n<li>3\u00ba Premio: Ba\u00f1o termal cortes\u00eda de Ba\u00f1os El Delf\u00edn.<\/li>\n<\/ul>\n<p>Durante esta actividad, se llevar\u00e1 a cabo una T\u00f3mbola con un jam\u00f3n como premio principal para el ganador.<\/p>\n<p>A las 23h se podr\u00e1 disfrutar de un concierto del grupo Los Indiscretos, con las mejores versiones de pop rock e indie en espa\u00f1ol. Para cerrar la noche, la fiesta continuar\u00e1 con DJ Laraross.<\/p>\n<p>&nbsp;<\/p>\n<p>El domingo 13 de octubre, las Fiestas Patronales de Ba\u00f1os de Mula comenzar\u00e1n con una Misa solemne cantada por el Coro de los Ba\u00f1os de Mula, seguida de una procesi\u00f3n en honor a la Virgen de la Inmaculada Concepci\u00f3n, acompa\u00f1ada por la Agrupaci\u00f3n Musical Mule\u00f1a. A partir de las 13:30 h, la Feria de D\u00eda ofrecer\u00e1 la actuaci\u00f3n de la Pe\u00f1a Alegr\u00eda Mule\u00f1a y un espacio infantil gratuito para los m\u00e1s peque\u00f1os. A las 14:30 h, se servir\u00e1 una Paella Tradicional por solo 4 \u20ac, y la fiesta continuar\u00e1 con un Tardeo amenizado por DJ Set Wedec a las 16:00 h. La jornada y las festividades culminar\u00e1n a las 20:00 h con una traca final.<\/p>\n<p>&nbsp;<\/p>\n<p>El Ayuntamiento de Mula quiere agradecer a la Comisi\u00f3n de Fiestas de Los Ba\u00f1os de Mula, a las asociaciones colaboradoras y a los patrocinadores locales por su esfuerzo en la organizaci\u00f3n de estas fiestas. Invitamos a todos los vecinos y visitantes a disfrutar de un fin de semana cargado de tradici\u00f3n y buen ambiente en Los Ba\u00f1os de Mula.<\/p>\n<p><a href=\"https:\/\/mula.es\/web\/wp-content\/uploads\/2024\/10\/FIESTAS-LOS-BANOS-DE-MULA.jpg\"><img decoding=\"async\" data-attachment-id=\"55664\" data-permalink=\"https:\/\/mula.es\/web\/festejos-celebracion-de-las-fiestas-patronales-en-los-banos-de-mula\/fiestas-los-banos-de-mula\/\" data-orig-file=\"https:\/\/mula.es\/web\/wp-content\/uploads\/2024\/10\/FIESTAS-LOS-BANOS-DE-MULA.jpg\" data-orig-size=\"1129,1600\" data-comments-opened=\"0\" data-image-meta=\"{&quot;aperture&quot;:&quot;0&quot;,&quot;credit&quot;:&quot;&quot;,&quot;camera&quot;:&quot;&quot;,&quot;caption&quot;:&quot;&quot;,&quot;created_timestamp&quot;:&quot;0&quot;,&quot;copyright&quot;:&quot;&quot;,&quot;focal_length&quot;:&quot;0&quot;,&quot;iso&quot;:&quot;0&quot;,&quot;shutter_speed&quot;:&quot;0&quot;,&quot;title&quot;:&quot;&quot;,&quot;orientation&quot;:&quot;0&quot;}\" data-image-title=\"FIESTAS LOS BAN\u0303OS DE MULA\" data-image-description=\"\" data-image-caption=\"\" data-large-file=\"https:\/\/mula.es\/web\/wp-content\/uploads\/2024\/10\/FIESTAS-LOS-BANOS-DE-MULA-723x1024.jpg\" class=\"size-medium wp-image-55664 aligncenter\" src=\"https:\/\/mula.es\/web\/wp-content\/uploads\/2024\/10\/FIESTAS-LOS-BANOS-DE-MULA-212x300.jpg\" alt=\"\" width=\"212\" height=\"300\" srcset=\"https:\/\/mula.es\/web\/wp-content\/uploads\/2024\/10\/FIESTAS-LOS-BANOS-DE-MULA-200x283.jpg 200w, https:\/\/mula.es\/web\/wp-content\/uploads\/2024\/10\/FIESTAS-LOS-BANOS-DE-MULA-212x300.jpg 212w, https:\/\/mula.es\/web\/wp-content\/uploads\/2024\/10\/FIESTAS-LOS-BANOS-DE-MULA-400x567.jpg 400w, https:\/\/mula.es\/web\/wp-content\/uploads\/2024\/10\/FIESTAS-LOS-BANOS-DE-MULA-600x850.jpg 600w, https:\/\/mula.es\/web\/wp-content\/uploads\/2024\/10\/FIESTAS-LOS-BANOS-DE-MULA-723x1024.jpg 723w, https:\/\/mula.es\/web\/wp-content\/uploads\/2024\/10\/FIESTAS-LOS-BANOS-DE-MULA-768x1088.jpg 768w, https:\/\/mula.es\/web\/wp-content\/uploads\/2024\/10\/FIESTAS-LOS-BANOS-DE-MULA-800x1134.jpg 800w, https:\/\/mula.es\/web\/wp-content\/uploads\/2024\/10\/FIESTAS-LOS-BANOS-DE-MULA-1084x1536.jpg 1084w, https:\/\/mula.es\/web\/wp-content\/uploads\/2024\/10\/FIESTAS-LOS-BANOS-DE-MULA.jpg 1129w\" sizes=\"(max-width: 212px) 100vw, 212px\" \/><\/a><\/p>\n<p>&nbsp;<\/p>\n","protected":false},"excerpt":{"rendered":"<p>Celebraci\u00f3n de las Fiestas Patronales en Los Ba\u00f1os de Mula &nbsp; Mula, 9 de octubre de 2024 &#8211; El Ayuntamiento de Mula felicita todos los vecinos y vecinas de Los Ba\u00f1os de Mula por el inicio de sus Fiestas Patronales 2024. &nbsp; Las fiestas comienzan este viernes 11 de octubre con la inauguraci\u00f3n oficial y  [&#8230;]<\/p>\n","protected":false},"author":13,"featured_media":33512,"comment_status":"closed","ping_status":"closed","sticky":false,"template":"","format":"standard","meta":{"jetpack_post_was_ever_published":false,"_jetpack_newsletter_access":"","_jetpack_dont_email_post_to_subs":false,"_jetpack_newsletter_tier_id":0,"_jetpack_memberships_contains_paywalled_content":false,"_jetpack_memberships_contains_paid_content":false,"footnotes":"","jetpack_publicize_message":"","jetpack_publicize_feature_enabled":true,"jetpack_social_post_already_shared":false,"jetpack_social_options":{"image_generator_settings":{"template":"highway","default_image_id":0,"font":"","enabled":false},"version":2}},"categories":[171],"tags":[],"class_list":["post-55663","post","type-post","status-publish","format-standard","has-post-thumbnail","hentry","category-festejos"],"yoast_head":"<!-- This site is optimized with the Yoast SEO plugin v27.5 - https:\/\/yoast.com\/product\/yoast-seo-wordpress\/ -->\n<title>FESTEJOS | Celebraci\u00f3n de las Fiestas Patronales en Los Ba\u00f1os de Mula - Ayuntamiento de Mula<\/title>\n<meta name=\"robots\" content=\"index, follow, max-snippet:-1, max-image-preview:large, max-video-preview:-1\" \/>\n<link rel=\"canonical\" href=\"https:\/\/mula.es\/web\/festejos-celebracion-de-las-fiestas-patronales-en-los-banos-de-mula\/\" \/>\n<meta property=\"og:locale\" content=\"es_ES\" \/>\n<meta property=\"og:type\" content=\"article\" \/>\n<meta property=\"og:title\" content=\"FESTEJOS | Celebraci\u00f3n de las Fiestas Patronales en Los Ba\u00f1os de Mula - Ayuntamiento de Mula\" \/>\n<meta property=\"og:description\" content=\"Celebraci\u00f3n de las Fiestas Patronales en Los Ba\u00f1os de Mula &nbsp; Mula, 9 de octubre de 2024 &#8211; El Ayuntamiento de Mula felicita todos los vecinos y vecinas de Los Ba\u00f1os de Mula por el inicio de sus Fiestas Patronales 2024. &nbsp; Las fiestas comienzan este viernes 11 de octubre con la inauguraci\u00f3n oficial y [...]\" \/>\n<meta property=\"og:url\" content=\"https:\/\/mula.es\/web\/festejos-celebracion-de-las-fiestas-patronales-en-los-banos-de-mula\/\" \/>\n<meta property=\"og:site_name\" content=\"Ayuntamiento de Mula\" \/>\n<meta property=\"article:published_time\" content=\"2024-10-09T07:45:18+00:00\" \/>\n<meta property=\"og:image\" content=\"https:\/\/mula.es\/web\/wp-content\/uploads\/2020\/06\/escudo-cuadrado-e1591045058235.jpg\" \/>\n\t<meta property=\"og:image:width\" content=\"200\" \/>\n\t<meta property=\"og:image:height\" content=\"218\" \/>\n\t<meta property=\"og:image:type\" content=\"image\/jpeg\" \/>\n<meta name=\"author\" content=\"Laura Salas Orcajada\" \/>\n<meta name=\"twitter:card\" content=\"summary_large_image\" \/>\n<meta name=\"twitter:creator\" content=\"@AyuntamientMula\" \/>\n<meta name=\"twitter:site\" content=\"@AyuntamientMula\" \/>\n<meta name=\"twitter:label1\" content=\"Escrito por\" \/>\n\t<meta name=\"twitter:data1\" content=\"Laura Salas Orcajada\" \/>\n\t<meta name=\"twitter:label2\" content=\"Tiempo de lectura\" \/>\n\t<meta name=\"twitter:data2\" content=\"3 minutos\" \/>\n<script type=\"application\/ld+json\" class=\"yoast-schema-graph\">{\"@context\":\"https:\\\/\\\/schema.org\",\"@graph\":[{\"@type\":\"Article\",\"@id\":\"https:\\\/\\\/mula.es\\\/web\\\/festejos-celebracion-de-las-fiestas-patronales-en-los-banos-de-mula\\\/#article\",\"isPartOf\":{\"@id\":\"https:\\\/\\\/mula.es\\\/web\\\/festejos-celebracion-de-las-fiestas-patronales-en-los-banos-de-mula\\\/\"},\"author\":{\"name\":\"Laura Salas Orcajada\",\"@id\":\"https:\\\/\\\/mula.es\\\/web\\\/#\\\/schema\\\/person\\\/4f10179bd364f40dceed361e61e4033f\"},\"headline\":\"FESTEJOS | Celebraci\u00f3n de las Fiestas Patronales en Los Ba\u00f1os de Mula\",\"datePublished\":\"2024-10-09T07:45:18+00:00\",\"mainEntityOfPage\":{\"@id\":\"https:\\\/\\\/mula.es\\\/web\\\/festejos-celebracion-de-las-fiestas-patronales-en-los-banos-de-mula\\\/\"},\"wordCount\":476,\"image\":{\"@id\":\"https:\\\/\\\/mula.es\\\/web\\\/festejos-celebracion-de-las-fiestas-patronales-en-los-banos-de-mula\\\/#primaryimage\"},\"thumbnailUrl\":\"https:\\\/\\\/mula.es\\\/web\\\/wp-content\\\/uploads\\\/2020\\\/06\\\/escudo-cuadrado-e1591045058235.jpg\",\"articleSection\":[\"festejos\"],\"inLanguage\":\"es\"},{\"@type\":\"WebPage\",\"@id\":\"https:\\\/\\\/mula.es\\\/web\\\/festejos-celebracion-de-las-fiestas-patronales-en-los-banos-de-mula\\\/\",\"url\":\"https:\\\/\\\/mula.es\\\/web\\\/festejos-celebracion-de-las-fiestas-patronales-en-los-banos-de-mula\\\/\",\"name\":\"FESTEJOS | Celebraci\u00f3n de las Fiestas Patronales en Los Ba\u00f1os de Mula - Ayuntamiento de Mula\",\"isPartOf\":{\"@id\":\"https:\\\/\\\/mula.es\\\/web\\\/#website\"},\"primaryImageOfPage\":{\"@id\":\"https:\\\/\\\/mula.es\\\/web\\\/festejos-celebracion-de-las-fiestas-patronales-en-los-banos-de-mula\\\/#primaryimage\"},\"image\":{\"@id\":\"https:\\\/\\\/mula.es\\\/web\\\/festejos-celebracion-de-las-fiestas-patronales-en-los-banos-de-mula\\\/#primaryimage\"},\"thumbnailUrl\":\"https:\\\/\\\/mula.es\\\/web\\\/wp-content\\\/uploads\\\/2020\\\/06\\\/escudo-cuadrado-e1591045058235.jpg\",\"datePublished\":\"2024-10-09T07:45:18+00:00\",\"author\":{\"@id\":\"https:\\\/\\\/mula.es\\\/web\\\/#\\\/schema\\\/person\\\/4f10179bd364f40dceed361e61e4033f\"},\"breadcrumb\":{\"@id\":\"https:\\\/\\\/mula.es\\\/web\\\/festejos-celebracion-de-las-fiestas-patronales-en-los-banos-de-mula\\\/#breadcrumb\"},\"inLanguage\":\"es\",\"potentialAction\":[{\"@type\":\"ReadAction\",\"target\":[\"https:\\\/\\\/mula.es\\\/web\\\/festejos-celebracion-de-las-fiestas-patronales-en-los-banos-de-mula\\\/\"]}]},{\"@type\":\"ImageObject\",\"inLanguage\":\"es\",\"@id\":\"https:\\\/\\\/mula.es\\\/web\\\/festejos-celebracion-de-las-fiestas-patronales-en-los-banos-de-mula\\\/#primaryimage\",\"url\":\"https:\\\/\\\/mula.es\\\/web\\\/wp-content\\\/uploads\\\/2020\\\/06\\\/escudo-cuadrado-e1591045058235.jpg\",\"contentUrl\":\"https:\\\/\\\/mula.es\\\/web\\\/wp-content\\\/uploads\\\/2020\\\/06\\\/escudo-cuadrado-e1591045058235.jpg\",\"width\":200,\"height\":218},{\"@type\":\"BreadcrumbList\",\"@id\":\"https:\\\/\\\/mula.es\\\/web\\\/festejos-celebracion-de-las-fiestas-patronales-en-los-banos-de-mula\\\/#breadcrumb\",\"itemListElement\":[{\"@type\":\"ListItem\",\"position\":1,\"name\":\"Portada\",\"item\":\"https:\\\/\\\/mula.es\\\/web\\\/\"},{\"@type\":\"ListItem\",\"position\":2,\"name\":\"FESTEJOS | Celebraci\u00f3n de las Fiestas Patronales en Los Ba\u00f1os de Mula\"}]},{\"@type\":\"WebSite\",\"@id\":\"https:\\\/\\\/mula.es\\\/web\\\/#website\",\"url\":\"https:\\\/\\\/mula.es\\\/web\\\/\",\"name\":\"Ayuntamiento de Mula\",\"description\":\"P\u00e1gina web del Ayuntamiento de Mula (Regi\u00f3n de Murcia)\",\"potentialAction\":[{\"@type\":\"SearchAction\",\"target\":{\"@type\":\"EntryPoint\",\"urlTemplate\":\"https:\\\/\\\/mula.es\\\/web\\\/?s={search_term_string}\"},\"query-input\":{\"@type\":\"PropertyValueSpecification\",\"valueRequired\":true,\"valueName\":\"search_term_string\"}}],\"inLanguage\":\"es\"},{\"@type\":\"Person\",\"@id\":\"https:\\\/\\\/mula.es\\\/web\\\/#\\\/schema\\\/person\\\/4f10179bd364f40dceed361e61e4033f\",\"name\":\"Laura Salas Orcajada\",\"image\":{\"@type\":\"ImageObject\",\"inLanguage\":\"es\",\"@id\":\"https:\\\/\\\/secure.gravatar.com\\\/avatar\\\/786f2a223d9a455e2a448f78b5dcc1117207ef56ef3d9a04df338c0f775cd403?s=96&d=mm&r=g\",\"url\":\"https:\\\/\\\/secure.gravatar.com\\\/avatar\\\/786f2a223d9a455e2a448f78b5dcc1117207ef56ef3d9a04df338c0f775cd403?s=96&d=mm&r=g\",\"contentUrl\":\"https:\\\/\\\/secure.gravatar.com\\\/avatar\\\/786f2a223d9a455e2a448f78b5dcc1117207ef56ef3d9a04df338c0f775cd403?s=96&d=mm&r=g\",\"caption\":\"Laura Salas Orcajada\"},\"url\":\"https:\\\/\\\/mula.es\\\/web\\\/author\\\/lsalas\\\/\"}]}<\/script>\n<!-- \/ Yoast SEO plugin. -->","yoast_head_json":{"title":"FESTEJOS | Celebraci\u00f3n de las Fiestas Patronales en Los Ba\u00f1os de Mula - Ayuntamiento de Mula","robots":{"index":"index","follow":"follow","max-snippet":"max-snippet:-1","max-image-preview":"max-image-preview:large","max-video-preview":"max-video-preview:-1"},"canonical":"https:\/\/mula.es\/web\/festejos-celebracion-de-las-fiestas-patronales-en-los-banos-de-mula\/","og_locale":"es_ES","og_type":"article","og_title":"FESTEJOS | Celebraci\u00f3n de las Fiestas Patronales en Los Ba\u00f1os de Mula - Ayuntamiento de Mula","og_description":"Celebraci\u00f3n de las Fiestas Patronales en Los Ba\u00f1os de Mula &nbsp; Mula, 9 de octubre de 2024 &#8211; El Ayuntamiento de Mula felicita todos los vecinos y vecinas de Los Ba\u00f1os de Mula por el inicio de sus Fiestas Patronales 2024. &nbsp; Las fiestas comienzan este viernes 11 de octubre con la inauguraci\u00f3n oficial y [...]","og_url":"https:\/\/mula.es\/web\/festejos-celebracion-de-las-fiestas-patronales-en-los-banos-de-mula\/","og_site_name":"Ayuntamiento de Mula","article_published_time":"2024-10-09T07:45:18+00:00","og_image":[{"width":200,"height":218,"url":"https:\/\/mula.es\/web\/wp-content\/uploads\/2020\/06\/escudo-cuadrado-e1591045058235.jpg","type":"image\/jpeg"}],"author":"Laura Salas Orcajada","twitter_card":"summary_large_image","twitter_creator":"@AyuntamientMula","twitter_site":"@AyuntamientMula","twitter_misc":{"Escrito por":"Laura Salas Orcajada","Tiempo de lectura":"3 minutos"},"schema":{"@context":"https:\/\/schema.org","@graph":[{"@type":"Article","@id":"https:\/\/mula.es\/web\/festejos-celebracion-de-las-fiestas-patronales-en-los-banos-de-mula\/#article","isPartOf":{"@id":"https:\/\/mula.es\/web\/festejos-celebracion-de-las-fiestas-patronales-en-los-banos-de-mula\/"},"author":{"name":"Laura Salas Orcajada","@id":"https:\/\/mula.es\/web\/#\/schema\/person\/4f10179bd364f40dceed361e61e4033f"},"headline":"FESTEJOS | Celebraci\u00f3n de las Fiestas Patronales en Los Ba\u00f1os de Mula","datePublished":"2024-10-09T07:45:18+00:00","mainEntityOfPage":{"@id":"https:\/\/mula.es\/web\/festejos-celebracion-de-las-fiestas-patronales-en-los-banos-de-mula\/"},"wordCount":476,"image":{"@id":"https:\/\/mula.es\/web\/festejos-celebracion-de-las-fiestas-patronales-en-los-banos-de-mula\/#primaryimage"},"thumbnailUrl":"https:\/\/mula.es\/web\/wp-content\/uploads\/2020\/06\/escudo-cuadrado-e1591045058235.jpg","articleSection":["festejos"],"inLanguage":"es"},{"@type":"WebPage","@id":"https:\/\/mula.es\/web\/festejos-celebracion-de-las-fiestas-patronales-en-los-banos-de-mula\/","url":"https:\/\/mula.es\/web\/festejos-celebracion-de-las-fiestas-patronales-en-los-banos-de-mula\/","name":"FESTEJOS | Celebraci\u00f3n de las Fiestas Patronales en Los Ba\u00f1os de Mula - Ayuntamiento de Mula","isPartOf":{"@id":"https:\/\/mula.es\/web\/#website"},"primaryImageOfPage":{"@id":"https:\/\/mula.es\/web\/festejos-celebracion-de-las-fiestas-patronales-en-los-banos-de-mula\/#primaryimage"},"image":{"@id":"https:\/\/mula.es\/web\/festejos-celebracion-de-las-fiestas-patronales-en-los-banos-de-mula\/#primaryimage"},"thumbnailUrl":"https:\/\/mula.es\/web\/wp-content\/uploads\/2020\/06\/escudo-cuadrado-e1591045058235.jpg","datePublished":"2024-10-09T07:45:18+00:00","author":{"@id":"https:\/\/mula.es\/web\/#\/schema\/person\/4f10179bd364f40dceed361e61e4033f"},"breadcrumb":{"@id":"https:\/\/mula.es\/web\/festejos-celebracion-de-las-fiestas-patronales-en-los-banos-de-mula\/#breadcrumb"},"inLanguage":"es","potentialAction":[{"@type":"ReadAction","target":["https:\/\/mula.es\/web\/festejos-celebracion-de-las-fiestas-patronales-en-los-banos-de-mula\/"]}]},{"@type":"ImageObject","inLanguage":"es","@id":"https:\/\/mula.es\/web\/festejos-celebracion-de-las-fiestas-patronales-en-los-banos-de-mula\/#primaryimage","url":"https:\/\/mula.es\/web\/wp-content\/uploads\/2020\/06\/escudo-cuadrado-e1591045058235.jpg","contentUrl":"https:\/\/mula.es\/web\/wp-content\/uploads\/2020\/06\/escudo-cuadrado-e1591045058235.jpg","width":200,"height":218},{"@type":"BreadcrumbList","@id":"https:\/\/mula.es\/web\/festejos-celebracion-de-las-fiestas-patronales-en-los-banos-de-mula\/#breadcrumb","itemListElement":[{"@type":"ListItem","position":1,"name":"Portada","item":"https:\/\/mula.es\/web\/"},{"@type":"ListItem","position":2,"name":"FESTEJOS | Celebraci\u00f3n de las Fiestas Patronales en Los Ba\u00f1os de Mula"}]},{"@type":"WebSite","@id":"https:\/\/mula.es\/web\/#website","url":"https:\/\/mula.es\/web\/","name":"Ayuntamiento de Mula","description":"P\u00e1gina web del Ayuntamiento de Mula (Regi\u00f3n de Murcia)","potentialAction":[{"@type":"SearchAction","target":{"@type":"EntryPoint","urlTemplate":"https:\/\/mula.es\/web\/?s={search_term_string}"},"query-input":{"@type":"PropertyValueSpecification","valueRequired":true,"valueName":"search_term_string"}}],"inLanguage":"es"},{"@type":"Person","@id":"https:\/\/mula.es\/web\/#\/schema\/person\/4f10179bd364f40dceed361e61e4033f","name":"Laura Salas Orcajada","image":{"@type":"ImageObject","inLanguage":"es","@id":"https:\/\/secure.gravatar.com\/avatar\/786f2a223d9a455e2a448f78b5dcc1117207ef56ef3d9a04df338c0f775cd403?s=96&d=mm&r=g","url":"https:\/\/secure.gravatar.com\/avatar\/786f2a223d9a455e2a448f78b5dcc1117207ef56ef3d9a04df338c0f775cd403?s=96&d=mm&r=g","contentUrl":"https:\/\/secure.gravatar.com\/avatar\/786f2a223d9a455e2a448f78b5dcc1117207ef56ef3d9a04df338c0f775cd403?s=96&d=mm&r=g","caption":"Laura Salas Orcajada"},"url":"https:\/\/mula.es\/web\/author\/lsalas\/"}]}},"jetpack_publicize_connections":[],"jetpack_featured_media_url":"https:\/\/mula.es\/web\/wp-content\/uploads\/2020\/06\/escudo-cuadrado-e1591045058235.jpg","jetpack_sharing_enabled":true,"jetpack_shortlink":"https:\/\/wp.me\/pa9DMY-etN","jetpack-related-posts":[],"_links":{"self":[{"href":"https:\/\/mula.es\/web\/wp-json\/wp\/v2\/posts\/55663","targetHints":{"allow":["GET"]}}],"collection":[{"href":"https:\/\/mula.es\/web\/wp-json\/wp\/v2\/posts"}],"about":[{"href":"https:\/\/mula.es\/web\/wp-json\/wp\/v2\/types\/post"}],"author":[{"embeddable":true,"href":"https:\/\/mula.es\/web\/wp-json\/wp\/v2\/users\/13"}],"replies":[{"embeddable":true,"href":"https:\/\/mula.es\/web\/wp-json\/wp\/v2\/comments?post=55663"}],"version-history":[{"count":1,"href":"https:\/\/mula.es\/web\/wp-json\/wp\/v2\/posts\/55663\/revisions"}],"predecessor-version":[{"id":55665,"href":"https:\/\/mula.es\/web\/wp-json\/wp\/v2\/posts\/55663\/revisions\/55665"}],"wp:featuredmedia":[{"embeddable":true,"href":"https:\/\/mula.es\/web\/wp-json\/wp\/v2\/media\/33512"}],"wp:attachment":[{"href":"https:\/\/mula.es\/web\/wp-json\/wp\/v2\/media?parent=55663"}],"wp:term":[{"taxonomy":"category","embeddable":true,"href":"https:\/\/mula.es\/web\/wp-json\/wp\/v2\/categories?post=55663"},{"taxonomy":"post_tag","embeddable":true,"href":"https:\/\/mula.es\/web\/wp-json\/wp\/v2\/tags?post=55663"}],"curies":[{"name":"wp","href":"https:\/\/api.w.org\/{rel}","templated":true}]}}