{"id":55704,"date":"2024-10-12T10:00:33","date_gmt":"2024-10-12T08:00:33","guid":{"rendered":"https:\/\/mula.es\/web\/?p=55704"},"modified":"2024-10-12T10:03:26","modified_gmt":"2024-10-12T08:03:26","slug":"festejos-inauguracion-de-las-fiestas-patronales-en-los-banos-de-mula-2024","status":"publish","type":"post","link":"https:\/\/mula.es\/web\/festejos-inauguracion-de-las-fiestas-patronales-en-los-banos-de-mula-2024\/","title":{"rendered":"FESTEJOS | Inauguraci\u00f3n de las Fiestas Patronales en Los Ba\u00f1os de Mula 2024"},"content":{"rendered":"<p><strong>El Ayuntamiento de Mula inaugura las Fiestas Patronales de Los Ba\u00f1os de Mula 2024 con un fin de semana lleno de actividades<\/strong><\/p>\n<p><strong>Mula, 12 de octubre de 2024<\/strong> \u2013 El Ayuntamiento de Mula inaugur\u00f3 anoche las Fiestas Patronales de Los Ba\u00f1os de Mula, las cuales se extender\u00e1n hasta este domingo 13 de octubre con una variada programaci\u00f3n.<\/p>\n<p>Las festividades comenzaron con la inauguraci\u00f3n oficial y la coronaci\u00f3n del Rey \u00a02024 Javier y de la Reina 2024 Valentina. Un acto que reuni\u00f3 a vecinos y visitantes en un ambiente de alegr\u00eda y convivencia. Tras el acto de coronaci\u00f3n, los asistentes pudieron degustar productos t\u00edpicos de la zona, mientras disfrutaban de la m\u00fasica en vivo del grupo Los Caballeros de la Tabla de Lavar.<\/p>\n<p>&nbsp;<\/p>\n<p>La noche continu\u00f3 con un esperado tributo a Alejandro Sanz, interpretado por Juan Pedro Bonet, quien ofreci\u00f3 una emotiva actuaci\u00f3n que revivi\u00f3 los grandes \u00e9xitos del artista espa\u00f1ol. Para cerrar la jornada, una Discom\u00f3vil mantuvo el ambiente festivo y la pista de baile llena de energ\u00eda, marcando el inicio de estas esperadas fiestas.<\/p>\n<p>&nbsp;<\/p>\n<p>El Ayuntamiento de Mula invita a todos los vecinos y visitantes a unirse a las actividades programadas para este fin de semana, que incluyen eventos para toda la familia. A lo largo de estos d\u00edas, los asistentes podr\u00e1n disfrutar de la rica gastronom\u00eda local, m\u00fasica en vivo y diversas actividades recreativas en Los Ba\u00f1os de Mula.<\/p>\n<p>&nbsp;<\/p>\n<p>Desde el Ayuntamiento de Mula se extiende un agradecimiento especial a su ped\u00e1nea, Irene S\u00e1nchez Soriano, y a todas las personas que hacen posibles estas fiestas, en especial a la Comisi\u00f3n de Fiestas y a los colaboradores que han trabajado incansablemente para que estas celebraciones sean todo un \u00e9xito.<\/p>\n<p>&nbsp;<\/p>\n<p><a href=\"https:\/\/mula.es\/web\/wp-content\/uploads\/2024\/10\/1-9-scaled.jpg\"><img decoding=\"async\" data-attachment-id=\"55705\" data-permalink=\"https:\/\/mula.es\/web\/festejos-inauguracion-de-las-fiestas-patronales-en-los-banos-de-mula-2024\/1-109\/\" data-orig-file=\"https:\/\/mula.es\/web\/wp-content\/uploads\/2024\/10\/1-9-scaled.jpg\" data-orig-size=\"2560,1440\" data-comments-opened=\"0\" data-image-meta=\"{&quot;aperture&quot;:&quot;0&quot;,&quot;credit&quot;:&quot;&quot;,&quot;camera&quot;:&quot;&quot;,&quot;caption&quot;:&quot;&quot;,&quot;created_timestamp&quot;:&quot;0&quot;,&quot;copyright&quot;:&quot;&quot;,&quot;focal_length&quot;:&quot;0&quot;,&quot;iso&quot;:&quot;0&quot;,&quot;shutter_speed&quot;:&quot;0&quot;,&quot;title&quot;:&quot;&quot;,&quot;orientation&quot;:&quot;1&quot;}\" data-image-title=\"1\" data-image-description=\"\" data-image-caption=\"\" data-large-file=\"https:\/\/mula.es\/web\/wp-content\/uploads\/2024\/10\/1-9-1024x576.jpg\" class=\"alignnone size-medium wp-image-55705\" src=\"https:\/\/mula.es\/web\/wp-content\/uploads\/2024\/10\/1-9-300x169.jpg\" alt=\"\" width=\"300\" height=\"169\" srcset=\"https:\/\/mula.es\/web\/wp-content\/uploads\/2024\/10\/1-9-200x113.jpg 200w, https:\/\/mula.es\/web\/wp-content\/uploads\/2024\/10\/1-9-300x169.jpg 300w, https:\/\/mula.es\/web\/wp-content\/uploads\/2024\/10\/1-9-400x225.jpg 400w, https:\/\/mula.es\/web\/wp-content\/uploads\/2024\/10\/1-9-600x338.jpg 600w, https:\/\/mula.es\/web\/wp-content\/uploads\/2024\/10\/1-9-768x432.jpg 768w, https:\/\/mula.es\/web\/wp-content\/uploads\/2024\/10\/1-9-800x450.jpg 800w, https:\/\/mula.es\/web\/wp-content\/uploads\/2024\/10\/1-9-1024x576.jpg 1024w, https:\/\/mula.es\/web\/wp-content\/uploads\/2024\/10\/1-9-1200x675.jpg 1200w, https:\/\/mula.es\/web\/wp-content\/uploads\/2024\/10\/1-9-1536x864.jpg 1536w\" sizes=\"(max-width: 300px) 100vw, 300px\" \/><\/a> <a href=\"https:\/\/mula.es\/web\/wp-content\/uploads\/2024\/10\/2-9-scaled.jpg\"><img decoding=\"async\" data-attachment-id=\"55706\" data-permalink=\"https:\/\/mula.es\/web\/festejos-inauguracion-de-las-fiestas-patronales-en-los-banos-de-mula-2024\/2-103\/\" data-orig-file=\"https:\/\/mula.es\/web\/wp-content\/uploads\/2024\/10\/2-9-scaled.jpg\" data-orig-size=\"2560,1440\" data-comments-opened=\"0\" data-image-meta=\"{&quot;aperture&quot;:&quot;0&quot;,&quot;credit&quot;:&quot;&quot;,&quot;camera&quot;:&quot;&quot;,&quot;caption&quot;:&quot;&quot;,&quot;created_timestamp&quot;:&quot;0&quot;,&quot;copyright&quot;:&quot;&quot;,&quot;focal_length&quot;:&quot;0&quot;,&quot;iso&quot;:&quot;0&quot;,&quot;shutter_speed&quot;:&quot;0&quot;,&quot;title&quot;:&quot;&quot;,&quot;orientation&quot;:&quot;1&quot;}\" data-image-title=\"2\" data-image-description=\"\" data-image-caption=\"\" data-large-file=\"https:\/\/mula.es\/web\/wp-content\/uploads\/2024\/10\/2-9-1024x576.jpg\" class=\"alignnone size-medium wp-image-55706\" src=\"https:\/\/mula.es\/web\/wp-content\/uploads\/2024\/10\/2-9-300x169.jpg\" alt=\"\" width=\"300\" height=\"169\" srcset=\"https:\/\/mula.es\/web\/wp-content\/uploads\/2024\/10\/2-9-200x113.jpg 200w, https:\/\/mula.es\/web\/wp-content\/uploads\/2024\/10\/2-9-300x169.jpg 300w, https:\/\/mula.es\/web\/wp-content\/uploads\/2024\/10\/2-9-400x225.jpg 400w, https:\/\/mula.es\/web\/wp-content\/uploads\/2024\/10\/2-9-600x338.jpg 600w, https:\/\/mula.es\/web\/wp-content\/uploads\/2024\/10\/2-9-768x432.jpg 768w, https:\/\/mula.es\/web\/wp-content\/uploads\/2024\/10\/2-9-800x450.jpg 800w, https:\/\/mula.es\/web\/wp-content\/uploads\/2024\/10\/2-9-1024x576.jpg 1024w, https:\/\/mula.es\/web\/wp-content\/uploads\/2024\/10\/2-9-1200x675.jpg 1200w, https:\/\/mula.es\/web\/wp-content\/uploads\/2024\/10\/2-9-1536x864.jpg 1536w\" sizes=\"(max-width: 300px) 100vw, 300px\" \/><\/a> <a href=\"https:\/\/mula.es\/web\/wp-content\/uploads\/2024\/10\/3-8-scaled.jpg\"><img decoding=\"async\" data-attachment-id=\"55707\" data-permalink=\"https:\/\/mula.es\/web\/festejos-inauguracion-de-las-fiestas-patronales-en-los-banos-de-mula-2024\/3-92\/\" data-orig-file=\"https:\/\/mula.es\/web\/wp-content\/uploads\/2024\/10\/3-8-scaled.jpg\" data-orig-size=\"2560,1440\" data-comments-opened=\"0\" data-image-meta=\"{&quot;aperture&quot;:&quot;0&quot;,&quot;credit&quot;:&quot;&quot;,&quot;camera&quot;:&quot;&quot;,&quot;caption&quot;:&quot;&quot;,&quot;created_timestamp&quot;:&quot;0&quot;,&quot;copyright&quot;:&quot;&quot;,&quot;focal_length&quot;:&quot;0&quot;,&quot;iso&quot;:&quot;0&quot;,&quot;shutter_speed&quot;:&quot;0&quot;,&quot;title&quot;:&quot;&quot;,&quot;orientation&quot;:&quot;1&quot;}\" data-image-title=\"3\" data-image-description=\"\" data-image-caption=\"\" data-large-file=\"https:\/\/mula.es\/web\/wp-content\/uploads\/2024\/10\/3-8-1024x576.jpg\" class=\"alignnone size-medium wp-image-55707\" src=\"https:\/\/mula.es\/web\/wp-content\/uploads\/2024\/10\/3-8-300x169.jpg\" alt=\"\" width=\"300\" height=\"169\" srcset=\"https:\/\/mula.es\/web\/wp-content\/uploads\/2024\/10\/3-8-200x113.jpg 200w, https:\/\/mula.es\/web\/wp-content\/uploads\/2024\/10\/3-8-300x169.jpg 300w, https:\/\/mula.es\/web\/wp-content\/uploads\/2024\/10\/3-8-400x225.jpg 400w, https:\/\/mula.es\/web\/wp-content\/uploads\/2024\/10\/3-8-600x338.jpg 600w, https:\/\/mula.es\/web\/wp-content\/uploads\/2024\/10\/3-8-768x432.jpg 768w, https:\/\/mula.es\/web\/wp-content\/uploads\/2024\/10\/3-8-800x450.jpg 800w, https:\/\/mula.es\/web\/wp-content\/uploads\/2024\/10\/3-8-1024x576.jpg 1024w, https:\/\/mula.es\/web\/wp-content\/uploads\/2024\/10\/3-8-1200x675.jpg 1200w, https:\/\/mula.es\/web\/wp-content\/uploads\/2024\/10\/3-8-1536x864.jpg 1536w\" sizes=\"(max-width: 300px) 100vw, 300px\" \/><\/a> <a href=\"https:\/\/mula.es\/web\/wp-content\/uploads\/2024\/10\/4-5-scaled.jpg\"><img decoding=\"async\" data-attachment-id=\"55708\" data-permalink=\"https:\/\/mula.es\/web\/festejos-inauguracion-de-las-fiestas-patronales-en-los-banos-de-mula-2024\/4-63\/\" data-orig-file=\"https:\/\/mula.es\/web\/wp-content\/uploads\/2024\/10\/4-5-scaled.jpg\" data-orig-size=\"2560,1440\" data-comments-opened=\"0\" data-image-meta=\"{&quot;aperture&quot;:&quot;0&quot;,&quot;credit&quot;:&quot;&quot;,&quot;camera&quot;:&quot;&quot;,&quot;caption&quot;:&quot;&quot;,&quot;created_timestamp&quot;:&quot;0&quot;,&quot;copyright&quot;:&quot;&quot;,&quot;focal_length&quot;:&quot;0&quot;,&quot;iso&quot;:&quot;0&quot;,&quot;shutter_speed&quot;:&quot;0&quot;,&quot;title&quot;:&quot;&quot;,&quot;orientation&quot;:&quot;1&quot;}\" data-image-title=\"4\" data-image-description=\"\" data-image-caption=\"\" data-large-file=\"https:\/\/mula.es\/web\/wp-content\/uploads\/2024\/10\/4-5-1024x576.jpg\" class=\"alignnone size-medium wp-image-55708\" src=\"https:\/\/mula.es\/web\/wp-content\/uploads\/2024\/10\/4-5-300x169.jpg\" alt=\"\" width=\"300\" height=\"169\" srcset=\"https:\/\/mula.es\/web\/wp-content\/uploads\/2024\/10\/4-5-200x113.jpg 200w, https:\/\/mula.es\/web\/wp-content\/uploads\/2024\/10\/4-5-300x169.jpg 300w, https:\/\/mula.es\/web\/wp-content\/uploads\/2024\/10\/4-5-400x225.jpg 400w, https:\/\/mula.es\/web\/wp-content\/uploads\/2024\/10\/4-5-600x338.jpg 600w, https:\/\/mula.es\/web\/wp-content\/uploads\/2024\/10\/4-5-768x432.jpg 768w, https:\/\/mula.es\/web\/wp-content\/uploads\/2024\/10\/4-5-800x450.jpg 800w, https:\/\/mula.es\/web\/wp-content\/uploads\/2024\/10\/4-5-1024x576.jpg 1024w, https:\/\/mula.es\/web\/wp-content\/uploads\/2024\/10\/4-5-1200x675.jpg 1200w, https:\/\/mula.es\/web\/wp-content\/uploads\/2024\/10\/4-5-1536x864.jpg 1536w\" sizes=\"(max-width: 300px) 100vw, 300px\" \/><\/a> <a href=\"https:\/\/mula.es\/web\/wp-content\/uploads\/2024\/10\/5-3-scaled.jpg\"><img decoding=\"async\" data-attachment-id=\"55709\" data-permalink=\"https:\/\/mula.es\/web\/festejos-inauguracion-de-las-fiestas-patronales-en-los-banos-de-mula-2024\/5-33\/\" data-orig-file=\"https:\/\/mula.es\/web\/wp-content\/uploads\/2024\/10\/5-3-scaled.jpg\" data-orig-size=\"2560,1440\" data-comments-opened=\"0\" data-image-meta=\"{&quot;aperture&quot;:&quot;0&quot;,&quot;credit&quot;:&quot;&quot;,&quot;camera&quot;:&quot;&quot;,&quot;caption&quot;:&quot;&quot;,&quot;created_timestamp&quot;:&quot;0&quot;,&quot;copyright&quot;:&quot;&quot;,&quot;focal_length&quot;:&quot;0&quot;,&quot;iso&quot;:&quot;0&quot;,&quot;shutter_speed&quot;:&quot;0&quot;,&quot;title&quot;:&quot;&quot;,&quot;orientation&quot;:&quot;1&quot;}\" data-image-title=\"5\" data-image-description=\"\" data-image-caption=\"\" data-large-file=\"https:\/\/mula.es\/web\/wp-content\/uploads\/2024\/10\/5-3-1024x576.jpg\" class=\"alignnone size-medium wp-image-55709\" src=\"https:\/\/mula.es\/web\/wp-content\/uploads\/2024\/10\/5-3-300x169.jpg\" alt=\"\" width=\"300\" height=\"169\" srcset=\"https:\/\/mula.es\/web\/wp-content\/uploads\/2024\/10\/5-3-200x113.jpg 200w, https:\/\/mula.es\/web\/wp-content\/uploads\/2024\/10\/5-3-300x169.jpg 300w, https:\/\/mula.es\/web\/wp-content\/uploads\/2024\/10\/5-3-400x225.jpg 400w, https:\/\/mula.es\/web\/wp-content\/uploads\/2024\/10\/5-3-600x338.jpg 600w, https:\/\/mula.es\/web\/wp-content\/uploads\/2024\/10\/5-3-768x432.jpg 768w, https:\/\/mula.es\/web\/wp-content\/uploads\/2024\/10\/5-3-800x450.jpg 800w, https:\/\/mula.es\/web\/wp-content\/uploads\/2024\/10\/5-3-1024x576.jpg 1024w, https:\/\/mula.es\/web\/wp-content\/uploads\/2024\/10\/5-3-1200x675.jpg 1200w, https:\/\/mula.es\/web\/wp-content\/uploads\/2024\/10\/5-3-1536x864.jpg 1536w\" sizes=\"(max-width: 300px) 100vw, 300px\" \/><\/a><\/p>\n<p><a href=\"https:\/\/mula.es\/web\/wp-content\/uploads\/2024\/10\/FIESTAS-LOS-BANOS-DE-MULA.jpg\"><img decoding=\"async\" data-attachment-id=\"55664\" data-permalink=\"https:\/\/mula.es\/web\/festejos-celebracion-de-las-fiestas-patronales-en-los-banos-de-mula\/fiestas-los-banos-de-mula\/\" data-orig-file=\"https:\/\/mula.es\/web\/wp-content\/uploads\/2024\/10\/FIESTAS-LOS-BANOS-DE-MULA.jpg\" data-orig-size=\"1129,1600\" data-comments-opened=\"0\" data-image-meta=\"{&quot;aperture&quot;:&quot;0&quot;,&quot;credit&quot;:&quot;&quot;,&quot;camera&quot;:&quot;&quot;,&quot;caption&quot;:&quot;&quot;,&quot;created_timestamp&quot;:&quot;0&quot;,&quot;copyright&quot;:&quot;&quot;,&quot;focal_length&quot;:&quot;0&quot;,&quot;iso&quot;:&quot;0&quot;,&quot;shutter_speed&quot;:&quot;0&quot;,&quot;title&quot;:&quot;&quot;,&quot;orientation&quot;:&quot;0&quot;}\" data-image-title=\"FIESTAS LOS BAN\u0303OS DE MULA\" data-image-description=\"\" data-image-caption=\"\" data-large-file=\"https:\/\/mula.es\/web\/wp-content\/uploads\/2024\/10\/FIESTAS-LOS-BANOS-DE-MULA-723x1024.jpg\" class=\"size-medium wp-image-55664 aligncenter\" src=\"https:\/\/mula.es\/web\/wp-content\/uploads\/2024\/10\/FIESTAS-LOS-BANOS-DE-MULA-212x300.jpg\" alt=\"\" width=\"212\" height=\"300\" srcset=\"https:\/\/mula.es\/web\/wp-content\/uploads\/2024\/10\/FIESTAS-LOS-BANOS-DE-MULA-200x283.jpg 200w, https:\/\/mula.es\/web\/wp-content\/uploads\/2024\/10\/FIESTAS-LOS-BANOS-DE-MULA-212x300.jpg 212w, https:\/\/mula.es\/web\/wp-content\/uploads\/2024\/10\/FIESTAS-LOS-BANOS-DE-MULA-400x567.jpg 400w, https:\/\/mula.es\/web\/wp-content\/uploads\/2024\/10\/FIESTAS-LOS-BANOS-DE-MULA-600x850.jpg 600w, https:\/\/mula.es\/web\/wp-content\/uploads\/2024\/10\/FIESTAS-LOS-BANOS-DE-MULA-723x1024.jpg 723w, https:\/\/mula.es\/web\/wp-content\/uploads\/2024\/10\/FIESTAS-LOS-BANOS-DE-MULA-768x1088.jpg 768w, https:\/\/mula.es\/web\/wp-content\/uploads\/2024\/10\/FIESTAS-LOS-BANOS-DE-MULA-800x1134.jpg 800w, https:\/\/mula.es\/web\/wp-content\/uploads\/2024\/10\/FIESTAS-LOS-BANOS-DE-MULA-1084x1536.jpg 1084w, https:\/\/mula.es\/web\/wp-content\/uploads\/2024\/10\/FIESTAS-LOS-BANOS-DE-MULA.jpg 1129w\" sizes=\"(max-width: 212px) 100vw, 212px\" \/><\/a><\/p>\n<p>&nbsp;<\/p>\n","protected":false},"excerpt":{"rendered":"<p>El Ayuntamiento de Mula inaugura las Fiestas Patronales de Los Ba\u00f1os de Mula 2024 con un fin de semana lleno de actividades Mula, 12 de octubre de 2024 \u2013 El Ayuntamiento de Mula inaugur\u00f3 anoche las Fiestas Patronales de Los Ba\u00f1os de Mula, las cuales se extender\u00e1n hasta este domingo 13 de octubre con una  [&#8230;]<\/p>\n","protected":false},"author":13,"featured_media":33512,"comment_status":"closed","ping_status":"closed","sticky":false,"template":"","format":"standard","meta":{"jetpack_post_was_ever_published":false,"_jetpack_newsletter_access":"","_jetpack_dont_email_post_to_subs":false,"_jetpack_newsletter_tier_id":0,"_jetpack_memberships_contains_paywalled_content":false,"_jetpack_memberships_contains_paid_content":false,"footnotes":"","jetpack_publicize_message":"","jetpack_publicize_feature_enabled":true,"jetpack_social_post_already_shared":false,"jetpack_social_options":{"image_generator_settings":{"template":"highway","default_image_id":0,"font":"","enabled":false},"version":2}},"categories":[171],"tags":[],"class_list":["post-55704","post","type-post","status-publish","format-standard","has-post-thumbnail","hentry","category-festejos"],"yoast_head":"<!-- This site is optimized with the Yoast SEO plugin v27.5 - https:\/\/yoast.com\/product\/yoast-seo-wordpress\/ -->\n<title>FESTEJOS | Inauguraci\u00f3n de las Fiestas Patronales en Los Ba\u00f1os de Mula 2024 - Ayuntamiento de Mula<\/title>\n<meta name=\"robots\" content=\"index, follow, max-snippet:-1, max-image-preview:large, max-video-preview:-1\" \/>\n<link rel=\"canonical\" href=\"https:\/\/mula.es\/web\/festejos-inauguracion-de-las-fiestas-patronales-en-los-banos-de-mula-2024\/\" \/>\n<meta property=\"og:locale\" content=\"es_ES\" \/>\n<meta property=\"og:type\" content=\"article\" \/>\n<meta property=\"og:title\" content=\"FESTEJOS | Inauguraci\u00f3n de las Fiestas Patronales en Los Ba\u00f1os de Mula 2024 - Ayuntamiento de Mula\" \/>\n<meta property=\"og:description\" content=\"El Ayuntamiento de Mula inaugura las Fiestas Patronales de Los Ba\u00f1os de Mula 2024 con un fin de semana lleno de actividades Mula, 12 de octubre de 2024 \u2013 El Ayuntamiento de Mula inaugur\u00f3 anoche las Fiestas Patronales de Los Ba\u00f1os de Mula, las cuales se extender\u00e1n hasta este domingo 13 de octubre con una [...]\" \/>\n<meta property=\"og:url\" content=\"https:\/\/mula.es\/web\/festejos-inauguracion-de-las-fiestas-patronales-en-los-banos-de-mula-2024\/\" \/>\n<meta property=\"og:site_name\" content=\"Ayuntamiento de Mula\" \/>\n<meta property=\"article:published_time\" content=\"2024-10-12T08:00:33+00:00\" \/>\n<meta property=\"article:modified_time\" content=\"2024-10-12T08:03:26+00:00\" \/>\n<meta property=\"og:image\" content=\"https:\/\/mula.es\/web\/wp-content\/uploads\/2020\/06\/escudo-cuadrado-e1591045058235.jpg\" \/>\n\t<meta property=\"og:image:width\" content=\"200\" \/>\n\t<meta property=\"og:image:height\" content=\"218\" \/>\n\t<meta property=\"og:image:type\" content=\"image\/jpeg\" \/>\n<meta name=\"author\" content=\"Laura Salas Orcajada\" \/>\n<meta name=\"twitter:card\" content=\"summary_large_image\" \/>\n<meta name=\"twitter:creator\" content=\"@AyuntamientMula\" \/>\n<meta name=\"twitter:site\" content=\"@AyuntamientMula\" \/>\n<meta name=\"twitter:label1\" content=\"Escrito por\" \/>\n\t<meta name=\"twitter:data1\" content=\"Laura Salas Orcajada\" \/>\n\t<meta name=\"twitter:label2\" content=\"Tiempo de lectura\" \/>\n\t<meta name=\"twitter:data2\" content=\"3 minutos\" \/>\n<script type=\"application\/ld+json\" class=\"yoast-schema-graph\">{\"@context\":\"https:\\\/\\\/schema.org\",\"@graph\":[{\"@type\":\"Article\",\"@id\":\"https:\\\/\\\/mula.es\\\/web\\\/festejos-inauguracion-de-las-fiestas-patronales-en-los-banos-de-mula-2024\\\/#article\",\"isPartOf\":{\"@id\":\"https:\\\/\\\/mula.es\\\/web\\\/festejos-inauguracion-de-las-fiestas-patronales-en-los-banos-de-mula-2024\\\/\"},\"author\":{\"name\":\"Laura Salas Orcajada\",\"@id\":\"https:\\\/\\\/mula.es\\\/web\\\/#\\\/schema\\\/person\\\/4f10179bd364f40dceed361e61e4033f\"},\"headline\":\"FESTEJOS | Inauguraci\u00f3n de las Fiestas Patronales en Los Ba\u00f1os de Mula 2024\",\"datePublished\":\"2024-10-12T08:00:33+00:00\",\"dateModified\":\"2024-10-12T08:03:26+00:00\",\"mainEntityOfPage\":{\"@id\":\"https:\\\/\\\/mula.es\\\/web\\\/festejos-inauguracion-de-las-fiestas-patronales-en-los-banos-de-mula-2024\\\/\"},\"wordCount\":313,\"image\":{\"@id\":\"https:\\\/\\\/mula.es\\\/web\\\/festejos-inauguracion-de-las-fiestas-patronales-en-los-banos-de-mula-2024\\\/#primaryimage\"},\"thumbnailUrl\":\"https:\\\/\\\/mula.es\\\/web\\\/wp-content\\\/uploads\\\/2020\\\/06\\\/escudo-cuadrado-e1591045058235.jpg\",\"articleSection\":[\"festejos\"],\"inLanguage\":\"es\"},{\"@type\":\"WebPage\",\"@id\":\"https:\\\/\\\/mula.es\\\/web\\\/festejos-inauguracion-de-las-fiestas-patronales-en-los-banos-de-mula-2024\\\/\",\"url\":\"https:\\\/\\\/mula.es\\\/web\\\/festejos-inauguracion-de-las-fiestas-patronales-en-los-banos-de-mula-2024\\\/\",\"name\":\"FESTEJOS | Inauguraci\u00f3n de las Fiestas Patronales en Los Ba\u00f1os de Mula 2024 - Ayuntamiento de Mula\",\"isPartOf\":{\"@id\":\"https:\\\/\\\/mula.es\\\/web\\\/#website\"},\"primaryImageOfPage\":{\"@id\":\"https:\\\/\\\/mula.es\\\/web\\\/festejos-inauguracion-de-las-fiestas-patronales-en-los-banos-de-mula-2024\\\/#primaryimage\"},\"image\":{\"@id\":\"https:\\\/\\\/mula.es\\\/web\\\/festejos-inauguracion-de-las-fiestas-patronales-en-los-banos-de-mula-2024\\\/#primaryimage\"},\"thumbnailUrl\":\"https:\\\/\\\/mula.es\\\/web\\\/wp-content\\\/uploads\\\/2020\\\/06\\\/escudo-cuadrado-e1591045058235.jpg\",\"datePublished\":\"2024-10-12T08:00:33+00:00\",\"dateModified\":\"2024-10-12T08:03:26+00:00\",\"author\":{\"@id\":\"https:\\\/\\\/mula.es\\\/web\\\/#\\\/schema\\\/person\\\/4f10179bd364f40dceed361e61e4033f\"},\"breadcrumb\":{\"@id\":\"https:\\\/\\\/mula.es\\\/web\\\/festejos-inauguracion-de-las-fiestas-patronales-en-los-banos-de-mula-2024\\\/#breadcrumb\"},\"inLanguage\":\"es\",\"potentialAction\":[{\"@type\":\"ReadAction\",\"target\":[\"https:\\\/\\\/mula.es\\\/web\\\/festejos-inauguracion-de-las-fiestas-patronales-en-los-banos-de-mula-2024\\\/\"]}]},{\"@type\":\"ImageObject\",\"inLanguage\":\"es\",\"@id\":\"https:\\\/\\\/mula.es\\\/web\\\/festejos-inauguracion-de-las-fiestas-patronales-en-los-banos-de-mula-2024\\\/#primaryimage\",\"url\":\"https:\\\/\\\/mula.es\\\/web\\\/wp-content\\\/uploads\\\/2020\\\/06\\\/escudo-cuadrado-e1591045058235.jpg\",\"contentUrl\":\"https:\\\/\\\/mula.es\\\/web\\\/wp-content\\\/uploads\\\/2020\\\/06\\\/escudo-cuadrado-e1591045058235.jpg\",\"width\":200,\"height\":218},{\"@type\":\"BreadcrumbList\",\"@id\":\"https:\\\/\\\/mula.es\\\/web\\\/festejos-inauguracion-de-las-fiestas-patronales-en-los-banos-de-mula-2024\\\/#breadcrumb\",\"itemListElement\":[{\"@type\":\"ListItem\",\"position\":1,\"name\":\"Portada\",\"item\":\"https:\\\/\\\/mula.es\\\/web\\\/\"},{\"@type\":\"ListItem\",\"position\":2,\"name\":\"FESTEJOS | Inauguraci\u00f3n de las Fiestas Patronales en Los Ba\u00f1os de Mula 2024\"}]},{\"@type\":\"WebSite\",\"@id\":\"https:\\\/\\\/mula.es\\\/web\\\/#website\",\"url\":\"https:\\\/\\\/mula.es\\\/web\\\/\",\"name\":\"Ayuntamiento de Mula\",\"description\":\"P\u00e1gina web del Ayuntamiento de Mula (Regi\u00f3n de Murcia)\",\"potentialAction\":[{\"@type\":\"SearchAction\",\"target\":{\"@type\":\"EntryPoint\",\"urlTemplate\":\"https:\\\/\\\/mula.es\\\/web\\\/?s={search_term_string}\"},\"query-input\":{\"@type\":\"PropertyValueSpecification\",\"valueRequired\":true,\"valueName\":\"search_term_string\"}}],\"inLanguage\":\"es\"},{\"@type\":\"Person\",\"@id\":\"https:\\\/\\\/mula.es\\\/web\\\/#\\\/schema\\\/person\\\/4f10179bd364f40dceed361e61e4033f\",\"name\":\"Laura Salas Orcajada\",\"image\":{\"@type\":\"ImageObject\",\"inLanguage\":\"es\",\"@id\":\"https:\\\/\\\/secure.gravatar.com\\\/avatar\\\/786f2a223d9a455e2a448f78b5dcc1117207ef56ef3d9a04df338c0f775cd403?s=96&d=mm&r=g\",\"url\":\"https:\\\/\\\/secure.gravatar.com\\\/avatar\\\/786f2a223d9a455e2a448f78b5dcc1117207ef56ef3d9a04df338c0f775cd403?s=96&d=mm&r=g\",\"contentUrl\":\"https:\\\/\\\/secure.gravatar.com\\\/avatar\\\/786f2a223d9a455e2a448f78b5dcc1117207ef56ef3d9a04df338c0f775cd403?s=96&d=mm&r=g\",\"caption\":\"Laura Salas Orcajada\"},\"url\":\"https:\\\/\\\/mula.es\\\/web\\\/author\\\/lsalas\\\/\"}]}<\/script>\n<!-- \/ Yoast SEO plugin. -->","yoast_head_json":{"title":"FESTEJOS | Inauguraci\u00f3n de las Fiestas Patronales en Los Ba\u00f1os de Mula 2024 - Ayuntamiento de Mula","robots":{"index":"index","follow":"follow","max-snippet":"max-snippet:-1","max-image-preview":"max-image-preview:large","max-video-preview":"max-video-preview:-1"},"canonical":"https:\/\/mula.es\/web\/festejos-inauguracion-de-las-fiestas-patronales-en-los-banos-de-mula-2024\/","og_locale":"es_ES","og_type":"article","og_title":"FESTEJOS | Inauguraci\u00f3n de las Fiestas Patronales en Los Ba\u00f1os de Mula 2024 - Ayuntamiento de Mula","og_description":"El Ayuntamiento de Mula inaugura las Fiestas Patronales de Los Ba\u00f1os de Mula 2024 con un fin de semana lleno de actividades Mula, 12 de octubre de 2024 \u2013 El Ayuntamiento de Mula inaugur\u00f3 anoche las Fiestas Patronales de Los Ba\u00f1os de Mula, las cuales se extender\u00e1n hasta este domingo 13 de octubre con una [...]","og_url":"https:\/\/mula.es\/web\/festejos-inauguracion-de-las-fiestas-patronales-en-los-banos-de-mula-2024\/","og_site_name":"Ayuntamiento de Mula","article_published_time":"2024-10-12T08:00:33+00:00","article_modified_time":"2024-10-12T08:03:26+00:00","og_image":[{"width":200,"height":218,"url":"https:\/\/mula.es\/web\/wp-content\/uploads\/2020\/06\/escudo-cuadrado-e1591045058235.jpg","type":"image\/jpeg"}],"author":"Laura Salas Orcajada","twitter_card":"summary_large_image","twitter_creator":"@AyuntamientMula","twitter_site":"@AyuntamientMula","twitter_misc":{"Escrito por":"Laura Salas Orcajada","Tiempo de lectura":"3 minutos"},"schema":{"@context":"https:\/\/schema.org","@graph":[{"@type":"Article","@id":"https:\/\/mula.es\/web\/festejos-inauguracion-de-las-fiestas-patronales-en-los-banos-de-mula-2024\/#article","isPartOf":{"@id":"https:\/\/mula.es\/web\/festejos-inauguracion-de-las-fiestas-patronales-en-los-banos-de-mula-2024\/"},"author":{"name":"Laura Salas Orcajada","@id":"https:\/\/mula.es\/web\/#\/schema\/person\/4f10179bd364f40dceed361e61e4033f"},"headline":"FESTEJOS | Inauguraci\u00f3n de las Fiestas Patronales en Los Ba\u00f1os de Mula 2024","datePublished":"2024-10-12T08:00:33+00:00","dateModified":"2024-10-12T08:03:26+00:00","mainEntityOfPage":{"@id":"https:\/\/mula.es\/web\/festejos-inauguracion-de-las-fiestas-patronales-en-los-banos-de-mula-2024\/"},"wordCount":313,"image":{"@id":"https:\/\/mula.es\/web\/festejos-inauguracion-de-las-fiestas-patronales-en-los-banos-de-mula-2024\/#primaryimage"},"thumbnailUrl":"https:\/\/mula.es\/web\/wp-content\/uploads\/2020\/06\/escudo-cuadrado-e1591045058235.jpg","articleSection":["festejos"],"inLanguage":"es"},{"@type":"WebPage","@id":"https:\/\/mula.es\/web\/festejos-inauguracion-de-las-fiestas-patronales-en-los-banos-de-mula-2024\/","url":"https:\/\/mula.es\/web\/festejos-inauguracion-de-las-fiestas-patronales-en-los-banos-de-mula-2024\/","name":"FESTEJOS | Inauguraci\u00f3n de las Fiestas Patronales en Los Ba\u00f1os de Mula 2024 - Ayuntamiento de Mula","isPartOf":{"@id":"https:\/\/mula.es\/web\/#website"},"primaryImageOfPage":{"@id":"https:\/\/mula.es\/web\/festejos-inauguracion-de-las-fiestas-patronales-en-los-banos-de-mula-2024\/#primaryimage"},"image":{"@id":"https:\/\/mula.es\/web\/festejos-inauguracion-de-las-fiestas-patronales-en-los-banos-de-mula-2024\/#primaryimage"},"thumbnailUrl":"https:\/\/mula.es\/web\/wp-content\/uploads\/2020\/06\/escudo-cuadrado-e1591045058235.jpg","datePublished":"2024-10-12T08:00:33+00:00","dateModified":"2024-10-12T08:03:26+00:00","author":{"@id":"https:\/\/mula.es\/web\/#\/schema\/person\/4f10179bd364f40dceed361e61e4033f"},"breadcrumb":{"@id":"https:\/\/mula.es\/web\/festejos-inauguracion-de-las-fiestas-patronales-en-los-banos-de-mula-2024\/#breadcrumb"},"inLanguage":"es","potentialAction":[{"@type":"ReadAction","target":["https:\/\/mula.es\/web\/festejos-inauguracion-de-las-fiestas-patronales-en-los-banos-de-mula-2024\/"]}]},{"@type":"ImageObject","inLanguage":"es","@id":"https:\/\/mula.es\/web\/festejos-inauguracion-de-las-fiestas-patronales-en-los-banos-de-mula-2024\/#primaryimage","url":"https:\/\/mula.es\/web\/wp-content\/uploads\/2020\/06\/escudo-cuadrado-e1591045058235.jpg","contentUrl":"https:\/\/mula.es\/web\/wp-content\/uploads\/2020\/06\/escudo-cuadrado-e1591045058235.jpg","width":200,"height":218},{"@type":"BreadcrumbList","@id":"https:\/\/mula.es\/web\/festejos-inauguracion-de-las-fiestas-patronales-en-los-banos-de-mula-2024\/#breadcrumb","itemListElement":[{"@type":"ListItem","position":1,"name":"Portada","item":"https:\/\/mula.es\/web\/"},{"@type":"ListItem","position":2,"name":"FESTEJOS | Inauguraci\u00f3n de las Fiestas Patronales en Los Ba\u00f1os de Mula 2024"}]},{"@type":"WebSite","@id":"https:\/\/mula.es\/web\/#website","url":"https:\/\/mula.es\/web\/","name":"Ayuntamiento de Mula","description":"P\u00e1gina web del Ayuntamiento de Mula (Regi\u00f3n de Murcia)","potentialAction":[{"@type":"SearchAction","target":{"@type":"EntryPoint","urlTemplate":"https:\/\/mula.es\/web\/?s={search_term_string}"},"query-input":{"@type":"PropertyValueSpecification","valueRequired":true,"valueName":"search_term_string"}}],"inLanguage":"es"},{"@type":"Person","@id":"https:\/\/mula.es\/web\/#\/schema\/person\/4f10179bd364f40dceed361e61e4033f","name":"Laura Salas Orcajada","image":{"@type":"ImageObject","inLanguage":"es","@id":"https:\/\/secure.gravatar.com\/avatar\/786f2a223d9a455e2a448f78b5dcc1117207ef56ef3d9a04df338c0f775cd403?s=96&d=mm&r=g","url":"https:\/\/secure.gravatar.com\/avatar\/786f2a223d9a455e2a448f78b5dcc1117207ef56ef3d9a04df338c0f775cd403?s=96&d=mm&r=g","contentUrl":"https:\/\/secure.gravatar.com\/avatar\/786f2a223d9a455e2a448f78b5dcc1117207ef56ef3d9a04df338c0f775cd403?s=96&d=mm&r=g","caption":"Laura Salas Orcajada"},"url":"https:\/\/mula.es\/web\/author\/lsalas\/"}]}},"jetpack_publicize_connections":[],"jetpack_featured_media_url":"https:\/\/mula.es\/web\/wp-content\/uploads\/2020\/06\/escudo-cuadrado-e1591045058235.jpg","jetpack_sharing_enabled":true,"jetpack_shortlink":"https:\/\/wp.me\/pa9DMY-eus","jetpack-related-posts":[],"_links":{"self":[{"href":"https:\/\/mula.es\/web\/wp-json\/wp\/v2\/posts\/55704","targetHints":{"allow":["GET"]}}],"collection":[{"href":"https:\/\/mula.es\/web\/wp-json\/wp\/v2\/posts"}],"about":[{"href":"https:\/\/mula.es\/web\/wp-json\/wp\/v2\/types\/post"}],"author":[{"embeddable":true,"href":"https:\/\/mula.es\/web\/wp-json\/wp\/v2\/users\/13"}],"replies":[{"embeddable":true,"href":"https:\/\/mula.es\/web\/wp-json\/wp\/v2\/comments?post=55704"}],"version-history":[{"count":1,"href":"https:\/\/mula.es\/web\/wp-json\/wp\/v2\/posts\/55704\/revisions"}],"predecessor-version":[{"id":55710,"href":"https:\/\/mula.es\/web\/wp-json\/wp\/v2\/posts\/55704\/revisions\/55710"}],"wp:featuredmedia":[{"embeddable":true,"href":"https:\/\/mula.es\/web\/wp-json\/wp\/v2\/media\/33512"}],"wp:attachment":[{"href":"https:\/\/mula.es\/web\/wp-json\/wp\/v2\/media?parent=55704"}],"wp:term":[{"taxonomy":"category","embeddable":true,"href":"https:\/\/mula.es\/web\/wp-json\/wp\/v2\/categories?post=55704"},{"taxonomy":"post_tag","embeddable":true,"href":"https:\/\/mula.es\/web\/wp-json\/wp\/v2\/tags?post=55704"}],"curies":[{"name":"wp","href":"https:\/\/api.w.org\/{rel}","templated":true}]}}