{"id":55878,"date":"2024-10-24T15:42:30","date_gmt":"2024-10-24T13:42:30","guid":{"rendered":"https:\/\/mula.es\/web\/?p=55878"},"modified":"2024-11-05T16:34:39","modified_gmt":"2024-11-05T15:34:39","slug":"cultura-la-concejalia-de-cultura-y-patrimonio-historico-convoca-el-xvii-concurso-nacional-de-pintura-al-aire-libre-ciudad-de-mula","status":"publish","type":"post","link":"https:\/\/mula.es\/web\/cultura-la-concejalia-de-cultura-y-patrimonio-historico-convoca-el-xvii-concurso-nacional-de-pintura-al-aire-libre-ciudad-de-mula\/","title":{"rendered":"CULTURA | La concejal\u00eda de Cultura y Patrimonio Hist\u00f3rico convoca el XVII Concurso Nacional de Pintura al Aire Libre Ciudad de Mula"},"content":{"rendered":"<p><div class=\"fusion-fullwidth fullwidth-box fusion-builder-row-1 fusion-flex-container nonhundred-percent-fullwidth non-hundred-percent-height-scrolling\" style=\"--awb-border-radius-top-left:0px;--awb-border-radius-top-right:0px;--awb-border-radius-bottom-right:0px;--awb-border-radius-bottom-left:0px;--awb-flex-wrap:wrap;\" ><div class=\"fusion-builder-row fusion-row fusion-flex-align-items-flex-start fusion-flex-content-wrap\" style=\"max-width:1144px;margin-left: calc(-4% \/ 2 );margin-right: calc(-4% \/ 2 );\"><div class=\"fusion-layout-column fusion_builder_column fusion-builder-column-0 fusion_builder_column_1_1 1_1 fusion-flex-column\" style=\"--awb-bg-size:cover;--awb-width-large:100%;--awb-margin-top-large:0px;--awb-spacing-right-large:1.92%;--awb-margin-bottom-large:20px;--awb-spacing-left-large:1.92%;--awb-width-medium:100%;--awb-order-medium:0;--awb-spacing-right-medium:1.92%;--awb-spacing-left-medium:1.92%;--awb-width-small:100%;--awb-order-small:0;--awb-spacing-right-small:1.92%;--awb-spacing-left-small:1.92%;\"><div class=\"fusion-column-wrapper fusion-column-has-shadow fusion-flex-justify-content-flex-start fusion-content-layout-column\"><div class=\"fusion-text fusion-text-1\"><h2><\/h2>\n<h2 style=\"text-align: center;\"><a href=\"https:\/\/mula.es\/web\/wp-content\/uploads\/2024\/10\/Bases-2024.pdf\">Descarga las Bases 2024 aqu\u00ed.<\/a><\/h2>\n<\/div><\/div><\/div><div class=\"fusion-layout-column fusion_builder_column fusion-builder-column-1 fusion_builder_column_1_1 1_1 fusion-flex-column\" style=\"--awb-bg-size:cover;--awb-width-large:100%;--awb-margin-top-large:0px;--awb-spacing-right-large:1.92%;--awb-margin-bottom-large:0px;--awb-spacing-left-large:1.92%;--awb-width-medium:100%;--awb-spacing-right-medium:1.92%;--awb-spacing-left-medium:1.92%;--awb-width-small:100%;--awb-spacing-right-small:1.92%;--awb-spacing-left-small:1.92%;\"><div class=\"fusion-column-wrapper fusion-flex-justify-content-flex-start fusion-content-layout-column\"><div class=\"fusion-text fusion-text-2\"><p><strong>Mula convoca su XVII Concurso Nacional de Pintura al Aire Libre \u00abCiudad de Mula\u00bb<\/strong><\/p>\n<p><strong>Mula, 24 de octubre de 2024<\/strong> \u2013 El Ayuntamiento de Mula, a trav\u00e9s de la concejal\u00eda de Cultura y Patrimonio Hist\u00f3rico, ha convocado el XVII Concurso Nacional de Pintura al Aire Libre \u00abCiudad de Mula\u00bb, que se celebrar\u00e1 el pr\u00f3ximo domingo 10 de noviembre. Este prestigioso certamen, que re\u00fane a artistas de todo el pa\u00eds, invita a capturar en lienzo la riqueza cultural, paisaj\u00edstica y arquitect\u00f3nica del municipio.<\/p>\n<p>El concurso est\u00e1 abierto a todos los artistas mayores de 14 a\u00f1os y ofrecer\u00e1 diferentes premios para las mejores obras seleccionadas. Los participantes tendr\u00e1n la oportunidad de plasmar en sus obras las calles, plazas, monumentos y el entorno hist\u00f3rico de Mula, un municipio que destaca por su belleza y su cuidado patrimonio.<\/p>\n<p><strong>Premios:<\/strong><\/p>\n<p><strong>\u2013 1\u00ba PREMIO , 1500 euros Ayuntamiento de Mula\u00a0 <\/strong><\/p>\n<p><strong>\u2013 2\u00ba PREMIO , 1000 euros, Concejal\u00eda de Cultura<\/strong><\/p>\n<p><strong>\u2013 Premio, Aqualia, 600 euros<\/strong><\/p>\n<p><strong>\u2013 Premio BioEspu\u00f1a, 600 euros<\/strong><\/p>\n<p><strong>\u2013 Premio Concejal\u00eda de Turismo Ayuntamiento de Mula, 500 euros<\/strong><\/p>\n<p><strong>\u2013 Premio Centro de Quiromasaje Pedro Moreno, 400 euros<\/strong><\/p>\n<p><strong>\u2013 Premio Seguros Mapfre Mula, 400 euros<\/strong><\/p>\n<p><strong>\u2013 Premio Elipse Arquitectos, 400 euros<\/strong><\/p>\n<p><strong>\u2013 Premio El Plan del Mono Producciones, 400 euros<\/strong><\/p>\n<p><strong>\u2013 Premio Cultura de Calle, Gesti\u00f3n Cultural, Social y Tur\u00edstica, 400 euros<\/strong><\/p>\n<p><strong>\u2013 Premio JOVEN (menores de 30 a\u00f1os) Consejo Local de la Juventud, 400 euros<\/strong><\/p>\n<p>Adem\u00e1s, se ofrecer\u00e1 alojamiento gratuito en el Albergue Municipal para aquellos participantes que lo soliciten, garantizando as\u00ed una experiencia completa y c\u00f3moda para los artistas que deseen participar.<\/p>\n<p>La inscripci\u00f3n tendr\u00e1 lugar el mismo d\u00eda del concurso de 9 a 11 de la ma\u00f1ana en el <strong>CONVENTO DE SAN FRANCISCO<\/strong>. Cada concursante deber\u00e1 ir provisto de su DNI.<\/p>\n<p>El soporte en blanco ser\u00e1 sellado y numerado en su reverso por la organizaci\u00f3n en el momento de la inscripci\u00f3n. Solamente se sellar\u00e1 un soporte por concursante.<\/p>\n<p>La obra se realizar\u00e1 el d\u00eda del concurso hasta la entrega en el <strong>CONVENTO DE SAN FRANCISCO<\/strong> entre las 16 h y las 17 h.<\/p>\n<p>El jurado estar\u00e1 formado por profesionales del mundo del Arte, siendo su decisi\u00f3n inapelable. El fallo se har\u00e1 p\u00fablico a las 19:30 h. A partir de este momento los cuadros quedar\u00e1n expuestos y podr\u00e1n ser vendidos por sus autores hasta que estos decidan retirarlos.<\/p>\n<p>Las bases para el concurso ya se encuentran publicadas en la p\u00e1gina web del Ayuntamiento de Mula.<\/p>\n<p>El concejal de Cultura, Diego Boluda, ha destacado la importancia de este certamen para la promoci\u00f3n art\u00edstica y cultural del municipio<em>: \u00abEste concurso es una oportunidad \u00fanica para poner en valor el talento de los artistas y al mismo tiempo mostrar el rico patrimonio de Mula a trav\u00e9s de la mirada creativa de cada participante. Animamos a todos los amantes del arte a unirse a esta celebraci\u00f3n de la cultura en nuestras calles\u00bb.<\/em><\/p>\n<p>Descarga las bases del concurso <span style=\"color: #ff0000;\"><strong><a style=\"color: #ff0000;\" href=\"https:\/\/mula.es\/web\/wp-content\/uploads\/2024\/10\/Bases-2024-1.pdf\">aqu\u00ed<\/a>.<\/strong><\/span><\/p>\n<p><a href=\"https:\/\/mula.es\/web\/wp-content\/uploads\/2024\/10\/CARTEL-CONCURSO-PINTURA-2024-01-1-scaled.jpg\"><img decoding=\"async\" data-attachment-id=\"55880\" data-permalink=\"https:\/\/mula.es\/web\/cultura-la-concejalia-de-cultura-y-patrimonio-historico-convoca-el-xvii-concurso-nacional-de-pintura-al-aire-libre-ciudad-de-mula\/cartel-concurso-pintura-2024-01-1\/\" data-orig-file=\"https:\/\/mula.es\/web\/wp-content\/uploads\/2024\/10\/CARTEL-CONCURSO-PINTURA-2024-01-1-scaled.jpg\" data-orig-size=\"2560,1820\" data-comments-opened=\"0\" data-image-meta=\"\" data-image-title=\"CARTEL CONCURSO PINTURA 2024-01 (1)\" data-image-description=\"\" data-image-caption=\"\" data-large-file=\"https:\/\/mula.es\/web\/wp-content\/uploads\/2024\/10\/CARTEL-CONCURSO-PINTURA-2024-01-1-1024x728.jpg\" class=\"alignnone size-medium wp-image-55880\" src=\"https:\/\/mula.es\/web\/wp-content\/uploads\/2024\/10\/CARTEL-CONCURSO-PINTURA-2024-01-1-300x213.jpg\" alt=\"\" width=\"300\" height=\"213\" srcset=\"https:\/\/mula.es\/web\/wp-content\/uploads\/2024\/10\/CARTEL-CONCURSO-PINTURA-2024-01-1-200x142.jpg 200w, https:\/\/mula.es\/web\/wp-content\/uploads\/2024\/10\/CARTEL-CONCURSO-PINTURA-2024-01-1-300x214.jpg 300w, https:\/\/mula.es\/web\/wp-content\/uploads\/2024\/10\/CARTEL-CONCURSO-PINTURA-2024-01-1-400x284.jpg 400w, https:\/\/mula.es\/web\/wp-content\/uploads\/2024\/10\/CARTEL-CONCURSO-PINTURA-2024-01-1-600x426.jpg 600w, https:\/\/mula.es\/web\/wp-content\/uploads\/2024\/10\/CARTEL-CONCURSO-PINTURA-2024-01-1-768x546.jpg 768w, https:\/\/mula.es\/web\/wp-content\/uploads\/2024\/10\/CARTEL-CONCURSO-PINTURA-2024-01-1-800x569.jpg 800w, https:\/\/mula.es\/web\/wp-content\/uploads\/2024\/10\/CARTEL-CONCURSO-PINTURA-2024-01-1-1024x728.jpg 1024w, https:\/\/mula.es\/web\/wp-content\/uploads\/2024\/10\/CARTEL-CONCURSO-PINTURA-2024-01-1-1200x853.jpg 1200w, https:\/\/mula.es\/web\/wp-content\/uploads\/2024\/10\/CARTEL-CONCURSO-PINTURA-2024-01-1-1536x1092.jpg 1536w, https:\/\/mula.es\/web\/wp-content\/uploads\/2024\/10\/CARTEL-CONCURSO-PINTURA-2024-01-1-scaled.jpg 2560w\" sizes=\"(max-width: 300px) 100vw, 300px\" \/><\/a><\/p>\n<\/div><\/div><\/div><\/div><\/div><div class=\"fusion-fullwidth fullwidth-box fusion-builder-row-2 fusion-flex-container has-pattern-background has-mask-background nonhundred-percent-fullwidth non-hundred-percent-height-scrolling\" style=\"--awb-border-radius-top-left:0px;--awb-border-radius-top-right:0px;--awb-border-radius-bottom-right:0px;--awb-border-radius-bottom-left:0px;--awb-flex-wrap:wrap;\" ><div class=\"fusion-builder-row fusion-row fusion-flex-align-items-flex-start fusion-flex-content-wrap\" style=\"max-width:1144px;margin-left: calc(-4% \/ 2 );margin-right: calc(-4% \/ 2 );\"><\/div><\/div><\/p>\n","protected":false},"excerpt":{"rendered":"","protected":false},"author":13,"featured_media":33512,"comment_status":"closed","ping_status":"closed","sticky":false,"template":"","format":"standard","meta":{"jetpack_post_was_ever_published":false,"_jetpack_newsletter_access":"","_jetpack_dont_email_post_to_subs":false,"_jetpack_newsletter_tier_id":0,"_jetpack_memberships_contains_paywalled_content":false,"_jetpack_memberships_contains_paid_content":false,"footnotes":"","jetpack_publicize_message":"","jetpack_publicize_feature_enabled":true,"jetpack_social_post_already_shared":false,"jetpack_social_options":{"image_generator_settings":{"template":"highway","default_image_id":0,"font":"","enabled":false},"version":2}},"categories":[97],"tags":[818],"class_list":["post-55878","post","type-post","status-publish","format-standard","has-post-thumbnail","hentry","category-cultura","tag-premio-nacional-de-pintura-al-aire-libre"],"yoast_head":"<!-- This site is optimized with the Yoast SEO plugin v27.5 - https:\/\/yoast.com\/product\/yoast-seo-wordpress\/ -->\n<title>CULTURA | La concejal\u00eda de Cultura y Patrimonio Hist\u00f3rico convoca el XVII Concurso Nacional de Pintura al Aire Libre Ciudad de Mula - Ayuntamiento de Mula<\/title>\n<meta name=\"robots\" content=\"index, follow, max-snippet:-1, max-image-preview:large, max-video-preview:-1\" \/>\n<link rel=\"canonical\" href=\"https:\/\/mula.es\/web\/cultura-la-concejalia-de-cultura-y-patrimonio-historico-convoca-el-xvii-concurso-nacional-de-pintura-al-aire-libre-ciudad-de-mula\/\" \/>\n<meta property=\"og:locale\" content=\"es_ES\" \/>\n<meta property=\"og:type\" content=\"article\" \/>\n<meta property=\"og:title\" content=\"CULTURA | La concejal\u00eda de Cultura y Patrimonio Hist\u00f3rico convoca el XVII Concurso Nacional de Pintura al Aire Libre Ciudad de Mula - Ayuntamiento de Mula\" \/>\n<meta property=\"og:url\" content=\"https:\/\/mula.es\/web\/cultura-la-concejalia-de-cultura-y-patrimonio-historico-convoca-el-xvii-concurso-nacional-de-pintura-al-aire-libre-ciudad-de-mula\/\" \/>\n<meta property=\"og:site_name\" content=\"Ayuntamiento de Mula\" \/>\n<meta property=\"article:published_time\" content=\"2024-10-24T13:42:30+00:00\" \/>\n<meta property=\"article:modified_time\" content=\"2024-11-05T15:34:39+00:00\" \/>\n<meta property=\"og:image\" content=\"https:\/\/mula.es\/web\/wp-content\/uploads\/2020\/06\/escudo-cuadrado-e1591045058235.jpg\" \/>\n\t<meta property=\"og:image:width\" content=\"200\" \/>\n\t<meta property=\"og:image:height\" content=\"218\" \/>\n\t<meta property=\"og:image:type\" content=\"image\/jpeg\" \/>\n<meta name=\"author\" content=\"Laura Salas Orcajada\" \/>\n<meta name=\"twitter:card\" content=\"summary_large_image\" \/>\n<meta name=\"twitter:creator\" content=\"@AyuntamientMula\" \/>\n<meta name=\"twitter:site\" content=\"@AyuntamientMula\" \/>\n<meta name=\"twitter:label1\" content=\"Escrito por\" \/>\n\t<meta name=\"twitter:data1\" content=\"Laura Salas Orcajada\" \/>\n\t<meta name=\"twitter:label2\" content=\"Tiempo de lectura\" \/>\n\t<meta name=\"twitter:data2\" content=\"3 minutos\" \/>\n<script type=\"application\/ld+json\" class=\"yoast-schema-graph\">{\"@context\":\"https:\\\/\\\/schema.org\",\"@graph\":[{\"@type\":\"Article\",\"@id\":\"https:\\\/\\\/mula.es\\\/web\\\/cultura-la-concejalia-de-cultura-y-patrimonio-historico-convoca-el-xvii-concurso-nacional-de-pintura-al-aire-libre-ciudad-de-mula\\\/#article\",\"isPartOf\":{\"@id\":\"https:\\\/\\\/mula.es\\\/web\\\/cultura-la-concejalia-de-cultura-y-patrimonio-historico-convoca-el-xvii-concurso-nacional-de-pintura-al-aire-libre-ciudad-de-mula\\\/\"},\"author\":{\"name\":\"Laura Salas Orcajada\",\"@id\":\"https:\\\/\\\/mula.es\\\/web\\\/#\\\/schema\\\/person\\\/4f10179bd364f40dceed361e61e4033f\"},\"headline\":\"CULTURA | La concejal\u00eda de Cultura y Patrimonio Hist\u00f3rico convoca el XVII Concurso Nacional de Pintura al Aire Libre Ciudad de Mula\",\"datePublished\":\"2024-10-24T13:42:30+00:00\",\"dateModified\":\"2024-11-05T15:34:39+00:00\",\"mainEntityOfPage\":{\"@id\":\"https:\\\/\\\/mula.es\\\/web\\\/cultura-la-concejalia-de-cultura-y-patrimonio-historico-convoca-el-xvii-concurso-nacional-de-pintura-al-aire-libre-ciudad-de-mula\\\/\"},\"wordCount\":1527,\"image\":{\"@id\":\"https:\\\/\\\/mula.es\\\/web\\\/cultura-la-concejalia-de-cultura-y-patrimonio-historico-convoca-el-xvii-concurso-nacional-de-pintura-al-aire-libre-ciudad-de-mula\\\/#primaryimage\"},\"thumbnailUrl\":\"https:\\\/\\\/mula.es\\\/web\\\/wp-content\\\/uploads\\\/2020\\\/06\\\/escudo-cuadrado-e1591045058235.jpg\",\"keywords\":[\"premio nacional de pintura al aire libre\"],\"articleSection\":[\"cultura\"],\"inLanguage\":\"es\"},{\"@type\":\"WebPage\",\"@id\":\"https:\\\/\\\/mula.es\\\/web\\\/cultura-la-concejalia-de-cultura-y-patrimonio-historico-convoca-el-xvii-concurso-nacional-de-pintura-al-aire-libre-ciudad-de-mula\\\/\",\"url\":\"https:\\\/\\\/mula.es\\\/web\\\/cultura-la-concejalia-de-cultura-y-patrimonio-historico-convoca-el-xvii-concurso-nacional-de-pintura-al-aire-libre-ciudad-de-mula\\\/\",\"name\":\"CULTURA | La concejal\u00eda de Cultura y Patrimonio Hist\u00f3rico convoca el XVII Concurso Nacional de Pintura al Aire Libre Ciudad de Mula - Ayuntamiento de Mula\",\"isPartOf\":{\"@id\":\"https:\\\/\\\/mula.es\\\/web\\\/#website\"},\"primaryImageOfPage\":{\"@id\":\"https:\\\/\\\/mula.es\\\/web\\\/cultura-la-concejalia-de-cultura-y-patrimonio-historico-convoca-el-xvii-concurso-nacional-de-pintura-al-aire-libre-ciudad-de-mula\\\/#primaryimage\"},\"image\":{\"@id\":\"https:\\\/\\\/mula.es\\\/web\\\/cultura-la-concejalia-de-cultura-y-patrimonio-historico-convoca-el-xvii-concurso-nacional-de-pintura-al-aire-libre-ciudad-de-mula\\\/#primaryimage\"},\"thumbnailUrl\":\"https:\\\/\\\/mula.es\\\/web\\\/wp-content\\\/uploads\\\/2020\\\/06\\\/escudo-cuadrado-e1591045058235.jpg\",\"datePublished\":\"2024-10-24T13:42:30+00:00\",\"dateModified\":\"2024-11-05T15:34:39+00:00\",\"author\":{\"@id\":\"https:\\\/\\\/mula.es\\\/web\\\/#\\\/schema\\\/person\\\/4f10179bd364f40dceed361e61e4033f\"},\"breadcrumb\":{\"@id\":\"https:\\\/\\\/mula.es\\\/web\\\/cultura-la-concejalia-de-cultura-y-patrimonio-historico-convoca-el-xvii-concurso-nacional-de-pintura-al-aire-libre-ciudad-de-mula\\\/#breadcrumb\"},\"inLanguage\":\"es\",\"potentialAction\":[{\"@type\":\"ReadAction\",\"target\":[\"https:\\\/\\\/mula.es\\\/web\\\/cultura-la-concejalia-de-cultura-y-patrimonio-historico-convoca-el-xvii-concurso-nacional-de-pintura-al-aire-libre-ciudad-de-mula\\\/\"]}]},{\"@type\":\"ImageObject\",\"inLanguage\":\"es\",\"@id\":\"https:\\\/\\\/mula.es\\\/web\\\/cultura-la-concejalia-de-cultura-y-patrimonio-historico-convoca-el-xvii-concurso-nacional-de-pintura-al-aire-libre-ciudad-de-mula\\\/#primaryimage\",\"url\":\"https:\\\/\\\/mula.es\\\/web\\\/wp-content\\\/uploads\\\/2020\\\/06\\\/escudo-cuadrado-e1591045058235.jpg\",\"contentUrl\":\"https:\\\/\\\/mula.es\\\/web\\\/wp-content\\\/uploads\\\/2020\\\/06\\\/escudo-cuadrado-e1591045058235.jpg\",\"width\":200,\"height\":218},{\"@type\":\"BreadcrumbList\",\"@id\":\"https:\\\/\\\/mula.es\\\/web\\\/cultura-la-concejalia-de-cultura-y-patrimonio-historico-convoca-el-xvii-concurso-nacional-de-pintura-al-aire-libre-ciudad-de-mula\\\/#breadcrumb\",\"itemListElement\":[{\"@type\":\"ListItem\",\"position\":1,\"name\":\"Portada\",\"item\":\"https:\\\/\\\/mula.es\\\/web\\\/\"},{\"@type\":\"ListItem\",\"position\":2,\"name\":\"CULTURA | La concejal\u00eda de Cultura y Patrimonio Hist\u00f3rico convoca el XVII Concurso Nacional de Pintura al Aire Libre Ciudad de Mula\"}]},{\"@type\":\"WebSite\",\"@id\":\"https:\\\/\\\/mula.es\\\/web\\\/#website\",\"url\":\"https:\\\/\\\/mula.es\\\/web\\\/\",\"name\":\"Ayuntamiento de Mula\",\"description\":\"P\u00e1gina web del Ayuntamiento de Mula (Regi\u00f3n de Murcia)\",\"potentialAction\":[{\"@type\":\"SearchAction\",\"target\":{\"@type\":\"EntryPoint\",\"urlTemplate\":\"https:\\\/\\\/mula.es\\\/web\\\/?s={search_term_string}\"},\"query-input\":{\"@type\":\"PropertyValueSpecification\",\"valueRequired\":true,\"valueName\":\"search_term_string\"}}],\"inLanguage\":\"es\"},{\"@type\":\"Person\",\"@id\":\"https:\\\/\\\/mula.es\\\/web\\\/#\\\/schema\\\/person\\\/4f10179bd364f40dceed361e61e4033f\",\"name\":\"Laura Salas Orcajada\",\"image\":{\"@type\":\"ImageObject\",\"inLanguage\":\"es\",\"@id\":\"https:\\\/\\\/secure.gravatar.com\\\/avatar\\\/786f2a223d9a455e2a448f78b5dcc1117207ef56ef3d9a04df338c0f775cd403?s=96&d=mm&r=g\",\"url\":\"https:\\\/\\\/secure.gravatar.com\\\/avatar\\\/786f2a223d9a455e2a448f78b5dcc1117207ef56ef3d9a04df338c0f775cd403?s=96&d=mm&r=g\",\"contentUrl\":\"https:\\\/\\\/secure.gravatar.com\\\/avatar\\\/786f2a223d9a455e2a448f78b5dcc1117207ef56ef3d9a04df338c0f775cd403?s=96&d=mm&r=g\",\"caption\":\"Laura Salas Orcajada\"},\"url\":\"https:\\\/\\\/mula.es\\\/web\\\/author\\\/lsalas\\\/\"}]}<\/script>\n<!-- \/ Yoast SEO plugin. -->","yoast_head_json":{"title":"CULTURA | La concejal\u00eda de Cultura y Patrimonio Hist\u00f3rico convoca el XVII Concurso Nacional de Pintura al Aire Libre Ciudad de Mula - Ayuntamiento de Mula","robots":{"index":"index","follow":"follow","max-snippet":"max-snippet:-1","max-image-preview":"max-image-preview:large","max-video-preview":"max-video-preview:-1"},"canonical":"https:\/\/mula.es\/web\/cultura-la-concejalia-de-cultura-y-patrimonio-historico-convoca-el-xvii-concurso-nacional-de-pintura-al-aire-libre-ciudad-de-mula\/","og_locale":"es_ES","og_type":"article","og_title":"CULTURA | La concejal\u00eda de Cultura y Patrimonio Hist\u00f3rico convoca el XVII Concurso Nacional de Pintura al Aire Libre Ciudad de Mula - Ayuntamiento de Mula","og_url":"https:\/\/mula.es\/web\/cultura-la-concejalia-de-cultura-y-patrimonio-historico-convoca-el-xvii-concurso-nacional-de-pintura-al-aire-libre-ciudad-de-mula\/","og_site_name":"Ayuntamiento de Mula","article_published_time":"2024-10-24T13:42:30+00:00","article_modified_time":"2024-11-05T15:34:39+00:00","og_image":[{"width":200,"height":218,"url":"https:\/\/mula.es\/web\/wp-content\/uploads\/2020\/06\/escudo-cuadrado-e1591045058235.jpg","type":"image\/jpeg"}],"author":"Laura Salas Orcajada","twitter_card":"summary_large_image","twitter_creator":"@AyuntamientMula","twitter_site":"@AyuntamientMula","twitter_misc":{"Escrito por":"Laura Salas Orcajada","Tiempo de lectura":"3 minutos"},"schema":{"@context":"https:\/\/schema.org","@graph":[{"@type":"Article","@id":"https:\/\/mula.es\/web\/cultura-la-concejalia-de-cultura-y-patrimonio-historico-convoca-el-xvii-concurso-nacional-de-pintura-al-aire-libre-ciudad-de-mula\/#article","isPartOf":{"@id":"https:\/\/mula.es\/web\/cultura-la-concejalia-de-cultura-y-patrimonio-historico-convoca-el-xvii-concurso-nacional-de-pintura-al-aire-libre-ciudad-de-mula\/"},"author":{"name":"Laura Salas Orcajada","@id":"https:\/\/mula.es\/web\/#\/schema\/person\/4f10179bd364f40dceed361e61e4033f"},"headline":"CULTURA | La concejal\u00eda de Cultura y Patrimonio Hist\u00f3rico convoca el XVII Concurso Nacional de Pintura al Aire Libre Ciudad de Mula","datePublished":"2024-10-24T13:42:30+00:00","dateModified":"2024-11-05T15:34:39+00:00","mainEntityOfPage":{"@id":"https:\/\/mula.es\/web\/cultura-la-concejalia-de-cultura-y-patrimonio-historico-convoca-el-xvii-concurso-nacional-de-pintura-al-aire-libre-ciudad-de-mula\/"},"wordCount":1527,"image":{"@id":"https:\/\/mula.es\/web\/cultura-la-concejalia-de-cultura-y-patrimonio-historico-convoca-el-xvii-concurso-nacional-de-pintura-al-aire-libre-ciudad-de-mula\/#primaryimage"},"thumbnailUrl":"https:\/\/mula.es\/web\/wp-content\/uploads\/2020\/06\/escudo-cuadrado-e1591045058235.jpg","keywords":["premio nacional de pintura al aire libre"],"articleSection":["cultura"],"inLanguage":"es"},{"@type":"WebPage","@id":"https:\/\/mula.es\/web\/cultura-la-concejalia-de-cultura-y-patrimonio-historico-convoca-el-xvii-concurso-nacional-de-pintura-al-aire-libre-ciudad-de-mula\/","url":"https:\/\/mula.es\/web\/cultura-la-concejalia-de-cultura-y-patrimonio-historico-convoca-el-xvii-concurso-nacional-de-pintura-al-aire-libre-ciudad-de-mula\/","name":"CULTURA | La concejal\u00eda de Cultura y Patrimonio Hist\u00f3rico convoca el XVII Concurso Nacional de Pintura al Aire Libre Ciudad de Mula - Ayuntamiento de Mula","isPartOf":{"@id":"https:\/\/mula.es\/web\/#website"},"primaryImageOfPage":{"@id":"https:\/\/mula.es\/web\/cultura-la-concejalia-de-cultura-y-patrimonio-historico-convoca-el-xvii-concurso-nacional-de-pintura-al-aire-libre-ciudad-de-mula\/#primaryimage"},"image":{"@id":"https:\/\/mula.es\/web\/cultura-la-concejalia-de-cultura-y-patrimonio-historico-convoca-el-xvii-concurso-nacional-de-pintura-al-aire-libre-ciudad-de-mula\/#primaryimage"},"thumbnailUrl":"https:\/\/mula.es\/web\/wp-content\/uploads\/2020\/06\/escudo-cuadrado-e1591045058235.jpg","datePublished":"2024-10-24T13:42:30+00:00","dateModified":"2024-11-05T15:34:39+00:00","author":{"@id":"https:\/\/mula.es\/web\/#\/schema\/person\/4f10179bd364f40dceed361e61e4033f"},"breadcrumb":{"@id":"https:\/\/mula.es\/web\/cultura-la-concejalia-de-cultura-y-patrimonio-historico-convoca-el-xvii-concurso-nacional-de-pintura-al-aire-libre-ciudad-de-mula\/#breadcrumb"},"inLanguage":"es","potentialAction":[{"@type":"ReadAction","target":["https:\/\/mula.es\/web\/cultura-la-concejalia-de-cultura-y-patrimonio-historico-convoca-el-xvii-concurso-nacional-de-pintura-al-aire-libre-ciudad-de-mula\/"]}]},{"@type":"ImageObject","inLanguage":"es","@id":"https:\/\/mula.es\/web\/cultura-la-concejalia-de-cultura-y-patrimonio-historico-convoca-el-xvii-concurso-nacional-de-pintura-al-aire-libre-ciudad-de-mula\/#primaryimage","url":"https:\/\/mula.es\/web\/wp-content\/uploads\/2020\/06\/escudo-cuadrado-e1591045058235.jpg","contentUrl":"https:\/\/mula.es\/web\/wp-content\/uploads\/2020\/06\/escudo-cuadrado-e1591045058235.jpg","width":200,"height":218},{"@type":"BreadcrumbList","@id":"https:\/\/mula.es\/web\/cultura-la-concejalia-de-cultura-y-patrimonio-historico-convoca-el-xvii-concurso-nacional-de-pintura-al-aire-libre-ciudad-de-mula\/#breadcrumb","itemListElement":[{"@type":"ListItem","position":1,"name":"Portada","item":"https:\/\/mula.es\/web\/"},{"@type":"ListItem","position":2,"name":"CULTURA | La concejal\u00eda de Cultura y Patrimonio Hist\u00f3rico convoca el XVII Concurso Nacional de Pintura al Aire Libre Ciudad de Mula"}]},{"@type":"WebSite","@id":"https:\/\/mula.es\/web\/#website","url":"https:\/\/mula.es\/web\/","name":"Ayuntamiento de Mula","description":"P\u00e1gina web del Ayuntamiento de Mula (Regi\u00f3n de Murcia)","potentialAction":[{"@type":"SearchAction","target":{"@type":"EntryPoint","urlTemplate":"https:\/\/mula.es\/web\/?s={search_term_string}"},"query-input":{"@type":"PropertyValueSpecification","valueRequired":true,"valueName":"search_term_string"}}],"inLanguage":"es"},{"@type":"Person","@id":"https:\/\/mula.es\/web\/#\/schema\/person\/4f10179bd364f40dceed361e61e4033f","name":"Laura Salas Orcajada","image":{"@type":"ImageObject","inLanguage":"es","@id":"https:\/\/secure.gravatar.com\/avatar\/786f2a223d9a455e2a448f78b5dcc1117207ef56ef3d9a04df338c0f775cd403?s=96&d=mm&r=g","url":"https:\/\/secure.gravatar.com\/avatar\/786f2a223d9a455e2a448f78b5dcc1117207ef56ef3d9a04df338c0f775cd403?s=96&d=mm&r=g","contentUrl":"https:\/\/secure.gravatar.com\/avatar\/786f2a223d9a455e2a448f78b5dcc1117207ef56ef3d9a04df338c0f775cd403?s=96&d=mm&r=g","caption":"Laura Salas Orcajada"},"url":"https:\/\/mula.es\/web\/author\/lsalas\/"}]}},"jetpack_publicize_connections":[],"jetpack_featured_media_url":"https:\/\/mula.es\/web\/wp-content\/uploads\/2020\/06\/escudo-cuadrado-e1591045058235.jpg","jetpack_sharing_enabled":true,"jetpack_shortlink":"https:\/\/wp.me\/pa9DMY-exg","jetpack-related-posts":[],"_links":{"self":[{"href":"https:\/\/mula.es\/web\/wp-json\/wp\/v2\/posts\/55878","targetHints":{"allow":["GET"]}}],"collection":[{"href":"https:\/\/mula.es\/web\/wp-json\/wp\/v2\/posts"}],"about":[{"href":"https:\/\/mula.es\/web\/wp-json\/wp\/v2\/types\/post"}],"author":[{"embeddable":true,"href":"https:\/\/mula.es\/web\/wp-json\/wp\/v2\/users\/13"}],"replies":[{"embeddable":true,"href":"https:\/\/mula.es\/web\/wp-json\/wp\/v2\/comments?post=55878"}],"version-history":[{"count":7,"href":"https:\/\/mula.es\/web\/wp-json\/wp\/v2\/posts\/55878\/revisions"}],"predecessor-version":[{"id":56135,"href":"https:\/\/mula.es\/web\/wp-json\/wp\/v2\/posts\/55878\/revisions\/56135"}],"wp:featuredmedia":[{"embeddable":true,"href":"https:\/\/mula.es\/web\/wp-json\/wp\/v2\/media\/33512"}],"wp:attachment":[{"href":"https:\/\/mula.es\/web\/wp-json\/wp\/v2\/media?parent=55878"}],"wp:term":[{"taxonomy":"category","embeddable":true,"href":"https:\/\/mula.es\/web\/wp-json\/wp\/v2\/categories?post=55878"},{"taxonomy":"post_tag","embeddable":true,"href":"https:\/\/mula.es\/web\/wp-json\/wp\/v2\/tags?post=55878"}],"curies":[{"name":"wp","href":"https:\/\/api.w.org\/{rel}","templated":true}]}}