{"id":55889,"date":"2024-10-25T12:46:20","date_gmt":"2024-10-25T10:46:20","guid":{"rendered":"https:\/\/mula.es\/web\/?p=55889"},"modified":"2024-10-25T12:46:20","modified_gmt":"2024-10-25T10:46:20","slug":"turismo-el-ayuntamiento-de-mula-organiza-el-mercadillo-el-porton-de-la-placeta-en-noviembre-con-actividades-culturales-y-de-ocio","status":"publish","type":"post","link":"https:\/\/mula.es\/web\/turismo-el-ayuntamiento-de-mula-organiza-el-mercadillo-el-porton-de-la-placeta-en-noviembre-con-actividades-culturales-y-de-ocio\/","title":{"rendered":"TURISMO | El Ayuntamiento de Mula organiza el Mercadillo \u00abEl Port\u00f3n de la Placeta\u00bb en noviembre con actividades culturales y de ocio"},"content":{"rendered":"<p><strong>El Ayuntamiento de Mula organiza el Mercadillo \u00abEl Port\u00f3n de la Placeta\u00bb en noviembre con actividades culturales y de ocio<\/strong><\/p>\n<p>&nbsp;<\/p>\n<p>Mula, 25 de octubre de 2024 \u2013 El pr\u00f3ximo domingo, 10 de noviembre, se celebrar\u00e1 una nueva edici\u00f3n del Mercadillo \u00abEl Port\u00f3n de la Placeta\u00bb, un evento que cada mes llena la Plaza del Ayuntamiento de Mula de vida, cultura y tradici\u00f3n. Esta edici\u00f3n contar\u00e1 con actividades adicionales bajo el lema <em>\u00abPintando la Bella Ciudad de Mula\u00bb<\/em> , con el objetivo de promover el patrimonio art\u00edstico y cultural del municipio.<\/p>\n<p>El mercadillo se desarrollar\u00e1 de 10:00 a 14:00 horas, con una gran variedad de puestos y actividades para todos los p\u00fablicos. Entre las propuestas, destacando una ruta por los or\u00edgenes isl\u00e1micos de Mula, visitas guiadas a la Villa Romana de Los Villaricos, un taller de pintura para ni\u00f1os y el esperado XVII Concurso Nacional de Pintura al Aire Libre \u00abCiudad de Mula\u00bb, que atraer\u00e1 a artistas de diversas regiones.<\/p>\n<p>&nbsp;<\/p>\n<p>Adem\u00e1s, la jornada incluye la actividad \u00abMula Hist\u00f3rica + Verm\u00fa\u00bb, que combina la visita cultural con la degustaci\u00f3n de un verm\u00fa en un entorno privilegiado. La concejala de Turismo, Alejandra Mart\u00ednez, ha expresado su entusiasmo por esta edici\u00f3n: \u00abEl Port\u00f3n de la Placeta es un espacio donde se conjugan cultura, patrimonio y la identidad local. Esta edici\u00f3n de noviembre, centrada en el arte, es una oportunidad perfecta para que mule\u00f1os y visitantes disfruten de nuestra historia, mientras apoyamos a los artesanos y artistas que forman parte de este evento\u201d.<\/p>\n<p>&nbsp;<\/p>\n<p>Este mercadillo se ha convertido en un evento clave para la dinamizaci\u00f3n del centro hist\u00f3rico de Mula, permitiendo a los visitantes disfrutar de un ambiente acogedor y cultural, al tiempo que promueve la econom\u00eda local. Con una oferta variada que abarca desde productos artesanales hasta actividades culturales, \u00abEl Port\u00f3n de la Placeta\u00bb sigue siendo un referente para el turismo en la Regi\u00f3n de Murcia.<\/p>\n<p>&nbsp;<\/p>\n<p>Para participar en las visitas guiadas, es necesario realizar inscripci\u00f3n previa en la web <a href=\"http:\/\/www.turismoregiondemurcia.es\">oficial <\/a><a href=\"http:\/\/www.turismoregiondemurcia.es\">www.turismoregiondemurcia.es .<\/a><\/p>\n<p>&nbsp;<\/p>\n<p>El Ayuntamiento de Mula invita a todos los vecinos y visitantes a disfrutar de este evento, que ofrece una experiencia \u00fanica entre arte, historia y tradici\u00f3n en pleno coraz\u00f3n de Mula.<\/p>\n<p><a href=\"https:\/\/mula.es\/web\/wp-content\/uploads\/2024\/10\/cartel-Porton-placeta-Pinta-la-Ciudad-de-Mula-modificado-1_page-0001-scaled.jpg\"><img decoding=\"async\" data-attachment-id=\"55890\" data-permalink=\"https:\/\/mula.es\/web\/turismo-el-ayuntamiento-de-mula-organiza-el-mercadillo-el-porton-de-la-placeta-en-noviembre-con-actividades-culturales-y-de-ocio\/cartel-porton-placeta-pinta-la-ciudad-de-mula-modificado-1_page-0001\/\" data-orig-file=\"https:\/\/mula.es\/web\/wp-content\/uploads\/2024\/10\/cartel-Porton-placeta-Pinta-la-Ciudad-de-Mula-modificado-1_page-0001-scaled.jpg\" data-orig-size=\"1810,2560\" data-comments-opened=\"0\" data-image-meta=\"{&quot;aperture&quot;:&quot;0&quot;,&quot;credit&quot;:&quot;&quot;,&quot;camera&quot;:&quot;&quot;,&quot;caption&quot;:&quot;&quot;,&quot;created_timestamp&quot;:&quot;0&quot;,&quot;copyright&quot;:&quot;&quot;,&quot;focal_length&quot;:&quot;0&quot;,&quot;iso&quot;:&quot;0&quot;,&quot;shutter_speed&quot;:&quot;0&quot;,&quot;title&quot;:&quot;&quot;,&quot;orientation&quot;:&quot;0&quot;}\" data-image-title=\"cartel Porton placeta Pinta la Ciudad de Mula, modificado-1_page-0001\" data-image-description=\"\" data-image-caption=\"\" data-large-file=\"https:\/\/mula.es\/web\/wp-content\/uploads\/2024\/10\/cartel-Porton-placeta-Pinta-la-Ciudad-de-Mula-modificado-1_page-0001-724x1024.jpg\" class=\"alignnone size-medium wp-image-55890\" src=\"https:\/\/mula.es\/web\/wp-content\/uploads\/2024\/10\/cartel-Porton-placeta-Pinta-la-Ciudad-de-Mula-modificado-1_page-0001-212x300.jpg\" alt=\"\" width=\"212\" height=\"300\" srcset=\"https:\/\/mula.es\/web\/wp-content\/uploads\/2024\/10\/cartel-Porton-placeta-Pinta-la-Ciudad-de-Mula-modificado-1_page-0001-200x283.jpg 200w, https:\/\/mula.es\/web\/wp-content\/uploads\/2024\/10\/cartel-Porton-placeta-Pinta-la-Ciudad-de-Mula-modificado-1_page-0001-212x300.jpg 212w, https:\/\/mula.es\/web\/wp-content\/uploads\/2024\/10\/cartel-Porton-placeta-Pinta-la-Ciudad-de-Mula-modificado-1_page-0001-400x566.jpg 400w, https:\/\/mula.es\/web\/wp-content\/uploads\/2024\/10\/cartel-Porton-placeta-Pinta-la-Ciudad-de-Mula-modificado-1_page-0001-600x849.jpg 600w, https:\/\/mula.es\/web\/wp-content\/uploads\/2024\/10\/cartel-Porton-placeta-Pinta-la-Ciudad-de-Mula-modificado-1_page-0001-724x1024.jpg 724w, https:\/\/mula.es\/web\/wp-content\/uploads\/2024\/10\/cartel-Porton-placeta-Pinta-la-Ciudad-de-Mula-modificado-1_page-0001-768x1086.jpg 768w, https:\/\/mula.es\/web\/wp-content\/uploads\/2024\/10\/cartel-Porton-placeta-Pinta-la-Ciudad-de-Mula-modificado-1_page-0001-800x1132.jpg 800w, https:\/\/mula.es\/web\/wp-content\/uploads\/2024\/10\/cartel-Porton-placeta-Pinta-la-Ciudad-de-Mula-modificado-1_page-0001-1086x1536.jpg 1086w, https:\/\/mula.es\/web\/wp-content\/uploads\/2024\/10\/cartel-Porton-placeta-Pinta-la-Ciudad-de-Mula-modificado-1_page-0001-1200x1697.jpg 1200w, https:\/\/mula.es\/web\/wp-content\/uploads\/2024\/10\/cartel-Porton-placeta-Pinta-la-Ciudad-de-Mula-modificado-1_page-0001-1448x2048.jpg 1448w, https:\/\/mula.es\/web\/wp-content\/uploads\/2024\/10\/cartel-Porton-placeta-Pinta-la-Ciudad-de-Mula-modificado-1_page-0001-scaled.jpg 1810w\" sizes=\"(max-width: 212px) 100vw, 212px\" \/><\/a><\/p>\n","protected":false},"excerpt":{"rendered":"<p>El Ayuntamiento de Mula organiza el Mercadillo \u00abEl Port\u00f3n de la Placeta\u00bb en noviembre con actividades culturales y de ocio &nbsp; Mula, 25 de octubre de 2024 \u2013 El pr\u00f3ximo domingo, 10 de noviembre, se celebrar\u00e1 una nueva edici\u00f3n del Mercadillo \u00abEl Port\u00f3n de la Placeta\u00bb, un evento que cada mes llena la Plaza del  [&#8230;]<\/p>\n","protected":false},"author":13,"featured_media":33512,"comment_status":"closed","ping_status":"closed","sticky":false,"template":"","format":"standard","meta":{"jetpack_post_was_ever_published":false,"_jetpack_newsletter_access":"","_jetpack_dont_email_post_to_subs":false,"_jetpack_newsletter_tier_id":0,"_jetpack_memberships_contains_paywalled_content":false,"_jetpack_memberships_contains_paid_content":false,"footnotes":"","jetpack_publicize_message":"","jetpack_publicize_feature_enabled":true,"jetpack_social_post_already_shared":false,"jetpack_social_options":{"image_generator_settings":{"template":"highway","default_image_id":0,"font":"","enabled":false},"version":2}},"categories":[75],"tags":[],"class_list":["post-55889","post","type-post","status-publish","format-standard","has-post-thumbnail","hentry","category-turismo"],"yoast_head":"<!-- This site is optimized with the Yoast SEO plugin v27.5 - https:\/\/yoast.com\/product\/yoast-seo-wordpress\/ -->\n<title>TURISMO | El Ayuntamiento de Mula organiza el Mercadillo &quot;El Port\u00f3n de la Placeta&quot; en noviembre con actividades culturales y de ocio - Ayuntamiento de Mula<\/title>\n<meta name=\"robots\" content=\"index, follow, max-snippet:-1, max-image-preview:large, max-video-preview:-1\" \/>\n<link rel=\"canonical\" href=\"https:\/\/mula.es\/web\/turismo-el-ayuntamiento-de-mula-organiza-el-mercadillo-el-porton-de-la-placeta-en-noviembre-con-actividades-culturales-y-de-ocio\/\" \/>\n<meta property=\"og:locale\" content=\"es_ES\" \/>\n<meta property=\"og:type\" content=\"article\" \/>\n<meta property=\"og:title\" content=\"TURISMO | El Ayuntamiento de Mula organiza el Mercadillo &quot;El Port\u00f3n de la Placeta&quot; en noviembre con actividades culturales y de ocio - Ayuntamiento de Mula\" \/>\n<meta property=\"og:description\" content=\"El Ayuntamiento de Mula organiza el Mercadillo \u00abEl Port\u00f3n de la Placeta\u00bb en noviembre con actividades culturales y de ocio &nbsp; Mula, 25 de octubre de 2024 \u2013 El pr\u00f3ximo domingo, 10 de noviembre, se celebrar\u00e1 una nueva edici\u00f3n del Mercadillo \u00abEl Port\u00f3n de la Placeta\u00bb, un evento que cada mes llena la Plaza del [...]\" \/>\n<meta property=\"og:url\" content=\"https:\/\/mula.es\/web\/turismo-el-ayuntamiento-de-mula-organiza-el-mercadillo-el-porton-de-la-placeta-en-noviembre-con-actividades-culturales-y-de-ocio\/\" \/>\n<meta property=\"og:site_name\" content=\"Ayuntamiento de Mula\" \/>\n<meta property=\"article:published_time\" content=\"2024-10-25T10:46:20+00:00\" \/>\n<meta property=\"og:image\" content=\"https:\/\/mula.es\/web\/wp-content\/uploads\/2020\/06\/escudo-cuadrado-e1591045058235.jpg\" \/>\n\t<meta property=\"og:image:width\" content=\"200\" \/>\n\t<meta property=\"og:image:height\" content=\"218\" \/>\n\t<meta property=\"og:image:type\" content=\"image\/jpeg\" \/>\n<meta name=\"author\" content=\"Laura Salas Orcajada\" \/>\n<meta name=\"twitter:card\" content=\"summary_large_image\" \/>\n<meta name=\"twitter:creator\" content=\"@AyuntamientMula\" \/>\n<meta name=\"twitter:site\" content=\"@AyuntamientMula\" \/>\n<meta name=\"twitter:label1\" content=\"Escrito por\" \/>\n\t<meta name=\"twitter:data1\" content=\"Laura Salas Orcajada\" \/>\n\t<meta name=\"twitter:label2\" content=\"Tiempo de lectura\" \/>\n\t<meta name=\"twitter:data2\" content=\"3 minutos\" \/>\n<script type=\"application\/ld+json\" class=\"yoast-schema-graph\">{\"@context\":\"https:\\\/\\\/schema.org\",\"@graph\":[{\"@type\":\"Article\",\"@id\":\"https:\\\/\\\/mula.es\\\/web\\\/turismo-el-ayuntamiento-de-mula-organiza-el-mercadillo-el-porton-de-la-placeta-en-noviembre-con-actividades-culturales-y-de-ocio\\\/#article\",\"isPartOf\":{\"@id\":\"https:\\\/\\\/mula.es\\\/web\\\/turismo-el-ayuntamiento-de-mula-organiza-el-mercadillo-el-porton-de-la-placeta-en-noviembre-con-actividades-culturales-y-de-ocio\\\/\"},\"author\":{\"name\":\"Laura Salas Orcajada\",\"@id\":\"https:\\\/\\\/mula.es\\\/web\\\/#\\\/schema\\\/person\\\/4f10179bd364f40dceed361e61e4033f\"},\"headline\":\"TURISMO | El Ayuntamiento de Mula organiza el Mercadillo \u00abEl Port\u00f3n de la Placeta\u00bb en noviembre con actividades culturales y de ocio\",\"datePublished\":\"2024-10-25T10:46:20+00:00\",\"mainEntityOfPage\":{\"@id\":\"https:\\\/\\\/mula.es\\\/web\\\/turismo-el-ayuntamiento-de-mula-organiza-el-mercadillo-el-porton-de-la-placeta-en-noviembre-con-actividades-culturales-y-de-ocio\\\/\"},\"wordCount\":407,\"image\":{\"@id\":\"https:\\\/\\\/mula.es\\\/web\\\/turismo-el-ayuntamiento-de-mula-organiza-el-mercadillo-el-porton-de-la-placeta-en-noviembre-con-actividades-culturales-y-de-ocio\\\/#primaryimage\"},\"thumbnailUrl\":\"https:\\\/\\\/mula.es\\\/web\\\/wp-content\\\/uploads\\\/2020\\\/06\\\/escudo-cuadrado-e1591045058235.jpg\",\"articleSection\":[\"turismo\"],\"inLanguage\":\"es\"},{\"@type\":\"WebPage\",\"@id\":\"https:\\\/\\\/mula.es\\\/web\\\/turismo-el-ayuntamiento-de-mula-organiza-el-mercadillo-el-porton-de-la-placeta-en-noviembre-con-actividades-culturales-y-de-ocio\\\/\",\"url\":\"https:\\\/\\\/mula.es\\\/web\\\/turismo-el-ayuntamiento-de-mula-organiza-el-mercadillo-el-porton-de-la-placeta-en-noviembre-con-actividades-culturales-y-de-ocio\\\/\",\"name\":\"TURISMO | El Ayuntamiento de Mula organiza el Mercadillo \\\"El Port\u00f3n de la Placeta\\\" en noviembre con actividades culturales y de ocio - Ayuntamiento de Mula\",\"isPartOf\":{\"@id\":\"https:\\\/\\\/mula.es\\\/web\\\/#website\"},\"primaryImageOfPage\":{\"@id\":\"https:\\\/\\\/mula.es\\\/web\\\/turismo-el-ayuntamiento-de-mula-organiza-el-mercadillo-el-porton-de-la-placeta-en-noviembre-con-actividades-culturales-y-de-ocio\\\/#primaryimage\"},\"image\":{\"@id\":\"https:\\\/\\\/mula.es\\\/web\\\/turismo-el-ayuntamiento-de-mula-organiza-el-mercadillo-el-porton-de-la-placeta-en-noviembre-con-actividades-culturales-y-de-ocio\\\/#primaryimage\"},\"thumbnailUrl\":\"https:\\\/\\\/mula.es\\\/web\\\/wp-content\\\/uploads\\\/2020\\\/06\\\/escudo-cuadrado-e1591045058235.jpg\",\"datePublished\":\"2024-10-25T10:46:20+00:00\",\"author\":{\"@id\":\"https:\\\/\\\/mula.es\\\/web\\\/#\\\/schema\\\/person\\\/4f10179bd364f40dceed361e61e4033f\"},\"breadcrumb\":{\"@id\":\"https:\\\/\\\/mula.es\\\/web\\\/turismo-el-ayuntamiento-de-mula-organiza-el-mercadillo-el-porton-de-la-placeta-en-noviembre-con-actividades-culturales-y-de-ocio\\\/#breadcrumb\"},\"inLanguage\":\"es\",\"potentialAction\":[{\"@type\":\"ReadAction\",\"target\":[\"https:\\\/\\\/mula.es\\\/web\\\/turismo-el-ayuntamiento-de-mula-organiza-el-mercadillo-el-porton-de-la-placeta-en-noviembre-con-actividades-culturales-y-de-ocio\\\/\"]}]},{\"@type\":\"ImageObject\",\"inLanguage\":\"es\",\"@id\":\"https:\\\/\\\/mula.es\\\/web\\\/turismo-el-ayuntamiento-de-mula-organiza-el-mercadillo-el-porton-de-la-placeta-en-noviembre-con-actividades-culturales-y-de-ocio\\\/#primaryimage\",\"url\":\"https:\\\/\\\/mula.es\\\/web\\\/wp-content\\\/uploads\\\/2020\\\/06\\\/escudo-cuadrado-e1591045058235.jpg\",\"contentUrl\":\"https:\\\/\\\/mula.es\\\/web\\\/wp-content\\\/uploads\\\/2020\\\/06\\\/escudo-cuadrado-e1591045058235.jpg\",\"width\":200,\"height\":218},{\"@type\":\"BreadcrumbList\",\"@id\":\"https:\\\/\\\/mula.es\\\/web\\\/turismo-el-ayuntamiento-de-mula-organiza-el-mercadillo-el-porton-de-la-placeta-en-noviembre-con-actividades-culturales-y-de-ocio\\\/#breadcrumb\",\"itemListElement\":[{\"@type\":\"ListItem\",\"position\":1,\"name\":\"Portada\",\"item\":\"https:\\\/\\\/mula.es\\\/web\\\/\"},{\"@type\":\"ListItem\",\"position\":2,\"name\":\"TURISMO | El Ayuntamiento de Mula organiza el Mercadillo \u00abEl Port\u00f3n de la Placeta\u00bb en noviembre con actividades culturales y de ocio\"}]},{\"@type\":\"WebSite\",\"@id\":\"https:\\\/\\\/mula.es\\\/web\\\/#website\",\"url\":\"https:\\\/\\\/mula.es\\\/web\\\/\",\"name\":\"Ayuntamiento de Mula\",\"description\":\"P\u00e1gina web del Ayuntamiento de Mula (Regi\u00f3n de Murcia)\",\"potentialAction\":[{\"@type\":\"SearchAction\",\"target\":{\"@type\":\"EntryPoint\",\"urlTemplate\":\"https:\\\/\\\/mula.es\\\/web\\\/?s={search_term_string}\"},\"query-input\":{\"@type\":\"PropertyValueSpecification\",\"valueRequired\":true,\"valueName\":\"search_term_string\"}}],\"inLanguage\":\"es\"},{\"@type\":\"Person\",\"@id\":\"https:\\\/\\\/mula.es\\\/web\\\/#\\\/schema\\\/person\\\/4f10179bd364f40dceed361e61e4033f\",\"name\":\"Laura Salas Orcajada\",\"image\":{\"@type\":\"ImageObject\",\"inLanguage\":\"es\",\"@id\":\"https:\\\/\\\/secure.gravatar.com\\\/avatar\\\/786f2a223d9a455e2a448f78b5dcc1117207ef56ef3d9a04df338c0f775cd403?s=96&d=mm&r=g\",\"url\":\"https:\\\/\\\/secure.gravatar.com\\\/avatar\\\/786f2a223d9a455e2a448f78b5dcc1117207ef56ef3d9a04df338c0f775cd403?s=96&d=mm&r=g\",\"contentUrl\":\"https:\\\/\\\/secure.gravatar.com\\\/avatar\\\/786f2a223d9a455e2a448f78b5dcc1117207ef56ef3d9a04df338c0f775cd403?s=96&d=mm&r=g\",\"caption\":\"Laura Salas Orcajada\"},\"url\":\"https:\\\/\\\/mula.es\\\/web\\\/author\\\/lsalas\\\/\"}]}<\/script>\n<!-- \/ Yoast SEO plugin. -->","yoast_head_json":{"title":"TURISMO | El Ayuntamiento de Mula organiza el Mercadillo \"El Port\u00f3n de la Placeta\" en noviembre con actividades culturales y de ocio - Ayuntamiento de Mula","robots":{"index":"index","follow":"follow","max-snippet":"max-snippet:-1","max-image-preview":"max-image-preview:large","max-video-preview":"max-video-preview:-1"},"canonical":"https:\/\/mula.es\/web\/turismo-el-ayuntamiento-de-mula-organiza-el-mercadillo-el-porton-de-la-placeta-en-noviembre-con-actividades-culturales-y-de-ocio\/","og_locale":"es_ES","og_type":"article","og_title":"TURISMO | El Ayuntamiento de Mula organiza el Mercadillo \"El Port\u00f3n de la Placeta\" en noviembre con actividades culturales y de ocio - Ayuntamiento de Mula","og_description":"El Ayuntamiento de Mula organiza el Mercadillo \u00abEl Port\u00f3n de la Placeta\u00bb en noviembre con actividades culturales y de ocio &nbsp; Mula, 25 de octubre de 2024 \u2013 El pr\u00f3ximo domingo, 10 de noviembre, se celebrar\u00e1 una nueva edici\u00f3n del Mercadillo \u00abEl Port\u00f3n de la Placeta\u00bb, un evento que cada mes llena la Plaza del [...]","og_url":"https:\/\/mula.es\/web\/turismo-el-ayuntamiento-de-mula-organiza-el-mercadillo-el-porton-de-la-placeta-en-noviembre-con-actividades-culturales-y-de-ocio\/","og_site_name":"Ayuntamiento de Mula","article_published_time":"2024-10-25T10:46:20+00:00","og_image":[{"width":200,"height":218,"url":"https:\/\/mula.es\/web\/wp-content\/uploads\/2020\/06\/escudo-cuadrado-e1591045058235.jpg","type":"image\/jpeg"}],"author":"Laura Salas Orcajada","twitter_card":"summary_large_image","twitter_creator":"@AyuntamientMula","twitter_site":"@AyuntamientMula","twitter_misc":{"Escrito por":"Laura Salas Orcajada","Tiempo de lectura":"3 minutos"},"schema":{"@context":"https:\/\/schema.org","@graph":[{"@type":"Article","@id":"https:\/\/mula.es\/web\/turismo-el-ayuntamiento-de-mula-organiza-el-mercadillo-el-porton-de-la-placeta-en-noviembre-con-actividades-culturales-y-de-ocio\/#article","isPartOf":{"@id":"https:\/\/mula.es\/web\/turismo-el-ayuntamiento-de-mula-organiza-el-mercadillo-el-porton-de-la-placeta-en-noviembre-con-actividades-culturales-y-de-ocio\/"},"author":{"name":"Laura Salas Orcajada","@id":"https:\/\/mula.es\/web\/#\/schema\/person\/4f10179bd364f40dceed361e61e4033f"},"headline":"TURISMO | El Ayuntamiento de Mula organiza el Mercadillo \u00abEl Port\u00f3n de la Placeta\u00bb en noviembre con actividades culturales y de ocio","datePublished":"2024-10-25T10:46:20+00:00","mainEntityOfPage":{"@id":"https:\/\/mula.es\/web\/turismo-el-ayuntamiento-de-mula-organiza-el-mercadillo-el-porton-de-la-placeta-en-noviembre-con-actividades-culturales-y-de-ocio\/"},"wordCount":407,"image":{"@id":"https:\/\/mula.es\/web\/turismo-el-ayuntamiento-de-mula-organiza-el-mercadillo-el-porton-de-la-placeta-en-noviembre-con-actividades-culturales-y-de-ocio\/#primaryimage"},"thumbnailUrl":"https:\/\/mula.es\/web\/wp-content\/uploads\/2020\/06\/escudo-cuadrado-e1591045058235.jpg","articleSection":["turismo"],"inLanguage":"es"},{"@type":"WebPage","@id":"https:\/\/mula.es\/web\/turismo-el-ayuntamiento-de-mula-organiza-el-mercadillo-el-porton-de-la-placeta-en-noviembre-con-actividades-culturales-y-de-ocio\/","url":"https:\/\/mula.es\/web\/turismo-el-ayuntamiento-de-mula-organiza-el-mercadillo-el-porton-de-la-placeta-en-noviembre-con-actividades-culturales-y-de-ocio\/","name":"TURISMO | El Ayuntamiento de Mula organiza el Mercadillo \"El Port\u00f3n de la Placeta\" en noviembre con actividades culturales y de ocio - Ayuntamiento de Mula","isPartOf":{"@id":"https:\/\/mula.es\/web\/#website"},"primaryImageOfPage":{"@id":"https:\/\/mula.es\/web\/turismo-el-ayuntamiento-de-mula-organiza-el-mercadillo-el-porton-de-la-placeta-en-noviembre-con-actividades-culturales-y-de-ocio\/#primaryimage"},"image":{"@id":"https:\/\/mula.es\/web\/turismo-el-ayuntamiento-de-mula-organiza-el-mercadillo-el-porton-de-la-placeta-en-noviembre-con-actividades-culturales-y-de-ocio\/#primaryimage"},"thumbnailUrl":"https:\/\/mula.es\/web\/wp-content\/uploads\/2020\/06\/escudo-cuadrado-e1591045058235.jpg","datePublished":"2024-10-25T10:46:20+00:00","author":{"@id":"https:\/\/mula.es\/web\/#\/schema\/person\/4f10179bd364f40dceed361e61e4033f"},"breadcrumb":{"@id":"https:\/\/mula.es\/web\/turismo-el-ayuntamiento-de-mula-organiza-el-mercadillo-el-porton-de-la-placeta-en-noviembre-con-actividades-culturales-y-de-ocio\/#breadcrumb"},"inLanguage":"es","potentialAction":[{"@type":"ReadAction","target":["https:\/\/mula.es\/web\/turismo-el-ayuntamiento-de-mula-organiza-el-mercadillo-el-porton-de-la-placeta-en-noviembre-con-actividades-culturales-y-de-ocio\/"]}]},{"@type":"ImageObject","inLanguage":"es","@id":"https:\/\/mula.es\/web\/turismo-el-ayuntamiento-de-mula-organiza-el-mercadillo-el-porton-de-la-placeta-en-noviembre-con-actividades-culturales-y-de-ocio\/#primaryimage","url":"https:\/\/mula.es\/web\/wp-content\/uploads\/2020\/06\/escudo-cuadrado-e1591045058235.jpg","contentUrl":"https:\/\/mula.es\/web\/wp-content\/uploads\/2020\/06\/escudo-cuadrado-e1591045058235.jpg","width":200,"height":218},{"@type":"BreadcrumbList","@id":"https:\/\/mula.es\/web\/turismo-el-ayuntamiento-de-mula-organiza-el-mercadillo-el-porton-de-la-placeta-en-noviembre-con-actividades-culturales-y-de-ocio\/#breadcrumb","itemListElement":[{"@type":"ListItem","position":1,"name":"Portada","item":"https:\/\/mula.es\/web\/"},{"@type":"ListItem","position":2,"name":"TURISMO | El Ayuntamiento de Mula organiza el Mercadillo \u00abEl Port\u00f3n de la Placeta\u00bb en noviembre con actividades culturales y de ocio"}]},{"@type":"WebSite","@id":"https:\/\/mula.es\/web\/#website","url":"https:\/\/mula.es\/web\/","name":"Ayuntamiento de Mula","description":"P\u00e1gina web del Ayuntamiento de Mula (Regi\u00f3n de Murcia)","potentialAction":[{"@type":"SearchAction","target":{"@type":"EntryPoint","urlTemplate":"https:\/\/mula.es\/web\/?s={search_term_string}"},"query-input":{"@type":"PropertyValueSpecification","valueRequired":true,"valueName":"search_term_string"}}],"inLanguage":"es"},{"@type":"Person","@id":"https:\/\/mula.es\/web\/#\/schema\/person\/4f10179bd364f40dceed361e61e4033f","name":"Laura Salas Orcajada","image":{"@type":"ImageObject","inLanguage":"es","@id":"https:\/\/secure.gravatar.com\/avatar\/786f2a223d9a455e2a448f78b5dcc1117207ef56ef3d9a04df338c0f775cd403?s=96&d=mm&r=g","url":"https:\/\/secure.gravatar.com\/avatar\/786f2a223d9a455e2a448f78b5dcc1117207ef56ef3d9a04df338c0f775cd403?s=96&d=mm&r=g","contentUrl":"https:\/\/secure.gravatar.com\/avatar\/786f2a223d9a455e2a448f78b5dcc1117207ef56ef3d9a04df338c0f775cd403?s=96&d=mm&r=g","caption":"Laura Salas Orcajada"},"url":"https:\/\/mula.es\/web\/author\/lsalas\/"}]}},"jetpack_publicize_connections":[],"jetpack_featured_media_url":"https:\/\/mula.es\/web\/wp-content\/uploads\/2020\/06\/escudo-cuadrado-e1591045058235.jpg","jetpack_sharing_enabled":true,"jetpack_shortlink":"https:\/\/wp.me\/pa9DMY-exr","jetpack-related-posts":[],"_links":{"self":[{"href":"https:\/\/mula.es\/web\/wp-json\/wp\/v2\/posts\/55889","targetHints":{"allow":["GET"]}}],"collection":[{"href":"https:\/\/mula.es\/web\/wp-json\/wp\/v2\/posts"}],"about":[{"href":"https:\/\/mula.es\/web\/wp-json\/wp\/v2\/types\/post"}],"author":[{"embeddable":true,"href":"https:\/\/mula.es\/web\/wp-json\/wp\/v2\/users\/13"}],"replies":[{"embeddable":true,"href":"https:\/\/mula.es\/web\/wp-json\/wp\/v2\/comments?post=55889"}],"version-history":[{"count":1,"href":"https:\/\/mula.es\/web\/wp-json\/wp\/v2\/posts\/55889\/revisions"}],"predecessor-version":[{"id":55891,"href":"https:\/\/mula.es\/web\/wp-json\/wp\/v2\/posts\/55889\/revisions\/55891"}],"wp:featuredmedia":[{"embeddable":true,"href":"https:\/\/mula.es\/web\/wp-json\/wp\/v2\/media\/33512"}],"wp:attachment":[{"href":"https:\/\/mula.es\/web\/wp-json\/wp\/v2\/media?parent=55889"}],"wp:term":[{"taxonomy":"category","embeddable":true,"href":"https:\/\/mula.es\/web\/wp-json\/wp\/v2\/categories?post=55889"},{"taxonomy":"post_tag","embeddable":true,"href":"https:\/\/mula.es\/web\/wp-json\/wp\/v2\/tags?post=55889"}],"curies":[{"name":"wp","href":"https:\/\/api.w.org\/{rel}","templated":true}]}}