{"id":55930,"date":"2024-10-28T14:25:24","date_gmt":"2024-10-28T13:25:24","guid":{"rendered":"https:\/\/mula.es\/web\/?p=55930"},"modified":"2024-10-28T14:25:24","modified_gmt":"2024-10-28T13:25:24","slug":"deportes-se-suspenden-las-escuelas-deportivas-por-alerta-dana-en-mula","status":"publish","type":"post","link":"https:\/\/mula.es\/web\/deportes-se-suspenden-las-escuelas-deportivas-por-alerta-dana-en-mula\/","title":{"rendered":"DEPORTES | Se suspenden las Escuelas Deportivas por alerta DANA en Mula"},"content":{"rendered":"<div>\n<p><strong>Se suspenden las Escuelas Deportivas por alerta DANA en Mula<\/strong><\/p>\n<p><a href=\"https:\/\/mula.es\/web\/wp-content\/uploads\/2024\/10\/SUSP-ESC-DEP.jpg\"><img decoding=\"async\" data-attachment-id=\"55931\" data-permalink=\"https:\/\/mula.es\/web\/deportes-se-suspenden-las-escuelas-deportivas-por-alerta-dana-en-mula\/susp-esc-dep\/\" data-orig-file=\"https:\/\/mula.es\/web\/wp-content\/uploads\/2024\/10\/SUSP-ESC-DEP.jpg\" data-orig-size=\"1080,1080\" data-comments-opened=\"0\" data-image-meta=\"{&quot;aperture&quot;:&quot;0&quot;,&quot;credit&quot;:&quot;&quot;,&quot;camera&quot;:&quot;&quot;,&quot;caption&quot;:&quot;&quot;,&quot;created_timestamp&quot;:&quot;0&quot;,&quot;copyright&quot;:&quot;&quot;,&quot;focal_length&quot;:&quot;0&quot;,&quot;iso&quot;:&quot;0&quot;,&quot;shutter_speed&quot;:&quot;0&quot;,&quot;title&quot;:&quot;&quot;,&quot;orientation&quot;:&quot;1&quot;}\" data-image-title=\"SUSP ESC DEP\" data-image-description=\"\" data-image-caption=\"\" data-large-file=\"https:\/\/mula.es\/web\/wp-content\/uploads\/2024\/10\/SUSP-ESC-DEP-1024x1024.jpg\" class=\"alignnone size-medium wp-image-55931\" src=\"https:\/\/mula.es\/web\/wp-content\/uploads\/2024\/10\/SUSP-ESC-DEP-300x300.jpg\" alt=\"\" width=\"300\" height=\"300\" srcset=\"https:\/\/mula.es\/web\/wp-content\/uploads\/2024\/10\/SUSP-ESC-DEP-66x66.jpg 66w, https:\/\/mula.es\/web\/wp-content\/uploads\/2024\/10\/SUSP-ESC-DEP-150x150.jpg 150w, https:\/\/mula.es\/web\/wp-content\/uploads\/2024\/10\/SUSP-ESC-DEP-200x200.jpg 200w, https:\/\/mula.es\/web\/wp-content\/uploads\/2024\/10\/SUSP-ESC-DEP-300x300.jpg 300w, https:\/\/mula.es\/web\/wp-content\/uploads\/2024\/10\/SUSP-ESC-DEP-400x400.jpg 400w, https:\/\/mula.es\/web\/wp-content\/uploads\/2024\/10\/SUSP-ESC-DEP-600x600.jpg 600w, https:\/\/mula.es\/web\/wp-content\/uploads\/2024\/10\/SUSP-ESC-DEP-768x768.jpg 768w, https:\/\/mula.es\/web\/wp-content\/uploads\/2024\/10\/SUSP-ESC-DEP-800x800.jpg 800w, https:\/\/mula.es\/web\/wp-content\/uploads\/2024\/10\/SUSP-ESC-DEP-1024x1024.jpg 1024w, https:\/\/mula.es\/web\/wp-content\/uploads\/2024\/10\/SUSP-ESC-DEP.jpg 1080w\" sizes=\"(max-width: 300px) 100vw, 300px\" \/><\/a><\/p>\n<p class=\"cvGsUA direction-ltr align-center para-style-body\"><span class=\"OYPEnA font-feature-liga-off font-feature-clig-off font-feature-calt-off text-decoration-none text-strikethrough-none\">Mula, 28 de octubre de 2024 \u2013 El Excmo. Ayuntamiento de Mula informa que, ante la alerta emitida por la AEMET y la notificaci\u00f3n recibida de la Direcci\u00f3n General de Seguridad Ciudadana y Emergencias en el que comunica fen\u00f3menos meteorol\u00f3gicos adversos NIVEL NARANJA en la Regi\u00f3n de Murcia, se suspenden, hasta nueva actualizaci\u00f3n, las actividades de las <\/span><span class=\"OYPEnA font-feature-liga-off font-feature-clig-off font-feature-calt-off text-decoration-none text-strikethrough-none\">ESCUELAS DEPORTIVAS MUNICIPALES.<\/span><\/p>\n<p class=\"cvGsUA direction-ltr align-center para-style-body\">\n<p class=\"cvGsUA direction-ltr align-center para-style-body\"><span class=\"OYPEnA font-feature-liga-off font-feature-clig-off font-feature-calt-off text-decoration-none text-strikethrough-none\">Se ruega extremar las precauciones y seguir las indicaciones de los servicios de emergencia a trav\u00e9s de los <\/span><span class=\"OYPEnA font-feature-liga-off font-feature-clig-off font-feature-calt-off text-decoration-none text-strikethrough-none\">canales oficiales.<\/span><\/p>\n<\/div>\n<div><\/div>\n","protected":false},"excerpt":{"rendered":"<p>Se suspenden las Escuelas Deportivas por alerta DANA en Mula Mula, 28 de octubre de 2024 \u2013 El Excmo. Ayuntamiento de Mula informa que, ante la alerta emitida por la AEMET y la notificaci\u00f3n recibida de la Direcci\u00f3n General de Seguridad Ciudadana y Emergencias en el que comunica fen\u00f3menos meteorol\u00f3gicos adversos NIVEL NARANJA en la  [&#8230;]<\/p>\n","protected":false},"author":13,"featured_media":33512,"comment_status":"closed","ping_status":"closed","sticky":false,"template":"","format":"standard","meta":{"jetpack_post_was_ever_published":false,"_jetpack_newsletter_access":"","_jetpack_dont_email_post_to_subs":false,"_jetpack_newsletter_tier_id":0,"_jetpack_memberships_contains_paywalled_content":false,"_jetpack_memberships_contains_paid_content":false,"footnotes":"","jetpack_publicize_message":"","jetpack_publicize_feature_enabled":true,"jetpack_social_post_already_shared":false,"jetpack_social_options":{"image_generator_settings":{"template":"highway","default_image_id":0,"font":"","enabled":false},"version":2}},"categories":[88],"tags":[],"class_list":["post-55930","post","type-post","status-publish","format-standard","has-post-thumbnail","hentry","category-deportes"],"yoast_head":"<!-- This site is optimized with the Yoast SEO plugin v27.5 - https:\/\/yoast.com\/product\/yoast-seo-wordpress\/ -->\n<title>DEPORTES | Se suspenden las Escuelas Deportivas por alerta DANA en Mula - Ayuntamiento de Mula<\/title>\n<meta name=\"robots\" content=\"index, follow, max-snippet:-1, max-image-preview:large, max-video-preview:-1\" \/>\n<link rel=\"canonical\" href=\"https:\/\/mula.es\/web\/deportes-se-suspenden-las-escuelas-deportivas-por-alerta-dana-en-mula\/\" \/>\n<meta property=\"og:locale\" content=\"es_ES\" \/>\n<meta property=\"og:type\" content=\"article\" \/>\n<meta property=\"og:title\" content=\"DEPORTES | Se suspenden las Escuelas Deportivas por alerta DANA en Mula - Ayuntamiento de Mula\" \/>\n<meta property=\"og:description\" content=\"Se suspenden las Escuelas Deportivas por alerta DANA en Mula Mula, 28 de octubre de 2024 \u2013 El Excmo. Ayuntamiento de Mula informa que, ante la alerta emitida por la AEMET y la notificaci\u00f3n recibida de la Direcci\u00f3n General de Seguridad Ciudadana y Emergencias en el que comunica fen\u00f3menos meteorol\u00f3gicos adversos NIVEL NARANJA en la [...]\" \/>\n<meta property=\"og:url\" content=\"https:\/\/mula.es\/web\/deportes-se-suspenden-las-escuelas-deportivas-por-alerta-dana-en-mula\/\" \/>\n<meta property=\"og:site_name\" content=\"Ayuntamiento de Mula\" \/>\n<meta property=\"article:published_time\" content=\"2024-10-28T13:25:24+00:00\" \/>\n<meta property=\"og:image\" content=\"https:\/\/mula.es\/web\/wp-content\/uploads\/2020\/06\/escudo-cuadrado-e1591045058235.jpg\" \/>\n\t<meta property=\"og:image:width\" content=\"200\" \/>\n\t<meta property=\"og:image:height\" content=\"218\" \/>\n\t<meta property=\"og:image:type\" content=\"image\/jpeg\" \/>\n<meta name=\"author\" content=\"Laura Salas Orcajada\" \/>\n<meta name=\"twitter:card\" content=\"summary_large_image\" \/>\n<meta name=\"twitter:creator\" content=\"@AyuntamientMula\" \/>\n<meta name=\"twitter:site\" content=\"@AyuntamientMula\" \/>\n<meta name=\"twitter:label1\" content=\"Escrito por\" \/>\n\t<meta name=\"twitter:data1\" content=\"Laura Salas Orcajada\" \/>\n\t<meta name=\"twitter:label2\" content=\"Tiempo de lectura\" \/>\n\t<meta name=\"twitter:data2\" content=\"3 minutos\" \/>\n<script type=\"application\/ld+json\" class=\"yoast-schema-graph\">{\"@context\":\"https:\\\/\\\/schema.org\",\"@graph\":[{\"@type\":\"Article\",\"@id\":\"https:\\\/\\\/mula.es\\\/web\\\/deportes-se-suspenden-las-escuelas-deportivas-por-alerta-dana-en-mula\\\/#article\",\"isPartOf\":{\"@id\":\"https:\\\/\\\/mula.es\\\/web\\\/deportes-se-suspenden-las-escuelas-deportivas-por-alerta-dana-en-mula\\\/\"},\"author\":{\"name\":\"Laura Salas Orcajada\",\"@id\":\"https:\\\/\\\/mula.es\\\/web\\\/#\\\/schema\\\/person\\\/4f10179bd364f40dceed361e61e4033f\"},\"headline\":\"DEPORTES | Se suspenden las Escuelas Deportivas por alerta DANA en Mula\",\"datePublished\":\"2024-10-28T13:25:24+00:00\",\"mainEntityOfPage\":{\"@id\":\"https:\\\/\\\/mula.es\\\/web\\\/deportes-se-suspenden-las-escuelas-deportivas-por-alerta-dana-en-mula\\\/\"},\"wordCount\":105,\"image\":{\"@id\":\"https:\\\/\\\/mula.es\\\/web\\\/deportes-se-suspenden-las-escuelas-deportivas-por-alerta-dana-en-mula\\\/#primaryimage\"},\"thumbnailUrl\":\"https:\\\/\\\/mula.es\\\/web\\\/wp-content\\\/uploads\\\/2020\\\/06\\\/escudo-cuadrado-e1591045058235.jpg\",\"articleSection\":[\"deportes\"],\"inLanguage\":\"es\"},{\"@type\":\"WebPage\",\"@id\":\"https:\\\/\\\/mula.es\\\/web\\\/deportes-se-suspenden-las-escuelas-deportivas-por-alerta-dana-en-mula\\\/\",\"url\":\"https:\\\/\\\/mula.es\\\/web\\\/deportes-se-suspenden-las-escuelas-deportivas-por-alerta-dana-en-mula\\\/\",\"name\":\"DEPORTES | Se suspenden las Escuelas Deportivas por alerta DANA en Mula - Ayuntamiento de Mula\",\"isPartOf\":{\"@id\":\"https:\\\/\\\/mula.es\\\/web\\\/#website\"},\"primaryImageOfPage\":{\"@id\":\"https:\\\/\\\/mula.es\\\/web\\\/deportes-se-suspenden-las-escuelas-deportivas-por-alerta-dana-en-mula\\\/#primaryimage\"},\"image\":{\"@id\":\"https:\\\/\\\/mula.es\\\/web\\\/deportes-se-suspenden-las-escuelas-deportivas-por-alerta-dana-en-mula\\\/#primaryimage\"},\"thumbnailUrl\":\"https:\\\/\\\/mula.es\\\/web\\\/wp-content\\\/uploads\\\/2020\\\/06\\\/escudo-cuadrado-e1591045058235.jpg\",\"datePublished\":\"2024-10-28T13:25:24+00:00\",\"author\":{\"@id\":\"https:\\\/\\\/mula.es\\\/web\\\/#\\\/schema\\\/person\\\/4f10179bd364f40dceed361e61e4033f\"},\"breadcrumb\":{\"@id\":\"https:\\\/\\\/mula.es\\\/web\\\/deportes-se-suspenden-las-escuelas-deportivas-por-alerta-dana-en-mula\\\/#breadcrumb\"},\"inLanguage\":\"es\",\"potentialAction\":[{\"@type\":\"ReadAction\",\"target\":[\"https:\\\/\\\/mula.es\\\/web\\\/deportes-se-suspenden-las-escuelas-deportivas-por-alerta-dana-en-mula\\\/\"]}]},{\"@type\":\"ImageObject\",\"inLanguage\":\"es\",\"@id\":\"https:\\\/\\\/mula.es\\\/web\\\/deportes-se-suspenden-las-escuelas-deportivas-por-alerta-dana-en-mula\\\/#primaryimage\",\"url\":\"https:\\\/\\\/mula.es\\\/web\\\/wp-content\\\/uploads\\\/2020\\\/06\\\/escudo-cuadrado-e1591045058235.jpg\",\"contentUrl\":\"https:\\\/\\\/mula.es\\\/web\\\/wp-content\\\/uploads\\\/2020\\\/06\\\/escudo-cuadrado-e1591045058235.jpg\",\"width\":200,\"height\":218},{\"@type\":\"BreadcrumbList\",\"@id\":\"https:\\\/\\\/mula.es\\\/web\\\/deportes-se-suspenden-las-escuelas-deportivas-por-alerta-dana-en-mula\\\/#breadcrumb\",\"itemListElement\":[{\"@type\":\"ListItem\",\"position\":1,\"name\":\"Portada\",\"item\":\"https:\\\/\\\/mula.es\\\/web\\\/\"},{\"@type\":\"ListItem\",\"position\":2,\"name\":\"DEPORTES | Se suspenden las Escuelas Deportivas por alerta DANA en Mula\"}]},{\"@type\":\"WebSite\",\"@id\":\"https:\\\/\\\/mula.es\\\/web\\\/#website\",\"url\":\"https:\\\/\\\/mula.es\\\/web\\\/\",\"name\":\"Ayuntamiento de Mula\",\"description\":\"P\u00e1gina web del Ayuntamiento de Mula (Regi\u00f3n de Murcia)\",\"potentialAction\":[{\"@type\":\"SearchAction\",\"target\":{\"@type\":\"EntryPoint\",\"urlTemplate\":\"https:\\\/\\\/mula.es\\\/web\\\/?s={search_term_string}\"},\"query-input\":{\"@type\":\"PropertyValueSpecification\",\"valueRequired\":true,\"valueName\":\"search_term_string\"}}],\"inLanguage\":\"es\"},{\"@type\":\"Person\",\"@id\":\"https:\\\/\\\/mula.es\\\/web\\\/#\\\/schema\\\/person\\\/4f10179bd364f40dceed361e61e4033f\",\"name\":\"Laura Salas Orcajada\",\"image\":{\"@type\":\"ImageObject\",\"inLanguage\":\"es\",\"@id\":\"https:\\\/\\\/secure.gravatar.com\\\/avatar\\\/786f2a223d9a455e2a448f78b5dcc1117207ef56ef3d9a04df338c0f775cd403?s=96&d=mm&r=g\",\"url\":\"https:\\\/\\\/secure.gravatar.com\\\/avatar\\\/786f2a223d9a455e2a448f78b5dcc1117207ef56ef3d9a04df338c0f775cd403?s=96&d=mm&r=g\",\"contentUrl\":\"https:\\\/\\\/secure.gravatar.com\\\/avatar\\\/786f2a223d9a455e2a448f78b5dcc1117207ef56ef3d9a04df338c0f775cd403?s=96&d=mm&r=g\",\"caption\":\"Laura Salas Orcajada\"},\"url\":\"https:\\\/\\\/mula.es\\\/web\\\/author\\\/lsalas\\\/\"}]}<\/script>\n<!-- \/ Yoast SEO plugin. -->","yoast_head_json":{"title":"DEPORTES | Se suspenden las Escuelas Deportivas por alerta DANA en Mula - Ayuntamiento de Mula","robots":{"index":"index","follow":"follow","max-snippet":"max-snippet:-1","max-image-preview":"max-image-preview:large","max-video-preview":"max-video-preview:-1"},"canonical":"https:\/\/mula.es\/web\/deportes-se-suspenden-las-escuelas-deportivas-por-alerta-dana-en-mula\/","og_locale":"es_ES","og_type":"article","og_title":"DEPORTES | Se suspenden las Escuelas Deportivas por alerta DANA en Mula - Ayuntamiento de Mula","og_description":"Se suspenden las Escuelas Deportivas por alerta DANA en Mula Mula, 28 de octubre de 2024 \u2013 El Excmo. Ayuntamiento de Mula informa que, ante la alerta emitida por la AEMET y la notificaci\u00f3n recibida de la Direcci\u00f3n General de Seguridad Ciudadana y Emergencias en el que comunica fen\u00f3menos meteorol\u00f3gicos adversos NIVEL NARANJA en la [...]","og_url":"https:\/\/mula.es\/web\/deportes-se-suspenden-las-escuelas-deportivas-por-alerta-dana-en-mula\/","og_site_name":"Ayuntamiento de Mula","article_published_time":"2024-10-28T13:25:24+00:00","og_image":[{"width":200,"height":218,"url":"https:\/\/mula.es\/web\/wp-content\/uploads\/2020\/06\/escudo-cuadrado-e1591045058235.jpg","type":"image\/jpeg"}],"author":"Laura Salas Orcajada","twitter_card":"summary_large_image","twitter_creator":"@AyuntamientMula","twitter_site":"@AyuntamientMula","twitter_misc":{"Escrito por":"Laura Salas Orcajada","Tiempo de lectura":"3 minutos"},"schema":{"@context":"https:\/\/schema.org","@graph":[{"@type":"Article","@id":"https:\/\/mula.es\/web\/deportes-se-suspenden-las-escuelas-deportivas-por-alerta-dana-en-mula\/#article","isPartOf":{"@id":"https:\/\/mula.es\/web\/deportes-se-suspenden-las-escuelas-deportivas-por-alerta-dana-en-mula\/"},"author":{"name":"Laura Salas Orcajada","@id":"https:\/\/mula.es\/web\/#\/schema\/person\/4f10179bd364f40dceed361e61e4033f"},"headline":"DEPORTES | Se suspenden las Escuelas Deportivas por alerta DANA en Mula","datePublished":"2024-10-28T13:25:24+00:00","mainEntityOfPage":{"@id":"https:\/\/mula.es\/web\/deportes-se-suspenden-las-escuelas-deportivas-por-alerta-dana-en-mula\/"},"wordCount":105,"image":{"@id":"https:\/\/mula.es\/web\/deportes-se-suspenden-las-escuelas-deportivas-por-alerta-dana-en-mula\/#primaryimage"},"thumbnailUrl":"https:\/\/mula.es\/web\/wp-content\/uploads\/2020\/06\/escudo-cuadrado-e1591045058235.jpg","articleSection":["deportes"],"inLanguage":"es"},{"@type":"WebPage","@id":"https:\/\/mula.es\/web\/deportes-se-suspenden-las-escuelas-deportivas-por-alerta-dana-en-mula\/","url":"https:\/\/mula.es\/web\/deportes-se-suspenden-las-escuelas-deportivas-por-alerta-dana-en-mula\/","name":"DEPORTES | Se suspenden las Escuelas Deportivas por alerta DANA en Mula - Ayuntamiento de Mula","isPartOf":{"@id":"https:\/\/mula.es\/web\/#website"},"primaryImageOfPage":{"@id":"https:\/\/mula.es\/web\/deportes-se-suspenden-las-escuelas-deportivas-por-alerta-dana-en-mula\/#primaryimage"},"image":{"@id":"https:\/\/mula.es\/web\/deportes-se-suspenden-las-escuelas-deportivas-por-alerta-dana-en-mula\/#primaryimage"},"thumbnailUrl":"https:\/\/mula.es\/web\/wp-content\/uploads\/2020\/06\/escudo-cuadrado-e1591045058235.jpg","datePublished":"2024-10-28T13:25:24+00:00","author":{"@id":"https:\/\/mula.es\/web\/#\/schema\/person\/4f10179bd364f40dceed361e61e4033f"},"breadcrumb":{"@id":"https:\/\/mula.es\/web\/deportes-se-suspenden-las-escuelas-deportivas-por-alerta-dana-en-mula\/#breadcrumb"},"inLanguage":"es","potentialAction":[{"@type":"ReadAction","target":["https:\/\/mula.es\/web\/deportes-se-suspenden-las-escuelas-deportivas-por-alerta-dana-en-mula\/"]}]},{"@type":"ImageObject","inLanguage":"es","@id":"https:\/\/mula.es\/web\/deportes-se-suspenden-las-escuelas-deportivas-por-alerta-dana-en-mula\/#primaryimage","url":"https:\/\/mula.es\/web\/wp-content\/uploads\/2020\/06\/escudo-cuadrado-e1591045058235.jpg","contentUrl":"https:\/\/mula.es\/web\/wp-content\/uploads\/2020\/06\/escudo-cuadrado-e1591045058235.jpg","width":200,"height":218},{"@type":"BreadcrumbList","@id":"https:\/\/mula.es\/web\/deportes-se-suspenden-las-escuelas-deportivas-por-alerta-dana-en-mula\/#breadcrumb","itemListElement":[{"@type":"ListItem","position":1,"name":"Portada","item":"https:\/\/mula.es\/web\/"},{"@type":"ListItem","position":2,"name":"DEPORTES | Se suspenden las Escuelas Deportivas por alerta DANA en Mula"}]},{"@type":"WebSite","@id":"https:\/\/mula.es\/web\/#website","url":"https:\/\/mula.es\/web\/","name":"Ayuntamiento de Mula","description":"P\u00e1gina web del Ayuntamiento de Mula (Regi\u00f3n de Murcia)","potentialAction":[{"@type":"SearchAction","target":{"@type":"EntryPoint","urlTemplate":"https:\/\/mula.es\/web\/?s={search_term_string}"},"query-input":{"@type":"PropertyValueSpecification","valueRequired":true,"valueName":"search_term_string"}}],"inLanguage":"es"},{"@type":"Person","@id":"https:\/\/mula.es\/web\/#\/schema\/person\/4f10179bd364f40dceed361e61e4033f","name":"Laura Salas Orcajada","image":{"@type":"ImageObject","inLanguage":"es","@id":"https:\/\/secure.gravatar.com\/avatar\/786f2a223d9a455e2a448f78b5dcc1117207ef56ef3d9a04df338c0f775cd403?s=96&d=mm&r=g","url":"https:\/\/secure.gravatar.com\/avatar\/786f2a223d9a455e2a448f78b5dcc1117207ef56ef3d9a04df338c0f775cd403?s=96&d=mm&r=g","contentUrl":"https:\/\/secure.gravatar.com\/avatar\/786f2a223d9a455e2a448f78b5dcc1117207ef56ef3d9a04df338c0f775cd403?s=96&d=mm&r=g","caption":"Laura Salas Orcajada"},"url":"https:\/\/mula.es\/web\/author\/lsalas\/"}]}},"jetpack_publicize_connections":[],"jetpack_featured_media_url":"https:\/\/mula.es\/web\/wp-content\/uploads\/2020\/06\/escudo-cuadrado-e1591045058235.jpg","jetpack_sharing_enabled":true,"jetpack_shortlink":"https:\/\/wp.me\/pa9DMY-ey6","jetpack-related-posts":[],"_links":{"self":[{"href":"https:\/\/mula.es\/web\/wp-json\/wp\/v2\/posts\/55930","targetHints":{"allow":["GET"]}}],"collection":[{"href":"https:\/\/mula.es\/web\/wp-json\/wp\/v2\/posts"}],"about":[{"href":"https:\/\/mula.es\/web\/wp-json\/wp\/v2\/types\/post"}],"author":[{"embeddable":true,"href":"https:\/\/mula.es\/web\/wp-json\/wp\/v2\/users\/13"}],"replies":[{"embeddable":true,"href":"https:\/\/mula.es\/web\/wp-json\/wp\/v2\/comments?post=55930"}],"version-history":[{"count":1,"href":"https:\/\/mula.es\/web\/wp-json\/wp\/v2\/posts\/55930\/revisions"}],"predecessor-version":[{"id":55932,"href":"https:\/\/mula.es\/web\/wp-json\/wp\/v2\/posts\/55930\/revisions\/55932"}],"wp:featuredmedia":[{"embeddable":true,"href":"https:\/\/mula.es\/web\/wp-json\/wp\/v2\/media\/33512"}],"wp:attachment":[{"href":"https:\/\/mula.es\/web\/wp-json\/wp\/v2\/media?parent=55930"}],"wp:term":[{"taxonomy":"category","embeddable":true,"href":"https:\/\/mula.es\/web\/wp-json\/wp\/v2\/categories?post=55930"},{"taxonomy":"post_tag","embeddable":true,"href":"https:\/\/mula.es\/web\/wp-json\/wp\/v2\/tags?post=55930"}],"curies":[{"name":"wp","href":"https:\/\/api.w.org\/{rel}","templated":true}]}}