{"id":56089,"date":"2024-10-31T08:54:10","date_gmt":"2024-10-31T07:54:10","guid":{"rendered":"https:\/\/mula.es\/web\/?p=56089"},"modified":"2024-10-31T08:56:00","modified_gmt":"2024-10-31T07:56:00","slug":"suspension-de-actividades-en-mula-con-motivo-del-luto-nacional","status":"publish","type":"post","link":"https:\/\/mula.es\/web\/suspension-de-actividades-en-mula-con-motivo-del-luto-nacional\/","title":{"rendered":"Suspensi\u00f3n de actividades en Mula con motivo del luto nacional"},"content":{"rendered":"<p><strong>NOTA DE PRENSA &#8211; 31 DE OCTUBRE DE 2024<\/strong><\/p>\n<p><strong>\u00a0<\/strong><\/p>\n<p><strong>Suspensi\u00f3n de actividades en Mula con motivo del luto nacional<\/strong><\/p>\n<p>El Ayuntamiento de Mula informa que, en cumplimiento del luto nacional decretado tras la tragedia provocada por el reciente temporal de lluvias, todas las actividades previstas para los pr\u00f3ximos d\u00edas han sido suspendidas. Esta medida se adopta como muestra de respeto y solidaridad con las v\u00edctimas y sus familias afectadas por el devastador fen\u00f3meno meteorol\u00f3gico que ha tenido lugar en el sureste espa\u00f1ol.<\/p>\n<p>Las actividades canceladas incluyen, entre otras, el evento <strong>MulaZombie &#8217;24: El Ritual de las Sombras<\/strong> y el espect\u00e1culo infantil <strong>El Cofre Maldito<\/strong> , programados para el 31 de octubre, as\u00ed como la <strong>Paranormal Experience<\/strong> , programada para el 2 de noviembre en el Centro Joven. de Mula.<\/p>\n<p>El luto oficial, decretado por el Gobierno de Espa\u00f1a, se extiende desde las 00:00 horas del jueves 31 de octubre hasta las 24:00 horas del s\u00e1bado 2 de noviembre de 2024.<\/p>\n<p>Lamentamos los inconvenientes ocasionados y agradecemos la comprensi\u00f3n de todos.<\/p>\n<p><a href=\"https:\/\/mula.es\/web\/wp-content\/uploads\/2024\/10\/SUSP_.jpg\"><img decoding=\"async\" data-attachment-id=\"56091\" data-permalink=\"https:\/\/mula.es\/web\/suspension-de-actividades-en-mula-con-motivo-del-luto-nacional\/susp_\/\" data-orig-file=\"https:\/\/mula.es\/web\/wp-content\/uploads\/2024\/10\/SUSP_.jpg\" data-orig-size=\"1080,1080\" data-comments-opened=\"0\" data-image-meta=\"{&quot;aperture&quot;:&quot;0&quot;,&quot;credit&quot;:&quot;&quot;,&quot;camera&quot;:&quot;&quot;,&quot;caption&quot;:&quot;&quot;,&quot;created_timestamp&quot;:&quot;0&quot;,&quot;copyright&quot;:&quot;&quot;,&quot;focal_length&quot;:&quot;0&quot;,&quot;iso&quot;:&quot;0&quot;,&quot;shutter_speed&quot;:&quot;0&quot;,&quot;title&quot;:&quot;&quot;,&quot;orientation&quot;:&quot;1&quot;}\" data-image-title=\"SUSP_\" data-image-description=\"\" data-image-caption=\"\" data-large-file=\"https:\/\/mula.es\/web\/wp-content\/uploads\/2024\/10\/SUSP_-1024x1024.jpg\" class=\" wp-image-56091 aligncenter\" src=\"https:\/\/mula.es\/web\/wp-content\/uploads\/2024\/10\/SUSP_-300x300.jpg\" alt=\"\" width=\"482\" height=\"482\" srcset=\"https:\/\/mula.es\/web\/wp-content\/uploads\/2024\/10\/SUSP_-66x66.jpg 66w, https:\/\/mula.es\/web\/wp-content\/uploads\/2024\/10\/SUSP_-150x150.jpg 150w, https:\/\/mula.es\/web\/wp-content\/uploads\/2024\/10\/SUSP_-200x200.jpg 200w, https:\/\/mula.es\/web\/wp-content\/uploads\/2024\/10\/SUSP_-300x300.jpg 300w, https:\/\/mula.es\/web\/wp-content\/uploads\/2024\/10\/SUSP_-400x400.jpg 400w, https:\/\/mula.es\/web\/wp-content\/uploads\/2024\/10\/SUSP_-600x600.jpg 600w, https:\/\/mula.es\/web\/wp-content\/uploads\/2024\/10\/SUSP_-768x768.jpg 768w, https:\/\/mula.es\/web\/wp-content\/uploads\/2024\/10\/SUSP_-800x800.jpg 800w, https:\/\/mula.es\/web\/wp-content\/uploads\/2024\/10\/SUSP_-1024x1024.jpg 1024w, https:\/\/mula.es\/web\/wp-content\/uploads\/2024\/10\/SUSP_.jpg 1080w\" sizes=\"(max-width: 482px) 100vw, 482px\" \/><\/a><\/p>\n","protected":false},"excerpt":{"rendered":"<p>NOTA DE PRENSA &#8211; 31 DE OCTUBRE DE 2024 \u00a0 Suspensi\u00f3n de actividades en Mula con motivo del luto nacional El Ayuntamiento de Mula informa que, en cumplimiento del luto nacional decretado tras la tragedia provocada por el reciente temporal de lluvias, todas las actividades previstas para los pr\u00f3ximos d\u00edas han sido suspendidas. Esta medida  [&#8230;]<\/p>\n","protected":false},"author":13,"featured_media":33512,"comment_status":"closed","ping_status":"closed","sticky":false,"template":"","format":"standard","meta":{"jetpack_post_was_ever_published":false,"_jetpack_newsletter_access":"","_jetpack_dont_email_post_to_subs":false,"_jetpack_newsletter_tier_id":0,"_jetpack_memberships_contains_paywalled_content":false,"_jetpack_memberships_contains_paid_content":false,"footnotes":"","jetpack_publicize_message":"","jetpack_publicize_feature_enabled":true,"jetpack_social_post_already_shared":false,"jetpack_social_options":{"image_generator_settings":{"template":"highway","default_image_id":0,"font":"","enabled":false},"version":2}},"categories":[119],"tags":[],"class_list":["post-56089","post","type-post","status-publish","format-standard","has-post-thumbnail","hentry","category-actividades"],"yoast_head":"<!-- This site is optimized with the Yoast SEO plugin v27.5 - https:\/\/yoast.com\/product\/yoast-seo-wordpress\/ -->\n<title>Suspensi\u00f3n de actividades en Mula con motivo del luto nacional - Ayuntamiento de Mula<\/title>\n<meta name=\"robots\" content=\"index, follow, max-snippet:-1, max-image-preview:large, max-video-preview:-1\" \/>\n<link rel=\"canonical\" href=\"https:\/\/mula.es\/web\/suspension-de-actividades-en-mula-con-motivo-del-luto-nacional\/\" \/>\n<meta property=\"og:locale\" content=\"es_ES\" \/>\n<meta property=\"og:type\" content=\"article\" \/>\n<meta property=\"og:title\" content=\"Suspensi\u00f3n de actividades en Mula con motivo del luto nacional - Ayuntamiento de Mula\" \/>\n<meta property=\"og:description\" content=\"NOTA DE PRENSA &#8211; 31 DE OCTUBRE DE 2024 \u00a0 Suspensi\u00f3n de actividades en Mula con motivo del luto nacional El Ayuntamiento de Mula informa que, en cumplimiento del luto nacional decretado tras la tragedia provocada por el reciente temporal de lluvias, todas las actividades previstas para los pr\u00f3ximos d\u00edas han sido suspendidas. Esta medida [...]\" \/>\n<meta property=\"og:url\" content=\"https:\/\/mula.es\/web\/suspension-de-actividades-en-mula-con-motivo-del-luto-nacional\/\" \/>\n<meta property=\"og:site_name\" content=\"Ayuntamiento de Mula\" \/>\n<meta property=\"article:published_time\" content=\"2024-10-31T07:54:10+00:00\" \/>\n<meta property=\"article:modified_time\" content=\"2024-10-31T07:56:00+00:00\" \/>\n<meta property=\"og:image\" content=\"https:\/\/mula.es\/web\/wp-content\/uploads\/2020\/06\/escudo-cuadrado-e1591045058235.jpg\" \/>\n\t<meta property=\"og:image:width\" content=\"200\" \/>\n\t<meta property=\"og:image:height\" content=\"218\" \/>\n\t<meta property=\"og:image:type\" content=\"image\/jpeg\" \/>\n<meta name=\"author\" content=\"Laura Salas Orcajada\" \/>\n<meta name=\"twitter:card\" content=\"summary_large_image\" \/>\n<meta name=\"twitter:creator\" content=\"@AyuntamientMula\" \/>\n<meta name=\"twitter:site\" content=\"@AyuntamientMula\" \/>\n<meta name=\"twitter:label1\" content=\"Escrito por\" \/>\n\t<meta name=\"twitter:data1\" content=\"Laura Salas Orcajada\" \/>\n\t<meta name=\"twitter:label2\" content=\"Tiempo de lectura\" \/>\n\t<meta name=\"twitter:data2\" content=\"2 minutos\" \/>\n<script type=\"application\/ld+json\" class=\"yoast-schema-graph\">{\"@context\":\"https:\\\/\\\/schema.org\",\"@graph\":[{\"@type\":\"Article\",\"@id\":\"https:\\\/\\\/mula.es\\\/web\\\/suspension-de-actividades-en-mula-con-motivo-del-luto-nacional\\\/#article\",\"isPartOf\":{\"@id\":\"https:\\\/\\\/mula.es\\\/web\\\/suspension-de-actividades-en-mula-con-motivo-del-luto-nacional\\\/\"},\"author\":{\"name\":\"Laura Salas Orcajada\",\"@id\":\"https:\\\/\\\/mula.es\\\/web\\\/#\\\/schema\\\/person\\\/4f10179bd364f40dceed361e61e4033f\"},\"headline\":\"Suspensi\u00f3n de actividades en Mula con motivo del luto nacional\",\"datePublished\":\"2024-10-31T07:54:10+00:00\",\"dateModified\":\"2024-10-31T07:56:00+00:00\",\"mainEntityOfPage\":{\"@id\":\"https:\\\/\\\/mula.es\\\/web\\\/suspension-de-actividades-en-mula-con-motivo-del-luto-nacional\\\/\"},\"wordCount\":180,\"image\":{\"@id\":\"https:\\\/\\\/mula.es\\\/web\\\/suspension-de-actividades-en-mula-con-motivo-del-luto-nacional\\\/#primaryimage\"},\"thumbnailUrl\":\"https:\\\/\\\/mula.es\\\/web\\\/wp-content\\\/uploads\\\/2020\\\/06\\\/escudo-cuadrado-e1591045058235.jpg\",\"articleSection\":[\"actividades\"],\"inLanguage\":\"es\"},{\"@type\":\"WebPage\",\"@id\":\"https:\\\/\\\/mula.es\\\/web\\\/suspension-de-actividades-en-mula-con-motivo-del-luto-nacional\\\/\",\"url\":\"https:\\\/\\\/mula.es\\\/web\\\/suspension-de-actividades-en-mula-con-motivo-del-luto-nacional\\\/\",\"name\":\"Suspensi\u00f3n de actividades en Mula con motivo del luto nacional - Ayuntamiento de Mula\",\"isPartOf\":{\"@id\":\"https:\\\/\\\/mula.es\\\/web\\\/#website\"},\"primaryImageOfPage\":{\"@id\":\"https:\\\/\\\/mula.es\\\/web\\\/suspension-de-actividades-en-mula-con-motivo-del-luto-nacional\\\/#primaryimage\"},\"image\":{\"@id\":\"https:\\\/\\\/mula.es\\\/web\\\/suspension-de-actividades-en-mula-con-motivo-del-luto-nacional\\\/#primaryimage\"},\"thumbnailUrl\":\"https:\\\/\\\/mula.es\\\/web\\\/wp-content\\\/uploads\\\/2020\\\/06\\\/escudo-cuadrado-e1591045058235.jpg\",\"datePublished\":\"2024-10-31T07:54:10+00:00\",\"dateModified\":\"2024-10-31T07:56:00+00:00\",\"author\":{\"@id\":\"https:\\\/\\\/mula.es\\\/web\\\/#\\\/schema\\\/person\\\/4f10179bd364f40dceed361e61e4033f\"},\"breadcrumb\":{\"@id\":\"https:\\\/\\\/mula.es\\\/web\\\/suspension-de-actividades-en-mula-con-motivo-del-luto-nacional\\\/#breadcrumb\"},\"inLanguage\":\"es\",\"potentialAction\":[{\"@type\":\"ReadAction\",\"target\":[\"https:\\\/\\\/mula.es\\\/web\\\/suspension-de-actividades-en-mula-con-motivo-del-luto-nacional\\\/\"]}]},{\"@type\":\"ImageObject\",\"inLanguage\":\"es\",\"@id\":\"https:\\\/\\\/mula.es\\\/web\\\/suspension-de-actividades-en-mula-con-motivo-del-luto-nacional\\\/#primaryimage\",\"url\":\"https:\\\/\\\/mula.es\\\/web\\\/wp-content\\\/uploads\\\/2020\\\/06\\\/escudo-cuadrado-e1591045058235.jpg\",\"contentUrl\":\"https:\\\/\\\/mula.es\\\/web\\\/wp-content\\\/uploads\\\/2020\\\/06\\\/escudo-cuadrado-e1591045058235.jpg\",\"width\":200,\"height\":218},{\"@type\":\"BreadcrumbList\",\"@id\":\"https:\\\/\\\/mula.es\\\/web\\\/suspension-de-actividades-en-mula-con-motivo-del-luto-nacional\\\/#breadcrumb\",\"itemListElement\":[{\"@type\":\"ListItem\",\"position\":1,\"name\":\"Portada\",\"item\":\"https:\\\/\\\/mula.es\\\/web\\\/\"},{\"@type\":\"ListItem\",\"position\":2,\"name\":\"Suspensi\u00f3n de actividades en Mula con motivo del luto nacional\"}]},{\"@type\":\"WebSite\",\"@id\":\"https:\\\/\\\/mula.es\\\/web\\\/#website\",\"url\":\"https:\\\/\\\/mula.es\\\/web\\\/\",\"name\":\"Ayuntamiento de Mula\",\"description\":\"P\u00e1gina web del Ayuntamiento de Mula (Regi\u00f3n de Murcia)\",\"potentialAction\":[{\"@type\":\"SearchAction\",\"target\":{\"@type\":\"EntryPoint\",\"urlTemplate\":\"https:\\\/\\\/mula.es\\\/web\\\/?s={search_term_string}\"},\"query-input\":{\"@type\":\"PropertyValueSpecification\",\"valueRequired\":true,\"valueName\":\"search_term_string\"}}],\"inLanguage\":\"es\"},{\"@type\":\"Person\",\"@id\":\"https:\\\/\\\/mula.es\\\/web\\\/#\\\/schema\\\/person\\\/4f10179bd364f40dceed361e61e4033f\",\"name\":\"Laura Salas Orcajada\",\"image\":{\"@type\":\"ImageObject\",\"inLanguage\":\"es\",\"@id\":\"https:\\\/\\\/secure.gravatar.com\\\/avatar\\\/786f2a223d9a455e2a448f78b5dcc1117207ef56ef3d9a04df338c0f775cd403?s=96&d=mm&r=g\",\"url\":\"https:\\\/\\\/secure.gravatar.com\\\/avatar\\\/786f2a223d9a455e2a448f78b5dcc1117207ef56ef3d9a04df338c0f775cd403?s=96&d=mm&r=g\",\"contentUrl\":\"https:\\\/\\\/secure.gravatar.com\\\/avatar\\\/786f2a223d9a455e2a448f78b5dcc1117207ef56ef3d9a04df338c0f775cd403?s=96&d=mm&r=g\",\"caption\":\"Laura Salas Orcajada\"},\"url\":\"https:\\\/\\\/mula.es\\\/web\\\/author\\\/lsalas\\\/\"}]}<\/script>\n<!-- \/ Yoast SEO plugin. -->","yoast_head_json":{"title":"Suspensi\u00f3n de actividades en Mula con motivo del luto nacional - Ayuntamiento de Mula","robots":{"index":"index","follow":"follow","max-snippet":"max-snippet:-1","max-image-preview":"max-image-preview:large","max-video-preview":"max-video-preview:-1"},"canonical":"https:\/\/mula.es\/web\/suspension-de-actividades-en-mula-con-motivo-del-luto-nacional\/","og_locale":"es_ES","og_type":"article","og_title":"Suspensi\u00f3n de actividades en Mula con motivo del luto nacional - Ayuntamiento de Mula","og_description":"NOTA DE PRENSA &#8211; 31 DE OCTUBRE DE 2024 \u00a0 Suspensi\u00f3n de actividades en Mula con motivo del luto nacional El Ayuntamiento de Mula informa que, en cumplimiento del luto nacional decretado tras la tragedia provocada por el reciente temporal de lluvias, todas las actividades previstas para los pr\u00f3ximos d\u00edas han sido suspendidas. Esta medida [...]","og_url":"https:\/\/mula.es\/web\/suspension-de-actividades-en-mula-con-motivo-del-luto-nacional\/","og_site_name":"Ayuntamiento de Mula","article_published_time":"2024-10-31T07:54:10+00:00","article_modified_time":"2024-10-31T07:56:00+00:00","og_image":[{"width":200,"height":218,"url":"https:\/\/mula.es\/web\/wp-content\/uploads\/2020\/06\/escudo-cuadrado-e1591045058235.jpg","type":"image\/jpeg"}],"author":"Laura Salas Orcajada","twitter_card":"summary_large_image","twitter_creator":"@AyuntamientMula","twitter_site":"@AyuntamientMula","twitter_misc":{"Escrito por":"Laura Salas Orcajada","Tiempo de lectura":"2 minutos"},"schema":{"@context":"https:\/\/schema.org","@graph":[{"@type":"Article","@id":"https:\/\/mula.es\/web\/suspension-de-actividades-en-mula-con-motivo-del-luto-nacional\/#article","isPartOf":{"@id":"https:\/\/mula.es\/web\/suspension-de-actividades-en-mula-con-motivo-del-luto-nacional\/"},"author":{"name":"Laura Salas Orcajada","@id":"https:\/\/mula.es\/web\/#\/schema\/person\/4f10179bd364f40dceed361e61e4033f"},"headline":"Suspensi\u00f3n de actividades en Mula con motivo del luto nacional","datePublished":"2024-10-31T07:54:10+00:00","dateModified":"2024-10-31T07:56:00+00:00","mainEntityOfPage":{"@id":"https:\/\/mula.es\/web\/suspension-de-actividades-en-mula-con-motivo-del-luto-nacional\/"},"wordCount":180,"image":{"@id":"https:\/\/mula.es\/web\/suspension-de-actividades-en-mula-con-motivo-del-luto-nacional\/#primaryimage"},"thumbnailUrl":"https:\/\/mula.es\/web\/wp-content\/uploads\/2020\/06\/escudo-cuadrado-e1591045058235.jpg","articleSection":["actividades"],"inLanguage":"es"},{"@type":"WebPage","@id":"https:\/\/mula.es\/web\/suspension-de-actividades-en-mula-con-motivo-del-luto-nacional\/","url":"https:\/\/mula.es\/web\/suspension-de-actividades-en-mula-con-motivo-del-luto-nacional\/","name":"Suspensi\u00f3n de actividades en Mula con motivo del luto nacional - Ayuntamiento de Mula","isPartOf":{"@id":"https:\/\/mula.es\/web\/#website"},"primaryImageOfPage":{"@id":"https:\/\/mula.es\/web\/suspension-de-actividades-en-mula-con-motivo-del-luto-nacional\/#primaryimage"},"image":{"@id":"https:\/\/mula.es\/web\/suspension-de-actividades-en-mula-con-motivo-del-luto-nacional\/#primaryimage"},"thumbnailUrl":"https:\/\/mula.es\/web\/wp-content\/uploads\/2020\/06\/escudo-cuadrado-e1591045058235.jpg","datePublished":"2024-10-31T07:54:10+00:00","dateModified":"2024-10-31T07:56:00+00:00","author":{"@id":"https:\/\/mula.es\/web\/#\/schema\/person\/4f10179bd364f40dceed361e61e4033f"},"breadcrumb":{"@id":"https:\/\/mula.es\/web\/suspension-de-actividades-en-mula-con-motivo-del-luto-nacional\/#breadcrumb"},"inLanguage":"es","potentialAction":[{"@type":"ReadAction","target":["https:\/\/mula.es\/web\/suspension-de-actividades-en-mula-con-motivo-del-luto-nacional\/"]}]},{"@type":"ImageObject","inLanguage":"es","@id":"https:\/\/mula.es\/web\/suspension-de-actividades-en-mula-con-motivo-del-luto-nacional\/#primaryimage","url":"https:\/\/mula.es\/web\/wp-content\/uploads\/2020\/06\/escudo-cuadrado-e1591045058235.jpg","contentUrl":"https:\/\/mula.es\/web\/wp-content\/uploads\/2020\/06\/escudo-cuadrado-e1591045058235.jpg","width":200,"height":218},{"@type":"BreadcrumbList","@id":"https:\/\/mula.es\/web\/suspension-de-actividades-en-mula-con-motivo-del-luto-nacional\/#breadcrumb","itemListElement":[{"@type":"ListItem","position":1,"name":"Portada","item":"https:\/\/mula.es\/web\/"},{"@type":"ListItem","position":2,"name":"Suspensi\u00f3n de actividades en Mula con motivo del luto nacional"}]},{"@type":"WebSite","@id":"https:\/\/mula.es\/web\/#website","url":"https:\/\/mula.es\/web\/","name":"Ayuntamiento de Mula","description":"P\u00e1gina web del Ayuntamiento de Mula (Regi\u00f3n de Murcia)","potentialAction":[{"@type":"SearchAction","target":{"@type":"EntryPoint","urlTemplate":"https:\/\/mula.es\/web\/?s={search_term_string}"},"query-input":{"@type":"PropertyValueSpecification","valueRequired":true,"valueName":"search_term_string"}}],"inLanguage":"es"},{"@type":"Person","@id":"https:\/\/mula.es\/web\/#\/schema\/person\/4f10179bd364f40dceed361e61e4033f","name":"Laura Salas Orcajada","image":{"@type":"ImageObject","inLanguage":"es","@id":"https:\/\/secure.gravatar.com\/avatar\/786f2a223d9a455e2a448f78b5dcc1117207ef56ef3d9a04df338c0f775cd403?s=96&d=mm&r=g","url":"https:\/\/secure.gravatar.com\/avatar\/786f2a223d9a455e2a448f78b5dcc1117207ef56ef3d9a04df338c0f775cd403?s=96&d=mm&r=g","contentUrl":"https:\/\/secure.gravatar.com\/avatar\/786f2a223d9a455e2a448f78b5dcc1117207ef56ef3d9a04df338c0f775cd403?s=96&d=mm&r=g","caption":"Laura Salas Orcajada"},"url":"https:\/\/mula.es\/web\/author\/lsalas\/"}]}},"jetpack_publicize_connections":[],"jetpack_featured_media_url":"https:\/\/mula.es\/web\/wp-content\/uploads\/2020\/06\/escudo-cuadrado-e1591045058235.jpg","jetpack_sharing_enabled":true,"jetpack_shortlink":"https:\/\/wp.me\/pa9DMY-eAF","jetpack-related-posts":[],"_links":{"self":[{"href":"https:\/\/mula.es\/web\/wp-json\/wp\/v2\/posts\/56089","targetHints":{"allow":["GET"]}}],"collection":[{"href":"https:\/\/mula.es\/web\/wp-json\/wp\/v2\/posts"}],"about":[{"href":"https:\/\/mula.es\/web\/wp-json\/wp\/v2\/types\/post"}],"author":[{"embeddable":true,"href":"https:\/\/mula.es\/web\/wp-json\/wp\/v2\/users\/13"}],"replies":[{"embeddable":true,"href":"https:\/\/mula.es\/web\/wp-json\/wp\/v2\/comments?post=56089"}],"version-history":[{"count":1,"href":"https:\/\/mula.es\/web\/wp-json\/wp\/v2\/posts\/56089\/revisions"}],"predecessor-version":[{"id":56092,"href":"https:\/\/mula.es\/web\/wp-json\/wp\/v2\/posts\/56089\/revisions\/56092"}],"wp:featuredmedia":[{"embeddable":true,"href":"https:\/\/mula.es\/web\/wp-json\/wp\/v2\/media\/33512"}],"wp:attachment":[{"href":"https:\/\/mula.es\/web\/wp-json\/wp\/v2\/media?parent=56089"}],"wp:term":[{"taxonomy":"category","embeddable":true,"href":"https:\/\/mula.es\/web\/wp-json\/wp\/v2\/categories?post=56089"},{"taxonomy":"post_tag","embeddable":true,"href":"https:\/\/mula.es\/web\/wp-json\/wp\/v2\/tags?post=56089"}],"curies":[{"name":"wp","href":"https:\/\/api.w.org\/{rel}","templated":true}]}}