{"id":56098,"date":"2024-11-01T18:51:04","date_gmt":"2024-11-01T17:51:04","guid":{"rendered":"https:\/\/mula.es\/web\/?p=56098"},"modified":"2024-11-02T18:26:43","modified_gmt":"2024-11-02T17:26:43","slug":"recogida-solidaria-para-los-afectados-por-la-dana-suministros-y-ayuda-para-las-zonas-afectadas","status":"publish","type":"post","link":"https:\/\/mula.es\/web\/recogida-solidaria-para-los-afectados-por-la-dana-suministros-y-ayuda-para-las-zonas-afectadas\/","title":{"rendered":"Recogida solidaria para los afectados por la DANA: suministros y ayuda para las zonas afectadas"},"content":{"rendered":"<p><strong>NOTA DE PRENSA &#8211; 1 DE NOVIEMBRE DE 2024<\/strong><\/p>\n<p><strong>\u00a0<\/strong><\/p>\n<p><strong>Recogida solidaria para los afectados por la DANA: suministros y ayuda para las zonas afectadas<\/strong><\/p>\n<p>El Ayuntamiento de Mula, en colaboraci\u00f3n con la FMRM, la Generalitat, la Diputaci\u00f3n de Valencia y diversas ONGs, ha organizado una recogida de suministros esenciales para ayudar a los afectados por la devastadora DANA que tuvo lugar el pasado 29 de octubre, causando graves da\u00f1os en diversos municipios. de la Regi\u00f3n de Murcia y zonas vecinas.<\/p>\n<p><strong>Punto y Horarios de Recogida<\/strong><br \/>\nLa recogida de materiales se llevar\u00e1 a cabo en el Parque Crist\u00f3bal Gabarr\u00f3n en los siguientes horarios:<\/p>\n<ul>\n<li><strong>S\u00e1bado, 2 de noviembre<\/strong>: de 11:30 a 19:00 horas<\/li>\n<li><strong>Lunes y martes, 4 y 5 de noviembre<\/strong>: de 10:00 a 13:00 horas y de 17:00 a 20:00 horas<\/li>\n<\/ul>\n<p><strong>Materiales Necesarios<\/strong><br \/>\nInvitamos a la ciudadan\u00eda a colaborar con los suministros que m\u00e1s se necesitan en este momento: <strong>agua, leche, alimentos no perecederos y productos de higiene personal y dom\u00e9stica.<\/strong> Estos productos son prioritarios para las personas afectadas. Es posible que en los pr\u00f3ximos d\u00edas surjan nuevas necesidades, por lo que pedimos a todos que est\u00e9n atentos a futuras comunicaciones.<\/p>\n<p><strong>Instrucciones de Seguridad y Coordinaci\u00f3n<\/strong><br \/>\nRecordamos que, siguiendo las instrucciones del servicio de Emergencias, <strong>no se debe acceder a las zonas afectadas sin autorizaci\u00f3n<\/strong>. Todos los desplazamientos deben estar coordinados con las autoridades y la Unidad Militar de Emergencias (UME) para evitar situaciones de riesgo.<\/p>\n<p><strong>Voluntariado y Coordinaci\u00f3n<\/strong><br \/>\nPara aquellos que deseen ofrecer su ayuda como <strong>voluntarios<\/strong>, les pedimos coordinaci\u00f3n a trav\u00e9s de la <strong>Plataforma del Voluntariado de la Comunidad Valenciana<\/strong>, que gestionar\u00e1 estas solicitudes conforme se vayan necesitando. Los interesados \u200b\u200bpueden enviar sus datos (nombre de contacto, tel\u00e9fono y correo electr\u00f3nico) a <strong>ayudadana @fvmp .org<\/strong> para facilitar la comunicaci\u00f3n y organizaci\u00f3n de los equipos de apoyo.<\/p>\n<p>Desde el Ayuntamiento de Mula hemos puesto a disposici\u00f3n de la direcci\u00f3n general de Emergencias a los voluntarios de Protecci\u00f3n Civil y los recursos materiales y de maquinaria necesarios para ayudar en las labores de limpieza y desescombro en las zonas afectadas. Agradecemos de antemano la solidaridad y el compromiso de la ciudadan\u00eda en este momento tan dif\u00edcil para muchos.<\/p>\n<p><a href=\"https:\/\/mula.es\/web\/wp-content\/uploads\/2024\/11\/dana_.jpg\"><img decoding=\"async\" data-attachment-id=\"56099\" data-permalink=\"https:\/\/mula.es\/web\/recogida-solidaria-para-los-afectados-por-la-dana-suministros-y-ayuda-para-las-zonas-afectadas\/dana_\/\" data-orig-file=\"https:\/\/mula.es\/web\/wp-content\/uploads\/2024\/11\/dana_.jpg\" data-orig-size=\"1080,1080\" data-comments-opened=\"0\" data-image-meta=\"{&quot;aperture&quot;:&quot;0&quot;,&quot;credit&quot;:&quot;&quot;,&quot;camera&quot;:&quot;&quot;,&quot;caption&quot;:&quot;&quot;,&quot;created_timestamp&quot;:&quot;0&quot;,&quot;copyright&quot;:&quot;&quot;,&quot;focal_length&quot;:&quot;0&quot;,&quot;iso&quot;:&quot;0&quot;,&quot;shutter_speed&quot;:&quot;0&quot;,&quot;title&quot;:&quot;&quot;,&quot;orientation&quot;:&quot;1&quot;}\" data-image-title=\"dana_\" data-image-description=\"\" data-image-caption=\"\" data-large-file=\"https:\/\/mula.es\/web\/wp-content\/uploads\/2024\/11\/dana_-1024x1024.jpg\" class=\" wp-image-56099 aligncenter\" src=\"https:\/\/mula.es\/web\/wp-content\/uploads\/2024\/11\/dana_-300x300.jpg\" alt=\"\" width=\"415\" height=\"415\" srcset=\"https:\/\/mula.es\/web\/wp-content\/uploads\/2024\/11\/dana_-66x66.jpg 66w, https:\/\/mula.es\/web\/wp-content\/uploads\/2024\/11\/dana_-150x150.jpg 150w, https:\/\/mula.es\/web\/wp-content\/uploads\/2024\/11\/dana_-200x200.jpg 200w, https:\/\/mula.es\/web\/wp-content\/uploads\/2024\/11\/dana_-300x300.jpg 300w, https:\/\/mula.es\/web\/wp-content\/uploads\/2024\/11\/dana_-400x400.jpg 400w, https:\/\/mula.es\/web\/wp-content\/uploads\/2024\/11\/dana_-600x600.jpg 600w, https:\/\/mula.es\/web\/wp-content\/uploads\/2024\/11\/dana_-768x768.jpg 768w, https:\/\/mula.es\/web\/wp-content\/uploads\/2024\/11\/dana_-800x800.jpg 800w, https:\/\/mula.es\/web\/wp-content\/uploads\/2024\/11\/dana_-1024x1024.jpg 1024w, https:\/\/mula.es\/web\/wp-content\/uploads\/2024\/11\/dana_.jpg 1080w\" sizes=\"(max-width: 415px) 100vw, 415px\" \/><\/a><\/p>\n","protected":false},"excerpt":{"rendered":"<p>NOTA DE PRENSA &#8211; 1 DE NOVIEMBRE DE 2024 \u00a0 Recogida solidaria para los afectados por la DANA: suministros y ayuda para las zonas afectadas El Ayuntamiento de Mula, en colaboraci\u00f3n con la FMRM, la Generalitat, la Diputaci\u00f3n de Valencia y diversas ONGs, ha organizado una recogida de suministros esenciales para ayudar a los afectados  [&#8230;]<\/p>\n","protected":false},"author":13,"featured_media":33512,"comment_status":"closed","ping_status":"closed","sticky":false,"template":"","format":"standard","meta":{"jetpack_post_was_ever_published":false,"_jetpack_newsletter_access":"","_jetpack_dont_email_post_to_subs":false,"_jetpack_newsletter_tier_id":0,"_jetpack_memberships_contains_paywalled_content":false,"_jetpack_memberships_contains_paid_content":false,"footnotes":"","jetpack_publicize_message":"","jetpack_publicize_feature_enabled":true,"jetpack_social_post_already_shared":false,"jetpack_social_options":{"image_generator_settings":{"template":"highway","default_image_id":0,"font":"","enabled":false},"version":2}},"categories":[174],"tags":[],"class_list":["post-56098","post","type-post","status-publish","format-standard","has-post-thumbnail","hentry","category-corporacion"],"yoast_head":"<!-- This site is optimized with the Yoast SEO plugin v27.5 - https:\/\/yoast.com\/product\/yoast-seo-wordpress\/ -->\n<title>Recogida solidaria para los afectados por la DANA: suministros y ayuda para las zonas afectadas - Ayuntamiento de Mula<\/title>\n<meta name=\"robots\" content=\"index, follow, max-snippet:-1, max-image-preview:large, max-video-preview:-1\" \/>\n<link rel=\"canonical\" href=\"https:\/\/mula.es\/web\/recogida-solidaria-para-los-afectados-por-la-dana-suministros-y-ayuda-para-las-zonas-afectadas\/\" \/>\n<meta property=\"og:locale\" content=\"es_ES\" \/>\n<meta property=\"og:type\" content=\"article\" \/>\n<meta property=\"og:title\" content=\"Recogida solidaria para los afectados por la DANA: suministros y ayuda para las zonas afectadas - Ayuntamiento de Mula\" \/>\n<meta property=\"og:description\" content=\"NOTA DE PRENSA &#8211; 1 DE NOVIEMBRE DE 2024 \u00a0 Recogida solidaria para los afectados por la DANA: suministros y ayuda para las zonas afectadas El Ayuntamiento de Mula, en colaboraci\u00f3n con la FMRM, la Generalitat, la Diputaci\u00f3n de Valencia y diversas ONGs, ha organizado una recogida de suministros esenciales para ayudar a los afectados [...]\" \/>\n<meta property=\"og:url\" content=\"https:\/\/mula.es\/web\/recogida-solidaria-para-los-afectados-por-la-dana-suministros-y-ayuda-para-las-zonas-afectadas\/\" \/>\n<meta property=\"og:site_name\" content=\"Ayuntamiento de Mula\" \/>\n<meta property=\"article:published_time\" content=\"2024-11-01T17:51:04+00:00\" \/>\n<meta property=\"article:modified_time\" content=\"2024-11-02T17:26:43+00:00\" \/>\n<meta property=\"og:image\" content=\"https:\/\/mula.es\/web\/wp-content\/uploads\/2020\/06\/escudo-cuadrado-e1591045058235.jpg\" \/>\n\t<meta property=\"og:image:width\" content=\"200\" \/>\n\t<meta property=\"og:image:height\" content=\"218\" \/>\n\t<meta property=\"og:image:type\" content=\"image\/jpeg\" \/>\n<meta name=\"author\" content=\"Laura Salas Orcajada\" \/>\n<meta name=\"twitter:card\" content=\"summary_large_image\" \/>\n<meta name=\"twitter:creator\" content=\"@AyuntamientMula\" \/>\n<meta name=\"twitter:site\" content=\"@AyuntamientMula\" \/>\n<meta name=\"twitter:label1\" content=\"Escrito por\" \/>\n\t<meta name=\"twitter:data1\" content=\"Laura Salas Orcajada\" \/>\n\t<meta name=\"twitter:label2\" content=\"Tiempo de lectura\" \/>\n\t<meta name=\"twitter:data2\" content=\"3 minutos\" \/>\n<script type=\"application\/ld+json\" class=\"yoast-schema-graph\">{\"@context\":\"https:\\\/\\\/schema.org\",\"@graph\":[{\"@type\":\"Article\",\"@id\":\"https:\\\/\\\/mula.es\\\/web\\\/recogida-solidaria-para-los-afectados-por-la-dana-suministros-y-ayuda-para-las-zonas-afectadas\\\/#article\",\"isPartOf\":{\"@id\":\"https:\\\/\\\/mula.es\\\/web\\\/recogida-solidaria-para-los-afectados-por-la-dana-suministros-y-ayuda-para-las-zonas-afectadas\\\/\"},\"author\":{\"name\":\"Laura Salas Orcajada\",\"@id\":\"https:\\\/\\\/mula.es\\\/web\\\/#\\\/schema\\\/person\\\/4f10179bd364f40dceed361e61e4033f\"},\"headline\":\"Recogida solidaria para los afectados por la DANA: suministros y ayuda para las zonas afectadas\",\"datePublished\":\"2024-11-01T17:51:04+00:00\",\"dateModified\":\"2024-11-02T17:26:43+00:00\",\"mainEntityOfPage\":{\"@id\":\"https:\\\/\\\/mula.es\\\/web\\\/recogida-solidaria-para-los-afectados-por-la-dana-suministros-y-ayuda-para-las-zonas-afectadas\\\/\"},\"wordCount\":387,\"image\":{\"@id\":\"https:\\\/\\\/mula.es\\\/web\\\/recogida-solidaria-para-los-afectados-por-la-dana-suministros-y-ayuda-para-las-zonas-afectadas\\\/#primaryimage\"},\"thumbnailUrl\":\"https:\\\/\\\/mula.es\\\/web\\\/wp-content\\\/uploads\\\/2020\\\/06\\\/escudo-cuadrado-e1591045058235.jpg\",\"articleSection\":[\"corporaci\u00f3n\"],\"inLanguage\":\"es\"},{\"@type\":\"WebPage\",\"@id\":\"https:\\\/\\\/mula.es\\\/web\\\/recogida-solidaria-para-los-afectados-por-la-dana-suministros-y-ayuda-para-las-zonas-afectadas\\\/\",\"url\":\"https:\\\/\\\/mula.es\\\/web\\\/recogida-solidaria-para-los-afectados-por-la-dana-suministros-y-ayuda-para-las-zonas-afectadas\\\/\",\"name\":\"Recogida solidaria para los afectados por la DANA: suministros y ayuda para las zonas afectadas - Ayuntamiento de Mula\",\"isPartOf\":{\"@id\":\"https:\\\/\\\/mula.es\\\/web\\\/#website\"},\"primaryImageOfPage\":{\"@id\":\"https:\\\/\\\/mula.es\\\/web\\\/recogida-solidaria-para-los-afectados-por-la-dana-suministros-y-ayuda-para-las-zonas-afectadas\\\/#primaryimage\"},\"image\":{\"@id\":\"https:\\\/\\\/mula.es\\\/web\\\/recogida-solidaria-para-los-afectados-por-la-dana-suministros-y-ayuda-para-las-zonas-afectadas\\\/#primaryimage\"},\"thumbnailUrl\":\"https:\\\/\\\/mula.es\\\/web\\\/wp-content\\\/uploads\\\/2020\\\/06\\\/escudo-cuadrado-e1591045058235.jpg\",\"datePublished\":\"2024-11-01T17:51:04+00:00\",\"dateModified\":\"2024-11-02T17:26:43+00:00\",\"author\":{\"@id\":\"https:\\\/\\\/mula.es\\\/web\\\/#\\\/schema\\\/person\\\/4f10179bd364f40dceed361e61e4033f\"},\"breadcrumb\":{\"@id\":\"https:\\\/\\\/mula.es\\\/web\\\/recogida-solidaria-para-los-afectados-por-la-dana-suministros-y-ayuda-para-las-zonas-afectadas\\\/#breadcrumb\"},\"inLanguage\":\"es\",\"potentialAction\":[{\"@type\":\"ReadAction\",\"target\":[\"https:\\\/\\\/mula.es\\\/web\\\/recogida-solidaria-para-los-afectados-por-la-dana-suministros-y-ayuda-para-las-zonas-afectadas\\\/\"]}]},{\"@type\":\"ImageObject\",\"inLanguage\":\"es\",\"@id\":\"https:\\\/\\\/mula.es\\\/web\\\/recogida-solidaria-para-los-afectados-por-la-dana-suministros-y-ayuda-para-las-zonas-afectadas\\\/#primaryimage\",\"url\":\"https:\\\/\\\/mula.es\\\/web\\\/wp-content\\\/uploads\\\/2020\\\/06\\\/escudo-cuadrado-e1591045058235.jpg\",\"contentUrl\":\"https:\\\/\\\/mula.es\\\/web\\\/wp-content\\\/uploads\\\/2020\\\/06\\\/escudo-cuadrado-e1591045058235.jpg\",\"width\":200,\"height\":218},{\"@type\":\"BreadcrumbList\",\"@id\":\"https:\\\/\\\/mula.es\\\/web\\\/recogida-solidaria-para-los-afectados-por-la-dana-suministros-y-ayuda-para-las-zonas-afectadas\\\/#breadcrumb\",\"itemListElement\":[{\"@type\":\"ListItem\",\"position\":1,\"name\":\"Portada\",\"item\":\"https:\\\/\\\/mula.es\\\/web\\\/\"},{\"@type\":\"ListItem\",\"position\":2,\"name\":\"Recogida solidaria para los afectados por la DANA: suministros y ayuda para las zonas afectadas\"}]},{\"@type\":\"WebSite\",\"@id\":\"https:\\\/\\\/mula.es\\\/web\\\/#website\",\"url\":\"https:\\\/\\\/mula.es\\\/web\\\/\",\"name\":\"Ayuntamiento de Mula\",\"description\":\"P\u00e1gina web del Ayuntamiento de Mula (Regi\u00f3n de Murcia)\",\"potentialAction\":[{\"@type\":\"SearchAction\",\"target\":{\"@type\":\"EntryPoint\",\"urlTemplate\":\"https:\\\/\\\/mula.es\\\/web\\\/?s={search_term_string}\"},\"query-input\":{\"@type\":\"PropertyValueSpecification\",\"valueRequired\":true,\"valueName\":\"search_term_string\"}}],\"inLanguage\":\"es\"},{\"@type\":\"Person\",\"@id\":\"https:\\\/\\\/mula.es\\\/web\\\/#\\\/schema\\\/person\\\/4f10179bd364f40dceed361e61e4033f\",\"name\":\"Laura Salas Orcajada\",\"image\":{\"@type\":\"ImageObject\",\"inLanguage\":\"es\",\"@id\":\"https:\\\/\\\/secure.gravatar.com\\\/avatar\\\/786f2a223d9a455e2a448f78b5dcc1117207ef56ef3d9a04df338c0f775cd403?s=96&d=mm&r=g\",\"url\":\"https:\\\/\\\/secure.gravatar.com\\\/avatar\\\/786f2a223d9a455e2a448f78b5dcc1117207ef56ef3d9a04df338c0f775cd403?s=96&d=mm&r=g\",\"contentUrl\":\"https:\\\/\\\/secure.gravatar.com\\\/avatar\\\/786f2a223d9a455e2a448f78b5dcc1117207ef56ef3d9a04df338c0f775cd403?s=96&d=mm&r=g\",\"caption\":\"Laura Salas Orcajada\"},\"url\":\"https:\\\/\\\/mula.es\\\/web\\\/author\\\/lsalas\\\/\"}]}<\/script>\n<!-- \/ Yoast SEO plugin. -->","yoast_head_json":{"title":"Recogida solidaria para los afectados por la DANA: suministros y ayuda para las zonas afectadas - Ayuntamiento de Mula","robots":{"index":"index","follow":"follow","max-snippet":"max-snippet:-1","max-image-preview":"max-image-preview:large","max-video-preview":"max-video-preview:-1"},"canonical":"https:\/\/mula.es\/web\/recogida-solidaria-para-los-afectados-por-la-dana-suministros-y-ayuda-para-las-zonas-afectadas\/","og_locale":"es_ES","og_type":"article","og_title":"Recogida solidaria para los afectados por la DANA: suministros y ayuda para las zonas afectadas - Ayuntamiento de Mula","og_description":"NOTA DE PRENSA &#8211; 1 DE NOVIEMBRE DE 2024 \u00a0 Recogida solidaria para los afectados por la DANA: suministros y ayuda para las zonas afectadas El Ayuntamiento de Mula, en colaboraci\u00f3n con la FMRM, la Generalitat, la Diputaci\u00f3n de Valencia y diversas ONGs, ha organizado una recogida de suministros esenciales para ayudar a los afectados [...]","og_url":"https:\/\/mula.es\/web\/recogida-solidaria-para-los-afectados-por-la-dana-suministros-y-ayuda-para-las-zonas-afectadas\/","og_site_name":"Ayuntamiento de Mula","article_published_time":"2024-11-01T17:51:04+00:00","article_modified_time":"2024-11-02T17:26:43+00:00","og_image":[{"width":200,"height":218,"url":"https:\/\/mula.es\/web\/wp-content\/uploads\/2020\/06\/escudo-cuadrado-e1591045058235.jpg","type":"image\/jpeg"}],"author":"Laura Salas Orcajada","twitter_card":"summary_large_image","twitter_creator":"@AyuntamientMula","twitter_site":"@AyuntamientMula","twitter_misc":{"Escrito por":"Laura Salas Orcajada","Tiempo de lectura":"3 minutos"},"schema":{"@context":"https:\/\/schema.org","@graph":[{"@type":"Article","@id":"https:\/\/mula.es\/web\/recogida-solidaria-para-los-afectados-por-la-dana-suministros-y-ayuda-para-las-zonas-afectadas\/#article","isPartOf":{"@id":"https:\/\/mula.es\/web\/recogida-solidaria-para-los-afectados-por-la-dana-suministros-y-ayuda-para-las-zonas-afectadas\/"},"author":{"name":"Laura Salas Orcajada","@id":"https:\/\/mula.es\/web\/#\/schema\/person\/4f10179bd364f40dceed361e61e4033f"},"headline":"Recogida solidaria para los afectados por la DANA: suministros y ayuda para las zonas afectadas","datePublished":"2024-11-01T17:51:04+00:00","dateModified":"2024-11-02T17:26:43+00:00","mainEntityOfPage":{"@id":"https:\/\/mula.es\/web\/recogida-solidaria-para-los-afectados-por-la-dana-suministros-y-ayuda-para-las-zonas-afectadas\/"},"wordCount":387,"image":{"@id":"https:\/\/mula.es\/web\/recogida-solidaria-para-los-afectados-por-la-dana-suministros-y-ayuda-para-las-zonas-afectadas\/#primaryimage"},"thumbnailUrl":"https:\/\/mula.es\/web\/wp-content\/uploads\/2020\/06\/escudo-cuadrado-e1591045058235.jpg","articleSection":["corporaci\u00f3n"],"inLanguage":"es"},{"@type":"WebPage","@id":"https:\/\/mula.es\/web\/recogida-solidaria-para-los-afectados-por-la-dana-suministros-y-ayuda-para-las-zonas-afectadas\/","url":"https:\/\/mula.es\/web\/recogida-solidaria-para-los-afectados-por-la-dana-suministros-y-ayuda-para-las-zonas-afectadas\/","name":"Recogida solidaria para los afectados por la DANA: suministros y ayuda para las zonas afectadas - Ayuntamiento de Mula","isPartOf":{"@id":"https:\/\/mula.es\/web\/#website"},"primaryImageOfPage":{"@id":"https:\/\/mula.es\/web\/recogida-solidaria-para-los-afectados-por-la-dana-suministros-y-ayuda-para-las-zonas-afectadas\/#primaryimage"},"image":{"@id":"https:\/\/mula.es\/web\/recogida-solidaria-para-los-afectados-por-la-dana-suministros-y-ayuda-para-las-zonas-afectadas\/#primaryimage"},"thumbnailUrl":"https:\/\/mula.es\/web\/wp-content\/uploads\/2020\/06\/escudo-cuadrado-e1591045058235.jpg","datePublished":"2024-11-01T17:51:04+00:00","dateModified":"2024-11-02T17:26:43+00:00","author":{"@id":"https:\/\/mula.es\/web\/#\/schema\/person\/4f10179bd364f40dceed361e61e4033f"},"breadcrumb":{"@id":"https:\/\/mula.es\/web\/recogida-solidaria-para-los-afectados-por-la-dana-suministros-y-ayuda-para-las-zonas-afectadas\/#breadcrumb"},"inLanguage":"es","potentialAction":[{"@type":"ReadAction","target":["https:\/\/mula.es\/web\/recogida-solidaria-para-los-afectados-por-la-dana-suministros-y-ayuda-para-las-zonas-afectadas\/"]}]},{"@type":"ImageObject","inLanguage":"es","@id":"https:\/\/mula.es\/web\/recogida-solidaria-para-los-afectados-por-la-dana-suministros-y-ayuda-para-las-zonas-afectadas\/#primaryimage","url":"https:\/\/mula.es\/web\/wp-content\/uploads\/2020\/06\/escudo-cuadrado-e1591045058235.jpg","contentUrl":"https:\/\/mula.es\/web\/wp-content\/uploads\/2020\/06\/escudo-cuadrado-e1591045058235.jpg","width":200,"height":218},{"@type":"BreadcrumbList","@id":"https:\/\/mula.es\/web\/recogida-solidaria-para-los-afectados-por-la-dana-suministros-y-ayuda-para-las-zonas-afectadas\/#breadcrumb","itemListElement":[{"@type":"ListItem","position":1,"name":"Portada","item":"https:\/\/mula.es\/web\/"},{"@type":"ListItem","position":2,"name":"Recogida solidaria para los afectados por la DANA: suministros y ayuda para las zonas afectadas"}]},{"@type":"WebSite","@id":"https:\/\/mula.es\/web\/#website","url":"https:\/\/mula.es\/web\/","name":"Ayuntamiento de Mula","description":"P\u00e1gina web del Ayuntamiento de Mula (Regi\u00f3n de Murcia)","potentialAction":[{"@type":"SearchAction","target":{"@type":"EntryPoint","urlTemplate":"https:\/\/mula.es\/web\/?s={search_term_string}"},"query-input":{"@type":"PropertyValueSpecification","valueRequired":true,"valueName":"search_term_string"}}],"inLanguage":"es"},{"@type":"Person","@id":"https:\/\/mula.es\/web\/#\/schema\/person\/4f10179bd364f40dceed361e61e4033f","name":"Laura Salas Orcajada","image":{"@type":"ImageObject","inLanguage":"es","@id":"https:\/\/secure.gravatar.com\/avatar\/786f2a223d9a455e2a448f78b5dcc1117207ef56ef3d9a04df338c0f775cd403?s=96&d=mm&r=g","url":"https:\/\/secure.gravatar.com\/avatar\/786f2a223d9a455e2a448f78b5dcc1117207ef56ef3d9a04df338c0f775cd403?s=96&d=mm&r=g","contentUrl":"https:\/\/secure.gravatar.com\/avatar\/786f2a223d9a455e2a448f78b5dcc1117207ef56ef3d9a04df338c0f775cd403?s=96&d=mm&r=g","caption":"Laura Salas Orcajada"},"url":"https:\/\/mula.es\/web\/author\/lsalas\/"}]}},"jetpack_publicize_connections":[],"jetpack_featured_media_url":"https:\/\/mula.es\/web\/wp-content\/uploads\/2020\/06\/escudo-cuadrado-e1591045058235.jpg","jetpack_sharing_enabled":true,"jetpack_shortlink":"https:\/\/wp.me\/pa9DMY-eAO","jetpack-related-posts":[],"_links":{"self":[{"href":"https:\/\/mula.es\/web\/wp-json\/wp\/v2\/posts\/56098","targetHints":{"allow":["GET"]}}],"collection":[{"href":"https:\/\/mula.es\/web\/wp-json\/wp\/v2\/posts"}],"about":[{"href":"https:\/\/mula.es\/web\/wp-json\/wp\/v2\/types\/post"}],"author":[{"embeddable":true,"href":"https:\/\/mula.es\/web\/wp-json\/wp\/v2\/users\/13"}],"replies":[{"embeddable":true,"href":"https:\/\/mula.es\/web\/wp-json\/wp\/v2\/comments?post=56098"}],"version-history":[{"count":2,"href":"https:\/\/mula.es\/web\/wp-json\/wp\/v2\/posts\/56098\/revisions"}],"predecessor-version":[{"id":56101,"href":"https:\/\/mula.es\/web\/wp-json\/wp\/v2\/posts\/56098\/revisions\/56101"}],"wp:featuredmedia":[{"embeddable":true,"href":"https:\/\/mula.es\/web\/wp-json\/wp\/v2\/media\/33512"}],"wp:attachment":[{"href":"https:\/\/mula.es\/web\/wp-json\/wp\/v2\/media?parent=56098"}],"wp:term":[{"taxonomy":"category","embeddable":true,"href":"https:\/\/mula.es\/web\/wp-json\/wp\/v2\/categories?post=56098"},{"taxonomy":"post_tag","embeddable":true,"href":"https:\/\/mula.es\/web\/wp-json\/wp\/v2\/tags?post=56098"}],"curies":[{"name":"wp","href":"https:\/\/api.w.org\/{rel}","templated":true}]}}