{"id":56185,"date":"2024-11-08T13:16:16","date_gmt":"2024-11-08T12:16:16","guid":{"rendered":"https:\/\/mula.es\/web\/?p=56185"},"modified":"2024-11-08T13:25:41","modified_gmt":"2024-11-08T12:25:41","slug":"alcaldia-el-alcalde-de-mula-se-reune-con-el-coronel-jefe-de-la-guardia-civil","status":"publish","type":"post","link":"https:\/\/mula.es\/web\/alcaldia-el-alcalde-de-mula-se-reune-con-el-coronel-jefe-de-la-guardia-civil\/","title":{"rendered":"ALCALD\u00cdA | El alcalde de Mula se re\u00fane con el coronel jefe de la Guardia Civil"},"content":{"rendered":"<p><strong>NOTA DE PRENSA \u2013 8 DE NOVIEMBRE DE 2024<\/strong><\/p>\n<p><strong>\u00a0<\/strong><\/p>\n<h2><strong>El alcalde de Mula se re\u00fane con el coronel jefe de la Guardia Civil <\/strong><\/h2>\n<p>El alcalde ha recibido hoy al <strong>coronel jefe de la Guardia Civil en la Regi\u00f3n de Murcia<\/strong>, <strong>Francisco Pulido Catal\u00e1n<\/strong>, acompa\u00f1ado del <strong>Capit\u00e1n Antonio Corbal\u00e1n L\u00f3pez<\/strong>, jefe de la Tercera Compa\u00f1\u00eda de la Guardia Civil, y del <strong>Brigada Juan Antonio Jover<\/strong>, jefe del puesto de la Guardia Civil en Mula.<\/p>\n<p>Durante el encuentro, el alcalde agradeci\u00f3 la labor que la Guardia Civil realiza en el municipio, destacando especialmente el trabajo conjunto con la <strong>Polic\u00eda Local<\/strong> en los operativos de vigilancia y seguridad. Asimismo, reconoci\u00f3 la importante labor del <strong>Grupo ROCA<\/strong>, dedicado a reforzar la seguridad en el \u00e1mbito rural, con especial atenci\u00f3n a las huertas y campos de Mula.<\/p>\n<p>El alcalde aprovech\u00f3 la reuni\u00f3n para solicitar la permanencia de los <strong>cinco nuevos agentes<\/strong> de la Guardia Civil que se han incorporado recientemente al municipio. Adem\u00e1s, hizo un llamamiento para que esta cifra pueda incrementarse en el futuro, con el objetivo de reforzar a\u00fan m\u00e1s la seguridad en la localidad y sus pedan\u00edas. <em>\u00abLa seguridad es una prioridad para nuestro municipio, y necesitamos m\u00e1s efectivos para garantizar el bienestar de nuestros vecinos,\u00bb<\/em> se\u00f1al\u00f3.<\/p>\n<p>Finalmente, el alcalde expres\u00f3 su agradecimiento por el compromiso de la Guardia Civil y la excelente coordinaci\u00f3n con la Polic\u00eda Local, destacando que esta colaboraci\u00f3n es clave para mantener la tranquilidad y seguridad en todo el t\u00e9rmino municipal.<\/p>\n<p>&nbsp;<\/p>\n<p><a href=\"https:\/\/mula.es\/web\/wp-content\/uploads\/2024\/11\/1-6-scaled.jpg\"><img decoding=\"async\" data-attachment-id=\"56186\" data-permalink=\"https:\/\/mula.es\/web\/alcaldia-el-alcalde-de-mula-se-reune-con-el-coronel-jefe-de-la-guardia-civil\/1-127\/\" data-orig-file=\"https:\/\/mula.es\/web\/wp-content\/uploads\/2024\/11\/1-6-scaled.jpg\" data-orig-size=\"2560,1707\" data-comments-opened=\"0\" data-image-meta=\"{&quot;aperture&quot;:&quot;0&quot;,&quot;credit&quot;:&quot;&quot;,&quot;camera&quot;:&quot;&quot;,&quot;caption&quot;:&quot;&quot;,&quot;created_timestamp&quot;:&quot;0&quot;,&quot;copyright&quot;:&quot;&quot;,&quot;focal_length&quot;:&quot;0&quot;,&quot;iso&quot;:&quot;0&quot;,&quot;shutter_speed&quot;:&quot;0&quot;,&quot;title&quot;:&quot;&quot;,&quot;orientation&quot;:&quot;1&quot;}\" data-image-title=\"1\" data-image-description=\"\" data-image-caption=\"\" data-large-file=\"https:\/\/mula.es\/web\/wp-content\/uploads\/2024\/11\/1-6-1024x683.jpg\" class=\"alignnone size-medium wp-image-56186\" src=\"https:\/\/mula.es\/web\/wp-content\/uploads\/2024\/11\/1-6-300x200.jpg\" alt=\"\" width=\"300\" height=\"200\" srcset=\"https:\/\/mula.es\/web\/wp-content\/uploads\/2024\/11\/1-6-200x133.jpg 200w, https:\/\/mula.es\/web\/wp-content\/uploads\/2024\/11\/1-6-300x200.jpg 300w, https:\/\/mula.es\/web\/wp-content\/uploads\/2024\/11\/1-6-400x267.jpg 400w, https:\/\/mula.es\/web\/wp-content\/uploads\/2024\/11\/1-6-600x400.jpg 600w, https:\/\/mula.es\/web\/wp-content\/uploads\/2024\/11\/1-6-768x512.jpg 768w, https:\/\/mula.es\/web\/wp-content\/uploads\/2024\/11\/1-6-800x533.jpg 800w, https:\/\/mula.es\/web\/wp-content\/uploads\/2024\/11\/1-6-1024x683.jpg 1024w, https:\/\/mula.es\/web\/wp-content\/uploads\/2024\/11\/1-6-1200x800.jpg 1200w, https:\/\/mula.es\/web\/wp-content\/uploads\/2024\/11\/1-6-1536x1024.jpg 1536w\" sizes=\"(max-width: 300px) 100vw, 300px\" \/><\/a> \u00a0<a href=\"https:\/\/mula.es\/web\/wp-content\/uploads\/2024\/11\/gc-scaled.jpg\"><img decoding=\"async\" data-attachment-id=\"56191\" data-permalink=\"https:\/\/mula.es\/web\/alcaldia-el-alcalde-de-mula-se-reune-con-el-coronel-jefe-de-la-guardia-civil\/gc\/\" data-orig-file=\"https:\/\/mula.es\/web\/wp-content\/uploads\/2024\/11\/gc-scaled.jpg\" data-orig-size=\"2560,1707\" data-comments-opened=\"0\" data-image-meta=\"{&quot;aperture&quot;:&quot;0&quot;,&quot;credit&quot;:&quot;&quot;,&quot;camera&quot;:&quot;&quot;,&quot;caption&quot;:&quot;&quot;,&quot;created_timestamp&quot;:&quot;0&quot;,&quot;copyright&quot;:&quot;&quot;,&quot;focal_length&quot;:&quot;0&quot;,&quot;iso&quot;:&quot;0&quot;,&quot;shutter_speed&quot;:&quot;0&quot;,&quot;title&quot;:&quot;&quot;,&quot;orientation&quot;:&quot;1&quot;}\" data-image-title=\"gc\" data-image-description=\"\" data-image-caption=\"\" data-large-file=\"https:\/\/mula.es\/web\/wp-content\/uploads\/2024\/11\/gc-1024x683.jpg\" class=\"alignnone size-medium wp-image-56191\" src=\"https:\/\/mula.es\/web\/wp-content\/uploads\/2024\/11\/gc-300x200.jpg\" alt=\"\" width=\"300\" height=\"200\" srcset=\"https:\/\/mula.es\/web\/wp-content\/uploads\/2024\/11\/gc-200x133.jpg 200w, https:\/\/mula.es\/web\/wp-content\/uploads\/2024\/11\/gc-300x200.jpg 300w, https:\/\/mula.es\/web\/wp-content\/uploads\/2024\/11\/gc-400x267.jpg 400w, https:\/\/mula.es\/web\/wp-content\/uploads\/2024\/11\/gc-600x400.jpg 600w, https:\/\/mula.es\/web\/wp-content\/uploads\/2024\/11\/gc-768x512.jpg 768w, https:\/\/mula.es\/web\/wp-content\/uploads\/2024\/11\/gc-800x533.jpg 800w, https:\/\/mula.es\/web\/wp-content\/uploads\/2024\/11\/gc-1024x683.jpg 1024w, https:\/\/mula.es\/web\/wp-content\/uploads\/2024\/11\/gc-1200x800.jpg 1200w, https:\/\/mula.es\/web\/wp-content\/uploads\/2024\/11\/gc-1536x1024.jpg 1536w\" sizes=\"(max-width: 300px) 100vw, 300px\" \/><\/a><\/p>\n","protected":false},"excerpt":{"rendered":"<p>NOTA DE PRENSA \u2013 8 DE NOVIEMBRE DE 2024 \u00a0 El alcalde de Mula se re\u00fane con el coronel jefe de la Guardia Civil El alcalde ha recibido hoy al coronel jefe de la Guardia Civil en la Regi\u00f3n de Murcia, Francisco Pulido Catal\u00e1n, acompa\u00f1ado del Capit\u00e1n Antonio Corbal\u00e1n L\u00f3pez, jefe de la Tercera Compa\u00f1\u00eda  [&#8230;]<\/p>\n","protected":false},"author":13,"featured_media":33512,"comment_status":"closed","ping_status":"closed","sticky":false,"template":"","format":"standard","meta":{"jetpack_post_was_ever_published":false,"_jetpack_newsletter_access":"","_jetpack_dont_email_post_to_subs":false,"_jetpack_newsletter_tier_id":0,"_jetpack_memberships_contains_paywalled_content":false,"_jetpack_memberships_contains_paid_content":false,"footnotes":"","jetpack_publicize_message":"","jetpack_publicize_feature_enabled":true,"jetpack_social_post_already_shared":false,"jetpack_social_options":{"image_generator_settings":{"template":"highway","default_image_id":0,"font":"","enabled":false},"version":2}},"categories":[392],"tags":[],"class_list":["post-56185","post","type-post","status-publish","format-standard","has-post-thumbnail","hentry","category-alcaldia"],"yoast_head":"<!-- This site is optimized with the Yoast SEO plugin v27.5 - https:\/\/yoast.com\/product\/yoast-seo-wordpress\/ -->\n<title>ALCALD\u00cdA | El alcalde de Mula se re\u00fane con el coronel jefe de la Guardia Civil - Ayuntamiento de Mula<\/title>\n<meta name=\"robots\" content=\"index, follow, max-snippet:-1, max-image-preview:large, max-video-preview:-1\" \/>\n<link rel=\"canonical\" href=\"https:\/\/mula.es\/web\/alcaldia-el-alcalde-de-mula-se-reune-con-el-coronel-jefe-de-la-guardia-civil\/\" \/>\n<meta property=\"og:locale\" content=\"es_ES\" \/>\n<meta property=\"og:type\" content=\"article\" \/>\n<meta property=\"og:title\" content=\"ALCALD\u00cdA | El alcalde de Mula se re\u00fane con el coronel jefe de la Guardia Civil - Ayuntamiento de Mula\" \/>\n<meta property=\"og:description\" content=\"NOTA DE PRENSA \u2013 8 DE NOVIEMBRE DE 2024 \u00a0 El alcalde de Mula se re\u00fane con el coronel jefe de la Guardia Civil El alcalde ha recibido hoy al coronel jefe de la Guardia Civil en la Regi\u00f3n de Murcia, Francisco Pulido Catal\u00e1n, acompa\u00f1ado del Capit\u00e1n Antonio Corbal\u00e1n L\u00f3pez, jefe de la Tercera Compa\u00f1\u00eda [...]\" \/>\n<meta property=\"og:url\" content=\"https:\/\/mula.es\/web\/alcaldia-el-alcalde-de-mula-se-reune-con-el-coronel-jefe-de-la-guardia-civil\/\" \/>\n<meta property=\"og:site_name\" content=\"Ayuntamiento de Mula\" \/>\n<meta property=\"article:published_time\" content=\"2024-11-08T12:16:16+00:00\" \/>\n<meta property=\"article:modified_time\" content=\"2024-11-08T12:25:41+00:00\" \/>\n<meta property=\"og:image\" content=\"https:\/\/mula.es\/web\/wp-content\/uploads\/2020\/06\/escudo-cuadrado-e1591045058235.jpg\" \/>\n\t<meta property=\"og:image:width\" content=\"200\" \/>\n\t<meta property=\"og:image:height\" content=\"218\" \/>\n\t<meta property=\"og:image:type\" content=\"image\/jpeg\" \/>\n<meta name=\"author\" content=\"Laura Salas Orcajada\" \/>\n<meta name=\"twitter:card\" content=\"summary_large_image\" \/>\n<meta name=\"twitter:creator\" content=\"@AyuntamientMula\" \/>\n<meta name=\"twitter:site\" content=\"@AyuntamientMula\" \/>\n<meta name=\"twitter:label1\" content=\"Escrito por\" \/>\n\t<meta name=\"twitter:data1\" content=\"Laura Salas Orcajada\" \/>\n\t<meta name=\"twitter:label2\" content=\"Tiempo de lectura\" \/>\n\t<meta name=\"twitter:data2\" content=\"2 minutos\" \/>\n<script type=\"application\/ld+json\" class=\"yoast-schema-graph\">{\"@context\":\"https:\\\/\\\/schema.org\",\"@graph\":[{\"@type\":\"Article\",\"@id\":\"https:\\\/\\\/mula.es\\\/web\\\/alcaldia-el-alcalde-de-mula-se-reune-con-el-coronel-jefe-de-la-guardia-civil\\\/#article\",\"isPartOf\":{\"@id\":\"https:\\\/\\\/mula.es\\\/web\\\/alcaldia-el-alcalde-de-mula-se-reune-con-el-coronel-jefe-de-la-guardia-civil\\\/\"},\"author\":{\"name\":\"Laura Salas Orcajada\",\"@id\":\"https:\\\/\\\/mula.es\\\/web\\\/#\\\/schema\\\/person\\\/4f10179bd364f40dceed361e61e4033f\"},\"headline\":\"ALCALD\u00cdA | El alcalde de Mula se re\u00fane con el coronel jefe de la Guardia Civil\",\"datePublished\":\"2024-11-08T12:16:16+00:00\",\"dateModified\":\"2024-11-08T12:25:41+00:00\",\"mainEntityOfPage\":{\"@id\":\"https:\\\/\\\/mula.es\\\/web\\\/alcaldia-el-alcalde-de-mula-se-reune-con-el-coronel-jefe-de-la-guardia-civil\\\/\"},\"wordCount\":279,\"image\":{\"@id\":\"https:\\\/\\\/mula.es\\\/web\\\/alcaldia-el-alcalde-de-mula-se-reune-con-el-coronel-jefe-de-la-guardia-civil\\\/#primaryimage\"},\"thumbnailUrl\":\"https:\\\/\\\/mula.es\\\/web\\\/wp-content\\\/uploads\\\/2020\\\/06\\\/escudo-cuadrado-e1591045058235.jpg\",\"articleSection\":[\"alcald\u00eda\"],\"inLanguage\":\"es\"},{\"@type\":\"WebPage\",\"@id\":\"https:\\\/\\\/mula.es\\\/web\\\/alcaldia-el-alcalde-de-mula-se-reune-con-el-coronel-jefe-de-la-guardia-civil\\\/\",\"url\":\"https:\\\/\\\/mula.es\\\/web\\\/alcaldia-el-alcalde-de-mula-se-reune-con-el-coronel-jefe-de-la-guardia-civil\\\/\",\"name\":\"ALCALD\u00cdA | El alcalde de Mula se re\u00fane con el coronel jefe de la Guardia Civil - Ayuntamiento de Mula\",\"isPartOf\":{\"@id\":\"https:\\\/\\\/mula.es\\\/web\\\/#website\"},\"primaryImageOfPage\":{\"@id\":\"https:\\\/\\\/mula.es\\\/web\\\/alcaldia-el-alcalde-de-mula-se-reune-con-el-coronel-jefe-de-la-guardia-civil\\\/#primaryimage\"},\"image\":{\"@id\":\"https:\\\/\\\/mula.es\\\/web\\\/alcaldia-el-alcalde-de-mula-se-reune-con-el-coronel-jefe-de-la-guardia-civil\\\/#primaryimage\"},\"thumbnailUrl\":\"https:\\\/\\\/mula.es\\\/web\\\/wp-content\\\/uploads\\\/2020\\\/06\\\/escudo-cuadrado-e1591045058235.jpg\",\"datePublished\":\"2024-11-08T12:16:16+00:00\",\"dateModified\":\"2024-11-08T12:25:41+00:00\",\"author\":{\"@id\":\"https:\\\/\\\/mula.es\\\/web\\\/#\\\/schema\\\/person\\\/4f10179bd364f40dceed361e61e4033f\"},\"breadcrumb\":{\"@id\":\"https:\\\/\\\/mula.es\\\/web\\\/alcaldia-el-alcalde-de-mula-se-reune-con-el-coronel-jefe-de-la-guardia-civil\\\/#breadcrumb\"},\"inLanguage\":\"es\",\"potentialAction\":[{\"@type\":\"ReadAction\",\"target\":[\"https:\\\/\\\/mula.es\\\/web\\\/alcaldia-el-alcalde-de-mula-se-reune-con-el-coronel-jefe-de-la-guardia-civil\\\/\"]}]},{\"@type\":\"ImageObject\",\"inLanguage\":\"es\",\"@id\":\"https:\\\/\\\/mula.es\\\/web\\\/alcaldia-el-alcalde-de-mula-se-reune-con-el-coronel-jefe-de-la-guardia-civil\\\/#primaryimage\",\"url\":\"https:\\\/\\\/mula.es\\\/web\\\/wp-content\\\/uploads\\\/2020\\\/06\\\/escudo-cuadrado-e1591045058235.jpg\",\"contentUrl\":\"https:\\\/\\\/mula.es\\\/web\\\/wp-content\\\/uploads\\\/2020\\\/06\\\/escudo-cuadrado-e1591045058235.jpg\",\"width\":200,\"height\":218},{\"@type\":\"BreadcrumbList\",\"@id\":\"https:\\\/\\\/mula.es\\\/web\\\/alcaldia-el-alcalde-de-mula-se-reune-con-el-coronel-jefe-de-la-guardia-civil\\\/#breadcrumb\",\"itemListElement\":[{\"@type\":\"ListItem\",\"position\":1,\"name\":\"Portada\",\"item\":\"https:\\\/\\\/mula.es\\\/web\\\/\"},{\"@type\":\"ListItem\",\"position\":2,\"name\":\"ALCALD\u00cdA | El alcalde de Mula se re\u00fane con el coronel jefe de la Guardia Civil\"}]},{\"@type\":\"WebSite\",\"@id\":\"https:\\\/\\\/mula.es\\\/web\\\/#website\",\"url\":\"https:\\\/\\\/mula.es\\\/web\\\/\",\"name\":\"Ayuntamiento de Mula\",\"description\":\"P\u00e1gina web del Ayuntamiento de Mula (Regi\u00f3n de Murcia)\",\"potentialAction\":[{\"@type\":\"SearchAction\",\"target\":{\"@type\":\"EntryPoint\",\"urlTemplate\":\"https:\\\/\\\/mula.es\\\/web\\\/?s={search_term_string}\"},\"query-input\":{\"@type\":\"PropertyValueSpecification\",\"valueRequired\":true,\"valueName\":\"search_term_string\"}}],\"inLanguage\":\"es\"},{\"@type\":\"Person\",\"@id\":\"https:\\\/\\\/mula.es\\\/web\\\/#\\\/schema\\\/person\\\/4f10179bd364f40dceed361e61e4033f\",\"name\":\"Laura Salas Orcajada\",\"image\":{\"@type\":\"ImageObject\",\"inLanguage\":\"es\",\"@id\":\"https:\\\/\\\/secure.gravatar.com\\\/avatar\\\/786f2a223d9a455e2a448f78b5dcc1117207ef56ef3d9a04df338c0f775cd403?s=96&d=mm&r=g\",\"url\":\"https:\\\/\\\/secure.gravatar.com\\\/avatar\\\/786f2a223d9a455e2a448f78b5dcc1117207ef56ef3d9a04df338c0f775cd403?s=96&d=mm&r=g\",\"contentUrl\":\"https:\\\/\\\/secure.gravatar.com\\\/avatar\\\/786f2a223d9a455e2a448f78b5dcc1117207ef56ef3d9a04df338c0f775cd403?s=96&d=mm&r=g\",\"caption\":\"Laura Salas Orcajada\"},\"url\":\"https:\\\/\\\/mula.es\\\/web\\\/author\\\/lsalas\\\/\"}]}<\/script>\n<!-- \/ Yoast SEO plugin. -->","yoast_head_json":{"title":"ALCALD\u00cdA | El alcalde de Mula se re\u00fane con el coronel jefe de la Guardia Civil - Ayuntamiento de Mula","robots":{"index":"index","follow":"follow","max-snippet":"max-snippet:-1","max-image-preview":"max-image-preview:large","max-video-preview":"max-video-preview:-1"},"canonical":"https:\/\/mula.es\/web\/alcaldia-el-alcalde-de-mula-se-reune-con-el-coronel-jefe-de-la-guardia-civil\/","og_locale":"es_ES","og_type":"article","og_title":"ALCALD\u00cdA | El alcalde de Mula se re\u00fane con el coronel jefe de la Guardia Civil - Ayuntamiento de Mula","og_description":"NOTA DE PRENSA \u2013 8 DE NOVIEMBRE DE 2024 \u00a0 El alcalde de Mula se re\u00fane con el coronel jefe de la Guardia Civil El alcalde ha recibido hoy al coronel jefe de la Guardia Civil en la Regi\u00f3n de Murcia, Francisco Pulido Catal\u00e1n, acompa\u00f1ado del Capit\u00e1n Antonio Corbal\u00e1n L\u00f3pez, jefe de la Tercera Compa\u00f1\u00eda [...]","og_url":"https:\/\/mula.es\/web\/alcaldia-el-alcalde-de-mula-se-reune-con-el-coronel-jefe-de-la-guardia-civil\/","og_site_name":"Ayuntamiento de Mula","article_published_time":"2024-11-08T12:16:16+00:00","article_modified_time":"2024-11-08T12:25:41+00:00","og_image":[{"width":200,"height":218,"url":"https:\/\/mula.es\/web\/wp-content\/uploads\/2020\/06\/escudo-cuadrado-e1591045058235.jpg","type":"image\/jpeg"}],"author":"Laura Salas Orcajada","twitter_card":"summary_large_image","twitter_creator":"@AyuntamientMula","twitter_site":"@AyuntamientMula","twitter_misc":{"Escrito por":"Laura Salas Orcajada","Tiempo de lectura":"2 minutos"},"schema":{"@context":"https:\/\/schema.org","@graph":[{"@type":"Article","@id":"https:\/\/mula.es\/web\/alcaldia-el-alcalde-de-mula-se-reune-con-el-coronel-jefe-de-la-guardia-civil\/#article","isPartOf":{"@id":"https:\/\/mula.es\/web\/alcaldia-el-alcalde-de-mula-se-reune-con-el-coronel-jefe-de-la-guardia-civil\/"},"author":{"name":"Laura Salas Orcajada","@id":"https:\/\/mula.es\/web\/#\/schema\/person\/4f10179bd364f40dceed361e61e4033f"},"headline":"ALCALD\u00cdA | El alcalde de Mula se re\u00fane con el coronel jefe de la Guardia Civil","datePublished":"2024-11-08T12:16:16+00:00","dateModified":"2024-11-08T12:25:41+00:00","mainEntityOfPage":{"@id":"https:\/\/mula.es\/web\/alcaldia-el-alcalde-de-mula-se-reune-con-el-coronel-jefe-de-la-guardia-civil\/"},"wordCount":279,"image":{"@id":"https:\/\/mula.es\/web\/alcaldia-el-alcalde-de-mula-se-reune-con-el-coronel-jefe-de-la-guardia-civil\/#primaryimage"},"thumbnailUrl":"https:\/\/mula.es\/web\/wp-content\/uploads\/2020\/06\/escudo-cuadrado-e1591045058235.jpg","articleSection":["alcald\u00eda"],"inLanguage":"es"},{"@type":"WebPage","@id":"https:\/\/mula.es\/web\/alcaldia-el-alcalde-de-mula-se-reune-con-el-coronel-jefe-de-la-guardia-civil\/","url":"https:\/\/mula.es\/web\/alcaldia-el-alcalde-de-mula-se-reune-con-el-coronel-jefe-de-la-guardia-civil\/","name":"ALCALD\u00cdA | El alcalde de Mula se re\u00fane con el coronel jefe de la Guardia Civil - Ayuntamiento de Mula","isPartOf":{"@id":"https:\/\/mula.es\/web\/#website"},"primaryImageOfPage":{"@id":"https:\/\/mula.es\/web\/alcaldia-el-alcalde-de-mula-se-reune-con-el-coronel-jefe-de-la-guardia-civil\/#primaryimage"},"image":{"@id":"https:\/\/mula.es\/web\/alcaldia-el-alcalde-de-mula-se-reune-con-el-coronel-jefe-de-la-guardia-civil\/#primaryimage"},"thumbnailUrl":"https:\/\/mula.es\/web\/wp-content\/uploads\/2020\/06\/escudo-cuadrado-e1591045058235.jpg","datePublished":"2024-11-08T12:16:16+00:00","dateModified":"2024-11-08T12:25:41+00:00","author":{"@id":"https:\/\/mula.es\/web\/#\/schema\/person\/4f10179bd364f40dceed361e61e4033f"},"breadcrumb":{"@id":"https:\/\/mula.es\/web\/alcaldia-el-alcalde-de-mula-se-reune-con-el-coronel-jefe-de-la-guardia-civil\/#breadcrumb"},"inLanguage":"es","potentialAction":[{"@type":"ReadAction","target":["https:\/\/mula.es\/web\/alcaldia-el-alcalde-de-mula-se-reune-con-el-coronel-jefe-de-la-guardia-civil\/"]}]},{"@type":"ImageObject","inLanguage":"es","@id":"https:\/\/mula.es\/web\/alcaldia-el-alcalde-de-mula-se-reune-con-el-coronel-jefe-de-la-guardia-civil\/#primaryimage","url":"https:\/\/mula.es\/web\/wp-content\/uploads\/2020\/06\/escudo-cuadrado-e1591045058235.jpg","contentUrl":"https:\/\/mula.es\/web\/wp-content\/uploads\/2020\/06\/escudo-cuadrado-e1591045058235.jpg","width":200,"height":218},{"@type":"BreadcrumbList","@id":"https:\/\/mula.es\/web\/alcaldia-el-alcalde-de-mula-se-reune-con-el-coronel-jefe-de-la-guardia-civil\/#breadcrumb","itemListElement":[{"@type":"ListItem","position":1,"name":"Portada","item":"https:\/\/mula.es\/web\/"},{"@type":"ListItem","position":2,"name":"ALCALD\u00cdA | El alcalde de Mula se re\u00fane con el coronel jefe de la Guardia Civil"}]},{"@type":"WebSite","@id":"https:\/\/mula.es\/web\/#website","url":"https:\/\/mula.es\/web\/","name":"Ayuntamiento de Mula","description":"P\u00e1gina web del Ayuntamiento de Mula (Regi\u00f3n de Murcia)","potentialAction":[{"@type":"SearchAction","target":{"@type":"EntryPoint","urlTemplate":"https:\/\/mula.es\/web\/?s={search_term_string}"},"query-input":{"@type":"PropertyValueSpecification","valueRequired":true,"valueName":"search_term_string"}}],"inLanguage":"es"},{"@type":"Person","@id":"https:\/\/mula.es\/web\/#\/schema\/person\/4f10179bd364f40dceed361e61e4033f","name":"Laura Salas Orcajada","image":{"@type":"ImageObject","inLanguage":"es","@id":"https:\/\/secure.gravatar.com\/avatar\/786f2a223d9a455e2a448f78b5dcc1117207ef56ef3d9a04df338c0f775cd403?s=96&d=mm&r=g","url":"https:\/\/secure.gravatar.com\/avatar\/786f2a223d9a455e2a448f78b5dcc1117207ef56ef3d9a04df338c0f775cd403?s=96&d=mm&r=g","contentUrl":"https:\/\/secure.gravatar.com\/avatar\/786f2a223d9a455e2a448f78b5dcc1117207ef56ef3d9a04df338c0f775cd403?s=96&d=mm&r=g","caption":"Laura Salas Orcajada"},"url":"https:\/\/mula.es\/web\/author\/lsalas\/"}]}},"jetpack_publicize_connections":[],"jetpack_featured_media_url":"https:\/\/mula.es\/web\/wp-content\/uploads\/2020\/06\/escudo-cuadrado-e1591045058235.jpg","jetpack_sharing_enabled":true,"jetpack_shortlink":"https:\/\/wp.me\/pa9DMY-eCd","jetpack-related-posts":[],"_links":{"self":[{"href":"https:\/\/mula.es\/web\/wp-json\/wp\/v2\/posts\/56185","targetHints":{"allow":["GET"]}}],"collection":[{"href":"https:\/\/mula.es\/web\/wp-json\/wp\/v2\/posts"}],"about":[{"href":"https:\/\/mula.es\/web\/wp-json\/wp\/v2\/types\/post"}],"author":[{"embeddable":true,"href":"https:\/\/mula.es\/web\/wp-json\/wp\/v2\/users\/13"}],"replies":[{"embeddable":true,"href":"https:\/\/mula.es\/web\/wp-json\/wp\/v2\/comments?post=56185"}],"version-history":[{"count":4,"href":"https:\/\/mula.es\/web\/wp-json\/wp\/v2\/posts\/56185\/revisions"}],"predecessor-version":[{"id":56193,"href":"https:\/\/mula.es\/web\/wp-json\/wp\/v2\/posts\/56185\/revisions\/56193"}],"wp:featuredmedia":[{"embeddable":true,"href":"https:\/\/mula.es\/web\/wp-json\/wp\/v2\/media\/33512"}],"wp:attachment":[{"href":"https:\/\/mula.es\/web\/wp-json\/wp\/v2\/media?parent=56185"}],"wp:term":[{"taxonomy":"category","embeddable":true,"href":"https:\/\/mula.es\/web\/wp-json\/wp\/v2\/categories?post=56185"},{"taxonomy":"post_tag","embeddable":true,"href":"https:\/\/mula.es\/web\/wp-json\/wp\/v2\/tags?post=56185"}],"curies":[{"name":"wp","href":"https:\/\/api.w.org\/{rel}","templated":true}]}}