{"id":56203,"date":"2024-11-09T20:25:24","date_gmt":"2024-11-09T19:25:24","guid":{"rendered":"https:\/\/mula.es\/web\/?p=56203"},"modified":"2024-11-09T20:24:42","modified_gmt":"2024-11-09T19:24:42","slug":"tambores-el-alcalde-y-miembros-de-la-corporacion-municipal-asisten-a-la-eleccion-del-nuevo-presidente-de-la-asociacion-de-tamboristas","status":"publish","type":"post","link":"https:\/\/mula.es\/web\/tambores-el-alcalde-y-miembros-de-la-corporacion-municipal-asisten-a-la-eleccion-del-nuevo-presidente-de-la-asociacion-de-tamboristas\/","title":{"rendered":"TAMBORES |El alcalde y miembros de la corporaci\u00f3n municipal asisten a la elecci\u00f3n del nuevo presidente de la Asociaci\u00f3n de Tamboristas"},"content":{"rendered":"<p><strong>NOTA DE PRENSA &#8211; 9 DE NOVIEMBRE DE 2024<\/strong><\/p>\n<p><strong>\u00a0<\/strong><\/p>\n<p><strong>El alcalde y miembros de la corporaci\u00f3n municipal asisten a la elecci\u00f3n del nuevo presidente de la Asociaci\u00f3n de Tamboristas<\/strong><\/p>\n<p>El alcalde de Mula, Juan Jes\u00fas Moreno, junto al concejal de Tambores, Diego Boluda, y miembros de la corporaci\u00f3n municipal, ha participado hoy en la Asamblea de la Asociaci\u00f3n de Tamboristas, donde se ha elegido a Manuel Nadal L\u00f3pez como nuevo presidente de esta emblem\u00e1tica asociaci\u00f3n mule\u00f1a.<\/p>\n<p>En el acto se ha despedido a Pedro Manuel Ruiz Espinosa, quien deja el cargo tras a\u00f1os de dedicaci\u00f3n y servicio. Desde el Ayuntamiento, se ha reconocido su trayectoria y los \u00e9xitos alcanzados durante su presidencia, destacando su lealtad y compromiso con los tamboristas, el Ayuntamiento y con toda la junta directiva que lo ha acompa\u00f1ado.<\/p>\n<p>El alcalde ha se\u00f1alado la importancia de la Asociaci\u00f3n de Tamboristas como pieza clave en la promoci\u00f3n de la cultura mule\u00f1a y ha deseado al nuevo presidente, Manuel Nadal L\u00f3pez, el mayor de los \u00e9xitos en esta nueva etapa. \u201cEstamos seguros de que su liderazgo contribuir\u00e1 a mantener viva nuestra tradici\u00f3n tamborista, s\u00edmbolo de identidad y orgullo de Mula\u201d, ha subrayado.<\/p>\n<p>\u201cQuiero agradecer a Pedro Manuel Ruiz Espinosa y a su junta directiva su impecable labor al frente de la Asociaci\u00f3n de Tamboristas durante estos a\u00f1os. A Manuel Nadal L\u00f3pez, le auguro una etapa llena de \u00e9xitos y estoy convencido de que seguir\u00e1 trabajando con la misma pasi\u00f3n y entrega por nuestra se\u00f1a de identidad m\u00e1s preciada: el tambor\u201d, declaraba el concejal de Tambores, Diego Boluda.<\/p>\n","protected":false},"excerpt":{"rendered":"<p>NOTA DE PRENSA &#8211; 9 DE NOVIEMBRE DE 2024 \u00a0 El alcalde y miembros de la corporaci\u00f3n municipal asisten a la elecci\u00f3n del nuevo presidente de la Asociaci\u00f3n de Tamboristas El alcalde de Mula, Juan Jes\u00fas Moreno, junto al concejal de Tambores, Diego Boluda, y miembros de la corporaci\u00f3n municipal, ha participado hoy en la  [&#8230;]<\/p>\n","protected":false},"author":13,"featured_media":33512,"comment_status":"closed","ping_status":"closed","sticky":false,"template":"","format":"standard","meta":{"jetpack_post_was_ever_published":false,"_jetpack_newsletter_access":"","_jetpack_dont_email_post_to_subs":false,"_jetpack_newsletter_tier_id":0,"_jetpack_memberships_contains_paywalled_content":false,"_jetpack_memberships_contains_paid_content":false,"footnotes":"","jetpack_publicize_message":"","jetpack_publicize_feature_enabled":true,"jetpack_social_post_already_shared":false,"jetpack_social_options":{"image_generator_settings":{"template":"highway","default_image_id":0,"font":"","enabled":false},"version":2}},"categories":[123],"tags":[],"class_list":["post-56203","post","type-post","status-publish","format-standard","has-post-thumbnail","hentry","category-tambores"],"yoast_head":"<!-- This site is optimized with the Yoast SEO plugin v27.4 - https:\/\/yoast.com\/product\/yoast-seo-wordpress\/ -->\n<title>TAMBORES |El alcalde y miembros de la corporaci\u00f3n municipal asisten a la elecci\u00f3n del nuevo presidente de la Asociaci\u00f3n de Tamboristas - Ayuntamiento de Mula<\/title>\n<meta name=\"robots\" content=\"index, follow, max-snippet:-1, max-image-preview:large, max-video-preview:-1\" \/>\n<link rel=\"canonical\" href=\"https:\/\/mula.es\/web\/tambores-el-alcalde-y-miembros-de-la-corporacion-municipal-asisten-a-la-eleccion-del-nuevo-presidente-de-la-asociacion-de-tamboristas\/\" \/>\n<meta property=\"og:locale\" content=\"es_ES\" \/>\n<meta property=\"og:type\" content=\"article\" \/>\n<meta property=\"og:title\" content=\"TAMBORES |El alcalde y miembros de la corporaci\u00f3n municipal asisten a la elecci\u00f3n del nuevo presidente de la Asociaci\u00f3n de Tamboristas - Ayuntamiento de Mula\" \/>\n<meta property=\"og:description\" content=\"NOTA DE PRENSA &#8211; 9 DE NOVIEMBRE DE 2024 \u00a0 El alcalde y miembros de la corporaci\u00f3n municipal asisten a la elecci\u00f3n del nuevo presidente de la Asociaci\u00f3n de Tamboristas El alcalde de Mula, Juan Jes\u00fas Moreno, junto al concejal de Tambores, Diego Boluda, y miembros de la corporaci\u00f3n municipal, ha participado hoy en la [...]\" \/>\n<meta property=\"og:url\" content=\"https:\/\/mula.es\/web\/tambores-el-alcalde-y-miembros-de-la-corporacion-municipal-asisten-a-la-eleccion-del-nuevo-presidente-de-la-asociacion-de-tamboristas\/\" \/>\n<meta property=\"og:site_name\" content=\"Ayuntamiento de Mula\" \/>\n<meta property=\"article:published_time\" content=\"2024-11-09T19:25:24+00:00\" \/>\n<meta property=\"og:image\" content=\"https:\/\/mula.es\/web\/wp-content\/uploads\/2020\/06\/escudo-cuadrado-e1591045058235.jpg\" \/>\n\t<meta property=\"og:image:width\" content=\"200\" \/>\n\t<meta property=\"og:image:height\" content=\"218\" \/>\n\t<meta property=\"og:image:type\" content=\"image\/jpeg\" \/>\n<meta name=\"author\" content=\"Laura Salas Orcajada\" \/>\n<meta name=\"twitter:card\" content=\"summary_large_image\" \/>\n<meta name=\"twitter:creator\" content=\"@AyuntamientMula\" \/>\n<meta name=\"twitter:site\" content=\"@AyuntamientMula\" \/>\n<meta name=\"twitter:label1\" content=\"Escrito por\" \/>\n\t<meta name=\"twitter:data1\" content=\"Laura Salas Orcajada\" \/>\n\t<meta name=\"twitter:label2\" content=\"Tiempo de lectura\" \/>\n\t<meta name=\"twitter:data2\" content=\"2 minutos\" \/>\n<script type=\"application\/ld+json\" class=\"yoast-schema-graph\">{\"@context\":\"https:\\\/\\\/schema.org\",\"@graph\":[{\"@type\":\"Article\",\"@id\":\"https:\\\/\\\/mula.es\\\/web\\\/tambores-el-alcalde-y-miembros-de-la-corporacion-municipal-asisten-a-la-eleccion-del-nuevo-presidente-de-la-asociacion-de-tamboristas\\\/#article\",\"isPartOf\":{\"@id\":\"https:\\\/\\\/mula.es\\\/web\\\/tambores-el-alcalde-y-miembros-de-la-corporacion-municipal-asisten-a-la-eleccion-del-nuevo-presidente-de-la-asociacion-de-tamboristas\\\/\"},\"author\":{\"name\":\"Laura Salas Orcajada\",\"@id\":\"https:\\\/\\\/mula.es\\\/web\\\/#\\\/schema\\\/person\\\/4f10179bd364f40dceed361e61e4033f\"},\"headline\":\"TAMBORES |El alcalde y miembros de la corporaci\u00f3n municipal asisten a la elecci\u00f3n del nuevo presidente de la Asociaci\u00f3n de Tamboristas\",\"datePublished\":\"2024-11-09T19:25:24+00:00\",\"mainEntityOfPage\":{\"@id\":\"https:\\\/\\\/mula.es\\\/web\\\/tambores-el-alcalde-y-miembros-de-la-corporacion-municipal-asisten-a-la-eleccion-del-nuevo-presidente-de-la-asociacion-de-tamboristas\\\/\"},\"wordCount\":306,\"image\":{\"@id\":\"https:\\\/\\\/mula.es\\\/web\\\/tambores-el-alcalde-y-miembros-de-la-corporacion-municipal-asisten-a-la-eleccion-del-nuevo-presidente-de-la-asociacion-de-tamboristas\\\/#primaryimage\"},\"thumbnailUrl\":\"https:\\\/\\\/mula.es\\\/web\\\/wp-content\\\/uploads\\\/2020\\\/06\\\/escudo-cuadrado-e1591045058235.jpg\",\"articleSection\":[\"tambores\"],\"inLanguage\":\"es\"},{\"@type\":\"WebPage\",\"@id\":\"https:\\\/\\\/mula.es\\\/web\\\/tambores-el-alcalde-y-miembros-de-la-corporacion-municipal-asisten-a-la-eleccion-del-nuevo-presidente-de-la-asociacion-de-tamboristas\\\/\",\"url\":\"https:\\\/\\\/mula.es\\\/web\\\/tambores-el-alcalde-y-miembros-de-la-corporacion-municipal-asisten-a-la-eleccion-del-nuevo-presidente-de-la-asociacion-de-tamboristas\\\/\",\"name\":\"TAMBORES |El alcalde y miembros de la corporaci\u00f3n municipal asisten a la elecci\u00f3n del nuevo presidente de la Asociaci\u00f3n de Tamboristas - Ayuntamiento de Mula\",\"isPartOf\":{\"@id\":\"https:\\\/\\\/mula.es\\\/web\\\/#website\"},\"primaryImageOfPage\":{\"@id\":\"https:\\\/\\\/mula.es\\\/web\\\/tambores-el-alcalde-y-miembros-de-la-corporacion-municipal-asisten-a-la-eleccion-del-nuevo-presidente-de-la-asociacion-de-tamboristas\\\/#primaryimage\"},\"image\":{\"@id\":\"https:\\\/\\\/mula.es\\\/web\\\/tambores-el-alcalde-y-miembros-de-la-corporacion-municipal-asisten-a-la-eleccion-del-nuevo-presidente-de-la-asociacion-de-tamboristas\\\/#primaryimage\"},\"thumbnailUrl\":\"https:\\\/\\\/mula.es\\\/web\\\/wp-content\\\/uploads\\\/2020\\\/06\\\/escudo-cuadrado-e1591045058235.jpg\",\"datePublished\":\"2024-11-09T19:25:24+00:00\",\"author\":{\"@id\":\"https:\\\/\\\/mula.es\\\/web\\\/#\\\/schema\\\/person\\\/4f10179bd364f40dceed361e61e4033f\"},\"breadcrumb\":{\"@id\":\"https:\\\/\\\/mula.es\\\/web\\\/tambores-el-alcalde-y-miembros-de-la-corporacion-municipal-asisten-a-la-eleccion-del-nuevo-presidente-de-la-asociacion-de-tamboristas\\\/#breadcrumb\"},\"inLanguage\":\"es\",\"potentialAction\":[{\"@type\":\"ReadAction\",\"target\":[\"https:\\\/\\\/mula.es\\\/web\\\/tambores-el-alcalde-y-miembros-de-la-corporacion-municipal-asisten-a-la-eleccion-del-nuevo-presidente-de-la-asociacion-de-tamboristas\\\/\"]}]},{\"@type\":\"ImageObject\",\"inLanguage\":\"es\",\"@id\":\"https:\\\/\\\/mula.es\\\/web\\\/tambores-el-alcalde-y-miembros-de-la-corporacion-municipal-asisten-a-la-eleccion-del-nuevo-presidente-de-la-asociacion-de-tamboristas\\\/#primaryimage\",\"url\":\"https:\\\/\\\/mula.es\\\/web\\\/wp-content\\\/uploads\\\/2020\\\/06\\\/escudo-cuadrado-e1591045058235.jpg\",\"contentUrl\":\"https:\\\/\\\/mula.es\\\/web\\\/wp-content\\\/uploads\\\/2020\\\/06\\\/escudo-cuadrado-e1591045058235.jpg\",\"width\":200,\"height\":218},{\"@type\":\"BreadcrumbList\",\"@id\":\"https:\\\/\\\/mula.es\\\/web\\\/tambores-el-alcalde-y-miembros-de-la-corporacion-municipal-asisten-a-la-eleccion-del-nuevo-presidente-de-la-asociacion-de-tamboristas\\\/#breadcrumb\",\"itemListElement\":[{\"@type\":\"ListItem\",\"position\":1,\"name\":\"Portada\",\"item\":\"https:\\\/\\\/mula.es\\\/web\\\/\"},{\"@type\":\"ListItem\",\"position\":2,\"name\":\"TAMBORES |El alcalde y miembros de la corporaci\u00f3n municipal asisten a la elecci\u00f3n del nuevo presidente de la Asociaci\u00f3n de Tamboristas\"}]},{\"@type\":\"WebSite\",\"@id\":\"https:\\\/\\\/mula.es\\\/web\\\/#website\",\"url\":\"https:\\\/\\\/mula.es\\\/web\\\/\",\"name\":\"Ayuntamiento de Mula\",\"description\":\"P\u00e1gina web del Ayuntamiento de Mula (Regi\u00f3n de Murcia)\",\"potentialAction\":[{\"@type\":\"SearchAction\",\"target\":{\"@type\":\"EntryPoint\",\"urlTemplate\":\"https:\\\/\\\/mula.es\\\/web\\\/?s={search_term_string}\"},\"query-input\":{\"@type\":\"PropertyValueSpecification\",\"valueRequired\":true,\"valueName\":\"search_term_string\"}}],\"inLanguage\":\"es\"},{\"@type\":\"Person\",\"@id\":\"https:\\\/\\\/mula.es\\\/web\\\/#\\\/schema\\\/person\\\/4f10179bd364f40dceed361e61e4033f\",\"name\":\"Laura Salas Orcajada\",\"image\":{\"@type\":\"ImageObject\",\"inLanguage\":\"es\",\"@id\":\"https:\\\/\\\/secure.gravatar.com\\\/avatar\\\/786f2a223d9a455e2a448f78b5dcc1117207ef56ef3d9a04df338c0f775cd403?s=96&d=mm&r=g\",\"url\":\"https:\\\/\\\/secure.gravatar.com\\\/avatar\\\/786f2a223d9a455e2a448f78b5dcc1117207ef56ef3d9a04df338c0f775cd403?s=96&d=mm&r=g\",\"contentUrl\":\"https:\\\/\\\/secure.gravatar.com\\\/avatar\\\/786f2a223d9a455e2a448f78b5dcc1117207ef56ef3d9a04df338c0f775cd403?s=96&d=mm&r=g\",\"caption\":\"Laura Salas Orcajada\"},\"url\":\"https:\\\/\\\/mula.es\\\/web\\\/author\\\/lsalas\\\/\"}]}<\/script>\n<!-- \/ Yoast SEO plugin. -->","yoast_head_json":{"title":"TAMBORES |El alcalde y miembros de la corporaci\u00f3n municipal asisten a la elecci\u00f3n del nuevo presidente de la Asociaci\u00f3n de Tamboristas - Ayuntamiento de Mula","robots":{"index":"index","follow":"follow","max-snippet":"max-snippet:-1","max-image-preview":"max-image-preview:large","max-video-preview":"max-video-preview:-1"},"canonical":"https:\/\/mula.es\/web\/tambores-el-alcalde-y-miembros-de-la-corporacion-municipal-asisten-a-la-eleccion-del-nuevo-presidente-de-la-asociacion-de-tamboristas\/","og_locale":"es_ES","og_type":"article","og_title":"TAMBORES |El alcalde y miembros de la corporaci\u00f3n municipal asisten a la elecci\u00f3n del nuevo presidente de la Asociaci\u00f3n de Tamboristas - Ayuntamiento de Mula","og_description":"NOTA DE PRENSA &#8211; 9 DE NOVIEMBRE DE 2024 \u00a0 El alcalde y miembros de la corporaci\u00f3n municipal asisten a la elecci\u00f3n del nuevo presidente de la Asociaci\u00f3n de Tamboristas El alcalde de Mula, Juan Jes\u00fas Moreno, junto al concejal de Tambores, Diego Boluda, y miembros de la corporaci\u00f3n municipal, ha participado hoy en la [...]","og_url":"https:\/\/mula.es\/web\/tambores-el-alcalde-y-miembros-de-la-corporacion-municipal-asisten-a-la-eleccion-del-nuevo-presidente-de-la-asociacion-de-tamboristas\/","og_site_name":"Ayuntamiento de Mula","article_published_time":"2024-11-09T19:25:24+00:00","og_image":[{"width":200,"height":218,"url":"https:\/\/mula.es\/web\/wp-content\/uploads\/2020\/06\/escudo-cuadrado-e1591045058235.jpg","type":"image\/jpeg"}],"author":"Laura Salas Orcajada","twitter_card":"summary_large_image","twitter_creator":"@AyuntamientMula","twitter_site":"@AyuntamientMula","twitter_misc":{"Escrito por":"Laura Salas Orcajada","Tiempo de lectura":"2 minutos"},"schema":{"@context":"https:\/\/schema.org","@graph":[{"@type":"Article","@id":"https:\/\/mula.es\/web\/tambores-el-alcalde-y-miembros-de-la-corporacion-municipal-asisten-a-la-eleccion-del-nuevo-presidente-de-la-asociacion-de-tamboristas\/#article","isPartOf":{"@id":"https:\/\/mula.es\/web\/tambores-el-alcalde-y-miembros-de-la-corporacion-municipal-asisten-a-la-eleccion-del-nuevo-presidente-de-la-asociacion-de-tamboristas\/"},"author":{"name":"Laura Salas Orcajada","@id":"https:\/\/mula.es\/web\/#\/schema\/person\/4f10179bd364f40dceed361e61e4033f"},"headline":"TAMBORES |El alcalde y miembros de la corporaci\u00f3n municipal asisten a la elecci\u00f3n del nuevo presidente de la Asociaci\u00f3n de Tamboristas","datePublished":"2024-11-09T19:25:24+00:00","mainEntityOfPage":{"@id":"https:\/\/mula.es\/web\/tambores-el-alcalde-y-miembros-de-la-corporacion-municipal-asisten-a-la-eleccion-del-nuevo-presidente-de-la-asociacion-de-tamboristas\/"},"wordCount":306,"image":{"@id":"https:\/\/mula.es\/web\/tambores-el-alcalde-y-miembros-de-la-corporacion-municipal-asisten-a-la-eleccion-del-nuevo-presidente-de-la-asociacion-de-tamboristas\/#primaryimage"},"thumbnailUrl":"https:\/\/mula.es\/web\/wp-content\/uploads\/2020\/06\/escudo-cuadrado-e1591045058235.jpg","articleSection":["tambores"],"inLanguage":"es"},{"@type":"WebPage","@id":"https:\/\/mula.es\/web\/tambores-el-alcalde-y-miembros-de-la-corporacion-municipal-asisten-a-la-eleccion-del-nuevo-presidente-de-la-asociacion-de-tamboristas\/","url":"https:\/\/mula.es\/web\/tambores-el-alcalde-y-miembros-de-la-corporacion-municipal-asisten-a-la-eleccion-del-nuevo-presidente-de-la-asociacion-de-tamboristas\/","name":"TAMBORES |El alcalde y miembros de la corporaci\u00f3n municipal asisten a la elecci\u00f3n del nuevo presidente de la Asociaci\u00f3n de Tamboristas - Ayuntamiento de Mula","isPartOf":{"@id":"https:\/\/mula.es\/web\/#website"},"primaryImageOfPage":{"@id":"https:\/\/mula.es\/web\/tambores-el-alcalde-y-miembros-de-la-corporacion-municipal-asisten-a-la-eleccion-del-nuevo-presidente-de-la-asociacion-de-tamboristas\/#primaryimage"},"image":{"@id":"https:\/\/mula.es\/web\/tambores-el-alcalde-y-miembros-de-la-corporacion-municipal-asisten-a-la-eleccion-del-nuevo-presidente-de-la-asociacion-de-tamboristas\/#primaryimage"},"thumbnailUrl":"https:\/\/mula.es\/web\/wp-content\/uploads\/2020\/06\/escudo-cuadrado-e1591045058235.jpg","datePublished":"2024-11-09T19:25:24+00:00","author":{"@id":"https:\/\/mula.es\/web\/#\/schema\/person\/4f10179bd364f40dceed361e61e4033f"},"breadcrumb":{"@id":"https:\/\/mula.es\/web\/tambores-el-alcalde-y-miembros-de-la-corporacion-municipal-asisten-a-la-eleccion-del-nuevo-presidente-de-la-asociacion-de-tamboristas\/#breadcrumb"},"inLanguage":"es","potentialAction":[{"@type":"ReadAction","target":["https:\/\/mula.es\/web\/tambores-el-alcalde-y-miembros-de-la-corporacion-municipal-asisten-a-la-eleccion-del-nuevo-presidente-de-la-asociacion-de-tamboristas\/"]}]},{"@type":"ImageObject","inLanguage":"es","@id":"https:\/\/mula.es\/web\/tambores-el-alcalde-y-miembros-de-la-corporacion-municipal-asisten-a-la-eleccion-del-nuevo-presidente-de-la-asociacion-de-tamboristas\/#primaryimage","url":"https:\/\/mula.es\/web\/wp-content\/uploads\/2020\/06\/escudo-cuadrado-e1591045058235.jpg","contentUrl":"https:\/\/mula.es\/web\/wp-content\/uploads\/2020\/06\/escudo-cuadrado-e1591045058235.jpg","width":200,"height":218},{"@type":"BreadcrumbList","@id":"https:\/\/mula.es\/web\/tambores-el-alcalde-y-miembros-de-la-corporacion-municipal-asisten-a-la-eleccion-del-nuevo-presidente-de-la-asociacion-de-tamboristas\/#breadcrumb","itemListElement":[{"@type":"ListItem","position":1,"name":"Portada","item":"https:\/\/mula.es\/web\/"},{"@type":"ListItem","position":2,"name":"TAMBORES |El alcalde y miembros de la corporaci\u00f3n municipal asisten a la elecci\u00f3n del nuevo presidente de la Asociaci\u00f3n de Tamboristas"}]},{"@type":"WebSite","@id":"https:\/\/mula.es\/web\/#website","url":"https:\/\/mula.es\/web\/","name":"Ayuntamiento de Mula","description":"P\u00e1gina web del Ayuntamiento de Mula (Regi\u00f3n de Murcia)","potentialAction":[{"@type":"SearchAction","target":{"@type":"EntryPoint","urlTemplate":"https:\/\/mula.es\/web\/?s={search_term_string}"},"query-input":{"@type":"PropertyValueSpecification","valueRequired":true,"valueName":"search_term_string"}}],"inLanguage":"es"},{"@type":"Person","@id":"https:\/\/mula.es\/web\/#\/schema\/person\/4f10179bd364f40dceed361e61e4033f","name":"Laura Salas Orcajada","image":{"@type":"ImageObject","inLanguage":"es","@id":"https:\/\/secure.gravatar.com\/avatar\/786f2a223d9a455e2a448f78b5dcc1117207ef56ef3d9a04df338c0f775cd403?s=96&d=mm&r=g","url":"https:\/\/secure.gravatar.com\/avatar\/786f2a223d9a455e2a448f78b5dcc1117207ef56ef3d9a04df338c0f775cd403?s=96&d=mm&r=g","contentUrl":"https:\/\/secure.gravatar.com\/avatar\/786f2a223d9a455e2a448f78b5dcc1117207ef56ef3d9a04df338c0f775cd403?s=96&d=mm&r=g","caption":"Laura Salas Orcajada"},"url":"https:\/\/mula.es\/web\/author\/lsalas\/"}]}},"jetpack_publicize_connections":[],"jetpack_featured_media_url":"https:\/\/mula.es\/web\/wp-content\/uploads\/2020\/06\/escudo-cuadrado-e1591045058235.jpg","jetpack_sharing_enabled":true,"jetpack_shortlink":"https:\/\/wp.me\/pa9DMY-eCv","jetpack-related-posts":[],"_links":{"self":[{"href":"https:\/\/mula.es\/web\/wp-json\/wp\/v2\/posts\/56203","targetHints":{"allow":["GET"]}}],"collection":[{"href":"https:\/\/mula.es\/web\/wp-json\/wp\/v2\/posts"}],"about":[{"href":"https:\/\/mula.es\/web\/wp-json\/wp\/v2\/types\/post"}],"author":[{"embeddable":true,"href":"https:\/\/mula.es\/web\/wp-json\/wp\/v2\/users\/13"}],"replies":[{"embeddable":true,"href":"https:\/\/mula.es\/web\/wp-json\/wp\/v2\/comments?post=56203"}],"version-history":[{"count":1,"href":"https:\/\/mula.es\/web\/wp-json\/wp\/v2\/posts\/56203\/revisions"}],"predecessor-version":[{"id":56204,"href":"https:\/\/mula.es\/web\/wp-json\/wp\/v2\/posts\/56203\/revisions\/56204"}],"wp:featuredmedia":[{"embeddable":true,"href":"https:\/\/mula.es\/web\/wp-json\/wp\/v2\/media\/33512"}],"wp:attachment":[{"href":"https:\/\/mula.es\/web\/wp-json\/wp\/v2\/media?parent=56203"}],"wp:term":[{"taxonomy":"category","embeddable":true,"href":"https:\/\/mula.es\/web\/wp-json\/wp\/v2\/categories?post=56203"},{"taxonomy":"post_tag","embeddable":true,"href":"https:\/\/mula.es\/web\/wp-json\/wp\/v2\/tags?post=56203"}],"curies":[{"name":"wp","href":"https:\/\/api.w.org\/{rel}","templated":true}]}}