{"id":56277,"date":"2024-11-14T11:31:34","date_gmt":"2024-11-14T10:31:34","guid":{"rendered":"https:\/\/mula.es\/web\/?p=56277"},"modified":"2024-11-14T11:35:05","modified_gmt":"2024-11-14T10:35:05","slug":"mujer-e-igualdadpresentacion-la-programacion-de-actividades-por-el-25n-dia-internacional-contra-la-violencia-de-genero","status":"publish","type":"post","link":"https:\/\/mula.es\/web\/mujer-e-igualdadpresentacion-la-programacion-de-actividades-por-el-25n-dia-internacional-contra-la-violencia-de-genero\/","title":{"rendered":"MUJER E IGUALDAD | Presentaci\u00f3n la programaci\u00f3n de actividades por el 25N, D\u00eda Internacional contra la Violencia de G\u00e9nero"},"content":{"rendered":"<p><strong>NOTA DE PRENSA &#8211; 14 DE NOVIEMBRE DE 2024<\/strong><\/p>\n<h2><strong>\u00a0<\/strong><\/h2>\n<h2><strong>Presentaci\u00f3n la programaci\u00f3n de actividades por el 25N, D\u00eda Internacional contra la Violencia de G\u00e9nero<\/strong><\/h2>\n<p>La concejala de Igualdad del Ayuntamiento de Mula, Ana Bel\u00e9n P\u00e9rez, ha presentado hoy la programaci\u00f3n de actividades conmemorativas del <strong>D\u00eda Internacional contra la Violencia de G\u00e9nero<\/strong>, que se desarrollar\u00e1n a lo largo del mes de noviembre. Estas actividades tienen como objetivo sensibilizar y concienciar a la ciudadan\u00eda sobre la necesidad de erradicar la violencia de g\u00e9nero, adem\u00e1s de rendir homenaje a las v\u00edctimas. En el acto han estado presentes el concejal de Juventud, Toni Ruiz y la concejala de Servicios Sociales, Antonia Gabarr\u00f3n, la t\u00e9cnica de Igualdad, Feli Moreno y la abogada del CAVI de Mula, Encarna Guill\u00e9n.<\/p>\n<p>Entre las actividades destacan los <strong>cuentacuentos para escolares<\/strong>, proyecciones de cortometrajes como <em>Juntas<\/em> y la presentaci\u00f3n del libro <em>Lo que grita el silencio<\/em> de Mar\u00eda Pastor. Asimismo, se llevar\u00e1n a cabo un <strong>curso de defensa personal femenina<\/strong> y diversas actividades culturales, como el <strong>concurso de fotograf\u00eda \u00abHuellas del Desamor\u00bb<\/strong>.<\/p>\n<p>El acto central tendr\u00e1 lugar el <strong>25 de noviembre<\/strong>, con una <strong>caminata contra la violencia de g\u00e9nero<\/strong>, seguida de un <strong>homenaje a las v\u00edctimas<\/strong> y un <strong>acto institucional en el Convento de San Francisco<\/strong>, que contar\u00e1 con la intervenci\u00f3n de la concejala Ana Bel\u00e9n P\u00e9rez y la proyecci\u00f3n de un v\u00eddeo realizado por el Consejo Local de la Juventud y Telemula.<\/p>\n<p>\u201cLa lucha contra la violencia de g\u00e9nero es un compromiso social ineludible. Con esta programaci\u00f3n buscamos generar conciencia, educar a las nuevas generaciones y apoyar a las v\u00edctimas desde el respeto y la empat\u00eda. Desde el Ayuntamiento de Mula reafirmamos nuestro compromiso por una sociedad m\u00e1s justa e igualitaria\u201d, destac\u00f3 Ana Bel\u00e9n P\u00e9rez.<\/p>\n<p>El Ayuntamiento invita a toda la ciudadan\u00eda a participar en estas actividades y a unirse en la lucha por la igualdad y la erradicaci\u00f3n de la violencia de g\u00e9nero.<\/p>\n<p>&nbsp;<\/p>\n<p><a href=\"https:\/\/mula.es\/web\/wp-content\/uploads\/2024\/11\/1-13.jpg\"><img decoding=\"async\" data-attachment-id=\"56278\" data-permalink=\"https:\/\/mula.es\/web\/mujer-e-igualdadpresentacion-la-programacion-de-actividades-por-el-25n-dia-internacional-contra-la-violencia-de-genero\/1-134\/\" data-orig-file=\"https:\/\/mula.es\/web\/wp-content\/uploads\/2024\/11\/1-13.jpg\" data-orig-size=\"1080,1080\" data-comments-opened=\"0\" data-image-meta=\"{&quot;aperture&quot;:&quot;0&quot;,&quot;credit&quot;:&quot;&quot;,&quot;camera&quot;:&quot;&quot;,&quot;caption&quot;:&quot;&quot;,&quot;created_timestamp&quot;:&quot;0&quot;,&quot;copyright&quot;:&quot;&quot;,&quot;focal_length&quot;:&quot;0&quot;,&quot;iso&quot;:&quot;0&quot;,&quot;shutter_speed&quot;:&quot;0&quot;,&quot;title&quot;:&quot;&quot;,&quot;orientation&quot;:&quot;1&quot;}\" data-image-title=\"1\" data-image-description=\"\" data-image-caption=\"\" data-large-file=\"https:\/\/mula.es\/web\/wp-content\/uploads\/2024\/11\/1-13-1024x1024.jpg\" class=\"alignnone size-medium wp-image-56278\" src=\"https:\/\/mula.es\/web\/wp-content\/uploads\/2024\/11\/1-13-300x300.jpg\" alt=\"\" width=\"300\" height=\"300\" srcset=\"https:\/\/mula.es\/web\/wp-content\/uploads\/2024\/11\/1-13-66x66.jpg 66w, https:\/\/mula.es\/web\/wp-content\/uploads\/2024\/11\/1-13-150x150.jpg 150w, https:\/\/mula.es\/web\/wp-content\/uploads\/2024\/11\/1-13-200x200.jpg 200w, https:\/\/mula.es\/web\/wp-content\/uploads\/2024\/11\/1-13-300x300.jpg 300w, https:\/\/mula.es\/web\/wp-content\/uploads\/2024\/11\/1-13-400x400.jpg 400w, https:\/\/mula.es\/web\/wp-content\/uploads\/2024\/11\/1-13-600x600.jpg 600w, https:\/\/mula.es\/web\/wp-content\/uploads\/2024\/11\/1-13-768x768.jpg 768w, https:\/\/mula.es\/web\/wp-content\/uploads\/2024\/11\/1-13-800x800.jpg 800w, https:\/\/mula.es\/web\/wp-content\/uploads\/2024\/11\/1-13-1024x1024.jpg 1024w, https:\/\/mula.es\/web\/wp-content\/uploads\/2024\/11\/1-13.jpg 1080w\" sizes=\"(max-width: 300px) 100vw, 300px\" \/><\/a> <a href=\"https:\/\/mula.es\/web\/wp-content\/uploads\/2024\/11\/2-11.jpg\"><img decoding=\"async\" data-attachment-id=\"56279\" data-permalink=\"https:\/\/mula.es\/web\/mujer-e-igualdadpresentacion-la-programacion-de-actividades-por-el-25n-dia-internacional-contra-la-violencia-de-genero\/2-127\/\" data-orig-file=\"https:\/\/mula.es\/web\/wp-content\/uploads\/2024\/11\/2-11.jpg\" data-orig-size=\"1080,1080\" data-comments-opened=\"0\" data-image-meta=\"{&quot;aperture&quot;:&quot;0&quot;,&quot;credit&quot;:&quot;&quot;,&quot;camera&quot;:&quot;&quot;,&quot;caption&quot;:&quot;&quot;,&quot;created_timestamp&quot;:&quot;0&quot;,&quot;copyright&quot;:&quot;&quot;,&quot;focal_length&quot;:&quot;0&quot;,&quot;iso&quot;:&quot;0&quot;,&quot;shutter_speed&quot;:&quot;0&quot;,&quot;title&quot;:&quot;&quot;,&quot;orientation&quot;:&quot;1&quot;}\" data-image-title=\"2\" data-image-description=\"\" data-image-caption=\"\" data-large-file=\"https:\/\/mula.es\/web\/wp-content\/uploads\/2024\/11\/2-11-1024x1024.jpg\" class=\"alignnone size-medium wp-image-56279\" src=\"https:\/\/mula.es\/web\/wp-content\/uploads\/2024\/11\/2-11-300x300.jpg\" alt=\"\" width=\"300\" height=\"300\" srcset=\"https:\/\/mula.es\/web\/wp-content\/uploads\/2024\/11\/2-11-66x66.jpg 66w, https:\/\/mula.es\/web\/wp-content\/uploads\/2024\/11\/2-11-150x150.jpg 150w, https:\/\/mula.es\/web\/wp-content\/uploads\/2024\/11\/2-11-200x200.jpg 200w, https:\/\/mula.es\/web\/wp-content\/uploads\/2024\/11\/2-11-300x300.jpg 300w, https:\/\/mula.es\/web\/wp-content\/uploads\/2024\/11\/2-11-400x400.jpg 400w, https:\/\/mula.es\/web\/wp-content\/uploads\/2024\/11\/2-11-600x600.jpg 600w, https:\/\/mula.es\/web\/wp-content\/uploads\/2024\/11\/2-11-768x768.jpg 768w, https:\/\/mula.es\/web\/wp-content\/uploads\/2024\/11\/2-11-800x800.jpg 800w, https:\/\/mula.es\/web\/wp-content\/uploads\/2024\/11\/2-11-1024x1024.jpg 1024w, https:\/\/mula.es\/web\/wp-content\/uploads\/2024\/11\/2-11.jpg 1080w\" sizes=\"(max-width: 300px) 100vw, 300px\" \/><\/a> <a href=\"https:\/\/mula.es\/web\/wp-content\/uploads\/2024\/11\/3-12.jpg\"><img decoding=\"async\" data-attachment-id=\"56280\" data-permalink=\"https:\/\/mula.es\/web\/mujer-e-igualdadpresentacion-la-programacion-de-actividades-por-el-25n-dia-internacional-contra-la-violencia-de-genero\/3-114\/\" data-orig-file=\"https:\/\/mula.es\/web\/wp-content\/uploads\/2024\/11\/3-12.jpg\" data-orig-size=\"1080,1080\" data-comments-opened=\"0\" data-image-meta=\"{&quot;aperture&quot;:&quot;0&quot;,&quot;credit&quot;:&quot;&quot;,&quot;camera&quot;:&quot;&quot;,&quot;caption&quot;:&quot;&quot;,&quot;created_timestamp&quot;:&quot;0&quot;,&quot;copyright&quot;:&quot;&quot;,&quot;focal_length&quot;:&quot;0&quot;,&quot;iso&quot;:&quot;0&quot;,&quot;shutter_speed&quot;:&quot;0&quot;,&quot;title&quot;:&quot;&quot;,&quot;orientation&quot;:&quot;1&quot;}\" data-image-title=\"3\" data-image-description=\"\" data-image-caption=\"\" data-large-file=\"https:\/\/mula.es\/web\/wp-content\/uploads\/2024\/11\/3-12-1024x1024.jpg\" class=\"alignnone size-medium wp-image-56280\" src=\"https:\/\/mula.es\/web\/wp-content\/uploads\/2024\/11\/3-12-300x300.jpg\" alt=\"\" width=\"300\" height=\"300\" srcset=\"https:\/\/mula.es\/web\/wp-content\/uploads\/2024\/11\/3-12-66x66.jpg 66w, https:\/\/mula.es\/web\/wp-content\/uploads\/2024\/11\/3-12-150x150.jpg 150w, https:\/\/mula.es\/web\/wp-content\/uploads\/2024\/11\/3-12-200x200.jpg 200w, https:\/\/mula.es\/web\/wp-content\/uploads\/2024\/11\/3-12-300x300.jpg 300w, https:\/\/mula.es\/web\/wp-content\/uploads\/2024\/11\/3-12-400x400.jpg 400w, https:\/\/mula.es\/web\/wp-content\/uploads\/2024\/11\/3-12-600x600.jpg 600w, https:\/\/mula.es\/web\/wp-content\/uploads\/2024\/11\/3-12-768x768.jpg 768w, https:\/\/mula.es\/web\/wp-content\/uploads\/2024\/11\/3-12-800x800.jpg 800w, https:\/\/mula.es\/web\/wp-content\/uploads\/2024\/11\/3-12-1024x1024.jpg 1024w, https:\/\/mula.es\/web\/wp-content\/uploads\/2024\/11\/3-12.jpg 1080w\" sizes=\"(max-width: 300px) 100vw, 300px\" \/><\/a> <a href=\"https:\/\/mula.es\/web\/wp-content\/uploads\/2024\/11\/4-8.jpg\"><img decoding=\"async\" data-attachment-id=\"56281\" data-permalink=\"https:\/\/mula.es\/web\/mujer-e-igualdadpresentacion-la-programacion-de-actividades-por-el-25n-dia-internacional-contra-la-violencia-de-genero\/4-78\/\" data-orig-file=\"https:\/\/mula.es\/web\/wp-content\/uploads\/2024\/11\/4-8.jpg\" data-orig-size=\"1080,1080\" data-comments-opened=\"0\" data-image-meta=\"{&quot;aperture&quot;:&quot;0&quot;,&quot;credit&quot;:&quot;&quot;,&quot;camera&quot;:&quot;&quot;,&quot;caption&quot;:&quot;&quot;,&quot;created_timestamp&quot;:&quot;0&quot;,&quot;copyright&quot;:&quot;&quot;,&quot;focal_length&quot;:&quot;0&quot;,&quot;iso&quot;:&quot;0&quot;,&quot;shutter_speed&quot;:&quot;0&quot;,&quot;title&quot;:&quot;&quot;,&quot;orientation&quot;:&quot;1&quot;}\" data-image-title=\"4\" data-image-description=\"\" data-image-caption=\"\" data-large-file=\"https:\/\/mula.es\/web\/wp-content\/uploads\/2024\/11\/4-8-1024x1024.jpg\" class=\"alignnone size-medium wp-image-56281\" src=\"https:\/\/mula.es\/web\/wp-content\/uploads\/2024\/11\/4-8-300x300.jpg\" alt=\"\" width=\"300\" height=\"300\" srcset=\"https:\/\/mula.es\/web\/wp-content\/uploads\/2024\/11\/4-8-66x66.jpg 66w, https:\/\/mula.es\/web\/wp-content\/uploads\/2024\/11\/4-8-150x150.jpg 150w, https:\/\/mula.es\/web\/wp-content\/uploads\/2024\/11\/4-8-200x200.jpg 200w, https:\/\/mula.es\/web\/wp-content\/uploads\/2024\/11\/4-8-300x300.jpg 300w, https:\/\/mula.es\/web\/wp-content\/uploads\/2024\/11\/4-8-400x400.jpg 400w, https:\/\/mula.es\/web\/wp-content\/uploads\/2024\/11\/4-8-600x600.jpg 600w, https:\/\/mula.es\/web\/wp-content\/uploads\/2024\/11\/4-8-768x768.jpg 768w, https:\/\/mula.es\/web\/wp-content\/uploads\/2024\/11\/4-8-800x800.jpg 800w, https:\/\/mula.es\/web\/wp-content\/uploads\/2024\/11\/4-8-1024x1024.jpg 1024w, https:\/\/mula.es\/web\/wp-content\/uploads\/2024\/11\/4-8.jpg 1080w\" sizes=\"(max-width: 300px) 100vw, 300px\" \/><\/a> <a href=\"https:\/\/mula.es\/web\/wp-content\/uploads\/2024\/11\/5-8.jpg\"><img decoding=\"async\" data-attachment-id=\"56282\" data-permalink=\"https:\/\/mula.es\/web\/mujer-e-igualdadpresentacion-la-programacion-de-actividades-por-el-25n-dia-internacional-contra-la-violencia-de-genero\/5-47\/\" data-orig-file=\"https:\/\/mula.es\/web\/wp-content\/uploads\/2024\/11\/5-8.jpg\" data-orig-size=\"1080,1080\" data-comments-opened=\"0\" data-image-meta=\"{&quot;aperture&quot;:&quot;0&quot;,&quot;credit&quot;:&quot;&quot;,&quot;camera&quot;:&quot;&quot;,&quot;caption&quot;:&quot;&quot;,&quot;created_timestamp&quot;:&quot;0&quot;,&quot;copyright&quot;:&quot;&quot;,&quot;focal_length&quot;:&quot;0&quot;,&quot;iso&quot;:&quot;0&quot;,&quot;shutter_speed&quot;:&quot;0&quot;,&quot;title&quot;:&quot;&quot;,&quot;orientation&quot;:&quot;1&quot;}\" data-image-title=\"5\" data-image-description=\"\" data-image-caption=\"\" data-large-file=\"https:\/\/mula.es\/web\/wp-content\/uploads\/2024\/11\/5-8-1024x1024.jpg\" class=\"alignnone size-medium wp-image-56282\" src=\"https:\/\/mula.es\/web\/wp-content\/uploads\/2024\/11\/5-8-300x300.jpg\" alt=\"\" width=\"300\" height=\"300\" srcset=\"https:\/\/mula.es\/web\/wp-content\/uploads\/2024\/11\/5-8-66x66.jpg 66w, https:\/\/mula.es\/web\/wp-content\/uploads\/2024\/11\/5-8-150x150.jpg 150w, https:\/\/mula.es\/web\/wp-content\/uploads\/2024\/11\/5-8-200x200.jpg 200w, https:\/\/mula.es\/web\/wp-content\/uploads\/2024\/11\/5-8-300x300.jpg 300w, https:\/\/mula.es\/web\/wp-content\/uploads\/2024\/11\/5-8-400x400.jpg 400w, https:\/\/mula.es\/web\/wp-content\/uploads\/2024\/11\/5-8-600x600.jpg 600w, https:\/\/mula.es\/web\/wp-content\/uploads\/2024\/11\/5-8-768x768.jpg 768w, https:\/\/mula.es\/web\/wp-content\/uploads\/2024\/11\/5-8-800x800.jpg 800w, https:\/\/mula.es\/web\/wp-content\/uploads\/2024\/11\/5-8-1024x1024.jpg 1024w, https:\/\/mula.es\/web\/wp-content\/uploads\/2024\/11\/5-8.jpg 1080w\" sizes=\"(max-width: 300px) 100vw, 300px\" \/><\/a><\/p>\n","protected":false},"excerpt":{"rendered":"<p>NOTA DE PRENSA &#8211; 14 DE NOVIEMBRE DE 2024 \u00a0 Presentaci\u00f3n la programaci\u00f3n de actividades por el 25N, D\u00eda Internacional contra la Violencia de G\u00e9nero La concejala de Igualdad del Ayuntamiento de Mula, Ana Bel\u00e9n P\u00e9rez, ha presentado hoy la programaci\u00f3n de actividades conmemorativas del D\u00eda Internacional contra la Violencia de G\u00e9nero, que se desarrollar\u00e1n  [&#8230;]<\/p>\n","protected":false},"author":13,"featured_media":33512,"comment_status":"closed","ping_status":"closed","sticky":false,"template":"","format":"standard","meta":{"jetpack_post_was_ever_published":false,"_jetpack_newsletter_access":"","_jetpack_dont_email_post_to_subs":false,"_jetpack_newsletter_tier_id":0,"_jetpack_memberships_contains_paywalled_content":false,"_jetpack_memberships_contains_paid_content":false,"footnotes":"","jetpack_publicize_message":"","jetpack_publicize_feature_enabled":true,"jetpack_social_post_already_shared":false,"jetpack_social_options":{"image_generator_settings":{"template":"highway","default_image_id":0,"font":"","enabled":false},"version":2}},"categories":[147,116,669],"tags":[],"class_list":["post-56277","post","type-post","status-publish","format-standard","has-post-thumbnail","hentry","category-igualdad","category-mujer","category-violencia-de-genero"],"yoast_head":"<!-- This site is optimized with the Yoast SEO plugin v27.4 - https:\/\/yoast.com\/product\/yoast-seo-wordpress\/ -->\n<title>MUJER E IGUALDAD | Presentaci\u00f3n la programaci\u00f3n de actividades por el 25N, D\u00eda Internacional contra la Violencia de G\u00e9nero - Ayuntamiento de Mula<\/title>\n<meta name=\"robots\" content=\"index, follow, max-snippet:-1, max-image-preview:large, max-video-preview:-1\" \/>\n<link rel=\"canonical\" href=\"https:\/\/mula.es\/web\/mujer-e-igualdadpresentacion-la-programacion-de-actividades-por-el-25n-dia-internacional-contra-la-violencia-de-genero\/\" \/>\n<meta property=\"og:locale\" content=\"es_ES\" \/>\n<meta property=\"og:type\" content=\"article\" \/>\n<meta property=\"og:title\" content=\"MUJER E IGUALDAD | Presentaci\u00f3n la programaci\u00f3n de actividades por el 25N, D\u00eda Internacional contra la Violencia de G\u00e9nero - Ayuntamiento de Mula\" \/>\n<meta property=\"og:description\" content=\"NOTA DE PRENSA &#8211; 14 DE NOVIEMBRE DE 2024 \u00a0 Presentaci\u00f3n la programaci\u00f3n de actividades por el 25N, D\u00eda Internacional contra la Violencia de G\u00e9nero La concejala de Igualdad del Ayuntamiento de Mula, Ana Bel\u00e9n P\u00e9rez, ha presentado hoy la programaci\u00f3n de actividades conmemorativas del D\u00eda Internacional contra la Violencia de G\u00e9nero, que se desarrollar\u00e1n [...]\" \/>\n<meta property=\"og:url\" content=\"https:\/\/mula.es\/web\/mujer-e-igualdadpresentacion-la-programacion-de-actividades-por-el-25n-dia-internacional-contra-la-violencia-de-genero\/\" \/>\n<meta property=\"og:site_name\" content=\"Ayuntamiento de Mula\" \/>\n<meta property=\"article:published_time\" content=\"2024-11-14T10:31:34+00:00\" \/>\n<meta property=\"article:modified_time\" content=\"2024-11-14T10:35:05+00:00\" \/>\n<meta property=\"og:image\" content=\"https:\/\/mula.es\/web\/wp-content\/uploads\/2020\/06\/escudo-cuadrado-e1591045058235.jpg\" \/>\n\t<meta property=\"og:image:width\" content=\"200\" \/>\n\t<meta property=\"og:image:height\" content=\"218\" \/>\n\t<meta property=\"og:image:type\" content=\"image\/jpeg\" \/>\n<meta name=\"author\" content=\"Laura Salas Orcajada\" \/>\n<meta name=\"twitter:card\" content=\"summary_large_image\" \/>\n<meta name=\"twitter:creator\" content=\"@AyuntamientMula\" \/>\n<meta name=\"twitter:site\" content=\"@AyuntamientMula\" \/>\n<meta name=\"twitter:label1\" content=\"Escrito por\" \/>\n\t<meta name=\"twitter:data1\" content=\"Laura Salas Orcajada\" \/>\n\t<meta name=\"twitter:label2\" content=\"Tiempo de lectura\" \/>\n\t<meta name=\"twitter:data2\" content=\"3 minutos\" \/>\n<script type=\"application\/ld+json\" class=\"yoast-schema-graph\">{\"@context\":\"https:\\\/\\\/schema.org\",\"@graph\":[{\"@type\":\"Article\",\"@id\":\"https:\\\/\\\/mula.es\\\/web\\\/mujer-e-igualdadpresentacion-la-programacion-de-actividades-por-el-25n-dia-internacional-contra-la-violencia-de-genero\\\/#article\",\"isPartOf\":{\"@id\":\"https:\\\/\\\/mula.es\\\/web\\\/mujer-e-igualdadpresentacion-la-programacion-de-actividades-por-el-25n-dia-internacional-contra-la-violencia-de-genero\\\/\"},\"author\":{\"name\":\"Laura Salas Orcajada\",\"@id\":\"https:\\\/\\\/mula.es\\\/web\\\/#\\\/schema\\\/person\\\/4f10179bd364f40dceed361e61e4033f\"},\"headline\":\"MUJER E IGUALDAD | Presentaci\u00f3n la programaci\u00f3n de actividades por el 25N, D\u00eda Internacional contra la Violencia de G\u00e9nero\",\"datePublished\":\"2024-11-14T10:31:34+00:00\",\"dateModified\":\"2024-11-14T10:35:05+00:00\",\"mainEntityOfPage\":{\"@id\":\"https:\\\/\\\/mula.es\\\/web\\\/mujer-e-igualdadpresentacion-la-programacion-de-actividades-por-el-25n-dia-internacional-contra-la-violencia-de-genero\\\/\"},\"wordCount\":373,\"image\":{\"@id\":\"https:\\\/\\\/mula.es\\\/web\\\/mujer-e-igualdadpresentacion-la-programacion-de-actividades-por-el-25n-dia-internacional-contra-la-violencia-de-genero\\\/#primaryimage\"},\"thumbnailUrl\":\"https:\\\/\\\/mula.es\\\/web\\\/wp-content\\\/uploads\\\/2020\\\/06\\\/escudo-cuadrado-e1591045058235.jpg\",\"articleSection\":[\"igualdad\",\"mujer\",\"violencia de genero\"],\"inLanguage\":\"es\"},{\"@type\":\"WebPage\",\"@id\":\"https:\\\/\\\/mula.es\\\/web\\\/mujer-e-igualdadpresentacion-la-programacion-de-actividades-por-el-25n-dia-internacional-contra-la-violencia-de-genero\\\/\",\"url\":\"https:\\\/\\\/mula.es\\\/web\\\/mujer-e-igualdadpresentacion-la-programacion-de-actividades-por-el-25n-dia-internacional-contra-la-violencia-de-genero\\\/\",\"name\":\"MUJER E IGUALDAD | Presentaci\u00f3n la programaci\u00f3n de actividades por el 25N, D\u00eda Internacional contra la Violencia de G\u00e9nero - Ayuntamiento de Mula\",\"isPartOf\":{\"@id\":\"https:\\\/\\\/mula.es\\\/web\\\/#website\"},\"primaryImageOfPage\":{\"@id\":\"https:\\\/\\\/mula.es\\\/web\\\/mujer-e-igualdadpresentacion-la-programacion-de-actividades-por-el-25n-dia-internacional-contra-la-violencia-de-genero\\\/#primaryimage\"},\"image\":{\"@id\":\"https:\\\/\\\/mula.es\\\/web\\\/mujer-e-igualdadpresentacion-la-programacion-de-actividades-por-el-25n-dia-internacional-contra-la-violencia-de-genero\\\/#primaryimage\"},\"thumbnailUrl\":\"https:\\\/\\\/mula.es\\\/web\\\/wp-content\\\/uploads\\\/2020\\\/06\\\/escudo-cuadrado-e1591045058235.jpg\",\"datePublished\":\"2024-11-14T10:31:34+00:00\",\"dateModified\":\"2024-11-14T10:35:05+00:00\",\"author\":{\"@id\":\"https:\\\/\\\/mula.es\\\/web\\\/#\\\/schema\\\/person\\\/4f10179bd364f40dceed361e61e4033f\"},\"breadcrumb\":{\"@id\":\"https:\\\/\\\/mula.es\\\/web\\\/mujer-e-igualdadpresentacion-la-programacion-de-actividades-por-el-25n-dia-internacional-contra-la-violencia-de-genero\\\/#breadcrumb\"},\"inLanguage\":\"es\",\"potentialAction\":[{\"@type\":\"ReadAction\",\"target\":[\"https:\\\/\\\/mula.es\\\/web\\\/mujer-e-igualdadpresentacion-la-programacion-de-actividades-por-el-25n-dia-internacional-contra-la-violencia-de-genero\\\/\"]}]},{\"@type\":\"ImageObject\",\"inLanguage\":\"es\",\"@id\":\"https:\\\/\\\/mula.es\\\/web\\\/mujer-e-igualdadpresentacion-la-programacion-de-actividades-por-el-25n-dia-internacional-contra-la-violencia-de-genero\\\/#primaryimage\",\"url\":\"https:\\\/\\\/mula.es\\\/web\\\/wp-content\\\/uploads\\\/2020\\\/06\\\/escudo-cuadrado-e1591045058235.jpg\",\"contentUrl\":\"https:\\\/\\\/mula.es\\\/web\\\/wp-content\\\/uploads\\\/2020\\\/06\\\/escudo-cuadrado-e1591045058235.jpg\",\"width\":200,\"height\":218},{\"@type\":\"BreadcrumbList\",\"@id\":\"https:\\\/\\\/mula.es\\\/web\\\/mujer-e-igualdadpresentacion-la-programacion-de-actividades-por-el-25n-dia-internacional-contra-la-violencia-de-genero\\\/#breadcrumb\",\"itemListElement\":[{\"@type\":\"ListItem\",\"position\":1,\"name\":\"Portada\",\"item\":\"https:\\\/\\\/mula.es\\\/web\\\/\"},{\"@type\":\"ListItem\",\"position\":2,\"name\":\"MUJER E IGUALDAD | Presentaci\u00f3n la programaci\u00f3n de actividades por el 25N, D\u00eda Internacional contra la Violencia de G\u00e9nero\"}]},{\"@type\":\"WebSite\",\"@id\":\"https:\\\/\\\/mula.es\\\/web\\\/#website\",\"url\":\"https:\\\/\\\/mula.es\\\/web\\\/\",\"name\":\"Ayuntamiento de Mula\",\"description\":\"P\u00e1gina web del Ayuntamiento de Mula (Regi\u00f3n de Murcia)\",\"potentialAction\":[{\"@type\":\"SearchAction\",\"target\":{\"@type\":\"EntryPoint\",\"urlTemplate\":\"https:\\\/\\\/mula.es\\\/web\\\/?s={search_term_string}\"},\"query-input\":{\"@type\":\"PropertyValueSpecification\",\"valueRequired\":true,\"valueName\":\"search_term_string\"}}],\"inLanguage\":\"es\"},{\"@type\":\"Person\",\"@id\":\"https:\\\/\\\/mula.es\\\/web\\\/#\\\/schema\\\/person\\\/4f10179bd364f40dceed361e61e4033f\",\"name\":\"Laura Salas Orcajada\",\"image\":{\"@type\":\"ImageObject\",\"inLanguage\":\"es\",\"@id\":\"https:\\\/\\\/secure.gravatar.com\\\/avatar\\\/786f2a223d9a455e2a448f78b5dcc1117207ef56ef3d9a04df338c0f775cd403?s=96&d=mm&r=g\",\"url\":\"https:\\\/\\\/secure.gravatar.com\\\/avatar\\\/786f2a223d9a455e2a448f78b5dcc1117207ef56ef3d9a04df338c0f775cd403?s=96&d=mm&r=g\",\"contentUrl\":\"https:\\\/\\\/secure.gravatar.com\\\/avatar\\\/786f2a223d9a455e2a448f78b5dcc1117207ef56ef3d9a04df338c0f775cd403?s=96&d=mm&r=g\",\"caption\":\"Laura Salas Orcajada\"},\"url\":\"https:\\\/\\\/mula.es\\\/web\\\/author\\\/lsalas\\\/\"}]}<\/script>\n<!-- \/ Yoast SEO plugin. -->","yoast_head_json":{"title":"MUJER E IGUALDAD | Presentaci\u00f3n la programaci\u00f3n de actividades por el 25N, D\u00eda Internacional contra la Violencia de G\u00e9nero - Ayuntamiento de Mula","robots":{"index":"index","follow":"follow","max-snippet":"max-snippet:-1","max-image-preview":"max-image-preview:large","max-video-preview":"max-video-preview:-1"},"canonical":"https:\/\/mula.es\/web\/mujer-e-igualdadpresentacion-la-programacion-de-actividades-por-el-25n-dia-internacional-contra-la-violencia-de-genero\/","og_locale":"es_ES","og_type":"article","og_title":"MUJER E IGUALDAD | Presentaci\u00f3n la programaci\u00f3n de actividades por el 25N, D\u00eda Internacional contra la Violencia de G\u00e9nero - Ayuntamiento de Mula","og_description":"NOTA DE PRENSA &#8211; 14 DE NOVIEMBRE DE 2024 \u00a0 Presentaci\u00f3n la programaci\u00f3n de actividades por el 25N, D\u00eda Internacional contra la Violencia de G\u00e9nero La concejala de Igualdad del Ayuntamiento de Mula, Ana Bel\u00e9n P\u00e9rez, ha presentado hoy la programaci\u00f3n de actividades conmemorativas del D\u00eda Internacional contra la Violencia de G\u00e9nero, que se desarrollar\u00e1n [...]","og_url":"https:\/\/mula.es\/web\/mujer-e-igualdadpresentacion-la-programacion-de-actividades-por-el-25n-dia-internacional-contra-la-violencia-de-genero\/","og_site_name":"Ayuntamiento de Mula","article_published_time":"2024-11-14T10:31:34+00:00","article_modified_time":"2024-11-14T10:35:05+00:00","og_image":[{"width":200,"height":218,"url":"https:\/\/mula.es\/web\/wp-content\/uploads\/2020\/06\/escudo-cuadrado-e1591045058235.jpg","type":"image\/jpeg"}],"author":"Laura Salas Orcajada","twitter_card":"summary_large_image","twitter_creator":"@AyuntamientMula","twitter_site":"@AyuntamientMula","twitter_misc":{"Escrito por":"Laura Salas Orcajada","Tiempo de lectura":"3 minutos"},"schema":{"@context":"https:\/\/schema.org","@graph":[{"@type":"Article","@id":"https:\/\/mula.es\/web\/mujer-e-igualdadpresentacion-la-programacion-de-actividades-por-el-25n-dia-internacional-contra-la-violencia-de-genero\/#article","isPartOf":{"@id":"https:\/\/mula.es\/web\/mujer-e-igualdadpresentacion-la-programacion-de-actividades-por-el-25n-dia-internacional-contra-la-violencia-de-genero\/"},"author":{"name":"Laura Salas Orcajada","@id":"https:\/\/mula.es\/web\/#\/schema\/person\/4f10179bd364f40dceed361e61e4033f"},"headline":"MUJER E IGUALDAD | Presentaci\u00f3n la programaci\u00f3n de actividades por el 25N, D\u00eda Internacional contra la Violencia de G\u00e9nero","datePublished":"2024-11-14T10:31:34+00:00","dateModified":"2024-11-14T10:35:05+00:00","mainEntityOfPage":{"@id":"https:\/\/mula.es\/web\/mujer-e-igualdadpresentacion-la-programacion-de-actividades-por-el-25n-dia-internacional-contra-la-violencia-de-genero\/"},"wordCount":373,"image":{"@id":"https:\/\/mula.es\/web\/mujer-e-igualdadpresentacion-la-programacion-de-actividades-por-el-25n-dia-internacional-contra-la-violencia-de-genero\/#primaryimage"},"thumbnailUrl":"https:\/\/mula.es\/web\/wp-content\/uploads\/2020\/06\/escudo-cuadrado-e1591045058235.jpg","articleSection":["igualdad","mujer","violencia de genero"],"inLanguage":"es"},{"@type":"WebPage","@id":"https:\/\/mula.es\/web\/mujer-e-igualdadpresentacion-la-programacion-de-actividades-por-el-25n-dia-internacional-contra-la-violencia-de-genero\/","url":"https:\/\/mula.es\/web\/mujer-e-igualdadpresentacion-la-programacion-de-actividades-por-el-25n-dia-internacional-contra-la-violencia-de-genero\/","name":"MUJER E IGUALDAD | Presentaci\u00f3n la programaci\u00f3n de actividades por el 25N, D\u00eda Internacional contra la Violencia de G\u00e9nero - Ayuntamiento de Mula","isPartOf":{"@id":"https:\/\/mula.es\/web\/#website"},"primaryImageOfPage":{"@id":"https:\/\/mula.es\/web\/mujer-e-igualdadpresentacion-la-programacion-de-actividades-por-el-25n-dia-internacional-contra-la-violencia-de-genero\/#primaryimage"},"image":{"@id":"https:\/\/mula.es\/web\/mujer-e-igualdadpresentacion-la-programacion-de-actividades-por-el-25n-dia-internacional-contra-la-violencia-de-genero\/#primaryimage"},"thumbnailUrl":"https:\/\/mula.es\/web\/wp-content\/uploads\/2020\/06\/escudo-cuadrado-e1591045058235.jpg","datePublished":"2024-11-14T10:31:34+00:00","dateModified":"2024-11-14T10:35:05+00:00","author":{"@id":"https:\/\/mula.es\/web\/#\/schema\/person\/4f10179bd364f40dceed361e61e4033f"},"breadcrumb":{"@id":"https:\/\/mula.es\/web\/mujer-e-igualdadpresentacion-la-programacion-de-actividades-por-el-25n-dia-internacional-contra-la-violencia-de-genero\/#breadcrumb"},"inLanguage":"es","potentialAction":[{"@type":"ReadAction","target":["https:\/\/mula.es\/web\/mujer-e-igualdadpresentacion-la-programacion-de-actividades-por-el-25n-dia-internacional-contra-la-violencia-de-genero\/"]}]},{"@type":"ImageObject","inLanguage":"es","@id":"https:\/\/mula.es\/web\/mujer-e-igualdadpresentacion-la-programacion-de-actividades-por-el-25n-dia-internacional-contra-la-violencia-de-genero\/#primaryimage","url":"https:\/\/mula.es\/web\/wp-content\/uploads\/2020\/06\/escudo-cuadrado-e1591045058235.jpg","contentUrl":"https:\/\/mula.es\/web\/wp-content\/uploads\/2020\/06\/escudo-cuadrado-e1591045058235.jpg","width":200,"height":218},{"@type":"BreadcrumbList","@id":"https:\/\/mula.es\/web\/mujer-e-igualdadpresentacion-la-programacion-de-actividades-por-el-25n-dia-internacional-contra-la-violencia-de-genero\/#breadcrumb","itemListElement":[{"@type":"ListItem","position":1,"name":"Portada","item":"https:\/\/mula.es\/web\/"},{"@type":"ListItem","position":2,"name":"MUJER E IGUALDAD | Presentaci\u00f3n la programaci\u00f3n de actividades por el 25N, D\u00eda Internacional contra la Violencia de G\u00e9nero"}]},{"@type":"WebSite","@id":"https:\/\/mula.es\/web\/#website","url":"https:\/\/mula.es\/web\/","name":"Ayuntamiento de Mula","description":"P\u00e1gina web del Ayuntamiento de Mula (Regi\u00f3n de Murcia)","potentialAction":[{"@type":"SearchAction","target":{"@type":"EntryPoint","urlTemplate":"https:\/\/mula.es\/web\/?s={search_term_string}"},"query-input":{"@type":"PropertyValueSpecification","valueRequired":true,"valueName":"search_term_string"}}],"inLanguage":"es"},{"@type":"Person","@id":"https:\/\/mula.es\/web\/#\/schema\/person\/4f10179bd364f40dceed361e61e4033f","name":"Laura Salas Orcajada","image":{"@type":"ImageObject","inLanguage":"es","@id":"https:\/\/secure.gravatar.com\/avatar\/786f2a223d9a455e2a448f78b5dcc1117207ef56ef3d9a04df338c0f775cd403?s=96&d=mm&r=g","url":"https:\/\/secure.gravatar.com\/avatar\/786f2a223d9a455e2a448f78b5dcc1117207ef56ef3d9a04df338c0f775cd403?s=96&d=mm&r=g","contentUrl":"https:\/\/secure.gravatar.com\/avatar\/786f2a223d9a455e2a448f78b5dcc1117207ef56ef3d9a04df338c0f775cd403?s=96&d=mm&r=g","caption":"Laura Salas Orcajada"},"url":"https:\/\/mula.es\/web\/author\/lsalas\/"}]}},"jetpack_publicize_connections":[],"jetpack_featured_media_url":"https:\/\/mula.es\/web\/wp-content\/uploads\/2020\/06\/escudo-cuadrado-e1591045058235.jpg","jetpack_sharing_enabled":true,"jetpack_shortlink":"https:\/\/wp.me\/pa9DMY-eDH","jetpack-related-posts":[],"_links":{"self":[{"href":"https:\/\/mula.es\/web\/wp-json\/wp\/v2\/posts\/56277","targetHints":{"allow":["GET"]}}],"collection":[{"href":"https:\/\/mula.es\/web\/wp-json\/wp\/v2\/posts"}],"about":[{"href":"https:\/\/mula.es\/web\/wp-json\/wp\/v2\/types\/post"}],"author":[{"embeddable":true,"href":"https:\/\/mula.es\/web\/wp-json\/wp\/v2\/users\/13"}],"replies":[{"embeddable":true,"href":"https:\/\/mula.es\/web\/wp-json\/wp\/v2\/comments?post=56277"}],"version-history":[{"count":3,"href":"https:\/\/mula.es\/web\/wp-json\/wp\/v2\/posts\/56277\/revisions"}],"predecessor-version":[{"id":56291,"href":"https:\/\/mula.es\/web\/wp-json\/wp\/v2\/posts\/56277\/revisions\/56291"}],"wp:featuredmedia":[{"embeddable":true,"href":"https:\/\/mula.es\/web\/wp-json\/wp\/v2\/media\/33512"}],"wp:attachment":[{"href":"https:\/\/mula.es\/web\/wp-json\/wp\/v2\/media?parent=56277"}],"wp:term":[{"taxonomy":"category","embeddable":true,"href":"https:\/\/mula.es\/web\/wp-json\/wp\/v2\/categories?post=56277"},{"taxonomy":"post_tag","embeddable":true,"href":"https:\/\/mula.es\/web\/wp-json\/wp\/v2\/tags?post=56277"}],"curies":[{"name":"wp","href":"https:\/\/api.w.org\/{rel}","templated":true}]}}