{"id":56593,"date":"2024-11-28T22:16:27","date_gmt":"2024-11-28T21:16:27","guid":{"rendered":"https:\/\/mula.es\/web\/?p=56593"},"modified":"2024-11-28T22:16:27","modified_gmt":"2024-11-28T21:16:27","slug":"juventud-el-talento-joven-de-mula-brilla-en-los-premios-juventud-2024","status":"publish","type":"post","link":"https:\/\/mula.es\/web\/juventud-el-talento-joven-de-mula-brilla-en-los-premios-juventud-2024\/","title":{"rendered":"JUVENTUD | El talento joven de Mula brilla en los Premios Juventud 2024"},"content":{"rendered":"<p><strong>NOTA DE PRENSA &#8211; 28 DE NOVIEMBRE DE 2024<\/strong><\/p>\n<p><strong>\u00a0<\/strong><\/p>\n<h2><strong>El talento joven de Mula brilla en los Premios Juventud 2024<\/strong><\/h2>\n<p>Hoy, el alcalde de Mula, Juan Jes\u00fas Moreno, el concejal de Juventud, Toni Ruiz y el diputado regional de Mula, Fernando Moreno, junto a miembros de la corporaci\u00f3n municipal del Ayuntamiento de Mula, han asistido a la Gala de los Premios Juventud de la Regi\u00f3n de Murcia 2024, celebrada en el Auditorio y Centro de Congresos \u00abGeli Albaladejo\u00bb de San Pedro del Pinatar.<\/p>\n<p>En la Gala de los Premios Juventud 2024, Mula ha demostrado ser una cuna de talento joven al obtener tres de los seis galardones otorgados, un logro que subraya la calidad y compromiso de la juventud mule\u00f1a. Entre estos premios destaca el reconocimiento a Pepe Siscar Mart\u00ednez como <strong>Joven del A\u00f1o<\/strong>. Este \u00e9xito, acompa\u00f1ado por los galardones al Grupo Scouts Balate y a \u00c1lvaro Gabarr\u00f3n Lucas, reafirma el papel de Mula como un municipio l\u00edder en el impulso de la creatividad, el compromiso social y el desarrollo de j\u00f3venes con gran proyecci\u00f3n.<\/p>\n<p>Los premios reconocen el trabajo de:<\/p>\n<ul>\n<li><strong>Categor\u00eda Sostenibilidad<\/strong>: Grupo Scouts Balate de Mula, por su encomiable labor en la preservaci\u00f3n del medio ambiente, promoviendo valores de respeto a la naturaleza y educaci\u00f3n ambiental. El grupo, tambi\u00e9n ha recibido otros recientes galardones como la entrega del\u00a0<strong>Premio Scout 2024<\/strong>\u00a0a la Fundaci\u00f3n Palliri.<\/li>\n<li><strong>Categor\u00eda Inclusi\u00f3n Social<\/strong>: \u00c1lvaro Gabarr\u00f3n Lucas, cineasta mule\u00f1o, por su capacidad para visibilizar temas sociales a trav\u00e9s del cine, sensibilizando y fomentando la inclusi\u00f3n y la igualdad.<\/li>\n<li><strong>Categor\u00eda Joven del A\u00f1o<\/strong>: Pepe Siscar Mart\u00ednez, joven director de cine con una destacada trayectoria que lo ha posicionado como un referente en el mundo audiovisual.<\/li>\n<\/ul>\n<p>El alcalde, Juan Jes\u00fas Moreno, subray\u00f3 durante la gala: \u201cEs un orgullo que Mula siga siendo referente en el talento joven. Nuestros j\u00f3venes son la prueba de que el esfuerzo y la creatividad pueden cambiar el mundo. Desde el Ayuntamiento seguiremos impulsando y reconociendo todo su potencial\u201d.<\/p>\n<p>Por su parte, el concejal de Juventud, Toni Ruiz, destac\u00f3: \u201cQue Pepe Siscar sea galardonado como Joven del A\u00f1o reafirma la tradici\u00f3n de talento excepcional de nuestro municipio. Es un honor para Mula contar con j\u00f3venes que no solo destacan, sino que tambi\u00e9n inspiran a las nuevas generaciones\u201d.<\/p>\n<p>La concejal\u00eda de Juventud, junto con el Ayuntamiento, continuar\u00e1 trabajando para proporcionar herramientas y oportunidades que impulsen a los j\u00f3venes a alcanzar sus metas. Este esfuerzo conjunto no solo resalta el talento que existe en Mula, sino que promueve un futuro en el que el potencial juvenil sea motor de desarrollo social, cultural y econ\u00f3mico para el municipio.<\/p>\n<p>El Ayuntamiento de Mula felicita a todos los ganadores de esta gala y anima a los j\u00f3venes del municipio a continuar explorando y desarrollando su potencial, demostrando que Mula es y seguir\u00e1 siendo una tierra de oportunidades y talento.<\/p>\n<p><a href=\"https:\/\/mula.es\/web\/wp-content\/uploads\/2024\/11\/1-35-scaled.jpg\"><img decoding=\"async\" data-attachment-id=\"56595\" data-permalink=\"https:\/\/mula.es\/web\/juventud-el-talento-joven-de-mula-brilla-en-los-premios-juventud-2024\/1-156\/\" data-orig-file=\"https:\/\/mula.es\/web\/wp-content\/uploads\/2024\/11\/1-35-scaled.jpg\" data-orig-size=\"2560,1707\" data-comments-opened=\"0\" data-image-meta=\"{&quot;aperture&quot;:&quot;0&quot;,&quot;credit&quot;:&quot;&quot;,&quot;camera&quot;:&quot;&quot;,&quot;caption&quot;:&quot;&quot;,&quot;created_timestamp&quot;:&quot;0&quot;,&quot;copyright&quot;:&quot;&quot;,&quot;focal_length&quot;:&quot;0&quot;,&quot;iso&quot;:&quot;0&quot;,&quot;shutter_speed&quot;:&quot;0&quot;,&quot;title&quot;:&quot;&quot;,&quot;orientation&quot;:&quot;1&quot;}\" data-image-title=\"1\" data-image-description=\"\" data-image-caption=\"\" data-large-file=\"https:\/\/mula.es\/web\/wp-content\/uploads\/2024\/11\/1-35-1024x683.jpg\" class=\"alignnone size-medium wp-image-56595\" src=\"https:\/\/mula.es\/web\/wp-content\/uploads\/2024\/11\/1-35-300x200.jpg\" alt=\"\" width=\"300\" height=\"200\" srcset=\"https:\/\/mula.es\/web\/wp-content\/uploads\/2024\/11\/1-35-200x133.jpg 200w, https:\/\/mula.es\/web\/wp-content\/uploads\/2024\/11\/1-35-300x200.jpg 300w, https:\/\/mula.es\/web\/wp-content\/uploads\/2024\/11\/1-35-400x267.jpg 400w, https:\/\/mula.es\/web\/wp-content\/uploads\/2024\/11\/1-35-600x400.jpg 600w, https:\/\/mula.es\/web\/wp-content\/uploads\/2024\/11\/1-35-768x512.jpg 768w, https:\/\/mula.es\/web\/wp-content\/uploads\/2024\/11\/1-35-800x533.jpg 800w, https:\/\/mula.es\/web\/wp-content\/uploads\/2024\/11\/1-35-1024x683.jpg 1024w, https:\/\/mula.es\/web\/wp-content\/uploads\/2024\/11\/1-35-1200x800.jpg 1200w, https:\/\/mula.es\/web\/wp-content\/uploads\/2024\/11\/1-35-1536x1024.jpg 1536w\" sizes=\"(max-width: 300px) 100vw, 300px\" \/><\/a> <a href=\"https:\/\/mula.es\/web\/wp-content\/uploads\/2024\/11\/2-33-scaled.jpg\"><img decoding=\"async\" data-attachment-id=\"56596\" data-permalink=\"https:\/\/mula.es\/web\/juventud-el-talento-joven-de-mula-brilla-en-los-premios-juventud-2024\/2-149\/\" data-orig-file=\"https:\/\/mula.es\/web\/wp-content\/uploads\/2024\/11\/2-33-scaled.jpg\" data-orig-size=\"2560,1707\" data-comments-opened=\"0\" data-image-meta=\"{&quot;aperture&quot;:&quot;0&quot;,&quot;credit&quot;:&quot;&quot;,&quot;camera&quot;:&quot;&quot;,&quot;caption&quot;:&quot;&quot;,&quot;created_timestamp&quot;:&quot;0&quot;,&quot;copyright&quot;:&quot;&quot;,&quot;focal_length&quot;:&quot;0&quot;,&quot;iso&quot;:&quot;0&quot;,&quot;shutter_speed&quot;:&quot;0&quot;,&quot;title&quot;:&quot;&quot;,&quot;orientation&quot;:&quot;1&quot;}\" data-image-title=\"2\" data-image-description=\"\" data-image-caption=\"\" data-large-file=\"https:\/\/mula.es\/web\/wp-content\/uploads\/2024\/11\/2-33-1024x683.jpg\" class=\"alignnone size-medium wp-image-56596\" src=\"https:\/\/mula.es\/web\/wp-content\/uploads\/2024\/11\/2-33-300x200.jpg\" alt=\"\" width=\"300\" height=\"200\" srcset=\"https:\/\/mula.es\/web\/wp-content\/uploads\/2024\/11\/2-33-200x133.jpg 200w, https:\/\/mula.es\/web\/wp-content\/uploads\/2024\/11\/2-33-300x200.jpg 300w, https:\/\/mula.es\/web\/wp-content\/uploads\/2024\/11\/2-33-400x267.jpg 400w, https:\/\/mula.es\/web\/wp-content\/uploads\/2024\/11\/2-33-600x400.jpg 600w, https:\/\/mula.es\/web\/wp-content\/uploads\/2024\/11\/2-33-768x512.jpg 768w, https:\/\/mula.es\/web\/wp-content\/uploads\/2024\/11\/2-33-800x533.jpg 800w, https:\/\/mula.es\/web\/wp-content\/uploads\/2024\/11\/2-33-1024x683.jpg 1024w, https:\/\/mula.es\/web\/wp-content\/uploads\/2024\/11\/2-33-1200x800.jpg 1200w, https:\/\/mula.es\/web\/wp-content\/uploads\/2024\/11\/2-33-1536x1024.jpg 1536w\" sizes=\"(max-width: 300px) 100vw, 300px\" \/><\/a> <a href=\"https:\/\/mula.es\/web\/wp-content\/uploads\/2024\/11\/3-33-scaled.jpg\"><img decoding=\"async\" data-attachment-id=\"56597\" data-permalink=\"https:\/\/mula.es\/web\/juventud-el-talento-joven-de-mula-brilla-en-los-premios-juventud-2024\/3-135\/\" data-orig-file=\"https:\/\/mula.es\/web\/wp-content\/uploads\/2024\/11\/3-33-scaled.jpg\" data-orig-size=\"2560,1707\" data-comments-opened=\"0\" data-image-meta=\"{&quot;aperture&quot;:&quot;0&quot;,&quot;credit&quot;:&quot;&quot;,&quot;camera&quot;:&quot;&quot;,&quot;caption&quot;:&quot;&quot;,&quot;created_timestamp&quot;:&quot;0&quot;,&quot;copyright&quot;:&quot;&quot;,&quot;focal_length&quot;:&quot;0&quot;,&quot;iso&quot;:&quot;0&quot;,&quot;shutter_speed&quot;:&quot;0&quot;,&quot;title&quot;:&quot;&quot;,&quot;orientation&quot;:&quot;1&quot;}\" data-image-title=\"3\" data-image-description=\"\" data-image-caption=\"\" data-large-file=\"https:\/\/mula.es\/web\/wp-content\/uploads\/2024\/11\/3-33-1024x683.jpg\" class=\"alignnone size-medium wp-image-56597\" src=\"https:\/\/mula.es\/web\/wp-content\/uploads\/2024\/11\/3-33-300x200.jpg\" alt=\"\" width=\"300\" height=\"200\" srcset=\"https:\/\/mula.es\/web\/wp-content\/uploads\/2024\/11\/3-33-200x133.jpg 200w, https:\/\/mula.es\/web\/wp-content\/uploads\/2024\/11\/3-33-300x200.jpg 300w, https:\/\/mula.es\/web\/wp-content\/uploads\/2024\/11\/3-33-400x267.jpg 400w, https:\/\/mula.es\/web\/wp-content\/uploads\/2024\/11\/3-33-600x400.jpg 600w, https:\/\/mula.es\/web\/wp-content\/uploads\/2024\/11\/3-33-768x512.jpg 768w, https:\/\/mula.es\/web\/wp-content\/uploads\/2024\/11\/3-33-800x533.jpg 800w, https:\/\/mula.es\/web\/wp-content\/uploads\/2024\/11\/3-33-1024x683.jpg 1024w, https:\/\/mula.es\/web\/wp-content\/uploads\/2024\/11\/3-33-1200x800.jpg 1200w, https:\/\/mula.es\/web\/wp-content\/uploads\/2024\/11\/3-33-1536x1024.jpg 1536w\" sizes=\"(max-width: 300px) 100vw, 300px\" \/><\/a> <a href=\"https:\/\/mula.es\/web\/wp-content\/uploads\/2024\/11\/4-26-scaled.jpg\"><img decoding=\"async\" data-attachment-id=\"56598\" data-permalink=\"https:\/\/mula.es\/web\/juventud-el-talento-joven-de-mula-brilla-en-los-premios-juventud-2024\/4-96\/\" data-orig-file=\"https:\/\/mula.es\/web\/wp-content\/uploads\/2024\/11\/4-26-scaled.jpg\" data-orig-size=\"2560,1707\" data-comments-opened=\"0\" data-image-meta=\"{&quot;aperture&quot;:&quot;0&quot;,&quot;credit&quot;:&quot;&quot;,&quot;camera&quot;:&quot;&quot;,&quot;caption&quot;:&quot;&quot;,&quot;created_timestamp&quot;:&quot;0&quot;,&quot;copyright&quot;:&quot;&quot;,&quot;focal_length&quot;:&quot;0&quot;,&quot;iso&quot;:&quot;0&quot;,&quot;shutter_speed&quot;:&quot;0&quot;,&quot;title&quot;:&quot;&quot;,&quot;orientation&quot;:&quot;1&quot;}\" data-image-title=\"4\" data-image-description=\"\" data-image-caption=\"\" data-large-file=\"https:\/\/mula.es\/web\/wp-content\/uploads\/2024\/11\/4-26-1024x683.jpg\" class=\"alignnone size-medium wp-image-56598\" src=\"https:\/\/mula.es\/web\/wp-content\/uploads\/2024\/11\/4-26-300x200.jpg\" alt=\"\" width=\"300\" height=\"200\" srcset=\"https:\/\/mula.es\/web\/wp-content\/uploads\/2024\/11\/4-26-200x133.jpg 200w, https:\/\/mula.es\/web\/wp-content\/uploads\/2024\/11\/4-26-300x200.jpg 300w, https:\/\/mula.es\/web\/wp-content\/uploads\/2024\/11\/4-26-400x267.jpg 400w, https:\/\/mula.es\/web\/wp-content\/uploads\/2024\/11\/4-26-600x400.jpg 600w, https:\/\/mula.es\/web\/wp-content\/uploads\/2024\/11\/4-26-768x512.jpg 768w, https:\/\/mula.es\/web\/wp-content\/uploads\/2024\/11\/4-26-800x533.jpg 800w, https:\/\/mula.es\/web\/wp-content\/uploads\/2024\/11\/4-26-1024x683.jpg 1024w, https:\/\/mula.es\/web\/wp-content\/uploads\/2024\/11\/4-26-1200x800.jpg 1200w, https:\/\/mula.es\/web\/wp-content\/uploads\/2024\/11\/4-26-1536x1024.jpg 1536w\" sizes=\"(max-width: 300px) 100vw, 300px\" \/><\/a> <a href=\"https:\/\/mula.es\/web\/wp-content\/uploads\/2024\/11\/5-23-scaled.jpg\"><img decoding=\"async\" data-attachment-id=\"56599\" data-permalink=\"https:\/\/mula.es\/web\/juventud-el-talento-joven-de-mula-brilla-en-los-premios-juventud-2024\/5-62\/\" data-orig-file=\"https:\/\/mula.es\/web\/wp-content\/uploads\/2024\/11\/5-23-scaled.jpg\" data-orig-size=\"2560,1707\" data-comments-opened=\"0\" data-image-meta=\"{&quot;aperture&quot;:&quot;0&quot;,&quot;credit&quot;:&quot;&quot;,&quot;camera&quot;:&quot;&quot;,&quot;caption&quot;:&quot;&quot;,&quot;created_timestamp&quot;:&quot;0&quot;,&quot;copyright&quot;:&quot;&quot;,&quot;focal_length&quot;:&quot;0&quot;,&quot;iso&quot;:&quot;0&quot;,&quot;shutter_speed&quot;:&quot;0&quot;,&quot;title&quot;:&quot;&quot;,&quot;orientation&quot;:&quot;1&quot;}\" data-image-title=\"5\" data-image-description=\"\" data-image-caption=\"\" data-large-file=\"https:\/\/mula.es\/web\/wp-content\/uploads\/2024\/11\/5-23-1024x683.jpg\" class=\"alignnone size-medium wp-image-56599\" src=\"https:\/\/mula.es\/web\/wp-content\/uploads\/2024\/11\/5-23-300x200.jpg\" alt=\"\" width=\"300\" height=\"200\" srcset=\"https:\/\/mula.es\/web\/wp-content\/uploads\/2024\/11\/5-23-200x133.jpg 200w, https:\/\/mula.es\/web\/wp-content\/uploads\/2024\/11\/5-23-300x200.jpg 300w, https:\/\/mula.es\/web\/wp-content\/uploads\/2024\/11\/5-23-400x267.jpg 400w, https:\/\/mula.es\/web\/wp-content\/uploads\/2024\/11\/5-23-600x400.jpg 600w, https:\/\/mula.es\/web\/wp-content\/uploads\/2024\/11\/5-23-768x512.jpg 768w, https:\/\/mula.es\/web\/wp-content\/uploads\/2024\/11\/5-23-800x533.jpg 800w, https:\/\/mula.es\/web\/wp-content\/uploads\/2024\/11\/5-23-1024x683.jpg 1024w, https:\/\/mula.es\/web\/wp-content\/uploads\/2024\/11\/5-23-1200x800.jpg 1200w, https:\/\/mula.es\/web\/wp-content\/uploads\/2024\/11\/5-23-1536x1024.jpg 1536w\" sizes=\"(max-width: 300px) 100vw, 300px\" \/><\/a> <a href=\"https:\/\/mula.es\/web\/wp-content\/uploads\/2024\/11\/6-15-scaled.jpg\"><img decoding=\"async\" data-attachment-id=\"56600\" data-permalink=\"https:\/\/mula.es\/web\/juventud-el-talento-joven-de-mula-brilla-en-los-premios-juventud-2024\/6-42\/\" data-orig-file=\"https:\/\/mula.es\/web\/wp-content\/uploads\/2024\/11\/6-15-scaled.jpg\" data-orig-size=\"2560,1707\" data-comments-opened=\"0\" data-image-meta=\"{&quot;aperture&quot;:&quot;0&quot;,&quot;credit&quot;:&quot;&quot;,&quot;camera&quot;:&quot;&quot;,&quot;caption&quot;:&quot;&quot;,&quot;created_timestamp&quot;:&quot;0&quot;,&quot;copyright&quot;:&quot;&quot;,&quot;focal_length&quot;:&quot;0&quot;,&quot;iso&quot;:&quot;0&quot;,&quot;shutter_speed&quot;:&quot;0&quot;,&quot;title&quot;:&quot;&quot;,&quot;orientation&quot;:&quot;1&quot;}\" data-image-title=\"6\" data-image-description=\"\" data-image-caption=\"\" data-large-file=\"https:\/\/mula.es\/web\/wp-content\/uploads\/2024\/11\/6-15-1024x683.jpg\" class=\"alignnone size-medium wp-image-56600\" src=\"https:\/\/mula.es\/web\/wp-content\/uploads\/2024\/11\/6-15-300x200.jpg\" alt=\"\" width=\"300\" height=\"200\" srcset=\"https:\/\/mula.es\/web\/wp-content\/uploads\/2024\/11\/6-15-200x133.jpg 200w, https:\/\/mula.es\/web\/wp-content\/uploads\/2024\/11\/6-15-300x200.jpg 300w, https:\/\/mula.es\/web\/wp-content\/uploads\/2024\/11\/6-15-400x267.jpg 400w, https:\/\/mula.es\/web\/wp-content\/uploads\/2024\/11\/6-15-600x400.jpg 600w, https:\/\/mula.es\/web\/wp-content\/uploads\/2024\/11\/6-15-768x512.jpg 768w, https:\/\/mula.es\/web\/wp-content\/uploads\/2024\/11\/6-15-800x533.jpg 800w, https:\/\/mula.es\/web\/wp-content\/uploads\/2024\/11\/6-15-1024x683.jpg 1024w, https:\/\/mula.es\/web\/wp-content\/uploads\/2024\/11\/6-15-1200x800.jpg 1200w, https:\/\/mula.es\/web\/wp-content\/uploads\/2024\/11\/6-15-1536x1024.jpg 1536w\" sizes=\"(max-width: 300px) 100vw, 300px\" \/><\/a> <a href=\"https:\/\/mula.es\/web\/wp-content\/uploads\/2024\/11\/7-16-scaled.jpg\"><img decoding=\"async\" data-attachment-id=\"56601\" data-permalink=\"https:\/\/mula.es\/web\/juventud-el-talento-joven-de-mula-brilla-en-los-premios-juventud-2024\/7-36\/\" data-orig-file=\"https:\/\/mula.es\/web\/wp-content\/uploads\/2024\/11\/7-16-scaled.jpg\" data-orig-size=\"2560,1707\" data-comments-opened=\"0\" data-image-meta=\"{&quot;aperture&quot;:&quot;0&quot;,&quot;credit&quot;:&quot;&quot;,&quot;camera&quot;:&quot;&quot;,&quot;caption&quot;:&quot;&quot;,&quot;created_timestamp&quot;:&quot;0&quot;,&quot;copyright&quot;:&quot;&quot;,&quot;focal_length&quot;:&quot;0&quot;,&quot;iso&quot;:&quot;0&quot;,&quot;shutter_speed&quot;:&quot;0&quot;,&quot;title&quot;:&quot;&quot;,&quot;orientation&quot;:&quot;1&quot;}\" data-image-title=\"7\" data-image-description=\"\" data-image-caption=\"\" data-large-file=\"https:\/\/mula.es\/web\/wp-content\/uploads\/2024\/11\/7-16-1024x683.jpg\" class=\"alignnone size-medium wp-image-56601\" src=\"https:\/\/mula.es\/web\/wp-content\/uploads\/2024\/11\/7-16-300x200.jpg\" alt=\"\" width=\"300\" height=\"200\" srcset=\"https:\/\/mula.es\/web\/wp-content\/uploads\/2024\/11\/7-16-200x133.jpg 200w, https:\/\/mula.es\/web\/wp-content\/uploads\/2024\/11\/7-16-300x200.jpg 300w, https:\/\/mula.es\/web\/wp-content\/uploads\/2024\/11\/7-16-400x267.jpg 400w, https:\/\/mula.es\/web\/wp-content\/uploads\/2024\/11\/7-16-600x400.jpg 600w, https:\/\/mula.es\/web\/wp-content\/uploads\/2024\/11\/7-16-768x512.jpg 768w, https:\/\/mula.es\/web\/wp-content\/uploads\/2024\/11\/7-16-800x533.jpg 800w, https:\/\/mula.es\/web\/wp-content\/uploads\/2024\/11\/7-16-1024x683.jpg 1024w, https:\/\/mula.es\/web\/wp-content\/uploads\/2024\/11\/7-16-1200x800.jpg 1200w, https:\/\/mula.es\/web\/wp-content\/uploads\/2024\/11\/7-16-1536x1024.jpg 1536w\" sizes=\"(max-width: 300px) 100vw, 300px\" \/><\/a> <a href=\"https:\/\/mula.es\/web\/wp-content\/uploads\/2024\/11\/8-13-scaled.jpg\"><img decoding=\"async\" data-attachment-id=\"56602\" data-permalink=\"https:\/\/mula.es\/web\/juventud-el-talento-joven-de-mula-brilla-en-los-premios-juventud-2024\/8-27\/\" data-orig-file=\"https:\/\/mula.es\/web\/wp-content\/uploads\/2024\/11\/8-13-scaled.jpg\" data-orig-size=\"2560,1707\" data-comments-opened=\"0\" data-image-meta=\"{&quot;aperture&quot;:&quot;0&quot;,&quot;credit&quot;:&quot;&quot;,&quot;camera&quot;:&quot;&quot;,&quot;caption&quot;:&quot;&quot;,&quot;created_timestamp&quot;:&quot;0&quot;,&quot;copyright&quot;:&quot;&quot;,&quot;focal_length&quot;:&quot;0&quot;,&quot;iso&quot;:&quot;0&quot;,&quot;shutter_speed&quot;:&quot;0&quot;,&quot;title&quot;:&quot;&quot;,&quot;orientation&quot;:&quot;1&quot;}\" data-image-title=\"8\" data-image-description=\"\" data-image-caption=\"\" data-large-file=\"https:\/\/mula.es\/web\/wp-content\/uploads\/2024\/11\/8-13-1024x683.jpg\" class=\"alignnone size-medium wp-image-56602\" src=\"https:\/\/mula.es\/web\/wp-content\/uploads\/2024\/11\/8-13-300x200.jpg\" alt=\"\" width=\"300\" height=\"200\" srcset=\"https:\/\/mula.es\/web\/wp-content\/uploads\/2024\/11\/8-13-200x133.jpg 200w, https:\/\/mula.es\/web\/wp-content\/uploads\/2024\/11\/8-13-300x200.jpg 300w, https:\/\/mula.es\/web\/wp-content\/uploads\/2024\/11\/8-13-400x267.jpg 400w, https:\/\/mula.es\/web\/wp-content\/uploads\/2024\/11\/8-13-600x400.jpg 600w, https:\/\/mula.es\/web\/wp-content\/uploads\/2024\/11\/8-13-768x512.jpg 768w, https:\/\/mula.es\/web\/wp-content\/uploads\/2024\/11\/8-13-800x533.jpg 800w, https:\/\/mula.es\/web\/wp-content\/uploads\/2024\/11\/8-13-1024x683.jpg 1024w, https:\/\/mula.es\/web\/wp-content\/uploads\/2024\/11\/8-13-1200x800.jpg 1200w, https:\/\/mula.es\/web\/wp-content\/uploads\/2024\/11\/8-13-1536x1024.jpg 1536w\" sizes=\"(max-width: 300px) 100vw, 300px\" \/><\/a> <a href=\"https:\/\/mula.es\/web\/wp-content\/uploads\/2024\/11\/9-8-scaled.jpg\"><img decoding=\"async\" data-attachment-id=\"56603\" data-permalink=\"https:\/\/mula.es\/web\/juventud-el-talento-joven-de-mula-brilla-en-los-premios-juventud-2024\/9-16\/\" data-orig-file=\"https:\/\/mula.es\/web\/wp-content\/uploads\/2024\/11\/9-8-scaled.jpg\" data-orig-size=\"2560,1707\" data-comments-opened=\"0\" data-image-meta=\"{&quot;aperture&quot;:&quot;0&quot;,&quot;credit&quot;:&quot;&quot;,&quot;camera&quot;:&quot;&quot;,&quot;caption&quot;:&quot;&quot;,&quot;created_timestamp&quot;:&quot;0&quot;,&quot;copyright&quot;:&quot;&quot;,&quot;focal_length&quot;:&quot;0&quot;,&quot;iso&quot;:&quot;0&quot;,&quot;shutter_speed&quot;:&quot;0&quot;,&quot;title&quot;:&quot;&quot;,&quot;orientation&quot;:&quot;1&quot;}\" data-image-title=\"9\" data-image-description=\"\" data-image-caption=\"\" data-large-file=\"https:\/\/mula.es\/web\/wp-content\/uploads\/2024\/11\/9-8-1024x683.jpg\" class=\"alignnone size-medium wp-image-56603\" src=\"https:\/\/mula.es\/web\/wp-content\/uploads\/2024\/11\/9-8-300x200.jpg\" alt=\"\" width=\"300\" height=\"200\" srcset=\"https:\/\/mula.es\/web\/wp-content\/uploads\/2024\/11\/9-8-200x133.jpg 200w, https:\/\/mula.es\/web\/wp-content\/uploads\/2024\/11\/9-8-300x200.jpg 300w, https:\/\/mula.es\/web\/wp-content\/uploads\/2024\/11\/9-8-400x267.jpg 400w, https:\/\/mula.es\/web\/wp-content\/uploads\/2024\/11\/9-8-600x400.jpg 600w, https:\/\/mula.es\/web\/wp-content\/uploads\/2024\/11\/9-8-768x512.jpg 768w, https:\/\/mula.es\/web\/wp-content\/uploads\/2024\/11\/9-8-800x533.jpg 800w, https:\/\/mula.es\/web\/wp-content\/uploads\/2024\/11\/9-8-1024x683.jpg 1024w, https:\/\/mula.es\/web\/wp-content\/uploads\/2024\/11\/9-8-1200x800.jpg 1200w, https:\/\/mula.es\/web\/wp-content\/uploads\/2024\/11\/9-8-1536x1024.jpg 1536w\" sizes=\"(max-width: 300px) 100vw, 300px\" \/><\/a><\/p>\n","protected":false},"excerpt":{"rendered":"<p>NOTA DE PRENSA &#8211; 28 DE NOVIEMBRE DE 2024 \u00a0 El talento joven de Mula brilla en los Premios Juventud 2024 Hoy, el alcalde de Mula, Juan Jes\u00fas Moreno, el concejal de Juventud, Toni Ruiz y el diputado regional de Mula, Fernando Moreno, junto a miembros de la corporaci\u00f3n municipal del Ayuntamiento de Mula, han  [&#8230;]<\/p>\n","protected":false},"author":13,"featured_media":33512,"comment_status":"closed","ping_status":"closed","sticky":false,"template":"","format":"standard","meta":{"jetpack_post_was_ever_published":false,"_jetpack_newsletter_access":"","_jetpack_dont_email_post_to_subs":false,"_jetpack_newsletter_tier_id":0,"_jetpack_memberships_contains_paywalled_content":false,"_jetpack_memberships_contains_paid_content":false,"footnotes":"","jetpack_publicize_message":"","jetpack_publicize_feature_enabled":true,"jetpack_social_post_already_shared":false,"jetpack_social_options":{"image_generator_settings":{"template":"highway","default_image_id":0,"font":"","enabled":false},"version":2}},"categories":[87],"tags":[],"class_list":["post-56593","post","type-post","status-publish","format-standard","has-post-thumbnail","hentry","category-juventud-y-adolescencia"],"yoast_head":"<!-- This site is optimized with the Yoast SEO plugin v27.5 - https:\/\/yoast.com\/product\/yoast-seo-wordpress\/ -->\n<title>JUVENTUD | El talento joven de Mula brilla en los Premios Juventud 2024 - Ayuntamiento de Mula<\/title>\n<meta name=\"robots\" content=\"index, follow, max-snippet:-1, max-image-preview:large, max-video-preview:-1\" \/>\n<link rel=\"canonical\" href=\"https:\/\/mula.es\/web\/juventud-el-talento-joven-de-mula-brilla-en-los-premios-juventud-2024\/\" \/>\n<meta property=\"og:locale\" content=\"es_ES\" \/>\n<meta property=\"og:type\" content=\"article\" \/>\n<meta property=\"og:title\" content=\"JUVENTUD | El talento joven de Mula brilla en los Premios Juventud 2024 - Ayuntamiento de Mula\" \/>\n<meta property=\"og:description\" content=\"NOTA DE PRENSA &#8211; 28 DE NOVIEMBRE DE 2024 \u00a0 El talento joven de Mula brilla en los Premios Juventud 2024 Hoy, el alcalde de Mula, Juan Jes\u00fas Moreno, el concejal de Juventud, Toni Ruiz y el diputado regional de Mula, Fernando Moreno, junto a miembros de la corporaci\u00f3n municipal del Ayuntamiento de Mula, han [...]\" \/>\n<meta property=\"og:url\" content=\"https:\/\/mula.es\/web\/juventud-el-talento-joven-de-mula-brilla-en-los-premios-juventud-2024\/\" \/>\n<meta property=\"og:site_name\" content=\"Ayuntamiento de Mula\" \/>\n<meta property=\"article:published_time\" content=\"2024-11-28T21:16:27+00:00\" \/>\n<meta property=\"og:image\" content=\"https:\/\/mula.es\/web\/wp-content\/uploads\/2020\/06\/escudo-cuadrado-e1591045058235.jpg\" \/>\n\t<meta property=\"og:image:width\" content=\"200\" \/>\n\t<meta property=\"og:image:height\" content=\"218\" \/>\n\t<meta property=\"og:image:type\" content=\"image\/jpeg\" \/>\n<meta name=\"author\" content=\"Laura Salas Orcajada\" \/>\n<meta name=\"twitter:card\" content=\"summary_large_image\" \/>\n<meta name=\"twitter:creator\" content=\"@AyuntamientMula\" \/>\n<meta name=\"twitter:site\" content=\"@AyuntamientMula\" \/>\n<meta name=\"twitter:label1\" content=\"Escrito por\" \/>\n\t<meta name=\"twitter:data1\" content=\"Laura Salas Orcajada\" \/>\n\t<meta name=\"twitter:label2\" content=\"Tiempo de lectura\" \/>\n\t<meta name=\"twitter:data2\" content=\"3 minutos\" \/>\n<script type=\"application\/ld+json\" class=\"yoast-schema-graph\">{\"@context\":\"https:\\\/\\\/schema.org\",\"@graph\":[{\"@type\":\"Article\",\"@id\":\"https:\\\/\\\/mula.es\\\/web\\\/juventud-el-talento-joven-de-mula-brilla-en-los-premios-juventud-2024\\\/#article\",\"isPartOf\":{\"@id\":\"https:\\\/\\\/mula.es\\\/web\\\/juventud-el-talento-joven-de-mula-brilla-en-los-premios-juventud-2024\\\/\"},\"author\":{\"name\":\"Laura Salas Orcajada\",\"@id\":\"https:\\\/\\\/mula.es\\\/web\\\/#\\\/schema\\\/person\\\/4f10179bd364f40dceed361e61e4033f\"},\"headline\":\"JUVENTUD | El talento joven de Mula brilla en los Premios Juventud 2024\",\"datePublished\":\"2024-11-28T21:16:27+00:00\",\"mainEntityOfPage\":{\"@id\":\"https:\\\/\\\/mula.es\\\/web\\\/juventud-el-talento-joven-de-mula-brilla-en-los-premios-juventud-2024\\\/\"},\"wordCount\":512,\"image\":{\"@id\":\"https:\\\/\\\/mula.es\\\/web\\\/juventud-el-talento-joven-de-mula-brilla-en-los-premios-juventud-2024\\\/#primaryimage\"},\"thumbnailUrl\":\"https:\\\/\\\/mula.es\\\/web\\\/wp-content\\\/uploads\\\/2020\\\/06\\\/escudo-cuadrado-e1591045058235.jpg\",\"articleSection\":[\"juventud y adolescencia\"],\"inLanguage\":\"es\"},{\"@type\":\"WebPage\",\"@id\":\"https:\\\/\\\/mula.es\\\/web\\\/juventud-el-talento-joven-de-mula-brilla-en-los-premios-juventud-2024\\\/\",\"url\":\"https:\\\/\\\/mula.es\\\/web\\\/juventud-el-talento-joven-de-mula-brilla-en-los-premios-juventud-2024\\\/\",\"name\":\"JUVENTUD | El talento joven de Mula brilla en los Premios Juventud 2024 - Ayuntamiento de Mula\",\"isPartOf\":{\"@id\":\"https:\\\/\\\/mula.es\\\/web\\\/#website\"},\"primaryImageOfPage\":{\"@id\":\"https:\\\/\\\/mula.es\\\/web\\\/juventud-el-talento-joven-de-mula-brilla-en-los-premios-juventud-2024\\\/#primaryimage\"},\"image\":{\"@id\":\"https:\\\/\\\/mula.es\\\/web\\\/juventud-el-talento-joven-de-mula-brilla-en-los-premios-juventud-2024\\\/#primaryimage\"},\"thumbnailUrl\":\"https:\\\/\\\/mula.es\\\/web\\\/wp-content\\\/uploads\\\/2020\\\/06\\\/escudo-cuadrado-e1591045058235.jpg\",\"datePublished\":\"2024-11-28T21:16:27+00:00\",\"author\":{\"@id\":\"https:\\\/\\\/mula.es\\\/web\\\/#\\\/schema\\\/person\\\/4f10179bd364f40dceed361e61e4033f\"},\"breadcrumb\":{\"@id\":\"https:\\\/\\\/mula.es\\\/web\\\/juventud-el-talento-joven-de-mula-brilla-en-los-premios-juventud-2024\\\/#breadcrumb\"},\"inLanguage\":\"es\",\"potentialAction\":[{\"@type\":\"ReadAction\",\"target\":[\"https:\\\/\\\/mula.es\\\/web\\\/juventud-el-talento-joven-de-mula-brilla-en-los-premios-juventud-2024\\\/\"]}]},{\"@type\":\"ImageObject\",\"inLanguage\":\"es\",\"@id\":\"https:\\\/\\\/mula.es\\\/web\\\/juventud-el-talento-joven-de-mula-brilla-en-los-premios-juventud-2024\\\/#primaryimage\",\"url\":\"https:\\\/\\\/mula.es\\\/web\\\/wp-content\\\/uploads\\\/2020\\\/06\\\/escudo-cuadrado-e1591045058235.jpg\",\"contentUrl\":\"https:\\\/\\\/mula.es\\\/web\\\/wp-content\\\/uploads\\\/2020\\\/06\\\/escudo-cuadrado-e1591045058235.jpg\",\"width\":200,\"height\":218},{\"@type\":\"BreadcrumbList\",\"@id\":\"https:\\\/\\\/mula.es\\\/web\\\/juventud-el-talento-joven-de-mula-brilla-en-los-premios-juventud-2024\\\/#breadcrumb\",\"itemListElement\":[{\"@type\":\"ListItem\",\"position\":1,\"name\":\"Portada\",\"item\":\"https:\\\/\\\/mula.es\\\/web\\\/\"},{\"@type\":\"ListItem\",\"position\":2,\"name\":\"JUVENTUD | El talento joven de Mula brilla en los Premios Juventud 2024\"}]},{\"@type\":\"WebSite\",\"@id\":\"https:\\\/\\\/mula.es\\\/web\\\/#website\",\"url\":\"https:\\\/\\\/mula.es\\\/web\\\/\",\"name\":\"Ayuntamiento de Mula\",\"description\":\"P\u00e1gina web del Ayuntamiento de Mula (Regi\u00f3n de Murcia)\",\"potentialAction\":[{\"@type\":\"SearchAction\",\"target\":{\"@type\":\"EntryPoint\",\"urlTemplate\":\"https:\\\/\\\/mula.es\\\/web\\\/?s={search_term_string}\"},\"query-input\":{\"@type\":\"PropertyValueSpecification\",\"valueRequired\":true,\"valueName\":\"search_term_string\"}}],\"inLanguage\":\"es\"},{\"@type\":\"Person\",\"@id\":\"https:\\\/\\\/mula.es\\\/web\\\/#\\\/schema\\\/person\\\/4f10179bd364f40dceed361e61e4033f\",\"name\":\"Laura Salas Orcajada\",\"image\":{\"@type\":\"ImageObject\",\"inLanguage\":\"es\",\"@id\":\"https:\\\/\\\/secure.gravatar.com\\\/avatar\\\/786f2a223d9a455e2a448f78b5dcc1117207ef56ef3d9a04df338c0f775cd403?s=96&d=mm&r=g\",\"url\":\"https:\\\/\\\/secure.gravatar.com\\\/avatar\\\/786f2a223d9a455e2a448f78b5dcc1117207ef56ef3d9a04df338c0f775cd403?s=96&d=mm&r=g\",\"contentUrl\":\"https:\\\/\\\/secure.gravatar.com\\\/avatar\\\/786f2a223d9a455e2a448f78b5dcc1117207ef56ef3d9a04df338c0f775cd403?s=96&d=mm&r=g\",\"caption\":\"Laura Salas Orcajada\"},\"url\":\"https:\\\/\\\/mula.es\\\/web\\\/author\\\/lsalas\\\/\"}]}<\/script>\n<!-- \/ Yoast SEO plugin. -->","yoast_head_json":{"title":"JUVENTUD | El talento joven de Mula brilla en los Premios Juventud 2024 - Ayuntamiento de Mula","robots":{"index":"index","follow":"follow","max-snippet":"max-snippet:-1","max-image-preview":"max-image-preview:large","max-video-preview":"max-video-preview:-1"},"canonical":"https:\/\/mula.es\/web\/juventud-el-talento-joven-de-mula-brilla-en-los-premios-juventud-2024\/","og_locale":"es_ES","og_type":"article","og_title":"JUVENTUD | El talento joven de Mula brilla en los Premios Juventud 2024 - Ayuntamiento de Mula","og_description":"NOTA DE PRENSA &#8211; 28 DE NOVIEMBRE DE 2024 \u00a0 El talento joven de Mula brilla en los Premios Juventud 2024 Hoy, el alcalde de Mula, Juan Jes\u00fas Moreno, el concejal de Juventud, Toni Ruiz y el diputado regional de Mula, Fernando Moreno, junto a miembros de la corporaci\u00f3n municipal del Ayuntamiento de Mula, han [...]","og_url":"https:\/\/mula.es\/web\/juventud-el-talento-joven-de-mula-brilla-en-los-premios-juventud-2024\/","og_site_name":"Ayuntamiento de Mula","article_published_time":"2024-11-28T21:16:27+00:00","og_image":[{"width":200,"height":218,"url":"https:\/\/mula.es\/web\/wp-content\/uploads\/2020\/06\/escudo-cuadrado-e1591045058235.jpg","type":"image\/jpeg"}],"author":"Laura Salas Orcajada","twitter_card":"summary_large_image","twitter_creator":"@AyuntamientMula","twitter_site":"@AyuntamientMula","twitter_misc":{"Escrito por":"Laura Salas Orcajada","Tiempo de lectura":"3 minutos"},"schema":{"@context":"https:\/\/schema.org","@graph":[{"@type":"Article","@id":"https:\/\/mula.es\/web\/juventud-el-talento-joven-de-mula-brilla-en-los-premios-juventud-2024\/#article","isPartOf":{"@id":"https:\/\/mula.es\/web\/juventud-el-talento-joven-de-mula-brilla-en-los-premios-juventud-2024\/"},"author":{"name":"Laura Salas Orcajada","@id":"https:\/\/mula.es\/web\/#\/schema\/person\/4f10179bd364f40dceed361e61e4033f"},"headline":"JUVENTUD | El talento joven de Mula brilla en los Premios Juventud 2024","datePublished":"2024-11-28T21:16:27+00:00","mainEntityOfPage":{"@id":"https:\/\/mula.es\/web\/juventud-el-talento-joven-de-mula-brilla-en-los-premios-juventud-2024\/"},"wordCount":512,"image":{"@id":"https:\/\/mula.es\/web\/juventud-el-talento-joven-de-mula-brilla-en-los-premios-juventud-2024\/#primaryimage"},"thumbnailUrl":"https:\/\/mula.es\/web\/wp-content\/uploads\/2020\/06\/escudo-cuadrado-e1591045058235.jpg","articleSection":["juventud y adolescencia"],"inLanguage":"es"},{"@type":"WebPage","@id":"https:\/\/mula.es\/web\/juventud-el-talento-joven-de-mula-brilla-en-los-premios-juventud-2024\/","url":"https:\/\/mula.es\/web\/juventud-el-talento-joven-de-mula-brilla-en-los-premios-juventud-2024\/","name":"JUVENTUD | El talento joven de Mula brilla en los Premios Juventud 2024 - Ayuntamiento de Mula","isPartOf":{"@id":"https:\/\/mula.es\/web\/#website"},"primaryImageOfPage":{"@id":"https:\/\/mula.es\/web\/juventud-el-talento-joven-de-mula-brilla-en-los-premios-juventud-2024\/#primaryimage"},"image":{"@id":"https:\/\/mula.es\/web\/juventud-el-talento-joven-de-mula-brilla-en-los-premios-juventud-2024\/#primaryimage"},"thumbnailUrl":"https:\/\/mula.es\/web\/wp-content\/uploads\/2020\/06\/escudo-cuadrado-e1591045058235.jpg","datePublished":"2024-11-28T21:16:27+00:00","author":{"@id":"https:\/\/mula.es\/web\/#\/schema\/person\/4f10179bd364f40dceed361e61e4033f"},"breadcrumb":{"@id":"https:\/\/mula.es\/web\/juventud-el-talento-joven-de-mula-brilla-en-los-premios-juventud-2024\/#breadcrumb"},"inLanguage":"es","potentialAction":[{"@type":"ReadAction","target":["https:\/\/mula.es\/web\/juventud-el-talento-joven-de-mula-brilla-en-los-premios-juventud-2024\/"]}]},{"@type":"ImageObject","inLanguage":"es","@id":"https:\/\/mula.es\/web\/juventud-el-talento-joven-de-mula-brilla-en-los-premios-juventud-2024\/#primaryimage","url":"https:\/\/mula.es\/web\/wp-content\/uploads\/2020\/06\/escudo-cuadrado-e1591045058235.jpg","contentUrl":"https:\/\/mula.es\/web\/wp-content\/uploads\/2020\/06\/escudo-cuadrado-e1591045058235.jpg","width":200,"height":218},{"@type":"BreadcrumbList","@id":"https:\/\/mula.es\/web\/juventud-el-talento-joven-de-mula-brilla-en-los-premios-juventud-2024\/#breadcrumb","itemListElement":[{"@type":"ListItem","position":1,"name":"Portada","item":"https:\/\/mula.es\/web\/"},{"@type":"ListItem","position":2,"name":"JUVENTUD | El talento joven de Mula brilla en los Premios Juventud 2024"}]},{"@type":"WebSite","@id":"https:\/\/mula.es\/web\/#website","url":"https:\/\/mula.es\/web\/","name":"Ayuntamiento de Mula","description":"P\u00e1gina web del Ayuntamiento de Mula (Regi\u00f3n de Murcia)","potentialAction":[{"@type":"SearchAction","target":{"@type":"EntryPoint","urlTemplate":"https:\/\/mula.es\/web\/?s={search_term_string}"},"query-input":{"@type":"PropertyValueSpecification","valueRequired":true,"valueName":"search_term_string"}}],"inLanguage":"es"},{"@type":"Person","@id":"https:\/\/mula.es\/web\/#\/schema\/person\/4f10179bd364f40dceed361e61e4033f","name":"Laura Salas Orcajada","image":{"@type":"ImageObject","inLanguage":"es","@id":"https:\/\/secure.gravatar.com\/avatar\/786f2a223d9a455e2a448f78b5dcc1117207ef56ef3d9a04df338c0f775cd403?s=96&d=mm&r=g","url":"https:\/\/secure.gravatar.com\/avatar\/786f2a223d9a455e2a448f78b5dcc1117207ef56ef3d9a04df338c0f775cd403?s=96&d=mm&r=g","contentUrl":"https:\/\/secure.gravatar.com\/avatar\/786f2a223d9a455e2a448f78b5dcc1117207ef56ef3d9a04df338c0f775cd403?s=96&d=mm&r=g","caption":"Laura Salas Orcajada"},"url":"https:\/\/mula.es\/web\/author\/lsalas\/"}]}},"jetpack_publicize_connections":[],"jetpack_featured_media_url":"https:\/\/mula.es\/web\/wp-content\/uploads\/2020\/06\/escudo-cuadrado-e1591045058235.jpg","jetpack_sharing_enabled":true,"jetpack_shortlink":"https:\/\/wp.me\/pa9DMY-eIN","jetpack-related-posts":[],"_links":{"self":[{"href":"https:\/\/mula.es\/web\/wp-json\/wp\/v2\/posts\/56593","targetHints":{"allow":["GET"]}}],"collection":[{"href":"https:\/\/mula.es\/web\/wp-json\/wp\/v2\/posts"}],"about":[{"href":"https:\/\/mula.es\/web\/wp-json\/wp\/v2\/types\/post"}],"author":[{"embeddable":true,"href":"https:\/\/mula.es\/web\/wp-json\/wp\/v2\/users\/13"}],"replies":[{"embeddable":true,"href":"https:\/\/mula.es\/web\/wp-json\/wp\/v2\/comments?post=56593"}],"version-history":[{"count":2,"href":"https:\/\/mula.es\/web\/wp-json\/wp\/v2\/posts\/56593\/revisions"}],"predecessor-version":[{"id":56604,"href":"https:\/\/mula.es\/web\/wp-json\/wp\/v2\/posts\/56593\/revisions\/56604"}],"wp:featuredmedia":[{"embeddable":true,"href":"https:\/\/mula.es\/web\/wp-json\/wp\/v2\/media\/33512"}],"wp:attachment":[{"href":"https:\/\/mula.es\/web\/wp-json\/wp\/v2\/media?parent=56593"}],"wp:term":[{"taxonomy":"category","embeddable":true,"href":"https:\/\/mula.es\/web\/wp-json\/wp\/v2\/categories?post=56593"},{"taxonomy":"post_tag","embeddable":true,"href":"https:\/\/mula.es\/web\/wp-json\/wp\/v2\/tags?post=56593"}],"curies":[{"name":"wp","href":"https:\/\/api.w.org\/{rel}","templated":true}]}}