{"id":56642,"date":"2024-12-03T13:02:32","date_gmt":"2024-12-03T12:02:32","guid":{"rendered":"https:\/\/mula.es\/web\/?p=56642"},"modified":"2024-12-03T13:02:32","modified_gmt":"2024-12-03T12:02:32","slug":"infancia-el-organo-de-participacion-infantil-y-adolescente-de-mula-destaca-en-el-iii-encuentro-autonomico-de-participacion-infantil-y-adolescente","status":"publish","type":"post","link":"https:\/\/mula.es\/web\/infancia-el-organo-de-participacion-infantil-y-adolescente-de-mula-destaca-en-el-iii-encuentro-autonomico-de-participacion-infantil-y-adolescente\/","title":{"rendered":"INFANCIA | El \u00d3rgano de Participaci\u00f3n Infantil y Adolescente de Mula destaca en el III Encuentro Auton\u00f3mico de Participaci\u00f3n Infantil y Adolescente"},"content":{"rendered":"<p><strong>NOTA DE PRENSA &#8211; 3 DE DICIEMBRE DE 2024<\/strong><\/p>\n<p><strong>\u00a0<\/strong><\/p>\n<h2><strong>El \u00d3rgano de Participaci\u00f3n Infantil y Adolescente de Mula destaca en el III Encuentro Auton\u00f3mico de Participaci\u00f3n Infantil y Adolescente<\/strong><\/h2>\n<p>El pasado s\u00e1bado, 30 de noviembre, los chicos y chicas del \u00d3rgano de Participaci\u00f3n Infantil y Adolescente (OPIA) de Mula representaron al municipio en el III Encuentro Auton\u00f3mico de Participaci\u00f3n Infantil y Adolescente de la Regi\u00f3n de Murcia, celebrado en Alcantarilla. Este evento, organizado por el Ayuntamiento de Alcantarilla, su OPIA y UNICEF Murcia, reuni\u00f3 a cerca de 60 j\u00f3venes de entre 10 y 17 a\u00f1os procedentes de municipios que tienen el t\u00edtulo de <em>Ciudad Amiga de la Infancia<\/em> y centros educativos referentes en derechos de infancia.<\/p>\n<p>Bajo el tema principal del \u201cDerecho a la Protecci\u00f3n y el Buen Trato a la Infancia y Adolescencia\u201d, el encuentro fue un espacio de reflexi\u00f3n y aprendizaje sobre c\u00f3mo fortalecer la participaci\u00f3n infantil y adolescente, haci\u00e9ndola significativa y de calidad. Los asistentes tuvieron la oportunidad de compartir logros alcanzados en sus localidades, plantear propuestas para prevenir la violencia infantil, y destacar la importancia de entornos seguros para su desarrollo.<\/p>\n<p>\u201cLa participaci\u00f3n infantil y adolescente es clave para construir un municipio inclusivo y comprometido con los derechos de la infancia. Los chicos y chicas del OPIA de Mula son un ejemplo de c\u00f3mo nuestras generaciones m\u00e1s j\u00f3venes pueden liderar cambios significativos y muy necesarios para nuestra sociedad\u201d, destac\u00f3 Antonia Gabarr\u00f3n, concejala de Infancia.<\/p>\n<p>Desde el Ayuntamiento de Mula se valora la implicaci\u00f3n y el compromiso del OPIA como un ejemplo de c\u00f3mo los ni\u00f1os, ni\u00f1as y adolescentes pueden influir positivamente en la vida comunitaria, promoviendo cambios en sus municipios a trav\u00e9s de su participaci\u00f3n. Este tipo de encuentros refuerza el compromiso del municipio con los derechos de la infancia y fomenta una ciudadan\u00eda activa desde edades tempranas.<\/p>\n<p><a href=\"https:\/\/mula.es\/web\/wp-content\/uploads\/2024\/12\/1-2-scaled.jpg\"><img decoding=\"async\" data-attachment-id=\"56643\" data-permalink=\"https:\/\/mula.es\/web\/infancia-el-organo-de-participacion-infantil-y-adolescente-de-mula-destaca-en-el-iii-encuentro-autonomico-de-participacion-infantil-y-adolescente\/1-161\/\" data-orig-file=\"https:\/\/mula.es\/web\/wp-content\/uploads\/2024\/12\/1-2-scaled.jpg\" data-orig-size=\"2560,1707\" data-comments-opened=\"0\" data-image-meta=\"{&quot;aperture&quot;:&quot;0&quot;,&quot;credit&quot;:&quot;&quot;,&quot;camera&quot;:&quot;&quot;,&quot;caption&quot;:&quot;&quot;,&quot;created_timestamp&quot;:&quot;0&quot;,&quot;copyright&quot;:&quot;&quot;,&quot;focal_length&quot;:&quot;0&quot;,&quot;iso&quot;:&quot;0&quot;,&quot;shutter_speed&quot;:&quot;0&quot;,&quot;title&quot;:&quot;&quot;,&quot;orientation&quot;:&quot;1&quot;}\" data-image-title=\"1\" data-image-description=\"\" data-image-caption=\"\" data-large-file=\"https:\/\/mula.es\/web\/wp-content\/uploads\/2024\/12\/1-2-1024x683.jpg\" class=\"alignnone size-medium wp-image-56643\" src=\"https:\/\/mula.es\/web\/wp-content\/uploads\/2024\/12\/1-2-300x200.jpg\" alt=\"\" width=\"300\" height=\"200\" srcset=\"https:\/\/mula.es\/web\/wp-content\/uploads\/2024\/12\/1-2-200x133.jpg 200w, https:\/\/mula.es\/web\/wp-content\/uploads\/2024\/12\/1-2-300x200.jpg 300w, https:\/\/mula.es\/web\/wp-content\/uploads\/2024\/12\/1-2-400x267.jpg 400w, https:\/\/mula.es\/web\/wp-content\/uploads\/2024\/12\/1-2-600x400.jpg 600w, https:\/\/mula.es\/web\/wp-content\/uploads\/2024\/12\/1-2-768x512.jpg 768w, https:\/\/mula.es\/web\/wp-content\/uploads\/2024\/12\/1-2-800x533.jpg 800w, https:\/\/mula.es\/web\/wp-content\/uploads\/2024\/12\/1-2-1024x683.jpg 1024w, https:\/\/mula.es\/web\/wp-content\/uploads\/2024\/12\/1-2-1200x800.jpg 1200w, https:\/\/mula.es\/web\/wp-content\/uploads\/2024\/12\/1-2-1536x1024.jpg 1536w\" sizes=\"(max-width: 300px) 100vw, 300px\" \/><\/a><a href=\"https:\/\/mula.es\/web\/wp-content\/uploads\/2024\/12\/2-2-scaled.jpg\"><img decoding=\"async\" data-attachment-id=\"56644\" data-permalink=\"https:\/\/mula.es\/web\/infancia-el-organo-de-participacion-infantil-y-adolescente-de-mula-destaca-en-el-iii-encuentro-autonomico-de-participacion-infantil-y-adolescente\/2-154\/\" data-orig-file=\"https:\/\/mula.es\/web\/wp-content\/uploads\/2024\/12\/2-2-scaled.jpg\" data-orig-size=\"2560,1707\" data-comments-opened=\"0\" data-image-meta=\"{&quot;aperture&quot;:&quot;0&quot;,&quot;credit&quot;:&quot;&quot;,&quot;camera&quot;:&quot;&quot;,&quot;caption&quot;:&quot;&quot;,&quot;created_timestamp&quot;:&quot;0&quot;,&quot;copyright&quot;:&quot;&quot;,&quot;focal_length&quot;:&quot;0&quot;,&quot;iso&quot;:&quot;0&quot;,&quot;shutter_speed&quot;:&quot;0&quot;,&quot;title&quot;:&quot;&quot;,&quot;orientation&quot;:&quot;1&quot;}\" data-image-title=\"2\" data-image-description=\"\" data-image-caption=\"\" data-large-file=\"https:\/\/mula.es\/web\/wp-content\/uploads\/2024\/12\/2-2-1024x683.jpg\" class=\"alignnone size-medium wp-image-56644\" src=\"https:\/\/mula.es\/web\/wp-content\/uploads\/2024\/12\/2-2-300x200.jpg\" alt=\"\" width=\"300\" height=\"200\" srcset=\"https:\/\/mula.es\/web\/wp-content\/uploads\/2024\/12\/2-2-200x133.jpg 200w, https:\/\/mula.es\/web\/wp-content\/uploads\/2024\/12\/2-2-300x200.jpg 300w, https:\/\/mula.es\/web\/wp-content\/uploads\/2024\/12\/2-2-400x267.jpg 400w, https:\/\/mula.es\/web\/wp-content\/uploads\/2024\/12\/2-2-600x400.jpg 600w, https:\/\/mula.es\/web\/wp-content\/uploads\/2024\/12\/2-2-768x512.jpg 768w, https:\/\/mula.es\/web\/wp-content\/uploads\/2024\/12\/2-2-800x533.jpg 800w, https:\/\/mula.es\/web\/wp-content\/uploads\/2024\/12\/2-2-1024x683.jpg 1024w, https:\/\/mula.es\/web\/wp-content\/uploads\/2024\/12\/2-2-1200x800.jpg 1200w, https:\/\/mula.es\/web\/wp-content\/uploads\/2024\/12\/2-2-1536x1024.jpg 1536w\" sizes=\"(max-width: 300px) 100vw, 300px\" \/><\/a><a href=\"https:\/\/mula.es\/web\/wp-content\/uploads\/2024\/12\/3-1-scaled.jpg\"><img decoding=\"async\" data-attachment-id=\"56645\" data-permalink=\"https:\/\/mula.es\/web\/infancia-el-organo-de-participacion-infantil-y-adolescente-de-mula-destaca-en-el-iii-encuentro-autonomico-de-participacion-infantil-y-adolescente\/3-138\/\" data-orig-file=\"https:\/\/mula.es\/web\/wp-content\/uploads\/2024\/12\/3-1-scaled.jpg\" data-orig-size=\"2560,1707\" data-comments-opened=\"0\" data-image-meta=\"{&quot;aperture&quot;:&quot;0&quot;,&quot;credit&quot;:&quot;&quot;,&quot;camera&quot;:&quot;&quot;,&quot;caption&quot;:&quot;&quot;,&quot;created_timestamp&quot;:&quot;0&quot;,&quot;copyright&quot;:&quot;&quot;,&quot;focal_length&quot;:&quot;0&quot;,&quot;iso&quot;:&quot;0&quot;,&quot;shutter_speed&quot;:&quot;0&quot;,&quot;title&quot;:&quot;&quot;,&quot;orientation&quot;:&quot;1&quot;}\" data-image-title=\"3\" data-image-description=\"\" data-image-caption=\"\" data-large-file=\"https:\/\/mula.es\/web\/wp-content\/uploads\/2024\/12\/3-1-1024x683.jpg\" class=\"alignnone size-medium wp-image-56645\" src=\"https:\/\/mula.es\/web\/wp-content\/uploads\/2024\/12\/3-1-300x200.jpg\" alt=\"\" width=\"300\" height=\"200\" srcset=\"https:\/\/mula.es\/web\/wp-content\/uploads\/2024\/12\/3-1-200x133.jpg 200w, https:\/\/mula.es\/web\/wp-content\/uploads\/2024\/12\/3-1-300x200.jpg 300w, https:\/\/mula.es\/web\/wp-content\/uploads\/2024\/12\/3-1-400x267.jpg 400w, https:\/\/mula.es\/web\/wp-content\/uploads\/2024\/12\/3-1-600x400.jpg 600w, https:\/\/mula.es\/web\/wp-content\/uploads\/2024\/12\/3-1-768x512.jpg 768w, https:\/\/mula.es\/web\/wp-content\/uploads\/2024\/12\/3-1-800x533.jpg 800w, https:\/\/mula.es\/web\/wp-content\/uploads\/2024\/12\/3-1-1024x683.jpg 1024w, https:\/\/mula.es\/web\/wp-content\/uploads\/2024\/12\/3-1-1200x800.jpg 1200w, https:\/\/mula.es\/web\/wp-content\/uploads\/2024\/12\/3-1-1536x1024.jpg 1536w\" sizes=\"(max-width: 300px) 100vw, 300px\" \/><\/a><a href=\"https:\/\/mula.es\/web\/wp-content\/uploads\/2024\/12\/4-1-scaled.jpg\"><img decoding=\"async\" data-attachment-id=\"56646\" data-permalink=\"https:\/\/mula.es\/web\/infancia-el-organo-de-participacion-infantil-y-adolescente-de-mula-destaca-en-el-iii-encuentro-autonomico-de-participacion-infantil-y-adolescente\/4-99\/\" data-orig-file=\"https:\/\/mula.es\/web\/wp-content\/uploads\/2024\/12\/4-1-scaled.jpg\" data-orig-size=\"2560,1707\" data-comments-opened=\"0\" data-image-meta=\"{&quot;aperture&quot;:&quot;0&quot;,&quot;credit&quot;:&quot;&quot;,&quot;camera&quot;:&quot;&quot;,&quot;caption&quot;:&quot;&quot;,&quot;created_timestamp&quot;:&quot;0&quot;,&quot;copyright&quot;:&quot;&quot;,&quot;focal_length&quot;:&quot;0&quot;,&quot;iso&quot;:&quot;0&quot;,&quot;shutter_speed&quot;:&quot;0&quot;,&quot;title&quot;:&quot;&quot;,&quot;orientation&quot;:&quot;1&quot;}\" data-image-title=\"4\" data-image-description=\"\" data-image-caption=\"\" data-large-file=\"https:\/\/mula.es\/web\/wp-content\/uploads\/2024\/12\/4-1-1024x683.jpg\" class=\"alignnone size-medium wp-image-56646\" src=\"https:\/\/mula.es\/web\/wp-content\/uploads\/2024\/12\/4-1-300x200.jpg\" alt=\"\" width=\"300\" height=\"200\" srcset=\"https:\/\/mula.es\/web\/wp-content\/uploads\/2024\/12\/4-1-200x133.jpg 200w, https:\/\/mula.es\/web\/wp-content\/uploads\/2024\/12\/4-1-300x200.jpg 300w, https:\/\/mula.es\/web\/wp-content\/uploads\/2024\/12\/4-1-400x267.jpg 400w, https:\/\/mula.es\/web\/wp-content\/uploads\/2024\/12\/4-1-600x400.jpg 600w, https:\/\/mula.es\/web\/wp-content\/uploads\/2024\/12\/4-1-768x512.jpg 768w, https:\/\/mula.es\/web\/wp-content\/uploads\/2024\/12\/4-1-800x533.jpg 800w, https:\/\/mula.es\/web\/wp-content\/uploads\/2024\/12\/4-1-1024x683.jpg 1024w, https:\/\/mula.es\/web\/wp-content\/uploads\/2024\/12\/4-1-1200x800.jpg 1200w, https:\/\/mula.es\/web\/wp-content\/uploads\/2024\/12\/4-1-1536x1024.jpg 1536w\" sizes=\"(max-width: 300px) 100vw, 300px\" \/><\/a><a href=\"https:\/\/mula.es\/web\/wp-content\/uploads\/2024\/12\/5-1-scaled.jpg\"><img decoding=\"async\" data-attachment-id=\"56647\" data-permalink=\"https:\/\/mula.es\/web\/infancia-el-organo-de-participacion-infantil-y-adolescente-de-mula-destaca-en-el-iii-encuentro-autonomico-de-participacion-infantil-y-adolescente\/5-65\/\" data-orig-file=\"https:\/\/mula.es\/web\/wp-content\/uploads\/2024\/12\/5-1-scaled.jpg\" data-orig-size=\"2560,1707\" data-comments-opened=\"0\" data-image-meta=\"{&quot;aperture&quot;:&quot;0&quot;,&quot;credit&quot;:&quot;&quot;,&quot;camera&quot;:&quot;&quot;,&quot;caption&quot;:&quot;&quot;,&quot;created_timestamp&quot;:&quot;0&quot;,&quot;copyright&quot;:&quot;&quot;,&quot;focal_length&quot;:&quot;0&quot;,&quot;iso&quot;:&quot;0&quot;,&quot;shutter_speed&quot;:&quot;0&quot;,&quot;title&quot;:&quot;&quot;,&quot;orientation&quot;:&quot;1&quot;}\" data-image-title=\"5\" data-image-description=\"\" data-image-caption=\"\" data-large-file=\"https:\/\/mula.es\/web\/wp-content\/uploads\/2024\/12\/5-1-1024x683.jpg\" class=\"alignnone size-medium wp-image-56647\" src=\"https:\/\/mula.es\/web\/wp-content\/uploads\/2024\/12\/5-1-300x200.jpg\" alt=\"\" width=\"300\" height=\"200\" srcset=\"https:\/\/mula.es\/web\/wp-content\/uploads\/2024\/12\/5-1-200x133.jpg 200w, https:\/\/mula.es\/web\/wp-content\/uploads\/2024\/12\/5-1-300x200.jpg 300w, https:\/\/mula.es\/web\/wp-content\/uploads\/2024\/12\/5-1-400x267.jpg 400w, https:\/\/mula.es\/web\/wp-content\/uploads\/2024\/12\/5-1-600x400.jpg 600w, https:\/\/mula.es\/web\/wp-content\/uploads\/2024\/12\/5-1-768x512.jpg 768w, https:\/\/mula.es\/web\/wp-content\/uploads\/2024\/12\/5-1-800x533.jpg 800w, https:\/\/mula.es\/web\/wp-content\/uploads\/2024\/12\/5-1-1024x683.jpg 1024w, https:\/\/mula.es\/web\/wp-content\/uploads\/2024\/12\/5-1-1200x800.jpg 1200w, https:\/\/mula.es\/web\/wp-content\/uploads\/2024\/12\/5-1-1536x1024.jpg 1536w\" sizes=\"(max-width: 300px) 100vw, 300px\" \/><\/a><a href=\"https:\/\/mula.es\/web\/wp-content\/uploads\/2024\/12\/6-scaled.jpg\"><img decoding=\"async\" data-attachment-id=\"56648\" data-permalink=\"https:\/\/mula.es\/web\/infancia-el-organo-de-participacion-infantil-y-adolescente-de-mula-destaca-en-el-iii-encuentro-autonomico-de-participacion-infantil-y-adolescente\/6-43\/\" data-orig-file=\"https:\/\/mula.es\/web\/wp-content\/uploads\/2024\/12\/6-scaled.jpg\" data-orig-size=\"2560,1707\" data-comments-opened=\"0\" data-image-meta=\"{&quot;aperture&quot;:&quot;0&quot;,&quot;credit&quot;:&quot;&quot;,&quot;camera&quot;:&quot;&quot;,&quot;caption&quot;:&quot;&quot;,&quot;created_timestamp&quot;:&quot;0&quot;,&quot;copyright&quot;:&quot;&quot;,&quot;focal_length&quot;:&quot;0&quot;,&quot;iso&quot;:&quot;0&quot;,&quot;shutter_speed&quot;:&quot;0&quot;,&quot;title&quot;:&quot;&quot;,&quot;orientation&quot;:&quot;1&quot;}\" data-image-title=\"6\" data-image-description=\"\" data-image-caption=\"\" data-large-file=\"https:\/\/mula.es\/web\/wp-content\/uploads\/2024\/12\/6-1024x683.jpg\" class=\"alignnone size-medium wp-image-56648\" src=\"https:\/\/mula.es\/web\/wp-content\/uploads\/2024\/12\/6-300x200.jpg\" alt=\"\" width=\"300\" height=\"200\" srcset=\"https:\/\/mula.es\/web\/wp-content\/uploads\/2024\/12\/6-200x133.jpg 200w, https:\/\/mula.es\/web\/wp-content\/uploads\/2024\/12\/6-300x200.jpg 300w, https:\/\/mula.es\/web\/wp-content\/uploads\/2024\/12\/6-400x267.jpg 400w, https:\/\/mula.es\/web\/wp-content\/uploads\/2024\/12\/6-600x400.jpg 600w, https:\/\/mula.es\/web\/wp-content\/uploads\/2024\/12\/6-768x512.jpg 768w, https:\/\/mula.es\/web\/wp-content\/uploads\/2024\/12\/6-800x533.jpg 800w, https:\/\/mula.es\/web\/wp-content\/uploads\/2024\/12\/6-1024x683.jpg 1024w, https:\/\/mula.es\/web\/wp-content\/uploads\/2024\/12\/6-1200x800.jpg 1200w, https:\/\/mula.es\/web\/wp-content\/uploads\/2024\/12\/6-1536x1024.jpg 1536w\" sizes=\"(max-width: 300px) 100vw, 300px\" \/><\/a><\/p>\n","protected":false},"excerpt":{"rendered":"<p>NOTA DE PRENSA &#8211; 3 DE DICIEMBRE DE 2024 \u00a0 El \u00d3rgano de Participaci\u00f3n Infantil y Adolescente de Mula destaca en el III Encuentro Auton\u00f3mico de Participaci\u00f3n Infantil y Adolescente El pasado s\u00e1bado, 30 de noviembre, los chicos y chicas del \u00d3rgano de Participaci\u00f3n Infantil y Adolescente (OPIA) de Mula representaron al municipio en el  [&#8230;]<\/p>\n","protected":false},"author":13,"featured_media":33512,"comment_status":"closed","ping_status":"closed","sticky":false,"template":"","format":"standard","meta":{"jetpack_post_was_ever_published":true,"_jetpack_newsletter_access":"","_jetpack_dont_email_post_to_subs":false,"_jetpack_newsletter_tier_id":0,"_jetpack_memberships_contains_paywalled_content":false,"_jetpack_memberships_contains_paid_content":false,"footnotes":"","jetpack_publicize_message":"","jetpack_publicize_feature_enabled":true,"jetpack_social_post_already_shared":false,"jetpack_social_options":{"image_generator_settings":{"template":"highway","default_image_id":0,"font":"","enabled":false},"version":2}},"categories":[848,149,856],"tags":[],"class_list":["post-56642","post","type-post","status-publish","format-standard","has-post-thumbnail","hentry","category-infancia","category-infantil","category-opia"],"yoast_head":"<!-- This site is optimized with the Yoast SEO plugin v27.5 - https:\/\/yoast.com\/product\/yoast-seo-wordpress\/ -->\n<title>INFANCIA | El \u00d3rgano de Participaci\u00f3n Infantil y Adolescente de Mula destaca en el III Encuentro Auton\u00f3mico de Participaci\u00f3n Infantil y Adolescente - Ayuntamiento de Mula<\/title>\n<meta name=\"robots\" content=\"index, follow, max-snippet:-1, max-image-preview:large, max-video-preview:-1\" \/>\n<link rel=\"canonical\" href=\"https:\/\/mula.es\/web\/infancia-el-organo-de-participacion-infantil-y-adolescente-de-mula-destaca-en-el-iii-encuentro-autonomico-de-participacion-infantil-y-adolescente\/\" \/>\n<meta property=\"og:locale\" content=\"es_ES\" \/>\n<meta property=\"og:type\" content=\"article\" \/>\n<meta property=\"og:title\" content=\"INFANCIA | El \u00d3rgano de Participaci\u00f3n Infantil y Adolescente de Mula destaca en el III Encuentro Auton\u00f3mico de Participaci\u00f3n Infantil y Adolescente - Ayuntamiento de Mula\" \/>\n<meta property=\"og:description\" content=\"NOTA DE PRENSA &#8211; 3 DE DICIEMBRE DE 2024 \u00a0 El \u00d3rgano de Participaci\u00f3n Infantil y Adolescente de Mula destaca en el III Encuentro Auton\u00f3mico de Participaci\u00f3n Infantil y Adolescente El pasado s\u00e1bado, 30 de noviembre, los chicos y chicas del \u00d3rgano de Participaci\u00f3n Infantil y Adolescente (OPIA) de Mula representaron al municipio en el [...]\" \/>\n<meta property=\"og:url\" content=\"https:\/\/mula.es\/web\/infancia-el-organo-de-participacion-infantil-y-adolescente-de-mula-destaca-en-el-iii-encuentro-autonomico-de-participacion-infantil-y-adolescente\/\" \/>\n<meta property=\"og:site_name\" content=\"Ayuntamiento de Mula\" \/>\n<meta property=\"article:published_time\" content=\"2024-12-03T12:02:32+00:00\" \/>\n<meta property=\"og:image\" content=\"https:\/\/mula.es\/web\/wp-content\/uploads\/2020\/06\/escudo-cuadrado-e1591045058235.jpg\" \/>\n\t<meta property=\"og:image:width\" content=\"200\" \/>\n\t<meta property=\"og:image:height\" content=\"218\" \/>\n\t<meta property=\"og:image:type\" content=\"image\/jpeg\" \/>\n<meta name=\"author\" content=\"Laura Salas Orcajada\" \/>\n<meta name=\"twitter:card\" content=\"summary_large_image\" \/>\n<meta name=\"twitter:creator\" content=\"@AyuntamientMula\" \/>\n<meta name=\"twitter:site\" content=\"@AyuntamientMula\" \/>\n<meta name=\"twitter:label1\" content=\"Escrito por\" \/>\n\t<meta name=\"twitter:data1\" content=\"Laura Salas Orcajada\" \/>\n\t<meta name=\"twitter:label2\" content=\"Tiempo de lectura\" \/>\n\t<meta name=\"twitter:data2\" content=\"2 minutos\" \/>\n<script type=\"application\/ld+json\" class=\"yoast-schema-graph\">{\"@context\":\"https:\\\/\\\/schema.org\",\"@graph\":[{\"@type\":\"Article\",\"@id\":\"https:\\\/\\\/mula.es\\\/web\\\/infancia-el-organo-de-participacion-infantil-y-adolescente-de-mula-destaca-en-el-iii-encuentro-autonomico-de-participacion-infantil-y-adolescente\\\/#article\",\"isPartOf\":{\"@id\":\"https:\\\/\\\/mula.es\\\/web\\\/infancia-el-organo-de-participacion-infantil-y-adolescente-de-mula-destaca-en-el-iii-encuentro-autonomico-de-participacion-infantil-y-adolescente\\\/\"},\"author\":{\"name\":\"Laura Salas Orcajada\",\"@id\":\"https:\\\/\\\/mula.es\\\/web\\\/#\\\/schema\\\/person\\\/4f10179bd364f40dceed361e61e4033f\"},\"headline\":\"INFANCIA | El \u00d3rgano de Participaci\u00f3n Infantil y Adolescente de Mula destaca en el III Encuentro Auton\u00f3mico de Participaci\u00f3n Infantil y Adolescente\",\"datePublished\":\"2024-12-03T12:02:32+00:00\",\"mainEntityOfPage\":{\"@id\":\"https:\\\/\\\/mula.es\\\/web\\\/infancia-el-organo-de-participacion-infantil-y-adolescente-de-mula-destaca-en-el-iii-encuentro-autonomico-de-participacion-infantil-y-adolescente\\\/\"},\"wordCount\":348,\"image\":{\"@id\":\"https:\\\/\\\/mula.es\\\/web\\\/infancia-el-organo-de-participacion-infantil-y-adolescente-de-mula-destaca-en-el-iii-encuentro-autonomico-de-participacion-infantil-y-adolescente\\\/#primaryimage\"},\"thumbnailUrl\":\"https:\\\/\\\/mula.es\\\/web\\\/wp-content\\\/uploads\\\/2020\\\/06\\\/escudo-cuadrado-e1591045058235.jpg\",\"articleSection\":[\"infancia\",\"infantil\",\"OPIA\"],\"inLanguage\":\"es\"},{\"@type\":\"WebPage\",\"@id\":\"https:\\\/\\\/mula.es\\\/web\\\/infancia-el-organo-de-participacion-infantil-y-adolescente-de-mula-destaca-en-el-iii-encuentro-autonomico-de-participacion-infantil-y-adolescente\\\/\",\"url\":\"https:\\\/\\\/mula.es\\\/web\\\/infancia-el-organo-de-participacion-infantil-y-adolescente-de-mula-destaca-en-el-iii-encuentro-autonomico-de-participacion-infantil-y-adolescente\\\/\",\"name\":\"INFANCIA | El \u00d3rgano de Participaci\u00f3n Infantil y Adolescente de Mula destaca en el III Encuentro Auton\u00f3mico de Participaci\u00f3n Infantil y Adolescente - Ayuntamiento de Mula\",\"isPartOf\":{\"@id\":\"https:\\\/\\\/mula.es\\\/web\\\/#website\"},\"primaryImageOfPage\":{\"@id\":\"https:\\\/\\\/mula.es\\\/web\\\/infancia-el-organo-de-participacion-infantil-y-adolescente-de-mula-destaca-en-el-iii-encuentro-autonomico-de-participacion-infantil-y-adolescente\\\/#primaryimage\"},\"image\":{\"@id\":\"https:\\\/\\\/mula.es\\\/web\\\/infancia-el-organo-de-participacion-infantil-y-adolescente-de-mula-destaca-en-el-iii-encuentro-autonomico-de-participacion-infantil-y-adolescente\\\/#primaryimage\"},\"thumbnailUrl\":\"https:\\\/\\\/mula.es\\\/web\\\/wp-content\\\/uploads\\\/2020\\\/06\\\/escudo-cuadrado-e1591045058235.jpg\",\"datePublished\":\"2024-12-03T12:02:32+00:00\",\"author\":{\"@id\":\"https:\\\/\\\/mula.es\\\/web\\\/#\\\/schema\\\/person\\\/4f10179bd364f40dceed361e61e4033f\"},\"breadcrumb\":{\"@id\":\"https:\\\/\\\/mula.es\\\/web\\\/infancia-el-organo-de-participacion-infantil-y-adolescente-de-mula-destaca-en-el-iii-encuentro-autonomico-de-participacion-infantil-y-adolescente\\\/#breadcrumb\"},\"inLanguage\":\"es\",\"potentialAction\":[{\"@type\":\"ReadAction\",\"target\":[\"https:\\\/\\\/mula.es\\\/web\\\/infancia-el-organo-de-participacion-infantil-y-adolescente-de-mula-destaca-en-el-iii-encuentro-autonomico-de-participacion-infantil-y-adolescente\\\/\"]}]},{\"@type\":\"ImageObject\",\"inLanguage\":\"es\",\"@id\":\"https:\\\/\\\/mula.es\\\/web\\\/infancia-el-organo-de-participacion-infantil-y-adolescente-de-mula-destaca-en-el-iii-encuentro-autonomico-de-participacion-infantil-y-adolescente\\\/#primaryimage\",\"url\":\"https:\\\/\\\/mula.es\\\/web\\\/wp-content\\\/uploads\\\/2020\\\/06\\\/escudo-cuadrado-e1591045058235.jpg\",\"contentUrl\":\"https:\\\/\\\/mula.es\\\/web\\\/wp-content\\\/uploads\\\/2020\\\/06\\\/escudo-cuadrado-e1591045058235.jpg\",\"width\":200,\"height\":218},{\"@type\":\"BreadcrumbList\",\"@id\":\"https:\\\/\\\/mula.es\\\/web\\\/infancia-el-organo-de-participacion-infantil-y-adolescente-de-mula-destaca-en-el-iii-encuentro-autonomico-de-participacion-infantil-y-adolescente\\\/#breadcrumb\",\"itemListElement\":[{\"@type\":\"ListItem\",\"position\":1,\"name\":\"Portada\",\"item\":\"https:\\\/\\\/mula.es\\\/web\\\/\"},{\"@type\":\"ListItem\",\"position\":2,\"name\":\"INFANCIA | El \u00d3rgano de Participaci\u00f3n Infantil y Adolescente de Mula destaca en el III Encuentro Auton\u00f3mico de Participaci\u00f3n Infantil y Adolescente\"}]},{\"@type\":\"WebSite\",\"@id\":\"https:\\\/\\\/mula.es\\\/web\\\/#website\",\"url\":\"https:\\\/\\\/mula.es\\\/web\\\/\",\"name\":\"Ayuntamiento de Mula\",\"description\":\"P\u00e1gina web del Ayuntamiento de Mula (Regi\u00f3n de Murcia)\",\"potentialAction\":[{\"@type\":\"SearchAction\",\"target\":{\"@type\":\"EntryPoint\",\"urlTemplate\":\"https:\\\/\\\/mula.es\\\/web\\\/?s={search_term_string}\"},\"query-input\":{\"@type\":\"PropertyValueSpecification\",\"valueRequired\":true,\"valueName\":\"search_term_string\"}}],\"inLanguage\":\"es\"},{\"@type\":\"Person\",\"@id\":\"https:\\\/\\\/mula.es\\\/web\\\/#\\\/schema\\\/person\\\/4f10179bd364f40dceed361e61e4033f\",\"name\":\"Laura Salas Orcajada\",\"image\":{\"@type\":\"ImageObject\",\"inLanguage\":\"es\",\"@id\":\"https:\\\/\\\/secure.gravatar.com\\\/avatar\\\/786f2a223d9a455e2a448f78b5dcc1117207ef56ef3d9a04df338c0f775cd403?s=96&d=mm&r=g\",\"url\":\"https:\\\/\\\/secure.gravatar.com\\\/avatar\\\/786f2a223d9a455e2a448f78b5dcc1117207ef56ef3d9a04df338c0f775cd403?s=96&d=mm&r=g\",\"contentUrl\":\"https:\\\/\\\/secure.gravatar.com\\\/avatar\\\/786f2a223d9a455e2a448f78b5dcc1117207ef56ef3d9a04df338c0f775cd403?s=96&d=mm&r=g\",\"caption\":\"Laura Salas Orcajada\"},\"url\":\"https:\\\/\\\/mula.es\\\/web\\\/author\\\/lsalas\\\/\"}]}<\/script>\n<!-- \/ Yoast SEO plugin. -->","yoast_head_json":{"title":"INFANCIA | El \u00d3rgano de Participaci\u00f3n Infantil y Adolescente de Mula destaca en el III Encuentro Auton\u00f3mico de Participaci\u00f3n Infantil y Adolescente - Ayuntamiento de Mula","robots":{"index":"index","follow":"follow","max-snippet":"max-snippet:-1","max-image-preview":"max-image-preview:large","max-video-preview":"max-video-preview:-1"},"canonical":"https:\/\/mula.es\/web\/infancia-el-organo-de-participacion-infantil-y-adolescente-de-mula-destaca-en-el-iii-encuentro-autonomico-de-participacion-infantil-y-adolescente\/","og_locale":"es_ES","og_type":"article","og_title":"INFANCIA | El \u00d3rgano de Participaci\u00f3n Infantil y Adolescente de Mula destaca en el III Encuentro Auton\u00f3mico de Participaci\u00f3n Infantil y Adolescente - Ayuntamiento de Mula","og_description":"NOTA DE PRENSA &#8211; 3 DE DICIEMBRE DE 2024 \u00a0 El \u00d3rgano de Participaci\u00f3n Infantil y Adolescente de Mula destaca en el III Encuentro Auton\u00f3mico de Participaci\u00f3n Infantil y Adolescente El pasado s\u00e1bado, 30 de noviembre, los chicos y chicas del \u00d3rgano de Participaci\u00f3n Infantil y Adolescente (OPIA) de Mula representaron al municipio en el [...]","og_url":"https:\/\/mula.es\/web\/infancia-el-organo-de-participacion-infantil-y-adolescente-de-mula-destaca-en-el-iii-encuentro-autonomico-de-participacion-infantil-y-adolescente\/","og_site_name":"Ayuntamiento de Mula","article_published_time":"2024-12-03T12:02:32+00:00","og_image":[{"width":200,"height":218,"url":"https:\/\/mula.es\/web\/wp-content\/uploads\/2020\/06\/escudo-cuadrado-e1591045058235.jpg","type":"image\/jpeg"}],"author":"Laura Salas Orcajada","twitter_card":"summary_large_image","twitter_creator":"@AyuntamientMula","twitter_site":"@AyuntamientMula","twitter_misc":{"Escrito por":"Laura Salas Orcajada","Tiempo de lectura":"2 minutos"},"schema":{"@context":"https:\/\/schema.org","@graph":[{"@type":"Article","@id":"https:\/\/mula.es\/web\/infancia-el-organo-de-participacion-infantil-y-adolescente-de-mula-destaca-en-el-iii-encuentro-autonomico-de-participacion-infantil-y-adolescente\/#article","isPartOf":{"@id":"https:\/\/mula.es\/web\/infancia-el-organo-de-participacion-infantil-y-adolescente-de-mula-destaca-en-el-iii-encuentro-autonomico-de-participacion-infantil-y-adolescente\/"},"author":{"name":"Laura Salas Orcajada","@id":"https:\/\/mula.es\/web\/#\/schema\/person\/4f10179bd364f40dceed361e61e4033f"},"headline":"INFANCIA | El \u00d3rgano de Participaci\u00f3n Infantil y Adolescente de Mula destaca en el III Encuentro Auton\u00f3mico de Participaci\u00f3n Infantil y Adolescente","datePublished":"2024-12-03T12:02:32+00:00","mainEntityOfPage":{"@id":"https:\/\/mula.es\/web\/infancia-el-organo-de-participacion-infantil-y-adolescente-de-mula-destaca-en-el-iii-encuentro-autonomico-de-participacion-infantil-y-adolescente\/"},"wordCount":348,"image":{"@id":"https:\/\/mula.es\/web\/infancia-el-organo-de-participacion-infantil-y-adolescente-de-mula-destaca-en-el-iii-encuentro-autonomico-de-participacion-infantil-y-adolescente\/#primaryimage"},"thumbnailUrl":"https:\/\/mula.es\/web\/wp-content\/uploads\/2020\/06\/escudo-cuadrado-e1591045058235.jpg","articleSection":["infancia","infantil","OPIA"],"inLanguage":"es"},{"@type":"WebPage","@id":"https:\/\/mula.es\/web\/infancia-el-organo-de-participacion-infantil-y-adolescente-de-mula-destaca-en-el-iii-encuentro-autonomico-de-participacion-infantil-y-adolescente\/","url":"https:\/\/mula.es\/web\/infancia-el-organo-de-participacion-infantil-y-adolescente-de-mula-destaca-en-el-iii-encuentro-autonomico-de-participacion-infantil-y-adolescente\/","name":"INFANCIA | El \u00d3rgano de Participaci\u00f3n Infantil y Adolescente de Mula destaca en el III Encuentro Auton\u00f3mico de Participaci\u00f3n Infantil y Adolescente - Ayuntamiento de Mula","isPartOf":{"@id":"https:\/\/mula.es\/web\/#website"},"primaryImageOfPage":{"@id":"https:\/\/mula.es\/web\/infancia-el-organo-de-participacion-infantil-y-adolescente-de-mula-destaca-en-el-iii-encuentro-autonomico-de-participacion-infantil-y-adolescente\/#primaryimage"},"image":{"@id":"https:\/\/mula.es\/web\/infancia-el-organo-de-participacion-infantil-y-adolescente-de-mula-destaca-en-el-iii-encuentro-autonomico-de-participacion-infantil-y-adolescente\/#primaryimage"},"thumbnailUrl":"https:\/\/mula.es\/web\/wp-content\/uploads\/2020\/06\/escudo-cuadrado-e1591045058235.jpg","datePublished":"2024-12-03T12:02:32+00:00","author":{"@id":"https:\/\/mula.es\/web\/#\/schema\/person\/4f10179bd364f40dceed361e61e4033f"},"breadcrumb":{"@id":"https:\/\/mula.es\/web\/infancia-el-organo-de-participacion-infantil-y-adolescente-de-mula-destaca-en-el-iii-encuentro-autonomico-de-participacion-infantil-y-adolescente\/#breadcrumb"},"inLanguage":"es","potentialAction":[{"@type":"ReadAction","target":["https:\/\/mula.es\/web\/infancia-el-organo-de-participacion-infantil-y-adolescente-de-mula-destaca-en-el-iii-encuentro-autonomico-de-participacion-infantil-y-adolescente\/"]}]},{"@type":"ImageObject","inLanguage":"es","@id":"https:\/\/mula.es\/web\/infancia-el-organo-de-participacion-infantil-y-adolescente-de-mula-destaca-en-el-iii-encuentro-autonomico-de-participacion-infantil-y-adolescente\/#primaryimage","url":"https:\/\/mula.es\/web\/wp-content\/uploads\/2020\/06\/escudo-cuadrado-e1591045058235.jpg","contentUrl":"https:\/\/mula.es\/web\/wp-content\/uploads\/2020\/06\/escudo-cuadrado-e1591045058235.jpg","width":200,"height":218},{"@type":"BreadcrumbList","@id":"https:\/\/mula.es\/web\/infancia-el-organo-de-participacion-infantil-y-adolescente-de-mula-destaca-en-el-iii-encuentro-autonomico-de-participacion-infantil-y-adolescente\/#breadcrumb","itemListElement":[{"@type":"ListItem","position":1,"name":"Portada","item":"https:\/\/mula.es\/web\/"},{"@type":"ListItem","position":2,"name":"INFANCIA | El \u00d3rgano de Participaci\u00f3n Infantil y Adolescente de Mula destaca en el III Encuentro Auton\u00f3mico de Participaci\u00f3n Infantil y Adolescente"}]},{"@type":"WebSite","@id":"https:\/\/mula.es\/web\/#website","url":"https:\/\/mula.es\/web\/","name":"Ayuntamiento de Mula","description":"P\u00e1gina web del Ayuntamiento de Mula (Regi\u00f3n de Murcia)","potentialAction":[{"@type":"SearchAction","target":{"@type":"EntryPoint","urlTemplate":"https:\/\/mula.es\/web\/?s={search_term_string}"},"query-input":{"@type":"PropertyValueSpecification","valueRequired":true,"valueName":"search_term_string"}}],"inLanguage":"es"},{"@type":"Person","@id":"https:\/\/mula.es\/web\/#\/schema\/person\/4f10179bd364f40dceed361e61e4033f","name":"Laura Salas Orcajada","image":{"@type":"ImageObject","inLanguage":"es","@id":"https:\/\/secure.gravatar.com\/avatar\/786f2a223d9a455e2a448f78b5dcc1117207ef56ef3d9a04df338c0f775cd403?s=96&d=mm&r=g","url":"https:\/\/secure.gravatar.com\/avatar\/786f2a223d9a455e2a448f78b5dcc1117207ef56ef3d9a04df338c0f775cd403?s=96&d=mm&r=g","contentUrl":"https:\/\/secure.gravatar.com\/avatar\/786f2a223d9a455e2a448f78b5dcc1117207ef56ef3d9a04df338c0f775cd403?s=96&d=mm&r=g","caption":"Laura Salas Orcajada"},"url":"https:\/\/mula.es\/web\/author\/lsalas\/"}]}},"jetpack_publicize_connections":[],"jetpack_featured_media_url":"https:\/\/mula.es\/web\/wp-content\/uploads\/2020\/06\/escudo-cuadrado-e1591045058235.jpg","jetpack_sharing_enabled":true,"jetpack_shortlink":"https:\/\/wp.me\/pa9DMY-eJA","jetpack-related-posts":[],"_links":{"self":[{"href":"https:\/\/mula.es\/web\/wp-json\/wp\/v2\/posts\/56642","targetHints":{"allow":["GET"]}}],"collection":[{"href":"https:\/\/mula.es\/web\/wp-json\/wp\/v2\/posts"}],"about":[{"href":"https:\/\/mula.es\/web\/wp-json\/wp\/v2\/types\/post"}],"author":[{"embeddable":true,"href":"https:\/\/mula.es\/web\/wp-json\/wp\/v2\/users\/13"}],"replies":[{"embeddable":true,"href":"https:\/\/mula.es\/web\/wp-json\/wp\/v2\/comments?post=56642"}],"version-history":[{"count":1,"href":"https:\/\/mula.es\/web\/wp-json\/wp\/v2\/posts\/56642\/revisions"}],"predecessor-version":[{"id":56649,"href":"https:\/\/mula.es\/web\/wp-json\/wp\/v2\/posts\/56642\/revisions\/56649"}],"wp:featuredmedia":[{"embeddable":true,"href":"https:\/\/mula.es\/web\/wp-json\/wp\/v2\/media\/33512"}],"wp:attachment":[{"href":"https:\/\/mula.es\/web\/wp-json\/wp\/v2\/media?parent=56642"}],"wp:term":[{"taxonomy":"category","embeddable":true,"href":"https:\/\/mula.es\/web\/wp-json\/wp\/v2\/categories?post=56642"},{"taxonomy":"post_tag","embeddable":true,"href":"https:\/\/mula.es\/web\/wp-json\/wp\/v2\/tags?post=56642"}],"curies":[{"name":"wp","href":"https:\/\/api.w.org\/{rel}","templated":true}]}}