{"id":56687,"date":"2024-12-06T13:07:58","date_gmt":"2024-12-06T12:07:58","guid":{"rendered":"https:\/\/mula.es\/web\/?p=56687"},"modified":"2024-12-06T13:13:05","modified_gmt":"2024-12-06T12:13:05","slug":"festejos-mula-inaugura-el-poblado-navideno","status":"publish","type":"post","link":"https:\/\/mula.es\/web\/festejos-mula-inaugura-el-poblado-navideno\/","title":{"rendered":"FESTEJOS | Mula inaugura el Poblado Navide\u00f1o"},"content":{"rendered":"<p><strong>NOTA DE PRENSA &#8211; 6 DE DICIEMBRE DE 2024<\/strong><\/p>\n<p><strong>\u00a0<\/strong><\/p>\n<h2><strong>Mula inaugura un Poblado Navide\u00f1o m\u00e1s completo y m\u00e1gico que nunca<\/strong><\/h2>\n<p><strong>\u00a0<\/strong><\/p>\n<p>Hoy, el Ayuntamiento de Mula ha inaugurado el <strong>Poblado Navide\u00f1o 2024<\/strong>, un evento que llena de magia y esp\u00edritu festivo el coraz\u00f3n del municipio. Situado en dos de los lugares m\u00e1s emblem\u00e1ticos de la ciudad como son la Plaza del Ayuntamiento y la Calle Boticas, estar\u00e1 disponible hasta el lunes 9 de diciembre.<\/p>\n<p>El Poblado Navide\u00f1o de este a\u00f1o destaca por su gran variedad de actividades y su renovada oferta: desde puestos artesanales navide\u00f1os y gastron\u00f3micos que resaltan los productos locales, hasta atracciones para los m\u00e1s peque\u00f1os, talleres infantiles y actuaciones musicales. Todo ello convierte a este espacio en un punto de encuentro imprescindible para vecinos y visitantes durante estas fechas.<\/p>\n<p>La concejala de Turismo, Alejandra Mart\u00ednez, ha se\u00f1alado: \u201cEste a\u00f1o hemos trabajado para que el Poblado Navide\u00f1o sea un referente en la Regi\u00f3n, no solo por su oferta, sino por la experiencia \u00fanica que ofrecemos. Queremos que quienes nos visiten se lleven un pedacito de la magia de Mula\u201d.<\/p>\n<p>Por su parte, la concejala de Comercio, Alicia Zapata, destac\u00f3: \u201cEl Poblado Navide\u00f1o no solo celebra estas fiestas, sino que tambi\u00e9n es un impulso para nuestro comercio y hosteler\u00eda local, fundamentales para la econom\u00eda del municipio. Agradecemos a todos los comerciantes y artesanos que han hecho posible este gran evento\u201d.<\/p>\n<p>El Ayuntamiento de Mula invita a vecinos y visitantes a sumergirse en este entorno lleno de encanto, que incluye actividades para todas las edades, espect\u00e1culos en directo y la oportunidad de disfrutar de la Navidad en su m\u00e1ximo esplendor.<\/p>\n<p><a href=\"https:\/\/mula.es\/web\/wp-content\/uploads\/2024\/12\/1-5-scaled.jpg\"><img decoding=\"async\" data-attachment-id=\"56688\" data-permalink=\"https:\/\/mula.es\/web\/festejos-mula-inaugura-el-poblado-navideno\/1-164\/\" data-orig-file=\"https:\/\/mula.es\/web\/wp-content\/uploads\/2024\/12\/1-5-scaled.jpg\" data-orig-size=\"2560,1707\" data-comments-opened=\"0\" data-image-meta=\"{&quot;aperture&quot;:&quot;0&quot;,&quot;credit&quot;:&quot;&quot;,&quot;camera&quot;:&quot;&quot;,&quot;caption&quot;:&quot;&quot;,&quot;created_timestamp&quot;:&quot;0&quot;,&quot;copyright&quot;:&quot;&quot;,&quot;focal_length&quot;:&quot;0&quot;,&quot;iso&quot;:&quot;0&quot;,&quot;shutter_speed&quot;:&quot;0&quot;,&quot;title&quot;:&quot;&quot;,&quot;orientation&quot;:&quot;1&quot;}\" data-image-title=\"1\" data-image-description=\"\" data-image-caption=\"\" data-large-file=\"https:\/\/mula.es\/web\/wp-content\/uploads\/2024\/12\/1-5-1024x683.jpg\" class=\"size-medium wp-image-56688 aligncenter\" src=\"https:\/\/mula.es\/web\/wp-content\/uploads\/2024\/12\/1-5-300x200.jpg\" alt=\"\" width=\"300\" height=\"200\" srcset=\"https:\/\/mula.es\/web\/wp-content\/uploads\/2024\/12\/1-5-200x133.jpg 200w, https:\/\/mula.es\/web\/wp-content\/uploads\/2024\/12\/1-5-300x200.jpg 300w, https:\/\/mula.es\/web\/wp-content\/uploads\/2024\/12\/1-5-400x267.jpg 400w, https:\/\/mula.es\/web\/wp-content\/uploads\/2024\/12\/1-5-600x400.jpg 600w, https:\/\/mula.es\/web\/wp-content\/uploads\/2024\/12\/1-5-768x512.jpg 768w, https:\/\/mula.es\/web\/wp-content\/uploads\/2024\/12\/1-5-800x533.jpg 800w, https:\/\/mula.es\/web\/wp-content\/uploads\/2024\/12\/1-5-1024x683.jpg 1024w, https:\/\/mula.es\/web\/wp-content\/uploads\/2024\/12\/1-5-1200x800.jpg 1200w, https:\/\/mula.es\/web\/wp-content\/uploads\/2024\/12\/1-5-1536x1024.jpg 1536w\" sizes=\"(max-width: 300px) 100vw, 300px\" \/><\/a><\/p>\n<p>&nbsp;<\/p>\n","protected":false},"excerpt":{"rendered":"<p>NOTA DE PRENSA &#8211; 6 DE DICIEMBRE DE 2024 \u00a0 Mula inaugura un Poblado Navide\u00f1o m\u00e1s completo y m\u00e1gico que nunca \u00a0 Hoy, el Ayuntamiento de Mula ha inaugurado el Poblado Navide\u00f1o 2024, un evento que llena de magia y esp\u00edritu festivo el coraz\u00f3n del municipio. Situado en dos de los lugares m\u00e1s emblem\u00e1ticos de  [&#8230;]<\/p>\n","protected":false},"author":13,"featured_media":33512,"comment_status":"closed","ping_status":"closed","sticky":false,"template":"","format":"standard","meta":{"jetpack_post_was_ever_published":false,"_jetpack_newsletter_access":"","_jetpack_dont_email_post_to_subs":false,"_jetpack_newsletter_tier_id":0,"_jetpack_memberships_contains_paywalled_content":false,"_jetpack_memberships_contains_paid_content":false,"footnotes":"","jetpack_publicize_message":"","jetpack_publicize_feature_enabled":true,"jetpack_social_post_already_shared":false,"jetpack_social_options":{"image_generator_settings":{"template":"highway","default_image_id":0,"font":"","enabled":false},"version":2}},"categories":[171],"tags":[],"class_list":["post-56687","post","type-post","status-publish","format-standard","has-post-thumbnail","hentry","category-festejos"],"yoast_head":"<!-- This site is optimized with the Yoast SEO plugin v27.4 - https:\/\/yoast.com\/product\/yoast-seo-wordpress\/ -->\n<title>FESTEJOS | Mula inaugura el Poblado Navide\u00f1o - Ayuntamiento de Mula<\/title>\n<meta name=\"robots\" content=\"index, follow, max-snippet:-1, max-image-preview:large, max-video-preview:-1\" \/>\n<link rel=\"canonical\" href=\"https:\/\/mula.es\/web\/festejos-mula-inaugura-el-poblado-navideno\/\" \/>\n<meta property=\"og:locale\" content=\"es_ES\" \/>\n<meta property=\"og:type\" content=\"article\" \/>\n<meta property=\"og:title\" content=\"FESTEJOS | Mula inaugura el Poblado Navide\u00f1o - Ayuntamiento de Mula\" \/>\n<meta property=\"og:description\" content=\"NOTA DE PRENSA &#8211; 6 DE DICIEMBRE DE 2024 \u00a0 Mula inaugura un Poblado Navide\u00f1o m\u00e1s completo y m\u00e1gico que nunca \u00a0 Hoy, el Ayuntamiento de Mula ha inaugurado el Poblado Navide\u00f1o 2024, un evento que llena de magia y esp\u00edritu festivo el coraz\u00f3n del municipio. Situado en dos de los lugares m\u00e1s emblem\u00e1ticos de [...]\" \/>\n<meta property=\"og:url\" content=\"https:\/\/mula.es\/web\/festejos-mula-inaugura-el-poblado-navideno\/\" \/>\n<meta property=\"og:site_name\" content=\"Ayuntamiento de Mula\" \/>\n<meta property=\"article:published_time\" content=\"2024-12-06T12:07:58+00:00\" \/>\n<meta property=\"article:modified_time\" content=\"2024-12-06T12:13:05+00:00\" \/>\n<meta property=\"og:image\" content=\"https:\/\/mula.es\/web\/wp-content\/uploads\/2020\/06\/escudo-cuadrado-e1591045058235.jpg\" \/>\n\t<meta property=\"og:image:width\" content=\"200\" \/>\n\t<meta property=\"og:image:height\" content=\"218\" \/>\n\t<meta property=\"og:image:type\" content=\"image\/jpeg\" \/>\n<meta name=\"author\" content=\"Laura Salas Orcajada\" \/>\n<meta name=\"twitter:card\" content=\"summary_large_image\" \/>\n<meta name=\"twitter:creator\" content=\"@AyuntamientMula\" \/>\n<meta name=\"twitter:site\" content=\"@AyuntamientMula\" \/>\n<meta name=\"twitter:label1\" content=\"Escrito por\" \/>\n\t<meta name=\"twitter:data1\" content=\"Laura Salas Orcajada\" \/>\n\t<meta name=\"twitter:label2\" content=\"Tiempo de lectura\" \/>\n\t<meta name=\"twitter:data2\" content=\"2 minutos\" \/>\n<script type=\"application\/ld+json\" class=\"yoast-schema-graph\">{\"@context\":\"https:\\\/\\\/schema.org\",\"@graph\":[{\"@type\":\"Article\",\"@id\":\"https:\\\/\\\/mula.es\\\/web\\\/festejos-mula-inaugura-el-poblado-navideno\\\/#article\",\"isPartOf\":{\"@id\":\"https:\\\/\\\/mula.es\\\/web\\\/festejos-mula-inaugura-el-poblado-navideno\\\/\"},\"author\":{\"name\":\"Laura Salas Orcajada\",\"@id\":\"https:\\\/\\\/mula.es\\\/web\\\/#\\\/schema\\\/person\\\/4f10179bd364f40dceed361e61e4033f\"},\"headline\":\"FESTEJOS | Mula inaugura el Poblado Navide\u00f1o\",\"datePublished\":\"2024-12-06T12:07:58+00:00\",\"dateModified\":\"2024-12-06T12:13:05+00:00\",\"mainEntityOfPage\":{\"@id\":\"https:\\\/\\\/mula.es\\\/web\\\/festejos-mula-inaugura-el-poblado-navideno\\\/\"},\"wordCount\":298,\"image\":{\"@id\":\"https:\\\/\\\/mula.es\\\/web\\\/festejos-mula-inaugura-el-poblado-navideno\\\/#primaryimage\"},\"thumbnailUrl\":\"https:\\\/\\\/mula.es\\\/web\\\/wp-content\\\/uploads\\\/2020\\\/06\\\/escudo-cuadrado-e1591045058235.jpg\",\"articleSection\":[\"festejos\"],\"inLanguage\":\"es\"},{\"@type\":\"WebPage\",\"@id\":\"https:\\\/\\\/mula.es\\\/web\\\/festejos-mula-inaugura-el-poblado-navideno\\\/\",\"url\":\"https:\\\/\\\/mula.es\\\/web\\\/festejos-mula-inaugura-el-poblado-navideno\\\/\",\"name\":\"FESTEJOS | Mula inaugura el Poblado Navide\u00f1o - Ayuntamiento de Mula\",\"isPartOf\":{\"@id\":\"https:\\\/\\\/mula.es\\\/web\\\/#website\"},\"primaryImageOfPage\":{\"@id\":\"https:\\\/\\\/mula.es\\\/web\\\/festejos-mula-inaugura-el-poblado-navideno\\\/#primaryimage\"},\"image\":{\"@id\":\"https:\\\/\\\/mula.es\\\/web\\\/festejos-mula-inaugura-el-poblado-navideno\\\/#primaryimage\"},\"thumbnailUrl\":\"https:\\\/\\\/mula.es\\\/web\\\/wp-content\\\/uploads\\\/2020\\\/06\\\/escudo-cuadrado-e1591045058235.jpg\",\"datePublished\":\"2024-12-06T12:07:58+00:00\",\"dateModified\":\"2024-12-06T12:13:05+00:00\",\"author\":{\"@id\":\"https:\\\/\\\/mula.es\\\/web\\\/#\\\/schema\\\/person\\\/4f10179bd364f40dceed361e61e4033f\"},\"breadcrumb\":{\"@id\":\"https:\\\/\\\/mula.es\\\/web\\\/festejos-mula-inaugura-el-poblado-navideno\\\/#breadcrumb\"},\"inLanguage\":\"es\",\"potentialAction\":[{\"@type\":\"ReadAction\",\"target\":[\"https:\\\/\\\/mula.es\\\/web\\\/festejos-mula-inaugura-el-poblado-navideno\\\/\"]}]},{\"@type\":\"ImageObject\",\"inLanguage\":\"es\",\"@id\":\"https:\\\/\\\/mula.es\\\/web\\\/festejos-mula-inaugura-el-poblado-navideno\\\/#primaryimage\",\"url\":\"https:\\\/\\\/mula.es\\\/web\\\/wp-content\\\/uploads\\\/2020\\\/06\\\/escudo-cuadrado-e1591045058235.jpg\",\"contentUrl\":\"https:\\\/\\\/mula.es\\\/web\\\/wp-content\\\/uploads\\\/2020\\\/06\\\/escudo-cuadrado-e1591045058235.jpg\",\"width\":200,\"height\":218},{\"@type\":\"BreadcrumbList\",\"@id\":\"https:\\\/\\\/mula.es\\\/web\\\/festejos-mula-inaugura-el-poblado-navideno\\\/#breadcrumb\",\"itemListElement\":[{\"@type\":\"ListItem\",\"position\":1,\"name\":\"Portada\",\"item\":\"https:\\\/\\\/mula.es\\\/web\\\/\"},{\"@type\":\"ListItem\",\"position\":2,\"name\":\"FESTEJOS | Mula inaugura el Poblado Navide\u00f1o\"}]},{\"@type\":\"WebSite\",\"@id\":\"https:\\\/\\\/mula.es\\\/web\\\/#website\",\"url\":\"https:\\\/\\\/mula.es\\\/web\\\/\",\"name\":\"Ayuntamiento de Mula\",\"description\":\"P\u00e1gina web del Ayuntamiento de Mula (Regi\u00f3n de Murcia)\",\"potentialAction\":[{\"@type\":\"SearchAction\",\"target\":{\"@type\":\"EntryPoint\",\"urlTemplate\":\"https:\\\/\\\/mula.es\\\/web\\\/?s={search_term_string}\"},\"query-input\":{\"@type\":\"PropertyValueSpecification\",\"valueRequired\":true,\"valueName\":\"search_term_string\"}}],\"inLanguage\":\"es\"},{\"@type\":\"Person\",\"@id\":\"https:\\\/\\\/mula.es\\\/web\\\/#\\\/schema\\\/person\\\/4f10179bd364f40dceed361e61e4033f\",\"name\":\"Laura Salas Orcajada\",\"image\":{\"@type\":\"ImageObject\",\"inLanguage\":\"es\",\"@id\":\"https:\\\/\\\/secure.gravatar.com\\\/avatar\\\/786f2a223d9a455e2a448f78b5dcc1117207ef56ef3d9a04df338c0f775cd403?s=96&d=mm&r=g\",\"url\":\"https:\\\/\\\/secure.gravatar.com\\\/avatar\\\/786f2a223d9a455e2a448f78b5dcc1117207ef56ef3d9a04df338c0f775cd403?s=96&d=mm&r=g\",\"contentUrl\":\"https:\\\/\\\/secure.gravatar.com\\\/avatar\\\/786f2a223d9a455e2a448f78b5dcc1117207ef56ef3d9a04df338c0f775cd403?s=96&d=mm&r=g\",\"caption\":\"Laura Salas Orcajada\"},\"url\":\"https:\\\/\\\/mula.es\\\/web\\\/author\\\/lsalas\\\/\"}]}<\/script>\n<!-- \/ Yoast SEO plugin. -->","yoast_head_json":{"title":"FESTEJOS | Mula inaugura el Poblado Navide\u00f1o - Ayuntamiento de Mula","robots":{"index":"index","follow":"follow","max-snippet":"max-snippet:-1","max-image-preview":"max-image-preview:large","max-video-preview":"max-video-preview:-1"},"canonical":"https:\/\/mula.es\/web\/festejos-mula-inaugura-el-poblado-navideno\/","og_locale":"es_ES","og_type":"article","og_title":"FESTEJOS | Mula inaugura el Poblado Navide\u00f1o - Ayuntamiento de Mula","og_description":"NOTA DE PRENSA &#8211; 6 DE DICIEMBRE DE 2024 \u00a0 Mula inaugura un Poblado Navide\u00f1o m\u00e1s completo y m\u00e1gico que nunca \u00a0 Hoy, el Ayuntamiento de Mula ha inaugurado el Poblado Navide\u00f1o 2024, un evento que llena de magia y esp\u00edritu festivo el coraz\u00f3n del municipio. Situado en dos de los lugares m\u00e1s emblem\u00e1ticos de [...]","og_url":"https:\/\/mula.es\/web\/festejos-mula-inaugura-el-poblado-navideno\/","og_site_name":"Ayuntamiento de Mula","article_published_time":"2024-12-06T12:07:58+00:00","article_modified_time":"2024-12-06T12:13:05+00:00","og_image":[{"width":200,"height":218,"url":"https:\/\/mula.es\/web\/wp-content\/uploads\/2020\/06\/escudo-cuadrado-e1591045058235.jpg","type":"image\/jpeg"}],"author":"Laura Salas Orcajada","twitter_card":"summary_large_image","twitter_creator":"@AyuntamientMula","twitter_site":"@AyuntamientMula","twitter_misc":{"Escrito por":"Laura Salas Orcajada","Tiempo de lectura":"2 minutos"},"schema":{"@context":"https:\/\/schema.org","@graph":[{"@type":"Article","@id":"https:\/\/mula.es\/web\/festejos-mula-inaugura-el-poblado-navideno\/#article","isPartOf":{"@id":"https:\/\/mula.es\/web\/festejos-mula-inaugura-el-poblado-navideno\/"},"author":{"name":"Laura Salas Orcajada","@id":"https:\/\/mula.es\/web\/#\/schema\/person\/4f10179bd364f40dceed361e61e4033f"},"headline":"FESTEJOS | Mula inaugura el Poblado Navide\u00f1o","datePublished":"2024-12-06T12:07:58+00:00","dateModified":"2024-12-06T12:13:05+00:00","mainEntityOfPage":{"@id":"https:\/\/mula.es\/web\/festejos-mula-inaugura-el-poblado-navideno\/"},"wordCount":298,"image":{"@id":"https:\/\/mula.es\/web\/festejos-mula-inaugura-el-poblado-navideno\/#primaryimage"},"thumbnailUrl":"https:\/\/mula.es\/web\/wp-content\/uploads\/2020\/06\/escudo-cuadrado-e1591045058235.jpg","articleSection":["festejos"],"inLanguage":"es"},{"@type":"WebPage","@id":"https:\/\/mula.es\/web\/festejos-mula-inaugura-el-poblado-navideno\/","url":"https:\/\/mula.es\/web\/festejos-mula-inaugura-el-poblado-navideno\/","name":"FESTEJOS | Mula inaugura el Poblado Navide\u00f1o - Ayuntamiento de Mula","isPartOf":{"@id":"https:\/\/mula.es\/web\/#website"},"primaryImageOfPage":{"@id":"https:\/\/mula.es\/web\/festejos-mula-inaugura-el-poblado-navideno\/#primaryimage"},"image":{"@id":"https:\/\/mula.es\/web\/festejos-mula-inaugura-el-poblado-navideno\/#primaryimage"},"thumbnailUrl":"https:\/\/mula.es\/web\/wp-content\/uploads\/2020\/06\/escudo-cuadrado-e1591045058235.jpg","datePublished":"2024-12-06T12:07:58+00:00","dateModified":"2024-12-06T12:13:05+00:00","author":{"@id":"https:\/\/mula.es\/web\/#\/schema\/person\/4f10179bd364f40dceed361e61e4033f"},"breadcrumb":{"@id":"https:\/\/mula.es\/web\/festejos-mula-inaugura-el-poblado-navideno\/#breadcrumb"},"inLanguage":"es","potentialAction":[{"@type":"ReadAction","target":["https:\/\/mula.es\/web\/festejos-mula-inaugura-el-poblado-navideno\/"]}]},{"@type":"ImageObject","inLanguage":"es","@id":"https:\/\/mula.es\/web\/festejos-mula-inaugura-el-poblado-navideno\/#primaryimage","url":"https:\/\/mula.es\/web\/wp-content\/uploads\/2020\/06\/escudo-cuadrado-e1591045058235.jpg","contentUrl":"https:\/\/mula.es\/web\/wp-content\/uploads\/2020\/06\/escudo-cuadrado-e1591045058235.jpg","width":200,"height":218},{"@type":"BreadcrumbList","@id":"https:\/\/mula.es\/web\/festejos-mula-inaugura-el-poblado-navideno\/#breadcrumb","itemListElement":[{"@type":"ListItem","position":1,"name":"Portada","item":"https:\/\/mula.es\/web\/"},{"@type":"ListItem","position":2,"name":"FESTEJOS | Mula inaugura el Poblado Navide\u00f1o"}]},{"@type":"WebSite","@id":"https:\/\/mula.es\/web\/#website","url":"https:\/\/mula.es\/web\/","name":"Ayuntamiento de Mula","description":"P\u00e1gina web del Ayuntamiento de Mula (Regi\u00f3n de Murcia)","potentialAction":[{"@type":"SearchAction","target":{"@type":"EntryPoint","urlTemplate":"https:\/\/mula.es\/web\/?s={search_term_string}"},"query-input":{"@type":"PropertyValueSpecification","valueRequired":true,"valueName":"search_term_string"}}],"inLanguage":"es"},{"@type":"Person","@id":"https:\/\/mula.es\/web\/#\/schema\/person\/4f10179bd364f40dceed361e61e4033f","name":"Laura Salas Orcajada","image":{"@type":"ImageObject","inLanguage":"es","@id":"https:\/\/secure.gravatar.com\/avatar\/786f2a223d9a455e2a448f78b5dcc1117207ef56ef3d9a04df338c0f775cd403?s=96&d=mm&r=g","url":"https:\/\/secure.gravatar.com\/avatar\/786f2a223d9a455e2a448f78b5dcc1117207ef56ef3d9a04df338c0f775cd403?s=96&d=mm&r=g","contentUrl":"https:\/\/secure.gravatar.com\/avatar\/786f2a223d9a455e2a448f78b5dcc1117207ef56ef3d9a04df338c0f775cd403?s=96&d=mm&r=g","caption":"Laura Salas Orcajada"},"url":"https:\/\/mula.es\/web\/author\/lsalas\/"}]}},"jetpack_publicize_connections":[],"jetpack_featured_media_url":"https:\/\/mula.es\/web\/wp-content\/uploads\/2020\/06\/escudo-cuadrado-e1591045058235.jpg","jetpack_sharing_enabled":true,"jetpack_shortlink":"https:\/\/wp.me\/pa9DMY-eKj","jetpack-related-posts":[],"_links":{"self":[{"href":"https:\/\/mula.es\/web\/wp-json\/wp\/v2\/posts\/56687","targetHints":{"allow":["GET"]}}],"collection":[{"href":"https:\/\/mula.es\/web\/wp-json\/wp\/v2\/posts"}],"about":[{"href":"https:\/\/mula.es\/web\/wp-json\/wp\/v2\/types\/post"}],"author":[{"embeddable":true,"href":"https:\/\/mula.es\/web\/wp-json\/wp\/v2\/users\/13"}],"replies":[{"embeddable":true,"href":"https:\/\/mula.es\/web\/wp-json\/wp\/v2\/comments?post=56687"}],"version-history":[{"count":2,"href":"https:\/\/mula.es\/web\/wp-json\/wp\/v2\/posts\/56687\/revisions"}],"predecessor-version":[{"id":56690,"href":"https:\/\/mula.es\/web\/wp-json\/wp\/v2\/posts\/56687\/revisions\/56690"}],"wp:featuredmedia":[{"embeddable":true,"href":"https:\/\/mula.es\/web\/wp-json\/wp\/v2\/media\/33512"}],"wp:attachment":[{"href":"https:\/\/mula.es\/web\/wp-json\/wp\/v2\/media?parent=56687"}],"wp:term":[{"taxonomy":"category","embeddable":true,"href":"https:\/\/mula.es\/web\/wp-json\/wp\/v2\/categories?post=56687"},{"taxonomy":"post_tag","embeddable":true,"href":"https:\/\/mula.es\/web\/wp-json\/wp\/v2\/tags?post=56687"}],"curies":[{"name":"wp","href":"https:\/\/api.w.org\/{rel}","templated":true}]}}