{"id":56904,"date":"2025-01-02T11:22:20","date_gmt":"2025-01-02T10:22:20","guid":{"rendered":"https:\/\/mula.es\/web\/?p=56904"},"modified":"2025-01-02T14:39:08","modified_gmt":"2025-01-02T13:39:08","slug":"turismo-el-porton-de-la-placeta-acoge-el-mercadillo-raiz-y-barro-el-proximo-domingo-12-de-enero","status":"publish","type":"post","link":"https:\/\/mula.es\/web\/turismo-el-porton-de-la-placeta-acoge-el-mercadillo-raiz-y-barro-el-proximo-domingo-12-de-enero\/","title":{"rendered":"TURISMO | El Port\u00f3n de la Placeta acoge el Mercadillo \u00abRa\u00edz y Barro\u00bb el pr\u00f3ximo domingo 12 de enero"},"content":{"rendered":"<p><strong>NOTA DE PRENSA &#8211; 2 DE ENERO DE 2025<\/strong><\/p>\n<p><strong>\u00a0<\/strong><\/p>\n<h2><strong>El Port\u00f3n de la Placeta acoge el Mercadillo \u00abRa\u00edz y Barro\u00bb el pr\u00f3ximo domingo 12 de enero<\/strong><\/h2>\n<p><strong>\u00a0<\/strong><\/p>\n<p>El pr\u00f3ximo domingo, 12 de enero, la Plaza del Ayuntamiento de Mula ser\u00e1 el escenario del Mercadillo \u00abRa\u00edz y Barro\u00bb, una jornada que combina actividades culturales, artesanales y gastron\u00f3micas para toda la familia. Esta iniciativa, organizada por la concejal\u00eda de Turismo en colaboraci\u00f3n con el Territorio Sierra Espu\u00f1a, tiene como objetivo poner en valor las tradiciones locales y ofrecer una experiencia \u00fanica a vecinos y visitantes.<\/p>\n<p>La alfarer\u00eda es una de las tradiciones m\u00e1s arraigadas en la historia de Mula, reflejando no solo la destreza artesanal de sus habitantes, sino tambi\u00e9n su capacidad para adaptarse y prosperar en un entorno lleno de recursos naturales. Desde tiempos ancestrales, el arte de modelar el barro ha sido una actividad esencial en la vida cotidiana, tanto para la creaci\u00f3n de utensilios como para el comercio local. En Mula, esta pr\u00e1ctica ha dejado un legado cultural que se conserva a trav\u00e9s de generaciones, representando una conexi\u00f3n directa con nuestros or\u00edgenes y una muestra viva del patrimonio que nos rodea.<\/p>\n<p>Alejandra Mart\u00ednez, concejala de Turismo, ha se\u00f1alado: <em>\u00abEl Mercadillo &#8216;Ra\u00edz y Barro&#8217; es una oportunidad para que tanto mule\u00f1os como visitantes redescubran la riqueza cultural y artesanal de nuestro municipio. Queremos que esta jornada sea un espacio de encuentro para compartir tradiciones, aprender y disfrutar en familia, promoviendo a la vez el turismo sostenible y de calidad que caracteriza a Mula.\u00bb<\/em><\/p>\n<p>El Ayuntamiento de Mula invita a todos a participar en esta jornada. Para las visitas guiadas y rutas es necesario realizar inscripci\u00f3n previa en la p\u00e1gina oficial de Turismo Regi\u00f3n de Murcia, o bien solicitar m\u00e1s informaci\u00f3n en la Oficina de Turismo de Mula: 968 66 15 01.<\/p>\n<p>La alfarer\u00eda no solo cuenta nuestra historia, sino que tambi\u00e9n simboliza la creatividad y la resiliencia que han caracterizado a nuestro pueblo a lo largo del tiempo. No pierdas la oportunidad de disfrutar de un domingo diferente, lleno de cultura, historia y diversi\u00f3n en el coraz\u00f3n de Mula.<\/p>\n<p><a href=\"https:\/\/mula.es\/web\/wp-content\/uploads\/2025\/01\/carteles-1.jpg\"><img decoding=\"async\" data-attachment-id=\"56912\" data-permalink=\"https:\/\/mula.es\/web\/turismo-el-porton-de-la-placeta-acoge-el-mercadillo-raiz-y-barro-el-proximo-domingo-12-de-enero\/carteles-1\/\" data-orig-file=\"https:\/\/mula.es\/web\/wp-content\/uploads\/2025\/01\/carteles-1.jpg\" data-orig-size=\"1414,2000\" data-comments-opened=\"0\" data-image-meta=\"{&quot;aperture&quot;:&quot;0&quot;,&quot;credit&quot;:&quot;&quot;,&quot;camera&quot;:&quot;&quot;,&quot;caption&quot;:&quot;&quot;,&quot;created_timestamp&quot;:&quot;0&quot;,&quot;copyright&quot;:&quot;&quot;,&quot;focal_length&quot;:&quot;0&quot;,&quot;iso&quot;:&quot;0&quot;,&quot;shutter_speed&quot;:&quot;0&quot;,&quot;title&quot;:&quot;&quot;,&quot;orientation&quot;:&quot;1&quot;}\" data-image-title=\"carteles (1)\" data-image-description=\"\" data-image-caption=\"\" data-large-file=\"https:\/\/mula.es\/web\/wp-content\/uploads\/2025\/01\/carteles-1-724x1024.jpg\" class=\"size-medium wp-image-56912 aligncenter\" src=\"https:\/\/mula.es\/web\/wp-content\/uploads\/2025\/01\/carteles-1-212x300.jpg\" alt=\"\" width=\"212\" height=\"300\" srcset=\"https:\/\/mula.es\/web\/wp-content\/uploads\/2025\/01\/carteles-1-200x283.jpg 200w, https:\/\/mula.es\/web\/wp-content\/uploads\/2025\/01\/carteles-1-212x300.jpg 212w, https:\/\/mula.es\/web\/wp-content\/uploads\/2025\/01\/carteles-1-400x566.jpg 400w, https:\/\/mula.es\/web\/wp-content\/uploads\/2025\/01\/carteles-1-600x849.jpg 600w, https:\/\/mula.es\/web\/wp-content\/uploads\/2025\/01\/carteles-1-724x1024.jpg 724w, https:\/\/mula.es\/web\/wp-content\/uploads\/2025\/01\/carteles-1-768x1086.jpg 768w, https:\/\/mula.es\/web\/wp-content\/uploads\/2025\/01\/carteles-1-800x1132.jpg 800w, https:\/\/mula.es\/web\/wp-content\/uploads\/2025\/01\/carteles-1-1086x1536.jpg 1086w, https:\/\/mula.es\/web\/wp-content\/uploads\/2025\/01\/carteles-1-1200x1697.jpg 1200w, https:\/\/mula.es\/web\/wp-content\/uploads\/2025\/01\/carteles-1.jpg 1414w\" sizes=\"(max-width: 212px) 100vw, 212px\" \/><\/a><\/p>\n","protected":false},"excerpt":{"rendered":"<p>NOTA DE PRENSA &#8211; 2 DE ENERO DE 2025 \u00a0 El Port\u00f3n de la Placeta acoge el Mercadillo \u00abRa\u00edz y Barro\u00bb el pr\u00f3ximo domingo 12 de enero \u00a0 El pr\u00f3ximo domingo, 12 de enero, la Plaza del Ayuntamiento de Mula ser\u00e1 el escenario del Mercadillo \u00abRa\u00edz y Barro\u00bb, una jornada que combina actividades culturales, artesanales  [&#8230;]<\/p>\n","protected":false},"author":13,"featured_media":33512,"comment_status":"closed","ping_status":"closed","sticky":false,"template":"","format":"standard","meta":{"jetpack_post_was_ever_published":false,"_jetpack_newsletter_access":"","_jetpack_dont_email_post_to_subs":false,"_jetpack_newsletter_tier_id":0,"_jetpack_memberships_contains_paywalled_content":false,"_jetpack_memberships_contains_paid_content":false,"footnotes":"","jetpack_publicize_message":"","jetpack_publicize_feature_enabled":true,"jetpack_social_post_already_shared":false,"jetpack_social_options":{"image_generator_settings":{"template":"highway","default_image_id":0,"font":"","enabled":false},"version":2}},"categories":[75],"tags":[],"class_list":["post-56904","post","type-post","status-publish","format-standard","has-post-thumbnail","hentry","category-turismo"],"yoast_head":"<!-- This site is optimized with the Yoast SEO plugin v27.5 - https:\/\/yoast.com\/product\/yoast-seo-wordpress\/ -->\n<title>TURISMO | El Port\u00f3n de la Placeta acoge el Mercadillo &quot;Ra\u00edz y Barro&quot; el pr\u00f3ximo domingo 12 de enero - Ayuntamiento de Mula<\/title>\n<meta name=\"robots\" content=\"index, follow, max-snippet:-1, max-image-preview:large, max-video-preview:-1\" \/>\n<link rel=\"canonical\" href=\"https:\/\/mula.es\/web\/turismo-el-porton-de-la-placeta-acoge-el-mercadillo-raiz-y-barro-el-proximo-domingo-12-de-enero\/\" \/>\n<meta property=\"og:locale\" content=\"es_ES\" \/>\n<meta property=\"og:type\" content=\"article\" \/>\n<meta property=\"og:title\" content=\"TURISMO | El Port\u00f3n de la Placeta acoge el Mercadillo &quot;Ra\u00edz y Barro&quot; el pr\u00f3ximo domingo 12 de enero - Ayuntamiento de Mula\" \/>\n<meta property=\"og:description\" content=\"NOTA DE PRENSA &#8211; 2 DE ENERO DE 2025 \u00a0 El Port\u00f3n de la Placeta acoge el Mercadillo \u00abRa\u00edz y Barro\u00bb el pr\u00f3ximo domingo 12 de enero \u00a0 El pr\u00f3ximo domingo, 12 de enero, la Plaza del Ayuntamiento de Mula ser\u00e1 el escenario del Mercadillo \u00abRa\u00edz y Barro\u00bb, una jornada que combina actividades culturales, artesanales [...]\" \/>\n<meta property=\"og:url\" content=\"https:\/\/mula.es\/web\/turismo-el-porton-de-la-placeta-acoge-el-mercadillo-raiz-y-barro-el-proximo-domingo-12-de-enero\/\" \/>\n<meta property=\"og:site_name\" content=\"Ayuntamiento de Mula\" \/>\n<meta property=\"article:published_time\" content=\"2025-01-02T10:22:20+00:00\" \/>\n<meta property=\"article:modified_time\" content=\"2025-01-02T13:39:08+00:00\" \/>\n<meta property=\"og:image\" content=\"https:\/\/mula.es\/web\/wp-content\/uploads\/2020\/06\/escudo-cuadrado-e1591045058235.jpg\" \/>\n\t<meta property=\"og:image:width\" content=\"200\" \/>\n\t<meta property=\"og:image:height\" content=\"218\" \/>\n\t<meta property=\"og:image:type\" content=\"image\/jpeg\" \/>\n<meta name=\"author\" content=\"Laura Salas Orcajada\" \/>\n<meta name=\"twitter:card\" content=\"summary_large_image\" \/>\n<meta name=\"twitter:creator\" content=\"@AyuntamientMula\" \/>\n<meta name=\"twitter:site\" content=\"@AyuntamientMula\" \/>\n<meta name=\"twitter:label1\" content=\"Escrito por\" \/>\n\t<meta name=\"twitter:data1\" content=\"Laura Salas Orcajada\" \/>\n\t<meta name=\"twitter:label2\" content=\"Tiempo de lectura\" \/>\n\t<meta name=\"twitter:data2\" content=\"2 minutos\" \/>\n<script type=\"application\/ld+json\" class=\"yoast-schema-graph\">{\"@context\":\"https:\\\/\\\/schema.org\",\"@graph\":[{\"@type\":\"Article\",\"@id\":\"https:\\\/\\\/mula.es\\\/web\\\/turismo-el-porton-de-la-placeta-acoge-el-mercadillo-raiz-y-barro-el-proximo-domingo-12-de-enero\\\/#article\",\"isPartOf\":{\"@id\":\"https:\\\/\\\/mula.es\\\/web\\\/turismo-el-porton-de-la-placeta-acoge-el-mercadillo-raiz-y-barro-el-proximo-domingo-12-de-enero\\\/\"},\"author\":{\"name\":\"Laura Salas Orcajada\",\"@id\":\"https:\\\/\\\/mula.es\\\/web\\\/#\\\/schema\\\/person\\\/4f10179bd364f40dceed361e61e4033f\"},\"headline\":\"TURISMO | El Port\u00f3n de la Placeta acoge el Mercadillo \u00abRa\u00edz y Barro\u00bb el pr\u00f3ximo domingo 12 de enero\",\"datePublished\":\"2025-01-02T10:22:20+00:00\",\"dateModified\":\"2025-01-02T13:39:08+00:00\",\"mainEntityOfPage\":{\"@id\":\"https:\\\/\\\/mula.es\\\/web\\\/turismo-el-porton-de-la-placeta-acoge-el-mercadillo-raiz-y-barro-el-proximo-domingo-12-de-enero\\\/\"},\"wordCount\":390,\"image\":{\"@id\":\"https:\\\/\\\/mula.es\\\/web\\\/turismo-el-porton-de-la-placeta-acoge-el-mercadillo-raiz-y-barro-el-proximo-domingo-12-de-enero\\\/#primaryimage\"},\"thumbnailUrl\":\"https:\\\/\\\/mula.es\\\/web\\\/wp-content\\\/uploads\\\/2020\\\/06\\\/escudo-cuadrado-e1591045058235.jpg\",\"articleSection\":[\"turismo\"],\"inLanguage\":\"es\"},{\"@type\":\"WebPage\",\"@id\":\"https:\\\/\\\/mula.es\\\/web\\\/turismo-el-porton-de-la-placeta-acoge-el-mercadillo-raiz-y-barro-el-proximo-domingo-12-de-enero\\\/\",\"url\":\"https:\\\/\\\/mula.es\\\/web\\\/turismo-el-porton-de-la-placeta-acoge-el-mercadillo-raiz-y-barro-el-proximo-domingo-12-de-enero\\\/\",\"name\":\"TURISMO | El Port\u00f3n de la Placeta acoge el Mercadillo \\\"Ra\u00edz y Barro\\\" el pr\u00f3ximo domingo 12 de enero - Ayuntamiento de Mula\",\"isPartOf\":{\"@id\":\"https:\\\/\\\/mula.es\\\/web\\\/#website\"},\"primaryImageOfPage\":{\"@id\":\"https:\\\/\\\/mula.es\\\/web\\\/turismo-el-porton-de-la-placeta-acoge-el-mercadillo-raiz-y-barro-el-proximo-domingo-12-de-enero\\\/#primaryimage\"},\"image\":{\"@id\":\"https:\\\/\\\/mula.es\\\/web\\\/turismo-el-porton-de-la-placeta-acoge-el-mercadillo-raiz-y-barro-el-proximo-domingo-12-de-enero\\\/#primaryimage\"},\"thumbnailUrl\":\"https:\\\/\\\/mula.es\\\/web\\\/wp-content\\\/uploads\\\/2020\\\/06\\\/escudo-cuadrado-e1591045058235.jpg\",\"datePublished\":\"2025-01-02T10:22:20+00:00\",\"dateModified\":\"2025-01-02T13:39:08+00:00\",\"author\":{\"@id\":\"https:\\\/\\\/mula.es\\\/web\\\/#\\\/schema\\\/person\\\/4f10179bd364f40dceed361e61e4033f\"},\"breadcrumb\":{\"@id\":\"https:\\\/\\\/mula.es\\\/web\\\/turismo-el-porton-de-la-placeta-acoge-el-mercadillo-raiz-y-barro-el-proximo-domingo-12-de-enero\\\/#breadcrumb\"},\"inLanguage\":\"es\",\"potentialAction\":[{\"@type\":\"ReadAction\",\"target\":[\"https:\\\/\\\/mula.es\\\/web\\\/turismo-el-porton-de-la-placeta-acoge-el-mercadillo-raiz-y-barro-el-proximo-domingo-12-de-enero\\\/\"]}]},{\"@type\":\"ImageObject\",\"inLanguage\":\"es\",\"@id\":\"https:\\\/\\\/mula.es\\\/web\\\/turismo-el-porton-de-la-placeta-acoge-el-mercadillo-raiz-y-barro-el-proximo-domingo-12-de-enero\\\/#primaryimage\",\"url\":\"https:\\\/\\\/mula.es\\\/web\\\/wp-content\\\/uploads\\\/2020\\\/06\\\/escudo-cuadrado-e1591045058235.jpg\",\"contentUrl\":\"https:\\\/\\\/mula.es\\\/web\\\/wp-content\\\/uploads\\\/2020\\\/06\\\/escudo-cuadrado-e1591045058235.jpg\",\"width\":200,\"height\":218},{\"@type\":\"BreadcrumbList\",\"@id\":\"https:\\\/\\\/mula.es\\\/web\\\/turismo-el-porton-de-la-placeta-acoge-el-mercadillo-raiz-y-barro-el-proximo-domingo-12-de-enero\\\/#breadcrumb\",\"itemListElement\":[{\"@type\":\"ListItem\",\"position\":1,\"name\":\"Portada\",\"item\":\"https:\\\/\\\/mula.es\\\/web\\\/\"},{\"@type\":\"ListItem\",\"position\":2,\"name\":\"TURISMO | El Port\u00f3n de la Placeta acoge el Mercadillo \u00abRa\u00edz y Barro\u00bb el pr\u00f3ximo domingo 12 de enero\"}]},{\"@type\":\"WebSite\",\"@id\":\"https:\\\/\\\/mula.es\\\/web\\\/#website\",\"url\":\"https:\\\/\\\/mula.es\\\/web\\\/\",\"name\":\"Ayuntamiento de Mula\",\"description\":\"P\u00e1gina web del Ayuntamiento de Mula (Regi\u00f3n de Murcia)\",\"potentialAction\":[{\"@type\":\"SearchAction\",\"target\":{\"@type\":\"EntryPoint\",\"urlTemplate\":\"https:\\\/\\\/mula.es\\\/web\\\/?s={search_term_string}\"},\"query-input\":{\"@type\":\"PropertyValueSpecification\",\"valueRequired\":true,\"valueName\":\"search_term_string\"}}],\"inLanguage\":\"es\"},{\"@type\":\"Person\",\"@id\":\"https:\\\/\\\/mula.es\\\/web\\\/#\\\/schema\\\/person\\\/4f10179bd364f40dceed361e61e4033f\",\"name\":\"Laura Salas Orcajada\",\"image\":{\"@type\":\"ImageObject\",\"inLanguage\":\"es\",\"@id\":\"https:\\\/\\\/secure.gravatar.com\\\/avatar\\\/786f2a223d9a455e2a448f78b5dcc1117207ef56ef3d9a04df338c0f775cd403?s=96&d=mm&r=g\",\"url\":\"https:\\\/\\\/secure.gravatar.com\\\/avatar\\\/786f2a223d9a455e2a448f78b5dcc1117207ef56ef3d9a04df338c0f775cd403?s=96&d=mm&r=g\",\"contentUrl\":\"https:\\\/\\\/secure.gravatar.com\\\/avatar\\\/786f2a223d9a455e2a448f78b5dcc1117207ef56ef3d9a04df338c0f775cd403?s=96&d=mm&r=g\",\"caption\":\"Laura Salas Orcajada\"},\"url\":\"https:\\\/\\\/mula.es\\\/web\\\/author\\\/lsalas\\\/\"}]}<\/script>\n<!-- \/ Yoast SEO plugin. -->","yoast_head_json":{"title":"TURISMO | El Port\u00f3n de la Placeta acoge el Mercadillo \"Ra\u00edz y Barro\" el pr\u00f3ximo domingo 12 de enero - Ayuntamiento de Mula","robots":{"index":"index","follow":"follow","max-snippet":"max-snippet:-1","max-image-preview":"max-image-preview:large","max-video-preview":"max-video-preview:-1"},"canonical":"https:\/\/mula.es\/web\/turismo-el-porton-de-la-placeta-acoge-el-mercadillo-raiz-y-barro-el-proximo-domingo-12-de-enero\/","og_locale":"es_ES","og_type":"article","og_title":"TURISMO | El Port\u00f3n de la Placeta acoge el Mercadillo \"Ra\u00edz y Barro\" el pr\u00f3ximo domingo 12 de enero - Ayuntamiento de Mula","og_description":"NOTA DE PRENSA &#8211; 2 DE ENERO DE 2025 \u00a0 El Port\u00f3n de la Placeta acoge el Mercadillo \u00abRa\u00edz y Barro\u00bb el pr\u00f3ximo domingo 12 de enero \u00a0 El pr\u00f3ximo domingo, 12 de enero, la Plaza del Ayuntamiento de Mula ser\u00e1 el escenario del Mercadillo \u00abRa\u00edz y Barro\u00bb, una jornada que combina actividades culturales, artesanales [...]","og_url":"https:\/\/mula.es\/web\/turismo-el-porton-de-la-placeta-acoge-el-mercadillo-raiz-y-barro-el-proximo-domingo-12-de-enero\/","og_site_name":"Ayuntamiento de Mula","article_published_time":"2025-01-02T10:22:20+00:00","article_modified_time":"2025-01-02T13:39:08+00:00","og_image":[{"width":200,"height":218,"url":"https:\/\/mula.es\/web\/wp-content\/uploads\/2020\/06\/escudo-cuadrado-e1591045058235.jpg","type":"image\/jpeg"}],"author":"Laura Salas Orcajada","twitter_card":"summary_large_image","twitter_creator":"@AyuntamientMula","twitter_site":"@AyuntamientMula","twitter_misc":{"Escrito por":"Laura Salas Orcajada","Tiempo de lectura":"2 minutos"},"schema":{"@context":"https:\/\/schema.org","@graph":[{"@type":"Article","@id":"https:\/\/mula.es\/web\/turismo-el-porton-de-la-placeta-acoge-el-mercadillo-raiz-y-barro-el-proximo-domingo-12-de-enero\/#article","isPartOf":{"@id":"https:\/\/mula.es\/web\/turismo-el-porton-de-la-placeta-acoge-el-mercadillo-raiz-y-barro-el-proximo-domingo-12-de-enero\/"},"author":{"name":"Laura Salas Orcajada","@id":"https:\/\/mula.es\/web\/#\/schema\/person\/4f10179bd364f40dceed361e61e4033f"},"headline":"TURISMO | El Port\u00f3n de la Placeta acoge el Mercadillo \u00abRa\u00edz y Barro\u00bb el pr\u00f3ximo domingo 12 de enero","datePublished":"2025-01-02T10:22:20+00:00","dateModified":"2025-01-02T13:39:08+00:00","mainEntityOfPage":{"@id":"https:\/\/mula.es\/web\/turismo-el-porton-de-la-placeta-acoge-el-mercadillo-raiz-y-barro-el-proximo-domingo-12-de-enero\/"},"wordCount":390,"image":{"@id":"https:\/\/mula.es\/web\/turismo-el-porton-de-la-placeta-acoge-el-mercadillo-raiz-y-barro-el-proximo-domingo-12-de-enero\/#primaryimage"},"thumbnailUrl":"https:\/\/mula.es\/web\/wp-content\/uploads\/2020\/06\/escudo-cuadrado-e1591045058235.jpg","articleSection":["turismo"],"inLanguage":"es"},{"@type":"WebPage","@id":"https:\/\/mula.es\/web\/turismo-el-porton-de-la-placeta-acoge-el-mercadillo-raiz-y-barro-el-proximo-domingo-12-de-enero\/","url":"https:\/\/mula.es\/web\/turismo-el-porton-de-la-placeta-acoge-el-mercadillo-raiz-y-barro-el-proximo-domingo-12-de-enero\/","name":"TURISMO | El Port\u00f3n de la Placeta acoge el Mercadillo \"Ra\u00edz y Barro\" el pr\u00f3ximo domingo 12 de enero - Ayuntamiento de Mula","isPartOf":{"@id":"https:\/\/mula.es\/web\/#website"},"primaryImageOfPage":{"@id":"https:\/\/mula.es\/web\/turismo-el-porton-de-la-placeta-acoge-el-mercadillo-raiz-y-barro-el-proximo-domingo-12-de-enero\/#primaryimage"},"image":{"@id":"https:\/\/mula.es\/web\/turismo-el-porton-de-la-placeta-acoge-el-mercadillo-raiz-y-barro-el-proximo-domingo-12-de-enero\/#primaryimage"},"thumbnailUrl":"https:\/\/mula.es\/web\/wp-content\/uploads\/2020\/06\/escudo-cuadrado-e1591045058235.jpg","datePublished":"2025-01-02T10:22:20+00:00","dateModified":"2025-01-02T13:39:08+00:00","author":{"@id":"https:\/\/mula.es\/web\/#\/schema\/person\/4f10179bd364f40dceed361e61e4033f"},"breadcrumb":{"@id":"https:\/\/mula.es\/web\/turismo-el-porton-de-la-placeta-acoge-el-mercadillo-raiz-y-barro-el-proximo-domingo-12-de-enero\/#breadcrumb"},"inLanguage":"es","potentialAction":[{"@type":"ReadAction","target":["https:\/\/mula.es\/web\/turismo-el-porton-de-la-placeta-acoge-el-mercadillo-raiz-y-barro-el-proximo-domingo-12-de-enero\/"]}]},{"@type":"ImageObject","inLanguage":"es","@id":"https:\/\/mula.es\/web\/turismo-el-porton-de-la-placeta-acoge-el-mercadillo-raiz-y-barro-el-proximo-domingo-12-de-enero\/#primaryimage","url":"https:\/\/mula.es\/web\/wp-content\/uploads\/2020\/06\/escudo-cuadrado-e1591045058235.jpg","contentUrl":"https:\/\/mula.es\/web\/wp-content\/uploads\/2020\/06\/escudo-cuadrado-e1591045058235.jpg","width":200,"height":218},{"@type":"BreadcrumbList","@id":"https:\/\/mula.es\/web\/turismo-el-porton-de-la-placeta-acoge-el-mercadillo-raiz-y-barro-el-proximo-domingo-12-de-enero\/#breadcrumb","itemListElement":[{"@type":"ListItem","position":1,"name":"Portada","item":"https:\/\/mula.es\/web\/"},{"@type":"ListItem","position":2,"name":"TURISMO | El Port\u00f3n de la Placeta acoge el Mercadillo \u00abRa\u00edz y Barro\u00bb el pr\u00f3ximo domingo 12 de enero"}]},{"@type":"WebSite","@id":"https:\/\/mula.es\/web\/#website","url":"https:\/\/mula.es\/web\/","name":"Ayuntamiento de Mula","description":"P\u00e1gina web del Ayuntamiento de Mula (Regi\u00f3n de Murcia)","potentialAction":[{"@type":"SearchAction","target":{"@type":"EntryPoint","urlTemplate":"https:\/\/mula.es\/web\/?s={search_term_string}"},"query-input":{"@type":"PropertyValueSpecification","valueRequired":true,"valueName":"search_term_string"}}],"inLanguage":"es"},{"@type":"Person","@id":"https:\/\/mula.es\/web\/#\/schema\/person\/4f10179bd364f40dceed361e61e4033f","name":"Laura Salas Orcajada","image":{"@type":"ImageObject","inLanguage":"es","@id":"https:\/\/secure.gravatar.com\/avatar\/786f2a223d9a455e2a448f78b5dcc1117207ef56ef3d9a04df338c0f775cd403?s=96&d=mm&r=g","url":"https:\/\/secure.gravatar.com\/avatar\/786f2a223d9a455e2a448f78b5dcc1117207ef56ef3d9a04df338c0f775cd403?s=96&d=mm&r=g","contentUrl":"https:\/\/secure.gravatar.com\/avatar\/786f2a223d9a455e2a448f78b5dcc1117207ef56ef3d9a04df338c0f775cd403?s=96&d=mm&r=g","caption":"Laura Salas Orcajada"},"url":"https:\/\/mula.es\/web\/author\/lsalas\/"}]}},"jetpack_publicize_connections":[],"jetpack_featured_media_url":"https:\/\/mula.es\/web\/wp-content\/uploads\/2020\/06\/escudo-cuadrado-e1591045058235.jpg","jetpack_sharing_enabled":true,"jetpack_shortlink":"https:\/\/wp.me\/pa9DMY-eNO","jetpack-related-posts":[],"_links":{"self":[{"href":"https:\/\/mula.es\/web\/wp-json\/wp\/v2\/posts\/56904","targetHints":{"allow":["GET"]}}],"collection":[{"href":"https:\/\/mula.es\/web\/wp-json\/wp\/v2\/posts"}],"about":[{"href":"https:\/\/mula.es\/web\/wp-json\/wp\/v2\/types\/post"}],"author":[{"embeddable":true,"href":"https:\/\/mula.es\/web\/wp-json\/wp\/v2\/users\/13"}],"replies":[{"embeddable":true,"href":"https:\/\/mula.es\/web\/wp-json\/wp\/v2\/comments?post=56904"}],"version-history":[{"count":2,"href":"https:\/\/mula.es\/web\/wp-json\/wp\/v2\/posts\/56904\/revisions"}],"predecessor-version":[{"id":56913,"href":"https:\/\/mula.es\/web\/wp-json\/wp\/v2\/posts\/56904\/revisions\/56913"}],"wp:featuredmedia":[{"embeddable":true,"href":"https:\/\/mula.es\/web\/wp-json\/wp\/v2\/media\/33512"}],"wp:attachment":[{"href":"https:\/\/mula.es\/web\/wp-json\/wp\/v2\/media?parent=56904"}],"wp:term":[{"taxonomy":"category","embeddable":true,"href":"https:\/\/mula.es\/web\/wp-json\/wp\/v2\/categories?post=56904"},{"taxonomy":"post_tag","embeddable":true,"href":"https:\/\/mula.es\/web\/wp-json\/wp\/v2\/tags?post=56904"}],"curies":[{"name":"wp","href":"https:\/\/api.w.org\/{rel}","templated":true}]}}