{"id":56961,"date":"2025-01-09T17:23:10","date_gmt":"2025-01-09T16:23:10","guid":{"rendered":"https:\/\/mula.es\/web\/?p=56961"},"modified":"2025-01-09T17:23:10","modified_gmt":"2025-01-09T16:23:10","slug":"comercio-fallo-del-jurado-concurso-de-decoracion-de-puertas-locales-y-escaparates-de-navidad","status":"publish","type":"post","link":"https:\/\/mula.es\/web\/comercio-fallo-del-jurado-concurso-de-decoracion-de-puertas-locales-y-escaparates-de-navidad\/","title":{"rendered":"COMERCIO | Fallo del Jurado: Concurso de Decoraci\u00f3n de Puertas, Locales y Escaparates de Navidad"},"content":{"rendered":"<h2><strong>Fallo del Jurado: Concurso de Decoraci\u00f3n de Puertas, Locales y Escaparates de Navidad<\/strong><\/h2>\n<div class=\"\" data-block=\"true\" data-editor=\"62j8\" data-offset-key=\"78prg-0-0\">\n<div class=\"_1mf _1mj\" data-offset-key=\"78prg-0-0\"><\/div>\n<\/div>\n<div class=\"\" data-block=\"true\" data-editor=\"62j8\" data-offset-key=\"f5vd9-0-0\">\n<div class=\"_1mf _1mj\" data-offset-key=\"f5vd9-0-0\"><span data-offset-key=\"f5vd9-0-0\">\u2063\u2063<\/span><\/div>\n<\/div>\n<div class=\"\" data-block=\"true\" data-editor=\"62j8\" data-offset-key=\"1u30u-0-0\">\n<div class=\"_1mf _1mj\" data-offset-key=\"1u30u-0-0\"><span data-offset-key=\"1u30u-0-0\">Primer Premio (350 \u20ac): Encarna S\u00e1nchez, Trajes Regionales\u2063<\/span><\/div>\n<div data-offset-key=\"1u30u-0-0\"><a href=\"https:\/\/mula.es\/web\/wp-content\/uploads\/2025\/01\/1-3.jpg\"><img decoding=\"async\" data-attachment-id=\"56963\" data-permalink=\"https:\/\/mula.es\/web\/comercio-fallo-del-jurado-concurso-de-decoracion-de-puertas-locales-y-escaparates-de-navidad\/1-181\/\" data-orig-file=\"https:\/\/mula.es\/web\/wp-content\/uploads\/2025\/01\/1-3.jpg\" data-orig-size=\"1080,1080\" data-comments-opened=\"0\" data-image-meta=\"{&quot;aperture&quot;:&quot;0&quot;,&quot;credit&quot;:&quot;&quot;,&quot;camera&quot;:&quot;&quot;,&quot;caption&quot;:&quot;&quot;,&quot;created_timestamp&quot;:&quot;0&quot;,&quot;copyright&quot;:&quot;&quot;,&quot;focal_length&quot;:&quot;0&quot;,&quot;iso&quot;:&quot;0&quot;,&quot;shutter_speed&quot;:&quot;0&quot;,&quot;title&quot;:&quot;&quot;,&quot;orientation&quot;:&quot;1&quot;}\" data-image-title=\"1\" data-image-description=\"\" data-image-caption=\"\" data-large-file=\"https:\/\/mula.es\/web\/wp-content\/uploads\/2025\/01\/1-3-1024x1024.jpg\" class=\"alignnone size-medium wp-image-56963\" src=\"https:\/\/mula.es\/web\/wp-content\/uploads\/2025\/01\/1-3-300x300.jpg\" alt=\"\" width=\"300\" height=\"300\" srcset=\"https:\/\/mula.es\/web\/wp-content\/uploads\/2025\/01\/1-3-66x66.jpg 66w, https:\/\/mula.es\/web\/wp-content\/uploads\/2025\/01\/1-3-150x150.jpg 150w, https:\/\/mula.es\/web\/wp-content\/uploads\/2025\/01\/1-3-200x200.jpg 200w, https:\/\/mula.es\/web\/wp-content\/uploads\/2025\/01\/1-3-300x300.jpg 300w, https:\/\/mula.es\/web\/wp-content\/uploads\/2025\/01\/1-3-400x400.jpg 400w, https:\/\/mula.es\/web\/wp-content\/uploads\/2025\/01\/1-3-600x600.jpg 600w, https:\/\/mula.es\/web\/wp-content\/uploads\/2025\/01\/1-3-768x768.jpg 768w, https:\/\/mula.es\/web\/wp-content\/uploads\/2025\/01\/1-3-800x800.jpg 800w, https:\/\/mula.es\/web\/wp-content\/uploads\/2025\/01\/1-3-1024x1024.jpg 1024w, https:\/\/mula.es\/web\/wp-content\/uploads\/2025\/01\/1-3.jpg 1080w\" sizes=\"(max-width: 300px) 100vw, 300px\" \/><\/a><\/div>\n<div data-offset-key=\"1u30u-0-0\"><\/div>\n<\/div>\n<div class=\"\" data-block=\"true\" data-editor=\"62j8\" data-offset-key=\"1qn8g-0-0\">\n<div class=\"_1mf _1mj\" data-offset-key=\"1qn8g-0-0\"><span data-offset-key=\"1qn8g-0-0\">Segundo Premio (250 \u20ac): Peluquer\u00eda Sonia F\u00e9rez Hair Sal\u00f3n\u2063<\/span><\/div>\n<div data-offset-key=\"1qn8g-0-0\"><\/div>\n<div data-offset-key=\"1qn8g-0-0\"><a href=\"https:\/\/mula.es\/web\/wp-content\/uploads\/2025\/01\/2-2.jpg\"><img decoding=\"async\" data-attachment-id=\"56964\" data-permalink=\"https:\/\/mula.es\/web\/comercio-fallo-del-jurado-concurso-de-decoracion-de-puertas-locales-y-escaparates-de-navidad\/2-172\/\" data-orig-file=\"https:\/\/mula.es\/web\/wp-content\/uploads\/2025\/01\/2-2.jpg\" data-orig-size=\"1080,1080\" data-comments-opened=\"0\" data-image-meta=\"{&quot;aperture&quot;:&quot;0&quot;,&quot;credit&quot;:&quot;&quot;,&quot;camera&quot;:&quot;&quot;,&quot;caption&quot;:&quot;&quot;,&quot;created_timestamp&quot;:&quot;0&quot;,&quot;copyright&quot;:&quot;&quot;,&quot;focal_length&quot;:&quot;0&quot;,&quot;iso&quot;:&quot;0&quot;,&quot;shutter_speed&quot;:&quot;0&quot;,&quot;title&quot;:&quot;&quot;,&quot;orientation&quot;:&quot;1&quot;}\" data-image-title=\"2\" data-image-description=\"\" data-image-caption=\"\" data-large-file=\"https:\/\/mula.es\/web\/wp-content\/uploads\/2025\/01\/2-2-1024x1024.jpg\" class=\"alignnone size-medium wp-image-56964\" src=\"https:\/\/mula.es\/web\/wp-content\/uploads\/2025\/01\/2-2-300x300.jpg\" alt=\"\" width=\"300\" height=\"300\" srcset=\"https:\/\/mula.es\/web\/wp-content\/uploads\/2025\/01\/2-2-66x66.jpg 66w, https:\/\/mula.es\/web\/wp-content\/uploads\/2025\/01\/2-2-150x150.jpg 150w, https:\/\/mula.es\/web\/wp-content\/uploads\/2025\/01\/2-2-200x200.jpg 200w, https:\/\/mula.es\/web\/wp-content\/uploads\/2025\/01\/2-2-300x300.jpg 300w, https:\/\/mula.es\/web\/wp-content\/uploads\/2025\/01\/2-2-400x400.jpg 400w, https:\/\/mula.es\/web\/wp-content\/uploads\/2025\/01\/2-2-600x600.jpg 600w, https:\/\/mula.es\/web\/wp-content\/uploads\/2025\/01\/2-2-768x768.jpg 768w, https:\/\/mula.es\/web\/wp-content\/uploads\/2025\/01\/2-2-800x800.jpg 800w, https:\/\/mula.es\/web\/wp-content\/uploads\/2025\/01\/2-2-1024x1024.jpg 1024w, https:\/\/mula.es\/web\/wp-content\/uploads\/2025\/01\/2-2.jpg 1080w\" sizes=\"(max-width: 300px) 100vw, 300px\" \/><\/a><\/div>\n<div data-offset-key=\"1qn8g-0-0\"><\/div>\n<\/div>\n<div class=\"\" data-block=\"true\" data-editor=\"62j8\" data-offset-key=\"1qil-0-0\">\n<div class=\"_1mf _1mj\" data-offset-key=\"1qil-0-0\"><span data-offset-key=\"1qil-0-0\">Tercer Premio (150 \u20ac): Tejidos Encarna\u2063<\/span><\/div>\n<div data-offset-key=\"1qil-0-0\"><a href=\"https:\/\/mula.es\/web\/wp-content\/uploads\/2025\/01\/3-2.jpg\"><img decoding=\"async\" data-attachment-id=\"56965\" data-permalink=\"https:\/\/mula.es\/web\/comercio-fallo-del-jurado-concurso-de-decoracion-de-puertas-locales-y-escaparates-de-navidad\/3-156\/\" data-orig-file=\"https:\/\/mula.es\/web\/wp-content\/uploads\/2025\/01\/3-2.jpg\" data-orig-size=\"1080,1080\" data-comments-opened=\"0\" data-image-meta=\"{&quot;aperture&quot;:&quot;0&quot;,&quot;credit&quot;:&quot;&quot;,&quot;camera&quot;:&quot;&quot;,&quot;caption&quot;:&quot;&quot;,&quot;created_timestamp&quot;:&quot;0&quot;,&quot;copyright&quot;:&quot;&quot;,&quot;focal_length&quot;:&quot;0&quot;,&quot;iso&quot;:&quot;0&quot;,&quot;shutter_speed&quot;:&quot;0&quot;,&quot;title&quot;:&quot;&quot;,&quot;orientation&quot;:&quot;1&quot;}\" data-image-title=\"3\" data-image-description=\"\" data-image-caption=\"\" data-large-file=\"https:\/\/mula.es\/web\/wp-content\/uploads\/2025\/01\/3-2-1024x1024.jpg\" class=\"alignnone size-medium wp-image-56965\" src=\"https:\/\/mula.es\/web\/wp-content\/uploads\/2025\/01\/3-2-300x300.jpg\" alt=\"\" width=\"300\" height=\"300\" srcset=\"https:\/\/mula.es\/web\/wp-content\/uploads\/2025\/01\/3-2-66x66.jpg 66w, https:\/\/mula.es\/web\/wp-content\/uploads\/2025\/01\/3-2-150x150.jpg 150w, https:\/\/mula.es\/web\/wp-content\/uploads\/2025\/01\/3-2-200x200.jpg 200w, https:\/\/mula.es\/web\/wp-content\/uploads\/2025\/01\/3-2-300x300.jpg 300w, https:\/\/mula.es\/web\/wp-content\/uploads\/2025\/01\/3-2-400x400.jpg 400w, https:\/\/mula.es\/web\/wp-content\/uploads\/2025\/01\/3-2-600x600.jpg 600w, https:\/\/mula.es\/web\/wp-content\/uploads\/2025\/01\/3-2-768x768.jpg 768w, https:\/\/mula.es\/web\/wp-content\/uploads\/2025\/01\/3-2-800x800.jpg 800w, https:\/\/mula.es\/web\/wp-content\/uploads\/2025\/01\/3-2-1024x1024.jpg 1024w, https:\/\/mula.es\/web\/wp-content\/uploads\/2025\/01\/3-2.jpg 1080w\" sizes=\"(max-width: 300px) 100vw, 300px\" \/><\/a><\/div>\n<div data-offset-key=\"1qil-0-0\"><\/div>\n<\/div>\n<div class=\"\" data-block=\"true\" data-editor=\"62j8\" data-offset-key=\"8o5kp-0-0\">\n<div class=\"_1mf _1mj\" data-offset-key=\"8o5kp-0-0\"><span data-offset-key=\"8o5kp-0-0\">Cuarto Premio (100 \u20ac): Farmacia Boticas 23<\/span><\/div>\n<div class=\"_1mf _1mj\" data-offset-key=\"8o5kp-0-0\"><span data-offset-key=\"8o5kp-0-0\"><a href=\"https:\/\/mula.es\/web\/wp-content\/uploads\/2025\/01\/4-1.jpg\"><img decoding=\"async\" data-attachment-id=\"56966\" data-permalink=\"https:\/\/mula.es\/web\/comercio-fallo-del-jurado-concurso-de-decoracion-de-puertas-locales-y-escaparates-de-navidad\/4-109\/\" data-orig-file=\"https:\/\/mula.es\/web\/wp-content\/uploads\/2025\/01\/4-1.jpg\" data-orig-size=\"1080,1080\" data-comments-opened=\"0\" data-image-meta=\"{&quot;aperture&quot;:&quot;0&quot;,&quot;credit&quot;:&quot;&quot;,&quot;camera&quot;:&quot;&quot;,&quot;caption&quot;:&quot;&quot;,&quot;created_timestamp&quot;:&quot;0&quot;,&quot;copyright&quot;:&quot;&quot;,&quot;focal_length&quot;:&quot;0&quot;,&quot;iso&quot;:&quot;0&quot;,&quot;shutter_speed&quot;:&quot;0&quot;,&quot;title&quot;:&quot;&quot;,&quot;orientation&quot;:&quot;1&quot;}\" data-image-title=\"4\" data-image-description=\"\" data-image-caption=\"\" data-large-file=\"https:\/\/mula.es\/web\/wp-content\/uploads\/2025\/01\/4-1-1024x1024.jpg\" class=\"alignnone size-medium wp-image-56966\" src=\"https:\/\/mula.es\/web\/wp-content\/uploads\/2025\/01\/4-1-300x300.jpg\" alt=\"\" width=\"300\" height=\"300\" srcset=\"https:\/\/mula.es\/web\/wp-content\/uploads\/2025\/01\/4-1-66x66.jpg 66w, https:\/\/mula.es\/web\/wp-content\/uploads\/2025\/01\/4-1-150x150.jpg 150w, https:\/\/mula.es\/web\/wp-content\/uploads\/2025\/01\/4-1-200x200.jpg 200w, https:\/\/mula.es\/web\/wp-content\/uploads\/2025\/01\/4-1-300x300.jpg 300w, https:\/\/mula.es\/web\/wp-content\/uploads\/2025\/01\/4-1-400x400.jpg 400w, https:\/\/mula.es\/web\/wp-content\/uploads\/2025\/01\/4-1-600x600.jpg 600w, https:\/\/mula.es\/web\/wp-content\/uploads\/2025\/01\/4-1-768x768.jpg 768w, https:\/\/mula.es\/web\/wp-content\/uploads\/2025\/01\/4-1-800x800.jpg 800w, https:\/\/mula.es\/web\/wp-content\/uploads\/2025\/01\/4-1-1024x1024.jpg 1024w, https:\/\/mula.es\/web\/wp-content\/uploads\/2025\/01\/4-1.jpg 1080w\" sizes=\"(max-width: 300px) 100vw, 300px\" \/><\/a><\/span><\/div>\n<div data-offset-key=\"8o5kp-0-0\"><\/div>\n<\/div>\n<div class=\"_1mf _1mj\" data-offset-key=\"4nj4q-0-0\"><\/div>\n<div data-offset-key=\"4nj4q-0-0\">El Ayuntamiento de Mula agradece a todos los participantes su implicaci\u00f3n y felicita a los ganadores.<\/div>\n<div data-offset-key=\"4nj4q-0-0\"><\/div>\n<div data-offset-key=\"4nj4q-0-0\">Descarga el acta del concurso<span style=\"color: #ff0000;\"><strong> <a style=\"color: #ff0000;\" href=\"https:\/\/mula.es\/web\/wp-content\/uploads\/2025\/01\/acta_concurso_96743_83756_7.pdf\">aqu\u00ed.<\/a><\/strong><\/span><\/div>\n","protected":false},"excerpt":{"rendered":"<p>Fallo del Jurado: Concurso de Decoraci\u00f3n de Puertas, Locales y Escaparates de Navidad \u2063\u2063 Primer Premio (350 \u20ac): Encarna S\u00e1nchez, Trajes Regionales\u2063 Segundo Premio (250 \u20ac): Peluquer\u00eda Sonia F\u00e9rez Hair Sal\u00f3n\u2063 Tercer Premio (150 \u20ac): Tejidos Encarna\u2063 Cuarto Premio (100 \u20ac): Farmacia Boticas 23 El Ayuntamiento de Mula agradece a todos los participantes su implicaci\u00f3n  [&#8230;]<\/p>\n","protected":false},"author":13,"featured_media":33512,"comment_status":"closed","ping_status":"closed","sticky":false,"template":"","format":"standard","meta":{"jetpack_post_was_ever_published":false,"_jetpack_newsletter_access":"","_jetpack_dont_email_post_to_subs":false,"_jetpack_newsletter_tier_id":0,"_jetpack_memberships_contains_paywalled_content":false,"_jetpack_memberships_contains_paid_content":false,"footnotes":"","jetpack_publicize_message":"","jetpack_publicize_feature_enabled":true,"jetpack_social_post_already_shared":false,"jetpack_social_options":{"image_generator_settings":{"template":"highway","default_image_id":0,"font":"","enabled":false},"version":2}},"categories":[164],"tags":[],"class_list":["post-56961","post","type-post","status-publish","format-standard","has-post-thumbnail","hentry","category-comercio"],"yoast_head":"<!-- This site is optimized with the Yoast SEO plugin v27.4 - https:\/\/yoast.com\/product\/yoast-seo-wordpress\/ -->\n<title>COMERCIO | Fallo del Jurado: Concurso de Decoraci\u00f3n de Puertas, Locales y Escaparates de Navidad - Ayuntamiento de Mula<\/title>\n<meta name=\"robots\" content=\"index, follow, max-snippet:-1, max-image-preview:large, max-video-preview:-1\" \/>\n<link rel=\"canonical\" href=\"https:\/\/mula.es\/web\/comercio-fallo-del-jurado-concurso-de-decoracion-de-puertas-locales-y-escaparates-de-navidad\/\" \/>\n<meta property=\"og:locale\" content=\"es_ES\" \/>\n<meta property=\"og:type\" content=\"article\" \/>\n<meta property=\"og:title\" content=\"COMERCIO | Fallo del Jurado: Concurso de Decoraci\u00f3n de Puertas, Locales y Escaparates de Navidad - Ayuntamiento de Mula\" \/>\n<meta property=\"og:description\" content=\"Fallo del Jurado: Concurso de Decoraci\u00f3n de Puertas, Locales y Escaparates de Navidad \u2063\u2063 Primer Premio (350 \u20ac): Encarna S\u00e1nchez, Trajes Regionales\u2063 Segundo Premio (250 \u20ac): Peluquer\u00eda Sonia F\u00e9rez Hair Sal\u00f3n\u2063 Tercer Premio (150 \u20ac): Tejidos Encarna\u2063 Cuarto Premio (100 \u20ac): Farmacia Boticas 23 El Ayuntamiento de Mula agradece a todos los participantes su implicaci\u00f3n [...]\" \/>\n<meta property=\"og:url\" content=\"https:\/\/mula.es\/web\/comercio-fallo-del-jurado-concurso-de-decoracion-de-puertas-locales-y-escaparates-de-navidad\/\" \/>\n<meta property=\"og:site_name\" content=\"Ayuntamiento de Mula\" \/>\n<meta property=\"article:published_time\" content=\"2025-01-09T16:23:10+00:00\" \/>\n<meta property=\"og:image\" content=\"https:\/\/mula.es\/web\/wp-content\/uploads\/2020\/06\/escudo-cuadrado-e1591045058235.jpg\" \/>\n\t<meta property=\"og:image:width\" content=\"200\" \/>\n\t<meta property=\"og:image:height\" content=\"218\" \/>\n\t<meta property=\"og:image:type\" content=\"image\/jpeg\" \/>\n<meta name=\"author\" content=\"Laura Salas Orcajada\" \/>\n<meta name=\"twitter:card\" content=\"summary_large_image\" \/>\n<meta name=\"twitter:creator\" content=\"@AyuntamientMula\" \/>\n<meta name=\"twitter:site\" content=\"@AyuntamientMula\" \/>\n<meta name=\"twitter:label1\" content=\"Escrito por\" \/>\n\t<meta name=\"twitter:data1\" content=\"Laura Salas Orcajada\" \/>\n\t<meta name=\"twitter:label2\" content=\"Tiempo de lectura\" \/>\n\t<meta name=\"twitter:data2\" content=\"2 minutos\" \/>\n<script type=\"application\/ld+json\" class=\"yoast-schema-graph\">{\"@context\":\"https:\\\/\\\/schema.org\",\"@graph\":[{\"@type\":\"Article\",\"@id\":\"https:\\\/\\\/mula.es\\\/web\\\/comercio-fallo-del-jurado-concurso-de-decoracion-de-puertas-locales-y-escaparates-de-navidad\\\/#article\",\"isPartOf\":{\"@id\":\"https:\\\/\\\/mula.es\\\/web\\\/comercio-fallo-del-jurado-concurso-de-decoracion-de-puertas-locales-y-escaparates-de-navidad\\\/\"},\"author\":{\"name\":\"Laura Salas Orcajada\",\"@id\":\"https:\\\/\\\/mula.es\\\/web\\\/#\\\/schema\\\/person\\\/4f10179bd364f40dceed361e61e4033f\"},\"headline\":\"COMERCIO | Fallo del Jurado: Concurso de Decoraci\u00f3n de Puertas, Locales y Escaparates de Navidad\",\"datePublished\":\"2025-01-09T16:23:10+00:00\",\"mainEntityOfPage\":{\"@id\":\"https:\\\/\\\/mula.es\\\/web\\\/comercio-fallo-del-jurado-concurso-de-decoracion-de-puertas-locales-y-escaparates-de-navidad\\\/\"},\"wordCount\":77,\"image\":{\"@id\":\"https:\\\/\\\/mula.es\\\/web\\\/comercio-fallo-del-jurado-concurso-de-decoracion-de-puertas-locales-y-escaparates-de-navidad\\\/#primaryimage\"},\"thumbnailUrl\":\"https:\\\/\\\/mula.es\\\/web\\\/wp-content\\\/uploads\\\/2020\\\/06\\\/escudo-cuadrado-e1591045058235.jpg\",\"articleSection\":[\"comercio\"],\"inLanguage\":\"es\"},{\"@type\":\"WebPage\",\"@id\":\"https:\\\/\\\/mula.es\\\/web\\\/comercio-fallo-del-jurado-concurso-de-decoracion-de-puertas-locales-y-escaparates-de-navidad\\\/\",\"url\":\"https:\\\/\\\/mula.es\\\/web\\\/comercio-fallo-del-jurado-concurso-de-decoracion-de-puertas-locales-y-escaparates-de-navidad\\\/\",\"name\":\"COMERCIO | Fallo del Jurado: Concurso de Decoraci\u00f3n de Puertas, Locales y Escaparates de Navidad - Ayuntamiento de Mula\",\"isPartOf\":{\"@id\":\"https:\\\/\\\/mula.es\\\/web\\\/#website\"},\"primaryImageOfPage\":{\"@id\":\"https:\\\/\\\/mula.es\\\/web\\\/comercio-fallo-del-jurado-concurso-de-decoracion-de-puertas-locales-y-escaparates-de-navidad\\\/#primaryimage\"},\"image\":{\"@id\":\"https:\\\/\\\/mula.es\\\/web\\\/comercio-fallo-del-jurado-concurso-de-decoracion-de-puertas-locales-y-escaparates-de-navidad\\\/#primaryimage\"},\"thumbnailUrl\":\"https:\\\/\\\/mula.es\\\/web\\\/wp-content\\\/uploads\\\/2020\\\/06\\\/escudo-cuadrado-e1591045058235.jpg\",\"datePublished\":\"2025-01-09T16:23:10+00:00\",\"author\":{\"@id\":\"https:\\\/\\\/mula.es\\\/web\\\/#\\\/schema\\\/person\\\/4f10179bd364f40dceed361e61e4033f\"},\"breadcrumb\":{\"@id\":\"https:\\\/\\\/mula.es\\\/web\\\/comercio-fallo-del-jurado-concurso-de-decoracion-de-puertas-locales-y-escaparates-de-navidad\\\/#breadcrumb\"},\"inLanguage\":\"es\",\"potentialAction\":[{\"@type\":\"ReadAction\",\"target\":[\"https:\\\/\\\/mula.es\\\/web\\\/comercio-fallo-del-jurado-concurso-de-decoracion-de-puertas-locales-y-escaparates-de-navidad\\\/\"]}]},{\"@type\":\"ImageObject\",\"inLanguage\":\"es\",\"@id\":\"https:\\\/\\\/mula.es\\\/web\\\/comercio-fallo-del-jurado-concurso-de-decoracion-de-puertas-locales-y-escaparates-de-navidad\\\/#primaryimage\",\"url\":\"https:\\\/\\\/mula.es\\\/web\\\/wp-content\\\/uploads\\\/2020\\\/06\\\/escudo-cuadrado-e1591045058235.jpg\",\"contentUrl\":\"https:\\\/\\\/mula.es\\\/web\\\/wp-content\\\/uploads\\\/2020\\\/06\\\/escudo-cuadrado-e1591045058235.jpg\",\"width\":200,\"height\":218},{\"@type\":\"BreadcrumbList\",\"@id\":\"https:\\\/\\\/mula.es\\\/web\\\/comercio-fallo-del-jurado-concurso-de-decoracion-de-puertas-locales-y-escaparates-de-navidad\\\/#breadcrumb\",\"itemListElement\":[{\"@type\":\"ListItem\",\"position\":1,\"name\":\"Portada\",\"item\":\"https:\\\/\\\/mula.es\\\/web\\\/\"},{\"@type\":\"ListItem\",\"position\":2,\"name\":\"COMERCIO | Fallo del Jurado: Concurso de Decoraci\u00f3n de Puertas, Locales y Escaparates de Navidad\"}]},{\"@type\":\"WebSite\",\"@id\":\"https:\\\/\\\/mula.es\\\/web\\\/#website\",\"url\":\"https:\\\/\\\/mula.es\\\/web\\\/\",\"name\":\"Ayuntamiento de Mula\",\"description\":\"P\u00e1gina web del Ayuntamiento de Mula (Regi\u00f3n de Murcia)\",\"potentialAction\":[{\"@type\":\"SearchAction\",\"target\":{\"@type\":\"EntryPoint\",\"urlTemplate\":\"https:\\\/\\\/mula.es\\\/web\\\/?s={search_term_string}\"},\"query-input\":{\"@type\":\"PropertyValueSpecification\",\"valueRequired\":true,\"valueName\":\"search_term_string\"}}],\"inLanguage\":\"es\"},{\"@type\":\"Person\",\"@id\":\"https:\\\/\\\/mula.es\\\/web\\\/#\\\/schema\\\/person\\\/4f10179bd364f40dceed361e61e4033f\",\"name\":\"Laura Salas Orcajada\",\"image\":{\"@type\":\"ImageObject\",\"inLanguage\":\"es\",\"@id\":\"https:\\\/\\\/secure.gravatar.com\\\/avatar\\\/786f2a223d9a455e2a448f78b5dcc1117207ef56ef3d9a04df338c0f775cd403?s=96&d=mm&r=g\",\"url\":\"https:\\\/\\\/secure.gravatar.com\\\/avatar\\\/786f2a223d9a455e2a448f78b5dcc1117207ef56ef3d9a04df338c0f775cd403?s=96&d=mm&r=g\",\"contentUrl\":\"https:\\\/\\\/secure.gravatar.com\\\/avatar\\\/786f2a223d9a455e2a448f78b5dcc1117207ef56ef3d9a04df338c0f775cd403?s=96&d=mm&r=g\",\"caption\":\"Laura Salas Orcajada\"},\"url\":\"https:\\\/\\\/mula.es\\\/web\\\/author\\\/lsalas\\\/\"}]}<\/script>\n<!-- \/ Yoast SEO plugin. -->","yoast_head_json":{"title":"COMERCIO | Fallo del Jurado: Concurso de Decoraci\u00f3n de Puertas, Locales y Escaparates de Navidad - Ayuntamiento de Mula","robots":{"index":"index","follow":"follow","max-snippet":"max-snippet:-1","max-image-preview":"max-image-preview:large","max-video-preview":"max-video-preview:-1"},"canonical":"https:\/\/mula.es\/web\/comercio-fallo-del-jurado-concurso-de-decoracion-de-puertas-locales-y-escaparates-de-navidad\/","og_locale":"es_ES","og_type":"article","og_title":"COMERCIO | Fallo del Jurado: Concurso de Decoraci\u00f3n de Puertas, Locales y Escaparates de Navidad - Ayuntamiento de Mula","og_description":"Fallo del Jurado: Concurso de Decoraci\u00f3n de Puertas, Locales y Escaparates de Navidad \u2063\u2063 Primer Premio (350 \u20ac): Encarna S\u00e1nchez, Trajes Regionales\u2063 Segundo Premio (250 \u20ac): Peluquer\u00eda Sonia F\u00e9rez Hair Sal\u00f3n\u2063 Tercer Premio (150 \u20ac): Tejidos Encarna\u2063 Cuarto Premio (100 \u20ac): Farmacia Boticas 23 El Ayuntamiento de Mula agradece a todos los participantes su implicaci\u00f3n [...]","og_url":"https:\/\/mula.es\/web\/comercio-fallo-del-jurado-concurso-de-decoracion-de-puertas-locales-y-escaparates-de-navidad\/","og_site_name":"Ayuntamiento de Mula","article_published_time":"2025-01-09T16:23:10+00:00","og_image":[{"width":200,"height":218,"url":"https:\/\/mula.es\/web\/wp-content\/uploads\/2020\/06\/escudo-cuadrado-e1591045058235.jpg","type":"image\/jpeg"}],"author":"Laura Salas Orcajada","twitter_card":"summary_large_image","twitter_creator":"@AyuntamientMula","twitter_site":"@AyuntamientMula","twitter_misc":{"Escrito por":"Laura Salas Orcajada","Tiempo de lectura":"2 minutos"},"schema":{"@context":"https:\/\/schema.org","@graph":[{"@type":"Article","@id":"https:\/\/mula.es\/web\/comercio-fallo-del-jurado-concurso-de-decoracion-de-puertas-locales-y-escaparates-de-navidad\/#article","isPartOf":{"@id":"https:\/\/mula.es\/web\/comercio-fallo-del-jurado-concurso-de-decoracion-de-puertas-locales-y-escaparates-de-navidad\/"},"author":{"name":"Laura Salas Orcajada","@id":"https:\/\/mula.es\/web\/#\/schema\/person\/4f10179bd364f40dceed361e61e4033f"},"headline":"COMERCIO | Fallo del Jurado: Concurso de Decoraci\u00f3n de Puertas, Locales y Escaparates de Navidad","datePublished":"2025-01-09T16:23:10+00:00","mainEntityOfPage":{"@id":"https:\/\/mula.es\/web\/comercio-fallo-del-jurado-concurso-de-decoracion-de-puertas-locales-y-escaparates-de-navidad\/"},"wordCount":77,"image":{"@id":"https:\/\/mula.es\/web\/comercio-fallo-del-jurado-concurso-de-decoracion-de-puertas-locales-y-escaparates-de-navidad\/#primaryimage"},"thumbnailUrl":"https:\/\/mula.es\/web\/wp-content\/uploads\/2020\/06\/escudo-cuadrado-e1591045058235.jpg","articleSection":["comercio"],"inLanguage":"es"},{"@type":"WebPage","@id":"https:\/\/mula.es\/web\/comercio-fallo-del-jurado-concurso-de-decoracion-de-puertas-locales-y-escaparates-de-navidad\/","url":"https:\/\/mula.es\/web\/comercio-fallo-del-jurado-concurso-de-decoracion-de-puertas-locales-y-escaparates-de-navidad\/","name":"COMERCIO | Fallo del Jurado: Concurso de Decoraci\u00f3n de Puertas, Locales y Escaparates de Navidad - Ayuntamiento de Mula","isPartOf":{"@id":"https:\/\/mula.es\/web\/#website"},"primaryImageOfPage":{"@id":"https:\/\/mula.es\/web\/comercio-fallo-del-jurado-concurso-de-decoracion-de-puertas-locales-y-escaparates-de-navidad\/#primaryimage"},"image":{"@id":"https:\/\/mula.es\/web\/comercio-fallo-del-jurado-concurso-de-decoracion-de-puertas-locales-y-escaparates-de-navidad\/#primaryimage"},"thumbnailUrl":"https:\/\/mula.es\/web\/wp-content\/uploads\/2020\/06\/escudo-cuadrado-e1591045058235.jpg","datePublished":"2025-01-09T16:23:10+00:00","author":{"@id":"https:\/\/mula.es\/web\/#\/schema\/person\/4f10179bd364f40dceed361e61e4033f"},"breadcrumb":{"@id":"https:\/\/mula.es\/web\/comercio-fallo-del-jurado-concurso-de-decoracion-de-puertas-locales-y-escaparates-de-navidad\/#breadcrumb"},"inLanguage":"es","potentialAction":[{"@type":"ReadAction","target":["https:\/\/mula.es\/web\/comercio-fallo-del-jurado-concurso-de-decoracion-de-puertas-locales-y-escaparates-de-navidad\/"]}]},{"@type":"ImageObject","inLanguage":"es","@id":"https:\/\/mula.es\/web\/comercio-fallo-del-jurado-concurso-de-decoracion-de-puertas-locales-y-escaparates-de-navidad\/#primaryimage","url":"https:\/\/mula.es\/web\/wp-content\/uploads\/2020\/06\/escudo-cuadrado-e1591045058235.jpg","contentUrl":"https:\/\/mula.es\/web\/wp-content\/uploads\/2020\/06\/escudo-cuadrado-e1591045058235.jpg","width":200,"height":218},{"@type":"BreadcrumbList","@id":"https:\/\/mula.es\/web\/comercio-fallo-del-jurado-concurso-de-decoracion-de-puertas-locales-y-escaparates-de-navidad\/#breadcrumb","itemListElement":[{"@type":"ListItem","position":1,"name":"Portada","item":"https:\/\/mula.es\/web\/"},{"@type":"ListItem","position":2,"name":"COMERCIO | Fallo del Jurado: Concurso de Decoraci\u00f3n de Puertas, Locales y Escaparates de Navidad"}]},{"@type":"WebSite","@id":"https:\/\/mula.es\/web\/#website","url":"https:\/\/mula.es\/web\/","name":"Ayuntamiento de Mula","description":"P\u00e1gina web del Ayuntamiento de Mula (Regi\u00f3n de Murcia)","potentialAction":[{"@type":"SearchAction","target":{"@type":"EntryPoint","urlTemplate":"https:\/\/mula.es\/web\/?s={search_term_string}"},"query-input":{"@type":"PropertyValueSpecification","valueRequired":true,"valueName":"search_term_string"}}],"inLanguage":"es"},{"@type":"Person","@id":"https:\/\/mula.es\/web\/#\/schema\/person\/4f10179bd364f40dceed361e61e4033f","name":"Laura Salas Orcajada","image":{"@type":"ImageObject","inLanguage":"es","@id":"https:\/\/secure.gravatar.com\/avatar\/786f2a223d9a455e2a448f78b5dcc1117207ef56ef3d9a04df338c0f775cd403?s=96&d=mm&r=g","url":"https:\/\/secure.gravatar.com\/avatar\/786f2a223d9a455e2a448f78b5dcc1117207ef56ef3d9a04df338c0f775cd403?s=96&d=mm&r=g","contentUrl":"https:\/\/secure.gravatar.com\/avatar\/786f2a223d9a455e2a448f78b5dcc1117207ef56ef3d9a04df338c0f775cd403?s=96&d=mm&r=g","caption":"Laura Salas Orcajada"},"url":"https:\/\/mula.es\/web\/author\/lsalas\/"}]}},"jetpack_publicize_connections":[],"jetpack_featured_media_url":"https:\/\/mula.es\/web\/wp-content\/uploads\/2020\/06\/escudo-cuadrado-e1591045058235.jpg","jetpack_sharing_enabled":true,"jetpack_shortlink":"https:\/\/wp.me\/pa9DMY-eOJ","jetpack-related-posts":[],"_links":{"self":[{"href":"https:\/\/mula.es\/web\/wp-json\/wp\/v2\/posts\/56961","targetHints":{"allow":["GET"]}}],"collection":[{"href":"https:\/\/mula.es\/web\/wp-json\/wp\/v2\/posts"}],"about":[{"href":"https:\/\/mula.es\/web\/wp-json\/wp\/v2\/types\/post"}],"author":[{"embeddable":true,"href":"https:\/\/mula.es\/web\/wp-json\/wp\/v2\/users\/13"}],"replies":[{"embeddable":true,"href":"https:\/\/mula.es\/web\/wp-json\/wp\/v2\/comments?post=56961"}],"version-history":[{"count":1,"href":"https:\/\/mula.es\/web\/wp-json\/wp\/v2\/posts\/56961\/revisions"}],"predecessor-version":[{"id":56967,"href":"https:\/\/mula.es\/web\/wp-json\/wp\/v2\/posts\/56961\/revisions\/56967"}],"wp:featuredmedia":[{"embeddable":true,"href":"https:\/\/mula.es\/web\/wp-json\/wp\/v2\/media\/33512"}],"wp:attachment":[{"href":"https:\/\/mula.es\/web\/wp-json\/wp\/v2\/media?parent=56961"}],"wp:term":[{"taxonomy":"category","embeddable":true,"href":"https:\/\/mula.es\/web\/wp-json\/wp\/v2\/categories?post=56961"},{"taxonomy":"post_tag","embeddable":true,"href":"https:\/\/mula.es\/web\/wp-json\/wp\/v2\/tags?post=56961"}],"curies":[{"name":"wp","href":"https:\/\/api.w.org\/{rel}","templated":true}]}}