{"id":57050,"date":"2025-01-16T12:27:34","date_gmt":"2025-01-16T11:27:34","guid":{"rendered":"https:\/\/mula.es\/web\/?p=57050"},"modified":"2025-01-16T13:12:46","modified_gmt":"2025-01-16T12:12:46","slug":"turismo-mulaflor-2025-naturaleza-cultura-y-gastronomia-en-la-primera-floracion-de-europa","status":"publish","type":"post","link":"https:\/\/mula.es\/web\/turismo-mulaflor-2025-naturaleza-cultura-y-gastronomia-en-la-primera-floracion-de-europa\/","title":{"rendered":"TURISMO | MulaFlor 2025: naturaleza, cultura y gastronom\u00eda en la primera floraci\u00f3n de Europa"},"content":{"rendered":"<p><strong>NOTA DE PRENSA &#8211; 16 DE ENERO DE 2025<\/strong><\/p>\n<p><strong>\u00a0<\/strong><\/p>\n<h2><strong>\u00a0<\/strong><\/h2>\n<h2><strong>MulaFlor 2025: naturaleza, cultura y gastronom\u00eda en la primera floraci\u00f3n de Europa<\/strong><\/h2>\n<p><strong>\u00a0<\/strong><\/p>\n<p>&nbsp;<\/p>\n<p><strong>MulaFlor 2025, que tendr\u00e1 lugar del 1 de febrero al 16 de marzo, se ha presentado hoy en Murcia.<\/strong><\/p>\n<p><strong>\u00a0<\/strong><\/p>\n<p><strong>La extensa programaci\u00f3n de este a\u00f1o, que contar\u00e1 con la Feria Gastron\u00f3mica GastroFlor, consolida al municipio como referente en turismo sostenible.<\/strong><\/p>\n<p><strong>\u00a0<\/strong><\/p>\n<p>La Avenida de la Libertad de Murcia ha sido el escenario elegido para la presentaci\u00f3n de MulaFlor 2025, La Feria del Almendro en Flor de Mula, que se consolida como uno de los eventos m\u00e1s esperados de la Regi\u00f3n de Murcia. Con una programaci\u00f3n que abarca desde rutas paisaj\u00edsticas hasta propuestas gastron\u00f3micas y culturales, MulaFlor se reafirma como un referente en el turismo sostenible y la dinamizaci\u00f3n econ\u00f3mica de la localidad.<\/p>\n<p>&nbsp;<\/p>\n<p>El acto, al igual que en su anterior edici\u00f3n, ha sido conducido por Encarna Talavera, a la cual el Ayuntamiento de Mula agradece enormemente su trabajo y dedicaci\u00f3hn. Han estado presentes diversos representantes institucionales, miembros de la corporaci\u00f3n municipal; concejales del Ayuntamiento de Murcia; y destacados agentes del sector tur\u00edstico y cultural de la Regi\u00f3n, se ha destacado el valor \u00fanico de esta celebraci\u00f3n, que no solo resalta la belleza natural de los almendros en flor, sino que tambi\u00e9n pone en valor el patrimonio hist\u00f3rico y la creatividad de Mula.<\/p>\n<p>&nbsp;<\/p>\n<p>El alcalde del municipio, Juan Jes\u00fas Moreno, ha subrayado que \u201cMulaFlor 2025 es un tributo a nuestra tierra, a sus paisajes y a las personas que dan vida a nuestro municipio. Es una invitaci\u00f3n a descubrir el alma de Mula a trav\u00e9s de su naturaleza, su cultura y su historia. Una cita con un gran impacto en el turismo y la econom\u00eda local que consolida a Mula como un destino privilegiado en el coraz\u00f3n de la Regi\u00f3n de Murcia\u201d.<\/p>\n<p>&nbsp;<\/p>\n<p>Seg\u00fan el edil mule\u00f1o, la edici\u00f3n de este a\u00f1o seguir\u00e1 visibilizando la agricultura y a las empresas dedicadas al sector, ya que se trata de un municipio que \u201cno podr\u00eda existir sin sus agricultores y su agricultura, porque forman parte de su ADN y de su identidad\u201d. Prueba de ello, es la Feria Agr\u00edcola de Mula que pondr\u00e1 en valor el sector empresarial agr\u00edcola del 7 al 9 d marzo, cumpliendo este a\u00f1o su tercera edici\u00f3n.<\/p>\n<p>&nbsp;<\/p>\n<p><strong>Una programaci\u00f3n diversa para todos los p\u00fablicos<\/strong><\/p>\n<p><strong>\u00a0<\/strong><\/p>\n<p>La propuesta de MulaFlor 2025 gira en torno a cinco grandes ejes: Rutas y Paisajes, Gastronom\u00eda, Cultura, Historia y Patrimonio, y Creatividad. Entre las actividades programadas destacan: rutas guiadas por los paisajes de almendros en flor, ideales para los amantes de la naturaleza y la fotograf\u00eda; catas y degustaciones gastron\u00f3micas, con productos locales que resaltan la riqueza culinaria de la tierra; talleres y exposiciones dedicados a la historia y tradiciones del municipio y encuentros culturales.<\/p>\n<p>&nbsp;<\/p>\n<p>Este a\u00f1o, adem\u00e1s, se introduce una nueva edici\u00f3n de los Premios MulaFlor, que reconocen a figuras destacadas en los \u00e1mbitos del turismo, la agricultura y la acci\u00f3n social. Este galard\u00f3n se consolida como un homenaje anual a quienes contribuyen al desarrollo y proyecci\u00f3n de Mula.<\/p>\n<p>&nbsp;<\/p>\n<p>Y como gran novedad de este a\u00f1o, MulaFlor incorpora a su programaci\u00f3n Gastroflor 2025. La I Feria Gastron\u00f3mica que incluir\u00e1 talleres, showcooking y degustaciones, ser\u00e1 uno de los principales atractivos del evento, ofreciendo una experiencia culinaria basada en productos aut\u00f3ctonos. Desde catas de vino y aceites hasta la degustaci\u00f3n de tapas elaboradas con almendra, los asistentes podr\u00e1n sumergirse en los sabores de Mula y de la Regi\u00f3n de Murcia. En GastroFlor se podr\u00e1n degustar, sin duda, \u201cmule\u00f1icos\u201d, el dulce identitario que elaboran los pasteleros de la localidad a partir de la receta creada por Paco Torreblanca durante MulaFlor 2024.<\/p>\n<p>&nbsp;<\/p>\n<p>Tras la presentaci\u00f3n, los asistentes han tenido ocasi\u00f3n tambi\u00e9n de probar este exquisito bocado ya que la Escuela de Hosteler\u00eda de C\u00e1ritas, EH!, ha sido la encargada de servir el desayuno en el que los \u201cmule\u00f1icos\u201d han sido los grandes protagonistas.<\/p>\n<p><strong>\u00a0<\/strong><\/p>\n<p><strong>Un motor para el turismo sostenible<\/strong><\/p>\n<p><strong>\u00a0<\/strong><\/p>\n<p>MulaFlor no solo celebra la llegada de la primavera a trav\u00e9s de la floraci\u00f3n, la primera de toda Europa, sino que tambi\u00e9n impulsa un modelo de turismo sostenible y respetuoso con el medio ambiente. Seg\u00fan datos recientes, Mula ha experimentado un notable incremento en el n\u00famero de visitantes, consolid\u00e1ndose como uno de los destinos m\u00e1s atractivos del interior de la Regi\u00f3n.<\/p>\n<p>&nbsp;<\/p>\n<p>El municipio, que destaca por ser el mayor productor de almendra de Espa\u00f1a, tambi\u00e9n pone de relieve el papel fundamental de la agricultura en su identidad. Durante la presentaci\u00f3n, se ha resaltado el compromiso de Mula con una agricultura sostenible y con la protecci\u00f3n de su entorno natural, elementos clave que refuerzan el atractivo tur\u00edstico y econ\u00f3mico del municipio.<\/p>\n<p>&nbsp;<\/p>\n<p>Situada en el coraz\u00f3n de la Regi\u00f3n de Murcia, cuenta con un inmenso patrimonio hist\u00f3rico, cultural y natural. Entre sus riquezas se encuentran su casco antiguo, declarado Conjunto Hist\u00f3rico Art\u00edstico de Car\u00e1cter Nacional en 1981; su Convento de San Francisco y Museo de la Ciudad, donde se hallan tesoros como el sarc\u00f3fago visigodo desenterrado en el yacimiento de Villaricos. Mula es un tesoro arqueol\u00f3gico en el que destacan la villa romana de Los Villaricos, el Museo Arqueol\u00f3gico de Arte Ib\u00e9rico El Cigarralejo, donde se encuentran piezas del complejo ib\u00e9rico que le da nombre. As\u00ed como el Conjunto Prehist\u00f3rico y de Arte Rupestre del Abrigo del Milano, reci\u00e9n reformado y abierto al p\u00fablico.<\/p>\n<p>&nbsp;<\/p>\n<p>Con MulaFlor 2025, el municipio invita a residentes y visitantes a vivir una experiencia \u00fanica que a\u00fana naturaleza, cultura y creatividad. Una celebraci\u00f3n que consolida a Mula como un destino imprescindible para quienes buscan conectar con la esencia de la Regi\u00f3n de Murcia.<\/p>\n<p>&nbsp;<\/p>\n<p>Descarga la <span style=\"color: #ff0000;\"><strong><a style=\"color: #ff0000;\" href=\"https:\/\/mula.es\/web\/wp-content\/uploads\/2025\/01\/PROGRAMACIONCUADRIPTICO-1.pdf\">programaci\u00f3n completa aqu\u00ed.<\/a><\/strong><\/span><\/p>\n<p>&nbsp;<\/p>\n<p><a href=\"https:\/\/mula.es\/web\/wp-content\/uploads\/2025\/01\/1-5-scaled.jpg\"><img decoding=\"async\" data-attachment-id=\"57051\" data-permalink=\"https:\/\/mula.es\/web\/turismo-mulaflor-2025-naturaleza-cultura-y-gastronomia-en-la-primera-floracion-de-europa\/1-183\/\" data-orig-file=\"https:\/\/mula.es\/web\/wp-content\/uploads\/2025\/01\/1-5-scaled.jpg\" data-orig-size=\"2560,1707\" data-comments-opened=\"0\" data-image-meta=\"{&quot;aperture&quot;:&quot;0&quot;,&quot;credit&quot;:&quot;&quot;,&quot;camera&quot;:&quot;&quot;,&quot;caption&quot;:&quot;&quot;,&quot;created_timestamp&quot;:&quot;0&quot;,&quot;copyright&quot;:&quot;&quot;,&quot;focal_length&quot;:&quot;0&quot;,&quot;iso&quot;:&quot;0&quot;,&quot;shutter_speed&quot;:&quot;0&quot;,&quot;title&quot;:&quot;&quot;,&quot;orientation&quot;:&quot;1&quot;}\" data-image-title=\"1\" data-image-description=\"\" data-image-caption=\"\" data-large-file=\"https:\/\/mula.es\/web\/wp-content\/uploads\/2025\/01\/1-5-1024x683.jpg\" class=\"alignnone size-medium wp-image-57051\" src=\"https:\/\/mula.es\/web\/wp-content\/uploads\/2025\/01\/1-5-300x200.jpg\" alt=\"\" width=\"300\" height=\"200\" srcset=\"https:\/\/mula.es\/web\/wp-content\/uploads\/2025\/01\/1-5-200x133.jpg 200w, https:\/\/mula.es\/web\/wp-content\/uploads\/2025\/01\/1-5-300x200.jpg 300w, https:\/\/mula.es\/web\/wp-content\/uploads\/2025\/01\/1-5-400x267.jpg 400w, https:\/\/mula.es\/web\/wp-content\/uploads\/2025\/01\/1-5-600x400.jpg 600w, https:\/\/mula.es\/web\/wp-content\/uploads\/2025\/01\/1-5-768x512.jpg 768w, https:\/\/mula.es\/web\/wp-content\/uploads\/2025\/01\/1-5-800x533.jpg 800w, https:\/\/mula.es\/web\/wp-content\/uploads\/2025\/01\/1-5-1024x683.jpg 1024w, https:\/\/mula.es\/web\/wp-content\/uploads\/2025\/01\/1-5-1200x800.jpg 1200w, https:\/\/mula.es\/web\/wp-content\/uploads\/2025\/01\/1-5-1536x1024.jpg 1536w\" sizes=\"(max-width: 300px) 100vw, 300px\" \/><\/a> <a href=\"https:\/\/mula.es\/web\/wp-content\/uploads\/2025\/01\/2-4-scaled.jpg\"><img decoding=\"async\" data-attachment-id=\"57052\" data-permalink=\"https:\/\/mula.es\/web\/turismo-mulaflor-2025-naturaleza-cultura-y-gastronomia-en-la-primera-floracion-de-europa\/2-174\/\" data-orig-file=\"https:\/\/mula.es\/web\/wp-content\/uploads\/2025\/01\/2-4-scaled.jpg\" data-orig-size=\"2560,1707\" data-comments-opened=\"0\" data-image-meta=\"{&quot;aperture&quot;:&quot;0&quot;,&quot;credit&quot;:&quot;&quot;,&quot;camera&quot;:&quot;&quot;,&quot;caption&quot;:&quot;&quot;,&quot;created_timestamp&quot;:&quot;0&quot;,&quot;copyright&quot;:&quot;&quot;,&quot;focal_length&quot;:&quot;0&quot;,&quot;iso&quot;:&quot;0&quot;,&quot;shutter_speed&quot;:&quot;0&quot;,&quot;title&quot;:&quot;&quot;,&quot;orientation&quot;:&quot;1&quot;}\" data-image-title=\"2\" data-image-description=\"\" data-image-caption=\"\" data-large-file=\"https:\/\/mula.es\/web\/wp-content\/uploads\/2025\/01\/2-4-1024x683.jpg\" class=\"alignnone size-medium wp-image-57052\" src=\"https:\/\/mula.es\/web\/wp-content\/uploads\/2025\/01\/2-4-300x200.jpg\" alt=\"\" width=\"300\" height=\"200\" srcset=\"https:\/\/mula.es\/web\/wp-content\/uploads\/2025\/01\/2-4-200x133.jpg 200w, https:\/\/mula.es\/web\/wp-content\/uploads\/2025\/01\/2-4-300x200.jpg 300w, https:\/\/mula.es\/web\/wp-content\/uploads\/2025\/01\/2-4-400x267.jpg 400w, https:\/\/mula.es\/web\/wp-content\/uploads\/2025\/01\/2-4-600x400.jpg 600w, https:\/\/mula.es\/web\/wp-content\/uploads\/2025\/01\/2-4-768x512.jpg 768w, https:\/\/mula.es\/web\/wp-content\/uploads\/2025\/01\/2-4-800x533.jpg 800w, https:\/\/mula.es\/web\/wp-content\/uploads\/2025\/01\/2-4-1024x683.jpg 1024w, https:\/\/mula.es\/web\/wp-content\/uploads\/2025\/01\/2-4-1200x800.jpg 1200w, https:\/\/mula.es\/web\/wp-content\/uploads\/2025\/01\/2-4-1536x1024.jpg 1536w\" sizes=\"(max-width: 300px) 100vw, 300px\" \/><\/a> <a href=\"https:\/\/mula.es\/web\/wp-content\/uploads\/2025\/01\/3-4-scaled.jpg\"><img decoding=\"async\" data-attachment-id=\"57053\" data-permalink=\"https:\/\/mula.es\/web\/turismo-mulaflor-2025-naturaleza-cultura-y-gastronomia-en-la-primera-floracion-de-europa\/3-158\/\" data-orig-file=\"https:\/\/mula.es\/web\/wp-content\/uploads\/2025\/01\/3-4-scaled.jpg\" data-orig-size=\"2560,1707\" data-comments-opened=\"0\" data-image-meta=\"{&quot;aperture&quot;:&quot;0&quot;,&quot;credit&quot;:&quot;&quot;,&quot;camera&quot;:&quot;&quot;,&quot;caption&quot;:&quot;&quot;,&quot;created_timestamp&quot;:&quot;0&quot;,&quot;copyright&quot;:&quot;&quot;,&quot;focal_length&quot;:&quot;0&quot;,&quot;iso&quot;:&quot;0&quot;,&quot;shutter_speed&quot;:&quot;0&quot;,&quot;title&quot;:&quot;&quot;,&quot;orientation&quot;:&quot;1&quot;}\" data-image-title=\"3\" data-image-description=\"\" data-image-caption=\"\" data-large-file=\"https:\/\/mula.es\/web\/wp-content\/uploads\/2025\/01\/3-4-1024x683.jpg\" class=\"alignnone size-medium wp-image-57053\" src=\"https:\/\/mula.es\/web\/wp-content\/uploads\/2025\/01\/3-4-300x200.jpg\" alt=\"\" width=\"300\" height=\"200\" srcset=\"https:\/\/mula.es\/web\/wp-content\/uploads\/2025\/01\/3-4-200x133.jpg 200w, https:\/\/mula.es\/web\/wp-content\/uploads\/2025\/01\/3-4-300x200.jpg 300w, https:\/\/mula.es\/web\/wp-content\/uploads\/2025\/01\/3-4-400x267.jpg 400w, https:\/\/mula.es\/web\/wp-content\/uploads\/2025\/01\/3-4-600x400.jpg 600w, https:\/\/mula.es\/web\/wp-content\/uploads\/2025\/01\/3-4-768x512.jpg 768w, https:\/\/mula.es\/web\/wp-content\/uploads\/2025\/01\/3-4-800x533.jpg 800w, https:\/\/mula.es\/web\/wp-content\/uploads\/2025\/01\/3-4-1024x683.jpg 1024w, https:\/\/mula.es\/web\/wp-content\/uploads\/2025\/01\/3-4-1200x800.jpg 1200w, https:\/\/mula.es\/web\/wp-content\/uploads\/2025\/01\/3-4-1536x1024.jpg 1536w\" sizes=\"(max-width: 300px) 100vw, 300px\" \/><\/a> <a href=\"https:\/\/mula.es\/web\/wp-content\/uploads\/2025\/01\/4-3-scaled.jpg\"><img decoding=\"async\" data-attachment-id=\"57054\" data-permalink=\"https:\/\/mula.es\/web\/turismo-mulaflor-2025-naturaleza-cultura-y-gastronomia-en-la-primera-floracion-de-europa\/4-111\/\" data-orig-file=\"https:\/\/mula.es\/web\/wp-content\/uploads\/2025\/01\/4-3-scaled.jpg\" data-orig-size=\"2560,1707\" data-comments-opened=\"0\" data-image-meta=\"{&quot;aperture&quot;:&quot;0&quot;,&quot;credit&quot;:&quot;&quot;,&quot;camera&quot;:&quot;&quot;,&quot;caption&quot;:&quot;&quot;,&quot;created_timestamp&quot;:&quot;0&quot;,&quot;copyright&quot;:&quot;&quot;,&quot;focal_length&quot;:&quot;0&quot;,&quot;iso&quot;:&quot;0&quot;,&quot;shutter_speed&quot;:&quot;0&quot;,&quot;title&quot;:&quot;&quot;,&quot;orientation&quot;:&quot;1&quot;}\" data-image-title=\"4\" data-image-description=\"\" data-image-caption=\"\" data-large-file=\"https:\/\/mula.es\/web\/wp-content\/uploads\/2025\/01\/4-3-1024x683.jpg\" class=\"alignnone size-medium wp-image-57054\" src=\"https:\/\/mula.es\/web\/wp-content\/uploads\/2025\/01\/4-3-300x200.jpg\" alt=\"\" width=\"300\" height=\"200\" srcset=\"https:\/\/mula.es\/web\/wp-content\/uploads\/2025\/01\/4-3-200x133.jpg 200w, https:\/\/mula.es\/web\/wp-content\/uploads\/2025\/01\/4-3-300x200.jpg 300w, https:\/\/mula.es\/web\/wp-content\/uploads\/2025\/01\/4-3-400x267.jpg 400w, https:\/\/mula.es\/web\/wp-content\/uploads\/2025\/01\/4-3-600x400.jpg 600w, https:\/\/mula.es\/web\/wp-content\/uploads\/2025\/01\/4-3-768x512.jpg 768w, https:\/\/mula.es\/web\/wp-content\/uploads\/2025\/01\/4-3-800x533.jpg 800w, https:\/\/mula.es\/web\/wp-content\/uploads\/2025\/01\/4-3-1024x683.jpg 1024w, https:\/\/mula.es\/web\/wp-content\/uploads\/2025\/01\/4-3-1200x800.jpg 1200w, https:\/\/mula.es\/web\/wp-content\/uploads\/2025\/01\/4-3-1536x1024.jpg 1536w\" sizes=\"(max-width: 300px) 100vw, 300px\" \/><\/a> <a href=\"https:\/\/mula.es\/web\/wp-content\/uploads\/2025\/01\/5-1-scaled.jpg\"><img decoding=\"async\" data-attachment-id=\"57055\" data-permalink=\"https:\/\/mula.es\/web\/turismo-mulaflor-2025-naturaleza-cultura-y-gastronomia-en-la-primera-floracion-de-europa\/5-75\/\" data-orig-file=\"https:\/\/mula.es\/web\/wp-content\/uploads\/2025\/01\/5-1-scaled.jpg\" data-orig-size=\"2560,1707\" data-comments-opened=\"0\" data-image-meta=\"{&quot;aperture&quot;:&quot;0&quot;,&quot;credit&quot;:&quot;&quot;,&quot;camera&quot;:&quot;&quot;,&quot;caption&quot;:&quot;&quot;,&quot;created_timestamp&quot;:&quot;0&quot;,&quot;copyright&quot;:&quot;&quot;,&quot;focal_length&quot;:&quot;0&quot;,&quot;iso&quot;:&quot;0&quot;,&quot;shutter_speed&quot;:&quot;0&quot;,&quot;title&quot;:&quot;&quot;,&quot;orientation&quot;:&quot;1&quot;}\" data-image-title=\"5\" data-image-description=\"\" data-image-caption=\"\" data-large-file=\"https:\/\/mula.es\/web\/wp-content\/uploads\/2025\/01\/5-1-1024x683.jpg\" class=\"alignnone size-medium wp-image-57055\" src=\"https:\/\/mula.es\/web\/wp-content\/uploads\/2025\/01\/5-1-300x200.jpg\" alt=\"\" width=\"300\" height=\"200\" srcset=\"https:\/\/mula.es\/web\/wp-content\/uploads\/2025\/01\/5-1-200x133.jpg 200w, https:\/\/mula.es\/web\/wp-content\/uploads\/2025\/01\/5-1-300x200.jpg 300w, https:\/\/mula.es\/web\/wp-content\/uploads\/2025\/01\/5-1-400x267.jpg 400w, https:\/\/mula.es\/web\/wp-content\/uploads\/2025\/01\/5-1-600x400.jpg 600w, https:\/\/mula.es\/web\/wp-content\/uploads\/2025\/01\/5-1-768x512.jpg 768w, https:\/\/mula.es\/web\/wp-content\/uploads\/2025\/01\/5-1-800x533.jpg 800w, https:\/\/mula.es\/web\/wp-content\/uploads\/2025\/01\/5-1-1024x683.jpg 1024w, https:\/\/mula.es\/web\/wp-content\/uploads\/2025\/01\/5-1-1200x800.jpg 1200w, https:\/\/mula.es\/web\/wp-content\/uploads\/2025\/01\/5-1-1536x1024.jpg 1536w\" sizes=\"(max-width: 300px) 100vw, 300px\" \/><\/a> <a href=\"https:\/\/mula.es\/web\/wp-content\/uploads\/2025\/01\/6-scaled.jpg\"><img decoding=\"async\" data-attachment-id=\"57056\" data-permalink=\"https:\/\/mula.es\/web\/turismo-mulaflor-2025-naturaleza-cultura-y-gastronomia-en-la-primera-floracion-de-europa\/6-51\/\" data-orig-file=\"https:\/\/mula.es\/web\/wp-content\/uploads\/2025\/01\/6-scaled.jpg\" data-orig-size=\"2560,1707\" data-comments-opened=\"0\" data-image-meta=\"{&quot;aperture&quot;:&quot;0&quot;,&quot;credit&quot;:&quot;&quot;,&quot;camera&quot;:&quot;&quot;,&quot;caption&quot;:&quot;&quot;,&quot;created_timestamp&quot;:&quot;0&quot;,&quot;copyright&quot;:&quot;&quot;,&quot;focal_length&quot;:&quot;0&quot;,&quot;iso&quot;:&quot;0&quot;,&quot;shutter_speed&quot;:&quot;0&quot;,&quot;title&quot;:&quot;&quot;,&quot;orientation&quot;:&quot;1&quot;}\" data-image-title=\"6\" data-image-description=\"\" data-image-caption=\"\" data-large-file=\"https:\/\/mula.es\/web\/wp-content\/uploads\/2025\/01\/6-1024x683.jpg\" class=\"alignnone size-medium wp-image-57056\" src=\"https:\/\/mula.es\/web\/wp-content\/uploads\/2025\/01\/6-300x200.jpg\" alt=\"\" width=\"300\" height=\"200\" srcset=\"https:\/\/mula.es\/web\/wp-content\/uploads\/2025\/01\/6-200x133.jpg 200w, https:\/\/mula.es\/web\/wp-content\/uploads\/2025\/01\/6-300x200.jpg 300w, https:\/\/mula.es\/web\/wp-content\/uploads\/2025\/01\/6-400x267.jpg 400w, https:\/\/mula.es\/web\/wp-content\/uploads\/2025\/01\/6-600x400.jpg 600w, https:\/\/mula.es\/web\/wp-content\/uploads\/2025\/01\/6-768x512.jpg 768w, https:\/\/mula.es\/web\/wp-content\/uploads\/2025\/01\/6-800x533.jpg 800w, https:\/\/mula.es\/web\/wp-content\/uploads\/2025\/01\/6-1024x683.jpg 1024w, https:\/\/mula.es\/web\/wp-content\/uploads\/2025\/01\/6-1200x800.jpg 1200w, https:\/\/mula.es\/web\/wp-content\/uploads\/2025\/01\/6-1536x1024.jpg 1536w\" sizes=\"(max-width: 300px) 100vw, 300px\" \/><\/a><\/p>\n","protected":false},"excerpt":{"rendered":"<p>NOTA DE PRENSA &#8211; 16 DE ENERO DE 2025 \u00a0 \u00a0 MulaFlor 2025: naturaleza, cultura y gastronom\u00eda en la primera floraci\u00f3n de Europa \u00a0 &nbsp; MulaFlor 2025, que tendr\u00e1 lugar del 1 de febrero al 16 de marzo, se ha presentado hoy en Murcia. \u00a0 La extensa programaci\u00f3n de este a\u00f1o, que contar\u00e1 con la  [&#8230;]<\/p>\n","protected":false},"author":13,"featured_media":33512,"comment_status":"closed","ping_status":"closed","sticky":false,"template":"","format":"standard","meta":{"jetpack_post_was_ever_published":false,"_jetpack_newsletter_access":"","_jetpack_dont_email_post_to_subs":false,"_jetpack_newsletter_tier_id":0,"_jetpack_memberships_contains_paywalled_content":false,"_jetpack_memberships_contains_paid_content":false,"footnotes":"","jetpack_publicize_message":"","jetpack_publicize_feature_enabled":true,"jetpack_social_post_already_shared":false,"jetpack_social_options":{"image_generator_settings":{"template":"highway","default_image_id":0,"font":"","enabled":false},"version":2}},"categories":[75],"tags":[],"class_list":["post-57050","post","type-post","status-publish","format-standard","has-post-thumbnail","hentry","category-turismo"],"yoast_head":"<!-- This site is optimized with the Yoast SEO plugin v27.5 - https:\/\/yoast.com\/product\/yoast-seo-wordpress\/ -->\n<title>TURISMO | MulaFlor 2025: naturaleza, cultura y gastronom\u00eda en la primera floraci\u00f3n de Europa - Ayuntamiento de Mula<\/title>\n<meta name=\"description\" content=\"\u00c9xito Rotundo en la Gala de los Premios MulaFlor durante la II Feria Agr\u00edcola de Mula.\" \/>\n<meta name=\"robots\" content=\"index, follow, max-snippet:-1, max-image-preview:large, max-video-preview:-1\" \/>\n<link rel=\"canonical\" href=\"https:\/\/mula.es\/web\/turismo-mulaflor-2025-naturaleza-cultura-y-gastronomia-en-la-primera-floracion-de-europa\/\" \/>\n<meta property=\"og:locale\" content=\"es_ES\" \/>\n<meta property=\"og:type\" content=\"article\" \/>\n<meta property=\"og:title\" content=\"TURISMO | MulaFlor 2025: naturaleza, cultura y gastronom\u00eda en la primera floraci\u00f3n de Europa - Ayuntamiento de Mula\" \/>\n<meta property=\"og:description\" content=\"\u00c9xito Rotundo en la Gala de los Premios MulaFlor durante la II Feria Agr\u00edcola de Mula.\" \/>\n<meta property=\"og:url\" content=\"https:\/\/mula.es\/web\/turismo-mulaflor-2025-naturaleza-cultura-y-gastronomia-en-la-primera-floracion-de-europa\/\" \/>\n<meta property=\"og:site_name\" content=\"Ayuntamiento de Mula\" \/>\n<meta property=\"article:published_time\" content=\"2025-01-16T11:27:34+00:00\" \/>\n<meta property=\"article:modified_time\" content=\"2025-01-16T12:12:46+00:00\" \/>\n<meta property=\"og:image\" content=\"https:\/\/mula.es\/web\/wp-content\/uploads\/2020\/06\/escudo-cuadrado-e1591045058235.jpg\" \/>\n\t<meta property=\"og:image:width\" content=\"200\" \/>\n\t<meta property=\"og:image:height\" content=\"218\" \/>\n\t<meta property=\"og:image:type\" content=\"image\/jpeg\" \/>\n<meta name=\"author\" content=\"Laura Salas Orcajada\" \/>\n<meta name=\"twitter:card\" content=\"summary_large_image\" \/>\n<meta name=\"twitter:creator\" content=\"@AyuntamientMula\" \/>\n<meta name=\"twitter:site\" content=\"@AyuntamientMula\" \/>\n<meta name=\"twitter:label1\" content=\"Escrito por\" \/>\n\t<meta name=\"twitter:data1\" content=\"Laura Salas Orcajada\" \/>\n\t<meta name=\"twitter:label2\" content=\"Tiempo de lectura\" \/>\n\t<meta name=\"twitter:data2\" content=\"6 minutos\" \/>\n<script type=\"application\/ld+json\" class=\"yoast-schema-graph\">{\"@context\":\"https:\\\/\\\/schema.org\",\"@graph\":[{\"@type\":\"Article\",\"@id\":\"https:\\\/\\\/mula.es\\\/web\\\/turismo-mulaflor-2025-naturaleza-cultura-y-gastronomia-en-la-primera-floracion-de-europa\\\/#article\",\"isPartOf\":{\"@id\":\"https:\\\/\\\/mula.es\\\/web\\\/turismo-mulaflor-2025-naturaleza-cultura-y-gastronomia-en-la-primera-floracion-de-europa\\\/\"},\"author\":{\"name\":\"Laura Salas Orcajada\",\"@id\":\"https:\\\/\\\/mula.es\\\/web\\\/#\\\/schema\\\/person\\\/4f10179bd364f40dceed361e61e4033f\"},\"headline\":\"TURISMO | MulaFlor 2025: naturaleza, cultura y gastronom\u00eda en la primera floraci\u00f3n de Europa\",\"datePublished\":\"2025-01-16T11:27:34+00:00\",\"dateModified\":\"2025-01-16T12:12:46+00:00\",\"mainEntityOfPage\":{\"@id\":\"https:\\\/\\\/mula.es\\\/web\\\/turismo-mulaflor-2025-naturaleza-cultura-y-gastronomia-en-la-primera-floracion-de-europa\\\/\"},\"wordCount\":1036,\"image\":{\"@id\":\"https:\\\/\\\/mula.es\\\/web\\\/turismo-mulaflor-2025-naturaleza-cultura-y-gastronomia-en-la-primera-floracion-de-europa\\\/#primaryimage\"},\"thumbnailUrl\":\"https:\\\/\\\/mula.es\\\/web\\\/wp-content\\\/uploads\\\/2020\\\/06\\\/escudo-cuadrado-e1591045058235.jpg\",\"articleSection\":[\"turismo\"],\"inLanguage\":\"es\"},{\"@type\":\"WebPage\",\"@id\":\"https:\\\/\\\/mula.es\\\/web\\\/turismo-mulaflor-2025-naturaleza-cultura-y-gastronomia-en-la-primera-floracion-de-europa\\\/\",\"url\":\"https:\\\/\\\/mula.es\\\/web\\\/turismo-mulaflor-2025-naturaleza-cultura-y-gastronomia-en-la-primera-floracion-de-europa\\\/\",\"name\":\"TURISMO | MulaFlor 2025: naturaleza, cultura y gastronom\u00eda en la primera floraci\u00f3n de Europa - Ayuntamiento de Mula\",\"isPartOf\":{\"@id\":\"https:\\\/\\\/mula.es\\\/web\\\/#website\"},\"primaryImageOfPage\":{\"@id\":\"https:\\\/\\\/mula.es\\\/web\\\/turismo-mulaflor-2025-naturaleza-cultura-y-gastronomia-en-la-primera-floracion-de-europa\\\/#primaryimage\"},\"image\":{\"@id\":\"https:\\\/\\\/mula.es\\\/web\\\/turismo-mulaflor-2025-naturaleza-cultura-y-gastronomia-en-la-primera-floracion-de-europa\\\/#primaryimage\"},\"thumbnailUrl\":\"https:\\\/\\\/mula.es\\\/web\\\/wp-content\\\/uploads\\\/2020\\\/06\\\/escudo-cuadrado-e1591045058235.jpg\",\"datePublished\":\"2025-01-16T11:27:34+00:00\",\"dateModified\":\"2025-01-16T12:12:46+00:00\",\"author\":{\"@id\":\"https:\\\/\\\/mula.es\\\/web\\\/#\\\/schema\\\/person\\\/4f10179bd364f40dceed361e61e4033f\"},\"description\":\"\u00c9xito Rotundo en la Gala de los Premios MulaFlor durante la II Feria Agr\u00edcola de Mula.\",\"breadcrumb\":{\"@id\":\"https:\\\/\\\/mula.es\\\/web\\\/turismo-mulaflor-2025-naturaleza-cultura-y-gastronomia-en-la-primera-floracion-de-europa\\\/#breadcrumb\"},\"inLanguage\":\"es\",\"potentialAction\":[{\"@type\":\"ReadAction\",\"target\":[\"https:\\\/\\\/mula.es\\\/web\\\/turismo-mulaflor-2025-naturaleza-cultura-y-gastronomia-en-la-primera-floracion-de-europa\\\/\"]}]},{\"@type\":\"ImageObject\",\"inLanguage\":\"es\",\"@id\":\"https:\\\/\\\/mula.es\\\/web\\\/turismo-mulaflor-2025-naturaleza-cultura-y-gastronomia-en-la-primera-floracion-de-europa\\\/#primaryimage\",\"url\":\"https:\\\/\\\/mula.es\\\/web\\\/wp-content\\\/uploads\\\/2020\\\/06\\\/escudo-cuadrado-e1591045058235.jpg\",\"contentUrl\":\"https:\\\/\\\/mula.es\\\/web\\\/wp-content\\\/uploads\\\/2020\\\/06\\\/escudo-cuadrado-e1591045058235.jpg\",\"width\":200,\"height\":218},{\"@type\":\"BreadcrumbList\",\"@id\":\"https:\\\/\\\/mula.es\\\/web\\\/turismo-mulaflor-2025-naturaleza-cultura-y-gastronomia-en-la-primera-floracion-de-europa\\\/#breadcrumb\",\"itemListElement\":[{\"@type\":\"ListItem\",\"position\":1,\"name\":\"Portada\",\"item\":\"https:\\\/\\\/mula.es\\\/web\\\/\"},{\"@type\":\"ListItem\",\"position\":2,\"name\":\"TURISMO | MulaFlor 2025: naturaleza, cultura y gastronom\u00eda en la primera floraci\u00f3n de Europa\"}]},{\"@type\":\"WebSite\",\"@id\":\"https:\\\/\\\/mula.es\\\/web\\\/#website\",\"url\":\"https:\\\/\\\/mula.es\\\/web\\\/\",\"name\":\"Ayuntamiento de Mula\",\"description\":\"P\u00e1gina web del Ayuntamiento de Mula (Regi\u00f3n de Murcia)\",\"potentialAction\":[{\"@type\":\"SearchAction\",\"target\":{\"@type\":\"EntryPoint\",\"urlTemplate\":\"https:\\\/\\\/mula.es\\\/web\\\/?s={search_term_string}\"},\"query-input\":{\"@type\":\"PropertyValueSpecification\",\"valueRequired\":true,\"valueName\":\"search_term_string\"}}],\"inLanguage\":\"es\"},{\"@type\":\"Person\",\"@id\":\"https:\\\/\\\/mula.es\\\/web\\\/#\\\/schema\\\/person\\\/4f10179bd364f40dceed361e61e4033f\",\"name\":\"Laura Salas Orcajada\",\"image\":{\"@type\":\"ImageObject\",\"inLanguage\":\"es\",\"@id\":\"https:\\\/\\\/secure.gravatar.com\\\/avatar\\\/786f2a223d9a455e2a448f78b5dcc1117207ef56ef3d9a04df338c0f775cd403?s=96&d=mm&r=g\",\"url\":\"https:\\\/\\\/secure.gravatar.com\\\/avatar\\\/786f2a223d9a455e2a448f78b5dcc1117207ef56ef3d9a04df338c0f775cd403?s=96&d=mm&r=g\",\"contentUrl\":\"https:\\\/\\\/secure.gravatar.com\\\/avatar\\\/786f2a223d9a455e2a448f78b5dcc1117207ef56ef3d9a04df338c0f775cd403?s=96&d=mm&r=g\",\"caption\":\"Laura Salas Orcajada\"},\"url\":\"https:\\\/\\\/mula.es\\\/web\\\/author\\\/lsalas\\\/\"}]}<\/script>\n<!-- \/ Yoast SEO plugin. -->","yoast_head_json":{"title":"TURISMO | MulaFlor 2025: naturaleza, cultura y gastronom\u00eda en la primera floraci\u00f3n de Europa - Ayuntamiento de Mula","description":"\u00c9xito Rotundo en la Gala de los Premios MulaFlor durante la II Feria Agr\u00edcola de Mula.","robots":{"index":"index","follow":"follow","max-snippet":"max-snippet:-1","max-image-preview":"max-image-preview:large","max-video-preview":"max-video-preview:-1"},"canonical":"https:\/\/mula.es\/web\/turismo-mulaflor-2025-naturaleza-cultura-y-gastronomia-en-la-primera-floracion-de-europa\/","og_locale":"es_ES","og_type":"article","og_title":"TURISMO | MulaFlor 2025: naturaleza, cultura y gastronom\u00eda en la primera floraci\u00f3n de Europa - Ayuntamiento de Mula","og_description":"\u00c9xito Rotundo en la Gala de los Premios MulaFlor durante la II Feria Agr\u00edcola de Mula.","og_url":"https:\/\/mula.es\/web\/turismo-mulaflor-2025-naturaleza-cultura-y-gastronomia-en-la-primera-floracion-de-europa\/","og_site_name":"Ayuntamiento de Mula","article_published_time":"2025-01-16T11:27:34+00:00","article_modified_time":"2025-01-16T12:12:46+00:00","og_image":[{"width":200,"height":218,"url":"https:\/\/mula.es\/web\/wp-content\/uploads\/2020\/06\/escudo-cuadrado-e1591045058235.jpg","type":"image\/jpeg"}],"author":"Laura Salas Orcajada","twitter_card":"summary_large_image","twitter_creator":"@AyuntamientMula","twitter_site":"@AyuntamientMula","twitter_misc":{"Escrito por":"Laura Salas Orcajada","Tiempo de lectura":"6 minutos"},"schema":{"@context":"https:\/\/schema.org","@graph":[{"@type":"Article","@id":"https:\/\/mula.es\/web\/turismo-mulaflor-2025-naturaleza-cultura-y-gastronomia-en-la-primera-floracion-de-europa\/#article","isPartOf":{"@id":"https:\/\/mula.es\/web\/turismo-mulaflor-2025-naturaleza-cultura-y-gastronomia-en-la-primera-floracion-de-europa\/"},"author":{"name":"Laura Salas Orcajada","@id":"https:\/\/mula.es\/web\/#\/schema\/person\/4f10179bd364f40dceed361e61e4033f"},"headline":"TURISMO | MulaFlor 2025: naturaleza, cultura y gastronom\u00eda en la primera floraci\u00f3n de Europa","datePublished":"2025-01-16T11:27:34+00:00","dateModified":"2025-01-16T12:12:46+00:00","mainEntityOfPage":{"@id":"https:\/\/mula.es\/web\/turismo-mulaflor-2025-naturaleza-cultura-y-gastronomia-en-la-primera-floracion-de-europa\/"},"wordCount":1036,"image":{"@id":"https:\/\/mula.es\/web\/turismo-mulaflor-2025-naturaleza-cultura-y-gastronomia-en-la-primera-floracion-de-europa\/#primaryimage"},"thumbnailUrl":"https:\/\/mula.es\/web\/wp-content\/uploads\/2020\/06\/escudo-cuadrado-e1591045058235.jpg","articleSection":["turismo"],"inLanguage":"es"},{"@type":"WebPage","@id":"https:\/\/mula.es\/web\/turismo-mulaflor-2025-naturaleza-cultura-y-gastronomia-en-la-primera-floracion-de-europa\/","url":"https:\/\/mula.es\/web\/turismo-mulaflor-2025-naturaleza-cultura-y-gastronomia-en-la-primera-floracion-de-europa\/","name":"TURISMO | MulaFlor 2025: naturaleza, cultura y gastronom\u00eda en la primera floraci\u00f3n de Europa - Ayuntamiento de Mula","isPartOf":{"@id":"https:\/\/mula.es\/web\/#website"},"primaryImageOfPage":{"@id":"https:\/\/mula.es\/web\/turismo-mulaflor-2025-naturaleza-cultura-y-gastronomia-en-la-primera-floracion-de-europa\/#primaryimage"},"image":{"@id":"https:\/\/mula.es\/web\/turismo-mulaflor-2025-naturaleza-cultura-y-gastronomia-en-la-primera-floracion-de-europa\/#primaryimage"},"thumbnailUrl":"https:\/\/mula.es\/web\/wp-content\/uploads\/2020\/06\/escudo-cuadrado-e1591045058235.jpg","datePublished":"2025-01-16T11:27:34+00:00","dateModified":"2025-01-16T12:12:46+00:00","author":{"@id":"https:\/\/mula.es\/web\/#\/schema\/person\/4f10179bd364f40dceed361e61e4033f"},"description":"\u00c9xito Rotundo en la Gala de los Premios MulaFlor durante la II Feria Agr\u00edcola de Mula.","breadcrumb":{"@id":"https:\/\/mula.es\/web\/turismo-mulaflor-2025-naturaleza-cultura-y-gastronomia-en-la-primera-floracion-de-europa\/#breadcrumb"},"inLanguage":"es","potentialAction":[{"@type":"ReadAction","target":["https:\/\/mula.es\/web\/turismo-mulaflor-2025-naturaleza-cultura-y-gastronomia-en-la-primera-floracion-de-europa\/"]}]},{"@type":"ImageObject","inLanguage":"es","@id":"https:\/\/mula.es\/web\/turismo-mulaflor-2025-naturaleza-cultura-y-gastronomia-en-la-primera-floracion-de-europa\/#primaryimage","url":"https:\/\/mula.es\/web\/wp-content\/uploads\/2020\/06\/escudo-cuadrado-e1591045058235.jpg","contentUrl":"https:\/\/mula.es\/web\/wp-content\/uploads\/2020\/06\/escudo-cuadrado-e1591045058235.jpg","width":200,"height":218},{"@type":"BreadcrumbList","@id":"https:\/\/mula.es\/web\/turismo-mulaflor-2025-naturaleza-cultura-y-gastronomia-en-la-primera-floracion-de-europa\/#breadcrumb","itemListElement":[{"@type":"ListItem","position":1,"name":"Portada","item":"https:\/\/mula.es\/web\/"},{"@type":"ListItem","position":2,"name":"TURISMO | MulaFlor 2025: naturaleza, cultura y gastronom\u00eda en la primera floraci\u00f3n de Europa"}]},{"@type":"WebSite","@id":"https:\/\/mula.es\/web\/#website","url":"https:\/\/mula.es\/web\/","name":"Ayuntamiento de Mula","description":"P\u00e1gina web del Ayuntamiento de Mula (Regi\u00f3n de Murcia)","potentialAction":[{"@type":"SearchAction","target":{"@type":"EntryPoint","urlTemplate":"https:\/\/mula.es\/web\/?s={search_term_string}"},"query-input":{"@type":"PropertyValueSpecification","valueRequired":true,"valueName":"search_term_string"}}],"inLanguage":"es"},{"@type":"Person","@id":"https:\/\/mula.es\/web\/#\/schema\/person\/4f10179bd364f40dceed361e61e4033f","name":"Laura Salas Orcajada","image":{"@type":"ImageObject","inLanguage":"es","@id":"https:\/\/secure.gravatar.com\/avatar\/786f2a223d9a455e2a448f78b5dcc1117207ef56ef3d9a04df338c0f775cd403?s=96&d=mm&r=g","url":"https:\/\/secure.gravatar.com\/avatar\/786f2a223d9a455e2a448f78b5dcc1117207ef56ef3d9a04df338c0f775cd403?s=96&d=mm&r=g","contentUrl":"https:\/\/secure.gravatar.com\/avatar\/786f2a223d9a455e2a448f78b5dcc1117207ef56ef3d9a04df338c0f775cd403?s=96&d=mm&r=g","caption":"Laura Salas Orcajada"},"url":"https:\/\/mula.es\/web\/author\/lsalas\/"}]}},"jetpack_publicize_connections":[],"jetpack_featured_media_url":"https:\/\/mula.es\/web\/wp-content\/uploads\/2020\/06\/escudo-cuadrado-e1591045058235.jpg","jetpack_sharing_enabled":true,"jetpack_shortlink":"https:\/\/wp.me\/pa9DMY-eQa","jetpack-related-posts":[],"_links":{"self":[{"href":"https:\/\/mula.es\/web\/wp-json\/wp\/v2\/posts\/57050","targetHints":{"allow":["GET"]}}],"collection":[{"href":"https:\/\/mula.es\/web\/wp-json\/wp\/v2\/posts"}],"about":[{"href":"https:\/\/mula.es\/web\/wp-json\/wp\/v2\/types\/post"}],"author":[{"embeddable":true,"href":"https:\/\/mula.es\/web\/wp-json\/wp\/v2\/users\/13"}],"replies":[{"embeddable":true,"href":"https:\/\/mula.es\/web\/wp-json\/wp\/v2\/comments?post=57050"}],"version-history":[{"count":3,"href":"https:\/\/mula.es\/web\/wp-json\/wp\/v2\/posts\/57050\/revisions"}],"predecessor-version":[{"id":57060,"href":"https:\/\/mula.es\/web\/wp-json\/wp\/v2\/posts\/57050\/revisions\/57060"}],"wp:featuredmedia":[{"embeddable":true,"href":"https:\/\/mula.es\/web\/wp-json\/wp\/v2\/media\/33512"}],"wp:attachment":[{"href":"https:\/\/mula.es\/web\/wp-json\/wp\/v2\/media?parent=57050"}],"wp:term":[{"taxonomy":"category","embeddable":true,"href":"https:\/\/mula.es\/web\/wp-json\/wp\/v2\/categories?post=57050"},{"taxonomy":"post_tag","embeddable":true,"href":"https:\/\/mula.es\/web\/wp-json\/wp\/v2\/tags?post=57050"}],"curies":[{"name":"wp","href":"https:\/\/api.w.org\/{rel}","templated":true}]}}