{"id":57071,"date":"2025-01-18T12:53:27","date_gmt":"2025-01-18T11:53:27","guid":{"rendered":"https:\/\/mula.es\/web\/?p=57071"},"modified":"2025-01-18T12:53:27","modified_gmt":"2025-01-18T11:53:27","slug":"tambores-presentacion-del-cartel-de-la-noche-de-los-tambores-2025-un-homenaje-a-la-artesania-y-la-tradicion","status":"publish","type":"post","link":"https:\/\/mula.es\/web\/tambores-presentacion-del-cartel-de-la-noche-de-los-tambores-2025-un-homenaje-a-la-artesania-y-la-tradicion\/","title":{"rendered":"TAMBORES | Presentaci\u00f3n del Cartel de la Noche de los Tambores 2025: un homenaje a la artesan\u00eda y la tradici\u00f3n"},"content":{"rendered":"<p><strong>NOTA DE PRENSA &#8211; 18 DE ENERO DE 2025<\/strong><\/p>\n<p><strong>\u00a0<\/strong><\/p>\n<p><strong>\u00a0<\/strong><\/p>\n<h2><strong>Presentaci\u00f3n del Cartel de la Noche de los Tambores 2025: un homenaje a la artesan\u00eda y la tradici\u00f3n<\/strong><\/h2>\n<p>&nbsp;<\/p>\n<p>El Ayuntamiento de Mula, junto con la Asociaci\u00f3n de Tamboristas, ha presentado hoy el cartel oficial de la Noche de los Tambores 2025, obra de la mule\u00f1a Clara Garc\u00eda Soriano. El acto, celebrado en el Convento San Francisco, cont\u00f3 con la presencia del concejal de Tambores, Diego Boluda, y el presidente de la Asociaci\u00f3n de Tamboristas, Manuel Nadal, acompa\u00f1ados por el diputado regional Fernando Moreno y miembros de la corporaci\u00f3n municipal, quienes destacaron la singularidad y el simbolismo de esta obra como preludio a una de las celebraciones m\u00e1s emblem\u00e1ticas de la Semana Santa mule\u00f1a.<\/p>\n<p>Clara Garc\u00eda Soriano, autora del cartel, explic\u00f3 que para esta edici\u00f3n decidi\u00f3 explorar la esencia del tambor como protagonista absoluto de la noche, poniendo en valor el proceso artesanal detr\u00e1s de su fabricaci\u00f3n. \u201cCon este cartel he querido ir m\u00e1s all\u00e1 del momento de la tamborada y destacar el origen del tambor, que es una parte esencial de nuestra cultura\u201d, se\u00f1al\u00f3 la artista.<\/p>\n<p>El cartel, titulado <em>The Birth of a Drum<\/em>, representa un homenaje visual a la artesan\u00eda, la cultura y el origen. Inspirado en los cuadernos de artista y en los procesos creativos de dise\u00f1o, combina elementos como la caligraf\u00eda a mano alzada, los materiales del tambor y el origen de las maderas utilizadas en su fabricaci\u00f3n, buscando transmitir el alma del tambor y su conexi\u00f3n con la tradici\u00f3n.<\/p>\n<p><strong>Un cartel lleno de significado<\/strong><\/p>\n<p>La fotograf\u00eda, con una est\u00e9tica conceptual, transmite la idea de un tambor en pleno proceso de creaci\u00f3n, resaltando la imperfecci\u00f3n intencionada para potenciar el car\u00e1cter artesanal. Los colores escogidos, ligados a la tierra y los materiales naturales, refuerzan la conexi\u00f3n con la artesan\u00eda y la tradici\u00f3n. \u201cCada elemento del cartel est\u00e1 cargado de historia, de cultura y de significado. Es una obra que nos invita a mirar con otros ojos la riqueza que hay detr\u00e1s de nuestra identidad\u201d, a\u00f1adi\u00f3 Clara Garc\u00eda.<\/p>\n<p><strong>Sobre la autora del cartel<\/strong><\/p>\n<p>Clara Garc\u00eda Soriano, de 31 a\u00f1os, es dise\u00f1adora gr\u00e1fica y textil, as\u00ed como docente. Formada en Bellas Artes por la Universidad de Murcia, ampli\u00f3 su formaci\u00f3n en la Accademia di Belle Arti di Brera en Mil\u00e1n a trav\u00e9s de un programa Erasmus. Posteriormente, realiz\u00f3 un M\u00e1ster en Dise\u00f1o e Ilustraci\u00f3n en la Polit\u00e9cnica de Valencia. Ha trabajado para importantes empresas del mundo textil como Oysho, del grupo Inditex, as\u00ed como para marcas de ropa infantil en sectores como interior y ba\u00f1o. Adem\u00e1s, ha desarrollado proyectos de dise\u00f1o gr\u00e1fico vinculados a eventos, turismo y cultura. Clara, orgullosamente mule\u00f1a, destaca por su talento, dedicaci\u00f3n y creatividad, cualidades que la han llevado a ser una referencia en su campo.<\/p>\n<p>Este cartel, adem\u00e1s de anunciar la Noche de los Tambores en Semana Santa, ser\u00e1 uno de los grandes protagonistas de la presencia de Mula en FITUR, donde se promocionar\u00e1 como parte del Patrimonio Cultural Inmaterial de la Humanidad y se mostrar\u00e1 al mundo la riqueza y singularidad de nuestras tradiciones.<\/p>\n<p>El concejal de Tambores, Diego Boluda, expres\u00f3 su agradecimiento a la autora por su sensibilidad y creatividad: \u201cEs un cartel que no solo se mira, se lee. Y al leerlo, aprendemos, recordamos y valoramos a\u00fan m\u00e1s esta joya cultural que nos identifica. Nos ense\u00f1a que detr\u00e1s de cada toque est\u00e1 la mano de un artesano, el conocimiento transmitido de generaci\u00f3n en generaci\u00f3n y los materiales nobles que la naturaleza nos brinda\u201d.<\/p>\n<p>&nbsp;<\/p>\n<p><a href=\"https:\/\/mula.es\/web\/wp-content\/uploads\/2025\/01\/1-7-scaled.jpg\"><img decoding=\"async\" data-attachment-id=\"57072\" data-permalink=\"https:\/\/mula.es\/web\/tambores-presentacion-del-cartel-de-la-noche-de-los-tambores-2025-un-homenaje-a-la-artesania-y-la-tradicion\/1-185\/\" data-orig-file=\"https:\/\/mula.es\/web\/wp-content\/uploads\/2025\/01\/1-7-scaled.jpg\" data-orig-size=\"2560,1707\" data-comments-opened=\"0\" data-image-meta=\"{&quot;aperture&quot;:&quot;0&quot;,&quot;credit&quot;:&quot;&quot;,&quot;camera&quot;:&quot;&quot;,&quot;caption&quot;:&quot;&quot;,&quot;created_timestamp&quot;:&quot;0&quot;,&quot;copyright&quot;:&quot;&quot;,&quot;focal_length&quot;:&quot;0&quot;,&quot;iso&quot;:&quot;0&quot;,&quot;shutter_speed&quot;:&quot;0&quot;,&quot;title&quot;:&quot;&quot;,&quot;orientation&quot;:&quot;1&quot;}\" data-image-title=\"1\" data-image-description=\"\" data-image-caption=\"\" data-large-file=\"https:\/\/mula.es\/web\/wp-content\/uploads\/2025\/01\/1-7-1024x683.jpg\" class=\"alignnone size-medium wp-image-57072\" src=\"https:\/\/mula.es\/web\/wp-content\/uploads\/2025\/01\/1-7-300x200.jpg\" alt=\"\" width=\"300\" height=\"200\" srcset=\"https:\/\/mula.es\/web\/wp-content\/uploads\/2025\/01\/1-7-200x133.jpg 200w, https:\/\/mula.es\/web\/wp-content\/uploads\/2025\/01\/1-7-300x200.jpg 300w, https:\/\/mula.es\/web\/wp-content\/uploads\/2025\/01\/1-7-400x267.jpg 400w, https:\/\/mula.es\/web\/wp-content\/uploads\/2025\/01\/1-7-600x400.jpg 600w, https:\/\/mula.es\/web\/wp-content\/uploads\/2025\/01\/1-7-768x512.jpg 768w, https:\/\/mula.es\/web\/wp-content\/uploads\/2025\/01\/1-7-800x533.jpg 800w, https:\/\/mula.es\/web\/wp-content\/uploads\/2025\/01\/1-7-1024x683.jpg 1024w, https:\/\/mula.es\/web\/wp-content\/uploads\/2025\/01\/1-7-1200x800.jpg 1200w, https:\/\/mula.es\/web\/wp-content\/uploads\/2025\/01\/1-7-1536x1024.jpg 1536w\" sizes=\"(max-width: 300px) 100vw, 300px\" \/><\/a> <a href=\"https:\/\/mula.es\/web\/wp-content\/uploads\/2025\/01\/2-5-scaled.jpg\"><img decoding=\"async\" data-attachment-id=\"57073\" data-permalink=\"https:\/\/mula.es\/web\/tambores-presentacion-del-cartel-de-la-noche-de-los-tambores-2025-un-homenaje-a-la-artesania-y-la-tradicion\/2-175\/\" data-orig-file=\"https:\/\/mula.es\/web\/wp-content\/uploads\/2025\/01\/2-5-scaled.jpg\" data-orig-size=\"2560,1707\" data-comments-opened=\"0\" data-image-meta=\"{&quot;aperture&quot;:&quot;0&quot;,&quot;credit&quot;:&quot;&quot;,&quot;camera&quot;:&quot;&quot;,&quot;caption&quot;:&quot;&quot;,&quot;created_timestamp&quot;:&quot;0&quot;,&quot;copyright&quot;:&quot;&quot;,&quot;focal_length&quot;:&quot;0&quot;,&quot;iso&quot;:&quot;0&quot;,&quot;shutter_speed&quot;:&quot;0&quot;,&quot;title&quot;:&quot;&quot;,&quot;orientation&quot;:&quot;1&quot;}\" data-image-title=\"2\" data-image-description=\"\" data-image-caption=\"\" data-large-file=\"https:\/\/mula.es\/web\/wp-content\/uploads\/2025\/01\/2-5-1024x683.jpg\" class=\"alignnone size-medium wp-image-57073\" src=\"https:\/\/mula.es\/web\/wp-content\/uploads\/2025\/01\/2-5-300x200.jpg\" alt=\"\" width=\"300\" height=\"200\" srcset=\"https:\/\/mula.es\/web\/wp-content\/uploads\/2025\/01\/2-5-200x133.jpg 200w, https:\/\/mula.es\/web\/wp-content\/uploads\/2025\/01\/2-5-300x200.jpg 300w, https:\/\/mula.es\/web\/wp-content\/uploads\/2025\/01\/2-5-400x267.jpg 400w, https:\/\/mula.es\/web\/wp-content\/uploads\/2025\/01\/2-5-600x400.jpg 600w, https:\/\/mula.es\/web\/wp-content\/uploads\/2025\/01\/2-5-768x512.jpg 768w, https:\/\/mula.es\/web\/wp-content\/uploads\/2025\/01\/2-5-800x533.jpg 800w, https:\/\/mula.es\/web\/wp-content\/uploads\/2025\/01\/2-5-1024x683.jpg 1024w, https:\/\/mula.es\/web\/wp-content\/uploads\/2025\/01\/2-5-1200x800.jpg 1200w, https:\/\/mula.es\/web\/wp-content\/uploads\/2025\/01\/2-5-1536x1024.jpg 1536w\" sizes=\"(max-width: 300px) 100vw, 300px\" \/><\/a> <a href=\"https:\/\/mula.es\/web\/wp-content\/uploads\/2025\/01\/3-5-scaled.jpg\"><img decoding=\"async\" data-attachment-id=\"57074\" data-permalink=\"https:\/\/mula.es\/web\/tambores-presentacion-del-cartel-de-la-noche-de-los-tambores-2025-un-homenaje-a-la-artesania-y-la-tradicion\/3-159\/\" data-orig-file=\"https:\/\/mula.es\/web\/wp-content\/uploads\/2025\/01\/3-5-scaled.jpg\" data-orig-size=\"2560,1707\" data-comments-opened=\"0\" data-image-meta=\"{&quot;aperture&quot;:&quot;0&quot;,&quot;credit&quot;:&quot;&quot;,&quot;camera&quot;:&quot;&quot;,&quot;caption&quot;:&quot;&quot;,&quot;created_timestamp&quot;:&quot;0&quot;,&quot;copyright&quot;:&quot;&quot;,&quot;focal_length&quot;:&quot;0&quot;,&quot;iso&quot;:&quot;0&quot;,&quot;shutter_speed&quot;:&quot;0&quot;,&quot;title&quot;:&quot;&quot;,&quot;orientation&quot;:&quot;1&quot;}\" data-image-title=\"3\" data-image-description=\"\" data-image-caption=\"\" data-large-file=\"https:\/\/mula.es\/web\/wp-content\/uploads\/2025\/01\/3-5-1024x683.jpg\" class=\"alignnone size-medium wp-image-57074\" src=\"https:\/\/mula.es\/web\/wp-content\/uploads\/2025\/01\/3-5-300x200.jpg\" alt=\"\" width=\"300\" height=\"200\" srcset=\"https:\/\/mula.es\/web\/wp-content\/uploads\/2025\/01\/3-5-200x133.jpg 200w, https:\/\/mula.es\/web\/wp-content\/uploads\/2025\/01\/3-5-300x200.jpg 300w, https:\/\/mula.es\/web\/wp-content\/uploads\/2025\/01\/3-5-400x267.jpg 400w, https:\/\/mula.es\/web\/wp-content\/uploads\/2025\/01\/3-5-600x400.jpg 600w, https:\/\/mula.es\/web\/wp-content\/uploads\/2025\/01\/3-5-768x512.jpg 768w, https:\/\/mula.es\/web\/wp-content\/uploads\/2025\/01\/3-5-800x533.jpg 800w, https:\/\/mula.es\/web\/wp-content\/uploads\/2025\/01\/3-5-1024x683.jpg 1024w, https:\/\/mula.es\/web\/wp-content\/uploads\/2025\/01\/3-5-1200x800.jpg 1200w, https:\/\/mula.es\/web\/wp-content\/uploads\/2025\/01\/3-5-1536x1024.jpg 1536w\" sizes=\"(max-width: 300px) 100vw, 300px\" \/><\/a> <a href=\"https:\/\/mula.es\/web\/wp-content\/uploads\/2025\/01\/4-5-scaled.jpg\"><img decoding=\"async\" data-attachment-id=\"57075\" data-permalink=\"https:\/\/mula.es\/web\/tambores-presentacion-del-cartel-de-la-noche-de-los-tambores-2025-un-homenaje-a-la-artesania-y-la-tradicion\/4-113\/\" data-orig-file=\"https:\/\/mula.es\/web\/wp-content\/uploads\/2025\/01\/4-5-scaled.jpg\" data-orig-size=\"2560,1707\" data-comments-opened=\"0\" data-image-meta=\"{&quot;aperture&quot;:&quot;0&quot;,&quot;credit&quot;:&quot;&quot;,&quot;camera&quot;:&quot;&quot;,&quot;caption&quot;:&quot;&quot;,&quot;created_timestamp&quot;:&quot;0&quot;,&quot;copyright&quot;:&quot;&quot;,&quot;focal_length&quot;:&quot;0&quot;,&quot;iso&quot;:&quot;0&quot;,&quot;shutter_speed&quot;:&quot;0&quot;,&quot;title&quot;:&quot;&quot;,&quot;orientation&quot;:&quot;1&quot;}\" data-image-title=\"4\" data-image-description=\"\" data-image-caption=\"\" data-large-file=\"https:\/\/mula.es\/web\/wp-content\/uploads\/2025\/01\/4-5-1024x683.jpg\" class=\"alignnone size-medium wp-image-57075\" src=\"https:\/\/mula.es\/web\/wp-content\/uploads\/2025\/01\/4-5-300x200.jpg\" alt=\"\" width=\"300\" height=\"200\" srcset=\"https:\/\/mula.es\/web\/wp-content\/uploads\/2025\/01\/4-5-200x133.jpg 200w, https:\/\/mula.es\/web\/wp-content\/uploads\/2025\/01\/4-5-300x200.jpg 300w, https:\/\/mula.es\/web\/wp-content\/uploads\/2025\/01\/4-5-400x267.jpg 400w, https:\/\/mula.es\/web\/wp-content\/uploads\/2025\/01\/4-5-600x400.jpg 600w, https:\/\/mula.es\/web\/wp-content\/uploads\/2025\/01\/4-5-768x512.jpg 768w, https:\/\/mula.es\/web\/wp-content\/uploads\/2025\/01\/4-5-800x533.jpg 800w, https:\/\/mula.es\/web\/wp-content\/uploads\/2025\/01\/4-5-1024x683.jpg 1024w, https:\/\/mula.es\/web\/wp-content\/uploads\/2025\/01\/4-5-1200x800.jpg 1200w, https:\/\/mula.es\/web\/wp-content\/uploads\/2025\/01\/4-5-1536x1024.jpg 1536w\" sizes=\"(max-width: 300px) 100vw, 300px\" \/><\/a> <a href=\"https:\/\/mula.es\/web\/wp-content\/uploads\/2025\/01\/5-2-scaled.jpg\"><img decoding=\"async\" data-attachment-id=\"57076\" data-permalink=\"https:\/\/mula.es\/web\/tambores-presentacion-del-cartel-de-la-noche-de-los-tambores-2025-un-homenaje-a-la-artesania-y-la-tradicion\/5-76\/\" data-orig-file=\"https:\/\/mula.es\/web\/wp-content\/uploads\/2025\/01\/5-2-scaled.jpg\" data-orig-size=\"2560,1707\" data-comments-opened=\"0\" data-image-meta=\"{&quot;aperture&quot;:&quot;0&quot;,&quot;credit&quot;:&quot;&quot;,&quot;camera&quot;:&quot;&quot;,&quot;caption&quot;:&quot;&quot;,&quot;created_timestamp&quot;:&quot;0&quot;,&quot;copyright&quot;:&quot;&quot;,&quot;focal_length&quot;:&quot;0&quot;,&quot;iso&quot;:&quot;0&quot;,&quot;shutter_speed&quot;:&quot;0&quot;,&quot;title&quot;:&quot;&quot;,&quot;orientation&quot;:&quot;1&quot;}\" data-image-title=\"5\" data-image-description=\"\" data-image-caption=\"\" data-large-file=\"https:\/\/mula.es\/web\/wp-content\/uploads\/2025\/01\/5-2-1024x683.jpg\" class=\"alignnone size-medium wp-image-57076\" src=\"https:\/\/mula.es\/web\/wp-content\/uploads\/2025\/01\/5-2-300x200.jpg\" alt=\"\" width=\"300\" height=\"200\" srcset=\"https:\/\/mula.es\/web\/wp-content\/uploads\/2025\/01\/5-2-200x133.jpg 200w, https:\/\/mula.es\/web\/wp-content\/uploads\/2025\/01\/5-2-300x200.jpg 300w, https:\/\/mula.es\/web\/wp-content\/uploads\/2025\/01\/5-2-400x267.jpg 400w, https:\/\/mula.es\/web\/wp-content\/uploads\/2025\/01\/5-2-600x400.jpg 600w, https:\/\/mula.es\/web\/wp-content\/uploads\/2025\/01\/5-2-768x512.jpg 768w, https:\/\/mula.es\/web\/wp-content\/uploads\/2025\/01\/5-2-800x533.jpg 800w, https:\/\/mula.es\/web\/wp-content\/uploads\/2025\/01\/5-2-1024x683.jpg 1024w, https:\/\/mula.es\/web\/wp-content\/uploads\/2025\/01\/5-2-1200x800.jpg 1200w, https:\/\/mula.es\/web\/wp-content\/uploads\/2025\/01\/5-2-1536x1024.jpg 1536w\" sizes=\"(max-width: 300px) 100vw, 300px\" \/><\/a> <a href=\"https:\/\/mula.es\/web\/wp-content\/uploads\/2025\/01\/6-1-scaled.jpg\"><img decoding=\"async\" data-attachment-id=\"57077\" data-permalink=\"https:\/\/mula.es\/web\/tambores-presentacion-del-cartel-de-la-noche-de-los-tambores-2025-un-homenaje-a-la-artesania-y-la-tradicion\/6-52\/\" data-orig-file=\"https:\/\/mula.es\/web\/wp-content\/uploads\/2025\/01\/6-1-scaled.jpg\" data-orig-size=\"2560,1707\" data-comments-opened=\"0\" data-image-meta=\"{&quot;aperture&quot;:&quot;0&quot;,&quot;credit&quot;:&quot;&quot;,&quot;camera&quot;:&quot;&quot;,&quot;caption&quot;:&quot;&quot;,&quot;created_timestamp&quot;:&quot;0&quot;,&quot;copyright&quot;:&quot;&quot;,&quot;focal_length&quot;:&quot;0&quot;,&quot;iso&quot;:&quot;0&quot;,&quot;shutter_speed&quot;:&quot;0&quot;,&quot;title&quot;:&quot;&quot;,&quot;orientation&quot;:&quot;1&quot;}\" data-image-title=\"6\" data-image-description=\"\" data-image-caption=\"\" data-large-file=\"https:\/\/mula.es\/web\/wp-content\/uploads\/2025\/01\/6-1-1024x683.jpg\" class=\"alignnone size-medium wp-image-57077\" src=\"https:\/\/mula.es\/web\/wp-content\/uploads\/2025\/01\/6-1-300x200.jpg\" alt=\"\" width=\"300\" height=\"200\" srcset=\"https:\/\/mula.es\/web\/wp-content\/uploads\/2025\/01\/6-1-200x133.jpg 200w, https:\/\/mula.es\/web\/wp-content\/uploads\/2025\/01\/6-1-300x200.jpg 300w, https:\/\/mula.es\/web\/wp-content\/uploads\/2025\/01\/6-1-400x267.jpg 400w, https:\/\/mula.es\/web\/wp-content\/uploads\/2025\/01\/6-1-600x400.jpg 600w, https:\/\/mula.es\/web\/wp-content\/uploads\/2025\/01\/6-1-768x512.jpg 768w, https:\/\/mula.es\/web\/wp-content\/uploads\/2025\/01\/6-1-800x533.jpg 800w, https:\/\/mula.es\/web\/wp-content\/uploads\/2025\/01\/6-1-1024x683.jpg 1024w, https:\/\/mula.es\/web\/wp-content\/uploads\/2025\/01\/6-1-1200x800.jpg 1200w, https:\/\/mula.es\/web\/wp-content\/uploads\/2025\/01\/6-1-1536x1024.jpg 1536w\" sizes=\"(max-width: 300px) 100vw, 300px\" \/><\/a><\/p>\n","protected":false},"excerpt":{"rendered":"<p>NOTA DE PRENSA &#8211; 18 DE ENERO DE 2025 \u00a0 \u00a0 Presentaci\u00f3n del Cartel de la Noche de los Tambores 2025: un homenaje a la artesan\u00eda y la tradici\u00f3n &nbsp; El Ayuntamiento de Mula, junto con la Asociaci\u00f3n de Tamboristas, ha presentado hoy el cartel oficial de la Noche de los Tambores 2025, obra de  [&#8230;]<\/p>\n","protected":false},"author":13,"featured_media":33512,"comment_status":"closed","ping_status":"closed","sticky":false,"template":"","format":"standard","meta":{"jetpack_post_was_ever_published":false,"_jetpack_newsletter_access":"","_jetpack_dont_email_post_to_subs":false,"_jetpack_newsletter_tier_id":0,"_jetpack_memberships_contains_paywalled_content":false,"_jetpack_memberships_contains_paid_content":false,"footnotes":"","jetpack_publicize_message":"","jetpack_publicize_feature_enabled":true,"jetpack_social_post_already_shared":false,"jetpack_social_options":{"image_generator_settings":{"template":"highway","default_image_id":0,"font":"","enabled":false},"version":2}},"categories":[123],"tags":[],"class_list":["post-57071","post","type-post","status-publish","format-standard","has-post-thumbnail","hentry","category-tambores"],"yoast_head":"<!-- This site is optimized with the Yoast SEO plugin v27.4 - https:\/\/yoast.com\/product\/yoast-seo-wordpress\/ -->\n<title>TAMBORES | Presentaci\u00f3n del Cartel de la Noche de los Tambores 2025: un homenaje a la artesan\u00eda y la tradici\u00f3n - Ayuntamiento de Mula<\/title>\n<meta name=\"robots\" content=\"index, follow, max-snippet:-1, max-image-preview:large, max-video-preview:-1\" \/>\n<link rel=\"canonical\" href=\"https:\/\/mula.es\/web\/tambores-presentacion-del-cartel-de-la-noche-de-los-tambores-2025-un-homenaje-a-la-artesania-y-la-tradicion\/\" \/>\n<meta property=\"og:locale\" content=\"es_ES\" \/>\n<meta property=\"og:type\" content=\"article\" \/>\n<meta property=\"og:title\" content=\"TAMBORES | Presentaci\u00f3n del Cartel de la Noche de los Tambores 2025: un homenaje a la artesan\u00eda y la tradici\u00f3n - Ayuntamiento de Mula\" \/>\n<meta property=\"og:description\" content=\"NOTA DE PRENSA &#8211; 18 DE ENERO DE 2025 \u00a0 \u00a0 Presentaci\u00f3n del Cartel de la Noche de los Tambores 2025: un homenaje a la artesan\u00eda y la tradici\u00f3n &nbsp; El Ayuntamiento de Mula, junto con la Asociaci\u00f3n de Tamboristas, ha presentado hoy el cartel oficial de la Noche de los Tambores 2025, obra de [...]\" \/>\n<meta property=\"og:url\" content=\"https:\/\/mula.es\/web\/tambores-presentacion-del-cartel-de-la-noche-de-los-tambores-2025-un-homenaje-a-la-artesania-y-la-tradicion\/\" \/>\n<meta property=\"og:site_name\" content=\"Ayuntamiento de Mula\" \/>\n<meta property=\"article:published_time\" content=\"2025-01-18T11:53:27+00:00\" \/>\n<meta property=\"og:image\" content=\"https:\/\/mula.es\/web\/wp-content\/uploads\/2020\/06\/escudo-cuadrado-e1591045058235.jpg\" \/>\n\t<meta property=\"og:image:width\" content=\"200\" \/>\n\t<meta property=\"og:image:height\" content=\"218\" \/>\n\t<meta property=\"og:image:type\" content=\"image\/jpeg\" \/>\n<meta name=\"author\" content=\"Laura Salas Orcajada\" \/>\n<meta name=\"twitter:card\" content=\"summary_large_image\" \/>\n<meta name=\"twitter:creator\" content=\"@AyuntamientMula\" \/>\n<meta name=\"twitter:site\" content=\"@AyuntamientMula\" \/>\n<meta name=\"twitter:label1\" content=\"Escrito por\" \/>\n\t<meta name=\"twitter:data1\" content=\"Laura Salas Orcajada\" \/>\n\t<meta name=\"twitter:label2\" content=\"Tiempo de lectura\" \/>\n\t<meta name=\"twitter:data2\" content=\"4 minutos\" \/>\n<script type=\"application\/ld+json\" class=\"yoast-schema-graph\">{\"@context\":\"https:\\\/\\\/schema.org\",\"@graph\":[{\"@type\":\"Article\",\"@id\":\"https:\\\/\\\/mula.es\\\/web\\\/tambores-presentacion-del-cartel-de-la-noche-de-los-tambores-2025-un-homenaje-a-la-artesania-y-la-tradicion\\\/#article\",\"isPartOf\":{\"@id\":\"https:\\\/\\\/mula.es\\\/web\\\/tambores-presentacion-del-cartel-de-la-noche-de-los-tambores-2025-un-homenaje-a-la-artesania-y-la-tradicion\\\/\"},\"author\":{\"name\":\"Laura Salas Orcajada\",\"@id\":\"https:\\\/\\\/mula.es\\\/web\\\/#\\\/schema\\\/person\\\/4f10179bd364f40dceed361e61e4033f\"},\"headline\":\"TAMBORES | Presentaci\u00f3n del Cartel de la Noche de los Tambores 2025: un homenaje a la artesan\u00eda y la tradici\u00f3n\",\"datePublished\":\"2025-01-18T11:53:27+00:00\",\"mainEntityOfPage\":{\"@id\":\"https:\\\/\\\/mula.es\\\/web\\\/tambores-presentacion-del-cartel-de-la-noche-de-los-tambores-2025-un-homenaje-a-la-artesania-y-la-tradicion\\\/\"},\"wordCount\":657,\"image\":{\"@id\":\"https:\\\/\\\/mula.es\\\/web\\\/tambores-presentacion-del-cartel-de-la-noche-de-los-tambores-2025-un-homenaje-a-la-artesania-y-la-tradicion\\\/#primaryimage\"},\"thumbnailUrl\":\"https:\\\/\\\/mula.es\\\/web\\\/wp-content\\\/uploads\\\/2020\\\/06\\\/escudo-cuadrado-e1591045058235.jpg\",\"articleSection\":[\"tambores\"],\"inLanguage\":\"es\"},{\"@type\":\"WebPage\",\"@id\":\"https:\\\/\\\/mula.es\\\/web\\\/tambores-presentacion-del-cartel-de-la-noche-de-los-tambores-2025-un-homenaje-a-la-artesania-y-la-tradicion\\\/\",\"url\":\"https:\\\/\\\/mula.es\\\/web\\\/tambores-presentacion-del-cartel-de-la-noche-de-los-tambores-2025-un-homenaje-a-la-artesania-y-la-tradicion\\\/\",\"name\":\"TAMBORES | Presentaci\u00f3n del Cartel de la Noche de los Tambores 2025: un homenaje a la artesan\u00eda y la tradici\u00f3n - Ayuntamiento de Mula\",\"isPartOf\":{\"@id\":\"https:\\\/\\\/mula.es\\\/web\\\/#website\"},\"primaryImageOfPage\":{\"@id\":\"https:\\\/\\\/mula.es\\\/web\\\/tambores-presentacion-del-cartel-de-la-noche-de-los-tambores-2025-un-homenaje-a-la-artesania-y-la-tradicion\\\/#primaryimage\"},\"image\":{\"@id\":\"https:\\\/\\\/mula.es\\\/web\\\/tambores-presentacion-del-cartel-de-la-noche-de-los-tambores-2025-un-homenaje-a-la-artesania-y-la-tradicion\\\/#primaryimage\"},\"thumbnailUrl\":\"https:\\\/\\\/mula.es\\\/web\\\/wp-content\\\/uploads\\\/2020\\\/06\\\/escudo-cuadrado-e1591045058235.jpg\",\"datePublished\":\"2025-01-18T11:53:27+00:00\",\"author\":{\"@id\":\"https:\\\/\\\/mula.es\\\/web\\\/#\\\/schema\\\/person\\\/4f10179bd364f40dceed361e61e4033f\"},\"breadcrumb\":{\"@id\":\"https:\\\/\\\/mula.es\\\/web\\\/tambores-presentacion-del-cartel-de-la-noche-de-los-tambores-2025-un-homenaje-a-la-artesania-y-la-tradicion\\\/#breadcrumb\"},\"inLanguage\":\"es\",\"potentialAction\":[{\"@type\":\"ReadAction\",\"target\":[\"https:\\\/\\\/mula.es\\\/web\\\/tambores-presentacion-del-cartel-de-la-noche-de-los-tambores-2025-un-homenaje-a-la-artesania-y-la-tradicion\\\/\"]}]},{\"@type\":\"ImageObject\",\"inLanguage\":\"es\",\"@id\":\"https:\\\/\\\/mula.es\\\/web\\\/tambores-presentacion-del-cartel-de-la-noche-de-los-tambores-2025-un-homenaje-a-la-artesania-y-la-tradicion\\\/#primaryimage\",\"url\":\"https:\\\/\\\/mula.es\\\/web\\\/wp-content\\\/uploads\\\/2020\\\/06\\\/escudo-cuadrado-e1591045058235.jpg\",\"contentUrl\":\"https:\\\/\\\/mula.es\\\/web\\\/wp-content\\\/uploads\\\/2020\\\/06\\\/escudo-cuadrado-e1591045058235.jpg\",\"width\":200,\"height\":218},{\"@type\":\"BreadcrumbList\",\"@id\":\"https:\\\/\\\/mula.es\\\/web\\\/tambores-presentacion-del-cartel-de-la-noche-de-los-tambores-2025-un-homenaje-a-la-artesania-y-la-tradicion\\\/#breadcrumb\",\"itemListElement\":[{\"@type\":\"ListItem\",\"position\":1,\"name\":\"Portada\",\"item\":\"https:\\\/\\\/mula.es\\\/web\\\/\"},{\"@type\":\"ListItem\",\"position\":2,\"name\":\"TAMBORES | Presentaci\u00f3n del Cartel de la Noche de los Tambores 2025: un homenaje a la artesan\u00eda y la tradici\u00f3n\"}]},{\"@type\":\"WebSite\",\"@id\":\"https:\\\/\\\/mula.es\\\/web\\\/#website\",\"url\":\"https:\\\/\\\/mula.es\\\/web\\\/\",\"name\":\"Ayuntamiento de Mula\",\"description\":\"P\u00e1gina web del Ayuntamiento de Mula (Regi\u00f3n de Murcia)\",\"potentialAction\":[{\"@type\":\"SearchAction\",\"target\":{\"@type\":\"EntryPoint\",\"urlTemplate\":\"https:\\\/\\\/mula.es\\\/web\\\/?s={search_term_string}\"},\"query-input\":{\"@type\":\"PropertyValueSpecification\",\"valueRequired\":true,\"valueName\":\"search_term_string\"}}],\"inLanguage\":\"es\"},{\"@type\":\"Person\",\"@id\":\"https:\\\/\\\/mula.es\\\/web\\\/#\\\/schema\\\/person\\\/4f10179bd364f40dceed361e61e4033f\",\"name\":\"Laura Salas Orcajada\",\"image\":{\"@type\":\"ImageObject\",\"inLanguage\":\"es\",\"@id\":\"https:\\\/\\\/secure.gravatar.com\\\/avatar\\\/786f2a223d9a455e2a448f78b5dcc1117207ef56ef3d9a04df338c0f775cd403?s=96&d=mm&r=g\",\"url\":\"https:\\\/\\\/secure.gravatar.com\\\/avatar\\\/786f2a223d9a455e2a448f78b5dcc1117207ef56ef3d9a04df338c0f775cd403?s=96&d=mm&r=g\",\"contentUrl\":\"https:\\\/\\\/secure.gravatar.com\\\/avatar\\\/786f2a223d9a455e2a448f78b5dcc1117207ef56ef3d9a04df338c0f775cd403?s=96&d=mm&r=g\",\"caption\":\"Laura Salas Orcajada\"},\"url\":\"https:\\\/\\\/mula.es\\\/web\\\/author\\\/lsalas\\\/\"}]}<\/script>\n<!-- \/ Yoast SEO plugin. -->","yoast_head_json":{"title":"TAMBORES | Presentaci\u00f3n del Cartel de la Noche de los Tambores 2025: un homenaje a la artesan\u00eda y la tradici\u00f3n - Ayuntamiento de Mula","robots":{"index":"index","follow":"follow","max-snippet":"max-snippet:-1","max-image-preview":"max-image-preview:large","max-video-preview":"max-video-preview:-1"},"canonical":"https:\/\/mula.es\/web\/tambores-presentacion-del-cartel-de-la-noche-de-los-tambores-2025-un-homenaje-a-la-artesania-y-la-tradicion\/","og_locale":"es_ES","og_type":"article","og_title":"TAMBORES | Presentaci\u00f3n del Cartel de la Noche de los Tambores 2025: un homenaje a la artesan\u00eda y la tradici\u00f3n - Ayuntamiento de Mula","og_description":"NOTA DE PRENSA &#8211; 18 DE ENERO DE 2025 \u00a0 \u00a0 Presentaci\u00f3n del Cartel de la Noche de los Tambores 2025: un homenaje a la artesan\u00eda y la tradici\u00f3n &nbsp; El Ayuntamiento de Mula, junto con la Asociaci\u00f3n de Tamboristas, ha presentado hoy el cartel oficial de la Noche de los Tambores 2025, obra de [...]","og_url":"https:\/\/mula.es\/web\/tambores-presentacion-del-cartel-de-la-noche-de-los-tambores-2025-un-homenaje-a-la-artesania-y-la-tradicion\/","og_site_name":"Ayuntamiento de Mula","article_published_time":"2025-01-18T11:53:27+00:00","og_image":[{"width":200,"height":218,"url":"https:\/\/mula.es\/web\/wp-content\/uploads\/2020\/06\/escudo-cuadrado-e1591045058235.jpg","type":"image\/jpeg"}],"author":"Laura Salas Orcajada","twitter_card":"summary_large_image","twitter_creator":"@AyuntamientMula","twitter_site":"@AyuntamientMula","twitter_misc":{"Escrito por":"Laura Salas Orcajada","Tiempo de lectura":"4 minutos"},"schema":{"@context":"https:\/\/schema.org","@graph":[{"@type":"Article","@id":"https:\/\/mula.es\/web\/tambores-presentacion-del-cartel-de-la-noche-de-los-tambores-2025-un-homenaje-a-la-artesania-y-la-tradicion\/#article","isPartOf":{"@id":"https:\/\/mula.es\/web\/tambores-presentacion-del-cartel-de-la-noche-de-los-tambores-2025-un-homenaje-a-la-artesania-y-la-tradicion\/"},"author":{"name":"Laura Salas Orcajada","@id":"https:\/\/mula.es\/web\/#\/schema\/person\/4f10179bd364f40dceed361e61e4033f"},"headline":"TAMBORES | Presentaci\u00f3n del Cartel de la Noche de los Tambores 2025: un homenaje a la artesan\u00eda y la tradici\u00f3n","datePublished":"2025-01-18T11:53:27+00:00","mainEntityOfPage":{"@id":"https:\/\/mula.es\/web\/tambores-presentacion-del-cartel-de-la-noche-de-los-tambores-2025-un-homenaje-a-la-artesania-y-la-tradicion\/"},"wordCount":657,"image":{"@id":"https:\/\/mula.es\/web\/tambores-presentacion-del-cartel-de-la-noche-de-los-tambores-2025-un-homenaje-a-la-artesania-y-la-tradicion\/#primaryimage"},"thumbnailUrl":"https:\/\/mula.es\/web\/wp-content\/uploads\/2020\/06\/escudo-cuadrado-e1591045058235.jpg","articleSection":["tambores"],"inLanguage":"es"},{"@type":"WebPage","@id":"https:\/\/mula.es\/web\/tambores-presentacion-del-cartel-de-la-noche-de-los-tambores-2025-un-homenaje-a-la-artesania-y-la-tradicion\/","url":"https:\/\/mula.es\/web\/tambores-presentacion-del-cartel-de-la-noche-de-los-tambores-2025-un-homenaje-a-la-artesania-y-la-tradicion\/","name":"TAMBORES | Presentaci\u00f3n del Cartel de la Noche de los Tambores 2025: un homenaje a la artesan\u00eda y la tradici\u00f3n - Ayuntamiento de Mula","isPartOf":{"@id":"https:\/\/mula.es\/web\/#website"},"primaryImageOfPage":{"@id":"https:\/\/mula.es\/web\/tambores-presentacion-del-cartel-de-la-noche-de-los-tambores-2025-un-homenaje-a-la-artesania-y-la-tradicion\/#primaryimage"},"image":{"@id":"https:\/\/mula.es\/web\/tambores-presentacion-del-cartel-de-la-noche-de-los-tambores-2025-un-homenaje-a-la-artesania-y-la-tradicion\/#primaryimage"},"thumbnailUrl":"https:\/\/mula.es\/web\/wp-content\/uploads\/2020\/06\/escudo-cuadrado-e1591045058235.jpg","datePublished":"2025-01-18T11:53:27+00:00","author":{"@id":"https:\/\/mula.es\/web\/#\/schema\/person\/4f10179bd364f40dceed361e61e4033f"},"breadcrumb":{"@id":"https:\/\/mula.es\/web\/tambores-presentacion-del-cartel-de-la-noche-de-los-tambores-2025-un-homenaje-a-la-artesania-y-la-tradicion\/#breadcrumb"},"inLanguage":"es","potentialAction":[{"@type":"ReadAction","target":["https:\/\/mula.es\/web\/tambores-presentacion-del-cartel-de-la-noche-de-los-tambores-2025-un-homenaje-a-la-artesania-y-la-tradicion\/"]}]},{"@type":"ImageObject","inLanguage":"es","@id":"https:\/\/mula.es\/web\/tambores-presentacion-del-cartel-de-la-noche-de-los-tambores-2025-un-homenaje-a-la-artesania-y-la-tradicion\/#primaryimage","url":"https:\/\/mula.es\/web\/wp-content\/uploads\/2020\/06\/escudo-cuadrado-e1591045058235.jpg","contentUrl":"https:\/\/mula.es\/web\/wp-content\/uploads\/2020\/06\/escudo-cuadrado-e1591045058235.jpg","width":200,"height":218},{"@type":"BreadcrumbList","@id":"https:\/\/mula.es\/web\/tambores-presentacion-del-cartel-de-la-noche-de-los-tambores-2025-un-homenaje-a-la-artesania-y-la-tradicion\/#breadcrumb","itemListElement":[{"@type":"ListItem","position":1,"name":"Portada","item":"https:\/\/mula.es\/web\/"},{"@type":"ListItem","position":2,"name":"TAMBORES | Presentaci\u00f3n del Cartel de la Noche de los Tambores 2025: un homenaje a la artesan\u00eda y la tradici\u00f3n"}]},{"@type":"WebSite","@id":"https:\/\/mula.es\/web\/#website","url":"https:\/\/mula.es\/web\/","name":"Ayuntamiento de Mula","description":"P\u00e1gina web del Ayuntamiento de Mula (Regi\u00f3n de Murcia)","potentialAction":[{"@type":"SearchAction","target":{"@type":"EntryPoint","urlTemplate":"https:\/\/mula.es\/web\/?s={search_term_string}"},"query-input":{"@type":"PropertyValueSpecification","valueRequired":true,"valueName":"search_term_string"}}],"inLanguage":"es"},{"@type":"Person","@id":"https:\/\/mula.es\/web\/#\/schema\/person\/4f10179bd364f40dceed361e61e4033f","name":"Laura Salas Orcajada","image":{"@type":"ImageObject","inLanguage":"es","@id":"https:\/\/secure.gravatar.com\/avatar\/786f2a223d9a455e2a448f78b5dcc1117207ef56ef3d9a04df338c0f775cd403?s=96&d=mm&r=g","url":"https:\/\/secure.gravatar.com\/avatar\/786f2a223d9a455e2a448f78b5dcc1117207ef56ef3d9a04df338c0f775cd403?s=96&d=mm&r=g","contentUrl":"https:\/\/secure.gravatar.com\/avatar\/786f2a223d9a455e2a448f78b5dcc1117207ef56ef3d9a04df338c0f775cd403?s=96&d=mm&r=g","caption":"Laura Salas Orcajada"},"url":"https:\/\/mula.es\/web\/author\/lsalas\/"}]}},"jetpack_publicize_connections":[],"jetpack_featured_media_url":"https:\/\/mula.es\/web\/wp-content\/uploads\/2020\/06\/escudo-cuadrado-e1591045058235.jpg","jetpack_sharing_enabled":true,"jetpack_shortlink":"https:\/\/wp.me\/pa9DMY-eQv","jetpack-related-posts":[],"_links":{"self":[{"href":"https:\/\/mula.es\/web\/wp-json\/wp\/v2\/posts\/57071","targetHints":{"allow":["GET"]}}],"collection":[{"href":"https:\/\/mula.es\/web\/wp-json\/wp\/v2\/posts"}],"about":[{"href":"https:\/\/mula.es\/web\/wp-json\/wp\/v2\/types\/post"}],"author":[{"embeddable":true,"href":"https:\/\/mula.es\/web\/wp-json\/wp\/v2\/users\/13"}],"replies":[{"embeddable":true,"href":"https:\/\/mula.es\/web\/wp-json\/wp\/v2\/comments?post=57071"}],"version-history":[{"count":1,"href":"https:\/\/mula.es\/web\/wp-json\/wp\/v2\/posts\/57071\/revisions"}],"predecessor-version":[{"id":57078,"href":"https:\/\/mula.es\/web\/wp-json\/wp\/v2\/posts\/57071\/revisions\/57078"}],"wp:featuredmedia":[{"embeddable":true,"href":"https:\/\/mula.es\/web\/wp-json\/wp\/v2\/media\/33512"}],"wp:attachment":[{"href":"https:\/\/mula.es\/web\/wp-json\/wp\/v2\/media?parent=57071"}],"wp:term":[{"taxonomy":"category","embeddable":true,"href":"https:\/\/mula.es\/web\/wp-json\/wp\/v2\/categories?post=57071"},{"taxonomy":"post_tag","embeddable":true,"href":"https:\/\/mula.es\/web\/wp-json\/wp\/v2\/tags?post=57071"}],"curies":[{"name":"wp","href":"https:\/\/api.w.org\/{rel}","templated":true}]}}