{"id":57083,"date":"2025-01-20T10:32:49","date_gmt":"2025-01-20T09:32:49","guid":{"rendered":"https:\/\/mula.es\/web\/?p=57083"},"modified":"2025-01-20T10:34:33","modified_gmt":"2025-01-20T09:34:33","slug":"parques-y-jardines-el-ayuntamiento-de-mula-invierte-200-000e-en-la-mejora-de-parques-y-jardines-en-2024","status":"publish","type":"post","link":"https:\/\/mula.es\/web\/parques-y-jardines-el-ayuntamiento-de-mula-invierte-200-000e-en-la-mejora-de-parques-y-jardines-en-2024\/","title":{"rendered":"PARQUES Y JARDINES | El Ayuntamiento de Mula invierte 200.000\u20ac en la mejora de parques y jardines en 2024"},"content":{"rendered":"<p><strong>NOTA DE PRENSA &#8211; 20 DE ENERO DE 2025<\/strong><\/p>\n<p><strong>\u00a0<\/strong><\/p>\n<h2><strong>\u00a0<\/strong><\/h2>\n<h2><strong>El Ayuntamiento de Mula invierte 200.000\u20ac en la mejora de parques y jardines en 2024<\/strong><\/h2>\n<p>El Ayuntamiento de Mula ha destinado una inversi\u00f3n de 200.000\u20ac durante el a\u00f1o 2024 a la mejora, remodelaci\u00f3n y acondicionamiento de parques y jardines. Estas actuaciones, realizadas en distintas zonas de Mula, ponen de manifiesto el compromiso del Ayuntamiento con la mejora de los espacios p\u00fablicos, ofreciendo a los ciudadanos instalaciones m\u00e1s modernas, seguras y adecuadas para su disfrute.<\/p>\n<p>Entre las intervenciones m\u00e1s destacadas llevadas a cabo en 2024 se encuentra la remodelaci\u00f3n del Parque Crist\u00f3bal Gabarr\u00f3n, del parque de la Pista Verde, parque del Centro de D\u00eda, parque del supermercado Aldi y parque Familia S\u00e1nchez Gil.<\/p>\n<p>En las actuaciones realizadas se incluye la <strong>mejora de los suelos<\/strong>, la <strong>renovaci\u00f3n de juegos deportivos<\/strong> y de recreo, la <strong>limpieza integral y puesta a punto de las zonas ajardinadas<\/strong>. Estas acciones no solo buscan embellecer el entorno urbano, sino tambi\u00e9n fomentar el uso y disfrute de estos espacios por parte de los vecinos, promoviendo as\u00ed el ocio saludable.<\/p>\n<p>Desde el Ayuntamiento de Mula, se hace un llamamiento a la responsabilidad c\u00edvica de sus ciudadanos para garantizar el mantenimiento y cuidado de estos espacios. Asimismo, reafirma el compromiso de continuar trabajando en la mejora de los espacios p\u00fablicos durante los pr\u00f3ximos a\u00f1os, con el objetivo de seguir construyendo un municipio moderno, atractivo y accesible para todos.<\/p>\n<p><em> <a href=\"https:\/\/mula.es\/web\/wp-content\/uploads\/2025\/01\/1-8-scaled.jpg\"><img decoding=\"async\" data-attachment-id=\"57084\" data-permalink=\"https:\/\/mula.es\/web\/parques-y-jardines-el-ayuntamiento-de-mula-invierte-200-000e-en-la-mejora-de-parques-y-jardines-en-2024\/1-186\/\" data-orig-file=\"https:\/\/mula.es\/web\/wp-content\/uploads\/2025\/01\/1-8-scaled.jpg\" data-orig-size=\"2560,1707\" data-comments-opened=\"0\" data-image-meta=\"{&quot;aperture&quot;:&quot;0&quot;,&quot;credit&quot;:&quot;&quot;,&quot;camera&quot;:&quot;&quot;,&quot;caption&quot;:&quot;&quot;,&quot;created_timestamp&quot;:&quot;0&quot;,&quot;copyright&quot;:&quot;&quot;,&quot;focal_length&quot;:&quot;0&quot;,&quot;iso&quot;:&quot;0&quot;,&quot;shutter_speed&quot;:&quot;0&quot;,&quot;title&quot;:&quot;&quot;,&quot;orientation&quot;:&quot;1&quot;}\" data-image-title=\"1\" data-image-description=\"\" data-image-caption=\"\" data-large-file=\"https:\/\/mula.es\/web\/wp-content\/uploads\/2025\/01\/1-8-1024x683.jpg\" class=\"alignnone size-medium wp-image-57084\" src=\"https:\/\/mula.es\/web\/wp-content\/uploads\/2025\/01\/1-8-300x200.jpg\" alt=\"\" width=\"300\" height=\"200\" srcset=\"https:\/\/mula.es\/web\/wp-content\/uploads\/2025\/01\/1-8-200x133.jpg 200w, https:\/\/mula.es\/web\/wp-content\/uploads\/2025\/01\/1-8-300x200.jpg 300w, https:\/\/mula.es\/web\/wp-content\/uploads\/2025\/01\/1-8-400x267.jpg 400w, https:\/\/mula.es\/web\/wp-content\/uploads\/2025\/01\/1-8-600x400.jpg 600w, https:\/\/mula.es\/web\/wp-content\/uploads\/2025\/01\/1-8-768x512.jpg 768w, https:\/\/mula.es\/web\/wp-content\/uploads\/2025\/01\/1-8-800x533.jpg 800w, https:\/\/mula.es\/web\/wp-content\/uploads\/2025\/01\/1-8-1024x683.jpg 1024w, https:\/\/mula.es\/web\/wp-content\/uploads\/2025\/01\/1-8-1200x800.jpg 1200w, https:\/\/mula.es\/web\/wp-content\/uploads\/2025\/01\/1-8-1536x1024.jpg 1536w\" sizes=\"(max-width: 300px) 100vw, 300px\" \/><\/a> <a href=\"https:\/\/mula.es\/web\/wp-content\/uploads\/2025\/01\/2-6-scaled.jpg\"><img decoding=\"async\" data-attachment-id=\"57085\" data-permalink=\"https:\/\/mula.es\/web\/parques-y-jardines-el-ayuntamiento-de-mula-invierte-200-000e-en-la-mejora-de-parques-y-jardines-en-2024\/2-176\/\" data-orig-file=\"https:\/\/mula.es\/web\/wp-content\/uploads\/2025\/01\/2-6-scaled.jpg\" data-orig-size=\"2560,1707\" data-comments-opened=\"0\" data-image-meta=\"{&quot;aperture&quot;:&quot;0&quot;,&quot;credit&quot;:&quot;&quot;,&quot;camera&quot;:&quot;&quot;,&quot;caption&quot;:&quot;&quot;,&quot;created_timestamp&quot;:&quot;0&quot;,&quot;copyright&quot;:&quot;&quot;,&quot;focal_length&quot;:&quot;0&quot;,&quot;iso&quot;:&quot;0&quot;,&quot;shutter_speed&quot;:&quot;0&quot;,&quot;title&quot;:&quot;&quot;,&quot;orientation&quot;:&quot;1&quot;}\" data-image-title=\"2\" data-image-description=\"\" data-image-caption=\"\" data-large-file=\"https:\/\/mula.es\/web\/wp-content\/uploads\/2025\/01\/2-6-1024x683.jpg\" class=\"alignnone size-medium wp-image-57085\" src=\"https:\/\/mula.es\/web\/wp-content\/uploads\/2025\/01\/2-6-300x200.jpg\" alt=\"\" width=\"300\" height=\"200\" srcset=\"https:\/\/mula.es\/web\/wp-content\/uploads\/2025\/01\/2-6-200x133.jpg 200w, https:\/\/mula.es\/web\/wp-content\/uploads\/2025\/01\/2-6-300x200.jpg 300w, https:\/\/mula.es\/web\/wp-content\/uploads\/2025\/01\/2-6-400x267.jpg 400w, https:\/\/mula.es\/web\/wp-content\/uploads\/2025\/01\/2-6-600x400.jpg 600w, https:\/\/mula.es\/web\/wp-content\/uploads\/2025\/01\/2-6-768x512.jpg 768w, https:\/\/mula.es\/web\/wp-content\/uploads\/2025\/01\/2-6-800x533.jpg 800w, https:\/\/mula.es\/web\/wp-content\/uploads\/2025\/01\/2-6-1024x683.jpg 1024w, https:\/\/mula.es\/web\/wp-content\/uploads\/2025\/01\/2-6-1200x800.jpg 1200w, https:\/\/mula.es\/web\/wp-content\/uploads\/2025\/01\/2-6-1536x1024.jpg 1536w\" sizes=\"(max-width: 300px) 100vw, 300px\" \/><\/a> <a href=\"https:\/\/mula.es\/web\/wp-content\/uploads\/2025\/01\/3-6-scaled.jpg\"><img decoding=\"async\" data-attachment-id=\"57086\" data-permalink=\"https:\/\/mula.es\/web\/parques-y-jardines-el-ayuntamiento-de-mula-invierte-200-000e-en-la-mejora-de-parques-y-jardines-en-2024\/3-160\/\" data-orig-file=\"https:\/\/mula.es\/web\/wp-content\/uploads\/2025\/01\/3-6-scaled.jpg\" data-orig-size=\"2560,1707\" data-comments-opened=\"0\" data-image-meta=\"{&quot;aperture&quot;:&quot;0&quot;,&quot;credit&quot;:&quot;&quot;,&quot;camera&quot;:&quot;&quot;,&quot;caption&quot;:&quot;&quot;,&quot;created_timestamp&quot;:&quot;0&quot;,&quot;copyright&quot;:&quot;&quot;,&quot;focal_length&quot;:&quot;0&quot;,&quot;iso&quot;:&quot;0&quot;,&quot;shutter_speed&quot;:&quot;0&quot;,&quot;title&quot;:&quot;&quot;,&quot;orientation&quot;:&quot;1&quot;}\" data-image-title=\"3\" data-image-description=\"\" data-image-caption=\"\" data-large-file=\"https:\/\/mula.es\/web\/wp-content\/uploads\/2025\/01\/3-6-1024x683.jpg\" class=\"alignnone size-medium wp-image-57086\" src=\"https:\/\/mula.es\/web\/wp-content\/uploads\/2025\/01\/3-6-300x200.jpg\" alt=\"\" width=\"300\" height=\"200\" srcset=\"https:\/\/mula.es\/web\/wp-content\/uploads\/2025\/01\/3-6-200x133.jpg 200w, https:\/\/mula.es\/web\/wp-content\/uploads\/2025\/01\/3-6-300x200.jpg 300w, https:\/\/mula.es\/web\/wp-content\/uploads\/2025\/01\/3-6-400x267.jpg 400w, https:\/\/mula.es\/web\/wp-content\/uploads\/2025\/01\/3-6-600x400.jpg 600w, https:\/\/mula.es\/web\/wp-content\/uploads\/2025\/01\/3-6-768x512.jpg 768w, https:\/\/mula.es\/web\/wp-content\/uploads\/2025\/01\/3-6-800x533.jpg 800w, https:\/\/mula.es\/web\/wp-content\/uploads\/2025\/01\/3-6-1024x683.jpg 1024w, https:\/\/mula.es\/web\/wp-content\/uploads\/2025\/01\/3-6-1200x800.jpg 1200w, https:\/\/mula.es\/web\/wp-content\/uploads\/2025\/01\/3-6-1536x1024.jpg 1536w\" sizes=\"(max-width: 300px) 100vw, 300px\" \/><\/a> <a href=\"https:\/\/mula.es\/web\/wp-content\/uploads\/2025\/01\/4-6-scaled.jpg\"><img decoding=\"async\" data-attachment-id=\"57087\" data-permalink=\"https:\/\/mula.es\/web\/parques-y-jardines-el-ayuntamiento-de-mula-invierte-200-000e-en-la-mejora-de-parques-y-jardines-en-2024\/4-114\/\" data-orig-file=\"https:\/\/mula.es\/web\/wp-content\/uploads\/2025\/01\/4-6-scaled.jpg\" data-orig-size=\"2560,1707\" data-comments-opened=\"0\" data-image-meta=\"{&quot;aperture&quot;:&quot;0&quot;,&quot;credit&quot;:&quot;&quot;,&quot;camera&quot;:&quot;&quot;,&quot;caption&quot;:&quot;&quot;,&quot;created_timestamp&quot;:&quot;0&quot;,&quot;copyright&quot;:&quot;&quot;,&quot;focal_length&quot;:&quot;0&quot;,&quot;iso&quot;:&quot;0&quot;,&quot;shutter_speed&quot;:&quot;0&quot;,&quot;title&quot;:&quot;&quot;,&quot;orientation&quot;:&quot;1&quot;}\" data-image-title=\"4\" data-image-description=\"\" data-image-caption=\"\" data-large-file=\"https:\/\/mula.es\/web\/wp-content\/uploads\/2025\/01\/4-6-1024x683.jpg\" class=\"alignnone size-medium wp-image-57087\" src=\"https:\/\/mula.es\/web\/wp-content\/uploads\/2025\/01\/4-6-300x200.jpg\" alt=\"\" width=\"300\" height=\"200\" srcset=\"https:\/\/mula.es\/web\/wp-content\/uploads\/2025\/01\/4-6-200x133.jpg 200w, https:\/\/mula.es\/web\/wp-content\/uploads\/2025\/01\/4-6-300x200.jpg 300w, https:\/\/mula.es\/web\/wp-content\/uploads\/2025\/01\/4-6-400x267.jpg 400w, https:\/\/mula.es\/web\/wp-content\/uploads\/2025\/01\/4-6-600x400.jpg 600w, https:\/\/mula.es\/web\/wp-content\/uploads\/2025\/01\/4-6-768x512.jpg 768w, https:\/\/mula.es\/web\/wp-content\/uploads\/2025\/01\/4-6-800x533.jpg 800w, https:\/\/mula.es\/web\/wp-content\/uploads\/2025\/01\/4-6-1024x683.jpg 1024w, https:\/\/mula.es\/web\/wp-content\/uploads\/2025\/01\/4-6-1200x800.jpg 1200w, https:\/\/mula.es\/web\/wp-content\/uploads\/2025\/01\/4-6-1536x1024.jpg 1536w\" sizes=\"(max-width: 300px) 100vw, 300px\" \/><\/a> <a href=\"https:\/\/mula.es\/web\/wp-content\/uploads\/2025\/01\/5-3-scaled.jpg\"><img decoding=\"async\" data-attachment-id=\"57088\" data-permalink=\"https:\/\/mula.es\/web\/parques-y-jardines-el-ayuntamiento-de-mula-invierte-200-000e-en-la-mejora-de-parques-y-jardines-en-2024\/5-77\/\" data-orig-file=\"https:\/\/mula.es\/web\/wp-content\/uploads\/2025\/01\/5-3-scaled.jpg\" data-orig-size=\"2560,1707\" data-comments-opened=\"0\" data-image-meta=\"{&quot;aperture&quot;:&quot;0&quot;,&quot;credit&quot;:&quot;&quot;,&quot;camera&quot;:&quot;&quot;,&quot;caption&quot;:&quot;&quot;,&quot;created_timestamp&quot;:&quot;0&quot;,&quot;copyright&quot;:&quot;&quot;,&quot;focal_length&quot;:&quot;0&quot;,&quot;iso&quot;:&quot;0&quot;,&quot;shutter_speed&quot;:&quot;0&quot;,&quot;title&quot;:&quot;&quot;,&quot;orientation&quot;:&quot;1&quot;}\" data-image-title=\"5\" data-image-description=\"\" data-image-caption=\"\" data-large-file=\"https:\/\/mula.es\/web\/wp-content\/uploads\/2025\/01\/5-3-1024x683.jpg\" class=\"alignnone size-medium wp-image-57088\" src=\"https:\/\/mula.es\/web\/wp-content\/uploads\/2025\/01\/5-3-300x200.jpg\" alt=\"\" width=\"300\" height=\"200\" srcset=\"https:\/\/mula.es\/web\/wp-content\/uploads\/2025\/01\/5-3-200x133.jpg 200w, https:\/\/mula.es\/web\/wp-content\/uploads\/2025\/01\/5-3-300x200.jpg 300w, https:\/\/mula.es\/web\/wp-content\/uploads\/2025\/01\/5-3-400x267.jpg 400w, https:\/\/mula.es\/web\/wp-content\/uploads\/2025\/01\/5-3-600x400.jpg 600w, https:\/\/mula.es\/web\/wp-content\/uploads\/2025\/01\/5-3-768x512.jpg 768w, https:\/\/mula.es\/web\/wp-content\/uploads\/2025\/01\/5-3-800x533.jpg 800w, https:\/\/mula.es\/web\/wp-content\/uploads\/2025\/01\/5-3-1024x683.jpg 1024w, https:\/\/mula.es\/web\/wp-content\/uploads\/2025\/01\/5-3-1200x800.jpg 1200w, https:\/\/mula.es\/web\/wp-content\/uploads\/2025\/01\/5-3-1536x1024.jpg 1536w\" sizes=\"(max-width: 300px) 100vw, 300px\" \/><\/a> <a href=\"https:\/\/mula.es\/web\/wp-content\/uploads\/2025\/01\/6-2-scaled.jpg\"><img decoding=\"async\" data-attachment-id=\"57089\" data-permalink=\"https:\/\/mula.es\/web\/parques-y-jardines-el-ayuntamiento-de-mula-invierte-200-000e-en-la-mejora-de-parques-y-jardines-en-2024\/6-53\/\" data-orig-file=\"https:\/\/mula.es\/web\/wp-content\/uploads\/2025\/01\/6-2-scaled.jpg\" data-orig-size=\"2560,1707\" data-comments-opened=\"0\" data-image-meta=\"{&quot;aperture&quot;:&quot;0&quot;,&quot;credit&quot;:&quot;&quot;,&quot;camera&quot;:&quot;&quot;,&quot;caption&quot;:&quot;&quot;,&quot;created_timestamp&quot;:&quot;0&quot;,&quot;copyright&quot;:&quot;&quot;,&quot;focal_length&quot;:&quot;0&quot;,&quot;iso&quot;:&quot;0&quot;,&quot;shutter_speed&quot;:&quot;0&quot;,&quot;title&quot;:&quot;&quot;,&quot;orientation&quot;:&quot;1&quot;}\" data-image-title=\"6\" data-image-description=\"\" data-image-caption=\"\" data-large-file=\"https:\/\/mula.es\/web\/wp-content\/uploads\/2025\/01\/6-2-1024x683.jpg\" class=\"alignnone size-medium wp-image-57089\" src=\"https:\/\/mula.es\/web\/wp-content\/uploads\/2025\/01\/6-2-300x200.jpg\" alt=\"\" width=\"300\" height=\"200\" srcset=\"https:\/\/mula.es\/web\/wp-content\/uploads\/2025\/01\/6-2-200x133.jpg 200w, https:\/\/mula.es\/web\/wp-content\/uploads\/2025\/01\/6-2-300x200.jpg 300w, https:\/\/mula.es\/web\/wp-content\/uploads\/2025\/01\/6-2-400x267.jpg 400w, https:\/\/mula.es\/web\/wp-content\/uploads\/2025\/01\/6-2-600x400.jpg 600w, https:\/\/mula.es\/web\/wp-content\/uploads\/2025\/01\/6-2-768x512.jpg 768w, https:\/\/mula.es\/web\/wp-content\/uploads\/2025\/01\/6-2-800x533.jpg 800w, https:\/\/mula.es\/web\/wp-content\/uploads\/2025\/01\/6-2-1024x683.jpg 1024w, https:\/\/mula.es\/web\/wp-content\/uploads\/2025\/01\/6-2-1200x800.jpg 1200w, https:\/\/mula.es\/web\/wp-content\/uploads\/2025\/01\/6-2-1536x1024.jpg 1536w\" sizes=\"(max-width: 300px) 100vw, 300px\" \/><\/a> <a href=\"https:\/\/mula.es\/web\/wp-content\/uploads\/2025\/01\/7-1-scaled.jpg\"><img decoding=\"async\" data-attachment-id=\"57090\" data-permalink=\"https:\/\/mula.es\/web\/parques-y-jardines-el-ayuntamiento-de-mula-invierte-200-000e-en-la-mejora-de-parques-y-jardines-en-2024\/7-43\/\" data-orig-file=\"https:\/\/mula.es\/web\/wp-content\/uploads\/2025\/01\/7-1-scaled.jpg\" data-orig-size=\"2560,1707\" data-comments-opened=\"0\" data-image-meta=\"{&quot;aperture&quot;:&quot;0&quot;,&quot;credit&quot;:&quot;&quot;,&quot;camera&quot;:&quot;&quot;,&quot;caption&quot;:&quot;&quot;,&quot;created_timestamp&quot;:&quot;0&quot;,&quot;copyright&quot;:&quot;&quot;,&quot;focal_length&quot;:&quot;0&quot;,&quot;iso&quot;:&quot;0&quot;,&quot;shutter_speed&quot;:&quot;0&quot;,&quot;title&quot;:&quot;&quot;,&quot;orientation&quot;:&quot;1&quot;}\" data-image-title=\"7\" data-image-description=\"\" data-image-caption=\"\" data-large-file=\"https:\/\/mula.es\/web\/wp-content\/uploads\/2025\/01\/7-1-1024x683.jpg\" class=\"alignnone size-medium wp-image-57090\" src=\"https:\/\/mula.es\/web\/wp-content\/uploads\/2025\/01\/7-1-300x200.jpg\" alt=\"\" width=\"300\" height=\"200\" srcset=\"https:\/\/mula.es\/web\/wp-content\/uploads\/2025\/01\/7-1-200x133.jpg 200w, https:\/\/mula.es\/web\/wp-content\/uploads\/2025\/01\/7-1-300x200.jpg 300w, https:\/\/mula.es\/web\/wp-content\/uploads\/2025\/01\/7-1-400x267.jpg 400w, https:\/\/mula.es\/web\/wp-content\/uploads\/2025\/01\/7-1-600x400.jpg 600w, https:\/\/mula.es\/web\/wp-content\/uploads\/2025\/01\/7-1-768x512.jpg 768w, https:\/\/mula.es\/web\/wp-content\/uploads\/2025\/01\/7-1-800x533.jpg 800w, https:\/\/mula.es\/web\/wp-content\/uploads\/2025\/01\/7-1-1024x683.jpg 1024w, https:\/\/mula.es\/web\/wp-content\/uploads\/2025\/01\/7-1-1200x800.jpg 1200w, https:\/\/mula.es\/web\/wp-content\/uploads\/2025\/01\/7-1-1536x1024.jpg 1536w\" sizes=\"(max-width: 300px) 100vw, 300px\" \/><\/a><\/em><\/p>\n","protected":false},"excerpt":{"rendered":"<p>NOTA DE PRENSA &#8211; 20 DE ENERO DE 2025 \u00a0 \u00a0 El Ayuntamiento de Mula invierte 200.000\u20ac en la mejora de parques y jardines en 2024 El Ayuntamiento de Mula ha destinado una inversi\u00f3n de 200.000\u20ac durante el a\u00f1o 2024 a la mejora, remodelaci\u00f3n y acondicionamiento de parques y jardines. Estas actuaciones, realizadas en distintas  [&#8230;]<\/p>\n","protected":false},"author":13,"featured_media":33512,"comment_status":"closed","ping_status":"closed","sticky":false,"template":"","format":"standard","meta":{"jetpack_post_was_ever_published":false,"_jetpack_newsletter_access":"","_jetpack_dont_email_post_to_subs":false,"_jetpack_newsletter_tier_id":0,"_jetpack_memberships_contains_paywalled_content":false,"_jetpack_memberships_contains_paid_content":false,"footnotes":"","jetpack_publicize_message":"","jetpack_publicize_feature_enabled":true,"jetpack_social_post_already_shared":false,"jetpack_social_options":{"image_generator_settings":{"template":"highway","default_image_id":0,"font":"","enabled":false},"version":2}},"categories":[666],"tags":[],"class_list":["post-57083","post","type-post","status-publish","format-standard","has-post-thumbnail","hentry","category-parques-y-jardines"],"yoast_head":"<!-- This site is optimized with the Yoast SEO plugin v27.4 - https:\/\/yoast.com\/product\/yoast-seo-wordpress\/ -->\n<title>El alcalde y el concejal de Obras y Servicios visitan las intervenciones realizadas en parques y jardines<\/title>\n<meta name=\"description\" content=\"El alcalde y el concejal de Obras y Servicios visitan las intervenciones realizadas en parques y jardines. Nuevo Pipican en Mula.\" \/>\n<meta name=\"robots\" content=\"index, follow, max-snippet:-1, max-image-preview:large, max-video-preview:-1\" \/>\n<link rel=\"canonical\" href=\"https:\/\/mula.es\/web\/parques-y-jardines-el-ayuntamiento-de-mula-invierte-200-000e-en-la-mejora-de-parques-y-jardines-en-2024\/\" \/>\n<meta property=\"og:locale\" content=\"es_ES\" \/>\n<meta property=\"og:type\" content=\"article\" \/>\n<meta property=\"og:title\" content=\"El alcalde y el concejal de Obras y Servicios visitan las intervenciones realizadas en parques y jardines\" \/>\n<meta property=\"og:description\" content=\"El alcalde y el concejal de Obras y Servicios visitan las intervenciones realizadas en parques y jardines. Nuevo Pipican en Mula.\" \/>\n<meta property=\"og:url\" content=\"https:\/\/mula.es\/web\/parques-y-jardines-el-ayuntamiento-de-mula-invierte-200-000e-en-la-mejora-de-parques-y-jardines-en-2024\/\" \/>\n<meta property=\"og:site_name\" content=\"Ayuntamiento de Mula\" \/>\n<meta property=\"article:published_time\" content=\"2025-01-20T09:32:49+00:00\" \/>\n<meta property=\"article:modified_time\" content=\"2025-01-20T09:34:33+00:00\" \/>\n<meta property=\"og:image\" content=\"https:\/\/mula.es\/web\/wp-content\/uploads\/2020\/06\/escudo-cuadrado-e1591045058235.jpg\" \/>\n\t<meta property=\"og:image:width\" content=\"200\" \/>\n\t<meta property=\"og:image:height\" content=\"218\" \/>\n\t<meta property=\"og:image:type\" content=\"image\/jpeg\" \/>\n<meta name=\"author\" content=\"Laura Salas Orcajada\" \/>\n<meta name=\"twitter:card\" content=\"summary_large_image\" \/>\n<meta name=\"twitter:creator\" content=\"@AyuntamientMula\" \/>\n<meta name=\"twitter:site\" content=\"@AyuntamientMula\" \/>\n<meta name=\"twitter:label1\" content=\"Escrito por\" \/>\n\t<meta name=\"twitter:data1\" content=\"Laura Salas Orcajada\" \/>\n\t<meta name=\"twitter:label2\" content=\"Tiempo de lectura\" \/>\n\t<meta name=\"twitter:data2\" content=\"3 minutos\" \/>\n<script type=\"application\/ld+json\" class=\"yoast-schema-graph\">{\"@context\":\"https:\\\/\\\/schema.org\",\"@graph\":[{\"@type\":\"Article\",\"@id\":\"https:\\\/\\\/mula.es\\\/web\\\/parques-y-jardines-el-ayuntamiento-de-mula-invierte-200-000e-en-la-mejora-de-parques-y-jardines-en-2024\\\/#article\",\"isPartOf\":{\"@id\":\"https:\\\/\\\/mula.es\\\/web\\\/parques-y-jardines-el-ayuntamiento-de-mula-invierte-200-000e-en-la-mejora-de-parques-y-jardines-en-2024\\\/\"},\"author\":{\"name\":\"Laura Salas Orcajada\",\"@id\":\"https:\\\/\\\/mula.es\\\/web\\\/#\\\/schema\\\/person\\\/4f10179bd364f40dceed361e61e4033f\"},\"headline\":\"PARQUES Y JARDINES | El Ayuntamiento de Mula invierte 200.000\u20ac en la mejora de parques y jardines en 2024\",\"datePublished\":\"2025-01-20T09:32:49+00:00\",\"dateModified\":\"2025-01-20T09:34:33+00:00\",\"mainEntityOfPage\":{\"@id\":\"https:\\\/\\\/mula.es\\\/web\\\/parques-y-jardines-el-ayuntamiento-de-mula-invierte-200-000e-en-la-mejora-de-parques-y-jardines-en-2024\\\/\"},\"wordCount\":263,\"image\":{\"@id\":\"https:\\\/\\\/mula.es\\\/web\\\/parques-y-jardines-el-ayuntamiento-de-mula-invierte-200-000e-en-la-mejora-de-parques-y-jardines-en-2024\\\/#primaryimage\"},\"thumbnailUrl\":\"https:\\\/\\\/mula.es\\\/web\\\/wp-content\\\/uploads\\\/2020\\\/06\\\/escudo-cuadrado-e1591045058235.jpg\",\"articleSection\":[\"parques y jardines\"],\"inLanguage\":\"es\"},{\"@type\":\"WebPage\",\"@id\":\"https:\\\/\\\/mula.es\\\/web\\\/parques-y-jardines-el-ayuntamiento-de-mula-invierte-200-000e-en-la-mejora-de-parques-y-jardines-en-2024\\\/\",\"url\":\"https:\\\/\\\/mula.es\\\/web\\\/parques-y-jardines-el-ayuntamiento-de-mula-invierte-200-000e-en-la-mejora-de-parques-y-jardines-en-2024\\\/\",\"name\":\"El alcalde y el concejal de Obras y Servicios visitan las intervenciones realizadas en parques y jardines\",\"isPartOf\":{\"@id\":\"https:\\\/\\\/mula.es\\\/web\\\/#website\"},\"primaryImageOfPage\":{\"@id\":\"https:\\\/\\\/mula.es\\\/web\\\/parques-y-jardines-el-ayuntamiento-de-mula-invierte-200-000e-en-la-mejora-de-parques-y-jardines-en-2024\\\/#primaryimage\"},\"image\":{\"@id\":\"https:\\\/\\\/mula.es\\\/web\\\/parques-y-jardines-el-ayuntamiento-de-mula-invierte-200-000e-en-la-mejora-de-parques-y-jardines-en-2024\\\/#primaryimage\"},\"thumbnailUrl\":\"https:\\\/\\\/mula.es\\\/web\\\/wp-content\\\/uploads\\\/2020\\\/06\\\/escudo-cuadrado-e1591045058235.jpg\",\"datePublished\":\"2025-01-20T09:32:49+00:00\",\"dateModified\":\"2025-01-20T09:34:33+00:00\",\"author\":{\"@id\":\"https:\\\/\\\/mula.es\\\/web\\\/#\\\/schema\\\/person\\\/4f10179bd364f40dceed361e61e4033f\"},\"description\":\"El alcalde y el concejal de Obras y Servicios visitan las intervenciones realizadas en parques y jardines. Nuevo Pipican en Mula.\",\"breadcrumb\":{\"@id\":\"https:\\\/\\\/mula.es\\\/web\\\/parques-y-jardines-el-ayuntamiento-de-mula-invierte-200-000e-en-la-mejora-de-parques-y-jardines-en-2024\\\/#breadcrumb\"},\"inLanguage\":\"es\",\"potentialAction\":[{\"@type\":\"ReadAction\",\"target\":[\"https:\\\/\\\/mula.es\\\/web\\\/parques-y-jardines-el-ayuntamiento-de-mula-invierte-200-000e-en-la-mejora-de-parques-y-jardines-en-2024\\\/\"]}]},{\"@type\":\"ImageObject\",\"inLanguage\":\"es\",\"@id\":\"https:\\\/\\\/mula.es\\\/web\\\/parques-y-jardines-el-ayuntamiento-de-mula-invierte-200-000e-en-la-mejora-de-parques-y-jardines-en-2024\\\/#primaryimage\",\"url\":\"https:\\\/\\\/mula.es\\\/web\\\/wp-content\\\/uploads\\\/2020\\\/06\\\/escudo-cuadrado-e1591045058235.jpg\",\"contentUrl\":\"https:\\\/\\\/mula.es\\\/web\\\/wp-content\\\/uploads\\\/2020\\\/06\\\/escudo-cuadrado-e1591045058235.jpg\",\"width\":200,\"height\":218},{\"@type\":\"BreadcrumbList\",\"@id\":\"https:\\\/\\\/mula.es\\\/web\\\/parques-y-jardines-el-ayuntamiento-de-mula-invierte-200-000e-en-la-mejora-de-parques-y-jardines-en-2024\\\/#breadcrumb\",\"itemListElement\":[{\"@type\":\"ListItem\",\"position\":1,\"name\":\"Portada\",\"item\":\"https:\\\/\\\/mula.es\\\/web\\\/\"},{\"@type\":\"ListItem\",\"position\":2,\"name\":\"PARQUES Y JARDINES | El Ayuntamiento de Mula invierte 200.000\u20ac en la mejora de parques y jardines en 2024\"}]},{\"@type\":\"WebSite\",\"@id\":\"https:\\\/\\\/mula.es\\\/web\\\/#website\",\"url\":\"https:\\\/\\\/mula.es\\\/web\\\/\",\"name\":\"Ayuntamiento de Mula\",\"description\":\"P\u00e1gina web del Ayuntamiento de Mula (Regi\u00f3n de Murcia)\",\"potentialAction\":[{\"@type\":\"SearchAction\",\"target\":{\"@type\":\"EntryPoint\",\"urlTemplate\":\"https:\\\/\\\/mula.es\\\/web\\\/?s={search_term_string}\"},\"query-input\":{\"@type\":\"PropertyValueSpecification\",\"valueRequired\":true,\"valueName\":\"search_term_string\"}}],\"inLanguage\":\"es\"},{\"@type\":\"Person\",\"@id\":\"https:\\\/\\\/mula.es\\\/web\\\/#\\\/schema\\\/person\\\/4f10179bd364f40dceed361e61e4033f\",\"name\":\"Laura Salas Orcajada\",\"image\":{\"@type\":\"ImageObject\",\"inLanguage\":\"es\",\"@id\":\"https:\\\/\\\/secure.gravatar.com\\\/avatar\\\/786f2a223d9a455e2a448f78b5dcc1117207ef56ef3d9a04df338c0f775cd403?s=96&d=mm&r=g\",\"url\":\"https:\\\/\\\/secure.gravatar.com\\\/avatar\\\/786f2a223d9a455e2a448f78b5dcc1117207ef56ef3d9a04df338c0f775cd403?s=96&d=mm&r=g\",\"contentUrl\":\"https:\\\/\\\/secure.gravatar.com\\\/avatar\\\/786f2a223d9a455e2a448f78b5dcc1117207ef56ef3d9a04df338c0f775cd403?s=96&d=mm&r=g\",\"caption\":\"Laura Salas Orcajada\"},\"url\":\"https:\\\/\\\/mula.es\\\/web\\\/author\\\/lsalas\\\/\"}]}<\/script>\n<!-- \/ Yoast SEO plugin. -->","yoast_head_json":{"title":"El alcalde y el concejal de Obras y Servicios visitan las intervenciones realizadas en parques y jardines","description":"El alcalde y el concejal de Obras y Servicios visitan las intervenciones realizadas en parques y jardines. Nuevo Pipican en Mula.","robots":{"index":"index","follow":"follow","max-snippet":"max-snippet:-1","max-image-preview":"max-image-preview:large","max-video-preview":"max-video-preview:-1"},"canonical":"https:\/\/mula.es\/web\/parques-y-jardines-el-ayuntamiento-de-mula-invierte-200-000e-en-la-mejora-de-parques-y-jardines-en-2024\/","og_locale":"es_ES","og_type":"article","og_title":"El alcalde y el concejal de Obras y Servicios visitan las intervenciones realizadas en parques y jardines","og_description":"El alcalde y el concejal de Obras y Servicios visitan las intervenciones realizadas en parques y jardines. Nuevo Pipican en Mula.","og_url":"https:\/\/mula.es\/web\/parques-y-jardines-el-ayuntamiento-de-mula-invierte-200-000e-en-la-mejora-de-parques-y-jardines-en-2024\/","og_site_name":"Ayuntamiento de Mula","article_published_time":"2025-01-20T09:32:49+00:00","article_modified_time":"2025-01-20T09:34:33+00:00","og_image":[{"width":200,"height":218,"url":"https:\/\/mula.es\/web\/wp-content\/uploads\/2020\/06\/escudo-cuadrado-e1591045058235.jpg","type":"image\/jpeg"}],"author":"Laura Salas Orcajada","twitter_card":"summary_large_image","twitter_creator":"@AyuntamientMula","twitter_site":"@AyuntamientMula","twitter_misc":{"Escrito por":"Laura Salas Orcajada","Tiempo de lectura":"3 minutos"},"schema":{"@context":"https:\/\/schema.org","@graph":[{"@type":"Article","@id":"https:\/\/mula.es\/web\/parques-y-jardines-el-ayuntamiento-de-mula-invierte-200-000e-en-la-mejora-de-parques-y-jardines-en-2024\/#article","isPartOf":{"@id":"https:\/\/mula.es\/web\/parques-y-jardines-el-ayuntamiento-de-mula-invierte-200-000e-en-la-mejora-de-parques-y-jardines-en-2024\/"},"author":{"name":"Laura Salas Orcajada","@id":"https:\/\/mula.es\/web\/#\/schema\/person\/4f10179bd364f40dceed361e61e4033f"},"headline":"PARQUES Y JARDINES | El Ayuntamiento de Mula invierte 200.000\u20ac en la mejora de parques y jardines en 2024","datePublished":"2025-01-20T09:32:49+00:00","dateModified":"2025-01-20T09:34:33+00:00","mainEntityOfPage":{"@id":"https:\/\/mula.es\/web\/parques-y-jardines-el-ayuntamiento-de-mula-invierte-200-000e-en-la-mejora-de-parques-y-jardines-en-2024\/"},"wordCount":263,"image":{"@id":"https:\/\/mula.es\/web\/parques-y-jardines-el-ayuntamiento-de-mula-invierte-200-000e-en-la-mejora-de-parques-y-jardines-en-2024\/#primaryimage"},"thumbnailUrl":"https:\/\/mula.es\/web\/wp-content\/uploads\/2020\/06\/escudo-cuadrado-e1591045058235.jpg","articleSection":["parques y jardines"],"inLanguage":"es"},{"@type":"WebPage","@id":"https:\/\/mula.es\/web\/parques-y-jardines-el-ayuntamiento-de-mula-invierte-200-000e-en-la-mejora-de-parques-y-jardines-en-2024\/","url":"https:\/\/mula.es\/web\/parques-y-jardines-el-ayuntamiento-de-mula-invierte-200-000e-en-la-mejora-de-parques-y-jardines-en-2024\/","name":"El alcalde y el concejal de Obras y Servicios visitan las intervenciones realizadas en parques y jardines","isPartOf":{"@id":"https:\/\/mula.es\/web\/#website"},"primaryImageOfPage":{"@id":"https:\/\/mula.es\/web\/parques-y-jardines-el-ayuntamiento-de-mula-invierte-200-000e-en-la-mejora-de-parques-y-jardines-en-2024\/#primaryimage"},"image":{"@id":"https:\/\/mula.es\/web\/parques-y-jardines-el-ayuntamiento-de-mula-invierte-200-000e-en-la-mejora-de-parques-y-jardines-en-2024\/#primaryimage"},"thumbnailUrl":"https:\/\/mula.es\/web\/wp-content\/uploads\/2020\/06\/escudo-cuadrado-e1591045058235.jpg","datePublished":"2025-01-20T09:32:49+00:00","dateModified":"2025-01-20T09:34:33+00:00","author":{"@id":"https:\/\/mula.es\/web\/#\/schema\/person\/4f10179bd364f40dceed361e61e4033f"},"description":"El alcalde y el concejal de Obras y Servicios visitan las intervenciones realizadas en parques y jardines. Nuevo Pipican en Mula.","breadcrumb":{"@id":"https:\/\/mula.es\/web\/parques-y-jardines-el-ayuntamiento-de-mula-invierte-200-000e-en-la-mejora-de-parques-y-jardines-en-2024\/#breadcrumb"},"inLanguage":"es","potentialAction":[{"@type":"ReadAction","target":["https:\/\/mula.es\/web\/parques-y-jardines-el-ayuntamiento-de-mula-invierte-200-000e-en-la-mejora-de-parques-y-jardines-en-2024\/"]}]},{"@type":"ImageObject","inLanguage":"es","@id":"https:\/\/mula.es\/web\/parques-y-jardines-el-ayuntamiento-de-mula-invierte-200-000e-en-la-mejora-de-parques-y-jardines-en-2024\/#primaryimage","url":"https:\/\/mula.es\/web\/wp-content\/uploads\/2020\/06\/escudo-cuadrado-e1591045058235.jpg","contentUrl":"https:\/\/mula.es\/web\/wp-content\/uploads\/2020\/06\/escudo-cuadrado-e1591045058235.jpg","width":200,"height":218},{"@type":"BreadcrumbList","@id":"https:\/\/mula.es\/web\/parques-y-jardines-el-ayuntamiento-de-mula-invierte-200-000e-en-la-mejora-de-parques-y-jardines-en-2024\/#breadcrumb","itemListElement":[{"@type":"ListItem","position":1,"name":"Portada","item":"https:\/\/mula.es\/web\/"},{"@type":"ListItem","position":2,"name":"PARQUES Y JARDINES | El Ayuntamiento de Mula invierte 200.000\u20ac en la mejora de parques y jardines en 2024"}]},{"@type":"WebSite","@id":"https:\/\/mula.es\/web\/#website","url":"https:\/\/mula.es\/web\/","name":"Ayuntamiento de Mula","description":"P\u00e1gina web del Ayuntamiento de Mula (Regi\u00f3n de Murcia)","potentialAction":[{"@type":"SearchAction","target":{"@type":"EntryPoint","urlTemplate":"https:\/\/mula.es\/web\/?s={search_term_string}"},"query-input":{"@type":"PropertyValueSpecification","valueRequired":true,"valueName":"search_term_string"}}],"inLanguage":"es"},{"@type":"Person","@id":"https:\/\/mula.es\/web\/#\/schema\/person\/4f10179bd364f40dceed361e61e4033f","name":"Laura Salas Orcajada","image":{"@type":"ImageObject","inLanguage":"es","@id":"https:\/\/secure.gravatar.com\/avatar\/786f2a223d9a455e2a448f78b5dcc1117207ef56ef3d9a04df338c0f775cd403?s=96&d=mm&r=g","url":"https:\/\/secure.gravatar.com\/avatar\/786f2a223d9a455e2a448f78b5dcc1117207ef56ef3d9a04df338c0f775cd403?s=96&d=mm&r=g","contentUrl":"https:\/\/secure.gravatar.com\/avatar\/786f2a223d9a455e2a448f78b5dcc1117207ef56ef3d9a04df338c0f775cd403?s=96&d=mm&r=g","caption":"Laura Salas Orcajada"},"url":"https:\/\/mula.es\/web\/author\/lsalas\/"}]}},"jetpack_publicize_connections":[],"jetpack_featured_media_url":"https:\/\/mula.es\/web\/wp-content\/uploads\/2020\/06\/escudo-cuadrado-e1591045058235.jpg","jetpack_sharing_enabled":true,"jetpack_shortlink":"https:\/\/wp.me\/pa9DMY-eQH","jetpack-related-posts":[],"_links":{"self":[{"href":"https:\/\/mula.es\/web\/wp-json\/wp\/v2\/posts\/57083","targetHints":{"allow":["GET"]}}],"collection":[{"href":"https:\/\/mula.es\/web\/wp-json\/wp\/v2\/posts"}],"about":[{"href":"https:\/\/mula.es\/web\/wp-json\/wp\/v2\/types\/post"}],"author":[{"embeddable":true,"href":"https:\/\/mula.es\/web\/wp-json\/wp\/v2\/users\/13"}],"replies":[{"embeddable":true,"href":"https:\/\/mula.es\/web\/wp-json\/wp\/v2\/comments?post=57083"}],"version-history":[{"count":3,"href":"https:\/\/mula.es\/web\/wp-json\/wp\/v2\/posts\/57083\/revisions"}],"predecessor-version":[{"id":57093,"href":"https:\/\/mula.es\/web\/wp-json\/wp\/v2\/posts\/57083\/revisions\/57093"}],"wp:featuredmedia":[{"embeddable":true,"href":"https:\/\/mula.es\/web\/wp-json\/wp\/v2\/media\/33512"}],"wp:attachment":[{"href":"https:\/\/mula.es\/web\/wp-json\/wp\/v2\/media?parent=57083"}],"wp:term":[{"taxonomy":"category","embeddable":true,"href":"https:\/\/mula.es\/web\/wp-json\/wp\/v2\/categories?post=57083"},{"taxonomy":"post_tag","embeddable":true,"href":"https:\/\/mula.es\/web\/wp-json\/wp\/v2\/tags?post=57083"}],"curies":[{"name":"wp","href":"https:\/\/api.w.org\/{rel}","templated":true}]}}