{"id":57111,"date":"2025-01-21T17:29:49","date_gmt":"2025-01-21T16:29:49","guid":{"rendered":"https:\/\/mula.es\/web\/?p=57111"},"modified":"2025-01-21T17:55:10","modified_gmt":"2025-01-21T16:55:10","slug":"turismo-mula-presenta-mulaflor-2025-ante-medios-especializados-en-madrid-como-antesala-de-fitur","status":"publish","type":"post","link":"https:\/\/mula.es\/web\/turismo-mula-presenta-mulaflor-2025-ante-medios-especializados-en-madrid-como-antesala-de-fitur\/","title":{"rendered":"TURISMO | Mula presenta MulaFlor 2025 ante medios especializados en Madrid como antesala de FITUR"},"content":{"rendered":"<p><strong>NOTA DE PRENSA &#8211; 21 DE ENERO DE 2025<\/strong><\/p>\n<p><strong>\u00a0<\/strong><\/p>\n<h2><strong>\u00a0<\/strong><\/h2>\n<h2><strong>Mula presenta MulaFlor 2025 ante medios especializados en Madrid como antesala de FITUR<\/strong><\/h2>\n<p>El Ayuntamiento de Mula ha presentado hoy, en un encuentro con medios de comunicaci\u00f3n especializados celebrado en Madrid, el programa de actividades de MulaFlor 2025, la Fiesta del Almendro en Flor, que se ha consolidado como uno de los eventos tur\u00edsticos m\u00e1s destacados de la Regi\u00f3n de Murcia. Este acto, que marca el inicio de la promoci\u00f3n tur\u00edstica del municipio en FITUR, ha contado con la presencia del alcalde de Mula, Juan Jes\u00fas Moreno, y la concejala de Turismo, Alejandra Mart\u00ednez.<\/p>\n<p>Durante la presentaci\u00f3n, se puso en valor la importancia de Mula como un referente en el turismo rural, cultural y sostenible. El programa de MulaFlor 2025, que se desarrollar\u00e1 del 1 de febrero al 16 de marzo, incluye una amplia oferta de actividades para todos los p\u00fablicos: rutas paisaj\u00edsticas, visitas guiadas al casco hist\u00f3rico y monumentos de Mula, actividades culturales, eventos musicales y la I Feria Gastron\u00f3mica GastroFlor.<\/p>\n<p>El Ayuntamiento de Mula expresa su agradecimiento a <b>Agromarketing<\/b> por la oportunidad de presentar <b>MulaFlor 2025<\/b> en este destacado encuentro con medios especializados en turismo. Asimismo, agradece la presencia de medios de prestigio como <b>National Geographic, \u00a1HOLA!, Radio Marca, MasKViajes, Es Diario, Edici\u00f3n Limitada, Gaceta del Turismo, Ruta en Familia, Revista Traveling, Time Out, Top Viajes, Infortursa, ESdiario<\/b>, entre otros, por su inter\u00e9s en dar visibilidad a este evento \u00fanico que pone en valor el patrimonio cultural y tur\u00edstico de Mula.<a href=\"https:\/\/mula.es\/web\/wp-content\/uploads\/2025\/01\/1-10-scaled.jpg\"><img decoding=\"async\" data-attachment-id=\"57112\" data-permalink=\"https:\/\/mula.es\/web\/turismo-mula-presenta-mulaflor-2025-ante-medios-especializados-en-madrid-como-antesala-de-fitur\/1-188\/\" data-orig-file=\"https:\/\/mula.es\/web\/wp-content\/uploads\/2025\/01\/1-10-scaled.jpg\" data-orig-size=\"2560,1707\" data-comments-opened=\"0\" data-image-meta=\"{&quot;aperture&quot;:&quot;0&quot;,&quot;credit&quot;:&quot;&quot;,&quot;camera&quot;:&quot;&quot;,&quot;caption&quot;:&quot;&quot;,&quot;created_timestamp&quot;:&quot;0&quot;,&quot;copyright&quot;:&quot;&quot;,&quot;focal_length&quot;:&quot;0&quot;,&quot;iso&quot;:&quot;0&quot;,&quot;shutter_speed&quot;:&quot;0&quot;,&quot;title&quot;:&quot;&quot;,&quot;orientation&quot;:&quot;1&quot;}\" data-image-title=\"1\" data-image-description=\"\" data-image-caption=\"\" data-large-file=\"https:\/\/mula.es\/web\/wp-content\/uploads\/2025\/01\/1-10-1024x683.jpg\" class=\"alignnone size-medium wp-image-57112\" src=\"https:\/\/mula.es\/web\/wp-content\/uploads\/2025\/01\/1-10-300x200.jpg\" alt=\"\" width=\"300\" height=\"200\" srcset=\"https:\/\/mula.es\/web\/wp-content\/uploads\/2025\/01\/1-10-200x133.jpg 200w, https:\/\/mula.es\/web\/wp-content\/uploads\/2025\/01\/1-10-300x200.jpg 300w, https:\/\/mula.es\/web\/wp-content\/uploads\/2025\/01\/1-10-400x267.jpg 400w, https:\/\/mula.es\/web\/wp-content\/uploads\/2025\/01\/1-10-600x400.jpg 600w, https:\/\/mula.es\/web\/wp-content\/uploads\/2025\/01\/1-10-768x512.jpg 768w, https:\/\/mula.es\/web\/wp-content\/uploads\/2025\/01\/1-10-800x533.jpg 800w, https:\/\/mula.es\/web\/wp-content\/uploads\/2025\/01\/1-10-1024x683.jpg 1024w, https:\/\/mula.es\/web\/wp-content\/uploads\/2025\/01\/1-10-1200x800.jpg 1200w, https:\/\/mula.es\/web\/wp-content\/uploads\/2025\/01\/1-10-1536x1024.jpg 1536w\" sizes=\"(max-width: 300px) 100vw, 300px\" \/><\/a> <a href=\"https:\/\/mula.es\/web\/wp-content\/uploads\/2025\/01\/2-8-scaled.jpg\"><img decoding=\"async\" data-attachment-id=\"57113\" data-permalink=\"https:\/\/mula.es\/web\/turismo-mula-presenta-mulaflor-2025-ante-medios-especializados-en-madrid-como-antesala-de-fitur\/2-178\/\" data-orig-file=\"https:\/\/mula.es\/web\/wp-content\/uploads\/2025\/01\/2-8-scaled.jpg\" data-orig-size=\"2560,1707\" data-comments-opened=\"0\" data-image-meta=\"{&quot;aperture&quot;:&quot;0&quot;,&quot;credit&quot;:&quot;&quot;,&quot;camera&quot;:&quot;&quot;,&quot;caption&quot;:&quot;&quot;,&quot;created_timestamp&quot;:&quot;0&quot;,&quot;copyright&quot;:&quot;&quot;,&quot;focal_length&quot;:&quot;0&quot;,&quot;iso&quot;:&quot;0&quot;,&quot;shutter_speed&quot;:&quot;0&quot;,&quot;title&quot;:&quot;&quot;,&quot;orientation&quot;:&quot;1&quot;}\" data-image-title=\"2\" data-image-description=\"\" data-image-caption=\"\" data-large-file=\"https:\/\/mula.es\/web\/wp-content\/uploads\/2025\/01\/2-8-1024x683.jpg\" class=\"alignnone size-medium wp-image-57113\" src=\"https:\/\/mula.es\/web\/wp-content\/uploads\/2025\/01\/2-8-300x200.jpg\" alt=\"\" width=\"300\" height=\"200\" srcset=\"https:\/\/mula.es\/web\/wp-content\/uploads\/2025\/01\/2-8-200x133.jpg 200w, https:\/\/mula.es\/web\/wp-content\/uploads\/2025\/01\/2-8-300x200.jpg 300w, https:\/\/mula.es\/web\/wp-content\/uploads\/2025\/01\/2-8-400x267.jpg 400w, https:\/\/mula.es\/web\/wp-content\/uploads\/2025\/01\/2-8-600x400.jpg 600w, https:\/\/mula.es\/web\/wp-content\/uploads\/2025\/01\/2-8-768x512.jpg 768w, https:\/\/mula.es\/web\/wp-content\/uploads\/2025\/01\/2-8-800x533.jpg 800w, https:\/\/mula.es\/web\/wp-content\/uploads\/2025\/01\/2-8-1024x683.jpg 1024w, https:\/\/mula.es\/web\/wp-content\/uploads\/2025\/01\/2-8-1200x800.jpg 1200w, https:\/\/mula.es\/web\/wp-content\/uploads\/2025\/01\/2-8-1536x1024.jpg 1536w\" sizes=\"(max-width: 300px) 100vw, 300px\" \/><\/a><\/p>\n<p>En su intervenci\u00f3n, el alcalde afirm\u00f3: \u201cMulaFlor 2025 no es solo un evento, es una celebraci\u00f3n de nuestra identidad, una oportunidad para mostrar al mundo la riqueza de nuestro patrimonio, nuestra gastronom\u00eda y la calidez de nuestra gente.\u201d<\/p>\n<p>La concejala de Turismo, Alejandra Mart\u00ednez, destac\u00f3 la importancia de esta promoci\u00f3n para atraer visitantes: \u201cQueremos que FITUR sea la ventana que muestre al mundo la esencia de Mula, un destino que combina naturaleza, historia y una oferta tur\u00edstica de calidad.\u201d<\/p>\n<p>El cartel y el programa de MulaFlor 2025 estar\u00e1n presentes en FITUR desde ma\u00f1ana, donde el Ayuntamiento dar\u00e1 a conocer no solo la Fiesta del Almendro en Flor, sino tambi\u00e9n otros atractivos tur\u00edsticos del municipio.<\/p>\n<p>&nbsp;<\/p>\n<p><a href=\"https:\/\/mula.es\/web\/wp-content\/uploads\/2025\/01\/9-1-scaled.jpg\"><img decoding=\"async\" data-attachment-id=\"57120\" data-permalink=\"https:\/\/mula.es\/web\/turismo-mula-presenta-mulaflor-2025-ante-medios-especializados-en-madrid-como-antesala-de-fitur\/9-20\/\" data-orig-file=\"https:\/\/mula.es\/web\/wp-content\/uploads\/2025\/01\/9-1-scaled.jpg\" data-orig-size=\"2560,1707\" data-comments-opened=\"0\" data-image-meta=\"{&quot;aperture&quot;:&quot;0&quot;,&quot;credit&quot;:&quot;&quot;,&quot;camera&quot;:&quot;&quot;,&quot;caption&quot;:&quot;&quot;,&quot;created_timestamp&quot;:&quot;0&quot;,&quot;copyright&quot;:&quot;&quot;,&quot;focal_length&quot;:&quot;0&quot;,&quot;iso&quot;:&quot;0&quot;,&quot;shutter_speed&quot;:&quot;0&quot;,&quot;title&quot;:&quot;&quot;,&quot;orientation&quot;:&quot;1&quot;}\" data-image-title=\"9\" data-image-description=\"\" data-image-caption=\"\" data-large-file=\"https:\/\/mula.es\/web\/wp-content\/uploads\/2025\/01\/9-1-1024x683.jpg\" class=\"alignnone size-medium wp-image-57120\" src=\"https:\/\/mula.es\/web\/wp-content\/uploads\/2025\/01\/9-1-300x200.jpg\" alt=\"\" width=\"300\" height=\"200\" srcset=\"https:\/\/mula.es\/web\/wp-content\/uploads\/2025\/01\/9-1-200x133.jpg 200w, https:\/\/mula.es\/web\/wp-content\/uploads\/2025\/01\/9-1-300x200.jpg 300w, https:\/\/mula.es\/web\/wp-content\/uploads\/2025\/01\/9-1-400x267.jpg 400w, https:\/\/mula.es\/web\/wp-content\/uploads\/2025\/01\/9-1-600x400.jpg 600w, https:\/\/mula.es\/web\/wp-content\/uploads\/2025\/01\/9-1-768x512.jpg 768w, https:\/\/mula.es\/web\/wp-content\/uploads\/2025\/01\/9-1-800x533.jpg 800w, https:\/\/mula.es\/web\/wp-content\/uploads\/2025\/01\/9-1-1024x683.jpg 1024w, https:\/\/mula.es\/web\/wp-content\/uploads\/2025\/01\/9-1-1200x800.jpg 1200w, https:\/\/mula.es\/web\/wp-content\/uploads\/2025\/01\/9-1-1536x1024.jpg 1536w\" sizes=\"(max-width: 300px) 100vw, 300px\" \/><\/a><\/p>\n","protected":false},"excerpt":{"rendered":"<p>NOTA DE PRENSA &#8211; 21 DE ENERO DE 2025 \u00a0 \u00a0 Mula presenta MulaFlor 2025 ante medios especializados en Madrid como antesala de FITUR El Ayuntamiento de Mula ha presentado hoy, en un encuentro con medios de comunicaci\u00f3n especializados celebrado en Madrid, el programa de actividades de MulaFlor 2025, la Fiesta del Almendro en Flor,  [&#8230;]<\/p>\n","protected":false},"author":13,"featured_media":33512,"comment_status":"closed","ping_status":"closed","sticky":false,"template":"","format":"standard","meta":{"jetpack_post_was_ever_published":false,"_jetpack_newsletter_access":"","_jetpack_dont_email_post_to_subs":false,"_jetpack_newsletter_tier_id":0,"_jetpack_memberships_contains_paywalled_content":false,"_jetpack_memberships_contains_paid_content":false,"footnotes":"","jetpack_publicize_message":"","jetpack_publicize_feature_enabled":true,"jetpack_social_post_already_shared":false,"jetpack_social_options":{"image_generator_settings":{"template":"highway","default_image_id":0,"font":"","enabled":false},"version":2}},"categories":[75],"tags":[],"class_list":["post-57111","post","type-post","status-publish","format-standard","has-post-thumbnail","hentry","category-turismo"],"yoast_head":"<!-- This site is optimized with the Yoast SEO plugin v27.5 - https:\/\/yoast.com\/product\/yoast-seo-wordpress\/ -->\n<title>TURISMO | Mula presenta MulaFlor 2025 ante medios especializados en Madrid como antesala de FITUR - Ayuntamiento de Mula<\/title>\n<meta name=\"description\" content=\"\u00c9xito Rotundo en la Gala de los Premios MulaFlor durante la II Feria Agr\u00edcola de Mula.\" \/>\n<meta name=\"robots\" content=\"index, follow, max-snippet:-1, max-image-preview:large, max-video-preview:-1\" \/>\n<link rel=\"canonical\" href=\"https:\/\/mula.es\/web\/turismo-mula-presenta-mulaflor-2025-ante-medios-especializados-en-madrid-como-antesala-de-fitur\/\" \/>\n<meta property=\"og:locale\" content=\"es_ES\" \/>\n<meta property=\"og:type\" content=\"article\" \/>\n<meta property=\"og:title\" content=\"TURISMO | Mula presenta MulaFlor 2025 ante medios especializados en Madrid como antesala de FITUR - Ayuntamiento de Mula\" \/>\n<meta property=\"og:description\" content=\"\u00c9xito Rotundo en la Gala de los Premios MulaFlor durante la II Feria Agr\u00edcola de Mula.\" \/>\n<meta property=\"og:url\" content=\"https:\/\/mula.es\/web\/turismo-mula-presenta-mulaflor-2025-ante-medios-especializados-en-madrid-como-antesala-de-fitur\/\" \/>\n<meta property=\"og:site_name\" content=\"Ayuntamiento de Mula\" \/>\n<meta property=\"article:published_time\" content=\"2025-01-21T16:29:49+00:00\" \/>\n<meta property=\"article:modified_time\" content=\"2025-01-21T16:55:10+00:00\" \/>\n<meta property=\"og:image\" content=\"https:\/\/mula.es\/web\/wp-content\/uploads\/2020\/06\/escudo-cuadrado-e1591045058235.jpg\" \/>\n\t<meta property=\"og:image:width\" content=\"200\" \/>\n\t<meta property=\"og:image:height\" content=\"218\" \/>\n\t<meta property=\"og:image:type\" content=\"image\/jpeg\" \/>\n<meta name=\"author\" content=\"Laura Salas Orcajada\" \/>\n<meta name=\"twitter:card\" content=\"summary_large_image\" \/>\n<meta name=\"twitter:creator\" content=\"@AyuntamientMula\" \/>\n<meta name=\"twitter:site\" content=\"@AyuntamientMula\" \/>\n<meta name=\"twitter:label1\" content=\"Escrito por\" \/>\n\t<meta name=\"twitter:data1\" content=\"Laura Salas Orcajada\" \/>\n\t<meta name=\"twitter:label2\" content=\"Tiempo de lectura\" \/>\n\t<meta name=\"twitter:data2\" content=\"3 minutos\" \/>\n<script type=\"application\/ld+json\" class=\"yoast-schema-graph\">{\"@context\":\"https:\\\/\\\/schema.org\",\"@graph\":[{\"@type\":\"Article\",\"@id\":\"https:\\\/\\\/mula.es\\\/web\\\/turismo-mula-presenta-mulaflor-2025-ante-medios-especializados-en-madrid-como-antesala-de-fitur\\\/#article\",\"isPartOf\":{\"@id\":\"https:\\\/\\\/mula.es\\\/web\\\/turismo-mula-presenta-mulaflor-2025-ante-medios-especializados-en-madrid-como-antesala-de-fitur\\\/\"},\"author\":{\"name\":\"Laura Salas Orcajada\",\"@id\":\"https:\\\/\\\/mula.es\\\/web\\\/#\\\/schema\\\/person\\\/4f10179bd364f40dceed361e61e4033f\"},\"headline\":\"TURISMO | Mula presenta MulaFlor 2025 ante medios especializados en Madrid como antesala de FITUR\",\"datePublished\":\"2025-01-21T16:29:49+00:00\",\"dateModified\":\"2025-01-21T16:55:10+00:00\",\"mainEntityOfPage\":{\"@id\":\"https:\\\/\\\/mula.es\\\/web\\\/turismo-mula-presenta-mulaflor-2025-ante-medios-especializados-en-madrid-como-antesala-de-fitur\\\/\"},\"wordCount\":396,\"image\":{\"@id\":\"https:\\\/\\\/mula.es\\\/web\\\/turismo-mula-presenta-mulaflor-2025-ante-medios-especializados-en-madrid-como-antesala-de-fitur\\\/#primaryimage\"},\"thumbnailUrl\":\"https:\\\/\\\/mula.es\\\/web\\\/wp-content\\\/uploads\\\/2020\\\/06\\\/escudo-cuadrado-e1591045058235.jpg\",\"articleSection\":[\"turismo\"],\"inLanguage\":\"es\"},{\"@type\":\"WebPage\",\"@id\":\"https:\\\/\\\/mula.es\\\/web\\\/turismo-mula-presenta-mulaflor-2025-ante-medios-especializados-en-madrid-como-antesala-de-fitur\\\/\",\"url\":\"https:\\\/\\\/mula.es\\\/web\\\/turismo-mula-presenta-mulaflor-2025-ante-medios-especializados-en-madrid-como-antesala-de-fitur\\\/\",\"name\":\"TURISMO | Mula presenta MulaFlor 2025 ante medios especializados en Madrid como antesala de FITUR - Ayuntamiento de Mula\",\"isPartOf\":{\"@id\":\"https:\\\/\\\/mula.es\\\/web\\\/#website\"},\"primaryImageOfPage\":{\"@id\":\"https:\\\/\\\/mula.es\\\/web\\\/turismo-mula-presenta-mulaflor-2025-ante-medios-especializados-en-madrid-como-antesala-de-fitur\\\/#primaryimage\"},\"image\":{\"@id\":\"https:\\\/\\\/mula.es\\\/web\\\/turismo-mula-presenta-mulaflor-2025-ante-medios-especializados-en-madrid-como-antesala-de-fitur\\\/#primaryimage\"},\"thumbnailUrl\":\"https:\\\/\\\/mula.es\\\/web\\\/wp-content\\\/uploads\\\/2020\\\/06\\\/escudo-cuadrado-e1591045058235.jpg\",\"datePublished\":\"2025-01-21T16:29:49+00:00\",\"dateModified\":\"2025-01-21T16:55:10+00:00\",\"author\":{\"@id\":\"https:\\\/\\\/mula.es\\\/web\\\/#\\\/schema\\\/person\\\/4f10179bd364f40dceed361e61e4033f\"},\"description\":\"\u00c9xito Rotundo en la Gala de los Premios MulaFlor durante la II Feria Agr\u00edcola de Mula.\",\"breadcrumb\":{\"@id\":\"https:\\\/\\\/mula.es\\\/web\\\/turismo-mula-presenta-mulaflor-2025-ante-medios-especializados-en-madrid-como-antesala-de-fitur\\\/#breadcrumb\"},\"inLanguage\":\"es\",\"potentialAction\":[{\"@type\":\"ReadAction\",\"target\":[\"https:\\\/\\\/mula.es\\\/web\\\/turismo-mula-presenta-mulaflor-2025-ante-medios-especializados-en-madrid-como-antesala-de-fitur\\\/\"]}]},{\"@type\":\"ImageObject\",\"inLanguage\":\"es\",\"@id\":\"https:\\\/\\\/mula.es\\\/web\\\/turismo-mula-presenta-mulaflor-2025-ante-medios-especializados-en-madrid-como-antesala-de-fitur\\\/#primaryimage\",\"url\":\"https:\\\/\\\/mula.es\\\/web\\\/wp-content\\\/uploads\\\/2020\\\/06\\\/escudo-cuadrado-e1591045058235.jpg\",\"contentUrl\":\"https:\\\/\\\/mula.es\\\/web\\\/wp-content\\\/uploads\\\/2020\\\/06\\\/escudo-cuadrado-e1591045058235.jpg\",\"width\":200,\"height\":218},{\"@type\":\"BreadcrumbList\",\"@id\":\"https:\\\/\\\/mula.es\\\/web\\\/turismo-mula-presenta-mulaflor-2025-ante-medios-especializados-en-madrid-como-antesala-de-fitur\\\/#breadcrumb\",\"itemListElement\":[{\"@type\":\"ListItem\",\"position\":1,\"name\":\"Portada\",\"item\":\"https:\\\/\\\/mula.es\\\/web\\\/\"},{\"@type\":\"ListItem\",\"position\":2,\"name\":\"TURISMO | Mula presenta MulaFlor 2025 ante medios especializados en Madrid como antesala de FITUR\"}]},{\"@type\":\"WebSite\",\"@id\":\"https:\\\/\\\/mula.es\\\/web\\\/#website\",\"url\":\"https:\\\/\\\/mula.es\\\/web\\\/\",\"name\":\"Ayuntamiento de Mula\",\"description\":\"P\u00e1gina web del Ayuntamiento de Mula (Regi\u00f3n de Murcia)\",\"potentialAction\":[{\"@type\":\"SearchAction\",\"target\":{\"@type\":\"EntryPoint\",\"urlTemplate\":\"https:\\\/\\\/mula.es\\\/web\\\/?s={search_term_string}\"},\"query-input\":{\"@type\":\"PropertyValueSpecification\",\"valueRequired\":true,\"valueName\":\"search_term_string\"}}],\"inLanguage\":\"es\"},{\"@type\":\"Person\",\"@id\":\"https:\\\/\\\/mula.es\\\/web\\\/#\\\/schema\\\/person\\\/4f10179bd364f40dceed361e61e4033f\",\"name\":\"Laura Salas Orcajada\",\"image\":{\"@type\":\"ImageObject\",\"inLanguage\":\"es\",\"@id\":\"https:\\\/\\\/secure.gravatar.com\\\/avatar\\\/786f2a223d9a455e2a448f78b5dcc1117207ef56ef3d9a04df338c0f775cd403?s=96&d=mm&r=g\",\"url\":\"https:\\\/\\\/secure.gravatar.com\\\/avatar\\\/786f2a223d9a455e2a448f78b5dcc1117207ef56ef3d9a04df338c0f775cd403?s=96&d=mm&r=g\",\"contentUrl\":\"https:\\\/\\\/secure.gravatar.com\\\/avatar\\\/786f2a223d9a455e2a448f78b5dcc1117207ef56ef3d9a04df338c0f775cd403?s=96&d=mm&r=g\",\"caption\":\"Laura Salas Orcajada\"},\"url\":\"https:\\\/\\\/mula.es\\\/web\\\/author\\\/lsalas\\\/\"}]}<\/script>\n<!-- \/ Yoast SEO plugin. -->","yoast_head_json":{"title":"TURISMO | Mula presenta MulaFlor 2025 ante medios especializados en Madrid como antesala de FITUR - Ayuntamiento de Mula","description":"\u00c9xito Rotundo en la Gala de los Premios MulaFlor durante la II Feria Agr\u00edcola de Mula.","robots":{"index":"index","follow":"follow","max-snippet":"max-snippet:-1","max-image-preview":"max-image-preview:large","max-video-preview":"max-video-preview:-1"},"canonical":"https:\/\/mula.es\/web\/turismo-mula-presenta-mulaflor-2025-ante-medios-especializados-en-madrid-como-antesala-de-fitur\/","og_locale":"es_ES","og_type":"article","og_title":"TURISMO | Mula presenta MulaFlor 2025 ante medios especializados en Madrid como antesala de FITUR - Ayuntamiento de Mula","og_description":"\u00c9xito Rotundo en la Gala de los Premios MulaFlor durante la II Feria Agr\u00edcola de Mula.","og_url":"https:\/\/mula.es\/web\/turismo-mula-presenta-mulaflor-2025-ante-medios-especializados-en-madrid-como-antesala-de-fitur\/","og_site_name":"Ayuntamiento de Mula","article_published_time":"2025-01-21T16:29:49+00:00","article_modified_time":"2025-01-21T16:55:10+00:00","og_image":[{"width":200,"height":218,"url":"https:\/\/mula.es\/web\/wp-content\/uploads\/2020\/06\/escudo-cuadrado-e1591045058235.jpg","type":"image\/jpeg"}],"author":"Laura Salas Orcajada","twitter_card":"summary_large_image","twitter_creator":"@AyuntamientMula","twitter_site":"@AyuntamientMula","twitter_misc":{"Escrito por":"Laura Salas Orcajada","Tiempo de lectura":"3 minutos"},"schema":{"@context":"https:\/\/schema.org","@graph":[{"@type":"Article","@id":"https:\/\/mula.es\/web\/turismo-mula-presenta-mulaflor-2025-ante-medios-especializados-en-madrid-como-antesala-de-fitur\/#article","isPartOf":{"@id":"https:\/\/mula.es\/web\/turismo-mula-presenta-mulaflor-2025-ante-medios-especializados-en-madrid-como-antesala-de-fitur\/"},"author":{"name":"Laura Salas Orcajada","@id":"https:\/\/mula.es\/web\/#\/schema\/person\/4f10179bd364f40dceed361e61e4033f"},"headline":"TURISMO | Mula presenta MulaFlor 2025 ante medios especializados en Madrid como antesala de FITUR","datePublished":"2025-01-21T16:29:49+00:00","dateModified":"2025-01-21T16:55:10+00:00","mainEntityOfPage":{"@id":"https:\/\/mula.es\/web\/turismo-mula-presenta-mulaflor-2025-ante-medios-especializados-en-madrid-como-antesala-de-fitur\/"},"wordCount":396,"image":{"@id":"https:\/\/mula.es\/web\/turismo-mula-presenta-mulaflor-2025-ante-medios-especializados-en-madrid-como-antesala-de-fitur\/#primaryimage"},"thumbnailUrl":"https:\/\/mula.es\/web\/wp-content\/uploads\/2020\/06\/escudo-cuadrado-e1591045058235.jpg","articleSection":["turismo"],"inLanguage":"es"},{"@type":"WebPage","@id":"https:\/\/mula.es\/web\/turismo-mula-presenta-mulaflor-2025-ante-medios-especializados-en-madrid-como-antesala-de-fitur\/","url":"https:\/\/mula.es\/web\/turismo-mula-presenta-mulaflor-2025-ante-medios-especializados-en-madrid-como-antesala-de-fitur\/","name":"TURISMO | Mula presenta MulaFlor 2025 ante medios especializados en Madrid como antesala de FITUR - Ayuntamiento de Mula","isPartOf":{"@id":"https:\/\/mula.es\/web\/#website"},"primaryImageOfPage":{"@id":"https:\/\/mula.es\/web\/turismo-mula-presenta-mulaflor-2025-ante-medios-especializados-en-madrid-como-antesala-de-fitur\/#primaryimage"},"image":{"@id":"https:\/\/mula.es\/web\/turismo-mula-presenta-mulaflor-2025-ante-medios-especializados-en-madrid-como-antesala-de-fitur\/#primaryimage"},"thumbnailUrl":"https:\/\/mula.es\/web\/wp-content\/uploads\/2020\/06\/escudo-cuadrado-e1591045058235.jpg","datePublished":"2025-01-21T16:29:49+00:00","dateModified":"2025-01-21T16:55:10+00:00","author":{"@id":"https:\/\/mula.es\/web\/#\/schema\/person\/4f10179bd364f40dceed361e61e4033f"},"description":"\u00c9xito Rotundo en la Gala de los Premios MulaFlor durante la II Feria Agr\u00edcola de Mula.","breadcrumb":{"@id":"https:\/\/mula.es\/web\/turismo-mula-presenta-mulaflor-2025-ante-medios-especializados-en-madrid-como-antesala-de-fitur\/#breadcrumb"},"inLanguage":"es","potentialAction":[{"@type":"ReadAction","target":["https:\/\/mula.es\/web\/turismo-mula-presenta-mulaflor-2025-ante-medios-especializados-en-madrid-como-antesala-de-fitur\/"]}]},{"@type":"ImageObject","inLanguage":"es","@id":"https:\/\/mula.es\/web\/turismo-mula-presenta-mulaflor-2025-ante-medios-especializados-en-madrid-como-antesala-de-fitur\/#primaryimage","url":"https:\/\/mula.es\/web\/wp-content\/uploads\/2020\/06\/escudo-cuadrado-e1591045058235.jpg","contentUrl":"https:\/\/mula.es\/web\/wp-content\/uploads\/2020\/06\/escudo-cuadrado-e1591045058235.jpg","width":200,"height":218},{"@type":"BreadcrumbList","@id":"https:\/\/mula.es\/web\/turismo-mula-presenta-mulaflor-2025-ante-medios-especializados-en-madrid-como-antesala-de-fitur\/#breadcrumb","itemListElement":[{"@type":"ListItem","position":1,"name":"Portada","item":"https:\/\/mula.es\/web\/"},{"@type":"ListItem","position":2,"name":"TURISMO | Mula presenta MulaFlor 2025 ante medios especializados en Madrid como antesala de FITUR"}]},{"@type":"WebSite","@id":"https:\/\/mula.es\/web\/#website","url":"https:\/\/mula.es\/web\/","name":"Ayuntamiento de Mula","description":"P\u00e1gina web del Ayuntamiento de Mula (Regi\u00f3n de Murcia)","potentialAction":[{"@type":"SearchAction","target":{"@type":"EntryPoint","urlTemplate":"https:\/\/mula.es\/web\/?s={search_term_string}"},"query-input":{"@type":"PropertyValueSpecification","valueRequired":true,"valueName":"search_term_string"}}],"inLanguage":"es"},{"@type":"Person","@id":"https:\/\/mula.es\/web\/#\/schema\/person\/4f10179bd364f40dceed361e61e4033f","name":"Laura Salas Orcajada","image":{"@type":"ImageObject","inLanguage":"es","@id":"https:\/\/secure.gravatar.com\/avatar\/786f2a223d9a455e2a448f78b5dcc1117207ef56ef3d9a04df338c0f775cd403?s=96&d=mm&r=g","url":"https:\/\/secure.gravatar.com\/avatar\/786f2a223d9a455e2a448f78b5dcc1117207ef56ef3d9a04df338c0f775cd403?s=96&d=mm&r=g","contentUrl":"https:\/\/secure.gravatar.com\/avatar\/786f2a223d9a455e2a448f78b5dcc1117207ef56ef3d9a04df338c0f775cd403?s=96&d=mm&r=g","caption":"Laura Salas Orcajada"},"url":"https:\/\/mula.es\/web\/author\/lsalas\/"}]}},"jetpack_publicize_connections":[],"jetpack_featured_media_url":"https:\/\/mula.es\/web\/wp-content\/uploads\/2020\/06\/escudo-cuadrado-e1591045058235.jpg","jetpack_sharing_enabled":true,"jetpack_shortlink":"https:\/\/wp.me\/pa9DMY-eR9","jetpack-related-posts":[],"_links":{"self":[{"href":"https:\/\/mula.es\/web\/wp-json\/wp\/v2\/posts\/57111","targetHints":{"allow":["GET"]}}],"collection":[{"href":"https:\/\/mula.es\/web\/wp-json\/wp\/v2\/posts"}],"about":[{"href":"https:\/\/mula.es\/web\/wp-json\/wp\/v2\/types\/post"}],"author":[{"embeddable":true,"href":"https:\/\/mula.es\/web\/wp-json\/wp\/v2\/users\/13"}],"replies":[{"embeddable":true,"href":"https:\/\/mula.es\/web\/wp-json\/wp\/v2\/comments?post=57111"}],"version-history":[{"count":1,"href":"https:\/\/mula.es\/web\/wp-json\/wp\/v2\/posts\/57111\/revisions"}],"predecessor-version":[{"id":57121,"href":"https:\/\/mula.es\/web\/wp-json\/wp\/v2\/posts\/57111\/revisions\/57121"}],"wp:featuredmedia":[{"embeddable":true,"href":"https:\/\/mula.es\/web\/wp-json\/wp\/v2\/media\/33512"}],"wp:attachment":[{"href":"https:\/\/mula.es\/web\/wp-json\/wp\/v2\/media?parent=57111"}],"wp:term":[{"taxonomy":"category","embeddable":true,"href":"https:\/\/mula.es\/web\/wp-json\/wp\/v2\/categories?post=57111"},{"taxonomy":"post_tag","embeddable":true,"href":"https:\/\/mula.es\/web\/wp-json\/wp\/v2\/tags?post=57111"}],"curies":[{"name":"wp","href":"https:\/\/api.w.org\/{rel}","templated":true}]}}