{"id":57239,"date":"2025-02-02T17:00:56","date_gmt":"2025-02-02T16:00:56","guid":{"rendered":"https:\/\/mula.es\/web\/?p=57239"},"modified":"2025-02-02T17:00:56","modified_gmt":"2025-02-02T16:00:56","slug":"seguridad-ciudadana-mula-rinde-homenaje-a-su-policia-local-en-el-dia-de-su-patron-san-blas","status":"publish","type":"post","link":"https:\/\/mula.es\/web\/seguridad-ciudadana-mula-rinde-homenaje-a-su-policia-local-en-el-dia-de-su-patron-san-blas\/","title":{"rendered":"SEGURIDAD CIUDADANA | Mula rinde homenaje a su Polic\u00eda Local en el d\u00eda de su patr\u00f3n, San Blas"},"content":{"rendered":"<p><strong>NOTA DE PRENSA &#8211; 2 DE FEBRERO DE 2025<\/strong><\/p>\n<p><strong>\u00a0<\/strong><\/p>\n<h2><strong>Mula rinde homenaje a su Polic\u00eda Local en el d\u00eda de su patr\u00f3n, San Blas<\/strong><\/h2>\n<p>&nbsp;<\/p>\n<p>Hoy ha tenido lugar un emotivo acto en honor a la Polic\u00eda Local de Mula, con motivo de la festividad de su patr\u00f3n, San Blas. El evento, que ha contado con la asistencia del alcalde de Mula, Juan Jes\u00fas Moreno, el director general de Emergencias, Pedro Vicente Mart\u00ednez, miembros de la corporaci\u00f3n municipal, fuerzas y cuerpos de seguridad del Estado, y voluntarios de Protecci\u00f3n Civil, ha puesto en valor la importante labor que desempe\u00f1a la Polic\u00eda Local para garantizar la seguridad y el bienestar de los ciudadanos.<\/p>\n<p>Durante el acto, se record\u00f3 a los polic\u00edas que ya no est\u00e1n entre nosotros, rindiendo homenaje a su entrega y dedicaci\u00f3n. Sus familias recibieron palabras de reconocimiento en este d\u00eda tan especial. Posteriormente, se celebr\u00f3 una solemne misa en la Iglesia de San Miguel, donde se entregaron diversas condecoraciones a agentes, colaboradores y entidades que han destacado por su labor y compromiso.<\/p>\n<p>El alcalde, Juan Jes\u00fas Moreno, destac\u00f3 en su intervenci\u00f3n: \u201cLa Polic\u00eda Local es el pilar m\u00e1s cercano a nuestros vecinos, el primer recurso al que recurren ante cualquier problema. Su encomiable labor no solo garantiza nuestra seguridad, sino que tambi\u00e9n refuerza la confianza y tranquilidad de nuestra ciudadan\u00eda. Nos sentimos profundamente orgullosos de contar con un cuerpo tan comprometido y preparado.\u201d<\/p>\n<p>El cuerpo de la Polic\u00eda Local de Mula cuenta actualmente con 31 efectivos distribuidos en diferentes \u00e1reas, como la unidad canina, la unidad de dron, el agente tutor y de educaci\u00f3n vial, y la sala de videovigilancia, asegurando una respuesta eficaz y adaptada a las necesidades de la poblaci\u00f3n.<\/p>\n<p>Durante el acto de homenaje celebrado hoy, se han otorgado distinciones a un amplio grupo de personas y entidades por su dedicaci\u00f3n y contribuci\u00f3n a la seguridad y bienestar de Mula. Entre los agentes de la Polic\u00eda Local destacados se encuentran Luis Miguel Arjona Imbern\u00f3n (Agente Jefe de Servicio), Francisco Jes\u00fas Fajardo S\u00e1nchez (Agente), Antonio L\u00f3pez L\u00f3pez (Agente Jefe de Servicio), Alberto Bernab\u00e9u Conesa (Agente Jefe de Servicio), V\u00edctor Manuel Garc\u00eda Herranz (Agente Tutor), Sergio Hern\u00e1ndez Alacid (Unidad Dron), Marina Mar\u00eda Alcaraz Mill\u00e1n (Unidad Canina), Juan Mat\u00edas Garc\u00eda Esp\u00edn (Agente de Sala) y M\u00aa Dolores C\u00f3rdoba C\u00e1novas (Agente).<\/p>\n<p>Por su implicaci\u00f3n profesional a Jose Antonio Jover Pinar (Brigada-Comandante Puesto Guardia Civil de Mula), Antonio L\u00f3pez Berm\u00fadez (Cabo 1\u00ba del puesto Guardia Civil de Mula), Jos\u00e9 Antonio Abril Abril (Subinspector de la Polic\u00eda Local de Mula), Pedro L\u00f3pez Marquez (Subinspector).<\/p>\n<p>Asimismo, se otorg\u00f3 una Distinci\u00f3n Honor\u00edfica al comisario Fidel Bedia Castillo y al comisario honor\u00edfico Santiago Andreu Ponce.<\/p>\n<p>Adem\u00e1s, se reconoci\u00f3 la labor de profesionales de la Mancomunidad de Servicios Sociales, como Paula Espinosa Bayona (Trabajadora Social), Mar\u00eda Dolores S\u00e1nchez Moreno (Psic\u00f3loga), Marta Boluda Aguilar (Educadora Social) y Nuria Gil Moya (Trabajadora Social). Tambi\u00e9n fueron homenajeados Pedro Jos\u00e9 Buend\u00eda Fern\u00e1ndez (presidente de Protecci\u00f3n Civil de Mula), Miguel P\u00e1ez Buend\u00eda (Gerente de Transportes P\u00e1ez) y Andr\u00e9s Mart\u00ednez Puche (Conductor de gr\u00faa), junto a los directores de los colegios CEIP Anita Arnao, Santa Clara, Florentina Bayona y Cristo Crucificado por su colaboraci\u00f3n en iniciativas de seguridad vial. Este reconocimiento destaca el esfuerzo colectivo por hacer de Mula un municipio m\u00e1s seguro y comprometido con su ciudadan\u00eda.<\/p>\n<p>El inspector jefe, Salvador Mart\u00ednez, agradeci\u00f3 la colaboraci\u00f3n de los agentes, el personal de mantenimiento, los trabajadores de la Mancomunidad de Servicios Sociales, Protecci\u00f3n Civil y la Guardia Civil, as\u00ed como a la corporaci\u00f3n municipal y el equipo de gobierno, destacando las mejoras realizadas en los \u00faltimos a\u00f1os, como el aumento de la plantilla y la reforma de sus instalaciones.<\/p>\n<p>El Ayuntamiento de Mula felicita a sus agentes en este d\u00eda y continuar\u00e1 apostando por las iniciativas y recursos que fortalezcan la seguridad y el bienestar de todos los mule\u00f1os y mule\u00f1as.<\/p>\n<p>&nbsp;<\/p>\n<p><a href=\"https:\/\/mula.es\/web\/wp-content\/uploads\/2025\/02\/1-scaled.jpg\"><img decoding=\"async\" data-attachment-id=\"57240\" data-permalink=\"https:\/\/mula.es\/web\/seguridad-ciudadana-mula-rinde-homenaje-a-su-policia-local-en-el-dia-de-su-patron-san-blas\/1-200\/\" data-orig-file=\"https:\/\/mula.es\/web\/wp-content\/uploads\/2025\/02\/1-scaled.jpg\" data-orig-size=\"2560,1707\" data-comments-opened=\"0\" data-image-meta=\"{&quot;aperture&quot;:&quot;0&quot;,&quot;credit&quot;:&quot;&quot;,&quot;camera&quot;:&quot;&quot;,&quot;caption&quot;:&quot;&quot;,&quot;created_timestamp&quot;:&quot;0&quot;,&quot;copyright&quot;:&quot;&quot;,&quot;focal_length&quot;:&quot;0&quot;,&quot;iso&quot;:&quot;0&quot;,&quot;shutter_speed&quot;:&quot;0&quot;,&quot;title&quot;:&quot;&quot;,&quot;orientation&quot;:&quot;1&quot;}\" data-image-title=\"1\" data-image-description=\"\" data-image-caption=\"\" data-large-file=\"https:\/\/mula.es\/web\/wp-content\/uploads\/2025\/02\/1-1024x683.jpg\" class=\"alignnone size-medium wp-image-57240\" src=\"https:\/\/mula.es\/web\/wp-content\/uploads\/2025\/02\/1-300x200.jpg\" alt=\"\" width=\"300\" height=\"200\" srcset=\"https:\/\/mula.es\/web\/wp-content\/uploads\/2025\/02\/1-200x133.jpg 200w, https:\/\/mula.es\/web\/wp-content\/uploads\/2025\/02\/1-300x200.jpg 300w, https:\/\/mula.es\/web\/wp-content\/uploads\/2025\/02\/1-400x267.jpg 400w, https:\/\/mula.es\/web\/wp-content\/uploads\/2025\/02\/1-600x400.jpg 600w, https:\/\/mula.es\/web\/wp-content\/uploads\/2025\/02\/1-768x512.jpg 768w, https:\/\/mula.es\/web\/wp-content\/uploads\/2025\/02\/1-800x533.jpg 800w, https:\/\/mula.es\/web\/wp-content\/uploads\/2025\/02\/1-1024x683.jpg 1024w, https:\/\/mula.es\/web\/wp-content\/uploads\/2025\/02\/1-1200x800.jpg 1200w, https:\/\/mula.es\/web\/wp-content\/uploads\/2025\/02\/1-1536x1024.jpg 1536w\" sizes=\"(max-width: 300px) 100vw, 300px\" \/><\/a> <a href=\"https:\/\/mula.es\/web\/wp-content\/uploads\/2025\/02\/2-scaled.jpg\"><img decoding=\"async\" data-attachment-id=\"57241\" data-permalink=\"https:\/\/mula.es\/web\/seguridad-ciudadana-mula-rinde-homenaje-a-su-policia-local-en-el-dia-de-su-patron-san-blas\/2-190\/\" data-orig-file=\"https:\/\/mula.es\/web\/wp-content\/uploads\/2025\/02\/2-scaled.jpg\" data-orig-size=\"2560,1707\" data-comments-opened=\"0\" data-image-meta=\"{&quot;aperture&quot;:&quot;0&quot;,&quot;credit&quot;:&quot;&quot;,&quot;camera&quot;:&quot;&quot;,&quot;caption&quot;:&quot;&quot;,&quot;created_timestamp&quot;:&quot;0&quot;,&quot;copyright&quot;:&quot;&quot;,&quot;focal_length&quot;:&quot;0&quot;,&quot;iso&quot;:&quot;0&quot;,&quot;shutter_speed&quot;:&quot;0&quot;,&quot;title&quot;:&quot;&quot;,&quot;orientation&quot;:&quot;1&quot;}\" data-image-title=\"2\" data-image-description=\"\" data-image-caption=\"\" data-large-file=\"https:\/\/mula.es\/web\/wp-content\/uploads\/2025\/02\/2-1024x683.jpg\" class=\"alignnone size-medium wp-image-57241\" src=\"https:\/\/mula.es\/web\/wp-content\/uploads\/2025\/02\/2-300x200.jpg\" alt=\"\" width=\"300\" height=\"200\" srcset=\"https:\/\/mula.es\/web\/wp-content\/uploads\/2025\/02\/2-200x133.jpg 200w, https:\/\/mula.es\/web\/wp-content\/uploads\/2025\/02\/2-300x200.jpg 300w, https:\/\/mula.es\/web\/wp-content\/uploads\/2025\/02\/2-400x267.jpg 400w, https:\/\/mula.es\/web\/wp-content\/uploads\/2025\/02\/2-600x400.jpg 600w, https:\/\/mula.es\/web\/wp-content\/uploads\/2025\/02\/2-768x512.jpg 768w, https:\/\/mula.es\/web\/wp-content\/uploads\/2025\/02\/2-800x533.jpg 800w, https:\/\/mula.es\/web\/wp-content\/uploads\/2025\/02\/2-1024x683.jpg 1024w, https:\/\/mula.es\/web\/wp-content\/uploads\/2025\/02\/2-1200x800.jpg 1200w, https:\/\/mula.es\/web\/wp-content\/uploads\/2025\/02\/2-1536x1024.jpg 1536w\" sizes=\"(max-width: 300px) 100vw, 300px\" \/><\/a><\/p>\n","protected":false},"excerpt":{"rendered":"<p>NOTA DE PRENSA &#8211; 2 DE FEBRERO DE 2025 \u00a0 Mula rinde homenaje a su Polic\u00eda Local en el d\u00eda de su patr\u00f3n, San Blas &nbsp; Hoy ha tenido lugar un emotivo acto en honor a la Polic\u00eda Local de Mula, con motivo de la festividad de su patr\u00f3n, San Blas. El evento, que ha  [&#8230;]<\/p>\n","protected":false},"author":13,"featured_media":33512,"comment_status":"closed","ping_status":"closed","sticky":false,"template":"","format":"standard","meta":{"jetpack_post_was_ever_published":false,"_jetpack_newsletter_access":"","_jetpack_dont_email_post_to_subs":false,"_jetpack_newsletter_tier_id":0,"_jetpack_memberships_contains_paywalled_content":false,"_jetpack_memberships_contains_paid_content":false,"footnotes":"","jetpack_publicize_message":"","jetpack_publicize_feature_enabled":true,"jetpack_social_post_already_shared":false,"jetpack_social_options":{"image_generator_settings":{"template":"highway","default_image_id":0,"font":"","enabled":false},"version":2}},"categories":[130],"tags":[],"class_list":["post-57239","post","type-post","status-publish","format-standard","has-post-thumbnail","hentry","category-seguridad-ciudadana"],"yoast_head":"<!-- This site is optimized with the Yoast SEO plugin v27.5 - https:\/\/yoast.com\/product\/yoast-seo-wordpress\/ -->\n<title>SEGURIDAD CIUDADANA | Mula rinde homenaje a su Polic\u00eda Local en el d\u00eda de su patr\u00f3n, San Blas - Ayuntamiento de Mula<\/title>\n<meta name=\"robots\" content=\"index, follow, max-snippet:-1, max-image-preview:large, max-video-preview:-1\" \/>\n<link rel=\"canonical\" href=\"https:\/\/mula.es\/web\/seguridad-ciudadana-mula-rinde-homenaje-a-su-policia-local-en-el-dia-de-su-patron-san-blas\/\" \/>\n<meta property=\"og:locale\" content=\"es_ES\" \/>\n<meta property=\"og:type\" content=\"article\" \/>\n<meta property=\"og:title\" content=\"SEGURIDAD CIUDADANA | Mula rinde homenaje a su Polic\u00eda Local en el d\u00eda de su patr\u00f3n, San Blas - Ayuntamiento de Mula\" \/>\n<meta property=\"og:description\" content=\"NOTA DE PRENSA &#8211; 2 DE FEBRERO DE 2025 \u00a0 Mula rinde homenaje a su Polic\u00eda Local en el d\u00eda de su patr\u00f3n, San Blas &nbsp; Hoy ha tenido lugar un emotivo acto en honor a la Polic\u00eda Local de Mula, con motivo de la festividad de su patr\u00f3n, San Blas. El evento, que ha [...]\" \/>\n<meta property=\"og:url\" content=\"https:\/\/mula.es\/web\/seguridad-ciudadana-mula-rinde-homenaje-a-su-policia-local-en-el-dia-de-su-patron-san-blas\/\" \/>\n<meta property=\"og:site_name\" content=\"Ayuntamiento de Mula\" \/>\n<meta property=\"article:published_time\" content=\"2025-02-02T16:00:56+00:00\" \/>\n<meta property=\"og:image\" content=\"https:\/\/mula.es\/web\/wp-content\/uploads\/2020\/06\/escudo-cuadrado-e1591045058235.jpg\" \/>\n\t<meta property=\"og:image:width\" content=\"200\" \/>\n\t<meta property=\"og:image:height\" content=\"218\" \/>\n\t<meta property=\"og:image:type\" content=\"image\/jpeg\" \/>\n<meta name=\"author\" content=\"Laura Salas Orcajada\" \/>\n<meta name=\"twitter:card\" content=\"summary_large_image\" \/>\n<meta name=\"twitter:creator\" content=\"@AyuntamientMula\" \/>\n<meta name=\"twitter:site\" content=\"@AyuntamientMula\" \/>\n<meta name=\"twitter:label1\" content=\"Escrito por\" \/>\n\t<meta name=\"twitter:data1\" content=\"Laura Salas Orcajada\" \/>\n\t<meta name=\"twitter:label2\" content=\"Tiempo de lectura\" \/>\n\t<meta name=\"twitter:data2\" content=\"2 minutos\" \/>\n<script type=\"application\/ld+json\" class=\"yoast-schema-graph\">{\"@context\":\"https:\\\/\\\/schema.org\",\"@graph\":[{\"@type\":\"Article\",\"@id\":\"https:\\\/\\\/mula.es\\\/web\\\/seguridad-ciudadana-mula-rinde-homenaje-a-su-policia-local-en-el-dia-de-su-patron-san-blas\\\/#article\",\"isPartOf\":{\"@id\":\"https:\\\/\\\/mula.es\\\/web\\\/seguridad-ciudadana-mula-rinde-homenaje-a-su-policia-local-en-el-dia-de-su-patron-san-blas\\\/\"},\"author\":{\"name\":\"Laura Salas Orcajada\",\"@id\":\"https:\\\/\\\/mula.es\\\/web\\\/#\\\/schema\\\/person\\\/4f10179bd364f40dceed361e61e4033f\"},\"headline\":\"SEGURIDAD CIUDADANA | Mula rinde homenaje a su Polic\u00eda Local en el d\u00eda de su patr\u00f3n, San Blas\",\"datePublished\":\"2025-02-02T16:00:56+00:00\",\"mainEntityOfPage\":{\"@id\":\"https:\\\/\\\/mula.es\\\/web\\\/seguridad-ciudadana-mula-rinde-homenaje-a-su-policia-local-en-el-dia-de-su-patron-san-blas\\\/\"},\"wordCount\":732,\"image\":{\"@id\":\"https:\\\/\\\/mula.es\\\/web\\\/seguridad-ciudadana-mula-rinde-homenaje-a-su-policia-local-en-el-dia-de-su-patron-san-blas\\\/#primaryimage\"},\"thumbnailUrl\":\"https:\\\/\\\/mula.es\\\/web\\\/wp-content\\\/uploads\\\/2020\\\/06\\\/escudo-cuadrado-e1591045058235.jpg\",\"articleSection\":[\"seguridad ciudadana\"],\"inLanguage\":\"es\"},{\"@type\":\"WebPage\",\"@id\":\"https:\\\/\\\/mula.es\\\/web\\\/seguridad-ciudadana-mula-rinde-homenaje-a-su-policia-local-en-el-dia-de-su-patron-san-blas\\\/\",\"url\":\"https:\\\/\\\/mula.es\\\/web\\\/seguridad-ciudadana-mula-rinde-homenaje-a-su-policia-local-en-el-dia-de-su-patron-san-blas\\\/\",\"name\":\"SEGURIDAD CIUDADANA | Mula rinde homenaje a su Polic\u00eda Local en el d\u00eda de su patr\u00f3n, San Blas - Ayuntamiento de Mula\",\"isPartOf\":{\"@id\":\"https:\\\/\\\/mula.es\\\/web\\\/#website\"},\"primaryImageOfPage\":{\"@id\":\"https:\\\/\\\/mula.es\\\/web\\\/seguridad-ciudadana-mula-rinde-homenaje-a-su-policia-local-en-el-dia-de-su-patron-san-blas\\\/#primaryimage\"},\"image\":{\"@id\":\"https:\\\/\\\/mula.es\\\/web\\\/seguridad-ciudadana-mula-rinde-homenaje-a-su-policia-local-en-el-dia-de-su-patron-san-blas\\\/#primaryimage\"},\"thumbnailUrl\":\"https:\\\/\\\/mula.es\\\/web\\\/wp-content\\\/uploads\\\/2020\\\/06\\\/escudo-cuadrado-e1591045058235.jpg\",\"datePublished\":\"2025-02-02T16:00:56+00:00\",\"author\":{\"@id\":\"https:\\\/\\\/mula.es\\\/web\\\/#\\\/schema\\\/person\\\/4f10179bd364f40dceed361e61e4033f\"},\"breadcrumb\":{\"@id\":\"https:\\\/\\\/mula.es\\\/web\\\/seguridad-ciudadana-mula-rinde-homenaje-a-su-policia-local-en-el-dia-de-su-patron-san-blas\\\/#breadcrumb\"},\"inLanguage\":\"es\",\"potentialAction\":[{\"@type\":\"ReadAction\",\"target\":[\"https:\\\/\\\/mula.es\\\/web\\\/seguridad-ciudadana-mula-rinde-homenaje-a-su-policia-local-en-el-dia-de-su-patron-san-blas\\\/\"]}]},{\"@type\":\"ImageObject\",\"inLanguage\":\"es\",\"@id\":\"https:\\\/\\\/mula.es\\\/web\\\/seguridad-ciudadana-mula-rinde-homenaje-a-su-policia-local-en-el-dia-de-su-patron-san-blas\\\/#primaryimage\",\"url\":\"https:\\\/\\\/mula.es\\\/web\\\/wp-content\\\/uploads\\\/2020\\\/06\\\/escudo-cuadrado-e1591045058235.jpg\",\"contentUrl\":\"https:\\\/\\\/mula.es\\\/web\\\/wp-content\\\/uploads\\\/2020\\\/06\\\/escudo-cuadrado-e1591045058235.jpg\",\"width\":200,\"height\":218},{\"@type\":\"BreadcrumbList\",\"@id\":\"https:\\\/\\\/mula.es\\\/web\\\/seguridad-ciudadana-mula-rinde-homenaje-a-su-policia-local-en-el-dia-de-su-patron-san-blas\\\/#breadcrumb\",\"itemListElement\":[{\"@type\":\"ListItem\",\"position\":1,\"name\":\"Portada\",\"item\":\"https:\\\/\\\/mula.es\\\/web\\\/\"},{\"@type\":\"ListItem\",\"position\":2,\"name\":\"SEGURIDAD CIUDADANA | Mula rinde homenaje a su Polic\u00eda Local en el d\u00eda de su patr\u00f3n, San Blas\"}]},{\"@type\":\"WebSite\",\"@id\":\"https:\\\/\\\/mula.es\\\/web\\\/#website\",\"url\":\"https:\\\/\\\/mula.es\\\/web\\\/\",\"name\":\"Ayuntamiento de Mula\",\"description\":\"P\u00e1gina web del Ayuntamiento de Mula (Regi\u00f3n de Murcia)\",\"potentialAction\":[{\"@type\":\"SearchAction\",\"target\":{\"@type\":\"EntryPoint\",\"urlTemplate\":\"https:\\\/\\\/mula.es\\\/web\\\/?s={search_term_string}\"},\"query-input\":{\"@type\":\"PropertyValueSpecification\",\"valueRequired\":true,\"valueName\":\"search_term_string\"}}],\"inLanguage\":\"es\"},{\"@type\":\"Person\",\"@id\":\"https:\\\/\\\/mula.es\\\/web\\\/#\\\/schema\\\/person\\\/4f10179bd364f40dceed361e61e4033f\",\"name\":\"Laura Salas Orcajada\",\"image\":{\"@type\":\"ImageObject\",\"inLanguage\":\"es\",\"@id\":\"https:\\\/\\\/secure.gravatar.com\\\/avatar\\\/786f2a223d9a455e2a448f78b5dcc1117207ef56ef3d9a04df338c0f775cd403?s=96&d=mm&r=g\",\"url\":\"https:\\\/\\\/secure.gravatar.com\\\/avatar\\\/786f2a223d9a455e2a448f78b5dcc1117207ef56ef3d9a04df338c0f775cd403?s=96&d=mm&r=g\",\"contentUrl\":\"https:\\\/\\\/secure.gravatar.com\\\/avatar\\\/786f2a223d9a455e2a448f78b5dcc1117207ef56ef3d9a04df338c0f775cd403?s=96&d=mm&r=g\",\"caption\":\"Laura Salas Orcajada\"},\"url\":\"https:\\\/\\\/mula.es\\\/web\\\/author\\\/lsalas\\\/\"}]}<\/script>\n<!-- \/ Yoast SEO plugin. -->","yoast_head_json":{"title":"SEGURIDAD CIUDADANA | Mula rinde homenaje a su Polic\u00eda Local en el d\u00eda de su patr\u00f3n, San Blas - Ayuntamiento de Mula","robots":{"index":"index","follow":"follow","max-snippet":"max-snippet:-1","max-image-preview":"max-image-preview:large","max-video-preview":"max-video-preview:-1"},"canonical":"https:\/\/mula.es\/web\/seguridad-ciudadana-mula-rinde-homenaje-a-su-policia-local-en-el-dia-de-su-patron-san-blas\/","og_locale":"es_ES","og_type":"article","og_title":"SEGURIDAD CIUDADANA | Mula rinde homenaje a su Polic\u00eda Local en el d\u00eda de su patr\u00f3n, San Blas - Ayuntamiento de Mula","og_description":"NOTA DE PRENSA &#8211; 2 DE FEBRERO DE 2025 \u00a0 Mula rinde homenaje a su Polic\u00eda Local en el d\u00eda de su patr\u00f3n, San Blas &nbsp; Hoy ha tenido lugar un emotivo acto en honor a la Polic\u00eda Local de Mula, con motivo de la festividad de su patr\u00f3n, San Blas. El evento, que ha [...]","og_url":"https:\/\/mula.es\/web\/seguridad-ciudadana-mula-rinde-homenaje-a-su-policia-local-en-el-dia-de-su-patron-san-blas\/","og_site_name":"Ayuntamiento de Mula","article_published_time":"2025-02-02T16:00:56+00:00","og_image":[{"width":200,"height":218,"url":"https:\/\/mula.es\/web\/wp-content\/uploads\/2020\/06\/escudo-cuadrado-e1591045058235.jpg","type":"image\/jpeg"}],"author":"Laura Salas Orcajada","twitter_card":"summary_large_image","twitter_creator":"@AyuntamientMula","twitter_site":"@AyuntamientMula","twitter_misc":{"Escrito por":"Laura Salas Orcajada","Tiempo de lectura":"2 minutos"},"schema":{"@context":"https:\/\/schema.org","@graph":[{"@type":"Article","@id":"https:\/\/mula.es\/web\/seguridad-ciudadana-mula-rinde-homenaje-a-su-policia-local-en-el-dia-de-su-patron-san-blas\/#article","isPartOf":{"@id":"https:\/\/mula.es\/web\/seguridad-ciudadana-mula-rinde-homenaje-a-su-policia-local-en-el-dia-de-su-patron-san-blas\/"},"author":{"name":"Laura Salas Orcajada","@id":"https:\/\/mula.es\/web\/#\/schema\/person\/4f10179bd364f40dceed361e61e4033f"},"headline":"SEGURIDAD CIUDADANA | Mula rinde homenaje a su Polic\u00eda Local en el d\u00eda de su patr\u00f3n, San Blas","datePublished":"2025-02-02T16:00:56+00:00","mainEntityOfPage":{"@id":"https:\/\/mula.es\/web\/seguridad-ciudadana-mula-rinde-homenaje-a-su-policia-local-en-el-dia-de-su-patron-san-blas\/"},"wordCount":732,"image":{"@id":"https:\/\/mula.es\/web\/seguridad-ciudadana-mula-rinde-homenaje-a-su-policia-local-en-el-dia-de-su-patron-san-blas\/#primaryimage"},"thumbnailUrl":"https:\/\/mula.es\/web\/wp-content\/uploads\/2020\/06\/escudo-cuadrado-e1591045058235.jpg","articleSection":["seguridad ciudadana"],"inLanguage":"es"},{"@type":"WebPage","@id":"https:\/\/mula.es\/web\/seguridad-ciudadana-mula-rinde-homenaje-a-su-policia-local-en-el-dia-de-su-patron-san-blas\/","url":"https:\/\/mula.es\/web\/seguridad-ciudadana-mula-rinde-homenaje-a-su-policia-local-en-el-dia-de-su-patron-san-blas\/","name":"SEGURIDAD CIUDADANA | Mula rinde homenaje a su Polic\u00eda Local en el d\u00eda de su patr\u00f3n, San Blas - Ayuntamiento de Mula","isPartOf":{"@id":"https:\/\/mula.es\/web\/#website"},"primaryImageOfPage":{"@id":"https:\/\/mula.es\/web\/seguridad-ciudadana-mula-rinde-homenaje-a-su-policia-local-en-el-dia-de-su-patron-san-blas\/#primaryimage"},"image":{"@id":"https:\/\/mula.es\/web\/seguridad-ciudadana-mula-rinde-homenaje-a-su-policia-local-en-el-dia-de-su-patron-san-blas\/#primaryimage"},"thumbnailUrl":"https:\/\/mula.es\/web\/wp-content\/uploads\/2020\/06\/escudo-cuadrado-e1591045058235.jpg","datePublished":"2025-02-02T16:00:56+00:00","author":{"@id":"https:\/\/mula.es\/web\/#\/schema\/person\/4f10179bd364f40dceed361e61e4033f"},"breadcrumb":{"@id":"https:\/\/mula.es\/web\/seguridad-ciudadana-mula-rinde-homenaje-a-su-policia-local-en-el-dia-de-su-patron-san-blas\/#breadcrumb"},"inLanguage":"es","potentialAction":[{"@type":"ReadAction","target":["https:\/\/mula.es\/web\/seguridad-ciudadana-mula-rinde-homenaje-a-su-policia-local-en-el-dia-de-su-patron-san-blas\/"]}]},{"@type":"ImageObject","inLanguage":"es","@id":"https:\/\/mula.es\/web\/seguridad-ciudadana-mula-rinde-homenaje-a-su-policia-local-en-el-dia-de-su-patron-san-blas\/#primaryimage","url":"https:\/\/mula.es\/web\/wp-content\/uploads\/2020\/06\/escudo-cuadrado-e1591045058235.jpg","contentUrl":"https:\/\/mula.es\/web\/wp-content\/uploads\/2020\/06\/escudo-cuadrado-e1591045058235.jpg","width":200,"height":218},{"@type":"BreadcrumbList","@id":"https:\/\/mula.es\/web\/seguridad-ciudadana-mula-rinde-homenaje-a-su-policia-local-en-el-dia-de-su-patron-san-blas\/#breadcrumb","itemListElement":[{"@type":"ListItem","position":1,"name":"Portada","item":"https:\/\/mula.es\/web\/"},{"@type":"ListItem","position":2,"name":"SEGURIDAD CIUDADANA | Mula rinde homenaje a su Polic\u00eda Local en el d\u00eda de su patr\u00f3n, San Blas"}]},{"@type":"WebSite","@id":"https:\/\/mula.es\/web\/#website","url":"https:\/\/mula.es\/web\/","name":"Ayuntamiento de Mula","description":"P\u00e1gina web del Ayuntamiento de Mula (Regi\u00f3n de Murcia)","potentialAction":[{"@type":"SearchAction","target":{"@type":"EntryPoint","urlTemplate":"https:\/\/mula.es\/web\/?s={search_term_string}"},"query-input":{"@type":"PropertyValueSpecification","valueRequired":true,"valueName":"search_term_string"}}],"inLanguage":"es"},{"@type":"Person","@id":"https:\/\/mula.es\/web\/#\/schema\/person\/4f10179bd364f40dceed361e61e4033f","name":"Laura Salas Orcajada","image":{"@type":"ImageObject","inLanguage":"es","@id":"https:\/\/secure.gravatar.com\/avatar\/786f2a223d9a455e2a448f78b5dcc1117207ef56ef3d9a04df338c0f775cd403?s=96&d=mm&r=g","url":"https:\/\/secure.gravatar.com\/avatar\/786f2a223d9a455e2a448f78b5dcc1117207ef56ef3d9a04df338c0f775cd403?s=96&d=mm&r=g","contentUrl":"https:\/\/secure.gravatar.com\/avatar\/786f2a223d9a455e2a448f78b5dcc1117207ef56ef3d9a04df338c0f775cd403?s=96&d=mm&r=g","caption":"Laura Salas Orcajada"},"url":"https:\/\/mula.es\/web\/author\/lsalas\/"}]}},"jetpack_publicize_connections":[],"jetpack_featured_media_url":"https:\/\/mula.es\/web\/wp-content\/uploads\/2020\/06\/escudo-cuadrado-e1591045058235.jpg","jetpack_sharing_enabled":true,"jetpack_shortlink":"https:\/\/wp.me\/pa9DMY-eTd","jetpack-related-posts":[],"_links":{"self":[{"href":"https:\/\/mula.es\/web\/wp-json\/wp\/v2\/posts\/57239","targetHints":{"allow":["GET"]}}],"collection":[{"href":"https:\/\/mula.es\/web\/wp-json\/wp\/v2\/posts"}],"about":[{"href":"https:\/\/mula.es\/web\/wp-json\/wp\/v2\/types\/post"}],"author":[{"embeddable":true,"href":"https:\/\/mula.es\/web\/wp-json\/wp\/v2\/users\/13"}],"replies":[{"embeddable":true,"href":"https:\/\/mula.es\/web\/wp-json\/wp\/v2\/comments?post=57239"}],"version-history":[{"count":1,"href":"https:\/\/mula.es\/web\/wp-json\/wp\/v2\/posts\/57239\/revisions"}],"predecessor-version":[{"id":57242,"href":"https:\/\/mula.es\/web\/wp-json\/wp\/v2\/posts\/57239\/revisions\/57242"}],"wp:featuredmedia":[{"embeddable":true,"href":"https:\/\/mula.es\/web\/wp-json\/wp\/v2\/media\/33512"}],"wp:attachment":[{"href":"https:\/\/mula.es\/web\/wp-json\/wp\/v2\/media?parent=57239"}],"wp:term":[{"taxonomy":"category","embeddable":true,"href":"https:\/\/mula.es\/web\/wp-json\/wp\/v2\/categories?post=57239"},{"taxonomy":"post_tag","embeddable":true,"href":"https:\/\/mula.es\/web\/wp-json\/wp\/v2\/tags?post=57239"}],"curies":[{"name":"wp","href":"https:\/\/api.w.org\/{rel}","templated":true}]}}