{"id":57246,"date":"2025-02-03T13:55:21","date_gmt":"2025-02-03T12:55:21","guid":{"rendered":"https:\/\/mula.es\/web\/?p=57246"},"modified":"2025-02-03T13:55:21","modified_gmt":"2025-02-03T12:55:21","slug":"alcaldia-la-delegada-del-gobierno-presenta-en-mula-los-nuevos-puntos-de-actualizacion-del-dni-electronico","status":"publish","type":"post","link":"https:\/\/mula.es\/web\/alcaldia-la-delegada-del-gobierno-presenta-en-mula-los-nuevos-puntos-de-actualizacion-del-dni-electronico\/","title":{"rendered":"ALCALD\u00cdA | La delegada del Gobierno presenta en Mula los nuevos Puntos de Actualizaci\u00f3n del DNI electr\u00f3nico"},"content":{"rendered":"<p><strong>NOTA DE PRENSA &#8211; 3 DE FEBRERO DE 2025<\/strong><\/p>\n<p><strong>\u00a0<\/strong><\/p>\n<p><strong>\u00a0<\/strong><\/p>\n<h2><strong>La delegada del Gobierno presenta en Mula los nuevos Puntos de Actualizaci\u00f3n del DNI electr\u00f3nico<\/strong><\/h2>\n<p><strong>\u00a0<\/strong><\/p>\n<p>La delegada del Gobierno en la Regi\u00f3n de Murcia, <strong>Mariola Guevara<\/strong>, ha visitado hoy el municipio de Mula para presentar la instalaci\u00f3n de los <strong>Puntos de Actualizaci\u00f3n del DNI electr\u00f3nico (PAD\u2019s)<\/strong>, una iniciativa del Gobierno de Espa\u00f1a que busca acercar este servicio a las localidades que no cuentan con unidades de documentaci\u00f3n de la Polic\u00eda Nacional. Durante el acto, celebrado en la sede de la Polic\u00eda Local de Mula, Guevara estuvo acompa\u00f1ada por el alcalde de Mula, <strong>Juan Jes\u00fas Moreno<\/strong>, y el jefe Superior de Polic\u00eda, <strong>Ignacio del Olmo<\/strong>.<\/p>\n<p>Los PAD\u2019s, instalados gracias a los<strong> fondos del Plan de Recuperaci\u00f3n<\/strong>, permiten a los ciudadanos renovar los certificados electr\u00f3nicos asociados al DNI, necesarios para la autenticaci\u00f3n y la firma digital, de una manera \u00e1gil y accesible. Estos dispositivos est\u00e1n dise\u00f1ados para <strong>mejorar la relaci\u00f3n de la ciudadan\u00eda con la Administraci\u00f3n P\u00fablica<\/strong>, ofreciendo un acceso m\u00e1s cercano y seguro a los servicios esenciales.<\/p>\n<p><strong>Mariola Guevara<\/strong>, delegada del Gobierno, agradeci\u00f3 al alcalde su colaboraci\u00f3n: <em>\u201cEl inter\u00e9s y predisposici\u00f3n de Mula han sido clave para establecer este servicio. Es un avance significativo para los municipios de menos de 30.000 habitantes, permitiendo a sus ciudadanos actualizar su DNI sin necesidad de desplazarse a las sedes de la Polic\u00eda Nacional.\u201d<\/em><\/p>\n<p>Por su parte, el alcalde, <strong>Juan Jes\u00fas Moreno<\/strong>, destac\u00f3 la importancia de esta iniciativa: <em>\u201cGracias a los fondos del Plan de Recuperaci\u00f3n, Espa\u00f1a est\u00e1 acercando servicios esenciales a los municipios. Estos puntos permiten a nuestros vecinos realizar tr\u00e1mites como la renovaci\u00f3n del DNI de manera mucho m\u00e1s accesible, reforzando adem\u00e1s nuestra colaboraci\u00f3n con los cuerpos y fuerzas de seguridad del Estado.\u201d<\/em><\/p>\n<p><strong>Ignacio del Olmo<\/strong>, jefe Superior de Polic\u00eda, subray\u00f3 la relevancia del DNI como herramienta fundamental para la seguridad y la movilidad: <em>\u201cEl DNI es un documento de referencia en Europa y un elemento crucial en la identificaci\u00f3n de v\u00edctimas y potenciales v\u00edctimas en situaciones de emergencia. Con estos puntos de actualizaci\u00f3n, logramos acercar este servicio esencial a la ciudadan\u00eda, evitando desplazamientos innecesarios.\u201d<\/em><\/p>\n<p><strong>Caracter\u00edsticas de los PAD\u2019s<\/strong><\/p>\n<ul>\n<li><strong>Dimensiones:<\/strong> Peana de soporte (55&#215;65 cm) y pantalla de manipulaci\u00f3n (60&#215;50 cm), con una altura m\u00e1xima de 1,80 metros.<\/li>\n<li><strong>Ubicaci\u00f3n:<\/strong> Interior, en espacios vigilados durante el horario de atenci\u00f3n al p\u00fablico para garantizar su seguridad y correcto funcionamiento.<\/li>\n<\/ul>\n<p>El Gobierno de Espa\u00f1a, a trav\u00e9s de esta iniciativa, sigue apostando por la digitalizaci\u00f3n y modernizaci\u00f3n de los servicios p\u00fablicos, con futuras mejoras como la incorporaci\u00f3n de nuevas furgonetas de emisi\u00f3n de DNI, que permitir\u00e1n realizar todos los tr\u00e1mites en un solo paso.<\/p>\n<p><a href=\"https:\/\/mula.es\/web\/wp-content\/uploads\/2025\/02\/1-1-scaled.jpg\"><img decoding=\"async\" data-attachment-id=\"57247\" data-permalink=\"https:\/\/mula.es\/web\/alcaldia-la-delegada-del-gobierno-presenta-en-mula-los-nuevos-puntos-de-actualizacion-del-dni-electronico\/1-201\/\" data-orig-file=\"https:\/\/mula.es\/web\/wp-content\/uploads\/2025\/02\/1-1-scaled.jpg\" data-orig-size=\"2560,1707\" data-comments-opened=\"0\" data-image-meta=\"{&quot;aperture&quot;:&quot;0&quot;,&quot;credit&quot;:&quot;&quot;,&quot;camera&quot;:&quot;&quot;,&quot;caption&quot;:&quot;&quot;,&quot;created_timestamp&quot;:&quot;0&quot;,&quot;copyright&quot;:&quot;&quot;,&quot;focal_length&quot;:&quot;0&quot;,&quot;iso&quot;:&quot;0&quot;,&quot;shutter_speed&quot;:&quot;0&quot;,&quot;title&quot;:&quot;&quot;,&quot;orientation&quot;:&quot;1&quot;}\" data-image-title=\"1\" data-image-description=\"\" data-image-caption=\"\" data-large-file=\"https:\/\/mula.es\/web\/wp-content\/uploads\/2025\/02\/1-1-1024x683.jpg\" class=\"alignnone size-medium wp-image-57247\" src=\"https:\/\/mula.es\/web\/wp-content\/uploads\/2025\/02\/1-1-300x200.jpg\" alt=\"\" width=\"300\" height=\"200\" srcset=\"https:\/\/mula.es\/web\/wp-content\/uploads\/2025\/02\/1-1-200x133.jpg 200w, https:\/\/mula.es\/web\/wp-content\/uploads\/2025\/02\/1-1-300x200.jpg 300w, https:\/\/mula.es\/web\/wp-content\/uploads\/2025\/02\/1-1-400x267.jpg 400w, https:\/\/mula.es\/web\/wp-content\/uploads\/2025\/02\/1-1-600x400.jpg 600w, https:\/\/mula.es\/web\/wp-content\/uploads\/2025\/02\/1-1-768x512.jpg 768w, https:\/\/mula.es\/web\/wp-content\/uploads\/2025\/02\/1-1-800x533.jpg 800w, https:\/\/mula.es\/web\/wp-content\/uploads\/2025\/02\/1-1-1024x683.jpg 1024w, https:\/\/mula.es\/web\/wp-content\/uploads\/2025\/02\/1-1-1200x800.jpg 1200w, https:\/\/mula.es\/web\/wp-content\/uploads\/2025\/02\/1-1-1536x1024.jpg 1536w\" sizes=\"(max-width: 300px) 100vw, 300px\" \/><\/a> <a href=\"https:\/\/mula.es\/web\/wp-content\/uploads\/2025\/02\/2-1-scaled.jpg\"><img decoding=\"async\" data-attachment-id=\"57248\" data-permalink=\"https:\/\/mula.es\/web\/alcaldia-la-delegada-del-gobierno-presenta-en-mula-los-nuevos-puntos-de-actualizacion-del-dni-electronico\/2-191\/\" data-orig-file=\"https:\/\/mula.es\/web\/wp-content\/uploads\/2025\/02\/2-1-scaled.jpg\" data-orig-size=\"2560,1707\" data-comments-opened=\"0\" data-image-meta=\"{&quot;aperture&quot;:&quot;0&quot;,&quot;credit&quot;:&quot;&quot;,&quot;camera&quot;:&quot;&quot;,&quot;caption&quot;:&quot;&quot;,&quot;created_timestamp&quot;:&quot;0&quot;,&quot;copyright&quot;:&quot;&quot;,&quot;focal_length&quot;:&quot;0&quot;,&quot;iso&quot;:&quot;0&quot;,&quot;shutter_speed&quot;:&quot;0&quot;,&quot;title&quot;:&quot;&quot;,&quot;orientation&quot;:&quot;1&quot;}\" data-image-title=\"2\" data-image-description=\"\" data-image-caption=\"\" data-large-file=\"https:\/\/mula.es\/web\/wp-content\/uploads\/2025\/02\/2-1-1024x683.jpg\" class=\"alignnone size-medium wp-image-57248\" src=\"https:\/\/mula.es\/web\/wp-content\/uploads\/2025\/02\/2-1-300x200.jpg\" alt=\"\" width=\"300\" height=\"200\" srcset=\"https:\/\/mula.es\/web\/wp-content\/uploads\/2025\/02\/2-1-200x133.jpg 200w, https:\/\/mula.es\/web\/wp-content\/uploads\/2025\/02\/2-1-300x200.jpg 300w, https:\/\/mula.es\/web\/wp-content\/uploads\/2025\/02\/2-1-400x267.jpg 400w, https:\/\/mula.es\/web\/wp-content\/uploads\/2025\/02\/2-1-600x400.jpg 600w, https:\/\/mula.es\/web\/wp-content\/uploads\/2025\/02\/2-1-768x512.jpg 768w, https:\/\/mula.es\/web\/wp-content\/uploads\/2025\/02\/2-1-800x533.jpg 800w, https:\/\/mula.es\/web\/wp-content\/uploads\/2025\/02\/2-1-1024x683.jpg 1024w, https:\/\/mula.es\/web\/wp-content\/uploads\/2025\/02\/2-1-1200x800.jpg 1200w, https:\/\/mula.es\/web\/wp-content\/uploads\/2025\/02\/2-1-1536x1024.jpg 1536w\" sizes=\"(max-width: 300px) 100vw, 300px\" \/><\/a><\/p>\n","protected":false},"excerpt":{"rendered":"<p>NOTA DE PRENSA &#8211; 3 DE FEBRERO DE 2025 \u00a0 \u00a0 La delegada del Gobierno presenta en Mula los nuevos Puntos de Actualizaci\u00f3n del DNI electr\u00f3nico \u00a0 La delegada del Gobierno en la Regi\u00f3n de Murcia, Mariola Guevara, ha visitado hoy el municipio de Mula para presentar la instalaci\u00f3n de los Puntos de Actualizaci\u00f3n del  [&#8230;]<\/p>\n","protected":false},"author":13,"featured_media":33512,"comment_status":"closed","ping_status":"closed","sticky":false,"template":"","format":"standard","meta":{"jetpack_post_was_ever_published":false,"_jetpack_newsletter_access":"","_jetpack_dont_email_post_to_subs":false,"_jetpack_newsletter_tier_id":0,"_jetpack_memberships_contains_paywalled_content":false,"_jetpack_memberships_contains_paid_content":false,"footnotes":"","jetpack_publicize_message":"","jetpack_publicize_feature_enabled":true,"jetpack_social_post_already_shared":false,"jetpack_social_options":{"image_generator_settings":{"template":"highway","default_image_id":0,"font":"","enabled":false},"version":2}},"categories":[392],"tags":[],"class_list":["post-57246","post","type-post","status-publish","format-standard","has-post-thumbnail","hentry","category-alcaldia"],"yoast_head":"<!-- This site is optimized with the Yoast SEO plugin v27.5 - https:\/\/yoast.com\/product\/yoast-seo-wordpress\/ -->\n<title>ALCALD\u00cdA | La delegada del Gobierno presenta en Mula los nuevos Puntos de Actualizaci\u00f3n del DNI electr\u00f3nico - Ayuntamiento de Mula<\/title>\n<meta name=\"robots\" content=\"index, follow, max-snippet:-1, max-image-preview:large, max-video-preview:-1\" \/>\n<link rel=\"canonical\" href=\"https:\/\/mula.es\/web\/alcaldia-la-delegada-del-gobierno-presenta-en-mula-los-nuevos-puntos-de-actualizacion-del-dni-electronico\/\" \/>\n<meta property=\"og:locale\" content=\"es_ES\" \/>\n<meta property=\"og:type\" content=\"article\" \/>\n<meta property=\"og:title\" content=\"ALCALD\u00cdA | La delegada del Gobierno presenta en Mula los nuevos Puntos de Actualizaci\u00f3n del DNI electr\u00f3nico - Ayuntamiento de Mula\" \/>\n<meta property=\"og:description\" content=\"NOTA DE PRENSA &#8211; 3 DE FEBRERO DE 2025 \u00a0 \u00a0 La delegada del Gobierno presenta en Mula los nuevos Puntos de Actualizaci\u00f3n del DNI electr\u00f3nico \u00a0 La delegada del Gobierno en la Regi\u00f3n de Murcia, Mariola Guevara, ha visitado hoy el municipio de Mula para presentar la instalaci\u00f3n de los Puntos de Actualizaci\u00f3n del [...]\" \/>\n<meta property=\"og:url\" content=\"https:\/\/mula.es\/web\/alcaldia-la-delegada-del-gobierno-presenta-en-mula-los-nuevos-puntos-de-actualizacion-del-dni-electronico\/\" \/>\n<meta property=\"og:site_name\" content=\"Ayuntamiento de Mula\" \/>\n<meta property=\"article:published_time\" content=\"2025-02-03T12:55:21+00:00\" \/>\n<meta property=\"og:image\" content=\"https:\/\/mula.es\/web\/wp-content\/uploads\/2020\/06\/escudo-cuadrado-e1591045058235.jpg\" \/>\n\t<meta property=\"og:image:width\" content=\"200\" \/>\n\t<meta property=\"og:image:height\" content=\"218\" \/>\n\t<meta property=\"og:image:type\" content=\"image\/jpeg\" \/>\n<meta name=\"author\" content=\"Laura Salas Orcajada\" \/>\n<meta name=\"twitter:card\" content=\"summary_large_image\" \/>\n<meta name=\"twitter:creator\" content=\"@AyuntamientMula\" \/>\n<meta name=\"twitter:site\" content=\"@AyuntamientMula\" \/>\n<meta name=\"twitter:label1\" content=\"Escrito por\" \/>\n\t<meta name=\"twitter:data1\" content=\"Laura Salas Orcajada\" \/>\n\t<meta name=\"twitter:label2\" content=\"Tiempo de lectura\" \/>\n\t<meta name=\"twitter:data2\" content=\"2 minutos\" \/>\n<script type=\"application\/ld+json\" class=\"yoast-schema-graph\">{\"@context\":\"https:\\\/\\\/schema.org\",\"@graph\":[{\"@type\":\"Article\",\"@id\":\"https:\\\/\\\/mula.es\\\/web\\\/alcaldia-la-delegada-del-gobierno-presenta-en-mula-los-nuevos-puntos-de-actualizacion-del-dni-electronico\\\/#article\",\"isPartOf\":{\"@id\":\"https:\\\/\\\/mula.es\\\/web\\\/alcaldia-la-delegada-del-gobierno-presenta-en-mula-los-nuevos-puntos-de-actualizacion-del-dni-electronico\\\/\"},\"author\":{\"name\":\"Laura Salas Orcajada\",\"@id\":\"https:\\\/\\\/mula.es\\\/web\\\/#\\\/schema\\\/person\\\/4f10179bd364f40dceed361e61e4033f\"},\"headline\":\"ALCALD\u00cdA | La delegada del Gobierno presenta en Mula los nuevos Puntos de Actualizaci\u00f3n del DNI electr\u00f3nico\",\"datePublished\":\"2025-02-03T12:55:21+00:00\",\"mainEntityOfPage\":{\"@id\":\"https:\\\/\\\/mula.es\\\/web\\\/alcaldia-la-delegada-del-gobierno-presenta-en-mula-los-nuevos-puntos-de-actualizacion-del-dni-electronico\\\/\"},\"wordCount\":510,\"image\":{\"@id\":\"https:\\\/\\\/mula.es\\\/web\\\/alcaldia-la-delegada-del-gobierno-presenta-en-mula-los-nuevos-puntos-de-actualizacion-del-dni-electronico\\\/#primaryimage\"},\"thumbnailUrl\":\"https:\\\/\\\/mula.es\\\/web\\\/wp-content\\\/uploads\\\/2020\\\/06\\\/escudo-cuadrado-e1591045058235.jpg\",\"articleSection\":[\"alcald\u00eda\"],\"inLanguage\":\"es\"},{\"@type\":\"WebPage\",\"@id\":\"https:\\\/\\\/mula.es\\\/web\\\/alcaldia-la-delegada-del-gobierno-presenta-en-mula-los-nuevos-puntos-de-actualizacion-del-dni-electronico\\\/\",\"url\":\"https:\\\/\\\/mula.es\\\/web\\\/alcaldia-la-delegada-del-gobierno-presenta-en-mula-los-nuevos-puntos-de-actualizacion-del-dni-electronico\\\/\",\"name\":\"ALCALD\u00cdA | La delegada del Gobierno presenta en Mula los nuevos Puntos de Actualizaci\u00f3n del DNI electr\u00f3nico - Ayuntamiento de Mula\",\"isPartOf\":{\"@id\":\"https:\\\/\\\/mula.es\\\/web\\\/#website\"},\"primaryImageOfPage\":{\"@id\":\"https:\\\/\\\/mula.es\\\/web\\\/alcaldia-la-delegada-del-gobierno-presenta-en-mula-los-nuevos-puntos-de-actualizacion-del-dni-electronico\\\/#primaryimage\"},\"image\":{\"@id\":\"https:\\\/\\\/mula.es\\\/web\\\/alcaldia-la-delegada-del-gobierno-presenta-en-mula-los-nuevos-puntos-de-actualizacion-del-dni-electronico\\\/#primaryimage\"},\"thumbnailUrl\":\"https:\\\/\\\/mula.es\\\/web\\\/wp-content\\\/uploads\\\/2020\\\/06\\\/escudo-cuadrado-e1591045058235.jpg\",\"datePublished\":\"2025-02-03T12:55:21+00:00\",\"author\":{\"@id\":\"https:\\\/\\\/mula.es\\\/web\\\/#\\\/schema\\\/person\\\/4f10179bd364f40dceed361e61e4033f\"},\"breadcrumb\":{\"@id\":\"https:\\\/\\\/mula.es\\\/web\\\/alcaldia-la-delegada-del-gobierno-presenta-en-mula-los-nuevos-puntos-de-actualizacion-del-dni-electronico\\\/#breadcrumb\"},\"inLanguage\":\"es\",\"potentialAction\":[{\"@type\":\"ReadAction\",\"target\":[\"https:\\\/\\\/mula.es\\\/web\\\/alcaldia-la-delegada-del-gobierno-presenta-en-mula-los-nuevos-puntos-de-actualizacion-del-dni-electronico\\\/\"]}]},{\"@type\":\"ImageObject\",\"inLanguage\":\"es\",\"@id\":\"https:\\\/\\\/mula.es\\\/web\\\/alcaldia-la-delegada-del-gobierno-presenta-en-mula-los-nuevos-puntos-de-actualizacion-del-dni-electronico\\\/#primaryimage\",\"url\":\"https:\\\/\\\/mula.es\\\/web\\\/wp-content\\\/uploads\\\/2020\\\/06\\\/escudo-cuadrado-e1591045058235.jpg\",\"contentUrl\":\"https:\\\/\\\/mula.es\\\/web\\\/wp-content\\\/uploads\\\/2020\\\/06\\\/escudo-cuadrado-e1591045058235.jpg\",\"width\":200,\"height\":218},{\"@type\":\"BreadcrumbList\",\"@id\":\"https:\\\/\\\/mula.es\\\/web\\\/alcaldia-la-delegada-del-gobierno-presenta-en-mula-los-nuevos-puntos-de-actualizacion-del-dni-electronico\\\/#breadcrumb\",\"itemListElement\":[{\"@type\":\"ListItem\",\"position\":1,\"name\":\"Portada\",\"item\":\"https:\\\/\\\/mula.es\\\/web\\\/\"},{\"@type\":\"ListItem\",\"position\":2,\"name\":\"ALCALD\u00cdA | La delegada del Gobierno presenta en Mula los nuevos Puntos de Actualizaci\u00f3n del DNI electr\u00f3nico\"}]},{\"@type\":\"WebSite\",\"@id\":\"https:\\\/\\\/mula.es\\\/web\\\/#website\",\"url\":\"https:\\\/\\\/mula.es\\\/web\\\/\",\"name\":\"Ayuntamiento de Mula\",\"description\":\"P\u00e1gina web del Ayuntamiento de Mula (Regi\u00f3n de Murcia)\",\"potentialAction\":[{\"@type\":\"SearchAction\",\"target\":{\"@type\":\"EntryPoint\",\"urlTemplate\":\"https:\\\/\\\/mula.es\\\/web\\\/?s={search_term_string}\"},\"query-input\":{\"@type\":\"PropertyValueSpecification\",\"valueRequired\":true,\"valueName\":\"search_term_string\"}}],\"inLanguage\":\"es\"},{\"@type\":\"Person\",\"@id\":\"https:\\\/\\\/mula.es\\\/web\\\/#\\\/schema\\\/person\\\/4f10179bd364f40dceed361e61e4033f\",\"name\":\"Laura Salas Orcajada\",\"image\":{\"@type\":\"ImageObject\",\"inLanguage\":\"es\",\"@id\":\"https:\\\/\\\/secure.gravatar.com\\\/avatar\\\/786f2a223d9a455e2a448f78b5dcc1117207ef56ef3d9a04df338c0f775cd403?s=96&d=mm&r=g\",\"url\":\"https:\\\/\\\/secure.gravatar.com\\\/avatar\\\/786f2a223d9a455e2a448f78b5dcc1117207ef56ef3d9a04df338c0f775cd403?s=96&d=mm&r=g\",\"contentUrl\":\"https:\\\/\\\/secure.gravatar.com\\\/avatar\\\/786f2a223d9a455e2a448f78b5dcc1117207ef56ef3d9a04df338c0f775cd403?s=96&d=mm&r=g\",\"caption\":\"Laura Salas Orcajada\"},\"url\":\"https:\\\/\\\/mula.es\\\/web\\\/author\\\/lsalas\\\/\"}]}<\/script>\n<!-- \/ Yoast SEO plugin. -->","yoast_head_json":{"title":"ALCALD\u00cdA | La delegada del Gobierno presenta en Mula los nuevos Puntos de Actualizaci\u00f3n del DNI electr\u00f3nico - Ayuntamiento de Mula","robots":{"index":"index","follow":"follow","max-snippet":"max-snippet:-1","max-image-preview":"max-image-preview:large","max-video-preview":"max-video-preview:-1"},"canonical":"https:\/\/mula.es\/web\/alcaldia-la-delegada-del-gobierno-presenta-en-mula-los-nuevos-puntos-de-actualizacion-del-dni-electronico\/","og_locale":"es_ES","og_type":"article","og_title":"ALCALD\u00cdA | La delegada del Gobierno presenta en Mula los nuevos Puntos de Actualizaci\u00f3n del DNI electr\u00f3nico - Ayuntamiento de Mula","og_description":"NOTA DE PRENSA &#8211; 3 DE FEBRERO DE 2025 \u00a0 \u00a0 La delegada del Gobierno presenta en Mula los nuevos Puntos de Actualizaci\u00f3n del DNI electr\u00f3nico \u00a0 La delegada del Gobierno en la Regi\u00f3n de Murcia, Mariola Guevara, ha visitado hoy el municipio de Mula para presentar la instalaci\u00f3n de los Puntos de Actualizaci\u00f3n del [...]","og_url":"https:\/\/mula.es\/web\/alcaldia-la-delegada-del-gobierno-presenta-en-mula-los-nuevos-puntos-de-actualizacion-del-dni-electronico\/","og_site_name":"Ayuntamiento de Mula","article_published_time":"2025-02-03T12:55:21+00:00","og_image":[{"width":200,"height":218,"url":"https:\/\/mula.es\/web\/wp-content\/uploads\/2020\/06\/escudo-cuadrado-e1591045058235.jpg","type":"image\/jpeg"}],"author":"Laura Salas Orcajada","twitter_card":"summary_large_image","twitter_creator":"@AyuntamientMula","twitter_site":"@AyuntamientMula","twitter_misc":{"Escrito por":"Laura Salas Orcajada","Tiempo de lectura":"2 minutos"},"schema":{"@context":"https:\/\/schema.org","@graph":[{"@type":"Article","@id":"https:\/\/mula.es\/web\/alcaldia-la-delegada-del-gobierno-presenta-en-mula-los-nuevos-puntos-de-actualizacion-del-dni-electronico\/#article","isPartOf":{"@id":"https:\/\/mula.es\/web\/alcaldia-la-delegada-del-gobierno-presenta-en-mula-los-nuevos-puntos-de-actualizacion-del-dni-electronico\/"},"author":{"name":"Laura Salas Orcajada","@id":"https:\/\/mula.es\/web\/#\/schema\/person\/4f10179bd364f40dceed361e61e4033f"},"headline":"ALCALD\u00cdA | La delegada del Gobierno presenta en Mula los nuevos Puntos de Actualizaci\u00f3n del DNI electr\u00f3nico","datePublished":"2025-02-03T12:55:21+00:00","mainEntityOfPage":{"@id":"https:\/\/mula.es\/web\/alcaldia-la-delegada-del-gobierno-presenta-en-mula-los-nuevos-puntos-de-actualizacion-del-dni-electronico\/"},"wordCount":510,"image":{"@id":"https:\/\/mula.es\/web\/alcaldia-la-delegada-del-gobierno-presenta-en-mula-los-nuevos-puntos-de-actualizacion-del-dni-electronico\/#primaryimage"},"thumbnailUrl":"https:\/\/mula.es\/web\/wp-content\/uploads\/2020\/06\/escudo-cuadrado-e1591045058235.jpg","articleSection":["alcald\u00eda"],"inLanguage":"es"},{"@type":"WebPage","@id":"https:\/\/mula.es\/web\/alcaldia-la-delegada-del-gobierno-presenta-en-mula-los-nuevos-puntos-de-actualizacion-del-dni-electronico\/","url":"https:\/\/mula.es\/web\/alcaldia-la-delegada-del-gobierno-presenta-en-mula-los-nuevos-puntos-de-actualizacion-del-dni-electronico\/","name":"ALCALD\u00cdA | La delegada del Gobierno presenta en Mula los nuevos Puntos de Actualizaci\u00f3n del DNI electr\u00f3nico - Ayuntamiento de Mula","isPartOf":{"@id":"https:\/\/mula.es\/web\/#website"},"primaryImageOfPage":{"@id":"https:\/\/mula.es\/web\/alcaldia-la-delegada-del-gobierno-presenta-en-mula-los-nuevos-puntos-de-actualizacion-del-dni-electronico\/#primaryimage"},"image":{"@id":"https:\/\/mula.es\/web\/alcaldia-la-delegada-del-gobierno-presenta-en-mula-los-nuevos-puntos-de-actualizacion-del-dni-electronico\/#primaryimage"},"thumbnailUrl":"https:\/\/mula.es\/web\/wp-content\/uploads\/2020\/06\/escudo-cuadrado-e1591045058235.jpg","datePublished":"2025-02-03T12:55:21+00:00","author":{"@id":"https:\/\/mula.es\/web\/#\/schema\/person\/4f10179bd364f40dceed361e61e4033f"},"breadcrumb":{"@id":"https:\/\/mula.es\/web\/alcaldia-la-delegada-del-gobierno-presenta-en-mula-los-nuevos-puntos-de-actualizacion-del-dni-electronico\/#breadcrumb"},"inLanguage":"es","potentialAction":[{"@type":"ReadAction","target":["https:\/\/mula.es\/web\/alcaldia-la-delegada-del-gobierno-presenta-en-mula-los-nuevos-puntos-de-actualizacion-del-dni-electronico\/"]}]},{"@type":"ImageObject","inLanguage":"es","@id":"https:\/\/mula.es\/web\/alcaldia-la-delegada-del-gobierno-presenta-en-mula-los-nuevos-puntos-de-actualizacion-del-dni-electronico\/#primaryimage","url":"https:\/\/mula.es\/web\/wp-content\/uploads\/2020\/06\/escudo-cuadrado-e1591045058235.jpg","contentUrl":"https:\/\/mula.es\/web\/wp-content\/uploads\/2020\/06\/escudo-cuadrado-e1591045058235.jpg","width":200,"height":218},{"@type":"BreadcrumbList","@id":"https:\/\/mula.es\/web\/alcaldia-la-delegada-del-gobierno-presenta-en-mula-los-nuevos-puntos-de-actualizacion-del-dni-electronico\/#breadcrumb","itemListElement":[{"@type":"ListItem","position":1,"name":"Portada","item":"https:\/\/mula.es\/web\/"},{"@type":"ListItem","position":2,"name":"ALCALD\u00cdA | La delegada del Gobierno presenta en Mula los nuevos Puntos de Actualizaci\u00f3n del DNI electr\u00f3nico"}]},{"@type":"WebSite","@id":"https:\/\/mula.es\/web\/#website","url":"https:\/\/mula.es\/web\/","name":"Ayuntamiento de Mula","description":"P\u00e1gina web del Ayuntamiento de Mula (Regi\u00f3n de Murcia)","potentialAction":[{"@type":"SearchAction","target":{"@type":"EntryPoint","urlTemplate":"https:\/\/mula.es\/web\/?s={search_term_string}"},"query-input":{"@type":"PropertyValueSpecification","valueRequired":true,"valueName":"search_term_string"}}],"inLanguage":"es"},{"@type":"Person","@id":"https:\/\/mula.es\/web\/#\/schema\/person\/4f10179bd364f40dceed361e61e4033f","name":"Laura Salas Orcajada","image":{"@type":"ImageObject","inLanguage":"es","@id":"https:\/\/secure.gravatar.com\/avatar\/786f2a223d9a455e2a448f78b5dcc1117207ef56ef3d9a04df338c0f775cd403?s=96&d=mm&r=g","url":"https:\/\/secure.gravatar.com\/avatar\/786f2a223d9a455e2a448f78b5dcc1117207ef56ef3d9a04df338c0f775cd403?s=96&d=mm&r=g","contentUrl":"https:\/\/secure.gravatar.com\/avatar\/786f2a223d9a455e2a448f78b5dcc1117207ef56ef3d9a04df338c0f775cd403?s=96&d=mm&r=g","caption":"Laura Salas Orcajada"},"url":"https:\/\/mula.es\/web\/author\/lsalas\/"}]}},"jetpack_publicize_connections":[],"jetpack_featured_media_url":"https:\/\/mula.es\/web\/wp-content\/uploads\/2020\/06\/escudo-cuadrado-e1591045058235.jpg","jetpack_sharing_enabled":true,"jetpack_shortlink":"https:\/\/wp.me\/pa9DMY-eTk","jetpack-related-posts":[],"_links":{"self":[{"href":"https:\/\/mula.es\/web\/wp-json\/wp\/v2\/posts\/57246","targetHints":{"allow":["GET"]}}],"collection":[{"href":"https:\/\/mula.es\/web\/wp-json\/wp\/v2\/posts"}],"about":[{"href":"https:\/\/mula.es\/web\/wp-json\/wp\/v2\/types\/post"}],"author":[{"embeddable":true,"href":"https:\/\/mula.es\/web\/wp-json\/wp\/v2\/users\/13"}],"replies":[{"embeddable":true,"href":"https:\/\/mula.es\/web\/wp-json\/wp\/v2\/comments?post=57246"}],"version-history":[{"count":1,"href":"https:\/\/mula.es\/web\/wp-json\/wp\/v2\/posts\/57246\/revisions"}],"predecessor-version":[{"id":57249,"href":"https:\/\/mula.es\/web\/wp-json\/wp\/v2\/posts\/57246\/revisions\/57249"}],"wp:featuredmedia":[{"embeddable":true,"href":"https:\/\/mula.es\/web\/wp-json\/wp\/v2\/media\/33512"}],"wp:attachment":[{"href":"https:\/\/mula.es\/web\/wp-json\/wp\/v2\/media?parent=57246"}],"wp:term":[{"taxonomy":"category","embeddable":true,"href":"https:\/\/mula.es\/web\/wp-json\/wp\/v2\/categories?post=57246"},{"taxonomy":"post_tag","embeddable":true,"href":"https:\/\/mula.es\/web\/wp-json\/wp\/v2\/tags?post=57246"}],"curies":[{"name":"wp","href":"https:\/\/api.w.org\/{rel}","templated":true}]}}