{"id":57387,"date":"2025-02-12T09:48:07","date_gmt":"2025-02-12T08:48:07","guid":{"rendered":"https:\/\/mula.es\/web\/?p=57387"},"modified":"2025-02-12T09:48:07","modified_gmt":"2025-02-12T08:48:07","slug":"transparencia-el-concejal-de-transparencia-de-mula-asiste-a-la-comision-de-consumo-de-la-federacion-espanola-de-municipios-y-provincias","status":"publish","type":"post","link":"https:\/\/mula.es\/web\/transparencia-el-concejal-de-transparencia-de-mula-asiste-a-la-comision-de-consumo-de-la-federacion-espanola-de-municipios-y-provincias\/","title":{"rendered":"TRANSPARENCIA | El concejal de Transparencia de Mula asiste a la Comisi\u00f3n de Consumo de la Federaci\u00f3n Espa\u00f1ola de Municipios y Provincias"},"content":{"rendered":"<p><strong>NOTA DE PRENSA &#8211; 12 DE FEBRERO DE 2025<\/strong><\/p>\n<p><strong>\u00a0<\/strong><\/p>\n<p><strong>\u00a0<\/strong><\/p>\n<h2><strong>El concejal de Transparencia de Mula asiste a la Comisi\u00f3n de Consumo de la Federaci\u00f3n Espa\u00f1ola de Municipios y Provincias<\/strong><\/h2>\n<p><strong>\u00a0<\/strong><\/p>\n<p>El concejal de Transparencia del Ayuntamiento de Mula, Toni Ruiz, ha participado como vocal este martes en la Comisi\u00f3n de Consumo de la Federaci\u00f3n Espa\u00f1ola de Municipios y Provincias (FEMP), celebrada en la Sala de Junta de Gobierno en Madrid. Esta reuni\u00f3n ha tenido como objetivo abordar temas clave en materia de consumo y normativa legislativa.<\/p>\n<p>Uno de los principales puntos tratados ha sido el an\u00e1lisis de la Ley Org\u00e1nica 1\/2025, de 2 de enero, de medidas en materia de eficiencia del Servicio P\u00fablico de Justicia, con una intervenci\u00f3n informativa a cargo de Francesc Xavier S\u00e1nchez Moragas, presidente de la Junta Arbitral Municipal de Consumo de Matar\u00f3. En este contexto, se ha debatido sobre el impacto que esta normativa tendr\u00e1 en los municipios, as\u00ed como su aplicaci\u00f3n en la protecci\u00f3n de los derechos de los consumidores.<\/p>\n<p>Asimismo, se ha llevado a cabo un an\u00e1lisis de las l\u00edneas de acci\u00f3n del Grupo de T\u00e9cnicos de la Comisi\u00f3n de Consumo, con el prop\u00f3sito de establecer estrategias comunes para mejorar la protecci\u00f3n del consumidor y garantizar un servicio de calidad en todo el territorio nacional. Tambi\u00e9n se ha presentado el Informe del Grupo de Trabajo de Viviendas de Uso Tur\u00edstico, en el que se han expuesto propuestas para regular esta actividad de manera eficiente y garantizar un equilibrio entre el desarrollo del sector y el bienestar de los vecinos en los municipios.<\/p>\n<p>El concejal de Transparencia ha destacado la importancia de estos encuentros, se\u00f1alando que \u00abla coordinaci\u00f3n entre administraciones es clave para garantizar la eficacia de las pol\u00edticas de consumo y velar por los derechos de los ciudadanos\u00bb. Adem\u00e1s, ha valorado positivamente la posibilidad de trasladar a Mula las conclusiones extra\u00eddas en la jornada de trabajo, reforzando el compromiso municipal con la mejora de la calidad de vida de los consumidores y usuarios.<\/p>\n<p><a href=\"https:\/\/mula.es\/web\/wp-content\/uploads\/2025\/02\/WhatsApp-Image-2025-02-12-at-08.51.56-scaled.jpeg\"><img decoding=\"async\" data-attachment-id=\"57388\" data-permalink=\"https:\/\/mula.es\/web\/transparencia-el-concejal-de-transparencia-de-mula-asiste-a-la-comision-de-consumo-de-la-federacion-espanola-de-municipios-y-provincias\/whatsapp-image-2025-02-12-at-08-51-56\/\" data-orig-file=\"https:\/\/mula.es\/web\/wp-content\/uploads\/2025\/02\/WhatsApp-Image-2025-02-12-at-08.51.56-scaled.jpeg\" data-orig-size=\"2560,1710\" data-comments-opened=\"0\" data-image-meta=\"{&quot;aperture&quot;:&quot;0&quot;,&quot;credit&quot;:&quot;&quot;,&quot;camera&quot;:&quot;&quot;,&quot;caption&quot;:&quot;&quot;,&quot;created_timestamp&quot;:&quot;0&quot;,&quot;copyright&quot;:&quot;&quot;,&quot;focal_length&quot;:&quot;0&quot;,&quot;iso&quot;:&quot;0&quot;,&quot;shutter_speed&quot;:&quot;0&quot;,&quot;title&quot;:&quot;&quot;,&quot;orientation&quot;:&quot;0&quot;}\" data-image-title=\"WhatsApp Image 2025-02-12 at 08.51.56\" data-image-description=\"\" data-image-caption=\"\" data-large-file=\"https:\/\/mula.es\/web\/wp-content\/uploads\/2025\/02\/WhatsApp-Image-2025-02-12-at-08.51.56-1024x684.jpeg\" class=\"alignnone size-medium wp-image-57388\" src=\"https:\/\/mula.es\/web\/wp-content\/uploads\/2025\/02\/WhatsApp-Image-2025-02-12-at-08.51.56-300x200.jpeg\" alt=\"\" width=\"300\" height=\"200\" srcset=\"https:\/\/mula.es\/web\/wp-content\/uploads\/2025\/02\/WhatsApp-Image-2025-02-12-at-08.51.56-200x134.jpeg 200w, https:\/\/mula.es\/web\/wp-content\/uploads\/2025\/02\/WhatsApp-Image-2025-02-12-at-08.51.56-300x200.jpeg 300w, https:\/\/mula.es\/web\/wp-content\/uploads\/2025\/02\/WhatsApp-Image-2025-02-12-at-08.51.56-400x267.jpeg 400w, https:\/\/mula.es\/web\/wp-content\/uploads\/2025\/02\/WhatsApp-Image-2025-02-12-at-08.51.56-600x401.jpeg 600w, https:\/\/mula.es\/web\/wp-content\/uploads\/2025\/02\/WhatsApp-Image-2025-02-12-at-08.51.56-768x513.jpeg 768w, https:\/\/mula.es\/web\/wp-content\/uploads\/2025\/02\/WhatsApp-Image-2025-02-12-at-08.51.56-800x534.jpeg 800w, https:\/\/mula.es\/web\/wp-content\/uploads\/2025\/02\/WhatsApp-Image-2025-02-12-at-08.51.56-1024x684.jpeg 1024w, https:\/\/mula.es\/web\/wp-content\/uploads\/2025\/02\/WhatsApp-Image-2025-02-12-at-08.51.56-1200x802.jpeg 1200w, https:\/\/mula.es\/web\/wp-content\/uploads\/2025\/02\/WhatsApp-Image-2025-02-12-at-08.51.56-1536x1026.jpeg 1536w\" sizes=\"(max-width: 300px) 100vw, 300px\" \/><\/a><\/p>\n","protected":false},"excerpt":{"rendered":"<p>NOTA DE PRENSA &#8211; 12 DE FEBRERO DE 2025 \u00a0 \u00a0 El concejal de Transparencia de Mula asiste a la Comisi\u00f3n de Consumo de la Federaci\u00f3n Espa\u00f1ola de Municipios y Provincias \u00a0 El concejal de Transparencia del Ayuntamiento de Mula, Toni Ruiz, ha participado como vocal este martes en la Comisi\u00f3n de Consumo de la  [&#8230;]<\/p>\n","protected":false},"author":13,"featured_media":33512,"comment_status":"closed","ping_status":"closed","sticky":false,"template":"","format":"standard","meta":{"jetpack_post_was_ever_published":false,"_jetpack_newsletter_access":"","_jetpack_dont_email_post_to_subs":false,"_jetpack_newsletter_tier_id":0,"_jetpack_memberships_contains_paywalled_content":false,"_jetpack_memberships_contains_paid_content":false,"footnotes":"","jetpack_publicize_message":"","jetpack_publicize_feature_enabled":true,"jetpack_social_post_already_shared":false,"jetpack_social_options":{"image_generator_settings":{"template":"highway","default_image_id":0,"font":"","enabled":false},"version":2}},"categories":[302],"tags":[],"class_list":["post-57387","post","type-post","status-publish","format-standard","has-post-thumbnail","hentry","category-transparencia"],"yoast_head":"<!-- This site is optimized with the Yoast SEO plugin v27.5 - https:\/\/yoast.com\/product\/yoast-seo-wordpress\/ -->\n<title>TRANSPARENCIA | El concejal de Transparencia de Mula asiste a la Comisi\u00f3n de Consumo de la Federaci\u00f3n Espa\u00f1ola de Municipios y Provincias - Ayuntamiento de Mula<\/title>\n<meta name=\"robots\" content=\"index, follow, max-snippet:-1, max-image-preview:large, max-video-preview:-1\" \/>\n<link rel=\"canonical\" href=\"https:\/\/mula.es\/web\/transparencia-el-concejal-de-transparencia-de-mula-asiste-a-la-comision-de-consumo-de-la-federacion-espanola-de-municipios-y-provincias\/\" \/>\n<meta property=\"og:locale\" content=\"es_ES\" \/>\n<meta property=\"og:type\" content=\"article\" \/>\n<meta property=\"og:title\" content=\"TRANSPARENCIA | El concejal de Transparencia de Mula asiste a la Comisi\u00f3n de Consumo de la Federaci\u00f3n Espa\u00f1ola de Municipios y Provincias - Ayuntamiento de Mula\" \/>\n<meta property=\"og:description\" content=\"NOTA DE PRENSA &#8211; 12 DE FEBRERO DE 2025 \u00a0 \u00a0 El concejal de Transparencia de Mula asiste a la Comisi\u00f3n de Consumo de la Federaci\u00f3n Espa\u00f1ola de Municipios y Provincias \u00a0 El concejal de Transparencia del Ayuntamiento de Mula, Toni Ruiz, ha participado como vocal este martes en la Comisi\u00f3n de Consumo de la [...]\" \/>\n<meta property=\"og:url\" content=\"https:\/\/mula.es\/web\/transparencia-el-concejal-de-transparencia-de-mula-asiste-a-la-comision-de-consumo-de-la-federacion-espanola-de-municipios-y-provincias\/\" \/>\n<meta property=\"og:site_name\" content=\"Ayuntamiento de Mula\" \/>\n<meta property=\"article:published_time\" content=\"2025-02-12T08:48:07+00:00\" \/>\n<meta property=\"og:image\" content=\"https:\/\/mula.es\/web\/wp-content\/uploads\/2020\/06\/escudo-cuadrado-e1591045058235.jpg\" \/>\n\t<meta property=\"og:image:width\" content=\"200\" \/>\n\t<meta property=\"og:image:height\" content=\"218\" \/>\n\t<meta property=\"og:image:type\" content=\"image\/jpeg\" \/>\n<meta name=\"author\" content=\"Laura Salas Orcajada\" \/>\n<meta name=\"twitter:card\" content=\"summary_large_image\" \/>\n<meta name=\"twitter:creator\" content=\"@AyuntamientMula\" \/>\n<meta name=\"twitter:site\" content=\"@AyuntamientMula\" \/>\n<meta name=\"twitter:label1\" content=\"Escrito por\" \/>\n\t<meta name=\"twitter:data1\" content=\"Laura Salas Orcajada\" \/>\n\t<meta name=\"twitter:label2\" content=\"Tiempo de lectura\" \/>\n\t<meta name=\"twitter:data2\" content=\"2 minutos\" \/>\n<script type=\"application\/ld+json\" class=\"yoast-schema-graph\">{\"@context\":\"https:\\\/\\\/schema.org\",\"@graph\":[{\"@type\":\"Article\",\"@id\":\"https:\\\/\\\/mula.es\\\/web\\\/transparencia-el-concejal-de-transparencia-de-mula-asiste-a-la-comision-de-consumo-de-la-federacion-espanola-de-municipios-y-provincias\\\/#article\",\"isPartOf\":{\"@id\":\"https:\\\/\\\/mula.es\\\/web\\\/transparencia-el-concejal-de-transparencia-de-mula-asiste-a-la-comision-de-consumo-de-la-federacion-espanola-de-municipios-y-provincias\\\/\"},\"author\":{\"name\":\"Laura Salas Orcajada\",\"@id\":\"https:\\\/\\\/mula.es\\\/web\\\/#\\\/schema\\\/person\\\/4f10179bd364f40dceed361e61e4033f\"},\"headline\":\"TRANSPARENCIA | El concejal de Transparencia de Mula asiste a la Comisi\u00f3n de Consumo de la Federaci\u00f3n Espa\u00f1ola de Municipios y Provincias\",\"datePublished\":\"2025-02-12T08:48:07+00:00\",\"mainEntityOfPage\":{\"@id\":\"https:\\\/\\\/mula.es\\\/web\\\/transparencia-el-concejal-de-transparencia-de-mula-asiste-a-la-comision-de-consumo-de-la-federacion-espanola-de-municipios-y-provincias\\\/\"},\"wordCount\":377,\"image\":{\"@id\":\"https:\\\/\\\/mula.es\\\/web\\\/transparencia-el-concejal-de-transparencia-de-mula-asiste-a-la-comision-de-consumo-de-la-federacion-espanola-de-municipios-y-provincias\\\/#primaryimage\"},\"thumbnailUrl\":\"https:\\\/\\\/mula.es\\\/web\\\/wp-content\\\/uploads\\\/2020\\\/06\\\/escudo-cuadrado-e1591045058235.jpg\",\"articleSection\":[\"transparencia\"],\"inLanguage\":\"es\"},{\"@type\":\"WebPage\",\"@id\":\"https:\\\/\\\/mula.es\\\/web\\\/transparencia-el-concejal-de-transparencia-de-mula-asiste-a-la-comision-de-consumo-de-la-federacion-espanola-de-municipios-y-provincias\\\/\",\"url\":\"https:\\\/\\\/mula.es\\\/web\\\/transparencia-el-concejal-de-transparencia-de-mula-asiste-a-la-comision-de-consumo-de-la-federacion-espanola-de-municipios-y-provincias\\\/\",\"name\":\"TRANSPARENCIA | El concejal de Transparencia de Mula asiste a la Comisi\u00f3n de Consumo de la Federaci\u00f3n Espa\u00f1ola de Municipios y Provincias - Ayuntamiento de Mula\",\"isPartOf\":{\"@id\":\"https:\\\/\\\/mula.es\\\/web\\\/#website\"},\"primaryImageOfPage\":{\"@id\":\"https:\\\/\\\/mula.es\\\/web\\\/transparencia-el-concejal-de-transparencia-de-mula-asiste-a-la-comision-de-consumo-de-la-federacion-espanola-de-municipios-y-provincias\\\/#primaryimage\"},\"image\":{\"@id\":\"https:\\\/\\\/mula.es\\\/web\\\/transparencia-el-concejal-de-transparencia-de-mula-asiste-a-la-comision-de-consumo-de-la-federacion-espanola-de-municipios-y-provincias\\\/#primaryimage\"},\"thumbnailUrl\":\"https:\\\/\\\/mula.es\\\/web\\\/wp-content\\\/uploads\\\/2020\\\/06\\\/escudo-cuadrado-e1591045058235.jpg\",\"datePublished\":\"2025-02-12T08:48:07+00:00\",\"author\":{\"@id\":\"https:\\\/\\\/mula.es\\\/web\\\/#\\\/schema\\\/person\\\/4f10179bd364f40dceed361e61e4033f\"},\"breadcrumb\":{\"@id\":\"https:\\\/\\\/mula.es\\\/web\\\/transparencia-el-concejal-de-transparencia-de-mula-asiste-a-la-comision-de-consumo-de-la-federacion-espanola-de-municipios-y-provincias\\\/#breadcrumb\"},\"inLanguage\":\"es\",\"potentialAction\":[{\"@type\":\"ReadAction\",\"target\":[\"https:\\\/\\\/mula.es\\\/web\\\/transparencia-el-concejal-de-transparencia-de-mula-asiste-a-la-comision-de-consumo-de-la-federacion-espanola-de-municipios-y-provincias\\\/\"]}]},{\"@type\":\"ImageObject\",\"inLanguage\":\"es\",\"@id\":\"https:\\\/\\\/mula.es\\\/web\\\/transparencia-el-concejal-de-transparencia-de-mula-asiste-a-la-comision-de-consumo-de-la-federacion-espanola-de-municipios-y-provincias\\\/#primaryimage\",\"url\":\"https:\\\/\\\/mula.es\\\/web\\\/wp-content\\\/uploads\\\/2020\\\/06\\\/escudo-cuadrado-e1591045058235.jpg\",\"contentUrl\":\"https:\\\/\\\/mula.es\\\/web\\\/wp-content\\\/uploads\\\/2020\\\/06\\\/escudo-cuadrado-e1591045058235.jpg\",\"width\":200,\"height\":218},{\"@type\":\"BreadcrumbList\",\"@id\":\"https:\\\/\\\/mula.es\\\/web\\\/transparencia-el-concejal-de-transparencia-de-mula-asiste-a-la-comision-de-consumo-de-la-federacion-espanola-de-municipios-y-provincias\\\/#breadcrumb\",\"itemListElement\":[{\"@type\":\"ListItem\",\"position\":1,\"name\":\"Portada\",\"item\":\"https:\\\/\\\/mula.es\\\/web\\\/\"},{\"@type\":\"ListItem\",\"position\":2,\"name\":\"TRANSPARENCIA | El concejal de Transparencia de Mula asiste a la Comisi\u00f3n de Consumo de la Federaci\u00f3n Espa\u00f1ola de Municipios y Provincias\"}]},{\"@type\":\"WebSite\",\"@id\":\"https:\\\/\\\/mula.es\\\/web\\\/#website\",\"url\":\"https:\\\/\\\/mula.es\\\/web\\\/\",\"name\":\"Ayuntamiento de Mula\",\"description\":\"P\u00e1gina web del Ayuntamiento de Mula (Regi\u00f3n de Murcia)\",\"potentialAction\":[{\"@type\":\"SearchAction\",\"target\":{\"@type\":\"EntryPoint\",\"urlTemplate\":\"https:\\\/\\\/mula.es\\\/web\\\/?s={search_term_string}\"},\"query-input\":{\"@type\":\"PropertyValueSpecification\",\"valueRequired\":true,\"valueName\":\"search_term_string\"}}],\"inLanguage\":\"es\"},{\"@type\":\"Person\",\"@id\":\"https:\\\/\\\/mula.es\\\/web\\\/#\\\/schema\\\/person\\\/4f10179bd364f40dceed361e61e4033f\",\"name\":\"Laura Salas Orcajada\",\"image\":{\"@type\":\"ImageObject\",\"inLanguage\":\"es\",\"@id\":\"https:\\\/\\\/secure.gravatar.com\\\/avatar\\\/786f2a223d9a455e2a448f78b5dcc1117207ef56ef3d9a04df338c0f775cd403?s=96&d=mm&r=g\",\"url\":\"https:\\\/\\\/secure.gravatar.com\\\/avatar\\\/786f2a223d9a455e2a448f78b5dcc1117207ef56ef3d9a04df338c0f775cd403?s=96&d=mm&r=g\",\"contentUrl\":\"https:\\\/\\\/secure.gravatar.com\\\/avatar\\\/786f2a223d9a455e2a448f78b5dcc1117207ef56ef3d9a04df338c0f775cd403?s=96&d=mm&r=g\",\"caption\":\"Laura Salas Orcajada\"},\"url\":\"https:\\\/\\\/mula.es\\\/web\\\/author\\\/lsalas\\\/\"}]}<\/script>\n<!-- \/ Yoast SEO plugin. -->","yoast_head_json":{"title":"TRANSPARENCIA | El concejal de Transparencia de Mula asiste a la Comisi\u00f3n de Consumo de la Federaci\u00f3n Espa\u00f1ola de Municipios y Provincias - Ayuntamiento de Mula","robots":{"index":"index","follow":"follow","max-snippet":"max-snippet:-1","max-image-preview":"max-image-preview:large","max-video-preview":"max-video-preview:-1"},"canonical":"https:\/\/mula.es\/web\/transparencia-el-concejal-de-transparencia-de-mula-asiste-a-la-comision-de-consumo-de-la-federacion-espanola-de-municipios-y-provincias\/","og_locale":"es_ES","og_type":"article","og_title":"TRANSPARENCIA | El concejal de Transparencia de Mula asiste a la Comisi\u00f3n de Consumo de la Federaci\u00f3n Espa\u00f1ola de Municipios y Provincias - Ayuntamiento de Mula","og_description":"NOTA DE PRENSA &#8211; 12 DE FEBRERO DE 2025 \u00a0 \u00a0 El concejal de Transparencia de Mula asiste a la Comisi\u00f3n de Consumo de la Federaci\u00f3n Espa\u00f1ola de Municipios y Provincias \u00a0 El concejal de Transparencia del Ayuntamiento de Mula, Toni Ruiz, ha participado como vocal este martes en la Comisi\u00f3n de Consumo de la [...]","og_url":"https:\/\/mula.es\/web\/transparencia-el-concejal-de-transparencia-de-mula-asiste-a-la-comision-de-consumo-de-la-federacion-espanola-de-municipios-y-provincias\/","og_site_name":"Ayuntamiento de Mula","article_published_time":"2025-02-12T08:48:07+00:00","og_image":[{"width":200,"height":218,"url":"https:\/\/mula.es\/web\/wp-content\/uploads\/2020\/06\/escudo-cuadrado-e1591045058235.jpg","type":"image\/jpeg"}],"author":"Laura Salas Orcajada","twitter_card":"summary_large_image","twitter_creator":"@AyuntamientMula","twitter_site":"@AyuntamientMula","twitter_misc":{"Escrito por":"Laura Salas Orcajada","Tiempo de lectura":"2 minutos"},"schema":{"@context":"https:\/\/schema.org","@graph":[{"@type":"Article","@id":"https:\/\/mula.es\/web\/transparencia-el-concejal-de-transparencia-de-mula-asiste-a-la-comision-de-consumo-de-la-federacion-espanola-de-municipios-y-provincias\/#article","isPartOf":{"@id":"https:\/\/mula.es\/web\/transparencia-el-concejal-de-transparencia-de-mula-asiste-a-la-comision-de-consumo-de-la-federacion-espanola-de-municipios-y-provincias\/"},"author":{"name":"Laura Salas Orcajada","@id":"https:\/\/mula.es\/web\/#\/schema\/person\/4f10179bd364f40dceed361e61e4033f"},"headline":"TRANSPARENCIA | El concejal de Transparencia de Mula asiste a la Comisi\u00f3n de Consumo de la Federaci\u00f3n Espa\u00f1ola de Municipios y Provincias","datePublished":"2025-02-12T08:48:07+00:00","mainEntityOfPage":{"@id":"https:\/\/mula.es\/web\/transparencia-el-concejal-de-transparencia-de-mula-asiste-a-la-comision-de-consumo-de-la-federacion-espanola-de-municipios-y-provincias\/"},"wordCount":377,"image":{"@id":"https:\/\/mula.es\/web\/transparencia-el-concejal-de-transparencia-de-mula-asiste-a-la-comision-de-consumo-de-la-federacion-espanola-de-municipios-y-provincias\/#primaryimage"},"thumbnailUrl":"https:\/\/mula.es\/web\/wp-content\/uploads\/2020\/06\/escudo-cuadrado-e1591045058235.jpg","articleSection":["transparencia"],"inLanguage":"es"},{"@type":"WebPage","@id":"https:\/\/mula.es\/web\/transparencia-el-concejal-de-transparencia-de-mula-asiste-a-la-comision-de-consumo-de-la-federacion-espanola-de-municipios-y-provincias\/","url":"https:\/\/mula.es\/web\/transparencia-el-concejal-de-transparencia-de-mula-asiste-a-la-comision-de-consumo-de-la-federacion-espanola-de-municipios-y-provincias\/","name":"TRANSPARENCIA | El concejal de Transparencia de Mula asiste a la Comisi\u00f3n de Consumo de la Federaci\u00f3n Espa\u00f1ola de Municipios y Provincias - Ayuntamiento de Mula","isPartOf":{"@id":"https:\/\/mula.es\/web\/#website"},"primaryImageOfPage":{"@id":"https:\/\/mula.es\/web\/transparencia-el-concejal-de-transparencia-de-mula-asiste-a-la-comision-de-consumo-de-la-federacion-espanola-de-municipios-y-provincias\/#primaryimage"},"image":{"@id":"https:\/\/mula.es\/web\/transparencia-el-concejal-de-transparencia-de-mula-asiste-a-la-comision-de-consumo-de-la-federacion-espanola-de-municipios-y-provincias\/#primaryimage"},"thumbnailUrl":"https:\/\/mula.es\/web\/wp-content\/uploads\/2020\/06\/escudo-cuadrado-e1591045058235.jpg","datePublished":"2025-02-12T08:48:07+00:00","author":{"@id":"https:\/\/mula.es\/web\/#\/schema\/person\/4f10179bd364f40dceed361e61e4033f"},"breadcrumb":{"@id":"https:\/\/mula.es\/web\/transparencia-el-concejal-de-transparencia-de-mula-asiste-a-la-comision-de-consumo-de-la-federacion-espanola-de-municipios-y-provincias\/#breadcrumb"},"inLanguage":"es","potentialAction":[{"@type":"ReadAction","target":["https:\/\/mula.es\/web\/transparencia-el-concejal-de-transparencia-de-mula-asiste-a-la-comision-de-consumo-de-la-federacion-espanola-de-municipios-y-provincias\/"]}]},{"@type":"ImageObject","inLanguage":"es","@id":"https:\/\/mula.es\/web\/transparencia-el-concejal-de-transparencia-de-mula-asiste-a-la-comision-de-consumo-de-la-federacion-espanola-de-municipios-y-provincias\/#primaryimage","url":"https:\/\/mula.es\/web\/wp-content\/uploads\/2020\/06\/escudo-cuadrado-e1591045058235.jpg","contentUrl":"https:\/\/mula.es\/web\/wp-content\/uploads\/2020\/06\/escudo-cuadrado-e1591045058235.jpg","width":200,"height":218},{"@type":"BreadcrumbList","@id":"https:\/\/mula.es\/web\/transparencia-el-concejal-de-transparencia-de-mula-asiste-a-la-comision-de-consumo-de-la-federacion-espanola-de-municipios-y-provincias\/#breadcrumb","itemListElement":[{"@type":"ListItem","position":1,"name":"Portada","item":"https:\/\/mula.es\/web\/"},{"@type":"ListItem","position":2,"name":"TRANSPARENCIA | El concejal de Transparencia de Mula asiste a la Comisi\u00f3n de Consumo de la Federaci\u00f3n Espa\u00f1ola de Municipios y Provincias"}]},{"@type":"WebSite","@id":"https:\/\/mula.es\/web\/#website","url":"https:\/\/mula.es\/web\/","name":"Ayuntamiento de Mula","description":"P\u00e1gina web del Ayuntamiento de Mula (Regi\u00f3n de Murcia)","potentialAction":[{"@type":"SearchAction","target":{"@type":"EntryPoint","urlTemplate":"https:\/\/mula.es\/web\/?s={search_term_string}"},"query-input":{"@type":"PropertyValueSpecification","valueRequired":true,"valueName":"search_term_string"}}],"inLanguage":"es"},{"@type":"Person","@id":"https:\/\/mula.es\/web\/#\/schema\/person\/4f10179bd364f40dceed361e61e4033f","name":"Laura Salas Orcajada","image":{"@type":"ImageObject","inLanguage":"es","@id":"https:\/\/secure.gravatar.com\/avatar\/786f2a223d9a455e2a448f78b5dcc1117207ef56ef3d9a04df338c0f775cd403?s=96&d=mm&r=g","url":"https:\/\/secure.gravatar.com\/avatar\/786f2a223d9a455e2a448f78b5dcc1117207ef56ef3d9a04df338c0f775cd403?s=96&d=mm&r=g","contentUrl":"https:\/\/secure.gravatar.com\/avatar\/786f2a223d9a455e2a448f78b5dcc1117207ef56ef3d9a04df338c0f775cd403?s=96&d=mm&r=g","caption":"Laura Salas Orcajada"},"url":"https:\/\/mula.es\/web\/author\/lsalas\/"}]}},"jetpack_publicize_connections":[],"jetpack_featured_media_url":"https:\/\/mula.es\/web\/wp-content\/uploads\/2020\/06\/escudo-cuadrado-e1591045058235.jpg","jetpack_sharing_enabled":true,"jetpack_shortlink":"https:\/\/wp.me\/pa9DMY-eVB","jetpack-related-posts":[],"_links":{"self":[{"href":"https:\/\/mula.es\/web\/wp-json\/wp\/v2\/posts\/57387","targetHints":{"allow":["GET"]}}],"collection":[{"href":"https:\/\/mula.es\/web\/wp-json\/wp\/v2\/posts"}],"about":[{"href":"https:\/\/mula.es\/web\/wp-json\/wp\/v2\/types\/post"}],"author":[{"embeddable":true,"href":"https:\/\/mula.es\/web\/wp-json\/wp\/v2\/users\/13"}],"replies":[{"embeddable":true,"href":"https:\/\/mula.es\/web\/wp-json\/wp\/v2\/comments?post=57387"}],"version-history":[{"count":1,"href":"https:\/\/mula.es\/web\/wp-json\/wp\/v2\/posts\/57387\/revisions"}],"predecessor-version":[{"id":57389,"href":"https:\/\/mula.es\/web\/wp-json\/wp\/v2\/posts\/57387\/revisions\/57389"}],"wp:featuredmedia":[{"embeddable":true,"href":"https:\/\/mula.es\/web\/wp-json\/wp\/v2\/media\/33512"}],"wp:attachment":[{"href":"https:\/\/mula.es\/web\/wp-json\/wp\/v2\/media?parent=57387"}],"wp:term":[{"taxonomy":"category","embeddable":true,"href":"https:\/\/mula.es\/web\/wp-json\/wp\/v2\/categories?post=57387"},{"taxonomy":"post_tag","embeddable":true,"href":"https:\/\/mula.es\/web\/wp-json\/wp\/v2\/tags?post=57387"}],"curies":[{"name":"wp","href":"https:\/\/api.w.org\/{rel}","templated":true}]}}