{"id":57411,"date":"2025-02-14T10:11:20","date_gmt":"2025-02-14T09:11:20","guid":{"rendered":"https:\/\/mula.es\/web\/?p=57411"},"modified":"2025-02-14T10:11:20","modified_gmt":"2025-02-14T09:11:20","slug":"cultura-el-museo-arqueologico-de-murcia-presenta-la-pieza-del-mes-domador-de-caballos-de-la-villa-romana-de-los-villaricos","status":"publish","type":"post","link":"https:\/\/mula.es\/web\/cultura-el-museo-arqueologico-de-murcia-presenta-la-pieza-del-mes-domador-de-caballos-de-la-villa-romana-de-los-villaricos\/","title":{"rendered":"CULTURA | El Museo Arqueol\u00f3gico de Murcia Presenta la Pieza del Mes: \u00abDomador de Caballos\u00bb de la Villa Romana de Los Villaricos"},"content":{"rendered":"<p><strong>NOTA DE PRENSA &#8211; 14 DE FEBRERO DE 2025<\/strong><\/p>\n<p><strong>\u00a0<\/strong><\/p>\n<p><strong>\u00a0<\/strong><\/p>\n<h2><strong>El Museo Arqueol\u00f3gico de Murcia Presenta la Pieza del Mes: \u00abDomador de Caballos\u00bb de la Villa Romana de Los Villaricos<\/strong><\/h2>\n<p>&nbsp;<\/p>\n<p>El Museo Arqueol\u00f3gico de Murcia (MAM) ha seleccionado como pieza del mes el \u00abDomador de Caballos\u00bb o \u00bb Desp\u00f3tes Hipp\u00f4n\u00bb, un fragmento de bajorrelieve esculpido en piedra arenisca descubierto en julio de 2023 durante las excavaciones en la villa romana de Los Villaricos, en Mula. Este hallazgo destaca por sus caracter\u00edsticas formales e iconogr\u00e1ficas, que sugieren una cronolog\u00eda de la \u00e9poca ib\u00e9rica, entre los siglos VI y III a.C.<\/p>\n<p>Para profundizar en el an\u00e1lisis y contexto hist\u00f3rico de esta singular pieza, el pasado martes se celebr\u00f3 una conferencia en el sal\u00f3n de actos del MAM. La ponencia estuvo a cargo del catedr\u00e1tico y director de las excavaciones, Rafael Gonz\u00e1lez Fern\u00e1ndez, y del arque\u00f3logo municipal de Mula, Jos\u00e9 Antonio Zapata Parra. Ambos expertos compartieron con el p\u00fablico los detalles del descubrimiento y su relevancia en el estudio de la iconograf\u00eda ib\u00e9rica.<\/p>\n<p>El evento cont\u00f3 con la asistencia del concejal de Cultura de Mula, Diego Boluda, y la concejala de Igualdad, Ana Bel\u00e9n P\u00e9rez, quienes manifestaron el compromiso y respaldo institucional del municipio hacia el yacimiento arqueol\u00f3gico de Los Villaricos y la difusi\u00f3n de su patrimonio hist\u00f3rico.<\/p>\n<p>El \u00abDomador de Caballos\u00bb se exhibe actualmente en el Museo Arqueol\u00f3gico de Murcia como pieza destacada del mes, ofreciendo a los visitantes la oportunidad de apreciar y conocer m\u00e1s sobre este valioso testimonio de la cultura ib\u00e9rica en la regi\u00f3n. Posteriormente, formar\u00e1 parte de la sala dedicada a la romanizaci\u00f3n ubicada en el Museo de la Ciudad, en Mula.<\/p>\n<p><a href=\"https:\/\/mula.es\/web\/wp-content\/uploads\/2025\/02\/2-14-scaled.jpg\"><img decoding=\"async\" data-attachment-id=\"57412\" data-permalink=\"https:\/\/mula.es\/web\/cultura-el-museo-arqueologico-de-murcia-presenta-la-pieza-del-mes-domador-de-caballos-de-la-villa-romana-de-los-villaricos\/2-204\/\" data-orig-file=\"https:\/\/mula.es\/web\/wp-content\/uploads\/2025\/02\/2-14-scaled.jpg\" data-orig-size=\"2560,1707\" data-comments-opened=\"0\" data-image-meta=\"{&quot;aperture&quot;:&quot;0&quot;,&quot;credit&quot;:&quot;&quot;,&quot;camera&quot;:&quot;&quot;,&quot;caption&quot;:&quot;&quot;,&quot;created_timestamp&quot;:&quot;0&quot;,&quot;copyright&quot;:&quot;&quot;,&quot;focal_length&quot;:&quot;0&quot;,&quot;iso&quot;:&quot;0&quot;,&quot;shutter_speed&quot;:&quot;0&quot;,&quot;title&quot;:&quot;&quot;,&quot;orientation&quot;:&quot;1&quot;}\" data-image-title=\"2\" data-image-description=\"\" data-image-caption=\"\" data-large-file=\"https:\/\/mula.es\/web\/wp-content\/uploads\/2025\/02\/2-14-1024x683.jpg\" class=\"alignnone size-medium wp-image-57412\" src=\"https:\/\/mula.es\/web\/wp-content\/uploads\/2025\/02\/2-14-300x200.jpg\" alt=\"\" width=\"300\" height=\"200\" srcset=\"https:\/\/mula.es\/web\/wp-content\/uploads\/2025\/02\/2-14-200x133.jpg 200w, https:\/\/mula.es\/web\/wp-content\/uploads\/2025\/02\/2-14-300x200.jpg 300w, https:\/\/mula.es\/web\/wp-content\/uploads\/2025\/02\/2-14-400x267.jpg 400w, https:\/\/mula.es\/web\/wp-content\/uploads\/2025\/02\/2-14-600x400.jpg 600w, https:\/\/mula.es\/web\/wp-content\/uploads\/2025\/02\/2-14-768x512.jpg 768w, https:\/\/mula.es\/web\/wp-content\/uploads\/2025\/02\/2-14-800x533.jpg 800w, https:\/\/mula.es\/web\/wp-content\/uploads\/2025\/02\/2-14-1024x683.jpg 1024w, https:\/\/mula.es\/web\/wp-content\/uploads\/2025\/02\/2-14-1200x800.jpg 1200w, https:\/\/mula.es\/web\/wp-content\/uploads\/2025\/02\/2-14-1536x1024.jpg 1536w\" sizes=\"(max-width: 300px) 100vw, 300px\" \/><\/a> <a href=\"https:\/\/mula.es\/web\/wp-content\/uploads\/2025\/02\/3-7-scaled.jpg\"><img decoding=\"async\" data-attachment-id=\"57413\" data-permalink=\"https:\/\/mula.es\/web\/cultura-el-museo-arqueologico-de-murcia-presenta-la-pieza-del-mes-domador-de-caballos-de-la-villa-romana-de-los-villaricos\/3-176\/\" data-orig-file=\"https:\/\/mula.es\/web\/wp-content\/uploads\/2025\/02\/3-7-scaled.jpg\" data-orig-size=\"2560,1707\" data-comments-opened=\"0\" data-image-meta=\"{&quot;aperture&quot;:&quot;0&quot;,&quot;credit&quot;:&quot;&quot;,&quot;camera&quot;:&quot;&quot;,&quot;caption&quot;:&quot;&quot;,&quot;created_timestamp&quot;:&quot;0&quot;,&quot;copyright&quot;:&quot;&quot;,&quot;focal_length&quot;:&quot;0&quot;,&quot;iso&quot;:&quot;0&quot;,&quot;shutter_speed&quot;:&quot;0&quot;,&quot;title&quot;:&quot;&quot;,&quot;orientation&quot;:&quot;1&quot;}\" data-image-title=\"3\" data-image-description=\"\" data-image-caption=\"\" data-large-file=\"https:\/\/mula.es\/web\/wp-content\/uploads\/2025\/02\/3-7-1024x683.jpg\" class=\"alignnone size-medium wp-image-57413\" src=\"https:\/\/mula.es\/web\/wp-content\/uploads\/2025\/02\/3-7-300x200.jpg\" alt=\"\" width=\"300\" height=\"200\" srcset=\"https:\/\/mula.es\/web\/wp-content\/uploads\/2025\/02\/3-7-200x133.jpg 200w, https:\/\/mula.es\/web\/wp-content\/uploads\/2025\/02\/3-7-300x200.jpg 300w, https:\/\/mula.es\/web\/wp-content\/uploads\/2025\/02\/3-7-400x267.jpg 400w, https:\/\/mula.es\/web\/wp-content\/uploads\/2025\/02\/3-7-600x400.jpg 600w, https:\/\/mula.es\/web\/wp-content\/uploads\/2025\/02\/3-7-768x512.jpg 768w, https:\/\/mula.es\/web\/wp-content\/uploads\/2025\/02\/3-7-800x533.jpg 800w, https:\/\/mula.es\/web\/wp-content\/uploads\/2025\/02\/3-7-1024x683.jpg 1024w, https:\/\/mula.es\/web\/wp-content\/uploads\/2025\/02\/3-7-1200x800.jpg 1200w, https:\/\/mula.es\/web\/wp-content\/uploads\/2025\/02\/3-7-1536x1024.jpg 1536w\" sizes=\"(max-width: 300px) 100vw, 300px\" \/><\/a> <a href=\"https:\/\/mula.es\/web\/wp-content\/uploads\/2025\/02\/4-7-scaled.jpg\"><img decoding=\"async\" data-attachment-id=\"57414\" data-permalink=\"https:\/\/mula.es\/web\/cultura-el-museo-arqueologico-de-murcia-presenta-la-pieza-del-mes-domador-de-caballos-de-la-villa-romana-de-los-villaricos\/4-128\/\" data-orig-file=\"https:\/\/mula.es\/web\/wp-content\/uploads\/2025\/02\/4-7-scaled.jpg\" data-orig-size=\"2560,1707\" data-comments-opened=\"0\" data-image-meta=\"{&quot;aperture&quot;:&quot;0&quot;,&quot;credit&quot;:&quot;&quot;,&quot;camera&quot;:&quot;&quot;,&quot;caption&quot;:&quot;&quot;,&quot;created_timestamp&quot;:&quot;0&quot;,&quot;copyright&quot;:&quot;&quot;,&quot;focal_length&quot;:&quot;0&quot;,&quot;iso&quot;:&quot;0&quot;,&quot;shutter_speed&quot;:&quot;0&quot;,&quot;title&quot;:&quot;&quot;,&quot;orientation&quot;:&quot;1&quot;}\" data-image-title=\"4\" data-image-description=\"\" data-image-caption=\"\" data-large-file=\"https:\/\/mula.es\/web\/wp-content\/uploads\/2025\/02\/4-7-1024x683.jpg\" class=\"alignnone size-medium wp-image-57414\" src=\"https:\/\/mula.es\/web\/wp-content\/uploads\/2025\/02\/4-7-300x200.jpg\" alt=\"\" width=\"300\" height=\"200\" srcset=\"https:\/\/mula.es\/web\/wp-content\/uploads\/2025\/02\/4-7-200x133.jpg 200w, https:\/\/mula.es\/web\/wp-content\/uploads\/2025\/02\/4-7-300x200.jpg 300w, https:\/\/mula.es\/web\/wp-content\/uploads\/2025\/02\/4-7-400x267.jpg 400w, https:\/\/mula.es\/web\/wp-content\/uploads\/2025\/02\/4-7-600x400.jpg 600w, https:\/\/mula.es\/web\/wp-content\/uploads\/2025\/02\/4-7-768x512.jpg 768w, https:\/\/mula.es\/web\/wp-content\/uploads\/2025\/02\/4-7-800x533.jpg 800w, https:\/\/mula.es\/web\/wp-content\/uploads\/2025\/02\/4-7-1024x683.jpg 1024w, https:\/\/mula.es\/web\/wp-content\/uploads\/2025\/02\/4-7-1200x800.jpg 1200w, https:\/\/mula.es\/web\/wp-content\/uploads\/2025\/02\/4-7-1536x1024.jpg 1536w\" sizes=\"(max-width: 300px) 100vw, 300px\" \/><\/a><\/p>\n","protected":false},"excerpt":{"rendered":"<p>NOTA DE PRENSA &#8211; 14 DE FEBRERO DE 2025 \u00a0 \u00a0 El Museo Arqueol\u00f3gico de Murcia Presenta la Pieza del Mes: \u00abDomador de Caballos\u00bb de la Villa Romana de Los Villaricos &nbsp; El Museo Arqueol\u00f3gico de Murcia (MAM) ha seleccionado como pieza del mes el \u00abDomador de Caballos\u00bb o \u00bb Desp\u00f3tes Hipp\u00f4n\u00bb, un fragmento de  [&#8230;]<\/p>\n","protected":false},"author":13,"featured_media":33512,"comment_status":"closed","ping_status":"closed","sticky":false,"template":"","format":"standard","meta":{"jetpack_post_was_ever_published":false,"_jetpack_newsletter_access":"","_jetpack_dont_email_post_to_subs":false,"_jetpack_newsletter_tier_id":0,"_jetpack_memberships_contains_paywalled_content":false,"_jetpack_memberships_contains_paid_content":false,"footnotes":"","jetpack_publicize_message":"","jetpack_publicize_feature_enabled":true,"jetpack_social_post_already_shared":false,"jetpack_social_options":{"image_generator_settings":{"template":"highway","default_image_id":0,"font":"","enabled":false},"version":2}},"categories":[97],"tags":[],"class_list":["post-57411","post","type-post","status-publish","format-standard","has-post-thumbnail","hentry","category-cultura"],"yoast_head":"<!-- This site is optimized with the Yoast SEO plugin v27.4 - https:\/\/yoast.com\/product\/yoast-seo-wordpress\/ -->\n<title>CULTURA | El Museo Arqueol\u00f3gico de Murcia Presenta la Pieza del Mes: &quot;Domador de Caballos&quot; de la Villa Romana de Los Villaricos - Ayuntamiento de Mula<\/title>\n<meta name=\"robots\" content=\"index, follow, max-snippet:-1, max-image-preview:large, max-video-preview:-1\" \/>\n<link rel=\"canonical\" href=\"https:\/\/mula.es\/web\/cultura-el-museo-arqueologico-de-murcia-presenta-la-pieza-del-mes-domador-de-caballos-de-la-villa-romana-de-los-villaricos\/\" \/>\n<meta property=\"og:locale\" content=\"es_ES\" \/>\n<meta property=\"og:type\" content=\"article\" \/>\n<meta property=\"og:title\" content=\"CULTURA | El Museo Arqueol\u00f3gico de Murcia Presenta la Pieza del Mes: &quot;Domador de Caballos&quot; de la Villa Romana de Los Villaricos - Ayuntamiento de Mula\" \/>\n<meta property=\"og:description\" content=\"NOTA DE PRENSA &#8211; 14 DE FEBRERO DE 2025 \u00a0 \u00a0 El Museo Arqueol\u00f3gico de Murcia Presenta la Pieza del Mes: \u00abDomador de Caballos\u00bb de la Villa Romana de Los Villaricos &nbsp; El Museo Arqueol\u00f3gico de Murcia (MAM) ha seleccionado como pieza del mes el \u00abDomador de Caballos\u00bb o \u00bb Desp\u00f3tes Hipp\u00f4n\u00bb, un fragmento de [...]\" \/>\n<meta property=\"og:url\" content=\"https:\/\/mula.es\/web\/cultura-el-museo-arqueologico-de-murcia-presenta-la-pieza-del-mes-domador-de-caballos-de-la-villa-romana-de-los-villaricos\/\" \/>\n<meta property=\"og:site_name\" content=\"Ayuntamiento de Mula\" \/>\n<meta property=\"article:published_time\" content=\"2025-02-14T09:11:20+00:00\" \/>\n<meta property=\"og:image\" content=\"https:\/\/mula.es\/web\/wp-content\/uploads\/2020\/06\/escudo-cuadrado-e1591045058235.jpg\" \/>\n\t<meta property=\"og:image:width\" content=\"200\" \/>\n\t<meta property=\"og:image:height\" content=\"218\" \/>\n\t<meta property=\"og:image:type\" content=\"image\/jpeg\" \/>\n<meta name=\"author\" content=\"Laura Salas Orcajada\" \/>\n<meta name=\"twitter:card\" content=\"summary_large_image\" \/>\n<meta name=\"twitter:creator\" content=\"@AyuntamientMula\" \/>\n<meta name=\"twitter:site\" content=\"@AyuntamientMula\" \/>\n<meta name=\"twitter:label1\" content=\"Escrito por\" \/>\n\t<meta name=\"twitter:data1\" content=\"Laura Salas Orcajada\" \/>\n\t<meta name=\"twitter:label2\" content=\"Tiempo de lectura\" \/>\n\t<meta name=\"twitter:data2\" content=\"2 minutos\" \/>\n<script type=\"application\/ld+json\" class=\"yoast-schema-graph\">{\"@context\":\"https:\\\/\\\/schema.org\",\"@graph\":[{\"@type\":\"Article\",\"@id\":\"https:\\\/\\\/mula.es\\\/web\\\/cultura-el-museo-arqueologico-de-murcia-presenta-la-pieza-del-mes-domador-de-caballos-de-la-villa-romana-de-los-villaricos\\\/#article\",\"isPartOf\":{\"@id\":\"https:\\\/\\\/mula.es\\\/web\\\/cultura-el-museo-arqueologico-de-murcia-presenta-la-pieza-del-mes-domador-de-caballos-de-la-villa-romana-de-los-villaricos\\\/\"},\"author\":{\"name\":\"Laura Salas Orcajada\",\"@id\":\"https:\\\/\\\/mula.es\\\/web\\\/#\\\/schema\\\/person\\\/4f10179bd364f40dceed361e61e4033f\"},\"headline\":\"CULTURA | El Museo Arqueol\u00f3gico de Murcia Presenta la Pieza del Mes: \u00abDomador de Caballos\u00bb de la Villa Romana de Los Villaricos\",\"datePublished\":\"2025-02-14T09:11:20+00:00\",\"mainEntityOfPage\":{\"@id\":\"https:\\\/\\\/mula.es\\\/web\\\/cultura-el-museo-arqueologico-de-murcia-presenta-la-pieza-del-mes-domador-de-caballos-de-la-villa-romana-de-los-villaricos\\\/\"},\"wordCount\":321,\"image\":{\"@id\":\"https:\\\/\\\/mula.es\\\/web\\\/cultura-el-museo-arqueologico-de-murcia-presenta-la-pieza-del-mes-domador-de-caballos-de-la-villa-romana-de-los-villaricos\\\/#primaryimage\"},\"thumbnailUrl\":\"https:\\\/\\\/mula.es\\\/web\\\/wp-content\\\/uploads\\\/2020\\\/06\\\/escudo-cuadrado-e1591045058235.jpg\",\"articleSection\":[\"cultura\"],\"inLanguage\":\"es\"},{\"@type\":\"WebPage\",\"@id\":\"https:\\\/\\\/mula.es\\\/web\\\/cultura-el-museo-arqueologico-de-murcia-presenta-la-pieza-del-mes-domador-de-caballos-de-la-villa-romana-de-los-villaricos\\\/\",\"url\":\"https:\\\/\\\/mula.es\\\/web\\\/cultura-el-museo-arqueologico-de-murcia-presenta-la-pieza-del-mes-domador-de-caballos-de-la-villa-romana-de-los-villaricos\\\/\",\"name\":\"CULTURA | El Museo Arqueol\u00f3gico de Murcia Presenta la Pieza del Mes: \\\"Domador de Caballos\\\" de la Villa Romana de Los Villaricos - Ayuntamiento de Mula\",\"isPartOf\":{\"@id\":\"https:\\\/\\\/mula.es\\\/web\\\/#website\"},\"primaryImageOfPage\":{\"@id\":\"https:\\\/\\\/mula.es\\\/web\\\/cultura-el-museo-arqueologico-de-murcia-presenta-la-pieza-del-mes-domador-de-caballos-de-la-villa-romana-de-los-villaricos\\\/#primaryimage\"},\"image\":{\"@id\":\"https:\\\/\\\/mula.es\\\/web\\\/cultura-el-museo-arqueologico-de-murcia-presenta-la-pieza-del-mes-domador-de-caballos-de-la-villa-romana-de-los-villaricos\\\/#primaryimage\"},\"thumbnailUrl\":\"https:\\\/\\\/mula.es\\\/web\\\/wp-content\\\/uploads\\\/2020\\\/06\\\/escudo-cuadrado-e1591045058235.jpg\",\"datePublished\":\"2025-02-14T09:11:20+00:00\",\"author\":{\"@id\":\"https:\\\/\\\/mula.es\\\/web\\\/#\\\/schema\\\/person\\\/4f10179bd364f40dceed361e61e4033f\"},\"breadcrumb\":{\"@id\":\"https:\\\/\\\/mula.es\\\/web\\\/cultura-el-museo-arqueologico-de-murcia-presenta-la-pieza-del-mes-domador-de-caballos-de-la-villa-romana-de-los-villaricos\\\/#breadcrumb\"},\"inLanguage\":\"es\",\"potentialAction\":[{\"@type\":\"ReadAction\",\"target\":[\"https:\\\/\\\/mula.es\\\/web\\\/cultura-el-museo-arqueologico-de-murcia-presenta-la-pieza-del-mes-domador-de-caballos-de-la-villa-romana-de-los-villaricos\\\/\"]}]},{\"@type\":\"ImageObject\",\"inLanguage\":\"es\",\"@id\":\"https:\\\/\\\/mula.es\\\/web\\\/cultura-el-museo-arqueologico-de-murcia-presenta-la-pieza-del-mes-domador-de-caballos-de-la-villa-romana-de-los-villaricos\\\/#primaryimage\",\"url\":\"https:\\\/\\\/mula.es\\\/web\\\/wp-content\\\/uploads\\\/2020\\\/06\\\/escudo-cuadrado-e1591045058235.jpg\",\"contentUrl\":\"https:\\\/\\\/mula.es\\\/web\\\/wp-content\\\/uploads\\\/2020\\\/06\\\/escudo-cuadrado-e1591045058235.jpg\",\"width\":200,\"height\":218},{\"@type\":\"BreadcrumbList\",\"@id\":\"https:\\\/\\\/mula.es\\\/web\\\/cultura-el-museo-arqueologico-de-murcia-presenta-la-pieza-del-mes-domador-de-caballos-de-la-villa-romana-de-los-villaricos\\\/#breadcrumb\",\"itemListElement\":[{\"@type\":\"ListItem\",\"position\":1,\"name\":\"Portada\",\"item\":\"https:\\\/\\\/mula.es\\\/web\\\/\"},{\"@type\":\"ListItem\",\"position\":2,\"name\":\"CULTURA | El Museo Arqueol\u00f3gico de Murcia Presenta la Pieza del Mes: \u00abDomador de Caballos\u00bb de la Villa Romana de Los Villaricos\"}]},{\"@type\":\"WebSite\",\"@id\":\"https:\\\/\\\/mula.es\\\/web\\\/#website\",\"url\":\"https:\\\/\\\/mula.es\\\/web\\\/\",\"name\":\"Ayuntamiento de Mula\",\"description\":\"P\u00e1gina web del Ayuntamiento de Mula (Regi\u00f3n de Murcia)\",\"potentialAction\":[{\"@type\":\"SearchAction\",\"target\":{\"@type\":\"EntryPoint\",\"urlTemplate\":\"https:\\\/\\\/mula.es\\\/web\\\/?s={search_term_string}\"},\"query-input\":{\"@type\":\"PropertyValueSpecification\",\"valueRequired\":true,\"valueName\":\"search_term_string\"}}],\"inLanguage\":\"es\"},{\"@type\":\"Person\",\"@id\":\"https:\\\/\\\/mula.es\\\/web\\\/#\\\/schema\\\/person\\\/4f10179bd364f40dceed361e61e4033f\",\"name\":\"Laura Salas Orcajada\",\"image\":{\"@type\":\"ImageObject\",\"inLanguage\":\"es\",\"@id\":\"https:\\\/\\\/secure.gravatar.com\\\/avatar\\\/786f2a223d9a455e2a448f78b5dcc1117207ef56ef3d9a04df338c0f775cd403?s=96&d=mm&r=g\",\"url\":\"https:\\\/\\\/secure.gravatar.com\\\/avatar\\\/786f2a223d9a455e2a448f78b5dcc1117207ef56ef3d9a04df338c0f775cd403?s=96&d=mm&r=g\",\"contentUrl\":\"https:\\\/\\\/secure.gravatar.com\\\/avatar\\\/786f2a223d9a455e2a448f78b5dcc1117207ef56ef3d9a04df338c0f775cd403?s=96&d=mm&r=g\",\"caption\":\"Laura Salas Orcajada\"},\"url\":\"https:\\\/\\\/mula.es\\\/web\\\/author\\\/lsalas\\\/\"}]}<\/script>\n<!-- \/ Yoast SEO plugin. -->","yoast_head_json":{"title":"CULTURA | El Museo Arqueol\u00f3gico de Murcia Presenta la Pieza del Mes: \"Domador de Caballos\" de la Villa Romana de Los Villaricos - Ayuntamiento de Mula","robots":{"index":"index","follow":"follow","max-snippet":"max-snippet:-1","max-image-preview":"max-image-preview:large","max-video-preview":"max-video-preview:-1"},"canonical":"https:\/\/mula.es\/web\/cultura-el-museo-arqueologico-de-murcia-presenta-la-pieza-del-mes-domador-de-caballos-de-la-villa-romana-de-los-villaricos\/","og_locale":"es_ES","og_type":"article","og_title":"CULTURA | El Museo Arqueol\u00f3gico de Murcia Presenta la Pieza del Mes: \"Domador de Caballos\" de la Villa Romana de Los Villaricos - Ayuntamiento de Mula","og_description":"NOTA DE PRENSA &#8211; 14 DE FEBRERO DE 2025 \u00a0 \u00a0 El Museo Arqueol\u00f3gico de Murcia Presenta la Pieza del Mes: \u00abDomador de Caballos\u00bb de la Villa Romana de Los Villaricos &nbsp; El Museo Arqueol\u00f3gico de Murcia (MAM) ha seleccionado como pieza del mes el \u00abDomador de Caballos\u00bb o \u00bb Desp\u00f3tes Hipp\u00f4n\u00bb, un fragmento de [...]","og_url":"https:\/\/mula.es\/web\/cultura-el-museo-arqueologico-de-murcia-presenta-la-pieza-del-mes-domador-de-caballos-de-la-villa-romana-de-los-villaricos\/","og_site_name":"Ayuntamiento de Mula","article_published_time":"2025-02-14T09:11:20+00:00","og_image":[{"width":200,"height":218,"url":"https:\/\/mula.es\/web\/wp-content\/uploads\/2020\/06\/escudo-cuadrado-e1591045058235.jpg","type":"image\/jpeg"}],"author":"Laura Salas Orcajada","twitter_card":"summary_large_image","twitter_creator":"@AyuntamientMula","twitter_site":"@AyuntamientMula","twitter_misc":{"Escrito por":"Laura Salas Orcajada","Tiempo de lectura":"2 minutos"},"schema":{"@context":"https:\/\/schema.org","@graph":[{"@type":"Article","@id":"https:\/\/mula.es\/web\/cultura-el-museo-arqueologico-de-murcia-presenta-la-pieza-del-mes-domador-de-caballos-de-la-villa-romana-de-los-villaricos\/#article","isPartOf":{"@id":"https:\/\/mula.es\/web\/cultura-el-museo-arqueologico-de-murcia-presenta-la-pieza-del-mes-domador-de-caballos-de-la-villa-romana-de-los-villaricos\/"},"author":{"name":"Laura Salas Orcajada","@id":"https:\/\/mula.es\/web\/#\/schema\/person\/4f10179bd364f40dceed361e61e4033f"},"headline":"CULTURA | El Museo Arqueol\u00f3gico de Murcia Presenta la Pieza del Mes: \u00abDomador de Caballos\u00bb de la Villa Romana de Los Villaricos","datePublished":"2025-02-14T09:11:20+00:00","mainEntityOfPage":{"@id":"https:\/\/mula.es\/web\/cultura-el-museo-arqueologico-de-murcia-presenta-la-pieza-del-mes-domador-de-caballos-de-la-villa-romana-de-los-villaricos\/"},"wordCount":321,"image":{"@id":"https:\/\/mula.es\/web\/cultura-el-museo-arqueologico-de-murcia-presenta-la-pieza-del-mes-domador-de-caballos-de-la-villa-romana-de-los-villaricos\/#primaryimage"},"thumbnailUrl":"https:\/\/mula.es\/web\/wp-content\/uploads\/2020\/06\/escudo-cuadrado-e1591045058235.jpg","articleSection":["cultura"],"inLanguage":"es"},{"@type":"WebPage","@id":"https:\/\/mula.es\/web\/cultura-el-museo-arqueologico-de-murcia-presenta-la-pieza-del-mes-domador-de-caballos-de-la-villa-romana-de-los-villaricos\/","url":"https:\/\/mula.es\/web\/cultura-el-museo-arqueologico-de-murcia-presenta-la-pieza-del-mes-domador-de-caballos-de-la-villa-romana-de-los-villaricos\/","name":"CULTURA | El Museo Arqueol\u00f3gico de Murcia Presenta la Pieza del Mes: \"Domador de Caballos\" de la Villa Romana de Los Villaricos - Ayuntamiento de Mula","isPartOf":{"@id":"https:\/\/mula.es\/web\/#website"},"primaryImageOfPage":{"@id":"https:\/\/mula.es\/web\/cultura-el-museo-arqueologico-de-murcia-presenta-la-pieza-del-mes-domador-de-caballos-de-la-villa-romana-de-los-villaricos\/#primaryimage"},"image":{"@id":"https:\/\/mula.es\/web\/cultura-el-museo-arqueologico-de-murcia-presenta-la-pieza-del-mes-domador-de-caballos-de-la-villa-romana-de-los-villaricos\/#primaryimage"},"thumbnailUrl":"https:\/\/mula.es\/web\/wp-content\/uploads\/2020\/06\/escudo-cuadrado-e1591045058235.jpg","datePublished":"2025-02-14T09:11:20+00:00","author":{"@id":"https:\/\/mula.es\/web\/#\/schema\/person\/4f10179bd364f40dceed361e61e4033f"},"breadcrumb":{"@id":"https:\/\/mula.es\/web\/cultura-el-museo-arqueologico-de-murcia-presenta-la-pieza-del-mes-domador-de-caballos-de-la-villa-romana-de-los-villaricos\/#breadcrumb"},"inLanguage":"es","potentialAction":[{"@type":"ReadAction","target":["https:\/\/mula.es\/web\/cultura-el-museo-arqueologico-de-murcia-presenta-la-pieza-del-mes-domador-de-caballos-de-la-villa-romana-de-los-villaricos\/"]}]},{"@type":"ImageObject","inLanguage":"es","@id":"https:\/\/mula.es\/web\/cultura-el-museo-arqueologico-de-murcia-presenta-la-pieza-del-mes-domador-de-caballos-de-la-villa-romana-de-los-villaricos\/#primaryimage","url":"https:\/\/mula.es\/web\/wp-content\/uploads\/2020\/06\/escudo-cuadrado-e1591045058235.jpg","contentUrl":"https:\/\/mula.es\/web\/wp-content\/uploads\/2020\/06\/escudo-cuadrado-e1591045058235.jpg","width":200,"height":218},{"@type":"BreadcrumbList","@id":"https:\/\/mula.es\/web\/cultura-el-museo-arqueologico-de-murcia-presenta-la-pieza-del-mes-domador-de-caballos-de-la-villa-romana-de-los-villaricos\/#breadcrumb","itemListElement":[{"@type":"ListItem","position":1,"name":"Portada","item":"https:\/\/mula.es\/web\/"},{"@type":"ListItem","position":2,"name":"CULTURA | El Museo Arqueol\u00f3gico de Murcia Presenta la Pieza del Mes: \u00abDomador de Caballos\u00bb de la Villa Romana de Los Villaricos"}]},{"@type":"WebSite","@id":"https:\/\/mula.es\/web\/#website","url":"https:\/\/mula.es\/web\/","name":"Ayuntamiento de Mula","description":"P\u00e1gina web del Ayuntamiento de Mula (Regi\u00f3n de Murcia)","potentialAction":[{"@type":"SearchAction","target":{"@type":"EntryPoint","urlTemplate":"https:\/\/mula.es\/web\/?s={search_term_string}"},"query-input":{"@type":"PropertyValueSpecification","valueRequired":true,"valueName":"search_term_string"}}],"inLanguage":"es"},{"@type":"Person","@id":"https:\/\/mula.es\/web\/#\/schema\/person\/4f10179bd364f40dceed361e61e4033f","name":"Laura Salas Orcajada","image":{"@type":"ImageObject","inLanguage":"es","@id":"https:\/\/secure.gravatar.com\/avatar\/786f2a223d9a455e2a448f78b5dcc1117207ef56ef3d9a04df338c0f775cd403?s=96&d=mm&r=g","url":"https:\/\/secure.gravatar.com\/avatar\/786f2a223d9a455e2a448f78b5dcc1117207ef56ef3d9a04df338c0f775cd403?s=96&d=mm&r=g","contentUrl":"https:\/\/secure.gravatar.com\/avatar\/786f2a223d9a455e2a448f78b5dcc1117207ef56ef3d9a04df338c0f775cd403?s=96&d=mm&r=g","caption":"Laura Salas Orcajada"},"url":"https:\/\/mula.es\/web\/author\/lsalas\/"}]}},"jetpack_publicize_connections":[],"jetpack_featured_media_url":"https:\/\/mula.es\/web\/wp-content\/uploads\/2020\/06\/escudo-cuadrado-e1591045058235.jpg","jetpack_sharing_enabled":true,"jetpack_shortlink":"https:\/\/wp.me\/pa9DMY-eVZ","jetpack-related-posts":[],"_links":{"self":[{"href":"https:\/\/mula.es\/web\/wp-json\/wp\/v2\/posts\/57411","targetHints":{"allow":["GET"]}}],"collection":[{"href":"https:\/\/mula.es\/web\/wp-json\/wp\/v2\/posts"}],"about":[{"href":"https:\/\/mula.es\/web\/wp-json\/wp\/v2\/types\/post"}],"author":[{"embeddable":true,"href":"https:\/\/mula.es\/web\/wp-json\/wp\/v2\/users\/13"}],"replies":[{"embeddable":true,"href":"https:\/\/mula.es\/web\/wp-json\/wp\/v2\/comments?post=57411"}],"version-history":[{"count":1,"href":"https:\/\/mula.es\/web\/wp-json\/wp\/v2\/posts\/57411\/revisions"}],"predecessor-version":[{"id":57415,"href":"https:\/\/mula.es\/web\/wp-json\/wp\/v2\/posts\/57411\/revisions\/57415"}],"wp:featuredmedia":[{"embeddable":true,"href":"https:\/\/mula.es\/web\/wp-json\/wp\/v2\/media\/33512"}],"wp:attachment":[{"href":"https:\/\/mula.es\/web\/wp-json\/wp\/v2\/media?parent=57411"}],"wp:term":[{"taxonomy":"category","embeddable":true,"href":"https:\/\/mula.es\/web\/wp-json\/wp\/v2\/categories?post=57411"},{"taxonomy":"post_tag","embeddable":true,"href":"https:\/\/mula.es\/web\/wp-json\/wp\/v2\/tags?post=57411"}],"curies":[{"name":"wp","href":"https:\/\/api.w.org\/{rel}","templated":true}]}}