{"id":57489,"date":"2025-02-18T13:20:30","date_gmt":"2025-02-18T12:20:30","guid":{"rendered":"https:\/\/mula.es\/web\/?p=57489"},"modified":"2025-02-18T13:21:52","modified_gmt":"2025-02-18T12:21:52","slug":"alcaldia-el-alcalde-de-mula-se-reune-con-el-delegado-de-defensa-de-la-region-de-murcia","status":"publish","type":"post","link":"https:\/\/mula.es\/web\/alcaldia-el-alcalde-de-mula-se-reune-con-el-delegado-de-defensa-de-la-region-de-murcia\/","title":{"rendered":"ALCALD\u00cdA | El alcalde de Mula se re\u00fane con el delegado de Defensa de la Regi\u00f3n de Murcia"},"content":{"rendered":"<p><strong>NOTA DE PRENSA &#8211; 18 DE FEBRERO DE 2025<\/strong><\/p>\n<p><strong>\u00a0<\/strong><\/p>\n<p><strong>\u00a0<\/strong><\/p>\n<h2><strong>El alcalde de Mula se re\u00fane con el delegado de Defensa de la Regi\u00f3n de Murcia<\/strong><\/h2>\n<p><strong>\u00a0<\/strong><\/p>\n<p>El alcalde de Mula, <strong>Juan Jes\u00fas Moreno<\/strong>, ha mantenido un encuentro institucional con el delegado de Defensa en la Regi\u00f3n de Murcia, el <strong>capit\u00e1n de Nav\u00edo Gustavo A. Guti\u00e9rrez de Rubalcava S\u00e1nchez-Feragut <\/strong>en Mula, con el objetivo de estrechar lazos de colaboraci\u00f3n entre ambas instituciones y reforzar futuras iniciativas en el municipio.<\/p>\n<p>Durante la reuni\u00f3n, se ha puesto en valor la <strong>disposici\u00f3n y apoyo del Ej\u00e9rcito en diversas \u00e1reas del municipio<\/strong>, reconociendo su compromiso y colaboraci\u00f3n con Mula. En este sentido, se ha avanzado en la organizaci\u00f3n de <strong>una exposici\u00f3n sobre Juan Sebasti\u00e1n Elcano<\/strong>, el marino espa\u00f1ol que culmin\u00f3 la primera vuelta al mundo, la cual llegar\u00e1 en los pr\u00f3ximos meses al <strong>Museo Ciudad de Mula<\/strong>, ofreciendo una nueva oportunidad para acercar la historia y la cultura militar a vecinos y visitantes.<\/p>\n<p>El alcalde ha agradecido la visita del delegado de Defensa y su inter\u00e9s por la ciudad, destacando la importancia de mantener y reforzar este tipo de relaciones institucionales que permiten <strong>promover la cultura, la historia y la presencia de las Fuerzas Armadas en la sociedad<\/strong>.<\/p>\n<p>Desde el Ayuntamiento de Mula se seguir\u00e1 trabajando en iniciativas conjuntas que contribuyan a la difusi\u00f3n del patrimonio hist\u00f3rico y militar.<\/p>\n<p><a href=\"https:\/\/mula.es\/web\/wp-content\/uploads\/2025\/02\/4-8-scaled.jpg\"><img decoding=\"async\" data-attachment-id=\"57490\" data-permalink=\"https:\/\/mula.es\/web\/alcaldia-el-alcalde-de-mula-se-reune-con-el-delegado-de-defensa-de-la-region-de-murcia\/4-129\/\" data-orig-file=\"https:\/\/mula.es\/web\/wp-content\/uploads\/2025\/02\/4-8-scaled.jpg\" data-orig-size=\"2560,1707\" data-comments-opened=\"0\" data-image-meta=\"{&quot;aperture&quot;:&quot;0&quot;,&quot;credit&quot;:&quot;&quot;,&quot;camera&quot;:&quot;&quot;,&quot;caption&quot;:&quot;&quot;,&quot;created_timestamp&quot;:&quot;0&quot;,&quot;copyright&quot;:&quot;&quot;,&quot;focal_length&quot;:&quot;0&quot;,&quot;iso&quot;:&quot;0&quot;,&quot;shutter_speed&quot;:&quot;0&quot;,&quot;title&quot;:&quot;&quot;,&quot;orientation&quot;:&quot;1&quot;}\" data-image-title=\"4\" data-image-description=\"\" data-image-caption=\"\" data-large-file=\"https:\/\/mula.es\/web\/wp-content\/uploads\/2025\/02\/4-8-1024x683.jpg\" class=\"alignnone size-medium wp-image-57490\" src=\"https:\/\/mula.es\/web\/wp-content\/uploads\/2025\/02\/4-8-300x200.jpg\" alt=\"\" width=\"300\" height=\"200\" srcset=\"https:\/\/mula.es\/web\/wp-content\/uploads\/2025\/02\/4-8-200x133.jpg 200w, https:\/\/mula.es\/web\/wp-content\/uploads\/2025\/02\/4-8-300x200.jpg 300w, https:\/\/mula.es\/web\/wp-content\/uploads\/2025\/02\/4-8-400x267.jpg 400w, https:\/\/mula.es\/web\/wp-content\/uploads\/2025\/02\/4-8-600x400.jpg 600w, https:\/\/mula.es\/web\/wp-content\/uploads\/2025\/02\/4-8-768x512.jpg 768w, https:\/\/mula.es\/web\/wp-content\/uploads\/2025\/02\/4-8-800x533.jpg 800w, https:\/\/mula.es\/web\/wp-content\/uploads\/2025\/02\/4-8-1024x683.jpg 1024w, https:\/\/mula.es\/web\/wp-content\/uploads\/2025\/02\/4-8-1200x800.jpg 1200w, https:\/\/mula.es\/web\/wp-content\/uploads\/2025\/02\/4-8-1536x1024.jpg 1536w\" sizes=\"(max-width: 300px) 100vw, 300px\" \/><\/a> <a href=\"https:\/\/mula.es\/web\/wp-content\/uploads\/2025\/02\/5-7-scaled.jpg\"><img decoding=\"async\" data-attachment-id=\"57491\" data-permalink=\"https:\/\/mula.es\/web\/alcaldia-el-alcalde-de-mula-se-reune-con-el-delegado-de-defensa-de-la-region-de-murcia\/5-90\/\" data-orig-file=\"https:\/\/mula.es\/web\/wp-content\/uploads\/2025\/02\/5-7-scaled.jpg\" data-orig-size=\"2560,1707\" data-comments-opened=\"0\" data-image-meta=\"{&quot;aperture&quot;:&quot;0&quot;,&quot;credit&quot;:&quot;&quot;,&quot;camera&quot;:&quot;&quot;,&quot;caption&quot;:&quot;&quot;,&quot;created_timestamp&quot;:&quot;0&quot;,&quot;copyright&quot;:&quot;&quot;,&quot;focal_length&quot;:&quot;0&quot;,&quot;iso&quot;:&quot;0&quot;,&quot;shutter_speed&quot;:&quot;0&quot;,&quot;title&quot;:&quot;&quot;,&quot;orientation&quot;:&quot;1&quot;}\" data-image-title=\"5\" data-image-description=\"\" data-image-caption=\"\" data-large-file=\"https:\/\/mula.es\/web\/wp-content\/uploads\/2025\/02\/5-7-1024x683.jpg\" class=\"alignnone size-medium wp-image-57491\" src=\"https:\/\/mula.es\/web\/wp-content\/uploads\/2025\/02\/5-7-300x200.jpg\" alt=\"\" width=\"300\" height=\"200\" srcset=\"https:\/\/mula.es\/web\/wp-content\/uploads\/2025\/02\/5-7-200x133.jpg 200w, https:\/\/mula.es\/web\/wp-content\/uploads\/2025\/02\/5-7-300x200.jpg 300w, https:\/\/mula.es\/web\/wp-content\/uploads\/2025\/02\/5-7-400x267.jpg 400w, https:\/\/mula.es\/web\/wp-content\/uploads\/2025\/02\/5-7-600x400.jpg 600w, https:\/\/mula.es\/web\/wp-content\/uploads\/2025\/02\/5-7-768x512.jpg 768w, https:\/\/mula.es\/web\/wp-content\/uploads\/2025\/02\/5-7-800x533.jpg 800w, https:\/\/mula.es\/web\/wp-content\/uploads\/2025\/02\/5-7-1024x683.jpg 1024w, https:\/\/mula.es\/web\/wp-content\/uploads\/2025\/02\/5-7-1200x800.jpg 1200w, https:\/\/mula.es\/web\/wp-content\/uploads\/2025\/02\/5-7-1536x1024.jpg 1536w\" sizes=\"(max-width: 300px) 100vw, 300px\" \/><\/a><\/p>\n","protected":false},"excerpt":{"rendered":"<p>NOTA DE PRENSA &#8211; 18 DE FEBRERO DE 2025 \u00a0 \u00a0 El alcalde de Mula se re\u00fane con el delegado de Defensa de la Regi\u00f3n de Murcia \u00a0 El alcalde de Mula, Juan Jes\u00fas Moreno, ha mantenido un encuentro institucional con el delegado de Defensa en la Regi\u00f3n de Murcia, el capit\u00e1n de Nav\u00edo Gustavo  [&#8230;]<\/p>\n","protected":false},"author":13,"featured_media":33512,"comment_status":"closed","ping_status":"closed","sticky":false,"template":"","format":"standard","meta":{"jetpack_post_was_ever_published":false,"_jetpack_newsletter_access":"","_jetpack_dont_email_post_to_subs":false,"_jetpack_newsletter_tier_id":0,"_jetpack_memberships_contains_paywalled_content":false,"_jetpack_memberships_contains_paid_content":false,"footnotes":"","jetpack_publicize_message":"","jetpack_publicize_feature_enabled":true,"jetpack_social_post_already_shared":false,"jetpack_social_options":{"image_generator_settings":{"template":"highway","default_image_id":0,"font":"","enabled":false},"version":2}},"categories":[392],"tags":[],"class_list":["post-57489","post","type-post","status-publish","format-standard","has-post-thumbnail","hentry","category-alcaldia"],"yoast_head":"<!-- This site is optimized with the Yoast SEO plugin v27.5 - https:\/\/yoast.com\/product\/yoast-seo-wordpress\/ -->\n<title>ALCALD\u00cdA | El alcalde de Mula se re\u00fane con el delegado de Defensa de la Regi\u00f3n de Murcia - Ayuntamiento de Mula<\/title>\n<meta name=\"robots\" content=\"index, follow, max-snippet:-1, max-image-preview:large, max-video-preview:-1\" \/>\n<link rel=\"canonical\" href=\"https:\/\/mula.es\/web\/alcaldia-el-alcalde-de-mula-se-reune-con-el-delegado-de-defensa-de-la-region-de-murcia\/\" \/>\n<meta property=\"og:locale\" content=\"es_ES\" \/>\n<meta property=\"og:type\" content=\"article\" \/>\n<meta property=\"og:title\" content=\"ALCALD\u00cdA | El alcalde de Mula se re\u00fane con el delegado de Defensa de la Regi\u00f3n de Murcia - Ayuntamiento de Mula\" \/>\n<meta property=\"og:description\" content=\"NOTA DE PRENSA &#8211; 18 DE FEBRERO DE 2025 \u00a0 \u00a0 El alcalde de Mula se re\u00fane con el delegado de Defensa de la Regi\u00f3n de Murcia \u00a0 El alcalde de Mula, Juan Jes\u00fas Moreno, ha mantenido un encuentro institucional con el delegado de Defensa en la Regi\u00f3n de Murcia, el capit\u00e1n de Nav\u00edo Gustavo [...]\" \/>\n<meta property=\"og:url\" content=\"https:\/\/mula.es\/web\/alcaldia-el-alcalde-de-mula-se-reune-con-el-delegado-de-defensa-de-la-region-de-murcia\/\" \/>\n<meta property=\"og:site_name\" content=\"Ayuntamiento de Mula\" \/>\n<meta property=\"article:published_time\" content=\"2025-02-18T12:20:30+00:00\" \/>\n<meta property=\"article:modified_time\" content=\"2025-02-18T12:21:52+00:00\" \/>\n<meta property=\"og:image\" content=\"https:\/\/mula.es\/web\/wp-content\/uploads\/2020\/06\/escudo-cuadrado-e1591045058235.jpg\" \/>\n\t<meta property=\"og:image:width\" content=\"200\" \/>\n\t<meta property=\"og:image:height\" content=\"218\" \/>\n\t<meta property=\"og:image:type\" content=\"image\/jpeg\" \/>\n<meta name=\"author\" content=\"Laura Salas Orcajada\" \/>\n<meta name=\"twitter:card\" content=\"summary_large_image\" \/>\n<meta name=\"twitter:creator\" content=\"@AyuntamientMula\" \/>\n<meta name=\"twitter:site\" content=\"@AyuntamientMula\" \/>\n<meta name=\"twitter:label1\" content=\"Escrito por\" \/>\n\t<meta name=\"twitter:data1\" content=\"Laura Salas Orcajada\" \/>\n\t<meta name=\"twitter:label2\" content=\"Tiempo de lectura\" \/>\n\t<meta name=\"twitter:data2\" content=\"2 minutos\" \/>\n<script type=\"application\/ld+json\" class=\"yoast-schema-graph\">{\"@context\":\"https:\\\/\\\/schema.org\",\"@graph\":[{\"@type\":\"Article\",\"@id\":\"https:\\\/\\\/mula.es\\\/web\\\/alcaldia-el-alcalde-de-mula-se-reune-con-el-delegado-de-defensa-de-la-region-de-murcia\\\/#article\",\"isPartOf\":{\"@id\":\"https:\\\/\\\/mula.es\\\/web\\\/alcaldia-el-alcalde-de-mula-se-reune-con-el-delegado-de-defensa-de-la-region-de-murcia\\\/\"},\"author\":{\"name\":\"Laura Salas Orcajada\",\"@id\":\"https:\\\/\\\/mula.es\\\/web\\\/#\\\/schema\\\/person\\\/4f10179bd364f40dceed361e61e4033f\"},\"headline\":\"ALCALD\u00cdA | El alcalde de Mula se re\u00fane con el delegado de Defensa de la Regi\u00f3n de Murcia\",\"datePublished\":\"2025-02-18T12:20:30+00:00\",\"dateModified\":\"2025-02-18T12:21:52+00:00\",\"mainEntityOfPage\":{\"@id\":\"https:\\\/\\\/mula.es\\\/web\\\/alcaldia-el-alcalde-de-mula-se-reune-con-el-delegado-de-defensa-de-la-region-de-murcia\\\/\"},\"wordCount\":262,\"image\":{\"@id\":\"https:\\\/\\\/mula.es\\\/web\\\/alcaldia-el-alcalde-de-mula-se-reune-con-el-delegado-de-defensa-de-la-region-de-murcia\\\/#primaryimage\"},\"thumbnailUrl\":\"https:\\\/\\\/mula.es\\\/web\\\/wp-content\\\/uploads\\\/2020\\\/06\\\/escudo-cuadrado-e1591045058235.jpg\",\"articleSection\":[\"alcald\u00eda\"],\"inLanguage\":\"es\"},{\"@type\":\"WebPage\",\"@id\":\"https:\\\/\\\/mula.es\\\/web\\\/alcaldia-el-alcalde-de-mula-se-reune-con-el-delegado-de-defensa-de-la-region-de-murcia\\\/\",\"url\":\"https:\\\/\\\/mula.es\\\/web\\\/alcaldia-el-alcalde-de-mula-se-reune-con-el-delegado-de-defensa-de-la-region-de-murcia\\\/\",\"name\":\"ALCALD\u00cdA | El alcalde de Mula se re\u00fane con el delegado de Defensa de la Regi\u00f3n de Murcia - Ayuntamiento de Mula\",\"isPartOf\":{\"@id\":\"https:\\\/\\\/mula.es\\\/web\\\/#website\"},\"primaryImageOfPage\":{\"@id\":\"https:\\\/\\\/mula.es\\\/web\\\/alcaldia-el-alcalde-de-mula-se-reune-con-el-delegado-de-defensa-de-la-region-de-murcia\\\/#primaryimage\"},\"image\":{\"@id\":\"https:\\\/\\\/mula.es\\\/web\\\/alcaldia-el-alcalde-de-mula-se-reune-con-el-delegado-de-defensa-de-la-region-de-murcia\\\/#primaryimage\"},\"thumbnailUrl\":\"https:\\\/\\\/mula.es\\\/web\\\/wp-content\\\/uploads\\\/2020\\\/06\\\/escudo-cuadrado-e1591045058235.jpg\",\"datePublished\":\"2025-02-18T12:20:30+00:00\",\"dateModified\":\"2025-02-18T12:21:52+00:00\",\"author\":{\"@id\":\"https:\\\/\\\/mula.es\\\/web\\\/#\\\/schema\\\/person\\\/4f10179bd364f40dceed361e61e4033f\"},\"breadcrumb\":{\"@id\":\"https:\\\/\\\/mula.es\\\/web\\\/alcaldia-el-alcalde-de-mula-se-reune-con-el-delegado-de-defensa-de-la-region-de-murcia\\\/#breadcrumb\"},\"inLanguage\":\"es\",\"potentialAction\":[{\"@type\":\"ReadAction\",\"target\":[\"https:\\\/\\\/mula.es\\\/web\\\/alcaldia-el-alcalde-de-mula-se-reune-con-el-delegado-de-defensa-de-la-region-de-murcia\\\/\"]}]},{\"@type\":\"ImageObject\",\"inLanguage\":\"es\",\"@id\":\"https:\\\/\\\/mula.es\\\/web\\\/alcaldia-el-alcalde-de-mula-se-reune-con-el-delegado-de-defensa-de-la-region-de-murcia\\\/#primaryimage\",\"url\":\"https:\\\/\\\/mula.es\\\/web\\\/wp-content\\\/uploads\\\/2020\\\/06\\\/escudo-cuadrado-e1591045058235.jpg\",\"contentUrl\":\"https:\\\/\\\/mula.es\\\/web\\\/wp-content\\\/uploads\\\/2020\\\/06\\\/escudo-cuadrado-e1591045058235.jpg\",\"width\":200,\"height\":218},{\"@type\":\"BreadcrumbList\",\"@id\":\"https:\\\/\\\/mula.es\\\/web\\\/alcaldia-el-alcalde-de-mula-se-reune-con-el-delegado-de-defensa-de-la-region-de-murcia\\\/#breadcrumb\",\"itemListElement\":[{\"@type\":\"ListItem\",\"position\":1,\"name\":\"Portada\",\"item\":\"https:\\\/\\\/mula.es\\\/web\\\/\"},{\"@type\":\"ListItem\",\"position\":2,\"name\":\"ALCALD\u00cdA | El alcalde de Mula se re\u00fane con el delegado de Defensa de la Regi\u00f3n de Murcia\"}]},{\"@type\":\"WebSite\",\"@id\":\"https:\\\/\\\/mula.es\\\/web\\\/#website\",\"url\":\"https:\\\/\\\/mula.es\\\/web\\\/\",\"name\":\"Ayuntamiento de Mula\",\"description\":\"P\u00e1gina web del Ayuntamiento de Mula (Regi\u00f3n de Murcia)\",\"potentialAction\":[{\"@type\":\"SearchAction\",\"target\":{\"@type\":\"EntryPoint\",\"urlTemplate\":\"https:\\\/\\\/mula.es\\\/web\\\/?s={search_term_string}\"},\"query-input\":{\"@type\":\"PropertyValueSpecification\",\"valueRequired\":true,\"valueName\":\"search_term_string\"}}],\"inLanguage\":\"es\"},{\"@type\":\"Person\",\"@id\":\"https:\\\/\\\/mula.es\\\/web\\\/#\\\/schema\\\/person\\\/4f10179bd364f40dceed361e61e4033f\",\"name\":\"Laura Salas Orcajada\",\"image\":{\"@type\":\"ImageObject\",\"inLanguage\":\"es\",\"@id\":\"https:\\\/\\\/secure.gravatar.com\\\/avatar\\\/786f2a223d9a455e2a448f78b5dcc1117207ef56ef3d9a04df338c0f775cd403?s=96&d=mm&r=g\",\"url\":\"https:\\\/\\\/secure.gravatar.com\\\/avatar\\\/786f2a223d9a455e2a448f78b5dcc1117207ef56ef3d9a04df338c0f775cd403?s=96&d=mm&r=g\",\"contentUrl\":\"https:\\\/\\\/secure.gravatar.com\\\/avatar\\\/786f2a223d9a455e2a448f78b5dcc1117207ef56ef3d9a04df338c0f775cd403?s=96&d=mm&r=g\",\"caption\":\"Laura Salas Orcajada\"},\"url\":\"https:\\\/\\\/mula.es\\\/web\\\/author\\\/lsalas\\\/\"}]}<\/script>\n<!-- \/ Yoast SEO plugin. -->","yoast_head_json":{"title":"ALCALD\u00cdA | El alcalde de Mula se re\u00fane con el delegado de Defensa de la Regi\u00f3n de Murcia - Ayuntamiento de Mula","robots":{"index":"index","follow":"follow","max-snippet":"max-snippet:-1","max-image-preview":"max-image-preview:large","max-video-preview":"max-video-preview:-1"},"canonical":"https:\/\/mula.es\/web\/alcaldia-el-alcalde-de-mula-se-reune-con-el-delegado-de-defensa-de-la-region-de-murcia\/","og_locale":"es_ES","og_type":"article","og_title":"ALCALD\u00cdA | El alcalde de Mula se re\u00fane con el delegado de Defensa de la Regi\u00f3n de Murcia - Ayuntamiento de Mula","og_description":"NOTA DE PRENSA &#8211; 18 DE FEBRERO DE 2025 \u00a0 \u00a0 El alcalde de Mula se re\u00fane con el delegado de Defensa de la Regi\u00f3n de Murcia \u00a0 El alcalde de Mula, Juan Jes\u00fas Moreno, ha mantenido un encuentro institucional con el delegado de Defensa en la Regi\u00f3n de Murcia, el capit\u00e1n de Nav\u00edo Gustavo [...]","og_url":"https:\/\/mula.es\/web\/alcaldia-el-alcalde-de-mula-se-reune-con-el-delegado-de-defensa-de-la-region-de-murcia\/","og_site_name":"Ayuntamiento de Mula","article_published_time":"2025-02-18T12:20:30+00:00","article_modified_time":"2025-02-18T12:21:52+00:00","og_image":[{"width":200,"height":218,"url":"https:\/\/mula.es\/web\/wp-content\/uploads\/2020\/06\/escudo-cuadrado-e1591045058235.jpg","type":"image\/jpeg"}],"author":"Laura Salas Orcajada","twitter_card":"summary_large_image","twitter_creator":"@AyuntamientMula","twitter_site":"@AyuntamientMula","twitter_misc":{"Escrito por":"Laura Salas Orcajada","Tiempo de lectura":"2 minutos"},"schema":{"@context":"https:\/\/schema.org","@graph":[{"@type":"Article","@id":"https:\/\/mula.es\/web\/alcaldia-el-alcalde-de-mula-se-reune-con-el-delegado-de-defensa-de-la-region-de-murcia\/#article","isPartOf":{"@id":"https:\/\/mula.es\/web\/alcaldia-el-alcalde-de-mula-se-reune-con-el-delegado-de-defensa-de-la-region-de-murcia\/"},"author":{"name":"Laura Salas Orcajada","@id":"https:\/\/mula.es\/web\/#\/schema\/person\/4f10179bd364f40dceed361e61e4033f"},"headline":"ALCALD\u00cdA | El alcalde de Mula se re\u00fane con el delegado de Defensa de la Regi\u00f3n de Murcia","datePublished":"2025-02-18T12:20:30+00:00","dateModified":"2025-02-18T12:21:52+00:00","mainEntityOfPage":{"@id":"https:\/\/mula.es\/web\/alcaldia-el-alcalde-de-mula-se-reune-con-el-delegado-de-defensa-de-la-region-de-murcia\/"},"wordCount":262,"image":{"@id":"https:\/\/mula.es\/web\/alcaldia-el-alcalde-de-mula-se-reune-con-el-delegado-de-defensa-de-la-region-de-murcia\/#primaryimage"},"thumbnailUrl":"https:\/\/mula.es\/web\/wp-content\/uploads\/2020\/06\/escudo-cuadrado-e1591045058235.jpg","articleSection":["alcald\u00eda"],"inLanguage":"es"},{"@type":"WebPage","@id":"https:\/\/mula.es\/web\/alcaldia-el-alcalde-de-mula-se-reune-con-el-delegado-de-defensa-de-la-region-de-murcia\/","url":"https:\/\/mula.es\/web\/alcaldia-el-alcalde-de-mula-se-reune-con-el-delegado-de-defensa-de-la-region-de-murcia\/","name":"ALCALD\u00cdA | El alcalde de Mula se re\u00fane con el delegado de Defensa de la Regi\u00f3n de Murcia - Ayuntamiento de Mula","isPartOf":{"@id":"https:\/\/mula.es\/web\/#website"},"primaryImageOfPage":{"@id":"https:\/\/mula.es\/web\/alcaldia-el-alcalde-de-mula-se-reune-con-el-delegado-de-defensa-de-la-region-de-murcia\/#primaryimage"},"image":{"@id":"https:\/\/mula.es\/web\/alcaldia-el-alcalde-de-mula-se-reune-con-el-delegado-de-defensa-de-la-region-de-murcia\/#primaryimage"},"thumbnailUrl":"https:\/\/mula.es\/web\/wp-content\/uploads\/2020\/06\/escudo-cuadrado-e1591045058235.jpg","datePublished":"2025-02-18T12:20:30+00:00","dateModified":"2025-02-18T12:21:52+00:00","author":{"@id":"https:\/\/mula.es\/web\/#\/schema\/person\/4f10179bd364f40dceed361e61e4033f"},"breadcrumb":{"@id":"https:\/\/mula.es\/web\/alcaldia-el-alcalde-de-mula-se-reune-con-el-delegado-de-defensa-de-la-region-de-murcia\/#breadcrumb"},"inLanguage":"es","potentialAction":[{"@type":"ReadAction","target":["https:\/\/mula.es\/web\/alcaldia-el-alcalde-de-mula-se-reune-con-el-delegado-de-defensa-de-la-region-de-murcia\/"]}]},{"@type":"ImageObject","inLanguage":"es","@id":"https:\/\/mula.es\/web\/alcaldia-el-alcalde-de-mula-se-reune-con-el-delegado-de-defensa-de-la-region-de-murcia\/#primaryimage","url":"https:\/\/mula.es\/web\/wp-content\/uploads\/2020\/06\/escudo-cuadrado-e1591045058235.jpg","contentUrl":"https:\/\/mula.es\/web\/wp-content\/uploads\/2020\/06\/escudo-cuadrado-e1591045058235.jpg","width":200,"height":218},{"@type":"BreadcrumbList","@id":"https:\/\/mula.es\/web\/alcaldia-el-alcalde-de-mula-se-reune-con-el-delegado-de-defensa-de-la-region-de-murcia\/#breadcrumb","itemListElement":[{"@type":"ListItem","position":1,"name":"Portada","item":"https:\/\/mula.es\/web\/"},{"@type":"ListItem","position":2,"name":"ALCALD\u00cdA | El alcalde de Mula se re\u00fane con el delegado de Defensa de la Regi\u00f3n de Murcia"}]},{"@type":"WebSite","@id":"https:\/\/mula.es\/web\/#website","url":"https:\/\/mula.es\/web\/","name":"Ayuntamiento de Mula","description":"P\u00e1gina web del Ayuntamiento de Mula (Regi\u00f3n de Murcia)","potentialAction":[{"@type":"SearchAction","target":{"@type":"EntryPoint","urlTemplate":"https:\/\/mula.es\/web\/?s={search_term_string}"},"query-input":{"@type":"PropertyValueSpecification","valueRequired":true,"valueName":"search_term_string"}}],"inLanguage":"es"},{"@type":"Person","@id":"https:\/\/mula.es\/web\/#\/schema\/person\/4f10179bd364f40dceed361e61e4033f","name":"Laura Salas Orcajada","image":{"@type":"ImageObject","inLanguage":"es","@id":"https:\/\/secure.gravatar.com\/avatar\/786f2a223d9a455e2a448f78b5dcc1117207ef56ef3d9a04df338c0f775cd403?s=96&d=mm&r=g","url":"https:\/\/secure.gravatar.com\/avatar\/786f2a223d9a455e2a448f78b5dcc1117207ef56ef3d9a04df338c0f775cd403?s=96&d=mm&r=g","contentUrl":"https:\/\/secure.gravatar.com\/avatar\/786f2a223d9a455e2a448f78b5dcc1117207ef56ef3d9a04df338c0f775cd403?s=96&d=mm&r=g","caption":"Laura Salas Orcajada"},"url":"https:\/\/mula.es\/web\/author\/lsalas\/"}]}},"jetpack_publicize_connections":[],"jetpack_featured_media_url":"https:\/\/mula.es\/web\/wp-content\/uploads\/2020\/06\/escudo-cuadrado-e1591045058235.jpg","jetpack_sharing_enabled":true,"jetpack_shortlink":"https:\/\/wp.me\/pa9DMY-eXf","jetpack-related-posts":[],"_links":{"self":[{"href":"https:\/\/mula.es\/web\/wp-json\/wp\/v2\/posts\/57489","targetHints":{"allow":["GET"]}}],"collection":[{"href":"https:\/\/mula.es\/web\/wp-json\/wp\/v2\/posts"}],"about":[{"href":"https:\/\/mula.es\/web\/wp-json\/wp\/v2\/types\/post"}],"author":[{"embeddable":true,"href":"https:\/\/mula.es\/web\/wp-json\/wp\/v2\/users\/13"}],"replies":[{"embeddable":true,"href":"https:\/\/mula.es\/web\/wp-json\/wp\/v2\/comments?post=57489"}],"version-history":[{"count":1,"href":"https:\/\/mula.es\/web\/wp-json\/wp\/v2\/posts\/57489\/revisions"}],"predecessor-version":[{"id":57492,"href":"https:\/\/mula.es\/web\/wp-json\/wp\/v2\/posts\/57489\/revisions\/57492"}],"wp:featuredmedia":[{"embeddable":true,"href":"https:\/\/mula.es\/web\/wp-json\/wp\/v2\/media\/33512"}],"wp:attachment":[{"href":"https:\/\/mula.es\/web\/wp-json\/wp\/v2\/media?parent=57489"}],"wp:term":[{"taxonomy":"category","embeddable":true,"href":"https:\/\/mula.es\/web\/wp-json\/wp\/v2\/categories?post=57489"},{"taxonomy":"post_tag","embeddable":true,"href":"https:\/\/mula.es\/web\/wp-json\/wp\/v2\/tags?post=57489"}],"curies":[{"name":"wp","href":"https:\/\/api.w.org\/{rel}","templated":true}]}}