{"id":58024,"date":"2025-03-26T09:50:33","date_gmt":"2025-03-26T08:50:33","guid":{"rendered":"https:\/\/mula.es\/web\/?p=58024"},"modified":"2025-03-26T09:50:33","modified_gmt":"2025-03-26T08:50:33","slug":"cultura-abril-se-llena-de-letras-mula-celebra-el-mes-del-libro-con-una-programacion-para-todos-los-publicos","status":"publish","type":"post","link":"https:\/\/mula.es\/web\/cultura-abril-se-llena-de-letras-mula-celebra-el-mes-del-libro-con-una-programacion-para-todos-los-publicos\/","title":{"rendered":"CULTURA | Abril se llena de letras: Mula celebra el Mes del Libro con una programaci\u00f3n para todos los p\u00fablicos"},"content":{"rendered":"<p><strong>NOTA DE PRENSA &#8211; 26 DE MARZO DE 2025<\/strong><\/p>\n<p><strong>\u00a0<\/strong><\/p>\n<h2><strong>\u00a0<\/strong><\/h2>\n<h2><strong>Abril se llena de letras: Mula celebra el Mes del Libro con una programaci\u00f3n para todos los p\u00fablicos<\/strong><\/h2>\n<h2><strong>\u00a0<\/strong><\/h2>\n<p>El concejal de Cultura del Ayuntamiento de Mula, Diego Boluda, ha presentado la programaci\u00f3n organizada con motivo del Mes del Libro, que se desarrollar\u00e1 a lo largo del mes de abril con actividades pensadas para fomentar el gusto por la lectura y acercar la literatura a toda la ciudadan\u00eda.<\/p>\n<p>\u201cDesde la concejal\u00eda de Cultura y la Biblioteca Municipal de Mula trabajamos cada a\u00f1o para que abril sea un mes especial en torno al libro, con propuestas pensadas para todos los perfiles de lectores y lectoras. Es un orgullo poder anunciar una programaci\u00f3n diversa, participativa y enriquecedora\u201d, ha se\u00f1alado el concejal.<\/p>\n<p>Uno de los eventos centrales ser\u00e1 la Feria del Libro, que se celebrar\u00e1 el domingo 6 de abril, de 11:00 a 14:00 horas, en la Plaza del Hospital. Participar\u00e1n librer\u00edas locales, escritores y escritoras invitados, as\u00ed como asociaciones culturales que contar\u00e1n con sus propios stands. Adem\u00e1s, la feria incluir\u00e1 dos actividades paralelas: el espect\u00e1culo de magia \u201cLa Biblioteca Encantada\u201d, a cargo del mago Guillermo Avil\u00e9s, y un taller de marcap\u00e1ginas impartido por Cultura de Calle.<\/p>\n<p>La programaci\u00f3n comenzar\u00e1 el jueves 3 de abril con un cuentacuentos protagonizado por alumnado de Fuente Librilla. Continuar\u00e1 el jueves 24 de abril, a las 19:00 h, con un recital de poes\u00eda de Isabel del Toro, autora de <em>Tiempo le pido al tiempo<\/em>, que tendr\u00e1 lugar en el sal\u00f3n de actos del Archivo Municipal.<\/p>\n<p>El viernes 25 de abril se celebrar\u00e1 la III Feria Interescolar en la Plaza del Hospital, con la participaci\u00f3n de todos los institutos del municipio y del CEA R\u00edo Mula. Durante la jornada se desarrollar\u00e1 la actividad \u201cLa ruta de los libros\u201d, en colaboraci\u00f3n con la Asociaci\u00f3n Cachivache.<\/p>\n<p>El martes 29 de abril, a las 17:30 h, tendr\u00e1 lugar la reuni\u00f3n del Club de Lectura en la Biblioteca Municipal, centrada en el libro <em>La playa de los ahogados<\/em>, de Domingo Villar.<\/p>\n<p>Durante todo el mes estar\u00e1 activa la campa\u00f1a \u201cElige tu libro\u201d, mediante la cual se ofrecer\u00e1n libros procedentes de donaciones y expurgos en la entrada de la Biblioteca Municipal, para que los usuarios puedan llev\u00e1rselos a casa y darles as\u00ed una segunda vida.<\/p>\n<p>El concejal Diego Boluda ha querido agradecer especialmente al personal de la Biblioteca Municipal por su dedicaci\u00f3n e implicaci\u00f3n en toda la programaci\u00f3n, as\u00ed como a Jes\u00fas Boluda del Toro por su colaboraci\u00f3n en la organizaci\u00f3n. Tambi\u00e9n ha extendido su agradecimiento a las librer\u00edas locales participantes \u201cpor su compromiso con la cultura y su colaboraci\u00f3n en esta cita tan importante para Mula\u201d.<\/p>\n<p>\u201cInvitamos a toda la ciudadan\u00eda a sumarse a estas actividades, a disfrutar de los libros y a seguir haciendo de Mula una ciudad que lee y que cree en la cultura como motor de crecimiento colectivo\u201d, ha concluido el concejal.<\/p>\n<p>&nbsp;<\/p>\n<p>&nbsp;<\/p>\n","protected":false},"excerpt":{"rendered":"<p>NOTA DE PRENSA &#8211; 26 DE MARZO DE 2025 \u00a0 \u00a0 Abril se llena de letras: Mula celebra el Mes del Libro con una programaci\u00f3n para todos los p\u00fablicos \u00a0 El concejal de Cultura del Ayuntamiento de Mula, Diego Boluda, ha presentado la programaci\u00f3n organizada con motivo del Mes del Libro, que se desarrollar\u00e1 a  [&#8230;]<\/p>\n","protected":false},"author":13,"featured_media":33512,"comment_status":"closed","ping_status":"closed","sticky":false,"template":"","format":"standard","meta":{"jetpack_post_was_ever_published":false,"_jetpack_newsletter_access":"","_jetpack_dont_email_post_to_subs":false,"_jetpack_newsletter_tier_id":0,"_jetpack_memberships_contains_paywalled_content":false,"_jetpack_memberships_contains_paid_content":false,"footnotes":"","jetpack_publicize_message":"","jetpack_publicize_feature_enabled":true,"jetpack_social_post_already_shared":false,"jetpack_social_options":{"image_generator_settings":{"template":"highway","default_image_id":0,"font":"","enabled":false},"version":2}},"categories":[97],"tags":[],"class_list":["post-58024","post","type-post","status-publish","format-standard","has-post-thumbnail","hentry","category-cultura"],"yoast_head":"<!-- This site is optimized with the Yoast SEO plugin v27.5 - https:\/\/yoast.com\/product\/yoast-seo-wordpress\/ -->\n<title>CULTURA | Abril se llena de letras: Mula celebra el Mes del Libro con una programaci\u00f3n para todos los p\u00fablicos - Ayuntamiento de Mula<\/title>\n<meta name=\"robots\" content=\"index, follow, max-snippet:-1, max-image-preview:large, max-video-preview:-1\" \/>\n<link rel=\"canonical\" href=\"https:\/\/mula.es\/web\/cultura-abril-se-llena-de-letras-mula-celebra-el-mes-del-libro-con-una-programacion-para-todos-los-publicos\/\" \/>\n<meta property=\"og:locale\" content=\"es_ES\" \/>\n<meta property=\"og:type\" content=\"article\" \/>\n<meta property=\"og:title\" content=\"CULTURA | Abril se llena de letras: Mula celebra el Mes del Libro con una programaci\u00f3n para todos los p\u00fablicos - Ayuntamiento de Mula\" \/>\n<meta property=\"og:description\" content=\"NOTA DE PRENSA &#8211; 26 DE MARZO DE 2025 \u00a0 \u00a0 Abril se llena de letras: Mula celebra el Mes del Libro con una programaci\u00f3n para todos los p\u00fablicos \u00a0 El concejal de Cultura del Ayuntamiento de Mula, Diego Boluda, ha presentado la programaci\u00f3n organizada con motivo del Mes del Libro, que se desarrollar\u00e1 a [...]\" \/>\n<meta property=\"og:url\" content=\"https:\/\/mula.es\/web\/cultura-abril-se-llena-de-letras-mula-celebra-el-mes-del-libro-con-una-programacion-para-todos-los-publicos\/\" \/>\n<meta property=\"og:site_name\" content=\"Ayuntamiento de Mula\" \/>\n<meta property=\"article:published_time\" content=\"2025-03-26T08:50:33+00:00\" \/>\n<meta property=\"og:image\" content=\"https:\/\/mula.es\/web\/wp-content\/uploads\/2020\/06\/escudo-cuadrado-e1591045058235.jpg\" \/>\n\t<meta property=\"og:image:width\" content=\"200\" \/>\n\t<meta property=\"og:image:height\" content=\"218\" \/>\n\t<meta property=\"og:image:type\" content=\"image\/jpeg\" \/>\n<meta name=\"author\" content=\"Laura Salas Orcajada\" \/>\n<meta name=\"twitter:card\" content=\"summary_large_image\" \/>\n<meta name=\"twitter:creator\" content=\"@AyuntamientMula\" \/>\n<meta name=\"twitter:site\" content=\"@AyuntamientMula\" \/>\n<meta name=\"twitter:label1\" content=\"Escrito por\" \/>\n\t<meta name=\"twitter:data1\" content=\"Laura Salas Orcajada\" \/>\n\t<meta name=\"twitter:label2\" content=\"Tiempo de lectura\" \/>\n\t<meta name=\"twitter:data2\" content=\"3 minutos\" \/>\n<script type=\"application\/ld+json\" class=\"yoast-schema-graph\">{\"@context\":\"https:\\\/\\\/schema.org\",\"@graph\":[{\"@type\":\"Article\",\"@id\":\"https:\\\/\\\/mula.es\\\/web\\\/cultura-abril-se-llena-de-letras-mula-celebra-el-mes-del-libro-con-una-programacion-para-todos-los-publicos\\\/#article\",\"isPartOf\":{\"@id\":\"https:\\\/\\\/mula.es\\\/web\\\/cultura-abril-se-llena-de-letras-mula-celebra-el-mes-del-libro-con-una-programacion-para-todos-los-publicos\\\/\"},\"author\":{\"name\":\"Laura Salas Orcajada\",\"@id\":\"https:\\\/\\\/mula.es\\\/web\\\/#\\\/schema\\\/person\\\/4f10179bd364f40dceed361e61e4033f\"},\"headline\":\"CULTURA | Abril se llena de letras: Mula celebra el Mes del Libro con una programaci\u00f3n para todos los p\u00fablicos\",\"datePublished\":\"2025-03-26T08:50:33+00:00\",\"mainEntityOfPage\":{\"@id\":\"https:\\\/\\\/mula.es\\\/web\\\/cultura-abril-se-llena-de-letras-mula-celebra-el-mes-del-libro-con-una-programacion-para-todos-los-publicos\\\/\"},\"wordCount\":530,\"image\":{\"@id\":\"https:\\\/\\\/mula.es\\\/web\\\/cultura-abril-se-llena-de-letras-mula-celebra-el-mes-del-libro-con-una-programacion-para-todos-los-publicos\\\/#primaryimage\"},\"thumbnailUrl\":\"https:\\\/\\\/mula.es\\\/web\\\/wp-content\\\/uploads\\\/2020\\\/06\\\/escudo-cuadrado-e1591045058235.jpg\",\"articleSection\":[\"cultura\"],\"inLanguage\":\"es\"},{\"@type\":\"WebPage\",\"@id\":\"https:\\\/\\\/mula.es\\\/web\\\/cultura-abril-se-llena-de-letras-mula-celebra-el-mes-del-libro-con-una-programacion-para-todos-los-publicos\\\/\",\"url\":\"https:\\\/\\\/mula.es\\\/web\\\/cultura-abril-se-llena-de-letras-mula-celebra-el-mes-del-libro-con-una-programacion-para-todos-los-publicos\\\/\",\"name\":\"CULTURA | Abril se llena de letras: Mula celebra el Mes del Libro con una programaci\u00f3n para todos los p\u00fablicos - Ayuntamiento de Mula\",\"isPartOf\":{\"@id\":\"https:\\\/\\\/mula.es\\\/web\\\/#website\"},\"primaryImageOfPage\":{\"@id\":\"https:\\\/\\\/mula.es\\\/web\\\/cultura-abril-se-llena-de-letras-mula-celebra-el-mes-del-libro-con-una-programacion-para-todos-los-publicos\\\/#primaryimage\"},\"image\":{\"@id\":\"https:\\\/\\\/mula.es\\\/web\\\/cultura-abril-se-llena-de-letras-mula-celebra-el-mes-del-libro-con-una-programacion-para-todos-los-publicos\\\/#primaryimage\"},\"thumbnailUrl\":\"https:\\\/\\\/mula.es\\\/web\\\/wp-content\\\/uploads\\\/2020\\\/06\\\/escudo-cuadrado-e1591045058235.jpg\",\"datePublished\":\"2025-03-26T08:50:33+00:00\",\"author\":{\"@id\":\"https:\\\/\\\/mula.es\\\/web\\\/#\\\/schema\\\/person\\\/4f10179bd364f40dceed361e61e4033f\"},\"breadcrumb\":{\"@id\":\"https:\\\/\\\/mula.es\\\/web\\\/cultura-abril-se-llena-de-letras-mula-celebra-el-mes-del-libro-con-una-programacion-para-todos-los-publicos\\\/#breadcrumb\"},\"inLanguage\":\"es\",\"potentialAction\":[{\"@type\":\"ReadAction\",\"target\":[\"https:\\\/\\\/mula.es\\\/web\\\/cultura-abril-se-llena-de-letras-mula-celebra-el-mes-del-libro-con-una-programacion-para-todos-los-publicos\\\/\"]}]},{\"@type\":\"ImageObject\",\"inLanguage\":\"es\",\"@id\":\"https:\\\/\\\/mula.es\\\/web\\\/cultura-abril-se-llena-de-letras-mula-celebra-el-mes-del-libro-con-una-programacion-para-todos-los-publicos\\\/#primaryimage\",\"url\":\"https:\\\/\\\/mula.es\\\/web\\\/wp-content\\\/uploads\\\/2020\\\/06\\\/escudo-cuadrado-e1591045058235.jpg\",\"contentUrl\":\"https:\\\/\\\/mula.es\\\/web\\\/wp-content\\\/uploads\\\/2020\\\/06\\\/escudo-cuadrado-e1591045058235.jpg\",\"width\":200,\"height\":218},{\"@type\":\"BreadcrumbList\",\"@id\":\"https:\\\/\\\/mula.es\\\/web\\\/cultura-abril-se-llena-de-letras-mula-celebra-el-mes-del-libro-con-una-programacion-para-todos-los-publicos\\\/#breadcrumb\",\"itemListElement\":[{\"@type\":\"ListItem\",\"position\":1,\"name\":\"Portada\",\"item\":\"https:\\\/\\\/mula.es\\\/web\\\/\"},{\"@type\":\"ListItem\",\"position\":2,\"name\":\"CULTURA | Abril se llena de letras: Mula celebra el Mes del Libro con una programaci\u00f3n para todos los p\u00fablicos\"}]},{\"@type\":\"WebSite\",\"@id\":\"https:\\\/\\\/mula.es\\\/web\\\/#website\",\"url\":\"https:\\\/\\\/mula.es\\\/web\\\/\",\"name\":\"Ayuntamiento de Mula\",\"description\":\"P\u00e1gina web del Ayuntamiento de Mula (Regi\u00f3n de Murcia)\",\"potentialAction\":[{\"@type\":\"SearchAction\",\"target\":{\"@type\":\"EntryPoint\",\"urlTemplate\":\"https:\\\/\\\/mula.es\\\/web\\\/?s={search_term_string}\"},\"query-input\":{\"@type\":\"PropertyValueSpecification\",\"valueRequired\":true,\"valueName\":\"search_term_string\"}}],\"inLanguage\":\"es\"},{\"@type\":\"Person\",\"@id\":\"https:\\\/\\\/mula.es\\\/web\\\/#\\\/schema\\\/person\\\/4f10179bd364f40dceed361e61e4033f\",\"name\":\"Laura Salas Orcajada\",\"image\":{\"@type\":\"ImageObject\",\"inLanguage\":\"es\",\"@id\":\"https:\\\/\\\/secure.gravatar.com\\\/avatar\\\/786f2a223d9a455e2a448f78b5dcc1117207ef56ef3d9a04df338c0f775cd403?s=96&d=mm&r=g\",\"url\":\"https:\\\/\\\/secure.gravatar.com\\\/avatar\\\/786f2a223d9a455e2a448f78b5dcc1117207ef56ef3d9a04df338c0f775cd403?s=96&d=mm&r=g\",\"contentUrl\":\"https:\\\/\\\/secure.gravatar.com\\\/avatar\\\/786f2a223d9a455e2a448f78b5dcc1117207ef56ef3d9a04df338c0f775cd403?s=96&d=mm&r=g\",\"caption\":\"Laura Salas Orcajada\"},\"url\":\"https:\\\/\\\/mula.es\\\/web\\\/author\\\/lsalas\\\/\"}]}<\/script>\n<!-- \/ Yoast SEO plugin. -->","yoast_head_json":{"title":"CULTURA | Abril se llena de letras: Mula celebra el Mes del Libro con una programaci\u00f3n para todos los p\u00fablicos - Ayuntamiento de Mula","robots":{"index":"index","follow":"follow","max-snippet":"max-snippet:-1","max-image-preview":"max-image-preview:large","max-video-preview":"max-video-preview:-1"},"canonical":"https:\/\/mula.es\/web\/cultura-abril-se-llena-de-letras-mula-celebra-el-mes-del-libro-con-una-programacion-para-todos-los-publicos\/","og_locale":"es_ES","og_type":"article","og_title":"CULTURA | Abril se llena de letras: Mula celebra el Mes del Libro con una programaci\u00f3n para todos los p\u00fablicos - Ayuntamiento de Mula","og_description":"NOTA DE PRENSA &#8211; 26 DE MARZO DE 2025 \u00a0 \u00a0 Abril se llena de letras: Mula celebra el Mes del Libro con una programaci\u00f3n para todos los p\u00fablicos \u00a0 El concejal de Cultura del Ayuntamiento de Mula, Diego Boluda, ha presentado la programaci\u00f3n organizada con motivo del Mes del Libro, que se desarrollar\u00e1 a [...]","og_url":"https:\/\/mula.es\/web\/cultura-abril-se-llena-de-letras-mula-celebra-el-mes-del-libro-con-una-programacion-para-todos-los-publicos\/","og_site_name":"Ayuntamiento de Mula","article_published_time":"2025-03-26T08:50:33+00:00","og_image":[{"width":200,"height":218,"url":"https:\/\/mula.es\/web\/wp-content\/uploads\/2020\/06\/escudo-cuadrado-e1591045058235.jpg","type":"image\/jpeg"}],"author":"Laura Salas Orcajada","twitter_card":"summary_large_image","twitter_creator":"@AyuntamientMula","twitter_site":"@AyuntamientMula","twitter_misc":{"Escrito por":"Laura Salas Orcajada","Tiempo de lectura":"3 minutos"},"schema":{"@context":"https:\/\/schema.org","@graph":[{"@type":"Article","@id":"https:\/\/mula.es\/web\/cultura-abril-se-llena-de-letras-mula-celebra-el-mes-del-libro-con-una-programacion-para-todos-los-publicos\/#article","isPartOf":{"@id":"https:\/\/mula.es\/web\/cultura-abril-se-llena-de-letras-mula-celebra-el-mes-del-libro-con-una-programacion-para-todos-los-publicos\/"},"author":{"name":"Laura Salas Orcajada","@id":"https:\/\/mula.es\/web\/#\/schema\/person\/4f10179bd364f40dceed361e61e4033f"},"headline":"CULTURA | Abril se llena de letras: Mula celebra el Mes del Libro con una programaci\u00f3n para todos los p\u00fablicos","datePublished":"2025-03-26T08:50:33+00:00","mainEntityOfPage":{"@id":"https:\/\/mula.es\/web\/cultura-abril-se-llena-de-letras-mula-celebra-el-mes-del-libro-con-una-programacion-para-todos-los-publicos\/"},"wordCount":530,"image":{"@id":"https:\/\/mula.es\/web\/cultura-abril-se-llena-de-letras-mula-celebra-el-mes-del-libro-con-una-programacion-para-todos-los-publicos\/#primaryimage"},"thumbnailUrl":"https:\/\/mula.es\/web\/wp-content\/uploads\/2020\/06\/escudo-cuadrado-e1591045058235.jpg","articleSection":["cultura"],"inLanguage":"es"},{"@type":"WebPage","@id":"https:\/\/mula.es\/web\/cultura-abril-se-llena-de-letras-mula-celebra-el-mes-del-libro-con-una-programacion-para-todos-los-publicos\/","url":"https:\/\/mula.es\/web\/cultura-abril-se-llena-de-letras-mula-celebra-el-mes-del-libro-con-una-programacion-para-todos-los-publicos\/","name":"CULTURA | Abril se llena de letras: Mula celebra el Mes del Libro con una programaci\u00f3n para todos los p\u00fablicos - Ayuntamiento de Mula","isPartOf":{"@id":"https:\/\/mula.es\/web\/#website"},"primaryImageOfPage":{"@id":"https:\/\/mula.es\/web\/cultura-abril-se-llena-de-letras-mula-celebra-el-mes-del-libro-con-una-programacion-para-todos-los-publicos\/#primaryimage"},"image":{"@id":"https:\/\/mula.es\/web\/cultura-abril-se-llena-de-letras-mula-celebra-el-mes-del-libro-con-una-programacion-para-todos-los-publicos\/#primaryimage"},"thumbnailUrl":"https:\/\/mula.es\/web\/wp-content\/uploads\/2020\/06\/escudo-cuadrado-e1591045058235.jpg","datePublished":"2025-03-26T08:50:33+00:00","author":{"@id":"https:\/\/mula.es\/web\/#\/schema\/person\/4f10179bd364f40dceed361e61e4033f"},"breadcrumb":{"@id":"https:\/\/mula.es\/web\/cultura-abril-se-llena-de-letras-mula-celebra-el-mes-del-libro-con-una-programacion-para-todos-los-publicos\/#breadcrumb"},"inLanguage":"es","potentialAction":[{"@type":"ReadAction","target":["https:\/\/mula.es\/web\/cultura-abril-se-llena-de-letras-mula-celebra-el-mes-del-libro-con-una-programacion-para-todos-los-publicos\/"]}]},{"@type":"ImageObject","inLanguage":"es","@id":"https:\/\/mula.es\/web\/cultura-abril-se-llena-de-letras-mula-celebra-el-mes-del-libro-con-una-programacion-para-todos-los-publicos\/#primaryimage","url":"https:\/\/mula.es\/web\/wp-content\/uploads\/2020\/06\/escudo-cuadrado-e1591045058235.jpg","contentUrl":"https:\/\/mula.es\/web\/wp-content\/uploads\/2020\/06\/escudo-cuadrado-e1591045058235.jpg","width":200,"height":218},{"@type":"BreadcrumbList","@id":"https:\/\/mula.es\/web\/cultura-abril-se-llena-de-letras-mula-celebra-el-mes-del-libro-con-una-programacion-para-todos-los-publicos\/#breadcrumb","itemListElement":[{"@type":"ListItem","position":1,"name":"Portada","item":"https:\/\/mula.es\/web\/"},{"@type":"ListItem","position":2,"name":"CULTURA | Abril se llena de letras: Mula celebra el Mes del Libro con una programaci\u00f3n para todos los p\u00fablicos"}]},{"@type":"WebSite","@id":"https:\/\/mula.es\/web\/#website","url":"https:\/\/mula.es\/web\/","name":"Ayuntamiento de Mula","description":"P\u00e1gina web del Ayuntamiento de Mula (Regi\u00f3n de Murcia)","potentialAction":[{"@type":"SearchAction","target":{"@type":"EntryPoint","urlTemplate":"https:\/\/mula.es\/web\/?s={search_term_string}"},"query-input":{"@type":"PropertyValueSpecification","valueRequired":true,"valueName":"search_term_string"}}],"inLanguage":"es"},{"@type":"Person","@id":"https:\/\/mula.es\/web\/#\/schema\/person\/4f10179bd364f40dceed361e61e4033f","name":"Laura Salas Orcajada","image":{"@type":"ImageObject","inLanguage":"es","@id":"https:\/\/secure.gravatar.com\/avatar\/786f2a223d9a455e2a448f78b5dcc1117207ef56ef3d9a04df338c0f775cd403?s=96&d=mm&r=g","url":"https:\/\/secure.gravatar.com\/avatar\/786f2a223d9a455e2a448f78b5dcc1117207ef56ef3d9a04df338c0f775cd403?s=96&d=mm&r=g","contentUrl":"https:\/\/secure.gravatar.com\/avatar\/786f2a223d9a455e2a448f78b5dcc1117207ef56ef3d9a04df338c0f775cd403?s=96&d=mm&r=g","caption":"Laura Salas Orcajada"},"url":"https:\/\/mula.es\/web\/author\/lsalas\/"}]}},"jetpack_publicize_connections":[],"jetpack_featured_media_url":"https:\/\/mula.es\/web\/wp-content\/uploads\/2020\/06\/escudo-cuadrado-e1591045058235.jpg","jetpack_sharing_enabled":true,"jetpack_shortlink":"https:\/\/wp.me\/pa9DMY-f5S","jetpack-related-posts":[],"_links":{"self":[{"href":"https:\/\/mula.es\/web\/wp-json\/wp\/v2\/posts\/58024","targetHints":{"allow":["GET"]}}],"collection":[{"href":"https:\/\/mula.es\/web\/wp-json\/wp\/v2\/posts"}],"about":[{"href":"https:\/\/mula.es\/web\/wp-json\/wp\/v2\/types\/post"}],"author":[{"embeddable":true,"href":"https:\/\/mula.es\/web\/wp-json\/wp\/v2\/users\/13"}],"replies":[{"embeddable":true,"href":"https:\/\/mula.es\/web\/wp-json\/wp\/v2\/comments?post=58024"}],"version-history":[{"count":1,"href":"https:\/\/mula.es\/web\/wp-json\/wp\/v2\/posts\/58024\/revisions"}],"predecessor-version":[{"id":58025,"href":"https:\/\/mula.es\/web\/wp-json\/wp\/v2\/posts\/58024\/revisions\/58025"}],"wp:featuredmedia":[{"embeddable":true,"href":"https:\/\/mula.es\/web\/wp-json\/wp\/v2\/media\/33512"}],"wp:attachment":[{"href":"https:\/\/mula.es\/web\/wp-json\/wp\/v2\/media?parent=58024"}],"wp:term":[{"taxonomy":"category","embeddable":true,"href":"https:\/\/mula.es\/web\/wp-json\/wp\/v2\/categories?post=58024"},{"taxonomy":"post_tag","embeddable":true,"href":"https:\/\/mula.es\/web\/wp-json\/wp\/v2\/tags?post=58024"}],"curies":[{"name":"wp","href":"https:\/\/api.w.org\/{rel}","templated":true}]}}