{"id":58026,"date":"2025-03-26T15:13:36","date_gmt":"2025-03-26T14:13:36","guid":{"rendered":"https:\/\/mula.es\/web\/?p=58026"},"modified":"2025-03-26T15:13:36","modified_gmt":"2025-03-26T14:13:36","slug":"turismo-mula-recibe-tres-distinciones-como-senderos-azules-2025-y-consolida-su-apuesta-por-el-turismo-sostenible-y-la-educacion-ambiental","status":"publish","type":"post","link":"https:\/\/mula.es\/web\/turismo-mula-recibe-tres-distinciones-como-senderos-azules-2025-y-consolida-su-apuesta-por-el-turismo-sostenible-y-la-educacion-ambiental\/","title":{"rendered":"TURISMO | Mula recibe tres distinciones como Senderos Azules 2025 y consolida su apuesta por el turismo sostenible y la educaci\u00f3n ambiental"},"content":{"rendered":"<p><strong>NOTA DE PRENSA &#8211; 26 DE MARZO DE 2025<\/strong><\/p>\n<h2><strong>\u00a0<\/strong><\/h2>\n<h2><strong>\u00a0<\/strong><\/h2>\n<h2><strong>Mula recibe tres distinciones como Senderos Azules 2025 y consolida su apuesta por el turismo sostenible y la educaci\u00f3n ambiental<\/strong><\/h2>\n<p><strong>\u00a0<\/strong><\/p>\n<p>El alcalde de Mula, Juan Jes\u00fas Moreno, y la concejala de Turismo, Alejandra Mart\u00ednez, han asistido este mi\u00e9rcoles al acto de entrega nacional de certificaciones de Senderos Azules 2025, celebrado en el Instituto de Turismo de la Regi\u00f3n de Murcia. El evento ha contado con la participaci\u00f3n del presidente de ADEAC, Jos\u00e9 Palacios; la consejera de Turismo, Cultura, Juventud y Deportes; el director del ITREM, as\u00ed como alcaldes, concejales y representantes de entidades locales de todo el pa\u00eds.<\/p>\n<p>Mula ha sido galardonada con tres distinciones: la renovaci\u00f3n de la <em>Senda del Tiempo<\/em> y la certificaci\u00f3n de dos nuevos itinerarios: el <em>Sendero de la Umbr\u00eda del Bosque<\/em> y la <em>Ruta de los 10.001 pasos<\/em>.<\/p>\n<p>El programa Senderos Azules, promovido por la Asociaci\u00f3n de Educaci\u00f3n Ambiental y del Consumidor (ADEAC), tiene como objetivo la puesta en valor de itinerarios que destacan por su riqueza natural, cultural y patrimonial, fomentando el respeto medioambiental a trav\u00e9s de actividades recreativas, educativas y tur\u00edsticas.<\/p>\n<p><strong>Tres senderos azules en Mula<\/strong><\/p>\n<ul>\n<li><strong>Senda del Tiempo<\/strong> (renovaci\u00f3n): Un recorrido de 7,5 km que atraviesa zonas urbanas y periurbanas del municipio, enlazando espacios de inter\u00e9s natural, cultural y arqueol\u00f3gico. Desde la villa romana de Los Villaricos al yacimiento \u00edbero de El Cigarralejo, pasando por enclaves como las murallas medievales, iglesias hist\u00f3ricas, el Palacio de Menahermosa y el entorno del Pantano de la Cierva. Un itinerario circular, de baja dificultad, que invita a redescubrir Mula desde su historia y su paisaje.<\/li>\n<li><strong>Sendero de la Umbr\u00eda del Bosque<\/strong> (nueva certificaci\u00f3n): Con inicio y final en la pedan\u00eda mule\u00f1a de Casas Nuevas, esta ruta de 13km aproximadamente, ofrece un recorrido de extraordinaria riqueza ambiental por el entorno de Sierra Espu\u00f1a. El itinerario pasa por la rambla de Malvariche, la antigua casa forestal del Cura, las hoyas de la Sabina y del Apurchil, y atraviesa espectaculares parajes como las riscas de Piedras Blancas y la hacienda de El Calderero. Un sendero que pone en valor las pedan\u00edas de Mula a trav\u00e9s de espacios con identidad propia y de gran potencial tur\u00edstico.<\/li>\n<li><strong>Ruta de los 10.001 pasos<\/strong> (nueva certificaci\u00f3n): Recorrido urbano circular de aproximadamente 4 kil\u00f3metros, por el casco hist\u00f3rico de Mula, dise\u00f1ado para fomentar el h\u00e1bito saludable de caminar mientras se redescubre el patrimonio arquitect\u00f3nico y cultural de la ciudad. Esta ruta combina salud, cultura y sostenibilidad.<\/li>\n<\/ul>\n<p><strong>\u00a0<\/strong><\/p>\n<p>\u201cMula se consolida como destino comprometido con el desarrollo sostenible, apostando por senderos que no solo conectan territorios, sino tambi\u00e9n historia, naturaleza y ciudadan\u00eda\u201d, ha se\u00f1alado el alcalde. Por su parte, la concejala de Turismo ha asegurado que \u201ccontinuaremos en 2025 trabajando por la puesta en valor de nuevos senderos en Mula y sus pedan\u00edas, generando espacios que promuevan el respeto por el medioambiente y el disfrute responsable del entorno\u201d.<\/p>\n<p>&nbsp;<\/p>\n<p><a href=\"https:\/\/mula.es\/web\/wp-content\/uploads\/2025\/03\/1-16-scaled.jpg\"><img decoding=\"async\" data-attachment-id=\"58027\" data-permalink=\"https:\/\/mula.es\/web\/turismo-mula-recibe-tres-distinciones-como-senderos-azules-2025-y-consolida-su-apuesta-por-el-turismo-sostenible-y-la-educacion-ambiental\/1-241\/\" data-orig-file=\"https:\/\/mula.es\/web\/wp-content\/uploads\/2025\/03\/1-16-scaled.jpg\" data-orig-size=\"2560,1707\" data-comments-opened=\"0\" data-image-meta=\"{&quot;aperture&quot;:&quot;0&quot;,&quot;credit&quot;:&quot;&quot;,&quot;camera&quot;:&quot;&quot;,&quot;caption&quot;:&quot;&quot;,&quot;created_timestamp&quot;:&quot;0&quot;,&quot;copyright&quot;:&quot;&quot;,&quot;focal_length&quot;:&quot;0&quot;,&quot;iso&quot;:&quot;0&quot;,&quot;shutter_speed&quot;:&quot;0&quot;,&quot;title&quot;:&quot;&quot;,&quot;orientation&quot;:&quot;1&quot;}\" data-image-title=\"1\" data-image-description=\"\" data-image-caption=\"\" data-large-file=\"https:\/\/mula.es\/web\/wp-content\/uploads\/2025\/03\/1-16-1024x683.jpg\" class=\"alignnone size-medium wp-image-58027\" src=\"https:\/\/mula.es\/web\/wp-content\/uploads\/2025\/03\/1-16-300x200.jpg\" alt=\"\" width=\"300\" height=\"200\" srcset=\"https:\/\/mula.es\/web\/wp-content\/uploads\/2025\/03\/1-16-200x133.jpg 200w, https:\/\/mula.es\/web\/wp-content\/uploads\/2025\/03\/1-16-300x200.jpg 300w, https:\/\/mula.es\/web\/wp-content\/uploads\/2025\/03\/1-16-400x267.jpg 400w, https:\/\/mula.es\/web\/wp-content\/uploads\/2025\/03\/1-16-600x400.jpg 600w, https:\/\/mula.es\/web\/wp-content\/uploads\/2025\/03\/1-16-768x512.jpg 768w, https:\/\/mula.es\/web\/wp-content\/uploads\/2025\/03\/1-16-800x533.jpg 800w, https:\/\/mula.es\/web\/wp-content\/uploads\/2025\/03\/1-16-1024x683.jpg 1024w, https:\/\/mula.es\/web\/wp-content\/uploads\/2025\/03\/1-16-1200x800.jpg 1200w, https:\/\/mula.es\/web\/wp-content\/uploads\/2025\/03\/1-16-1536x1024.jpg 1536w\" sizes=\"(max-width: 300px) 100vw, 300px\" \/><\/a><\/p>\n","protected":false},"excerpt":{"rendered":"<p>NOTA DE PRENSA &#8211; 26 DE MARZO DE 2025 \u00a0 \u00a0 Mula recibe tres distinciones como Senderos Azules 2025 y consolida su apuesta por el turismo sostenible y la educaci\u00f3n ambiental \u00a0 El alcalde de Mula, Juan Jes\u00fas Moreno, y la concejala de Turismo, Alejandra Mart\u00ednez, han asistido este mi\u00e9rcoles al acto de entrega nacional  [&#8230;]<\/p>\n","protected":false},"author":13,"featured_media":33512,"comment_status":"closed","ping_status":"closed","sticky":false,"template":"","format":"standard","meta":{"jetpack_post_was_ever_published":false,"_jetpack_newsletter_access":"","_jetpack_dont_email_post_to_subs":false,"_jetpack_newsletter_tier_id":0,"_jetpack_memberships_contains_paywalled_content":false,"_jetpack_memberships_contains_paid_content":false,"footnotes":"","jetpack_publicize_message":"","jetpack_publicize_feature_enabled":true,"jetpack_social_post_already_shared":false,"jetpack_social_options":{"image_generator_settings":{"template":"highway","default_image_id":0,"font":"","enabled":false},"version":2}},"categories":[75],"tags":[],"class_list":["post-58026","post","type-post","status-publish","format-standard","has-post-thumbnail","hentry","category-turismo"],"yoast_head":"<!-- This site is optimized with the Yoast SEO plugin v27.5 - https:\/\/yoast.com\/product\/yoast-seo-wordpress\/ -->\n<title>TURISMO | Mula recibe tres distinciones como Senderos Azules 2025 y consolida su apuesta por el turismo sostenible y la educaci\u00f3n ambiental - Ayuntamiento de Mula<\/title>\n<meta name=\"robots\" content=\"index, follow, max-snippet:-1, max-image-preview:large, max-video-preview:-1\" \/>\n<link rel=\"canonical\" href=\"https:\/\/mula.es\/web\/turismo-mula-recibe-tres-distinciones-como-senderos-azules-2025-y-consolida-su-apuesta-por-el-turismo-sostenible-y-la-educacion-ambiental\/\" \/>\n<meta property=\"og:locale\" content=\"es_ES\" \/>\n<meta property=\"og:type\" content=\"article\" \/>\n<meta property=\"og:title\" content=\"TURISMO | Mula recibe tres distinciones como Senderos Azules 2025 y consolida su apuesta por el turismo sostenible y la educaci\u00f3n ambiental - Ayuntamiento de Mula\" \/>\n<meta property=\"og:description\" content=\"NOTA DE PRENSA &#8211; 26 DE MARZO DE 2025 \u00a0 \u00a0 Mula recibe tres distinciones como Senderos Azules 2025 y consolida su apuesta por el turismo sostenible y la educaci\u00f3n ambiental \u00a0 El alcalde de Mula, Juan Jes\u00fas Moreno, y la concejala de Turismo, Alejandra Mart\u00ednez, han asistido este mi\u00e9rcoles al acto de entrega nacional [...]\" \/>\n<meta property=\"og:url\" content=\"https:\/\/mula.es\/web\/turismo-mula-recibe-tres-distinciones-como-senderos-azules-2025-y-consolida-su-apuesta-por-el-turismo-sostenible-y-la-educacion-ambiental\/\" \/>\n<meta property=\"og:site_name\" content=\"Ayuntamiento de Mula\" \/>\n<meta property=\"article:published_time\" content=\"2025-03-26T14:13:36+00:00\" \/>\n<meta property=\"og:image\" content=\"https:\/\/mula.es\/web\/wp-content\/uploads\/2020\/06\/escudo-cuadrado-e1591045058235.jpg\" \/>\n\t<meta property=\"og:image:width\" content=\"200\" \/>\n\t<meta property=\"og:image:height\" content=\"218\" \/>\n\t<meta property=\"og:image:type\" content=\"image\/jpeg\" \/>\n<meta name=\"author\" content=\"Laura Salas Orcajada\" \/>\n<meta name=\"twitter:card\" content=\"summary_large_image\" \/>\n<meta name=\"twitter:creator\" content=\"@AyuntamientMula\" \/>\n<meta name=\"twitter:site\" content=\"@AyuntamientMula\" \/>\n<meta name=\"twitter:label1\" content=\"Escrito por\" \/>\n\t<meta name=\"twitter:data1\" content=\"Laura Salas Orcajada\" \/>\n\t<meta name=\"twitter:label2\" content=\"Tiempo de lectura\" \/>\n\t<meta name=\"twitter:data2\" content=\"2 minutos\" \/>\n<script type=\"application\/ld+json\" class=\"yoast-schema-graph\">{\"@context\":\"https:\\\/\\\/schema.org\",\"@graph\":[{\"@type\":\"Article\",\"@id\":\"https:\\\/\\\/mula.es\\\/web\\\/turismo-mula-recibe-tres-distinciones-como-senderos-azules-2025-y-consolida-su-apuesta-por-el-turismo-sostenible-y-la-educacion-ambiental\\\/#article\",\"isPartOf\":{\"@id\":\"https:\\\/\\\/mula.es\\\/web\\\/turismo-mula-recibe-tres-distinciones-como-senderos-azules-2025-y-consolida-su-apuesta-por-el-turismo-sostenible-y-la-educacion-ambiental\\\/\"},\"author\":{\"name\":\"Laura Salas Orcajada\",\"@id\":\"https:\\\/\\\/mula.es\\\/web\\\/#\\\/schema\\\/person\\\/4f10179bd364f40dceed361e61e4033f\"},\"headline\":\"TURISMO | Mula recibe tres distinciones como Senderos Azules 2025 y consolida su apuesta por el turismo sostenible y la educaci\u00f3n ambiental\",\"datePublished\":\"2025-03-26T14:13:36+00:00\",\"mainEntityOfPage\":{\"@id\":\"https:\\\/\\\/mula.es\\\/web\\\/turismo-mula-recibe-tres-distinciones-como-senderos-azules-2025-y-consolida-su-apuesta-por-el-turismo-sostenible-y-la-educacion-ambiental\\\/\"},\"wordCount\":530,\"image\":{\"@id\":\"https:\\\/\\\/mula.es\\\/web\\\/turismo-mula-recibe-tres-distinciones-como-senderos-azules-2025-y-consolida-su-apuesta-por-el-turismo-sostenible-y-la-educacion-ambiental\\\/#primaryimage\"},\"thumbnailUrl\":\"https:\\\/\\\/mula.es\\\/web\\\/wp-content\\\/uploads\\\/2020\\\/06\\\/escudo-cuadrado-e1591045058235.jpg\",\"articleSection\":[\"turismo\"],\"inLanguage\":\"es\"},{\"@type\":\"WebPage\",\"@id\":\"https:\\\/\\\/mula.es\\\/web\\\/turismo-mula-recibe-tres-distinciones-como-senderos-azules-2025-y-consolida-su-apuesta-por-el-turismo-sostenible-y-la-educacion-ambiental\\\/\",\"url\":\"https:\\\/\\\/mula.es\\\/web\\\/turismo-mula-recibe-tres-distinciones-como-senderos-azules-2025-y-consolida-su-apuesta-por-el-turismo-sostenible-y-la-educacion-ambiental\\\/\",\"name\":\"TURISMO | Mula recibe tres distinciones como Senderos Azules 2025 y consolida su apuesta por el turismo sostenible y la educaci\u00f3n ambiental - Ayuntamiento de Mula\",\"isPartOf\":{\"@id\":\"https:\\\/\\\/mula.es\\\/web\\\/#website\"},\"primaryImageOfPage\":{\"@id\":\"https:\\\/\\\/mula.es\\\/web\\\/turismo-mula-recibe-tres-distinciones-como-senderos-azules-2025-y-consolida-su-apuesta-por-el-turismo-sostenible-y-la-educacion-ambiental\\\/#primaryimage\"},\"image\":{\"@id\":\"https:\\\/\\\/mula.es\\\/web\\\/turismo-mula-recibe-tres-distinciones-como-senderos-azules-2025-y-consolida-su-apuesta-por-el-turismo-sostenible-y-la-educacion-ambiental\\\/#primaryimage\"},\"thumbnailUrl\":\"https:\\\/\\\/mula.es\\\/web\\\/wp-content\\\/uploads\\\/2020\\\/06\\\/escudo-cuadrado-e1591045058235.jpg\",\"datePublished\":\"2025-03-26T14:13:36+00:00\",\"author\":{\"@id\":\"https:\\\/\\\/mula.es\\\/web\\\/#\\\/schema\\\/person\\\/4f10179bd364f40dceed361e61e4033f\"},\"breadcrumb\":{\"@id\":\"https:\\\/\\\/mula.es\\\/web\\\/turismo-mula-recibe-tres-distinciones-como-senderos-azules-2025-y-consolida-su-apuesta-por-el-turismo-sostenible-y-la-educacion-ambiental\\\/#breadcrumb\"},\"inLanguage\":\"es\",\"potentialAction\":[{\"@type\":\"ReadAction\",\"target\":[\"https:\\\/\\\/mula.es\\\/web\\\/turismo-mula-recibe-tres-distinciones-como-senderos-azules-2025-y-consolida-su-apuesta-por-el-turismo-sostenible-y-la-educacion-ambiental\\\/\"]}]},{\"@type\":\"ImageObject\",\"inLanguage\":\"es\",\"@id\":\"https:\\\/\\\/mula.es\\\/web\\\/turismo-mula-recibe-tres-distinciones-como-senderos-azules-2025-y-consolida-su-apuesta-por-el-turismo-sostenible-y-la-educacion-ambiental\\\/#primaryimage\",\"url\":\"https:\\\/\\\/mula.es\\\/web\\\/wp-content\\\/uploads\\\/2020\\\/06\\\/escudo-cuadrado-e1591045058235.jpg\",\"contentUrl\":\"https:\\\/\\\/mula.es\\\/web\\\/wp-content\\\/uploads\\\/2020\\\/06\\\/escudo-cuadrado-e1591045058235.jpg\",\"width\":200,\"height\":218},{\"@type\":\"BreadcrumbList\",\"@id\":\"https:\\\/\\\/mula.es\\\/web\\\/turismo-mula-recibe-tres-distinciones-como-senderos-azules-2025-y-consolida-su-apuesta-por-el-turismo-sostenible-y-la-educacion-ambiental\\\/#breadcrumb\",\"itemListElement\":[{\"@type\":\"ListItem\",\"position\":1,\"name\":\"Portada\",\"item\":\"https:\\\/\\\/mula.es\\\/web\\\/\"},{\"@type\":\"ListItem\",\"position\":2,\"name\":\"TURISMO | Mula recibe tres distinciones como Senderos Azules 2025 y consolida su apuesta por el turismo sostenible y la educaci\u00f3n ambiental\"}]},{\"@type\":\"WebSite\",\"@id\":\"https:\\\/\\\/mula.es\\\/web\\\/#website\",\"url\":\"https:\\\/\\\/mula.es\\\/web\\\/\",\"name\":\"Ayuntamiento de Mula\",\"description\":\"P\u00e1gina web del Ayuntamiento de Mula (Regi\u00f3n de Murcia)\",\"potentialAction\":[{\"@type\":\"SearchAction\",\"target\":{\"@type\":\"EntryPoint\",\"urlTemplate\":\"https:\\\/\\\/mula.es\\\/web\\\/?s={search_term_string}\"},\"query-input\":{\"@type\":\"PropertyValueSpecification\",\"valueRequired\":true,\"valueName\":\"search_term_string\"}}],\"inLanguage\":\"es\"},{\"@type\":\"Person\",\"@id\":\"https:\\\/\\\/mula.es\\\/web\\\/#\\\/schema\\\/person\\\/4f10179bd364f40dceed361e61e4033f\",\"name\":\"Laura Salas Orcajada\",\"image\":{\"@type\":\"ImageObject\",\"inLanguage\":\"es\",\"@id\":\"https:\\\/\\\/secure.gravatar.com\\\/avatar\\\/786f2a223d9a455e2a448f78b5dcc1117207ef56ef3d9a04df338c0f775cd403?s=96&d=mm&r=g\",\"url\":\"https:\\\/\\\/secure.gravatar.com\\\/avatar\\\/786f2a223d9a455e2a448f78b5dcc1117207ef56ef3d9a04df338c0f775cd403?s=96&d=mm&r=g\",\"contentUrl\":\"https:\\\/\\\/secure.gravatar.com\\\/avatar\\\/786f2a223d9a455e2a448f78b5dcc1117207ef56ef3d9a04df338c0f775cd403?s=96&d=mm&r=g\",\"caption\":\"Laura Salas Orcajada\"},\"url\":\"https:\\\/\\\/mula.es\\\/web\\\/author\\\/lsalas\\\/\"}]}<\/script>\n<!-- \/ Yoast SEO plugin. -->","yoast_head_json":{"title":"TURISMO | Mula recibe tres distinciones como Senderos Azules 2025 y consolida su apuesta por el turismo sostenible y la educaci\u00f3n ambiental - Ayuntamiento de Mula","robots":{"index":"index","follow":"follow","max-snippet":"max-snippet:-1","max-image-preview":"max-image-preview:large","max-video-preview":"max-video-preview:-1"},"canonical":"https:\/\/mula.es\/web\/turismo-mula-recibe-tres-distinciones-como-senderos-azules-2025-y-consolida-su-apuesta-por-el-turismo-sostenible-y-la-educacion-ambiental\/","og_locale":"es_ES","og_type":"article","og_title":"TURISMO | Mula recibe tres distinciones como Senderos Azules 2025 y consolida su apuesta por el turismo sostenible y la educaci\u00f3n ambiental - Ayuntamiento de Mula","og_description":"NOTA DE PRENSA &#8211; 26 DE MARZO DE 2025 \u00a0 \u00a0 Mula recibe tres distinciones como Senderos Azules 2025 y consolida su apuesta por el turismo sostenible y la educaci\u00f3n ambiental \u00a0 El alcalde de Mula, Juan Jes\u00fas Moreno, y la concejala de Turismo, Alejandra Mart\u00ednez, han asistido este mi\u00e9rcoles al acto de entrega nacional [...]","og_url":"https:\/\/mula.es\/web\/turismo-mula-recibe-tres-distinciones-como-senderos-azules-2025-y-consolida-su-apuesta-por-el-turismo-sostenible-y-la-educacion-ambiental\/","og_site_name":"Ayuntamiento de Mula","article_published_time":"2025-03-26T14:13:36+00:00","og_image":[{"width":200,"height":218,"url":"https:\/\/mula.es\/web\/wp-content\/uploads\/2020\/06\/escudo-cuadrado-e1591045058235.jpg","type":"image\/jpeg"}],"author":"Laura Salas Orcajada","twitter_card":"summary_large_image","twitter_creator":"@AyuntamientMula","twitter_site":"@AyuntamientMula","twitter_misc":{"Escrito por":"Laura Salas Orcajada","Tiempo de lectura":"2 minutos"},"schema":{"@context":"https:\/\/schema.org","@graph":[{"@type":"Article","@id":"https:\/\/mula.es\/web\/turismo-mula-recibe-tres-distinciones-como-senderos-azules-2025-y-consolida-su-apuesta-por-el-turismo-sostenible-y-la-educacion-ambiental\/#article","isPartOf":{"@id":"https:\/\/mula.es\/web\/turismo-mula-recibe-tres-distinciones-como-senderos-azules-2025-y-consolida-su-apuesta-por-el-turismo-sostenible-y-la-educacion-ambiental\/"},"author":{"name":"Laura Salas Orcajada","@id":"https:\/\/mula.es\/web\/#\/schema\/person\/4f10179bd364f40dceed361e61e4033f"},"headline":"TURISMO | Mula recibe tres distinciones como Senderos Azules 2025 y consolida su apuesta por el turismo sostenible y la educaci\u00f3n ambiental","datePublished":"2025-03-26T14:13:36+00:00","mainEntityOfPage":{"@id":"https:\/\/mula.es\/web\/turismo-mula-recibe-tres-distinciones-como-senderos-azules-2025-y-consolida-su-apuesta-por-el-turismo-sostenible-y-la-educacion-ambiental\/"},"wordCount":530,"image":{"@id":"https:\/\/mula.es\/web\/turismo-mula-recibe-tres-distinciones-como-senderos-azules-2025-y-consolida-su-apuesta-por-el-turismo-sostenible-y-la-educacion-ambiental\/#primaryimage"},"thumbnailUrl":"https:\/\/mula.es\/web\/wp-content\/uploads\/2020\/06\/escudo-cuadrado-e1591045058235.jpg","articleSection":["turismo"],"inLanguage":"es"},{"@type":"WebPage","@id":"https:\/\/mula.es\/web\/turismo-mula-recibe-tres-distinciones-como-senderos-azules-2025-y-consolida-su-apuesta-por-el-turismo-sostenible-y-la-educacion-ambiental\/","url":"https:\/\/mula.es\/web\/turismo-mula-recibe-tres-distinciones-como-senderos-azules-2025-y-consolida-su-apuesta-por-el-turismo-sostenible-y-la-educacion-ambiental\/","name":"TURISMO | Mula recibe tres distinciones como Senderos Azules 2025 y consolida su apuesta por el turismo sostenible y la educaci\u00f3n ambiental - Ayuntamiento de Mula","isPartOf":{"@id":"https:\/\/mula.es\/web\/#website"},"primaryImageOfPage":{"@id":"https:\/\/mula.es\/web\/turismo-mula-recibe-tres-distinciones-como-senderos-azules-2025-y-consolida-su-apuesta-por-el-turismo-sostenible-y-la-educacion-ambiental\/#primaryimage"},"image":{"@id":"https:\/\/mula.es\/web\/turismo-mula-recibe-tres-distinciones-como-senderos-azules-2025-y-consolida-su-apuesta-por-el-turismo-sostenible-y-la-educacion-ambiental\/#primaryimage"},"thumbnailUrl":"https:\/\/mula.es\/web\/wp-content\/uploads\/2020\/06\/escudo-cuadrado-e1591045058235.jpg","datePublished":"2025-03-26T14:13:36+00:00","author":{"@id":"https:\/\/mula.es\/web\/#\/schema\/person\/4f10179bd364f40dceed361e61e4033f"},"breadcrumb":{"@id":"https:\/\/mula.es\/web\/turismo-mula-recibe-tres-distinciones-como-senderos-azules-2025-y-consolida-su-apuesta-por-el-turismo-sostenible-y-la-educacion-ambiental\/#breadcrumb"},"inLanguage":"es","potentialAction":[{"@type":"ReadAction","target":["https:\/\/mula.es\/web\/turismo-mula-recibe-tres-distinciones-como-senderos-azules-2025-y-consolida-su-apuesta-por-el-turismo-sostenible-y-la-educacion-ambiental\/"]}]},{"@type":"ImageObject","inLanguage":"es","@id":"https:\/\/mula.es\/web\/turismo-mula-recibe-tres-distinciones-como-senderos-azules-2025-y-consolida-su-apuesta-por-el-turismo-sostenible-y-la-educacion-ambiental\/#primaryimage","url":"https:\/\/mula.es\/web\/wp-content\/uploads\/2020\/06\/escudo-cuadrado-e1591045058235.jpg","contentUrl":"https:\/\/mula.es\/web\/wp-content\/uploads\/2020\/06\/escudo-cuadrado-e1591045058235.jpg","width":200,"height":218},{"@type":"BreadcrumbList","@id":"https:\/\/mula.es\/web\/turismo-mula-recibe-tres-distinciones-como-senderos-azules-2025-y-consolida-su-apuesta-por-el-turismo-sostenible-y-la-educacion-ambiental\/#breadcrumb","itemListElement":[{"@type":"ListItem","position":1,"name":"Portada","item":"https:\/\/mula.es\/web\/"},{"@type":"ListItem","position":2,"name":"TURISMO | Mula recibe tres distinciones como Senderos Azules 2025 y consolida su apuesta por el turismo sostenible y la educaci\u00f3n ambiental"}]},{"@type":"WebSite","@id":"https:\/\/mula.es\/web\/#website","url":"https:\/\/mula.es\/web\/","name":"Ayuntamiento de Mula","description":"P\u00e1gina web del Ayuntamiento de Mula (Regi\u00f3n de Murcia)","potentialAction":[{"@type":"SearchAction","target":{"@type":"EntryPoint","urlTemplate":"https:\/\/mula.es\/web\/?s={search_term_string}"},"query-input":{"@type":"PropertyValueSpecification","valueRequired":true,"valueName":"search_term_string"}}],"inLanguage":"es"},{"@type":"Person","@id":"https:\/\/mula.es\/web\/#\/schema\/person\/4f10179bd364f40dceed361e61e4033f","name":"Laura Salas Orcajada","image":{"@type":"ImageObject","inLanguage":"es","@id":"https:\/\/secure.gravatar.com\/avatar\/786f2a223d9a455e2a448f78b5dcc1117207ef56ef3d9a04df338c0f775cd403?s=96&d=mm&r=g","url":"https:\/\/secure.gravatar.com\/avatar\/786f2a223d9a455e2a448f78b5dcc1117207ef56ef3d9a04df338c0f775cd403?s=96&d=mm&r=g","contentUrl":"https:\/\/secure.gravatar.com\/avatar\/786f2a223d9a455e2a448f78b5dcc1117207ef56ef3d9a04df338c0f775cd403?s=96&d=mm&r=g","caption":"Laura Salas Orcajada"},"url":"https:\/\/mula.es\/web\/author\/lsalas\/"}]}},"jetpack_publicize_connections":[],"jetpack_featured_media_url":"https:\/\/mula.es\/web\/wp-content\/uploads\/2020\/06\/escudo-cuadrado-e1591045058235.jpg","jetpack_sharing_enabled":true,"jetpack_shortlink":"https:\/\/wp.me\/pa9DMY-f5U","jetpack-related-posts":[],"_links":{"self":[{"href":"https:\/\/mula.es\/web\/wp-json\/wp\/v2\/posts\/58026","targetHints":{"allow":["GET"]}}],"collection":[{"href":"https:\/\/mula.es\/web\/wp-json\/wp\/v2\/posts"}],"about":[{"href":"https:\/\/mula.es\/web\/wp-json\/wp\/v2\/types\/post"}],"author":[{"embeddable":true,"href":"https:\/\/mula.es\/web\/wp-json\/wp\/v2\/users\/13"}],"replies":[{"embeddable":true,"href":"https:\/\/mula.es\/web\/wp-json\/wp\/v2\/comments?post=58026"}],"version-history":[{"count":1,"href":"https:\/\/mula.es\/web\/wp-json\/wp\/v2\/posts\/58026\/revisions"}],"predecessor-version":[{"id":58029,"href":"https:\/\/mula.es\/web\/wp-json\/wp\/v2\/posts\/58026\/revisions\/58029"}],"wp:featuredmedia":[{"embeddable":true,"href":"https:\/\/mula.es\/web\/wp-json\/wp\/v2\/media\/33512"}],"wp:attachment":[{"href":"https:\/\/mula.es\/web\/wp-json\/wp\/v2\/media?parent=58026"}],"wp:term":[{"taxonomy":"category","embeddable":true,"href":"https:\/\/mula.es\/web\/wp-json\/wp\/v2\/categories?post=58026"},{"taxonomy":"post_tag","embeddable":true,"href":"https:\/\/mula.es\/web\/wp-json\/wp\/v2\/tags?post=58026"}],"curies":[{"name":"wp","href":"https:\/\/api.w.org\/{rel}","templated":true}]}}