{"id":58035,"date":"2025-03-27T12:19:17","date_gmt":"2025-03-27T11:19:17","guid":{"rendered":"https:\/\/mula.es\/web\/?p=58035"},"modified":"2025-03-27T12:19:17","modified_gmt":"2025-03-27T11:19:17","slug":"educacion-mula-participa-en-la-vi-feria-de-cooperativas-escolares-celebrada-en-murcia","status":"publish","type":"post","link":"https:\/\/mula.es\/web\/educacion-mula-participa-en-la-vi-feria-de-cooperativas-escolares-celebrada-en-murcia\/","title":{"rendered":"EDUCACI\u00d3N | Mula participa en la VI Feria de Cooperativas Escolares celebrada en Murcia"},"content":{"rendered":"<p><strong>NOTA DE PRENSA &#8211; 27 DE MARZO DE 2025<\/strong><\/p>\n<p><strong>\u00a0<\/strong><\/p>\n<h2><strong>\u00a0<\/strong><\/h2>\n<h2><strong>Mula participa en la VI Feria de Cooperativas Escolares celebrada en Murcia<\/strong><\/h2>\n<p><strong>\u00a0<\/strong><\/p>\n<p>El alcalde de Mula, Juan Jes\u00fas Moreno, acompa\u00f1ado por la concejala de Servicios Sociales, Antonia Gabarr\u00f3n, y el concejal de Juventud, Toni Ruiz, ha asistido este jueves a la VI Feria de Cooperativas Escolares, organizada por la Uni\u00f3n de Cooperativas de Ense\u00f1anza de la Regi\u00f3n de Murcia (UCOERM), que ha tenido lugar en el Paseo Alfonso X \u201cEl Sabio\u201d de Murcia.<\/p>\n<p>&nbsp;<\/p>\n<p><a href=\"https:\/\/mula.es\/web\/wp-content\/uploads\/2025\/03\/1-17-scaled.jpg\"><img decoding=\"async\" data-attachment-id=\"58036\" data-permalink=\"https:\/\/mula.es\/web\/educacion-mula-participa-en-la-vi-feria-de-cooperativas-escolares-celebrada-en-murcia\/1-242\/\" data-orig-file=\"https:\/\/mula.es\/web\/wp-content\/uploads\/2025\/03\/1-17-scaled.jpg\" data-orig-size=\"2560,1707\" data-comments-opened=\"0\" data-image-meta=\"{&quot;aperture&quot;:&quot;0&quot;,&quot;credit&quot;:&quot;&quot;,&quot;camera&quot;:&quot;&quot;,&quot;caption&quot;:&quot;&quot;,&quot;created_timestamp&quot;:&quot;0&quot;,&quot;copyright&quot;:&quot;&quot;,&quot;focal_length&quot;:&quot;0&quot;,&quot;iso&quot;:&quot;0&quot;,&quot;shutter_speed&quot;:&quot;0&quot;,&quot;title&quot;:&quot;&quot;,&quot;orientation&quot;:&quot;1&quot;}\" data-image-title=\"1\" data-image-description=\"\" data-image-caption=\"\" data-large-file=\"https:\/\/mula.es\/web\/wp-content\/uploads\/2025\/03\/1-17-1024x683.jpg\" class=\"alignnone size-medium wp-image-58036\" src=\"https:\/\/mula.es\/web\/wp-content\/uploads\/2025\/03\/1-17-300x200.jpg\" alt=\"\" width=\"300\" height=\"200\" srcset=\"https:\/\/mula.es\/web\/wp-content\/uploads\/2025\/03\/1-17-200x133.jpg 200w, https:\/\/mula.es\/web\/wp-content\/uploads\/2025\/03\/1-17-300x200.jpg 300w, https:\/\/mula.es\/web\/wp-content\/uploads\/2025\/03\/1-17-400x267.jpg 400w, https:\/\/mula.es\/web\/wp-content\/uploads\/2025\/03\/1-17-600x400.jpg 600w, https:\/\/mula.es\/web\/wp-content\/uploads\/2025\/03\/1-17-768x512.jpg 768w, https:\/\/mula.es\/web\/wp-content\/uploads\/2025\/03\/1-17-800x533.jpg 800w, https:\/\/mula.es\/web\/wp-content\/uploads\/2025\/03\/1-17-1024x683.jpg 1024w, https:\/\/mula.es\/web\/wp-content\/uploads\/2025\/03\/1-17-1200x800.jpg 1200w, https:\/\/mula.es\/web\/wp-content\/uploads\/2025\/03\/1-17-1536x1024.jpg 1536w\" sizes=\"(max-width: 300px) 100vw, 300px\" \/><\/a><\/p>\n<p>En esta edici\u00f3n, el Colegio Santa Clara de Mula ha estado presente mostrando el trabajo de sus dos cooperativas escolares, integradas \u00edntegramente por alumnado de Primaria y Secundaria del centro. Durante la jornada, los estudiantes han expuesto una amplia variedad de productos elaborados por ellos mismos, como resultado de un proceso educativo basado en el trabajo en equipo, el emprendimiento, la creatividad y los valores cooperativos.<\/p>\n<p>La feria se enmarca en los actos de celebraci\u00f3n de la capitalidad mundial del cooperativismo, que este a\u00f1o ostenta la ciudad de Murcia, y ha reunido a decenas de centros educativos cooperativos de toda la Regi\u00f3n, convirti\u00e9ndose en una muestra de buenas pr\u00e1cticas y de formaci\u00f3n en valores desde edades tempranas.<\/p>\n<p>El alcalde ha felicitado p\u00fablicamente a todo el equipo escolar del Colegio Santa Clara por su participaci\u00f3n y compromiso con este tipo de iniciativas que fomentan el aprendizaje activo, la econom\u00eda social y el desarrollo personal del alumnado. De forma especial, ha trasladado su enhorabuena a Amparo Mart\u00ednez Fern\u00e1ndez, presidenta de la Sociedad Cooperativa Colegio Santa Clara, y a Jes\u00fas Mart\u00ednez \u00c1lvarez, director del centro, por su implicaci\u00f3n y liderazgo en este proyecto.<\/p>\n<p>Con iniciativas como esta, Mula refuerza su compromiso con una educaci\u00f3n basada en valores, cooperaci\u00f3n y participaci\u00f3n activa del alumnado, contribuyendo a formar ciudadanos y ciudadanas comprometidos con su entorno y con el desarrollo sostenible.<\/p>\n<p>&nbsp;<\/p>\n<p>&nbsp;<\/p>\n","protected":false},"excerpt":{"rendered":"<p>NOTA DE PRENSA &#8211; 27 DE MARZO DE 2025 \u00a0 \u00a0 Mula participa en la VI Feria de Cooperativas Escolares celebrada en Murcia \u00a0 El alcalde de Mula, Juan Jes\u00fas Moreno, acompa\u00f1ado por la concejala de Servicios Sociales, Antonia Gabarr\u00f3n, y el concejal de Juventud, Toni Ruiz, ha asistido este jueves a la VI Feria  [&#8230;]<\/p>\n","protected":false},"author":13,"featured_media":33512,"comment_status":"closed","ping_status":"closed","sticky":false,"template":"","format":"standard","meta":{"jetpack_post_was_ever_published":false,"_jetpack_newsletter_access":"","_jetpack_dont_email_post_to_subs":false,"_jetpack_newsletter_tier_id":0,"_jetpack_memberships_contains_paywalled_content":false,"_jetpack_memberships_contains_paid_content":false,"footnotes":"","jetpack_publicize_message":"","jetpack_publicize_feature_enabled":true,"jetpack_social_post_already_shared":false,"jetpack_social_options":{"image_generator_settings":{"template":"highway","default_image_id":0,"font":"","enabled":false},"version":2}},"categories":[127,89],"tags":[],"class_list":["post-58035","post","type-post","status-publish","format-standard","has-post-thumbnail","hentry","category-alcalde","category-educacion"],"yoast_head":"<!-- This site is optimized with the Yoast SEO plugin v27.5 - https:\/\/yoast.com\/product\/yoast-seo-wordpress\/ -->\n<title>EDUCACI\u00d3N | Mula participa en la VI Feria de Cooperativas Escolares celebrada en Murcia - Ayuntamiento de Mula<\/title>\n<meta name=\"robots\" content=\"index, follow, max-snippet:-1, max-image-preview:large, max-video-preview:-1\" \/>\n<link rel=\"canonical\" href=\"https:\/\/mula.es\/web\/educacion-mula-participa-en-la-vi-feria-de-cooperativas-escolares-celebrada-en-murcia\/\" \/>\n<meta property=\"og:locale\" content=\"es_ES\" \/>\n<meta property=\"og:type\" content=\"article\" \/>\n<meta property=\"og:title\" content=\"EDUCACI\u00d3N | Mula participa en la VI Feria de Cooperativas Escolares celebrada en Murcia - Ayuntamiento de Mula\" \/>\n<meta property=\"og:description\" content=\"NOTA DE PRENSA &#8211; 27 DE MARZO DE 2025 \u00a0 \u00a0 Mula participa en la VI Feria de Cooperativas Escolares celebrada en Murcia \u00a0 El alcalde de Mula, Juan Jes\u00fas Moreno, acompa\u00f1ado por la concejala de Servicios Sociales, Antonia Gabarr\u00f3n, y el concejal de Juventud, Toni Ruiz, ha asistido este jueves a la VI Feria [...]\" \/>\n<meta property=\"og:url\" content=\"https:\/\/mula.es\/web\/educacion-mula-participa-en-la-vi-feria-de-cooperativas-escolares-celebrada-en-murcia\/\" \/>\n<meta property=\"og:site_name\" content=\"Ayuntamiento de Mula\" \/>\n<meta property=\"article:published_time\" content=\"2025-03-27T11:19:17+00:00\" \/>\n<meta property=\"og:image\" content=\"https:\/\/mula.es\/web\/wp-content\/uploads\/2020\/06\/escudo-cuadrado-e1591045058235.jpg\" \/>\n\t<meta property=\"og:image:width\" content=\"200\" \/>\n\t<meta property=\"og:image:height\" content=\"218\" \/>\n\t<meta property=\"og:image:type\" content=\"image\/jpeg\" \/>\n<meta name=\"author\" content=\"Laura Salas Orcajada\" \/>\n<meta name=\"twitter:card\" content=\"summary_large_image\" \/>\n<meta name=\"twitter:creator\" content=\"@AyuntamientMula\" \/>\n<meta name=\"twitter:site\" content=\"@AyuntamientMula\" \/>\n<meta name=\"twitter:label1\" content=\"Escrito por\" \/>\n\t<meta name=\"twitter:data1\" content=\"Laura Salas Orcajada\" \/>\n\t<meta name=\"twitter:label2\" content=\"Tiempo de lectura\" \/>\n\t<meta name=\"twitter:data2\" content=\"2 minutos\" \/>\n<script type=\"application\/ld+json\" class=\"yoast-schema-graph\">{\"@context\":\"https:\\\/\\\/schema.org\",\"@graph\":[{\"@type\":\"Article\",\"@id\":\"https:\\\/\\\/mula.es\\\/web\\\/educacion-mula-participa-en-la-vi-feria-de-cooperativas-escolares-celebrada-en-murcia\\\/#article\",\"isPartOf\":{\"@id\":\"https:\\\/\\\/mula.es\\\/web\\\/educacion-mula-participa-en-la-vi-feria-de-cooperativas-escolares-celebrada-en-murcia\\\/\"},\"author\":{\"name\":\"Laura Salas Orcajada\",\"@id\":\"https:\\\/\\\/mula.es\\\/web\\\/#\\\/schema\\\/person\\\/4f10179bd364f40dceed361e61e4033f\"},\"headline\":\"EDUCACI\u00d3N | Mula participa en la VI Feria de Cooperativas Escolares celebrada en Murcia\",\"datePublished\":\"2025-03-27T11:19:17+00:00\",\"mainEntityOfPage\":{\"@id\":\"https:\\\/\\\/mula.es\\\/web\\\/educacion-mula-participa-en-la-vi-feria-de-cooperativas-escolares-celebrada-en-murcia\\\/\"},\"wordCount\":346,\"image\":{\"@id\":\"https:\\\/\\\/mula.es\\\/web\\\/educacion-mula-participa-en-la-vi-feria-de-cooperativas-escolares-celebrada-en-murcia\\\/#primaryimage\"},\"thumbnailUrl\":\"https:\\\/\\\/mula.es\\\/web\\\/wp-content\\\/uploads\\\/2020\\\/06\\\/escudo-cuadrado-e1591045058235.jpg\",\"articleSection\":[\"alcalde\",\"educaci\u00f3n\"],\"inLanguage\":\"es\"},{\"@type\":\"WebPage\",\"@id\":\"https:\\\/\\\/mula.es\\\/web\\\/educacion-mula-participa-en-la-vi-feria-de-cooperativas-escolares-celebrada-en-murcia\\\/\",\"url\":\"https:\\\/\\\/mula.es\\\/web\\\/educacion-mula-participa-en-la-vi-feria-de-cooperativas-escolares-celebrada-en-murcia\\\/\",\"name\":\"EDUCACI\u00d3N | Mula participa en la VI Feria de Cooperativas Escolares celebrada en Murcia - Ayuntamiento de Mula\",\"isPartOf\":{\"@id\":\"https:\\\/\\\/mula.es\\\/web\\\/#website\"},\"primaryImageOfPage\":{\"@id\":\"https:\\\/\\\/mula.es\\\/web\\\/educacion-mula-participa-en-la-vi-feria-de-cooperativas-escolares-celebrada-en-murcia\\\/#primaryimage\"},\"image\":{\"@id\":\"https:\\\/\\\/mula.es\\\/web\\\/educacion-mula-participa-en-la-vi-feria-de-cooperativas-escolares-celebrada-en-murcia\\\/#primaryimage\"},\"thumbnailUrl\":\"https:\\\/\\\/mula.es\\\/web\\\/wp-content\\\/uploads\\\/2020\\\/06\\\/escudo-cuadrado-e1591045058235.jpg\",\"datePublished\":\"2025-03-27T11:19:17+00:00\",\"author\":{\"@id\":\"https:\\\/\\\/mula.es\\\/web\\\/#\\\/schema\\\/person\\\/4f10179bd364f40dceed361e61e4033f\"},\"breadcrumb\":{\"@id\":\"https:\\\/\\\/mula.es\\\/web\\\/educacion-mula-participa-en-la-vi-feria-de-cooperativas-escolares-celebrada-en-murcia\\\/#breadcrumb\"},\"inLanguage\":\"es\",\"potentialAction\":[{\"@type\":\"ReadAction\",\"target\":[\"https:\\\/\\\/mula.es\\\/web\\\/educacion-mula-participa-en-la-vi-feria-de-cooperativas-escolares-celebrada-en-murcia\\\/\"]}]},{\"@type\":\"ImageObject\",\"inLanguage\":\"es\",\"@id\":\"https:\\\/\\\/mula.es\\\/web\\\/educacion-mula-participa-en-la-vi-feria-de-cooperativas-escolares-celebrada-en-murcia\\\/#primaryimage\",\"url\":\"https:\\\/\\\/mula.es\\\/web\\\/wp-content\\\/uploads\\\/2020\\\/06\\\/escudo-cuadrado-e1591045058235.jpg\",\"contentUrl\":\"https:\\\/\\\/mula.es\\\/web\\\/wp-content\\\/uploads\\\/2020\\\/06\\\/escudo-cuadrado-e1591045058235.jpg\",\"width\":200,\"height\":218},{\"@type\":\"BreadcrumbList\",\"@id\":\"https:\\\/\\\/mula.es\\\/web\\\/educacion-mula-participa-en-la-vi-feria-de-cooperativas-escolares-celebrada-en-murcia\\\/#breadcrumb\",\"itemListElement\":[{\"@type\":\"ListItem\",\"position\":1,\"name\":\"Portada\",\"item\":\"https:\\\/\\\/mula.es\\\/web\\\/\"},{\"@type\":\"ListItem\",\"position\":2,\"name\":\"EDUCACI\u00d3N | Mula participa en la VI Feria de Cooperativas Escolares celebrada en Murcia\"}]},{\"@type\":\"WebSite\",\"@id\":\"https:\\\/\\\/mula.es\\\/web\\\/#website\",\"url\":\"https:\\\/\\\/mula.es\\\/web\\\/\",\"name\":\"Ayuntamiento de Mula\",\"description\":\"P\u00e1gina web del Ayuntamiento de Mula (Regi\u00f3n de Murcia)\",\"potentialAction\":[{\"@type\":\"SearchAction\",\"target\":{\"@type\":\"EntryPoint\",\"urlTemplate\":\"https:\\\/\\\/mula.es\\\/web\\\/?s={search_term_string}\"},\"query-input\":{\"@type\":\"PropertyValueSpecification\",\"valueRequired\":true,\"valueName\":\"search_term_string\"}}],\"inLanguage\":\"es\"},{\"@type\":\"Person\",\"@id\":\"https:\\\/\\\/mula.es\\\/web\\\/#\\\/schema\\\/person\\\/4f10179bd364f40dceed361e61e4033f\",\"name\":\"Laura Salas Orcajada\",\"image\":{\"@type\":\"ImageObject\",\"inLanguage\":\"es\",\"@id\":\"https:\\\/\\\/secure.gravatar.com\\\/avatar\\\/786f2a223d9a455e2a448f78b5dcc1117207ef56ef3d9a04df338c0f775cd403?s=96&d=mm&r=g\",\"url\":\"https:\\\/\\\/secure.gravatar.com\\\/avatar\\\/786f2a223d9a455e2a448f78b5dcc1117207ef56ef3d9a04df338c0f775cd403?s=96&d=mm&r=g\",\"contentUrl\":\"https:\\\/\\\/secure.gravatar.com\\\/avatar\\\/786f2a223d9a455e2a448f78b5dcc1117207ef56ef3d9a04df338c0f775cd403?s=96&d=mm&r=g\",\"caption\":\"Laura Salas Orcajada\"},\"url\":\"https:\\\/\\\/mula.es\\\/web\\\/author\\\/lsalas\\\/\"}]}<\/script>\n<!-- \/ Yoast SEO plugin. -->","yoast_head_json":{"title":"EDUCACI\u00d3N | Mula participa en la VI Feria de Cooperativas Escolares celebrada en Murcia - Ayuntamiento de Mula","robots":{"index":"index","follow":"follow","max-snippet":"max-snippet:-1","max-image-preview":"max-image-preview:large","max-video-preview":"max-video-preview:-1"},"canonical":"https:\/\/mula.es\/web\/educacion-mula-participa-en-la-vi-feria-de-cooperativas-escolares-celebrada-en-murcia\/","og_locale":"es_ES","og_type":"article","og_title":"EDUCACI\u00d3N | Mula participa en la VI Feria de Cooperativas Escolares celebrada en Murcia - Ayuntamiento de Mula","og_description":"NOTA DE PRENSA &#8211; 27 DE MARZO DE 2025 \u00a0 \u00a0 Mula participa en la VI Feria de Cooperativas Escolares celebrada en Murcia \u00a0 El alcalde de Mula, Juan Jes\u00fas Moreno, acompa\u00f1ado por la concejala de Servicios Sociales, Antonia Gabarr\u00f3n, y el concejal de Juventud, Toni Ruiz, ha asistido este jueves a la VI Feria [...]","og_url":"https:\/\/mula.es\/web\/educacion-mula-participa-en-la-vi-feria-de-cooperativas-escolares-celebrada-en-murcia\/","og_site_name":"Ayuntamiento de Mula","article_published_time":"2025-03-27T11:19:17+00:00","og_image":[{"width":200,"height":218,"url":"https:\/\/mula.es\/web\/wp-content\/uploads\/2020\/06\/escudo-cuadrado-e1591045058235.jpg","type":"image\/jpeg"}],"author":"Laura Salas Orcajada","twitter_card":"summary_large_image","twitter_creator":"@AyuntamientMula","twitter_site":"@AyuntamientMula","twitter_misc":{"Escrito por":"Laura Salas Orcajada","Tiempo de lectura":"2 minutos"},"schema":{"@context":"https:\/\/schema.org","@graph":[{"@type":"Article","@id":"https:\/\/mula.es\/web\/educacion-mula-participa-en-la-vi-feria-de-cooperativas-escolares-celebrada-en-murcia\/#article","isPartOf":{"@id":"https:\/\/mula.es\/web\/educacion-mula-participa-en-la-vi-feria-de-cooperativas-escolares-celebrada-en-murcia\/"},"author":{"name":"Laura Salas Orcajada","@id":"https:\/\/mula.es\/web\/#\/schema\/person\/4f10179bd364f40dceed361e61e4033f"},"headline":"EDUCACI\u00d3N | Mula participa en la VI Feria de Cooperativas Escolares celebrada en Murcia","datePublished":"2025-03-27T11:19:17+00:00","mainEntityOfPage":{"@id":"https:\/\/mula.es\/web\/educacion-mula-participa-en-la-vi-feria-de-cooperativas-escolares-celebrada-en-murcia\/"},"wordCount":346,"image":{"@id":"https:\/\/mula.es\/web\/educacion-mula-participa-en-la-vi-feria-de-cooperativas-escolares-celebrada-en-murcia\/#primaryimage"},"thumbnailUrl":"https:\/\/mula.es\/web\/wp-content\/uploads\/2020\/06\/escudo-cuadrado-e1591045058235.jpg","articleSection":["alcalde","educaci\u00f3n"],"inLanguage":"es"},{"@type":"WebPage","@id":"https:\/\/mula.es\/web\/educacion-mula-participa-en-la-vi-feria-de-cooperativas-escolares-celebrada-en-murcia\/","url":"https:\/\/mula.es\/web\/educacion-mula-participa-en-la-vi-feria-de-cooperativas-escolares-celebrada-en-murcia\/","name":"EDUCACI\u00d3N | Mula participa en la VI Feria de Cooperativas Escolares celebrada en Murcia - Ayuntamiento de Mula","isPartOf":{"@id":"https:\/\/mula.es\/web\/#website"},"primaryImageOfPage":{"@id":"https:\/\/mula.es\/web\/educacion-mula-participa-en-la-vi-feria-de-cooperativas-escolares-celebrada-en-murcia\/#primaryimage"},"image":{"@id":"https:\/\/mula.es\/web\/educacion-mula-participa-en-la-vi-feria-de-cooperativas-escolares-celebrada-en-murcia\/#primaryimage"},"thumbnailUrl":"https:\/\/mula.es\/web\/wp-content\/uploads\/2020\/06\/escudo-cuadrado-e1591045058235.jpg","datePublished":"2025-03-27T11:19:17+00:00","author":{"@id":"https:\/\/mula.es\/web\/#\/schema\/person\/4f10179bd364f40dceed361e61e4033f"},"breadcrumb":{"@id":"https:\/\/mula.es\/web\/educacion-mula-participa-en-la-vi-feria-de-cooperativas-escolares-celebrada-en-murcia\/#breadcrumb"},"inLanguage":"es","potentialAction":[{"@type":"ReadAction","target":["https:\/\/mula.es\/web\/educacion-mula-participa-en-la-vi-feria-de-cooperativas-escolares-celebrada-en-murcia\/"]}]},{"@type":"ImageObject","inLanguage":"es","@id":"https:\/\/mula.es\/web\/educacion-mula-participa-en-la-vi-feria-de-cooperativas-escolares-celebrada-en-murcia\/#primaryimage","url":"https:\/\/mula.es\/web\/wp-content\/uploads\/2020\/06\/escudo-cuadrado-e1591045058235.jpg","contentUrl":"https:\/\/mula.es\/web\/wp-content\/uploads\/2020\/06\/escudo-cuadrado-e1591045058235.jpg","width":200,"height":218},{"@type":"BreadcrumbList","@id":"https:\/\/mula.es\/web\/educacion-mula-participa-en-la-vi-feria-de-cooperativas-escolares-celebrada-en-murcia\/#breadcrumb","itemListElement":[{"@type":"ListItem","position":1,"name":"Portada","item":"https:\/\/mula.es\/web\/"},{"@type":"ListItem","position":2,"name":"EDUCACI\u00d3N | Mula participa en la VI Feria de Cooperativas Escolares celebrada en Murcia"}]},{"@type":"WebSite","@id":"https:\/\/mula.es\/web\/#website","url":"https:\/\/mula.es\/web\/","name":"Ayuntamiento de Mula","description":"P\u00e1gina web del Ayuntamiento de Mula (Regi\u00f3n de Murcia)","potentialAction":[{"@type":"SearchAction","target":{"@type":"EntryPoint","urlTemplate":"https:\/\/mula.es\/web\/?s={search_term_string}"},"query-input":{"@type":"PropertyValueSpecification","valueRequired":true,"valueName":"search_term_string"}}],"inLanguage":"es"},{"@type":"Person","@id":"https:\/\/mula.es\/web\/#\/schema\/person\/4f10179bd364f40dceed361e61e4033f","name":"Laura Salas Orcajada","image":{"@type":"ImageObject","inLanguage":"es","@id":"https:\/\/secure.gravatar.com\/avatar\/786f2a223d9a455e2a448f78b5dcc1117207ef56ef3d9a04df338c0f775cd403?s=96&d=mm&r=g","url":"https:\/\/secure.gravatar.com\/avatar\/786f2a223d9a455e2a448f78b5dcc1117207ef56ef3d9a04df338c0f775cd403?s=96&d=mm&r=g","contentUrl":"https:\/\/secure.gravatar.com\/avatar\/786f2a223d9a455e2a448f78b5dcc1117207ef56ef3d9a04df338c0f775cd403?s=96&d=mm&r=g","caption":"Laura Salas Orcajada"},"url":"https:\/\/mula.es\/web\/author\/lsalas\/"}]}},"jetpack_publicize_connections":[],"jetpack_featured_media_url":"https:\/\/mula.es\/web\/wp-content\/uploads\/2020\/06\/escudo-cuadrado-e1591045058235.jpg","jetpack_sharing_enabled":true,"jetpack_shortlink":"https:\/\/wp.me\/pa9DMY-f63","jetpack-related-posts":[],"_links":{"self":[{"href":"https:\/\/mula.es\/web\/wp-json\/wp\/v2\/posts\/58035","targetHints":{"allow":["GET"]}}],"collection":[{"href":"https:\/\/mula.es\/web\/wp-json\/wp\/v2\/posts"}],"about":[{"href":"https:\/\/mula.es\/web\/wp-json\/wp\/v2\/types\/post"}],"author":[{"embeddable":true,"href":"https:\/\/mula.es\/web\/wp-json\/wp\/v2\/users\/13"}],"replies":[{"embeddable":true,"href":"https:\/\/mula.es\/web\/wp-json\/wp\/v2\/comments?post=58035"}],"version-history":[{"count":2,"href":"https:\/\/mula.es\/web\/wp-json\/wp\/v2\/posts\/58035\/revisions"}],"predecessor-version":[{"id":58044,"href":"https:\/\/mula.es\/web\/wp-json\/wp\/v2\/posts\/58035\/revisions\/58044"}],"wp:featuredmedia":[{"embeddable":true,"href":"https:\/\/mula.es\/web\/wp-json\/wp\/v2\/media\/33512"}],"wp:attachment":[{"href":"https:\/\/mula.es\/web\/wp-json\/wp\/v2\/media?parent=58035"}],"wp:term":[{"taxonomy":"category","embeddable":true,"href":"https:\/\/mula.es\/web\/wp-json\/wp\/v2\/categories?post=58035"},{"taxonomy":"post_tag","embeddable":true,"href":"https:\/\/mula.es\/web\/wp-json\/wp\/v2\/tags?post=58035"}],"curies":[{"name":"wp","href":"https:\/\/api.w.org\/{rel}","templated":true}]}}