{"id":58052,"date":"2025-03-28T13:44:54","date_gmt":"2025-03-28T12:44:54","guid":{"rendered":"https:\/\/mula.es\/web\/?p=58052"},"modified":"2025-03-28T13:45:37","modified_gmt":"2025-03-28T12:45:37","slug":"turismo-mula-promociona-su-semana-santa-y-su-noche-de-los-tambores-en-la-feria-b-travel-de-barcelona","status":"publish","type":"post","link":"https:\/\/mula.es\/web\/turismo-mula-promociona-su-semana-santa-y-su-noche-de-los-tambores-en-la-feria-b-travel-de-barcelona\/","title":{"rendered":"TURISMO | Mula promociona su Semana Santa y su Noche de los Tambores en la feria B-Travel de Barcelona"},"content":{"rendered":"<p><strong>NOTA DE PRENSA &#8211; 28 DE MARZO DE 2025<\/strong><\/p>\n<p><strong>\u00a0<\/strong><\/p>\n<p><strong>\u00a0<\/strong><\/p>\n<h2><strong>Mula promociona su Semana Santa y su Noche de los Tambores en la feria B-Travel de Barcelona<\/strong><\/h2>\n<p><strong>\u00a0<\/strong><\/p>\n<p><strong>\u00a0<\/strong><\/p>\n<p>Mula est\u00e1 presente desde hoy y hasta el domingo en la feria B-Travel 2025, el sal\u00f3n del turismo que se celebra en Barcelona y que re\u00fane a destinos nacionales e internacionales con el objetivo de dar a conocer su oferta tur\u00edstica a miles de visitantes y profesionales del sector.<\/p>\n<p>La ciudad participa en esta importante cita dentro del stand de la Regi\u00f3n de Murcia, bajo el mostrador de Mula, donde dar\u00e1 a conocer algunos de sus principales atractivos tur\u00edsticos. Entre ellos, destaca la promoci\u00f3n de la Semana Santa de Mula; la Noche de los Tambores, declarados Fiesta de Inter\u00e9s Tur\u00edstico Internacional y Bien de Inter\u00e9s Cultural Inmaterial por la UNESCO y MulaFlor. Un legado que combina fe, tradici\u00f3n e identidad.<\/p>\n<p>Junto a su oferta patrimonial, gastron\u00f3mica, cultural y natural, Mula tambi\u00e9n ha querido llevar a Barcelona uno de sus productos m\u00e1s representativos: el vino de la Bodega Llano y Monte. Durante la feria se ofrecer\u00e1 una degustaci\u00f3n para dar a conocer la calidad de los caldos mule\u00f1os y su vinculaci\u00f3n con la tierra y la historia del municipio.<\/p>\n<p>\u201cSeguimos trabajando por la promoci\u00f3n de Mula, apostando por un turismo sostenible, cultural y de calidad, que ponga en valor todo lo que nuestro municipio puede ofrecer a quienes nos visitan\u201d, se\u00f1ala la concejala de Turismo, Alejandra Mart\u00ednez.<\/p>\n<p>&nbsp;<\/p>\n<p><a href=\"https:\/\/mula.es\/web\/wp-content\/uploads\/2025\/03\/1-18.jpg\"><img decoding=\"async\" data-attachment-id=\"58053\" data-permalink=\"https:\/\/mula.es\/web\/turismo-mula-promociona-su-semana-santa-y-su-noche-de-los-tambores-en-la-feria-b-travel-de-barcelona\/1-243\/\" data-orig-file=\"https:\/\/mula.es\/web\/wp-content\/uploads\/2025\/03\/1-18.jpg\" data-orig-size=\"1080,1350\" data-comments-opened=\"0\" data-image-meta=\"{&quot;aperture&quot;:&quot;0&quot;,&quot;credit&quot;:&quot;&quot;,&quot;camera&quot;:&quot;&quot;,&quot;caption&quot;:&quot;&quot;,&quot;created_timestamp&quot;:&quot;0&quot;,&quot;copyright&quot;:&quot;&quot;,&quot;focal_length&quot;:&quot;0&quot;,&quot;iso&quot;:&quot;0&quot;,&quot;shutter_speed&quot;:&quot;0&quot;,&quot;title&quot;:&quot;&quot;,&quot;orientation&quot;:&quot;1&quot;}\" data-image-title=\"1\" data-image-description=\"\" data-image-caption=\"\" data-large-file=\"https:\/\/mula.es\/web\/wp-content\/uploads\/2025\/03\/1-18-819x1024.jpg\" class=\"alignnone size-medium wp-image-58053\" src=\"https:\/\/mula.es\/web\/wp-content\/uploads\/2025\/03\/1-18-240x300.jpg\" alt=\"\" width=\"240\" height=\"300\" srcset=\"https:\/\/mula.es\/web\/wp-content\/uploads\/2025\/03\/1-18-200x250.jpg 200w, https:\/\/mula.es\/web\/wp-content\/uploads\/2025\/03\/1-18-240x300.jpg 240w, https:\/\/mula.es\/web\/wp-content\/uploads\/2025\/03\/1-18-400x500.jpg 400w, https:\/\/mula.es\/web\/wp-content\/uploads\/2025\/03\/1-18-600x750.jpg 600w, https:\/\/mula.es\/web\/wp-content\/uploads\/2025\/03\/1-18-768x960.jpg 768w, https:\/\/mula.es\/web\/wp-content\/uploads\/2025\/03\/1-18-800x1000.jpg 800w, https:\/\/mula.es\/web\/wp-content\/uploads\/2025\/03\/1-18-819x1024.jpg 819w, https:\/\/mula.es\/web\/wp-content\/uploads\/2025\/03\/1-18.jpg 1080w\" sizes=\"(max-width: 240px) 100vw, 240px\" \/><\/a> <a href=\"https:\/\/mula.es\/web\/wp-content\/uploads\/2025\/03\/2-15.jpg\"><img decoding=\"async\" data-attachment-id=\"58054\" data-permalink=\"https:\/\/mula.es\/web\/turismo-mula-promociona-su-semana-santa-y-su-noche-de-los-tambores-en-la-feria-b-travel-de-barcelona\/2-233\/\" data-orig-file=\"https:\/\/mula.es\/web\/wp-content\/uploads\/2025\/03\/2-15.jpg\" data-orig-size=\"1080,1350\" data-comments-opened=\"0\" data-image-meta=\"{&quot;aperture&quot;:&quot;0&quot;,&quot;credit&quot;:&quot;&quot;,&quot;camera&quot;:&quot;&quot;,&quot;caption&quot;:&quot;&quot;,&quot;created_timestamp&quot;:&quot;0&quot;,&quot;copyright&quot;:&quot;&quot;,&quot;focal_length&quot;:&quot;0&quot;,&quot;iso&quot;:&quot;0&quot;,&quot;shutter_speed&quot;:&quot;0&quot;,&quot;title&quot;:&quot;&quot;,&quot;orientation&quot;:&quot;1&quot;}\" data-image-title=\"2\" data-image-description=\"\" data-image-caption=\"\" data-large-file=\"https:\/\/mula.es\/web\/wp-content\/uploads\/2025\/03\/2-15-819x1024.jpg\" class=\"alignnone size-medium wp-image-58054\" src=\"https:\/\/mula.es\/web\/wp-content\/uploads\/2025\/03\/2-15-240x300.jpg\" alt=\"\" width=\"240\" height=\"300\" srcset=\"https:\/\/mula.es\/web\/wp-content\/uploads\/2025\/03\/2-15-200x250.jpg 200w, https:\/\/mula.es\/web\/wp-content\/uploads\/2025\/03\/2-15-240x300.jpg 240w, https:\/\/mula.es\/web\/wp-content\/uploads\/2025\/03\/2-15-400x500.jpg 400w, https:\/\/mula.es\/web\/wp-content\/uploads\/2025\/03\/2-15-600x750.jpg 600w, https:\/\/mula.es\/web\/wp-content\/uploads\/2025\/03\/2-15-768x960.jpg 768w, https:\/\/mula.es\/web\/wp-content\/uploads\/2025\/03\/2-15-800x1000.jpg 800w, https:\/\/mula.es\/web\/wp-content\/uploads\/2025\/03\/2-15-819x1024.jpg 819w, https:\/\/mula.es\/web\/wp-content\/uploads\/2025\/03\/2-15.jpg 1080w\" sizes=\"(max-width: 240px) 100vw, 240px\" \/><\/a> <a href=\"https:\/\/mula.es\/web\/wp-content\/uploads\/2025\/03\/3-13.jpg\"><img decoding=\"async\" data-attachment-id=\"58055\" data-permalink=\"https:\/\/mula.es\/web\/turismo-mula-promociona-su-semana-santa-y-su-noche-de-los-tambores-en-la-feria-b-travel-de-barcelona\/3-202\/\" data-orig-file=\"https:\/\/mula.es\/web\/wp-content\/uploads\/2025\/03\/3-13.jpg\" data-orig-size=\"1080,1350\" data-comments-opened=\"0\" data-image-meta=\"{&quot;aperture&quot;:&quot;0&quot;,&quot;credit&quot;:&quot;&quot;,&quot;camera&quot;:&quot;&quot;,&quot;caption&quot;:&quot;&quot;,&quot;created_timestamp&quot;:&quot;0&quot;,&quot;copyright&quot;:&quot;&quot;,&quot;focal_length&quot;:&quot;0&quot;,&quot;iso&quot;:&quot;0&quot;,&quot;shutter_speed&quot;:&quot;0&quot;,&quot;title&quot;:&quot;&quot;,&quot;orientation&quot;:&quot;1&quot;}\" data-image-title=\"3\" data-image-description=\"\" data-image-caption=\"\" data-large-file=\"https:\/\/mula.es\/web\/wp-content\/uploads\/2025\/03\/3-13-819x1024.jpg\" class=\"alignnone size-medium wp-image-58055\" src=\"https:\/\/mula.es\/web\/wp-content\/uploads\/2025\/03\/3-13-240x300.jpg\" alt=\"\" width=\"240\" height=\"300\" srcset=\"https:\/\/mula.es\/web\/wp-content\/uploads\/2025\/03\/3-13-200x250.jpg 200w, https:\/\/mula.es\/web\/wp-content\/uploads\/2025\/03\/3-13-240x300.jpg 240w, https:\/\/mula.es\/web\/wp-content\/uploads\/2025\/03\/3-13-400x500.jpg 400w, https:\/\/mula.es\/web\/wp-content\/uploads\/2025\/03\/3-13-600x750.jpg 600w, https:\/\/mula.es\/web\/wp-content\/uploads\/2025\/03\/3-13-768x960.jpg 768w, https:\/\/mula.es\/web\/wp-content\/uploads\/2025\/03\/3-13-800x1000.jpg 800w, https:\/\/mula.es\/web\/wp-content\/uploads\/2025\/03\/3-13-819x1024.jpg 819w, https:\/\/mula.es\/web\/wp-content\/uploads\/2025\/03\/3-13.jpg 1080w\" sizes=\"(max-width: 240px) 100vw, 240px\" \/><\/a> <a href=\"https:\/\/mula.es\/web\/wp-content\/uploads\/2025\/03\/4-11.jpg\"><img decoding=\"async\" data-attachment-id=\"58056\" data-permalink=\"https:\/\/mula.es\/web\/turismo-mula-promociona-su-semana-santa-y-su-noche-de-los-tambores-en-la-feria-b-travel-de-barcelona\/4-151\/\" data-orig-file=\"https:\/\/mula.es\/web\/wp-content\/uploads\/2025\/03\/4-11.jpg\" data-orig-size=\"1080,1350\" data-comments-opened=\"0\" data-image-meta=\"{&quot;aperture&quot;:&quot;0&quot;,&quot;credit&quot;:&quot;&quot;,&quot;camera&quot;:&quot;&quot;,&quot;caption&quot;:&quot;&quot;,&quot;created_timestamp&quot;:&quot;0&quot;,&quot;copyright&quot;:&quot;&quot;,&quot;focal_length&quot;:&quot;0&quot;,&quot;iso&quot;:&quot;0&quot;,&quot;shutter_speed&quot;:&quot;0&quot;,&quot;title&quot;:&quot;&quot;,&quot;orientation&quot;:&quot;1&quot;}\" data-image-title=\"4\" data-image-description=\"\" data-image-caption=\"\" data-large-file=\"https:\/\/mula.es\/web\/wp-content\/uploads\/2025\/03\/4-11-819x1024.jpg\" class=\"alignnone size-medium wp-image-58056\" src=\"https:\/\/mula.es\/web\/wp-content\/uploads\/2025\/03\/4-11-240x300.jpg\" alt=\"\" width=\"240\" height=\"300\" srcset=\"https:\/\/mula.es\/web\/wp-content\/uploads\/2025\/03\/4-11-200x250.jpg 200w, https:\/\/mula.es\/web\/wp-content\/uploads\/2025\/03\/4-11-240x300.jpg 240w, https:\/\/mula.es\/web\/wp-content\/uploads\/2025\/03\/4-11-400x500.jpg 400w, https:\/\/mula.es\/web\/wp-content\/uploads\/2025\/03\/4-11-600x750.jpg 600w, https:\/\/mula.es\/web\/wp-content\/uploads\/2025\/03\/4-11-768x960.jpg 768w, https:\/\/mula.es\/web\/wp-content\/uploads\/2025\/03\/4-11-800x1000.jpg 800w, https:\/\/mula.es\/web\/wp-content\/uploads\/2025\/03\/4-11-819x1024.jpg 819w, https:\/\/mula.es\/web\/wp-content\/uploads\/2025\/03\/4-11.jpg 1080w\" sizes=\"(max-width: 240px) 100vw, 240px\" \/><\/a><\/p>\n","protected":false},"excerpt":{"rendered":"<p>NOTA DE PRENSA &#8211; 28 DE MARZO DE 2025 \u00a0 \u00a0 Mula promociona su Semana Santa y su Noche de los Tambores en la feria B-Travel de Barcelona \u00a0 \u00a0 Mula est\u00e1 presente desde hoy y hasta el domingo en la feria B-Travel 2025, el sal\u00f3n del turismo que se celebra en Barcelona y que  [&#8230;]<\/p>\n","protected":false},"author":13,"featured_media":33512,"comment_status":"closed","ping_status":"closed","sticky":false,"template":"","format":"standard","meta":{"jetpack_post_was_ever_published":false,"_jetpack_newsletter_access":"","_jetpack_dont_email_post_to_subs":false,"_jetpack_newsletter_tier_id":0,"_jetpack_memberships_contains_paywalled_content":false,"_jetpack_memberships_contains_paid_content":false,"footnotes":"","jetpack_publicize_message":"","jetpack_publicize_feature_enabled":true,"jetpack_social_post_already_shared":false,"jetpack_social_options":{"image_generator_settings":{"template":"highway","default_image_id":0,"font":"","enabled":false},"version":2}},"categories":[75],"tags":[],"class_list":["post-58052","post","type-post","status-publish","format-standard","has-post-thumbnail","hentry","category-turismo"],"yoast_head":"<!-- This site is optimized with the Yoast SEO plugin v27.5 - https:\/\/yoast.com\/product\/yoast-seo-wordpress\/ -->\n<title>TURISMO | Mula promociona su Semana Santa y su Noche de los Tambores en la feria B-Travel de Barcelona - Ayuntamiento de Mula<\/title>\n<meta name=\"robots\" content=\"index, follow, max-snippet:-1, max-image-preview:large, max-video-preview:-1\" \/>\n<link rel=\"canonical\" href=\"https:\/\/mula.es\/web\/turismo-mula-promociona-su-semana-santa-y-su-noche-de-los-tambores-en-la-feria-b-travel-de-barcelona\/\" \/>\n<meta property=\"og:locale\" content=\"es_ES\" \/>\n<meta property=\"og:type\" content=\"article\" \/>\n<meta property=\"og:title\" content=\"TURISMO | Mula promociona su Semana Santa y su Noche de los Tambores en la feria B-Travel de Barcelona - Ayuntamiento de Mula\" \/>\n<meta property=\"og:description\" content=\"NOTA DE PRENSA &#8211; 28 DE MARZO DE 2025 \u00a0 \u00a0 Mula promociona su Semana Santa y su Noche de los Tambores en la feria B-Travel de Barcelona \u00a0 \u00a0 Mula est\u00e1 presente desde hoy y hasta el domingo en la feria B-Travel 2025, el sal\u00f3n del turismo que se celebra en Barcelona y que [...]\" \/>\n<meta property=\"og:url\" content=\"https:\/\/mula.es\/web\/turismo-mula-promociona-su-semana-santa-y-su-noche-de-los-tambores-en-la-feria-b-travel-de-barcelona\/\" \/>\n<meta property=\"og:site_name\" content=\"Ayuntamiento de Mula\" \/>\n<meta property=\"article:published_time\" content=\"2025-03-28T12:44:54+00:00\" \/>\n<meta property=\"article:modified_time\" content=\"2025-03-28T12:45:37+00:00\" \/>\n<meta property=\"og:image\" content=\"https:\/\/mula.es\/web\/wp-content\/uploads\/2020\/06\/escudo-cuadrado-e1591045058235.jpg\" \/>\n\t<meta property=\"og:image:width\" content=\"200\" \/>\n\t<meta property=\"og:image:height\" content=\"218\" \/>\n\t<meta property=\"og:image:type\" content=\"image\/jpeg\" \/>\n<meta name=\"author\" content=\"Laura Salas Orcajada\" \/>\n<meta name=\"twitter:card\" content=\"summary_large_image\" \/>\n<meta name=\"twitter:creator\" content=\"@AyuntamientMula\" \/>\n<meta name=\"twitter:site\" content=\"@AyuntamientMula\" \/>\n<meta name=\"twitter:label1\" content=\"Escrito por\" \/>\n\t<meta name=\"twitter:data1\" content=\"Laura Salas Orcajada\" \/>\n\t<meta name=\"twitter:label2\" content=\"Tiempo de lectura\" \/>\n\t<meta name=\"twitter:data2\" content=\"3 minutos\" \/>\n<script type=\"application\/ld+json\" class=\"yoast-schema-graph\">{\"@context\":\"https:\\\/\\\/schema.org\",\"@graph\":[{\"@type\":\"Article\",\"@id\":\"https:\\\/\\\/mula.es\\\/web\\\/turismo-mula-promociona-su-semana-santa-y-su-noche-de-los-tambores-en-la-feria-b-travel-de-barcelona\\\/#article\",\"isPartOf\":{\"@id\":\"https:\\\/\\\/mula.es\\\/web\\\/turismo-mula-promociona-su-semana-santa-y-su-noche-de-los-tambores-en-la-feria-b-travel-de-barcelona\\\/\"},\"author\":{\"name\":\"Laura Salas Orcajada\",\"@id\":\"https:\\\/\\\/mula.es\\\/web\\\/#\\\/schema\\\/person\\\/4f10179bd364f40dceed361e61e4033f\"},\"headline\":\"TURISMO | Mula promociona su Semana Santa y su Noche de los Tambores en la feria B-Travel de Barcelona\",\"datePublished\":\"2025-03-28T12:44:54+00:00\",\"dateModified\":\"2025-03-28T12:45:37+00:00\",\"mainEntityOfPage\":{\"@id\":\"https:\\\/\\\/mula.es\\\/web\\\/turismo-mula-promociona-su-semana-santa-y-su-noche-de-los-tambores-en-la-feria-b-travel-de-barcelona\\\/\"},\"wordCount\":277,\"image\":{\"@id\":\"https:\\\/\\\/mula.es\\\/web\\\/turismo-mula-promociona-su-semana-santa-y-su-noche-de-los-tambores-en-la-feria-b-travel-de-barcelona\\\/#primaryimage\"},\"thumbnailUrl\":\"https:\\\/\\\/mula.es\\\/web\\\/wp-content\\\/uploads\\\/2020\\\/06\\\/escudo-cuadrado-e1591045058235.jpg\",\"articleSection\":[\"turismo\"],\"inLanguage\":\"es\"},{\"@type\":\"WebPage\",\"@id\":\"https:\\\/\\\/mula.es\\\/web\\\/turismo-mula-promociona-su-semana-santa-y-su-noche-de-los-tambores-en-la-feria-b-travel-de-barcelona\\\/\",\"url\":\"https:\\\/\\\/mula.es\\\/web\\\/turismo-mula-promociona-su-semana-santa-y-su-noche-de-los-tambores-en-la-feria-b-travel-de-barcelona\\\/\",\"name\":\"TURISMO | Mula promociona su Semana Santa y su Noche de los Tambores en la feria B-Travel de Barcelona - Ayuntamiento de Mula\",\"isPartOf\":{\"@id\":\"https:\\\/\\\/mula.es\\\/web\\\/#website\"},\"primaryImageOfPage\":{\"@id\":\"https:\\\/\\\/mula.es\\\/web\\\/turismo-mula-promociona-su-semana-santa-y-su-noche-de-los-tambores-en-la-feria-b-travel-de-barcelona\\\/#primaryimage\"},\"image\":{\"@id\":\"https:\\\/\\\/mula.es\\\/web\\\/turismo-mula-promociona-su-semana-santa-y-su-noche-de-los-tambores-en-la-feria-b-travel-de-barcelona\\\/#primaryimage\"},\"thumbnailUrl\":\"https:\\\/\\\/mula.es\\\/web\\\/wp-content\\\/uploads\\\/2020\\\/06\\\/escudo-cuadrado-e1591045058235.jpg\",\"datePublished\":\"2025-03-28T12:44:54+00:00\",\"dateModified\":\"2025-03-28T12:45:37+00:00\",\"author\":{\"@id\":\"https:\\\/\\\/mula.es\\\/web\\\/#\\\/schema\\\/person\\\/4f10179bd364f40dceed361e61e4033f\"},\"breadcrumb\":{\"@id\":\"https:\\\/\\\/mula.es\\\/web\\\/turismo-mula-promociona-su-semana-santa-y-su-noche-de-los-tambores-en-la-feria-b-travel-de-barcelona\\\/#breadcrumb\"},\"inLanguage\":\"es\",\"potentialAction\":[{\"@type\":\"ReadAction\",\"target\":[\"https:\\\/\\\/mula.es\\\/web\\\/turismo-mula-promociona-su-semana-santa-y-su-noche-de-los-tambores-en-la-feria-b-travel-de-barcelona\\\/\"]}]},{\"@type\":\"ImageObject\",\"inLanguage\":\"es\",\"@id\":\"https:\\\/\\\/mula.es\\\/web\\\/turismo-mula-promociona-su-semana-santa-y-su-noche-de-los-tambores-en-la-feria-b-travel-de-barcelona\\\/#primaryimage\",\"url\":\"https:\\\/\\\/mula.es\\\/web\\\/wp-content\\\/uploads\\\/2020\\\/06\\\/escudo-cuadrado-e1591045058235.jpg\",\"contentUrl\":\"https:\\\/\\\/mula.es\\\/web\\\/wp-content\\\/uploads\\\/2020\\\/06\\\/escudo-cuadrado-e1591045058235.jpg\",\"width\":200,\"height\":218},{\"@type\":\"BreadcrumbList\",\"@id\":\"https:\\\/\\\/mula.es\\\/web\\\/turismo-mula-promociona-su-semana-santa-y-su-noche-de-los-tambores-en-la-feria-b-travel-de-barcelona\\\/#breadcrumb\",\"itemListElement\":[{\"@type\":\"ListItem\",\"position\":1,\"name\":\"Portada\",\"item\":\"https:\\\/\\\/mula.es\\\/web\\\/\"},{\"@type\":\"ListItem\",\"position\":2,\"name\":\"TURISMO | Mula promociona su Semana Santa y su Noche de los Tambores en la feria B-Travel de Barcelona\"}]},{\"@type\":\"WebSite\",\"@id\":\"https:\\\/\\\/mula.es\\\/web\\\/#website\",\"url\":\"https:\\\/\\\/mula.es\\\/web\\\/\",\"name\":\"Ayuntamiento de Mula\",\"description\":\"P\u00e1gina web del Ayuntamiento de Mula (Regi\u00f3n de Murcia)\",\"potentialAction\":[{\"@type\":\"SearchAction\",\"target\":{\"@type\":\"EntryPoint\",\"urlTemplate\":\"https:\\\/\\\/mula.es\\\/web\\\/?s={search_term_string}\"},\"query-input\":{\"@type\":\"PropertyValueSpecification\",\"valueRequired\":true,\"valueName\":\"search_term_string\"}}],\"inLanguage\":\"es\"},{\"@type\":\"Person\",\"@id\":\"https:\\\/\\\/mula.es\\\/web\\\/#\\\/schema\\\/person\\\/4f10179bd364f40dceed361e61e4033f\",\"name\":\"Laura Salas Orcajada\",\"image\":{\"@type\":\"ImageObject\",\"inLanguage\":\"es\",\"@id\":\"https:\\\/\\\/secure.gravatar.com\\\/avatar\\\/786f2a223d9a455e2a448f78b5dcc1117207ef56ef3d9a04df338c0f775cd403?s=96&d=mm&r=g\",\"url\":\"https:\\\/\\\/secure.gravatar.com\\\/avatar\\\/786f2a223d9a455e2a448f78b5dcc1117207ef56ef3d9a04df338c0f775cd403?s=96&d=mm&r=g\",\"contentUrl\":\"https:\\\/\\\/secure.gravatar.com\\\/avatar\\\/786f2a223d9a455e2a448f78b5dcc1117207ef56ef3d9a04df338c0f775cd403?s=96&d=mm&r=g\",\"caption\":\"Laura Salas Orcajada\"},\"url\":\"https:\\\/\\\/mula.es\\\/web\\\/author\\\/lsalas\\\/\"}]}<\/script>\n<!-- \/ Yoast SEO plugin. -->","yoast_head_json":{"title":"TURISMO | Mula promociona su Semana Santa y su Noche de los Tambores en la feria B-Travel de Barcelona - Ayuntamiento de Mula","robots":{"index":"index","follow":"follow","max-snippet":"max-snippet:-1","max-image-preview":"max-image-preview:large","max-video-preview":"max-video-preview:-1"},"canonical":"https:\/\/mula.es\/web\/turismo-mula-promociona-su-semana-santa-y-su-noche-de-los-tambores-en-la-feria-b-travel-de-barcelona\/","og_locale":"es_ES","og_type":"article","og_title":"TURISMO | Mula promociona su Semana Santa y su Noche de los Tambores en la feria B-Travel de Barcelona - Ayuntamiento de Mula","og_description":"NOTA DE PRENSA &#8211; 28 DE MARZO DE 2025 \u00a0 \u00a0 Mula promociona su Semana Santa y su Noche de los Tambores en la feria B-Travel de Barcelona \u00a0 \u00a0 Mula est\u00e1 presente desde hoy y hasta el domingo en la feria B-Travel 2025, el sal\u00f3n del turismo que se celebra en Barcelona y que [...]","og_url":"https:\/\/mula.es\/web\/turismo-mula-promociona-su-semana-santa-y-su-noche-de-los-tambores-en-la-feria-b-travel-de-barcelona\/","og_site_name":"Ayuntamiento de Mula","article_published_time":"2025-03-28T12:44:54+00:00","article_modified_time":"2025-03-28T12:45:37+00:00","og_image":[{"width":200,"height":218,"url":"https:\/\/mula.es\/web\/wp-content\/uploads\/2020\/06\/escudo-cuadrado-e1591045058235.jpg","type":"image\/jpeg"}],"author":"Laura Salas Orcajada","twitter_card":"summary_large_image","twitter_creator":"@AyuntamientMula","twitter_site":"@AyuntamientMula","twitter_misc":{"Escrito por":"Laura Salas Orcajada","Tiempo de lectura":"3 minutos"},"schema":{"@context":"https:\/\/schema.org","@graph":[{"@type":"Article","@id":"https:\/\/mula.es\/web\/turismo-mula-promociona-su-semana-santa-y-su-noche-de-los-tambores-en-la-feria-b-travel-de-barcelona\/#article","isPartOf":{"@id":"https:\/\/mula.es\/web\/turismo-mula-promociona-su-semana-santa-y-su-noche-de-los-tambores-en-la-feria-b-travel-de-barcelona\/"},"author":{"name":"Laura Salas Orcajada","@id":"https:\/\/mula.es\/web\/#\/schema\/person\/4f10179bd364f40dceed361e61e4033f"},"headline":"TURISMO | Mula promociona su Semana Santa y su Noche de los Tambores en la feria B-Travel de Barcelona","datePublished":"2025-03-28T12:44:54+00:00","dateModified":"2025-03-28T12:45:37+00:00","mainEntityOfPage":{"@id":"https:\/\/mula.es\/web\/turismo-mula-promociona-su-semana-santa-y-su-noche-de-los-tambores-en-la-feria-b-travel-de-barcelona\/"},"wordCount":277,"image":{"@id":"https:\/\/mula.es\/web\/turismo-mula-promociona-su-semana-santa-y-su-noche-de-los-tambores-en-la-feria-b-travel-de-barcelona\/#primaryimage"},"thumbnailUrl":"https:\/\/mula.es\/web\/wp-content\/uploads\/2020\/06\/escudo-cuadrado-e1591045058235.jpg","articleSection":["turismo"],"inLanguage":"es"},{"@type":"WebPage","@id":"https:\/\/mula.es\/web\/turismo-mula-promociona-su-semana-santa-y-su-noche-de-los-tambores-en-la-feria-b-travel-de-barcelona\/","url":"https:\/\/mula.es\/web\/turismo-mula-promociona-su-semana-santa-y-su-noche-de-los-tambores-en-la-feria-b-travel-de-barcelona\/","name":"TURISMO | Mula promociona su Semana Santa y su Noche de los Tambores en la feria B-Travel de Barcelona - Ayuntamiento de Mula","isPartOf":{"@id":"https:\/\/mula.es\/web\/#website"},"primaryImageOfPage":{"@id":"https:\/\/mula.es\/web\/turismo-mula-promociona-su-semana-santa-y-su-noche-de-los-tambores-en-la-feria-b-travel-de-barcelona\/#primaryimage"},"image":{"@id":"https:\/\/mula.es\/web\/turismo-mula-promociona-su-semana-santa-y-su-noche-de-los-tambores-en-la-feria-b-travel-de-barcelona\/#primaryimage"},"thumbnailUrl":"https:\/\/mula.es\/web\/wp-content\/uploads\/2020\/06\/escudo-cuadrado-e1591045058235.jpg","datePublished":"2025-03-28T12:44:54+00:00","dateModified":"2025-03-28T12:45:37+00:00","author":{"@id":"https:\/\/mula.es\/web\/#\/schema\/person\/4f10179bd364f40dceed361e61e4033f"},"breadcrumb":{"@id":"https:\/\/mula.es\/web\/turismo-mula-promociona-su-semana-santa-y-su-noche-de-los-tambores-en-la-feria-b-travel-de-barcelona\/#breadcrumb"},"inLanguage":"es","potentialAction":[{"@type":"ReadAction","target":["https:\/\/mula.es\/web\/turismo-mula-promociona-su-semana-santa-y-su-noche-de-los-tambores-en-la-feria-b-travel-de-barcelona\/"]}]},{"@type":"ImageObject","inLanguage":"es","@id":"https:\/\/mula.es\/web\/turismo-mula-promociona-su-semana-santa-y-su-noche-de-los-tambores-en-la-feria-b-travel-de-barcelona\/#primaryimage","url":"https:\/\/mula.es\/web\/wp-content\/uploads\/2020\/06\/escudo-cuadrado-e1591045058235.jpg","contentUrl":"https:\/\/mula.es\/web\/wp-content\/uploads\/2020\/06\/escudo-cuadrado-e1591045058235.jpg","width":200,"height":218},{"@type":"BreadcrumbList","@id":"https:\/\/mula.es\/web\/turismo-mula-promociona-su-semana-santa-y-su-noche-de-los-tambores-en-la-feria-b-travel-de-barcelona\/#breadcrumb","itemListElement":[{"@type":"ListItem","position":1,"name":"Portada","item":"https:\/\/mula.es\/web\/"},{"@type":"ListItem","position":2,"name":"TURISMO | Mula promociona su Semana Santa y su Noche de los Tambores en la feria B-Travel de Barcelona"}]},{"@type":"WebSite","@id":"https:\/\/mula.es\/web\/#website","url":"https:\/\/mula.es\/web\/","name":"Ayuntamiento de Mula","description":"P\u00e1gina web del Ayuntamiento de Mula (Regi\u00f3n de Murcia)","potentialAction":[{"@type":"SearchAction","target":{"@type":"EntryPoint","urlTemplate":"https:\/\/mula.es\/web\/?s={search_term_string}"},"query-input":{"@type":"PropertyValueSpecification","valueRequired":true,"valueName":"search_term_string"}}],"inLanguage":"es"},{"@type":"Person","@id":"https:\/\/mula.es\/web\/#\/schema\/person\/4f10179bd364f40dceed361e61e4033f","name":"Laura Salas Orcajada","image":{"@type":"ImageObject","inLanguage":"es","@id":"https:\/\/secure.gravatar.com\/avatar\/786f2a223d9a455e2a448f78b5dcc1117207ef56ef3d9a04df338c0f775cd403?s=96&d=mm&r=g","url":"https:\/\/secure.gravatar.com\/avatar\/786f2a223d9a455e2a448f78b5dcc1117207ef56ef3d9a04df338c0f775cd403?s=96&d=mm&r=g","contentUrl":"https:\/\/secure.gravatar.com\/avatar\/786f2a223d9a455e2a448f78b5dcc1117207ef56ef3d9a04df338c0f775cd403?s=96&d=mm&r=g","caption":"Laura Salas Orcajada"},"url":"https:\/\/mula.es\/web\/author\/lsalas\/"}]}},"jetpack_publicize_connections":[],"jetpack_featured_media_url":"https:\/\/mula.es\/web\/wp-content\/uploads\/2020\/06\/escudo-cuadrado-e1591045058235.jpg","jetpack_sharing_enabled":true,"jetpack_shortlink":"https:\/\/wp.me\/pa9DMY-f6k","jetpack-related-posts":[],"_links":{"self":[{"href":"https:\/\/mula.es\/web\/wp-json\/wp\/v2\/posts\/58052","targetHints":{"allow":["GET"]}}],"collection":[{"href":"https:\/\/mula.es\/web\/wp-json\/wp\/v2\/posts"}],"about":[{"href":"https:\/\/mula.es\/web\/wp-json\/wp\/v2\/types\/post"}],"author":[{"embeddable":true,"href":"https:\/\/mula.es\/web\/wp-json\/wp\/v2\/users\/13"}],"replies":[{"embeddable":true,"href":"https:\/\/mula.es\/web\/wp-json\/wp\/v2\/comments?post=58052"}],"version-history":[{"count":2,"href":"https:\/\/mula.es\/web\/wp-json\/wp\/v2\/posts\/58052\/revisions"}],"predecessor-version":[{"id":58058,"href":"https:\/\/mula.es\/web\/wp-json\/wp\/v2\/posts\/58052\/revisions\/58058"}],"wp:featuredmedia":[{"embeddable":true,"href":"https:\/\/mula.es\/web\/wp-json\/wp\/v2\/media\/33512"}],"wp:attachment":[{"href":"https:\/\/mula.es\/web\/wp-json\/wp\/v2\/media?parent=58052"}],"wp:term":[{"taxonomy":"category","embeddable":true,"href":"https:\/\/mula.es\/web\/wp-json\/wp\/v2\/categories?post=58052"},{"taxonomy":"post_tag","embeddable":true,"href":"https:\/\/mula.es\/web\/wp-json\/wp\/v2\/tags?post=58052"}],"curies":[{"name":"wp","href":"https:\/\/api.w.org\/{rel}","templated":true}]}}