{"id":58059,"date":"2025-03-28T20:50:06","date_gmt":"2025-03-28T19:50:06","guid":{"rendered":"https:\/\/mula.es\/web\/?p=58059"},"modified":"2025-03-28T20:50:06","modified_gmt":"2025-03-28T19:50:06","slug":"turismo-los-premios-mulaflor-2025-reconocen-el-compromiso-y-la-identidad-mulena-su-emotiva-gala","status":"publish","type":"post","link":"https:\/\/mula.es\/web\/turismo-los-premios-mulaflor-2025-reconocen-el-compromiso-y-la-identidad-mulena-su-emotiva-gala\/","title":{"rendered":"TURISMO | Los Premios MulaFlor 2025 reconocen el compromiso y la identidad mule\u00f1a su emotiva gala"},"content":{"rendered":"<p><strong>NOTA DE PRENSA &#8211; 28 DE MARZO DE 2025<\/strong><\/p>\n<p><strong>\u00a0<\/strong><\/p>\n<h2><strong>\u00a0<\/strong><\/h2>\n<h2><strong>Los Premios MulaFlor 2025 reconocen el compromiso y la identidad mule\u00f1a su emotiva gala <\/strong><\/h2>\n<p>&nbsp;<\/p>\n<p>El Convento de San Francisco ha acogido este viernes la segunda edici\u00f3n de los Premios MulaFlor, una gala llena de emoci\u00f3n en la que se rindi\u00f3 homenaje a personas y entidades que han contribuido al desarrollo y la identidad de Mula.<\/p>\n<p>El acto, presidido por el alcalde Juan Jes\u00fas Moreno, reuni\u00f3 a autoridades, familiares y vecinos en una noche de orgullo colectivo. En su intervenci\u00f3n, el alcalde destac\u00f3 que estos premios \u00abson un reflejo del talento, la entrega y el esfuerzo de quienes hacen grande a nuestro municipio\u00bb.<\/p>\n<p>Los galardones de este a\u00f1o han sido para Encarna S\u00e1nchez Mart\u00ednez (Premio Agricultora del A\u00f1o), por su dedicaci\u00f3n al campo; la Familia Solano (Premio Legado), por su labor en la preservaci\u00f3n del patrimonio cultural; Felipa Moya (Premio Emprendimiento), por su impulso a la econom\u00eda local; y la Mancomunidad Tierras de la Vera Cruz (Premio Extraordinario), por su trabajo en la cooperaci\u00f3n comarcal.<\/p>\n<p>Adem\u00e1s, durante la gala tambi\u00e9n se hizo entrega de los premios de los concursos MulaFlor 2025, en sus diferentes categor\u00edas.<\/p>\n<p>En el Concurso de Fotograf\u00eda MulaFlor25, el primer premio fue para Montserrat Garc\u00eda Ruiz, el segundo para Luc\u00eda Fern\u00e1ndez Sandoval y el tercero para Purificaci\u00f3n Simarro Cort\u00e9s.<\/p>\n<p>En el Concurso de Decoraci\u00f3n de Puertas, Locales y Escaparates, el primer premio recay\u00f3 en Tejidos Encarna, el segundo en Farmacia Boticas 23 y el tercero en Encarna S\u00e1nchez Trajes Regionales.<\/p>\n<p>Por su parte, en la categor\u00eda de Embellecimiento de Balcones, Ventanas y Terrazas, los galardonados fueron Iv\u00e1n Fern\u00e1ndez Pozo (primer premio), Teresa Mar\u00eda Ruiz Campuzano (segundo premio) y Carlos Alberto Cano Loayza (tercer premio).<\/p>\n<p>La concejala de Turismo, Alejandra Mart\u00ednez, felicit\u00f3 a todos los participantes por su creatividad y esfuerzo: \u201cGracias a quienes hab\u00e9is hecho florecer Mula un a\u00f1o m\u00e1s con vuestro talento. Esta gala es una celebraci\u00f3n de nuestra identidad, pero tambi\u00e9n del compromiso ciudadano con el embellecimiento y la puesta en valor de nuestro entorno natural\u201d.<\/p>\n<p>Desde el Ayuntamiento se agradeci\u00f3 especialmente la colaboraci\u00f3n de entidades como Grupo Aljema Relosa, X-Elio, Grupo Salzillo, Postres Reina, Caja Rural Central y el Instituto de Turismo de la Regi\u00f3n de Murcia, por hacer posible esta cita.<\/p>\n<p>Con esta segunda edici\u00f3n, los Premios MulaFlor se consolidan como un referente anual para reconocer la excelencia, el compromiso y la historia viva del municipio, fomentando adem\u00e1s la participaci\u00f3n ciudadana en iniciativas que hacen crecer con orgullo a Mula.<\/p>\n<p><a href=\"https:\/\/mula.es\/web\/wp-content\/uploads\/2025\/03\/1-19-scaled.jpg\"><img decoding=\"async\" data-attachment-id=\"58060\" data-permalink=\"https:\/\/mula.es\/web\/turismo-los-premios-mulaflor-2025-reconocen-el-compromiso-y-la-identidad-mulena-su-emotiva-gala\/1-244\/\" data-orig-file=\"https:\/\/mula.es\/web\/wp-content\/uploads\/2025\/03\/1-19-scaled.jpg\" data-orig-size=\"2560,1707\" data-comments-opened=\"0\" data-image-meta=\"{&quot;aperture&quot;:&quot;0&quot;,&quot;credit&quot;:&quot;&quot;,&quot;camera&quot;:&quot;&quot;,&quot;caption&quot;:&quot;&quot;,&quot;created_timestamp&quot;:&quot;0&quot;,&quot;copyright&quot;:&quot;&quot;,&quot;focal_length&quot;:&quot;0&quot;,&quot;iso&quot;:&quot;0&quot;,&quot;shutter_speed&quot;:&quot;0&quot;,&quot;title&quot;:&quot;&quot;,&quot;orientation&quot;:&quot;1&quot;}\" data-image-title=\"1\" data-image-description=\"\" data-image-caption=\"\" data-large-file=\"https:\/\/mula.es\/web\/wp-content\/uploads\/2025\/03\/1-19-1024x683.jpg\" class=\"size-medium wp-image-58060 aligncenter\" src=\"https:\/\/mula.es\/web\/wp-content\/uploads\/2025\/03\/1-19-300x200.jpg\" alt=\"\" width=\"300\" height=\"200\" srcset=\"https:\/\/mula.es\/web\/wp-content\/uploads\/2025\/03\/1-19-200x133.jpg 200w, https:\/\/mula.es\/web\/wp-content\/uploads\/2025\/03\/1-19-300x200.jpg 300w, https:\/\/mula.es\/web\/wp-content\/uploads\/2025\/03\/1-19-400x267.jpg 400w, https:\/\/mula.es\/web\/wp-content\/uploads\/2025\/03\/1-19-600x400.jpg 600w, https:\/\/mula.es\/web\/wp-content\/uploads\/2025\/03\/1-19-768x512.jpg 768w, https:\/\/mula.es\/web\/wp-content\/uploads\/2025\/03\/1-19-800x533.jpg 800w, https:\/\/mula.es\/web\/wp-content\/uploads\/2025\/03\/1-19-1024x683.jpg 1024w, https:\/\/mula.es\/web\/wp-content\/uploads\/2025\/03\/1-19-1200x800.jpg 1200w, https:\/\/mula.es\/web\/wp-content\/uploads\/2025\/03\/1-19-1536x1024.jpg 1536w\" sizes=\"(max-width: 300px) 100vw, 300px\" \/><\/a><\/p>\n","protected":false},"excerpt":{"rendered":"<p>NOTA DE PRENSA &#8211; 28 DE MARZO DE 2025 \u00a0 \u00a0 Los Premios MulaFlor 2025 reconocen el compromiso y la identidad mule\u00f1a su emotiva gala &nbsp; El Convento de San Francisco ha acogido este viernes la segunda edici\u00f3n de los Premios MulaFlor, una gala llena de emoci\u00f3n en la que se rindi\u00f3 homenaje a personas  [&#8230;]<\/p>\n","protected":false},"author":13,"featured_media":33512,"comment_status":"closed","ping_status":"closed","sticky":false,"template":"","format":"standard","meta":{"jetpack_post_was_ever_published":false,"_jetpack_newsletter_access":"","_jetpack_dont_email_post_to_subs":false,"_jetpack_newsletter_tier_id":0,"_jetpack_memberships_contains_paywalled_content":false,"_jetpack_memberships_contains_paid_content":false,"footnotes":"","jetpack_publicize_message":"","jetpack_publicize_feature_enabled":true,"jetpack_social_post_already_shared":false,"jetpack_social_options":{"image_generator_settings":{"template":"highway","default_image_id":0,"font":"","enabled":false},"version":2}},"categories":[75],"tags":[],"class_list":["post-58059","post","type-post","status-publish","format-standard","has-post-thumbnail","hentry","category-turismo"],"yoast_head":"<!-- This site is optimized with the Yoast SEO plugin v27.5 - https:\/\/yoast.com\/product\/yoast-seo-wordpress\/ -->\n<title>TURISMO | Los Premios MulaFlor 2025 reconocen el compromiso y la identidad mule\u00f1a su emotiva gala - Ayuntamiento de Mula<\/title>\n<meta name=\"robots\" content=\"index, follow, max-snippet:-1, max-image-preview:large, max-video-preview:-1\" \/>\n<link rel=\"canonical\" href=\"https:\/\/mula.es\/web\/turismo-los-premios-mulaflor-2025-reconocen-el-compromiso-y-la-identidad-mulena-su-emotiva-gala\/\" \/>\n<meta property=\"og:locale\" content=\"es_ES\" \/>\n<meta property=\"og:type\" content=\"article\" \/>\n<meta property=\"og:title\" content=\"TURISMO | Los Premios MulaFlor 2025 reconocen el compromiso y la identidad mule\u00f1a su emotiva gala - Ayuntamiento de Mula\" \/>\n<meta property=\"og:description\" content=\"NOTA DE PRENSA &#8211; 28 DE MARZO DE 2025 \u00a0 \u00a0 Los Premios MulaFlor 2025 reconocen el compromiso y la identidad mule\u00f1a su emotiva gala &nbsp; El Convento de San Francisco ha acogido este viernes la segunda edici\u00f3n de los Premios MulaFlor, una gala llena de emoci\u00f3n en la que se rindi\u00f3 homenaje a personas [...]\" \/>\n<meta property=\"og:url\" content=\"https:\/\/mula.es\/web\/turismo-los-premios-mulaflor-2025-reconocen-el-compromiso-y-la-identidad-mulena-su-emotiva-gala\/\" \/>\n<meta property=\"og:site_name\" content=\"Ayuntamiento de Mula\" \/>\n<meta property=\"article:published_time\" content=\"2025-03-28T19:50:06+00:00\" \/>\n<meta property=\"og:image\" content=\"https:\/\/mula.es\/web\/wp-content\/uploads\/2020\/06\/escudo-cuadrado-e1591045058235.jpg\" \/>\n\t<meta property=\"og:image:width\" content=\"200\" \/>\n\t<meta property=\"og:image:height\" content=\"218\" \/>\n\t<meta property=\"og:image:type\" content=\"image\/jpeg\" \/>\n<meta name=\"author\" content=\"Laura Salas Orcajada\" \/>\n<meta name=\"twitter:card\" content=\"summary_large_image\" \/>\n<meta name=\"twitter:creator\" content=\"@AyuntamientMula\" \/>\n<meta name=\"twitter:site\" content=\"@AyuntamientMula\" \/>\n<meta name=\"twitter:label1\" content=\"Escrito por\" \/>\n\t<meta name=\"twitter:data1\" content=\"Laura Salas Orcajada\" \/>\n\t<meta name=\"twitter:label2\" content=\"Tiempo de lectura\" \/>\n\t<meta name=\"twitter:data2\" content=\"3 minutos\" \/>\n<script type=\"application\/ld+json\" class=\"yoast-schema-graph\">{\"@context\":\"https:\\\/\\\/schema.org\",\"@graph\":[{\"@type\":\"Article\",\"@id\":\"https:\\\/\\\/mula.es\\\/web\\\/turismo-los-premios-mulaflor-2025-reconocen-el-compromiso-y-la-identidad-mulena-su-emotiva-gala\\\/#article\",\"isPartOf\":{\"@id\":\"https:\\\/\\\/mula.es\\\/web\\\/turismo-los-premios-mulaflor-2025-reconocen-el-compromiso-y-la-identidad-mulena-su-emotiva-gala\\\/\"},\"author\":{\"name\":\"Laura Salas Orcajada\",\"@id\":\"https:\\\/\\\/mula.es\\\/web\\\/#\\\/schema\\\/person\\\/4f10179bd364f40dceed361e61e4033f\"},\"headline\":\"TURISMO | Los Premios MulaFlor 2025 reconocen el compromiso y la identidad mule\u00f1a su emotiva gala\",\"datePublished\":\"2025-03-28T19:50:06+00:00\",\"mainEntityOfPage\":{\"@id\":\"https:\\\/\\\/mula.es\\\/web\\\/turismo-los-premios-mulaflor-2025-reconocen-el-compromiso-y-la-identidad-mulena-su-emotiva-gala\\\/\"},\"wordCount\":465,\"image\":{\"@id\":\"https:\\\/\\\/mula.es\\\/web\\\/turismo-los-premios-mulaflor-2025-reconocen-el-compromiso-y-la-identidad-mulena-su-emotiva-gala\\\/#primaryimage\"},\"thumbnailUrl\":\"https:\\\/\\\/mula.es\\\/web\\\/wp-content\\\/uploads\\\/2020\\\/06\\\/escudo-cuadrado-e1591045058235.jpg\",\"articleSection\":[\"turismo\"],\"inLanguage\":\"es\"},{\"@type\":\"WebPage\",\"@id\":\"https:\\\/\\\/mula.es\\\/web\\\/turismo-los-premios-mulaflor-2025-reconocen-el-compromiso-y-la-identidad-mulena-su-emotiva-gala\\\/\",\"url\":\"https:\\\/\\\/mula.es\\\/web\\\/turismo-los-premios-mulaflor-2025-reconocen-el-compromiso-y-la-identidad-mulena-su-emotiva-gala\\\/\",\"name\":\"TURISMO | Los Premios MulaFlor 2025 reconocen el compromiso y la identidad mule\u00f1a su emotiva gala - Ayuntamiento de Mula\",\"isPartOf\":{\"@id\":\"https:\\\/\\\/mula.es\\\/web\\\/#website\"},\"primaryImageOfPage\":{\"@id\":\"https:\\\/\\\/mula.es\\\/web\\\/turismo-los-premios-mulaflor-2025-reconocen-el-compromiso-y-la-identidad-mulena-su-emotiva-gala\\\/#primaryimage\"},\"image\":{\"@id\":\"https:\\\/\\\/mula.es\\\/web\\\/turismo-los-premios-mulaflor-2025-reconocen-el-compromiso-y-la-identidad-mulena-su-emotiva-gala\\\/#primaryimage\"},\"thumbnailUrl\":\"https:\\\/\\\/mula.es\\\/web\\\/wp-content\\\/uploads\\\/2020\\\/06\\\/escudo-cuadrado-e1591045058235.jpg\",\"datePublished\":\"2025-03-28T19:50:06+00:00\",\"author\":{\"@id\":\"https:\\\/\\\/mula.es\\\/web\\\/#\\\/schema\\\/person\\\/4f10179bd364f40dceed361e61e4033f\"},\"breadcrumb\":{\"@id\":\"https:\\\/\\\/mula.es\\\/web\\\/turismo-los-premios-mulaflor-2025-reconocen-el-compromiso-y-la-identidad-mulena-su-emotiva-gala\\\/#breadcrumb\"},\"inLanguage\":\"es\",\"potentialAction\":[{\"@type\":\"ReadAction\",\"target\":[\"https:\\\/\\\/mula.es\\\/web\\\/turismo-los-premios-mulaflor-2025-reconocen-el-compromiso-y-la-identidad-mulena-su-emotiva-gala\\\/\"]}]},{\"@type\":\"ImageObject\",\"inLanguage\":\"es\",\"@id\":\"https:\\\/\\\/mula.es\\\/web\\\/turismo-los-premios-mulaflor-2025-reconocen-el-compromiso-y-la-identidad-mulena-su-emotiva-gala\\\/#primaryimage\",\"url\":\"https:\\\/\\\/mula.es\\\/web\\\/wp-content\\\/uploads\\\/2020\\\/06\\\/escudo-cuadrado-e1591045058235.jpg\",\"contentUrl\":\"https:\\\/\\\/mula.es\\\/web\\\/wp-content\\\/uploads\\\/2020\\\/06\\\/escudo-cuadrado-e1591045058235.jpg\",\"width\":200,\"height\":218},{\"@type\":\"BreadcrumbList\",\"@id\":\"https:\\\/\\\/mula.es\\\/web\\\/turismo-los-premios-mulaflor-2025-reconocen-el-compromiso-y-la-identidad-mulena-su-emotiva-gala\\\/#breadcrumb\",\"itemListElement\":[{\"@type\":\"ListItem\",\"position\":1,\"name\":\"Portada\",\"item\":\"https:\\\/\\\/mula.es\\\/web\\\/\"},{\"@type\":\"ListItem\",\"position\":2,\"name\":\"TURISMO | Los Premios MulaFlor 2025 reconocen el compromiso y la identidad mule\u00f1a su emotiva gala\"}]},{\"@type\":\"WebSite\",\"@id\":\"https:\\\/\\\/mula.es\\\/web\\\/#website\",\"url\":\"https:\\\/\\\/mula.es\\\/web\\\/\",\"name\":\"Ayuntamiento de Mula\",\"description\":\"P\u00e1gina web del Ayuntamiento de Mula (Regi\u00f3n de Murcia)\",\"potentialAction\":[{\"@type\":\"SearchAction\",\"target\":{\"@type\":\"EntryPoint\",\"urlTemplate\":\"https:\\\/\\\/mula.es\\\/web\\\/?s={search_term_string}\"},\"query-input\":{\"@type\":\"PropertyValueSpecification\",\"valueRequired\":true,\"valueName\":\"search_term_string\"}}],\"inLanguage\":\"es\"},{\"@type\":\"Person\",\"@id\":\"https:\\\/\\\/mula.es\\\/web\\\/#\\\/schema\\\/person\\\/4f10179bd364f40dceed361e61e4033f\",\"name\":\"Laura Salas Orcajada\",\"image\":{\"@type\":\"ImageObject\",\"inLanguage\":\"es\",\"@id\":\"https:\\\/\\\/secure.gravatar.com\\\/avatar\\\/786f2a223d9a455e2a448f78b5dcc1117207ef56ef3d9a04df338c0f775cd403?s=96&d=mm&r=g\",\"url\":\"https:\\\/\\\/secure.gravatar.com\\\/avatar\\\/786f2a223d9a455e2a448f78b5dcc1117207ef56ef3d9a04df338c0f775cd403?s=96&d=mm&r=g\",\"contentUrl\":\"https:\\\/\\\/secure.gravatar.com\\\/avatar\\\/786f2a223d9a455e2a448f78b5dcc1117207ef56ef3d9a04df338c0f775cd403?s=96&d=mm&r=g\",\"caption\":\"Laura Salas Orcajada\"},\"url\":\"https:\\\/\\\/mula.es\\\/web\\\/author\\\/lsalas\\\/\"}]}<\/script>\n<!-- \/ Yoast SEO plugin. -->","yoast_head_json":{"title":"TURISMO | Los Premios MulaFlor 2025 reconocen el compromiso y la identidad mule\u00f1a su emotiva gala - Ayuntamiento de Mula","robots":{"index":"index","follow":"follow","max-snippet":"max-snippet:-1","max-image-preview":"max-image-preview:large","max-video-preview":"max-video-preview:-1"},"canonical":"https:\/\/mula.es\/web\/turismo-los-premios-mulaflor-2025-reconocen-el-compromiso-y-la-identidad-mulena-su-emotiva-gala\/","og_locale":"es_ES","og_type":"article","og_title":"TURISMO | Los Premios MulaFlor 2025 reconocen el compromiso y la identidad mule\u00f1a su emotiva gala - Ayuntamiento de Mula","og_description":"NOTA DE PRENSA &#8211; 28 DE MARZO DE 2025 \u00a0 \u00a0 Los Premios MulaFlor 2025 reconocen el compromiso y la identidad mule\u00f1a su emotiva gala &nbsp; El Convento de San Francisco ha acogido este viernes la segunda edici\u00f3n de los Premios MulaFlor, una gala llena de emoci\u00f3n en la que se rindi\u00f3 homenaje a personas [...]","og_url":"https:\/\/mula.es\/web\/turismo-los-premios-mulaflor-2025-reconocen-el-compromiso-y-la-identidad-mulena-su-emotiva-gala\/","og_site_name":"Ayuntamiento de Mula","article_published_time":"2025-03-28T19:50:06+00:00","og_image":[{"width":200,"height":218,"url":"https:\/\/mula.es\/web\/wp-content\/uploads\/2020\/06\/escudo-cuadrado-e1591045058235.jpg","type":"image\/jpeg"}],"author":"Laura Salas Orcajada","twitter_card":"summary_large_image","twitter_creator":"@AyuntamientMula","twitter_site":"@AyuntamientMula","twitter_misc":{"Escrito por":"Laura Salas Orcajada","Tiempo de lectura":"3 minutos"},"schema":{"@context":"https:\/\/schema.org","@graph":[{"@type":"Article","@id":"https:\/\/mula.es\/web\/turismo-los-premios-mulaflor-2025-reconocen-el-compromiso-y-la-identidad-mulena-su-emotiva-gala\/#article","isPartOf":{"@id":"https:\/\/mula.es\/web\/turismo-los-premios-mulaflor-2025-reconocen-el-compromiso-y-la-identidad-mulena-su-emotiva-gala\/"},"author":{"name":"Laura Salas Orcajada","@id":"https:\/\/mula.es\/web\/#\/schema\/person\/4f10179bd364f40dceed361e61e4033f"},"headline":"TURISMO | Los Premios MulaFlor 2025 reconocen el compromiso y la identidad mule\u00f1a su emotiva gala","datePublished":"2025-03-28T19:50:06+00:00","mainEntityOfPage":{"@id":"https:\/\/mula.es\/web\/turismo-los-premios-mulaflor-2025-reconocen-el-compromiso-y-la-identidad-mulena-su-emotiva-gala\/"},"wordCount":465,"image":{"@id":"https:\/\/mula.es\/web\/turismo-los-premios-mulaflor-2025-reconocen-el-compromiso-y-la-identidad-mulena-su-emotiva-gala\/#primaryimage"},"thumbnailUrl":"https:\/\/mula.es\/web\/wp-content\/uploads\/2020\/06\/escudo-cuadrado-e1591045058235.jpg","articleSection":["turismo"],"inLanguage":"es"},{"@type":"WebPage","@id":"https:\/\/mula.es\/web\/turismo-los-premios-mulaflor-2025-reconocen-el-compromiso-y-la-identidad-mulena-su-emotiva-gala\/","url":"https:\/\/mula.es\/web\/turismo-los-premios-mulaflor-2025-reconocen-el-compromiso-y-la-identidad-mulena-su-emotiva-gala\/","name":"TURISMO | Los Premios MulaFlor 2025 reconocen el compromiso y la identidad mule\u00f1a su emotiva gala - Ayuntamiento de Mula","isPartOf":{"@id":"https:\/\/mula.es\/web\/#website"},"primaryImageOfPage":{"@id":"https:\/\/mula.es\/web\/turismo-los-premios-mulaflor-2025-reconocen-el-compromiso-y-la-identidad-mulena-su-emotiva-gala\/#primaryimage"},"image":{"@id":"https:\/\/mula.es\/web\/turismo-los-premios-mulaflor-2025-reconocen-el-compromiso-y-la-identidad-mulena-su-emotiva-gala\/#primaryimage"},"thumbnailUrl":"https:\/\/mula.es\/web\/wp-content\/uploads\/2020\/06\/escudo-cuadrado-e1591045058235.jpg","datePublished":"2025-03-28T19:50:06+00:00","author":{"@id":"https:\/\/mula.es\/web\/#\/schema\/person\/4f10179bd364f40dceed361e61e4033f"},"breadcrumb":{"@id":"https:\/\/mula.es\/web\/turismo-los-premios-mulaflor-2025-reconocen-el-compromiso-y-la-identidad-mulena-su-emotiva-gala\/#breadcrumb"},"inLanguage":"es","potentialAction":[{"@type":"ReadAction","target":["https:\/\/mula.es\/web\/turismo-los-premios-mulaflor-2025-reconocen-el-compromiso-y-la-identidad-mulena-su-emotiva-gala\/"]}]},{"@type":"ImageObject","inLanguage":"es","@id":"https:\/\/mula.es\/web\/turismo-los-premios-mulaflor-2025-reconocen-el-compromiso-y-la-identidad-mulena-su-emotiva-gala\/#primaryimage","url":"https:\/\/mula.es\/web\/wp-content\/uploads\/2020\/06\/escudo-cuadrado-e1591045058235.jpg","contentUrl":"https:\/\/mula.es\/web\/wp-content\/uploads\/2020\/06\/escudo-cuadrado-e1591045058235.jpg","width":200,"height":218},{"@type":"BreadcrumbList","@id":"https:\/\/mula.es\/web\/turismo-los-premios-mulaflor-2025-reconocen-el-compromiso-y-la-identidad-mulena-su-emotiva-gala\/#breadcrumb","itemListElement":[{"@type":"ListItem","position":1,"name":"Portada","item":"https:\/\/mula.es\/web\/"},{"@type":"ListItem","position":2,"name":"TURISMO | Los Premios MulaFlor 2025 reconocen el compromiso y la identidad mule\u00f1a su emotiva gala"}]},{"@type":"WebSite","@id":"https:\/\/mula.es\/web\/#website","url":"https:\/\/mula.es\/web\/","name":"Ayuntamiento de Mula","description":"P\u00e1gina web del Ayuntamiento de Mula (Regi\u00f3n de Murcia)","potentialAction":[{"@type":"SearchAction","target":{"@type":"EntryPoint","urlTemplate":"https:\/\/mula.es\/web\/?s={search_term_string}"},"query-input":{"@type":"PropertyValueSpecification","valueRequired":true,"valueName":"search_term_string"}}],"inLanguage":"es"},{"@type":"Person","@id":"https:\/\/mula.es\/web\/#\/schema\/person\/4f10179bd364f40dceed361e61e4033f","name":"Laura Salas Orcajada","image":{"@type":"ImageObject","inLanguage":"es","@id":"https:\/\/secure.gravatar.com\/avatar\/786f2a223d9a455e2a448f78b5dcc1117207ef56ef3d9a04df338c0f775cd403?s=96&d=mm&r=g","url":"https:\/\/secure.gravatar.com\/avatar\/786f2a223d9a455e2a448f78b5dcc1117207ef56ef3d9a04df338c0f775cd403?s=96&d=mm&r=g","contentUrl":"https:\/\/secure.gravatar.com\/avatar\/786f2a223d9a455e2a448f78b5dcc1117207ef56ef3d9a04df338c0f775cd403?s=96&d=mm&r=g","caption":"Laura Salas Orcajada"},"url":"https:\/\/mula.es\/web\/author\/lsalas\/"}]}},"jetpack_publicize_connections":[],"jetpack_featured_media_url":"https:\/\/mula.es\/web\/wp-content\/uploads\/2020\/06\/escudo-cuadrado-e1591045058235.jpg","jetpack_sharing_enabled":true,"jetpack_shortlink":"https:\/\/wp.me\/pa9DMY-f6r","jetpack-related-posts":[],"_links":{"self":[{"href":"https:\/\/mula.es\/web\/wp-json\/wp\/v2\/posts\/58059","targetHints":{"allow":["GET"]}}],"collection":[{"href":"https:\/\/mula.es\/web\/wp-json\/wp\/v2\/posts"}],"about":[{"href":"https:\/\/mula.es\/web\/wp-json\/wp\/v2\/types\/post"}],"author":[{"embeddable":true,"href":"https:\/\/mula.es\/web\/wp-json\/wp\/v2\/users\/13"}],"replies":[{"embeddable":true,"href":"https:\/\/mula.es\/web\/wp-json\/wp\/v2\/comments?post=58059"}],"version-history":[{"count":1,"href":"https:\/\/mula.es\/web\/wp-json\/wp\/v2\/posts\/58059\/revisions"}],"predecessor-version":[{"id":58061,"href":"https:\/\/mula.es\/web\/wp-json\/wp\/v2\/posts\/58059\/revisions\/58061"}],"wp:featuredmedia":[{"embeddable":true,"href":"https:\/\/mula.es\/web\/wp-json\/wp\/v2\/media\/33512"}],"wp:attachment":[{"href":"https:\/\/mula.es\/web\/wp-json\/wp\/v2\/media?parent=58059"}],"wp:term":[{"taxonomy":"category","embeddable":true,"href":"https:\/\/mula.es\/web\/wp-json\/wp\/v2\/categories?post=58059"},{"taxonomy":"post_tag","embeddable":true,"href":"https:\/\/mula.es\/web\/wp-json\/wp\/v2\/tags?post=58059"}],"curies":[{"name":"wp","href":"https:\/\/api.w.org\/{rel}","templated":true}]}}