{"id":58063,"date":"2025-03-29T14:43:14","date_gmt":"2025-03-29T13:43:14","guid":{"rendered":"https:\/\/mula.es\/web\/?p=58063"},"modified":"2025-03-29T14:43:14","modified_gmt":"2025-03-29T13:43:14","slug":"tambores-mula-deja-su-huella-en-las-xxxviii-jornadas-nacionales-de-exaltacion-del-tambor-y-el-bombo-celebradas-en-moratalla","status":"publish","type":"post","link":"https:\/\/mula.es\/web\/tambores-mula-deja-su-huella-en-las-xxxviii-jornadas-nacionales-de-exaltacion-del-tambor-y-el-bombo-celebradas-en-moratalla\/","title":{"rendered":"TAMBORES | \u00a0  Mula deja su huella en las XXXVIII Jornadas Nacionales de Exaltaci\u00f3n del Tambor y el Bombo celebradas en Moratalla"},"content":{"rendered":"<p><strong>NOTA DE PRENSA &#8211; 29 DE MARZO DE 2025<\/strong><\/p>\n<p><strong>\u00a0<\/strong><\/p>\n<h2><strong>\u00a0<\/strong><\/h2>\n<h2><strong>Mula deja su huella en las XXXVIII Jornadas Nacionales de Exaltaci\u00f3n del Tambor y el Bombo celebradas en Moratalla<\/strong><\/h2>\n<h2><\/h2>\n<p>Cientos de mule\u00f1os y mule\u00f1as han participado este fin de semana en las XXXVIII Jornadas Nacionales de Exaltaci\u00f3n del Tambor y el Bombo, celebradas los d\u00edas 28, 29 y 30 de marzo en la localidad vecina de Moratalla. Un evento que ha reunido a m\u00e1s de 20.000 personas llegadas desde los veintid\u00f3s municipios que forman parte del Consorcio Nacional de Pueblos del Tambor y el Bombo, as\u00ed como de otros rincones de Espa\u00f1a.<\/p>\n<p>Durante el tradicional desfile de delegaciones, Mula se hizo sentir con fuerza, mostrando al p\u00fablico asistente el inconfundible sonido de su toque de tambor, Patrimonio Cultural Inmaterial de la Humanidad por la UNESCO y se\u00f1a de identidad del municipio. La delegaci\u00f3n mule\u00f1a recorri\u00f3 las calles moratalleras con orgullo y entrega, acompa\u00f1ada por numerosos vecinos que quisieron apoyar y vivir de cerca este encuentro \u00fanico.<\/p>\n<p>Desde el Ayuntamiento de Mula se ha querido trasladar la enhorabuena a la Asociaci\u00f3n de Tamboristas de Mula, cuyo trabajo, compromiso y pasi\u00f3n han vuelto a dejar el list\u00f3n muy alto. Una vez m\u00e1s, Mula ha demostrado su implicaci\u00f3n y su amor por una tradici\u00f3n que forma parte de su identidad.<\/p>\n<p>Participar en estas jornadas supone reafirmar el lugar que ocupa Mula en el mapa tamborista nacional, fortaleciendo lazos entre pueblos hermanos y proyectando al exterior la riqueza cultural y emocional de nuestras tradiciones.<\/p>\n","protected":false},"excerpt":{"rendered":"<p>NOTA DE PRENSA &#8211; 29 DE MARZO DE 2025 \u00a0 \u00a0 Mula deja su huella en las XXXVIII Jornadas Nacionales de Exaltaci\u00f3n del Tambor y el Bombo celebradas en Moratalla Cientos de mule\u00f1os y mule\u00f1as han participado este fin de semana en las XXXVIII Jornadas Nacionales de Exaltaci\u00f3n del Tambor y el Bombo, celebradas los  [&#8230;]<\/p>\n","protected":false},"author":13,"featured_media":33512,"comment_status":"closed","ping_status":"closed","sticky":false,"template":"","format":"standard","meta":{"jetpack_post_was_ever_published":false,"_jetpack_newsletter_access":"","_jetpack_dont_email_post_to_subs":false,"_jetpack_newsletter_tier_id":0,"_jetpack_memberships_contains_paywalled_content":false,"_jetpack_memberships_contains_paid_content":false,"footnotes":"","jetpack_publicize_message":"","jetpack_publicize_feature_enabled":true,"jetpack_social_post_already_shared":false,"jetpack_social_options":{"image_generator_settings":{"template":"highway","default_image_id":0,"font":"","enabled":false},"version":2}},"categories":[123],"tags":[],"class_list":["post-58063","post","type-post","status-publish","format-standard","has-post-thumbnail","hentry","category-tambores"],"yoast_head":"<!-- This site is optimized with the Yoast SEO plugin v27.5 - https:\/\/yoast.com\/product\/yoast-seo-wordpress\/ -->\n<title>TAMBORES | \u00a0 Mula deja su huella en las XXXVIII Jornadas Nacionales de Exaltaci\u00f3n del Tambor y el Bombo celebradas en Moratalla - Ayuntamiento de Mula<\/title>\n<meta name=\"robots\" content=\"index, follow, max-snippet:-1, max-image-preview:large, max-video-preview:-1\" \/>\n<link rel=\"canonical\" href=\"https:\/\/mula.es\/web\/tambores-mula-deja-su-huella-en-las-xxxviii-jornadas-nacionales-de-exaltacion-del-tambor-y-el-bombo-celebradas-en-moratalla\/\" \/>\n<meta property=\"og:locale\" content=\"es_ES\" \/>\n<meta property=\"og:type\" content=\"article\" \/>\n<meta property=\"og:title\" content=\"TAMBORES | \u00a0 Mula deja su huella en las XXXVIII Jornadas Nacionales de Exaltaci\u00f3n del Tambor y el Bombo celebradas en Moratalla - Ayuntamiento de Mula\" \/>\n<meta property=\"og:description\" content=\"NOTA DE PRENSA &#8211; 29 DE MARZO DE 2025 \u00a0 \u00a0 Mula deja su huella en las XXXVIII Jornadas Nacionales de Exaltaci\u00f3n del Tambor y el Bombo celebradas en Moratalla Cientos de mule\u00f1os y mule\u00f1as han participado este fin de semana en las XXXVIII Jornadas Nacionales de Exaltaci\u00f3n del Tambor y el Bombo, celebradas los [...]\" \/>\n<meta property=\"og:url\" content=\"https:\/\/mula.es\/web\/tambores-mula-deja-su-huella-en-las-xxxviii-jornadas-nacionales-de-exaltacion-del-tambor-y-el-bombo-celebradas-en-moratalla\/\" \/>\n<meta property=\"og:site_name\" content=\"Ayuntamiento de Mula\" \/>\n<meta property=\"article:published_time\" content=\"2025-03-29T13:43:14+00:00\" \/>\n<meta property=\"og:image\" content=\"https:\/\/mula.es\/web\/wp-content\/uploads\/2020\/06\/escudo-cuadrado-e1591045058235.jpg\" \/>\n\t<meta property=\"og:image:width\" content=\"200\" \/>\n\t<meta property=\"og:image:height\" content=\"218\" \/>\n\t<meta property=\"og:image:type\" content=\"image\/jpeg\" \/>\n<meta name=\"author\" content=\"Laura Salas Orcajada\" \/>\n<meta name=\"twitter:card\" content=\"summary_large_image\" \/>\n<meta name=\"twitter:creator\" content=\"@AyuntamientMula\" \/>\n<meta name=\"twitter:site\" content=\"@AyuntamientMula\" \/>\n<meta name=\"twitter:label1\" content=\"Escrito por\" \/>\n\t<meta name=\"twitter:data1\" content=\"Laura Salas Orcajada\" \/>\n\t<meta name=\"twitter:label2\" content=\"Tiempo de lectura\" \/>\n\t<meta name=\"twitter:data2\" content=\"4 minutos\" \/>\n<script type=\"application\/ld+json\" class=\"yoast-schema-graph\">{\"@context\":\"https:\\\/\\\/schema.org\",\"@graph\":[{\"@type\":\"Article\",\"@id\":\"https:\\\/\\\/mula.es\\\/web\\\/tambores-mula-deja-su-huella-en-las-xxxviii-jornadas-nacionales-de-exaltacion-del-tambor-y-el-bombo-celebradas-en-moratalla\\\/#article\",\"isPartOf\":{\"@id\":\"https:\\\/\\\/mula.es\\\/web\\\/tambores-mula-deja-su-huella-en-las-xxxviii-jornadas-nacionales-de-exaltacion-del-tambor-y-el-bombo-celebradas-en-moratalla\\\/\"},\"author\":{\"name\":\"Laura Salas Orcajada\",\"@id\":\"https:\\\/\\\/mula.es\\\/web\\\/#\\\/schema\\\/person\\\/4f10179bd364f40dceed361e61e4033f\"},\"headline\":\"TAMBORES | \u00a0 Mula deja su huella en las XXXVIII Jornadas Nacionales de Exaltaci\u00f3n del Tambor y el Bombo celebradas en Moratalla\",\"datePublished\":\"2025-03-29T13:43:14+00:00\",\"mainEntityOfPage\":{\"@id\":\"https:\\\/\\\/mula.es\\\/web\\\/tambores-mula-deja-su-huella-en-las-xxxviii-jornadas-nacionales-de-exaltacion-del-tambor-y-el-bombo-celebradas-en-moratalla\\\/\"},\"wordCount\":283,\"image\":{\"@id\":\"https:\\\/\\\/mula.es\\\/web\\\/tambores-mula-deja-su-huella-en-las-xxxviii-jornadas-nacionales-de-exaltacion-del-tambor-y-el-bombo-celebradas-en-moratalla\\\/#primaryimage\"},\"thumbnailUrl\":\"https:\\\/\\\/mula.es\\\/web\\\/wp-content\\\/uploads\\\/2020\\\/06\\\/escudo-cuadrado-e1591045058235.jpg\",\"articleSection\":[\"tambores\"],\"inLanguage\":\"es\"},{\"@type\":\"WebPage\",\"@id\":\"https:\\\/\\\/mula.es\\\/web\\\/tambores-mula-deja-su-huella-en-las-xxxviii-jornadas-nacionales-de-exaltacion-del-tambor-y-el-bombo-celebradas-en-moratalla\\\/\",\"url\":\"https:\\\/\\\/mula.es\\\/web\\\/tambores-mula-deja-su-huella-en-las-xxxviii-jornadas-nacionales-de-exaltacion-del-tambor-y-el-bombo-celebradas-en-moratalla\\\/\",\"name\":\"TAMBORES | \u00a0 Mula deja su huella en las XXXVIII Jornadas Nacionales de Exaltaci\u00f3n del Tambor y el Bombo celebradas en Moratalla - Ayuntamiento de Mula\",\"isPartOf\":{\"@id\":\"https:\\\/\\\/mula.es\\\/web\\\/#website\"},\"primaryImageOfPage\":{\"@id\":\"https:\\\/\\\/mula.es\\\/web\\\/tambores-mula-deja-su-huella-en-las-xxxviii-jornadas-nacionales-de-exaltacion-del-tambor-y-el-bombo-celebradas-en-moratalla\\\/#primaryimage\"},\"image\":{\"@id\":\"https:\\\/\\\/mula.es\\\/web\\\/tambores-mula-deja-su-huella-en-las-xxxviii-jornadas-nacionales-de-exaltacion-del-tambor-y-el-bombo-celebradas-en-moratalla\\\/#primaryimage\"},\"thumbnailUrl\":\"https:\\\/\\\/mula.es\\\/web\\\/wp-content\\\/uploads\\\/2020\\\/06\\\/escudo-cuadrado-e1591045058235.jpg\",\"datePublished\":\"2025-03-29T13:43:14+00:00\",\"author\":{\"@id\":\"https:\\\/\\\/mula.es\\\/web\\\/#\\\/schema\\\/person\\\/4f10179bd364f40dceed361e61e4033f\"},\"breadcrumb\":{\"@id\":\"https:\\\/\\\/mula.es\\\/web\\\/tambores-mula-deja-su-huella-en-las-xxxviii-jornadas-nacionales-de-exaltacion-del-tambor-y-el-bombo-celebradas-en-moratalla\\\/#breadcrumb\"},\"inLanguage\":\"es\",\"potentialAction\":[{\"@type\":\"ReadAction\",\"target\":[\"https:\\\/\\\/mula.es\\\/web\\\/tambores-mula-deja-su-huella-en-las-xxxviii-jornadas-nacionales-de-exaltacion-del-tambor-y-el-bombo-celebradas-en-moratalla\\\/\"]}]},{\"@type\":\"ImageObject\",\"inLanguage\":\"es\",\"@id\":\"https:\\\/\\\/mula.es\\\/web\\\/tambores-mula-deja-su-huella-en-las-xxxviii-jornadas-nacionales-de-exaltacion-del-tambor-y-el-bombo-celebradas-en-moratalla\\\/#primaryimage\",\"url\":\"https:\\\/\\\/mula.es\\\/web\\\/wp-content\\\/uploads\\\/2020\\\/06\\\/escudo-cuadrado-e1591045058235.jpg\",\"contentUrl\":\"https:\\\/\\\/mula.es\\\/web\\\/wp-content\\\/uploads\\\/2020\\\/06\\\/escudo-cuadrado-e1591045058235.jpg\",\"width\":200,\"height\":218},{\"@type\":\"BreadcrumbList\",\"@id\":\"https:\\\/\\\/mula.es\\\/web\\\/tambores-mula-deja-su-huella-en-las-xxxviii-jornadas-nacionales-de-exaltacion-del-tambor-y-el-bombo-celebradas-en-moratalla\\\/#breadcrumb\",\"itemListElement\":[{\"@type\":\"ListItem\",\"position\":1,\"name\":\"Portada\",\"item\":\"https:\\\/\\\/mula.es\\\/web\\\/\"},{\"@type\":\"ListItem\",\"position\":2,\"name\":\"TAMBORES | \u00a0 Mula deja su huella en las XXXVIII Jornadas Nacionales de Exaltaci\u00f3n del Tambor y el Bombo celebradas en Moratalla\"}]},{\"@type\":\"WebSite\",\"@id\":\"https:\\\/\\\/mula.es\\\/web\\\/#website\",\"url\":\"https:\\\/\\\/mula.es\\\/web\\\/\",\"name\":\"Ayuntamiento de Mula\",\"description\":\"P\u00e1gina web del Ayuntamiento de Mula (Regi\u00f3n de Murcia)\",\"potentialAction\":[{\"@type\":\"SearchAction\",\"target\":{\"@type\":\"EntryPoint\",\"urlTemplate\":\"https:\\\/\\\/mula.es\\\/web\\\/?s={search_term_string}\"},\"query-input\":{\"@type\":\"PropertyValueSpecification\",\"valueRequired\":true,\"valueName\":\"search_term_string\"}}],\"inLanguage\":\"es\"},{\"@type\":\"Person\",\"@id\":\"https:\\\/\\\/mula.es\\\/web\\\/#\\\/schema\\\/person\\\/4f10179bd364f40dceed361e61e4033f\",\"name\":\"Laura Salas Orcajada\",\"image\":{\"@type\":\"ImageObject\",\"inLanguage\":\"es\",\"@id\":\"https:\\\/\\\/secure.gravatar.com\\\/avatar\\\/786f2a223d9a455e2a448f78b5dcc1117207ef56ef3d9a04df338c0f775cd403?s=96&d=mm&r=g\",\"url\":\"https:\\\/\\\/secure.gravatar.com\\\/avatar\\\/786f2a223d9a455e2a448f78b5dcc1117207ef56ef3d9a04df338c0f775cd403?s=96&d=mm&r=g\",\"contentUrl\":\"https:\\\/\\\/secure.gravatar.com\\\/avatar\\\/786f2a223d9a455e2a448f78b5dcc1117207ef56ef3d9a04df338c0f775cd403?s=96&d=mm&r=g\",\"caption\":\"Laura Salas Orcajada\"},\"url\":\"https:\\\/\\\/mula.es\\\/web\\\/author\\\/lsalas\\\/\"}]}<\/script>\n<!-- \/ Yoast SEO plugin. -->","yoast_head_json":{"title":"TAMBORES | \u00a0 Mula deja su huella en las XXXVIII Jornadas Nacionales de Exaltaci\u00f3n del Tambor y el Bombo celebradas en Moratalla - Ayuntamiento de Mula","robots":{"index":"index","follow":"follow","max-snippet":"max-snippet:-1","max-image-preview":"max-image-preview:large","max-video-preview":"max-video-preview:-1"},"canonical":"https:\/\/mula.es\/web\/tambores-mula-deja-su-huella-en-las-xxxviii-jornadas-nacionales-de-exaltacion-del-tambor-y-el-bombo-celebradas-en-moratalla\/","og_locale":"es_ES","og_type":"article","og_title":"TAMBORES | \u00a0 Mula deja su huella en las XXXVIII Jornadas Nacionales de Exaltaci\u00f3n del Tambor y el Bombo celebradas en Moratalla - Ayuntamiento de Mula","og_description":"NOTA DE PRENSA &#8211; 29 DE MARZO DE 2025 \u00a0 \u00a0 Mula deja su huella en las XXXVIII Jornadas Nacionales de Exaltaci\u00f3n del Tambor y el Bombo celebradas en Moratalla Cientos de mule\u00f1os y mule\u00f1as han participado este fin de semana en las XXXVIII Jornadas Nacionales de Exaltaci\u00f3n del Tambor y el Bombo, celebradas los [...]","og_url":"https:\/\/mula.es\/web\/tambores-mula-deja-su-huella-en-las-xxxviii-jornadas-nacionales-de-exaltacion-del-tambor-y-el-bombo-celebradas-en-moratalla\/","og_site_name":"Ayuntamiento de Mula","article_published_time":"2025-03-29T13:43:14+00:00","og_image":[{"width":200,"height":218,"url":"https:\/\/mula.es\/web\/wp-content\/uploads\/2020\/06\/escudo-cuadrado-e1591045058235.jpg","type":"image\/jpeg"}],"author":"Laura Salas Orcajada","twitter_card":"summary_large_image","twitter_creator":"@AyuntamientMula","twitter_site":"@AyuntamientMula","twitter_misc":{"Escrito por":"Laura Salas Orcajada","Tiempo de lectura":"4 minutos"},"schema":{"@context":"https:\/\/schema.org","@graph":[{"@type":"Article","@id":"https:\/\/mula.es\/web\/tambores-mula-deja-su-huella-en-las-xxxviii-jornadas-nacionales-de-exaltacion-del-tambor-y-el-bombo-celebradas-en-moratalla\/#article","isPartOf":{"@id":"https:\/\/mula.es\/web\/tambores-mula-deja-su-huella-en-las-xxxviii-jornadas-nacionales-de-exaltacion-del-tambor-y-el-bombo-celebradas-en-moratalla\/"},"author":{"name":"Laura Salas Orcajada","@id":"https:\/\/mula.es\/web\/#\/schema\/person\/4f10179bd364f40dceed361e61e4033f"},"headline":"TAMBORES | \u00a0 Mula deja su huella en las XXXVIII Jornadas Nacionales de Exaltaci\u00f3n del Tambor y el Bombo celebradas en Moratalla","datePublished":"2025-03-29T13:43:14+00:00","mainEntityOfPage":{"@id":"https:\/\/mula.es\/web\/tambores-mula-deja-su-huella-en-las-xxxviii-jornadas-nacionales-de-exaltacion-del-tambor-y-el-bombo-celebradas-en-moratalla\/"},"wordCount":283,"image":{"@id":"https:\/\/mula.es\/web\/tambores-mula-deja-su-huella-en-las-xxxviii-jornadas-nacionales-de-exaltacion-del-tambor-y-el-bombo-celebradas-en-moratalla\/#primaryimage"},"thumbnailUrl":"https:\/\/mula.es\/web\/wp-content\/uploads\/2020\/06\/escudo-cuadrado-e1591045058235.jpg","articleSection":["tambores"],"inLanguage":"es"},{"@type":"WebPage","@id":"https:\/\/mula.es\/web\/tambores-mula-deja-su-huella-en-las-xxxviii-jornadas-nacionales-de-exaltacion-del-tambor-y-el-bombo-celebradas-en-moratalla\/","url":"https:\/\/mula.es\/web\/tambores-mula-deja-su-huella-en-las-xxxviii-jornadas-nacionales-de-exaltacion-del-tambor-y-el-bombo-celebradas-en-moratalla\/","name":"TAMBORES | \u00a0 Mula deja su huella en las XXXVIII Jornadas Nacionales de Exaltaci\u00f3n del Tambor y el Bombo celebradas en Moratalla - Ayuntamiento de Mula","isPartOf":{"@id":"https:\/\/mula.es\/web\/#website"},"primaryImageOfPage":{"@id":"https:\/\/mula.es\/web\/tambores-mula-deja-su-huella-en-las-xxxviii-jornadas-nacionales-de-exaltacion-del-tambor-y-el-bombo-celebradas-en-moratalla\/#primaryimage"},"image":{"@id":"https:\/\/mula.es\/web\/tambores-mula-deja-su-huella-en-las-xxxviii-jornadas-nacionales-de-exaltacion-del-tambor-y-el-bombo-celebradas-en-moratalla\/#primaryimage"},"thumbnailUrl":"https:\/\/mula.es\/web\/wp-content\/uploads\/2020\/06\/escudo-cuadrado-e1591045058235.jpg","datePublished":"2025-03-29T13:43:14+00:00","author":{"@id":"https:\/\/mula.es\/web\/#\/schema\/person\/4f10179bd364f40dceed361e61e4033f"},"breadcrumb":{"@id":"https:\/\/mula.es\/web\/tambores-mula-deja-su-huella-en-las-xxxviii-jornadas-nacionales-de-exaltacion-del-tambor-y-el-bombo-celebradas-en-moratalla\/#breadcrumb"},"inLanguage":"es","potentialAction":[{"@type":"ReadAction","target":["https:\/\/mula.es\/web\/tambores-mula-deja-su-huella-en-las-xxxviii-jornadas-nacionales-de-exaltacion-del-tambor-y-el-bombo-celebradas-en-moratalla\/"]}]},{"@type":"ImageObject","inLanguage":"es","@id":"https:\/\/mula.es\/web\/tambores-mula-deja-su-huella-en-las-xxxviii-jornadas-nacionales-de-exaltacion-del-tambor-y-el-bombo-celebradas-en-moratalla\/#primaryimage","url":"https:\/\/mula.es\/web\/wp-content\/uploads\/2020\/06\/escudo-cuadrado-e1591045058235.jpg","contentUrl":"https:\/\/mula.es\/web\/wp-content\/uploads\/2020\/06\/escudo-cuadrado-e1591045058235.jpg","width":200,"height":218},{"@type":"BreadcrumbList","@id":"https:\/\/mula.es\/web\/tambores-mula-deja-su-huella-en-las-xxxviii-jornadas-nacionales-de-exaltacion-del-tambor-y-el-bombo-celebradas-en-moratalla\/#breadcrumb","itemListElement":[{"@type":"ListItem","position":1,"name":"Portada","item":"https:\/\/mula.es\/web\/"},{"@type":"ListItem","position":2,"name":"TAMBORES | \u00a0 Mula deja su huella en las XXXVIII Jornadas Nacionales de Exaltaci\u00f3n del Tambor y el Bombo celebradas en Moratalla"}]},{"@type":"WebSite","@id":"https:\/\/mula.es\/web\/#website","url":"https:\/\/mula.es\/web\/","name":"Ayuntamiento de Mula","description":"P\u00e1gina web del Ayuntamiento de Mula (Regi\u00f3n de Murcia)","potentialAction":[{"@type":"SearchAction","target":{"@type":"EntryPoint","urlTemplate":"https:\/\/mula.es\/web\/?s={search_term_string}"},"query-input":{"@type":"PropertyValueSpecification","valueRequired":true,"valueName":"search_term_string"}}],"inLanguage":"es"},{"@type":"Person","@id":"https:\/\/mula.es\/web\/#\/schema\/person\/4f10179bd364f40dceed361e61e4033f","name":"Laura Salas Orcajada","image":{"@type":"ImageObject","inLanguage":"es","@id":"https:\/\/secure.gravatar.com\/avatar\/786f2a223d9a455e2a448f78b5dcc1117207ef56ef3d9a04df338c0f775cd403?s=96&d=mm&r=g","url":"https:\/\/secure.gravatar.com\/avatar\/786f2a223d9a455e2a448f78b5dcc1117207ef56ef3d9a04df338c0f775cd403?s=96&d=mm&r=g","contentUrl":"https:\/\/secure.gravatar.com\/avatar\/786f2a223d9a455e2a448f78b5dcc1117207ef56ef3d9a04df338c0f775cd403?s=96&d=mm&r=g","caption":"Laura Salas Orcajada"},"url":"https:\/\/mula.es\/web\/author\/lsalas\/"}]}},"jetpack_publicize_connections":[],"jetpack_featured_media_url":"https:\/\/mula.es\/web\/wp-content\/uploads\/2020\/06\/escudo-cuadrado-e1591045058235.jpg","jetpack_sharing_enabled":true,"jetpack_shortlink":"https:\/\/wp.me\/pa9DMY-f6v","jetpack-related-posts":[],"_links":{"self":[{"href":"https:\/\/mula.es\/web\/wp-json\/wp\/v2\/posts\/58063","targetHints":{"allow":["GET"]}}],"collection":[{"href":"https:\/\/mula.es\/web\/wp-json\/wp\/v2\/posts"}],"about":[{"href":"https:\/\/mula.es\/web\/wp-json\/wp\/v2\/types\/post"}],"author":[{"embeddable":true,"href":"https:\/\/mula.es\/web\/wp-json\/wp\/v2\/users\/13"}],"replies":[{"embeddable":true,"href":"https:\/\/mula.es\/web\/wp-json\/wp\/v2\/comments?post=58063"}],"version-history":[{"count":1,"href":"https:\/\/mula.es\/web\/wp-json\/wp\/v2\/posts\/58063\/revisions"}],"predecessor-version":[{"id":58064,"href":"https:\/\/mula.es\/web\/wp-json\/wp\/v2\/posts\/58063\/revisions\/58064"}],"wp:featuredmedia":[{"embeddable":true,"href":"https:\/\/mula.es\/web\/wp-json\/wp\/v2\/media\/33512"}],"wp:attachment":[{"href":"https:\/\/mula.es\/web\/wp-json\/wp\/v2\/media?parent=58063"}],"wp:term":[{"taxonomy":"category","embeddable":true,"href":"https:\/\/mula.es\/web\/wp-json\/wp\/v2\/categories?post=58063"},{"taxonomy":"post_tag","embeddable":true,"href":"https:\/\/mula.es\/web\/wp-json\/wp\/v2\/tags?post=58063"}],"curies":[{"name":"wp","href":"https:\/\/api.w.org\/{rel}","templated":true}]}}