{"id":58065,"date":"2025-04-01T09:23:09","date_gmt":"2025-04-01T07:23:09","guid":{"rendered":"https:\/\/mula.es\/web\/?p=58065"},"modified":"2025-04-02T09:07:56","modified_gmt":"2025-04-02T07:07:56","slug":"juventud-la-concejalia-de-juventud-pone-en-marcha-la-actividad-conexion-animal-para-jovenes-de-mula","status":"publish","type":"post","link":"https:\/\/mula.es\/web\/juventud-la-concejalia-de-juventud-pone-en-marcha-la-actividad-conexion-animal-para-jovenes-de-mula\/","title":{"rendered":"JUVENTUD | La concejal\u00eda de Juventud pone en marcha la actividad \u201cConexi\u00f3n Animal\u201d para j\u00f3venes de Mula"},"content":{"rendered":"<p><strong>NOTA DE PRENSA &#8211; 1 DE ABRIL DE 2025<\/strong><\/p>\n<p><strong>\u00a0<\/strong><\/p>\n<h2><strong>\u00a0<\/strong><\/h2>\n<h2><strong>La concejal\u00eda de Juventud pone en marcha la actividad \u201cConexi\u00f3n Animal\u201d para j\u00f3venes de Mula <\/strong><\/h2>\n<p><strong>\u00a0<\/strong><\/p>\n<p><strong>\u00a0<\/strong><\/p>\n<p>La concejal\u00eda de Adolescencia y Juventud del Ayuntamiento de Mula ha organizado, en colaboraci\u00f3n con la Direcci\u00f3n General de Juventud, \u00a0la Fundaci\u00f3n Centauro Quir\u00f3n y Cultura de Calle, la actividad \u201cConexi\u00f3n Animal: Talleres Ecuestres y Caninos\u201d, dirigida a j\u00f3venes del municipio de entre 14 y 17 a\u00f1os.<\/p>\n<p>Esta propuesta, que se desarrollar\u00e1 el s\u00e1bado 26 de abril en las instalaciones de la Fundaci\u00f3n Centauro Quir\u00f3n en Molina de Segura, busca fomentar el bienestar emocional, la inclusi\u00f3n y el respeto por la diversidad a trav\u00e9s del contacto directo con los animales.<\/p>\n<p>Durante la jornada, los participantes realizar\u00e1n una visita guiada al centro, donde conocer\u00e1n el trabajo terap\u00e9utico que se desarrolla con caballos y perros, y participar\u00e1n en talleres pr\u00e1cticos de manejo, cuidado, adiestramiento b\u00e1sico e interacci\u00f3n con los animales.<\/p>\n<p>La actividad es gratuita y cuenta con 30 plazas disponibles. El traslado se realizar\u00e1 en autob\u00fas desde la Estaci\u00f3n de Autobuses de Mula, con salida a las 9:00 h y regreso a las 14:00 h. Para participar es necesario inscribirse previamente en la concejal\u00eda de Adolescencia y Juventud o en el Centro Joven.<\/p>\n<p>Desde el Ayuntamiento se anima a los j\u00f3venes a participar en esta experiencia que promueve la empat\u00eda, el trabajo en equipo y el respeto por los animales, en un entorno seguro, educativo y enriquecedor.<\/p>\n<p><a href=\"https:\/\/mula.es\/web\/wp-content\/uploads\/2025\/04\/1.jpg\"><img decoding=\"async\" data-attachment-id=\"58066\" data-permalink=\"https:\/\/mula.es\/web\/juventud-la-concejalia-de-juventud-pone-en-marcha-la-actividad-conexion-animal-para-jovenes-de-mula\/1-245\/\" data-orig-file=\"https:\/\/mula.es\/web\/wp-content\/uploads\/2025\/04\/1.jpg\" data-orig-size=\"1080,1080\" data-comments-opened=\"0\" data-image-meta=\"{&quot;aperture&quot;:&quot;0&quot;,&quot;credit&quot;:&quot;&quot;,&quot;camera&quot;:&quot;&quot;,&quot;caption&quot;:&quot;&quot;,&quot;created_timestamp&quot;:&quot;0&quot;,&quot;copyright&quot;:&quot;&quot;,&quot;focal_length&quot;:&quot;0&quot;,&quot;iso&quot;:&quot;0&quot;,&quot;shutter_speed&quot;:&quot;0&quot;,&quot;title&quot;:&quot;&quot;,&quot;orientation&quot;:&quot;1&quot;}\" data-image-title=\"1\" data-image-description=\"\" data-image-caption=\"\" data-large-file=\"https:\/\/mula.es\/web\/wp-content\/uploads\/2025\/04\/1-1024x1024.jpg\" class=\"alignnone size-medium wp-image-58066\" src=\"https:\/\/mula.es\/web\/wp-content\/uploads\/2025\/04\/1-300x300.jpg\" alt=\"\" width=\"300\" height=\"300\" srcset=\"https:\/\/mula.es\/web\/wp-content\/uploads\/2025\/04\/1-66x66.jpg 66w, https:\/\/mula.es\/web\/wp-content\/uploads\/2025\/04\/1-150x150.jpg 150w, https:\/\/mula.es\/web\/wp-content\/uploads\/2025\/04\/1-200x200.jpg 200w, https:\/\/mula.es\/web\/wp-content\/uploads\/2025\/04\/1-300x300.jpg 300w, https:\/\/mula.es\/web\/wp-content\/uploads\/2025\/04\/1-400x400.jpg 400w, https:\/\/mula.es\/web\/wp-content\/uploads\/2025\/04\/1-600x600.jpg 600w, https:\/\/mula.es\/web\/wp-content\/uploads\/2025\/04\/1-768x768.jpg 768w, https:\/\/mula.es\/web\/wp-content\/uploads\/2025\/04\/1-800x800.jpg 800w, https:\/\/mula.es\/web\/wp-content\/uploads\/2025\/04\/1-1024x1024.jpg 1024w, https:\/\/mula.es\/web\/wp-content\/uploads\/2025\/04\/1.jpg 1080w\" sizes=\"(max-width: 300px) 100vw, 300px\" \/><\/a> <a href=\"https:\/\/mula.es\/web\/wp-content\/uploads\/2025\/04\/2.jpg\"><img decoding=\"async\" data-attachment-id=\"58067\" data-permalink=\"https:\/\/mula.es\/web\/juventud-la-concejalia-de-juventud-pone-en-marcha-la-actividad-conexion-animal-para-jovenes-de-mula\/2-234\/\" data-orig-file=\"https:\/\/mula.es\/web\/wp-content\/uploads\/2025\/04\/2.jpg\" data-orig-size=\"1080,1080\" data-comments-opened=\"0\" data-image-meta=\"{&quot;aperture&quot;:&quot;0&quot;,&quot;credit&quot;:&quot;&quot;,&quot;camera&quot;:&quot;&quot;,&quot;caption&quot;:&quot;&quot;,&quot;created_timestamp&quot;:&quot;0&quot;,&quot;copyright&quot;:&quot;&quot;,&quot;focal_length&quot;:&quot;0&quot;,&quot;iso&quot;:&quot;0&quot;,&quot;shutter_speed&quot;:&quot;0&quot;,&quot;title&quot;:&quot;&quot;,&quot;orientation&quot;:&quot;1&quot;}\" data-image-title=\"2\" data-image-description=\"\" data-image-caption=\"\" data-large-file=\"https:\/\/mula.es\/web\/wp-content\/uploads\/2025\/04\/2-1024x1024.jpg\" class=\"alignnone size-medium wp-image-58067\" src=\"https:\/\/mula.es\/web\/wp-content\/uploads\/2025\/04\/2-300x300.jpg\" alt=\"\" width=\"300\" height=\"300\" srcset=\"https:\/\/mula.es\/web\/wp-content\/uploads\/2025\/04\/2-66x66.jpg 66w, https:\/\/mula.es\/web\/wp-content\/uploads\/2025\/04\/2-150x150.jpg 150w, https:\/\/mula.es\/web\/wp-content\/uploads\/2025\/04\/2-200x200.jpg 200w, https:\/\/mula.es\/web\/wp-content\/uploads\/2025\/04\/2-300x300.jpg 300w, https:\/\/mula.es\/web\/wp-content\/uploads\/2025\/04\/2-400x400.jpg 400w, https:\/\/mula.es\/web\/wp-content\/uploads\/2025\/04\/2-600x600.jpg 600w, https:\/\/mula.es\/web\/wp-content\/uploads\/2025\/04\/2-768x768.jpg 768w, https:\/\/mula.es\/web\/wp-content\/uploads\/2025\/04\/2-800x800.jpg 800w, https:\/\/mula.es\/web\/wp-content\/uploads\/2025\/04\/2-1024x1024.jpg 1024w, https:\/\/mula.es\/web\/wp-content\/uploads\/2025\/04\/2.jpg 1080w\" sizes=\"(max-width: 300px) 100vw, 300px\" \/><\/a><\/p>\n","protected":false},"excerpt":{"rendered":"<p>NOTA DE PRENSA &#8211; 1 DE ABRIL DE 2025 \u00a0 \u00a0 La concejal\u00eda de Juventud pone en marcha la actividad \u201cConexi\u00f3n Animal\u201d para j\u00f3venes de Mula \u00a0 \u00a0 La concejal\u00eda de Adolescencia y Juventud del Ayuntamiento de Mula ha organizado, en colaboraci\u00f3n con la Direcci\u00f3n General de Juventud, \u00a0la Fundaci\u00f3n Centauro Quir\u00f3n y Cultura de  [&#8230;]<\/p>\n","protected":false},"author":13,"featured_media":33512,"comment_status":"closed","ping_status":"closed","sticky":false,"template":"","format":"standard","meta":{"jetpack_post_was_ever_published":false,"_jetpack_newsletter_access":"","_jetpack_dont_email_post_to_subs":false,"_jetpack_newsletter_tier_id":0,"_jetpack_memberships_contains_paywalled_content":false,"_jetpack_memberships_contains_paid_content":false,"footnotes":"","jetpack_publicize_message":"","jetpack_publicize_feature_enabled":true,"jetpack_social_post_already_shared":false,"jetpack_social_options":{"image_generator_settings":{"template":"highway","default_image_id":0,"font":"","enabled":false},"version":2}},"categories":[87],"tags":[],"class_list":["post-58065","post","type-post","status-publish","format-standard","has-post-thumbnail","hentry","category-juventud-y-adolescencia"],"yoast_head":"<!-- This site is optimized with the Yoast SEO plugin v27.5 - https:\/\/yoast.com\/product\/yoast-seo-wordpress\/ -->\n<title>JUVENTUD | La concejal\u00eda de Juventud pone en marcha la actividad \u201cConexi\u00f3n Animal\u201d para j\u00f3venes de Mula - Ayuntamiento de Mula<\/title>\n<meta name=\"robots\" content=\"index, follow, max-snippet:-1, max-image-preview:large, max-video-preview:-1\" \/>\n<link rel=\"canonical\" href=\"https:\/\/mula.es\/web\/juventud-la-concejalia-de-juventud-pone-en-marcha-la-actividad-conexion-animal-para-jovenes-de-mula\/\" \/>\n<meta property=\"og:locale\" content=\"es_ES\" \/>\n<meta property=\"og:type\" content=\"article\" \/>\n<meta property=\"og:title\" content=\"JUVENTUD | La concejal\u00eda de Juventud pone en marcha la actividad \u201cConexi\u00f3n Animal\u201d para j\u00f3venes de Mula - Ayuntamiento de Mula\" \/>\n<meta property=\"og:description\" content=\"NOTA DE PRENSA &#8211; 1 DE ABRIL DE 2025 \u00a0 \u00a0 La concejal\u00eda de Juventud pone en marcha la actividad \u201cConexi\u00f3n Animal\u201d para j\u00f3venes de Mula \u00a0 \u00a0 La concejal\u00eda de Adolescencia y Juventud del Ayuntamiento de Mula ha organizado, en colaboraci\u00f3n con la Direcci\u00f3n General de Juventud, \u00a0la Fundaci\u00f3n Centauro Quir\u00f3n y Cultura de [...]\" \/>\n<meta property=\"og:url\" content=\"https:\/\/mula.es\/web\/juventud-la-concejalia-de-juventud-pone-en-marcha-la-actividad-conexion-animal-para-jovenes-de-mula\/\" \/>\n<meta property=\"og:site_name\" content=\"Ayuntamiento de Mula\" \/>\n<meta property=\"article:published_time\" content=\"2025-04-01T07:23:09+00:00\" \/>\n<meta property=\"article:modified_time\" content=\"2025-04-02T07:07:56+00:00\" \/>\n<meta property=\"og:image\" content=\"https:\/\/mula.es\/web\/wp-content\/uploads\/2020\/06\/escudo-cuadrado-e1591045058235.jpg\" \/>\n\t<meta property=\"og:image:width\" content=\"200\" \/>\n\t<meta property=\"og:image:height\" content=\"218\" \/>\n\t<meta property=\"og:image:type\" content=\"image\/jpeg\" \/>\n<meta name=\"author\" content=\"Laura Salas Orcajada\" \/>\n<meta name=\"twitter:card\" content=\"summary_large_image\" \/>\n<meta name=\"twitter:creator\" content=\"@AyuntamientMula\" \/>\n<meta name=\"twitter:site\" content=\"@AyuntamientMula\" \/>\n<meta name=\"twitter:label1\" content=\"Escrito por\" \/>\n\t<meta name=\"twitter:data1\" content=\"Laura Salas Orcajada\" \/>\n\t<meta name=\"twitter:label2\" content=\"Tiempo de lectura\" \/>\n\t<meta name=\"twitter:data2\" content=\"2 minutos\" \/>\n<script type=\"application\/ld+json\" class=\"yoast-schema-graph\">{\"@context\":\"https:\\\/\\\/schema.org\",\"@graph\":[{\"@type\":\"Article\",\"@id\":\"https:\\\/\\\/mula.es\\\/web\\\/juventud-la-concejalia-de-juventud-pone-en-marcha-la-actividad-conexion-animal-para-jovenes-de-mula\\\/#article\",\"isPartOf\":{\"@id\":\"https:\\\/\\\/mula.es\\\/web\\\/juventud-la-concejalia-de-juventud-pone-en-marcha-la-actividad-conexion-animal-para-jovenes-de-mula\\\/\"},\"author\":{\"name\":\"Laura Salas Orcajada\",\"@id\":\"https:\\\/\\\/mula.es\\\/web\\\/#\\\/schema\\\/person\\\/4f10179bd364f40dceed361e61e4033f\"},\"headline\":\"JUVENTUD | La concejal\u00eda de Juventud pone en marcha la actividad \u201cConexi\u00f3n Animal\u201d para j\u00f3venes de Mula\",\"datePublished\":\"2025-04-01T07:23:09+00:00\",\"dateModified\":\"2025-04-02T07:07:56+00:00\",\"mainEntityOfPage\":{\"@id\":\"https:\\\/\\\/mula.es\\\/web\\\/juventud-la-concejalia-de-juventud-pone-en-marcha-la-actividad-conexion-animal-para-jovenes-de-mula\\\/\"},\"wordCount\":278,\"image\":{\"@id\":\"https:\\\/\\\/mula.es\\\/web\\\/juventud-la-concejalia-de-juventud-pone-en-marcha-la-actividad-conexion-animal-para-jovenes-de-mula\\\/#primaryimage\"},\"thumbnailUrl\":\"https:\\\/\\\/mula.es\\\/web\\\/wp-content\\\/uploads\\\/2020\\\/06\\\/escudo-cuadrado-e1591045058235.jpg\",\"articleSection\":[\"juventud y adolescencia\"],\"inLanguage\":\"es\"},{\"@type\":\"WebPage\",\"@id\":\"https:\\\/\\\/mula.es\\\/web\\\/juventud-la-concejalia-de-juventud-pone-en-marcha-la-actividad-conexion-animal-para-jovenes-de-mula\\\/\",\"url\":\"https:\\\/\\\/mula.es\\\/web\\\/juventud-la-concejalia-de-juventud-pone-en-marcha-la-actividad-conexion-animal-para-jovenes-de-mula\\\/\",\"name\":\"JUVENTUD | La concejal\u00eda de Juventud pone en marcha la actividad \u201cConexi\u00f3n Animal\u201d para j\u00f3venes de Mula - Ayuntamiento de Mula\",\"isPartOf\":{\"@id\":\"https:\\\/\\\/mula.es\\\/web\\\/#website\"},\"primaryImageOfPage\":{\"@id\":\"https:\\\/\\\/mula.es\\\/web\\\/juventud-la-concejalia-de-juventud-pone-en-marcha-la-actividad-conexion-animal-para-jovenes-de-mula\\\/#primaryimage\"},\"image\":{\"@id\":\"https:\\\/\\\/mula.es\\\/web\\\/juventud-la-concejalia-de-juventud-pone-en-marcha-la-actividad-conexion-animal-para-jovenes-de-mula\\\/#primaryimage\"},\"thumbnailUrl\":\"https:\\\/\\\/mula.es\\\/web\\\/wp-content\\\/uploads\\\/2020\\\/06\\\/escudo-cuadrado-e1591045058235.jpg\",\"datePublished\":\"2025-04-01T07:23:09+00:00\",\"dateModified\":\"2025-04-02T07:07:56+00:00\",\"author\":{\"@id\":\"https:\\\/\\\/mula.es\\\/web\\\/#\\\/schema\\\/person\\\/4f10179bd364f40dceed361e61e4033f\"},\"breadcrumb\":{\"@id\":\"https:\\\/\\\/mula.es\\\/web\\\/juventud-la-concejalia-de-juventud-pone-en-marcha-la-actividad-conexion-animal-para-jovenes-de-mula\\\/#breadcrumb\"},\"inLanguage\":\"es\",\"potentialAction\":[{\"@type\":\"ReadAction\",\"target\":[\"https:\\\/\\\/mula.es\\\/web\\\/juventud-la-concejalia-de-juventud-pone-en-marcha-la-actividad-conexion-animal-para-jovenes-de-mula\\\/\"]}]},{\"@type\":\"ImageObject\",\"inLanguage\":\"es\",\"@id\":\"https:\\\/\\\/mula.es\\\/web\\\/juventud-la-concejalia-de-juventud-pone-en-marcha-la-actividad-conexion-animal-para-jovenes-de-mula\\\/#primaryimage\",\"url\":\"https:\\\/\\\/mula.es\\\/web\\\/wp-content\\\/uploads\\\/2020\\\/06\\\/escudo-cuadrado-e1591045058235.jpg\",\"contentUrl\":\"https:\\\/\\\/mula.es\\\/web\\\/wp-content\\\/uploads\\\/2020\\\/06\\\/escudo-cuadrado-e1591045058235.jpg\",\"width\":200,\"height\":218},{\"@type\":\"BreadcrumbList\",\"@id\":\"https:\\\/\\\/mula.es\\\/web\\\/juventud-la-concejalia-de-juventud-pone-en-marcha-la-actividad-conexion-animal-para-jovenes-de-mula\\\/#breadcrumb\",\"itemListElement\":[{\"@type\":\"ListItem\",\"position\":1,\"name\":\"Portada\",\"item\":\"https:\\\/\\\/mula.es\\\/web\\\/\"},{\"@type\":\"ListItem\",\"position\":2,\"name\":\"JUVENTUD | La concejal\u00eda de Juventud pone en marcha la actividad \u201cConexi\u00f3n Animal\u201d para j\u00f3venes de Mula\"}]},{\"@type\":\"WebSite\",\"@id\":\"https:\\\/\\\/mula.es\\\/web\\\/#website\",\"url\":\"https:\\\/\\\/mula.es\\\/web\\\/\",\"name\":\"Ayuntamiento de Mula\",\"description\":\"P\u00e1gina web del Ayuntamiento de Mula (Regi\u00f3n de Murcia)\",\"potentialAction\":[{\"@type\":\"SearchAction\",\"target\":{\"@type\":\"EntryPoint\",\"urlTemplate\":\"https:\\\/\\\/mula.es\\\/web\\\/?s={search_term_string}\"},\"query-input\":{\"@type\":\"PropertyValueSpecification\",\"valueRequired\":true,\"valueName\":\"search_term_string\"}}],\"inLanguage\":\"es\"},{\"@type\":\"Person\",\"@id\":\"https:\\\/\\\/mula.es\\\/web\\\/#\\\/schema\\\/person\\\/4f10179bd364f40dceed361e61e4033f\",\"name\":\"Laura Salas Orcajada\",\"image\":{\"@type\":\"ImageObject\",\"inLanguage\":\"es\",\"@id\":\"https:\\\/\\\/secure.gravatar.com\\\/avatar\\\/786f2a223d9a455e2a448f78b5dcc1117207ef56ef3d9a04df338c0f775cd403?s=96&d=mm&r=g\",\"url\":\"https:\\\/\\\/secure.gravatar.com\\\/avatar\\\/786f2a223d9a455e2a448f78b5dcc1117207ef56ef3d9a04df338c0f775cd403?s=96&d=mm&r=g\",\"contentUrl\":\"https:\\\/\\\/secure.gravatar.com\\\/avatar\\\/786f2a223d9a455e2a448f78b5dcc1117207ef56ef3d9a04df338c0f775cd403?s=96&d=mm&r=g\",\"caption\":\"Laura Salas Orcajada\"},\"url\":\"https:\\\/\\\/mula.es\\\/web\\\/author\\\/lsalas\\\/\"}]}<\/script>\n<!-- \/ Yoast SEO plugin. -->","yoast_head_json":{"title":"JUVENTUD | La concejal\u00eda de Juventud pone en marcha la actividad \u201cConexi\u00f3n Animal\u201d para j\u00f3venes de Mula - Ayuntamiento de Mula","robots":{"index":"index","follow":"follow","max-snippet":"max-snippet:-1","max-image-preview":"max-image-preview:large","max-video-preview":"max-video-preview:-1"},"canonical":"https:\/\/mula.es\/web\/juventud-la-concejalia-de-juventud-pone-en-marcha-la-actividad-conexion-animal-para-jovenes-de-mula\/","og_locale":"es_ES","og_type":"article","og_title":"JUVENTUD | La concejal\u00eda de Juventud pone en marcha la actividad \u201cConexi\u00f3n Animal\u201d para j\u00f3venes de Mula - Ayuntamiento de Mula","og_description":"NOTA DE PRENSA &#8211; 1 DE ABRIL DE 2025 \u00a0 \u00a0 La concejal\u00eda de Juventud pone en marcha la actividad \u201cConexi\u00f3n Animal\u201d para j\u00f3venes de Mula \u00a0 \u00a0 La concejal\u00eda de Adolescencia y Juventud del Ayuntamiento de Mula ha organizado, en colaboraci\u00f3n con la Direcci\u00f3n General de Juventud, \u00a0la Fundaci\u00f3n Centauro Quir\u00f3n y Cultura de [...]","og_url":"https:\/\/mula.es\/web\/juventud-la-concejalia-de-juventud-pone-en-marcha-la-actividad-conexion-animal-para-jovenes-de-mula\/","og_site_name":"Ayuntamiento de Mula","article_published_time":"2025-04-01T07:23:09+00:00","article_modified_time":"2025-04-02T07:07:56+00:00","og_image":[{"width":200,"height":218,"url":"https:\/\/mula.es\/web\/wp-content\/uploads\/2020\/06\/escudo-cuadrado-e1591045058235.jpg","type":"image\/jpeg"}],"author":"Laura Salas Orcajada","twitter_card":"summary_large_image","twitter_creator":"@AyuntamientMula","twitter_site":"@AyuntamientMula","twitter_misc":{"Escrito por":"Laura Salas Orcajada","Tiempo de lectura":"2 minutos"},"schema":{"@context":"https:\/\/schema.org","@graph":[{"@type":"Article","@id":"https:\/\/mula.es\/web\/juventud-la-concejalia-de-juventud-pone-en-marcha-la-actividad-conexion-animal-para-jovenes-de-mula\/#article","isPartOf":{"@id":"https:\/\/mula.es\/web\/juventud-la-concejalia-de-juventud-pone-en-marcha-la-actividad-conexion-animal-para-jovenes-de-mula\/"},"author":{"name":"Laura Salas Orcajada","@id":"https:\/\/mula.es\/web\/#\/schema\/person\/4f10179bd364f40dceed361e61e4033f"},"headline":"JUVENTUD | La concejal\u00eda de Juventud pone en marcha la actividad \u201cConexi\u00f3n Animal\u201d para j\u00f3venes de Mula","datePublished":"2025-04-01T07:23:09+00:00","dateModified":"2025-04-02T07:07:56+00:00","mainEntityOfPage":{"@id":"https:\/\/mula.es\/web\/juventud-la-concejalia-de-juventud-pone-en-marcha-la-actividad-conexion-animal-para-jovenes-de-mula\/"},"wordCount":278,"image":{"@id":"https:\/\/mula.es\/web\/juventud-la-concejalia-de-juventud-pone-en-marcha-la-actividad-conexion-animal-para-jovenes-de-mula\/#primaryimage"},"thumbnailUrl":"https:\/\/mula.es\/web\/wp-content\/uploads\/2020\/06\/escudo-cuadrado-e1591045058235.jpg","articleSection":["juventud y adolescencia"],"inLanguage":"es"},{"@type":"WebPage","@id":"https:\/\/mula.es\/web\/juventud-la-concejalia-de-juventud-pone-en-marcha-la-actividad-conexion-animal-para-jovenes-de-mula\/","url":"https:\/\/mula.es\/web\/juventud-la-concejalia-de-juventud-pone-en-marcha-la-actividad-conexion-animal-para-jovenes-de-mula\/","name":"JUVENTUD | La concejal\u00eda de Juventud pone en marcha la actividad \u201cConexi\u00f3n Animal\u201d para j\u00f3venes de Mula - Ayuntamiento de Mula","isPartOf":{"@id":"https:\/\/mula.es\/web\/#website"},"primaryImageOfPage":{"@id":"https:\/\/mula.es\/web\/juventud-la-concejalia-de-juventud-pone-en-marcha-la-actividad-conexion-animal-para-jovenes-de-mula\/#primaryimage"},"image":{"@id":"https:\/\/mula.es\/web\/juventud-la-concejalia-de-juventud-pone-en-marcha-la-actividad-conexion-animal-para-jovenes-de-mula\/#primaryimage"},"thumbnailUrl":"https:\/\/mula.es\/web\/wp-content\/uploads\/2020\/06\/escudo-cuadrado-e1591045058235.jpg","datePublished":"2025-04-01T07:23:09+00:00","dateModified":"2025-04-02T07:07:56+00:00","author":{"@id":"https:\/\/mula.es\/web\/#\/schema\/person\/4f10179bd364f40dceed361e61e4033f"},"breadcrumb":{"@id":"https:\/\/mula.es\/web\/juventud-la-concejalia-de-juventud-pone-en-marcha-la-actividad-conexion-animal-para-jovenes-de-mula\/#breadcrumb"},"inLanguage":"es","potentialAction":[{"@type":"ReadAction","target":["https:\/\/mula.es\/web\/juventud-la-concejalia-de-juventud-pone-en-marcha-la-actividad-conexion-animal-para-jovenes-de-mula\/"]}]},{"@type":"ImageObject","inLanguage":"es","@id":"https:\/\/mula.es\/web\/juventud-la-concejalia-de-juventud-pone-en-marcha-la-actividad-conexion-animal-para-jovenes-de-mula\/#primaryimage","url":"https:\/\/mula.es\/web\/wp-content\/uploads\/2020\/06\/escudo-cuadrado-e1591045058235.jpg","contentUrl":"https:\/\/mula.es\/web\/wp-content\/uploads\/2020\/06\/escudo-cuadrado-e1591045058235.jpg","width":200,"height":218},{"@type":"BreadcrumbList","@id":"https:\/\/mula.es\/web\/juventud-la-concejalia-de-juventud-pone-en-marcha-la-actividad-conexion-animal-para-jovenes-de-mula\/#breadcrumb","itemListElement":[{"@type":"ListItem","position":1,"name":"Portada","item":"https:\/\/mula.es\/web\/"},{"@type":"ListItem","position":2,"name":"JUVENTUD | La concejal\u00eda de Juventud pone en marcha la actividad \u201cConexi\u00f3n Animal\u201d para j\u00f3venes de Mula"}]},{"@type":"WebSite","@id":"https:\/\/mula.es\/web\/#website","url":"https:\/\/mula.es\/web\/","name":"Ayuntamiento de Mula","description":"P\u00e1gina web del Ayuntamiento de Mula (Regi\u00f3n de Murcia)","potentialAction":[{"@type":"SearchAction","target":{"@type":"EntryPoint","urlTemplate":"https:\/\/mula.es\/web\/?s={search_term_string}"},"query-input":{"@type":"PropertyValueSpecification","valueRequired":true,"valueName":"search_term_string"}}],"inLanguage":"es"},{"@type":"Person","@id":"https:\/\/mula.es\/web\/#\/schema\/person\/4f10179bd364f40dceed361e61e4033f","name":"Laura Salas Orcajada","image":{"@type":"ImageObject","inLanguage":"es","@id":"https:\/\/secure.gravatar.com\/avatar\/786f2a223d9a455e2a448f78b5dcc1117207ef56ef3d9a04df338c0f775cd403?s=96&d=mm&r=g","url":"https:\/\/secure.gravatar.com\/avatar\/786f2a223d9a455e2a448f78b5dcc1117207ef56ef3d9a04df338c0f775cd403?s=96&d=mm&r=g","contentUrl":"https:\/\/secure.gravatar.com\/avatar\/786f2a223d9a455e2a448f78b5dcc1117207ef56ef3d9a04df338c0f775cd403?s=96&d=mm&r=g","caption":"Laura Salas Orcajada"},"url":"https:\/\/mula.es\/web\/author\/lsalas\/"}]}},"jetpack_publicize_connections":[],"jetpack_featured_media_url":"https:\/\/mula.es\/web\/wp-content\/uploads\/2020\/06\/escudo-cuadrado-e1591045058235.jpg","jetpack_sharing_enabled":true,"jetpack_shortlink":"https:\/\/wp.me\/pa9DMY-f6x","jetpack-related-posts":[],"_links":{"self":[{"href":"https:\/\/mula.es\/web\/wp-json\/wp\/v2\/posts\/58065","targetHints":{"allow":["GET"]}}],"collection":[{"href":"https:\/\/mula.es\/web\/wp-json\/wp\/v2\/posts"}],"about":[{"href":"https:\/\/mula.es\/web\/wp-json\/wp\/v2\/types\/post"}],"author":[{"embeddable":true,"href":"https:\/\/mula.es\/web\/wp-json\/wp\/v2\/users\/13"}],"replies":[{"embeddable":true,"href":"https:\/\/mula.es\/web\/wp-json\/wp\/v2\/comments?post=58065"}],"version-history":[{"count":2,"href":"https:\/\/mula.es\/web\/wp-json\/wp\/v2\/posts\/58065\/revisions"}],"predecessor-version":[{"id":58094,"href":"https:\/\/mula.es\/web\/wp-json\/wp\/v2\/posts\/58065\/revisions\/58094"}],"wp:featuredmedia":[{"embeddable":true,"href":"https:\/\/mula.es\/web\/wp-json\/wp\/v2\/media\/33512"}],"wp:attachment":[{"href":"https:\/\/mula.es\/web\/wp-json\/wp\/v2\/media?parent=58065"}],"wp:term":[{"taxonomy":"category","embeddable":true,"href":"https:\/\/mula.es\/web\/wp-json\/wp\/v2\/categories?post=58065"},{"taxonomy":"post_tag","embeddable":true,"href":"https:\/\/mula.es\/web\/wp-json\/wp\/v2\/tags?post=58065"}],"curies":[{"name":"wp","href":"https:\/\/api.w.org\/{rel}","templated":true}]}}