{"id":58318,"date":"2025-04-29T08:47:25","date_gmt":"2025-04-29T06:47:25","guid":{"rendered":"https:\/\/mula.es\/web\/?p=58318"},"modified":"2025-04-29T08:47:25","modified_gmt":"2025-04-29T06:47:25","slug":"vuelta-a-la-normalidad-tras-el-apagon-nacional","status":"publish","type":"post","link":"https:\/\/mula.es\/web\/vuelta-a-la-normalidad-tras-el-apagon-nacional\/","title":{"rendered":"Vuelta a la normalidad tras el apag\u00f3n nacional"},"content":{"rendered":"<p><strong>NOTA DE PRENSA &#8211; 29 DE ABRIL DE 2025<\/strong><\/p>\n<p><strong>\u00a0<\/strong><\/p>\n<h2><strong>\u00a0<\/strong><\/h2>\n<h2><strong>Vuelta a la normalidad tras el apag\u00f3n nacional<\/strong><\/h2>\n<p>&nbsp;<\/p>\n<p>El Ayuntamiento de Mula informa de que, tras la incidencia del apag\u00f3n nacional registrado ayer, la situaci\u00f3n ha vuelto completamente a la normalidad en el municipio sin ninguna incidencia.<\/p>\n<p>Queremos trasladar nuestro m\u00e1s sincero agradecimiento a la Polic\u00eda Local, Protecci\u00f3n Civil, servicios municipales, equipo de electricistas, inform\u00e1ticos y dem\u00e1s t\u00e9cnicos municipales que estuvieron trabajando intensamente durante toda la jornada para atender cualquier eventualidad y garantizar la seguridad de los vecinos.<\/p>\n<p>La Polic\u00eda Local reforz\u00f3 su presencia en las calles tras la ca\u00edda de la noche, especialmente en aquellos puntos donde la regulaci\u00f3n semaf\u00f3rica no estaba operativa.<\/p>\n<p>Asimismo, queremos agradecer de manera especial a toda la ciudadan\u00eda de Mula por su actitud c\u00edvica y ejemplar, que facilit\u00f3 enormemente la labor de los servicios de emergencia y municipales durante las horas m\u00e1s complicadas.<\/p>\n<p>Durante toda la tarde, el equipo de Gobierno se mantuvo reunido y en contacto permanente para coordinar las actuaciones necesarias y dar respuesta \u00e1gil a cualquier incidencia.<\/p>\n<p>Gracias a todos por demostrar, una vez m\u00e1s, la fortaleza y responsabilidad de nuestro municipio.<\/p>\n","protected":false},"excerpt":{"rendered":"<p>NOTA DE PRENSA &#8211; 29 DE ABRIL DE 2025 \u00a0 \u00a0 Vuelta a la normalidad tras el apag\u00f3n nacional &nbsp; El Ayuntamiento de Mula informa de que, tras la incidencia del apag\u00f3n nacional registrado ayer, la situaci\u00f3n ha vuelto completamente a la normalidad en el municipio sin ninguna incidencia. Queremos trasladar nuestro m\u00e1s sincero agradecimiento  [&#8230;]<\/p>\n","protected":false},"author":13,"featured_media":33512,"comment_status":"closed","ping_status":"closed","sticky":false,"template":"","format":"standard","meta":{"jetpack_post_was_ever_published":false,"_jetpack_newsletter_access":"","_jetpack_dont_email_post_to_subs":false,"_jetpack_newsletter_tier_id":0,"_jetpack_memberships_contains_paywalled_content":false,"_jetpack_memberships_contains_paid_content":false,"footnotes":"","jetpack_publicize_message":"","jetpack_publicize_feature_enabled":true,"jetpack_social_post_already_shared":false,"jetpack_social_options":{"image_generator_settings":{"template":"highway","default_image_id":0,"font":"","enabled":false},"version":2}},"categories":[127,130],"tags":[],"class_list":["post-58318","post","type-post","status-publish","format-standard","has-post-thumbnail","hentry","category-alcalde","category-seguridad-ciudadana"],"yoast_head":"<!-- This site is optimized with the Yoast SEO plugin v27.5 - https:\/\/yoast.com\/product\/yoast-seo-wordpress\/ -->\n<title>Vuelta a la normalidad tras el apag\u00f3n nacional - Ayuntamiento de Mula<\/title>\n<meta name=\"robots\" content=\"index, follow, max-snippet:-1, max-image-preview:large, max-video-preview:-1\" \/>\n<link rel=\"canonical\" href=\"https:\/\/mula.es\/web\/vuelta-a-la-normalidad-tras-el-apagon-nacional\/\" \/>\n<meta property=\"og:locale\" content=\"es_ES\" \/>\n<meta property=\"og:type\" content=\"article\" \/>\n<meta property=\"og:title\" content=\"Vuelta a la normalidad tras el apag\u00f3n nacional - Ayuntamiento de Mula\" \/>\n<meta property=\"og:description\" content=\"NOTA DE PRENSA &#8211; 29 DE ABRIL DE 2025 \u00a0 \u00a0 Vuelta a la normalidad tras el apag\u00f3n nacional &nbsp; El Ayuntamiento de Mula informa de que, tras la incidencia del apag\u00f3n nacional registrado ayer, la situaci\u00f3n ha vuelto completamente a la normalidad en el municipio sin ninguna incidencia. Queremos trasladar nuestro m\u00e1s sincero agradecimiento [...]\" \/>\n<meta property=\"og:url\" content=\"https:\/\/mula.es\/web\/vuelta-a-la-normalidad-tras-el-apagon-nacional\/\" \/>\n<meta property=\"og:site_name\" content=\"Ayuntamiento de Mula\" \/>\n<meta property=\"article:published_time\" content=\"2025-04-29T06:47:25+00:00\" \/>\n<meta property=\"og:image\" content=\"https:\/\/mula.es\/web\/wp-content\/uploads\/2020\/06\/escudo-cuadrado-e1591045058235.jpg\" \/>\n\t<meta property=\"og:image:width\" content=\"200\" \/>\n\t<meta property=\"og:image:height\" content=\"218\" \/>\n\t<meta property=\"og:image:type\" content=\"image\/jpeg\" \/>\n<meta name=\"author\" content=\"Laura Salas Orcajada\" \/>\n<meta name=\"twitter:card\" content=\"summary_large_image\" \/>\n<meta name=\"twitter:creator\" content=\"@AyuntamientMula\" \/>\n<meta name=\"twitter:site\" content=\"@AyuntamientMula\" \/>\n<meta name=\"twitter:label1\" content=\"Escrito por\" \/>\n\t<meta name=\"twitter:data1\" content=\"Laura Salas Orcajada\" \/>\n\t<meta name=\"twitter:label2\" content=\"Tiempo de lectura\" \/>\n\t<meta name=\"twitter:data2\" content=\"1 minuto\" \/>\n<script type=\"application\/ld+json\" class=\"yoast-schema-graph\">{\"@context\":\"https:\\\/\\\/schema.org\",\"@graph\":[{\"@type\":\"Article\",\"@id\":\"https:\\\/\\\/mula.es\\\/web\\\/vuelta-a-la-normalidad-tras-el-apagon-nacional\\\/#article\",\"isPartOf\":{\"@id\":\"https:\\\/\\\/mula.es\\\/web\\\/vuelta-a-la-normalidad-tras-el-apagon-nacional\\\/\"},\"author\":{\"name\":\"Laura Salas Orcajada\",\"@id\":\"https:\\\/\\\/mula.es\\\/web\\\/#\\\/schema\\\/person\\\/4f10179bd364f40dceed361e61e4033f\"},\"headline\":\"Vuelta a la normalidad tras el apag\u00f3n nacional\",\"datePublished\":\"2025-04-29T06:47:25+00:00\",\"mainEntityOfPage\":{\"@id\":\"https:\\\/\\\/mula.es\\\/web\\\/vuelta-a-la-normalidad-tras-el-apagon-nacional\\\/\"},\"wordCount\":215,\"image\":{\"@id\":\"https:\\\/\\\/mula.es\\\/web\\\/vuelta-a-la-normalidad-tras-el-apagon-nacional\\\/#primaryimage\"},\"thumbnailUrl\":\"https:\\\/\\\/mula.es\\\/web\\\/wp-content\\\/uploads\\\/2020\\\/06\\\/escudo-cuadrado-e1591045058235.jpg\",\"articleSection\":[\"alcalde\",\"seguridad ciudadana\"],\"inLanguage\":\"es\"},{\"@type\":\"WebPage\",\"@id\":\"https:\\\/\\\/mula.es\\\/web\\\/vuelta-a-la-normalidad-tras-el-apagon-nacional\\\/\",\"url\":\"https:\\\/\\\/mula.es\\\/web\\\/vuelta-a-la-normalidad-tras-el-apagon-nacional\\\/\",\"name\":\"Vuelta a la normalidad tras el apag\u00f3n nacional - Ayuntamiento de Mula\",\"isPartOf\":{\"@id\":\"https:\\\/\\\/mula.es\\\/web\\\/#website\"},\"primaryImageOfPage\":{\"@id\":\"https:\\\/\\\/mula.es\\\/web\\\/vuelta-a-la-normalidad-tras-el-apagon-nacional\\\/#primaryimage\"},\"image\":{\"@id\":\"https:\\\/\\\/mula.es\\\/web\\\/vuelta-a-la-normalidad-tras-el-apagon-nacional\\\/#primaryimage\"},\"thumbnailUrl\":\"https:\\\/\\\/mula.es\\\/web\\\/wp-content\\\/uploads\\\/2020\\\/06\\\/escudo-cuadrado-e1591045058235.jpg\",\"datePublished\":\"2025-04-29T06:47:25+00:00\",\"author\":{\"@id\":\"https:\\\/\\\/mula.es\\\/web\\\/#\\\/schema\\\/person\\\/4f10179bd364f40dceed361e61e4033f\"},\"breadcrumb\":{\"@id\":\"https:\\\/\\\/mula.es\\\/web\\\/vuelta-a-la-normalidad-tras-el-apagon-nacional\\\/#breadcrumb\"},\"inLanguage\":\"es\",\"potentialAction\":[{\"@type\":\"ReadAction\",\"target\":[\"https:\\\/\\\/mula.es\\\/web\\\/vuelta-a-la-normalidad-tras-el-apagon-nacional\\\/\"]}]},{\"@type\":\"ImageObject\",\"inLanguage\":\"es\",\"@id\":\"https:\\\/\\\/mula.es\\\/web\\\/vuelta-a-la-normalidad-tras-el-apagon-nacional\\\/#primaryimage\",\"url\":\"https:\\\/\\\/mula.es\\\/web\\\/wp-content\\\/uploads\\\/2020\\\/06\\\/escudo-cuadrado-e1591045058235.jpg\",\"contentUrl\":\"https:\\\/\\\/mula.es\\\/web\\\/wp-content\\\/uploads\\\/2020\\\/06\\\/escudo-cuadrado-e1591045058235.jpg\",\"width\":200,\"height\":218},{\"@type\":\"BreadcrumbList\",\"@id\":\"https:\\\/\\\/mula.es\\\/web\\\/vuelta-a-la-normalidad-tras-el-apagon-nacional\\\/#breadcrumb\",\"itemListElement\":[{\"@type\":\"ListItem\",\"position\":1,\"name\":\"Portada\",\"item\":\"https:\\\/\\\/mula.es\\\/web\\\/\"},{\"@type\":\"ListItem\",\"position\":2,\"name\":\"Vuelta a la normalidad tras el apag\u00f3n nacional\"}]},{\"@type\":\"WebSite\",\"@id\":\"https:\\\/\\\/mula.es\\\/web\\\/#website\",\"url\":\"https:\\\/\\\/mula.es\\\/web\\\/\",\"name\":\"Ayuntamiento de Mula\",\"description\":\"P\u00e1gina web del Ayuntamiento de Mula (Regi\u00f3n de Murcia)\",\"potentialAction\":[{\"@type\":\"SearchAction\",\"target\":{\"@type\":\"EntryPoint\",\"urlTemplate\":\"https:\\\/\\\/mula.es\\\/web\\\/?s={search_term_string}\"},\"query-input\":{\"@type\":\"PropertyValueSpecification\",\"valueRequired\":true,\"valueName\":\"search_term_string\"}}],\"inLanguage\":\"es\"},{\"@type\":\"Person\",\"@id\":\"https:\\\/\\\/mula.es\\\/web\\\/#\\\/schema\\\/person\\\/4f10179bd364f40dceed361e61e4033f\",\"name\":\"Laura Salas Orcajada\",\"image\":{\"@type\":\"ImageObject\",\"inLanguage\":\"es\",\"@id\":\"https:\\\/\\\/secure.gravatar.com\\\/avatar\\\/786f2a223d9a455e2a448f78b5dcc1117207ef56ef3d9a04df338c0f775cd403?s=96&d=mm&r=g\",\"url\":\"https:\\\/\\\/secure.gravatar.com\\\/avatar\\\/786f2a223d9a455e2a448f78b5dcc1117207ef56ef3d9a04df338c0f775cd403?s=96&d=mm&r=g\",\"contentUrl\":\"https:\\\/\\\/secure.gravatar.com\\\/avatar\\\/786f2a223d9a455e2a448f78b5dcc1117207ef56ef3d9a04df338c0f775cd403?s=96&d=mm&r=g\",\"caption\":\"Laura Salas Orcajada\"},\"url\":\"https:\\\/\\\/mula.es\\\/web\\\/author\\\/lsalas\\\/\"}]}<\/script>\n<!-- \/ Yoast SEO plugin. -->","yoast_head_json":{"title":"Vuelta a la normalidad tras el apag\u00f3n nacional - Ayuntamiento de Mula","robots":{"index":"index","follow":"follow","max-snippet":"max-snippet:-1","max-image-preview":"max-image-preview:large","max-video-preview":"max-video-preview:-1"},"canonical":"https:\/\/mula.es\/web\/vuelta-a-la-normalidad-tras-el-apagon-nacional\/","og_locale":"es_ES","og_type":"article","og_title":"Vuelta a la normalidad tras el apag\u00f3n nacional - Ayuntamiento de Mula","og_description":"NOTA DE PRENSA &#8211; 29 DE ABRIL DE 2025 \u00a0 \u00a0 Vuelta a la normalidad tras el apag\u00f3n nacional &nbsp; El Ayuntamiento de Mula informa de que, tras la incidencia del apag\u00f3n nacional registrado ayer, la situaci\u00f3n ha vuelto completamente a la normalidad en el municipio sin ninguna incidencia. Queremos trasladar nuestro m\u00e1s sincero agradecimiento [...]","og_url":"https:\/\/mula.es\/web\/vuelta-a-la-normalidad-tras-el-apagon-nacional\/","og_site_name":"Ayuntamiento de Mula","article_published_time":"2025-04-29T06:47:25+00:00","og_image":[{"width":200,"height":218,"url":"https:\/\/mula.es\/web\/wp-content\/uploads\/2020\/06\/escudo-cuadrado-e1591045058235.jpg","type":"image\/jpeg"}],"author":"Laura Salas Orcajada","twitter_card":"summary_large_image","twitter_creator":"@AyuntamientMula","twitter_site":"@AyuntamientMula","twitter_misc":{"Escrito por":"Laura Salas Orcajada","Tiempo de lectura":"1 minuto"},"schema":{"@context":"https:\/\/schema.org","@graph":[{"@type":"Article","@id":"https:\/\/mula.es\/web\/vuelta-a-la-normalidad-tras-el-apagon-nacional\/#article","isPartOf":{"@id":"https:\/\/mula.es\/web\/vuelta-a-la-normalidad-tras-el-apagon-nacional\/"},"author":{"name":"Laura Salas Orcajada","@id":"https:\/\/mula.es\/web\/#\/schema\/person\/4f10179bd364f40dceed361e61e4033f"},"headline":"Vuelta a la normalidad tras el apag\u00f3n nacional","datePublished":"2025-04-29T06:47:25+00:00","mainEntityOfPage":{"@id":"https:\/\/mula.es\/web\/vuelta-a-la-normalidad-tras-el-apagon-nacional\/"},"wordCount":215,"image":{"@id":"https:\/\/mula.es\/web\/vuelta-a-la-normalidad-tras-el-apagon-nacional\/#primaryimage"},"thumbnailUrl":"https:\/\/mula.es\/web\/wp-content\/uploads\/2020\/06\/escudo-cuadrado-e1591045058235.jpg","articleSection":["alcalde","seguridad ciudadana"],"inLanguage":"es"},{"@type":"WebPage","@id":"https:\/\/mula.es\/web\/vuelta-a-la-normalidad-tras-el-apagon-nacional\/","url":"https:\/\/mula.es\/web\/vuelta-a-la-normalidad-tras-el-apagon-nacional\/","name":"Vuelta a la normalidad tras el apag\u00f3n nacional - Ayuntamiento de Mula","isPartOf":{"@id":"https:\/\/mula.es\/web\/#website"},"primaryImageOfPage":{"@id":"https:\/\/mula.es\/web\/vuelta-a-la-normalidad-tras-el-apagon-nacional\/#primaryimage"},"image":{"@id":"https:\/\/mula.es\/web\/vuelta-a-la-normalidad-tras-el-apagon-nacional\/#primaryimage"},"thumbnailUrl":"https:\/\/mula.es\/web\/wp-content\/uploads\/2020\/06\/escudo-cuadrado-e1591045058235.jpg","datePublished":"2025-04-29T06:47:25+00:00","author":{"@id":"https:\/\/mula.es\/web\/#\/schema\/person\/4f10179bd364f40dceed361e61e4033f"},"breadcrumb":{"@id":"https:\/\/mula.es\/web\/vuelta-a-la-normalidad-tras-el-apagon-nacional\/#breadcrumb"},"inLanguage":"es","potentialAction":[{"@type":"ReadAction","target":["https:\/\/mula.es\/web\/vuelta-a-la-normalidad-tras-el-apagon-nacional\/"]}]},{"@type":"ImageObject","inLanguage":"es","@id":"https:\/\/mula.es\/web\/vuelta-a-la-normalidad-tras-el-apagon-nacional\/#primaryimage","url":"https:\/\/mula.es\/web\/wp-content\/uploads\/2020\/06\/escudo-cuadrado-e1591045058235.jpg","contentUrl":"https:\/\/mula.es\/web\/wp-content\/uploads\/2020\/06\/escudo-cuadrado-e1591045058235.jpg","width":200,"height":218},{"@type":"BreadcrumbList","@id":"https:\/\/mula.es\/web\/vuelta-a-la-normalidad-tras-el-apagon-nacional\/#breadcrumb","itemListElement":[{"@type":"ListItem","position":1,"name":"Portada","item":"https:\/\/mula.es\/web\/"},{"@type":"ListItem","position":2,"name":"Vuelta a la normalidad tras el apag\u00f3n nacional"}]},{"@type":"WebSite","@id":"https:\/\/mula.es\/web\/#website","url":"https:\/\/mula.es\/web\/","name":"Ayuntamiento de Mula","description":"P\u00e1gina web del Ayuntamiento de Mula (Regi\u00f3n de Murcia)","potentialAction":[{"@type":"SearchAction","target":{"@type":"EntryPoint","urlTemplate":"https:\/\/mula.es\/web\/?s={search_term_string}"},"query-input":{"@type":"PropertyValueSpecification","valueRequired":true,"valueName":"search_term_string"}}],"inLanguage":"es"},{"@type":"Person","@id":"https:\/\/mula.es\/web\/#\/schema\/person\/4f10179bd364f40dceed361e61e4033f","name":"Laura Salas Orcajada","image":{"@type":"ImageObject","inLanguage":"es","@id":"https:\/\/secure.gravatar.com\/avatar\/786f2a223d9a455e2a448f78b5dcc1117207ef56ef3d9a04df338c0f775cd403?s=96&d=mm&r=g","url":"https:\/\/secure.gravatar.com\/avatar\/786f2a223d9a455e2a448f78b5dcc1117207ef56ef3d9a04df338c0f775cd403?s=96&d=mm&r=g","contentUrl":"https:\/\/secure.gravatar.com\/avatar\/786f2a223d9a455e2a448f78b5dcc1117207ef56ef3d9a04df338c0f775cd403?s=96&d=mm&r=g","caption":"Laura Salas Orcajada"},"url":"https:\/\/mula.es\/web\/author\/lsalas\/"}]}},"jetpack_publicize_connections":[],"jetpack_featured_media_url":"https:\/\/mula.es\/web\/wp-content\/uploads\/2020\/06\/escudo-cuadrado-e1591045058235.jpg","jetpack_sharing_enabled":true,"jetpack_shortlink":"https:\/\/wp.me\/pa9DMY-faC","jetpack-related-posts":[],"_links":{"self":[{"href":"https:\/\/mula.es\/web\/wp-json\/wp\/v2\/posts\/58318","targetHints":{"allow":["GET"]}}],"collection":[{"href":"https:\/\/mula.es\/web\/wp-json\/wp\/v2\/posts"}],"about":[{"href":"https:\/\/mula.es\/web\/wp-json\/wp\/v2\/types\/post"}],"author":[{"embeddable":true,"href":"https:\/\/mula.es\/web\/wp-json\/wp\/v2\/users\/13"}],"replies":[{"embeddable":true,"href":"https:\/\/mula.es\/web\/wp-json\/wp\/v2\/comments?post=58318"}],"version-history":[{"count":1,"href":"https:\/\/mula.es\/web\/wp-json\/wp\/v2\/posts\/58318\/revisions"}],"predecessor-version":[{"id":58319,"href":"https:\/\/mula.es\/web\/wp-json\/wp\/v2\/posts\/58318\/revisions\/58319"}],"wp:featuredmedia":[{"embeddable":true,"href":"https:\/\/mula.es\/web\/wp-json\/wp\/v2\/media\/33512"}],"wp:attachment":[{"href":"https:\/\/mula.es\/web\/wp-json\/wp\/v2\/media?parent=58318"}],"wp:term":[{"taxonomy":"category","embeddable":true,"href":"https:\/\/mula.es\/web\/wp-json\/wp\/v2\/categories?post=58318"},{"taxonomy":"post_tag","embeddable":true,"href":"https:\/\/mula.es\/web\/wp-json\/wp\/v2\/tags?post=58318"}],"curies":[{"name":"wp","href":"https:\/\/api.w.org\/{rel}","templated":true}]}}