{"id":58325,"date":"2025-04-29T13:37:47","date_gmt":"2025-04-29T11:37:47","guid":{"rendered":"https:\/\/mula.es\/web\/?p=58325"},"modified":"2025-04-29T13:37:47","modified_gmt":"2025-04-29T11:37:47","slug":"transparencia-mula-refuerza-su-compromiso-con-la-transparencia-en-una-reunion-con-el-comisionado-de-transparencia","status":"publish","type":"post","link":"https:\/\/mula.es\/web\/transparencia-mula-refuerza-su-compromiso-con-la-transparencia-en-una-reunion-con-el-comisionado-de-transparencia\/","title":{"rendered":"TRANSPARENCIA | Mula refuerza su compromiso con la transparencia en una reuni\u00f3n con el Comisionado de Transparencia"},"content":{"rendered":"<p><strong>NOTA DE PRENSA &#8211; 29 DE ABRIL DE 2025<\/strong><\/p>\n<p><strong>\u00a0<\/strong><\/p>\n<h2><strong>\u00a0<\/strong><\/h2>\n<h2><strong>Mula refuerza su compromiso con la transparencia en una reuni\u00f3n con el Comisionado de Transparencia<\/strong><\/h2>\n<h2><\/h2>\n<p>Esta ma\u00f1ana ha tenido lugar una reuni\u00f3n de trabajo en el Ayuntamiento de Mula entre el alcalde, Juan Jes\u00fas Moreno; la presidenta del Comisionado de Transparencia de la Regi\u00f3n de Murcia, Natalia S\u00e1nchez; el concejal de Transparencia; Toni Ruiz, y el inform\u00e1tico municipal. El objetivo del encuentro ha sido avanzar en nuevas estrategias para la mejora del sistema de evaluaci\u00f3n y cumplimiento de los indicadores en materia de transparencia municipal.<\/p>\n<p>El Comisionado de Transparencia de la Regi\u00f3n de Murcia vela por el cumplimiento de las obligaciones en materia de publicidad activa y derecho de acceso a la informaci\u00f3n p\u00fablica en el \u00e1mbito auton\u00f3mico y local. Es un organismo pol\u00edticamente independiente, que act\u00faa con plena autonom\u00eda y objetividad, supervisando la actividad del sector p\u00fablico regional y local, as\u00ed como las entidades vinculadas a \u00e9stos.<\/p>\n<p>La presidenta del Comisionado ha felicitado al Ayuntamiento de Mula por los resultados obtenidos como el Ayuntamiento con mayor transparencia en el a\u00f1o 2023, y ha destacado que \u00abla informaci\u00f3n es tan importante como que, sin ella, no hay democracia; es clave para que la ciudadan\u00eda forme parte activa de la comunicaci\u00f3n institucional\u00bb.<\/p>\n<p>Durante la sesi\u00f3n se han abordado las l\u00edneas generales del plan de trabajo para 2025, que incluye dos bloques fundamentales: por un lado, la elaboraci\u00f3n de fichas y cuestionarios ligados al cumplimiento de la Ley de Transparencia, acompa\u00f1ados de formaci\u00f3n espec\u00edfica para los t\u00e9cnicos municipales sobre el modelo ideal del portal de transparencia; y por otro, la revisi\u00f3n jur\u00eddica y administrativa de los procedimientos de acceso a la informaci\u00f3n, con el apoyo y colaboraci\u00f3n del propio Comisionado.<\/p>\n<p>El Comisionado se encuentra trabajando en la implementaci\u00f3n de un nuevo sistema de evaluaci\u00f3n que se estrenar\u00e1 en 2026. Este incluir\u00e1 una herramienta inform\u00e1tica basada en inteligencia artificial y adaptada a los par\u00e1metros espec\u00edficos de cada instituci\u00f3n.<\/p>\n<p>Durante la reuni\u00f3n, el alcalde ha subrayado que \u00abla transparencia es sin\u00f3nimo de libertad. Si hay transparencia, hay libertad en todo. Un Ayuntamiento, como administraci\u00f3n m\u00e1s pr\u00f3xima al ciudadano, debe garantizar su derecho a la informaci\u00f3n de forma libre y accesible, fomentando la participaci\u00f3n ciudadana en la gesti\u00f3n p\u00fablica\u00bb.<\/p>\n<p>&nbsp;<\/p>\n<p><a href=\"https:\/\/mula.es\/web\/wp-content\/uploads\/2025\/04\/1-21-scaled.jpg\"><img decoding=\"async\" data-attachment-id=\"58326\" data-permalink=\"https:\/\/mula.es\/web\/transparencia-mula-refuerza-su-compromiso-con-la-transparencia-en-una-reunion-con-el-comisionado-de-transparencia\/1-266\/\" data-orig-file=\"https:\/\/mula.es\/web\/wp-content\/uploads\/2025\/04\/1-21-scaled.jpg\" data-orig-size=\"2560,1707\" data-comments-opened=\"0\" data-image-meta=\"{&quot;aperture&quot;:&quot;0&quot;,&quot;credit&quot;:&quot;&quot;,&quot;camera&quot;:&quot;&quot;,&quot;caption&quot;:&quot;&quot;,&quot;created_timestamp&quot;:&quot;0&quot;,&quot;copyright&quot;:&quot;&quot;,&quot;focal_length&quot;:&quot;0&quot;,&quot;iso&quot;:&quot;0&quot;,&quot;shutter_speed&quot;:&quot;0&quot;,&quot;title&quot;:&quot;&quot;,&quot;orientation&quot;:&quot;1&quot;}\" data-image-title=\"1\" data-image-description=\"\" data-image-caption=\"\" data-large-file=\"https:\/\/mula.es\/web\/wp-content\/uploads\/2025\/04\/1-21-1024x683.jpg\" class=\"alignnone size-medium wp-image-58326\" src=\"https:\/\/mula.es\/web\/wp-content\/uploads\/2025\/04\/1-21-300x200.jpg\" alt=\"\" width=\"300\" height=\"200\" srcset=\"https:\/\/mula.es\/web\/wp-content\/uploads\/2025\/04\/1-21-200x133.jpg 200w, https:\/\/mula.es\/web\/wp-content\/uploads\/2025\/04\/1-21-300x200.jpg 300w, https:\/\/mula.es\/web\/wp-content\/uploads\/2025\/04\/1-21-400x267.jpg 400w, https:\/\/mula.es\/web\/wp-content\/uploads\/2025\/04\/1-21-600x400.jpg 600w, https:\/\/mula.es\/web\/wp-content\/uploads\/2025\/04\/1-21-768x512.jpg 768w, https:\/\/mula.es\/web\/wp-content\/uploads\/2025\/04\/1-21-800x533.jpg 800w, https:\/\/mula.es\/web\/wp-content\/uploads\/2025\/04\/1-21-1024x683.jpg 1024w, https:\/\/mula.es\/web\/wp-content\/uploads\/2025\/04\/1-21-1200x800.jpg 1200w, https:\/\/mula.es\/web\/wp-content\/uploads\/2025\/04\/1-21-1536x1024.jpg 1536w\" sizes=\"(max-width: 300px) 100vw, 300px\" \/><\/a> <a href=\"https:\/\/mula.es\/web\/wp-content\/uploads\/2025\/04\/2-14-scaled.jpg\"><img decoding=\"async\" data-attachment-id=\"58327\" data-permalink=\"https:\/\/mula.es\/web\/transparencia-mula-refuerza-su-compromiso-con-la-transparencia-en-una-reunion-con-el-comisionado-de-transparencia\/2-248\/\" data-orig-file=\"https:\/\/mula.es\/web\/wp-content\/uploads\/2025\/04\/2-14-scaled.jpg\" data-orig-size=\"2560,1707\" data-comments-opened=\"0\" data-image-meta=\"{&quot;aperture&quot;:&quot;0&quot;,&quot;credit&quot;:&quot;&quot;,&quot;camera&quot;:&quot;&quot;,&quot;caption&quot;:&quot;&quot;,&quot;created_timestamp&quot;:&quot;0&quot;,&quot;copyright&quot;:&quot;&quot;,&quot;focal_length&quot;:&quot;0&quot;,&quot;iso&quot;:&quot;0&quot;,&quot;shutter_speed&quot;:&quot;0&quot;,&quot;title&quot;:&quot;&quot;,&quot;orientation&quot;:&quot;1&quot;}\" data-image-title=\"2\" data-image-description=\"\" data-image-caption=\"\" data-large-file=\"https:\/\/mula.es\/web\/wp-content\/uploads\/2025\/04\/2-14-1024x683.jpg\" class=\"alignnone size-medium wp-image-58327\" src=\"https:\/\/mula.es\/web\/wp-content\/uploads\/2025\/04\/2-14-300x200.jpg\" alt=\"\" width=\"300\" height=\"200\" srcset=\"https:\/\/mula.es\/web\/wp-content\/uploads\/2025\/04\/2-14-200x133.jpg 200w, https:\/\/mula.es\/web\/wp-content\/uploads\/2025\/04\/2-14-300x200.jpg 300w, https:\/\/mula.es\/web\/wp-content\/uploads\/2025\/04\/2-14-400x267.jpg 400w, https:\/\/mula.es\/web\/wp-content\/uploads\/2025\/04\/2-14-600x400.jpg 600w, https:\/\/mula.es\/web\/wp-content\/uploads\/2025\/04\/2-14-768x512.jpg 768w, https:\/\/mula.es\/web\/wp-content\/uploads\/2025\/04\/2-14-800x533.jpg 800w, https:\/\/mula.es\/web\/wp-content\/uploads\/2025\/04\/2-14-1024x683.jpg 1024w, https:\/\/mula.es\/web\/wp-content\/uploads\/2025\/04\/2-14-1200x800.jpg 1200w, https:\/\/mula.es\/web\/wp-content\/uploads\/2025\/04\/2-14-1536x1024.jpg 1536w\" sizes=\"(max-width: 300px) 100vw, 300px\" \/><\/a> <a href=\"https:\/\/mula.es\/web\/wp-content\/uploads\/2025\/04\/3-12-scaled.jpg\"><img decoding=\"async\" data-attachment-id=\"58328\" data-permalink=\"https:\/\/mula.es\/web\/transparencia-mula-refuerza-su-compromiso-con-la-transparencia-en-una-reunion-con-el-comisionado-de-transparencia\/3-215\/\" data-orig-file=\"https:\/\/mula.es\/web\/wp-content\/uploads\/2025\/04\/3-12-scaled.jpg\" data-orig-size=\"2560,1707\" data-comments-opened=\"0\" data-image-meta=\"{&quot;aperture&quot;:&quot;0&quot;,&quot;credit&quot;:&quot;&quot;,&quot;camera&quot;:&quot;&quot;,&quot;caption&quot;:&quot;&quot;,&quot;created_timestamp&quot;:&quot;0&quot;,&quot;copyright&quot;:&quot;&quot;,&quot;focal_length&quot;:&quot;0&quot;,&quot;iso&quot;:&quot;0&quot;,&quot;shutter_speed&quot;:&quot;0&quot;,&quot;title&quot;:&quot;&quot;,&quot;orientation&quot;:&quot;1&quot;}\" data-image-title=\"3\" data-image-description=\"\" data-image-caption=\"\" data-large-file=\"https:\/\/mula.es\/web\/wp-content\/uploads\/2025\/04\/3-12-1024x683.jpg\" class=\"alignnone size-medium wp-image-58328\" src=\"https:\/\/mula.es\/web\/wp-content\/uploads\/2025\/04\/3-12-300x200.jpg\" alt=\"\" width=\"300\" height=\"200\" srcset=\"https:\/\/mula.es\/web\/wp-content\/uploads\/2025\/04\/3-12-200x133.jpg 200w, https:\/\/mula.es\/web\/wp-content\/uploads\/2025\/04\/3-12-300x200.jpg 300w, https:\/\/mula.es\/web\/wp-content\/uploads\/2025\/04\/3-12-400x267.jpg 400w, https:\/\/mula.es\/web\/wp-content\/uploads\/2025\/04\/3-12-600x400.jpg 600w, https:\/\/mula.es\/web\/wp-content\/uploads\/2025\/04\/3-12-768x512.jpg 768w, https:\/\/mula.es\/web\/wp-content\/uploads\/2025\/04\/3-12-800x533.jpg 800w, https:\/\/mula.es\/web\/wp-content\/uploads\/2025\/04\/3-12-1024x683.jpg 1024w, https:\/\/mula.es\/web\/wp-content\/uploads\/2025\/04\/3-12-1200x800.jpg 1200w, https:\/\/mula.es\/web\/wp-content\/uploads\/2025\/04\/3-12-1536x1024.jpg 1536w\" sizes=\"(max-width: 300px) 100vw, 300px\" \/><\/a><\/p>\n","protected":false},"excerpt":{"rendered":"<p>NOTA DE PRENSA &#8211; 29 DE ABRIL DE 2025 \u00a0 \u00a0 Mula refuerza su compromiso con la transparencia en una reuni\u00f3n con el Comisionado de Transparencia Esta ma\u00f1ana ha tenido lugar una reuni\u00f3n de trabajo en el Ayuntamiento de Mula entre el alcalde, Juan Jes\u00fas Moreno; la presidenta del Comisionado de Transparencia de la Regi\u00f3n  [&#8230;]<\/p>\n","protected":false},"author":13,"featured_media":33512,"comment_status":"closed","ping_status":"closed","sticky":false,"template":"","format":"standard","meta":{"jetpack_post_was_ever_published":false,"_jetpack_newsletter_access":"","_jetpack_dont_email_post_to_subs":false,"_jetpack_newsletter_tier_id":0,"_jetpack_memberships_contains_paywalled_content":false,"_jetpack_memberships_contains_paid_content":false,"footnotes":"","jetpack_publicize_message":"","jetpack_publicize_feature_enabled":true,"jetpack_social_post_already_shared":false,"jetpack_social_options":{"image_generator_settings":{"template":"highway","default_image_id":0,"font":"","enabled":false},"version":2}},"categories":[302],"tags":[],"class_list":["post-58325","post","type-post","status-publish","format-standard","has-post-thumbnail","hentry","category-transparencia"],"yoast_head":"<!-- This site is optimized with the Yoast SEO plugin v27.5 - https:\/\/yoast.com\/product\/yoast-seo-wordpress\/ -->\n<title>TRANSPARENCIA | Mula refuerza su compromiso con la transparencia en una reuni\u00f3n con el Comisionado de Transparencia - Ayuntamiento de Mula<\/title>\n<meta name=\"robots\" content=\"index, follow, max-snippet:-1, max-image-preview:large, max-video-preview:-1\" \/>\n<link rel=\"canonical\" href=\"https:\/\/mula.es\/web\/transparencia-mula-refuerza-su-compromiso-con-la-transparencia-en-una-reunion-con-el-comisionado-de-transparencia\/\" \/>\n<meta property=\"og:locale\" content=\"es_ES\" \/>\n<meta property=\"og:type\" content=\"article\" \/>\n<meta property=\"og:title\" content=\"TRANSPARENCIA | Mula refuerza su compromiso con la transparencia en una reuni\u00f3n con el Comisionado de Transparencia - Ayuntamiento de Mula\" \/>\n<meta property=\"og:description\" content=\"NOTA DE PRENSA &#8211; 29 DE ABRIL DE 2025 \u00a0 \u00a0 Mula refuerza su compromiso con la transparencia en una reuni\u00f3n con el Comisionado de Transparencia Esta ma\u00f1ana ha tenido lugar una reuni\u00f3n de trabajo en el Ayuntamiento de Mula entre el alcalde, Juan Jes\u00fas Moreno; la presidenta del Comisionado de Transparencia de la Regi\u00f3n [...]\" \/>\n<meta property=\"og:url\" content=\"https:\/\/mula.es\/web\/transparencia-mula-refuerza-su-compromiso-con-la-transparencia-en-una-reunion-con-el-comisionado-de-transparencia\/\" \/>\n<meta property=\"og:site_name\" content=\"Ayuntamiento de Mula\" \/>\n<meta property=\"article:published_time\" content=\"2025-04-29T11:37:47+00:00\" \/>\n<meta property=\"og:image\" content=\"https:\/\/mula.es\/web\/wp-content\/uploads\/2020\/06\/escudo-cuadrado-e1591045058235.jpg\" \/>\n\t<meta property=\"og:image:width\" content=\"200\" \/>\n\t<meta property=\"og:image:height\" content=\"218\" \/>\n\t<meta property=\"og:image:type\" content=\"image\/jpeg\" \/>\n<meta name=\"author\" content=\"Laura Salas Orcajada\" \/>\n<meta name=\"twitter:card\" content=\"summary_large_image\" \/>\n<meta name=\"twitter:creator\" content=\"@AyuntamientMula\" \/>\n<meta name=\"twitter:site\" content=\"@AyuntamientMula\" \/>\n<meta name=\"twitter:label1\" content=\"Escrito por\" \/>\n\t<meta name=\"twitter:data1\" content=\"Laura Salas Orcajada\" \/>\n\t<meta name=\"twitter:label2\" content=\"Tiempo de lectura\" \/>\n\t<meta name=\"twitter:data2\" content=\"2 minutos\" \/>\n<script type=\"application\/ld+json\" class=\"yoast-schema-graph\">{\"@context\":\"https:\\\/\\\/schema.org\",\"@graph\":[{\"@type\":\"Article\",\"@id\":\"https:\\\/\\\/mula.es\\\/web\\\/transparencia-mula-refuerza-su-compromiso-con-la-transparencia-en-una-reunion-con-el-comisionado-de-transparencia\\\/#article\",\"isPartOf\":{\"@id\":\"https:\\\/\\\/mula.es\\\/web\\\/transparencia-mula-refuerza-su-compromiso-con-la-transparencia-en-una-reunion-con-el-comisionado-de-transparencia\\\/\"},\"author\":{\"name\":\"Laura Salas Orcajada\",\"@id\":\"https:\\\/\\\/mula.es\\\/web\\\/#\\\/schema\\\/person\\\/4f10179bd364f40dceed361e61e4033f\"},\"headline\":\"TRANSPARENCIA | Mula refuerza su compromiso con la transparencia en una reuni\u00f3n con el Comisionado de Transparencia\",\"datePublished\":\"2025-04-29T11:37:47+00:00\",\"mainEntityOfPage\":{\"@id\":\"https:\\\/\\\/mula.es\\\/web\\\/transparencia-mula-refuerza-su-compromiso-con-la-transparencia-en-una-reunion-con-el-comisionado-de-transparencia\\\/\"},\"wordCount\":432,\"image\":{\"@id\":\"https:\\\/\\\/mula.es\\\/web\\\/transparencia-mula-refuerza-su-compromiso-con-la-transparencia-en-una-reunion-con-el-comisionado-de-transparencia\\\/#primaryimage\"},\"thumbnailUrl\":\"https:\\\/\\\/mula.es\\\/web\\\/wp-content\\\/uploads\\\/2020\\\/06\\\/escudo-cuadrado-e1591045058235.jpg\",\"articleSection\":[\"transparencia\"],\"inLanguage\":\"es\"},{\"@type\":\"WebPage\",\"@id\":\"https:\\\/\\\/mula.es\\\/web\\\/transparencia-mula-refuerza-su-compromiso-con-la-transparencia-en-una-reunion-con-el-comisionado-de-transparencia\\\/\",\"url\":\"https:\\\/\\\/mula.es\\\/web\\\/transparencia-mula-refuerza-su-compromiso-con-la-transparencia-en-una-reunion-con-el-comisionado-de-transparencia\\\/\",\"name\":\"TRANSPARENCIA | Mula refuerza su compromiso con la transparencia en una reuni\u00f3n con el Comisionado de Transparencia - Ayuntamiento de Mula\",\"isPartOf\":{\"@id\":\"https:\\\/\\\/mula.es\\\/web\\\/#website\"},\"primaryImageOfPage\":{\"@id\":\"https:\\\/\\\/mula.es\\\/web\\\/transparencia-mula-refuerza-su-compromiso-con-la-transparencia-en-una-reunion-con-el-comisionado-de-transparencia\\\/#primaryimage\"},\"image\":{\"@id\":\"https:\\\/\\\/mula.es\\\/web\\\/transparencia-mula-refuerza-su-compromiso-con-la-transparencia-en-una-reunion-con-el-comisionado-de-transparencia\\\/#primaryimage\"},\"thumbnailUrl\":\"https:\\\/\\\/mula.es\\\/web\\\/wp-content\\\/uploads\\\/2020\\\/06\\\/escudo-cuadrado-e1591045058235.jpg\",\"datePublished\":\"2025-04-29T11:37:47+00:00\",\"author\":{\"@id\":\"https:\\\/\\\/mula.es\\\/web\\\/#\\\/schema\\\/person\\\/4f10179bd364f40dceed361e61e4033f\"},\"breadcrumb\":{\"@id\":\"https:\\\/\\\/mula.es\\\/web\\\/transparencia-mula-refuerza-su-compromiso-con-la-transparencia-en-una-reunion-con-el-comisionado-de-transparencia\\\/#breadcrumb\"},\"inLanguage\":\"es\",\"potentialAction\":[{\"@type\":\"ReadAction\",\"target\":[\"https:\\\/\\\/mula.es\\\/web\\\/transparencia-mula-refuerza-su-compromiso-con-la-transparencia-en-una-reunion-con-el-comisionado-de-transparencia\\\/\"]}]},{\"@type\":\"ImageObject\",\"inLanguage\":\"es\",\"@id\":\"https:\\\/\\\/mula.es\\\/web\\\/transparencia-mula-refuerza-su-compromiso-con-la-transparencia-en-una-reunion-con-el-comisionado-de-transparencia\\\/#primaryimage\",\"url\":\"https:\\\/\\\/mula.es\\\/web\\\/wp-content\\\/uploads\\\/2020\\\/06\\\/escudo-cuadrado-e1591045058235.jpg\",\"contentUrl\":\"https:\\\/\\\/mula.es\\\/web\\\/wp-content\\\/uploads\\\/2020\\\/06\\\/escudo-cuadrado-e1591045058235.jpg\",\"width\":200,\"height\":218},{\"@type\":\"BreadcrumbList\",\"@id\":\"https:\\\/\\\/mula.es\\\/web\\\/transparencia-mula-refuerza-su-compromiso-con-la-transparencia-en-una-reunion-con-el-comisionado-de-transparencia\\\/#breadcrumb\",\"itemListElement\":[{\"@type\":\"ListItem\",\"position\":1,\"name\":\"Portada\",\"item\":\"https:\\\/\\\/mula.es\\\/web\\\/\"},{\"@type\":\"ListItem\",\"position\":2,\"name\":\"TRANSPARENCIA | Mula refuerza su compromiso con la transparencia en una reuni\u00f3n con el Comisionado de Transparencia\"}]},{\"@type\":\"WebSite\",\"@id\":\"https:\\\/\\\/mula.es\\\/web\\\/#website\",\"url\":\"https:\\\/\\\/mula.es\\\/web\\\/\",\"name\":\"Ayuntamiento de Mula\",\"description\":\"P\u00e1gina web del Ayuntamiento de Mula (Regi\u00f3n de Murcia)\",\"potentialAction\":[{\"@type\":\"SearchAction\",\"target\":{\"@type\":\"EntryPoint\",\"urlTemplate\":\"https:\\\/\\\/mula.es\\\/web\\\/?s={search_term_string}\"},\"query-input\":{\"@type\":\"PropertyValueSpecification\",\"valueRequired\":true,\"valueName\":\"search_term_string\"}}],\"inLanguage\":\"es\"},{\"@type\":\"Person\",\"@id\":\"https:\\\/\\\/mula.es\\\/web\\\/#\\\/schema\\\/person\\\/4f10179bd364f40dceed361e61e4033f\",\"name\":\"Laura Salas Orcajada\",\"image\":{\"@type\":\"ImageObject\",\"inLanguage\":\"es\",\"@id\":\"https:\\\/\\\/secure.gravatar.com\\\/avatar\\\/786f2a223d9a455e2a448f78b5dcc1117207ef56ef3d9a04df338c0f775cd403?s=96&d=mm&r=g\",\"url\":\"https:\\\/\\\/secure.gravatar.com\\\/avatar\\\/786f2a223d9a455e2a448f78b5dcc1117207ef56ef3d9a04df338c0f775cd403?s=96&d=mm&r=g\",\"contentUrl\":\"https:\\\/\\\/secure.gravatar.com\\\/avatar\\\/786f2a223d9a455e2a448f78b5dcc1117207ef56ef3d9a04df338c0f775cd403?s=96&d=mm&r=g\",\"caption\":\"Laura Salas Orcajada\"},\"url\":\"https:\\\/\\\/mula.es\\\/web\\\/author\\\/lsalas\\\/\"}]}<\/script>\n<!-- \/ Yoast SEO plugin. -->","yoast_head_json":{"title":"TRANSPARENCIA | Mula refuerza su compromiso con la transparencia en una reuni\u00f3n con el Comisionado de Transparencia - Ayuntamiento de Mula","robots":{"index":"index","follow":"follow","max-snippet":"max-snippet:-1","max-image-preview":"max-image-preview:large","max-video-preview":"max-video-preview:-1"},"canonical":"https:\/\/mula.es\/web\/transparencia-mula-refuerza-su-compromiso-con-la-transparencia-en-una-reunion-con-el-comisionado-de-transparencia\/","og_locale":"es_ES","og_type":"article","og_title":"TRANSPARENCIA | Mula refuerza su compromiso con la transparencia en una reuni\u00f3n con el Comisionado de Transparencia - Ayuntamiento de Mula","og_description":"NOTA DE PRENSA &#8211; 29 DE ABRIL DE 2025 \u00a0 \u00a0 Mula refuerza su compromiso con la transparencia en una reuni\u00f3n con el Comisionado de Transparencia Esta ma\u00f1ana ha tenido lugar una reuni\u00f3n de trabajo en el Ayuntamiento de Mula entre el alcalde, Juan Jes\u00fas Moreno; la presidenta del Comisionado de Transparencia de la Regi\u00f3n [...]","og_url":"https:\/\/mula.es\/web\/transparencia-mula-refuerza-su-compromiso-con-la-transparencia-en-una-reunion-con-el-comisionado-de-transparencia\/","og_site_name":"Ayuntamiento de Mula","article_published_time":"2025-04-29T11:37:47+00:00","og_image":[{"width":200,"height":218,"url":"https:\/\/mula.es\/web\/wp-content\/uploads\/2020\/06\/escudo-cuadrado-e1591045058235.jpg","type":"image\/jpeg"}],"author":"Laura Salas Orcajada","twitter_card":"summary_large_image","twitter_creator":"@AyuntamientMula","twitter_site":"@AyuntamientMula","twitter_misc":{"Escrito por":"Laura Salas Orcajada","Tiempo de lectura":"2 minutos"},"schema":{"@context":"https:\/\/schema.org","@graph":[{"@type":"Article","@id":"https:\/\/mula.es\/web\/transparencia-mula-refuerza-su-compromiso-con-la-transparencia-en-una-reunion-con-el-comisionado-de-transparencia\/#article","isPartOf":{"@id":"https:\/\/mula.es\/web\/transparencia-mula-refuerza-su-compromiso-con-la-transparencia-en-una-reunion-con-el-comisionado-de-transparencia\/"},"author":{"name":"Laura Salas Orcajada","@id":"https:\/\/mula.es\/web\/#\/schema\/person\/4f10179bd364f40dceed361e61e4033f"},"headline":"TRANSPARENCIA | Mula refuerza su compromiso con la transparencia en una reuni\u00f3n con el Comisionado de Transparencia","datePublished":"2025-04-29T11:37:47+00:00","mainEntityOfPage":{"@id":"https:\/\/mula.es\/web\/transparencia-mula-refuerza-su-compromiso-con-la-transparencia-en-una-reunion-con-el-comisionado-de-transparencia\/"},"wordCount":432,"image":{"@id":"https:\/\/mula.es\/web\/transparencia-mula-refuerza-su-compromiso-con-la-transparencia-en-una-reunion-con-el-comisionado-de-transparencia\/#primaryimage"},"thumbnailUrl":"https:\/\/mula.es\/web\/wp-content\/uploads\/2020\/06\/escudo-cuadrado-e1591045058235.jpg","articleSection":["transparencia"],"inLanguage":"es"},{"@type":"WebPage","@id":"https:\/\/mula.es\/web\/transparencia-mula-refuerza-su-compromiso-con-la-transparencia-en-una-reunion-con-el-comisionado-de-transparencia\/","url":"https:\/\/mula.es\/web\/transparencia-mula-refuerza-su-compromiso-con-la-transparencia-en-una-reunion-con-el-comisionado-de-transparencia\/","name":"TRANSPARENCIA | Mula refuerza su compromiso con la transparencia en una reuni\u00f3n con el Comisionado de Transparencia - Ayuntamiento de Mula","isPartOf":{"@id":"https:\/\/mula.es\/web\/#website"},"primaryImageOfPage":{"@id":"https:\/\/mula.es\/web\/transparencia-mula-refuerza-su-compromiso-con-la-transparencia-en-una-reunion-con-el-comisionado-de-transparencia\/#primaryimage"},"image":{"@id":"https:\/\/mula.es\/web\/transparencia-mula-refuerza-su-compromiso-con-la-transparencia-en-una-reunion-con-el-comisionado-de-transparencia\/#primaryimage"},"thumbnailUrl":"https:\/\/mula.es\/web\/wp-content\/uploads\/2020\/06\/escudo-cuadrado-e1591045058235.jpg","datePublished":"2025-04-29T11:37:47+00:00","author":{"@id":"https:\/\/mula.es\/web\/#\/schema\/person\/4f10179bd364f40dceed361e61e4033f"},"breadcrumb":{"@id":"https:\/\/mula.es\/web\/transparencia-mula-refuerza-su-compromiso-con-la-transparencia-en-una-reunion-con-el-comisionado-de-transparencia\/#breadcrumb"},"inLanguage":"es","potentialAction":[{"@type":"ReadAction","target":["https:\/\/mula.es\/web\/transparencia-mula-refuerza-su-compromiso-con-la-transparencia-en-una-reunion-con-el-comisionado-de-transparencia\/"]}]},{"@type":"ImageObject","inLanguage":"es","@id":"https:\/\/mula.es\/web\/transparencia-mula-refuerza-su-compromiso-con-la-transparencia-en-una-reunion-con-el-comisionado-de-transparencia\/#primaryimage","url":"https:\/\/mula.es\/web\/wp-content\/uploads\/2020\/06\/escudo-cuadrado-e1591045058235.jpg","contentUrl":"https:\/\/mula.es\/web\/wp-content\/uploads\/2020\/06\/escudo-cuadrado-e1591045058235.jpg","width":200,"height":218},{"@type":"BreadcrumbList","@id":"https:\/\/mula.es\/web\/transparencia-mula-refuerza-su-compromiso-con-la-transparencia-en-una-reunion-con-el-comisionado-de-transparencia\/#breadcrumb","itemListElement":[{"@type":"ListItem","position":1,"name":"Portada","item":"https:\/\/mula.es\/web\/"},{"@type":"ListItem","position":2,"name":"TRANSPARENCIA | Mula refuerza su compromiso con la transparencia en una reuni\u00f3n con el Comisionado de Transparencia"}]},{"@type":"WebSite","@id":"https:\/\/mula.es\/web\/#website","url":"https:\/\/mula.es\/web\/","name":"Ayuntamiento de Mula","description":"P\u00e1gina web del Ayuntamiento de Mula (Regi\u00f3n de Murcia)","potentialAction":[{"@type":"SearchAction","target":{"@type":"EntryPoint","urlTemplate":"https:\/\/mula.es\/web\/?s={search_term_string}"},"query-input":{"@type":"PropertyValueSpecification","valueRequired":true,"valueName":"search_term_string"}}],"inLanguage":"es"},{"@type":"Person","@id":"https:\/\/mula.es\/web\/#\/schema\/person\/4f10179bd364f40dceed361e61e4033f","name":"Laura Salas Orcajada","image":{"@type":"ImageObject","inLanguage":"es","@id":"https:\/\/secure.gravatar.com\/avatar\/786f2a223d9a455e2a448f78b5dcc1117207ef56ef3d9a04df338c0f775cd403?s=96&d=mm&r=g","url":"https:\/\/secure.gravatar.com\/avatar\/786f2a223d9a455e2a448f78b5dcc1117207ef56ef3d9a04df338c0f775cd403?s=96&d=mm&r=g","contentUrl":"https:\/\/secure.gravatar.com\/avatar\/786f2a223d9a455e2a448f78b5dcc1117207ef56ef3d9a04df338c0f775cd403?s=96&d=mm&r=g","caption":"Laura Salas Orcajada"},"url":"https:\/\/mula.es\/web\/author\/lsalas\/"}]}},"jetpack_publicize_connections":[],"jetpack_featured_media_url":"https:\/\/mula.es\/web\/wp-content\/uploads\/2020\/06\/escudo-cuadrado-e1591045058235.jpg","jetpack_sharing_enabled":true,"jetpack_shortlink":"https:\/\/wp.me\/pa9DMY-faJ","jetpack-related-posts":[],"_links":{"self":[{"href":"https:\/\/mula.es\/web\/wp-json\/wp\/v2\/posts\/58325","targetHints":{"allow":["GET"]}}],"collection":[{"href":"https:\/\/mula.es\/web\/wp-json\/wp\/v2\/posts"}],"about":[{"href":"https:\/\/mula.es\/web\/wp-json\/wp\/v2\/types\/post"}],"author":[{"embeddable":true,"href":"https:\/\/mula.es\/web\/wp-json\/wp\/v2\/users\/13"}],"replies":[{"embeddable":true,"href":"https:\/\/mula.es\/web\/wp-json\/wp\/v2\/comments?post=58325"}],"version-history":[{"count":1,"href":"https:\/\/mula.es\/web\/wp-json\/wp\/v2\/posts\/58325\/revisions"}],"predecessor-version":[{"id":58329,"href":"https:\/\/mula.es\/web\/wp-json\/wp\/v2\/posts\/58325\/revisions\/58329"}],"wp:featuredmedia":[{"embeddable":true,"href":"https:\/\/mula.es\/web\/wp-json\/wp\/v2\/media\/33512"}],"wp:attachment":[{"href":"https:\/\/mula.es\/web\/wp-json\/wp\/v2\/media?parent=58325"}],"wp:term":[{"taxonomy":"category","embeddable":true,"href":"https:\/\/mula.es\/web\/wp-json\/wp\/v2\/categories?post=58325"},{"taxonomy":"post_tag","embeddable":true,"href":"https:\/\/mula.es\/web\/wp-json\/wp\/v2\/tags?post=58325"}],"curies":[{"name":"wp","href":"https:\/\/api.w.org\/{rel}","templated":true}]}}