{"id":58358,"date":"2025-04-30T10:40:07","date_gmt":"2025-04-30T08:40:07","guid":{"rendered":"https:\/\/mula.es\/web\/?p=58358"},"modified":"2025-05-05T09:08:18","modified_gmt":"2025-05-05T07:08:18","slug":"patrimonio-villaricos","status":"publish","type":"post","link":"https:\/\/mula.es\/web\/patrimonio-villaricos\/","title":{"rendered":"PATRIMONIO | Terminan las obras de accesibilidad en la villa romana de Los Villaricos"},"content":{"rendered":"<p>NOTA DE PRENSA \u2013 Terminan las obras de accesibilidad en la villa romana de Los Villaricos<\/p>\n<p>&nbsp;<\/p>\n<p>Con motivo de la convocatoria de ayudas al programa estrat\u00e9gico de Desarrollo Local Participativo Grupo de Acci\u00f3n Local Integral, Sociedad para el Desarrollo Rural (LEADER), el Ayuntamiento de Mula solicita ayuda para el desarrollo y la ejecuci\u00f3n de la <strong>MEMORIA PARA LA MEJORA DE LA ACCESIBILIDAD Y VISITABILIDAD DE LA VILLA ROMANA DE LOS VILLARICOS (MULA, MURCIA)<\/strong>. En este sentido, la Consejer\u00eda de Agua, Agricultura, Ganader\u00eda y Pesca, concede subvenci\u00f3n para desarrollar los trabajos contenidos en la memoria con fechas de11 de marzo de 2024.<\/p>\n<p>La villa romana de Los Villaricos es uno de los ejemplos m\u00e1s notables de <em>villae<\/em> conservados en la Regi\u00f3n de Murcia. Gracias a las campa\u00f1as de excavaci\u00f3n llevadas a cabo durante m\u00e1s de 30 a\u00f1os, se han podido identificar tanto el \u00e1rea residencial (<em>pars urbana<\/em>) como la zona de trabajo (<em>pars rustica<\/em>), dedicada a la elaboraci\u00f3n de vino y aceite, adem\u00e1s de otros elementos como: las termas (<em>balneum<\/em>) y una gran cisterna que hacen de Villaricos una de las villas mejor conservadas del sudeste peninsular.<\/p>\n<p>La memoria se enmarca dentro de las medidas para la recuperaci\u00f3n y uso eficiente y sostenible del patrimonio rural, natural y paisaj\u00edstico, concretamente en el proyecto de recuperaci\u00f3n, mantenimiento, conservaci\u00f3n y la mejora del patrimonio rural y la adaptaci\u00f3n de los recursos culturales permanentes para permitir la visita, conocimiento e interpretaci\u00f3n (musealizaci\u00f3n, incorporaci\u00f3n de oficinas de informaci\u00f3n, nuevos servicios, eliminaci\u00f3n de barreras arquitect\u00f3nicas, incorporaci\u00f3n de medios audiovisuales y tecnol\u00f3gicos, tecnolog\u00edas de realidad virtual, etc.).<\/p>\n<p>El <strong>objetivo general de las actuaciones<\/strong> ha sido mejorar la visibilidad y la accesibilidad a la villa romana de Los Villaricos, con el fin de fomentar las visitas y adaptarnos a la nueva situaci\u00f3n post-Covid. Para ello se han realizado una serie de actuaciones de accesibilidad (mejora de los pavimentos de la zona del atrio de entrada y de acceso al centro de visitantes) y de visitabilidad (mejora de la carteler\u00eda e implementaci\u00f3n en la tercera pasarela y mobiliario y otros elementos en el centro de visitantes).<\/p>\n<p>Las actuaciones contempladas en la memoria, ascienden a un presupuesto total de ejecuci\u00f3n por contrata a la cantidad de <strong>CINCUENTA Y CUATRO MIL QUINIENTOS OCHENTA Y SEIS EUROS (54.586,00 \u20ac<\/strong> IVA INCLUIDO), concedidos al Ayuntamiento de Mula por la Consejer\u00eda de Agua, Agricultura, Ganader\u00eda, Pesca y Medio Ambiente, a trav\u00e9s de las ayudas LEADER financiadas por la Submedida 19.2 del Programa de Desarrollo Rural de la Regi\u00f3n de Murcia 2014-2022.<\/p>\n<p>Las ayudas LEADER son financiadas en un 63% por fondos europeos, FEADER, y en un 37% por fondos de la Comunidad Aut\u00f3noma de Murcia (CARM).<\/p>\n<p><a href=\"https:\/\/mula.es\/web\/wp-content\/uploads\/2025\/04\/Imagen-1.jpg\"><img decoding=\"async\" data-attachment-id=\"58360\" data-permalink=\"https:\/\/mula.es\/web\/patrimonio-villaricos\/imagen-1-2\/\" data-orig-file=\"https:\/\/mula.es\/web\/wp-content\/uploads\/2025\/04\/Imagen-1.jpg\" data-orig-size=\"850,478\" data-comments-opened=\"0\" data-image-meta=\"{&quot;aperture&quot;:&quot;0&quot;,&quot;credit&quot;:&quot;&quot;,&quot;camera&quot;:&quot;&quot;,&quot;caption&quot;:&quot;&quot;,&quot;created_timestamp&quot;:&quot;0&quot;,&quot;copyright&quot;:&quot;&quot;,&quot;focal_length&quot;:&quot;0&quot;,&quot;iso&quot;:&quot;0&quot;,&quot;shutter_speed&quot;:&quot;0&quot;,&quot;title&quot;:&quot;&quot;,&quot;orientation&quot;:&quot;1&quot;}\" data-image-title=\"Imagen 1\" data-image-description=\"\" data-image-caption=\"\" data-large-file=\"https:\/\/mula.es\/web\/wp-content\/uploads\/2025\/04\/Imagen-1.jpg\" class=\"alignnone wp-image-58360\" src=\"https:\/\/mula.es\/web\/wp-content\/uploads\/2025\/04\/Imagen-1-300x169.jpg\" alt=\"\" width=\"479\" height=\"270\" srcset=\"https:\/\/mula.es\/web\/wp-content\/uploads\/2025\/04\/Imagen-1-200x112.jpg 200w, https:\/\/mula.es\/web\/wp-content\/uploads\/2025\/04\/Imagen-1-300x169.jpg 300w, https:\/\/mula.es\/web\/wp-content\/uploads\/2025\/04\/Imagen-1-400x225.jpg 400w, https:\/\/mula.es\/web\/wp-content\/uploads\/2025\/04\/Imagen-1-600x337.jpg 600w, https:\/\/mula.es\/web\/wp-content\/uploads\/2025\/04\/Imagen-1-768x432.jpg 768w, https:\/\/mula.es\/web\/wp-content\/uploads\/2025\/04\/Imagen-1-800x450.jpg 800w, https:\/\/mula.es\/web\/wp-content\/uploads\/2025\/04\/Imagen-1.jpg 850w\" sizes=\"(max-width: 479px) 100vw, 479px\" \/><\/a><\/p>\n<p><em>Imagen de la actuaci\u00f3n en el pavimento de entrada a la villa romana de Los Villaricos<\/em><\/p>\n<p><em>Expediente 1-192-M042-229: \u00abMejora de la accesibilidad y visitabilidad de la Villa Romana de Los Villaricos (Mula, Murcia)\u00bb.<\/em><\/p>\n<p>&nbsp;<\/p>\n<p>&nbsp;<\/p>\n<p><a href=\"https:\/\/pdr.carm.es\/\"><img decoding=\"async\" data-attachment-id=\"58362\" data-permalink=\"https:\/\/mula.es\/web\/patrimonio-villaricos\/logo-leader\/\" data-orig-file=\"https:\/\/mula.es\/web\/wp-content\/uploads\/2025\/04\/logo-leader--scaled.jpg\" data-orig-size=\"2560,2560\" data-comments-opened=\"0\" data-image-meta=\"{&quot;aperture&quot;:&quot;0&quot;,&quot;credit&quot;:&quot;&quot;,&quot;camera&quot;:&quot;&quot;,&quot;caption&quot;:&quot;&quot;,&quot;created_timestamp&quot;:&quot;0&quot;,&quot;copyright&quot;:&quot;&quot;,&quot;focal_length&quot;:&quot;0&quot;,&quot;iso&quot;:&quot;0&quot;,&quot;shutter_speed&quot;:&quot;0&quot;,&quot;title&quot;:&quot;&quot;,&quot;orientation&quot;:&quot;1&quot;}\" data-image-title=\"logo leader\" data-image-description=\"\" data-image-caption=\"\" data-large-file=\"https:\/\/mula.es\/web\/wp-content\/uploads\/2025\/04\/logo-leader--1024x1024.jpg\" class=\"alignnone wp-image-58362\" src=\"https:\/\/mula.es\/web\/wp-content\/uploads\/2025\/04\/logo-leader--300x300.jpg\" alt=\"\" width=\"59\" height=\"59\" srcset=\"https:\/\/mula.es\/web\/wp-content\/uploads\/2025\/04\/logo-leader--66x66.jpg 66w, https:\/\/mula.es\/web\/wp-content\/uploads\/2025\/04\/logo-leader--150x150.jpg 150w, https:\/\/mula.es\/web\/wp-content\/uploads\/2025\/04\/logo-leader--200x200.jpg 200w, https:\/\/mula.es\/web\/wp-content\/uploads\/2025\/04\/logo-leader--300x300.jpg 300w, https:\/\/mula.es\/web\/wp-content\/uploads\/2025\/04\/logo-leader--400x400.jpg 400w, https:\/\/mula.es\/web\/wp-content\/uploads\/2025\/04\/logo-leader--600x600.jpg 600w, https:\/\/mula.es\/web\/wp-content\/uploads\/2025\/04\/logo-leader--768x768.jpg 768w, https:\/\/mula.es\/web\/wp-content\/uploads\/2025\/04\/logo-leader--800x800.jpg 800w, https:\/\/mula.es\/web\/wp-content\/uploads\/2025\/04\/logo-leader--1024x1024.jpg 1024w, https:\/\/mula.es\/web\/wp-content\/uploads\/2025\/04\/logo-leader--1200x1200.jpg 1200w, https:\/\/mula.es\/web\/wp-content\/uploads\/2025\/04\/logo-leader--1536x1536.jpg 1536w\" sizes=\"(max-width: 59px) 100vw, 59px\" \/><\/a> <a href=\"https:\/\/mula.es\/web\/wp-content\/uploads\/2025\/04\/logo-FEADER.jpg\">\u00a0\u00a0<\/a><a href=\"https:\/\/agriculture.ec.europa.eu\/common-agricultural-policy\/rural-development_es\"><img decoding=\"async\" data-attachment-id=\"58361\" data-permalink=\"https:\/\/mula.es\/web\/patrimonio-villaricos\/logo-feader\/\" data-orig-file=\"https:\/\/mula.es\/web\/wp-content\/uploads\/2025\/04\/logo-FEADER.jpg\" data-orig-size=\"800,321\" data-comments-opened=\"0\" data-image-meta=\"{&quot;aperture&quot;:&quot;0&quot;,&quot;credit&quot;:&quot;&quot;,&quot;camera&quot;:&quot;&quot;,&quot;caption&quot;:&quot;&quot;,&quot;created_timestamp&quot;:&quot;0&quot;,&quot;copyright&quot;:&quot;&quot;,&quot;focal_length&quot;:&quot;0&quot;,&quot;iso&quot;:&quot;0&quot;,&quot;shutter_speed&quot;:&quot;0&quot;,&quot;title&quot;:&quot;&quot;,&quot;orientation&quot;:&quot;1&quot;}\" data-image-title=\"logo FEADER\" data-image-description=\"\" data-image-caption=\"\" data-large-file=\"https:\/\/mula.es\/web\/wp-content\/uploads\/2025\/04\/logo-FEADER.jpg\" class=\"alignnone wp-image-58361\" src=\"https:\/\/mula.es\/web\/wp-content\/uploads\/2025\/04\/logo-FEADER-300x120.jpg\" alt=\"\" width=\"145\" height=\"58\" srcset=\"https:\/\/mula.es\/web\/wp-content\/uploads\/2025\/04\/logo-FEADER-200x80.jpg 200w, https:\/\/mula.es\/web\/wp-content\/uploads\/2025\/04\/logo-FEADER-300x120.jpg 300w, https:\/\/mula.es\/web\/wp-content\/uploads\/2025\/04\/logo-FEADER-400x161.jpg 400w, https:\/\/mula.es\/web\/wp-content\/uploads\/2025\/04\/logo-FEADER-600x241.jpg 600w, https:\/\/mula.es\/web\/wp-content\/uploads\/2025\/04\/logo-FEADER-669x272.jpg 669w, https:\/\/mula.es\/web\/wp-content\/uploads\/2025\/04\/logo-FEADER-768x308.jpg 768w, https:\/\/mula.es\/web\/wp-content\/uploads\/2025\/04\/logo-FEADER.jpg 800w\" sizes=\"(max-width: 145px) 100vw, 145px\" \/><\/a> <a href=\"https:\/\/mula.es\/web\/wp-content\/uploads\/2025\/04\/Logotipo-Ministerio-Agricultura-para-web.jpg\"> \u00a0 \u00a0<\/a><a href=\"https:\/\/www.mapa.gob.es\/es\/\"><img decoding=\"async\" data-attachment-id=\"58365\" data-permalink=\"https:\/\/mula.es\/web\/patrimonio-villaricos\/logotipo-ministerio-agricultura-para-web\/\" data-orig-file=\"https:\/\/mula.es\/web\/wp-content\/uploads\/2025\/04\/Logotipo-Ministerio-Agricultura-para-web.jpg\" data-orig-size=\"1280,341\" data-comments-opened=\"0\" data-image-meta=\"{&quot;aperture&quot;:&quot;0&quot;,&quot;credit&quot;:&quot;&quot;,&quot;camera&quot;:&quot;&quot;,&quot;caption&quot;:&quot;&quot;,&quot;created_timestamp&quot;:&quot;0&quot;,&quot;copyright&quot;:&quot;&quot;,&quot;focal_length&quot;:&quot;0&quot;,&quot;iso&quot;:&quot;0&quot;,&quot;shutter_speed&quot;:&quot;0&quot;,&quot;title&quot;:&quot;&quot;,&quot;orientation&quot;:&quot;1&quot;}\" data-image-title=\"Logotipo Ministerio Agricultura para web\" data-image-description=\"\" data-image-caption=\"\" data-large-file=\"https:\/\/mula.es\/web\/wp-content\/uploads\/2025\/04\/Logotipo-Ministerio-Agricultura-para-web-1024x273.jpg\" class=\"alignnone wp-image-58365\" src=\"https:\/\/mula.es\/web\/wp-content\/uploads\/2025\/04\/Logotipo-Ministerio-Agricultura-para-web-300x80.jpg\" alt=\"\" width=\"192\" height=\"51\" srcset=\"https:\/\/mula.es\/web\/wp-content\/uploads\/2025\/04\/Logotipo-Ministerio-Agricultura-para-web-200x53.jpg 200w, https:\/\/mula.es\/web\/wp-content\/uploads\/2025\/04\/Logotipo-Ministerio-Agricultura-para-web-300x80.jpg 300w, https:\/\/mula.es\/web\/wp-content\/uploads\/2025\/04\/Logotipo-Ministerio-Agricultura-para-web-400x107.jpg 400w, https:\/\/mula.es\/web\/wp-content\/uploads\/2025\/04\/Logotipo-Ministerio-Agricultura-para-web-600x160.jpg 600w, https:\/\/mula.es\/web\/wp-content\/uploads\/2025\/04\/Logotipo-Ministerio-Agricultura-para-web-768x205.jpg 768w, https:\/\/mula.es\/web\/wp-content\/uploads\/2025\/04\/Logotipo-Ministerio-Agricultura-para-web-800x213.jpg 800w, https:\/\/mula.es\/web\/wp-content\/uploads\/2025\/04\/Logotipo-Ministerio-Agricultura-para-web-1024x273.jpg 1024w, https:\/\/mula.es\/web\/wp-content\/uploads\/2025\/04\/Logotipo-Ministerio-Agricultura-para-web-1200x320.jpg 1200w, https:\/\/mula.es\/web\/wp-content\/uploads\/2025\/04\/Logotipo-Ministerio-Agricultura-para-web.jpg 1280w\" sizes=\"(max-width: 192px) 100vw, 192px\" \/><\/a><a href=\"https:\/\/mula.es\/web\/wp-content\/uploads\/2025\/04\/Logo-Region-de-Murcia.jpg\"> \u00a0 \u00a0<\/a><a href=\"https:\/\/www.carm.es\/web\/pagina?IDCONTENIDO=1&amp;IDTIPO=180\"><img decoding=\"async\" data-attachment-id=\"58363\" data-permalink=\"https:\/\/mula.es\/web\/patrimonio-villaricos\/logo-region-de-murcia\/\" data-orig-file=\"https:\/\/mula.es\/web\/wp-content\/uploads\/2025\/04\/Logo-Region-de-Murcia.jpg\" data-orig-size=\"800,334\" data-comments-opened=\"0\" data-image-meta=\"{&quot;aperture&quot;:&quot;0&quot;,&quot;credit&quot;:&quot;&quot;,&quot;camera&quot;:&quot;&quot;,&quot;caption&quot;:&quot;&quot;,&quot;created_timestamp&quot;:&quot;0&quot;,&quot;copyright&quot;:&quot;&quot;,&quot;focal_length&quot;:&quot;0&quot;,&quot;iso&quot;:&quot;0&quot;,&quot;shutter_speed&quot;:&quot;0&quot;,&quot;title&quot;:&quot;&quot;,&quot;orientation&quot;:&quot;1&quot;}\" data-image-title=\"Logo Region de Murcia\" data-image-description=\"\" data-image-caption=\"\" data-large-file=\"https:\/\/mula.es\/web\/wp-content\/uploads\/2025\/04\/Logo-Region-de-Murcia.jpg\" class=\"alignnone wp-image-58363\" src=\"https:\/\/mula.es\/web\/wp-content\/uploads\/2025\/04\/Logo-Region-de-Murcia-300x125.jpg\" alt=\"\" width=\"127\" height=\"53\" srcset=\"https:\/\/mula.es\/web\/wp-content\/uploads\/2025\/04\/Logo-Region-de-Murcia-200x84.jpg 200w, https:\/\/mula.es\/web\/wp-content\/uploads\/2025\/04\/Logo-Region-de-Murcia-300x125.jpg 300w, https:\/\/mula.es\/web\/wp-content\/uploads\/2025\/04\/Logo-Region-de-Murcia-400x167.jpg 400w, https:\/\/mula.es\/web\/wp-content\/uploads\/2025\/04\/Logo-Region-de-Murcia-600x251.jpg 600w, https:\/\/mula.es\/web\/wp-content\/uploads\/2025\/04\/Logo-Region-de-Murcia-669x272.jpg 669w, https:\/\/mula.es\/web\/wp-content\/uploads\/2025\/04\/Logo-Region-de-Murcia-768x321.jpg 768w, https:\/\/mula.es\/web\/wp-content\/uploads\/2025\/04\/Logo-Region-de-Murcia.jpg 800w\" sizes=\"(max-width: 127px) 100vw, 127px\" \/><\/a><a href=\"https:\/\/www.integral.es\/\"><img decoding=\"async\" data-attachment-id=\"58364\" data-permalink=\"https:\/\/mula.es\/web\/patrimonio-villaricos\/logotipo-integral-buena-calidad\/\" data-orig-file=\"https:\/\/mula.es\/web\/wp-content\/uploads\/2025\/04\/Logotipo-Integral-buena-calidad.jpg\" data-orig-size=\"1397,1208\" data-comments-opened=\"0\" data-image-meta=\"{&quot;aperture&quot;:&quot;0&quot;,&quot;credit&quot;:&quot;&quot;,&quot;camera&quot;:&quot;&quot;,&quot;caption&quot;:&quot;&quot;,&quot;created_timestamp&quot;:&quot;0&quot;,&quot;copyright&quot;:&quot;&quot;,&quot;focal_length&quot;:&quot;0&quot;,&quot;iso&quot;:&quot;0&quot;,&quot;shutter_speed&quot;:&quot;0&quot;,&quot;title&quot;:&quot;&quot;,&quot;orientation&quot;:&quot;0&quot;}\" data-image-title=\"Logotipo Integral buena calidad\" data-image-description=\"\" data-image-caption=\"\" data-large-file=\"https:\/\/mula.es\/web\/wp-content\/uploads\/2025\/04\/Logotipo-Integral-buena-calidad-1024x885.jpg\" class=\"alignnone wp-image-58364\" src=\"https:\/\/mula.es\/web\/wp-content\/uploads\/2025\/04\/Logotipo-Integral-buena-calidad-300x259.jpg\" alt=\"\" width=\"85\" height=\"74\" srcset=\"https:\/\/mula.es\/web\/wp-content\/uploads\/2025\/04\/Logotipo-Integral-buena-calidad-200x173.jpg 200w, https:\/\/mula.es\/web\/wp-content\/uploads\/2025\/04\/Logotipo-Integral-buena-calidad-300x259.jpg 300w, https:\/\/mula.es\/web\/wp-content\/uploads\/2025\/04\/Logotipo-Integral-buena-calidad-400x346.jpg 400w, https:\/\/mula.es\/web\/wp-content\/uploads\/2025\/04\/Logotipo-Integral-buena-calidad-600x519.jpg 600w, https:\/\/mula.es\/web\/wp-content\/uploads\/2025\/04\/Logotipo-Integral-buena-calidad-768x664.jpg 768w, https:\/\/mula.es\/web\/wp-content\/uploads\/2025\/04\/Logotipo-Integral-buena-calidad-800x692.jpg 800w, https:\/\/mula.es\/web\/wp-content\/uploads\/2025\/04\/Logotipo-Integral-buena-calidad-1024x885.jpg 1024w, https:\/\/mula.es\/web\/wp-content\/uploads\/2025\/04\/Logotipo-Integral-buena-calidad-1200x1038.jpg 1200w, https:\/\/mula.es\/web\/wp-content\/uploads\/2025\/04\/Logotipo-Integral-buena-calidad.jpg 1397w\" sizes=\"(max-width: 85px) 100vw, 85px\" \/><\/a><\/p>\n","protected":false},"excerpt":{"rendered":"<p>NOTA DE PRENSA \u2013 Terminan las obras de accesibilidad en la villa romana de Los Villaricos &nbsp; Con motivo de la convocatoria de ayudas al programa estrat\u00e9gico de Desarrollo Local Participativo Grupo de Acci\u00f3n Local Integral, Sociedad para el Desarrollo Rural (LEADER), el Ayuntamiento de Mula solicita ayuda para el desarrollo y la ejecuci\u00f3n de  [&#8230;]<\/p>\n","protected":false},"author":13,"featured_media":33512,"comment_status":"closed","ping_status":"closed","sticky":false,"template":"","format":"standard","meta":{"jetpack_post_was_ever_published":false,"_jetpack_newsletter_access":"","_jetpack_dont_email_post_to_subs":false,"_jetpack_newsletter_tier_id":0,"_jetpack_memberships_contains_paywalled_content":false,"_jetpack_memberships_contains_paid_content":false,"footnotes":"","jetpack_publicize_message":"","jetpack_publicize_feature_enabled":true,"jetpack_social_post_already_shared":false,"jetpack_social_options":{"image_generator_settings":{"template":"highway","default_image_id":0,"font":"","enabled":false},"version":2}},"categories":[127,179,694,606],"tags":[],"class_list":["post-58358","post","type-post","status-publish","format-standard","has-post-thumbnail","hentry","category-alcalde","category-desarrollo-local","category-desarrollo-sostenible","category-kairos"],"yoast_head":"<!-- This site is optimized with the Yoast SEO plugin v27.5 - https:\/\/yoast.com\/product\/yoast-seo-wordpress\/ -->\n<title>PATRIMONIO | Terminan las obras de accesibilidad en la villa romana de Los Villaricos - Ayuntamiento de Mula<\/title>\n<meta name=\"robots\" content=\"index, follow, max-snippet:-1, max-image-preview:large, max-video-preview:-1\" \/>\n<link rel=\"canonical\" href=\"https:\/\/mula.es\/web\/patrimonio-villaricos\/\" \/>\n<meta property=\"og:locale\" content=\"es_ES\" \/>\n<meta property=\"og:type\" content=\"article\" \/>\n<meta property=\"og:title\" content=\"PATRIMONIO | Terminan las obras de accesibilidad en la villa romana de Los Villaricos - Ayuntamiento de Mula\" \/>\n<meta property=\"og:description\" content=\"NOTA DE PRENSA \u2013 Terminan las obras de accesibilidad en la villa romana de Los Villaricos &nbsp; Con motivo de la convocatoria de ayudas al programa estrat\u00e9gico de Desarrollo Local Participativo Grupo de Acci\u00f3n Local Integral, Sociedad para el Desarrollo Rural (LEADER), el Ayuntamiento de Mula solicita ayuda para el desarrollo y la ejecuci\u00f3n de [...]\" \/>\n<meta property=\"og:url\" content=\"https:\/\/mula.es\/web\/patrimonio-villaricos\/\" \/>\n<meta property=\"og:site_name\" content=\"Ayuntamiento de Mula\" \/>\n<meta property=\"article:published_time\" content=\"2025-04-30T08:40:07+00:00\" \/>\n<meta property=\"article:modified_time\" content=\"2025-05-05T07:08:18+00:00\" \/>\n<meta property=\"og:image\" content=\"https:\/\/mula.es\/web\/wp-content\/uploads\/2020\/06\/escudo-cuadrado-e1591045058235.jpg\" \/>\n\t<meta property=\"og:image:width\" content=\"200\" \/>\n\t<meta property=\"og:image:height\" content=\"218\" \/>\n\t<meta property=\"og:image:type\" content=\"image\/jpeg\" \/>\n<meta name=\"author\" content=\"Laura Salas Orcajada\" \/>\n<meta name=\"twitter:card\" content=\"summary_large_image\" \/>\n<meta name=\"twitter:creator\" content=\"@AyuntamientMula\" \/>\n<meta name=\"twitter:site\" content=\"@AyuntamientMula\" \/>\n<meta name=\"twitter:label1\" content=\"Escrito por\" \/>\n\t<meta name=\"twitter:data1\" content=\"Laura Salas Orcajada\" \/>\n\t<meta name=\"twitter:label2\" content=\"Tiempo de lectura\" \/>\n\t<meta name=\"twitter:data2\" content=\"4 minutos\" \/>\n<script type=\"application\/ld+json\" class=\"yoast-schema-graph\">{\"@context\":\"https:\\\/\\\/schema.org\",\"@graph\":[{\"@type\":\"Article\",\"@id\":\"https:\\\/\\\/mula.es\\\/web\\\/patrimonio-villaricos\\\/#article\",\"isPartOf\":{\"@id\":\"https:\\\/\\\/mula.es\\\/web\\\/patrimonio-villaricos\\\/\"},\"author\":{\"name\":\"Laura Salas Orcajada\",\"@id\":\"https:\\\/\\\/mula.es\\\/web\\\/#\\\/schema\\\/person\\\/4f10179bd364f40dceed361e61e4033f\"},\"headline\":\"PATRIMONIO | Terminan las obras de accesibilidad en la villa romana de Los Villaricos\",\"datePublished\":\"2025-04-30T08:40:07+00:00\",\"dateModified\":\"2025-05-05T07:08:18+00:00\",\"mainEntityOfPage\":{\"@id\":\"https:\\\/\\\/mula.es\\\/web\\\/patrimonio-villaricos\\\/\"},\"wordCount\":523,\"image\":{\"@id\":\"https:\\\/\\\/mula.es\\\/web\\\/patrimonio-villaricos\\\/#primaryimage\"},\"thumbnailUrl\":\"https:\\\/\\\/mula.es\\\/web\\\/wp-content\\\/uploads\\\/2020\\\/06\\\/escudo-cuadrado-e1591045058235.jpg\",\"articleSection\":[\"alcalde\",\"desarrollo local\",\"desarrollo sostenible\",\"Kair\u00f3s\"],\"inLanguage\":\"es\"},{\"@type\":\"WebPage\",\"@id\":\"https:\\\/\\\/mula.es\\\/web\\\/patrimonio-villaricos\\\/\",\"url\":\"https:\\\/\\\/mula.es\\\/web\\\/patrimonio-villaricos\\\/\",\"name\":\"PATRIMONIO | Terminan las obras de accesibilidad en la villa romana de Los Villaricos - Ayuntamiento de Mula\",\"isPartOf\":{\"@id\":\"https:\\\/\\\/mula.es\\\/web\\\/#website\"},\"primaryImageOfPage\":{\"@id\":\"https:\\\/\\\/mula.es\\\/web\\\/patrimonio-villaricos\\\/#primaryimage\"},\"image\":{\"@id\":\"https:\\\/\\\/mula.es\\\/web\\\/patrimonio-villaricos\\\/#primaryimage\"},\"thumbnailUrl\":\"https:\\\/\\\/mula.es\\\/web\\\/wp-content\\\/uploads\\\/2020\\\/06\\\/escudo-cuadrado-e1591045058235.jpg\",\"datePublished\":\"2025-04-30T08:40:07+00:00\",\"dateModified\":\"2025-05-05T07:08:18+00:00\",\"author\":{\"@id\":\"https:\\\/\\\/mula.es\\\/web\\\/#\\\/schema\\\/person\\\/4f10179bd364f40dceed361e61e4033f\"},\"breadcrumb\":{\"@id\":\"https:\\\/\\\/mula.es\\\/web\\\/patrimonio-villaricos\\\/#breadcrumb\"},\"inLanguage\":\"es\",\"potentialAction\":[{\"@type\":\"ReadAction\",\"target\":[\"https:\\\/\\\/mula.es\\\/web\\\/patrimonio-villaricos\\\/\"]}]},{\"@type\":\"ImageObject\",\"inLanguage\":\"es\",\"@id\":\"https:\\\/\\\/mula.es\\\/web\\\/patrimonio-villaricos\\\/#primaryimage\",\"url\":\"https:\\\/\\\/mula.es\\\/web\\\/wp-content\\\/uploads\\\/2020\\\/06\\\/escudo-cuadrado-e1591045058235.jpg\",\"contentUrl\":\"https:\\\/\\\/mula.es\\\/web\\\/wp-content\\\/uploads\\\/2020\\\/06\\\/escudo-cuadrado-e1591045058235.jpg\",\"width\":200,\"height\":218},{\"@type\":\"BreadcrumbList\",\"@id\":\"https:\\\/\\\/mula.es\\\/web\\\/patrimonio-villaricos\\\/#breadcrumb\",\"itemListElement\":[{\"@type\":\"ListItem\",\"position\":1,\"name\":\"Portada\",\"item\":\"https:\\\/\\\/mula.es\\\/web\\\/\"},{\"@type\":\"ListItem\",\"position\":2,\"name\":\"PATRIMONIO | Terminan las obras de accesibilidad en la villa romana de Los Villaricos\"}]},{\"@type\":\"WebSite\",\"@id\":\"https:\\\/\\\/mula.es\\\/web\\\/#website\",\"url\":\"https:\\\/\\\/mula.es\\\/web\\\/\",\"name\":\"Ayuntamiento de Mula\",\"description\":\"P\u00e1gina web del Ayuntamiento de Mula (Regi\u00f3n de Murcia)\",\"potentialAction\":[{\"@type\":\"SearchAction\",\"target\":{\"@type\":\"EntryPoint\",\"urlTemplate\":\"https:\\\/\\\/mula.es\\\/web\\\/?s={search_term_string}\"},\"query-input\":{\"@type\":\"PropertyValueSpecification\",\"valueRequired\":true,\"valueName\":\"search_term_string\"}}],\"inLanguage\":\"es\"},{\"@type\":\"Person\",\"@id\":\"https:\\\/\\\/mula.es\\\/web\\\/#\\\/schema\\\/person\\\/4f10179bd364f40dceed361e61e4033f\",\"name\":\"Laura Salas Orcajada\",\"image\":{\"@type\":\"ImageObject\",\"inLanguage\":\"es\",\"@id\":\"https:\\\/\\\/secure.gravatar.com\\\/avatar\\\/786f2a223d9a455e2a448f78b5dcc1117207ef56ef3d9a04df338c0f775cd403?s=96&d=mm&r=g\",\"url\":\"https:\\\/\\\/secure.gravatar.com\\\/avatar\\\/786f2a223d9a455e2a448f78b5dcc1117207ef56ef3d9a04df338c0f775cd403?s=96&d=mm&r=g\",\"contentUrl\":\"https:\\\/\\\/secure.gravatar.com\\\/avatar\\\/786f2a223d9a455e2a448f78b5dcc1117207ef56ef3d9a04df338c0f775cd403?s=96&d=mm&r=g\",\"caption\":\"Laura Salas Orcajada\"},\"url\":\"https:\\\/\\\/mula.es\\\/web\\\/author\\\/lsalas\\\/\"}]}<\/script>\n<!-- \/ Yoast SEO plugin. -->","yoast_head_json":{"title":"PATRIMONIO | Terminan las obras de accesibilidad en la villa romana de Los Villaricos - Ayuntamiento de Mula","robots":{"index":"index","follow":"follow","max-snippet":"max-snippet:-1","max-image-preview":"max-image-preview:large","max-video-preview":"max-video-preview:-1"},"canonical":"https:\/\/mula.es\/web\/patrimonio-villaricos\/","og_locale":"es_ES","og_type":"article","og_title":"PATRIMONIO | Terminan las obras de accesibilidad en la villa romana de Los Villaricos - Ayuntamiento de Mula","og_description":"NOTA DE PRENSA \u2013 Terminan las obras de accesibilidad en la villa romana de Los Villaricos &nbsp; Con motivo de la convocatoria de ayudas al programa estrat\u00e9gico de Desarrollo Local Participativo Grupo de Acci\u00f3n Local Integral, Sociedad para el Desarrollo Rural (LEADER), el Ayuntamiento de Mula solicita ayuda para el desarrollo y la ejecuci\u00f3n de [...]","og_url":"https:\/\/mula.es\/web\/patrimonio-villaricos\/","og_site_name":"Ayuntamiento de Mula","article_published_time":"2025-04-30T08:40:07+00:00","article_modified_time":"2025-05-05T07:08:18+00:00","og_image":[{"width":200,"height":218,"url":"https:\/\/mula.es\/web\/wp-content\/uploads\/2020\/06\/escudo-cuadrado-e1591045058235.jpg","type":"image\/jpeg"}],"author":"Laura Salas Orcajada","twitter_card":"summary_large_image","twitter_creator":"@AyuntamientMula","twitter_site":"@AyuntamientMula","twitter_misc":{"Escrito por":"Laura Salas Orcajada","Tiempo de lectura":"4 minutos"},"schema":{"@context":"https:\/\/schema.org","@graph":[{"@type":"Article","@id":"https:\/\/mula.es\/web\/patrimonio-villaricos\/#article","isPartOf":{"@id":"https:\/\/mula.es\/web\/patrimonio-villaricos\/"},"author":{"name":"Laura Salas Orcajada","@id":"https:\/\/mula.es\/web\/#\/schema\/person\/4f10179bd364f40dceed361e61e4033f"},"headline":"PATRIMONIO | Terminan las obras de accesibilidad en la villa romana de Los Villaricos","datePublished":"2025-04-30T08:40:07+00:00","dateModified":"2025-05-05T07:08:18+00:00","mainEntityOfPage":{"@id":"https:\/\/mula.es\/web\/patrimonio-villaricos\/"},"wordCount":523,"image":{"@id":"https:\/\/mula.es\/web\/patrimonio-villaricos\/#primaryimage"},"thumbnailUrl":"https:\/\/mula.es\/web\/wp-content\/uploads\/2020\/06\/escudo-cuadrado-e1591045058235.jpg","articleSection":["alcalde","desarrollo local","desarrollo sostenible","Kair\u00f3s"],"inLanguage":"es"},{"@type":"WebPage","@id":"https:\/\/mula.es\/web\/patrimonio-villaricos\/","url":"https:\/\/mula.es\/web\/patrimonio-villaricos\/","name":"PATRIMONIO | Terminan las obras de accesibilidad en la villa romana de Los Villaricos - Ayuntamiento de Mula","isPartOf":{"@id":"https:\/\/mula.es\/web\/#website"},"primaryImageOfPage":{"@id":"https:\/\/mula.es\/web\/patrimonio-villaricos\/#primaryimage"},"image":{"@id":"https:\/\/mula.es\/web\/patrimonio-villaricos\/#primaryimage"},"thumbnailUrl":"https:\/\/mula.es\/web\/wp-content\/uploads\/2020\/06\/escudo-cuadrado-e1591045058235.jpg","datePublished":"2025-04-30T08:40:07+00:00","dateModified":"2025-05-05T07:08:18+00:00","author":{"@id":"https:\/\/mula.es\/web\/#\/schema\/person\/4f10179bd364f40dceed361e61e4033f"},"breadcrumb":{"@id":"https:\/\/mula.es\/web\/patrimonio-villaricos\/#breadcrumb"},"inLanguage":"es","potentialAction":[{"@type":"ReadAction","target":["https:\/\/mula.es\/web\/patrimonio-villaricos\/"]}]},{"@type":"ImageObject","inLanguage":"es","@id":"https:\/\/mula.es\/web\/patrimonio-villaricos\/#primaryimage","url":"https:\/\/mula.es\/web\/wp-content\/uploads\/2020\/06\/escudo-cuadrado-e1591045058235.jpg","contentUrl":"https:\/\/mula.es\/web\/wp-content\/uploads\/2020\/06\/escudo-cuadrado-e1591045058235.jpg","width":200,"height":218},{"@type":"BreadcrumbList","@id":"https:\/\/mula.es\/web\/patrimonio-villaricos\/#breadcrumb","itemListElement":[{"@type":"ListItem","position":1,"name":"Portada","item":"https:\/\/mula.es\/web\/"},{"@type":"ListItem","position":2,"name":"PATRIMONIO | Terminan las obras de accesibilidad en la villa romana de Los Villaricos"}]},{"@type":"WebSite","@id":"https:\/\/mula.es\/web\/#website","url":"https:\/\/mula.es\/web\/","name":"Ayuntamiento de Mula","description":"P\u00e1gina web del Ayuntamiento de Mula (Regi\u00f3n de Murcia)","potentialAction":[{"@type":"SearchAction","target":{"@type":"EntryPoint","urlTemplate":"https:\/\/mula.es\/web\/?s={search_term_string}"},"query-input":{"@type":"PropertyValueSpecification","valueRequired":true,"valueName":"search_term_string"}}],"inLanguage":"es"},{"@type":"Person","@id":"https:\/\/mula.es\/web\/#\/schema\/person\/4f10179bd364f40dceed361e61e4033f","name":"Laura Salas Orcajada","image":{"@type":"ImageObject","inLanguage":"es","@id":"https:\/\/secure.gravatar.com\/avatar\/786f2a223d9a455e2a448f78b5dcc1117207ef56ef3d9a04df338c0f775cd403?s=96&d=mm&r=g","url":"https:\/\/secure.gravatar.com\/avatar\/786f2a223d9a455e2a448f78b5dcc1117207ef56ef3d9a04df338c0f775cd403?s=96&d=mm&r=g","contentUrl":"https:\/\/secure.gravatar.com\/avatar\/786f2a223d9a455e2a448f78b5dcc1117207ef56ef3d9a04df338c0f775cd403?s=96&d=mm&r=g","caption":"Laura Salas Orcajada"},"url":"https:\/\/mula.es\/web\/author\/lsalas\/"}]}},"jetpack_publicize_connections":[],"jetpack_featured_media_url":"https:\/\/mula.es\/web\/wp-content\/uploads\/2020\/06\/escudo-cuadrado-e1591045058235.jpg","jetpack_sharing_enabled":true,"jetpack_shortlink":"https:\/\/wp.me\/pa9DMY-fbg","jetpack-related-posts":[],"_links":{"self":[{"href":"https:\/\/mula.es\/web\/wp-json\/wp\/v2\/posts\/58358","targetHints":{"allow":["GET"]}}],"collection":[{"href":"https:\/\/mula.es\/web\/wp-json\/wp\/v2\/posts"}],"about":[{"href":"https:\/\/mula.es\/web\/wp-json\/wp\/v2\/types\/post"}],"author":[{"embeddable":true,"href":"https:\/\/mula.es\/web\/wp-json\/wp\/v2\/users\/13"}],"replies":[{"embeddable":true,"href":"https:\/\/mula.es\/web\/wp-json\/wp\/v2\/comments?post=58358"}],"version-history":[{"count":6,"href":"https:\/\/mula.es\/web\/wp-json\/wp\/v2\/posts\/58358\/revisions"}],"predecessor-version":[{"id":58396,"href":"https:\/\/mula.es\/web\/wp-json\/wp\/v2\/posts\/58358\/revisions\/58396"}],"wp:featuredmedia":[{"embeddable":true,"href":"https:\/\/mula.es\/web\/wp-json\/wp\/v2\/media\/33512"}],"wp:attachment":[{"href":"https:\/\/mula.es\/web\/wp-json\/wp\/v2\/media?parent=58358"}],"wp:term":[{"taxonomy":"category","embeddable":true,"href":"https:\/\/mula.es\/web\/wp-json\/wp\/v2\/categories?post=58358"},{"taxonomy":"post_tag","embeddable":true,"href":"https:\/\/mula.es\/web\/wp-json\/wp\/v2\/tags?post=58358"}],"curies":[{"name":"wp","href":"https:\/\/api.w.org\/{rel}","templated":true}]}}