{"id":58367,"date":"2025-04-30T11:06:07","date_gmt":"2025-04-30T09:06:07","guid":{"rendered":"https:\/\/mula.es\/web\/?p=58367"},"modified":"2025-04-30T11:06:27","modified_gmt":"2025-04-30T09:06:27","slug":"educacion-abierto-el-plazo-para-solicitar-las-becas-de-movilidad-nacional-e-internacional-2024-2025","status":"publish","type":"post","link":"https:\/\/mula.es\/web\/educacion-abierto-el-plazo-para-solicitar-las-becas-de-movilidad-nacional-e-internacional-2024-2025\/","title":{"rendered":"EDUCACI\u00d3N | \u00a0Abierto el plazo para solicitar las becas de movilidad nacional e internacional 2024-2025"},"content":{"rendered":"<p><strong>NOTA DE PRENSA &#8211; 30 DE ABRIL DE 2025<\/strong><\/p>\n<p><strong>\u00a0<\/strong><\/p>\n<p><strong>\u00a0<\/strong><\/p>\n<h2><strong>\u00a0Abierto el plazo para solicitar las becas de movilidad nacional e internacional 2024-2025<\/strong><\/h2>\n<p>&nbsp;<\/p>\n<p>El Ayuntamiento de Mula, a trav\u00e9s de la concejal\u00eda de Educaci\u00f3n, informa de la apertura del plazo de solicitud de las becas de movilidad nacional e internacional para el curso acad\u00e9mico 2024-2025. La convocatoria est\u00e1 dirigida a estudiantes empadronados en el municipio que hayan obtenido una beca oficial para continuar sus estudios en otra Comunidad Aut\u00f3noma o en el extranjero.<\/p>\n<p>El plazo para presentar solicitudes ser\u00e1 de veinte d\u00edas naturales, comenzando a contar desde el 1 de mayo, d\u00eda siguiente a la publicaci\u00f3n del extracto de la convocatoria en el Bolet\u00edn Oficial de la Regi\u00f3n de Murcia.<\/p>\n<p>El concejal de Educaci\u00f3n, Diego Boluda, ha explicado que estas ayudas \u201csuponen un apoyo econ\u00f3mico complementario con el que queremos seguir eliminando barreras que limiten las oportunidades acad\u00e9micas de nuestros j\u00f3venes. Nadie deber\u00eda dejar de vivir una experiencia formativa fuera por motivos econ\u00f3micos\u201d.<\/p>\n<p>Las solicitudes deben realizarse preferentemente a trav\u00e9s de la Sede Electr\u00f3nica del Ayuntamiento de Mula, adjuntando la documentaci\u00f3n requerida. No podr\u00e1n optar a estas ayudas quienes ya hayan sido beneficiarios en ediciones anteriores.<\/p>\n<p>Para resolver cualquier duda o recibir orientaci\u00f3n sobre el proceso de solicitud, los interesados pueden dirigirse al Centro Joven de Mula, contactar por correo electr\u00f3nico en educacion@aytomula.es o llamar al 968 637 517.<\/p>\n<p>Desde el Ayuntamiento se anima a las familias y estudiantes a informarse y participar en esta convocatoria que contribuye a facilitar el acceso a oportunidades educativas m\u00e1s all\u00e1 de nuestro municipio.<\/p>\n<p><a href=\"https:\/\/mula.es\/web\/wp-content\/uploads\/2025\/04\/Canva-ayudas-movilidad-24-25_page-0001.jpg\"><img decoding=\"async\" data-attachment-id=\"58369\" data-permalink=\"https:\/\/mula.es\/web\/educacion-abierto-el-plazo-para-solicitar-las-becas-de-movilidad-nacional-e-internacional-2024-2025\/canva-ayudas-movilidad-24-25_page-0001\/\" data-orig-file=\"https:\/\/mula.es\/web\/wp-content\/uploads\/2025\/04\/Canva-ayudas-movilidad-24-25_page-0001.jpg\" data-orig-size=\"1241,1755\" data-comments-opened=\"0\" data-image-meta=\"{&quot;aperture&quot;:&quot;0&quot;,&quot;credit&quot;:&quot;&quot;,&quot;camera&quot;:&quot;&quot;,&quot;caption&quot;:&quot;&quot;,&quot;created_timestamp&quot;:&quot;0&quot;,&quot;copyright&quot;:&quot;&quot;,&quot;focal_length&quot;:&quot;0&quot;,&quot;iso&quot;:&quot;0&quot;,&quot;shutter_speed&quot;:&quot;0&quot;,&quot;title&quot;:&quot;&quot;,&quot;orientation&quot;:&quot;0&quot;}\" data-image-title=\"Canva ayudas movilidad 24-25_page-0001\" data-image-description=\"\" data-image-caption=\"\" data-large-file=\"https:\/\/mula.es\/web\/wp-content\/uploads\/2025\/04\/Canva-ayudas-movilidad-24-25_page-0001-724x1024.jpg\" class=\"wp-image-58369 aligncenter\" src=\"https:\/\/mula.es\/web\/wp-content\/uploads\/2025\/04\/Canva-ayudas-movilidad-24-25_page-0001-212x300.jpg\" alt=\"\" width=\"290\" height=\"410\" srcset=\"https:\/\/mula.es\/web\/wp-content\/uploads\/2025\/04\/Canva-ayudas-movilidad-24-25_page-0001-200x283.jpg 200w, https:\/\/mula.es\/web\/wp-content\/uploads\/2025\/04\/Canva-ayudas-movilidad-24-25_page-0001-212x300.jpg 212w, https:\/\/mula.es\/web\/wp-content\/uploads\/2025\/04\/Canva-ayudas-movilidad-24-25_page-0001-400x566.jpg 400w, https:\/\/mula.es\/web\/wp-content\/uploads\/2025\/04\/Canva-ayudas-movilidad-24-25_page-0001-600x849.jpg 600w, https:\/\/mula.es\/web\/wp-content\/uploads\/2025\/04\/Canva-ayudas-movilidad-24-25_page-0001-724x1024.jpg 724w, https:\/\/mula.es\/web\/wp-content\/uploads\/2025\/04\/Canva-ayudas-movilidad-24-25_page-0001-768x1086.jpg 768w, https:\/\/mula.es\/web\/wp-content\/uploads\/2025\/04\/Canva-ayudas-movilidad-24-25_page-0001-800x1131.jpg 800w, https:\/\/mula.es\/web\/wp-content\/uploads\/2025\/04\/Canva-ayudas-movilidad-24-25_page-0001-1086x1536.jpg 1086w, https:\/\/mula.es\/web\/wp-content\/uploads\/2025\/04\/Canva-ayudas-movilidad-24-25_page-0001-1200x1697.jpg 1200w, https:\/\/mula.es\/web\/wp-content\/uploads\/2025\/04\/Canva-ayudas-movilidad-24-25_page-0001.jpg 1241w\" sizes=\"(max-width: 290px) 100vw, 290px\" \/><\/a><\/p>\n","protected":false},"excerpt":{"rendered":"<p>NOTA DE PRENSA &#8211; 30 DE ABRIL DE 2025 \u00a0 \u00a0 \u00a0Abierto el plazo para solicitar las becas de movilidad nacional e internacional 2024-2025 &nbsp; El Ayuntamiento de Mula, a trav\u00e9s de la concejal\u00eda de Educaci\u00f3n, informa de la apertura del plazo de solicitud de las becas de movilidad nacional e internacional para el curso  [&#8230;]<\/p>\n","protected":false},"author":13,"featured_media":33512,"comment_status":"closed","ping_status":"closed","sticky":false,"template":"","format":"standard","meta":{"jetpack_post_was_ever_published":false,"_jetpack_newsletter_access":"","_jetpack_dont_email_post_to_subs":false,"_jetpack_newsletter_tier_id":0,"_jetpack_memberships_contains_paywalled_content":false,"_jetpack_memberships_contains_paid_content":false,"footnotes":"","jetpack_publicize_message":"","jetpack_publicize_feature_enabled":true,"jetpack_social_post_already_shared":false,"jetpack_social_options":{"image_generator_settings":{"template":"highway","default_image_id":0,"font":"","enabled":false},"version":2}},"categories":[127,89],"tags":[],"class_list":["post-58367","post","type-post","status-publish","format-standard","has-post-thumbnail","hentry","category-alcalde","category-educacion"],"yoast_head":"<!-- This site is optimized with the Yoast SEO plugin v27.4 - https:\/\/yoast.com\/product\/yoast-seo-wordpress\/ -->\n<title>EDUCACI\u00d3N | \u00a0Abierto el plazo para solicitar las becas de movilidad nacional e internacional 2024-2025 - Ayuntamiento de Mula<\/title>\n<meta name=\"robots\" content=\"index, follow, max-snippet:-1, max-image-preview:large, max-video-preview:-1\" \/>\n<link rel=\"canonical\" href=\"https:\/\/mula.es\/web\/educacion-abierto-el-plazo-para-solicitar-las-becas-de-movilidad-nacional-e-internacional-2024-2025\/\" \/>\n<meta property=\"og:locale\" content=\"es_ES\" \/>\n<meta property=\"og:type\" content=\"article\" \/>\n<meta property=\"og:title\" content=\"EDUCACI\u00d3N | \u00a0Abierto el plazo para solicitar las becas de movilidad nacional e internacional 2024-2025 - Ayuntamiento de Mula\" \/>\n<meta property=\"og:description\" content=\"NOTA DE PRENSA &#8211; 30 DE ABRIL DE 2025 \u00a0 \u00a0 \u00a0Abierto el plazo para solicitar las becas de movilidad nacional e internacional 2024-2025 &nbsp; El Ayuntamiento de Mula, a trav\u00e9s de la concejal\u00eda de Educaci\u00f3n, informa de la apertura del plazo de solicitud de las becas de movilidad nacional e internacional para el curso [...]\" \/>\n<meta property=\"og:url\" content=\"https:\/\/mula.es\/web\/educacion-abierto-el-plazo-para-solicitar-las-becas-de-movilidad-nacional-e-internacional-2024-2025\/\" \/>\n<meta property=\"og:site_name\" content=\"Ayuntamiento de Mula\" \/>\n<meta property=\"article:published_time\" content=\"2025-04-30T09:06:07+00:00\" \/>\n<meta property=\"article:modified_time\" content=\"2025-04-30T09:06:27+00:00\" \/>\n<meta property=\"og:image\" content=\"https:\/\/mula.es\/web\/wp-content\/uploads\/2020\/06\/escudo-cuadrado-e1591045058235.jpg\" \/>\n\t<meta property=\"og:image:width\" content=\"200\" \/>\n\t<meta property=\"og:image:height\" content=\"218\" \/>\n\t<meta property=\"og:image:type\" content=\"image\/jpeg\" \/>\n<meta name=\"author\" content=\"Laura Salas Orcajada\" \/>\n<meta name=\"twitter:card\" content=\"summary_large_image\" \/>\n<meta name=\"twitter:creator\" content=\"@AyuntamientMula\" \/>\n<meta name=\"twitter:site\" content=\"@AyuntamientMula\" \/>\n<meta name=\"twitter:label1\" content=\"Escrito por\" \/>\n\t<meta name=\"twitter:data1\" content=\"Laura Salas Orcajada\" \/>\n\t<meta name=\"twitter:label2\" content=\"Tiempo de lectura\" \/>\n\t<meta name=\"twitter:data2\" content=\"2 minutos\" \/>\n<script type=\"application\/ld+json\" class=\"yoast-schema-graph\">{\"@context\":\"https:\\\/\\\/schema.org\",\"@graph\":[{\"@type\":\"Article\",\"@id\":\"https:\\\/\\\/mula.es\\\/web\\\/educacion-abierto-el-plazo-para-solicitar-las-becas-de-movilidad-nacional-e-internacional-2024-2025\\\/#article\",\"isPartOf\":{\"@id\":\"https:\\\/\\\/mula.es\\\/web\\\/educacion-abierto-el-plazo-para-solicitar-las-becas-de-movilidad-nacional-e-internacional-2024-2025\\\/\"},\"author\":{\"name\":\"Laura Salas Orcajada\",\"@id\":\"https:\\\/\\\/mula.es\\\/web\\\/#\\\/schema\\\/person\\\/4f10179bd364f40dceed361e61e4033f\"},\"headline\":\"EDUCACI\u00d3N | \u00a0Abierto el plazo para solicitar las becas de movilidad nacional e internacional 2024-2025\",\"datePublished\":\"2025-04-30T09:06:07+00:00\",\"dateModified\":\"2025-04-30T09:06:27+00:00\",\"mainEntityOfPage\":{\"@id\":\"https:\\\/\\\/mula.es\\\/web\\\/educacion-abierto-el-plazo-para-solicitar-las-becas-de-movilidad-nacional-e-internacional-2024-2025\\\/\"},\"wordCount\":294,\"image\":{\"@id\":\"https:\\\/\\\/mula.es\\\/web\\\/educacion-abierto-el-plazo-para-solicitar-las-becas-de-movilidad-nacional-e-internacional-2024-2025\\\/#primaryimage\"},\"thumbnailUrl\":\"https:\\\/\\\/mula.es\\\/web\\\/wp-content\\\/uploads\\\/2020\\\/06\\\/escudo-cuadrado-e1591045058235.jpg\",\"articleSection\":[\"alcalde\",\"educaci\u00f3n\"],\"inLanguage\":\"es\"},{\"@type\":\"WebPage\",\"@id\":\"https:\\\/\\\/mula.es\\\/web\\\/educacion-abierto-el-plazo-para-solicitar-las-becas-de-movilidad-nacional-e-internacional-2024-2025\\\/\",\"url\":\"https:\\\/\\\/mula.es\\\/web\\\/educacion-abierto-el-plazo-para-solicitar-las-becas-de-movilidad-nacional-e-internacional-2024-2025\\\/\",\"name\":\"EDUCACI\u00d3N | \u00a0Abierto el plazo para solicitar las becas de movilidad nacional e internacional 2024-2025 - Ayuntamiento de Mula\",\"isPartOf\":{\"@id\":\"https:\\\/\\\/mula.es\\\/web\\\/#website\"},\"primaryImageOfPage\":{\"@id\":\"https:\\\/\\\/mula.es\\\/web\\\/educacion-abierto-el-plazo-para-solicitar-las-becas-de-movilidad-nacional-e-internacional-2024-2025\\\/#primaryimage\"},\"image\":{\"@id\":\"https:\\\/\\\/mula.es\\\/web\\\/educacion-abierto-el-plazo-para-solicitar-las-becas-de-movilidad-nacional-e-internacional-2024-2025\\\/#primaryimage\"},\"thumbnailUrl\":\"https:\\\/\\\/mula.es\\\/web\\\/wp-content\\\/uploads\\\/2020\\\/06\\\/escudo-cuadrado-e1591045058235.jpg\",\"datePublished\":\"2025-04-30T09:06:07+00:00\",\"dateModified\":\"2025-04-30T09:06:27+00:00\",\"author\":{\"@id\":\"https:\\\/\\\/mula.es\\\/web\\\/#\\\/schema\\\/person\\\/4f10179bd364f40dceed361e61e4033f\"},\"breadcrumb\":{\"@id\":\"https:\\\/\\\/mula.es\\\/web\\\/educacion-abierto-el-plazo-para-solicitar-las-becas-de-movilidad-nacional-e-internacional-2024-2025\\\/#breadcrumb\"},\"inLanguage\":\"es\",\"potentialAction\":[{\"@type\":\"ReadAction\",\"target\":[\"https:\\\/\\\/mula.es\\\/web\\\/educacion-abierto-el-plazo-para-solicitar-las-becas-de-movilidad-nacional-e-internacional-2024-2025\\\/\"]}]},{\"@type\":\"ImageObject\",\"inLanguage\":\"es\",\"@id\":\"https:\\\/\\\/mula.es\\\/web\\\/educacion-abierto-el-plazo-para-solicitar-las-becas-de-movilidad-nacional-e-internacional-2024-2025\\\/#primaryimage\",\"url\":\"https:\\\/\\\/mula.es\\\/web\\\/wp-content\\\/uploads\\\/2020\\\/06\\\/escudo-cuadrado-e1591045058235.jpg\",\"contentUrl\":\"https:\\\/\\\/mula.es\\\/web\\\/wp-content\\\/uploads\\\/2020\\\/06\\\/escudo-cuadrado-e1591045058235.jpg\",\"width\":200,\"height\":218},{\"@type\":\"BreadcrumbList\",\"@id\":\"https:\\\/\\\/mula.es\\\/web\\\/educacion-abierto-el-plazo-para-solicitar-las-becas-de-movilidad-nacional-e-internacional-2024-2025\\\/#breadcrumb\",\"itemListElement\":[{\"@type\":\"ListItem\",\"position\":1,\"name\":\"Portada\",\"item\":\"https:\\\/\\\/mula.es\\\/web\\\/\"},{\"@type\":\"ListItem\",\"position\":2,\"name\":\"EDUCACI\u00d3N | \u00a0Abierto el plazo para solicitar las becas de movilidad nacional e internacional 2024-2025\"}]},{\"@type\":\"WebSite\",\"@id\":\"https:\\\/\\\/mula.es\\\/web\\\/#website\",\"url\":\"https:\\\/\\\/mula.es\\\/web\\\/\",\"name\":\"Ayuntamiento de Mula\",\"description\":\"P\u00e1gina web del Ayuntamiento de Mula (Regi\u00f3n de Murcia)\",\"potentialAction\":[{\"@type\":\"SearchAction\",\"target\":{\"@type\":\"EntryPoint\",\"urlTemplate\":\"https:\\\/\\\/mula.es\\\/web\\\/?s={search_term_string}\"},\"query-input\":{\"@type\":\"PropertyValueSpecification\",\"valueRequired\":true,\"valueName\":\"search_term_string\"}}],\"inLanguage\":\"es\"},{\"@type\":\"Person\",\"@id\":\"https:\\\/\\\/mula.es\\\/web\\\/#\\\/schema\\\/person\\\/4f10179bd364f40dceed361e61e4033f\",\"name\":\"Laura Salas Orcajada\",\"image\":{\"@type\":\"ImageObject\",\"inLanguage\":\"es\",\"@id\":\"https:\\\/\\\/secure.gravatar.com\\\/avatar\\\/786f2a223d9a455e2a448f78b5dcc1117207ef56ef3d9a04df338c0f775cd403?s=96&d=mm&r=g\",\"url\":\"https:\\\/\\\/secure.gravatar.com\\\/avatar\\\/786f2a223d9a455e2a448f78b5dcc1117207ef56ef3d9a04df338c0f775cd403?s=96&d=mm&r=g\",\"contentUrl\":\"https:\\\/\\\/secure.gravatar.com\\\/avatar\\\/786f2a223d9a455e2a448f78b5dcc1117207ef56ef3d9a04df338c0f775cd403?s=96&d=mm&r=g\",\"caption\":\"Laura Salas Orcajada\"},\"url\":\"https:\\\/\\\/mula.es\\\/web\\\/author\\\/lsalas\\\/\"}]}<\/script>\n<!-- \/ Yoast SEO plugin. -->","yoast_head_json":{"title":"EDUCACI\u00d3N | \u00a0Abierto el plazo para solicitar las becas de movilidad nacional e internacional 2024-2025 - Ayuntamiento de Mula","robots":{"index":"index","follow":"follow","max-snippet":"max-snippet:-1","max-image-preview":"max-image-preview:large","max-video-preview":"max-video-preview:-1"},"canonical":"https:\/\/mula.es\/web\/educacion-abierto-el-plazo-para-solicitar-las-becas-de-movilidad-nacional-e-internacional-2024-2025\/","og_locale":"es_ES","og_type":"article","og_title":"EDUCACI\u00d3N | \u00a0Abierto el plazo para solicitar las becas de movilidad nacional e internacional 2024-2025 - Ayuntamiento de Mula","og_description":"NOTA DE PRENSA &#8211; 30 DE ABRIL DE 2025 \u00a0 \u00a0 \u00a0Abierto el plazo para solicitar las becas de movilidad nacional e internacional 2024-2025 &nbsp; El Ayuntamiento de Mula, a trav\u00e9s de la concejal\u00eda de Educaci\u00f3n, informa de la apertura del plazo de solicitud de las becas de movilidad nacional e internacional para el curso [...]","og_url":"https:\/\/mula.es\/web\/educacion-abierto-el-plazo-para-solicitar-las-becas-de-movilidad-nacional-e-internacional-2024-2025\/","og_site_name":"Ayuntamiento de Mula","article_published_time":"2025-04-30T09:06:07+00:00","article_modified_time":"2025-04-30T09:06:27+00:00","og_image":[{"width":200,"height":218,"url":"https:\/\/mula.es\/web\/wp-content\/uploads\/2020\/06\/escudo-cuadrado-e1591045058235.jpg","type":"image\/jpeg"}],"author":"Laura Salas Orcajada","twitter_card":"summary_large_image","twitter_creator":"@AyuntamientMula","twitter_site":"@AyuntamientMula","twitter_misc":{"Escrito por":"Laura Salas Orcajada","Tiempo de lectura":"2 minutos"},"schema":{"@context":"https:\/\/schema.org","@graph":[{"@type":"Article","@id":"https:\/\/mula.es\/web\/educacion-abierto-el-plazo-para-solicitar-las-becas-de-movilidad-nacional-e-internacional-2024-2025\/#article","isPartOf":{"@id":"https:\/\/mula.es\/web\/educacion-abierto-el-plazo-para-solicitar-las-becas-de-movilidad-nacional-e-internacional-2024-2025\/"},"author":{"name":"Laura Salas Orcajada","@id":"https:\/\/mula.es\/web\/#\/schema\/person\/4f10179bd364f40dceed361e61e4033f"},"headline":"EDUCACI\u00d3N | \u00a0Abierto el plazo para solicitar las becas de movilidad nacional e internacional 2024-2025","datePublished":"2025-04-30T09:06:07+00:00","dateModified":"2025-04-30T09:06:27+00:00","mainEntityOfPage":{"@id":"https:\/\/mula.es\/web\/educacion-abierto-el-plazo-para-solicitar-las-becas-de-movilidad-nacional-e-internacional-2024-2025\/"},"wordCount":294,"image":{"@id":"https:\/\/mula.es\/web\/educacion-abierto-el-plazo-para-solicitar-las-becas-de-movilidad-nacional-e-internacional-2024-2025\/#primaryimage"},"thumbnailUrl":"https:\/\/mula.es\/web\/wp-content\/uploads\/2020\/06\/escudo-cuadrado-e1591045058235.jpg","articleSection":["alcalde","educaci\u00f3n"],"inLanguage":"es"},{"@type":"WebPage","@id":"https:\/\/mula.es\/web\/educacion-abierto-el-plazo-para-solicitar-las-becas-de-movilidad-nacional-e-internacional-2024-2025\/","url":"https:\/\/mula.es\/web\/educacion-abierto-el-plazo-para-solicitar-las-becas-de-movilidad-nacional-e-internacional-2024-2025\/","name":"EDUCACI\u00d3N | \u00a0Abierto el plazo para solicitar las becas de movilidad nacional e internacional 2024-2025 - Ayuntamiento de Mula","isPartOf":{"@id":"https:\/\/mula.es\/web\/#website"},"primaryImageOfPage":{"@id":"https:\/\/mula.es\/web\/educacion-abierto-el-plazo-para-solicitar-las-becas-de-movilidad-nacional-e-internacional-2024-2025\/#primaryimage"},"image":{"@id":"https:\/\/mula.es\/web\/educacion-abierto-el-plazo-para-solicitar-las-becas-de-movilidad-nacional-e-internacional-2024-2025\/#primaryimage"},"thumbnailUrl":"https:\/\/mula.es\/web\/wp-content\/uploads\/2020\/06\/escudo-cuadrado-e1591045058235.jpg","datePublished":"2025-04-30T09:06:07+00:00","dateModified":"2025-04-30T09:06:27+00:00","author":{"@id":"https:\/\/mula.es\/web\/#\/schema\/person\/4f10179bd364f40dceed361e61e4033f"},"breadcrumb":{"@id":"https:\/\/mula.es\/web\/educacion-abierto-el-plazo-para-solicitar-las-becas-de-movilidad-nacional-e-internacional-2024-2025\/#breadcrumb"},"inLanguage":"es","potentialAction":[{"@type":"ReadAction","target":["https:\/\/mula.es\/web\/educacion-abierto-el-plazo-para-solicitar-las-becas-de-movilidad-nacional-e-internacional-2024-2025\/"]}]},{"@type":"ImageObject","inLanguage":"es","@id":"https:\/\/mula.es\/web\/educacion-abierto-el-plazo-para-solicitar-las-becas-de-movilidad-nacional-e-internacional-2024-2025\/#primaryimage","url":"https:\/\/mula.es\/web\/wp-content\/uploads\/2020\/06\/escudo-cuadrado-e1591045058235.jpg","contentUrl":"https:\/\/mula.es\/web\/wp-content\/uploads\/2020\/06\/escudo-cuadrado-e1591045058235.jpg","width":200,"height":218},{"@type":"BreadcrumbList","@id":"https:\/\/mula.es\/web\/educacion-abierto-el-plazo-para-solicitar-las-becas-de-movilidad-nacional-e-internacional-2024-2025\/#breadcrumb","itemListElement":[{"@type":"ListItem","position":1,"name":"Portada","item":"https:\/\/mula.es\/web\/"},{"@type":"ListItem","position":2,"name":"EDUCACI\u00d3N | \u00a0Abierto el plazo para solicitar las becas de movilidad nacional e internacional 2024-2025"}]},{"@type":"WebSite","@id":"https:\/\/mula.es\/web\/#website","url":"https:\/\/mula.es\/web\/","name":"Ayuntamiento de Mula","description":"P\u00e1gina web del Ayuntamiento de Mula (Regi\u00f3n de Murcia)","potentialAction":[{"@type":"SearchAction","target":{"@type":"EntryPoint","urlTemplate":"https:\/\/mula.es\/web\/?s={search_term_string}"},"query-input":{"@type":"PropertyValueSpecification","valueRequired":true,"valueName":"search_term_string"}}],"inLanguage":"es"},{"@type":"Person","@id":"https:\/\/mula.es\/web\/#\/schema\/person\/4f10179bd364f40dceed361e61e4033f","name":"Laura Salas Orcajada","image":{"@type":"ImageObject","inLanguage":"es","@id":"https:\/\/secure.gravatar.com\/avatar\/786f2a223d9a455e2a448f78b5dcc1117207ef56ef3d9a04df338c0f775cd403?s=96&d=mm&r=g","url":"https:\/\/secure.gravatar.com\/avatar\/786f2a223d9a455e2a448f78b5dcc1117207ef56ef3d9a04df338c0f775cd403?s=96&d=mm&r=g","contentUrl":"https:\/\/secure.gravatar.com\/avatar\/786f2a223d9a455e2a448f78b5dcc1117207ef56ef3d9a04df338c0f775cd403?s=96&d=mm&r=g","caption":"Laura Salas Orcajada"},"url":"https:\/\/mula.es\/web\/author\/lsalas\/"}]}},"jetpack_publicize_connections":[],"jetpack_featured_media_url":"https:\/\/mula.es\/web\/wp-content\/uploads\/2020\/06\/escudo-cuadrado-e1591045058235.jpg","jetpack_sharing_enabled":true,"jetpack_shortlink":"https:\/\/wp.me\/pa9DMY-fbp","jetpack-related-posts":[],"_links":{"self":[{"href":"https:\/\/mula.es\/web\/wp-json\/wp\/v2\/posts\/58367","targetHints":{"allow":["GET"]}}],"collection":[{"href":"https:\/\/mula.es\/web\/wp-json\/wp\/v2\/posts"}],"about":[{"href":"https:\/\/mula.es\/web\/wp-json\/wp\/v2\/types\/post"}],"author":[{"embeddable":true,"href":"https:\/\/mula.es\/web\/wp-json\/wp\/v2\/users\/13"}],"replies":[{"embeddable":true,"href":"https:\/\/mula.es\/web\/wp-json\/wp\/v2\/comments?post=58367"}],"version-history":[{"count":2,"href":"https:\/\/mula.es\/web\/wp-json\/wp\/v2\/posts\/58367\/revisions"}],"predecessor-version":[{"id":58371,"href":"https:\/\/mula.es\/web\/wp-json\/wp\/v2\/posts\/58367\/revisions\/58371"}],"wp:featuredmedia":[{"embeddable":true,"href":"https:\/\/mula.es\/web\/wp-json\/wp\/v2\/media\/33512"}],"wp:attachment":[{"href":"https:\/\/mula.es\/web\/wp-json\/wp\/v2\/media?parent=58367"}],"wp:term":[{"taxonomy":"category","embeddable":true,"href":"https:\/\/mula.es\/web\/wp-json\/wp\/v2\/categories?post=58367"},{"taxonomy":"post_tag","embeddable":true,"href":"https:\/\/mula.es\/web\/wp-json\/wp\/v2\/tags?post=58367"}],"curies":[{"name":"wp","href":"https:\/\/api.w.org\/{rel}","templated":true}]}}