{"id":58378,"date":"2025-05-02T13:16:51","date_gmt":"2025-05-02T11:16:51","guid":{"rendered":"https:\/\/mula.es\/web\/?p=58378"},"modified":"2025-05-02T13:31:17","modified_gmt":"2025-05-02T11:31:17","slug":"festejos-presentadas-las-actividades-y-el-cartel-de-las-fiestas-de-san-isidro-2025","status":"publish","type":"post","link":"https:\/\/mula.es\/web\/festejos-presentadas-las-actividades-y-el-cartel-de-las-fiestas-de-san-isidro-2025\/","title":{"rendered":"FESTEJOS | Presentadas las actividades y el cartel de las Fiestas de San Isidro 2025"},"content":{"rendered":"<p><div class=\"fusion-fullwidth fullwidth-box fusion-builder-row-1 fusion-flex-container nonhundred-percent-fullwidth non-hundred-percent-height-scrolling\" style=\"--awb-border-radius-top-left:0px;--awb-border-radius-top-right:0px;--awb-border-radius-bottom-right:0px;--awb-border-radius-bottom-left:0px;--awb-flex-wrap:wrap;\" ><div class=\"fusion-builder-row fusion-row fusion-flex-align-items-flex-start fusion-flex-content-wrap\" style=\"max-width:1144px;margin-left: calc(-4% \/ 2 );margin-right: calc(-4% \/ 2 );\"><div class=\"fusion-layout-column fusion_builder_column fusion-builder-column-0 fusion_builder_column_1_1 1_1 fusion-flex-column\" style=\"--awb-bg-size:cover;--awb-width-large:100%;--awb-margin-top-large:0px;--awb-spacing-right-large:1.92%;--awb-margin-bottom-large:0px;--awb-spacing-left-large:1.92%;--awb-width-medium:100%;--awb-spacing-right-medium:1.92%;--awb-spacing-left-medium:1.92%;--awb-width-small:100%;--awb-spacing-right-small:1.92%;--awb-spacing-left-small:1.92%;\"><div class=\"fusion-column-wrapper fusion-flex-justify-content-flex-start fusion-content-layout-column\"><div class=\"fusion-text fusion-text-1\"><p>La concejala de Festejos, Alicia Zapata, acompa\u00f1ada por el concejal de Deportes, Vicente L\u00f3pez y el Concejal de Juventud, Toni Ruiz Navarro, ha presentado esta ma\u00f1ana el cartel oficial y la programaci\u00f3n completa de las Fiestas de San Isidro 2025. Un acto que ha contado con la presencia de la autora del cartel ganador, Myluz Danithza Cano Anchorena, y en el que se ha puesto en valor el trabajo art\u00edstico y el simbolismo del cartel.<\/p>\n<p>Durante la presentaci\u00f3n, se ha detallado la extensa programaci\u00f3n cultural, festiva y deportiva, destacando actividades como las charlas escolares sobre folclore, la tradicional Noche de las Gachasmigas, el desfile de carrozas y la Misa Huertana, adem\u00e1s del punto violeta por la igualdad y el respeto en las fiestas.<\/p>\n<p>Desde el Ayuntamiento se invita a toda la ciudadan\u00eda a participar y disfrutar de estas fiestas, reconocidas como de Inter\u00e9s Tur\u00edstico Regional, que refuerzan nuestras tradiciones y que ponen en valor el gran potencial que Mula tiene por ofrecer.<\/p>\n<\/div><div class=\"fusion-text fusion-text-2\"><\/div><\/div><\/div><\/div><\/div><div class=\"fusion-fullwidth fullwidth-box fusion-builder-row-2 fusion-flex-container has-pattern-background has-mask-background nonhundred-percent-fullwidth non-hundred-percent-height-scrolling\" style=\"--awb-border-radius-top-left:0px;--awb-border-radius-top-right:0px;--awb-border-radius-bottom-right:0px;--awb-border-radius-bottom-left:0px;--awb-flex-wrap:wrap;\" ><div class=\"fusion-builder-row fusion-row fusion-flex-align-items-flex-start fusion-flex-content-wrap\" style=\"max-width:1144px;margin-left: calc(-4% \/ 2 );margin-right: calc(-4% \/ 2 );\"><div class=\"fusion-layout-column fusion_builder_column fusion-builder-column-1 fusion_builder_column_1_1 1_1 fusion-flex-column\" style=\"--awb-bg-size:cover;--awb-width-large:100%;--awb-margin-top-large:0px;--awb-spacing-right-large:1.92%;--awb-margin-bottom-large:20px;--awb-spacing-left-large:1.92%;--awb-width-medium:100%;--awb-order-medium:0;--awb-spacing-right-medium:1.92%;--awb-spacing-left-medium:1.92%;--awb-width-small:100%;--awb-order-small:0;--awb-spacing-right-small:1.92%;--awb-spacing-left-small:1.92%;\"><div class=\"fusion-column-wrapper fusion-column-has-shadow fusion-flex-justify-content-flex-start fusion-content-layout-column\"><div class=\"fusion-text fusion-text-3\"><p><a href=\"https:\/\/mula.es\/web\/wp-content\/uploads\/2025\/05\/present_sisidro_2025_2-scaled.jpeg\"><img decoding=\"async\" data-attachment-id=\"58381\" data-permalink=\"https:\/\/mula.es\/web\/festejos-presentadas-las-actividades-y-el-cartel-de-las-fiestas-de-san-isidro-2025\/present_sisidro_2025_2\/\" data-orig-file=\"https:\/\/mula.es\/web\/wp-content\/uploads\/2025\/05\/present_sisidro_2025_2-scaled.jpeg\" data-orig-size=\"2560,2298\" data-comments-opened=\"0\" data-image-meta=\"\" data-image-title=\"present_sisidro_2025_2\" data-image-description=\"\" data-image-caption=\"\" data-large-file=\"https:\/\/mula.es\/web\/wp-content\/uploads\/2025\/05\/present_sisidro_2025_2-1024x919.jpeg\" class=\" wp-image-58381 aligncenter\" src=\"https:\/\/mula.es\/web\/wp-content\/uploads\/2025\/05\/present_sisidro_2025_2-1024x919.jpeg\" alt=\"\" width=\"623\" height=\"559\" srcset=\"https:\/\/mula.es\/web\/wp-content\/uploads\/2025\/05\/present_sisidro_2025_2-200x180.jpeg 200w, https:\/\/mula.es\/web\/wp-content\/uploads\/2025\/05\/present_sisidro_2025_2-300x269.jpeg 300w, https:\/\/mula.es\/web\/wp-content\/uploads\/2025\/05\/present_sisidro_2025_2-400x359.jpeg 400w, https:\/\/mula.es\/web\/wp-content\/uploads\/2025\/05\/present_sisidro_2025_2-600x539.jpeg 600w, https:\/\/mula.es\/web\/wp-content\/uploads\/2025\/05\/present_sisidro_2025_2-768x689.jpeg 768w, https:\/\/mula.es\/web\/wp-content\/uploads\/2025\/05\/present_sisidro_2025_2-800x718.jpeg 800w, https:\/\/mula.es\/web\/wp-content\/uploads\/2025\/05\/present_sisidro_2025_2-1024x919.jpeg 1024w, https:\/\/mula.es\/web\/wp-content\/uploads\/2025\/05\/present_sisidro_2025_2-1200x1077.jpeg 1200w, https:\/\/mula.es\/web\/wp-content\/uploads\/2025\/05\/present_sisidro_2025_2-1536x1379.jpeg 1536w\" sizes=\"(max-width: 623px) 100vw, 623px\" \/><\/a><\/p>\n<\/div><\/div><\/div><\/div><\/div><div class=\"fusion-fullwidth fullwidth-box fusion-builder-row-3 fusion-flex-container has-pattern-background has-mask-background nonhundred-percent-fullwidth non-hundred-percent-height-scrolling\" style=\"--awb-border-radius-top-left:0px;--awb-border-radius-top-right:0px;--awb-border-radius-bottom-right:0px;--awb-border-radius-bottom-left:0px;--awb-flex-wrap:wrap;\" ><div class=\"fusion-builder-row fusion-row fusion-flex-align-items-flex-start fusion-flex-content-wrap\" style=\"max-width:1144px;margin-left: calc(-4% \/ 2 );margin-right: calc(-4% \/ 2 );\"><div class=\"fusion-layout-column fusion_builder_column fusion-builder-column-2 fusion_builder_column_1_4 1_4 fusion-flex-column\" style=\"--awb-bg-size:cover;--awb-width-large:25%;--awb-margin-top-large:0px;--awb-spacing-right-large:7.68%;--awb-margin-bottom-large:20px;--awb-spacing-left-large:7.68%;--awb-width-medium:25%;--awb-order-medium:0;--awb-spacing-right-medium:7.68%;--awb-spacing-left-medium:7.68%;--awb-width-small:100%;--awb-order-small:0;--awb-spacing-right-small:1.92%;--awb-spacing-left-small:1.92%;\"><div class=\"fusion-column-wrapper fusion-column-has-shadow fusion-flex-justify-content-flex-start fusion-content-layout-column\"><div class=\"fusion-image-element \" style=\"--awb-caption-title-font-family:var(--h2_typography-font-family);--awb-caption-title-font-weight:var(--h2_typography-font-weight);--awb-caption-title-font-style:var(--h2_typography-font-style);--awb-caption-title-size:var(--h2_typography-font-size);--awb-caption-title-transform:var(--h2_typography-text-transform);--awb-caption-title-line-height:var(--h2_typography-line-height);--awb-caption-title-letter-spacing:var(--h2_typography-letter-spacing);\"><span class=\" fusion-imageframe imageframe-none imageframe-1 hover-type-none\"><a class=\"fusion-no-lightbox\" href=\"https:\/\/mula.es\/web\/wp-content\/uploads\/2025\/05\/CARTEL-SAN-ISIDRO.-Redes_page-0001-scaled.jpg\" target=\"_self\" aria-label=\"CARTEL SAN ISIDRO. Redes_page-0001\"><img decoding=\"async\" width=\"740\" height=\"1024\" src=\"https:\/\/mula.es\/web\/wp-content\/uploads\/2025\/05\/CARTEL-SAN-ISIDRO.-Redes_page-0001-740x1024.jpg\" alt class=\"img-responsive wp-image-58382\" srcset=\"https:\/\/mula.es\/web\/wp-content\/uploads\/2025\/05\/CARTEL-SAN-ISIDRO.-Redes_page-0001-200x277.jpg 200w, https:\/\/mula.es\/web\/wp-content\/uploads\/2025\/05\/CARTEL-SAN-ISIDRO.-Redes_page-0001-400x553.jpg 400w, https:\/\/mula.es\/web\/wp-content\/uploads\/2025\/05\/CARTEL-SAN-ISIDRO.-Redes_page-0001-600x830.jpg 600w, https:\/\/mula.es\/web\/wp-content\/uploads\/2025\/05\/CARTEL-SAN-ISIDRO.-Redes_page-0001-800x1107.jpg 800w, https:\/\/mula.es\/web\/wp-content\/uploads\/2025\/05\/CARTEL-SAN-ISIDRO.-Redes_page-0001-1200x1660.jpg 1200w, https:\/\/mula.es\/web\/wp-content\/uploads\/2025\/05\/CARTEL-SAN-ISIDRO.-Redes_page-0001-scaled.jpg 1851w\" sizes=\"(max-width: 640px) 100vw, 400px\" \/><\/a><\/span><\/div><\/div><\/div><div class=\"fusion-layout-column fusion_builder_column fusion-builder-column-3 fusion_builder_column_1_4 1_4 fusion-flex-column\" style=\"--awb-bg-size:cover;--awb-width-large:25%;--awb-margin-top-large:0px;--awb-spacing-right-large:7.68%;--awb-margin-bottom-large:20px;--awb-spacing-left-large:7.68%;--awb-width-medium:25%;--awb-order-medium:0;--awb-spacing-right-medium:7.68%;--awb-spacing-left-medium:7.68%;--awb-width-small:100%;--awb-order-small:0;--awb-spacing-right-small:1.92%;--awb-spacing-left-small:1.92%;\"><div class=\"fusion-column-wrapper fusion-column-has-shadow fusion-flex-justify-content-flex-start fusion-content-layout-column\"><div class=\"fusion-image-element \" style=\"--awb-caption-title-font-family:var(--h2_typography-font-family);--awb-caption-title-font-weight:var(--h2_typography-font-weight);--awb-caption-title-font-style:var(--h2_typography-font-style);--awb-caption-title-size:var(--h2_typography-font-size);--awb-caption-title-transform:var(--h2_typography-text-transform);--awb-caption-title-line-height:var(--h2_typography-line-height);--awb-caption-title-letter-spacing:var(--h2_typography-letter-spacing);\"><span class=\" fusion-imageframe imageframe-none imageframe-2 hover-type-none\"><a class=\"fusion-no-lightbox\" href=\"https:\/\/mula.es\/web\/wp-content\/uploads\/2025\/05\/CARTEL-JORNADAS-SAN-ISIDRO-2025.jpg\" target=\"_self\" aria-label=\"CARTEL JORNADAS SAN ISIDRO 2025\"><img decoding=\"async\" width=\"698\" height=\"1024\" src=\"https:\/\/mula.es\/web\/wp-content\/uploads\/2025\/05\/CARTEL-JORNADAS-SAN-ISIDRO-2025-698x1024.jpg\" alt class=\"img-responsive wp-image-58384\" srcset=\"https:\/\/mula.es\/web\/wp-content\/uploads\/2025\/05\/CARTEL-JORNADAS-SAN-ISIDRO-2025-200x293.jpg 200w, https:\/\/mula.es\/web\/wp-content\/uploads\/2025\/05\/CARTEL-JORNADAS-SAN-ISIDRO-2025-400x587.jpg 400w, https:\/\/mula.es\/web\/wp-content\/uploads\/2025\/05\/CARTEL-JORNADAS-SAN-ISIDRO-2025-600x880.jpg 600w, https:\/\/mula.es\/web\/wp-content\/uploads\/2025\/05\/CARTEL-JORNADAS-SAN-ISIDRO-2025-800x1174.jpg 800w, https:\/\/mula.es\/web\/wp-content\/uploads\/2025\/05\/CARTEL-JORNADAS-SAN-ISIDRO-2025-1200x1761.jpg 1200w, https:\/\/mula.es\/web\/wp-content\/uploads\/2025\/05\/CARTEL-JORNADAS-SAN-ISIDRO-2025.jpg 1211w\" sizes=\"(max-width: 640px) 100vw, 400px\" \/><\/a><\/span><\/div><\/div><\/div><div class=\"fusion-layout-column fusion_builder_column fusion-builder-column-4 fusion_builder_column_1_4 1_4 fusion-flex-column\" style=\"--awb-bg-size:cover;--awb-width-large:25%;--awb-margin-top-large:0px;--awb-spacing-right-large:7.68%;--awb-margin-bottom-large:20px;--awb-spacing-left-large:7.68%;--awb-width-medium:25%;--awb-order-medium:0;--awb-spacing-right-medium:7.68%;--awb-spacing-left-medium:7.68%;--awb-width-small:100%;--awb-order-small:0;--awb-spacing-right-small:1.92%;--awb-spacing-left-small:1.92%;\"><div class=\"fusion-column-wrapper fusion-column-has-shadow fusion-flex-justify-content-flex-start fusion-content-layout-column\"><div class=\"fusion-image-element \" style=\"--awb-caption-title-font-family:var(--h2_typography-font-family);--awb-caption-title-font-weight:var(--h2_typography-font-weight);--awb-caption-title-font-style:var(--h2_typography-font-style);--awb-caption-title-size:var(--h2_typography-font-size);--awb-caption-title-transform:var(--h2_typography-text-transform);--awb-caption-title-line-height:var(--h2_typography-line-height);--awb-caption-title-letter-spacing:var(--h2_typography-letter-spacing);\"><span class=\" fusion-imageframe imageframe-none imageframe-3 hover-type-none\"><a class=\"fusion-no-lightbox\" href=\"https:\/\/mula.es\/web\/wp-content\/uploads\/2025\/05\/Copia-de-Punto-violeta_20250429_095051_0000.png\" target=\"_self\" aria-label=\"Copia de Punto violeta_20250429_095051_0000\"><img decoding=\"async\" width=\"724\" height=\"1024\" src=\"https:\/\/mula.es\/web\/wp-content\/uploads\/2025\/05\/Copia-de-Punto-violeta_20250429_095051_0000-724x1024.png\" alt class=\"img-responsive wp-image-58386\" srcset=\"https:\/\/mula.es\/web\/wp-content\/uploads\/2025\/05\/Copia-de-Punto-violeta_20250429_095051_0000-200x283.png 200w, https:\/\/mula.es\/web\/wp-content\/uploads\/2025\/05\/Copia-de-Punto-violeta_20250429_095051_0000-400x566.png 400w, https:\/\/mula.es\/web\/wp-content\/uploads\/2025\/05\/Copia-de-Punto-violeta_20250429_095051_0000-600x849.png 600w, https:\/\/mula.es\/web\/wp-content\/uploads\/2025\/05\/Copia-de-Punto-violeta_20250429_095051_0000-800x1132.png 800w, https:\/\/mula.es\/web\/wp-content\/uploads\/2025\/05\/Copia-de-Punto-violeta_20250429_095051_0000-1200x1698.png 1200w, https:\/\/mula.es\/web\/wp-content\/uploads\/2025\/05\/Copia-de-Punto-violeta_20250429_095051_0000.png 1587w\" sizes=\"(max-width: 640px) 100vw, 400px\" \/><\/a><\/span><\/div><\/div><\/div><div class=\"fusion-layout-column fusion_builder_column fusion-builder-column-5 fusion_builder_column_1_4 1_4 fusion-flex-column\" style=\"--awb-bg-size:cover;--awb-width-large:25%;--awb-margin-top-large:0px;--awb-spacing-right-large:7.68%;--awb-margin-bottom-large:20px;--awb-spacing-left-large:7.68%;--awb-width-medium:25%;--awb-order-medium:0;--awb-spacing-right-medium:7.68%;--awb-spacing-left-medium:7.68%;--awb-width-small:100%;--awb-order-small:0;--awb-spacing-right-small:1.92%;--awb-spacing-left-small:1.92%;\"><div class=\"fusion-column-wrapper fusion-column-has-shadow fusion-flex-justify-content-flex-start fusion-content-layout-column\"><div class=\"fusion-image-element \" style=\"--awb-caption-title-font-family:var(--h2_typography-font-family);--awb-caption-title-font-weight:var(--h2_typography-font-weight);--awb-caption-title-font-style:var(--h2_typography-font-style);--awb-caption-title-size:var(--h2_typography-font-size);--awb-caption-title-transform:var(--h2_typography-text-transform);--awb-caption-title-line-height:var(--h2_typography-line-height);--awb-caption-title-letter-spacing:var(--h2_typography-letter-spacing);\"><span class=\" fusion-imageframe imageframe-none imageframe-4 hover-type-none\"><a class=\"fusion-no-lightbox\" href=\"https:\/\/mula.es\/web\/wp-content\/uploads\/2025\/05\/Concurso-de-Gachasmigas.-san-isidro-2025-scaled.jpg\" target=\"_self\" aria-label=\"Concurso de Gachasmiga\"><img decoding=\"async\" width=\"455\" height=\"1024\" src=\"https:\/\/mula.es\/web\/wp-content\/uploads\/2025\/05\/Concurso-de-Gachasmiga-455x1024.jpg\" alt class=\"img-responsive wp-image-58385\" srcset=\"https:\/\/mula.es\/web\/wp-content\/uploads\/2025\/05\/Concurso-de-Gachasmiga-133x300.jpg 133w, https:\/\/mula.es\/web\/wp-content\/uploads\/2025\/05\/Concurso-de-Gachasmiga-455x1024.jpg 455w, https:\/\/mula.es\/web\/wp-content\/uploads\/2025\/05\/Concurso-de-Gachasmiga-scaled.jpg 1138w\" sizes=\"(max-width: 455px) 100vw, 455px\" \/><\/a><\/span><\/div><\/div><\/div><\/div><\/div><\/p>\n","protected":false},"excerpt":{"rendered":"","protected":false},"author":9,"featured_media":33514,"comment_status":"closed","ping_status":"closed","sticky":false,"template":"","format":"standard","meta":{"jetpack_post_was_ever_published":false,"_jetpack_newsletter_access":"","_jetpack_dont_email_post_to_subs":false,"_jetpack_newsletter_tier_id":0,"_jetpack_memberships_contains_paywalled_content":false,"_jetpack_memberships_contains_paid_content":false,"footnotes":"","jetpack_publicize_message":"","jetpack_publicize_feature_enabled":true,"jetpack_social_post_already_shared":false,"jetpack_social_options":{"image_generator_settings":{"template":"highway","default_image_id":0,"font":"","enabled":false},"version":2}},"categories":[171,186],"tags":[],"class_list":["post-58378","post","type-post","status-publish","format-standard","has-post-thumbnail","hentry","category-festejos","category-san-isidro"],"yoast_head":"<!-- This site is optimized with the Yoast SEO plugin v27.4 - https:\/\/yoast.com\/product\/yoast-seo-wordpress\/ -->\n<title>FESTEJOS | Presentadas las actividades y el cartel de las Fiestas de San Isidro 2025 - Ayuntamiento de Mula<\/title>\n<meta name=\"robots\" content=\"index, follow, max-snippet:-1, max-image-preview:large, max-video-preview:-1\" \/>\n<link rel=\"canonical\" href=\"https:\/\/mula.es\/web\/festejos-presentadas-las-actividades-y-el-cartel-de-las-fiestas-de-san-isidro-2025\/\" \/>\n<meta property=\"og:locale\" content=\"es_ES\" \/>\n<meta property=\"og:type\" content=\"article\" \/>\n<meta property=\"og:title\" content=\"FESTEJOS | Presentadas las actividades y el cartel de las Fiestas de San Isidro 2025 - Ayuntamiento de Mula\" \/>\n<meta property=\"og:url\" content=\"https:\/\/mula.es\/web\/festejos-presentadas-las-actividades-y-el-cartel-de-las-fiestas-de-san-isidro-2025\/\" \/>\n<meta property=\"og:site_name\" content=\"Ayuntamiento de Mula\" \/>\n<meta property=\"article:published_time\" content=\"2025-05-02T11:16:51+00:00\" \/>\n<meta property=\"article:modified_time\" content=\"2025-05-02T11:31:17+00:00\" \/>\n<meta property=\"og:image\" content=\"https:\/\/mula.es\/web\/wp-content\/uploads\/2020\/06\/cropped-escudo-cuadrado.jpg\" \/>\n\t<meta property=\"og:image:width\" content=\"512\" \/>\n\t<meta property=\"og:image:height\" content=\"512\" \/>\n\t<meta property=\"og:image:type\" content=\"image\/jpeg\" \/>\n<meta name=\"author\" content=\"Rosario Mart\u00ednez\" \/>\n<meta name=\"twitter:card\" content=\"summary_large_image\" \/>\n<meta name=\"twitter:creator\" content=\"@AyuntamientMula\" \/>\n<meta name=\"twitter:site\" content=\"@AyuntamientMula\" \/>\n<meta name=\"twitter:label1\" content=\"Escrito por\" \/>\n\t<meta name=\"twitter:data1\" content=\"Rosario Mart\u00ednez\" \/>\n\t<meta name=\"twitter:label2\" content=\"Tiempo de lectura\" \/>\n\t<meta name=\"twitter:data2\" content=\"2 minutos\" \/>\n<script type=\"application\/ld+json\" class=\"yoast-schema-graph\">{\"@context\":\"https:\\\/\\\/schema.org\",\"@graph\":[{\"@type\":\"Article\",\"@id\":\"https:\\\/\\\/mula.es\\\/web\\\/festejos-presentadas-las-actividades-y-el-cartel-de-las-fiestas-de-san-isidro-2025\\\/#article\",\"isPartOf\":{\"@id\":\"https:\\\/\\\/mula.es\\\/web\\\/festejos-presentadas-las-actividades-y-el-cartel-de-las-fiestas-de-san-isidro-2025\\\/\"},\"author\":{\"name\":\"Rosario Mart\u00ednez\",\"@id\":\"https:\\\/\\\/mula.es\\\/web\\\/#\\\/schema\\\/person\\\/f8d63bd3ab6e7b025268b909b7ab0771\"},\"headline\":\"FESTEJOS | Presentadas las actividades y el cartel de las Fiestas de San Isidro 2025\",\"datePublished\":\"2025-05-02T11:16:51+00:00\",\"dateModified\":\"2025-05-02T11:31:17+00:00\",\"mainEntityOfPage\":{\"@id\":\"https:\\\/\\\/mula.es\\\/web\\\/festejos-presentadas-las-actividades-y-el-cartel-de-las-fiestas-de-san-isidro-2025\\\/\"},\"wordCount\":5062,\"image\":{\"@id\":\"https:\\\/\\\/mula.es\\\/web\\\/festejos-presentadas-las-actividades-y-el-cartel-de-las-fiestas-de-san-isidro-2025\\\/#primaryimage\"},\"thumbnailUrl\":\"https:\\\/\\\/mula.es\\\/web\\\/wp-content\\\/uploads\\\/2020\\\/06\\\/cropped-escudo-cuadrado.jpg\",\"articleSection\":[\"festejos\",\"san isidro\"],\"inLanguage\":\"es\"},{\"@type\":\"WebPage\",\"@id\":\"https:\\\/\\\/mula.es\\\/web\\\/festejos-presentadas-las-actividades-y-el-cartel-de-las-fiestas-de-san-isidro-2025\\\/\",\"url\":\"https:\\\/\\\/mula.es\\\/web\\\/festejos-presentadas-las-actividades-y-el-cartel-de-las-fiestas-de-san-isidro-2025\\\/\",\"name\":\"FESTEJOS | Presentadas las actividades y el cartel de las Fiestas de San Isidro 2025 - Ayuntamiento de Mula\",\"isPartOf\":{\"@id\":\"https:\\\/\\\/mula.es\\\/web\\\/#website\"},\"primaryImageOfPage\":{\"@id\":\"https:\\\/\\\/mula.es\\\/web\\\/festejos-presentadas-las-actividades-y-el-cartel-de-las-fiestas-de-san-isidro-2025\\\/#primaryimage\"},\"image\":{\"@id\":\"https:\\\/\\\/mula.es\\\/web\\\/festejos-presentadas-las-actividades-y-el-cartel-de-las-fiestas-de-san-isidro-2025\\\/#primaryimage\"},\"thumbnailUrl\":\"https:\\\/\\\/mula.es\\\/web\\\/wp-content\\\/uploads\\\/2020\\\/06\\\/cropped-escudo-cuadrado.jpg\",\"datePublished\":\"2025-05-02T11:16:51+00:00\",\"dateModified\":\"2025-05-02T11:31:17+00:00\",\"author\":{\"@id\":\"https:\\\/\\\/mula.es\\\/web\\\/#\\\/schema\\\/person\\\/f8d63bd3ab6e7b025268b909b7ab0771\"},\"breadcrumb\":{\"@id\":\"https:\\\/\\\/mula.es\\\/web\\\/festejos-presentadas-las-actividades-y-el-cartel-de-las-fiestas-de-san-isidro-2025\\\/#breadcrumb\"},\"inLanguage\":\"es\",\"potentialAction\":[{\"@type\":\"ReadAction\",\"target\":[\"https:\\\/\\\/mula.es\\\/web\\\/festejos-presentadas-las-actividades-y-el-cartel-de-las-fiestas-de-san-isidro-2025\\\/\"]}]},{\"@type\":\"ImageObject\",\"inLanguage\":\"es\",\"@id\":\"https:\\\/\\\/mula.es\\\/web\\\/festejos-presentadas-las-actividades-y-el-cartel-de-las-fiestas-de-san-isidro-2025\\\/#primaryimage\",\"url\":\"https:\\\/\\\/mula.es\\\/web\\\/wp-content\\\/uploads\\\/2020\\\/06\\\/cropped-escudo-cuadrado.jpg\",\"contentUrl\":\"https:\\\/\\\/mula.es\\\/web\\\/wp-content\\\/uploads\\\/2020\\\/06\\\/cropped-escudo-cuadrado.jpg\",\"width\":512,\"height\":512},{\"@type\":\"BreadcrumbList\",\"@id\":\"https:\\\/\\\/mula.es\\\/web\\\/festejos-presentadas-las-actividades-y-el-cartel-de-las-fiestas-de-san-isidro-2025\\\/#breadcrumb\",\"itemListElement\":[{\"@type\":\"ListItem\",\"position\":1,\"name\":\"Portada\",\"item\":\"https:\\\/\\\/mula.es\\\/web\\\/\"},{\"@type\":\"ListItem\",\"position\":2,\"name\":\"FESTEJOS | Presentadas las actividades y el cartel de las Fiestas de San Isidro 2025\"}]},{\"@type\":\"WebSite\",\"@id\":\"https:\\\/\\\/mula.es\\\/web\\\/#website\",\"url\":\"https:\\\/\\\/mula.es\\\/web\\\/\",\"name\":\"Ayuntamiento de Mula\",\"description\":\"P\u00e1gina web del Ayuntamiento de Mula (Regi\u00f3n de Murcia)\",\"potentialAction\":[{\"@type\":\"SearchAction\",\"target\":{\"@type\":\"EntryPoint\",\"urlTemplate\":\"https:\\\/\\\/mula.es\\\/web\\\/?s={search_term_string}\"},\"query-input\":{\"@type\":\"PropertyValueSpecification\",\"valueRequired\":true,\"valueName\":\"search_term_string\"}}],\"inLanguage\":\"es\"},{\"@type\":\"Person\",\"@id\":\"https:\\\/\\\/mula.es\\\/web\\\/#\\\/schema\\\/person\\\/f8d63bd3ab6e7b025268b909b7ab0771\",\"name\":\"Rosario Mart\u00ednez\",\"image\":{\"@type\":\"ImageObject\",\"inLanguage\":\"es\",\"@id\":\"https:\\\/\\\/secure.gravatar.com\\\/avatar\\\/ce916b980ac93e5b1d36e6068357675d4e089a572ebc8789fcb807c2fb2edfef?s=96&d=mm&r=g\",\"url\":\"https:\\\/\\\/secure.gravatar.com\\\/avatar\\\/ce916b980ac93e5b1d36e6068357675d4e089a572ebc8789fcb807c2fb2edfef?s=96&d=mm&r=g\",\"contentUrl\":\"https:\\\/\\\/secure.gravatar.com\\\/avatar\\\/ce916b980ac93e5b1d36e6068357675d4e089a572ebc8789fcb807c2fb2edfef?s=96&d=mm&r=g\",\"caption\":\"Rosario Mart\u00ednez\"},\"url\":\"https:\\\/\\\/mula.es\\\/web\\\/author\\\/rmartinez\\\/\"}]}<\/script>\n<!-- \/ Yoast SEO plugin. -->","yoast_head_json":{"title":"FESTEJOS | Presentadas las actividades y el cartel de las Fiestas de San Isidro 2025 - Ayuntamiento de Mula","robots":{"index":"index","follow":"follow","max-snippet":"max-snippet:-1","max-image-preview":"max-image-preview:large","max-video-preview":"max-video-preview:-1"},"canonical":"https:\/\/mula.es\/web\/festejos-presentadas-las-actividades-y-el-cartel-de-las-fiestas-de-san-isidro-2025\/","og_locale":"es_ES","og_type":"article","og_title":"FESTEJOS | Presentadas las actividades y el cartel de las Fiestas de San Isidro 2025 - Ayuntamiento de Mula","og_url":"https:\/\/mula.es\/web\/festejos-presentadas-las-actividades-y-el-cartel-de-las-fiestas-de-san-isidro-2025\/","og_site_name":"Ayuntamiento de Mula","article_published_time":"2025-05-02T11:16:51+00:00","article_modified_time":"2025-05-02T11:31:17+00:00","og_image":[{"width":512,"height":512,"url":"https:\/\/mula.es\/web\/wp-content\/uploads\/2020\/06\/cropped-escudo-cuadrado.jpg","type":"image\/jpeg"}],"author":"Rosario Mart\u00ednez","twitter_card":"summary_large_image","twitter_creator":"@AyuntamientMula","twitter_site":"@AyuntamientMula","twitter_misc":{"Escrito por":"Rosario Mart\u00ednez","Tiempo de lectura":"2 minutos"},"schema":{"@context":"https:\/\/schema.org","@graph":[{"@type":"Article","@id":"https:\/\/mula.es\/web\/festejos-presentadas-las-actividades-y-el-cartel-de-las-fiestas-de-san-isidro-2025\/#article","isPartOf":{"@id":"https:\/\/mula.es\/web\/festejos-presentadas-las-actividades-y-el-cartel-de-las-fiestas-de-san-isidro-2025\/"},"author":{"name":"Rosario Mart\u00ednez","@id":"https:\/\/mula.es\/web\/#\/schema\/person\/f8d63bd3ab6e7b025268b909b7ab0771"},"headline":"FESTEJOS | Presentadas las actividades y el cartel de las Fiestas de San Isidro 2025","datePublished":"2025-05-02T11:16:51+00:00","dateModified":"2025-05-02T11:31:17+00:00","mainEntityOfPage":{"@id":"https:\/\/mula.es\/web\/festejos-presentadas-las-actividades-y-el-cartel-de-las-fiestas-de-san-isidro-2025\/"},"wordCount":5062,"image":{"@id":"https:\/\/mula.es\/web\/festejos-presentadas-las-actividades-y-el-cartel-de-las-fiestas-de-san-isidro-2025\/#primaryimage"},"thumbnailUrl":"https:\/\/mula.es\/web\/wp-content\/uploads\/2020\/06\/cropped-escudo-cuadrado.jpg","articleSection":["festejos","san isidro"],"inLanguage":"es"},{"@type":"WebPage","@id":"https:\/\/mula.es\/web\/festejos-presentadas-las-actividades-y-el-cartel-de-las-fiestas-de-san-isidro-2025\/","url":"https:\/\/mula.es\/web\/festejos-presentadas-las-actividades-y-el-cartel-de-las-fiestas-de-san-isidro-2025\/","name":"FESTEJOS | Presentadas las actividades y el cartel de las Fiestas de San Isidro 2025 - Ayuntamiento de Mula","isPartOf":{"@id":"https:\/\/mula.es\/web\/#website"},"primaryImageOfPage":{"@id":"https:\/\/mula.es\/web\/festejos-presentadas-las-actividades-y-el-cartel-de-las-fiestas-de-san-isidro-2025\/#primaryimage"},"image":{"@id":"https:\/\/mula.es\/web\/festejos-presentadas-las-actividades-y-el-cartel-de-las-fiestas-de-san-isidro-2025\/#primaryimage"},"thumbnailUrl":"https:\/\/mula.es\/web\/wp-content\/uploads\/2020\/06\/cropped-escudo-cuadrado.jpg","datePublished":"2025-05-02T11:16:51+00:00","dateModified":"2025-05-02T11:31:17+00:00","author":{"@id":"https:\/\/mula.es\/web\/#\/schema\/person\/f8d63bd3ab6e7b025268b909b7ab0771"},"breadcrumb":{"@id":"https:\/\/mula.es\/web\/festejos-presentadas-las-actividades-y-el-cartel-de-las-fiestas-de-san-isidro-2025\/#breadcrumb"},"inLanguage":"es","potentialAction":[{"@type":"ReadAction","target":["https:\/\/mula.es\/web\/festejos-presentadas-las-actividades-y-el-cartel-de-las-fiestas-de-san-isidro-2025\/"]}]},{"@type":"ImageObject","inLanguage":"es","@id":"https:\/\/mula.es\/web\/festejos-presentadas-las-actividades-y-el-cartel-de-las-fiestas-de-san-isidro-2025\/#primaryimage","url":"https:\/\/mula.es\/web\/wp-content\/uploads\/2020\/06\/cropped-escudo-cuadrado.jpg","contentUrl":"https:\/\/mula.es\/web\/wp-content\/uploads\/2020\/06\/cropped-escudo-cuadrado.jpg","width":512,"height":512},{"@type":"BreadcrumbList","@id":"https:\/\/mula.es\/web\/festejos-presentadas-las-actividades-y-el-cartel-de-las-fiestas-de-san-isidro-2025\/#breadcrumb","itemListElement":[{"@type":"ListItem","position":1,"name":"Portada","item":"https:\/\/mula.es\/web\/"},{"@type":"ListItem","position":2,"name":"FESTEJOS | Presentadas las actividades y el cartel de las Fiestas de San Isidro 2025"}]},{"@type":"WebSite","@id":"https:\/\/mula.es\/web\/#website","url":"https:\/\/mula.es\/web\/","name":"Ayuntamiento de Mula","description":"P\u00e1gina web del Ayuntamiento de Mula (Regi\u00f3n de Murcia)","potentialAction":[{"@type":"SearchAction","target":{"@type":"EntryPoint","urlTemplate":"https:\/\/mula.es\/web\/?s={search_term_string}"},"query-input":{"@type":"PropertyValueSpecification","valueRequired":true,"valueName":"search_term_string"}}],"inLanguage":"es"},{"@type":"Person","@id":"https:\/\/mula.es\/web\/#\/schema\/person\/f8d63bd3ab6e7b025268b909b7ab0771","name":"Rosario Mart\u00ednez","image":{"@type":"ImageObject","inLanguage":"es","@id":"https:\/\/secure.gravatar.com\/avatar\/ce916b980ac93e5b1d36e6068357675d4e089a572ebc8789fcb807c2fb2edfef?s=96&d=mm&r=g","url":"https:\/\/secure.gravatar.com\/avatar\/ce916b980ac93e5b1d36e6068357675d4e089a572ebc8789fcb807c2fb2edfef?s=96&d=mm&r=g","contentUrl":"https:\/\/secure.gravatar.com\/avatar\/ce916b980ac93e5b1d36e6068357675d4e089a572ebc8789fcb807c2fb2edfef?s=96&d=mm&r=g","caption":"Rosario Mart\u00ednez"},"url":"https:\/\/mula.es\/web\/author\/rmartinez\/"}]}},"jetpack_publicize_connections":[],"jetpack_featured_media_url":"https:\/\/mula.es\/web\/wp-content\/uploads\/2020\/06\/cropped-escudo-cuadrado.jpg","jetpack_sharing_enabled":true,"jetpack_shortlink":"https:\/\/wp.me\/pa9DMY-fbA","jetpack-related-posts":[],"_links":{"self":[{"href":"https:\/\/mula.es\/web\/wp-json\/wp\/v2\/posts\/58378","targetHints":{"allow":["GET"]}}],"collection":[{"href":"https:\/\/mula.es\/web\/wp-json\/wp\/v2\/posts"}],"about":[{"href":"https:\/\/mula.es\/web\/wp-json\/wp\/v2\/types\/post"}],"author":[{"embeddable":true,"href":"https:\/\/mula.es\/web\/wp-json\/wp\/v2\/users\/9"}],"replies":[{"embeddable":true,"href":"https:\/\/mula.es\/web\/wp-json\/wp\/v2\/comments?post=58378"}],"version-history":[{"count":3,"href":"https:\/\/mula.es\/web\/wp-json\/wp\/v2\/posts\/58378\/revisions"}],"predecessor-version":[{"id":58388,"href":"https:\/\/mula.es\/web\/wp-json\/wp\/v2\/posts\/58378\/revisions\/58388"}],"wp:featuredmedia":[{"embeddable":true,"href":"https:\/\/mula.es\/web\/wp-json\/wp\/v2\/media\/33514"}],"wp:attachment":[{"href":"https:\/\/mula.es\/web\/wp-json\/wp\/v2\/media?parent=58378"}],"wp:term":[{"taxonomy":"category","embeddable":true,"href":"https:\/\/mula.es\/web\/wp-json\/wp\/v2\/categories?post=58378"},{"taxonomy":"post_tag","embeddable":true,"href":"https:\/\/mula.es\/web\/wp-json\/wp\/v2\/tags?post=58378"}],"curies":[{"name":"wp","href":"https:\/\/api.w.org\/{rel}","templated":true}]}}