{"id":58389,"date":"2025-05-02T13:45:25","date_gmt":"2025-05-02T11:45:25","guid":{"rendered":"https:\/\/mula.es\/web\/?p=58389"},"modified":"2025-05-02T13:45:25","modified_gmt":"2025-05-02T11:45:25","slug":"urbanismo-el-lunes-5-de-mayo-comenzaran-las-obras-de-remodelacion-en-la-calle-barrancal","status":"publish","type":"post","link":"https:\/\/mula.es\/web\/urbanismo-el-lunes-5-de-mayo-comenzaran-las-obras-de-remodelacion-en-la-calle-barrancal\/","title":{"rendered":"URBANISMO | El lunes 5 de mayo, comenzar\u00e1n las obras de remodelaci\u00f3n en la calle Barrancal"},"content":{"rendered":"<p>&nbsp;<\/p>\n<p>El Ayuntamiento de Mula informa que el pr\u00f3ximo lunes, 5 de mayo de 2025,\u00a0 comenzar\u00e1n las obras de remodelaci\u00f3n del pavimento en la calle Barrancal, una actuaci\u00f3n incluida dentro del plan municipal de mejora de infraestructuras urbanas.<\/p>\n<p>El proyecto cuenta con un presupuesto de 136.000 euros y tiene como objetivo renovar el firme de la v\u00eda para mejorar la seguridad, accesibilidad y calidad de vida de los vecinos y vecinas de la zona.<br \/>\nDesde el Ayuntamiento se pide disculpas por las molestias que estas obras puedan ocasionar durante su ejecuci\u00f3n y se agradece de antemano la comprensi\u00f3n y colaboraci\u00f3n de la ciudadan\u00eda.<br \/>\nEstas actuaciones forman parte del compromiso municipal de seguir renovando las infraestructuras urbanas de Mula y sus pedan\u00edas, priorizando aquellas intervenciones que repercuten directamente en el bienestar de la poblaci\u00f3n.<\/p>\n<p>&nbsp;<\/p>\n<p>&nbsp;<\/p>\n","protected":false},"excerpt":{"rendered":"<p>&nbsp; El Ayuntamiento de Mula informa que el pr\u00f3ximo lunes, 5 de mayo de 2025,\u00a0 comenzar\u00e1n las obras de remodelaci\u00f3n del pavimento en la calle Barrancal, una actuaci\u00f3n incluida dentro del plan municipal de mejora de infraestructuras urbanas. El proyecto cuenta con un presupuesto de 136.000 euros y tiene como objetivo renovar el firme de  [&#8230;]<\/p>\n","protected":false},"author":9,"featured_media":33512,"comment_status":"closed","ping_status":"closed","sticky":false,"template":"","format":"standard","meta":{"jetpack_post_was_ever_published":false,"_jetpack_newsletter_access":"","_jetpack_dont_email_post_to_subs":false,"_jetpack_newsletter_tier_id":0,"_jetpack_memberships_contains_paywalled_content":false,"_jetpack_memberships_contains_paid_content":false,"footnotes":"","jetpack_publicize_message":"","jetpack_publicize_feature_enabled":true,"jetpack_social_post_already_shared":false,"jetpack_social_options":{"image_generator_settings":{"template":"highway","default_image_id":0,"font":"","enabled":false},"version":2}},"categories":[362],"tags":[],"class_list":["post-58389","post","type-post","status-publish","format-standard","has-post-thumbnail","hentry","category-urbanismo"],"yoast_head":"<!-- This site is optimized with the Yoast SEO plugin v27.4 - https:\/\/yoast.com\/product\/yoast-seo-wordpress\/ -->\n<title>URBANISMO | El lunes 5 de mayo, comenzar\u00e1n las obras de remodelaci\u00f3n en la calle Barrancal - Ayuntamiento de Mula<\/title>\n<meta name=\"robots\" content=\"index, follow, max-snippet:-1, max-image-preview:large, max-video-preview:-1\" \/>\n<link rel=\"canonical\" href=\"https:\/\/mula.es\/web\/urbanismo-el-lunes-5-de-mayo-comenzaran-las-obras-de-remodelacion-en-la-calle-barrancal\/\" \/>\n<meta property=\"og:locale\" content=\"es_ES\" \/>\n<meta property=\"og:type\" content=\"article\" \/>\n<meta property=\"og:title\" content=\"URBANISMO | El lunes 5 de mayo, comenzar\u00e1n las obras de remodelaci\u00f3n en la calle Barrancal - Ayuntamiento de Mula\" \/>\n<meta property=\"og:description\" content=\"&nbsp; El Ayuntamiento de Mula informa que el pr\u00f3ximo lunes, 5 de mayo de 2025,\u00a0 comenzar\u00e1n las obras de remodelaci\u00f3n del pavimento en la calle Barrancal, una actuaci\u00f3n incluida dentro del plan municipal de mejora de infraestructuras urbanas. El proyecto cuenta con un presupuesto de 136.000 euros y tiene como objetivo renovar el firme de [...]\" \/>\n<meta property=\"og:url\" content=\"https:\/\/mula.es\/web\/urbanismo-el-lunes-5-de-mayo-comenzaran-las-obras-de-remodelacion-en-la-calle-barrancal\/\" \/>\n<meta property=\"og:site_name\" content=\"Ayuntamiento de Mula\" \/>\n<meta property=\"article:published_time\" content=\"2025-05-02T11:45:25+00:00\" \/>\n<meta property=\"og:image\" content=\"https:\/\/mula.es\/web\/wp-content\/uploads\/2020\/06\/escudo-cuadrado-e1591045058235.jpg\" \/>\n\t<meta property=\"og:image:width\" content=\"200\" \/>\n\t<meta property=\"og:image:height\" content=\"218\" \/>\n\t<meta property=\"og:image:type\" content=\"image\/jpeg\" \/>\n<meta name=\"author\" content=\"Rosario Mart\u00ednez\" \/>\n<meta name=\"twitter:card\" content=\"summary_large_image\" \/>\n<meta name=\"twitter:creator\" content=\"@AyuntamientMula\" \/>\n<meta name=\"twitter:site\" content=\"@AyuntamientMula\" \/>\n<meta name=\"twitter:label1\" content=\"Escrito por\" \/>\n\t<meta name=\"twitter:data1\" content=\"Rosario Mart\u00ednez\" \/>\n\t<meta name=\"twitter:label2\" content=\"Tiempo de lectura\" \/>\n\t<meta name=\"twitter:data2\" content=\"1 minuto\" \/>\n<script type=\"application\/ld+json\" class=\"yoast-schema-graph\">{\"@context\":\"https:\\\/\\\/schema.org\",\"@graph\":[{\"@type\":\"Article\",\"@id\":\"https:\\\/\\\/mula.es\\\/web\\\/urbanismo-el-lunes-5-de-mayo-comenzaran-las-obras-de-remodelacion-en-la-calle-barrancal\\\/#article\",\"isPartOf\":{\"@id\":\"https:\\\/\\\/mula.es\\\/web\\\/urbanismo-el-lunes-5-de-mayo-comenzaran-las-obras-de-remodelacion-en-la-calle-barrancal\\\/\"},\"author\":{\"name\":\"Rosario Mart\u00ednez\",\"@id\":\"https:\\\/\\\/mula.es\\\/web\\\/#\\\/schema\\\/person\\\/f8d63bd3ab6e7b025268b909b7ab0771\"},\"headline\":\"URBANISMO | El lunes 5 de mayo, comenzar\u00e1n las obras de remodelaci\u00f3n en la calle Barrancal\",\"datePublished\":\"2025-05-02T11:45:25+00:00\",\"mainEntityOfPage\":{\"@id\":\"https:\\\/\\\/mula.es\\\/web\\\/urbanismo-el-lunes-5-de-mayo-comenzaran-las-obras-de-remodelacion-en-la-calle-barrancal\\\/\"},\"wordCount\":159,\"image\":{\"@id\":\"https:\\\/\\\/mula.es\\\/web\\\/urbanismo-el-lunes-5-de-mayo-comenzaran-las-obras-de-remodelacion-en-la-calle-barrancal\\\/#primaryimage\"},\"thumbnailUrl\":\"https:\\\/\\\/mula.es\\\/web\\\/wp-content\\\/uploads\\\/2020\\\/06\\\/escudo-cuadrado-e1591045058235.jpg\",\"articleSection\":[\"urbanismo\"],\"inLanguage\":\"es\"},{\"@type\":\"WebPage\",\"@id\":\"https:\\\/\\\/mula.es\\\/web\\\/urbanismo-el-lunes-5-de-mayo-comenzaran-las-obras-de-remodelacion-en-la-calle-barrancal\\\/\",\"url\":\"https:\\\/\\\/mula.es\\\/web\\\/urbanismo-el-lunes-5-de-mayo-comenzaran-las-obras-de-remodelacion-en-la-calle-barrancal\\\/\",\"name\":\"URBANISMO | El lunes 5 de mayo, comenzar\u00e1n las obras de remodelaci\u00f3n en la calle Barrancal - Ayuntamiento de Mula\",\"isPartOf\":{\"@id\":\"https:\\\/\\\/mula.es\\\/web\\\/#website\"},\"primaryImageOfPage\":{\"@id\":\"https:\\\/\\\/mula.es\\\/web\\\/urbanismo-el-lunes-5-de-mayo-comenzaran-las-obras-de-remodelacion-en-la-calle-barrancal\\\/#primaryimage\"},\"image\":{\"@id\":\"https:\\\/\\\/mula.es\\\/web\\\/urbanismo-el-lunes-5-de-mayo-comenzaran-las-obras-de-remodelacion-en-la-calle-barrancal\\\/#primaryimage\"},\"thumbnailUrl\":\"https:\\\/\\\/mula.es\\\/web\\\/wp-content\\\/uploads\\\/2020\\\/06\\\/escudo-cuadrado-e1591045058235.jpg\",\"datePublished\":\"2025-05-02T11:45:25+00:00\",\"author\":{\"@id\":\"https:\\\/\\\/mula.es\\\/web\\\/#\\\/schema\\\/person\\\/f8d63bd3ab6e7b025268b909b7ab0771\"},\"breadcrumb\":{\"@id\":\"https:\\\/\\\/mula.es\\\/web\\\/urbanismo-el-lunes-5-de-mayo-comenzaran-las-obras-de-remodelacion-en-la-calle-barrancal\\\/#breadcrumb\"},\"inLanguage\":\"es\",\"potentialAction\":[{\"@type\":\"ReadAction\",\"target\":[\"https:\\\/\\\/mula.es\\\/web\\\/urbanismo-el-lunes-5-de-mayo-comenzaran-las-obras-de-remodelacion-en-la-calle-barrancal\\\/\"]}]},{\"@type\":\"ImageObject\",\"inLanguage\":\"es\",\"@id\":\"https:\\\/\\\/mula.es\\\/web\\\/urbanismo-el-lunes-5-de-mayo-comenzaran-las-obras-de-remodelacion-en-la-calle-barrancal\\\/#primaryimage\",\"url\":\"https:\\\/\\\/mula.es\\\/web\\\/wp-content\\\/uploads\\\/2020\\\/06\\\/escudo-cuadrado-e1591045058235.jpg\",\"contentUrl\":\"https:\\\/\\\/mula.es\\\/web\\\/wp-content\\\/uploads\\\/2020\\\/06\\\/escudo-cuadrado-e1591045058235.jpg\",\"width\":200,\"height\":218},{\"@type\":\"BreadcrumbList\",\"@id\":\"https:\\\/\\\/mula.es\\\/web\\\/urbanismo-el-lunes-5-de-mayo-comenzaran-las-obras-de-remodelacion-en-la-calle-barrancal\\\/#breadcrumb\",\"itemListElement\":[{\"@type\":\"ListItem\",\"position\":1,\"name\":\"Portada\",\"item\":\"https:\\\/\\\/mula.es\\\/web\\\/\"},{\"@type\":\"ListItem\",\"position\":2,\"name\":\"URBANISMO | El lunes 5 de mayo, comenzar\u00e1n las obras de remodelaci\u00f3n en la calle Barrancal\"}]},{\"@type\":\"WebSite\",\"@id\":\"https:\\\/\\\/mula.es\\\/web\\\/#website\",\"url\":\"https:\\\/\\\/mula.es\\\/web\\\/\",\"name\":\"Ayuntamiento de Mula\",\"description\":\"P\u00e1gina web del Ayuntamiento de Mula (Regi\u00f3n de Murcia)\",\"potentialAction\":[{\"@type\":\"SearchAction\",\"target\":{\"@type\":\"EntryPoint\",\"urlTemplate\":\"https:\\\/\\\/mula.es\\\/web\\\/?s={search_term_string}\"},\"query-input\":{\"@type\":\"PropertyValueSpecification\",\"valueRequired\":true,\"valueName\":\"search_term_string\"}}],\"inLanguage\":\"es\"},{\"@type\":\"Person\",\"@id\":\"https:\\\/\\\/mula.es\\\/web\\\/#\\\/schema\\\/person\\\/f8d63bd3ab6e7b025268b909b7ab0771\",\"name\":\"Rosario Mart\u00ednez\",\"image\":{\"@type\":\"ImageObject\",\"inLanguage\":\"es\",\"@id\":\"https:\\\/\\\/secure.gravatar.com\\\/avatar\\\/ce916b980ac93e5b1d36e6068357675d4e089a572ebc8789fcb807c2fb2edfef?s=96&d=mm&r=g\",\"url\":\"https:\\\/\\\/secure.gravatar.com\\\/avatar\\\/ce916b980ac93e5b1d36e6068357675d4e089a572ebc8789fcb807c2fb2edfef?s=96&d=mm&r=g\",\"contentUrl\":\"https:\\\/\\\/secure.gravatar.com\\\/avatar\\\/ce916b980ac93e5b1d36e6068357675d4e089a572ebc8789fcb807c2fb2edfef?s=96&d=mm&r=g\",\"caption\":\"Rosario Mart\u00ednez\"},\"url\":\"https:\\\/\\\/mula.es\\\/web\\\/author\\\/rmartinez\\\/\"}]}<\/script>\n<!-- \/ Yoast SEO plugin. -->","yoast_head_json":{"title":"URBANISMO | El lunes 5 de mayo, comenzar\u00e1n las obras de remodelaci\u00f3n en la calle Barrancal - Ayuntamiento de Mula","robots":{"index":"index","follow":"follow","max-snippet":"max-snippet:-1","max-image-preview":"max-image-preview:large","max-video-preview":"max-video-preview:-1"},"canonical":"https:\/\/mula.es\/web\/urbanismo-el-lunes-5-de-mayo-comenzaran-las-obras-de-remodelacion-en-la-calle-barrancal\/","og_locale":"es_ES","og_type":"article","og_title":"URBANISMO | El lunes 5 de mayo, comenzar\u00e1n las obras de remodelaci\u00f3n en la calle Barrancal - Ayuntamiento de Mula","og_description":"&nbsp; El Ayuntamiento de Mula informa que el pr\u00f3ximo lunes, 5 de mayo de 2025,\u00a0 comenzar\u00e1n las obras de remodelaci\u00f3n del pavimento en la calle Barrancal, una actuaci\u00f3n incluida dentro del plan municipal de mejora de infraestructuras urbanas. El proyecto cuenta con un presupuesto de 136.000 euros y tiene como objetivo renovar el firme de [...]","og_url":"https:\/\/mula.es\/web\/urbanismo-el-lunes-5-de-mayo-comenzaran-las-obras-de-remodelacion-en-la-calle-barrancal\/","og_site_name":"Ayuntamiento de Mula","article_published_time":"2025-05-02T11:45:25+00:00","og_image":[{"width":200,"height":218,"url":"https:\/\/mula.es\/web\/wp-content\/uploads\/2020\/06\/escudo-cuadrado-e1591045058235.jpg","type":"image\/jpeg"}],"author":"Rosario Mart\u00ednez","twitter_card":"summary_large_image","twitter_creator":"@AyuntamientMula","twitter_site":"@AyuntamientMula","twitter_misc":{"Escrito por":"Rosario Mart\u00ednez","Tiempo de lectura":"1 minuto"},"schema":{"@context":"https:\/\/schema.org","@graph":[{"@type":"Article","@id":"https:\/\/mula.es\/web\/urbanismo-el-lunes-5-de-mayo-comenzaran-las-obras-de-remodelacion-en-la-calle-barrancal\/#article","isPartOf":{"@id":"https:\/\/mula.es\/web\/urbanismo-el-lunes-5-de-mayo-comenzaran-las-obras-de-remodelacion-en-la-calle-barrancal\/"},"author":{"name":"Rosario Mart\u00ednez","@id":"https:\/\/mula.es\/web\/#\/schema\/person\/f8d63bd3ab6e7b025268b909b7ab0771"},"headline":"URBANISMO | El lunes 5 de mayo, comenzar\u00e1n las obras de remodelaci\u00f3n en la calle Barrancal","datePublished":"2025-05-02T11:45:25+00:00","mainEntityOfPage":{"@id":"https:\/\/mula.es\/web\/urbanismo-el-lunes-5-de-mayo-comenzaran-las-obras-de-remodelacion-en-la-calle-barrancal\/"},"wordCount":159,"image":{"@id":"https:\/\/mula.es\/web\/urbanismo-el-lunes-5-de-mayo-comenzaran-las-obras-de-remodelacion-en-la-calle-barrancal\/#primaryimage"},"thumbnailUrl":"https:\/\/mula.es\/web\/wp-content\/uploads\/2020\/06\/escudo-cuadrado-e1591045058235.jpg","articleSection":["urbanismo"],"inLanguage":"es"},{"@type":"WebPage","@id":"https:\/\/mula.es\/web\/urbanismo-el-lunes-5-de-mayo-comenzaran-las-obras-de-remodelacion-en-la-calle-barrancal\/","url":"https:\/\/mula.es\/web\/urbanismo-el-lunes-5-de-mayo-comenzaran-las-obras-de-remodelacion-en-la-calle-barrancal\/","name":"URBANISMO | El lunes 5 de mayo, comenzar\u00e1n las obras de remodelaci\u00f3n en la calle Barrancal - Ayuntamiento de Mula","isPartOf":{"@id":"https:\/\/mula.es\/web\/#website"},"primaryImageOfPage":{"@id":"https:\/\/mula.es\/web\/urbanismo-el-lunes-5-de-mayo-comenzaran-las-obras-de-remodelacion-en-la-calle-barrancal\/#primaryimage"},"image":{"@id":"https:\/\/mula.es\/web\/urbanismo-el-lunes-5-de-mayo-comenzaran-las-obras-de-remodelacion-en-la-calle-barrancal\/#primaryimage"},"thumbnailUrl":"https:\/\/mula.es\/web\/wp-content\/uploads\/2020\/06\/escudo-cuadrado-e1591045058235.jpg","datePublished":"2025-05-02T11:45:25+00:00","author":{"@id":"https:\/\/mula.es\/web\/#\/schema\/person\/f8d63bd3ab6e7b025268b909b7ab0771"},"breadcrumb":{"@id":"https:\/\/mula.es\/web\/urbanismo-el-lunes-5-de-mayo-comenzaran-las-obras-de-remodelacion-en-la-calle-barrancal\/#breadcrumb"},"inLanguage":"es","potentialAction":[{"@type":"ReadAction","target":["https:\/\/mula.es\/web\/urbanismo-el-lunes-5-de-mayo-comenzaran-las-obras-de-remodelacion-en-la-calle-barrancal\/"]}]},{"@type":"ImageObject","inLanguage":"es","@id":"https:\/\/mula.es\/web\/urbanismo-el-lunes-5-de-mayo-comenzaran-las-obras-de-remodelacion-en-la-calle-barrancal\/#primaryimage","url":"https:\/\/mula.es\/web\/wp-content\/uploads\/2020\/06\/escudo-cuadrado-e1591045058235.jpg","contentUrl":"https:\/\/mula.es\/web\/wp-content\/uploads\/2020\/06\/escudo-cuadrado-e1591045058235.jpg","width":200,"height":218},{"@type":"BreadcrumbList","@id":"https:\/\/mula.es\/web\/urbanismo-el-lunes-5-de-mayo-comenzaran-las-obras-de-remodelacion-en-la-calle-barrancal\/#breadcrumb","itemListElement":[{"@type":"ListItem","position":1,"name":"Portada","item":"https:\/\/mula.es\/web\/"},{"@type":"ListItem","position":2,"name":"URBANISMO | El lunes 5 de mayo, comenzar\u00e1n las obras de remodelaci\u00f3n en la calle Barrancal"}]},{"@type":"WebSite","@id":"https:\/\/mula.es\/web\/#website","url":"https:\/\/mula.es\/web\/","name":"Ayuntamiento de Mula","description":"P\u00e1gina web del Ayuntamiento de Mula (Regi\u00f3n de Murcia)","potentialAction":[{"@type":"SearchAction","target":{"@type":"EntryPoint","urlTemplate":"https:\/\/mula.es\/web\/?s={search_term_string}"},"query-input":{"@type":"PropertyValueSpecification","valueRequired":true,"valueName":"search_term_string"}}],"inLanguage":"es"},{"@type":"Person","@id":"https:\/\/mula.es\/web\/#\/schema\/person\/f8d63bd3ab6e7b025268b909b7ab0771","name":"Rosario Mart\u00ednez","image":{"@type":"ImageObject","inLanguage":"es","@id":"https:\/\/secure.gravatar.com\/avatar\/ce916b980ac93e5b1d36e6068357675d4e089a572ebc8789fcb807c2fb2edfef?s=96&d=mm&r=g","url":"https:\/\/secure.gravatar.com\/avatar\/ce916b980ac93e5b1d36e6068357675d4e089a572ebc8789fcb807c2fb2edfef?s=96&d=mm&r=g","contentUrl":"https:\/\/secure.gravatar.com\/avatar\/ce916b980ac93e5b1d36e6068357675d4e089a572ebc8789fcb807c2fb2edfef?s=96&d=mm&r=g","caption":"Rosario Mart\u00ednez"},"url":"https:\/\/mula.es\/web\/author\/rmartinez\/"}]}},"jetpack_publicize_connections":[],"jetpack_featured_media_url":"https:\/\/mula.es\/web\/wp-content\/uploads\/2020\/06\/escudo-cuadrado-e1591045058235.jpg","jetpack_sharing_enabled":true,"jetpack_shortlink":"https:\/\/wp.me\/pa9DMY-fbL","jetpack-related-posts":[],"_links":{"self":[{"href":"https:\/\/mula.es\/web\/wp-json\/wp\/v2\/posts\/58389","targetHints":{"allow":["GET"]}}],"collection":[{"href":"https:\/\/mula.es\/web\/wp-json\/wp\/v2\/posts"}],"about":[{"href":"https:\/\/mula.es\/web\/wp-json\/wp\/v2\/types\/post"}],"author":[{"embeddable":true,"href":"https:\/\/mula.es\/web\/wp-json\/wp\/v2\/users\/9"}],"replies":[{"embeddable":true,"href":"https:\/\/mula.es\/web\/wp-json\/wp\/v2\/comments?post=58389"}],"version-history":[{"count":1,"href":"https:\/\/mula.es\/web\/wp-json\/wp\/v2\/posts\/58389\/revisions"}],"predecessor-version":[{"id":58390,"href":"https:\/\/mula.es\/web\/wp-json\/wp\/v2\/posts\/58389\/revisions\/58390"}],"wp:featuredmedia":[{"embeddable":true,"href":"https:\/\/mula.es\/web\/wp-json\/wp\/v2\/media\/33512"}],"wp:attachment":[{"href":"https:\/\/mula.es\/web\/wp-json\/wp\/v2\/media?parent=58389"}],"wp:term":[{"taxonomy":"category","embeddable":true,"href":"https:\/\/mula.es\/web\/wp-json\/wp\/v2\/categories?post=58389"},{"taxonomy":"post_tag","embeddable":true,"href":"https:\/\/mula.es\/web\/wp-json\/wp\/v2\/tags?post=58389"}],"curies":[{"name":"wp","href":"https:\/\/api.w.org\/{rel}","templated":true}]}}