{"id":58558,"date":"2025-05-13T12:57:00","date_gmt":"2025-05-13T10:57:00","guid":{"rendered":"https:\/\/mula.es\/web\/?p=58558"},"modified":"2025-05-13T13:41:09","modified_gmt":"2025-05-13T11:41:09","slug":"educacion-el-ceip-d-florentino-bayona-celebra-su-65-aniversario-con-una-exposicion-sobre-la-educacion-en-el-siglo-xx","status":"publish","type":"post","link":"https:\/\/mula.es\/web\/educacion-el-ceip-d-florentino-bayona-celebra-su-65-aniversario-con-una-exposicion-sobre-la-educacion-en-el-siglo-xx\/","title":{"rendered":"EDUCACI\u00d3N | El CEIP D. Florentino Bayona celebra su 65 aniversario con una exposici\u00f3n sobre la educaci\u00f3n en el siglo XX"},"content":{"rendered":"<h2><strong>\u00a0<\/strong><\/h2>\n<h2><strong>El CEIP D. Florentino Bayona celebra su 65 aniversario con una exposici\u00f3n sobre la educaci\u00f3n en el siglo XX<\/strong><\/h2>\n<p>&nbsp;<\/p>\n<p>Esta ma\u00f1ana se ha inaugurado en el Museo Ciudad de Mula (Convento de San Francisco) la exposici\u00f3n \u201cLa Educaci\u00f3n del Siglo XX\u201d, una de las actividades conmemorativas organizadas por el CEIP D. Florentino Bayona con motivo de su 65\u00ba aniversario.<\/p>\n<p>El acto ha contado con la presencia del alcalde de Mula, Juan Jes\u00fas Moreno, quien ha acompa\u00f1ado a la directora del centro, Maximina Saavedra, a miembros de la corporaci\u00f3n municipal, al equipo docente, y a vecinos y vecinas en esta apertura oficial. Durante su intervenci\u00f3n, el alcalde ha felicitado al centro por sus seis d\u00e9cadas y media de trayectoria, subrayando \u201cla gran labor que ha realizado este colegio por la educaci\u00f3n, la igualdad de oportunidades y la implantaci\u00f3n de m\u00e9todos pedag\u00f3gicos inclusivos que han marcado a generaciones de mule\u00f1os y mule\u00f1as\u201d.<\/p>\n<p>La exposici\u00f3n recorre a trav\u00e9s de objetos, materiales did\u00e1cticos, fotograf\u00edas y documentaci\u00f3n original, la evoluci\u00f3n de la escuela a lo largo del siglo XX, mostrando c\u00f3mo han cambiado las aulas, las metodolog\u00edas, y el papel del profesorado y del alumnado. Se podr\u00e1 visitar hasta el 10 de junio y est\u00e1 dirigida tanto a la comunidad educativa como al conjunto de la ciudadan\u00eda.<\/p>\n<p>Desde el Ayuntamiento de Mula se felicita a toda la comunidad educativa del CEIP D. Florentino Bayona por su compromiso con la ense\u00f1anza y se anima a visitar esta muestra, que es tambi\u00e9n un homenaje a todas las personas que han pasado por sus aulas en estos 65 a\u00f1os de historia compartida.<\/p>\n","protected":false},"excerpt":{"rendered":"<p>\u00a0 El CEIP D. Florentino Bayona celebra su 65 aniversario con una exposici\u00f3n sobre la educaci\u00f3n en el siglo XX &nbsp; Esta ma\u00f1ana se ha inaugurado en el Museo Ciudad de Mula (Convento de San Francisco) la exposici\u00f3n \u201cLa Educaci\u00f3n del Siglo XX\u201d, una de las actividades conmemorativas organizadas por el CEIP D. Florentino Bayona  [&#8230;]<\/p>\n","protected":false},"author":13,"featured_media":33514,"comment_status":"closed","ping_status":"closed","sticky":false,"template":"","format":"standard","meta":{"jetpack_post_was_ever_published":false,"_jetpack_newsletter_access":"","_jetpack_dont_email_post_to_subs":false,"_jetpack_newsletter_tier_id":0,"_jetpack_memberships_contains_paywalled_content":false,"_jetpack_memberships_contains_paid_content":false,"footnotes":"","jetpack_publicize_message":"","jetpack_publicize_feature_enabled":true,"jetpack_social_post_already_shared":false,"jetpack_social_options":{"image_generator_settings":{"template":"highway","default_image_id":0,"font":"","enabled":false},"version":2}},"categories":[89],"tags":[],"class_list":["post-58558","post","type-post","status-publish","format-standard","has-post-thumbnail","hentry","category-educacion"],"yoast_head":"<!-- This site is optimized with the Yoast SEO plugin v27.4 - https:\/\/yoast.com\/product\/yoast-seo-wordpress\/ -->\n<title>EDUCACI\u00d3N | El CEIP D. Florentino Bayona celebra su 65 aniversario con una exposici\u00f3n sobre la educaci\u00f3n en el siglo XX - Ayuntamiento de Mula<\/title>\n<meta name=\"robots\" content=\"index, follow, max-snippet:-1, max-image-preview:large, max-video-preview:-1\" \/>\n<link rel=\"canonical\" href=\"https:\/\/mula.es\/web\/educacion-el-ceip-d-florentino-bayona-celebra-su-65-aniversario-con-una-exposicion-sobre-la-educacion-en-el-siglo-xx\/\" \/>\n<meta property=\"og:locale\" content=\"es_ES\" \/>\n<meta property=\"og:type\" content=\"article\" \/>\n<meta property=\"og:title\" content=\"EDUCACI\u00d3N | El CEIP D. Florentino Bayona celebra su 65 aniversario con una exposici\u00f3n sobre la educaci\u00f3n en el siglo XX - Ayuntamiento de Mula\" \/>\n<meta property=\"og:description\" content=\"\u00a0 El CEIP D. Florentino Bayona celebra su 65 aniversario con una exposici\u00f3n sobre la educaci\u00f3n en el siglo XX &nbsp; Esta ma\u00f1ana se ha inaugurado en el Museo Ciudad de Mula (Convento de San Francisco) la exposici\u00f3n \u201cLa Educaci\u00f3n del Siglo XX\u201d, una de las actividades conmemorativas organizadas por el CEIP D. Florentino Bayona [...]\" \/>\n<meta property=\"og:url\" content=\"https:\/\/mula.es\/web\/educacion-el-ceip-d-florentino-bayona-celebra-su-65-aniversario-con-una-exposicion-sobre-la-educacion-en-el-siglo-xx\/\" \/>\n<meta property=\"og:site_name\" content=\"Ayuntamiento de Mula\" \/>\n<meta property=\"article:published_time\" content=\"2025-05-13T10:57:00+00:00\" \/>\n<meta property=\"article:modified_time\" content=\"2025-05-13T11:41:09+00:00\" \/>\n<meta property=\"og:image\" content=\"https:\/\/mula.es\/web\/wp-content\/uploads\/2020\/06\/cropped-escudo-cuadrado.jpg\" \/>\n\t<meta property=\"og:image:width\" content=\"512\" \/>\n\t<meta property=\"og:image:height\" content=\"512\" \/>\n\t<meta property=\"og:image:type\" content=\"image\/jpeg\" \/>\n<meta name=\"author\" content=\"Laura Salas Orcajada\" \/>\n<meta name=\"twitter:card\" content=\"summary_large_image\" \/>\n<meta name=\"twitter:creator\" content=\"@AyuntamientMula\" \/>\n<meta name=\"twitter:site\" content=\"@AyuntamientMula\" \/>\n<meta name=\"twitter:label1\" content=\"Escrito por\" \/>\n\t<meta name=\"twitter:data1\" content=\"Laura Salas Orcajada\" \/>\n\t<meta name=\"twitter:label2\" content=\"Tiempo de lectura\" \/>\n\t<meta name=\"twitter:data2\" content=\"2 minutos\" \/>\n<script type=\"application\/ld+json\" class=\"yoast-schema-graph\">{\"@context\":\"https:\\\/\\\/schema.org\",\"@graph\":[{\"@type\":\"Article\",\"@id\":\"https:\\\/\\\/mula.es\\\/web\\\/educacion-el-ceip-d-florentino-bayona-celebra-su-65-aniversario-con-una-exposicion-sobre-la-educacion-en-el-siglo-xx\\\/#article\",\"isPartOf\":{\"@id\":\"https:\\\/\\\/mula.es\\\/web\\\/educacion-el-ceip-d-florentino-bayona-celebra-su-65-aniversario-con-una-exposicion-sobre-la-educacion-en-el-siglo-xx\\\/\"},\"author\":{\"name\":\"Laura Salas Orcajada\",\"@id\":\"https:\\\/\\\/mula.es\\\/web\\\/#\\\/schema\\\/person\\\/4f10179bd364f40dceed361e61e4033f\"},\"headline\":\"EDUCACI\u00d3N | El CEIP D. Florentino Bayona celebra su 65 aniversario con una exposici\u00f3n sobre la educaci\u00f3n en el siglo XX\",\"datePublished\":\"2025-05-13T10:57:00+00:00\",\"dateModified\":\"2025-05-13T11:41:09+00:00\",\"mainEntityOfPage\":{\"@id\":\"https:\\\/\\\/mula.es\\\/web\\\/educacion-el-ceip-d-florentino-bayona-celebra-su-65-aniversario-con-una-exposicion-sobre-la-educacion-en-el-siglo-xx\\\/\"},\"wordCount\":311,\"image\":{\"@id\":\"https:\\\/\\\/mula.es\\\/web\\\/educacion-el-ceip-d-florentino-bayona-celebra-su-65-aniversario-con-una-exposicion-sobre-la-educacion-en-el-siglo-xx\\\/#primaryimage\"},\"thumbnailUrl\":\"https:\\\/\\\/mula.es\\\/web\\\/wp-content\\\/uploads\\\/2020\\\/06\\\/cropped-escudo-cuadrado.jpg\",\"articleSection\":[\"educaci\u00f3n\"],\"inLanguage\":\"es\"},{\"@type\":\"WebPage\",\"@id\":\"https:\\\/\\\/mula.es\\\/web\\\/educacion-el-ceip-d-florentino-bayona-celebra-su-65-aniversario-con-una-exposicion-sobre-la-educacion-en-el-siglo-xx\\\/\",\"url\":\"https:\\\/\\\/mula.es\\\/web\\\/educacion-el-ceip-d-florentino-bayona-celebra-su-65-aniversario-con-una-exposicion-sobre-la-educacion-en-el-siglo-xx\\\/\",\"name\":\"EDUCACI\u00d3N | El CEIP D. Florentino Bayona celebra su 65 aniversario con una exposici\u00f3n sobre la educaci\u00f3n en el siglo XX - Ayuntamiento de Mula\",\"isPartOf\":{\"@id\":\"https:\\\/\\\/mula.es\\\/web\\\/#website\"},\"primaryImageOfPage\":{\"@id\":\"https:\\\/\\\/mula.es\\\/web\\\/educacion-el-ceip-d-florentino-bayona-celebra-su-65-aniversario-con-una-exposicion-sobre-la-educacion-en-el-siglo-xx\\\/#primaryimage\"},\"image\":{\"@id\":\"https:\\\/\\\/mula.es\\\/web\\\/educacion-el-ceip-d-florentino-bayona-celebra-su-65-aniversario-con-una-exposicion-sobre-la-educacion-en-el-siglo-xx\\\/#primaryimage\"},\"thumbnailUrl\":\"https:\\\/\\\/mula.es\\\/web\\\/wp-content\\\/uploads\\\/2020\\\/06\\\/cropped-escudo-cuadrado.jpg\",\"datePublished\":\"2025-05-13T10:57:00+00:00\",\"dateModified\":\"2025-05-13T11:41:09+00:00\",\"author\":{\"@id\":\"https:\\\/\\\/mula.es\\\/web\\\/#\\\/schema\\\/person\\\/4f10179bd364f40dceed361e61e4033f\"},\"breadcrumb\":{\"@id\":\"https:\\\/\\\/mula.es\\\/web\\\/educacion-el-ceip-d-florentino-bayona-celebra-su-65-aniversario-con-una-exposicion-sobre-la-educacion-en-el-siglo-xx\\\/#breadcrumb\"},\"inLanguage\":\"es\",\"potentialAction\":[{\"@type\":\"ReadAction\",\"target\":[\"https:\\\/\\\/mula.es\\\/web\\\/educacion-el-ceip-d-florentino-bayona-celebra-su-65-aniversario-con-una-exposicion-sobre-la-educacion-en-el-siglo-xx\\\/\"]}]},{\"@type\":\"ImageObject\",\"inLanguage\":\"es\",\"@id\":\"https:\\\/\\\/mula.es\\\/web\\\/educacion-el-ceip-d-florentino-bayona-celebra-su-65-aniversario-con-una-exposicion-sobre-la-educacion-en-el-siglo-xx\\\/#primaryimage\",\"url\":\"https:\\\/\\\/mula.es\\\/web\\\/wp-content\\\/uploads\\\/2020\\\/06\\\/cropped-escudo-cuadrado.jpg\",\"contentUrl\":\"https:\\\/\\\/mula.es\\\/web\\\/wp-content\\\/uploads\\\/2020\\\/06\\\/cropped-escudo-cuadrado.jpg\",\"width\":512,\"height\":512},{\"@type\":\"BreadcrumbList\",\"@id\":\"https:\\\/\\\/mula.es\\\/web\\\/educacion-el-ceip-d-florentino-bayona-celebra-su-65-aniversario-con-una-exposicion-sobre-la-educacion-en-el-siglo-xx\\\/#breadcrumb\",\"itemListElement\":[{\"@type\":\"ListItem\",\"position\":1,\"name\":\"Portada\",\"item\":\"https:\\\/\\\/mula.es\\\/web\\\/\"},{\"@type\":\"ListItem\",\"position\":2,\"name\":\"EDUCACI\u00d3N | El CEIP D. Florentino Bayona celebra su 65 aniversario con una exposici\u00f3n sobre la educaci\u00f3n en el siglo XX\"}]},{\"@type\":\"WebSite\",\"@id\":\"https:\\\/\\\/mula.es\\\/web\\\/#website\",\"url\":\"https:\\\/\\\/mula.es\\\/web\\\/\",\"name\":\"Ayuntamiento de Mula\",\"description\":\"P\u00e1gina web del Ayuntamiento de Mula (Regi\u00f3n de Murcia)\",\"potentialAction\":[{\"@type\":\"SearchAction\",\"target\":{\"@type\":\"EntryPoint\",\"urlTemplate\":\"https:\\\/\\\/mula.es\\\/web\\\/?s={search_term_string}\"},\"query-input\":{\"@type\":\"PropertyValueSpecification\",\"valueRequired\":true,\"valueName\":\"search_term_string\"}}],\"inLanguage\":\"es\"},{\"@type\":\"Person\",\"@id\":\"https:\\\/\\\/mula.es\\\/web\\\/#\\\/schema\\\/person\\\/4f10179bd364f40dceed361e61e4033f\",\"name\":\"Laura Salas Orcajada\",\"image\":{\"@type\":\"ImageObject\",\"inLanguage\":\"es\",\"@id\":\"https:\\\/\\\/secure.gravatar.com\\\/avatar\\\/786f2a223d9a455e2a448f78b5dcc1117207ef56ef3d9a04df338c0f775cd403?s=96&d=mm&r=g\",\"url\":\"https:\\\/\\\/secure.gravatar.com\\\/avatar\\\/786f2a223d9a455e2a448f78b5dcc1117207ef56ef3d9a04df338c0f775cd403?s=96&d=mm&r=g\",\"contentUrl\":\"https:\\\/\\\/secure.gravatar.com\\\/avatar\\\/786f2a223d9a455e2a448f78b5dcc1117207ef56ef3d9a04df338c0f775cd403?s=96&d=mm&r=g\",\"caption\":\"Laura Salas Orcajada\"},\"url\":\"https:\\\/\\\/mula.es\\\/web\\\/author\\\/lsalas\\\/\"}]}<\/script>\n<!-- \/ Yoast SEO plugin. -->","yoast_head_json":{"title":"EDUCACI\u00d3N | El CEIP D. Florentino Bayona celebra su 65 aniversario con una exposici\u00f3n sobre la educaci\u00f3n en el siglo XX - Ayuntamiento de Mula","robots":{"index":"index","follow":"follow","max-snippet":"max-snippet:-1","max-image-preview":"max-image-preview:large","max-video-preview":"max-video-preview:-1"},"canonical":"https:\/\/mula.es\/web\/educacion-el-ceip-d-florentino-bayona-celebra-su-65-aniversario-con-una-exposicion-sobre-la-educacion-en-el-siglo-xx\/","og_locale":"es_ES","og_type":"article","og_title":"EDUCACI\u00d3N | El CEIP D. Florentino Bayona celebra su 65 aniversario con una exposici\u00f3n sobre la educaci\u00f3n en el siglo XX - Ayuntamiento de Mula","og_description":"\u00a0 El CEIP D. Florentino Bayona celebra su 65 aniversario con una exposici\u00f3n sobre la educaci\u00f3n en el siglo XX &nbsp; Esta ma\u00f1ana se ha inaugurado en el Museo Ciudad de Mula (Convento de San Francisco) la exposici\u00f3n \u201cLa Educaci\u00f3n del Siglo XX\u201d, una de las actividades conmemorativas organizadas por el CEIP D. Florentino Bayona [...]","og_url":"https:\/\/mula.es\/web\/educacion-el-ceip-d-florentino-bayona-celebra-su-65-aniversario-con-una-exposicion-sobre-la-educacion-en-el-siglo-xx\/","og_site_name":"Ayuntamiento de Mula","article_published_time":"2025-05-13T10:57:00+00:00","article_modified_time":"2025-05-13T11:41:09+00:00","og_image":[{"width":512,"height":512,"url":"https:\/\/mula.es\/web\/wp-content\/uploads\/2020\/06\/cropped-escudo-cuadrado.jpg","type":"image\/jpeg"}],"author":"Laura Salas Orcajada","twitter_card":"summary_large_image","twitter_creator":"@AyuntamientMula","twitter_site":"@AyuntamientMula","twitter_misc":{"Escrito por":"Laura Salas Orcajada","Tiempo de lectura":"2 minutos"},"schema":{"@context":"https:\/\/schema.org","@graph":[{"@type":"Article","@id":"https:\/\/mula.es\/web\/educacion-el-ceip-d-florentino-bayona-celebra-su-65-aniversario-con-una-exposicion-sobre-la-educacion-en-el-siglo-xx\/#article","isPartOf":{"@id":"https:\/\/mula.es\/web\/educacion-el-ceip-d-florentino-bayona-celebra-su-65-aniversario-con-una-exposicion-sobre-la-educacion-en-el-siglo-xx\/"},"author":{"name":"Laura Salas Orcajada","@id":"https:\/\/mula.es\/web\/#\/schema\/person\/4f10179bd364f40dceed361e61e4033f"},"headline":"EDUCACI\u00d3N | El CEIP D. Florentino Bayona celebra su 65 aniversario con una exposici\u00f3n sobre la educaci\u00f3n en el siglo XX","datePublished":"2025-05-13T10:57:00+00:00","dateModified":"2025-05-13T11:41:09+00:00","mainEntityOfPage":{"@id":"https:\/\/mula.es\/web\/educacion-el-ceip-d-florentino-bayona-celebra-su-65-aniversario-con-una-exposicion-sobre-la-educacion-en-el-siglo-xx\/"},"wordCount":311,"image":{"@id":"https:\/\/mula.es\/web\/educacion-el-ceip-d-florentino-bayona-celebra-su-65-aniversario-con-una-exposicion-sobre-la-educacion-en-el-siglo-xx\/#primaryimage"},"thumbnailUrl":"https:\/\/mula.es\/web\/wp-content\/uploads\/2020\/06\/cropped-escudo-cuadrado.jpg","articleSection":["educaci\u00f3n"],"inLanguage":"es"},{"@type":"WebPage","@id":"https:\/\/mula.es\/web\/educacion-el-ceip-d-florentino-bayona-celebra-su-65-aniversario-con-una-exposicion-sobre-la-educacion-en-el-siglo-xx\/","url":"https:\/\/mula.es\/web\/educacion-el-ceip-d-florentino-bayona-celebra-su-65-aniversario-con-una-exposicion-sobre-la-educacion-en-el-siglo-xx\/","name":"EDUCACI\u00d3N | El CEIP D. Florentino Bayona celebra su 65 aniversario con una exposici\u00f3n sobre la educaci\u00f3n en el siglo XX - Ayuntamiento de Mula","isPartOf":{"@id":"https:\/\/mula.es\/web\/#website"},"primaryImageOfPage":{"@id":"https:\/\/mula.es\/web\/educacion-el-ceip-d-florentino-bayona-celebra-su-65-aniversario-con-una-exposicion-sobre-la-educacion-en-el-siglo-xx\/#primaryimage"},"image":{"@id":"https:\/\/mula.es\/web\/educacion-el-ceip-d-florentino-bayona-celebra-su-65-aniversario-con-una-exposicion-sobre-la-educacion-en-el-siglo-xx\/#primaryimage"},"thumbnailUrl":"https:\/\/mula.es\/web\/wp-content\/uploads\/2020\/06\/cropped-escudo-cuadrado.jpg","datePublished":"2025-05-13T10:57:00+00:00","dateModified":"2025-05-13T11:41:09+00:00","author":{"@id":"https:\/\/mula.es\/web\/#\/schema\/person\/4f10179bd364f40dceed361e61e4033f"},"breadcrumb":{"@id":"https:\/\/mula.es\/web\/educacion-el-ceip-d-florentino-bayona-celebra-su-65-aniversario-con-una-exposicion-sobre-la-educacion-en-el-siglo-xx\/#breadcrumb"},"inLanguage":"es","potentialAction":[{"@type":"ReadAction","target":["https:\/\/mula.es\/web\/educacion-el-ceip-d-florentino-bayona-celebra-su-65-aniversario-con-una-exposicion-sobre-la-educacion-en-el-siglo-xx\/"]}]},{"@type":"ImageObject","inLanguage":"es","@id":"https:\/\/mula.es\/web\/educacion-el-ceip-d-florentino-bayona-celebra-su-65-aniversario-con-una-exposicion-sobre-la-educacion-en-el-siglo-xx\/#primaryimage","url":"https:\/\/mula.es\/web\/wp-content\/uploads\/2020\/06\/cropped-escudo-cuadrado.jpg","contentUrl":"https:\/\/mula.es\/web\/wp-content\/uploads\/2020\/06\/cropped-escudo-cuadrado.jpg","width":512,"height":512},{"@type":"BreadcrumbList","@id":"https:\/\/mula.es\/web\/educacion-el-ceip-d-florentino-bayona-celebra-su-65-aniversario-con-una-exposicion-sobre-la-educacion-en-el-siglo-xx\/#breadcrumb","itemListElement":[{"@type":"ListItem","position":1,"name":"Portada","item":"https:\/\/mula.es\/web\/"},{"@type":"ListItem","position":2,"name":"EDUCACI\u00d3N | El CEIP D. Florentino Bayona celebra su 65 aniversario con una exposici\u00f3n sobre la educaci\u00f3n en el siglo XX"}]},{"@type":"WebSite","@id":"https:\/\/mula.es\/web\/#website","url":"https:\/\/mula.es\/web\/","name":"Ayuntamiento de Mula","description":"P\u00e1gina web del Ayuntamiento de Mula (Regi\u00f3n de Murcia)","potentialAction":[{"@type":"SearchAction","target":{"@type":"EntryPoint","urlTemplate":"https:\/\/mula.es\/web\/?s={search_term_string}"},"query-input":{"@type":"PropertyValueSpecification","valueRequired":true,"valueName":"search_term_string"}}],"inLanguage":"es"},{"@type":"Person","@id":"https:\/\/mula.es\/web\/#\/schema\/person\/4f10179bd364f40dceed361e61e4033f","name":"Laura Salas Orcajada","image":{"@type":"ImageObject","inLanguage":"es","@id":"https:\/\/secure.gravatar.com\/avatar\/786f2a223d9a455e2a448f78b5dcc1117207ef56ef3d9a04df338c0f775cd403?s=96&d=mm&r=g","url":"https:\/\/secure.gravatar.com\/avatar\/786f2a223d9a455e2a448f78b5dcc1117207ef56ef3d9a04df338c0f775cd403?s=96&d=mm&r=g","contentUrl":"https:\/\/secure.gravatar.com\/avatar\/786f2a223d9a455e2a448f78b5dcc1117207ef56ef3d9a04df338c0f775cd403?s=96&d=mm&r=g","caption":"Laura Salas Orcajada"},"url":"https:\/\/mula.es\/web\/author\/lsalas\/"}]}},"jetpack_publicize_connections":[],"jetpack_featured_media_url":"https:\/\/mula.es\/web\/wp-content\/uploads\/2020\/06\/cropped-escudo-cuadrado.jpg","jetpack_sharing_enabled":true,"jetpack_shortlink":"https:\/\/wp.me\/pa9DMY-feu","jetpack-related-posts":[],"_links":{"self":[{"href":"https:\/\/mula.es\/web\/wp-json\/wp\/v2\/posts\/58558","targetHints":{"allow":["GET"]}}],"collection":[{"href":"https:\/\/mula.es\/web\/wp-json\/wp\/v2\/posts"}],"about":[{"href":"https:\/\/mula.es\/web\/wp-json\/wp\/v2\/types\/post"}],"author":[{"embeddable":true,"href":"https:\/\/mula.es\/web\/wp-json\/wp\/v2\/users\/13"}],"replies":[{"embeddable":true,"href":"https:\/\/mula.es\/web\/wp-json\/wp\/v2\/comments?post=58558"}],"version-history":[{"count":2,"href":"https:\/\/mula.es\/web\/wp-json\/wp\/v2\/posts\/58558\/revisions"}],"predecessor-version":[{"id":58563,"href":"https:\/\/mula.es\/web\/wp-json\/wp\/v2\/posts\/58558\/revisions\/58563"}],"wp:featuredmedia":[{"embeddable":true,"href":"https:\/\/mula.es\/web\/wp-json\/wp\/v2\/media\/33514"}],"wp:attachment":[{"href":"https:\/\/mula.es\/web\/wp-json\/wp\/v2\/media?parent=58558"}],"wp:term":[{"taxonomy":"category","embeddable":true,"href":"https:\/\/mula.es\/web\/wp-json\/wp\/v2\/categories?post=58558"},{"taxonomy":"post_tag","embeddable":true,"href":"https:\/\/mula.es\/web\/wp-json\/wp\/v2\/tags?post=58558"}],"curies":[{"name":"wp","href":"https:\/\/api.w.org\/{rel}","templated":true}]}}