{"id":58564,"date":"2025-05-14T11:14:35","date_gmt":"2025-05-14T09:14:35","guid":{"rendered":"https:\/\/mula.es\/web\/?p=58564"},"modified":"2025-05-14T11:14:35","modified_gmt":"2025-05-14T09:14:35","slug":"alcaldia-el-alcalde-se-reune-con-la-delegada-del-gobierno","status":"publish","type":"post","link":"https:\/\/mula.es\/web\/alcaldia-el-alcalde-se-reune-con-la-delegada-del-gobierno\/","title":{"rendered":"ALCALD\u00cdA | El alcalde se re\u00fane con la delegada del Gobierno"},"content":{"rendered":"<p><strong>NOTA DE PRENSA \u2013 14 DE MAYO DE 2025<\/strong><\/p>\n<p><strong>\u00a0<\/strong><\/p>\n<p><strong>\u00a0<\/strong><\/p>\n<h2><strong>El alcalde se re\u00fane con la delegada del Gobierno <\/strong><\/h2>\n<p><strong><em>Juan Jes\u00fas Moreno mantiene una reuni\u00f3n de trabajo con Mariola Guevara para solicitar ayuda al Gobierno de Espa\u00f1a tras los da\u00f1os ocasionados por el granizo a la agricultura<\/em><\/strong><\/p>\n<p><strong>\u00a0<\/strong><\/p>\n<p>El alcalde de Mula, Juan Jes\u00fas Moreno, ha mantenido una reuni\u00f3n de trabajo con la delegada del Gobierno en la Regi\u00f3n de Murcia, Mariola Guevara, para trasladarle la preocupaci\u00f3n del sector agrario mule\u00f1o ante los graves da\u00f1os ocasionados por las fuertes lluvias y la granizada del pasado 8 de mayo, que afectaron especialmente a los cultivos de frutales en zonas como la pedan\u00eda de Y\u00e9char.<\/p>\n<p>Durante el encuentro, el alcalde ha comunicado la intenci\u00f3n del Ayuntamiento de instar a la Consejer\u00eda de Agricultura a que solicite formalmente al Ministerio de Agricultura la declaraci\u00f3n de <strong>zona gravemente afectada por una emergencia de protecci\u00f3n civil<\/strong>, una vez que los informes de valoraci\u00f3n de da\u00f1os realizados por los t\u00e9cnicos de la Consejer\u00eda est\u00e9n a disposici\u00f3n del Ayuntamiento.<\/p>\n<p>Adem\u00e1s, el alcalde ha trasladado la necesidad urgente de que el Consejo de Gobierno de la Regi\u00f3n de Murcia cree y active <strong>un fondo de contingencia anual dotado con 10 millones de euros<\/strong>, como ya han solicitado en numerosas ocasiones las organizaciones agrarias de la Regi\u00f3n. <strong>Este fondo permitir\u00eda dar una respuesta r\u00e1pida y eficaz ante situaciones como la vivida recientemente<\/strong>, compensando los da\u00f1os y gastos derivados de emergencias clim\u00e1ticas en el sector agr\u00edcola.<\/p>\n<p>Juan Jes\u00fas Moreno ha agradecido a la delegada del Gobierno su preocupaci\u00f3n y total disposici\u00f3n para trasladar esta preocupaci\u00f3n al <strong>ministro de Agricultura, Pesca y Alimentaci\u00f3n<\/strong>, poniendo en valor la necesidad de actuar con rapidez y coordinaci\u00f3n entre administraciones para proteger a un sector vital como es el agr\u00edcola, especialmente en momentos de dificultad como el actual.<\/p>\n<p><a href=\"https:\/\/mula.es\/web\/wp-content\/uploads\/2025\/05\/1-8-scaled.jpg\"><img decoding=\"async\" data-attachment-id=\"58565\" data-permalink=\"https:\/\/mula.es\/web\/alcaldia-el-alcalde-se-reune-con-la-delegada-del-gobierno\/1-276\/\" data-orig-file=\"https:\/\/mula.es\/web\/wp-content\/uploads\/2025\/05\/1-8-scaled.jpg\" data-orig-size=\"2560,1707\" data-comments-opened=\"0\" data-image-meta=\"{&quot;aperture&quot;:&quot;0&quot;,&quot;credit&quot;:&quot;&quot;,&quot;camera&quot;:&quot;&quot;,&quot;caption&quot;:&quot;&quot;,&quot;created_timestamp&quot;:&quot;0&quot;,&quot;copyright&quot;:&quot;&quot;,&quot;focal_length&quot;:&quot;0&quot;,&quot;iso&quot;:&quot;0&quot;,&quot;shutter_speed&quot;:&quot;0&quot;,&quot;title&quot;:&quot;&quot;,&quot;orientation&quot;:&quot;1&quot;}\" data-image-title=\"1\" data-image-description=\"\" data-image-caption=\"\" data-large-file=\"https:\/\/mula.es\/web\/wp-content\/uploads\/2025\/05\/1-8-1024x683.jpg\" class=\"alignnone size-medium wp-image-58565\" src=\"https:\/\/mula.es\/web\/wp-content\/uploads\/2025\/05\/1-8-300x200.jpg\" alt=\"\" width=\"300\" height=\"200\" srcset=\"https:\/\/mula.es\/web\/wp-content\/uploads\/2025\/05\/1-8-200x133.jpg 200w, https:\/\/mula.es\/web\/wp-content\/uploads\/2025\/05\/1-8-300x200.jpg 300w, https:\/\/mula.es\/web\/wp-content\/uploads\/2025\/05\/1-8-400x267.jpg 400w, https:\/\/mula.es\/web\/wp-content\/uploads\/2025\/05\/1-8-600x400.jpg 600w, https:\/\/mula.es\/web\/wp-content\/uploads\/2025\/05\/1-8-768x512.jpg 768w, https:\/\/mula.es\/web\/wp-content\/uploads\/2025\/05\/1-8-800x533.jpg 800w, https:\/\/mula.es\/web\/wp-content\/uploads\/2025\/05\/1-8-1024x683.jpg 1024w, https:\/\/mula.es\/web\/wp-content\/uploads\/2025\/05\/1-8-1200x800.jpg 1200w, https:\/\/mula.es\/web\/wp-content\/uploads\/2025\/05\/1-8-1536x1024.jpg 1536w\" sizes=\"(max-width: 300px) 100vw, 300px\" \/><\/a> <a href=\"https:\/\/mula.es\/web\/wp-content\/uploads\/2025\/05\/2-8-scaled.jpg\"><img decoding=\"async\" data-attachment-id=\"58566\" data-permalink=\"https:\/\/mula.es\/web\/alcaldia-el-alcalde-se-reune-con-la-delegada-del-gobierno\/2-258\/\" data-orig-file=\"https:\/\/mula.es\/web\/wp-content\/uploads\/2025\/05\/2-8-scaled.jpg\" data-orig-size=\"2560,1707\" data-comments-opened=\"0\" data-image-meta=\"{&quot;aperture&quot;:&quot;0&quot;,&quot;credit&quot;:&quot;&quot;,&quot;camera&quot;:&quot;&quot;,&quot;caption&quot;:&quot;&quot;,&quot;created_timestamp&quot;:&quot;0&quot;,&quot;copyright&quot;:&quot;&quot;,&quot;focal_length&quot;:&quot;0&quot;,&quot;iso&quot;:&quot;0&quot;,&quot;shutter_speed&quot;:&quot;0&quot;,&quot;title&quot;:&quot;&quot;,&quot;orientation&quot;:&quot;1&quot;}\" data-image-title=\"2\" data-image-description=\"\" data-image-caption=\"\" data-large-file=\"https:\/\/mula.es\/web\/wp-content\/uploads\/2025\/05\/2-8-1024x683.jpg\" class=\"alignnone size-medium wp-image-58566\" src=\"https:\/\/mula.es\/web\/wp-content\/uploads\/2025\/05\/2-8-300x200.jpg\" alt=\"\" width=\"300\" height=\"200\" srcset=\"https:\/\/mula.es\/web\/wp-content\/uploads\/2025\/05\/2-8-200x133.jpg 200w, https:\/\/mula.es\/web\/wp-content\/uploads\/2025\/05\/2-8-300x200.jpg 300w, https:\/\/mula.es\/web\/wp-content\/uploads\/2025\/05\/2-8-400x267.jpg 400w, https:\/\/mula.es\/web\/wp-content\/uploads\/2025\/05\/2-8-600x400.jpg 600w, https:\/\/mula.es\/web\/wp-content\/uploads\/2025\/05\/2-8-768x512.jpg 768w, https:\/\/mula.es\/web\/wp-content\/uploads\/2025\/05\/2-8-800x533.jpg 800w, https:\/\/mula.es\/web\/wp-content\/uploads\/2025\/05\/2-8-1024x683.jpg 1024w, https:\/\/mula.es\/web\/wp-content\/uploads\/2025\/05\/2-8-1200x800.jpg 1200w, https:\/\/mula.es\/web\/wp-content\/uploads\/2025\/05\/2-8-1536x1024.jpg 1536w\" sizes=\"(max-width: 300px) 100vw, 300px\" \/><\/a> <a href=\"https:\/\/mula.es\/web\/wp-content\/uploads\/2025\/05\/3-7-scaled.jpg\"><img decoding=\"async\" data-attachment-id=\"58567\" data-permalink=\"https:\/\/mula.es\/web\/alcaldia-el-alcalde-se-reune-con-la-delegada-del-gobierno\/3-224\/\" data-orig-file=\"https:\/\/mula.es\/web\/wp-content\/uploads\/2025\/05\/3-7-scaled.jpg\" data-orig-size=\"2560,1707\" data-comments-opened=\"0\" data-image-meta=\"{&quot;aperture&quot;:&quot;0&quot;,&quot;credit&quot;:&quot;&quot;,&quot;camera&quot;:&quot;&quot;,&quot;caption&quot;:&quot;&quot;,&quot;created_timestamp&quot;:&quot;0&quot;,&quot;copyright&quot;:&quot;&quot;,&quot;focal_length&quot;:&quot;0&quot;,&quot;iso&quot;:&quot;0&quot;,&quot;shutter_speed&quot;:&quot;0&quot;,&quot;title&quot;:&quot;&quot;,&quot;orientation&quot;:&quot;1&quot;}\" data-image-title=\"3\" data-image-description=\"\" data-image-caption=\"\" data-large-file=\"https:\/\/mula.es\/web\/wp-content\/uploads\/2025\/05\/3-7-1024x683.jpg\" class=\"alignnone size-medium wp-image-58567\" src=\"https:\/\/mula.es\/web\/wp-content\/uploads\/2025\/05\/3-7-300x200.jpg\" alt=\"\" width=\"300\" height=\"200\" srcset=\"https:\/\/mula.es\/web\/wp-content\/uploads\/2025\/05\/3-7-200x133.jpg 200w, https:\/\/mula.es\/web\/wp-content\/uploads\/2025\/05\/3-7-300x200.jpg 300w, https:\/\/mula.es\/web\/wp-content\/uploads\/2025\/05\/3-7-400x267.jpg 400w, https:\/\/mula.es\/web\/wp-content\/uploads\/2025\/05\/3-7-600x400.jpg 600w, https:\/\/mula.es\/web\/wp-content\/uploads\/2025\/05\/3-7-768x512.jpg 768w, https:\/\/mula.es\/web\/wp-content\/uploads\/2025\/05\/3-7-800x533.jpg 800w, https:\/\/mula.es\/web\/wp-content\/uploads\/2025\/05\/3-7-1024x683.jpg 1024w, https:\/\/mula.es\/web\/wp-content\/uploads\/2025\/05\/3-7-1200x800.jpg 1200w, https:\/\/mula.es\/web\/wp-content\/uploads\/2025\/05\/3-7-1536x1024.jpg 1536w\" sizes=\"(max-width: 300px) 100vw, 300px\" \/><\/a><\/p>\n","protected":false},"excerpt":{"rendered":"<p>NOTA DE PRENSA \u2013 14 DE MAYO DE 2025 \u00a0 \u00a0 El alcalde se re\u00fane con la delegada del Gobierno Juan Jes\u00fas Moreno mantiene una reuni\u00f3n de trabajo con Mariola Guevara para solicitar ayuda al Gobierno de Espa\u00f1a tras los da\u00f1os ocasionados por el granizo a la agricultura \u00a0 El alcalde de Mula, Juan Jes\u00fas  [&#8230;]<\/p>\n","protected":false},"author":13,"featured_media":33512,"comment_status":"closed","ping_status":"closed","sticky":false,"template":"","format":"standard","meta":{"jetpack_post_was_ever_published":false,"_jetpack_newsletter_access":"","_jetpack_dont_email_post_to_subs":false,"_jetpack_newsletter_tier_id":0,"_jetpack_memberships_contains_paywalled_content":false,"_jetpack_memberships_contains_paid_content":false,"footnotes":"","jetpack_publicize_message":"","jetpack_publicize_feature_enabled":true,"jetpack_social_post_already_shared":false,"jetpack_social_options":{"image_generator_settings":{"template":"highway","default_image_id":0,"font":"","enabled":false},"version":2}},"categories":[392],"tags":[],"class_list":["post-58564","post","type-post","status-publish","format-standard","has-post-thumbnail","hentry","category-alcaldia"],"yoast_head":"<!-- This site is optimized with the Yoast SEO plugin v27.4 - https:\/\/yoast.com\/product\/yoast-seo-wordpress\/ -->\n<title>ALCALD\u00cdA | El alcalde se re\u00fane con la delegada del Gobierno - Ayuntamiento de Mula<\/title>\n<meta name=\"robots\" content=\"index, follow, max-snippet:-1, max-image-preview:large, max-video-preview:-1\" \/>\n<link rel=\"canonical\" href=\"https:\/\/mula.es\/web\/alcaldia-el-alcalde-se-reune-con-la-delegada-del-gobierno\/\" \/>\n<meta property=\"og:locale\" content=\"es_ES\" \/>\n<meta property=\"og:type\" content=\"article\" \/>\n<meta property=\"og:title\" content=\"ALCALD\u00cdA | El alcalde se re\u00fane con la delegada del Gobierno - Ayuntamiento de Mula\" \/>\n<meta property=\"og:description\" content=\"NOTA DE PRENSA \u2013 14 DE MAYO DE 2025 \u00a0 \u00a0 El alcalde se re\u00fane con la delegada del Gobierno Juan Jes\u00fas Moreno mantiene una reuni\u00f3n de trabajo con Mariola Guevara para solicitar ayuda al Gobierno de Espa\u00f1a tras los da\u00f1os ocasionados por el granizo a la agricultura \u00a0 El alcalde de Mula, Juan Jes\u00fas [...]\" \/>\n<meta property=\"og:url\" content=\"https:\/\/mula.es\/web\/alcaldia-el-alcalde-se-reune-con-la-delegada-del-gobierno\/\" \/>\n<meta property=\"og:site_name\" content=\"Ayuntamiento de Mula\" \/>\n<meta property=\"article:published_time\" content=\"2025-05-14T09:14:35+00:00\" \/>\n<meta property=\"og:image\" content=\"https:\/\/mula.es\/web\/wp-content\/uploads\/2020\/06\/escudo-cuadrado-e1591045058235.jpg\" \/>\n\t<meta property=\"og:image:width\" content=\"200\" \/>\n\t<meta property=\"og:image:height\" content=\"218\" \/>\n\t<meta property=\"og:image:type\" content=\"image\/jpeg\" \/>\n<meta name=\"author\" content=\"Laura Salas Orcajada\" \/>\n<meta name=\"twitter:card\" content=\"summary_large_image\" \/>\n<meta name=\"twitter:creator\" content=\"@AyuntamientMula\" \/>\n<meta name=\"twitter:site\" content=\"@AyuntamientMula\" \/>\n<meta name=\"twitter:label1\" content=\"Escrito por\" \/>\n\t<meta name=\"twitter:data1\" content=\"Laura Salas Orcajada\" \/>\n\t<meta name=\"twitter:label2\" content=\"Tiempo de lectura\" \/>\n\t<meta name=\"twitter:data2\" content=\"3 minutos\" \/>\n<script type=\"application\/ld+json\" class=\"yoast-schema-graph\">{\"@context\":\"https:\\\/\\\/schema.org\",\"@graph\":[{\"@type\":\"Article\",\"@id\":\"https:\\\/\\\/mula.es\\\/web\\\/alcaldia-el-alcalde-se-reune-con-la-delegada-del-gobierno\\\/#article\",\"isPartOf\":{\"@id\":\"https:\\\/\\\/mula.es\\\/web\\\/alcaldia-el-alcalde-se-reune-con-la-delegada-del-gobierno\\\/\"},\"author\":{\"name\":\"Laura Salas Orcajada\",\"@id\":\"https:\\\/\\\/mula.es\\\/web\\\/#\\\/schema\\\/person\\\/4f10179bd364f40dceed361e61e4033f\"},\"headline\":\"ALCALD\u00cdA | El alcalde se re\u00fane con la delegada del Gobierno\",\"datePublished\":\"2025-05-14T09:14:35+00:00\",\"mainEntityOfPage\":{\"@id\":\"https:\\\/\\\/mula.es\\\/web\\\/alcaldia-el-alcalde-se-reune-con-la-delegada-del-gobierno\\\/\"},\"wordCount\":346,\"image\":{\"@id\":\"https:\\\/\\\/mula.es\\\/web\\\/alcaldia-el-alcalde-se-reune-con-la-delegada-del-gobierno\\\/#primaryimage\"},\"thumbnailUrl\":\"https:\\\/\\\/mula.es\\\/web\\\/wp-content\\\/uploads\\\/2020\\\/06\\\/escudo-cuadrado-e1591045058235.jpg\",\"articleSection\":[\"alcald\u00eda\"],\"inLanguage\":\"es\"},{\"@type\":\"WebPage\",\"@id\":\"https:\\\/\\\/mula.es\\\/web\\\/alcaldia-el-alcalde-se-reune-con-la-delegada-del-gobierno\\\/\",\"url\":\"https:\\\/\\\/mula.es\\\/web\\\/alcaldia-el-alcalde-se-reune-con-la-delegada-del-gobierno\\\/\",\"name\":\"ALCALD\u00cdA | El alcalde se re\u00fane con la delegada del Gobierno - Ayuntamiento de Mula\",\"isPartOf\":{\"@id\":\"https:\\\/\\\/mula.es\\\/web\\\/#website\"},\"primaryImageOfPage\":{\"@id\":\"https:\\\/\\\/mula.es\\\/web\\\/alcaldia-el-alcalde-se-reune-con-la-delegada-del-gobierno\\\/#primaryimage\"},\"image\":{\"@id\":\"https:\\\/\\\/mula.es\\\/web\\\/alcaldia-el-alcalde-se-reune-con-la-delegada-del-gobierno\\\/#primaryimage\"},\"thumbnailUrl\":\"https:\\\/\\\/mula.es\\\/web\\\/wp-content\\\/uploads\\\/2020\\\/06\\\/escudo-cuadrado-e1591045058235.jpg\",\"datePublished\":\"2025-05-14T09:14:35+00:00\",\"author\":{\"@id\":\"https:\\\/\\\/mula.es\\\/web\\\/#\\\/schema\\\/person\\\/4f10179bd364f40dceed361e61e4033f\"},\"breadcrumb\":{\"@id\":\"https:\\\/\\\/mula.es\\\/web\\\/alcaldia-el-alcalde-se-reune-con-la-delegada-del-gobierno\\\/#breadcrumb\"},\"inLanguage\":\"es\",\"potentialAction\":[{\"@type\":\"ReadAction\",\"target\":[\"https:\\\/\\\/mula.es\\\/web\\\/alcaldia-el-alcalde-se-reune-con-la-delegada-del-gobierno\\\/\"]}]},{\"@type\":\"ImageObject\",\"inLanguage\":\"es\",\"@id\":\"https:\\\/\\\/mula.es\\\/web\\\/alcaldia-el-alcalde-se-reune-con-la-delegada-del-gobierno\\\/#primaryimage\",\"url\":\"https:\\\/\\\/mula.es\\\/web\\\/wp-content\\\/uploads\\\/2020\\\/06\\\/escudo-cuadrado-e1591045058235.jpg\",\"contentUrl\":\"https:\\\/\\\/mula.es\\\/web\\\/wp-content\\\/uploads\\\/2020\\\/06\\\/escudo-cuadrado-e1591045058235.jpg\",\"width\":200,\"height\":218},{\"@type\":\"BreadcrumbList\",\"@id\":\"https:\\\/\\\/mula.es\\\/web\\\/alcaldia-el-alcalde-se-reune-con-la-delegada-del-gobierno\\\/#breadcrumb\",\"itemListElement\":[{\"@type\":\"ListItem\",\"position\":1,\"name\":\"Portada\",\"item\":\"https:\\\/\\\/mula.es\\\/web\\\/\"},{\"@type\":\"ListItem\",\"position\":2,\"name\":\"ALCALD\u00cdA | El alcalde se re\u00fane con la delegada del Gobierno\"}]},{\"@type\":\"WebSite\",\"@id\":\"https:\\\/\\\/mula.es\\\/web\\\/#website\",\"url\":\"https:\\\/\\\/mula.es\\\/web\\\/\",\"name\":\"Ayuntamiento de Mula\",\"description\":\"P\u00e1gina web del Ayuntamiento de Mula (Regi\u00f3n de Murcia)\",\"potentialAction\":[{\"@type\":\"SearchAction\",\"target\":{\"@type\":\"EntryPoint\",\"urlTemplate\":\"https:\\\/\\\/mula.es\\\/web\\\/?s={search_term_string}\"},\"query-input\":{\"@type\":\"PropertyValueSpecification\",\"valueRequired\":true,\"valueName\":\"search_term_string\"}}],\"inLanguage\":\"es\"},{\"@type\":\"Person\",\"@id\":\"https:\\\/\\\/mula.es\\\/web\\\/#\\\/schema\\\/person\\\/4f10179bd364f40dceed361e61e4033f\",\"name\":\"Laura Salas Orcajada\",\"image\":{\"@type\":\"ImageObject\",\"inLanguage\":\"es\",\"@id\":\"https:\\\/\\\/secure.gravatar.com\\\/avatar\\\/786f2a223d9a455e2a448f78b5dcc1117207ef56ef3d9a04df338c0f775cd403?s=96&d=mm&r=g\",\"url\":\"https:\\\/\\\/secure.gravatar.com\\\/avatar\\\/786f2a223d9a455e2a448f78b5dcc1117207ef56ef3d9a04df338c0f775cd403?s=96&d=mm&r=g\",\"contentUrl\":\"https:\\\/\\\/secure.gravatar.com\\\/avatar\\\/786f2a223d9a455e2a448f78b5dcc1117207ef56ef3d9a04df338c0f775cd403?s=96&d=mm&r=g\",\"caption\":\"Laura Salas Orcajada\"},\"url\":\"https:\\\/\\\/mula.es\\\/web\\\/author\\\/lsalas\\\/\"}]}<\/script>\n<!-- \/ Yoast SEO plugin. -->","yoast_head_json":{"title":"ALCALD\u00cdA | El alcalde se re\u00fane con la delegada del Gobierno - Ayuntamiento de Mula","robots":{"index":"index","follow":"follow","max-snippet":"max-snippet:-1","max-image-preview":"max-image-preview:large","max-video-preview":"max-video-preview:-1"},"canonical":"https:\/\/mula.es\/web\/alcaldia-el-alcalde-se-reune-con-la-delegada-del-gobierno\/","og_locale":"es_ES","og_type":"article","og_title":"ALCALD\u00cdA | El alcalde se re\u00fane con la delegada del Gobierno - Ayuntamiento de Mula","og_description":"NOTA DE PRENSA \u2013 14 DE MAYO DE 2025 \u00a0 \u00a0 El alcalde se re\u00fane con la delegada del Gobierno Juan Jes\u00fas Moreno mantiene una reuni\u00f3n de trabajo con Mariola Guevara para solicitar ayuda al Gobierno de Espa\u00f1a tras los da\u00f1os ocasionados por el granizo a la agricultura \u00a0 El alcalde de Mula, Juan Jes\u00fas [...]","og_url":"https:\/\/mula.es\/web\/alcaldia-el-alcalde-se-reune-con-la-delegada-del-gobierno\/","og_site_name":"Ayuntamiento de Mula","article_published_time":"2025-05-14T09:14:35+00:00","og_image":[{"width":200,"height":218,"url":"https:\/\/mula.es\/web\/wp-content\/uploads\/2020\/06\/escudo-cuadrado-e1591045058235.jpg","type":"image\/jpeg"}],"author":"Laura Salas Orcajada","twitter_card":"summary_large_image","twitter_creator":"@AyuntamientMula","twitter_site":"@AyuntamientMula","twitter_misc":{"Escrito por":"Laura Salas Orcajada","Tiempo de lectura":"3 minutos"},"schema":{"@context":"https:\/\/schema.org","@graph":[{"@type":"Article","@id":"https:\/\/mula.es\/web\/alcaldia-el-alcalde-se-reune-con-la-delegada-del-gobierno\/#article","isPartOf":{"@id":"https:\/\/mula.es\/web\/alcaldia-el-alcalde-se-reune-con-la-delegada-del-gobierno\/"},"author":{"name":"Laura Salas Orcajada","@id":"https:\/\/mula.es\/web\/#\/schema\/person\/4f10179bd364f40dceed361e61e4033f"},"headline":"ALCALD\u00cdA | El alcalde se re\u00fane con la delegada del Gobierno","datePublished":"2025-05-14T09:14:35+00:00","mainEntityOfPage":{"@id":"https:\/\/mula.es\/web\/alcaldia-el-alcalde-se-reune-con-la-delegada-del-gobierno\/"},"wordCount":346,"image":{"@id":"https:\/\/mula.es\/web\/alcaldia-el-alcalde-se-reune-con-la-delegada-del-gobierno\/#primaryimage"},"thumbnailUrl":"https:\/\/mula.es\/web\/wp-content\/uploads\/2020\/06\/escudo-cuadrado-e1591045058235.jpg","articleSection":["alcald\u00eda"],"inLanguage":"es"},{"@type":"WebPage","@id":"https:\/\/mula.es\/web\/alcaldia-el-alcalde-se-reune-con-la-delegada-del-gobierno\/","url":"https:\/\/mula.es\/web\/alcaldia-el-alcalde-se-reune-con-la-delegada-del-gobierno\/","name":"ALCALD\u00cdA | El alcalde se re\u00fane con la delegada del Gobierno - Ayuntamiento de Mula","isPartOf":{"@id":"https:\/\/mula.es\/web\/#website"},"primaryImageOfPage":{"@id":"https:\/\/mula.es\/web\/alcaldia-el-alcalde-se-reune-con-la-delegada-del-gobierno\/#primaryimage"},"image":{"@id":"https:\/\/mula.es\/web\/alcaldia-el-alcalde-se-reune-con-la-delegada-del-gobierno\/#primaryimage"},"thumbnailUrl":"https:\/\/mula.es\/web\/wp-content\/uploads\/2020\/06\/escudo-cuadrado-e1591045058235.jpg","datePublished":"2025-05-14T09:14:35+00:00","author":{"@id":"https:\/\/mula.es\/web\/#\/schema\/person\/4f10179bd364f40dceed361e61e4033f"},"breadcrumb":{"@id":"https:\/\/mula.es\/web\/alcaldia-el-alcalde-se-reune-con-la-delegada-del-gobierno\/#breadcrumb"},"inLanguage":"es","potentialAction":[{"@type":"ReadAction","target":["https:\/\/mula.es\/web\/alcaldia-el-alcalde-se-reune-con-la-delegada-del-gobierno\/"]}]},{"@type":"ImageObject","inLanguage":"es","@id":"https:\/\/mula.es\/web\/alcaldia-el-alcalde-se-reune-con-la-delegada-del-gobierno\/#primaryimage","url":"https:\/\/mula.es\/web\/wp-content\/uploads\/2020\/06\/escudo-cuadrado-e1591045058235.jpg","contentUrl":"https:\/\/mula.es\/web\/wp-content\/uploads\/2020\/06\/escudo-cuadrado-e1591045058235.jpg","width":200,"height":218},{"@type":"BreadcrumbList","@id":"https:\/\/mula.es\/web\/alcaldia-el-alcalde-se-reune-con-la-delegada-del-gobierno\/#breadcrumb","itemListElement":[{"@type":"ListItem","position":1,"name":"Portada","item":"https:\/\/mula.es\/web\/"},{"@type":"ListItem","position":2,"name":"ALCALD\u00cdA | El alcalde se re\u00fane con la delegada del Gobierno"}]},{"@type":"WebSite","@id":"https:\/\/mula.es\/web\/#website","url":"https:\/\/mula.es\/web\/","name":"Ayuntamiento de Mula","description":"P\u00e1gina web del Ayuntamiento de Mula (Regi\u00f3n de Murcia)","potentialAction":[{"@type":"SearchAction","target":{"@type":"EntryPoint","urlTemplate":"https:\/\/mula.es\/web\/?s={search_term_string}"},"query-input":{"@type":"PropertyValueSpecification","valueRequired":true,"valueName":"search_term_string"}}],"inLanguage":"es"},{"@type":"Person","@id":"https:\/\/mula.es\/web\/#\/schema\/person\/4f10179bd364f40dceed361e61e4033f","name":"Laura Salas Orcajada","image":{"@type":"ImageObject","inLanguage":"es","@id":"https:\/\/secure.gravatar.com\/avatar\/786f2a223d9a455e2a448f78b5dcc1117207ef56ef3d9a04df338c0f775cd403?s=96&d=mm&r=g","url":"https:\/\/secure.gravatar.com\/avatar\/786f2a223d9a455e2a448f78b5dcc1117207ef56ef3d9a04df338c0f775cd403?s=96&d=mm&r=g","contentUrl":"https:\/\/secure.gravatar.com\/avatar\/786f2a223d9a455e2a448f78b5dcc1117207ef56ef3d9a04df338c0f775cd403?s=96&d=mm&r=g","caption":"Laura Salas Orcajada"},"url":"https:\/\/mula.es\/web\/author\/lsalas\/"}]}},"jetpack_publicize_connections":[],"jetpack_featured_media_url":"https:\/\/mula.es\/web\/wp-content\/uploads\/2020\/06\/escudo-cuadrado-e1591045058235.jpg","jetpack_sharing_enabled":true,"jetpack_shortlink":"https:\/\/wp.me\/pa9DMY-feA","jetpack-related-posts":[],"_links":{"self":[{"href":"https:\/\/mula.es\/web\/wp-json\/wp\/v2\/posts\/58564","targetHints":{"allow":["GET"]}}],"collection":[{"href":"https:\/\/mula.es\/web\/wp-json\/wp\/v2\/posts"}],"about":[{"href":"https:\/\/mula.es\/web\/wp-json\/wp\/v2\/types\/post"}],"author":[{"embeddable":true,"href":"https:\/\/mula.es\/web\/wp-json\/wp\/v2\/users\/13"}],"replies":[{"embeddable":true,"href":"https:\/\/mula.es\/web\/wp-json\/wp\/v2\/comments?post=58564"}],"version-history":[{"count":1,"href":"https:\/\/mula.es\/web\/wp-json\/wp\/v2\/posts\/58564\/revisions"}],"predecessor-version":[{"id":58568,"href":"https:\/\/mula.es\/web\/wp-json\/wp\/v2\/posts\/58564\/revisions\/58568"}],"wp:featuredmedia":[{"embeddable":true,"href":"https:\/\/mula.es\/web\/wp-json\/wp\/v2\/media\/33512"}],"wp:attachment":[{"href":"https:\/\/mula.es\/web\/wp-json\/wp\/v2\/media?parent=58564"}],"wp:term":[{"taxonomy":"category","embeddable":true,"href":"https:\/\/mula.es\/web\/wp-json\/wp\/v2\/categories?post=58564"},{"taxonomy":"post_tag","embeddable":true,"href":"https:\/\/mula.es\/web\/wp-json\/wp\/v2\/tags?post=58564"}],"curies":[{"name":"wp","href":"https:\/\/api.w.org\/{rel}","templated":true}]}}