{"id":58598,"date":"2025-05-15T10:31:09","date_gmt":"2025-05-15T08:31:09","guid":{"rendered":"https:\/\/mula.es\/web\/?p=58598"},"modified":"2025-05-15T10:31:09","modified_gmt":"2025-05-15T08:31:09","slug":"igualdad-mula-lanza-una-guia-de-recursos-locales-ante-agresiones-sexistas-y-violencia-de-genero","status":"publish","type":"post","link":"https:\/\/mula.es\/web\/igualdad-mula-lanza-una-guia-de-recursos-locales-ante-agresiones-sexistas-y-violencia-de-genero\/","title":{"rendered":"IGUALDAD | Mula lanza una gu\u00eda de recursos locales ante agresiones sexistas y violencia de g\u00e9nero"},"content":{"rendered":"<p><strong>NOTA DE PRENSA &#8211; 15 DE MAYO DE 2025<\/strong><\/p>\n<p><strong>\u00a0<\/strong><\/p>\n<p><strong>\u00a0<\/strong><\/p>\n<h2><strong>Mula lanza una gu\u00eda de recursos locales ante agresiones sexistas y violencia de g\u00e9nero<\/strong><\/h2>\n<p>&nbsp;<\/p>\n<p>Desde la concejal\u00eda de Mujer e Igualdad del Ayuntamiento de Mula se ha elaborado una gu\u00eda r\u00e1pida bajo el t\u00edtulo \u201cListado de recursos locales a los que puedes acceder ante agresiones sexistas y otras formas de violencia de g\u00e9nero\u201d, con el objetivo de ofrecer a la ciudadan\u00eda informaci\u00f3n clara y accesible sobre c\u00f3mo actuar y d\u00f3nde acudir ante este tipo de situaciones.<\/p>\n<p>La gu\u00eda, disponible en la web municipal <strong><u>https:\/\/mula.es\/web\/igualdad-y-mujer\/,<\/u><\/strong> est\u00e1 estructurada en dos bloques diferenciados: uno espec\u00edfico para ambientes festivos (como las fiestas patronales, San Isidro o la Noche de los Tambores) y otro con informaci\u00f3n general de car\u00e1cter permanente.<\/p>\n<p>Este recurso ha sido distribuido durante las fiestas de San Isidro a trav\u00e9s del Punto Violeta, gestionado por la asociaci\u00f3n H\u00e1bitat Cultural. Para facilitar su acceso en cualquier momento, se han repartido cientos de tarjetas y panfletos con un c\u00f3digo QR que enlaza directamente al documento.<\/p>\n<p>La concejala de Igualdad, Ana Bel\u00e9n P\u00e9rez, ha subrayado que \u201ces necesario para todos y todas las mule\u00f1as contar con una gu\u00eda de recursos locales en esta materia, ya que de esta forma mejoramos la prevenci\u00f3n en violencia de g\u00e9nero y agresiones sexistas, y adem\u00e1s podemos actuar de mejor forma ante estos posibles casos. Sobre todo, la finalidad es mantener a la poblaci\u00f3n informada\u201d.<\/p>\n<p>Esta iniciativa forma parte del compromiso del Ayuntamiento de Mula con la igualdad, la prevenci\u00f3n de la violencia machista y la creaci\u00f3n de espacios m\u00e1s seguros para toda la ciudadan\u00eda.<\/p>\n<p><a href=\"https:\/\/mula.es\/web\/wp-content\/uploads\/2025\/05\/1-10.jpg\"><img decoding=\"async\" data-attachment-id=\"58599\" data-permalink=\"https:\/\/mula.es\/web\/igualdad-mula-lanza-una-guia-de-recursos-locales-ante-agresiones-sexistas-y-violencia-de-genero\/1-278\/\" data-orig-file=\"https:\/\/mula.es\/web\/wp-content\/uploads\/2025\/05\/1-10.jpg\" data-orig-size=\"1080,1350\" data-comments-opened=\"0\" data-image-meta=\"{&quot;aperture&quot;:&quot;0&quot;,&quot;credit&quot;:&quot;&quot;,&quot;camera&quot;:&quot;&quot;,&quot;caption&quot;:&quot;&quot;,&quot;created_timestamp&quot;:&quot;0&quot;,&quot;copyright&quot;:&quot;&quot;,&quot;focal_length&quot;:&quot;0&quot;,&quot;iso&quot;:&quot;0&quot;,&quot;shutter_speed&quot;:&quot;0&quot;,&quot;title&quot;:&quot;&quot;,&quot;orientation&quot;:&quot;1&quot;}\" data-image-title=\"1\" data-image-description=\"\" data-image-caption=\"\" data-large-file=\"https:\/\/mula.es\/web\/wp-content\/uploads\/2025\/05\/1-10-819x1024.jpg\" class=\"alignnone size-medium wp-image-58599\" src=\"https:\/\/mula.es\/web\/wp-content\/uploads\/2025\/05\/1-10-240x300.jpg\" alt=\"\" width=\"240\" height=\"300\" srcset=\"https:\/\/mula.es\/web\/wp-content\/uploads\/2025\/05\/1-10-200x250.jpg 200w, https:\/\/mula.es\/web\/wp-content\/uploads\/2025\/05\/1-10-240x300.jpg 240w, https:\/\/mula.es\/web\/wp-content\/uploads\/2025\/05\/1-10-400x500.jpg 400w, https:\/\/mula.es\/web\/wp-content\/uploads\/2025\/05\/1-10-600x750.jpg 600w, https:\/\/mula.es\/web\/wp-content\/uploads\/2025\/05\/1-10-768x960.jpg 768w, https:\/\/mula.es\/web\/wp-content\/uploads\/2025\/05\/1-10-800x1000.jpg 800w, https:\/\/mula.es\/web\/wp-content\/uploads\/2025\/05\/1-10-819x1024.jpg 819w, https:\/\/mula.es\/web\/wp-content\/uploads\/2025\/05\/1-10.jpg 1080w\" sizes=\"(max-width: 240px) 100vw, 240px\" \/><\/a> <a href=\"https:\/\/mula.es\/web\/wp-content\/uploads\/2025\/05\/2-10.jpg\"><img decoding=\"async\" data-attachment-id=\"58600\" data-permalink=\"https:\/\/mula.es\/web\/igualdad-mula-lanza-una-guia-de-recursos-locales-ante-agresiones-sexistas-y-violencia-de-genero\/2-260\/\" data-orig-file=\"https:\/\/mula.es\/web\/wp-content\/uploads\/2025\/05\/2-10.jpg\" data-orig-size=\"1080,1350\" data-comments-opened=\"0\" data-image-meta=\"{&quot;aperture&quot;:&quot;0&quot;,&quot;credit&quot;:&quot;&quot;,&quot;camera&quot;:&quot;&quot;,&quot;caption&quot;:&quot;&quot;,&quot;created_timestamp&quot;:&quot;0&quot;,&quot;copyright&quot;:&quot;&quot;,&quot;focal_length&quot;:&quot;0&quot;,&quot;iso&quot;:&quot;0&quot;,&quot;shutter_speed&quot;:&quot;0&quot;,&quot;title&quot;:&quot;&quot;,&quot;orientation&quot;:&quot;1&quot;}\" data-image-title=\"2\" data-image-description=\"\" data-image-caption=\"\" data-large-file=\"https:\/\/mula.es\/web\/wp-content\/uploads\/2025\/05\/2-10-819x1024.jpg\" class=\"alignnone size-medium wp-image-58600\" src=\"https:\/\/mula.es\/web\/wp-content\/uploads\/2025\/05\/2-10-240x300.jpg\" alt=\"\" width=\"240\" height=\"300\" srcset=\"https:\/\/mula.es\/web\/wp-content\/uploads\/2025\/05\/2-10-200x250.jpg 200w, https:\/\/mula.es\/web\/wp-content\/uploads\/2025\/05\/2-10-240x300.jpg 240w, https:\/\/mula.es\/web\/wp-content\/uploads\/2025\/05\/2-10-400x500.jpg 400w, https:\/\/mula.es\/web\/wp-content\/uploads\/2025\/05\/2-10-600x750.jpg 600w, https:\/\/mula.es\/web\/wp-content\/uploads\/2025\/05\/2-10-768x960.jpg 768w, https:\/\/mula.es\/web\/wp-content\/uploads\/2025\/05\/2-10-800x1000.jpg 800w, https:\/\/mula.es\/web\/wp-content\/uploads\/2025\/05\/2-10-819x1024.jpg 819w, https:\/\/mula.es\/web\/wp-content\/uploads\/2025\/05\/2-10.jpg 1080w\" sizes=\"(max-width: 240px) 100vw, 240px\" \/><\/a><\/p>\n<p><a href=\"https:\/\/mula.es\/web\/wp-content\/uploads\/2025\/05\/3-9.jpg\"><img decoding=\"async\" data-attachment-id=\"58601\" data-permalink=\"https:\/\/mula.es\/web\/igualdad-mula-lanza-una-guia-de-recursos-locales-ante-agresiones-sexistas-y-violencia-de-genero\/3-226\/\" data-orig-file=\"https:\/\/mula.es\/web\/wp-content\/uploads\/2025\/05\/3-9.jpg\" data-orig-size=\"1080,1350\" data-comments-opened=\"0\" data-image-meta=\"{&quot;aperture&quot;:&quot;0&quot;,&quot;credit&quot;:&quot;&quot;,&quot;camera&quot;:&quot;&quot;,&quot;caption&quot;:&quot;&quot;,&quot;created_timestamp&quot;:&quot;0&quot;,&quot;copyright&quot;:&quot;&quot;,&quot;focal_length&quot;:&quot;0&quot;,&quot;iso&quot;:&quot;0&quot;,&quot;shutter_speed&quot;:&quot;0&quot;,&quot;title&quot;:&quot;&quot;,&quot;orientation&quot;:&quot;1&quot;}\" data-image-title=\"3\" data-image-description=\"\" data-image-caption=\"\" data-large-file=\"https:\/\/mula.es\/web\/wp-content\/uploads\/2025\/05\/3-9-819x1024.jpg\" class=\"alignnone size-medium wp-image-58601\" src=\"https:\/\/mula.es\/web\/wp-content\/uploads\/2025\/05\/3-9-240x300.jpg\" alt=\"\" width=\"240\" height=\"300\" srcset=\"https:\/\/mula.es\/web\/wp-content\/uploads\/2025\/05\/3-9-200x250.jpg 200w, https:\/\/mula.es\/web\/wp-content\/uploads\/2025\/05\/3-9-240x300.jpg 240w, https:\/\/mula.es\/web\/wp-content\/uploads\/2025\/05\/3-9-400x500.jpg 400w, https:\/\/mula.es\/web\/wp-content\/uploads\/2025\/05\/3-9-600x750.jpg 600w, https:\/\/mula.es\/web\/wp-content\/uploads\/2025\/05\/3-9-768x960.jpg 768w, https:\/\/mula.es\/web\/wp-content\/uploads\/2025\/05\/3-9-800x1000.jpg 800w, https:\/\/mula.es\/web\/wp-content\/uploads\/2025\/05\/3-9-819x1024.jpg 819w, https:\/\/mula.es\/web\/wp-content\/uploads\/2025\/05\/3-9.jpg 1080w\" sizes=\"(max-width: 240px) 100vw, 240px\" \/><\/a> <a href=\"https:\/\/mula.es\/web\/wp-content\/uploads\/2025\/05\/4-7.jpg\"><img decoding=\"async\" data-attachment-id=\"58602\" data-permalink=\"https:\/\/mula.es\/web\/igualdad-mula-lanza-una-guia-de-recursos-locales-ante-agresiones-sexistas-y-violencia-de-genero\/4-165\/\" data-orig-file=\"https:\/\/mula.es\/web\/wp-content\/uploads\/2025\/05\/4-7.jpg\" data-orig-size=\"1080,1350\" data-comments-opened=\"0\" data-image-meta=\"{&quot;aperture&quot;:&quot;0&quot;,&quot;credit&quot;:&quot;&quot;,&quot;camera&quot;:&quot;&quot;,&quot;caption&quot;:&quot;&quot;,&quot;created_timestamp&quot;:&quot;0&quot;,&quot;copyright&quot;:&quot;&quot;,&quot;focal_length&quot;:&quot;0&quot;,&quot;iso&quot;:&quot;0&quot;,&quot;shutter_speed&quot;:&quot;0&quot;,&quot;title&quot;:&quot;&quot;,&quot;orientation&quot;:&quot;1&quot;}\" data-image-title=\"4\" data-image-description=\"\" data-image-caption=\"\" data-large-file=\"https:\/\/mula.es\/web\/wp-content\/uploads\/2025\/05\/4-7-819x1024.jpg\" class=\"alignnone size-medium wp-image-58602\" src=\"https:\/\/mula.es\/web\/wp-content\/uploads\/2025\/05\/4-7-240x300.jpg\" alt=\"\" width=\"240\" height=\"300\" srcset=\"https:\/\/mula.es\/web\/wp-content\/uploads\/2025\/05\/4-7-200x250.jpg 200w, https:\/\/mula.es\/web\/wp-content\/uploads\/2025\/05\/4-7-240x300.jpg 240w, https:\/\/mula.es\/web\/wp-content\/uploads\/2025\/05\/4-7-400x500.jpg 400w, https:\/\/mula.es\/web\/wp-content\/uploads\/2025\/05\/4-7-600x750.jpg 600w, https:\/\/mula.es\/web\/wp-content\/uploads\/2025\/05\/4-7-768x960.jpg 768w, https:\/\/mula.es\/web\/wp-content\/uploads\/2025\/05\/4-7-800x1000.jpg 800w, https:\/\/mula.es\/web\/wp-content\/uploads\/2025\/05\/4-7-819x1024.jpg 819w, https:\/\/mula.es\/web\/wp-content\/uploads\/2025\/05\/4-7.jpg 1080w\" sizes=\"(max-width: 240px) 100vw, 240px\" \/><\/a><\/p>\n","protected":false},"excerpt":{"rendered":"<p>NOTA DE PRENSA &#8211; 15 DE MAYO DE 2025 \u00a0 \u00a0 Mula lanza una gu\u00eda de recursos locales ante agresiones sexistas y violencia de g\u00e9nero &nbsp; Desde la concejal\u00eda de Mujer e Igualdad del Ayuntamiento de Mula se ha elaborado una gu\u00eda r\u00e1pida bajo el t\u00edtulo \u201cListado de recursos locales a los que puedes acceder  [&#8230;]<\/p>\n","protected":false},"author":13,"featured_media":33512,"comment_status":"closed","ping_status":"closed","sticky":false,"template":"","format":"standard","meta":{"jetpack_post_was_ever_published":false,"_jetpack_newsletter_access":"","_jetpack_dont_email_post_to_subs":false,"_jetpack_newsletter_tier_id":0,"_jetpack_memberships_contains_paywalled_content":false,"_jetpack_memberships_contains_paid_content":false,"footnotes":"","jetpack_publicize_message":"","jetpack_publicize_feature_enabled":true,"jetpack_social_post_already_shared":false,"jetpack_social_options":{"image_generator_settings":{"template":"highway","default_image_id":0,"font":"","enabled":false},"version":2}},"categories":[147,116],"tags":[],"class_list":["post-58598","post","type-post","status-publish","format-standard","has-post-thumbnail","hentry","category-igualdad","category-mujer"],"yoast_head":"<!-- This site is optimized with the Yoast SEO plugin v27.4 - https:\/\/yoast.com\/product\/yoast-seo-wordpress\/ -->\n<title>IGUALDAD | Mula lanza una gu\u00eda de recursos locales ante agresiones sexistas y violencia de g\u00e9nero - Ayuntamiento de Mula<\/title>\n<meta name=\"robots\" content=\"index, follow, max-snippet:-1, max-image-preview:large, max-video-preview:-1\" \/>\n<link rel=\"canonical\" href=\"https:\/\/mula.es\/web\/igualdad-mula-lanza-una-guia-de-recursos-locales-ante-agresiones-sexistas-y-violencia-de-genero\/\" \/>\n<meta property=\"og:locale\" content=\"es_ES\" \/>\n<meta property=\"og:type\" content=\"article\" \/>\n<meta property=\"og:title\" content=\"IGUALDAD | Mula lanza una gu\u00eda de recursos locales ante agresiones sexistas y violencia de g\u00e9nero - Ayuntamiento de Mula\" \/>\n<meta property=\"og:description\" content=\"NOTA DE PRENSA &#8211; 15 DE MAYO DE 2025 \u00a0 \u00a0 Mula lanza una gu\u00eda de recursos locales ante agresiones sexistas y violencia de g\u00e9nero &nbsp; Desde la concejal\u00eda de Mujer e Igualdad del Ayuntamiento de Mula se ha elaborado una gu\u00eda r\u00e1pida bajo el t\u00edtulo \u201cListado de recursos locales a los que puedes acceder [...]\" \/>\n<meta property=\"og:url\" content=\"https:\/\/mula.es\/web\/igualdad-mula-lanza-una-guia-de-recursos-locales-ante-agresiones-sexistas-y-violencia-de-genero\/\" \/>\n<meta property=\"og:site_name\" content=\"Ayuntamiento de Mula\" \/>\n<meta property=\"article:published_time\" content=\"2025-05-15T08:31:09+00:00\" \/>\n<meta property=\"og:image\" content=\"https:\/\/mula.es\/web\/wp-content\/uploads\/2020\/06\/escudo-cuadrado-e1591045058235.jpg\" \/>\n\t<meta property=\"og:image:width\" content=\"200\" \/>\n\t<meta property=\"og:image:height\" content=\"218\" \/>\n\t<meta property=\"og:image:type\" content=\"image\/jpeg\" \/>\n<meta name=\"author\" content=\"Laura Salas Orcajada\" \/>\n<meta name=\"twitter:card\" content=\"summary_large_image\" \/>\n<meta name=\"twitter:creator\" content=\"@AyuntamientMula\" \/>\n<meta name=\"twitter:site\" content=\"@AyuntamientMula\" \/>\n<meta name=\"twitter:label1\" content=\"Escrito por\" \/>\n\t<meta name=\"twitter:data1\" content=\"Laura Salas Orcajada\" \/>\n\t<meta name=\"twitter:label2\" content=\"Tiempo de lectura\" \/>\n\t<meta name=\"twitter:data2\" content=\"2 minutos\" \/>\n<script type=\"application\/ld+json\" class=\"yoast-schema-graph\">{\"@context\":\"https:\\\/\\\/schema.org\",\"@graph\":[{\"@type\":\"Article\",\"@id\":\"https:\\\/\\\/mula.es\\\/web\\\/igualdad-mula-lanza-una-guia-de-recursos-locales-ante-agresiones-sexistas-y-violencia-de-genero\\\/#article\",\"isPartOf\":{\"@id\":\"https:\\\/\\\/mula.es\\\/web\\\/igualdad-mula-lanza-una-guia-de-recursos-locales-ante-agresiones-sexistas-y-violencia-de-genero\\\/\"},\"author\":{\"name\":\"Laura Salas Orcajada\",\"@id\":\"https:\\\/\\\/mula.es\\\/web\\\/#\\\/schema\\\/person\\\/4f10179bd364f40dceed361e61e4033f\"},\"headline\":\"IGUALDAD | Mula lanza una gu\u00eda de recursos locales ante agresiones sexistas y violencia de g\u00e9nero\",\"datePublished\":\"2025-05-15T08:31:09+00:00\",\"mainEntityOfPage\":{\"@id\":\"https:\\\/\\\/mula.es\\\/web\\\/igualdad-mula-lanza-una-guia-de-recursos-locales-ante-agresiones-sexistas-y-violencia-de-genero\\\/\"},\"wordCount\":315,\"image\":{\"@id\":\"https:\\\/\\\/mula.es\\\/web\\\/igualdad-mula-lanza-una-guia-de-recursos-locales-ante-agresiones-sexistas-y-violencia-de-genero\\\/#primaryimage\"},\"thumbnailUrl\":\"https:\\\/\\\/mula.es\\\/web\\\/wp-content\\\/uploads\\\/2020\\\/06\\\/escudo-cuadrado-e1591045058235.jpg\",\"articleSection\":[\"igualdad\",\"mujer\"],\"inLanguage\":\"es\"},{\"@type\":\"WebPage\",\"@id\":\"https:\\\/\\\/mula.es\\\/web\\\/igualdad-mula-lanza-una-guia-de-recursos-locales-ante-agresiones-sexistas-y-violencia-de-genero\\\/\",\"url\":\"https:\\\/\\\/mula.es\\\/web\\\/igualdad-mula-lanza-una-guia-de-recursos-locales-ante-agresiones-sexistas-y-violencia-de-genero\\\/\",\"name\":\"IGUALDAD | Mula lanza una gu\u00eda de recursos locales ante agresiones sexistas y violencia de g\u00e9nero - Ayuntamiento de Mula\",\"isPartOf\":{\"@id\":\"https:\\\/\\\/mula.es\\\/web\\\/#website\"},\"primaryImageOfPage\":{\"@id\":\"https:\\\/\\\/mula.es\\\/web\\\/igualdad-mula-lanza-una-guia-de-recursos-locales-ante-agresiones-sexistas-y-violencia-de-genero\\\/#primaryimage\"},\"image\":{\"@id\":\"https:\\\/\\\/mula.es\\\/web\\\/igualdad-mula-lanza-una-guia-de-recursos-locales-ante-agresiones-sexistas-y-violencia-de-genero\\\/#primaryimage\"},\"thumbnailUrl\":\"https:\\\/\\\/mula.es\\\/web\\\/wp-content\\\/uploads\\\/2020\\\/06\\\/escudo-cuadrado-e1591045058235.jpg\",\"datePublished\":\"2025-05-15T08:31:09+00:00\",\"author\":{\"@id\":\"https:\\\/\\\/mula.es\\\/web\\\/#\\\/schema\\\/person\\\/4f10179bd364f40dceed361e61e4033f\"},\"breadcrumb\":{\"@id\":\"https:\\\/\\\/mula.es\\\/web\\\/igualdad-mula-lanza-una-guia-de-recursos-locales-ante-agresiones-sexistas-y-violencia-de-genero\\\/#breadcrumb\"},\"inLanguage\":\"es\",\"potentialAction\":[{\"@type\":\"ReadAction\",\"target\":[\"https:\\\/\\\/mula.es\\\/web\\\/igualdad-mula-lanza-una-guia-de-recursos-locales-ante-agresiones-sexistas-y-violencia-de-genero\\\/\"]}]},{\"@type\":\"ImageObject\",\"inLanguage\":\"es\",\"@id\":\"https:\\\/\\\/mula.es\\\/web\\\/igualdad-mula-lanza-una-guia-de-recursos-locales-ante-agresiones-sexistas-y-violencia-de-genero\\\/#primaryimage\",\"url\":\"https:\\\/\\\/mula.es\\\/web\\\/wp-content\\\/uploads\\\/2020\\\/06\\\/escudo-cuadrado-e1591045058235.jpg\",\"contentUrl\":\"https:\\\/\\\/mula.es\\\/web\\\/wp-content\\\/uploads\\\/2020\\\/06\\\/escudo-cuadrado-e1591045058235.jpg\",\"width\":200,\"height\":218},{\"@type\":\"BreadcrumbList\",\"@id\":\"https:\\\/\\\/mula.es\\\/web\\\/igualdad-mula-lanza-una-guia-de-recursos-locales-ante-agresiones-sexistas-y-violencia-de-genero\\\/#breadcrumb\",\"itemListElement\":[{\"@type\":\"ListItem\",\"position\":1,\"name\":\"Portada\",\"item\":\"https:\\\/\\\/mula.es\\\/web\\\/\"},{\"@type\":\"ListItem\",\"position\":2,\"name\":\"IGUALDAD | Mula lanza una gu\u00eda de recursos locales ante agresiones sexistas y violencia de g\u00e9nero\"}]},{\"@type\":\"WebSite\",\"@id\":\"https:\\\/\\\/mula.es\\\/web\\\/#website\",\"url\":\"https:\\\/\\\/mula.es\\\/web\\\/\",\"name\":\"Ayuntamiento de Mula\",\"description\":\"P\u00e1gina web del Ayuntamiento de Mula (Regi\u00f3n de Murcia)\",\"potentialAction\":[{\"@type\":\"SearchAction\",\"target\":{\"@type\":\"EntryPoint\",\"urlTemplate\":\"https:\\\/\\\/mula.es\\\/web\\\/?s={search_term_string}\"},\"query-input\":{\"@type\":\"PropertyValueSpecification\",\"valueRequired\":true,\"valueName\":\"search_term_string\"}}],\"inLanguage\":\"es\"},{\"@type\":\"Person\",\"@id\":\"https:\\\/\\\/mula.es\\\/web\\\/#\\\/schema\\\/person\\\/4f10179bd364f40dceed361e61e4033f\",\"name\":\"Laura Salas Orcajada\",\"image\":{\"@type\":\"ImageObject\",\"inLanguage\":\"es\",\"@id\":\"https:\\\/\\\/secure.gravatar.com\\\/avatar\\\/786f2a223d9a455e2a448f78b5dcc1117207ef56ef3d9a04df338c0f775cd403?s=96&d=mm&r=g\",\"url\":\"https:\\\/\\\/secure.gravatar.com\\\/avatar\\\/786f2a223d9a455e2a448f78b5dcc1117207ef56ef3d9a04df338c0f775cd403?s=96&d=mm&r=g\",\"contentUrl\":\"https:\\\/\\\/secure.gravatar.com\\\/avatar\\\/786f2a223d9a455e2a448f78b5dcc1117207ef56ef3d9a04df338c0f775cd403?s=96&d=mm&r=g\",\"caption\":\"Laura Salas Orcajada\"},\"url\":\"https:\\\/\\\/mula.es\\\/web\\\/author\\\/lsalas\\\/\"}]}<\/script>\n<!-- \/ Yoast SEO plugin. -->","yoast_head_json":{"title":"IGUALDAD | Mula lanza una gu\u00eda de recursos locales ante agresiones sexistas y violencia de g\u00e9nero - Ayuntamiento de Mula","robots":{"index":"index","follow":"follow","max-snippet":"max-snippet:-1","max-image-preview":"max-image-preview:large","max-video-preview":"max-video-preview:-1"},"canonical":"https:\/\/mula.es\/web\/igualdad-mula-lanza-una-guia-de-recursos-locales-ante-agresiones-sexistas-y-violencia-de-genero\/","og_locale":"es_ES","og_type":"article","og_title":"IGUALDAD | Mula lanza una gu\u00eda de recursos locales ante agresiones sexistas y violencia de g\u00e9nero - Ayuntamiento de Mula","og_description":"NOTA DE PRENSA &#8211; 15 DE MAYO DE 2025 \u00a0 \u00a0 Mula lanza una gu\u00eda de recursos locales ante agresiones sexistas y violencia de g\u00e9nero &nbsp; Desde la concejal\u00eda de Mujer e Igualdad del Ayuntamiento de Mula se ha elaborado una gu\u00eda r\u00e1pida bajo el t\u00edtulo \u201cListado de recursos locales a los que puedes acceder [...]","og_url":"https:\/\/mula.es\/web\/igualdad-mula-lanza-una-guia-de-recursos-locales-ante-agresiones-sexistas-y-violencia-de-genero\/","og_site_name":"Ayuntamiento de Mula","article_published_time":"2025-05-15T08:31:09+00:00","og_image":[{"width":200,"height":218,"url":"https:\/\/mula.es\/web\/wp-content\/uploads\/2020\/06\/escudo-cuadrado-e1591045058235.jpg","type":"image\/jpeg"}],"author":"Laura Salas Orcajada","twitter_card":"summary_large_image","twitter_creator":"@AyuntamientMula","twitter_site":"@AyuntamientMula","twitter_misc":{"Escrito por":"Laura Salas Orcajada","Tiempo de lectura":"2 minutos"},"schema":{"@context":"https:\/\/schema.org","@graph":[{"@type":"Article","@id":"https:\/\/mula.es\/web\/igualdad-mula-lanza-una-guia-de-recursos-locales-ante-agresiones-sexistas-y-violencia-de-genero\/#article","isPartOf":{"@id":"https:\/\/mula.es\/web\/igualdad-mula-lanza-una-guia-de-recursos-locales-ante-agresiones-sexistas-y-violencia-de-genero\/"},"author":{"name":"Laura Salas Orcajada","@id":"https:\/\/mula.es\/web\/#\/schema\/person\/4f10179bd364f40dceed361e61e4033f"},"headline":"IGUALDAD | Mula lanza una gu\u00eda de recursos locales ante agresiones sexistas y violencia de g\u00e9nero","datePublished":"2025-05-15T08:31:09+00:00","mainEntityOfPage":{"@id":"https:\/\/mula.es\/web\/igualdad-mula-lanza-una-guia-de-recursos-locales-ante-agresiones-sexistas-y-violencia-de-genero\/"},"wordCount":315,"image":{"@id":"https:\/\/mula.es\/web\/igualdad-mula-lanza-una-guia-de-recursos-locales-ante-agresiones-sexistas-y-violencia-de-genero\/#primaryimage"},"thumbnailUrl":"https:\/\/mula.es\/web\/wp-content\/uploads\/2020\/06\/escudo-cuadrado-e1591045058235.jpg","articleSection":["igualdad","mujer"],"inLanguage":"es"},{"@type":"WebPage","@id":"https:\/\/mula.es\/web\/igualdad-mula-lanza-una-guia-de-recursos-locales-ante-agresiones-sexistas-y-violencia-de-genero\/","url":"https:\/\/mula.es\/web\/igualdad-mula-lanza-una-guia-de-recursos-locales-ante-agresiones-sexistas-y-violencia-de-genero\/","name":"IGUALDAD | Mula lanza una gu\u00eda de recursos locales ante agresiones sexistas y violencia de g\u00e9nero - Ayuntamiento de Mula","isPartOf":{"@id":"https:\/\/mula.es\/web\/#website"},"primaryImageOfPage":{"@id":"https:\/\/mula.es\/web\/igualdad-mula-lanza-una-guia-de-recursos-locales-ante-agresiones-sexistas-y-violencia-de-genero\/#primaryimage"},"image":{"@id":"https:\/\/mula.es\/web\/igualdad-mula-lanza-una-guia-de-recursos-locales-ante-agresiones-sexistas-y-violencia-de-genero\/#primaryimage"},"thumbnailUrl":"https:\/\/mula.es\/web\/wp-content\/uploads\/2020\/06\/escudo-cuadrado-e1591045058235.jpg","datePublished":"2025-05-15T08:31:09+00:00","author":{"@id":"https:\/\/mula.es\/web\/#\/schema\/person\/4f10179bd364f40dceed361e61e4033f"},"breadcrumb":{"@id":"https:\/\/mula.es\/web\/igualdad-mula-lanza-una-guia-de-recursos-locales-ante-agresiones-sexistas-y-violencia-de-genero\/#breadcrumb"},"inLanguage":"es","potentialAction":[{"@type":"ReadAction","target":["https:\/\/mula.es\/web\/igualdad-mula-lanza-una-guia-de-recursos-locales-ante-agresiones-sexistas-y-violencia-de-genero\/"]}]},{"@type":"ImageObject","inLanguage":"es","@id":"https:\/\/mula.es\/web\/igualdad-mula-lanza-una-guia-de-recursos-locales-ante-agresiones-sexistas-y-violencia-de-genero\/#primaryimage","url":"https:\/\/mula.es\/web\/wp-content\/uploads\/2020\/06\/escudo-cuadrado-e1591045058235.jpg","contentUrl":"https:\/\/mula.es\/web\/wp-content\/uploads\/2020\/06\/escudo-cuadrado-e1591045058235.jpg","width":200,"height":218},{"@type":"BreadcrumbList","@id":"https:\/\/mula.es\/web\/igualdad-mula-lanza-una-guia-de-recursos-locales-ante-agresiones-sexistas-y-violencia-de-genero\/#breadcrumb","itemListElement":[{"@type":"ListItem","position":1,"name":"Portada","item":"https:\/\/mula.es\/web\/"},{"@type":"ListItem","position":2,"name":"IGUALDAD | Mula lanza una gu\u00eda de recursos locales ante agresiones sexistas y violencia de g\u00e9nero"}]},{"@type":"WebSite","@id":"https:\/\/mula.es\/web\/#website","url":"https:\/\/mula.es\/web\/","name":"Ayuntamiento de Mula","description":"P\u00e1gina web del Ayuntamiento de Mula (Regi\u00f3n de Murcia)","potentialAction":[{"@type":"SearchAction","target":{"@type":"EntryPoint","urlTemplate":"https:\/\/mula.es\/web\/?s={search_term_string}"},"query-input":{"@type":"PropertyValueSpecification","valueRequired":true,"valueName":"search_term_string"}}],"inLanguage":"es"},{"@type":"Person","@id":"https:\/\/mula.es\/web\/#\/schema\/person\/4f10179bd364f40dceed361e61e4033f","name":"Laura Salas Orcajada","image":{"@type":"ImageObject","inLanguage":"es","@id":"https:\/\/secure.gravatar.com\/avatar\/786f2a223d9a455e2a448f78b5dcc1117207ef56ef3d9a04df338c0f775cd403?s=96&d=mm&r=g","url":"https:\/\/secure.gravatar.com\/avatar\/786f2a223d9a455e2a448f78b5dcc1117207ef56ef3d9a04df338c0f775cd403?s=96&d=mm&r=g","contentUrl":"https:\/\/secure.gravatar.com\/avatar\/786f2a223d9a455e2a448f78b5dcc1117207ef56ef3d9a04df338c0f775cd403?s=96&d=mm&r=g","caption":"Laura Salas Orcajada"},"url":"https:\/\/mula.es\/web\/author\/lsalas\/"}]}},"jetpack_publicize_connections":[],"jetpack_featured_media_url":"https:\/\/mula.es\/web\/wp-content\/uploads\/2020\/06\/escudo-cuadrado-e1591045058235.jpg","jetpack_sharing_enabled":true,"jetpack_shortlink":"https:\/\/wp.me\/pa9DMY-ff8","jetpack-related-posts":[],"_links":{"self":[{"href":"https:\/\/mula.es\/web\/wp-json\/wp\/v2\/posts\/58598","targetHints":{"allow":["GET"]}}],"collection":[{"href":"https:\/\/mula.es\/web\/wp-json\/wp\/v2\/posts"}],"about":[{"href":"https:\/\/mula.es\/web\/wp-json\/wp\/v2\/types\/post"}],"author":[{"embeddable":true,"href":"https:\/\/mula.es\/web\/wp-json\/wp\/v2\/users\/13"}],"replies":[{"embeddable":true,"href":"https:\/\/mula.es\/web\/wp-json\/wp\/v2\/comments?post=58598"}],"version-history":[{"count":1,"href":"https:\/\/mula.es\/web\/wp-json\/wp\/v2\/posts\/58598\/revisions"}],"predecessor-version":[{"id":58603,"href":"https:\/\/mula.es\/web\/wp-json\/wp\/v2\/posts\/58598\/revisions\/58603"}],"wp:featuredmedia":[{"embeddable":true,"href":"https:\/\/mula.es\/web\/wp-json\/wp\/v2\/media\/33512"}],"wp:attachment":[{"href":"https:\/\/mula.es\/web\/wp-json\/wp\/v2\/media?parent=58598"}],"wp:term":[{"taxonomy":"category","embeddable":true,"href":"https:\/\/mula.es\/web\/wp-json\/wp\/v2\/categories?post=58598"},{"taxonomy":"post_tag","embeddable":true,"href":"https:\/\/mula.es\/web\/wp-json\/wp\/v2\/tags?post=58598"}],"curies":[{"name":"wp","href":"https:\/\/api.w.org\/{rel}","templated":true}]}}