{"id":58608,"date":"2025-05-15T13:31:26","date_gmt":"2025-05-15T11:31:26","guid":{"rendered":"https:\/\/mula.es\/web\/?p=58608"},"modified":"2025-05-15T13:31:38","modified_gmt":"2025-05-15T11:31:38","slug":"tambores-el-ayuntamiento-de-mula-renueva-su-convenio-de-colaboracion-con-la-asociacion-de-tamboristas","status":"publish","type":"post","link":"https:\/\/mula.es\/web\/tambores-el-ayuntamiento-de-mula-renueva-su-convenio-de-colaboracion-con-la-asociacion-de-tamboristas\/","title":{"rendered":"TAMBORES | El Ayuntamiento de Mula renueva su convenio de colaboraci\u00f3n con la Asociaci\u00f3n de Tamboristas"},"content":{"rendered":"<p><strong>NOTA DE PRENSA &#8211; 15 DE MAYO DE 2025<\/strong><\/p>\n<p><strong>\u00a0<\/strong><\/p>\n<h2><strong>\u00a0<\/strong><\/h2>\n<h2><strong>El Ayuntamiento de Mula renueva su convenio de colaboraci\u00f3n con la Asociaci\u00f3n de Tamboristas<\/strong><\/h2>\n<h2><strong>\u00a0<\/strong><\/h2>\n<p>El Ayuntamiento de Mula ha renovado esta ma\u00f1ana el convenio de colaboraci\u00f3n con la <strong>Asociaci\u00f3n de Tamboristas de Mula<\/strong>, reafirmando as\u00ed su compromiso con una de las tradiciones m\u00e1s representativas del municipio. El acto de la firma ha estado presidido por el alcalde, <strong>Juan Jes\u00fas Moreno Garc\u00eda<\/strong>, el concejal de Tambores, <strong>Diego Boluda<\/strong>, y el presidente de la Asociaci\u00f3n de Tamboristas de Mula, <strong>Manuel Nadal<\/strong>.<\/p>\n<p>A trav\u00e9s de este acuerdo, el Ayuntamiento mantiene su apoyo institucional y econ\u00f3mico a la asociaci\u00f3n, contribuyendo al desarrollo de actividades culturales, formativas y de divulgaci\u00f3n relacionadas con el tambor mule\u00f1o.<\/p>\n<p>Este respaldo es clave para continuar reforzando el papel de la Asociaci\u00f3n de Tamboristas como motor cultural que contribuye a la Escuela del Tambor de Mula y garante del legado que representa la <strong>Noche de los Tambores<\/strong>, declarada Fiesta de Inter\u00e9s Tur\u00edstico Internacional y Patrimonio Cultural Inmaterial de la Humanidad por la UNESCO.<\/p>\n<p>&nbsp;<\/p>\n<p><a href=\"https:\/\/mula.es\/web\/wp-content\/uploads\/2025\/05\/tambores-scaled.jpg\"><img decoding=\"async\" data-attachment-id=\"58609\" data-permalink=\"https:\/\/mula.es\/web\/tambores-el-ayuntamiento-de-mula-renueva-su-convenio-de-colaboracion-con-la-asociacion-de-tamboristas\/tambores-4\/\" data-orig-file=\"https:\/\/mula.es\/web\/wp-content\/uploads\/2025\/05\/tambores-scaled.jpg\" data-orig-size=\"2560,1707\" data-comments-opened=\"0\" data-image-meta=\"{&quot;aperture&quot;:&quot;0&quot;,&quot;credit&quot;:&quot;&quot;,&quot;camera&quot;:&quot;&quot;,&quot;caption&quot;:&quot;&quot;,&quot;created_timestamp&quot;:&quot;0&quot;,&quot;copyright&quot;:&quot;&quot;,&quot;focal_length&quot;:&quot;0&quot;,&quot;iso&quot;:&quot;0&quot;,&quot;shutter_speed&quot;:&quot;0&quot;,&quot;title&quot;:&quot;&quot;,&quot;orientation&quot;:&quot;1&quot;}\" data-image-title=\"tambores\" data-image-description=\"\" data-image-caption=\"\" data-large-file=\"https:\/\/mula.es\/web\/wp-content\/uploads\/2025\/05\/tambores-1024x683.jpg\" class=\"alignnone size-medium wp-image-58609\" src=\"https:\/\/mula.es\/web\/wp-content\/uploads\/2025\/05\/tambores-300x200.jpg\" alt=\"\" width=\"300\" height=\"200\" srcset=\"https:\/\/mula.es\/web\/wp-content\/uploads\/2025\/05\/tambores-200x133.jpg 200w, https:\/\/mula.es\/web\/wp-content\/uploads\/2025\/05\/tambores-300x200.jpg 300w, https:\/\/mula.es\/web\/wp-content\/uploads\/2025\/05\/tambores-400x267.jpg 400w, https:\/\/mula.es\/web\/wp-content\/uploads\/2025\/05\/tambores-600x400.jpg 600w, https:\/\/mula.es\/web\/wp-content\/uploads\/2025\/05\/tambores-768x512.jpg 768w, https:\/\/mula.es\/web\/wp-content\/uploads\/2025\/05\/tambores-800x533.jpg 800w, https:\/\/mula.es\/web\/wp-content\/uploads\/2025\/05\/tambores-1024x683.jpg 1024w, https:\/\/mula.es\/web\/wp-content\/uploads\/2025\/05\/tambores-1200x800.jpg 1200w, https:\/\/mula.es\/web\/wp-content\/uploads\/2025\/05\/tambores-1536x1024.jpg 1536w\" sizes=\"(max-width: 300px) 100vw, 300px\" \/><\/a><\/p>\n","protected":false},"excerpt":{"rendered":"<p>NOTA DE PRENSA &#8211; 15 DE MAYO DE 2025 \u00a0 \u00a0 El Ayuntamiento de Mula renueva su convenio de colaboraci\u00f3n con la Asociaci\u00f3n de Tamboristas \u00a0 El Ayuntamiento de Mula ha renovado esta ma\u00f1ana el convenio de colaboraci\u00f3n con la Asociaci\u00f3n de Tamboristas de Mula, reafirmando as\u00ed su compromiso con una de las tradiciones m\u00e1s  [&#8230;]<\/p>\n","protected":false},"author":13,"featured_media":47365,"comment_status":"closed","ping_status":"closed","sticky":false,"template":"","format":"standard","meta":{"jetpack_post_was_ever_published":false,"_jetpack_newsletter_access":"","_jetpack_dont_email_post_to_subs":false,"_jetpack_newsletter_tier_id":0,"_jetpack_memberships_contains_paywalled_content":false,"_jetpack_memberships_contains_paid_content":false,"footnotes":"","jetpack_publicize_message":"","jetpack_publicize_feature_enabled":true,"jetpack_social_post_already_shared":false,"jetpack_social_options":{"image_generator_settings":{"template":"highway","default_image_id":0,"font":"","enabled":false},"version":2}},"categories":[123],"tags":[],"class_list":["post-58608","post","type-post","status-publish","format-standard","has-post-thumbnail","hentry","category-tambores"],"yoast_head":"<!-- This site is optimized with the Yoast SEO plugin v27.4 - https:\/\/yoast.com\/product\/yoast-seo-wordpress\/ -->\n<title>TAMBORES | El Ayuntamiento de Mula renueva su convenio de colaboraci\u00f3n con la Asociaci\u00f3n de Tamboristas - Ayuntamiento de Mula<\/title>\n<meta name=\"robots\" content=\"index, follow, max-snippet:-1, max-image-preview:large, max-video-preview:-1\" \/>\n<link rel=\"canonical\" href=\"https:\/\/mula.es\/web\/tambores-el-ayuntamiento-de-mula-renueva-su-convenio-de-colaboracion-con-la-asociacion-de-tamboristas\/\" \/>\n<meta property=\"og:locale\" content=\"es_ES\" \/>\n<meta property=\"og:type\" content=\"article\" \/>\n<meta property=\"og:title\" content=\"TAMBORES | El Ayuntamiento de Mula renueva su convenio de colaboraci\u00f3n con la Asociaci\u00f3n de Tamboristas - Ayuntamiento de Mula\" \/>\n<meta property=\"og:description\" content=\"NOTA DE PRENSA &#8211; 15 DE MAYO DE 2025 \u00a0 \u00a0 El Ayuntamiento de Mula renueva su convenio de colaboraci\u00f3n con la Asociaci\u00f3n de Tamboristas \u00a0 El Ayuntamiento de Mula ha renovado esta ma\u00f1ana el convenio de colaboraci\u00f3n con la Asociaci\u00f3n de Tamboristas de Mula, reafirmando as\u00ed su compromiso con una de las tradiciones m\u00e1s [...]\" \/>\n<meta property=\"og:url\" content=\"https:\/\/mula.es\/web\/tambores-el-ayuntamiento-de-mula-renueva-su-convenio-de-colaboracion-con-la-asociacion-de-tamboristas\/\" \/>\n<meta property=\"og:site_name\" content=\"Ayuntamiento de Mula\" \/>\n<meta property=\"article:published_time\" content=\"2025-05-15T11:31:26+00:00\" \/>\n<meta property=\"article:modified_time\" content=\"2025-05-15T11:31:38+00:00\" \/>\n<meta property=\"og:image\" content=\"https:\/\/mula.es\/web\/wp-content\/uploads\/2023\/02\/instagram-22.png\" \/>\n\t<meta property=\"og:image:width\" content=\"1080\" \/>\n\t<meta property=\"og:image:height\" content=\"1080\" \/>\n\t<meta property=\"og:image:type\" content=\"image\/png\" \/>\n<meta name=\"author\" content=\"Laura Salas Orcajada\" \/>\n<meta name=\"twitter:card\" content=\"summary_large_image\" \/>\n<meta name=\"twitter:creator\" content=\"@AyuntamientMula\" \/>\n<meta name=\"twitter:site\" content=\"@AyuntamientMula\" \/>\n<meta name=\"twitter:label1\" content=\"Escrito por\" \/>\n\t<meta name=\"twitter:data1\" content=\"Laura Salas Orcajada\" \/>\n\t<meta name=\"twitter:label2\" content=\"Tiempo de lectura\" \/>\n\t<meta name=\"twitter:data2\" content=\"2 minutos\" \/>\n<script type=\"application\/ld+json\" class=\"yoast-schema-graph\">{\"@context\":\"https:\\\/\\\/schema.org\",\"@graph\":[{\"@type\":\"Article\",\"@id\":\"https:\\\/\\\/mula.es\\\/web\\\/tambores-el-ayuntamiento-de-mula-renueva-su-convenio-de-colaboracion-con-la-asociacion-de-tamboristas\\\/#article\",\"isPartOf\":{\"@id\":\"https:\\\/\\\/mula.es\\\/web\\\/tambores-el-ayuntamiento-de-mula-renueva-su-convenio-de-colaboracion-con-la-asociacion-de-tamboristas\\\/\"},\"author\":{\"name\":\"Laura Salas Orcajada\",\"@id\":\"https:\\\/\\\/mula.es\\\/web\\\/#\\\/schema\\\/person\\\/4f10179bd364f40dceed361e61e4033f\"},\"headline\":\"TAMBORES | El Ayuntamiento de Mula renueva su convenio de colaboraci\u00f3n con la Asociaci\u00f3n de Tamboristas\",\"datePublished\":\"2025-05-15T11:31:26+00:00\",\"dateModified\":\"2025-05-15T11:31:38+00:00\",\"mainEntityOfPage\":{\"@id\":\"https:\\\/\\\/mula.es\\\/web\\\/tambores-el-ayuntamiento-de-mula-renueva-su-convenio-de-colaboracion-con-la-asociacion-de-tamboristas\\\/\"},\"wordCount\":205,\"image\":{\"@id\":\"https:\\\/\\\/mula.es\\\/web\\\/tambores-el-ayuntamiento-de-mula-renueva-su-convenio-de-colaboracion-con-la-asociacion-de-tamboristas\\\/#primaryimage\"},\"thumbnailUrl\":\"https:\\\/\\\/mula.es\\\/web\\\/wp-content\\\/uploads\\\/2023\\\/02\\\/instagram-22.png\",\"articleSection\":[\"tambores\"],\"inLanguage\":\"es\"},{\"@type\":\"WebPage\",\"@id\":\"https:\\\/\\\/mula.es\\\/web\\\/tambores-el-ayuntamiento-de-mula-renueva-su-convenio-de-colaboracion-con-la-asociacion-de-tamboristas\\\/\",\"url\":\"https:\\\/\\\/mula.es\\\/web\\\/tambores-el-ayuntamiento-de-mula-renueva-su-convenio-de-colaboracion-con-la-asociacion-de-tamboristas\\\/\",\"name\":\"TAMBORES | El Ayuntamiento de Mula renueva su convenio de colaboraci\u00f3n con la Asociaci\u00f3n de Tamboristas - Ayuntamiento de Mula\",\"isPartOf\":{\"@id\":\"https:\\\/\\\/mula.es\\\/web\\\/#website\"},\"primaryImageOfPage\":{\"@id\":\"https:\\\/\\\/mula.es\\\/web\\\/tambores-el-ayuntamiento-de-mula-renueva-su-convenio-de-colaboracion-con-la-asociacion-de-tamboristas\\\/#primaryimage\"},\"image\":{\"@id\":\"https:\\\/\\\/mula.es\\\/web\\\/tambores-el-ayuntamiento-de-mula-renueva-su-convenio-de-colaboracion-con-la-asociacion-de-tamboristas\\\/#primaryimage\"},\"thumbnailUrl\":\"https:\\\/\\\/mula.es\\\/web\\\/wp-content\\\/uploads\\\/2023\\\/02\\\/instagram-22.png\",\"datePublished\":\"2025-05-15T11:31:26+00:00\",\"dateModified\":\"2025-05-15T11:31:38+00:00\",\"author\":{\"@id\":\"https:\\\/\\\/mula.es\\\/web\\\/#\\\/schema\\\/person\\\/4f10179bd364f40dceed361e61e4033f\"},\"breadcrumb\":{\"@id\":\"https:\\\/\\\/mula.es\\\/web\\\/tambores-el-ayuntamiento-de-mula-renueva-su-convenio-de-colaboracion-con-la-asociacion-de-tamboristas\\\/#breadcrumb\"},\"inLanguage\":\"es\",\"potentialAction\":[{\"@type\":\"ReadAction\",\"target\":[\"https:\\\/\\\/mula.es\\\/web\\\/tambores-el-ayuntamiento-de-mula-renueva-su-convenio-de-colaboracion-con-la-asociacion-de-tamboristas\\\/\"]}]},{\"@type\":\"ImageObject\",\"inLanguage\":\"es\",\"@id\":\"https:\\\/\\\/mula.es\\\/web\\\/tambores-el-ayuntamiento-de-mula-renueva-su-convenio-de-colaboracion-con-la-asociacion-de-tamboristas\\\/#primaryimage\",\"url\":\"https:\\\/\\\/mula.es\\\/web\\\/wp-content\\\/uploads\\\/2023\\\/02\\\/instagram-22.png\",\"contentUrl\":\"https:\\\/\\\/mula.es\\\/web\\\/wp-content\\\/uploads\\\/2023\\\/02\\\/instagram-22.png\",\"width\":1080,\"height\":1080,\"caption\":\"escudo mula\"},{\"@type\":\"BreadcrumbList\",\"@id\":\"https:\\\/\\\/mula.es\\\/web\\\/tambores-el-ayuntamiento-de-mula-renueva-su-convenio-de-colaboracion-con-la-asociacion-de-tamboristas\\\/#breadcrumb\",\"itemListElement\":[{\"@type\":\"ListItem\",\"position\":1,\"name\":\"Portada\",\"item\":\"https:\\\/\\\/mula.es\\\/web\\\/\"},{\"@type\":\"ListItem\",\"position\":2,\"name\":\"TAMBORES | El Ayuntamiento de Mula renueva su convenio de colaboraci\u00f3n con la Asociaci\u00f3n de Tamboristas\"}]},{\"@type\":\"WebSite\",\"@id\":\"https:\\\/\\\/mula.es\\\/web\\\/#website\",\"url\":\"https:\\\/\\\/mula.es\\\/web\\\/\",\"name\":\"Ayuntamiento de Mula\",\"description\":\"P\u00e1gina web del Ayuntamiento de Mula (Regi\u00f3n de Murcia)\",\"potentialAction\":[{\"@type\":\"SearchAction\",\"target\":{\"@type\":\"EntryPoint\",\"urlTemplate\":\"https:\\\/\\\/mula.es\\\/web\\\/?s={search_term_string}\"},\"query-input\":{\"@type\":\"PropertyValueSpecification\",\"valueRequired\":true,\"valueName\":\"search_term_string\"}}],\"inLanguage\":\"es\"},{\"@type\":\"Person\",\"@id\":\"https:\\\/\\\/mula.es\\\/web\\\/#\\\/schema\\\/person\\\/4f10179bd364f40dceed361e61e4033f\",\"name\":\"Laura Salas Orcajada\",\"image\":{\"@type\":\"ImageObject\",\"inLanguage\":\"es\",\"@id\":\"https:\\\/\\\/secure.gravatar.com\\\/avatar\\\/786f2a223d9a455e2a448f78b5dcc1117207ef56ef3d9a04df338c0f775cd403?s=96&d=mm&r=g\",\"url\":\"https:\\\/\\\/secure.gravatar.com\\\/avatar\\\/786f2a223d9a455e2a448f78b5dcc1117207ef56ef3d9a04df338c0f775cd403?s=96&d=mm&r=g\",\"contentUrl\":\"https:\\\/\\\/secure.gravatar.com\\\/avatar\\\/786f2a223d9a455e2a448f78b5dcc1117207ef56ef3d9a04df338c0f775cd403?s=96&d=mm&r=g\",\"caption\":\"Laura Salas Orcajada\"},\"url\":\"https:\\\/\\\/mula.es\\\/web\\\/author\\\/lsalas\\\/\"}]}<\/script>\n<!-- \/ Yoast SEO plugin. -->","yoast_head_json":{"title":"TAMBORES | El Ayuntamiento de Mula renueva su convenio de colaboraci\u00f3n con la Asociaci\u00f3n de Tamboristas - Ayuntamiento de Mula","robots":{"index":"index","follow":"follow","max-snippet":"max-snippet:-1","max-image-preview":"max-image-preview:large","max-video-preview":"max-video-preview:-1"},"canonical":"https:\/\/mula.es\/web\/tambores-el-ayuntamiento-de-mula-renueva-su-convenio-de-colaboracion-con-la-asociacion-de-tamboristas\/","og_locale":"es_ES","og_type":"article","og_title":"TAMBORES | El Ayuntamiento de Mula renueva su convenio de colaboraci\u00f3n con la Asociaci\u00f3n de Tamboristas - Ayuntamiento de Mula","og_description":"NOTA DE PRENSA &#8211; 15 DE MAYO DE 2025 \u00a0 \u00a0 El Ayuntamiento de Mula renueva su convenio de colaboraci\u00f3n con la Asociaci\u00f3n de Tamboristas \u00a0 El Ayuntamiento de Mula ha renovado esta ma\u00f1ana el convenio de colaboraci\u00f3n con la Asociaci\u00f3n de Tamboristas de Mula, reafirmando as\u00ed su compromiso con una de las tradiciones m\u00e1s [...]","og_url":"https:\/\/mula.es\/web\/tambores-el-ayuntamiento-de-mula-renueva-su-convenio-de-colaboracion-con-la-asociacion-de-tamboristas\/","og_site_name":"Ayuntamiento de Mula","article_published_time":"2025-05-15T11:31:26+00:00","article_modified_time":"2025-05-15T11:31:38+00:00","og_image":[{"width":1080,"height":1080,"url":"https:\/\/mula.es\/web\/wp-content\/uploads\/2023\/02\/instagram-22.png","type":"image\/png"}],"author":"Laura Salas Orcajada","twitter_card":"summary_large_image","twitter_creator":"@AyuntamientMula","twitter_site":"@AyuntamientMula","twitter_misc":{"Escrito por":"Laura Salas Orcajada","Tiempo de lectura":"2 minutos"},"schema":{"@context":"https:\/\/schema.org","@graph":[{"@type":"Article","@id":"https:\/\/mula.es\/web\/tambores-el-ayuntamiento-de-mula-renueva-su-convenio-de-colaboracion-con-la-asociacion-de-tamboristas\/#article","isPartOf":{"@id":"https:\/\/mula.es\/web\/tambores-el-ayuntamiento-de-mula-renueva-su-convenio-de-colaboracion-con-la-asociacion-de-tamboristas\/"},"author":{"name":"Laura Salas Orcajada","@id":"https:\/\/mula.es\/web\/#\/schema\/person\/4f10179bd364f40dceed361e61e4033f"},"headline":"TAMBORES | El Ayuntamiento de Mula renueva su convenio de colaboraci\u00f3n con la Asociaci\u00f3n de Tamboristas","datePublished":"2025-05-15T11:31:26+00:00","dateModified":"2025-05-15T11:31:38+00:00","mainEntityOfPage":{"@id":"https:\/\/mula.es\/web\/tambores-el-ayuntamiento-de-mula-renueva-su-convenio-de-colaboracion-con-la-asociacion-de-tamboristas\/"},"wordCount":205,"image":{"@id":"https:\/\/mula.es\/web\/tambores-el-ayuntamiento-de-mula-renueva-su-convenio-de-colaboracion-con-la-asociacion-de-tamboristas\/#primaryimage"},"thumbnailUrl":"https:\/\/mula.es\/web\/wp-content\/uploads\/2023\/02\/instagram-22.png","articleSection":["tambores"],"inLanguage":"es"},{"@type":"WebPage","@id":"https:\/\/mula.es\/web\/tambores-el-ayuntamiento-de-mula-renueva-su-convenio-de-colaboracion-con-la-asociacion-de-tamboristas\/","url":"https:\/\/mula.es\/web\/tambores-el-ayuntamiento-de-mula-renueva-su-convenio-de-colaboracion-con-la-asociacion-de-tamboristas\/","name":"TAMBORES | El Ayuntamiento de Mula renueva su convenio de colaboraci\u00f3n con la Asociaci\u00f3n de Tamboristas - Ayuntamiento de Mula","isPartOf":{"@id":"https:\/\/mula.es\/web\/#website"},"primaryImageOfPage":{"@id":"https:\/\/mula.es\/web\/tambores-el-ayuntamiento-de-mula-renueva-su-convenio-de-colaboracion-con-la-asociacion-de-tamboristas\/#primaryimage"},"image":{"@id":"https:\/\/mula.es\/web\/tambores-el-ayuntamiento-de-mula-renueva-su-convenio-de-colaboracion-con-la-asociacion-de-tamboristas\/#primaryimage"},"thumbnailUrl":"https:\/\/mula.es\/web\/wp-content\/uploads\/2023\/02\/instagram-22.png","datePublished":"2025-05-15T11:31:26+00:00","dateModified":"2025-05-15T11:31:38+00:00","author":{"@id":"https:\/\/mula.es\/web\/#\/schema\/person\/4f10179bd364f40dceed361e61e4033f"},"breadcrumb":{"@id":"https:\/\/mula.es\/web\/tambores-el-ayuntamiento-de-mula-renueva-su-convenio-de-colaboracion-con-la-asociacion-de-tamboristas\/#breadcrumb"},"inLanguage":"es","potentialAction":[{"@type":"ReadAction","target":["https:\/\/mula.es\/web\/tambores-el-ayuntamiento-de-mula-renueva-su-convenio-de-colaboracion-con-la-asociacion-de-tamboristas\/"]}]},{"@type":"ImageObject","inLanguage":"es","@id":"https:\/\/mula.es\/web\/tambores-el-ayuntamiento-de-mula-renueva-su-convenio-de-colaboracion-con-la-asociacion-de-tamboristas\/#primaryimage","url":"https:\/\/mula.es\/web\/wp-content\/uploads\/2023\/02\/instagram-22.png","contentUrl":"https:\/\/mula.es\/web\/wp-content\/uploads\/2023\/02\/instagram-22.png","width":1080,"height":1080,"caption":"escudo mula"},{"@type":"BreadcrumbList","@id":"https:\/\/mula.es\/web\/tambores-el-ayuntamiento-de-mula-renueva-su-convenio-de-colaboracion-con-la-asociacion-de-tamboristas\/#breadcrumb","itemListElement":[{"@type":"ListItem","position":1,"name":"Portada","item":"https:\/\/mula.es\/web\/"},{"@type":"ListItem","position":2,"name":"TAMBORES | El Ayuntamiento de Mula renueva su convenio de colaboraci\u00f3n con la Asociaci\u00f3n de Tamboristas"}]},{"@type":"WebSite","@id":"https:\/\/mula.es\/web\/#website","url":"https:\/\/mula.es\/web\/","name":"Ayuntamiento de Mula","description":"P\u00e1gina web del Ayuntamiento de Mula (Regi\u00f3n de Murcia)","potentialAction":[{"@type":"SearchAction","target":{"@type":"EntryPoint","urlTemplate":"https:\/\/mula.es\/web\/?s={search_term_string}"},"query-input":{"@type":"PropertyValueSpecification","valueRequired":true,"valueName":"search_term_string"}}],"inLanguage":"es"},{"@type":"Person","@id":"https:\/\/mula.es\/web\/#\/schema\/person\/4f10179bd364f40dceed361e61e4033f","name":"Laura Salas Orcajada","image":{"@type":"ImageObject","inLanguage":"es","@id":"https:\/\/secure.gravatar.com\/avatar\/786f2a223d9a455e2a448f78b5dcc1117207ef56ef3d9a04df338c0f775cd403?s=96&d=mm&r=g","url":"https:\/\/secure.gravatar.com\/avatar\/786f2a223d9a455e2a448f78b5dcc1117207ef56ef3d9a04df338c0f775cd403?s=96&d=mm&r=g","contentUrl":"https:\/\/secure.gravatar.com\/avatar\/786f2a223d9a455e2a448f78b5dcc1117207ef56ef3d9a04df338c0f775cd403?s=96&d=mm&r=g","caption":"Laura Salas Orcajada"},"url":"https:\/\/mula.es\/web\/author\/lsalas\/"}]}},"jetpack_publicize_connections":[],"jetpack_featured_media_url":"https:\/\/mula.es\/web\/wp-content\/uploads\/2023\/02\/instagram-22.png","jetpack_sharing_enabled":true,"jetpack_shortlink":"https:\/\/wp.me\/pa9DMY-ffi","jetpack-related-posts":[],"_links":{"self":[{"href":"https:\/\/mula.es\/web\/wp-json\/wp\/v2\/posts\/58608","targetHints":{"allow":["GET"]}}],"collection":[{"href":"https:\/\/mula.es\/web\/wp-json\/wp\/v2\/posts"}],"about":[{"href":"https:\/\/mula.es\/web\/wp-json\/wp\/v2\/types\/post"}],"author":[{"embeddable":true,"href":"https:\/\/mula.es\/web\/wp-json\/wp\/v2\/users\/13"}],"replies":[{"embeddable":true,"href":"https:\/\/mula.es\/web\/wp-json\/wp\/v2\/comments?post=58608"}],"version-history":[{"count":2,"href":"https:\/\/mula.es\/web\/wp-json\/wp\/v2\/posts\/58608\/revisions"}],"predecessor-version":[{"id":58611,"href":"https:\/\/mula.es\/web\/wp-json\/wp\/v2\/posts\/58608\/revisions\/58611"}],"wp:featuredmedia":[{"embeddable":true,"href":"https:\/\/mula.es\/web\/wp-json\/wp\/v2\/media\/47365"}],"wp:attachment":[{"href":"https:\/\/mula.es\/web\/wp-json\/wp\/v2\/media?parent=58608"}],"wp:term":[{"taxonomy":"category","embeddable":true,"href":"https:\/\/mula.es\/web\/wp-json\/wp\/v2\/categories?post=58608"},{"taxonomy":"post_tag","embeddable":true,"href":"https:\/\/mula.es\/web\/wp-json\/wp\/v2\/tags?post=58608"}],"curies":[{"name":"wp","href":"https:\/\/api.w.org\/{rel}","templated":true}]}}