{"id":58612,"date":"2025-05-15T13:40:26","date_gmt":"2025-05-15T11:40:26","guid":{"rendered":"https:\/\/mula.es\/web\/?p=58612"},"modified":"2025-05-15T13:40:26","modified_gmt":"2025-05-15T11:40:26","slug":"desarrollo-local-el-ayuntamiento-de-mula-y-el-centro-tecnologico-del-marmol-refuerzan-su-colaboracion-para-mejorar-las-competencias-digitales-de-la-ciudadania","status":"publish","type":"post","link":"https:\/\/mula.es\/web\/desarrollo-local-el-ayuntamiento-de-mula-y-el-centro-tecnologico-del-marmol-refuerzan-su-colaboracion-para-mejorar-las-competencias-digitales-de-la-ciudadania\/","title":{"rendered":"DESARROLLO LOCAL | El Ayuntamiento de Mula y el Centro Tecnol\u00f3gico del M\u00e1rmol refuerzan su colaboraci\u00f3n para mejorar las competencias digitales de la ciudadan\u00eda"},"content":{"rendered":"<p><strong>NOTA DE PRENSA &#8211; 15 DE MAYO DE 2025<\/strong><strong>\u00a0<\/strong><\/p>\n<p><strong>\u00a0<\/strong><\/p>\n<h2><strong>El Ayuntamiento de Mula y el Centro Tecnol\u00f3gico del M\u00e1rmol refuerzan su colaboraci\u00f3n <\/strong><strong>para mejorar las competencias digitales de la ciudadan\u00eda<\/strong><\/h2>\n<p>&nbsp;<\/p>\n<p>El concejal de Desarrollo Local del Ayuntamiento de Mula, Vicente L\u00f3pez, junto a los Agentes de Desarrollo Local, ha mantenido esta ma\u00f1ana una reuni\u00f3n de coordinaci\u00f3n con el <strong>Centro Tecnol\u00f3gico del M\u00e1rmol, Piedra y Materiales<\/strong>, en el marco del convenio de colaboraci\u00f3n que ambas entidades mantienen para el desarrollo de actuaciones de inter\u00e9s social y tecnol\u00f3gico.<\/p>\n<p>Durante el encuentro se ha hecho balance de las acciones realizadas hasta la fecha y se han planteado nuevas l\u00edneas de trabajo orientadas a mejorar las competencias digitales b\u00e1sicas de la ciudadan\u00eda, especialmente entre las personas mayores. El objetivo es acercar la tecnolog\u00eda a la vida cotidiana de este colectivo, ayud\u00e1ndoles a desenvolverse con mayor autonom\u00eda en aspectos como el uso del cajero autom\u00e1tico, la realizaci\u00f3n de videollamadas, el manejo de aplicaciones m\u00f3viles o la navegaci\u00f3n segura por internet.<\/p>\n<p>A ra\u00edz de esta reuni\u00f3n, el Ayuntamiento de Mula y el Centro Tecnol\u00f3gico trabajar\u00e1n conjuntamente en el dise\u00f1o de <strong>nuevos cursos pr\u00e1cticos<\/strong> que se pondr\u00e1n en marcha en los pr\u00f3ximos meses, adaptados a las necesidades reales de la poblaci\u00f3n.<\/p>\n<p>El Ayuntamiento de Mula reitera su compromiso con el impulso de acciones que favorezcan la inclusi\u00f3n digital, reduzcan la brecha tecnol\u00f3gica y promuevan una sociedad m\u00e1s igualitaria y conectada.<\/p>\n<p><a href=\"https:\/\/mula.es\/web\/wp-content\/uploads\/2025\/05\/des-local-scaled.jpg\"><img decoding=\"async\" data-attachment-id=\"58613\" data-permalink=\"https:\/\/mula.es\/web\/desarrollo-local-el-ayuntamiento-de-mula-y-el-centro-tecnologico-del-marmol-refuerzan-su-colaboracion-para-mejorar-las-competencias-digitales-de-la-ciudadania\/des-local-2\/\" data-orig-file=\"https:\/\/mula.es\/web\/wp-content\/uploads\/2025\/05\/des-local-scaled.jpg\" data-orig-size=\"2560,1707\" data-comments-opened=\"0\" data-image-meta=\"{&quot;aperture&quot;:&quot;0&quot;,&quot;credit&quot;:&quot;&quot;,&quot;camera&quot;:&quot;&quot;,&quot;caption&quot;:&quot;&quot;,&quot;created_timestamp&quot;:&quot;0&quot;,&quot;copyright&quot;:&quot;&quot;,&quot;focal_length&quot;:&quot;0&quot;,&quot;iso&quot;:&quot;0&quot;,&quot;shutter_speed&quot;:&quot;0&quot;,&quot;title&quot;:&quot;&quot;,&quot;orientation&quot;:&quot;1&quot;}\" data-image-title=\"des local\" data-image-description=\"\" data-image-caption=\"\" data-large-file=\"https:\/\/mula.es\/web\/wp-content\/uploads\/2025\/05\/des-local-1024x683.jpg\" class=\"alignnone size-medium wp-image-58613\" src=\"https:\/\/mula.es\/web\/wp-content\/uploads\/2025\/05\/des-local-300x200.jpg\" alt=\"\" width=\"300\" height=\"200\" srcset=\"https:\/\/mula.es\/web\/wp-content\/uploads\/2025\/05\/des-local-200x133.jpg 200w, https:\/\/mula.es\/web\/wp-content\/uploads\/2025\/05\/des-local-300x200.jpg 300w, https:\/\/mula.es\/web\/wp-content\/uploads\/2025\/05\/des-local-400x267.jpg 400w, https:\/\/mula.es\/web\/wp-content\/uploads\/2025\/05\/des-local-600x400.jpg 600w, https:\/\/mula.es\/web\/wp-content\/uploads\/2025\/05\/des-local-768x512.jpg 768w, https:\/\/mula.es\/web\/wp-content\/uploads\/2025\/05\/des-local-800x533.jpg 800w, https:\/\/mula.es\/web\/wp-content\/uploads\/2025\/05\/des-local-1024x683.jpg 1024w, https:\/\/mula.es\/web\/wp-content\/uploads\/2025\/05\/des-local-1200x800.jpg 1200w, https:\/\/mula.es\/web\/wp-content\/uploads\/2025\/05\/des-local-1536x1024.jpg 1536w\" sizes=\"(max-width: 300px) 100vw, 300px\" \/><\/a><\/p>\n","protected":false},"excerpt":{"rendered":"<p>NOTA DE PRENSA &#8211; 15 DE MAYO DE 2025\u00a0 \u00a0 El Ayuntamiento de Mula y el Centro Tecnol\u00f3gico del M\u00e1rmol refuerzan su colaboraci\u00f3n para mejorar las competencias digitales de la ciudadan\u00eda &nbsp; El concejal de Desarrollo Local del Ayuntamiento de Mula, Vicente L\u00f3pez, junto a los Agentes de Desarrollo Local, ha mantenido esta ma\u00f1ana una  [&#8230;]<\/p>\n","protected":false},"author":13,"featured_media":33512,"comment_status":"closed","ping_status":"closed","sticky":false,"template":"","format":"standard","meta":{"jetpack_post_was_ever_published":false,"_jetpack_newsletter_access":"","_jetpack_dont_email_post_to_subs":false,"_jetpack_newsletter_tier_id":0,"_jetpack_memberships_contains_paywalled_content":false,"_jetpack_memberships_contains_paid_content":false,"footnotes":"","jetpack_publicize_message":"","jetpack_publicize_feature_enabled":true,"jetpack_social_post_already_shared":false,"jetpack_social_options":{"image_generator_settings":{"template":"highway","default_image_id":0,"font":"","enabled":false},"version":2}},"categories":[179,694],"tags":[],"class_list":["post-58612","post","type-post","status-publish","format-standard","has-post-thumbnail","hentry","category-desarrollo-local","category-desarrollo-sostenible"],"yoast_head":"<!-- This site is optimized with the Yoast SEO plugin v27.4 - https:\/\/yoast.com\/product\/yoast-seo-wordpress\/ -->\n<title>DESARROLLO LOCAL | El Ayuntamiento de Mula y el Centro Tecnol\u00f3gico del M\u00e1rmol refuerzan su colaboraci\u00f3n para mejorar las competencias digitales de la ciudadan\u00eda - Ayuntamiento de Mula<\/title>\n<meta name=\"robots\" content=\"index, follow, max-snippet:-1, max-image-preview:large, max-video-preview:-1\" \/>\n<link rel=\"canonical\" href=\"https:\/\/mula.es\/web\/desarrollo-local-el-ayuntamiento-de-mula-y-el-centro-tecnologico-del-marmol-refuerzan-su-colaboracion-para-mejorar-las-competencias-digitales-de-la-ciudadania\/\" \/>\n<meta property=\"og:locale\" content=\"es_ES\" \/>\n<meta property=\"og:type\" content=\"article\" \/>\n<meta property=\"og:title\" content=\"DESARROLLO LOCAL | El Ayuntamiento de Mula y el Centro Tecnol\u00f3gico del M\u00e1rmol refuerzan su colaboraci\u00f3n para mejorar las competencias digitales de la ciudadan\u00eda - Ayuntamiento de Mula\" \/>\n<meta property=\"og:description\" content=\"NOTA DE PRENSA &#8211; 15 DE MAYO DE 2025\u00a0 \u00a0 El Ayuntamiento de Mula y el Centro Tecnol\u00f3gico del M\u00e1rmol refuerzan su colaboraci\u00f3n para mejorar las competencias digitales de la ciudadan\u00eda &nbsp; El concejal de Desarrollo Local del Ayuntamiento de Mula, Vicente L\u00f3pez, junto a los Agentes de Desarrollo Local, ha mantenido esta ma\u00f1ana una [...]\" \/>\n<meta property=\"og:url\" content=\"https:\/\/mula.es\/web\/desarrollo-local-el-ayuntamiento-de-mula-y-el-centro-tecnologico-del-marmol-refuerzan-su-colaboracion-para-mejorar-las-competencias-digitales-de-la-ciudadania\/\" \/>\n<meta property=\"og:site_name\" content=\"Ayuntamiento de Mula\" \/>\n<meta property=\"article:published_time\" content=\"2025-05-15T11:40:26+00:00\" \/>\n<meta property=\"og:image\" content=\"https:\/\/mula.es\/web\/wp-content\/uploads\/2020\/06\/escudo-cuadrado-e1591045058235.jpg\" \/>\n\t<meta property=\"og:image:width\" content=\"200\" \/>\n\t<meta property=\"og:image:height\" content=\"218\" \/>\n\t<meta property=\"og:image:type\" content=\"image\/jpeg\" \/>\n<meta name=\"author\" content=\"Laura Salas Orcajada\" \/>\n<meta name=\"twitter:card\" content=\"summary_large_image\" \/>\n<meta name=\"twitter:creator\" content=\"@AyuntamientMula\" \/>\n<meta name=\"twitter:site\" content=\"@AyuntamientMula\" \/>\n<meta name=\"twitter:label1\" content=\"Escrito por\" \/>\n\t<meta name=\"twitter:data1\" content=\"Laura Salas Orcajada\" \/>\n\t<meta name=\"twitter:label2\" content=\"Tiempo de lectura\" \/>\n\t<meta name=\"twitter:data2\" content=\"2 minutos\" \/>\n<script type=\"application\/ld+json\" class=\"yoast-schema-graph\">{\"@context\":\"https:\\\/\\\/schema.org\",\"@graph\":[{\"@type\":\"Article\",\"@id\":\"https:\\\/\\\/mula.es\\\/web\\\/desarrollo-local-el-ayuntamiento-de-mula-y-el-centro-tecnologico-del-marmol-refuerzan-su-colaboracion-para-mejorar-las-competencias-digitales-de-la-ciudadania\\\/#article\",\"isPartOf\":{\"@id\":\"https:\\\/\\\/mula.es\\\/web\\\/desarrollo-local-el-ayuntamiento-de-mula-y-el-centro-tecnologico-del-marmol-refuerzan-su-colaboracion-para-mejorar-las-competencias-digitales-de-la-ciudadania\\\/\"},\"author\":{\"name\":\"Laura Salas Orcajada\",\"@id\":\"https:\\\/\\\/mula.es\\\/web\\\/#\\\/schema\\\/person\\\/4f10179bd364f40dceed361e61e4033f\"},\"headline\":\"DESARROLLO LOCAL | El Ayuntamiento de Mula y el Centro Tecnol\u00f3gico del M\u00e1rmol refuerzan su colaboraci\u00f3n para mejorar las competencias digitales de la ciudadan\u00eda\",\"datePublished\":\"2025-05-15T11:40:26+00:00\",\"mainEntityOfPage\":{\"@id\":\"https:\\\/\\\/mula.es\\\/web\\\/desarrollo-local-el-ayuntamiento-de-mula-y-el-centro-tecnologico-del-marmol-refuerzan-su-colaboracion-para-mejorar-las-competencias-digitales-de-la-ciudadania\\\/\"},\"wordCount\":294,\"image\":{\"@id\":\"https:\\\/\\\/mula.es\\\/web\\\/desarrollo-local-el-ayuntamiento-de-mula-y-el-centro-tecnologico-del-marmol-refuerzan-su-colaboracion-para-mejorar-las-competencias-digitales-de-la-ciudadania\\\/#primaryimage\"},\"thumbnailUrl\":\"https:\\\/\\\/mula.es\\\/web\\\/wp-content\\\/uploads\\\/2020\\\/06\\\/escudo-cuadrado-e1591045058235.jpg\",\"articleSection\":[\"desarrollo local\",\"desarrollo sostenible\"],\"inLanguage\":\"es\"},{\"@type\":\"WebPage\",\"@id\":\"https:\\\/\\\/mula.es\\\/web\\\/desarrollo-local-el-ayuntamiento-de-mula-y-el-centro-tecnologico-del-marmol-refuerzan-su-colaboracion-para-mejorar-las-competencias-digitales-de-la-ciudadania\\\/\",\"url\":\"https:\\\/\\\/mula.es\\\/web\\\/desarrollo-local-el-ayuntamiento-de-mula-y-el-centro-tecnologico-del-marmol-refuerzan-su-colaboracion-para-mejorar-las-competencias-digitales-de-la-ciudadania\\\/\",\"name\":\"DESARROLLO LOCAL | El Ayuntamiento de Mula y el Centro Tecnol\u00f3gico del M\u00e1rmol refuerzan su colaboraci\u00f3n para mejorar las competencias digitales de la ciudadan\u00eda - Ayuntamiento de Mula\",\"isPartOf\":{\"@id\":\"https:\\\/\\\/mula.es\\\/web\\\/#website\"},\"primaryImageOfPage\":{\"@id\":\"https:\\\/\\\/mula.es\\\/web\\\/desarrollo-local-el-ayuntamiento-de-mula-y-el-centro-tecnologico-del-marmol-refuerzan-su-colaboracion-para-mejorar-las-competencias-digitales-de-la-ciudadania\\\/#primaryimage\"},\"image\":{\"@id\":\"https:\\\/\\\/mula.es\\\/web\\\/desarrollo-local-el-ayuntamiento-de-mula-y-el-centro-tecnologico-del-marmol-refuerzan-su-colaboracion-para-mejorar-las-competencias-digitales-de-la-ciudadania\\\/#primaryimage\"},\"thumbnailUrl\":\"https:\\\/\\\/mula.es\\\/web\\\/wp-content\\\/uploads\\\/2020\\\/06\\\/escudo-cuadrado-e1591045058235.jpg\",\"datePublished\":\"2025-05-15T11:40:26+00:00\",\"author\":{\"@id\":\"https:\\\/\\\/mula.es\\\/web\\\/#\\\/schema\\\/person\\\/4f10179bd364f40dceed361e61e4033f\"},\"breadcrumb\":{\"@id\":\"https:\\\/\\\/mula.es\\\/web\\\/desarrollo-local-el-ayuntamiento-de-mula-y-el-centro-tecnologico-del-marmol-refuerzan-su-colaboracion-para-mejorar-las-competencias-digitales-de-la-ciudadania\\\/#breadcrumb\"},\"inLanguage\":\"es\",\"potentialAction\":[{\"@type\":\"ReadAction\",\"target\":[\"https:\\\/\\\/mula.es\\\/web\\\/desarrollo-local-el-ayuntamiento-de-mula-y-el-centro-tecnologico-del-marmol-refuerzan-su-colaboracion-para-mejorar-las-competencias-digitales-de-la-ciudadania\\\/\"]}]},{\"@type\":\"ImageObject\",\"inLanguage\":\"es\",\"@id\":\"https:\\\/\\\/mula.es\\\/web\\\/desarrollo-local-el-ayuntamiento-de-mula-y-el-centro-tecnologico-del-marmol-refuerzan-su-colaboracion-para-mejorar-las-competencias-digitales-de-la-ciudadania\\\/#primaryimage\",\"url\":\"https:\\\/\\\/mula.es\\\/web\\\/wp-content\\\/uploads\\\/2020\\\/06\\\/escudo-cuadrado-e1591045058235.jpg\",\"contentUrl\":\"https:\\\/\\\/mula.es\\\/web\\\/wp-content\\\/uploads\\\/2020\\\/06\\\/escudo-cuadrado-e1591045058235.jpg\",\"width\":200,\"height\":218},{\"@type\":\"BreadcrumbList\",\"@id\":\"https:\\\/\\\/mula.es\\\/web\\\/desarrollo-local-el-ayuntamiento-de-mula-y-el-centro-tecnologico-del-marmol-refuerzan-su-colaboracion-para-mejorar-las-competencias-digitales-de-la-ciudadania\\\/#breadcrumb\",\"itemListElement\":[{\"@type\":\"ListItem\",\"position\":1,\"name\":\"Portada\",\"item\":\"https:\\\/\\\/mula.es\\\/web\\\/\"},{\"@type\":\"ListItem\",\"position\":2,\"name\":\"DESARROLLO LOCAL | El Ayuntamiento de Mula y el Centro Tecnol\u00f3gico del M\u00e1rmol refuerzan su colaboraci\u00f3n para mejorar las competencias digitales de la ciudadan\u00eda\"}]},{\"@type\":\"WebSite\",\"@id\":\"https:\\\/\\\/mula.es\\\/web\\\/#website\",\"url\":\"https:\\\/\\\/mula.es\\\/web\\\/\",\"name\":\"Ayuntamiento de Mula\",\"description\":\"P\u00e1gina web del Ayuntamiento de Mula (Regi\u00f3n de Murcia)\",\"potentialAction\":[{\"@type\":\"SearchAction\",\"target\":{\"@type\":\"EntryPoint\",\"urlTemplate\":\"https:\\\/\\\/mula.es\\\/web\\\/?s={search_term_string}\"},\"query-input\":{\"@type\":\"PropertyValueSpecification\",\"valueRequired\":true,\"valueName\":\"search_term_string\"}}],\"inLanguage\":\"es\"},{\"@type\":\"Person\",\"@id\":\"https:\\\/\\\/mula.es\\\/web\\\/#\\\/schema\\\/person\\\/4f10179bd364f40dceed361e61e4033f\",\"name\":\"Laura Salas Orcajada\",\"image\":{\"@type\":\"ImageObject\",\"inLanguage\":\"es\",\"@id\":\"https:\\\/\\\/secure.gravatar.com\\\/avatar\\\/786f2a223d9a455e2a448f78b5dcc1117207ef56ef3d9a04df338c0f775cd403?s=96&d=mm&r=g\",\"url\":\"https:\\\/\\\/secure.gravatar.com\\\/avatar\\\/786f2a223d9a455e2a448f78b5dcc1117207ef56ef3d9a04df338c0f775cd403?s=96&d=mm&r=g\",\"contentUrl\":\"https:\\\/\\\/secure.gravatar.com\\\/avatar\\\/786f2a223d9a455e2a448f78b5dcc1117207ef56ef3d9a04df338c0f775cd403?s=96&d=mm&r=g\",\"caption\":\"Laura Salas Orcajada\"},\"url\":\"https:\\\/\\\/mula.es\\\/web\\\/author\\\/lsalas\\\/\"}]}<\/script>\n<!-- \/ Yoast SEO plugin. -->","yoast_head_json":{"title":"DESARROLLO LOCAL | El Ayuntamiento de Mula y el Centro Tecnol\u00f3gico del M\u00e1rmol refuerzan su colaboraci\u00f3n para mejorar las competencias digitales de la ciudadan\u00eda - Ayuntamiento de Mula","robots":{"index":"index","follow":"follow","max-snippet":"max-snippet:-1","max-image-preview":"max-image-preview:large","max-video-preview":"max-video-preview:-1"},"canonical":"https:\/\/mula.es\/web\/desarrollo-local-el-ayuntamiento-de-mula-y-el-centro-tecnologico-del-marmol-refuerzan-su-colaboracion-para-mejorar-las-competencias-digitales-de-la-ciudadania\/","og_locale":"es_ES","og_type":"article","og_title":"DESARROLLO LOCAL | El Ayuntamiento de Mula y el Centro Tecnol\u00f3gico del M\u00e1rmol refuerzan su colaboraci\u00f3n para mejorar las competencias digitales de la ciudadan\u00eda - Ayuntamiento de Mula","og_description":"NOTA DE PRENSA &#8211; 15 DE MAYO DE 2025\u00a0 \u00a0 El Ayuntamiento de Mula y el Centro Tecnol\u00f3gico del M\u00e1rmol refuerzan su colaboraci\u00f3n para mejorar las competencias digitales de la ciudadan\u00eda &nbsp; El concejal de Desarrollo Local del Ayuntamiento de Mula, Vicente L\u00f3pez, junto a los Agentes de Desarrollo Local, ha mantenido esta ma\u00f1ana una [...]","og_url":"https:\/\/mula.es\/web\/desarrollo-local-el-ayuntamiento-de-mula-y-el-centro-tecnologico-del-marmol-refuerzan-su-colaboracion-para-mejorar-las-competencias-digitales-de-la-ciudadania\/","og_site_name":"Ayuntamiento de Mula","article_published_time":"2025-05-15T11:40:26+00:00","og_image":[{"width":200,"height":218,"url":"https:\/\/mula.es\/web\/wp-content\/uploads\/2020\/06\/escudo-cuadrado-e1591045058235.jpg","type":"image\/jpeg"}],"author":"Laura Salas Orcajada","twitter_card":"summary_large_image","twitter_creator":"@AyuntamientMula","twitter_site":"@AyuntamientMula","twitter_misc":{"Escrito por":"Laura Salas Orcajada","Tiempo de lectura":"2 minutos"},"schema":{"@context":"https:\/\/schema.org","@graph":[{"@type":"Article","@id":"https:\/\/mula.es\/web\/desarrollo-local-el-ayuntamiento-de-mula-y-el-centro-tecnologico-del-marmol-refuerzan-su-colaboracion-para-mejorar-las-competencias-digitales-de-la-ciudadania\/#article","isPartOf":{"@id":"https:\/\/mula.es\/web\/desarrollo-local-el-ayuntamiento-de-mula-y-el-centro-tecnologico-del-marmol-refuerzan-su-colaboracion-para-mejorar-las-competencias-digitales-de-la-ciudadania\/"},"author":{"name":"Laura Salas Orcajada","@id":"https:\/\/mula.es\/web\/#\/schema\/person\/4f10179bd364f40dceed361e61e4033f"},"headline":"DESARROLLO LOCAL | El Ayuntamiento de Mula y el Centro Tecnol\u00f3gico del M\u00e1rmol refuerzan su colaboraci\u00f3n para mejorar las competencias digitales de la ciudadan\u00eda","datePublished":"2025-05-15T11:40:26+00:00","mainEntityOfPage":{"@id":"https:\/\/mula.es\/web\/desarrollo-local-el-ayuntamiento-de-mula-y-el-centro-tecnologico-del-marmol-refuerzan-su-colaboracion-para-mejorar-las-competencias-digitales-de-la-ciudadania\/"},"wordCount":294,"image":{"@id":"https:\/\/mula.es\/web\/desarrollo-local-el-ayuntamiento-de-mula-y-el-centro-tecnologico-del-marmol-refuerzan-su-colaboracion-para-mejorar-las-competencias-digitales-de-la-ciudadania\/#primaryimage"},"thumbnailUrl":"https:\/\/mula.es\/web\/wp-content\/uploads\/2020\/06\/escudo-cuadrado-e1591045058235.jpg","articleSection":["desarrollo local","desarrollo sostenible"],"inLanguage":"es"},{"@type":"WebPage","@id":"https:\/\/mula.es\/web\/desarrollo-local-el-ayuntamiento-de-mula-y-el-centro-tecnologico-del-marmol-refuerzan-su-colaboracion-para-mejorar-las-competencias-digitales-de-la-ciudadania\/","url":"https:\/\/mula.es\/web\/desarrollo-local-el-ayuntamiento-de-mula-y-el-centro-tecnologico-del-marmol-refuerzan-su-colaboracion-para-mejorar-las-competencias-digitales-de-la-ciudadania\/","name":"DESARROLLO LOCAL | El Ayuntamiento de Mula y el Centro Tecnol\u00f3gico del M\u00e1rmol refuerzan su colaboraci\u00f3n para mejorar las competencias digitales de la ciudadan\u00eda - Ayuntamiento de Mula","isPartOf":{"@id":"https:\/\/mula.es\/web\/#website"},"primaryImageOfPage":{"@id":"https:\/\/mula.es\/web\/desarrollo-local-el-ayuntamiento-de-mula-y-el-centro-tecnologico-del-marmol-refuerzan-su-colaboracion-para-mejorar-las-competencias-digitales-de-la-ciudadania\/#primaryimage"},"image":{"@id":"https:\/\/mula.es\/web\/desarrollo-local-el-ayuntamiento-de-mula-y-el-centro-tecnologico-del-marmol-refuerzan-su-colaboracion-para-mejorar-las-competencias-digitales-de-la-ciudadania\/#primaryimage"},"thumbnailUrl":"https:\/\/mula.es\/web\/wp-content\/uploads\/2020\/06\/escudo-cuadrado-e1591045058235.jpg","datePublished":"2025-05-15T11:40:26+00:00","author":{"@id":"https:\/\/mula.es\/web\/#\/schema\/person\/4f10179bd364f40dceed361e61e4033f"},"breadcrumb":{"@id":"https:\/\/mula.es\/web\/desarrollo-local-el-ayuntamiento-de-mula-y-el-centro-tecnologico-del-marmol-refuerzan-su-colaboracion-para-mejorar-las-competencias-digitales-de-la-ciudadania\/#breadcrumb"},"inLanguage":"es","potentialAction":[{"@type":"ReadAction","target":["https:\/\/mula.es\/web\/desarrollo-local-el-ayuntamiento-de-mula-y-el-centro-tecnologico-del-marmol-refuerzan-su-colaboracion-para-mejorar-las-competencias-digitales-de-la-ciudadania\/"]}]},{"@type":"ImageObject","inLanguage":"es","@id":"https:\/\/mula.es\/web\/desarrollo-local-el-ayuntamiento-de-mula-y-el-centro-tecnologico-del-marmol-refuerzan-su-colaboracion-para-mejorar-las-competencias-digitales-de-la-ciudadania\/#primaryimage","url":"https:\/\/mula.es\/web\/wp-content\/uploads\/2020\/06\/escudo-cuadrado-e1591045058235.jpg","contentUrl":"https:\/\/mula.es\/web\/wp-content\/uploads\/2020\/06\/escudo-cuadrado-e1591045058235.jpg","width":200,"height":218},{"@type":"BreadcrumbList","@id":"https:\/\/mula.es\/web\/desarrollo-local-el-ayuntamiento-de-mula-y-el-centro-tecnologico-del-marmol-refuerzan-su-colaboracion-para-mejorar-las-competencias-digitales-de-la-ciudadania\/#breadcrumb","itemListElement":[{"@type":"ListItem","position":1,"name":"Portada","item":"https:\/\/mula.es\/web\/"},{"@type":"ListItem","position":2,"name":"DESARROLLO LOCAL | El Ayuntamiento de Mula y el Centro Tecnol\u00f3gico del M\u00e1rmol refuerzan su colaboraci\u00f3n para mejorar las competencias digitales de la ciudadan\u00eda"}]},{"@type":"WebSite","@id":"https:\/\/mula.es\/web\/#website","url":"https:\/\/mula.es\/web\/","name":"Ayuntamiento de Mula","description":"P\u00e1gina web del Ayuntamiento de Mula (Regi\u00f3n de Murcia)","potentialAction":[{"@type":"SearchAction","target":{"@type":"EntryPoint","urlTemplate":"https:\/\/mula.es\/web\/?s={search_term_string}"},"query-input":{"@type":"PropertyValueSpecification","valueRequired":true,"valueName":"search_term_string"}}],"inLanguage":"es"},{"@type":"Person","@id":"https:\/\/mula.es\/web\/#\/schema\/person\/4f10179bd364f40dceed361e61e4033f","name":"Laura Salas Orcajada","image":{"@type":"ImageObject","inLanguage":"es","@id":"https:\/\/secure.gravatar.com\/avatar\/786f2a223d9a455e2a448f78b5dcc1117207ef56ef3d9a04df338c0f775cd403?s=96&d=mm&r=g","url":"https:\/\/secure.gravatar.com\/avatar\/786f2a223d9a455e2a448f78b5dcc1117207ef56ef3d9a04df338c0f775cd403?s=96&d=mm&r=g","contentUrl":"https:\/\/secure.gravatar.com\/avatar\/786f2a223d9a455e2a448f78b5dcc1117207ef56ef3d9a04df338c0f775cd403?s=96&d=mm&r=g","caption":"Laura Salas Orcajada"},"url":"https:\/\/mula.es\/web\/author\/lsalas\/"}]}},"jetpack_publicize_connections":[],"jetpack_featured_media_url":"https:\/\/mula.es\/web\/wp-content\/uploads\/2020\/06\/escudo-cuadrado-e1591045058235.jpg","jetpack_sharing_enabled":true,"jetpack_shortlink":"https:\/\/wp.me\/pa9DMY-ffm","jetpack-related-posts":[],"_links":{"self":[{"href":"https:\/\/mula.es\/web\/wp-json\/wp\/v2\/posts\/58612","targetHints":{"allow":["GET"]}}],"collection":[{"href":"https:\/\/mula.es\/web\/wp-json\/wp\/v2\/posts"}],"about":[{"href":"https:\/\/mula.es\/web\/wp-json\/wp\/v2\/types\/post"}],"author":[{"embeddable":true,"href":"https:\/\/mula.es\/web\/wp-json\/wp\/v2\/users\/13"}],"replies":[{"embeddable":true,"href":"https:\/\/mula.es\/web\/wp-json\/wp\/v2\/comments?post=58612"}],"version-history":[{"count":1,"href":"https:\/\/mula.es\/web\/wp-json\/wp\/v2\/posts\/58612\/revisions"}],"predecessor-version":[{"id":58614,"href":"https:\/\/mula.es\/web\/wp-json\/wp\/v2\/posts\/58612\/revisions\/58614"}],"wp:featuredmedia":[{"embeddable":true,"href":"https:\/\/mula.es\/web\/wp-json\/wp\/v2\/media\/33512"}],"wp:attachment":[{"href":"https:\/\/mula.es\/web\/wp-json\/wp\/v2\/media?parent=58612"}],"wp:term":[{"taxonomy":"category","embeddable":true,"href":"https:\/\/mula.es\/web\/wp-json\/wp\/v2\/categories?post=58612"},{"taxonomy":"post_tag","embeddable":true,"href":"https:\/\/mula.es\/web\/wp-json\/wp\/v2\/tags?post=58612"}],"curies":[{"name":"wp","href":"https:\/\/api.w.org\/{rel}","templated":true}]}}