{"id":58721,"date":"2025-05-29T09:02:44","date_gmt":"2025-05-29T07:02:44","guid":{"rendered":"https:\/\/mula.es\/web\/?p=58721"},"modified":"2025-05-29T09:37:12","modified_gmt":"2025-05-29T07:37:12","slug":"juventud-finalizan-las-capsulas-formativas-sobre-orientacion-laboral-en-los-institutos-de-mula","status":"publish","type":"post","link":"https:\/\/mula.es\/web\/juventud-finalizan-las-capsulas-formativas-sobre-orientacion-laboral-en-los-institutos-de-mula\/","title":{"rendered":"JUVENTUD | Finalizan las c\u00e1psulas formativas sobre orientaci\u00f3n laboral en los institutos de Mula"},"content":{"rendered":"<p><strong>NOTA DE PRENSA &#8211; 29 DE MAYO DE 2025<\/strong><\/p>\n<p><strong>\u00a0<\/strong><\/p>\n<p><strong>\u00a0<\/strong><\/p>\n<h2><strong>Finalizan las c\u00e1psulas formativas sobre orientaci\u00f3n laboral en los institutos de Mula<\/strong><\/h2>\n<p><strong>\u00a0<\/strong><\/p>\n<p>Durante las \u00faltimas semanas, el Ayuntamiento de Mula, a trav\u00e9s de la concejal\u00eda de Juventud, ha llevado a cabo una serie de <strong>c\u00e1psulas formativas sobre orientaci\u00f3n laboral y acceso al empleo<\/strong> dirigidas al alumnado de los institutos Ortega y Rubio y Ribera de los Molinos.<\/p>\n<p>Estas sesiones, enmarcadas dentro de las l\u00edneas de trabajo de <strong>formaci\u00f3n y asesoramiento juvenil<\/strong>, han tenido como objetivo dotar a los j\u00f3venes de herramientas pr\u00e1cticas para afrontar su futuro profesional, desde la b\u00fasqueda activa de empleo hasta aspectos como la elaboraci\u00f3n del curr\u00edculum, preparaci\u00f3n de entrevistas o el conocimiento de los recursos disponibles para la inserci\u00f3n laboral.<\/p>\n<p>El concejal de Juventud y Garant\u00eda Juvenil, <strong>Toni Ruiz<\/strong>, ha valorado muy positivamente esta iniciativa, destacando que \u201c<strong>seguir apostando por la formaci\u00f3n de nuestros j\u00f3venes es clave para construir un futuro con m\u00e1s oportunidades para todos<\/strong>. Queremos que est\u00e9n preparados, informados y motivados para dar el salto al mercado laboral con confianza y seguridad\u201d.<\/p>\n<p>Desde el Ayuntamiento se continuar\u00e1 trabajando en <strong>proyectos formativos y de orientaci\u00f3n adaptados a las necesidades reales de la juventud mule\u00f1a<\/strong>, conscientes de que invertir en su preparaci\u00f3n es invertir en el desarrollo del municipio.<\/p>\n<p>Una vez m\u00e1s, se agradece a los equipos directivos de los centros educativos su implicaci\u00f3n y colaboraci\u00f3n para hacer posible estas acciones formativas.<\/p>\n<p>&nbsp;<\/p>\n<p><a href=\"https:\/\/mula.es\/web\/wp-content\/uploads\/2025\/05\/1-20-scaled.jpg\"><img decoding=\"async\" data-attachment-id=\"58722\" data-permalink=\"https:\/\/mula.es\/web\/juventud-finalizan-las-capsulas-formativas-sobre-orientacion-laboral-en-los-institutos-de-mula\/1-288\/\" data-orig-file=\"https:\/\/mula.es\/web\/wp-content\/uploads\/2025\/05\/1-20-scaled.jpg\" data-orig-size=\"2560,1707\" data-comments-opened=\"0\" data-image-meta=\"{&quot;aperture&quot;:&quot;0&quot;,&quot;credit&quot;:&quot;&quot;,&quot;camera&quot;:&quot;&quot;,&quot;caption&quot;:&quot;&quot;,&quot;created_timestamp&quot;:&quot;0&quot;,&quot;copyright&quot;:&quot;&quot;,&quot;focal_length&quot;:&quot;0&quot;,&quot;iso&quot;:&quot;0&quot;,&quot;shutter_speed&quot;:&quot;0&quot;,&quot;title&quot;:&quot;&quot;,&quot;orientation&quot;:&quot;1&quot;}\" data-image-title=\"1\" data-image-description=\"\" data-image-caption=\"\" data-large-file=\"https:\/\/mula.es\/web\/wp-content\/uploads\/2025\/05\/1-20-1024x683.jpg\" class=\"alignnone size-medium wp-image-58722\" src=\"https:\/\/mula.es\/web\/wp-content\/uploads\/2025\/05\/1-20-300x200.jpg\" alt=\"\" width=\"300\" height=\"200\" srcset=\"https:\/\/mula.es\/web\/wp-content\/uploads\/2025\/05\/1-20-200x133.jpg 200w, https:\/\/mula.es\/web\/wp-content\/uploads\/2025\/05\/1-20-300x200.jpg 300w, https:\/\/mula.es\/web\/wp-content\/uploads\/2025\/05\/1-20-400x267.jpg 400w, https:\/\/mula.es\/web\/wp-content\/uploads\/2025\/05\/1-20-600x400.jpg 600w, https:\/\/mula.es\/web\/wp-content\/uploads\/2025\/05\/1-20-768x512.jpg 768w, https:\/\/mula.es\/web\/wp-content\/uploads\/2025\/05\/1-20-800x533.jpg 800w, https:\/\/mula.es\/web\/wp-content\/uploads\/2025\/05\/1-20-1024x683.jpg 1024w, https:\/\/mula.es\/web\/wp-content\/uploads\/2025\/05\/1-20-1200x800.jpg 1200w, https:\/\/mula.es\/web\/wp-content\/uploads\/2025\/05\/1-20-1536x1024.jpg 1536w\" sizes=\"(max-width: 300px) 100vw, 300px\" \/><\/a> <a href=\"https:\/\/mula.es\/web\/wp-content\/uploads\/2025\/05\/2-19-scaled.jpg\"><img decoding=\"async\" data-attachment-id=\"58723\" data-permalink=\"https:\/\/mula.es\/web\/juventud-finalizan-las-capsulas-formativas-sobre-orientacion-laboral-en-los-institutos-de-mula\/2-269\/\" data-orig-file=\"https:\/\/mula.es\/web\/wp-content\/uploads\/2025\/05\/2-19-scaled.jpg\" data-orig-size=\"2560,1707\" data-comments-opened=\"0\" data-image-meta=\"{&quot;aperture&quot;:&quot;0&quot;,&quot;credit&quot;:&quot;&quot;,&quot;camera&quot;:&quot;&quot;,&quot;caption&quot;:&quot;&quot;,&quot;created_timestamp&quot;:&quot;0&quot;,&quot;copyright&quot;:&quot;&quot;,&quot;focal_length&quot;:&quot;0&quot;,&quot;iso&quot;:&quot;0&quot;,&quot;shutter_speed&quot;:&quot;0&quot;,&quot;title&quot;:&quot;&quot;,&quot;orientation&quot;:&quot;1&quot;}\" data-image-title=\"2\" data-image-description=\"\" data-image-caption=\"\" data-large-file=\"https:\/\/mula.es\/web\/wp-content\/uploads\/2025\/05\/2-19-1024x683.jpg\" class=\"alignnone size-medium wp-image-58723\" src=\"https:\/\/mula.es\/web\/wp-content\/uploads\/2025\/05\/2-19-300x200.jpg\" alt=\"\" width=\"300\" height=\"200\" srcset=\"https:\/\/mula.es\/web\/wp-content\/uploads\/2025\/05\/2-19-200x133.jpg 200w, https:\/\/mula.es\/web\/wp-content\/uploads\/2025\/05\/2-19-300x200.jpg 300w, https:\/\/mula.es\/web\/wp-content\/uploads\/2025\/05\/2-19-400x267.jpg 400w, https:\/\/mula.es\/web\/wp-content\/uploads\/2025\/05\/2-19-600x400.jpg 600w, https:\/\/mula.es\/web\/wp-content\/uploads\/2025\/05\/2-19-768x512.jpg 768w, https:\/\/mula.es\/web\/wp-content\/uploads\/2025\/05\/2-19-800x533.jpg 800w, https:\/\/mula.es\/web\/wp-content\/uploads\/2025\/05\/2-19-1024x683.jpg 1024w, https:\/\/mula.es\/web\/wp-content\/uploads\/2025\/05\/2-19-1200x800.jpg 1200w, https:\/\/mula.es\/web\/wp-content\/uploads\/2025\/05\/2-19-1536x1024.jpg 1536w\" sizes=\"(max-width: 300px) 100vw, 300px\" \/><\/a> <a href=\"https:\/\/mula.es\/web\/wp-content\/uploads\/2025\/05\/3-18-scaled.jpg\"><img decoding=\"async\" data-attachment-id=\"58724\" data-permalink=\"https:\/\/mula.es\/web\/juventud-finalizan-las-capsulas-formativas-sobre-orientacion-laboral-en-los-institutos-de-mula\/3-235\/\" data-orig-file=\"https:\/\/mula.es\/web\/wp-content\/uploads\/2025\/05\/3-18-scaled.jpg\" data-orig-size=\"2560,1707\" data-comments-opened=\"0\" data-image-meta=\"{&quot;aperture&quot;:&quot;0&quot;,&quot;credit&quot;:&quot;&quot;,&quot;camera&quot;:&quot;&quot;,&quot;caption&quot;:&quot;&quot;,&quot;created_timestamp&quot;:&quot;0&quot;,&quot;copyright&quot;:&quot;&quot;,&quot;focal_length&quot;:&quot;0&quot;,&quot;iso&quot;:&quot;0&quot;,&quot;shutter_speed&quot;:&quot;0&quot;,&quot;title&quot;:&quot;&quot;,&quot;orientation&quot;:&quot;1&quot;}\" data-image-title=\"3\" data-image-description=\"\" data-image-caption=\"\" data-large-file=\"https:\/\/mula.es\/web\/wp-content\/uploads\/2025\/05\/3-18-1024x683.jpg\" class=\"alignnone size-medium wp-image-58724\" src=\"https:\/\/mula.es\/web\/wp-content\/uploads\/2025\/05\/3-18-300x200.jpg\" alt=\"\" width=\"300\" height=\"200\" srcset=\"https:\/\/mula.es\/web\/wp-content\/uploads\/2025\/05\/3-18-200x133.jpg 200w, https:\/\/mula.es\/web\/wp-content\/uploads\/2025\/05\/3-18-300x200.jpg 300w, https:\/\/mula.es\/web\/wp-content\/uploads\/2025\/05\/3-18-400x267.jpg 400w, https:\/\/mula.es\/web\/wp-content\/uploads\/2025\/05\/3-18-600x400.jpg 600w, https:\/\/mula.es\/web\/wp-content\/uploads\/2025\/05\/3-18-768x512.jpg 768w, https:\/\/mula.es\/web\/wp-content\/uploads\/2025\/05\/3-18-800x533.jpg 800w, https:\/\/mula.es\/web\/wp-content\/uploads\/2025\/05\/3-18-1024x683.jpg 1024w, https:\/\/mula.es\/web\/wp-content\/uploads\/2025\/05\/3-18-1200x800.jpg 1200w, https:\/\/mula.es\/web\/wp-content\/uploads\/2025\/05\/3-18-1536x1024.jpg 1536w\" sizes=\"(max-width: 300px) 100vw, 300px\" \/><\/a> <a href=\"https:\/\/mula.es\/web\/wp-content\/uploads\/2025\/05\/4-12-scaled.jpg\"><img decoding=\"async\" data-attachment-id=\"58725\" data-permalink=\"https:\/\/mula.es\/web\/juventud-finalizan-las-capsulas-formativas-sobre-orientacion-laboral-en-los-institutos-de-mula\/4-170\/\" data-orig-file=\"https:\/\/mula.es\/web\/wp-content\/uploads\/2025\/05\/4-12-scaled.jpg\" data-orig-size=\"2560,1707\" data-comments-opened=\"0\" data-image-meta=\"{&quot;aperture&quot;:&quot;0&quot;,&quot;credit&quot;:&quot;&quot;,&quot;camera&quot;:&quot;&quot;,&quot;caption&quot;:&quot;&quot;,&quot;created_timestamp&quot;:&quot;0&quot;,&quot;copyright&quot;:&quot;&quot;,&quot;focal_length&quot;:&quot;0&quot;,&quot;iso&quot;:&quot;0&quot;,&quot;shutter_speed&quot;:&quot;0&quot;,&quot;title&quot;:&quot;&quot;,&quot;orientation&quot;:&quot;1&quot;}\" data-image-title=\"4\" data-image-description=\"\" data-image-caption=\"\" data-large-file=\"https:\/\/mula.es\/web\/wp-content\/uploads\/2025\/05\/4-12-1024x683.jpg\" class=\"alignnone size-medium wp-image-58725\" src=\"https:\/\/mula.es\/web\/wp-content\/uploads\/2025\/05\/4-12-300x200.jpg\" alt=\"\" width=\"300\" height=\"200\" srcset=\"https:\/\/mula.es\/web\/wp-content\/uploads\/2025\/05\/4-12-200x133.jpg 200w, https:\/\/mula.es\/web\/wp-content\/uploads\/2025\/05\/4-12-300x200.jpg 300w, https:\/\/mula.es\/web\/wp-content\/uploads\/2025\/05\/4-12-400x267.jpg 400w, https:\/\/mula.es\/web\/wp-content\/uploads\/2025\/05\/4-12-600x400.jpg 600w, https:\/\/mula.es\/web\/wp-content\/uploads\/2025\/05\/4-12-768x512.jpg 768w, https:\/\/mula.es\/web\/wp-content\/uploads\/2025\/05\/4-12-800x533.jpg 800w, https:\/\/mula.es\/web\/wp-content\/uploads\/2025\/05\/4-12-1024x683.jpg 1024w, https:\/\/mula.es\/web\/wp-content\/uploads\/2025\/05\/4-12-1200x800.jpg 1200w, https:\/\/mula.es\/web\/wp-content\/uploads\/2025\/05\/4-12-1536x1024.jpg 1536w\" sizes=\"(max-width: 300px) 100vw, 300px\" \/><\/a><\/p>\n","protected":false},"excerpt":{"rendered":"<p>NOTA DE PRENSA &#8211; 29 DE MAYO DE 2025 \u00a0 \u00a0 Finalizan las c\u00e1psulas formativas sobre orientaci\u00f3n laboral en los institutos de Mula \u00a0 Durante las \u00faltimas semanas, el Ayuntamiento de Mula, a trav\u00e9s de la concejal\u00eda de Juventud, ha llevado a cabo una serie de c\u00e1psulas formativas sobre orientaci\u00f3n laboral y acceso al empleo  [&#8230;]<\/p>\n","protected":false},"author":13,"featured_media":33512,"comment_status":"closed","ping_status":"closed","sticky":false,"template":"","format":"standard","meta":{"jetpack_post_was_ever_published":false,"_jetpack_newsletter_access":"","_jetpack_dont_email_post_to_subs":false,"_jetpack_newsletter_tier_id":0,"_jetpack_memberships_contains_paywalled_content":false,"_jetpack_memberships_contains_paid_content":false,"footnotes":"","jetpack_publicize_message":"","jetpack_publicize_feature_enabled":true,"jetpack_social_post_already_shared":false,"jetpack_social_options":{"image_generator_settings":{"template":"highway","default_image_id":0,"font":"","enabled":false},"version":2}},"categories":[87],"tags":[],"class_list":["post-58721","post","type-post","status-publish","format-standard","has-post-thumbnail","hentry","category-juventud-y-adolescencia"],"yoast_head":"<!-- This site is optimized with the Yoast SEO plugin v27.5 - https:\/\/yoast.com\/product\/yoast-seo-wordpress\/ -->\n<title>JUVENTUD | Finalizan las c\u00e1psulas formativas sobre orientaci\u00f3n laboral en los institutos de Mula - Ayuntamiento de Mula<\/title>\n<meta name=\"robots\" content=\"index, follow, max-snippet:-1, max-image-preview:large, max-video-preview:-1\" \/>\n<link rel=\"canonical\" href=\"https:\/\/mula.es\/web\/juventud-finalizan-las-capsulas-formativas-sobre-orientacion-laboral-en-los-institutos-de-mula\/\" \/>\n<meta property=\"og:locale\" content=\"es_ES\" \/>\n<meta property=\"og:type\" content=\"article\" \/>\n<meta property=\"og:title\" content=\"JUVENTUD | Finalizan las c\u00e1psulas formativas sobre orientaci\u00f3n laboral en los institutos de Mula - Ayuntamiento de Mula\" \/>\n<meta property=\"og:description\" content=\"NOTA DE PRENSA &#8211; 29 DE MAYO DE 2025 \u00a0 \u00a0 Finalizan las c\u00e1psulas formativas sobre orientaci\u00f3n laboral en los institutos de Mula \u00a0 Durante las \u00faltimas semanas, el Ayuntamiento de Mula, a trav\u00e9s de la concejal\u00eda de Juventud, ha llevado a cabo una serie de c\u00e1psulas formativas sobre orientaci\u00f3n laboral y acceso al empleo [...]\" \/>\n<meta property=\"og:url\" content=\"https:\/\/mula.es\/web\/juventud-finalizan-las-capsulas-formativas-sobre-orientacion-laboral-en-los-institutos-de-mula\/\" \/>\n<meta property=\"og:site_name\" content=\"Ayuntamiento de Mula\" \/>\n<meta property=\"article:published_time\" content=\"2025-05-29T07:02:44+00:00\" \/>\n<meta property=\"article:modified_time\" content=\"2025-05-29T07:37:12+00:00\" \/>\n<meta property=\"og:image\" content=\"https:\/\/mula.es\/web\/wp-content\/uploads\/2020\/06\/escudo-cuadrado-e1591045058235.jpg\" \/>\n\t<meta property=\"og:image:width\" content=\"200\" \/>\n\t<meta property=\"og:image:height\" content=\"218\" \/>\n\t<meta property=\"og:image:type\" content=\"image\/jpeg\" \/>\n<meta name=\"author\" content=\"Laura Salas Orcajada\" \/>\n<meta name=\"twitter:card\" content=\"summary_large_image\" \/>\n<meta name=\"twitter:creator\" content=\"@AyuntamientMula\" \/>\n<meta name=\"twitter:site\" content=\"@AyuntamientMula\" \/>\n<meta name=\"twitter:label1\" content=\"Escrito por\" \/>\n\t<meta name=\"twitter:data1\" content=\"Laura Salas Orcajada\" \/>\n\t<meta name=\"twitter:label2\" content=\"Tiempo de lectura\" \/>\n\t<meta name=\"twitter:data2\" content=\"2 minutos\" \/>\n<script type=\"application\/ld+json\" class=\"yoast-schema-graph\">{\"@context\":\"https:\\\/\\\/schema.org\",\"@graph\":[{\"@type\":\"Article\",\"@id\":\"https:\\\/\\\/mula.es\\\/web\\\/juventud-finalizan-las-capsulas-formativas-sobre-orientacion-laboral-en-los-institutos-de-mula\\\/#article\",\"isPartOf\":{\"@id\":\"https:\\\/\\\/mula.es\\\/web\\\/juventud-finalizan-las-capsulas-formativas-sobre-orientacion-laboral-en-los-institutos-de-mula\\\/\"},\"author\":{\"name\":\"Laura Salas Orcajada\",\"@id\":\"https:\\\/\\\/mula.es\\\/web\\\/#\\\/schema\\\/person\\\/4f10179bd364f40dceed361e61e4033f\"},\"headline\":\"JUVENTUD | Finalizan las c\u00e1psulas formativas sobre orientaci\u00f3n laboral en los institutos de Mula\",\"datePublished\":\"2025-05-29T07:02:44+00:00\",\"dateModified\":\"2025-05-29T07:37:12+00:00\",\"mainEntityOfPage\":{\"@id\":\"https:\\\/\\\/mula.es\\\/web\\\/juventud-finalizan-las-capsulas-formativas-sobre-orientacion-laboral-en-los-institutos-de-mula\\\/\"},\"wordCount\":275,\"image\":{\"@id\":\"https:\\\/\\\/mula.es\\\/web\\\/juventud-finalizan-las-capsulas-formativas-sobre-orientacion-laboral-en-los-institutos-de-mula\\\/#primaryimage\"},\"thumbnailUrl\":\"https:\\\/\\\/mula.es\\\/web\\\/wp-content\\\/uploads\\\/2020\\\/06\\\/escudo-cuadrado-e1591045058235.jpg\",\"articleSection\":[\"juventud y adolescencia\"],\"inLanguage\":\"es\"},{\"@type\":\"WebPage\",\"@id\":\"https:\\\/\\\/mula.es\\\/web\\\/juventud-finalizan-las-capsulas-formativas-sobre-orientacion-laboral-en-los-institutos-de-mula\\\/\",\"url\":\"https:\\\/\\\/mula.es\\\/web\\\/juventud-finalizan-las-capsulas-formativas-sobre-orientacion-laboral-en-los-institutos-de-mula\\\/\",\"name\":\"JUVENTUD | Finalizan las c\u00e1psulas formativas sobre orientaci\u00f3n laboral en los institutos de Mula - Ayuntamiento de Mula\",\"isPartOf\":{\"@id\":\"https:\\\/\\\/mula.es\\\/web\\\/#website\"},\"primaryImageOfPage\":{\"@id\":\"https:\\\/\\\/mula.es\\\/web\\\/juventud-finalizan-las-capsulas-formativas-sobre-orientacion-laboral-en-los-institutos-de-mula\\\/#primaryimage\"},\"image\":{\"@id\":\"https:\\\/\\\/mula.es\\\/web\\\/juventud-finalizan-las-capsulas-formativas-sobre-orientacion-laboral-en-los-institutos-de-mula\\\/#primaryimage\"},\"thumbnailUrl\":\"https:\\\/\\\/mula.es\\\/web\\\/wp-content\\\/uploads\\\/2020\\\/06\\\/escudo-cuadrado-e1591045058235.jpg\",\"datePublished\":\"2025-05-29T07:02:44+00:00\",\"dateModified\":\"2025-05-29T07:37:12+00:00\",\"author\":{\"@id\":\"https:\\\/\\\/mula.es\\\/web\\\/#\\\/schema\\\/person\\\/4f10179bd364f40dceed361e61e4033f\"},\"breadcrumb\":{\"@id\":\"https:\\\/\\\/mula.es\\\/web\\\/juventud-finalizan-las-capsulas-formativas-sobre-orientacion-laboral-en-los-institutos-de-mula\\\/#breadcrumb\"},\"inLanguage\":\"es\",\"potentialAction\":[{\"@type\":\"ReadAction\",\"target\":[\"https:\\\/\\\/mula.es\\\/web\\\/juventud-finalizan-las-capsulas-formativas-sobre-orientacion-laboral-en-los-institutos-de-mula\\\/\"]}]},{\"@type\":\"ImageObject\",\"inLanguage\":\"es\",\"@id\":\"https:\\\/\\\/mula.es\\\/web\\\/juventud-finalizan-las-capsulas-formativas-sobre-orientacion-laboral-en-los-institutos-de-mula\\\/#primaryimage\",\"url\":\"https:\\\/\\\/mula.es\\\/web\\\/wp-content\\\/uploads\\\/2020\\\/06\\\/escudo-cuadrado-e1591045058235.jpg\",\"contentUrl\":\"https:\\\/\\\/mula.es\\\/web\\\/wp-content\\\/uploads\\\/2020\\\/06\\\/escudo-cuadrado-e1591045058235.jpg\",\"width\":200,\"height\":218},{\"@type\":\"BreadcrumbList\",\"@id\":\"https:\\\/\\\/mula.es\\\/web\\\/juventud-finalizan-las-capsulas-formativas-sobre-orientacion-laboral-en-los-institutos-de-mula\\\/#breadcrumb\",\"itemListElement\":[{\"@type\":\"ListItem\",\"position\":1,\"name\":\"Portada\",\"item\":\"https:\\\/\\\/mula.es\\\/web\\\/\"},{\"@type\":\"ListItem\",\"position\":2,\"name\":\"JUVENTUD | Finalizan las c\u00e1psulas formativas sobre orientaci\u00f3n laboral en los institutos de Mula\"}]},{\"@type\":\"WebSite\",\"@id\":\"https:\\\/\\\/mula.es\\\/web\\\/#website\",\"url\":\"https:\\\/\\\/mula.es\\\/web\\\/\",\"name\":\"Ayuntamiento de Mula\",\"description\":\"P\u00e1gina web del Ayuntamiento de Mula (Regi\u00f3n de Murcia)\",\"potentialAction\":[{\"@type\":\"SearchAction\",\"target\":{\"@type\":\"EntryPoint\",\"urlTemplate\":\"https:\\\/\\\/mula.es\\\/web\\\/?s={search_term_string}\"},\"query-input\":{\"@type\":\"PropertyValueSpecification\",\"valueRequired\":true,\"valueName\":\"search_term_string\"}}],\"inLanguage\":\"es\"},{\"@type\":\"Person\",\"@id\":\"https:\\\/\\\/mula.es\\\/web\\\/#\\\/schema\\\/person\\\/4f10179bd364f40dceed361e61e4033f\",\"name\":\"Laura Salas Orcajada\",\"image\":{\"@type\":\"ImageObject\",\"inLanguage\":\"es\",\"@id\":\"https:\\\/\\\/secure.gravatar.com\\\/avatar\\\/786f2a223d9a455e2a448f78b5dcc1117207ef56ef3d9a04df338c0f775cd403?s=96&d=mm&r=g\",\"url\":\"https:\\\/\\\/secure.gravatar.com\\\/avatar\\\/786f2a223d9a455e2a448f78b5dcc1117207ef56ef3d9a04df338c0f775cd403?s=96&d=mm&r=g\",\"contentUrl\":\"https:\\\/\\\/secure.gravatar.com\\\/avatar\\\/786f2a223d9a455e2a448f78b5dcc1117207ef56ef3d9a04df338c0f775cd403?s=96&d=mm&r=g\",\"caption\":\"Laura Salas Orcajada\"},\"url\":\"https:\\\/\\\/mula.es\\\/web\\\/author\\\/lsalas\\\/\"}]}<\/script>\n<!-- \/ Yoast SEO plugin. -->","yoast_head_json":{"title":"JUVENTUD | Finalizan las c\u00e1psulas formativas sobre orientaci\u00f3n laboral en los institutos de Mula - Ayuntamiento de Mula","robots":{"index":"index","follow":"follow","max-snippet":"max-snippet:-1","max-image-preview":"max-image-preview:large","max-video-preview":"max-video-preview:-1"},"canonical":"https:\/\/mula.es\/web\/juventud-finalizan-las-capsulas-formativas-sobre-orientacion-laboral-en-los-institutos-de-mula\/","og_locale":"es_ES","og_type":"article","og_title":"JUVENTUD | Finalizan las c\u00e1psulas formativas sobre orientaci\u00f3n laboral en los institutos de Mula - Ayuntamiento de Mula","og_description":"NOTA DE PRENSA &#8211; 29 DE MAYO DE 2025 \u00a0 \u00a0 Finalizan las c\u00e1psulas formativas sobre orientaci\u00f3n laboral en los institutos de Mula \u00a0 Durante las \u00faltimas semanas, el Ayuntamiento de Mula, a trav\u00e9s de la concejal\u00eda de Juventud, ha llevado a cabo una serie de c\u00e1psulas formativas sobre orientaci\u00f3n laboral y acceso al empleo [...]","og_url":"https:\/\/mula.es\/web\/juventud-finalizan-las-capsulas-formativas-sobre-orientacion-laboral-en-los-institutos-de-mula\/","og_site_name":"Ayuntamiento de Mula","article_published_time":"2025-05-29T07:02:44+00:00","article_modified_time":"2025-05-29T07:37:12+00:00","og_image":[{"width":200,"height":218,"url":"https:\/\/mula.es\/web\/wp-content\/uploads\/2020\/06\/escudo-cuadrado-e1591045058235.jpg","type":"image\/jpeg"}],"author":"Laura Salas Orcajada","twitter_card":"summary_large_image","twitter_creator":"@AyuntamientMula","twitter_site":"@AyuntamientMula","twitter_misc":{"Escrito por":"Laura Salas Orcajada","Tiempo de lectura":"2 minutos"},"schema":{"@context":"https:\/\/schema.org","@graph":[{"@type":"Article","@id":"https:\/\/mula.es\/web\/juventud-finalizan-las-capsulas-formativas-sobre-orientacion-laboral-en-los-institutos-de-mula\/#article","isPartOf":{"@id":"https:\/\/mula.es\/web\/juventud-finalizan-las-capsulas-formativas-sobre-orientacion-laboral-en-los-institutos-de-mula\/"},"author":{"name":"Laura Salas Orcajada","@id":"https:\/\/mula.es\/web\/#\/schema\/person\/4f10179bd364f40dceed361e61e4033f"},"headline":"JUVENTUD | Finalizan las c\u00e1psulas formativas sobre orientaci\u00f3n laboral en los institutos de Mula","datePublished":"2025-05-29T07:02:44+00:00","dateModified":"2025-05-29T07:37:12+00:00","mainEntityOfPage":{"@id":"https:\/\/mula.es\/web\/juventud-finalizan-las-capsulas-formativas-sobre-orientacion-laboral-en-los-institutos-de-mula\/"},"wordCount":275,"image":{"@id":"https:\/\/mula.es\/web\/juventud-finalizan-las-capsulas-formativas-sobre-orientacion-laboral-en-los-institutos-de-mula\/#primaryimage"},"thumbnailUrl":"https:\/\/mula.es\/web\/wp-content\/uploads\/2020\/06\/escudo-cuadrado-e1591045058235.jpg","articleSection":["juventud y adolescencia"],"inLanguage":"es"},{"@type":"WebPage","@id":"https:\/\/mula.es\/web\/juventud-finalizan-las-capsulas-formativas-sobre-orientacion-laboral-en-los-institutos-de-mula\/","url":"https:\/\/mula.es\/web\/juventud-finalizan-las-capsulas-formativas-sobre-orientacion-laboral-en-los-institutos-de-mula\/","name":"JUVENTUD | Finalizan las c\u00e1psulas formativas sobre orientaci\u00f3n laboral en los institutos de Mula - Ayuntamiento de Mula","isPartOf":{"@id":"https:\/\/mula.es\/web\/#website"},"primaryImageOfPage":{"@id":"https:\/\/mula.es\/web\/juventud-finalizan-las-capsulas-formativas-sobre-orientacion-laboral-en-los-institutos-de-mula\/#primaryimage"},"image":{"@id":"https:\/\/mula.es\/web\/juventud-finalizan-las-capsulas-formativas-sobre-orientacion-laboral-en-los-institutos-de-mula\/#primaryimage"},"thumbnailUrl":"https:\/\/mula.es\/web\/wp-content\/uploads\/2020\/06\/escudo-cuadrado-e1591045058235.jpg","datePublished":"2025-05-29T07:02:44+00:00","dateModified":"2025-05-29T07:37:12+00:00","author":{"@id":"https:\/\/mula.es\/web\/#\/schema\/person\/4f10179bd364f40dceed361e61e4033f"},"breadcrumb":{"@id":"https:\/\/mula.es\/web\/juventud-finalizan-las-capsulas-formativas-sobre-orientacion-laboral-en-los-institutos-de-mula\/#breadcrumb"},"inLanguage":"es","potentialAction":[{"@type":"ReadAction","target":["https:\/\/mula.es\/web\/juventud-finalizan-las-capsulas-formativas-sobre-orientacion-laboral-en-los-institutos-de-mula\/"]}]},{"@type":"ImageObject","inLanguage":"es","@id":"https:\/\/mula.es\/web\/juventud-finalizan-las-capsulas-formativas-sobre-orientacion-laboral-en-los-institutos-de-mula\/#primaryimage","url":"https:\/\/mula.es\/web\/wp-content\/uploads\/2020\/06\/escudo-cuadrado-e1591045058235.jpg","contentUrl":"https:\/\/mula.es\/web\/wp-content\/uploads\/2020\/06\/escudo-cuadrado-e1591045058235.jpg","width":200,"height":218},{"@type":"BreadcrumbList","@id":"https:\/\/mula.es\/web\/juventud-finalizan-las-capsulas-formativas-sobre-orientacion-laboral-en-los-institutos-de-mula\/#breadcrumb","itemListElement":[{"@type":"ListItem","position":1,"name":"Portada","item":"https:\/\/mula.es\/web\/"},{"@type":"ListItem","position":2,"name":"JUVENTUD | Finalizan las c\u00e1psulas formativas sobre orientaci\u00f3n laboral en los institutos de Mula"}]},{"@type":"WebSite","@id":"https:\/\/mula.es\/web\/#website","url":"https:\/\/mula.es\/web\/","name":"Ayuntamiento de Mula","description":"P\u00e1gina web del Ayuntamiento de Mula (Regi\u00f3n de Murcia)","potentialAction":[{"@type":"SearchAction","target":{"@type":"EntryPoint","urlTemplate":"https:\/\/mula.es\/web\/?s={search_term_string}"},"query-input":{"@type":"PropertyValueSpecification","valueRequired":true,"valueName":"search_term_string"}}],"inLanguage":"es"},{"@type":"Person","@id":"https:\/\/mula.es\/web\/#\/schema\/person\/4f10179bd364f40dceed361e61e4033f","name":"Laura Salas Orcajada","image":{"@type":"ImageObject","inLanguage":"es","@id":"https:\/\/secure.gravatar.com\/avatar\/786f2a223d9a455e2a448f78b5dcc1117207ef56ef3d9a04df338c0f775cd403?s=96&d=mm&r=g","url":"https:\/\/secure.gravatar.com\/avatar\/786f2a223d9a455e2a448f78b5dcc1117207ef56ef3d9a04df338c0f775cd403?s=96&d=mm&r=g","contentUrl":"https:\/\/secure.gravatar.com\/avatar\/786f2a223d9a455e2a448f78b5dcc1117207ef56ef3d9a04df338c0f775cd403?s=96&d=mm&r=g","caption":"Laura Salas Orcajada"},"url":"https:\/\/mula.es\/web\/author\/lsalas\/"}]}},"jetpack_publicize_connections":[],"jetpack_featured_media_url":"https:\/\/mula.es\/web\/wp-content\/uploads\/2020\/06\/escudo-cuadrado-e1591045058235.jpg","jetpack_sharing_enabled":true,"jetpack_shortlink":"https:\/\/wp.me\/pa9DMY-fh7","jetpack-related-posts":[],"_links":{"self":[{"href":"https:\/\/mula.es\/web\/wp-json\/wp\/v2\/posts\/58721","targetHints":{"allow":["GET"]}}],"collection":[{"href":"https:\/\/mula.es\/web\/wp-json\/wp\/v2\/posts"}],"about":[{"href":"https:\/\/mula.es\/web\/wp-json\/wp\/v2\/types\/post"}],"author":[{"embeddable":true,"href":"https:\/\/mula.es\/web\/wp-json\/wp\/v2\/users\/13"}],"replies":[{"embeddable":true,"href":"https:\/\/mula.es\/web\/wp-json\/wp\/v2\/comments?post=58721"}],"version-history":[{"count":1,"href":"https:\/\/mula.es\/web\/wp-json\/wp\/v2\/posts\/58721\/revisions"}],"predecessor-version":[{"id":58726,"href":"https:\/\/mula.es\/web\/wp-json\/wp\/v2\/posts\/58721\/revisions\/58726"}],"wp:featuredmedia":[{"embeddable":true,"href":"https:\/\/mula.es\/web\/wp-json\/wp\/v2\/media\/33512"}],"wp:attachment":[{"href":"https:\/\/mula.es\/web\/wp-json\/wp\/v2\/media?parent=58721"}],"wp:term":[{"taxonomy":"category","embeddable":true,"href":"https:\/\/mula.es\/web\/wp-json\/wp\/v2\/categories?post=58721"},{"taxonomy":"post_tag","embeddable":true,"href":"https:\/\/mula.es\/web\/wp-json\/wp\/v2\/tags?post=58721"}],"curies":[{"name":"wp","href":"https:\/\/api.w.org\/{rel}","templated":true}]}}