{"id":58743,"date":"2025-05-29T17:00:06","date_gmt":"2025-05-29T15:00:06","guid":{"rendered":"https:\/\/mula.es\/web\/?p=58743"},"modified":"2025-05-30T12:13:44","modified_gmt":"2025-05-30T10:13:44","slug":"cultura-presentamos-el-cartel-de-la-36a-semana-de-cine-espanol-de-mula-y-el-31o-certamen-nacional-de-cortos","status":"publish","type":"post","link":"https:\/\/mula.es\/web\/cultura-presentamos-el-cartel-de-la-36a-semana-de-cine-espanol-de-mula-y-el-31o-certamen-nacional-de-cortos\/","title":{"rendered":"CULTURA | Presentamos el cartel de la 36\u00aa Semana de Cine Espa\u00f1ol de Mula y el 31\u00ba Certamen Nacional de Cortos"},"content":{"rendered":"<p><strong>NOTA DE PRENSA &#8211; 29 DE MAYO DE 2025<\/strong><\/p>\n<p><strong>\u00a0<\/strong><\/p>\n<h2><strong>\u00a0<\/strong><\/h2>\n<h2><strong>Presentamos el cartel de la 36\u00aa Semana de Cine Espa\u00f1ol de Mula y el 31\u00ba Certamen Nacional de Cortos<\/strong><\/h2>\n<p>&nbsp;<\/p>\n<p>La cultura vuelve a desplegar su alfombra roja en Mula con la celebraci\u00f3n de la 36\u00aa Semana de Cine Espa\u00f1ol, que tendr\u00e1 lugar del 7 al 14 de junio de 2025. Un a\u00f1o m\u00e1s, nuestro municipio vuelve a acoger al talento cinematogr\u00e1fico nacional gracias a una cita ya imprescindible en el calendario cultural de la Regi\u00f3n de Murcia.<\/p>\n<p>Hoy presentamos el cartel ilustrativo de esta nueva edici\u00f3n, una obra delicada y sugerente creada por Ana Ruiz, de Gr\u00e1ficas El Ni\u00f1o. Su dise\u00f1o, en el que una c\u00e1mara cl\u00e1sica proyecta una explosi\u00f3n de luz y color que se transforma en amapolas, evoca la belleza, la emoci\u00f3n y la mirada sensible que el cine despierta en nosotros. Una met\u00e1fora visual que a\u00fana t\u00e9cnica y poes\u00eda, y que simboliza el poder transformador del s\u00e9ptimo arte.<\/p>\n<p>Este cartel es tambi\u00e9n la imagen del 31\u00ba Certamen Nacional de Cortos, una convocatoria que, a\u00f1o tras a\u00f1o, re\u00fane a creadores de todo el pa\u00eds para mostrar sus historias, sus denuncias, sus sue\u00f1os y su arte en peque\u00f1o formato.<\/p>\n<p>El 5 de junio, se dar\u00e1 a conocer toda la programaci\u00f3n y el actor o actriz homenajeado de este a\u00f1o.<\/p>\n<p>Desde el Ayuntamiento de Mula, junto al resto de entidades colaboradoras, como el ICA, UMU y el Cineclub Segundo de Chom\u00f3n queremos invitar a toda la ciudadan\u00eda a disfrutar, reflexionar y emocionarse con el mejor cine espa\u00f1ol, en una semana que volver\u00e1 a llenar de cultura nuestras calles, nuestro \u00abLope de Vega\u00bb y nuestros corazones.<\/p>\n<p><a href=\"https:\/\/mula.es\/web\/wp-content\/uploads\/2025\/05\/WhatsApp-Image-2025-05-29-at-13.08.58.jpeg\" target=\"_blank\" rel=\"noopener\"><img decoding=\"async\" data-attachment-id=\"58744\" data-permalink=\"https:\/\/mula.es\/web\/cultura-presentamos-el-cartel-de-la-36a-semana-de-cine-espanol-de-mula-y-el-31o-certamen-nacional-de-cortos\/whatsapp-image-2025-05-29-at-13-08-58\/\" data-orig-file=\"https:\/\/mula.es\/web\/wp-content\/uploads\/2025\/05\/WhatsApp-Image-2025-05-29-at-13.08.58.jpeg\" data-orig-size=\"945,1328\" data-comments-opened=\"0\" data-image-meta=\"{&quot;aperture&quot;:&quot;0&quot;,&quot;credit&quot;:&quot;&quot;,&quot;camera&quot;:&quot;&quot;,&quot;caption&quot;:&quot;&quot;,&quot;created_timestamp&quot;:&quot;0&quot;,&quot;copyright&quot;:&quot;&quot;,&quot;focal_length&quot;:&quot;0&quot;,&quot;iso&quot;:&quot;0&quot;,&quot;shutter_speed&quot;:&quot;0&quot;,&quot;title&quot;:&quot;&quot;,&quot;orientation&quot;:&quot;0&quot;}\" data-image-title=\"WhatsApp Image 2025-05-29 at 13.08.58\" data-image-description=\"\" data-image-caption=\"\" data-large-file=\"https:\/\/mula.es\/web\/wp-content\/uploads\/2025\/05\/WhatsApp-Image-2025-05-29-at-13.08.58-729x1024.jpeg\" class=\"aligncenter wp-image-58744\" src=\"https:\/\/mula.es\/web\/wp-content\/uploads\/2025\/05\/WhatsApp-Image-2025-05-29-at-13.08.58-213x300.jpeg\" alt=\"Cartel 36 semana del cine espa\u00f1ol de Mula\" width=\"370\" height=\"521\" srcset=\"https:\/\/mula.es\/web\/wp-content\/uploads\/2025\/05\/WhatsApp-Image-2025-05-29-at-13.08.58-200x281.jpeg 200w, https:\/\/mula.es\/web\/wp-content\/uploads\/2025\/05\/WhatsApp-Image-2025-05-29-at-13.08.58-213x300.jpeg 213w, https:\/\/mula.es\/web\/wp-content\/uploads\/2025\/05\/WhatsApp-Image-2025-05-29-at-13.08.58-400x562.jpeg 400w, https:\/\/mula.es\/web\/wp-content\/uploads\/2025\/05\/WhatsApp-Image-2025-05-29-at-13.08.58-600x843.jpeg 600w, https:\/\/mula.es\/web\/wp-content\/uploads\/2025\/05\/WhatsApp-Image-2025-05-29-at-13.08.58-729x1024.jpeg 729w, https:\/\/mula.es\/web\/wp-content\/uploads\/2025\/05\/WhatsApp-Image-2025-05-29-at-13.08.58-768x1079.jpeg 768w, https:\/\/mula.es\/web\/wp-content\/uploads\/2025\/05\/WhatsApp-Image-2025-05-29-at-13.08.58-800x1124.jpeg 800w, https:\/\/mula.es\/web\/wp-content\/uploads\/2025\/05\/WhatsApp-Image-2025-05-29-at-13.08.58.jpeg 945w\" sizes=\"(max-width: 370px) 100vw, 370px\" \/><\/a><\/p>\n","protected":false},"excerpt":{"rendered":"<p>NOTA DE PRENSA &#8211; 29 DE MAYO DE 2025 \u00a0 \u00a0 Presentamos el cartel de la 36\u00aa Semana de Cine Espa\u00f1ol de Mula y el 31\u00ba Certamen Nacional de Cortos &nbsp; La cultura vuelve a desplegar su alfombra roja en Mula con la celebraci\u00f3n de la 36\u00aa Semana de Cine Espa\u00f1ol, que tendr\u00e1 lugar del  [&#8230;]<\/p>\n","protected":false},"author":13,"featured_media":33512,"comment_status":"closed","ping_status":"closed","sticky":false,"template":"","format":"standard","meta":{"jetpack_post_was_ever_published":false,"_jetpack_newsletter_access":"","_jetpack_dont_email_post_to_subs":false,"_jetpack_newsletter_tier_id":0,"_jetpack_memberships_contains_paywalled_content":false,"_jetpack_memberships_contains_paid_content":false,"footnotes":"","jetpack_publicize_message":"","jetpack_publicize_feature_enabled":true,"jetpack_social_post_already_shared":false,"jetpack_social_options":{"image_generator_settings":{"template":"highway","default_image_id":0,"font":"","enabled":false},"version":2}},"categories":[97],"tags":[],"class_list":["post-58743","post","type-post","status-publish","format-standard","has-post-thumbnail","hentry","category-cultura"],"yoast_head":"<!-- This site is optimized with the Yoast SEO plugin v27.5 - https:\/\/yoast.com\/product\/yoast-seo-wordpress\/ -->\n<title>CULTURA | Presentamos el cartel de la 36\u00aa Semana de Cine Espa\u00f1ol de Mula y el 31\u00ba Certamen Nacional de Cortos - Ayuntamiento de Mula<\/title>\n<meta name=\"robots\" content=\"index, follow, max-snippet:-1, max-image-preview:large, max-video-preview:-1\" \/>\n<link rel=\"canonical\" href=\"https:\/\/mula.es\/web\/cultura-presentamos-el-cartel-de-la-36a-semana-de-cine-espanol-de-mula-y-el-31o-certamen-nacional-de-cortos\/\" \/>\n<meta property=\"og:locale\" content=\"es_ES\" \/>\n<meta property=\"og:type\" content=\"article\" \/>\n<meta property=\"og:title\" content=\"CULTURA | Presentamos el cartel de la 36\u00aa Semana de Cine Espa\u00f1ol de Mula y el 31\u00ba Certamen Nacional de Cortos - Ayuntamiento de Mula\" \/>\n<meta property=\"og:description\" content=\"NOTA DE PRENSA &#8211; 29 DE MAYO DE 2025 \u00a0 \u00a0 Presentamos el cartel de la 36\u00aa Semana de Cine Espa\u00f1ol de Mula y el 31\u00ba Certamen Nacional de Cortos &nbsp; La cultura vuelve a desplegar su alfombra roja en Mula con la celebraci\u00f3n de la 36\u00aa Semana de Cine Espa\u00f1ol, que tendr\u00e1 lugar del [...]\" \/>\n<meta property=\"og:url\" content=\"https:\/\/mula.es\/web\/cultura-presentamos-el-cartel-de-la-36a-semana-de-cine-espanol-de-mula-y-el-31o-certamen-nacional-de-cortos\/\" \/>\n<meta property=\"og:site_name\" content=\"Ayuntamiento de Mula\" \/>\n<meta property=\"article:published_time\" content=\"2025-05-29T15:00:06+00:00\" \/>\n<meta property=\"article:modified_time\" content=\"2025-05-30T10:13:44+00:00\" \/>\n<meta property=\"og:image\" content=\"https:\/\/mula.es\/web\/wp-content\/uploads\/2020\/06\/escudo-cuadrado-e1591045058235.jpg\" \/>\n\t<meta property=\"og:image:width\" content=\"200\" \/>\n\t<meta property=\"og:image:height\" content=\"218\" \/>\n\t<meta property=\"og:image:type\" content=\"image\/jpeg\" \/>\n<meta name=\"author\" content=\"Laura Salas Orcajada\" \/>\n<meta name=\"twitter:card\" content=\"summary_large_image\" \/>\n<meta name=\"twitter:creator\" content=\"@AyuntamientMula\" \/>\n<meta name=\"twitter:site\" content=\"@AyuntamientMula\" \/>\n<meta name=\"twitter:label1\" content=\"Escrito por\" \/>\n\t<meta name=\"twitter:data1\" content=\"Laura Salas Orcajada\" \/>\n\t<meta name=\"twitter:label2\" content=\"Tiempo de lectura\" \/>\n\t<meta name=\"twitter:data2\" content=\"2 minutos\" \/>\n<script type=\"application\/ld+json\" class=\"yoast-schema-graph\">{\"@context\":\"https:\\\/\\\/schema.org\",\"@graph\":[{\"@type\":\"Article\",\"@id\":\"https:\\\/\\\/mula.es\\\/web\\\/cultura-presentamos-el-cartel-de-la-36a-semana-de-cine-espanol-de-mula-y-el-31o-certamen-nacional-de-cortos\\\/#article\",\"isPartOf\":{\"@id\":\"https:\\\/\\\/mula.es\\\/web\\\/cultura-presentamos-el-cartel-de-la-36a-semana-de-cine-espanol-de-mula-y-el-31o-certamen-nacional-de-cortos\\\/\"},\"author\":{\"name\":\"Laura Salas Orcajada\",\"@id\":\"https:\\\/\\\/mula.es\\\/web\\\/#\\\/schema\\\/person\\\/4f10179bd364f40dceed361e61e4033f\"},\"headline\":\"CULTURA | Presentamos el cartel de la 36\u00aa Semana de Cine Espa\u00f1ol de Mula y el 31\u00ba Certamen Nacional de Cortos\",\"datePublished\":\"2025-05-29T15:00:06+00:00\",\"dateModified\":\"2025-05-30T10:13:44+00:00\",\"mainEntityOfPage\":{\"@id\":\"https:\\\/\\\/mula.es\\\/web\\\/cultura-presentamos-el-cartel-de-la-36a-semana-de-cine-espanol-de-mula-y-el-31o-certamen-nacional-de-cortos\\\/\"},\"wordCount\":316,\"image\":{\"@id\":\"https:\\\/\\\/mula.es\\\/web\\\/cultura-presentamos-el-cartel-de-la-36a-semana-de-cine-espanol-de-mula-y-el-31o-certamen-nacional-de-cortos\\\/#primaryimage\"},\"thumbnailUrl\":\"https:\\\/\\\/mula.es\\\/web\\\/wp-content\\\/uploads\\\/2020\\\/06\\\/escudo-cuadrado-e1591045058235.jpg\",\"articleSection\":[\"cultura\"],\"inLanguage\":\"es\"},{\"@type\":\"WebPage\",\"@id\":\"https:\\\/\\\/mula.es\\\/web\\\/cultura-presentamos-el-cartel-de-la-36a-semana-de-cine-espanol-de-mula-y-el-31o-certamen-nacional-de-cortos\\\/\",\"url\":\"https:\\\/\\\/mula.es\\\/web\\\/cultura-presentamos-el-cartel-de-la-36a-semana-de-cine-espanol-de-mula-y-el-31o-certamen-nacional-de-cortos\\\/\",\"name\":\"CULTURA | Presentamos el cartel de la 36\u00aa Semana de Cine Espa\u00f1ol de Mula y el 31\u00ba Certamen Nacional de Cortos - Ayuntamiento de Mula\",\"isPartOf\":{\"@id\":\"https:\\\/\\\/mula.es\\\/web\\\/#website\"},\"primaryImageOfPage\":{\"@id\":\"https:\\\/\\\/mula.es\\\/web\\\/cultura-presentamos-el-cartel-de-la-36a-semana-de-cine-espanol-de-mula-y-el-31o-certamen-nacional-de-cortos\\\/#primaryimage\"},\"image\":{\"@id\":\"https:\\\/\\\/mula.es\\\/web\\\/cultura-presentamos-el-cartel-de-la-36a-semana-de-cine-espanol-de-mula-y-el-31o-certamen-nacional-de-cortos\\\/#primaryimage\"},\"thumbnailUrl\":\"https:\\\/\\\/mula.es\\\/web\\\/wp-content\\\/uploads\\\/2020\\\/06\\\/escudo-cuadrado-e1591045058235.jpg\",\"datePublished\":\"2025-05-29T15:00:06+00:00\",\"dateModified\":\"2025-05-30T10:13:44+00:00\",\"author\":{\"@id\":\"https:\\\/\\\/mula.es\\\/web\\\/#\\\/schema\\\/person\\\/4f10179bd364f40dceed361e61e4033f\"},\"breadcrumb\":{\"@id\":\"https:\\\/\\\/mula.es\\\/web\\\/cultura-presentamos-el-cartel-de-la-36a-semana-de-cine-espanol-de-mula-y-el-31o-certamen-nacional-de-cortos\\\/#breadcrumb\"},\"inLanguage\":\"es\",\"potentialAction\":[{\"@type\":\"ReadAction\",\"target\":[\"https:\\\/\\\/mula.es\\\/web\\\/cultura-presentamos-el-cartel-de-la-36a-semana-de-cine-espanol-de-mula-y-el-31o-certamen-nacional-de-cortos\\\/\"]}]},{\"@type\":\"ImageObject\",\"inLanguage\":\"es\",\"@id\":\"https:\\\/\\\/mula.es\\\/web\\\/cultura-presentamos-el-cartel-de-la-36a-semana-de-cine-espanol-de-mula-y-el-31o-certamen-nacional-de-cortos\\\/#primaryimage\",\"url\":\"https:\\\/\\\/mula.es\\\/web\\\/wp-content\\\/uploads\\\/2020\\\/06\\\/escudo-cuadrado-e1591045058235.jpg\",\"contentUrl\":\"https:\\\/\\\/mula.es\\\/web\\\/wp-content\\\/uploads\\\/2020\\\/06\\\/escudo-cuadrado-e1591045058235.jpg\",\"width\":200,\"height\":218},{\"@type\":\"BreadcrumbList\",\"@id\":\"https:\\\/\\\/mula.es\\\/web\\\/cultura-presentamos-el-cartel-de-la-36a-semana-de-cine-espanol-de-mula-y-el-31o-certamen-nacional-de-cortos\\\/#breadcrumb\",\"itemListElement\":[{\"@type\":\"ListItem\",\"position\":1,\"name\":\"Portada\",\"item\":\"https:\\\/\\\/mula.es\\\/web\\\/\"},{\"@type\":\"ListItem\",\"position\":2,\"name\":\"CULTURA | Presentamos el cartel de la 36\u00aa Semana de Cine Espa\u00f1ol de Mula y el 31\u00ba Certamen Nacional de Cortos\"}]},{\"@type\":\"WebSite\",\"@id\":\"https:\\\/\\\/mula.es\\\/web\\\/#website\",\"url\":\"https:\\\/\\\/mula.es\\\/web\\\/\",\"name\":\"Ayuntamiento de Mula\",\"description\":\"P\u00e1gina web del Ayuntamiento de Mula (Regi\u00f3n de Murcia)\",\"potentialAction\":[{\"@type\":\"SearchAction\",\"target\":{\"@type\":\"EntryPoint\",\"urlTemplate\":\"https:\\\/\\\/mula.es\\\/web\\\/?s={search_term_string}\"},\"query-input\":{\"@type\":\"PropertyValueSpecification\",\"valueRequired\":true,\"valueName\":\"search_term_string\"}}],\"inLanguage\":\"es\"},{\"@type\":\"Person\",\"@id\":\"https:\\\/\\\/mula.es\\\/web\\\/#\\\/schema\\\/person\\\/4f10179bd364f40dceed361e61e4033f\",\"name\":\"Laura Salas Orcajada\",\"image\":{\"@type\":\"ImageObject\",\"inLanguage\":\"es\",\"@id\":\"https:\\\/\\\/secure.gravatar.com\\\/avatar\\\/786f2a223d9a455e2a448f78b5dcc1117207ef56ef3d9a04df338c0f775cd403?s=96&d=mm&r=g\",\"url\":\"https:\\\/\\\/secure.gravatar.com\\\/avatar\\\/786f2a223d9a455e2a448f78b5dcc1117207ef56ef3d9a04df338c0f775cd403?s=96&d=mm&r=g\",\"contentUrl\":\"https:\\\/\\\/secure.gravatar.com\\\/avatar\\\/786f2a223d9a455e2a448f78b5dcc1117207ef56ef3d9a04df338c0f775cd403?s=96&d=mm&r=g\",\"caption\":\"Laura Salas Orcajada\"},\"url\":\"https:\\\/\\\/mula.es\\\/web\\\/author\\\/lsalas\\\/\"}]}<\/script>\n<!-- \/ Yoast SEO plugin. -->","yoast_head_json":{"title":"CULTURA | Presentamos el cartel de la 36\u00aa Semana de Cine Espa\u00f1ol de Mula y el 31\u00ba Certamen Nacional de Cortos - Ayuntamiento de Mula","robots":{"index":"index","follow":"follow","max-snippet":"max-snippet:-1","max-image-preview":"max-image-preview:large","max-video-preview":"max-video-preview:-1"},"canonical":"https:\/\/mula.es\/web\/cultura-presentamos-el-cartel-de-la-36a-semana-de-cine-espanol-de-mula-y-el-31o-certamen-nacional-de-cortos\/","og_locale":"es_ES","og_type":"article","og_title":"CULTURA | Presentamos el cartel de la 36\u00aa Semana de Cine Espa\u00f1ol de Mula y el 31\u00ba Certamen Nacional de Cortos - Ayuntamiento de Mula","og_description":"NOTA DE PRENSA &#8211; 29 DE MAYO DE 2025 \u00a0 \u00a0 Presentamos el cartel de la 36\u00aa Semana de Cine Espa\u00f1ol de Mula y el 31\u00ba Certamen Nacional de Cortos &nbsp; La cultura vuelve a desplegar su alfombra roja en Mula con la celebraci\u00f3n de la 36\u00aa Semana de Cine Espa\u00f1ol, que tendr\u00e1 lugar del [...]","og_url":"https:\/\/mula.es\/web\/cultura-presentamos-el-cartel-de-la-36a-semana-de-cine-espanol-de-mula-y-el-31o-certamen-nacional-de-cortos\/","og_site_name":"Ayuntamiento de Mula","article_published_time":"2025-05-29T15:00:06+00:00","article_modified_time":"2025-05-30T10:13:44+00:00","og_image":[{"width":200,"height":218,"url":"https:\/\/mula.es\/web\/wp-content\/uploads\/2020\/06\/escudo-cuadrado-e1591045058235.jpg","type":"image\/jpeg"}],"author":"Laura Salas Orcajada","twitter_card":"summary_large_image","twitter_creator":"@AyuntamientMula","twitter_site":"@AyuntamientMula","twitter_misc":{"Escrito por":"Laura Salas Orcajada","Tiempo de lectura":"2 minutos"},"schema":{"@context":"https:\/\/schema.org","@graph":[{"@type":"Article","@id":"https:\/\/mula.es\/web\/cultura-presentamos-el-cartel-de-la-36a-semana-de-cine-espanol-de-mula-y-el-31o-certamen-nacional-de-cortos\/#article","isPartOf":{"@id":"https:\/\/mula.es\/web\/cultura-presentamos-el-cartel-de-la-36a-semana-de-cine-espanol-de-mula-y-el-31o-certamen-nacional-de-cortos\/"},"author":{"name":"Laura Salas Orcajada","@id":"https:\/\/mula.es\/web\/#\/schema\/person\/4f10179bd364f40dceed361e61e4033f"},"headline":"CULTURA | Presentamos el cartel de la 36\u00aa Semana de Cine Espa\u00f1ol de Mula y el 31\u00ba Certamen Nacional de Cortos","datePublished":"2025-05-29T15:00:06+00:00","dateModified":"2025-05-30T10:13:44+00:00","mainEntityOfPage":{"@id":"https:\/\/mula.es\/web\/cultura-presentamos-el-cartel-de-la-36a-semana-de-cine-espanol-de-mula-y-el-31o-certamen-nacional-de-cortos\/"},"wordCount":316,"image":{"@id":"https:\/\/mula.es\/web\/cultura-presentamos-el-cartel-de-la-36a-semana-de-cine-espanol-de-mula-y-el-31o-certamen-nacional-de-cortos\/#primaryimage"},"thumbnailUrl":"https:\/\/mula.es\/web\/wp-content\/uploads\/2020\/06\/escudo-cuadrado-e1591045058235.jpg","articleSection":["cultura"],"inLanguage":"es"},{"@type":"WebPage","@id":"https:\/\/mula.es\/web\/cultura-presentamos-el-cartel-de-la-36a-semana-de-cine-espanol-de-mula-y-el-31o-certamen-nacional-de-cortos\/","url":"https:\/\/mula.es\/web\/cultura-presentamos-el-cartel-de-la-36a-semana-de-cine-espanol-de-mula-y-el-31o-certamen-nacional-de-cortos\/","name":"CULTURA | Presentamos el cartel de la 36\u00aa Semana de Cine Espa\u00f1ol de Mula y el 31\u00ba Certamen Nacional de Cortos - Ayuntamiento de Mula","isPartOf":{"@id":"https:\/\/mula.es\/web\/#website"},"primaryImageOfPage":{"@id":"https:\/\/mula.es\/web\/cultura-presentamos-el-cartel-de-la-36a-semana-de-cine-espanol-de-mula-y-el-31o-certamen-nacional-de-cortos\/#primaryimage"},"image":{"@id":"https:\/\/mula.es\/web\/cultura-presentamos-el-cartel-de-la-36a-semana-de-cine-espanol-de-mula-y-el-31o-certamen-nacional-de-cortos\/#primaryimage"},"thumbnailUrl":"https:\/\/mula.es\/web\/wp-content\/uploads\/2020\/06\/escudo-cuadrado-e1591045058235.jpg","datePublished":"2025-05-29T15:00:06+00:00","dateModified":"2025-05-30T10:13:44+00:00","author":{"@id":"https:\/\/mula.es\/web\/#\/schema\/person\/4f10179bd364f40dceed361e61e4033f"},"breadcrumb":{"@id":"https:\/\/mula.es\/web\/cultura-presentamos-el-cartel-de-la-36a-semana-de-cine-espanol-de-mula-y-el-31o-certamen-nacional-de-cortos\/#breadcrumb"},"inLanguage":"es","potentialAction":[{"@type":"ReadAction","target":["https:\/\/mula.es\/web\/cultura-presentamos-el-cartel-de-la-36a-semana-de-cine-espanol-de-mula-y-el-31o-certamen-nacional-de-cortos\/"]}]},{"@type":"ImageObject","inLanguage":"es","@id":"https:\/\/mula.es\/web\/cultura-presentamos-el-cartel-de-la-36a-semana-de-cine-espanol-de-mula-y-el-31o-certamen-nacional-de-cortos\/#primaryimage","url":"https:\/\/mula.es\/web\/wp-content\/uploads\/2020\/06\/escudo-cuadrado-e1591045058235.jpg","contentUrl":"https:\/\/mula.es\/web\/wp-content\/uploads\/2020\/06\/escudo-cuadrado-e1591045058235.jpg","width":200,"height":218},{"@type":"BreadcrumbList","@id":"https:\/\/mula.es\/web\/cultura-presentamos-el-cartel-de-la-36a-semana-de-cine-espanol-de-mula-y-el-31o-certamen-nacional-de-cortos\/#breadcrumb","itemListElement":[{"@type":"ListItem","position":1,"name":"Portada","item":"https:\/\/mula.es\/web\/"},{"@type":"ListItem","position":2,"name":"CULTURA | Presentamos el cartel de la 36\u00aa Semana de Cine Espa\u00f1ol de Mula y el 31\u00ba Certamen Nacional de Cortos"}]},{"@type":"WebSite","@id":"https:\/\/mula.es\/web\/#website","url":"https:\/\/mula.es\/web\/","name":"Ayuntamiento de Mula","description":"P\u00e1gina web del Ayuntamiento de Mula (Regi\u00f3n de Murcia)","potentialAction":[{"@type":"SearchAction","target":{"@type":"EntryPoint","urlTemplate":"https:\/\/mula.es\/web\/?s={search_term_string}"},"query-input":{"@type":"PropertyValueSpecification","valueRequired":true,"valueName":"search_term_string"}}],"inLanguage":"es"},{"@type":"Person","@id":"https:\/\/mula.es\/web\/#\/schema\/person\/4f10179bd364f40dceed361e61e4033f","name":"Laura Salas Orcajada","image":{"@type":"ImageObject","inLanguage":"es","@id":"https:\/\/secure.gravatar.com\/avatar\/786f2a223d9a455e2a448f78b5dcc1117207ef56ef3d9a04df338c0f775cd403?s=96&d=mm&r=g","url":"https:\/\/secure.gravatar.com\/avatar\/786f2a223d9a455e2a448f78b5dcc1117207ef56ef3d9a04df338c0f775cd403?s=96&d=mm&r=g","contentUrl":"https:\/\/secure.gravatar.com\/avatar\/786f2a223d9a455e2a448f78b5dcc1117207ef56ef3d9a04df338c0f775cd403?s=96&d=mm&r=g","caption":"Laura Salas Orcajada"},"url":"https:\/\/mula.es\/web\/author\/lsalas\/"}]}},"jetpack_publicize_connections":[],"jetpack_featured_media_url":"https:\/\/mula.es\/web\/wp-content\/uploads\/2020\/06\/escudo-cuadrado-e1591045058235.jpg","jetpack_sharing_enabled":true,"jetpack_shortlink":"https:\/\/wp.me\/pa9DMY-fht","jetpack-related-posts":[],"_links":{"self":[{"href":"https:\/\/mula.es\/web\/wp-json\/wp\/v2\/posts\/58743","targetHints":{"allow":["GET"]}}],"collection":[{"href":"https:\/\/mula.es\/web\/wp-json\/wp\/v2\/posts"}],"about":[{"href":"https:\/\/mula.es\/web\/wp-json\/wp\/v2\/types\/post"}],"author":[{"embeddable":true,"href":"https:\/\/mula.es\/web\/wp-json\/wp\/v2\/users\/13"}],"replies":[{"embeddable":true,"href":"https:\/\/mula.es\/web\/wp-json\/wp\/v2\/comments?post=58743"}],"version-history":[{"count":2,"href":"https:\/\/mula.es\/web\/wp-json\/wp\/v2\/posts\/58743\/revisions"}],"predecessor-version":[{"id":58754,"href":"https:\/\/mula.es\/web\/wp-json\/wp\/v2\/posts\/58743\/revisions\/58754"}],"wp:featuredmedia":[{"embeddable":true,"href":"https:\/\/mula.es\/web\/wp-json\/wp\/v2\/media\/33512"}],"wp:attachment":[{"href":"https:\/\/mula.es\/web\/wp-json\/wp\/v2\/media?parent=58743"}],"wp:term":[{"taxonomy":"category","embeddable":true,"href":"https:\/\/mula.es\/web\/wp-json\/wp\/v2\/categories?post=58743"},{"taxonomy":"post_tag","embeddable":true,"href":"https:\/\/mula.es\/web\/wp-json\/wp\/v2\/tags?post=58743"}],"curies":[{"name":"wp","href":"https:\/\/api.w.org\/{rel}","templated":true}]}}