{"id":58750,"date":"2025-05-30T11:49:44","date_gmt":"2025-05-30T09:49:44","guid":{"rendered":"https:\/\/mula.es\/web\/?p=58750"},"modified":"2025-05-30T11:55:48","modified_gmt":"2025-05-30T09:55:48","slug":"mayores-renovado-el-convenio-de-colaboracion-con-la-asociacion-local-de-personas-mayores-de-mula-3","status":"publish","type":"post","link":"https:\/\/mula.es\/web\/mayores-renovado-el-convenio-de-colaboracion-con-la-asociacion-local-de-personas-mayores-de-mula-3\/","title":{"rendered":"MAYORES | Renovado el convenio de colaboraci\u00f3n con la Asociaci\u00f3n Local de Personas Mayores de Mula"},"content":{"rendered":"<p><strong>NOTA DE PRENSA &#8211; 30 DE MAYO DE 2025<\/strong><\/p>\n<p><strong>\u00a0<\/strong><\/p>\n<p><strong>\u00a0<\/strong><\/p>\n<h2><strong>Renovado el convenio de colaboraci\u00f3n con la Asociaci\u00f3n Local de Personas Mayores de Mula<\/strong><\/h2>\n<p><strong>\u00a0<\/strong><\/p>\n<p>El Ayuntamiento de Mula ha reafirmado hoy su compromiso con el bienestar de las personas mayores del municipio mediante la firma de un nuevo convenio de colaboraci\u00f3n con la <strong>Asociaci\u00f3n Local de Personas Mayores de Mula<\/strong>, un colectivo fundamental en la dinamizaci\u00f3n social y el acompa\u00f1amiento activo de nuestros mayores.<\/p>\n<p>El acto ha contado con la presencia del <strong>alcalde de Mula, Juan Jes\u00fas Moreno<\/strong>, la <strong>concejala de Mayores, Antonia Gabarr\u00f3n<\/strong>, y la <strong>presidenta de la asociaci\u00f3n, Magdalena Del Ba\u00f1o Guirado<\/strong>, quienes han puesto en valor la estrecha colaboraci\u00f3n entre ambas entidades para seguir impulsando programas, actividades y servicios que favorezcan la participaci\u00f3n, el ocio<\/p>\n<p>Desde el Ayuntamiento de Mula se agradece a la Asociaci\u00f3n de Personas Mayores de Mula su dedicaci\u00f3n constante, especialmente a Magdalena por su trabajo, cercan\u00eda y su compromiso con nuestros mayores.<\/p>\n<p>Esta firma es una forma de devolver parte de lo mucho que han dado y siguen aportando a nuestro municipio. Se continuar\u00e1 trabajando para ofrecer recursos, espacios y programas que fomenten el bienestar de nuestras personas mayores.<\/p>\n<p>&nbsp;<\/p>\n<p><a href=\"https:\/\/mula.es\/web\/wp-content\/uploads\/2025\/05\/1-22-scaled.jpg\"><img decoding=\"async\" data-attachment-id=\"58751\" data-permalink=\"https:\/\/mula.es\/web\/mayores-renovado-el-convenio-de-colaboracion-con-la-asociacion-local-de-personas-mayores-de-mula-3\/1-290\/\" data-orig-file=\"https:\/\/mula.es\/web\/wp-content\/uploads\/2025\/05\/1-22-scaled.jpg\" data-orig-size=\"2560,1707\" data-comments-opened=\"0\" data-image-meta=\"{&quot;aperture&quot;:&quot;0&quot;,&quot;credit&quot;:&quot;&quot;,&quot;camera&quot;:&quot;&quot;,&quot;caption&quot;:&quot;&quot;,&quot;created_timestamp&quot;:&quot;0&quot;,&quot;copyright&quot;:&quot;&quot;,&quot;focal_length&quot;:&quot;0&quot;,&quot;iso&quot;:&quot;0&quot;,&quot;shutter_speed&quot;:&quot;0&quot;,&quot;title&quot;:&quot;&quot;,&quot;orientation&quot;:&quot;1&quot;}\" data-image-title=\"1\" data-image-description=\"\" data-image-caption=\"\" data-large-file=\"https:\/\/mula.es\/web\/wp-content\/uploads\/2025\/05\/1-22-1024x683.jpg\" class=\"alignnone size-medium wp-image-58751\" src=\"https:\/\/mula.es\/web\/wp-content\/uploads\/2025\/05\/1-22-300x200.jpg\" alt=\"\" width=\"300\" height=\"200\" srcset=\"https:\/\/mula.es\/web\/wp-content\/uploads\/2025\/05\/1-22-200x133.jpg 200w, https:\/\/mula.es\/web\/wp-content\/uploads\/2025\/05\/1-22-300x200.jpg 300w, https:\/\/mula.es\/web\/wp-content\/uploads\/2025\/05\/1-22-400x267.jpg 400w, https:\/\/mula.es\/web\/wp-content\/uploads\/2025\/05\/1-22-600x400.jpg 600w, https:\/\/mula.es\/web\/wp-content\/uploads\/2025\/05\/1-22-768x512.jpg 768w, https:\/\/mula.es\/web\/wp-content\/uploads\/2025\/05\/1-22-800x533.jpg 800w, https:\/\/mula.es\/web\/wp-content\/uploads\/2025\/05\/1-22-1024x683.jpg 1024w, https:\/\/mula.es\/web\/wp-content\/uploads\/2025\/05\/1-22-1200x800.jpg 1200w, https:\/\/mula.es\/web\/wp-content\/uploads\/2025\/05\/1-22-1536x1024.jpg 1536w\" sizes=\"(max-width: 300px) 100vw, 300px\" \/><\/a> <a href=\"https:\/\/mula.es\/web\/wp-content\/uploads\/2025\/05\/2-21-scaled.jpg\"><img decoding=\"async\" data-attachment-id=\"58752\" data-permalink=\"https:\/\/mula.es\/web\/mayores-renovado-el-convenio-de-colaboracion-con-la-asociacion-local-de-personas-mayores-de-mula-3\/2-271\/\" data-orig-file=\"https:\/\/mula.es\/web\/wp-content\/uploads\/2025\/05\/2-21-scaled.jpg\" data-orig-size=\"2560,1707\" data-comments-opened=\"0\" data-image-meta=\"{&quot;aperture&quot;:&quot;0&quot;,&quot;credit&quot;:&quot;&quot;,&quot;camera&quot;:&quot;&quot;,&quot;caption&quot;:&quot;&quot;,&quot;created_timestamp&quot;:&quot;0&quot;,&quot;copyright&quot;:&quot;&quot;,&quot;focal_length&quot;:&quot;0&quot;,&quot;iso&quot;:&quot;0&quot;,&quot;shutter_speed&quot;:&quot;0&quot;,&quot;title&quot;:&quot;&quot;,&quot;orientation&quot;:&quot;1&quot;}\" data-image-title=\"2\" data-image-description=\"\" data-image-caption=\"\" data-large-file=\"https:\/\/mula.es\/web\/wp-content\/uploads\/2025\/05\/2-21-1024x683.jpg\" class=\"alignnone size-medium wp-image-58752\" src=\"https:\/\/mula.es\/web\/wp-content\/uploads\/2025\/05\/2-21-300x200.jpg\" alt=\"\" width=\"300\" height=\"200\" srcset=\"https:\/\/mula.es\/web\/wp-content\/uploads\/2025\/05\/2-21-200x133.jpg 200w, https:\/\/mula.es\/web\/wp-content\/uploads\/2025\/05\/2-21-300x200.jpg 300w, https:\/\/mula.es\/web\/wp-content\/uploads\/2025\/05\/2-21-400x267.jpg 400w, https:\/\/mula.es\/web\/wp-content\/uploads\/2025\/05\/2-21-600x400.jpg 600w, https:\/\/mula.es\/web\/wp-content\/uploads\/2025\/05\/2-21-768x512.jpg 768w, https:\/\/mula.es\/web\/wp-content\/uploads\/2025\/05\/2-21-800x533.jpg 800w, https:\/\/mula.es\/web\/wp-content\/uploads\/2025\/05\/2-21-1024x683.jpg 1024w, https:\/\/mula.es\/web\/wp-content\/uploads\/2025\/05\/2-21-1200x800.jpg 1200w, https:\/\/mula.es\/web\/wp-content\/uploads\/2025\/05\/2-21-1536x1024.jpg 1536w\" sizes=\"(max-width: 300px) 100vw, 300px\" \/><\/a><\/p>\n","protected":false},"excerpt":{"rendered":"<p>NOTA DE PRENSA &#8211; 30 DE MAYO DE 2025 \u00a0 \u00a0 Renovado el convenio de colaboraci\u00f3n con la Asociaci\u00f3n Local de Personas Mayores de Mula \u00a0 El Ayuntamiento de Mula ha reafirmado hoy su compromiso con el bienestar de las personas mayores del municipio mediante la firma de un nuevo convenio de colaboraci\u00f3n con la  [&#8230;]<\/p>\n","protected":false},"author":13,"featured_media":33512,"comment_status":"closed","ping_status":"closed","sticky":false,"template":"","format":"standard","meta":{"jetpack_post_was_ever_published":false,"_jetpack_newsletter_access":"","_jetpack_dont_email_post_to_subs":false,"_jetpack_newsletter_tier_id":0,"_jetpack_memberships_contains_paywalled_content":false,"_jetpack_memberships_contains_paid_content":false,"footnotes":"","jetpack_publicize_message":"","jetpack_publicize_feature_enabled":true,"jetpack_social_post_already_shared":false,"jetpack_social_options":{"image_generator_settings":{"template":"highway","default_image_id":0,"font":"","enabled":false},"version":2}},"categories":[100],"tags":[],"class_list":["post-58750","post","type-post","status-publish","format-standard","has-post-thumbnail","hentry","category-mayores"],"yoast_head":"<!-- This site is optimized with the Yoast SEO plugin v27.5 - https:\/\/yoast.com\/product\/yoast-seo-wordpress\/ -->\n<title>MAYORES | Renovado el convenio de colaboraci\u00f3n con la Asociaci\u00f3n Local de Personas Mayores de MulaMAYORES | Clausura de talleres y actividades para personas mayores en Mula<\/title>\n<meta name=\"robots\" content=\"index, follow, max-snippet:-1, max-image-preview:large, max-video-preview:-1\" \/>\n<link rel=\"canonical\" href=\"https:\/\/mula.es\/web\/mayores-renovado-el-convenio-de-colaboracion-con-la-asociacion-local-de-personas-mayores-de-mula-3\/\" \/>\n<meta property=\"og:locale\" content=\"es_ES\" \/>\n<meta property=\"og:type\" content=\"article\" \/>\n<meta property=\"og:title\" content=\"MAYORES | Renovado el convenio de colaboraci\u00f3n con la Asociaci\u00f3n Local de Personas Mayores de MulaMAYORES | Clausura de talleres y actividades para personas mayores en Mula\" \/>\n<meta property=\"og:description\" content=\"NOTA DE PRENSA &#8211; 30 DE MAYO DE 2025 \u00a0 \u00a0 Renovado el convenio de colaboraci\u00f3n con la Asociaci\u00f3n Local de Personas Mayores de Mula \u00a0 El Ayuntamiento de Mula ha reafirmado hoy su compromiso con el bienestar de las personas mayores del municipio mediante la firma de un nuevo convenio de colaboraci\u00f3n con la [...]\" \/>\n<meta property=\"og:url\" content=\"https:\/\/mula.es\/web\/mayores-renovado-el-convenio-de-colaboracion-con-la-asociacion-local-de-personas-mayores-de-mula-3\/\" \/>\n<meta property=\"og:site_name\" content=\"Ayuntamiento de Mula\" \/>\n<meta property=\"article:published_time\" content=\"2025-05-30T09:49:44+00:00\" \/>\n<meta property=\"article:modified_time\" content=\"2025-05-30T09:55:48+00:00\" \/>\n<meta property=\"og:image\" content=\"https:\/\/mula.es\/web\/wp-content\/uploads\/2020\/06\/escudo-cuadrado-e1591045058235.jpg\" \/>\n\t<meta property=\"og:image:width\" content=\"200\" \/>\n\t<meta property=\"og:image:height\" content=\"218\" \/>\n\t<meta property=\"og:image:type\" content=\"image\/jpeg\" \/>\n<meta name=\"author\" content=\"Laura Salas Orcajada\" \/>\n<meta name=\"twitter:card\" content=\"summary_large_image\" \/>\n<meta name=\"twitter:creator\" content=\"@AyuntamientMula\" \/>\n<meta name=\"twitter:site\" content=\"@AyuntamientMula\" \/>\n<meta name=\"twitter:label1\" content=\"Escrito por\" \/>\n\t<meta name=\"twitter:data1\" content=\"Laura Salas Orcajada\" \/>\n\t<meta name=\"twitter:label2\" content=\"Tiempo de lectura\" \/>\n\t<meta name=\"twitter:data2\" content=\"2 minutos\" \/>\n<script type=\"application\/ld+json\" class=\"yoast-schema-graph\">{\"@context\":\"https:\\\/\\\/schema.org\",\"@graph\":[{\"@type\":\"Article\",\"@id\":\"https:\\\/\\\/mula.es\\\/web\\\/mayores-renovado-el-convenio-de-colaboracion-con-la-asociacion-local-de-personas-mayores-de-mula-3\\\/#article\",\"isPartOf\":{\"@id\":\"https:\\\/\\\/mula.es\\\/web\\\/mayores-renovado-el-convenio-de-colaboracion-con-la-asociacion-local-de-personas-mayores-de-mula-3\\\/\"},\"author\":{\"name\":\"Laura Salas Orcajada\",\"@id\":\"https:\\\/\\\/mula.es\\\/web\\\/#\\\/schema\\\/person\\\/4f10179bd364f40dceed361e61e4033f\"},\"headline\":\"MAYORES | Renovado el convenio de colaboraci\u00f3n con la Asociaci\u00f3n Local de Personas Mayores de Mula\",\"datePublished\":\"2025-05-30T09:49:44+00:00\",\"dateModified\":\"2025-05-30T09:55:48+00:00\",\"mainEntityOfPage\":{\"@id\":\"https:\\\/\\\/mula.es\\\/web\\\/mayores-renovado-el-convenio-de-colaboracion-con-la-asociacion-local-de-personas-mayores-de-mula-3\\\/\"},\"wordCount\":226,\"image\":{\"@id\":\"https:\\\/\\\/mula.es\\\/web\\\/mayores-renovado-el-convenio-de-colaboracion-con-la-asociacion-local-de-personas-mayores-de-mula-3\\\/#primaryimage\"},\"thumbnailUrl\":\"https:\\\/\\\/mula.es\\\/web\\\/wp-content\\\/uploads\\\/2020\\\/06\\\/escudo-cuadrado-e1591045058235.jpg\",\"articleSection\":[\"mayores\"],\"inLanguage\":\"es\"},{\"@type\":\"WebPage\",\"@id\":\"https:\\\/\\\/mula.es\\\/web\\\/mayores-renovado-el-convenio-de-colaboracion-con-la-asociacion-local-de-personas-mayores-de-mula-3\\\/\",\"url\":\"https:\\\/\\\/mula.es\\\/web\\\/mayores-renovado-el-convenio-de-colaboracion-con-la-asociacion-local-de-personas-mayores-de-mula-3\\\/\",\"name\":\"MAYORES | Renovado el convenio de colaboraci\u00f3n con la Asociaci\u00f3n Local de Personas Mayores de MulaMAYORES | Clausura de talleres y actividades para personas mayores en Mula\",\"isPartOf\":{\"@id\":\"https:\\\/\\\/mula.es\\\/web\\\/#website\"},\"primaryImageOfPage\":{\"@id\":\"https:\\\/\\\/mula.es\\\/web\\\/mayores-renovado-el-convenio-de-colaboracion-con-la-asociacion-local-de-personas-mayores-de-mula-3\\\/#primaryimage\"},\"image\":{\"@id\":\"https:\\\/\\\/mula.es\\\/web\\\/mayores-renovado-el-convenio-de-colaboracion-con-la-asociacion-local-de-personas-mayores-de-mula-3\\\/#primaryimage\"},\"thumbnailUrl\":\"https:\\\/\\\/mula.es\\\/web\\\/wp-content\\\/uploads\\\/2020\\\/06\\\/escudo-cuadrado-e1591045058235.jpg\",\"datePublished\":\"2025-05-30T09:49:44+00:00\",\"dateModified\":\"2025-05-30T09:55:48+00:00\",\"author\":{\"@id\":\"https:\\\/\\\/mula.es\\\/web\\\/#\\\/schema\\\/person\\\/4f10179bd364f40dceed361e61e4033f\"},\"breadcrumb\":{\"@id\":\"https:\\\/\\\/mula.es\\\/web\\\/mayores-renovado-el-convenio-de-colaboracion-con-la-asociacion-local-de-personas-mayores-de-mula-3\\\/#breadcrumb\"},\"inLanguage\":\"es\",\"potentialAction\":[{\"@type\":\"ReadAction\",\"target\":[\"https:\\\/\\\/mula.es\\\/web\\\/mayores-renovado-el-convenio-de-colaboracion-con-la-asociacion-local-de-personas-mayores-de-mula-3\\\/\"]}]},{\"@type\":\"ImageObject\",\"inLanguage\":\"es\",\"@id\":\"https:\\\/\\\/mula.es\\\/web\\\/mayores-renovado-el-convenio-de-colaboracion-con-la-asociacion-local-de-personas-mayores-de-mula-3\\\/#primaryimage\",\"url\":\"https:\\\/\\\/mula.es\\\/web\\\/wp-content\\\/uploads\\\/2020\\\/06\\\/escudo-cuadrado-e1591045058235.jpg\",\"contentUrl\":\"https:\\\/\\\/mula.es\\\/web\\\/wp-content\\\/uploads\\\/2020\\\/06\\\/escudo-cuadrado-e1591045058235.jpg\",\"width\":200,\"height\":218},{\"@type\":\"BreadcrumbList\",\"@id\":\"https:\\\/\\\/mula.es\\\/web\\\/mayores-renovado-el-convenio-de-colaboracion-con-la-asociacion-local-de-personas-mayores-de-mula-3\\\/#breadcrumb\",\"itemListElement\":[{\"@type\":\"ListItem\",\"position\":1,\"name\":\"Portada\",\"item\":\"https:\\\/\\\/mula.es\\\/web\\\/\"},{\"@type\":\"ListItem\",\"position\":2,\"name\":\"MAYORES | Renovado el convenio de colaboraci\u00f3n con la Asociaci\u00f3n Local de Personas Mayores de Mula\"}]},{\"@type\":\"WebSite\",\"@id\":\"https:\\\/\\\/mula.es\\\/web\\\/#website\",\"url\":\"https:\\\/\\\/mula.es\\\/web\\\/\",\"name\":\"Ayuntamiento de Mula\",\"description\":\"P\u00e1gina web del Ayuntamiento de Mula (Regi\u00f3n de Murcia)\",\"potentialAction\":[{\"@type\":\"SearchAction\",\"target\":{\"@type\":\"EntryPoint\",\"urlTemplate\":\"https:\\\/\\\/mula.es\\\/web\\\/?s={search_term_string}\"},\"query-input\":{\"@type\":\"PropertyValueSpecification\",\"valueRequired\":true,\"valueName\":\"search_term_string\"}}],\"inLanguage\":\"es\"},{\"@type\":\"Person\",\"@id\":\"https:\\\/\\\/mula.es\\\/web\\\/#\\\/schema\\\/person\\\/4f10179bd364f40dceed361e61e4033f\",\"name\":\"Laura Salas Orcajada\",\"image\":{\"@type\":\"ImageObject\",\"inLanguage\":\"es\",\"@id\":\"https:\\\/\\\/secure.gravatar.com\\\/avatar\\\/786f2a223d9a455e2a448f78b5dcc1117207ef56ef3d9a04df338c0f775cd403?s=96&d=mm&r=g\",\"url\":\"https:\\\/\\\/secure.gravatar.com\\\/avatar\\\/786f2a223d9a455e2a448f78b5dcc1117207ef56ef3d9a04df338c0f775cd403?s=96&d=mm&r=g\",\"contentUrl\":\"https:\\\/\\\/secure.gravatar.com\\\/avatar\\\/786f2a223d9a455e2a448f78b5dcc1117207ef56ef3d9a04df338c0f775cd403?s=96&d=mm&r=g\",\"caption\":\"Laura Salas Orcajada\"},\"url\":\"https:\\\/\\\/mula.es\\\/web\\\/author\\\/lsalas\\\/\"}]}<\/script>\n<!-- \/ Yoast SEO plugin. -->","yoast_head_json":{"title":"MAYORES | Renovado el convenio de colaboraci\u00f3n con la Asociaci\u00f3n Local de Personas Mayores de MulaMAYORES | Clausura de talleres y actividades para personas mayores en Mula","robots":{"index":"index","follow":"follow","max-snippet":"max-snippet:-1","max-image-preview":"max-image-preview:large","max-video-preview":"max-video-preview:-1"},"canonical":"https:\/\/mula.es\/web\/mayores-renovado-el-convenio-de-colaboracion-con-la-asociacion-local-de-personas-mayores-de-mula-3\/","og_locale":"es_ES","og_type":"article","og_title":"MAYORES | Renovado el convenio de colaboraci\u00f3n con la Asociaci\u00f3n Local de Personas Mayores de MulaMAYORES | Clausura de talleres y actividades para personas mayores en Mula","og_description":"NOTA DE PRENSA &#8211; 30 DE MAYO DE 2025 \u00a0 \u00a0 Renovado el convenio de colaboraci\u00f3n con la Asociaci\u00f3n Local de Personas Mayores de Mula \u00a0 El Ayuntamiento de Mula ha reafirmado hoy su compromiso con el bienestar de las personas mayores del municipio mediante la firma de un nuevo convenio de colaboraci\u00f3n con la [...]","og_url":"https:\/\/mula.es\/web\/mayores-renovado-el-convenio-de-colaboracion-con-la-asociacion-local-de-personas-mayores-de-mula-3\/","og_site_name":"Ayuntamiento de Mula","article_published_time":"2025-05-30T09:49:44+00:00","article_modified_time":"2025-05-30T09:55:48+00:00","og_image":[{"width":200,"height":218,"url":"https:\/\/mula.es\/web\/wp-content\/uploads\/2020\/06\/escudo-cuadrado-e1591045058235.jpg","type":"image\/jpeg"}],"author":"Laura Salas Orcajada","twitter_card":"summary_large_image","twitter_creator":"@AyuntamientMula","twitter_site":"@AyuntamientMula","twitter_misc":{"Escrito por":"Laura Salas Orcajada","Tiempo de lectura":"2 minutos"},"schema":{"@context":"https:\/\/schema.org","@graph":[{"@type":"Article","@id":"https:\/\/mula.es\/web\/mayores-renovado-el-convenio-de-colaboracion-con-la-asociacion-local-de-personas-mayores-de-mula-3\/#article","isPartOf":{"@id":"https:\/\/mula.es\/web\/mayores-renovado-el-convenio-de-colaboracion-con-la-asociacion-local-de-personas-mayores-de-mula-3\/"},"author":{"name":"Laura Salas Orcajada","@id":"https:\/\/mula.es\/web\/#\/schema\/person\/4f10179bd364f40dceed361e61e4033f"},"headline":"MAYORES | Renovado el convenio de colaboraci\u00f3n con la Asociaci\u00f3n Local de Personas Mayores de Mula","datePublished":"2025-05-30T09:49:44+00:00","dateModified":"2025-05-30T09:55:48+00:00","mainEntityOfPage":{"@id":"https:\/\/mula.es\/web\/mayores-renovado-el-convenio-de-colaboracion-con-la-asociacion-local-de-personas-mayores-de-mula-3\/"},"wordCount":226,"image":{"@id":"https:\/\/mula.es\/web\/mayores-renovado-el-convenio-de-colaboracion-con-la-asociacion-local-de-personas-mayores-de-mula-3\/#primaryimage"},"thumbnailUrl":"https:\/\/mula.es\/web\/wp-content\/uploads\/2020\/06\/escudo-cuadrado-e1591045058235.jpg","articleSection":["mayores"],"inLanguage":"es"},{"@type":"WebPage","@id":"https:\/\/mula.es\/web\/mayores-renovado-el-convenio-de-colaboracion-con-la-asociacion-local-de-personas-mayores-de-mula-3\/","url":"https:\/\/mula.es\/web\/mayores-renovado-el-convenio-de-colaboracion-con-la-asociacion-local-de-personas-mayores-de-mula-3\/","name":"MAYORES | Renovado el convenio de colaboraci\u00f3n con la Asociaci\u00f3n Local de Personas Mayores de MulaMAYORES | Clausura de talleres y actividades para personas mayores en Mula","isPartOf":{"@id":"https:\/\/mula.es\/web\/#website"},"primaryImageOfPage":{"@id":"https:\/\/mula.es\/web\/mayores-renovado-el-convenio-de-colaboracion-con-la-asociacion-local-de-personas-mayores-de-mula-3\/#primaryimage"},"image":{"@id":"https:\/\/mula.es\/web\/mayores-renovado-el-convenio-de-colaboracion-con-la-asociacion-local-de-personas-mayores-de-mula-3\/#primaryimage"},"thumbnailUrl":"https:\/\/mula.es\/web\/wp-content\/uploads\/2020\/06\/escudo-cuadrado-e1591045058235.jpg","datePublished":"2025-05-30T09:49:44+00:00","dateModified":"2025-05-30T09:55:48+00:00","author":{"@id":"https:\/\/mula.es\/web\/#\/schema\/person\/4f10179bd364f40dceed361e61e4033f"},"breadcrumb":{"@id":"https:\/\/mula.es\/web\/mayores-renovado-el-convenio-de-colaboracion-con-la-asociacion-local-de-personas-mayores-de-mula-3\/#breadcrumb"},"inLanguage":"es","potentialAction":[{"@type":"ReadAction","target":["https:\/\/mula.es\/web\/mayores-renovado-el-convenio-de-colaboracion-con-la-asociacion-local-de-personas-mayores-de-mula-3\/"]}]},{"@type":"ImageObject","inLanguage":"es","@id":"https:\/\/mula.es\/web\/mayores-renovado-el-convenio-de-colaboracion-con-la-asociacion-local-de-personas-mayores-de-mula-3\/#primaryimage","url":"https:\/\/mula.es\/web\/wp-content\/uploads\/2020\/06\/escudo-cuadrado-e1591045058235.jpg","contentUrl":"https:\/\/mula.es\/web\/wp-content\/uploads\/2020\/06\/escudo-cuadrado-e1591045058235.jpg","width":200,"height":218},{"@type":"BreadcrumbList","@id":"https:\/\/mula.es\/web\/mayores-renovado-el-convenio-de-colaboracion-con-la-asociacion-local-de-personas-mayores-de-mula-3\/#breadcrumb","itemListElement":[{"@type":"ListItem","position":1,"name":"Portada","item":"https:\/\/mula.es\/web\/"},{"@type":"ListItem","position":2,"name":"MAYORES | Renovado el convenio de colaboraci\u00f3n con la Asociaci\u00f3n Local de Personas Mayores de Mula"}]},{"@type":"WebSite","@id":"https:\/\/mula.es\/web\/#website","url":"https:\/\/mula.es\/web\/","name":"Ayuntamiento de Mula","description":"P\u00e1gina web del Ayuntamiento de Mula (Regi\u00f3n de Murcia)","potentialAction":[{"@type":"SearchAction","target":{"@type":"EntryPoint","urlTemplate":"https:\/\/mula.es\/web\/?s={search_term_string}"},"query-input":{"@type":"PropertyValueSpecification","valueRequired":true,"valueName":"search_term_string"}}],"inLanguage":"es"},{"@type":"Person","@id":"https:\/\/mula.es\/web\/#\/schema\/person\/4f10179bd364f40dceed361e61e4033f","name":"Laura Salas Orcajada","image":{"@type":"ImageObject","inLanguage":"es","@id":"https:\/\/secure.gravatar.com\/avatar\/786f2a223d9a455e2a448f78b5dcc1117207ef56ef3d9a04df338c0f775cd403?s=96&d=mm&r=g","url":"https:\/\/secure.gravatar.com\/avatar\/786f2a223d9a455e2a448f78b5dcc1117207ef56ef3d9a04df338c0f775cd403?s=96&d=mm&r=g","contentUrl":"https:\/\/secure.gravatar.com\/avatar\/786f2a223d9a455e2a448f78b5dcc1117207ef56ef3d9a04df338c0f775cd403?s=96&d=mm&r=g","caption":"Laura Salas Orcajada"},"url":"https:\/\/mula.es\/web\/author\/lsalas\/"}]}},"jetpack_publicize_connections":[],"jetpack_featured_media_url":"https:\/\/mula.es\/web\/wp-content\/uploads\/2020\/06\/escudo-cuadrado-e1591045058235.jpg","jetpack_sharing_enabled":true,"jetpack_shortlink":"https:\/\/wp.me\/pa9DMY-fhA","jetpack-related-posts":[],"_links":{"self":[{"href":"https:\/\/mula.es\/web\/wp-json\/wp\/v2\/posts\/58750","targetHints":{"allow":["GET"]}}],"collection":[{"href":"https:\/\/mula.es\/web\/wp-json\/wp\/v2\/posts"}],"about":[{"href":"https:\/\/mula.es\/web\/wp-json\/wp\/v2\/types\/post"}],"author":[{"embeddable":true,"href":"https:\/\/mula.es\/web\/wp-json\/wp\/v2\/users\/13"}],"replies":[{"embeddable":true,"href":"https:\/\/mula.es\/web\/wp-json\/wp\/v2\/comments?post=58750"}],"version-history":[{"count":1,"href":"https:\/\/mula.es\/web\/wp-json\/wp\/v2\/posts\/58750\/revisions"}],"predecessor-version":[{"id":58753,"href":"https:\/\/mula.es\/web\/wp-json\/wp\/v2\/posts\/58750\/revisions\/58753"}],"wp:featuredmedia":[{"embeddable":true,"href":"https:\/\/mula.es\/web\/wp-json\/wp\/v2\/media\/33512"}],"wp:attachment":[{"href":"https:\/\/mula.es\/web\/wp-json\/wp\/v2\/media?parent=58750"}],"wp:term":[{"taxonomy":"category","embeddable":true,"href":"https:\/\/mula.es\/web\/wp-json\/wp\/v2\/categories?post=58750"},{"taxonomy":"post_tag","embeddable":true,"href":"https:\/\/mula.es\/web\/wp-json\/wp\/v2\/tags?post=58750"}],"curies":[{"name":"wp","href":"https:\/\/api.w.org\/{rel}","templated":true}]}}