{"id":58755,"date":"2025-05-30T12:20:59","date_gmt":"2025-05-30T10:20:59","guid":{"rendered":"https:\/\/mula.es\/web\/?p=58755"},"modified":"2025-05-30T15:37:32","modified_gmt":"2025-05-30T13:37:32","slug":"servicios-sociales-renovado-el-convenio-de-colaboracion-con-la-fundacion-nino-jesus-de-balate","status":"publish","type":"post","link":"https:\/\/mula.es\/web\/servicios-sociales-renovado-el-convenio-de-colaboracion-con-la-fundacion-nino-jesus-de-balate\/","title":{"rendered":"SERVICIOS SOCIALES | Renovado el convenio de colaboraci\u00f3n con la Fundaci\u00f3n Ni\u00f1o Jes\u00fas de Balate"},"content":{"rendered":"<p><strong>NOTA DE PRENSA &#8211; 30 DE MAYO DE 2025<\/strong><\/p>\n<p><strong>\u00a0<\/strong><\/p>\n<p><strong>\u00a0<\/strong><\/p>\n<h2><strong>Renovado el convenio de colaboraci\u00f3n con la Fundaci\u00f3n Ni\u00f1o Jes\u00fas de Balate<\/strong><\/h2>\n<p><strong>\u00a0<\/strong><\/p>\n<p>El Ayuntamiento de Mula ha renovado su convenio de colaboraci\u00f3n con el Patronato de la Fundaci\u00f3n Divino Ni\u00f1o Jes\u00fas de Bel\u00e9n, entidad que desarrolla una importante labor social en el municipio facilitando el acceso a vivienda a familias en situaci\u00f3n de vulnerabilidad.<\/p>\n<p>El acto ha contado con la presencia del alcalde de Mula, Juan Jes\u00fas Moreno, la concejala de Mayores, Antonia Gabarr\u00f3n, y el presidente de la fundaci\u00f3n, Enrique P\u00e9rez de los Cobos, quienes han destacado la voluntad de seguir sumando esfuerzos para dar respuesta a las necesidades de las familias mule\u00f1as con menos recursos.<\/p>\n<p>El Ayuntamiento de Mula agradece al Patronato de la Fundaci\u00f3n Fundaci\u00f3n Divino Ni\u00f1o Jes\u00fas de Bel\u00e9n el trabajo que realiza desde hace a\u00f1os para garantizar un techo digno a quienes m\u00e1s lo necesitan.<\/p>\n<p>Desde el Ayuntamiento de Mula se continuar\u00e1 colaborando con entidades que, como esta fundaci\u00f3n, contribuyen de manera activa al bienestar y la cohesi\u00f3n social del municipio.<\/p>\n<p><a href=\"https:\/\/mula.es\/web\/wp-content\/uploads\/2025\/05\/3-20-scaled.jpg\"><img decoding=\"async\" data-attachment-id=\"58756\" data-permalink=\"https:\/\/mula.es\/web\/servicios-sociales-renovado-el-convenio-de-colaboracion-con-la-fundacion-nino-jesus-de-balate\/3-237\/\" data-orig-file=\"https:\/\/mula.es\/web\/wp-content\/uploads\/2025\/05\/3-20-scaled.jpg\" data-orig-size=\"2560,1707\" data-comments-opened=\"0\" data-image-meta=\"{&quot;aperture&quot;:&quot;0&quot;,&quot;credit&quot;:&quot;&quot;,&quot;camera&quot;:&quot;&quot;,&quot;caption&quot;:&quot;&quot;,&quot;created_timestamp&quot;:&quot;0&quot;,&quot;copyright&quot;:&quot;&quot;,&quot;focal_length&quot;:&quot;0&quot;,&quot;iso&quot;:&quot;0&quot;,&quot;shutter_speed&quot;:&quot;0&quot;,&quot;title&quot;:&quot;&quot;,&quot;orientation&quot;:&quot;1&quot;}\" data-image-title=\"3\" data-image-description=\"\" data-image-caption=\"\" data-large-file=\"https:\/\/mula.es\/web\/wp-content\/uploads\/2025\/05\/3-20-1024x683.jpg\" class=\"alignnone size-medium wp-image-58756\" src=\"https:\/\/mula.es\/web\/wp-content\/uploads\/2025\/05\/3-20-300x200.jpg\" alt=\"\" width=\"300\" height=\"200\" srcset=\"https:\/\/mula.es\/web\/wp-content\/uploads\/2025\/05\/3-20-200x133.jpg 200w, https:\/\/mula.es\/web\/wp-content\/uploads\/2025\/05\/3-20-300x200.jpg 300w, https:\/\/mula.es\/web\/wp-content\/uploads\/2025\/05\/3-20-400x267.jpg 400w, https:\/\/mula.es\/web\/wp-content\/uploads\/2025\/05\/3-20-600x400.jpg 600w, https:\/\/mula.es\/web\/wp-content\/uploads\/2025\/05\/3-20-768x512.jpg 768w, https:\/\/mula.es\/web\/wp-content\/uploads\/2025\/05\/3-20-800x533.jpg 800w, https:\/\/mula.es\/web\/wp-content\/uploads\/2025\/05\/3-20-1024x683.jpg 1024w, https:\/\/mula.es\/web\/wp-content\/uploads\/2025\/05\/3-20-1200x800.jpg 1200w, https:\/\/mula.es\/web\/wp-content\/uploads\/2025\/05\/3-20-1536x1024.jpg 1536w\" sizes=\"(max-width: 300px) 100vw, 300px\" \/><\/a> <a href=\"https:\/\/mula.es\/web\/wp-content\/uploads\/2025\/05\/4-14-scaled.jpg\"><img decoding=\"async\" data-attachment-id=\"58757\" data-permalink=\"https:\/\/mula.es\/web\/servicios-sociales-renovado-el-convenio-de-colaboracion-con-la-fundacion-nino-jesus-de-balate\/4-172\/\" data-orig-file=\"https:\/\/mula.es\/web\/wp-content\/uploads\/2025\/05\/4-14-scaled.jpg\" data-orig-size=\"2560,1707\" data-comments-opened=\"0\" data-image-meta=\"{&quot;aperture&quot;:&quot;0&quot;,&quot;credit&quot;:&quot;&quot;,&quot;camera&quot;:&quot;&quot;,&quot;caption&quot;:&quot;&quot;,&quot;created_timestamp&quot;:&quot;0&quot;,&quot;copyright&quot;:&quot;&quot;,&quot;focal_length&quot;:&quot;0&quot;,&quot;iso&quot;:&quot;0&quot;,&quot;shutter_speed&quot;:&quot;0&quot;,&quot;title&quot;:&quot;&quot;,&quot;orientation&quot;:&quot;1&quot;}\" data-image-title=\"4\" data-image-description=\"\" data-image-caption=\"\" data-large-file=\"https:\/\/mula.es\/web\/wp-content\/uploads\/2025\/05\/4-14-1024x683.jpg\" class=\"alignnone size-medium wp-image-58757\" src=\"https:\/\/mula.es\/web\/wp-content\/uploads\/2025\/05\/4-14-300x200.jpg\" alt=\"\" width=\"300\" height=\"200\" srcset=\"https:\/\/mula.es\/web\/wp-content\/uploads\/2025\/05\/4-14-200x133.jpg 200w, https:\/\/mula.es\/web\/wp-content\/uploads\/2025\/05\/4-14-300x200.jpg 300w, https:\/\/mula.es\/web\/wp-content\/uploads\/2025\/05\/4-14-400x267.jpg 400w, https:\/\/mula.es\/web\/wp-content\/uploads\/2025\/05\/4-14-600x400.jpg 600w, https:\/\/mula.es\/web\/wp-content\/uploads\/2025\/05\/4-14-768x512.jpg 768w, https:\/\/mula.es\/web\/wp-content\/uploads\/2025\/05\/4-14-800x533.jpg 800w, https:\/\/mula.es\/web\/wp-content\/uploads\/2025\/05\/4-14-1024x683.jpg 1024w, https:\/\/mula.es\/web\/wp-content\/uploads\/2025\/05\/4-14-1200x800.jpg 1200w, https:\/\/mula.es\/web\/wp-content\/uploads\/2025\/05\/4-14-1536x1024.jpg 1536w\" sizes=\"(max-width: 300px) 100vw, 300px\" \/><\/a><\/p>\n","protected":false},"excerpt":{"rendered":"<p>NOTA DE PRENSA &#8211; 30 DE MAYO DE 2025 \u00a0 \u00a0 Renovado el convenio de colaboraci\u00f3n con la Fundaci\u00f3n Ni\u00f1o Jes\u00fas de Balate \u00a0 El Ayuntamiento de Mula ha renovado su convenio de colaboraci\u00f3n con el Patronato de la Fundaci\u00f3n Divino Ni\u00f1o Jes\u00fas de Bel\u00e9n, entidad que desarrolla una importante labor social en el municipio  [&#8230;]<\/p>\n","protected":false},"author":13,"featured_media":33512,"comment_status":"closed","ping_status":"closed","sticky":false,"template":"","format":"standard","meta":{"jetpack_post_was_ever_published":false,"_jetpack_newsletter_access":"","_jetpack_dont_email_post_to_subs":false,"_jetpack_newsletter_tier_id":0,"_jetpack_memberships_contains_paywalled_content":false,"_jetpack_memberships_contains_paid_content":false,"footnotes":"","jetpack_publicize_message":"","jetpack_publicize_feature_enabled":true,"jetpack_social_post_already_shared":false,"jetpack_social_options":{"image_generator_settings":{"template":"highway","default_image_id":0,"font":"","enabled":false},"version":2}},"categories":[93],"tags":[],"class_list":["post-58755","post","type-post","status-publish","format-standard","has-post-thumbnail","hentry","category-servicios-sociales"],"yoast_head":"<!-- This site is optimized with the Yoast SEO plugin v27.5 - https:\/\/yoast.com\/product\/yoast-seo-wordpress\/ -->\n<title>SERVICIOS SOCIALES | Renovado el convenio de colaboraci\u00f3n con la Fundaci\u00f3n Ni\u00f1o Jes\u00fas de Balate - Ayuntamiento de Mula<\/title>\n<meta name=\"robots\" content=\"index, follow, max-snippet:-1, max-image-preview:large, max-video-preview:-1\" \/>\n<link rel=\"canonical\" href=\"https:\/\/mula.es\/web\/servicios-sociales-renovado-el-convenio-de-colaboracion-con-la-fundacion-nino-jesus-de-balate\/\" \/>\n<meta property=\"og:locale\" content=\"es_ES\" \/>\n<meta property=\"og:type\" content=\"article\" \/>\n<meta property=\"og:title\" content=\"SERVICIOS SOCIALES | Renovado el convenio de colaboraci\u00f3n con la Fundaci\u00f3n Ni\u00f1o Jes\u00fas de Balate - Ayuntamiento de Mula\" \/>\n<meta property=\"og:description\" content=\"NOTA DE PRENSA &#8211; 30 DE MAYO DE 2025 \u00a0 \u00a0 Renovado el convenio de colaboraci\u00f3n con la Fundaci\u00f3n Ni\u00f1o Jes\u00fas de Balate \u00a0 El Ayuntamiento de Mula ha renovado su convenio de colaboraci\u00f3n con el Patronato de la Fundaci\u00f3n Divino Ni\u00f1o Jes\u00fas de Bel\u00e9n, entidad que desarrolla una importante labor social en el municipio [...]\" \/>\n<meta property=\"og:url\" content=\"https:\/\/mula.es\/web\/servicios-sociales-renovado-el-convenio-de-colaboracion-con-la-fundacion-nino-jesus-de-balate\/\" \/>\n<meta property=\"og:site_name\" content=\"Ayuntamiento de Mula\" \/>\n<meta property=\"article:published_time\" content=\"2025-05-30T10:20:59+00:00\" \/>\n<meta property=\"article:modified_time\" content=\"2025-05-30T13:37:32+00:00\" \/>\n<meta property=\"og:image\" content=\"https:\/\/mula.es\/web\/wp-content\/uploads\/2020\/06\/escudo-cuadrado-e1591045058235.jpg\" \/>\n\t<meta property=\"og:image:width\" content=\"200\" \/>\n\t<meta property=\"og:image:height\" content=\"218\" \/>\n\t<meta property=\"og:image:type\" content=\"image\/jpeg\" \/>\n<meta name=\"author\" content=\"Laura Salas Orcajada\" \/>\n<meta name=\"twitter:card\" content=\"summary_large_image\" \/>\n<meta name=\"twitter:creator\" content=\"@AyuntamientMula\" \/>\n<meta name=\"twitter:site\" content=\"@AyuntamientMula\" \/>\n<meta name=\"twitter:label1\" content=\"Escrito por\" \/>\n\t<meta name=\"twitter:data1\" content=\"Laura Salas Orcajada\" \/>\n\t<meta name=\"twitter:label2\" content=\"Tiempo de lectura\" \/>\n\t<meta name=\"twitter:data2\" content=\"2 minutos\" \/>\n<script type=\"application\/ld+json\" class=\"yoast-schema-graph\">{\"@context\":\"https:\\\/\\\/schema.org\",\"@graph\":[{\"@type\":\"Article\",\"@id\":\"https:\\\/\\\/mula.es\\\/web\\\/servicios-sociales-renovado-el-convenio-de-colaboracion-con-la-fundacion-nino-jesus-de-balate\\\/#article\",\"isPartOf\":{\"@id\":\"https:\\\/\\\/mula.es\\\/web\\\/servicios-sociales-renovado-el-convenio-de-colaboracion-con-la-fundacion-nino-jesus-de-balate\\\/\"},\"author\":{\"name\":\"Laura Salas Orcajada\",\"@id\":\"https:\\\/\\\/mula.es\\\/web\\\/#\\\/schema\\\/person\\\/4f10179bd364f40dceed361e61e4033f\"},\"headline\":\"SERVICIOS SOCIALES | Renovado el convenio de colaboraci\u00f3n con la Fundaci\u00f3n Ni\u00f1o Jes\u00fas de Balate\",\"datePublished\":\"2025-05-30T10:20:59+00:00\",\"dateModified\":\"2025-05-30T13:37:32+00:00\",\"mainEntityOfPage\":{\"@id\":\"https:\\\/\\\/mula.es\\\/web\\\/servicios-sociales-renovado-el-convenio-de-colaboracion-con-la-fundacion-nino-jesus-de-balate\\\/\"},\"wordCount\":215,\"image\":{\"@id\":\"https:\\\/\\\/mula.es\\\/web\\\/servicios-sociales-renovado-el-convenio-de-colaboracion-con-la-fundacion-nino-jesus-de-balate\\\/#primaryimage\"},\"thumbnailUrl\":\"https:\\\/\\\/mula.es\\\/web\\\/wp-content\\\/uploads\\\/2020\\\/06\\\/escudo-cuadrado-e1591045058235.jpg\",\"articleSection\":[\"servicios sociales\"],\"inLanguage\":\"es\"},{\"@type\":\"WebPage\",\"@id\":\"https:\\\/\\\/mula.es\\\/web\\\/servicios-sociales-renovado-el-convenio-de-colaboracion-con-la-fundacion-nino-jesus-de-balate\\\/\",\"url\":\"https:\\\/\\\/mula.es\\\/web\\\/servicios-sociales-renovado-el-convenio-de-colaboracion-con-la-fundacion-nino-jesus-de-balate\\\/\",\"name\":\"SERVICIOS SOCIALES | Renovado el convenio de colaboraci\u00f3n con la Fundaci\u00f3n Ni\u00f1o Jes\u00fas de Balate - Ayuntamiento de Mula\",\"isPartOf\":{\"@id\":\"https:\\\/\\\/mula.es\\\/web\\\/#website\"},\"primaryImageOfPage\":{\"@id\":\"https:\\\/\\\/mula.es\\\/web\\\/servicios-sociales-renovado-el-convenio-de-colaboracion-con-la-fundacion-nino-jesus-de-balate\\\/#primaryimage\"},\"image\":{\"@id\":\"https:\\\/\\\/mula.es\\\/web\\\/servicios-sociales-renovado-el-convenio-de-colaboracion-con-la-fundacion-nino-jesus-de-balate\\\/#primaryimage\"},\"thumbnailUrl\":\"https:\\\/\\\/mula.es\\\/web\\\/wp-content\\\/uploads\\\/2020\\\/06\\\/escudo-cuadrado-e1591045058235.jpg\",\"datePublished\":\"2025-05-30T10:20:59+00:00\",\"dateModified\":\"2025-05-30T13:37:32+00:00\",\"author\":{\"@id\":\"https:\\\/\\\/mula.es\\\/web\\\/#\\\/schema\\\/person\\\/4f10179bd364f40dceed361e61e4033f\"},\"breadcrumb\":{\"@id\":\"https:\\\/\\\/mula.es\\\/web\\\/servicios-sociales-renovado-el-convenio-de-colaboracion-con-la-fundacion-nino-jesus-de-balate\\\/#breadcrumb\"},\"inLanguage\":\"es\",\"potentialAction\":[{\"@type\":\"ReadAction\",\"target\":[\"https:\\\/\\\/mula.es\\\/web\\\/servicios-sociales-renovado-el-convenio-de-colaboracion-con-la-fundacion-nino-jesus-de-balate\\\/\"]}]},{\"@type\":\"ImageObject\",\"inLanguage\":\"es\",\"@id\":\"https:\\\/\\\/mula.es\\\/web\\\/servicios-sociales-renovado-el-convenio-de-colaboracion-con-la-fundacion-nino-jesus-de-balate\\\/#primaryimage\",\"url\":\"https:\\\/\\\/mula.es\\\/web\\\/wp-content\\\/uploads\\\/2020\\\/06\\\/escudo-cuadrado-e1591045058235.jpg\",\"contentUrl\":\"https:\\\/\\\/mula.es\\\/web\\\/wp-content\\\/uploads\\\/2020\\\/06\\\/escudo-cuadrado-e1591045058235.jpg\",\"width\":200,\"height\":218},{\"@type\":\"BreadcrumbList\",\"@id\":\"https:\\\/\\\/mula.es\\\/web\\\/servicios-sociales-renovado-el-convenio-de-colaboracion-con-la-fundacion-nino-jesus-de-balate\\\/#breadcrumb\",\"itemListElement\":[{\"@type\":\"ListItem\",\"position\":1,\"name\":\"Portada\",\"item\":\"https:\\\/\\\/mula.es\\\/web\\\/\"},{\"@type\":\"ListItem\",\"position\":2,\"name\":\"SERVICIOS SOCIALES | Renovado el convenio de colaboraci\u00f3n con la Fundaci\u00f3n Ni\u00f1o Jes\u00fas de Balate\"}]},{\"@type\":\"WebSite\",\"@id\":\"https:\\\/\\\/mula.es\\\/web\\\/#website\",\"url\":\"https:\\\/\\\/mula.es\\\/web\\\/\",\"name\":\"Ayuntamiento de Mula\",\"description\":\"P\u00e1gina web del Ayuntamiento de Mula (Regi\u00f3n de Murcia)\",\"potentialAction\":[{\"@type\":\"SearchAction\",\"target\":{\"@type\":\"EntryPoint\",\"urlTemplate\":\"https:\\\/\\\/mula.es\\\/web\\\/?s={search_term_string}\"},\"query-input\":{\"@type\":\"PropertyValueSpecification\",\"valueRequired\":true,\"valueName\":\"search_term_string\"}}],\"inLanguage\":\"es\"},{\"@type\":\"Person\",\"@id\":\"https:\\\/\\\/mula.es\\\/web\\\/#\\\/schema\\\/person\\\/4f10179bd364f40dceed361e61e4033f\",\"name\":\"Laura Salas Orcajada\",\"image\":{\"@type\":\"ImageObject\",\"inLanguage\":\"es\",\"@id\":\"https:\\\/\\\/secure.gravatar.com\\\/avatar\\\/786f2a223d9a455e2a448f78b5dcc1117207ef56ef3d9a04df338c0f775cd403?s=96&d=mm&r=g\",\"url\":\"https:\\\/\\\/secure.gravatar.com\\\/avatar\\\/786f2a223d9a455e2a448f78b5dcc1117207ef56ef3d9a04df338c0f775cd403?s=96&d=mm&r=g\",\"contentUrl\":\"https:\\\/\\\/secure.gravatar.com\\\/avatar\\\/786f2a223d9a455e2a448f78b5dcc1117207ef56ef3d9a04df338c0f775cd403?s=96&d=mm&r=g\",\"caption\":\"Laura Salas Orcajada\"},\"url\":\"https:\\\/\\\/mula.es\\\/web\\\/author\\\/lsalas\\\/\"}]}<\/script>\n<!-- \/ Yoast SEO plugin. -->","yoast_head_json":{"title":"SERVICIOS SOCIALES | Renovado el convenio de colaboraci\u00f3n con la Fundaci\u00f3n Ni\u00f1o Jes\u00fas de Balate - Ayuntamiento de Mula","robots":{"index":"index","follow":"follow","max-snippet":"max-snippet:-1","max-image-preview":"max-image-preview:large","max-video-preview":"max-video-preview:-1"},"canonical":"https:\/\/mula.es\/web\/servicios-sociales-renovado-el-convenio-de-colaboracion-con-la-fundacion-nino-jesus-de-balate\/","og_locale":"es_ES","og_type":"article","og_title":"SERVICIOS SOCIALES | Renovado el convenio de colaboraci\u00f3n con la Fundaci\u00f3n Ni\u00f1o Jes\u00fas de Balate - Ayuntamiento de Mula","og_description":"NOTA DE PRENSA &#8211; 30 DE MAYO DE 2025 \u00a0 \u00a0 Renovado el convenio de colaboraci\u00f3n con la Fundaci\u00f3n Ni\u00f1o Jes\u00fas de Balate \u00a0 El Ayuntamiento de Mula ha renovado su convenio de colaboraci\u00f3n con el Patronato de la Fundaci\u00f3n Divino Ni\u00f1o Jes\u00fas de Bel\u00e9n, entidad que desarrolla una importante labor social en el municipio [...]","og_url":"https:\/\/mula.es\/web\/servicios-sociales-renovado-el-convenio-de-colaboracion-con-la-fundacion-nino-jesus-de-balate\/","og_site_name":"Ayuntamiento de Mula","article_published_time":"2025-05-30T10:20:59+00:00","article_modified_time":"2025-05-30T13:37:32+00:00","og_image":[{"width":200,"height":218,"url":"https:\/\/mula.es\/web\/wp-content\/uploads\/2020\/06\/escudo-cuadrado-e1591045058235.jpg","type":"image\/jpeg"}],"author":"Laura Salas Orcajada","twitter_card":"summary_large_image","twitter_creator":"@AyuntamientMula","twitter_site":"@AyuntamientMula","twitter_misc":{"Escrito por":"Laura Salas Orcajada","Tiempo de lectura":"2 minutos"},"schema":{"@context":"https:\/\/schema.org","@graph":[{"@type":"Article","@id":"https:\/\/mula.es\/web\/servicios-sociales-renovado-el-convenio-de-colaboracion-con-la-fundacion-nino-jesus-de-balate\/#article","isPartOf":{"@id":"https:\/\/mula.es\/web\/servicios-sociales-renovado-el-convenio-de-colaboracion-con-la-fundacion-nino-jesus-de-balate\/"},"author":{"name":"Laura Salas Orcajada","@id":"https:\/\/mula.es\/web\/#\/schema\/person\/4f10179bd364f40dceed361e61e4033f"},"headline":"SERVICIOS SOCIALES | Renovado el convenio de colaboraci\u00f3n con la Fundaci\u00f3n Ni\u00f1o Jes\u00fas de Balate","datePublished":"2025-05-30T10:20:59+00:00","dateModified":"2025-05-30T13:37:32+00:00","mainEntityOfPage":{"@id":"https:\/\/mula.es\/web\/servicios-sociales-renovado-el-convenio-de-colaboracion-con-la-fundacion-nino-jesus-de-balate\/"},"wordCount":215,"image":{"@id":"https:\/\/mula.es\/web\/servicios-sociales-renovado-el-convenio-de-colaboracion-con-la-fundacion-nino-jesus-de-balate\/#primaryimage"},"thumbnailUrl":"https:\/\/mula.es\/web\/wp-content\/uploads\/2020\/06\/escudo-cuadrado-e1591045058235.jpg","articleSection":["servicios sociales"],"inLanguage":"es"},{"@type":"WebPage","@id":"https:\/\/mula.es\/web\/servicios-sociales-renovado-el-convenio-de-colaboracion-con-la-fundacion-nino-jesus-de-balate\/","url":"https:\/\/mula.es\/web\/servicios-sociales-renovado-el-convenio-de-colaboracion-con-la-fundacion-nino-jesus-de-balate\/","name":"SERVICIOS SOCIALES | Renovado el convenio de colaboraci\u00f3n con la Fundaci\u00f3n Ni\u00f1o Jes\u00fas de Balate - Ayuntamiento de Mula","isPartOf":{"@id":"https:\/\/mula.es\/web\/#website"},"primaryImageOfPage":{"@id":"https:\/\/mula.es\/web\/servicios-sociales-renovado-el-convenio-de-colaboracion-con-la-fundacion-nino-jesus-de-balate\/#primaryimage"},"image":{"@id":"https:\/\/mula.es\/web\/servicios-sociales-renovado-el-convenio-de-colaboracion-con-la-fundacion-nino-jesus-de-balate\/#primaryimage"},"thumbnailUrl":"https:\/\/mula.es\/web\/wp-content\/uploads\/2020\/06\/escudo-cuadrado-e1591045058235.jpg","datePublished":"2025-05-30T10:20:59+00:00","dateModified":"2025-05-30T13:37:32+00:00","author":{"@id":"https:\/\/mula.es\/web\/#\/schema\/person\/4f10179bd364f40dceed361e61e4033f"},"breadcrumb":{"@id":"https:\/\/mula.es\/web\/servicios-sociales-renovado-el-convenio-de-colaboracion-con-la-fundacion-nino-jesus-de-balate\/#breadcrumb"},"inLanguage":"es","potentialAction":[{"@type":"ReadAction","target":["https:\/\/mula.es\/web\/servicios-sociales-renovado-el-convenio-de-colaboracion-con-la-fundacion-nino-jesus-de-balate\/"]}]},{"@type":"ImageObject","inLanguage":"es","@id":"https:\/\/mula.es\/web\/servicios-sociales-renovado-el-convenio-de-colaboracion-con-la-fundacion-nino-jesus-de-balate\/#primaryimage","url":"https:\/\/mula.es\/web\/wp-content\/uploads\/2020\/06\/escudo-cuadrado-e1591045058235.jpg","contentUrl":"https:\/\/mula.es\/web\/wp-content\/uploads\/2020\/06\/escudo-cuadrado-e1591045058235.jpg","width":200,"height":218},{"@type":"BreadcrumbList","@id":"https:\/\/mula.es\/web\/servicios-sociales-renovado-el-convenio-de-colaboracion-con-la-fundacion-nino-jesus-de-balate\/#breadcrumb","itemListElement":[{"@type":"ListItem","position":1,"name":"Portada","item":"https:\/\/mula.es\/web\/"},{"@type":"ListItem","position":2,"name":"SERVICIOS SOCIALES | Renovado el convenio de colaboraci\u00f3n con la Fundaci\u00f3n Ni\u00f1o Jes\u00fas de Balate"}]},{"@type":"WebSite","@id":"https:\/\/mula.es\/web\/#website","url":"https:\/\/mula.es\/web\/","name":"Ayuntamiento de Mula","description":"P\u00e1gina web del Ayuntamiento de Mula (Regi\u00f3n de Murcia)","potentialAction":[{"@type":"SearchAction","target":{"@type":"EntryPoint","urlTemplate":"https:\/\/mula.es\/web\/?s={search_term_string}"},"query-input":{"@type":"PropertyValueSpecification","valueRequired":true,"valueName":"search_term_string"}}],"inLanguage":"es"},{"@type":"Person","@id":"https:\/\/mula.es\/web\/#\/schema\/person\/4f10179bd364f40dceed361e61e4033f","name":"Laura Salas Orcajada","image":{"@type":"ImageObject","inLanguage":"es","@id":"https:\/\/secure.gravatar.com\/avatar\/786f2a223d9a455e2a448f78b5dcc1117207ef56ef3d9a04df338c0f775cd403?s=96&d=mm&r=g","url":"https:\/\/secure.gravatar.com\/avatar\/786f2a223d9a455e2a448f78b5dcc1117207ef56ef3d9a04df338c0f775cd403?s=96&d=mm&r=g","contentUrl":"https:\/\/secure.gravatar.com\/avatar\/786f2a223d9a455e2a448f78b5dcc1117207ef56ef3d9a04df338c0f775cd403?s=96&d=mm&r=g","caption":"Laura Salas Orcajada"},"url":"https:\/\/mula.es\/web\/author\/lsalas\/"}]}},"jetpack_publicize_connections":[],"jetpack_featured_media_url":"https:\/\/mula.es\/web\/wp-content\/uploads\/2020\/06\/escudo-cuadrado-e1591045058235.jpg","jetpack_sharing_enabled":true,"jetpack_shortlink":"https:\/\/wp.me\/pa9DMY-fhF","jetpack-related-posts":[],"_links":{"self":[{"href":"https:\/\/mula.es\/web\/wp-json\/wp\/v2\/posts\/58755","targetHints":{"allow":["GET"]}}],"collection":[{"href":"https:\/\/mula.es\/web\/wp-json\/wp\/v2\/posts"}],"about":[{"href":"https:\/\/mula.es\/web\/wp-json\/wp\/v2\/types\/post"}],"author":[{"embeddable":true,"href":"https:\/\/mula.es\/web\/wp-json\/wp\/v2\/users\/13"}],"replies":[{"embeddable":true,"href":"https:\/\/mula.es\/web\/wp-json\/wp\/v2\/comments?post=58755"}],"version-history":[{"count":2,"href":"https:\/\/mula.es\/web\/wp-json\/wp\/v2\/posts\/58755\/revisions"}],"predecessor-version":[{"id":58759,"href":"https:\/\/mula.es\/web\/wp-json\/wp\/v2\/posts\/58755\/revisions\/58759"}],"wp:featuredmedia":[{"embeddable":true,"href":"https:\/\/mula.es\/web\/wp-json\/wp\/v2\/media\/33512"}],"wp:attachment":[{"href":"https:\/\/mula.es\/web\/wp-json\/wp\/v2\/media?parent=58755"}],"wp:term":[{"taxonomy":"category","embeddable":true,"href":"https:\/\/mula.es\/web\/wp-json\/wp\/v2\/categories?post=58755"},{"taxonomy":"post_tag","embeddable":true,"href":"https:\/\/mula.es\/web\/wp-json\/wp\/v2\/tags?post=58755"}],"curies":[{"name":"wp","href":"https:\/\/api.w.org\/{rel}","templated":true}]}}