{"id":58775,"date":"2025-06-02T13:57:21","date_gmt":"2025-06-02T11:57:21","guid":{"rendered":"https:\/\/mula.es\/web\/?p=58775"},"modified":"2025-06-02T13:57:21","modified_gmt":"2025-06-02T11:57:21","slug":"seguridad-ciudadana-alerta-por-tormentas-en-la-region-de-murcia-nivel-amarillo-activado-para-manana-martes","status":"publish","type":"post","link":"https:\/\/mula.es\/web\/seguridad-ciudadana-alerta-por-tormentas-en-la-region-de-murcia-nivel-amarillo-activado-para-manana-martes\/","title":{"rendered":"SEGURIDAD CIUDADANA | Alerta por tormentas en la Regi\u00f3n de Murcia: nivel amarillo activado para ma\u00f1ana martes"},"content":{"rendered":"<p><strong>NOTA DE PRENSA &#8211; 2 DE JUNIO DE 2025<\/strong><\/p>\n<p><strong>\u00a0<\/strong><\/p>\n<p><strong>\u00a0<\/strong><\/p>\n<h2><strong>Alerta por tormentas en la Regi\u00f3n de Murcia: nivel amarillo activado para ma\u00f1ana martes<\/strong><\/h2>\n<p>&nbsp;<\/p>\n<p>El Ayuntamiento de Mula informa que, seg\u00fan el \u00faltimo bolet\u00edn emitido por la Agencia Estatal de Meteorolog\u00eda (AEMET), <strong>ma\u00f1ana martes 3 de junio<\/strong> se activa el <strong>aviso de nivel amarillo por tormentas<\/strong> en distintas zonas de la Regi\u00f3n de Murcia, incluida la comarca del Noroeste.<\/p>\n<p>El aviso estar\u00e1 vigente desde las <strong>16:00 hasta las 23:00 horas<\/strong>, con una probabilidad de entre el 40% y el 70%. Las tormentas podr\u00edan venir <strong>acompa\u00f1adas de granizo<\/strong> y, aunque el nivel es amarillo, se advierte que <strong>puntualmente podr\u00edan alcanzarse intensidades superiores<\/strong>.<\/p>\n<p>Desde el Ayuntamiento se recomienda a la ciudadan\u00eda extremar las precauciones, especialmente en desplazamientos, zonas arboladas, barrancos y espacios al aire libre. Tambi\u00e9n se recuerda evitar pr\u00e1cticas que puedan generar riesgo en caso de tormenta.<\/p>\n<p>Cualquier incidencia puede comunicarse a los servicios municipales y de emergencias.<br \/>\nSeguiremos atentos a la evoluci\u00f3n meteorol\u00f3gica a trav\u00e9s de los canales oficiales.<\/p>\n<p>&nbsp;<\/p>\n","protected":false},"excerpt":{"rendered":"<p>NOTA DE PRENSA &#8211; 2 DE JUNIO DE 2025 \u00a0 \u00a0 Alerta por tormentas en la Regi\u00f3n de Murcia: nivel amarillo activado para ma\u00f1ana martes &nbsp; El Ayuntamiento de Mula informa que, seg\u00fan el \u00faltimo bolet\u00edn emitido por la Agencia Estatal de Meteorolog\u00eda (AEMET), ma\u00f1ana martes 3 de junio se activa el aviso de nivel  [&#8230;]<\/p>\n","protected":false},"author":13,"featured_media":33512,"comment_status":"closed","ping_status":"closed","sticky":false,"template":"","format":"standard","meta":{"jetpack_post_was_ever_published":false,"_jetpack_newsletter_access":"","_jetpack_dont_email_post_to_subs":false,"_jetpack_newsletter_tier_id":0,"_jetpack_memberships_contains_paywalled_content":false,"_jetpack_memberships_contains_paid_content":false,"footnotes":"","jetpack_publicize_message":"","jetpack_publicize_feature_enabled":true,"jetpack_social_post_already_shared":true,"jetpack_social_options":{"image_generator_settings":{"template":"highway","default_image_id":0,"font":"","enabled":false},"version":2}},"categories":[127,130],"tags":[],"class_list":["post-58775","post","type-post","status-publish","format-standard","has-post-thumbnail","hentry","category-alcalde","category-seguridad-ciudadana"],"yoast_head":"<!-- This site is optimized with the Yoast SEO plugin v27.5 - https:\/\/yoast.com\/product\/yoast-seo-wordpress\/ -->\n<title>SEGURIDAD CIUDADANA | Alerta por tormentas en la Regi\u00f3n de Murcia: nivel amarillo activado para ma\u00f1ana martes - Ayuntamiento de Mula<\/title>\n<meta name=\"robots\" content=\"index, follow, max-snippet:-1, max-image-preview:large, max-video-preview:-1\" \/>\n<link rel=\"canonical\" href=\"https:\/\/mula.es\/web\/seguridad-ciudadana-alerta-por-tormentas-en-la-region-de-murcia-nivel-amarillo-activado-para-manana-martes\/\" \/>\n<meta property=\"og:locale\" content=\"es_ES\" \/>\n<meta property=\"og:type\" content=\"article\" \/>\n<meta property=\"og:title\" content=\"SEGURIDAD CIUDADANA | Alerta por tormentas en la Regi\u00f3n de Murcia: nivel amarillo activado para ma\u00f1ana martes - Ayuntamiento de Mula\" \/>\n<meta property=\"og:description\" content=\"NOTA DE PRENSA &#8211; 2 DE JUNIO DE 2025 \u00a0 \u00a0 Alerta por tormentas en la Regi\u00f3n de Murcia: nivel amarillo activado para ma\u00f1ana martes &nbsp; El Ayuntamiento de Mula informa que, seg\u00fan el \u00faltimo bolet\u00edn emitido por la Agencia Estatal de Meteorolog\u00eda (AEMET), ma\u00f1ana martes 3 de junio se activa el aviso de nivel [...]\" \/>\n<meta property=\"og:url\" content=\"https:\/\/mula.es\/web\/seguridad-ciudadana-alerta-por-tormentas-en-la-region-de-murcia-nivel-amarillo-activado-para-manana-martes\/\" \/>\n<meta property=\"og:site_name\" content=\"Ayuntamiento de Mula\" \/>\n<meta property=\"article:published_time\" content=\"2025-06-02T11:57:21+00:00\" \/>\n<meta property=\"og:image\" content=\"https:\/\/mula.es\/web\/wp-content\/uploads\/2020\/06\/escudo-cuadrado-e1591045058235.jpg\" \/>\n\t<meta property=\"og:image:width\" content=\"200\" \/>\n\t<meta property=\"og:image:height\" content=\"218\" \/>\n\t<meta property=\"og:image:type\" content=\"image\/jpeg\" \/>\n<meta name=\"author\" content=\"Laura Salas Orcajada\" \/>\n<meta name=\"twitter:card\" content=\"summary_large_image\" \/>\n<meta name=\"twitter:creator\" content=\"@AyuntamientMula\" \/>\n<meta name=\"twitter:site\" content=\"@AyuntamientMula\" \/>\n<meta name=\"twitter:label1\" content=\"Escrito por\" \/>\n\t<meta name=\"twitter:data1\" content=\"Laura Salas Orcajada\" \/>\n\t<meta name=\"twitter:label2\" content=\"Tiempo de lectura\" \/>\n\t<meta name=\"twitter:data2\" content=\"3 minutos\" \/>\n<script type=\"application\/ld+json\" class=\"yoast-schema-graph\">{\"@context\":\"https:\\\/\\\/schema.org\",\"@graph\":[{\"@type\":\"Article\",\"@id\":\"https:\\\/\\\/mula.es\\\/web\\\/seguridad-ciudadana-alerta-por-tormentas-en-la-region-de-murcia-nivel-amarillo-activado-para-manana-martes\\\/#article\",\"isPartOf\":{\"@id\":\"https:\\\/\\\/mula.es\\\/web\\\/seguridad-ciudadana-alerta-por-tormentas-en-la-region-de-murcia-nivel-amarillo-activado-para-manana-martes\\\/\"},\"author\":{\"name\":\"Laura Salas Orcajada\",\"@id\":\"https:\\\/\\\/mula.es\\\/web\\\/#\\\/schema\\\/person\\\/4f10179bd364f40dceed361e61e4033f\"},\"headline\":\"SEGURIDAD CIUDADANA | Alerta por tormentas en la Regi\u00f3n de Murcia: nivel amarillo activado para ma\u00f1ana martes\",\"datePublished\":\"2025-06-02T11:57:21+00:00\",\"mainEntityOfPage\":{\"@id\":\"https:\\\/\\\/mula.es\\\/web\\\/seguridad-ciudadana-alerta-por-tormentas-en-la-region-de-murcia-nivel-amarillo-activado-para-manana-martes\\\/\"},\"wordCount\":197,\"image\":{\"@id\":\"https:\\\/\\\/mula.es\\\/web\\\/seguridad-ciudadana-alerta-por-tormentas-en-la-region-de-murcia-nivel-amarillo-activado-para-manana-martes\\\/#primaryimage\"},\"thumbnailUrl\":\"https:\\\/\\\/mula.es\\\/web\\\/wp-content\\\/uploads\\\/2020\\\/06\\\/escudo-cuadrado-e1591045058235.jpg\",\"articleSection\":[\"alcalde\",\"seguridad ciudadana\"],\"inLanguage\":\"es\"},{\"@type\":\"WebPage\",\"@id\":\"https:\\\/\\\/mula.es\\\/web\\\/seguridad-ciudadana-alerta-por-tormentas-en-la-region-de-murcia-nivel-amarillo-activado-para-manana-martes\\\/\",\"url\":\"https:\\\/\\\/mula.es\\\/web\\\/seguridad-ciudadana-alerta-por-tormentas-en-la-region-de-murcia-nivel-amarillo-activado-para-manana-martes\\\/\",\"name\":\"SEGURIDAD CIUDADANA | Alerta por tormentas en la Regi\u00f3n de Murcia: nivel amarillo activado para ma\u00f1ana martes - Ayuntamiento de Mula\",\"isPartOf\":{\"@id\":\"https:\\\/\\\/mula.es\\\/web\\\/#website\"},\"primaryImageOfPage\":{\"@id\":\"https:\\\/\\\/mula.es\\\/web\\\/seguridad-ciudadana-alerta-por-tormentas-en-la-region-de-murcia-nivel-amarillo-activado-para-manana-martes\\\/#primaryimage\"},\"image\":{\"@id\":\"https:\\\/\\\/mula.es\\\/web\\\/seguridad-ciudadana-alerta-por-tormentas-en-la-region-de-murcia-nivel-amarillo-activado-para-manana-martes\\\/#primaryimage\"},\"thumbnailUrl\":\"https:\\\/\\\/mula.es\\\/web\\\/wp-content\\\/uploads\\\/2020\\\/06\\\/escudo-cuadrado-e1591045058235.jpg\",\"datePublished\":\"2025-06-02T11:57:21+00:00\",\"author\":{\"@id\":\"https:\\\/\\\/mula.es\\\/web\\\/#\\\/schema\\\/person\\\/4f10179bd364f40dceed361e61e4033f\"},\"breadcrumb\":{\"@id\":\"https:\\\/\\\/mula.es\\\/web\\\/seguridad-ciudadana-alerta-por-tormentas-en-la-region-de-murcia-nivel-amarillo-activado-para-manana-martes\\\/#breadcrumb\"},\"inLanguage\":\"es\",\"potentialAction\":[{\"@type\":\"ReadAction\",\"target\":[\"https:\\\/\\\/mula.es\\\/web\\\/seguridad-ciudadana-alerta-por-tormentas-en-la-region-de-murcia-nivel-amarillo-activado-para-manana-martes\\\/\"]}]},{\"@type\":\"ImageObject\",\"inLanguage\":\"es\",\"@id\":\"https:\\\/\\\/mula.es\\\/web\\\/seguridad-ciudadana-alerta-por-tormentas-en-la-region-de-murcia-nivel-amarillo-activado-para-manana-martes\\\/#primaryimage\",\"url\":\"https:\\\/\\\/mula.es\\\/web\\\/wp-content\\\/uploads\\\/2020\\\/06\\\/escudo-cuadrado-e1591045058235.jpg\",\"contentUrl\":\"https:\\\/\\\/mula.es\\\/web\\\/wp-content\\\/uploads\\\/2020\\\/06\\\/escudo-cuadrado-e1591045058235.jpg\",\"width\":200,\"height\":218},{\"@type\":\"BreadcrumbList\",\"@id\":\"https:\\\/\\\/mula.es\\\/web\\\/seguridad-ciudadana-alerta-por-tormentas-en-la-region-de-murcia-nivel-amarillo-activado-para-manana-martes\\\/#breadcrumb\",\"itemListElement\":[{\"@type\":\"ListItem\",\"position\":1,\"name\":\"Portada\",\"item\":\"https:\\\/\\\/mula.es\\\/web\\\/\"},{\"@type\":\"ListItem\",\"position\":2,\"name\":\"SEGURIDAD CIUDADANA | Alerta por tormentas en la Regi\u00f3n de Murcia: nivel amarillo activado para ma\u00f1ana martes\"}]},{\"@type\":\"WebSite\",\"@id\":\"https:\\\/\\\/mula.es\\\/web\\\/#website\",\"url\":\"https:\\\/\\\/mula.es\\\/web\\\/\",\"name\":\"Ayuntamiento de Mula\",\"description\":\"P\u00e1gina web del Ayuntamiento de Mula (Regi\u00f3n de Murcia)\",\"potentialAction\":[{\"@type\":\"SearchAction\",\"target\":{\"@type\":\"EntryPoint\",\"urlTemplate\":\"https:\\\/\\\/mula.es\\\/web\\\/?s={search_term_string}\"},\"query-input\":{\"@type\":\"PropertyValueSpecification\",\"valueRequired\":true,\"valueName\":\"search_term_string\"}}],\"inLanguage\":\"es\"},{\"@type\":\"Person\",\"@id\":\"https:\\\/\\\/mula.es\\\/web\\\/#\\\/schema\\\/person\\\/4f10179bd364f40dceed361e61e4033f\",\"name\":\"Laura Salas Orcajada\",\"image\":{\"@type\":\"ImageObject\",\"inLanguage\":\"es\",\"@id\":\"https:\\\/\\\/secure.gravatar.com\\\/avatar\\\/786f2a223d9a455e2a448f78b5dcc1117207ef56ef3d9a04df338c0f775cd403?s=96&d=mm&r=g\",\"url\":\"https:\\\/\\\/secure.gravatar.com\\\/avatar\\\/786f2a223d9a455e2a448f78b5dcc1117207ef56ef3d9a04df338c0f775cd403?s=96&d=mm&r=g\",\"contentUrl\":\"https:\\\/\\\/secure.gravatar.com\\\/avatar\\\/786f2a223d9a455e2a448f78b5dcc1117207ef56ef3d9a04df338c0f775cd403?s=96&d=mm&r=g\",\"caption\":\"Laura Salas Orcajada\"},\"url\":\"https:\\\/\\\/mula.es\\\/web\\\/author\\\/lsalas\\\/\"}]}<\/script>\n<!-- \/ Yoast SEO plugin. -->","yoast_head_json":{"title":"SEGURIDAD CIUDADANA | Alerta por tormentas en la Regi\u00f3n de Murcia: nivel amarillo activado para ma\u00f1ana martes - Ayuntamiento de Mula","robots":{"index":"index","follow":"follow","max-snippet":"max-snippet:-1","max-image-preview":"max-image-preview:large","max-video-preview":"max-video-preview:-1"},"canonical":"https:\/\/mula.es\/web\/seguridad-ciudadana-alerta-por-tormentas-en-la-region-de-murcia-nivel-amarillo-activado-para-manana-martes\/","og_locale":"es_ES","og_type":"article","og_title":"SEGURIDAD CIUDADANA | Alerta por tormentas en la Regi\u00f3n de Murcia: nivel amarillo activado para ma\u00f1ana martes - Ayuntamiento de Mula","og_description":"NOTA DE PRENSA &#8211; 2 DE JUNIO DE 2025 \u00a0 \u00a0 Alerta por tormentas en la Regi\u00f3n de Murcia: nivel amarillo activado para ma\u00f1ana martes &nbsp; El Ayuntamiento de Mula informa que, seg\u00fan el \u00faltimo bolet\u00edn emitido por la Agencia Estatal de Meteorolog\u00eda (AEMET), ma\u00f1ana martes 3 de junio se activa el aviso de nivel [...]","og_url":"https:\/\/mula.es\/web\/seguridad-ciudadana-alerta-por-tormentas-en-la-region-de-murcia-nivel-amarillo-activado-para-manana-martes\/","og_site_name":"Ayuntamiento de Mula","article_published_time":"2025-06-02T11:57:21+00:00","og_image":[{"width":200,"height":218,"url":"https:\/\/mula.es\/web\/wp-content\/uploads\/2020\/06\/escudo-cuadrado-e1591045058235.jpg","type":"image\/jpeg"}],"author":"Laura Salas Orcajada","twitter_card":"summary_large_image","twitter_creator":"@AyuntamientMula","twitter_site":"@AyuntamientMula","twitter_misc":{"Escrito por":"Laura Salas Orcajada","Tiempo de lectura":"3 minutos"},"schema":{"@context":"https:\/\/schema.org","@graph":[{"@type":"Article","@id":"https:\/\/mula.es\/web\/seguridad-ciudadana-alerta-por-tormentas-en-la-region-de-murcia-nivel-amarillo-activado-para-manana-martes\/#article","isPartOf":{"@id":"https:\/\/mula.es\/web\/seguridad-ciudadana-alerta-por-tormentas-en-la-region-de-murcia-nivel-amarillo-activado-para-manana-martes\/"},"author":{"name":"Laura Salas Orcajada","@id":"https:\/\/mula.es\/web\/#\/schema\/person\/4f10179bd364f40dceed361e61e4033f"},"headline":"SEGURIDAD CIUDADANA | Alerta por tormentas en la Regi\u00f3n de Murcia: nivel amarillo activado para ma\u00f1ana martes","datePublished":"2025-06-02T11:57:21+00:00","mainEntityOfPage":{"@id":"https:\/\/mula.es\/web\/seguridad-ciudadana-alerta-por-tormentas-en-la-region-de-murcia-nivel-amarillo-activado-para-manana-martes\/"},"wordCount":197,"image":{"@id":"https:\/\/mula.es\/web\/seguridad-ciudadana-alerta-por-tormentas-en-la-region-de-murcia-nivel-amarillo-activado-para-manana-martes\/#primaryimage"},"thumbnailUrl":"https:\/\/mula.es\/web\/wp-content\/uploads\/2020\/06\/escudo-cuadrado-e1591045058235.jpg","articleSection":["alcalde","seguridad ciudadana"],"inLanguage":"es"},{"@type":"WebPage","@id":"https:\/\/mula.es\/web\/seguridad-ciudadana-alerta-por-tormentas-en-la-region-de-murcia-nivel-amarillo-activado-para-manana-martes\/","url":"https:\/\/mula.es\/web\/seguridad-ciudadana-alerta-por-tormentas-en-la-region-de-murcia-nivel-amarillo-activado-para-manana-martes\/","name":"SEGURIDAD CIUDADANA | Alerta por tormentas en la Regi\u00f3n de Murcia: nivel amarillo activado para ma\u00f1ana martes - Ayuntamiento de Mula","isPartOf":{"@id":"https:\/\/mula.es\/web\/#website"},"primaryImageOfPage":{"@id":"https:\/\/mula.es\/web\/seguridad-ciudadana-alerta-por-tormentas-en-la-region-de-murcia-nivel-amarillo-activado-para-manana-martes\/#primaryimage"},"image":{"@id":"https:\/\/mula.es\/web\/seguridad-ciudadana-alerta-por-tormentas-en-la-region-de-murcia-nivel-amarillo-activado-para-manana-martes\/#primaryimage"},"thumbnailUrl":"https:\/\/mula.es\/web\/wp-content\/uploads\/2020\/06\/escudo-cuadrado-e1591045058235.jpg","datePublished":"2025-06-02T11:57:21+00:00","author":{"@id":"https:\/\/mula.es\/web\/#\/schema\/person\/4f10179bd364f40dceed361e61e4033f"},"breadcrumb":{"@id":"https:\/\/mula.es\/web\/seguridad-ciudadana-alerta-por-tormentas-en-la-region-de-murcia-nivel-amarillo-activado-para-manana-martes\/#breadcrumb"},"inLanguage":"es","potentialAction":[{"@type":"ReadAction","target":["https:\/\/mula.es\/web\/seguridad-ciudadana-alerta-por-tormentas-en-la-region-de-murcia-nivel-amarillo-activado-para-manana-martes\/"]}]},{"@type":"ImageObject","inLanguage":"es","@id":"https:\/\/mula.es\/web\/seguridad-ciudadana-alerta-por-tormentas-en-la-region-de-murcia-nivel-amarillo-activado-para-manana-martes\/#primaryimage","url":"https:\/\/mula.es\/web\/wp-content\/uploads\/2020\/06\/escudo-cuadrado-e1591045058235.jpg","contentUrl":"https:\/\/mula.es\/web\/wp-content\/uploads\/2020\/06\/escudo-cuadrado-e1591045058235.jpg","width":200,"height":218},{"@type":"BreadcrumbList","@id":"https:\/\/mula.es\/web\/seguridad-ciudadana-alerta-por-tormentas-en-la-region-de-murcia-nivel-amarillo-activado-para-manana-martes\/#breadcrumb","itemListElement":[{"@type":"ListItem","position":1,"name":"Portada","item":"https:\/\/mula.es\/web\/"},{"@type":"ListItem","position":2,"name":"SEGURIDAD CIUDADANA | Alerta por tormentas en la Regi\u00f3n de Murcia: nivel amarillo activado para ma\u00f1ana martes"}]},{"@type":"WebSite","@id":"https:\/\/mula.es\/web\/#website","url":"https:\/\/mula.es\/web\/","name":"Ayuntamiento de Mula","description":"P\u00e1gina web del Ayuntamiento de Mula (Regi\u00f3n de Murcia)","potentialAction":[{"@type":"SearchAction","target":{"@type":"EntryPoint","urlTemplate":"https:\/\/mula.es\/web\/?s={search_term_string}"},"query-input":{"@type":"PropertyValueSpecification","valueRequired":true,"valueName":"search_term_string"}}],"inLanguage":"es"},{"@type":"Person","@id":"https:\/\/mula.es\/web\/#\/schema\/person\/4f10179bd364f40dceed361e61e4033f","name":"Laura Salas Orcajada","image":{"@type":"ImageObject","inLanguage":"es","@id":"https:\/\/secure.gravatar.com\/avatar\/786f2a223d9a455e2a448f78b5dcc1117207ef56ef3d9a04df338c0f775cd403?s=96&d=mm&r=g","url":"https:\/\/secure.gravatar.com\/avatar\/786f2a223d9a455e2a448f78b5dcc1117207ef56ef3d9a04df338c0f775cd403?s=96&d=mm&r=g","contentUrl":"https:\/\/secure.gravatar.com\/avatar\/786f2a223d9a455e2a448f78b5dcc1117207ef56ef3d9a04df338c0f775cd403?s=96&d=mm&r=g","caption":"Laura Salas Orcajada"},"url":"https:\/\/mula.es\/web\/author\/lsalas\/"}]}},"jetpack_publicize_connections":[],"jetpack_featured_media_url":"https:\/\/mula.es\/web\/wp-content\/uploads\/2020\/06\/escudo-cuadrado-e1591045058235.jpg","jetpack_sharing_enabled":true,"jetpack_shortlink":"https:\/\/wp.me\/pa9DMY-fhZ","jetpack-related-posts":[],"_links":{"self":[{"href":"https:\/\/mula.es\/web\/wp-json\/wp\/v2\/posts\/58775","targetHints":{"allow":["GET"]}}],"collection":[{"href":"https:\/\/mula.es\/web\/wp-json\/wp\/v2\/posts"}],"about":[{"href":"https:\/\/mula.es\/web\/wp-json\/wp\/v2\/types\/post"}],"author":[{"embeddable":true,"href":"https:\/\/mula.es\/web\/wp-json\/wp\/v2\/users\/13"}],"replies":[{"embeddable":true,"href":"https:\/\/mula.es\/web\/wp-json\/wp\/v2\/comments?post=58775"}],"version-history":[{"count":1,"href":"https:\/\/mula.es\/web\/wp-json\/wp\/v2\/posts\/58775\/revisions"}],"predecessor-version":[{"id":58776,"href":"https:\/\/mula.es\/web\/wp-json\/wp\/v2\/posts\/58775\/revisions\/58776"}],"wp:featuredmedia":[{"embeddable":true,"href":"https:\/\/mula.es\/web\/wp-json\/wp\/v2\/media\/33512"}],"wp:attachment":[{"href":"https:\/\/mula.es\/web\/wp-json\/wp\/v2\/media?parent=58775"}],"wp:term":[{"taxonomy":"category","embeddable":true,"href":"https:\/\/mula.es\/web\/wp-json\/wp\/v2\/categories?post=58775"},{"taxonomy":"post_tag","embeddable":true,"href":"https:\/\/mula.es\/web\/wp-json\/wp\/v2\/tags?post=58775"}],"curies":[{"name":"wp","href":"https:\/\/api.w.org\/{rel}","templated":true}]}}