{"id":59224,"date":"2025-07-22T23:21:37","date_gmt":"2025-07-22T21:21:37","guid":{"rendered":"https:\/\/mula.es\/web\/?p=59224"},"modified":"2025-07-22T23:21:37","modified_gmt":"2025-07-22T21:21:37","slug":"cultura-mula-da-la-bienvenida-al-v-festival-internacional-de-guitarra-cita-clave-en-la-agenda-cultural-regional","status":"publish","type":"post","link":"https:\/\/mula.es\/web\/cultura-mula-da-la-bienvenida-al-v-festival-internacional-de-guitarra-cita-clave-en-la-agenda-cultural-regional\/","title":{"rendered":"CULTURA | Mula da la bienvenida al V Festival Internacional de Guitarra, cita clave en la agenda cultural regional"},"content":{"rendered":"<p><strong>NOTA DE PRENSA &#8211; 22 DE JULIO DE 2025<\/strong><\/p>\n<p><strong>\u00a0<\/strong><\/p>\n<h2><strong>\u00a0<\/strong><\/h2>\n<h2><strong>Mula da la bienvenida al V Festival Internacional de Guitarra, cita clave en la agenda cultural regional<\/strong><\/h2>\n<p>&nbsp;<\/p>\n<p>El patio del Convento de San Francisco ha acogido esta noche la apertura oficial del <strong>V Festival Internacional de Guitarra \u201cCiudad de Mula\u201d<\/strong>, una cita que consolida al municipio como uno de los grandes epicentros de la m\u00fasica y la cultura en la Regi\u00f3n de Murcia.<\/p>\n<p>Durante el acto inaugural, el alcalde de Mula, <strong>Juan Jes\u00fas Moreno<\/strong>, ha se\u00f1alado que \u201ceste festival no solo posiciona a Mula como un destino cultural de primer orden, sino que refleja nuestra apuesta decidida por la m\u00fasica, el talento joven y el arte como motor de desarrollo. Hoy, Mula vuelve a ser el coraz\u00f3n cultural de la Regi\u00f3n\u201d.<\/p>\n<p>La programaci\u00f3n, que se extender\u00e1 hasta el s\u00e1bado 26 de julio, re\u00fane a figuras de renombre internacional como <strong>\u00c0lex Garrob\u00e9<\/strong>, <strong>Fabio Montomoli<\/strong>, <strong>Romilio Orellana<\/strong>, <strong>Anabel Montesinos<\/strong>, <strong>Iulia Lica<\/strong> o <strong>Paolo Besson<\/strong>, en una propuesta que combina conciertos, formaci\u00f3n y reflexi\u00f3n. Entre las actividades destaca la charla-taller \u201cAfinando la mente con las emociones\u201d, a cargo de <strong>Maribel Alcolea<\/strong>, el s\u00e1bado a las 12:00h en el Sal\u00f3n Refectorio del convento.<\/p>\n<p>Uno de los ejes centrales ser\u00e1 el <strong>Concurso Internacional de Guitarra<\/strong>, que re\u00fane a <strong>11 participantes<\/strong> de pa\u00edses como Chile, Colombia, M\u00e9xico, Ucrania, Pa\u00edses Bajos y Espa\u00f1a. El certamen otorga m\u00e1s de <strong>8.000 euros en premios<\/strong>, incluyendo una guitarra artesanal valorada en 5.000\u20ac, diversos conciertos programados en festivales nacionales y becas formativas. La gran final tendr\u00e1 lugar el viernes, con la entrega del <strong>Premio Emocionarte<\/strong> votado por el p\u00fablico.<\/p>\n<p>El concejal de Cultura, <strong>Diego Boluda<\/strong>, ha destacado \u201cel enorme salto cualitativo del festival, que naci\u00f3 con humildad y hoy es un referente imprescindible para m\u00fasicos y aficionados a la guitarra en todo el pa\u00eds\u201d.<\/p>\n<p>El Ayuntamiento de Mula ha trasladado un especial agradecimiento a <strong>Ram\u00f3n Vergara<\/strong> y <strong>Reyes Aznar<\/strong>, director y productora del festival, por su compromiso y excelencia en la organizaci\u00f3n de este evento que ya trasciende fronteras.<\/p>\n<p>&nbsp;<\/p>\n<p>La celebraci\u00f3n del festival es posible gracias a la colaboraci\u00f3n de numerosas entidades, instituciones y empresas. Renuevan su compromiso <strong>Bioespu\u00f1a<\/strong>, <strong>Hotel Rural Molino de Felipe<\/strong>, <strong>Casa Paco<\/strong>, el <strong>Hotel Boutique C\u00edrculo Art\u00edstico 1911<\/strong>, el <strong>Semanario El Noroeste<\/strong>, <strong>Knobloch Strings<\/strong> y <strong>RC Strings<\/strong>.<\/p>\n<p>Tambi\u00e9n respaldan esta edici\u00f3n conservatorios y escuelas de m\u00fasica de prestigio como el <strong>Conservatorio de Montpellier (Francia)<\/strong>, el <strong>Conservatorio Superior de Murcia<\/strong>, el <strong>Liceu de M\u00fasica Ciutat de Mistala de Valencia<\/strong>, conservatorios profesionales de <strong>Cartagena, Caravaca, Lorca, San Javier<\/strong>, y escuelas como <strong>Carmen Montes (Ceheg\u00edn)<\/strong>, <strong>Emocionarte (Archena)<\/strong>, <strong>Asunci\u00f3n Asensio (Alcantarilla)<\/strong> y <strong>Piccolo (Valencia)<\/strong>, entre otras.<\/p>\n<p>Los conciertos contin\u00faan cada noche a las <strong>21:00h en el patio del Convento de San Francisco<\/strong>, reforzando a Mula como un referente cultural estival, capaz de reunir a artistas internacionales y p\u00fablico de todas partes, en torno a la excelencia musical y al patrimonio de la ciudad.<\/p>\n<p><a href=\"https:\/\/mula.es\/web\/wp-content\/uploads\/2025\/07\/1-14-scaled.jpg\"><img decoding=\"async\" data-attachment-id=\"59225\" data-permalink=\"https:\/\/mula.es\/web\/cultura-mula-da-la-bienvenida-al-v-festival-internacional-de-guitarra-cita-clave-en-la-agenda-cultural-regional\/1-323\/\" data-orig-file=\"https:\/\/mula.es\/web\/wp-content\/uploads\/2025\/07\/1-14-scaled.jpg\" data-orig-size=\"2560,1707\" data-comments-opened=\"0\" data-image-meta=\"{&quot;aperture&quot;:&quot;0&quot;,&quot;credit&quot;:&quot;&quot;,&quot;camera&quot;:&quot;&quot;,&quot;caption&quot;:&quot;&quot;,&quot;created_timestamp&quot;:&quot;0&quot;,&quot;copyright&quot;:&quot;&quot;,&quot;focal_length&quot;:&quot;0&quot;,&quot;iso&quot;:&quot;0&quot;,&quot;shutter_speed&quot;:&quot;0&quot;,&quot;title&quot;:&quot;&quot;,&quot;orientation&quot;:&quot;1&quot;}\" data-image-title=\"1\" data-image-description=\"\" data-image-caption=\"\" data-large-file=\"https:\/\/mula.es\/web\/wp-content\/uploads\/2025\/07\/1-14-1024x683.jpg\" class=\"alignnone size-medium wp-image-59225\" src=\"https:\/\/mula.es\/web\/wp-content\/uploads\/2025\/07\/1-14-300x200.jpg\" alt=\"\" width=\"300\" height=\"200\" srcset=\"https:\/\/mula.es\/web\/wp-content\/uploads\/2025\/07\/1-14-200x133.jpg 200w, https:\/\/mula.es\/web\/wp-content\/uploads\/2025\/07\/1-14-300x200.jpg 300w, https:\/\/mula.es\/web\/wp-content\/uploads\/2025\/07\/1-14-400x267.jpg 400w, https:\/\/mula.es\/web\/wp-content\/uploads\/2025\/07\/1-14-600x400.jpg 600w, https:\/\/mula.es\/web\/wp-content\/uploads\/2025\/07\/1-14-768x512.jpg 768w, https:\/\/mula.es\/web\/wp-content\/uploads\/2025\/07\/1-14-800x533.jpg 800w, https:\/\/mula.es\/web\/wp-content\/uploads\/2025\/07\/1-14-1024x683.jpg 1024w, https:\/\/mula.es\/web\/wp-content\/uploads\/2025\/07\/1-14-1200x800.jpg 1200w, https:\/\/mula.es\/web\/wp-content\/uploads\/2025\/07\/1-14-1536x1024.jpg 1536w\" sizes=\"(max-width: 300px) 100vw, 300px\" \/><\/a> <a href=\"https:\/\/mula.es\/web\/wp-content\/uploads\/2025\/07\/2-12-scaled.jpg\"><img decoding=\"async\" data-attachment-id=\"59226\" data-permalink=\"https:\/\/mula.es\/web\/cultura-mula-da-la-bienvenida-al-v-festival-internacional-de-guitarra-cita-clave-en-la-agenda-cultural-regional\/2-302\/\" data-orig-file=\"https:\/\/mula.es\/web\/wp-content\/uploads\/2025\/07\/2-12-scaled.jpg\" data-orig-size=\"2560,1707\" data-comments-opened=\"0\" data-image-meta=\"{&quot;aperture&quot;:&quot;0&quot;,&quot;credit&quot;:&quot;&quot;,&quot;camera&quot;:&quot;&quot;,&quot;caption&quot;:&quot;&quot;,&quot;created_timestamp&quot;:&quot;0&quot;,&quot;copyright&quot;:&quot;&quot;,&quot;focal_length&quot;:&quot;0&quot;,&quot;iso&quot;:&quot;0&quot;,&quot;shutter_speed&quot;:&quot;0&quot;,&quot;title&quot;:&quot;&quot;,&quot;orientation&quot;:&quot;1&quot;}\" data-image-title=\"2\" data-image-description=\"\" data-image-caption=\"\" data-large-file=\"https:\/\/mula.es\/web\/wp-content\/uploads\/2025\/07\/2-12-1024x683.jpg\" class=\"alignnone size-medium wp-image-59226\" src=\"https:\/\/mula.es\/web\/wp-content\/uploads\/2025\/07\/2-12-300x200.jpg\" alt=\"\" width=\"300\" height=\"200\" srcset=\"https:\/\/mula.es\/web\/wp-content\/uploads\/2025\/07\/2-12-200x133.jpg 200w, https:\/\/mula.es\/web\/wp-content\/uploads\/2025\/07\/2-12-300x200.jpg 300w, https:\/\/mula.es\/web\/wp-content\/uploads\/2025\/07\/2-12-400x267.jpg 400w, https:\/\/mula.es\/web\/wp-content\/uploads\/2025\/07\/2-12-600x400.jpg 600w, https:\/\/mula.es\/web\/wp-content\/uploads\/2025\/07\/2-12-768x512.jpg 768w, https:\/\/mula.es\/web\/wp-content\/uploads\/2025\/07\/2-12-800x533.jpg 800w, https:\/\/mula.es\/web\/wp-content\/uploads\/2025\/07\/2-12-1024x683.jpg 1024w, https:\/\/mula.es\/web\/wp-content\/uploads\/2025\/07\/2-12-1200x800.jpg 1200w, https:\/\/mula.es\/web\/wp-content\/uploads\/2025\/07\/2-12-1536x1024.jpg 1536w\" sizes=\"(max-width: 300px) 100vw, 300px\" \/><\/a> <a href=\"https:\/\/mula.es\/web\/wp-content\/uploads\/2025\/07\/3-9-scaled.jpg\"><img decoding=\"async\" data-attachment-id=\"59227\" data-permalink=\"https:\/\/mula.es\/web\/cultura-mula-da-la-bienvenida-al-v-festival-internacional-de-guitarra-cita-clave-en-la-agenda-cultural-regional\/3-261\/\" data-orig-file=\"https:\/\/mula.es\/web\/wp-content\/uploads\/2025\/07\/3-9-scaled.jpg\" data-orig-size=\"2560,1707\" data-comments-opened=\"0\" data-image-meta=\"{&quot;aperture&quot;:&quot;0&quot;,&quot;credit&quot;:&quot;&quot;,&quot;camera&quot;:&quot;&quot;,&quot;caption&quot;:&quot;&quot;,&quot;created_timestamp&quot;:&quot;0&quot;,&quot;copyright&quot;:&quot;&quot;,&quot;focal_length&quot;:&quot;0&quot;,&quot;iso&quot;:&quot;0&quot;,&quot;shutter_speed&quot;:&quot;0&quot;,&quot;title&quot;:&quot;&quot;,&quot;orientation&quot;:&quot;1&quot;}\" data-image-title=\"3\" data-image-description=\"\" data-image-caption=\"\" data-large-file=\"https:\/\/mula.es\/web\/wp-content\/uploads\/2025\/07\/3-9-1024x683.jpg\" class=\"alignnone size-medium wp-image-59227\" src=\"https:\/\/mula.es\/web\/wp-content\/uploads\/2025\/07\/3-9-300x200.jpg\" alt=\"\" width=\"300\" height=\"200\" srcset=\"https:\/\/mula.es\/web\/wp-content\/uploads\/2025\/07\/3-9-200x133.jpg 200w, https:\/\/mula.es\/web\/wp-content\/uploads\/2025\/07\/3-9-300x200.jpg 300w, https:\/\/mula.es\/web\/wp-content\/uploads\/2025\/07\/3-9-400x267.jpg 400w, https:\/\/mula.es\/web\/wp-content\/uploads\/2025\/07\/3-9-600x400.jpg 600w, https:\/\/mula.es\/web\/wp-content\/uploads\/2025\/07\/3-9-768x512.jpg 768w, https:\/\/mula.es\/web\/wp-content\/uploads\/2025\/07\/3-9-800x533.jpg 800w, https:\/\/mula.es\/web\/wp-content\/uploads\/2025\/07\/3-9-1024x683.jpg 1024w, https:\/\/mula.es\/web\/wp-content\/uploads\/2025\/07\/3-9-1200x800.jpg 1200w, https:\/\/mula.es\/web\/wp-content\/uploads\/2025\/07\/3-9-1536x1024.jpg 1536w\" sizes=\"(max-width: 300px) 100vw, 300px\" \/><\/a> <a href=\"https:\/\/mula.es\/web\/wp-content\/uploads\/2025\/07\/4-6-scaled.jpg\"><img decoding=\"async\" data-attachment-id=\"59228\" data-permalink=\"https:\/\/mula.es\/web\/cultura-mula-da-la-bienvenida-al-v-festival-internacional-de-guitarra-cita-clave-en-la-agenda-cultural-regional\/4-190\/\" data-orig-file=\"https:\/\/mula.es\/web\/wp-content\/uploads\/2025\/07\/4-6-scaled.jpg\" data-orig-size=\"2560,1707\" data-comments-opened=\"0\" data-image-meta=\"{&quot;aperture&quot;:&quot;0&quot;,&quot;credit&quot;:&quot;&quot;,&quot;camera&quot;:&quot;&quot;,&quot;caption&quot;:&quot;&quot;,&quot;created_timestamp&quot;:&quot;0&quot;,&quot;copyright&quot;:&quot;&quot;,&quot;focal_length&quot;:&quot;0&quot;,&quot;iso&quot;:&quot;0&quot;,&quot;shutter_speed&quot;:&quot;0&quot;,&quot;title&quot;:&quot;&quot;,&quot;orientation&quot;:&quot;1&quot;}\" data-image-title=\"4\" data-image-description=\"\" data-image-caption=\"\" data-large-file=\"https:\/\/mula.es\/web\/wp-content\/uploads\/2025\/07\/4-6-1024x683.jpg\" class=\"alignnone size-medium wp-image-59228\" src=\"https:\/\/mula.es\/web\/wp-content\/uploads\/2025\/07\/4-6-300x200.jpg\" alt=\"\" width=\"300\" height=\"200\" srcset=\"https:\/\/mula.es\/web\/wp-content\/uploads\/2025\/07\/4-6-200x133.jpg 200w, https:\/\/mula.es\/web\/wp-content\/uploads\/2025\/07\/4-6-300x200.jpg 300w, https:\/\/mula.es\/web\/wp-content\/uploads\/2025\/07\/4-6-400x267.jpg 400w, https:\/\/mula.es\/web\/wp-content\/uploads\/2025\/07\/4-6-600x400.jpg 600w, https:\/\/mula.es\/web\/wp-content\/uploads\/2025\/07\/4-6-768x512.jpg 768w, https:\/\/mula.es\/web\/wp-content\/uploads\/2025\/07\/4-6-800x533.jpg 800w, https:\/\/mula.es\/web\/wp-content\/uploads\/2025\/07\/4-6-1024x683.jpg 1024w, https:\/\/mula.es\/web\/wp-content\/uploads\/2025\/07\/4-6-1200x800.jpg 1200w, https:\/\/mula.es\/web\/wp-content\/uploads\/2025\/07\/4-6-1536x1024.jpg 1536w\" sizes=\"(max-width: 300px) 100vw, 300px\" \/><\/a> <a href=\"https:\/\/mula.es\/web\/wp-content\/uploads\/2025\/07\/5-4-scaled.jpg\"><img decoding=\"async\" data-attachment-id=\"59229\" data-permalink=\"https:\/\/mula.es\/web\/cultura-mula-da-la-bienvenida-al-v-festival-internacional-de-guitarra-cita-clave-en-la-agenda-cultural-regional\/5-140\/\" data-orig-file=\"https:\/\/mula.es\/web\/wp-content\/uploads\/2025\/07\/5-4-scaled.jpg\" data-orig-size=\"2560,1707\" data-comments-opened=\"0\" data-image-meta=\"{&quot;aperture&quot;:&quot;0&quot;,&quot;credit&quot;:&quot;&quot;,&quot;camera&quot;:&quot;&quot;,&quot;caption&quot;:&quot;&quot;,&quot;created_timestamp&quot;:&quot;0&quot;,&quot;copyright&quot;:&quot;&quot;,&quot;focal_length&quot;:&quot;0&quot;,&quot;iso&quot;:&quot;0&quot;,&quot;shutter_speed&quot;:&quot;0&quot;,&quot;title&quot;:&quot;&quot;,&quot;orientation&quot;:&quot;1&quot;}\" data-image-title=\"5\" data-image-description=\"\" data-image-caption=\"\" data-large-file=\"https:\/\/mula.es\/web\/wp-content\/uploads\/2025\/07\/5-4-1024x683.jpg\" class=\"alignnone size-medium wp-image-59229\" src=\"https:\/\/mula.es\/web\/wp-content\/uploads\/2025\/07\/5-4-300x200.jpg\" alt=\"\" width=\"300\" height=\"200\" srcset=\"https:\/\/mula.es\/web\/wp-content\/uploads\/2025\/07\/5-4-200x133.jpg 200w, https:\/\/mula.es\/web\/wp-content\/uploads\/2025\/07\/5-4-300x200.jpg 300w, https:\/\/mula.es\/web\/wp-content\/uploads\/2025\/07\/5-4-400x267.jpg 400w, https:\/\/mula.es\/web\/wp-content\/uploads\/2025\/07\/5-4-600x400.jpg 600w, https:\/\/mula.es\/web\/wp-content\/uploads\/2025\/07\/5-4-768x512.jpg 768w, https:\/\/mula.es\/web\/wp-content\/uploads\/2025\/07\/5-4-800x533.jpg 800w, https:\/\/mula.es\/web\/wp-content\/uploads\/2025\/07\/5-4-1024x683.jpg 1024w, https:\/\/mula.es\/web\/wp-content\/uploads\/2025\/07\/5-4-1200x800.jpg 1200w, https:\/\/mula.es\/web\/wp-content\/uploads\/2025\/07\/5-4-1536x1024.jpg 1536w\" sizes=\"(max-width: 300px) 100vw, 300px\" \/><\/a> <a href=\"https:\/\/mula.es\/web\/wp-content\/uploads\/2025\/07\/6-scaled.jpg\"><img decoding=\"async\" data-attachment-id=\"59230\" data-permalink=\"https:\/\/mula.es\/web\/cultura-mula-da-la-bienvenida-al-v-festival-internacional-de-guitarra-cita-clave-en-la-agenda-cultural-regional\/6-91\/\" data-orig-file=\"https:\/\/mula.es\/web\/wp-content\/uploads\/2025\/07\/6-scaled.jpg\" data-orig-size=\"2560,1707\" data-comments-opened=\"0\" data-image-meta=\"{&quot;aperture&quot;:&quot;0&quot;,&quot;credit&quot;:&quot;&quot;,&quot;camera&quot;:&quot;&quot;,&quot;caption&quot;:&quot;&quot;,&quot;created_timestamp&quot;:&quot;0&quot;,&quot;copyright&quot;:&quot;&quot;,&quot;focal_length&quot;:&quot;0&quot;,&quot;iso&quot;:&quot;0&quot;,&quot;shutter_speed&quot;:&quot;0&quot;,&quot;title&quot;:&quot;&quot;,&quot;orientation&quot;:&quot;1&quot;}\" data-image-title=\"6\" data-image-description=\"\" data-image-caption=\"\" data-large-file=\"https:\/\/mula.es\/web\/wp-content\/uploads\/2025\/07\/6-1024x683.jpg\" class=\"alignnone size-medium wp-image-59230\" src=\"https:\/\/mula.es\/web\/wp-content\/uploads\/2025\/07\/6-300x200.jpg\" alt=\"\" width=\"300\" height=\"200\" srcset=\"https:\/\/mula.es\/web\/wp-content\/uploads\/2025\/07\/6-200x133.jpg 200w, https:\/\/mula.es\/web\/wp-content\/uploads\/2025\/07\/6-300x200.jpg 300w, https:\/\/mula.es\/web\/wp-content\/uploads\/2025\/07\/6-400x267.jpg 400w, https:\/\/mula.es\/web\/wp-content\/uploads\/2025\/07\/6-600x400.jpg 600w, https:\/\/mula.es\/web\/wp-content\/uploads\/2025\/07\/6-768x512.jpg 768w, https:\/\/mula.es\/web\/wp-content\/uploads\/2025\/07\/6-800x533.jpg 800w, https:\/\/mula.es\/web\/wp-content\/uploads\/2025\/07\/6-1024x683.jpg 1024w, https:\/\/mula.es\/web\/wp-content\/uploads\/2025\/07\/6-1200x800.jpg 1200w, https:\/\/mula.es\/web\/wp-content\/uploads\/2025\/07\/6-1536x1024.jpg 1536w\" sizes=\"(max-width: 300px) 100vw, 300px\" \/><\/a> <a href=\"https:\/\/mula.es\/web\/wp-content\/uploads\/2025\/07\/7-1-scaled.jpg\"><img decoding=\"async\" data-attachment-id=\"59231\" data-permalink=\"https:\/\/mula.es\/web\/cultura-mula-da-la-bienvenida-al-v-festival-internacional-de-guitarra-cita-clave-en-la-agenda-cultural-regional\/7-75\/\" data-orig-file=\"https:\/\/mula.es\/web\/wp-content\/uploads\/2025\/07\/7-1-scaled.jpg\" data-orig-size=\"2560,1707\" data-comments-opened=\"0\" data-image-meta=\"{&quot;aperture&quot;:&quot;0&quot;,&quot;credit&quot;:&quot;&quot;,&quot;camera&quot;:&quot;&quot;,&quot;caption&quot;:&quot;&quot;,&quot;created_timestamp&quot;:&quot;0&quot;,&quot;copyright&quot;:&quot;&quot;,&quot;focal_length&quot;:&quot;0&quot;,&quot;iso&quot;:&quot;0&quot;,&quot;shutter_speed&quot;:&quot;0&quot;,&quot;title&quot;:&quot;&quot;,&quot;orientation&quot;:&quot;1&quot;}\" data-image-title=\"7\" data-image-description=\"\" data-image-caption=\"\" data-large-file=\"https:\/\/mula.es\/web\/wp-content\/uploads\/2025\/07\/7-1-1024x683.jpg\" class=\"alignnone size-medium wp-image-59231\" src=\"https:\/\/mula.es\/web\/wp-content\/uploads\/2025\/07\/7-1-300x200.jpg\" alt=\"\" width=\"300\" height=\"200\" srcset=\"https:\/\/mula.es\/web\/wp-content\/uploads\/2025\/07\/7-1-200x133.jpg 200w, https:\/\/mula.es\/web\/wp-content\/uploads\/2025\/07\/7-1-300x200.jpg 300w, https:\/\/mula.es\/web\/wp-content\/uploads\/2025\/07\/7-1-400x267.jpg 400w, https:\/\/mula.es\/web\/wp-content\/uploads\/2025\/07\/7-1-600x400.jpg 600w, https:\/\/mula.es\/web\/wp-content\/uploads\/2025\/07\/7-1-768x512.jpg 768w, https:\/\/mula.es\/web\/wp-content\/uploads\/2025\/07\/7-1-800x533.jpg 800w, https:\/\/mula.es\/web\/wp-content\/uploads\/2025\/07\/7-1-1024x683.jpg 1024w, https:\/\/mula.es\/web\/wp-content\/uploads\/2025\/07\/7-1-1200x800.jpg 1200w, https:\/\/mula.es\/web\/wp-content\/uploads\/2025\/07\/7-1-1536x1024.jpg 1536w\" sizes=\"(max-width: 300px) 100vw, 300px\" \/><\/a> <a href=\"https:\/\/mula.es\/web\/wp-content\/uploads\/2025\/07\/8-1-scaled.jpg\"><img decoding=\"async\" data-attachment-id=\"59232\" data-permalink=\"https:\/\/mula.es\/web\/cultura-mula-da-la-bienvenida-al-v-festival-internacional-de-guitarra-cita-clave-en-la-agenda-cultural-regional\/8-57\/\" data-orig-file=\"https:\/\/mula.es\/web\/wp-content\/uploads\/2025\/07\/8-1-scaled.jpg\" data-orig-size=\"2560,1707\" data-comments-opened=\"0\" data-image-meta=\"{&quot;aperture&quot;:&quot;0&quot;,&quot;credit&quot;:&quot;&quot;,&quot;camera&quot;:&quot;&quot;,&quot;caption&quot;:&quot;&quot;,&quot;created_timestamp&quot;:&quot;0&quot;,&quot;copyright&quot;:&quot;&quot;,&quot;focal_length&quot;:&quot;0&quot;,&quot;iso&quot;:&quot;0&quot;,&quot;shutter_speed&quot;:&quot;0&quot;,&quot;title&quot;:&quot;&quot;,&quot;orientation&quot;:&quot;1&quot;}\" data-image-title=\"8\" data-image-description=\"\" data-image-caption=\"\" data-large-file=\"https:\/\/mula.es\/web\/wp-content\/uploads\/2025\/07\/8-1-1024x683.jpg\" class=\"alignnone size-medium wp-image-59232\" src=\"https:\/\/mula.es\/web\/wp-content\/uploads\/2025\/07\/8-1-300x200.jpg\" alt=\"\" width=\"300\" height=\"200\" srcset=\"https:\/\/mula.es\/web\/wp-content\/uploads\/2025\/07\/8-1-200x133.jpg 200w, https:\/\/mula.es\/web\/wp-content\/uploads\/2025\/07\/8-1-300x200.jpg 300w, https:\/\/mula.es\/web\/wp-content\/uploads\/2025\/07\/8-1-400x267.jpg 400w, https:\/\/mula.es\/web\/wp-content\/uploads\/2025\/07\/8-1-600x400.jpg 600w, https:\/\/mula.es\/web\/wp-content\/uploads\/2025\/07\/8-1-768x512.jpg 768w, https:\/\/mula.es\/web\/wp-content\/uploads\/2025\/07\/8-1-800x533.jpg 800w, https:\/\/mula.es\/web\/wp-content\/uploads\/2025\/07\/8-1-1024x683.jpg 1024w, https:\/\/mula.es\/web\/wp-content\/uploads\/2025\/07\/8-1-1200x800.jpg 1200w, https:\/\/mula.es\/web\/wp-content\/uploads\/2025\/07\/8-1-1536x1024.jpg 1536w\" sizes=\"(max-width: 300px) 100vw, 300px\" \/><\/a> <a href=\"https:\/\/mula.es\/web\/wp-content\/uploads\/2025\/07\/9-scaled.jpg\"><img decoding=\"async\" data-attachment-id=\"59233\" data-permalink=\"https:\/\/mula.es\/web\/cultura-mula-da-la-bienvenida-al-v-festival-internacional-de-guitarra-cita-clave-en-la-agenda-cultural-regional\/9-34\/\" data-orig-file=\"https:\/\/mula.es\/web\/wp-content\/uploads\/2025\/07\/9-scaled.jpg\" data-orig-size=\"2560,1707\" data-comments-opened=\"0\" data-image-meta=\"{&quot;aperture&quot;:&quot;0&quot;,&quot;credit&quot;:&quot;&quot;,&quot;camera&quot;:&quot;&quot;,&quot;caption&quot;:&quot;&quot;,&quot;created_timestamp&quot;:&quot;0&quot;,&quot;copyright&quot;:&quot;&quot;,&quot;focal_length&quot;:&quot;0&quot;,&quot;iso&quot;:&quot;0&quot;,&quot;shutter_speed&quot;:&quot;0&quot;,&quot;title&quot;:&quot;&quot;,&quot;orientation&quot;:&quot;1&quot;}\" data-image-title=\"9\" data-image-description=\"\" data-image-caption=\"\" data-large-file=\"https:\/\/mula.es\/web\/wp-content\/uploads\/2025\/07\/9-1024x683.jpg\" class=\"alignnone size-medium wp-image-59233\" src=\"https:\/\/mula.es\/web\/wp-content\/uploads\/2025\/07\/9-300x200.jpg\" alt=\"\" width=\"300\" height=\"200\" srcset=\"https:\/\/mula.es\/web\/wp-content\/uploads\/2025\/07\/9-200x133.jpg 200w, https:\/\/mula.es\/web\/wp-content\/uploads\/2025\/07\/9-300x200.jpg 300w, https:\/\/mula.es\/web\/wp-content\/uploads\/2025\/07\/9-400x267.jpg 400w, https:\/\/mula.es\/web\/wp-content\/uploads\/2025\/07\/9-600x400.jpg 600w, https:\/\/mula.es\/web\/wp-content\/uploads\/2025\/07\/9-768x512.jpg 768w, https:\/\/mula.es\/web\/wp-content\/uploads\/2025\/07\/9-800x533.jpg 800w, https:\/\/mula.es\/web\/wp-content\/uploads\/2025\/07\/9-1024x683.jpg 1024w, https:\/\/mula.es\/web\/wp-content\/uploads\/2025\/07\/9-1200x800.jpg 1200w, https:\/\/mula.es\/web\/wp-content\/uploads\/2025\/07\/9-1536x1024.jpg 1536w\" sizes=\"(max-width: 300px) 100vw, 300px\" \/><\/a> <a href=\"https:\/\/mula.es\/web\/wp-content\/uploads\/2025\/07\/10-scaled.jpg\"><img decoding=\"async\" data-attachment-id=\"59234\" data-permalink=\"https:\/\/mula.es\/web\/cultura-mula-da-la-bienvenida-al-v-festival-internacional-de-guitarra-cita-clave-en-la-agenda-cultural-regional\/10-27\/\" data-orig-file=\"https:\/\/mula.es\/web\/wp-content\/uploads\/2025\/07\/10-scaled.jpg\" data-orig-size=\"2560,1707\" data-comments-opened=\"0\" data-image-meta=\"{&quot;aperture&quot;:&quot;0&quot;,&quot;credit&quot;:&quot;&quot;,&quot;camera&quot;:&quot;&quot;,&quot;caption&quot;:&quot;&quot;,&quot;created_timestamp&quot;:&quot;0&quot;,&quot;copyright&quot;:&quot;&quot;,&quot;focal_length&quot;:&quot;0&quot;,&quot;iso&quot;:&quot;0&quot;,&quot;shutter_speed&quot;:&quot;0&quot;,&quot;title&quot;:&quot;&quot;,&quot;orientation&quot;:&quot;1&quot;}\" data-image-title=\"10\" data-image-description=\"\" data-image-caption=\"\" data-large-file=\"https:\/\/mula.es\/web\/wp-content\/uploads\/2025\/07\/10-1024x683.jpg\" class=\"alignnone size-medium wp-image-59234\" src=\"https:\/\/mula.es\/web\/wp-content\/uploads\/2025\/07\/10-300x200.jpg\" alt=\"\" width=\"300\" height=\"200\" srcset=\"https:\/\/mula.es\/web\/wp-content\/uploads\/2025\/07\/10-200x133.jpg 200w, https:\/\/mula.es\/web\/wp-content\/uploads\/2025\/07\/10-300x200.jpg 300w, https:\/\/mula.es\/web\/wp-content\/uploads\/2025\/07\/10-400x267.jpg 400w, https:\/\/mula.es\/web\/wp-content\/uploads\/2025\/07\/10-600x400.jpg 600w, https:\/\/mula.es\/web\/wp-content\/uploads\/2025\/07\/10-768x512.jpg 768w, https:\/\/mula.es\/web\/wp-content\/uploads\/2025\/07\/10-800x533.jpg 800w, https:\/\/mula.es\/web\/wp-content\/uploads\/2025\/07\/10-1024x683.jpg 1024w, https:\/\/mula.es\/web\/wp-content\/uploads\/2025\/07\/10-1200x800.jpg 1200w, https:\/\/mula.es\/web\/wp-content\/uploads\/2025\/07\/10-1536x1024.jpg 1536w\" sizes=\"(max-width: 300px) 100vw, 300px\" \/><\/a><\/p>\n<p>&nbsp;<\/p>\n","protected":false},"excerpt":{"rendered":"<p>NOTA DE PRENSA &#8211; 22 DE JULIO DE 2025 \u00a0 \u00a0 Mula da la bienvenida al V Festival Internacional de Guitarra, cita clave en la agenda cultural regional &nbsp; El patio del Convento de San Francisco ha acogido esta noche la apertura oficial del V Festival Internacional de Guitarra \u201cCiudad de Mula\u201d, una cita que  [&#8230;]<\/p>\n","protected":false},"author":13,"featured_media":33512,"comment_status":"closed","ping_status":"closed","sticky":false,"template":"","format":"standard","meta":{"jetpack_post_was_ever_published":false,"_jetpack_newsletter_access":"","_jetpack_dont_email_post_to_subs":false,"_jetpack_newsletter_tier_id":0,"_jetpack_memberships_contains_paywalled_content":false,"_jetpack_memberships_contains_paid_content":false,"footnotes":"","jetpack_publicize_message":"","jetpack_publicize_feature_enabled":true,"jetpack_social_post_already_shared":true,"jetpack_social_options":{"image_generator_settings":{"template":"highway","default_image_id":0,"font":"","enabled":false},"version":2}},"categories":[97],"tags":[],"class_list":["post-59224","post","type-post","status-publish","format-standard","has-post-thumbnail","hentry","category-cultura"],"yoast_head":"<!-- This site is optimized with the Yoast SEO plugin v27.4 - https:\/\/yoast.com\/product\/yoast-seo-wordpress\/ -->\n<title>CULTURA | Mula da la bienvenida al V Festival Internacional de Guitarra, cita clave en la agenda cultural regional - Ayuntamiento de Mula<\/title>\n<meta name=\"robots\" content=\"index, follow, max-snippet:-1, max-image-preview:large, max-video-preview:-1\" \/>\n<link rel=\"canonical\" href=\"https:\/\/mula.es\/web\/cultura-mula-da-la-bienvenida-al-v-festival-internacional-de-guitarra-cita-clave-en-la-agenda-cultural-regional\/\" \/>\n<meta property=\"og:locale\" content=\"es_ES\" \/>\n<meta property=\"og:type\" content=\"article\" \/>\n<meta property=\"og:title\" content=\"CULTURA | Mula da la bienvenida al V Festival Internacional de Guitarra, cita clave en la agenda cultural regional - Ayuntamiento de Mula\" \/>\n<meta property=\"og:description\" content=\"NOTA DE PRENSA &#8211; 22 DE JULIO DE 2025 \u00a0 \u00a0 Mula da la bienvenida al V Festival Internacional de Guitarra, cita clave en la agenda cultural regional &nbsp; El patio del Convento de San Francisco ha acogido esta noche la apertura oficial del V Festival Internacional de Guitarra \u201cCiudad de Mula\u201d, una cita que [...]\" \/>\n<meta property=\"og:url\" content=\"https:\/\/mula.es\/web\/cultura-mula-da-la-bienvenida-al-v-festival-internacional-de-guitarra-cita-clave-en-la-agenda-cultural-regional\/\" \/>\n<meta property=\"og:site_name\" content=\"Ayuntamiento de Mula\" \/>\n<meta property=\"article:published_time\" content=\"2025-07-22T21:21:37+00:00\" \/>\n<meta property=\"og:image\" content=\"https:\/\/mula.es\/web\/wp-content\/uploads\/2020\/06\/escudo-cuadrado-e1591045058235.jpg\" \/>\n\t<meta property=\"og:image:width\" content=\"200\" \/>\n\t<meta property=\"og:image:height\" content=\"218\" \/>\n\t<meta property=\"og:image:type\" content=\"image\/jpeg\" \/>\n<meta name=\"author\" content=\"Laura Salas Orcajada\" \/>\n<meta name=\"twitter:card\" content=\"summary_large_image\" \/>\n<meta name=\"twitter:creator\" content=\"@AyuntamientMula\" \/>\n<meta name=\"twitter:site\" content=\"@AyuntamientMula\" \/>\n<meta name=\"twitter:label1\" content=\"Escrito por\" \/>\n\t<meta name=\"twitter:data1\" content=\"Laura Salas Orcajada\" \/>\n\t<meta name=\"twitter:label2\" content=\"Tiempo de lectura\" \/>\n\t<meta name=\"twitter:data2\" content=\"4 minutos\" \/>\n<script type=\"application\/ld+json\" class=\"yoast-schema-graph\">{\"@context\":\"https:\\\/\\\/schema.org\",\"@graph\":[{\"@type\":\"Article\",\"@id\":\"https:\\\/\\\/mula.es\\\/web\\\/cultura-mula-da-la-bienvenida-al-v-festival-internacional-de-guitarra-cita-clave-en-la-agenda-cultural-regional\\\/#article\",\"isPartOf\":{\"@id\":\"https:\\\/\\\/mula.es\\\/web\\\/cultura-mula-da-la-bienvenida-al-v-festival-internacional-de-guitarra-cita-clave-en-la-agenda-cultural-regional\\\/\"},\"author\":{\"name\":\"Laura Salas Orcajada\",\"@id\":\"https:\\\/\\\/mula.es\\\/web\\\/#\\\/schema\\\/person\\\/4f10179bd364f40dceed361e61e4033f\"},\"headline\":\"CULTURA | Mula da la bienvenida al V Festival Internacional de Guitarra, cita clave en la agenda cultural regional\",\"datePublished\":\"2025-07-22T21:21:37+00:00\",\"mainEntityOfPage\":{\"@id\":\"https:\\\/\\\/mula.es\\\/web\\\/cultura-mula-da-la-bienvenida-al-v-festival-internacional-de-guitarra-cita-clave-en-la-agenda-cultural-regional\\\/\"},\"wordCount\":533,\"image\":{\"@id\":\"https:\\\/\\\/mula.es\\\/web\\\/cultura-mula-da-la-bienvenida-al-v-festival-internacional-de-guitarra-cita-clave-en-la-agenda-cultural-regional\\\/#primaryimage\"},\"thumbnailUrl\":\"https:\\\/\\\/mula.es\\\/web\\\/wp-content\\\/uploads\\\/2020\\\/06\\\/escudo-cuadrado-e1591045058235.jpg\",\"articleSection\":[\"cultura\"],\"inLanguage\":\"es\"},{\"@type\":\"WebPage\",\"@id\":\"https:\\\/\\\/mula.es\\\/web\\\/cultura-mula-da-la-bienvenida-al-v-festival-internacional-de-guitarra-cita-clave-en-la-agenda-cultural-regional\\\/\",\"url\":\"https:\\\/\\\/mula.es\\\/web\\\/cultura-mula-da-la-bienvenida-al-v-festival-internacional-de-guitarra-cita-clave-en-la-agenda-cultural-regional\\\/\",\"name\":\"CULTURA | Mula da la bienvenida al V Festival Internacional de Guitarra, cita clave en la agenda cultural regional - Ayuntamiento de Mula\",\"isPartOf\":{\"@id\":\"https:\\\/\\\/mula.es\\\/web\\\/#website\"},\"primaryImageOfPage\":{\"@id\":\"https:\\\/\\\/mula.es\\\/web\\\/cultura-mula-da-la-bienvenida-al-v-festival-internacional-de-guitarra-cita-clave-en-la-agenda-cultural-regional\\\/#primaryimage\"},\"image\":{\"@id\":\"https:\\\/\\\/mula.es\\\/web\\\/cultura-mula-da-la-bienvenida-al-v-festival-internacional-de-guitarra-cita-clave-en-la-agenda-cultural-regional\\\/#primaryimage\"},\"thumbnailUrl\":\"https:\\\/\\\/mula.es\\\/web\\\/wp-content\\\/uploads\\\/2020\\\/06\\\/escudo-cuadrado-e1591045058235.jpg\",\"datePublished\":\"2025-07-22T21:21:37+00:00\",\"author\":{\"@id\":\"https:\\\/\\\/mula.es\\\/web\\\/#\\\/schema\\\/person\\\/4f10179bd364f40dceed361e61e4033f\"},\"breadcrumb\":{\"@id\":\"https:\\\/\\\/mula.es\\\/web\\\/cultura-mula-da-la-bienvenida-al-v-festival-internacional-de-guitarra-cita-clave-en-la-agenda-cultural-regional\\\/#breadcrumb\"},\"inLanguage\":\"es\",\"potentialAction\":[{\"@type\":\"ReadAction\",\"target\":[\"https:\\\/\\\/mula.es\\\/web\\\/cultura-mula-da-la-bienvenida-al-v-festival-internacional-de-guitarra-cita-clave-en-la-agenda-cultural-regional\\\/\"]}]},{\"@type\":\"ImageObject\",\"inLanguage\":\"es\",\"@id\":\"https:\\\/\\\/mula.es\\\/web\\\/cultura-mula-da-la-bienvenida-al-v-festival-internacional-de-guitarra-cita-clave-en-la-agenda-cultural-regional\\\/#primaryimage\",\"url\":\"https:\\\/\\\/mula.es\\\/web\\\/wp-content\\\/uploads\\\/2020\\\/06\\\/escudo-cuadrado-e1591045058235.jpg\",\"contentUrl\":\"https:\\\/\\\/mula.es\\\/web\\\/wp-content\\\/uploads\\\/2020\\\/06\\\/escudo-cuadrado-e1591045058235.jpg\",\"width\":200,\"height\":218},{\"@type\":\"BreadcrumbList\",\"@id\":\"https:\\\/\\\/mula.es\\\/web\\\/cultura-mula-da-la-bienvenida-al-v-festival-internacional-de-guitarra-cita-clave-en-la-agenda-cultural-regional\\\/#breadcrumb\",\"itemListElement\":[{\"@type\":\"ListItem\",\"position\":1,\"name\":\"Portada\",\"item\":\"https:\\\/\\\/mula.es\\\/web\\\/\"},{\"@type\":\"ListItem\",\"position\":2,\"name\":\"CULTURA | Mula da la bienvenida al V Festival Internacional de Guitarra, cita clave en la agenda cultural regional\"}]},{\"@type\":\"WebSite\",\"@id\":\"https:\\\/\\\/mula.es\\\/web\\\/#website\",\"url\":\"https:\\\/\\\/mula.es\\\/web\\\/\",\"name\":\"Ayuntamiento de Mula\",\"description\":\"P\u00e1gina web del Ayuntamiento de Mula (Regi\u00f3n de Murcia)\",\"potentialAction\":[{\"@type\":\"SearchAction\",\"target\":{\"@type\":\"EntryPoint\",\"urlTemplate\":\"https:\\\/\\\/mula.es\\\/web\\\/?s={search_term_string}\"},\"query-input\":{\"@type\":\"PropertyValueSpecification\",\"valueRequired\":true,\"valueName\":\"search_term_string\"}}],\"inLanguage\":\"es\"},{\"@type\":\"Person\",\"@id\":\"https:\\\/\\\/mula.es\\\/web\\\/#\\\/schema\\\/person\\\/4f10179bd364f40dceed361e61e4033f\",\"name\":\"Laura Salas Orcajada\",\"image\":{\"@type\":\"ImageObject\",\"inLanguage\":\"es\",\"@id\":\"https:\\\/\\\/secure.gravatar.com\\\/avatar\\\/786f2a223d9a455e2a448f78b5dcc1117207ef56ef3d9a04df338c0f775cd403?s=96&d=mm&r=g\",\"url\":\"https:\\\/\\\/secure.gravatar.com\\\/avatar\\\/786f2a223d9a455e2a448f78b5dcc1117207ef56ef3d9a04df338c0f775cd403?s=96&d=mm&r=g\",\"contentUrl\":\"https:\\\/\\\/secure.gravatar.com\\\/avatar\\\/786f2a223d9a455e2a448f78b5dcc1117207ef56ef3d9a04df338c0f775cd403?s=96&d=mm&r=g\",\"caption\":\"Laura Salas Orcajada\"},\"url\":\"https:\\\/\\\/mula.es\\\/web\\\/author\\\/lsalas\\\/\"}]}<\/script>\n<!-- \/ Yoast SEO plugin. -->","yoast_head_json":{"title":"CULTURA | Mula da la bienvenida al V Festival Internacional de Guitarra, cita clave en la agenda cultural regional - Ayuntamiento de Mula","robots":{"index":"index","follow":"follow","max-snippet":"max-snippet:-1","max-image-preview":"max-image-preview:large","max-video-preview":"max-video-preview:-1"},"canonical":"https:\/\/mula.es\/web\/cultura-mula-da-la-bienvenida-al-v-festival-internacional-de-guitarra-cita-clave-en-la-agenda-cultural-regional\/","og_locale":"es_ES","og_type":"article","og_title":"CULTURA | Mula da la bienvenida al V Festival Internacional de Guitarra, cita clave en la agenda cultural regional - Ayuntamiento de Mula","og_description":"NOTA DE PRENSA &#8211; 22 DE JULIO DE 2025 \u00a0 \u00a0 Mula da la bienvenida al V Festival Internacional de Guitarra, cita clave en la agenda cultural regional &nbsp; El patio del Convento de San Francisco ha acogido esta noche la apertura oficial del V Festival Internacional de Guitarra \u201cCiudad de Mula\u201d, una cita que [...]","og_url":"https:\/\/mula.es\/web\/cultura-mula-da-la-bienvenida-al-v-festival-internacional-de-guitarra-cita-clave-en-la-agenda-cultural-regional\/","og_site_name":"Ayuntamiento de Mula","article_published_time":"2025-07-22T21:21:37+00:00","og_image":[{"width":200,"height":218,"url":"https:\/\/mula.es\/web\/wp-content\/uploads\/2020\/06\/escudo-cuadrado-e1591045058235.jpg","type":"image\/jpeg"}],"author":"Laura Salas Orcajada","twitter_card":"summary_large_image","twitter_creator":"@AyuntamientMula","twitter_site":"@AyuntamientMula","twitter_misc":{"Escrito por":"Laura Salas Orcajada","Tiempo de lectura":"4 minutos"},"schema":{"@context":"https:\/\/schema.org","@graph":[{"@type":"Article","@id":"https:\/\/mula.es\/web\/cultura-mula-da-la-bienvenida-al-v-festival-internacional-de-guitarra-cita-clave-en-la-agenda-cultural-regional\/#article","isPartOf":{"@id":"https:\/\/mula.es\/web\/cultura-mula-da-la-bienvenida-al-v-festival-internacional-de-guitarra-cita-clave-en-la-agenda-cultural-regional\/"},"author":{"name":"Laura Salas Orcajada","@id":"https:\/\/mula.es\/web\/#\/schema\/person\/4f10179bd364f40dceed361e61e4033f"},"headline":"CULTURA | Mula da la bienvenida al V Festival Internacional de Guitarra, cita clave en la agenda cultural regional","datePublished":"2025-07-22T21:21:37+00:00","mainEntityOfPage":{"@id":"https:\/\/mula.es\/web\/cultura-mula-da-la-bienvenida-al-v-festival-internacional-de-guitarra-cita-clave-en-la-agenda-cultural-regional\/"},"wordCount":533,"image":{"@id":"https:\/\/mula.es\/web\/cultura-mula-da-la-bienvenida-al-v-festival-internacional-de-guitarra-cita-clave-en-la-agenda-cultural-regional\/#primaryimage"},"thumbnailUrl":"https:\/\/mula.es\/web\/wp-content\/uploads\/2020\/06\/escudo-cuadrado-e1591045058235.jpg","articleSection":["cultura"],"inLanguage":"es"},{"@type":"WebPage","@id":"https:\/\/mula.es\/web\/cultura-mula-da-la-bienvenida-al-v-festival-internacional-de-guitarra-cita-clave-en-la-agenda-cultural-regional\/","url":"https:\/\/mula.es\/web\/cultura-mula-da-la-bienvenida-al-v-festival-internacional-de-guitarra-cita-clave-en-la-agenda-cultural-regional\/","name":"CULTURA | Mula da la bienvenida al V Festival Internacional de Guitarra, cita clave en la agenda cultural regional - Ayuntamiento de Mula","isPartOf":{"@id":"https:\/\/mula.es\/web\/#website"},"primaryImageOfPage":{"@id":"https:\/\/mula.es\/web\/cultura-mula-da-la-bienvenida-al-v-festival-internacional-de-guitarra-cita-clave-en-la-agenda-cultural-regional\/#primaryimage"},"image":{"@id":"https:\/\/mula.es\/web\/cultura-mula-da-la-bienvenida-al-v-festival-internacional-de-guitarra-cita-clave-en-la-agenda-cultural-regional\/#primaryimage"},"thumbnailUrl":"https:\/\/mula.es\/web\/wp-content\/uploads\/2020\/06\/escudo-cuadrado-e1591045058235.jpg","datePublished":"2025-07-22T21:21:37+00:00","author":{"@id":"https:\/\/mula.es\/web\/#\/schema\/person\/4f10179bd364f40dceed361e61e4033f"},"breadcrumb":{"@id":"https:\/\/mula.es\/web\/cultura-mula-da-la-bienvenida-al-v-festival-internacional-de-guitarra-cita-clave-en-la-agenda-cultural-regional\/#breadcrumb"},"inLanguage":"es","potentialAction":[{"@type":"ReadAction","target":["https:\/\/mula.es\/web\/cultura-mula-da-la-bienvenida-al-v-festival-internacional-de-guitarra-cita-clave-en-la-agenda-cultural-regional\/"]}]},{"@type":"ImageObject","inLanguage":"es","@id":"https:\/\/mula.es\/web\/cultura-mula-da-la-bienvenida-al-v-festival-internacional-de-guitarra-cita-clave-en-la-agenda-cultural-regional\/#primaryimage","url":"https:\/\/mula.es\/web\/wp-content\/uploads\/2020\/06\/escudo-cuadrado-e1591045058235.jpg","contentUrl":"https:\/\/mula.es\/web\/wp-content\/uploads\/2020\/06\/escudo-cuadrado-e1591045058235.jpg","width":200,"height":218},{"@type":"BreadcrumbList","@id":"https:\/\/mula.es\/web\/cultura-mula-da-la-bienvenida-al-v-festival-internacional-de-guitarra-cita-clave-en-la-agenda-cultural-regional\/#breadcrumb","itemListElement":[{"@type":"ListItem","position":1,"name":"Portada","item":"https:\/\/mula.es\/web\/"},{"@type":"ListItem","position":2,"name":"CULTURA | Mula da la bienvenida al V Festival Internacional de Guitarra, cita clave en la agenda cultural regional"}]},{"@type":"WebSite","@id":"https:\/\/mula.es\/web\/#website","url":"https:\/\/mula.es\/web\/","name":"Ayuntamiento de Mula","description":"P\u00e1gina web del Ayuntamiento de Mula (Regi\u00f3n de Murcia)","potentialAction":[{"@type":"SearchAction","target":{"@type":"EntryPoint","urlTemplate":"https:\/\/mula.es\/web\/?s={search_term_string}"},"query-input":{"@type":"PropertyValueSpecification","valueRequired":true,"valueName":"search_term_string"}}],"inLanguage":"es"},{"@type":"Person","@id":"https:\/\/mula.es\/web\/#\/schema\/person\/4f10179bd364f40dceed361e61e4033f","name":"Laura Salas Orcajada","image":{"@type":"ImageObject","inLanguage":"es","@id":"https:\/\/secure.gravatar.com\/avatar\/786f2a223d9a455e2a448f78b5dcc1117207ef56ef3d9a04df338c0f775cd403?s=96&d=mm&r=g","url":"https:\/\/secure.gravatar.com\/avatar\/786f2a223d9a455e2a448f78b5dcc1117207ef56ef3d9a04df338c0f775cd403?s=96&d=mm&r=g","contentUrl":"https:\/\/secure.gravatar.com\/avatar\/786f2a223d9a455e2a448f78b5dcc1117207ef56ef3d9a04df338c0f775cd403?s=96&d=mm&r=g","caption":"Laura Salas Orcajada"},"url":"https:\/\/mula.es\/web\/author\/lsalas\/"}]}},"jetpack_publicize_connections":[],"jetpack_featured_media_url":"https:\/\/mula.es\/web\/wp-content\/uploads\/2020\/06\/escudo-cuadrado-e1591045058235.jpg","jetpack_sharing_enabled":true,"jetpack_shortlink":"https:\/\/wp.me\/pa9DMY-fpe","jetpack-related-posts":[],"_links":{"self":[{"href":"https:\/\/mula.es\/web\/wp-json\/wp\/v2\/posts\/59224","targetHints":{"allow":["GET"]}}],"collection":[{"href":"https:\/\/mula.es\/web\/wp-json\/wp\/v2\/posts"}],"about":[{"href":"https:\/\/mula.es\/web\/wp-json\/wp\/v2\/types\/post"}],"author":[{"embeddable":true,"href":"https:\/\/mula.es\/web\/wp-json\/wp\/v2\/users\/13"}],"replies":[{"embeddable":true,"href":"https:\/\/mula.es\/web\/wp-json\/wp\/v2\/comments?post=59224"}],"version-history":[{"count":1,"href":"https:\/\/mula.es\/web\/wp-json\/wp\/v2\/posts\/59224\/revisions"}],"predecessor-version":[{"id":59235,"href":"https:\/\/mula.es\/web\/wp-json\/wp\/v2\/posts\/59224\/revisions\/59235"}],"wp:featuredmedia":[{"embeddable":true,"href":"https:\/\/mula.es\/web\/wp-json\/wp\/v2\/media\/33512"}],"wp:attachment":[{"href":"https:\/\/mula.es\/web\/wp-json\/wp\/v2\/media?parent=59224"}],"wp:term":[{"taxonomy":"category","embeddable":true,"href":"https:\/\/mula.es\/web\/wp-json\/wp\/v2\/categories?post=59224"},{"taxonomy":"post_tag","embeddable":true,"href":"https:\/\/mula.es\/web\/wp-json\/wp\/v2\/tags?post=59224"}],"curies":[{"name":"wp","href":"https:\/\/api.w.org\/{rel}","templated":true}]}}